{"id":79386,"date":"2016-06-15T12:35:18","date_gmt":"2016-06-15T10:35:18","guid":{"rendered":"http:\/\/eldigitaldeasturias.com\/magazine365\/?p=79386"},"modified":"2016-06-15T12:35:18","modified_gmt":"2016-06-15T10:35:18","slug":"un-avion-de-carga-se-estrella-en-sudan-del-sur-suceso-que-se-salda-sin-victimas","status":"publish","type":"post","link":"https:\/\/eldigitaldeasturias.com\/magazine365\/un-avion-de-carga-se-estrella-en-sudan-del-sur-suceso-que-se-salda-sin-victimas\/","title":{"rendered":"Un avi\u00f3n de carga se estrella en Sud\u00e1n del Sur, suceso que se salda sin v\u00edctimas"},"content":{"rendered":"<p><img fetchpriority=\"high\" decoding=\"async\" class=\"alignleft size-medium wp-image-77926\" src=\"https:\/\/eldigitaldeasturias.com\/magazine365\/wp-content\/uploads\/2016\/06\/m365-360x198.jpg\" alt=\"m365\" width=\"360\" height=\"198\" srcset=\"https:\/\/eldigitaldeasturias.com\/magazine365\/wp-content\/uploads\/2016\/06\/m365-360x198.jpg 360w, https:\/\/eldigitaldeasturias.com\/magazine365\/wp-content\/uploads\/2016\/06\/m365-650x357.jpg 650w, https:\/\/eldigitaldeasturias.com\/magazine365\/wp-content\/uploads\/2016\/06\/m365-150x82.jpg 150w, https:\/\/eldigitaldeasturias.com\/magazine365\/wp-content\/uploads\/2016\/06\/m365-450x247.jpg 450w, https:\/\/eldigitaldeasturias.com\/magazine365\/wp-content\/uploads\/2016\/06\/m365.jpg 655w\" sizes=\"(max-width: 360px) 100vw, 360px\" \/>Un avi\u00f3n de carga se ha estrellado este martes en el aeropuerto sursudan\u00e9s de Bor, ubicado en el estado de Jonglei (centro), un incidente que se ha saldado sin v\u00edctimas, seg\u00fan ha informado la emisora local Eye Radio.<\/p>\n<p>Las primeras informaciones sobre el suceso apuntan a un fallo en uno de los motores del avi\u00f3n. Al parecer, cuando la tripulaci\u00f3n intent\u00f3 ajustarlo, el avi\u00f3n dio un giro brusco y se estrell\u00f3.<\/p>\n<p>La tripulaci\u00f3n del vuelo, que se dirig\u00eda a Malakal, ser\u00e1 trasladada a la capital, Yuba, para que los tripulantes sean sometidos a pruebas m\u00e9dicas, si bien se ha descartado que su vida corra peligro.<\/p>\n","protected":false},"excerpt":{"rendered":"<p>Un avi\u00f3n de carga se ha estrellado este martes en el aeropuerto sursudan\u00e9s de Bor, ubicado en el estado de Jonglei (centro), un incidente que se ha saldado sin v\u00edctimas, seg\u00fan ha informado la emisora local Eye Radio. Las primeras informaciones sobre el suceso apuntan a un fallo en uno de los motores del avi\u00f3n.<\/p>\n","protected":false},"author":1,"featured_media":77926,"comment_status":"open","ping_status":"closed","sticky":false,"template":"","format":"standard","meta":{"footnotes":""},"categories":[224],"tags":[],"class_list":{"0":"post-79386","1":"post","2":"type-post","3":"status-publish","4":"format-standard","5":"has-post-thumbnail","7":"category-noticias-actualidad"},"aioseo_notices":[],"aioseo_head":"\n\t\t<!-- All in One SEO Pro 4.9.6.1 - aioseo.com -->\n\t<meta name=\"description\" content=\"Un avi\u00f3n de carga se ha estrellado este martes en el aeropuerto sursudan\u00e9s de Bor, ubicado en el estado de Jonglei (centro), un incidente que se ha saldado sin v\u00edctimas, seg\u00fan ha informado la emisora local Eye Radio. Las primeras informaciones sobre el suceso apuntan a un fallo en uno de los motores del avi\u00f3n.\" \/>\n\t<meta name=\"robots\" content=\"max-image-preview:large\" \/>\n\t<meta name=\"author\" content=\"admin\"\/>\n\t<meta name=\"google-site-verification\" content=\"UA-38556648-1\" \/>\n\t<meta name=\"keywords\" content=\"noticias y actualidad\" \/>\n\t<link rel=\"canonical\" href=\"https:\/\/eldigitaldeasturias.com\/magazine365\/un-avion-de-carga-se-estrella-en-sudan-del-sur-suceso-que-se-salda-sin-victimas\/\" \/>\n\t<meta name=\"generator\" content=\"All in One SEO Pro (AIOSEO) 4.9.6.1\" \/>\n\t\t<meta property=\"og:locale\" content=\"es_ES\" \/>\n\t\t<meta property=\"og:site_name\" content=\"El Digital de Asturias \u2013 Revista de ocio, turismo y estilo de vida\" \/>\n\t\t<meta property=\"og:type\" content=\"article\" \/>\n\t\t<meta property=\"og:title\" content=\"Un avi\u00f3n de carga se estrella en Sud\u00e1n del Sur, suceso que se salda sin v\u00edctimas | El Digital de Asturias\" \/>\n\t\t<meta property=\"og:description\" content=\"Un avi\u00f3n de carga se ha estrellado este martes en el aeropuerto sursudan\u00e9s de Bor, ubicado en el estado de Jonglei (centro), un incidente que se ha saldado sin v\u00edctimas, seg\u00fan ha informado la emisora local Eye Radio. Las primeras informaciones sobre el suceso apuntan a un fallo en uno de los motores del avi\u00f3n.\" \/>\n\t\t<meta property=\"og:url\" content=\"https:\/\/eldigitaldeasturias.com\/magazine365\/un-avion-de-carga-se-estrella-en-sudan-del-sur-suceso-que-se-salda-sin-victimas\/\" \/>\n\t\t<meta property=\"og:image\" content=\"https:\/\/eldigitaldeasturias.com\/magazine365\/wp-content\/uploads\/2016\/06\/m365.jpg\" \/>\n\t\t<meta property=\"og:image:secure_url\" content=\"https:\/\/eldigitaldeasturias.com\/magazine365\/wp-content\/uploads\/2016\/06\/m365.jpg\" \/>\n\t\t<meta property=\"og:image:width\" content=\"655\" \/>\n\t\t<meta property=\"og:image:height\" content=\"360\" \/>\n\t\t<meta property=\"article:published_time\" content=\"2016-06-15T10:35:18+00:00\" \/>\n\t\t<meta property=\"article:modified_time\" content=\"2016-06-15T10:35:18+00:00\" \/>\n\t\t<meta name=\"twitter:card\" content=\"summary_large_image\" \/>\n\t\t<meta name=\"twitter:title\" content=\"Un avi\u00f3n de carga se estrella en Sud\u00e1n del Sur, suceso que se salda sin v\u00edctimas | El Digital de Asturias\" \/>\n\t\t<meta name=\"twitter:description\" content=\"Un avi\u00f3n de carga se ha estrellado este martes en el aeropuerto sursudan\u00e9s de Bor, ubicado en el estado de Jonglei (centro), un incidente que se ha saldado sin v\u00edctimas, seg\u00fan ha informado la emisora local Eye Radio. Las primeras informaciones sobre el suceso apuntan a un fallo en uno de los motores del avi\u00f3n.\" \/>\n\t\t<meta name=\"twitter:image\" content=\"https:\/\/eldigitaldeasturias.com\/magazine365\/wp-content\/uploads\/2016\/06\/m365.jpg\" \/>\n\t\t<script type=\"application\/ld+json\" class=\"aioseo-schema\">\n\t\t\t{\"@context\":\"https:\\\/\\\/schema.org\",\"@graph\":[{\"@type\":\"Article\",\"@id\":\"https:\\\/\\\/eldigitaldeasturias.com\\\/magazine365\\\/un-avion-de-carga-se-estrella-en-sudan-del-sur-suceso-que-se-salda-sin-victimas\\\/#article\",\"name\":\"Un avi\\u00f3n de carga se estrella en Sud\\u00e1n del Sur, suceso que se salda sin v\\u00edctimas | El Digital de Asturias\",\"headline\":\"Un avi\\u00f3n de carga se estrella en Sud\\u00e1n del Sur, suceso que se salda sin v\\u00edctimas\",\"author\":{\"@id\":\"https:\\\/\\\/eldigitaldeasturias.com\\\/magazine365\\\/author\\\/admin\\\/#author\"},\"publisher\":{\"@id\":\"https:\\\/\\\/eldigitaldeasturias.com\\\/magazine365\\\/#organization\"},\"image\":{\"@type\":\"ImageObject\",\"url\":\"https:\\\/\\\/eldigitaldeasturias.com\\\/magazine365\\\/wp-content\\\/uploads\\\/2016\\\/06\\\/m365.jpg\",\"width\":655,\"height\":360},\"datePublished\":\"2016-06-15T12:35:18+02:00\",\"dateModified\":\"2016-06-15T12:35:18+02:00\",\"inLanguage\":\"es-ES\",\"mainEntityOfPage\":{\"@id\":\"https:\\\/\\\/eldigitaldeasturias.com\\\/magazine365\\\/un-avion-de-carga-se-estrella-en-sudan-del-sur-suceso-que-se-salda-sin-victimas\\\/#webpage\"},\"isPartOf\":{\"@id\":\"https:\\\/\\\/eldigitaldeasturias.com\\\/magazine365\\\/un-avion-de-carga-se-estrella-en-sudan-del-sur-suceso-que-se-salda-sin-victimas\\\/#webpage\"},\"articleSection\":\"Noticias y Actualidad\"},{\"@type\":\"BreadcrumbList\",\"@id\":\"https:\\\/\\\/eldigitaldeasturias.com\\\/magazine365\\\/un-avion-de-carga-se-estrella-en-sudan-del-sur-suceso-que-se-salda-sin-victimas\\\/#breadcrumblist\",\"itemListElement\":[{\"@type\":\"ListItem\",\"@id\":\"https:\\\/\\\/eldigitaldeasturias.com\\\/magazine365#listItem\",\"position\":1,\"name\":\"Home\",\"item\":\"https:\\\/\\\/eldigitaldeasturias.com\\\/magazine365\",\"nextItem\":{\"@type\":\"ListItem\",\"@id\":\"https:\\\/\\\/eldigitaldeasturias.com\\\/magazine365\\\/category\\\/noticias-actualidad\\\/#listItem\",\"name\":\"Noticias y Actualidad\"}},{\"@type\":\"ListItem\",\"@id\":\"https:\\\/\\\/eldigitaldeasturias.com\\\/magazine365\\\/category\\\/noticias-actualidad\\\/#listItem\",\"position\":2,\"name\":\"Noticias y Actualidad\",\"item\":\"https:\\\/\\\/eldigitaldeasturias.com\\\/magazine365\\\/category\\\/noticias-actualidad\\\/\",\"nextItem\":{\"@type\":\"ListItem\",\"@id\":\"https:\\\/\\\/eldigitaldeasturias.com\\\/magazine365\\\/un-avion-de-carga-se-estrella-en-sudan-del-sur-suceso-que-se-salda-sin-victimas\\\/#listItem\",\"name\":\"Un avi\\u00f3n de carga se estrella en Sud\\u00e1n del Sur, suceso que se salda sin v\\u00edctimas\"},\"previousItem\":{\"@type\":\"ListItem\",\"@id\":\"https:\\\/\\\/eldigitaldeasturias.com\\\/magazine365#listItem\",\"name\":\"Home\"}},{\"@type\":\"ListItem\",\"@id\":\"https:\\\/\\\/eldigitaldeasturias.com\\\/magazine365\\\/un-avion-de-carga-se-estrella-en-sudan-del-sur-suceso-que-se-salda-sin-victimas\\\/#listItem\",\"position\":3,\"name\":\"Un avi\\u00f3n de carga se estrella en Sud\\u00e1n del Sur, suceso que se salda sin v\\u00edctimas\",\"previousItem\":{\"@type\":\"ListItem\",\"@id\":\"https:\\\/\\\/eldigitaldeasturias.com\\\/magazine365\\\/category\\\/noticias-actualidad\\\/#listItem\",\"name\":\"Noticias y Actualidad\"}}]},{\"@type\":\"Organization\",\"@id\":\"https:\\\/\\\/eldigitaldeasturias.com\\\/magazine365\\\/#organization\",\"name\":\"El digital de Asturias\",\"description\":\"Revista de ocio, turismo y estilo de vida\",\"url\":\"https:\\\/\\\/eldigitaldeasturias.com\\\/magazine365\\\/\",\"logo\":{\"@type\":\"ImageObject\",\"url\":\"https:\\\/\\\/www.eldigitaldeasturias.com\\\/noticias\\\/wp-content\\\/uploads\\\/2020\\\/12\\\/EDA.jpg\",\"@id\":\"https:\\\/\\\/eldigitaldeasturias.com\\\/magazine365\\\/un-avion-de-carga-se-estrella-en-sudan-del-sur-suceso-que-se-salda-sin-victimas\\\/#organizationLogo\"},\"image\":{\"@id\":\"https:\\\/\\\/eldigitaldeasturias.com\\\/magazine365\\\/un-avion-de-carga-se-estrella-en-sudan-del-sur-suceso-que-se-salda-sin-victimas\\\/#organizationLogo\"}},{\"@type\":\"Person\",\"@id\":\"https:\\\/\\\/eldigitaldeasturias.com\\\/magazine365\\\/author\\\/admin\\\/#author\",\"url\":\"https:\\\/\\\/eldigitaldeasturias.com\\\/magazine365\\\/author\\\/admin\\\/\",\"name\":\"admin\",\"image\":{\"@type\":\"ImageObject\",\"@id\":\"https:\\\/\\\/eldigitaldeasturias.com\\\/magazine365\\\/un-avion-de-carga-se-estrella-en-sudan-del-sur-suceso-que-se-salda-sin-victimas\\\/#authorImage\",\"url\":\"https:\\\/\\\/eldigitaldeasturias.com\\\/magazine365\\\/wp-content\\\/litespeed\\\/avatar\\\/e571bcf59a0edd6fa6838245a470f2fe.jpg?ver=1776969259\",\"width\":96,\"height\":96,\"caption\":\"admin\"}},{\"@type\":\"WebPage\",\"@id\":\"https:\\\/\\\/eldigitaldeasturias.com\\\/magazine365\\\/un-avion-de-carga-se-estrella-en-sudan-del-sur-suceso-que-se-salda-sin-victimas\\\/#webpage\",\"url\":\"https:\\\/\\\/eldigitaldeasturias.com\\\/magazine365\\\/un-avion-de-carga-se-estrella-en-sudan-del-sur-suceso-que-se-salda-sin-victimas\\\/\",\"name\":\"Un avi\\u00f3n de carga se estrella en Sud\\u00e1n del Sur, suceso que se salda sin v\\u00edctimas | El Digital de Asturias\",\"description\":\"Un avi\\u00f3n de carga se ha estrellado este martes en el aeropuerto sursudan\\u00e9s de Bor, ubicado en el estado de Jonglei (centro), un incidente que se ha saldado sin v\\u00edctimas, seg\\u00fan ha informado la emisora local Eye Radio. Las primeras informaciones sobre el suceso apuntan a un fallo en uno de los motores del avi\\u00f3n.\",\"inLanguage\":\"es-ES\",\"isPartOf\":{\"@id\":\"https:\\\/\\\/eldigitaldeasturias.com\\\/magazine365\\\/#website\"},\"breadcrumb\":{\"@id\":\"https:\\\/\\\/eldigitaldeasturias.com\\\/magazine365\\\/un-avion-de-carga-se-estrella-en-sudan-del-sur-suceso-que-se-salda-sin-victimas\\\/#breadcrumblist\"},\"author\":{\"@id\":\"https:\\\/\\\/eldigitaldeasturias.com\\\/magazine365\\\/author\\\/admin\\\/#author\"},\"creator\":{\"@id\":\"https:\\\/\\\/eldigitaldeasturias.com\\\/magazine365\\\/author\\\/admin\\\/#author\"},\"image\":{\"@type\":\"ImageObject\",\"url\":\"https:\\\/\\\/eldigitaldeasturias.com\\\/magazine365\\\/wp-content\\\/uploads\\\/2016\\\/06\\\/m365.jpg\",\"@id\":\"https:\\\/\\\/eldigitaldeasturias.com\\\/magazine365\\\/un-avion-de-carga-se-estrella-en-sudan-del-sur-suceso-que-se-salda-sin-victimas\\\/#mainImage\",\"width\":655,\"height\":360},\"primaryImageOfPage\":{\"@id\":\"https:\\\/\\\/eldigitaldeasturias.com\\\/magazine365\\\/un-avion-de-carga-se-estrella-en-sudan-del-sur-suceso-que-se-salda-sin-victimas\\\/#mainImage\"},\"datePublished\":\"2016-06-15T12:35:18+02:00\",\"dateModified\":\"2016-06-15T12:35:18+02:00\"},{\"@type\":\"WebSite\",\"@id\":\"https:\\\/\\\/eldigitaldeasturias.com\\\/magazine365\\\/#website\",\"url\":\"https:\\\/\\\/eldigitaldeasturias.com\\\/magazine365\\\/\",\"name\":\"El Digital de Asturias\",\"description\":\"Revista de ocio, turismo y estilo de vida\",\"inLanguage\":\"es-ES\",\"publisher\":{\"@id\":\"https:\\\/\\\/eldigitaldeasturias.com\\\/magazine365\\\/#organization\"}}]}\n\t\t<\/script>\n\t\t<!-- All in One SEO Pro -->\r\n\t\t<title>Un avi\u00f3n de carga se estrella en Sud\u00e1n del Sur, suceso que se salda sin v\u00edctimas | El Digital de Asturias<\/title>\n\n","aioseo_head_json":{"title":"Un avi\u00f3n de carga se estrella en Sud\u00e1n del Sur, suceso que se salda sin v\u00edctimas | El Digital de Asturias","description":"Un avi\u00f3n de carga se ha estrellado este martes en el aeropuerto sursudan\u00e9s de Bor, ubicado en el estado de Jonglei (centro), un incidente que se ha saldado sin v\u00edctimas, seg\u00fan ha informado la emisora local Eye Radio. Las primeras informaciones sobre el suceso apuntan a un fallo en uno de los motores del avi\u00f3n.","canonical_url":"https:\/\/eldigitaldeasturias.com\/magazine365\/un-avion-de-carga-se-estrella-en-sudan-del-sur-suceso-que-se-salda-sin-victimas\/","robots":"max-image-preview:large","keywords":"noticias y actualidad","webmasterTools":{"google-site-verification":"UA-38556648-1","miscellaneous":""},"schema":{"@context":"https:\/\/schema.org","@graph":[{"@type":"Article","@id":"https:\/\/eldigitaldeasturias.com\/magazine365\/un-avion-de-carga-se-estrella-en-sudan-del-sur-suceso-que-se-salda-sin-victimas\/#article","name":"Un avi\u00f3n de carga se estrella en Sud\u00e1n del Sur, suceso que se salda sin v\u00edctimas | El Digital de Asturias","headline":"Un avi\u00f3n de carga se estrella en Sud\u00e1n del Sur, suceso que se salda sin v\u00edctimas","author":{"@id":"https:\/\/eldigitaldeasturias.com\/magazine365\/author\/admin\/#author"},"publisher":{"@id":"https:\/\/eldigitaldeasturias.com\/magazine365\/#organization"},"image":{"@type":"ImageObject","url":"https:\/\/eldigitaldeasturias.com\/magazine365\/wp-content\/uploads\/2016\/06\/m365.jpg","width":655,"height":360},"datePublished":"2016-06-15T12:35:18+02:00","dateModified":"2016-06-15T12:35:18+02:00","inLanguage":"es-ES","mainEntityOfPage":{"@id":"https:\/\/eldigitaldeasturias.com\/magazine365\/un-avion-de-carga-se-estrella-en-sudan-del-sur-suceso-que-se-salda-sin-victimas\/#webpage"},"isPartOf":{"@id":"https:\/\/eldigitaldeasturias.com\/magazine365\/un-avion-de-carga-se-estrella-en-sudan-del-sur-suceso-que-se-salda-sin-victimas\/#webpage"},"articleSection":"Noticias y Actualidad"},{"@type":"BreadcrumbList","@id":"https:\/\/eldigitaldeasturias.com\/magazine365\/un-avion-de-carga-se-estrella-en-sudan-del-sur-suceso-que-se-salda-sin-victimas\/#breadcrumblist","itemListElement":[{"@type":"ListItem","@id":"https:\/\/eldigitaldeasturias.com\/magazine365#listItem","position":1,"name":"Home","item":"https:\/\/eldigitaldeasturias.com\/magazine365","nextItem":{"@type":"ListItem","@id":"https:\/\/eldigitaldeasturias.com\/magazine365\/category\/noticias-actualidad\/#listItem","name":"Noticias y Actualidad"}},{"@type":"ListItem","@id":"https:\/\/eldigitaldeasturias.com\/magazine365\/category\/noticias-actualidad\/#listItem","position":2,"name":"Noticias y Actualidad","item":"https:\/\/eldigitaldeasturias.com\/magazine365\/category\/noticias-actualidad\/","nextItem":{"@type":"ListItem","@id":"https:\/\/eldigitaldeasturias.com\/magazine365\/un-avion-de-carga-se-estrella-en-sudan-del-sur-suceso-que-se-salda-sin-victimas\/#listItem","name":"Un avi\u00f3n de carga se estrella en Sud\u00e1n del Sur, suceso que se salda sin v\u00edctimas"},"previousItem":{"@type":"ListItem","@id":"https:\/\/eldigitaldeasturias.com\/magazine365#listItem","name":"Home"}},{"@type":"ListItem","@id":"https:\/\/eldigitaldeasturias.com\/magazine365\/un-avion-de-carga-se-estrella-en-sudan-del-sur-suceso-que-se-salda-sin-victimas\/#listItem","position":3,"name":"Un avi\u00f3n de carga se estrella en Sud\u00e1n del Sur, suceso que se salda sin v\u00edctimas","previousItem":{"@type":"ListItem","@id":"https:\/\/eldigitaldeasturias.com\/magazine365\/category\/noticias-actualidad\/#listItem","name":"Noticias y Actualidad"}}]},{"@type":"Organization","@id":"https:\/\/eldigitaldeasturias.com\/magazine365\/#organization","name":"El digital de Asturias","description":"Revista de ocio, turismo y estilo de vida","url":"https:\/\/eldigitaldeasturias.com\/magazine365\/","logo":{"@type":"ImageObject","url":"https:\/\/www.eldigitaldeasturias.com\/noticias\/wp-content\/uploads\/2020\/12\/EDA.jpg","@id":"https:\/\/eldigitaldeasturias.com\/magazine365\/un-avion-de-carga-se-estrella-en-sudan-del-sur-suceso-que-se-salda-sin-victimas\/#organizationLogo"},"image":{"@id":"https:\/\/eldigitaldeasturias.com\/magazine365\/un-avion-de-carga-se-estrella-en-sudan-del-sur-suceso-que-se-salda-sin-victimas\/#organizationLogo"}},{"@type":"Person","@id":"https:\/\/eldigitaldeasturias.com\/magazine365\/author\/admin\/#author","url":"https:\/\/eldigitaldeasturias.com\/magazine365\/author\/admin\/","name":"admin","image":{"@type":"ImageObject","@id":"https:\/\/eldigitaldeasturias.com\/magazine365\/un-avion-de-carga-se-estrella-en-sudan-del-sur-suceso-que-se-salda-sin-victimas\/#authorImage","url":"https:\/\/eldigitaldeasturias.com\/magazine365\/wp-content\/litespeed\/avatar\/e571bcf59a0edd6fa6838245a470f2fe.jpg?ver=1776969259","width":96,"height":96,"caption":"admin"}},{"@type":"WebPage","@id":"https:\/\/eldigitaldeasturias.com\/magazine365\/un-avion-de-carga-se-estrella-en-sudan-del-sur-suceso-que-se-salda-sin-victimas\/#webpage","url":"https:\/\/eldigitaldeasturias.com\/magazine365\/un-avion-de-carga-se-estrella-en-sudan-del-sur-suceso-que-se-salda-sin-victimas\/","name":"Un avi\u00f3n de carga se estrella en Sud\u00e1n del Sur, suceso que se salda sin v\u00edctimas | El Digital de Asturias","description":"Un avi\u00f3n de carga se ha estrellado este martes en el aeropuerto sursudan\u00e9s de Bor, ubicado en el estado de Jonglei (centro), un incidente que se ha saldado sin v\u00edctimas, seg\u00fan ha informado la emisora local Eye Radio. Las primeras informaciones sobre el suceso apuntan a un fallo en uno de los motores del avi\u00f3n.","inLanguage":"es-ES","isPartOf":{"@id":"https:\/\/eldigitaldeasturias.com\/magazine365\/#website"},"breadcrumb":{"@id":"https:\/\/eldigitaldeasturias.com\/magazine365\/un-avion-de-carga-se-estrella-en-sudan-del-sur-suceso-que-se-salda-sin-victimas\/#breadcrumblist"},"author":{"@id":"https:\/\/eldigitaldeasturias.com\/magazine365\/author\/admin\/#author"},"creator":{"@id":"https:\/\/eldigitaldeasturias.com\/magazine365\/author\/admin\/#author"},"image":{"@type":"ImageObject","url":"https:\/\/eldigitaldeasturias.com\/magazine365\/wp-content\/uploads\/2016\/06\/m365.jpg","@id":"https:\/\/eldigitaldeasturias.com\/magazine365\/un-avion-de-carga-se-estrella-en-sudan-del-sur-suceso-que-se-salda-sin-victimas\/#mainImage","width":655,"height":360},"primaryImageOfPage":{"@id":"https:\/\/eldigitaldeasturias.com\/magazine365\/un-avion-de-carga-se-estrella-en-sudan-del-sur-suceso-que-se-salda-sin-victimas\/#mainImage"},"datePublished":"2016-06-15T12:35:18+02:00","dateModified":"2016-06-15T12:35:18+02:00"},{"@type":"WebSite","@id":"https:\/\/eldigitaldeasturias.com\/magazine365\/#website","url":"https:\/\/eldigitaldeasturias.com\/magazine365\/","name":"El Digital de Asturias","description":"Revista de ocio, turismo y estilo de vida","inLanguage":"es-ES","publisher":{"@id":"https:\/\/eldigitaldeasturias.com\/magazine365\/#organization"}}]},"og:locale":"es_ES","og:site_name":"El Digital de Asturias \u2013 Revista de ocio, turismo y estilo de vida","og:type":"article","og:title":"Un avi\u00f3n de carga se estrella en Sud\u00e1n del Sur, suceso que se salda sin v\u00edctimas | El Digital de Asturias","og:description":"Un avi\u00f3n de carga se ha estrellado este martes en el aeropuerto sursudan\u00e9s de Bor, ubicado en el estado de Jonglei (centro), un incidente que se ha saldado sin v\u00edctimas, seg\u00fan ha informado la emisora local Eye Radio. Las primeras informaciones sobre el suceso apuntan a un fallo en uno de los motores del avi\u00f3n.","og:url":"https:\/\/eldigitaldeasturias.com\/magazine365\/un-avion-de-carga-se-estrella-en-sudan-del-sur-suceso-que-se-salda-sin-victimas\/","og:image":"https:\/\/eldigitaldeasturias.com\/magazine365\/wp-content\/uploads\/2016\/06\/m365.jpg","og:image:secure_url":"https:\/\/eldigitaldeasturias.com\/magazine365\/wp-content\/uploads\/2016\/06\/m365.jpg","og:image:width":655,"og:image:height":360,"article:published_time":"2016-06-15T10:35:18+00:00","article:modified_time":"2016-06-15T10:35:18+00:00","twitter:card":"summary_large_image","twitter:title":"Un avi\u00f3n de carga se estrella en Sud\u00e1n del Sur, suceso que se salda sin v\u00edctimas | El Digital de Asturias","twitter:description":"Un avi\u00f3n de carga se ha estrellado este martes en el aeropuerto sursudan\u00e9s de Bor, ubicado en el estado de Jonglei (centro), un incidente que se ha saldado sin v\u00edctimas, seg\u00fan ha informado la emisora local Eye Radio. Las primeras informaciones sobre el suceso apuntan a un fallo en uno de los motores del avi\u00f3n.","twitter:image":"https:\/\/eldigitaldeasturias.com\/magazine365\/wp-content\/uploads\/2016\/06\/m365.jpg"},"aioseo_meta_data":{"post_id":"79386","title":null,"description":null,"keywords":null,"keyphrases":null,"primary_term":null,"canonical_url":null,"og_title":null,"og_description":null,"og_object_type":"default","og_image_type":"default","og_image_url":null,"og_image_width":null,"og_image_height":null,"og_image_custom_url":null,"og_image_custom_fields":null,"og_video":null,"og_custom_url":null,"og_article_section":null,"og_article_tags":null,"twitter_use_og":false,"twitter_card":"default","twitter_image_type":"default","twitter_image_url":null,"twitter_image_custom_url":null,"twitter_image_custom_fields":null,"twitter_title":null,"twitter_description":null,"schema":{"blockGraphs":[],"customGraphs":[],"default":{"data":{"Article":[],"Course":[],"Dataset":[],"FAQPage":[],"Movie":[],"Person":[],"Product":[],"ProductReview":[],"Car":[],"Recipe":[],"Service":[],"SoftwareApplication":[],"WebPage":[]},"graphName":"","isEnabled":true},"graphs":[],"defaultGraph":"","defaultPostTypeGraph":""},"schema_type":null,"schema_type_options":null,"pillar_content":false,"robots_default":true,"robots_noindex":false,"robots_noarchive":false,"robots_nosnippet":false,"robots_nofollow":false,"robots_noimageindex":false,"robots_noodp":false,"robots_notranslate":false,"robots_max_snippet":null,"robots_max_videopreview":null,"robots_max_imagepreview":"large","priority":null,"frequency":null,"location":null,"local_seo":null,"seo_analyzer_scan_date":"2025-09-27 18:49:17","breadcrumb_settings":null,"limit_modified_date":false,"open_ai":null,"ai":null,"created":"2021-03-08 17:49:06","updated":"2025-09-27 18:49:17"},"aioseo_breadcrumb":"<div class=\"aioseo-breadcrumbs\"><span class=\"aioseo-breadcrumb\">\n\t<a href=\"https:\/\/eldigitaldeasturias.com\/magazine365\" title=\"Home\">Home<\/a>\n<\/span><span class=\"aioseo-breadcrumb-separator\">\u2013<\/span><span class=\"aioseo-breadcrumb\">\n\t<a href=\"https:\/\/eldigitaldeasturias.com\/magazine365\/category\/noticias-actualidad\/\" title=\"Noticias y Actualidad\">Noticias y Actualidad<\/a>\n<\/span><span class=\"aioseo-breadcrumb-separator\">\u2013<\/span><span class=\"aioseo-breadcrumb\">\n\t<a href=\"https:\/\/eldigitaldeasturias.com\/magazine365\/un-avion-de-carga-se-estrella-en-sudan-del-sur-suceso-que-se-salda-sin-victimas\/\" title=\"Un avi\u00f3n de carga se estrella en Sud\u00e1n del Sur, suceso que se salda sin v\u00edctimas\">Un avi\u00f3n de carga se estrella en Sud\u00e1n del Sur, suceso que se salda sin v\u00edctimas<\/a>\n<\/span><\/div>","aioseo_breadcrumb_json":[{"label":"Home","link":"https:\/\/eldigitaldeasturias.com\/magazine365"},{"label":"Noticias y Actualidad","link":"https:\/\/eldigitaldeasturias.com\/magazine365\/category\/noticias-actualidad\/"},{"label":"Un avi\u00f3n de carga se estrella en Sud\u00e1n del Sur, suceso que se salda sin v\u00edctimas","link":"https:\/\/eldigitaldeasturias.com\/magazine365\/un-avion-de-carga-se-estrella-en-sudan-del-sur-suceso-que-se-salda-sin-victimas\/"}],"_links":{"self":[{"href":"https:\/\/eldigitaldeasturias.com\/magazine365\/wp-json\/wp\/v2\/posts\/79386","targetHints":{"allow":["GET"]}}],"collection":[{"href":"https:\/\/eldigitaldeasturias.com\/magazine365\/wp-json\/wp\/v2\/posts"}],"about":[{"href":"https:\/\/eldigitaldeasturias.com\/magazine365\/wp-json\/wp\/v2\/types\/post"}],"author":[{"embeddable":true,"href":"https:\/\/eldigitaldeasturias.com\/magazine365\/wp-json\/wp\/v2\/users\/1"}],"replies":[{"embeddable":true,"href":"https:\/\/eldigitaldeasturias.com\/magazine365\/wp-json\/wp\/v2\/comments?post=79386"}],"version-history":[{"count":0,"href":"https:\/\/eldigitaldeasturias.com\/magazine365\/wp-json\/wp\/v2\/posts\/79386\/revisions"}],"wp:featuredmedia":[{"embeddable":true,"href":"https:\/\/eldigitaldeasturias.com\/magazine365\/wp-json\/wp\/v2\/media\/77926"}],"wp:attachment":[{"href":"https:\/\/eldigitaldeasturias.com\/magazine365\/wp-json\/wp\/v2\/media?parent=79386"}],"wp:term":[{"taxonomy":"category","embeddable":true,"href":"https:\/\/eldigitaldeasturias.com\/magazine365\/wp-json\/wp\/v2\/categories?post=79386"},{"taxonomy":"post_tag","embeddable":true,"href":"https:\/\/eldigitaldeasturias.com\/magazine365\/wp-json\/wp\/v2\/tags?post=79386"}],"curies":[{"name":"wp","href":"https:\/\/api.w.org\/{rel}","templated":true}]}}