{"id":79377,"date":"2016-06-15T12:32:02","date_gmt":"2016-06-15T10:32:02","guid":{"rendered":"http:\/\/eldigitaldeasturias.com\/magazine365\/?p=79377"},"modified":"2016-06-15T12:32:02","modified_gmt":"2016-06-15T10:32:02","slug":"las-obras-en-la-l1-tendran-que-esperar-hasta-que-se-resuelva-el-conflicto-en-renfe","status":"publish","type":"post","link":"https:\/\/eldigitaldeasturias.com\/magazine365\/las-obras-en-la-l1-tendran-que-esperar-hasta-que-se-resuelva-el-conflicto-en-renfe\/","title":{"rendered":"Las obras en la L1 tendr\u00e1n que esperar hasta que se resuelva el conflicto en Renfe"},"content":{"rendered":"<p><img fetchpriority=\"high\" decoding=\"async\" class=\"alignleft size-medium wp-image-79378\" src=\"https:\/\/eldigitaldeasturias.com\/magazine365\/wp-content\/uploads\/2016\/06\/fotonoticia_20160615104535_800-360x203.jpg\" alt=\"fotonoticia_20160615104535_800\" width=\"360\" height=\"203\" srcset=\"https:\/\/eldigitaldeasturias.com\/magazine365\/wp-content\/uploads\/2016\/06\/fotonoticia_20160615104535_800-360x203.jpg 360w, https:\/\/eldigitaldeasturias.com\/magazine365\/wp-content\/uploads\/2016\/06\/fotonoticia_20160615104535_800-650x366.jpg 650w, https:\/\/eldigitaldeasturias.com\/magazine365\/wp-content\/uploads\/2016\/06\/fotonoticia_20160615104535_800-768x432.jpg 768w, https:\/\/eldigitaldeasturias.com\/magazine365\/wp-content\/uploads\/2016\/06\/fotonoticia_20160615104535_800-150x84.jpg 150w, https:\/\/eldigitaldeasturias.com\/magazine365\/wp-content\/uploads\/2016\/06\/fotonoticia_20160615104535_800-450x253.jpg 450w, https:\/\/eldigitaldeasturias.com\/magazine365\/wp-content\/uploads\/2016\/06\/fotonoticia_20160615104535_800-499x280.jpg 499w, https:\/\/eldigitaldeasturias.com\/magazine365\/wp-content\/uploads\/2016\/06\/fotonoticia_20160615104535_800-510x289.jpg 510w, https:\/\/eldigitaldeasturias.com\/magazine365\/wp-content\/uploads\/2016\/06\/fotonoticia_20160615104535_800.jpg 800w\" sizes=\"(max-width: 360px) 100vw, 360px\" \/>La presidenta de la Comunidad de Madrid, Cristina Cifuentes, ha indicado este martes que las obras que requieren el cierre de 25 estaciones en la L\u00ednea 1 de Metro tendr\u00e1n que esperar hasta que se resuelva el conflicto generado entre Renfe y el sindicato de maquinistas porque ahora no se puede garantizar el refuerzo en la red de Cercan\u00edas necesario para asegurar la movilidad.<\/p>\n<p>As\u00ed lo ha indicado a los medios de comunicaci\u00f3n antes de participar en un acto electoral en Las Rozas y en referencia a la decisi\u00f3n de aplazar esas obras por la huelga de maquinistas en Renfe.<\/p>\n<p>Cifuentes ha dicho que son unas obras necesarias pero que requieren para acometerlas un refuerzo de los servicios alternativos de transporte, como es el caso de la EMT y Cercan\u00edas.<\/p>\n<p>En este sentido, ha asegurado que actualmente Renfe no puede garantizar el refuerzo de su red de transporte precisamente por los paros convocados, donde adem\u00e1s no se est\u00e1n cumpliendo los servicios m\u00ednimos. \u00abPreferimos esperar hasta que se resuelva el conflicto\u00bb, ha apostillado.<\/p>\n","protected":false},"excerpt":{"rendered":"<p>La presidenta de la Comunidad de Madrid, Cristina Cifuentes, ha indicado este martes que las obras que requieren el cierre de 25 estaciones en la L\u00ednea 1 de Metro tendr\u00e1n que esperar hasta que se resuelva el conflicto generado entre Renfe y el sindicato de maquinistas porque ahora no se puede garantizar el refuerzo en<\/p>\n","protected":false},"author":1,"featured_media":79378,"comment_status":"open","ping_status":"closed","sticky":false,"template":"","format":"standard","meta":{"footnotes":""},"categories":[224],"tags":[],"class_list":{"0":"post-79377","1":"post","2":"type-post","3":"status-publish","4":"format-standard","5":"has-post-thumbnail","7":"category-noticias-actualidad"},"aioseo_notices":[],"aioseo_head":"\n\t\t<!-- All in One SEO Pro 4.9.6.1 - aioseo.com -->\n\t<meta name=\"description\" content=\"La presidenta de la Comunidad de Madrid, Cristina Cifuentes, ha indicado este martes que las obras que requieren el cierre de 25 estaciones en la L\u00ednea 1 de Metro tendr\u00e1n que esperar hasta que se resuelva el conflicto generado entre Renfe y el sindicato de maquinistas porque ahora no se puede garantizar el refuerzo en\" \/>\n\t<meta name=\"robots\" content=\"max-image-preview:large\" \/>\n\t<meta name=\"author\" content=\"admin\"\/>\n\t<meta name=\"google-site-verification\" content=\"UA-38556648-1\" \/>\n\t<meta name=\"keywords\" content=\"noticias y actualidad\" \/>\n\t<link rel=\"canonical\" href=\"https:\/\/eldigitaldeasturias.com\/magazine365\/las-obras-en-la-l1-tendran-que-esperar-hasta-que-se-resuelva-el-conflicto-en-renfe\/\" \/>\n\t<meta name=\"generator\" content=\"All in One SEO Pro (AIOSEO) 4.9.6.1\" \/>\n\t\t<meta property=\"og:locale\" content=\"es_ES\" \/>\n\t\t<meta property=\"og:site_name\" content=\"El Digital de Asturias \u2013 Revista de ocio, turismo y estilo de vida\" \/>\n\t\t<meta property=\"og:type\" content=\"article\" \/>\n\t\t<meta property=\"og:title\" content=\"Las obras en la L1 tendr\u00e1n que esperar hasta que se resuelva el conflicto en Renfe | El Digital de Asturias\" \/>\n\t\t<meta property=\"og:description\" content=\"La presidenta de la Comunidad de Madrid, Cristina Cifuentes, ha indicado este martes que las obras que requieren el cierre de 25 estaciones en la L\u00ednea 1 de Metro tendr\u00e1n que esperar hasta que se resuelva el conflicto generado entre Renfe y el sindicato de maquinistas porque ahora no se puede garantizar el refuerzo en\" \/>\n\t\t<meta property=\"og:url\" content=\"https:\/\/eldigitaldeasturias.com\/magazine365\/las-obras-en-la-l1-tendran-que-esperar-hasta-que-se-resuelva-el-conflicto-en-renfe\/\" \/>\n\t\t<meta property=\"og:image\" content=\"https:\/\/eldigitaldeasturias.com\/magazine365\/wp-content\/uploads\/2016\/06\/fotonoticia_20160615104535_800.jpg\" \/>\n\t\t<meta property=\"og:image:secure_url\" content=\"https:\/\/eldigitaldeasturias.com\/magazine365\/wp-content\/uploads\/2016\/06\/fotonoticia_20160615104535_800.jpg\" \/>\n\t\t<meta property=\"og:image:width\" content=\"800\" \/>\n\t\t<meta property=\"og:image:height\" content=\"450\" \/>\n\t\t<meta property=\"article:published_time\" content=\"2016-06-15T10:32:02+00:00\" \/>\n\t\t<meta property=\"article:modified_time\" content=\"2016-06-15T10:32:02+00:00\" \/>\n\t\t<meta name=\"twitter:card\" content=\"summary_large_image\" \/>\n\t\t<meta name=\"twitter:title\" content=\"Las obras en la L1 tendr\u00e1n que esperar hasta que se resuelva el conflicto en Renfe | El Digital de Asturias\" \/>\n\t\t<meta name=\"twitter:description\" content=\"La presidenta de la Comunidad de Madrid, Cristina Cifuentes, ha indicado este martes que las obras que requieren el cierre de 25 estaciones en la L\u00ednea 1 de Metro tendr\u00e1n que esperar hasta que se resuelva el conflicto generado entre Renfe y el sindicato de maquinistas porque ahora no se puede garantizar el refuerzo en\" \/>\n\t\t<meta name=\"twitter:image\" content=\"https:\/\/eldigitaldeasturias.com\/magazine365\/wp-content\/uploads\/2016\/06\/fotonoticia_20160615104535_800.jpg\" \/>\n\t\t<script type=\"application\/ld+json\" class=\"aioseo-schema\">\n\t\t\t{\"@context\":\"https:\\\/\\\/schema.org\",\"@graph\":[{\"@type\":\"Article\",\"@id\":\"https:\\\/\\\/eldigitaldeasturias.com\\\/magazine365\\\/las-obras-en-la-l1-tendran-que-esperar-hasta-que-se-resuelva-el-conflicto-en-renfe\\\/#article\",\"name\":\"Las obras en la L1 tendr\\u00e1n que esperar hasta que se resuelva el conflicto en Renfe | El Digital de Asturias\",\"headline\":\"Las obras en la L1 tendr\\u00e1n que esperar hasta que se resuelva el conflicto en Renfe\",\"author\":{\"@id\":\"https:\\\/\\\/eldigitaldeasturias.com\\\/magazine365\\\/author\\\/admin\\\/#author\"},\"publisher\":{\"@id\":\"https:\\\/\\\/eldigitaldeasturias.com\\\/magazine365\\\/#organization\"},\"image\":{\"@type\":\"ImageObject\",\"url\":\"https:\\\/\\\/eldigitaldeasturias.com\\\/magazine365\\\/wp-content\\\/uploads\\\/2016\\\/06\\\/fotonoticia_20160615104535_800.jpg\",\"width\":800,\"height\":450},\"datePublished\":\"2016-06-15T12:32:02+02:00\",\"dateModified\":\"2016-06-15T12:32:02+02:00\",\"inLanguage\":\"es-ES\",\"mainEntityOfPage\":{\"@id\":\"https:\\\/\\\/eldigitaldeasturias.com\\\/magazine365\\\/las-obras-en-la-l1-tendran-que-esperar-hasta-que-se-resuelva-el-conflicto-en-renfe\\\/#webpage\"},\"isPartOf\":{\"@id\":\"https:\\\/\\\/eldigitaldeasturias.com\\\/magazine365\\\/las-obras-en-la-l1-tendran-que-esperar-hasta-que-se-resuelva-el-conflicto-en-renfe\\\/#webpage\"},\"articleSection\":\"Noticias y Actualidad\"},{\"@type\":\"BreadcrumbList\",\"@id\":\"https:\\\/\\\/eldigitaldeasturias.com\\\/magazine365\\\/las-obras-en-la-l1-tendran-que-esperar-hasta-que-se-resuelva-el-conflicto-en-renfe\\\/#breadcrumblist\",\"itemListElement\":[{\"@type\":\"ListItem\",\"@id\":\"https:\\\/\\\/eldigitaldeasturias.com\\\/magazine365#listItem\",\"position\":1,\"name\":\"Home\",\"item\":\"https:\\\/\\\/eldigitaldeasturias.com\\\/magazine365\",\"nextItem\":{\"@type\":\"ListItem\",\"@id\":\"https:\\\/\\\/eldigitaldeasturias.com\\\/magazine365\\\/category\\\/noticias-actualidad\\\/#listItem\",\"name\":\"Noticias y Actualidad\"}},{\"@type\":\"ListItem\",\"@id\":\"https:\\\/\\\/eldigitaldeasturias.com\\\/magazine365\\\/category\\\/noticias-actualidad\\\/#listItem\",\"position\":2,\"name\":\"Noticias y Actualidad\",\"item\":\"https:\\\/\\\/eldigitaldeasturias.com\\\/magazine365\\\/category\\\/noticias-actualidad\\\/\",\"nextItem\":{\"@type\":\"ListItem\",\"@id\":\"https:\\\/\\\/eldigitaldeasturias.com\\\/magazine365\\\/las-obras-en-la-l1-tendran-que-esperar-hasta-que-se-resuelva-el-conflicto-en-renfe\\\/#listItem\",\"name\":\"Las obras en la L1 tendr\\u00e1n que esperar hasta que se resuelva el conflicto en Renfe\"},\"previousItem\":{\"@type\":\"ListItem\",\"@id\":\"https:\\\/\\\/eldigitaldeasturias.com\\\/magazine365#listItem\",\"name\":\"Home\"}},{\"@type\":\"ListItem\",\"@id\":\"https:\\\/\\\/eldigitaldeasturias.com\\\/magazine365\\\/las-obras-en-la-l1-tendran-que-esperar-hasta-que-se-resuelva-el-conflicto-en-renfe\\\/#listItem\",\"position\":3,\"name\":\"Las obras en la L1 tendr\\u00e1n que esperar hasta que se resuelva el conflicto en Renfe\",\"previousItem\":{\"@type\":\"ListItem\",\"@id\":\"https:\\\/\\\/eldigitaldeasturias.com\\\/magazine365\\\/category\\\/noticias-actualidad\\\/#listItem\",\"name\":\"Noticias y Actualidad\"}}]},{\"@type\":\"Organization\",\"@id\":\"https:\\\/\\\/eldigitaldeasturias.com\\\/magazine365\\\/#organization\",\"name\":\"El digital de Asturias\",\"description\":\"Revista de ocio, turismo y estilo de vida\",\"url\":\"https:\\\/\\\/eldigitaldeasturias.com\\\/magazine365\\\/\",\"logo\":{\"@type\":\"ImageObject\",\"url\":\"https:\\\/\\\/www.eldigitaldeasturias.com\\\/noticias\\\/wp-content\\\/uploads\\\/2020\\\/12\\\/EDA.jpg\",\"@id\":\"https:\\\/\\\/eldigitaldeasturias.com\\\/magazine365\\\/las-obras-en-la-l1-tendran-que-esperar-hasta-que-se-resuelva-el-conflicto-en-renfe\\\/#organizationLogo\"},\"image\":{\"@id\":\"https:\\\/\\\/eldigitaldeasturias.com\\\/magazine365\\\/las-obras-en-la-l1-tendran-que-esperar-hasta-que-se-resuelva-el-conflicto-en-renfe\\\/#organizationLogo\"}},{\"@type\":\"Person\",\"@id\":\"https:\\\/\\\/eldigitaldeasturias.com\\\/magazine365\\\/author\\\/admin\\\/#author\",\"url\":\"https:\\\/\\\/eldigitaldeasturias.com\\\/magazine365\\\/author\\\/admin\\\/\",\"name\":\"admin\",\"image\":{\"@type\":\"ImageObject\",\"@id\":\"https:\\\/\\\/eldigitaldeasturias.com\\\/magazine365\\\/las-obras-en-la-l1-tendran-que-esperar-hasta-que-se-resuelva-el-conflicto-en-renfe\\\/#authorImage\",\"url\":\"https:\\\/\\\/eldigitaldeasturias.com\\\/magazine365\\\/wp-content\\\/litespeed\\\/avatar\\\/e571bcf59a0edd6fa6838245a470f2fe.jpg?ver=1776969259\",\"width\":96,\"height\":96,\"caption\":\"admin\"}},{\"@type\":\"WebPage\",\"@id\":\"https:\\\/\\\/eldigitaldeasturias.com\\\/magazine365\\\/las-obras-en-la-l1-tendran-que-esperar-hasta-que-se-resuelva-el-conflicto-en-renfe\\\/#webpage\",\"url\":\"https:\\\/\\\/eldigitaldeasturias.com\\\/magazine365\\\/las-obras-en-la-l1-tendran-que-esperar-hasta-que-se-resuelva-el-conflicto-en-renfe\\\/\",\"name\":\"Las obras en la L1 tendr\\u00e1n que esperar hasta que se resuelva el conflicto en Renfe | El Digital de Asturias\",\"description\":\"La presidenta de la Comunidad de Madrid, Cristina Cifuentes, ha indicado este martes que las obras que requieren el cierre de 25 estaciones en la L\\u00ednea 1 de Metro tendr\\u00e1n que esperar hasta que se resuelva el conflicto generado entre Renfe y el sindicato de maquinistas porque ahora no se puede garantizar el refuerzo en\",\"inLanguage\":\"es-ES\",\"isPartOf\":{\"@id\":\"https:\\\/\\\/eldigitaldeasturias.com\\\/magazine365\\\/#website\"},\"breadcrumb\":{\"@id\":\"https:\\\/\\\/eldigitaldeasturias.com\\\/magazine365\\\/las-obras-en-la-l1-tendran-que-esperar-hasta-que-se-resuelva-el-conflicto-en-renfe\\\/#breadcrumblist\"},\"author\":{\"@id\":\"https:\\\/\\\/eldigitaldeasturias.com\\\/magazine365\\\/author\\\/admin\\\/#author\"},\"creator\":{\"@id\":\"https:\\\/\\\/eldigitaldeasturias.com\\\/magazine365\\\/author\\\/admin\\\/#author\"},\"image\":{\"@type\":\"ImageObject\",\"url\":\"https:\\\/\\\/eldigitaldeasturias.com\\\/magazine365\\\/wp-content\\\/uploads\\\/2016\\\/06\\\/fotonoticia_20160615104535_800.jpg\",\"@id\":\"https:\\\/\\\/eldigitaldeasturias.com\\\/magazine365\\\/las-obras-en-la-l1-tendran-que-esperar-hasta-que-se-resuelva-el-conflicto-en-renfe\\\/#mainImage\",\"width\":800,\"height\":450},\"primaryImageOfPage\":{\"@id\":\"https:\\\/\\\/eldigitaldeasturias.com\\\/magazine365\\\/las-obras-en-la-l1-tendran-que-esperar-hasta-que-se-resuelva-el-conflicto-en-renfe\\\/#mainImage\"},\"datePublished\":\"2016-06-15T12:32:02+02:00\",\"dateModified\":\"2016-06-15T12:32:02+02:00\"},{\"@type\":\"WebSite\",\"@id\":\"https:\\\/\\\/eldigitaldeasturias.com\\\/magazine365\\\/#website\",\"url\":\"https:\\\/\\\/eldigitaldeasturias.com\\\/magazine365\\\/\",\"name\":\"El Digital de Asturias\",\"description\":\"Revista de ocio, turismo y estilo de vida\",\"inLanguage\":\"es-ES\",\"publisher\":{\"@id\":\"https:\\\/\\\/eldigitaldeasturias.com\\\/magazine365\\\/#organization\"}}]}\n\t\t<\/script>\n\t\t<!-- All in One SEO Pro -->\r\n\t\t<title>Las obras en la L1 tendr\u00e1n que esperar hasta que se resuelva el conflicto en Renfe | El Digital de Asturias<\/title>\n\n","aioseo_head_json":{"title":"Las obras en la L1 tendr\u00e1n que esperar hasta que se resuelva el conflicto en Renfe | El Digital de Asturias","description":"La presidenta de la Comunidad de Madrid, Cristina Cifuentes, ha indicado este martes que las obras que requieren el cierre de 25 estaciones en la L\u00ednea 1 de Metro tendr\u00e1n que esperar hasta que se resuelva el conflicto generado entre Renfe y el sindicato de maquinistas porque ahora no se puede garantizar el refuerzo en","canonical_url":"https:\/\/eldigitaldeasturias.com\/magazine365\/las-obras-en-la-l1-tendran-que-esperar-hasta-que-se-resuelva-el-conflicto-en-renfe\/","robots":"max-image-preview:large","keywords":"noticias y actualidad","webmasterTools":{"google-site-verification":"UA-38556648-1","miscellaneous":""},"schema":{"@context":"https:\/\/schema.org","@graph":[{"@type":"Article","@id":"https:\/\/eldigitaldeasturias.com\/magazine365\/las-obras-en-la-l1-tendran-que-esperar-hasta-que-se-resuelva-el-conflicto-en-renfe\/#article","name":"Las obras en la L1 tendr\u00e1n que esperar hasta que se resuelva el conflicto en Renfe | El Digital de Asturias","headline":"Las obras en la L1 tendr\u00e1n que esperar hasta que se resuelva el conflicto en Renfe","author":{"@id":"https:\/\/eldigitaldeasturias.com\/magazine365\/author\/admin\/#author"},"publisher":{"@id":"https:\/\/eldigitaldeasturias.com\/magazine365\/#organization"},"image":{"@type":"ImageObject","url":"https:\/\/eldigitaldeasturias.com\/magazine365\/wp-content\/uploads\/2016\/06\/fotonoticia_20160615104535_800.jpg","width":800,"height":450},"datePublished":"2016-06-15T12:32:02+02:00","dateModified":"2016-06-15T12:32:02+02:00","inLanguage":"es-ES","mainEntityOfPage":{"@id":"https:\/\/eldigitaldeasturias.com\/magazine365\/las-obras-en-la-l1-tendran-que-esperar-hasta-que-se-resuelva-el-conflicto-en-renfe\/#webpage"},"isPartOf":{"@id":"https:\/\/eldigitaldeasturias.com\/magazine365\/las-obras-en-la-l1-tendran-que-esperar-hasta-que-se-resuelva-el-conflicto-en-renfe\/#webpage"},"articleSection":"Noticias y Actualidad"},{"@type":"BreadcrumbList","@id":"https:\/\/eldigitaldeasturias.com\/magazine365\/las-obras-en-la-l1-tendran-que-esperar-hasta-que-se-resuelva-el-conflicto-en-renfe\/#breadcrumblist","itemListElement":[{"@type":"ListItem","@id":"https:\/\/eldigitaldeasturias.com\/magazine365#listItem","position":1,"name":"Home","item":"https:\/\/eldigitaldeasturias.com\/magazine365","nextItem":{"@type":"ListItem","@id":"https:\/\/eldigitaldeasturias.com\/magazine365\/category\/noticias-actualidad\/#listItem","name":"Noticias y Actualidad"}},{"@type":"ListItem","@id":"https:\/\/eldigitaldeasturias.com\/magazine365\/category\/noticias-actualidad\/#listItem","position":2,"name":"Noticias y Actualidad","item":"https:\/\/eldigitaldeasturias.com\/magazine365\/category\/noticias-actualidad\/","nextItem":{"@type":"ListItem","@id":"https:\/\/eldigitaldeasturias.com\/magazine365\/las-obras-en-la-l1-tendran-que-esperar-hasta-que-se-resuelva-el-conflicto-en-renfe\/#listItem","name":"Las obras en la L1 tendr\u00e1n que esperar hasta que se resuelva el conflicto en Renfe"},"previousItem":{"@type":"ListItem","@id":"https:\/\/eldigitaldeasturias.com\/magazine365#listItem","name":"Home"}},{"@type":"ListItem","@id":"https:\/\/eldigitaldeasturias.com\/magazine365\/las-obras-en-la-l1-tendran-que-esperar-hasta-que-se-resuelva-el-conflicto-en-renfe\/#listItem","position":3,"name":"Las obras en la L1 tendr\u00e1n que esperar hasta que se resuelva el conflicto en Renfe","previousItem":{"@type":"ListItem","@id":"https:\/\/eldigitaldeasturias.com\/magazine365\/category\/noticias-actualidad\/#listItem","name":"Noticias y Actualidad"}}]},{"@type":"Organization","@id":"https:\/\/eldigitaldeasturias.com\/magazine365\/#organization","name":"El digital de Asturias","description":"Revista de ocio, turismo y estilo de vida","url":"https:\/\/eldigitaldeasturias.com\/magazine365\/","logo":{"@type":"ImageObject","url":"https:\/\/www.eldigitaldeasturias.com\/noticias\/wp-content\/uploads\/2020\/12\/EDA.jpg","@id":"https:\/\/eldigitaldeasturias.com\/magazine365\/las-obras-en-la-l1-tendran-que-esperar-hasta-que-se-resuelva-el-conflicto-en-renfe\/#organizationLogo"},"image":{"@id":"https:\/\/eldigitaldeasturias.com\/magazine365\/las-obras-en-la-l1-tendran-que-esperar-hasta-que-se-resuelva-el-conflicto-en-renfe\/#organizationLogo"}},{"@type":"Person","@id":"https:\/\/eldigitaldeasturias.com\/magazine365\/author\/admin\/#author","url":"https:\/\/eldigitaldeasturias.com\/magazine365\/author\/admin\/","name":"admin","image":{"@type":"ImageObject","@id":"https:\/\/eldigitaldeasturias.com\/magazine365\/las-obras-en-la-l1-tendran-que-esperar-hasta-que-se-resuelva-el-conflicto-en-renfe\/#authorImage","url":"https:\/\/eldigitaldeasturias.com\/magazine365\/wp-content\/litespeed\/avatar\/e571bcf59a0edd6fa6838245a470f2fe.jpg?ver=1776969259","width":96,"height":96,"caption":"admin"}},{"@type":"WebPage","@id":"https:\/\/eldigitaldeasturias.com\/magazine365\/las-obras-en-la-l1-tendran-que-esperar-hasta-que-se-resuelva-el-conflicto-en-renfe\/#webpage","url":"https:\/\/eldigitaldeasturias.com\/magazine365\/las-obras-en-la-l1-tendran-que-esperar-hasta-que-se-resuelva-el-conflicto-en-renfe\/","name":"Las obras en la L1 tendr\u00e1n que esperar hasta que se resuelva el conflicto en Renfe | El Digital de Asturias","description":"La presidenta de la Comunidad de Madrid, Cristina Cifuentes, ha indicado este martes que las obras que requieren el cierre de 25 estaciones en la L\u00ednea 1 de Metro tendr\u00e1n que esperar hasta que se resuelva el conflicto generado entre Renfe y el sindicato de maquinistas porque ahora no se puede garantizar el refuerzo en","inLanguage":"es-ES","isPartOf":{"@id":"https:\/\/eldigitaldeasturias.com\/magazine365\/#website"},"breadcrumb":{"@id":"https:\/\/eldigitaldeasturias.com\/magazine365\/las-obras-en-la-l1-tendran-que-esperar-hasta-que-se-resuelva-el-conflicto-en-renfe\/#breadcrumblist"},"author":{"@id":"https:\/\/eldigitaldeasturias.com\/magazine365\/author\/admin\/#author"},"creator":{"@id":"https:\/\/eldigitaldeasturias.com\/magazine365\/author\/admin\/#author"},"image":{"@type":"ImageObject","url":"https:\/\/eldigitaldeasturias.com\/magazine365\/wp-content\/uploads\/2016\/06\/fotonoticia_20160615104535_800.jpg","@id":"https:\/\/eldigitaldeasturias.com\/magazine365\/las-obras-en-la-l1-tendran-que-esperar-hasta-que-se-resuelva-el-conflicto-en-renfe\/#mainImage","width":800,"height":450},"primaryImageOfPage":{"@id":"https:\/\/eldigitaldeasturias.com\/magazine365\/las-obras-en-la-l1-tendran-que-esperar-hasta-que-se-resuelva-el-conflicto-en-renfe\/#mainImage"},"datePublished":"2016-06-15T12:32:02+02:00","dateModified":"2016-06-15T12:32:02+02:00"},{"@type":"WebSite","@id":"https:\/\/eldigitaldeasturias.com\/magazine365\/#website","url":"https:\/\/eldigitaldeasturias.com\/magazine365\/","name":"El Digital de Asturias","description":"Revista de ocio, turismo y estilo de vida","inLanguage":"es-ES","publisher":{"@id":"https:\/\/eldigitaldeasturias.com\/magazine365\/#organization"}}]},"og:locale":"es_ES","og:site_name":"El Digital de Asturias \u2013 Revista de ocio, turismo y estilo de vida","og:type":"article","og:title":"Las obras en la L1 tendr\u00e1n que esperar hasta que se resuelva el conflicto en Renfe | El Digital de Asturias","og:description":"La presidenta de la Comunidad de Madrid, Cristina Cifuentes, ha indicado este martes que las obras que requieren el cierre de 25 estaciones en la L\u00ednea 1 de Metro tendr\u00e1n que esperar hasta que se resuelva el conflicto generado entre Renfe y el sindicato de maquinistas porque ahora no se puede garantizar el refuerzo en","og:url":"https:\/\/eldigitaldeasturias.com\/magazine365\/las-obras-en-la-l1-tendran-que-esperar-hasta-que-se-resuelva-el-conflicto-en-renfe\/","og:image":"https:\/\/eldigitaldeasturias.com\/magazine365\/wp-content\/uploads\/2016\/06\/fotonoticia_20160615104535_800.jpg","og:image:secure_url":"https:\/\/eldigitaldeasturias.com\/magazine365\/wp-content\/uploads\/2016\/06\/fotonoticia_20160615104535_800.jpg","og:image:width":800,"og:image:height":450,"article:published_time":"2016-06-15T10:32:02+00:00","article:modified_time":"2016-06-15T10:32:02+00:00","twitter:card":"summary_large_image","twitter:title":"Las obras en la L1 tendr\u00e1n que esperar hasta que se resuelva el conflicto en Renfe | El Digital de Asturias","twitter:description":"La presidenta de la Comunidad de Madrid, Cristina Cifuentes, ha indicado este martes que las obras que requieren el cierre de 25 estaciones en la L\u00ednea 1 de Metro tendr\u00e1n que esperar hasta que se resuelva el conflicto generado entre Renfe y el sindicato de maquinistas porque ahora no se puede garantizar el refuerzo en","twitter:image":"https:\/\/eldigitaldeasturias.com\/magazine365\/wp-content\/uploads\/2016\/06\/fotonoticia_20160615104535_800.jpg"},"aioseo_meta_data":{"post_id":"79377","title":null,"description":null,"keywords":null,"keyphrases":null,"primary_term":null,"canonical_url":null,"og_title":null,"og_description":null,"og_object_type":"default","og_image_type":"default","og_image_url":null,"og_image_width":null,"og_image_height":null,"og_image_custom_url":null,"og_image_custom_fields":null,"og_video":null,"og_custom_url":null,"og_article_section":null,"og_article_tags":null,"twitter_use_og":false,"twitter_card":"default","twitter_image_type":"default","twitter_image_url":null,"twitter_image_custom_url":null,"twitter_image_custom_fields":null,"twitter_title":null,"twitter_description":null,"schema":{"blockGraphs":[],"customGraphs":[],"default":{"data":{"Article":[],"Course":[],"Dataset":[],"FAQPage":[],"Movie":[],"Person":[],"Product":[],"ProductReview":[],"Car":[],"Recipe":[],"Service":[],"SoftwareApplication":[],"WebPage":[]},"graphName":"","isEnabled":true},"graphs":[],"defaultGraph":"","defaultPostTypeGraph":""},"schema_type":null,"schema_type_options":null,"pillar_content":false,"robots_default":true,"robots_noindex":false,"robots_noarchive":false,"robots_nosnippet":false,"robots_nofollow":false,"robots_noimageindex":false,"robots_noodp":false,"robots_notranslate":false,"robots_max_snippet":null,"robots_max_videopreview":null,"robots_max_imagepreview":"large","priority":null,"frequency":null,"location":null,"local_seo":null,"seo_analyzer_scan_date":"2025-09-27 18:47:02","breadcrumb_settings":null,"limit_modified_date":false,"open_ai":null,"ai":null,"created":"2021-03-08 17:49:06","updated":"2025-09-27 18:47:02"},"aioseo_breadcrumb":"<div class=\"aioseo-breadcrumbs\"><span class=\"aioseo-breadcrumb\">\n\t<a href=\"https:\/\/eldigitaldeasturias.com\/magazine365\" title=\"Home\">Home<\/a>\n<\/span><span class=\"aioseo-breadcrumb-separator\">\u2013<\/span><span class=\"aioseo-breadcrumb\">\n\t<a href=\"https:\/\/eldigitaldeasturias.com\/magazine365\/category\/noticias-actualidad\/\" title=\"Noticias y Actualidad\">Noticias y Actualidad<\/a>\n<\/span><span class=\"aioseo-breadcrumb-separator\">\u2013<\/span><span class=\"aioseo-breadcrumb\">\n\t<a href=\"https:\/\/eldigitaldeasturias.com\/magazine365\/las-obras-en-la-l1-tendran-que-esperar-hasta-que-se-resuelva-el-conflicto-en-renfe\/\" title=\"Las obras en la L1 tendr\u00e1n que esperar hasta que se resuelva el conflicto en Renfe\">Las obras en la L1 tendr\u00e1n que esperar hasta que se resuelva el conflicto en Renfe<\/a>\n<\/span><\/div>","aioseo_breadcrumb_json":[{"label":"Home","link":"https:\/\/eldigitaldeasturias.com\/magazine365"},{"label":"Noticias y Actualidad","link":"https:\/\/eldigitaldeasturias.com\/magazine365\/category\/noticias-actualidad\/"},{"label":"Las obras en la L1 tendr\u00e1n que esperar hasta que se resuelva el conflicto en Renfe","link":"https:\/\/eldigitaldeasturias.com\/magazine365\/las-obras-en-la-l1-tendran-que-esperar-hasta-que-se-resuelva-el-conflicto-en-renfe\/"}],"_links":{"self":[{"href":"https:\/\/eldigitaldeasturias.com\/magazine365\/wp-json\/wp\/v2\/posts\/79377","targetHints":{"allow":["GET"]}}],"collection":[{"href":"https:\/\/eldigitaldeasturias.com\/magazine365\/wp-json\/wp\/v2\/posts"}],"about":[{"href":"https:\/\/eldigitaldeasturias.com\/magazine365\/wp-json\/wp\/v2\/types\/post"}],"author":[{"embeddable":true,"href":"https:\/\/eldigitaldeasturias.com\/magazine365\/wp-json\/wp\/v2\/users\/1"}],"replies":[{"embeddable":true,"href":"https:\/\/eldigitaldeasturias.com\/magazine365\/wp-json\/wp\/v2\/comments?post=79377"}],"version-history":[{"count":0,"href":"https:\/\/eldigitaldeasturias.com\/magazine365\/wp-json\/wp\/v2\/posts\/79377\/revisions"}],"wp:featuredmedia":[{"embeddable":true,"href":"https:\/\/eldigitaldeasturias.com\/magazine365\/wp-json\/wp\/v2\/media\/79378"}],"wp:attachment":[{"href":"https:\/\/eldigitaldeasturias.com\/magazine365\/wp-json\/wp\/v2\/media?parent=79377"}],"wp:term":[{"taxonomy":"category","embeddable":true,"href":"https:\/\/eldigitaldeasturias.com\/magazine365\/wp-json\/wp\/v2\/categories?post=79377"},{"taxonomy":"post_tag","embeddable":true,"href":"https:\/\/eldigitaldeasturias.com\/magazine365\/wp-json\/wp\/v2\/tags?post=79377"}],"curies":[{"name":"wp","href":"https:\/\/api.w.org\/{rel}","templated":true}]}}