{"id":79371,"date":"2016-06-15T12:29:34","date_gmt":"2016-06-15T10:29:34","guid":{"rendered":"http:\/\/eldigitaldeasturias.com\/magazine365\/?p=79371"},"modified":"2016-06-15T12:29:34","modified_gmt":"2016-06-15T10:29:34","slug":"fomento-traslada-al-proximo-martes-la-reunion-con-el-alcalde-de-granada-sobre-el-ave","status":"publish","type":"post","link":"https:\/\/eldigitaldeasturias.com\/magazine365\/fomento-traslada-al-proximo-martes-la-reunion-con-el-alcalde-de-granada-sobre-el-ave\/","title":{"rendered":"Fomento traslada al pr\u00f3ximo martes la reuni\u00f3n con el alcalde de Granada sobre el AVE"},"content":{"rendered":"<p><img fetchpriority=\"high\" decoding=\"async\" class=\"alignleft size-medium wp-image-79372\" src=\"https:\/\/eldigitaldeasturias.com\/magazine365\/wp-content\/uploads\/2016\/06\/fotonoticia_20160615104243_800-360x270.jpg\" alt=\"fotonoticia_20160615104243_800\" width=\"360\" height=\"270\" srcset=\"https:\/\/eldigitaldeasturias.com\/magazine365\/wp-content\/uploads\/2016\/06\/fotonoticia_20160615104243_800-360x270.jpg 360w, https:\/\/eldigitaldeasturias.com\/magazine365\/wp-content\/uploads\/2016\/06\/fotonoticia_20160615104243_800-650x488.jpg 650w, https:\/\/eldigitaldeasturias.com\/magazine365\/wp-content\/uploads\/2016\/06\/fotonoticia_20160615104243_800-768x576.jpg 768w, https:\/\/eldigitaldeasturias.com\/magazine365\/wp-content\/uploads\/2016\/06\/fotonoticia_20160615104243_800-150x113.jpg 150w, https:\/\/eldigitaldeasturias.com\/magazine365\/wp-content\/uploads\/2016\/06\/fotonoticia_20160615104243_800-450x338.jpg 450w, https:\/\/eldigitaldeasturias.com\/magazine365\/wp-content\/uploads\/2016\/06\/fotonoticia_20160615104243_800-90x67.jpg 90w, https:\/\/eldigitaldeasturias.com\/magazine365\/wp-content\/uploads\/2016\/06\/fotonoticia_20160615104243_800-164x124.jpg 164w, https:\/\/eldigitaldeasturias.com\/magazine365\/wp-content\/uploads\/2016\/06\/fotonoticia_20160615104243_800-100x75.jpg 100w, https:\/\/eldigitaldeasturias.com\/magazine365\/wp-content\/uploads\/2016\/06\/fotonoticia_20160615104243_800.jpg 800w\" sizes=\"(max-width: 360px) 100vw, 360px\" \/>El Ministerio de Fomento ha trasladado al pr\u00f3ximo martes, 21 de junio, la reuni\u00f3n con el alcalde de Granada, Francisco Cuenca (PSOE), para hablar sobre la recuperaci\u00f3n de las conexiones ferroviarias y el soterramiento del AVE a su entrada a la ciudad, un encuentro que el Gobierno ha modificado tres veces en menos de 24 horas, seg\u00fan han informado a Europa Press fuentes municipales.<\/p>\n<p>La cita estaba inicialmente prevista para este mi\u00e9rcoles, pero el Ministerio la anul\u00f3 alegando problemas de agenda, algo que el alcalde calific\u00f3 como una \u00abfalta de respeto\u00bb a toda la ciudad.<\/p>\n<p>Sobre el mediod\u00eda, Fomento volvi\u00f3 a ponerse en contacto con el Ayuntamiento y le ofreci\u00f3 una reuni\u00f3n el viernes, con la condici\u00f3n de que a ella solo asistiera el alcalde y no la delegaci\u00f3n acordada en la Mesa por el Ferrocarril.<\/p>\n<p>Finalmente, a las 21,00 horas, Fomento anul\u00f3 tambi\u00e9n ese encuentro y lo traslad\u00f3 al pr\u00f3ximo martes, cuando ser\u00e1 el secretario de Estado de Infraestructura, Transporte y Vivienda, Julio G\u00f3mez-Pomar, quien se desplace a Granada, seg\u00fan han a\u00f1adido las mismas fuentes.<\/p>\n<p>Cuenca \u00abha forzado\u00bb que a la reuni\u00f3n, prevista sobre las 10,30 horas del pr\u00f3ximo martes, tambi\u00e9n pueda asistir los representantes de la Mesa por el Ferrocarril, de modo que todos los agentes sociales de la ciudad puedan expresar sus reivindicaciones al Ministerio respecto al soterramiento del AVE y la recuperaci\u00f3n de conexiones ferroviarias a la ciudad.<\/p>\n","protected":false},"excerpt":{"rendered":"<p>El Ministerio de Fomento ha trasladado al pr\u00f3ximo martes, 21 de junio, la reuni\u00f3n con el alcalde de Granada, Francisco Cuenca (PSOE), para hablar sobre la recuperaci\u00f3n de las conexiones ferroviarias y el soterramiento del AVE a su entrada a la ciudad, un encuentro que el Gobierno ha modificado tres veces en menos de 24<\/p>\n","protected":false},"author":1,"featured_media":79372,"comment_status":"open","ping_status":"closed","sticky":false,"template":"","format":"standard","meta":{"footnotes":""},"categories":[224],"tags":[],"class_list":{"0":"post-79371","1":"post","2":"type-post","3":"status-publish","4":"format-standard","5":"has-post-thumbnail","7":"category-noticias-actualidad"},"aioseo_notices":[],"aioseo_head":"\n\t\t<!-- All in One SEO Pro 4.9.6.1 - aioseo.com -->\n\t<meta name=\"description\" content=\"El Ministerio de Fomento ha trasladado al pr\u00f3ximo martes, 21 de junio, la reuni\u00f3n con el alcalde de Granada, Francisco Cuenca (PSOE), para hablar sobre la recuperaci\u00f3n de las conexiones ferroviarias y el soterramiento del AVE a su entrada a la ciudad, un encuentro que el Gobierno ha modificado tres veces en menos de 24\" \/>\n\t<meta name=\"robots\" content=\"max-image-preview:large\" \/>\n\t<meta name=\"author\" content=\"admin\"\/>\n\t<meta name=\"google-site-verification\" content=\"UA-38556648-1\" \/>\n\t<meta name=\"keywords\" content=\"noticias y actualidad\" \/>\n\t<link rel=\"canonical\" href=\"https:\/\/eldigitaldeasturias.com\/magazine365\/fomento-traslada-al-proximo-martes-la-reunion-con-el-alcalde-de-granada-sobre-el-ave\/\" \/>\n\t<meta name=\"generator\" content=\"All in One SEO Pro (AIOSEO) 4.9.6.1\" \/>\n\t\t<meta property=\"og:locale\" content=\"es_ES\" \/>\n\t\t<meta property=\"og:site_name\" content=\"El Digital de Asturias \u2013 Revista de ocio, turismo y estilo de vida\" \/>\n\t\t<meta property=\"og:type\" content=\"article\" \/>\n\t\t<meta property=\"og:title\" content=\"Fomento traslada al pr\u00f3ximo martes la reuni\u00f3n con el alcalde de Granada sobre el AVE | El Digital de Asturias\" \/>\n\t\t<meta property=\"og:description\" content=\"El Ministerio de Fomento ha trasladado al pr\u00f3ximo martes, 21 de junio, la reuni\u00f3n con el alcalde de Granada, Francisco Cuenca (PSOE), para hablar sobre la recuperaci\u00f3n de las conexiones ferroviarias y el soterramiento del AVE a su entrada a la ciudad, un encuentro que el Gobierno ha modificado tres veces en menos de 24\" \/>\n\t\t<meta property=\"og:url\" content=\"https:\/\/eldigitaldeasturias.com\/magazine365\/fomento-traslada-al-proximo-martes-la-reunion-con-el-alcalde-de-granada-sobre-el-ave\/\" \/>\n\t\t<meta property=\"og:image\" content=\"https:\/\/eldigitaldeasturias.com\/magazine365\/wp-content\/uploads\/2016\/06\/fotonoticia_20160615104243_800.jpg\" \/>\n\t\t<meta property=\"og:image:secure_url\" content=\"https:\/\/eldigitaldeasturias.com\/magazine365\/wp-content\/uploads\/2016\/06\/fotonoticia_20160615104243_800.jpg\" \/>\n\t\t<meta property=\"og:image:width\" content=\"800\" \/>\n\t\t<meta property=\"og:image:height\" content=\"600\" \/>\n\t\t<meta property=\"article:published_time\" content=\"2016-06-15T10:29:34+00:00\" \/>\n\t\t<meta property=\"article:modified_time\" content=\"2016-06-15T10:29:34+00:00\" \/>\n\t\t<meta name=\"twitter:card\" content=\"summary_large_image\" \/>\n\t\t<meta name=\"twitter:title\" content=\"Fomento traslada al pr\u00f3ximo martes la reuni\u00f3n con el alcalde de Granada sobre el AVE | El Digital de Asturias\" \/>\n\t\t<meta name=\"twitter:description\" content=\"El Ministerio de Fomento ha trasladado al pr\u00f3ximo martes, 21 de junio, la reuni\u00f3n con el alcalde de Granada, Francisco Cuenca (PSOE), para hablar sobre la recuperaci\u00f3n de las conexiones ferroviarias y el soterramiento del AVE a su entrada a la ciudad, un encuentro que el Gobierno ha modificado tres veces en menos de 24\" \/>\n\t\t<meta name=\"twitter:image\" content=\"https:\/\/eldigitaldeasturias.com\/magazine365\/wp-content\/uploads\/2016\/06\/fotonoticia_20160615104243_800.jpg\" \/>\n\t\t<script type=\"application\/ld+json\" class=\"aioseo-schema\">\n\t\t\t{\"@context\":\"https:\\\/\\\/schema.org\",\"@graph\":[{\"@type\":\"Article\",\"@id\":\"https:\\\/\\\/eldigitaldeasturias.com\\\/magazine365\\\/fomento-traslada-al-proximo-martes-la-reunion-con-el-alcalde-de-granada-sobre-el-ave\\\/#article\",\"name\":\"Fomento traslada al pr\\u00f3ximo martes la reuni\\u00f3n con el alcalde de Granada sobre el AVE | El Digital de Asturias\",\"headline\":\"Fomento traslada al pr\\u00f3ximo martes la reuni\\u00f3n con el alcalde de Granada sobre el AVE\",\"author\":{\"@id\":\"https:\\\/\\\/eldigitaldeasturias.com\\\/magazine365\\\/author\\\/admin\\\/#author\"},\"publisher\":{\"@id\":\"https:\\\/\\\/eldigitaldeasturias.com\\\/magazine365\\\/#organization\"},\"image\":{\"@type\":\"ImageObject\",\"url\":\"https:\\\/\\\/eldigitaldeasturias.com\\\/magazine365\\\/wp-content\\\/uploads\\\/2016\\\/06\\\/fotonoticia_20160615104243_800.jpg\",\"width\":800,\"height\":600},\"datePublished\":\"2016-06-15T12:29:34+02:00\",\"dateModified\":\"2016-06-15T12:29:34+02:00\",\"inLanguage\":\"es-ES\",\"mainEntityOfPage\":{\"@id\":\"https:\\\/\\\/eldigitaldeasturias.com\\\/magazine365\\\/fomento-traslada-al-proximo-martes-la-reunion-con-el-alcalde-de-granada-sobre-el-ave\\\/#webpage\"},\"isPartOf\":{\"@id\":\"https:\\\/\\\/eldigitaldeasturias.com\\\/magazine365\\\/fomento-traslada-al-proximo-martes-la-reunion-con-el-alcalde-de-granada-sobre-el-ave\\\/#webpage\"},\"articleSection\":\"Noticias y Actualidad\"},{\"@type\":\"BreadcrumbList\",\"@id\":\"https:\\\/\\\/eldigitaldeasturias.com\\\/magazine365\\\/fomento-traslada-al-proximo-martes-la-reunion-con-el-alcalde-de-granada-sobre-el-ave\\\/#breadcrumblist\",\"itemListElement\":[{\"@type\":\"ListItem\",\"@id\":\"https:\\\/\\\/eldigitaldeasturias.com\\\/magazine365#listItem\",\"position\":1,\"name\":\"Home\",\"item\":\"https:\\\/\\\/eldigitaldeasturias.com\\\/magazine365\",\"nextItem\":{\"@type\":\"ListItem\",\"@id\":\"https:\\\/\\\/eldigitaldeasturias.com\\\/magazine365\\\/category\\\/noticias-actualidad\\\/#listItem\",\"name\":\"Noticias y Actualidad\"}},{\"@type\":\"ListItem\",\"@id\":\"https:\\\/\\\/eldigitaldeasturias.com\\\/magazine365\\\/category\\\/noticias-actualidad\\\/#listItem\",\"position\":2,\"name\":\"Noticias y Actualidad\",\"item\":\"https:\\\/\\\/eldigitaldeasturias.com\\\/magazine365\\\/category\\\/noticias-actualidad\\\/\",\"nextItem\":{\"@type\":\"ListItem\",\"@id\":\"https:\\\/\\\/eldigitaldeasturias.com\\\/magazine365\\\/fomento-traslada-al-proximo-martes-la-reunion-con-el-alcalde-de-granada-sobre-el-ave\\\/#listItem\",\"name\":\"Fomento traslada al pr\\u00f3ximo martes la reuni\\u00f3n con el alcalde de Granada sobre el AVE\"},\"previousItem\":{\"@type\":\"ListItem\",\"@id\":\"https:\\\/\\\/eldigitaldeasturias.com\\\/magazine365#listItem\",\"name\":\"Home\"}},{\"@type\":\"ListItem\",\"@id\":\"https:\\\/\\\/eldigitaldeasturias.com\\\/magazine365\\\/fomento-traslada-al-proximo-martes-la-reunion-con-el-alcalde-de-granada-sobre-el-ave\\\/#listItem\",\"position\":3,\"name\":\"Fomento traslada al pr\\u00f3ximo martes la reuni\\u00f3n con el alcalde de Granada sobre el AVE\",\"previousItem\":{\"@type\":\"ListItem\",\"@id\":\"https:\\\/\\\/eldigitaldeasturias.com\\\/magazine365\\\/category\\\/noticias-actualidad\\\/#listItem\",\"name\":\"Noticias y Actualidad\"}}]},{\"@type\":\"Organization\",\"@id\":\"https:\\\/\\\/eldigitaldeasturias.com\\\/magazine365\\\/#organization\",\"name\":\"El digital de Asturias\",\"description\":\"Revista de ocio, turismo y estilo de vida\",\"url\":\"https:\\\/\\\/eldigitaldeasturias.com\\\/magazine365\\\/\",\"logo\":{\"@type\":\"ImageObject\",\"url\":\"https:\\\/\\\/www.eldigitaldeasturias.com\\\/noticias\\\/wp-content\\\/uploads\\\/2020\\\/12\\\/EDA.jpg\",\"@id\":\"https:\\\/\\\/eldigitaldeasturias.com\\\/magazine365\\\/fomento-traslada-al-proximo-martes-la-reunion-con-el-alcalde-de-granada-sobre-el-ave\\\/#organizationLogo\"},\"image\":{\"@id\":\"https:\\\/\\\/eldigitaldeasturias.com\\\/magazine365\\\/fomento-traslada-al-proximo-martes-la-reunion-con-el-alcalde-de-granada-sobre-el-ave\\\/#organizationLogo\"}},{\"@type\":\"Person\",\"@id\":\"https:\\\/\\\/eldigitaldeasturias.com\\\/magazine365\\\/author\\\/admin\\\/#author\",\"url\":\"https:\\\/\\\/eldigitaldeasturias.com\\\/magazine365\\\/author\\\/admin\\\/\",\"name\":\"admin\",\"image\":{\"@type\":\"ImageObject\",\"@id\":\"https:\\\/\\\/eldigitaldeasturias.com\\\/magazine365\\\/fomento-traslada-al-proximo-martes-la-reunion-con-el-alcalde-de-granada-sobre-el-ave\\\/#authorImage\",\"url\":\"https:\\\/\\\/eldigitaldeasturias.com\\\/magazine365\\\/wp-content\\\/litespeed\\\/avatar\\\/e571bcf59a0edd6fa6838245a470f2fe.jpg?ver=1776969259\",\"width\":96,\"height\":96,\"caption\":\"admin\"}},{\"@type\":\"WebPage\",\"@id\":\"https:\\\/\\\/eldigitaldeasturias.com\\\/magazine365\\\/fomento-traslada-al-proximo-martes-la-reunion-con-el-alcalde-de-granada-sobre-el-ave\\\/#webpage\",\"url\":\"https:\\\/\\\/eldigitaldeasturias.com\\\/magazine365\\\/fomento-traslada-al-proximo-martes-la-reunion-con-el-alcalde-de-granada-sobre-el-ave\\\/\",\"name\":\"Fomento traslada al pr\\u00f3ximo martes la reuni\\u00f3n con el alcalde de Granada sobre el AVE | El Digital de Asturias\",\"description\":\"El Ministerio de Fomento ha trasladado al pr\\u00f3ximo martes, 21 de junio, la reuni\\u00f3n con el alcalde de Granada, Francisco Cuenca (PSOE), para hablar sobre la recuperaci\\u00f3n de las conexiones ferroviarias y el soterramiento del AVE a su entrada a la ciudad, un encuentro que el Gobierno ha modificado tres veces en menos de 24\",\"inLanguage\":\"es-ES\",\"isPartOf\":{\"@id\":\"https:\\\/\\\/eldigitaldeasturias.com\\\/magazine365\\\/#website\"},\"breadcrumb\":{\"@id\":\"https:\\\/\\\/eldigitaldeasturias.com\\\/magazine365\\\/fomento-traslada-al-proximo-martes-la-reunion-con-el-alcalde-de-granada-sobre-el-ave\\\/#breadcrumblist\"},\"author\":{\"@id\":\"https:\\\/\\\/eldigitaldeasturias.com\\\/magazine365\\\/author\\\/admin\\\/#author\"},\"creator\":{\"@id\":\"https:\\\/\\\/eldigitaldeasturias.com\\\/magazine365\\\/author\\\/admin\\\/#author\"},\"image\":{\"@type\":\"ImageObject\",\"url\":\"https:\\\/\\\/eldigitaldeasturias.com\\\/magazine365\\\/wp-content\\\/uploads\\\/2016\\\/06\\\/fotonoticia_20160615104243_800.jpg\",\"@id\":\"https:\\\/\\\/eldigitaldeasturias.com\\\/magazine365\\\/fomento-traslada-al-proximo-martes-la-reunion-con-el-alcalde-de-granada-sobre-el-ave\\\/#mainImage\",\"width\":800,\"height\":600},\"primaryImageOfPage\":{\"@id\":\"https:\\\/\\\/eldigitaldeasturias.com\\\/magazine365\\\/fomento-traslada-al-proximo-martes-la-reunion-con-el-alcalde-de-granada-sobre-el-ave\\\/#mainImage\"},\"datePublished\":\"2016-06-15T12:29:34+02:00\",\"dateModified\":\"2016-06-15T12:29:34+02:00\"},{\"@type\":\"WebSite\",\"@id\":\"https:\\\/\\\/eldigitaldeasturias.com\\\/magazine365\\\/#website\",\"url\":\"https:\\\/\\\/eldigitaldeasturias.com\\\/magazine365\\\/\",\"name\":\"El Digital de Asturias\",\"description\":\"Revista de ocio, turismo y estilo de vida\",\"inLanguage\":\"es-ES\",\"publisher\":{\"@id\":\"https:\\\/\\\/eldigitaldeasturias.com\\\/magazine365\\\/#organization\"}}]}\n\t\t<\/script>\n\t\t<!-- All in One SEO Pro -->\r\n\t\t<title>Fomento traslada al pr\u00f3ximo martes la reuni\u00f3n con el alcalde de Granada sobre el AVE | El Digital de Asturias<\/title>\n\n","aioseo_head_json":{"title":"Fomento traslada al pr\u00f3ximo martes la reuni\u00f3n con el alcalde de Granada sobre el AVE | El Digital de Asturias","description":"El Ministerio de Fomento ha trasladado al pr\u00f3ximo martes, 21 de junio, la reuni\u00f3n con el alcalde de Granada, Francisco Cuenca (PSOE), para hablar sobre la recuperaci\u00f3n de las conexiones ferroviarias y el soterramiento del AVE a su entrada a la ciudad, un encuentro que el Gobierno ha modificado tres veces en menos de 24","canonical_url":"https:\/\/eldigitaldeasturias.com\/magazine365\/fomento-traslada-al-proximo-martes-la-reunion-con-el-alcalde-de-granada-sobre-el-ave\/","robots":"max-image-preview:large","keywords":"noticias y actualidad","webmasterTools":{"google-site-verification":"UA-38556648-1","miscellaneous":""},"schema":{"@context":"https:\/\/schema.org","@graph":[{"@type":"Article","@id":"https:\/\/eldigitaldeasturias.com\/magazine365\/fomento-traslada-al-proximo-martes-la-reunion-con-el-alcalde-de-granada-sobre-el-ave\/#article","name":"Fomento traslada al pr\u00f3ximo martes la reuni\u00f3n con el alcalde de Granada sobre el AVE | El Digital de Asturias","headline":"Fomento traslada al pr\u00f3ximo martes la reuni\u00f3n con el alcalde de Granada sobre el AVE","author":{"@id":"https:\/\/eldigitaldeasturias.com\/magazine365\/author\/admin\/#author"},"publisher":{"@id":"https:\/\/eldigitaldeasturias.com\/magazine365\/#organization"},"image":{"@type":"ImageObject","url":"https:\/\/eldigitaldeasturias.com\/magazine365\/wp-content\/uploads\/2016\/06\/fotonoticia_20160615104243_800.jpg","width":800,"height":600},"datePublished":"2016-06-15T12:29:34+02:00","dateModified":"2016-06-15T12:29:34+02:00","inLanguage":"es-ES","mainEntityOfPage":{"@id":"https:\/\/eldigitaldeasturias.com\/magazine365\/fomento-traslada-al-proximo-martes-la-reunion-con-el-alcalde-de-granada-sobre-el-ave\/#webpage"},"isPartOf":{"@id":"https:\/\/eldigitaldeasturias.com\/magazine365\/fomento-traslada-al-proximo-martes-la-reunion-con-el-alcalde-de-granada-sobre-el-ave\/#webpage"},"articleSection":"Noticias y Actualidad"},{"@type":"BreadcrumbList","@id":"https:\/\/eldigitaldeasturias.com\/magazine365\/fomento-traslada-al-proximo-martes-la-reunion-con-el-alcalde-de-granada-sobre-el-ave\/#breadcrumblist","itemListElement":[{"@type":"ListItem","@id":"https:\/\/eldigitaldeasturias.com\/magazine365#listItem","position":1,"name":"Home","item":"https:\/\/eldigitaldeasturias.com\/magazine365","nextItem":{"@type":"ListItem","@id":"https:\/\/eldigitaldeasturias.com\/magazine365\/category\/noticias-actualidad\/#listItem","name":"Noticias y Actualidad"}},{"@type":"ListItem","@id":"https:\/\/eldigitaldeasturias.com\/magazine365\/category\/noticias-actualidad\/#listItem","position":2,"name":"Noticias y Actualidad","item":"https:\/\/eldigitaldeasturias.com\/magazine365\/category\/noticias-actualidad\/","nextItem":{"@type":"ListItem","@id":"https:\/\/eldigitaldeasturias.com\/magazine365\/fomento-traslada-al-proximo-martes-la-reunion-con-el-alcalde-de-granada-sobre-el-ave\/#listItem","name":"Fomento traslada al pr\u00f3ximo martes la reuni\u00f3n con el alcalde de Granada sobre el AVE"},"previousItem":{"@type":"ListItem","@id":"https:\/\/eldigitaldeasturias.com\/magazine365#listItem","name":"Home"}},{"@type":"ListItem","@id":"https:\/\/eldigitaldeasturias.com\/magazine365\/fomento-traslada-al-proximo-martes-la-reunion-con-el-alcalde-de-granada-sobre-el-ave\/#listItem","position":3,"name":"Fomento traslada al pr\u00f3ximo martes la reuni\u00f3n con el alcalde de Granada sobre el AVE","previousItem":{"@type":"ListItem","@id":"https:\/\/eldigitaldeasturias.com\/magazine365\/category\/noticias-actualidad\/#listItem","name":"Noticias y Actualidad"}}]},{"@type":"Organization","@id":"https:\/\/eldigitaldeasturias.com\/magazine365\/#organization","name":"El digital de Asturias","description":"Revista de ocio, turismo y estilo de vida","url":"https:\/\/eldigitaldeasturias.com\/magazine365\/","logo":{"@type":"ImageObject","url":"https:\/\/www.eldigitaldeasturias.com\/noticias\/wp-content\/uploads\/2020\/12\/EDA.jpg","@id":"https:\/\/eldigitaldeasturias.com\/magazine365\/fomento-traslada-al-proximo-martes-la-reunion-con-el-alcalde-de-granada-sobre-el-ave\/#organizationLogo"},"image":{"@id":"https:\/\/eldigitaldeasturias.com\/magazine365\/fomento-traslada-al-proximo-martes-la-reunion-con-el-alcalde-de-granada-sobre-el-ave\/#organizationLogo"}},{"@type":"Person","@id":"https:\/\/eldigitaldeasturias.com\/magazine365\/author\/admin\/#author","url":"https:\/\/eldigitaldeasturias.com\/magazine365\/author\/admin\/","name":"admin","image":{"@type":"ImageObject","@id":"https:\/\/eldigitaldeasturias.com\/magazine365\/fomento-traslada-al-proximo-martes-la-reunion-con-el-alcalde-de-granada-sobre-el-ave\/#authorImage","url":"https:\/\/eldigitaldeasturias.com\/magazine365\/wp-content\/litespeed\/avatar\/e571bcf59a0edd6fa6838245a470f2fe.jpg?ver=1776969259","width":96,"height":96,"caption":"admin"}},{"@type":"WebPage","@id":"https:\/\/eldigitaldeasturias.com\/magazine365\/fomento-traslada-al-proximo-martes-la-reunion-con-el-alcalde-de-granada-sobre-el-ave\/#webpage","url":"https:\/\/eldigitaldeasturias.com\/magazine365\/fomento-traslada-al-proximo-martes-la-reunion-con-el-alcalde-de-granada-sobre-el-ave\/","name":"Fomento traslada al pr\u00f3ximo martes la reuni\u00f3n con el alcalde de Granada sobre el AVE | El Digital de Asturias","description":"El Ministerio de Fomento ha trasladado al pr\u00f3ximo martes, 21 de junio, la reuni\u00f3n con el alcalde de Granada, Francisco Cuenca (PSOE), para hablar sobre la recuperaci\u00f3n de las conexiones ferroviarias y el soterramiento del AVE a su entrada a la ciudad, un encuentro que el Gobierno ha modificado tres veces en menos de 24","inLanguage":"es-ES","isPartOf":{"@id":"https:\/\/eldigitaldeasturias.com\/magazine365\/#website"},"breadcrumb":{"@id":"https:\/\/eldigitaldeasturias.com\/magazine365\/fomento-traslada-al-proximo-martes-la-reunion-con-el-alcalde-de-granada-sobre-el-ave\/#breadcrumblist"},"author":{"@id":"https:\/\/eldigitaldeasturias.com\/magazine365\/author\/admin\/#author"},"creator":{"@id":"https:\/\/eldigitaldeasturias.com\/magazine365\/author\/admin\/#author"},"image":{"@type":"ImageObject","url":"https:\/\/eldigitaldeasturias.com\/magazine365\/wp-content\/uploads\/2016\/06\/fotonoticia_20160615104243_800.jpg","@id":"https:\/\/eldigitaldeasturias.com\/magazine365\/fomento-traslada-al-proximo-martes-la-reunion-con-el-alcalde-de-granada-sobre-el-ave\/#mainImage","width":800,"height":600},"primaryImageOfPage":{"@id":"https:\/\/eldigitaldeasturias.com\/magazine365\/fomento-traslada-al-proximo-martes-la-reunion-con-el-alcalde-de-granada-sobre-el-ave\/#mainImage"},"datePublished":"2016-06-15T12:29:34+02:00","dateModified":"2016-06-15T12:29:34+02:00"},{"@type":"WebSite","@id":"https:\/\/eldigitaldeasturias.com\/magazine365\/#website","url":"https:\/\/eldigitaldeasturias.com\/magazine365\/","name":"El Digital de Asturias","description":"Revista de ocio, turismo y estilo de vida","inLanguage":"es-ES","publisher":{"@id":"https:\/\/eldigitaldeasturias.com\/magazine365\/#organization"}}]},"og:locale":"es_ES","og:site_name":"El Digital de Asturias \u2013 Revista de ocio, turismo y estilo de vida","og:type":"article","og:title":"Fomento traslada al pr\u00f3ximo martes la reuni\u00f3n con el alcalde de Granada sobre el AVE | El Digital de Asturias","og:description":"El Ministerio de Fomento ha trasladado al pr\u00f3ximo martes, 21 de junio, la reuni\u00f3n con el alcalde de Granada, Francisco Cuenca (PSOE), para hablar sobre la recuperaci\u00f3n de las conexiones ferroviarias y el soterramiento del AVE a su entrada a la ciudad, un encuentro que el Gobierno ha modificado tres veces en menos de 24","og:url":"https:\/\/eldigitaldeasturias.com\/magazine365\/fomento-traslada-al-proximo-martes-la-reunion-con-el-alcalde-de-granada-sobre-el-ave\/","og:image":"https:\/\/eldigitaldeasturias.com\/magazine365\/wp-content\/uploads\/2016\/06\/fotonoticia_20160615104243_800.jpg","og:image:secure_url":"https:\/\/eldigitaldeasturias.com\/magazine365\/wp-content\/uploads\/2016\/06\/fotonoticia_20160615104243_800.jpg","og:image:width":800,"og:image:height":600,"article:published_time":"2016-06-15T10:29:34+00:00","article:modified_time":"2016-06-15T10:29:34+00:00","twitter:card":"summary_large_image","twitter:title":"Fomento traslada al pr\u00f3ximo martes la reuni\u00f3n con el alcalde de Granada sobre el AVE | El Digital de Asturias","twitter:description":"El Ministerio de Fomento ha trasladado al pr\u00f3ximo martes, 21 de junio, la reuni\u00f3n con el alcalde de Granada, Francisco Cuenca (PSOE), para hablar sobre la recuperaci\u00f3n de las conexiones ferroviarias y el soterramiento del AVE a su entrada a la ciudad, un encuentro que el Gobierno ha modificado tres veces en menos de 24","twitter:image":"https:\/\/eldigitaldeasturias.com\/magazine365\/wp-content\/uploads\/2016\/06\/fotonoticia_20160615104243_800.jpg"},"aioseo_meta_data":{"post_id":"79371","title":null,"description":null,"keywords":null,"keyphrases":null,"primary_term":null,"canonical_url":null,"og_title":null,"og_description":null,"og_object_type":"default","og_image_type":"default","og_image_url":null,"og_image_width":null,"og_image_height":null,"og_image_custom_url":null,"og_image_custom_fields":null,"og_video":null,"og_custom_url":null,"og_article_section":null,"og_article_tags":null,"twitter_use_og":false,"twitter_card":"default","twitter_image_type":"default","twitter_image_url":null,"twitter_image_custom_url":null,"twitter_image_custom_fields":null,"twitter_title":null,"twitter_description":null,"schema":{"blockGraphs":[],"customGraphs":[],"default":{"data":{"Article":[],"Course":[],"Dataset":[],"FAQPage":[],"Movie":[],"Person":[],"Product":[],"ProductReview":[],"Car":[],"Recipe":[],"Service":[],"SoftwareApplication":[],"WebPage":[]},"graphName":"","isEnabled":true},"graphs":[]},"schema_type":null,"schema_type_options":null,"pillar_content":false,"robots_default":true,"robots_noindex":false,"robots_noarchive":false,"robots_nosnippet":false,"robots_nofollow":false,"robots_noimageindex":false,"robots_noodp":false,"robots_notranslate":false,"robots_max_snippet":null,"robots_max_videopreview":null,"robots_max_imagepreview":"large","priority":null,"frequency":null,"location":null,"local_seo":null,"seo_analyzer_scan_date":"2025-09-27 18:47:00","breadcrumb_settings":null,"limit_modified_date":false,"open_ai":null,"ai":null,"created":"2021-03-08 17:49:06","updated":"2025-09-27 18:47:00"},"aioseo_breadcrumb":"<div class=\"aioseo-breadcrumbs\"><span class=\"aioseo-breadcrumb\">\n\t<a href=\"https:\/\/eldigitaldeasturias.com\/magazine365\" title=\"Home\">Home<\/a>\n<\/span><span class=\"aioseo-breadcrumb-separator\">\u2013<\/span><span class=\"aioseo-breadcrumb\">\n\t<a href=\"https:\/\/eldigitaldeasturias.com\/magazine365\/category\/noticias-actualidad\/\" title=\"Noticias y Actualidad\">Noticias y Actualidad<\/a>\n<\/span><span class=\"aioseo-breadcrumb-separator\">\u2013<\/span><span class=\"aioseo-breadcrumb\">\n\t<a href=\"https:\/\/eldigitaldeasturias.com\/magazine365\/fomento-traslada-al-proximo-martes-la-reunion-con-el-alcalde-de-granada-sobre-el-ave\/\" title=\"Fomento traslada al pr\u00f3ximo martes la reuni\u00f3n con el alcalde de Granada sobre el AVE\">Fomento traslada al pr\u00f3ximo martes la reuni\u00f3n con el alcalde de Granada sobre el AVE<\/a>\n<\/span><\/div>","aioseo_breadcrumb_json":[{"label":"Home","link":"https:\/\/eldigitaldeasturias.com\/magazine365"},{"label":"Noticias y Actualidad","link":"https:\/\/eldigitaldeasturias.com\/magazine365\/category\/noticias-actualidad\/"},{"label":"Fomento traslada al pr\u00f3ximo martes la reuni\u00f3n con el alcalde de Granada sobre el AVE","link":"https:\/\/eldigitaldeasturias.com\/magazine365\/fomento-traslada-al-proximo-martes-la-reunion-con-el-alcalde-de-granada-sobre-el-ave\/"}],"_links":{"self":[{"href":"https:\/\/eldigitaldeasturias.com\/magazine365\/wp-json\/wp\/v2\/posts\/79371","targetHints":{"allow":["GET"]}}],"collection":[{"href":"https:\/\/eldigitaldeasturias.com\/magazine365\/wp-json\/wp\/v2\/posts"}],"about":[{"href":"https:\/\/eldigitaldeasturias.com\/magazine365\/wp-json\/wp\/v2\/types\/post"}],"author":[{"embeddable":true,"href":"https:\/\/eldigitaldeasturias.com\/magazine365\/wp-json\/wp\/v2\/users\/1"}],"replies":[{"embeddable":true,"href":"https:\/\/eldigitaldeasturias.com\/magazine365\/wp-json\/wp\/v2\/comments?post=79371"}],"version-history":[{"count":0,"href":"https:\/\/eldigitaldeasturias.com\/magazine365\/wp-json\/wp\/v2\/posts\/79371\/revisions"}],"wp:featuredmedia":[{"embeddable":true,"href":"https:\/\/eldigitaldeasturias.com\/magazine365\/wp-json\/wp\/v2\/media\/79372"}],"wp:attachment":[{"href":"https:\/\/eldigitaldeasturias.com\/magazine365\/wp-json\/wp\/v2\/media?parent=79371"}],"wp:term":[{"taxonomy":"category","embeddable":true,"href":"https:\/\/eldigitaldeasturias.com\/magazine365\/wp-json\/wp\/v2\/categories?post=79371"},{"taxonomy":"post_tag","embeddable":true,"href":"https:\/\/eldigitaldeasturias.com\/magazine365\/wp-json\/wp\/v2\/tags?post=79371"}],"curies":[{"name":"wp","href":"https:\/\/api.w.org\/{rel}","templated":true}]}}