{"id":79359,"date":"2016-06-15T11:15:57","date_gmt":"2016-06-15T09:15:57","guid":{"rendered":"http:\/\/eldigitaldeasturias.com\/magazine365\/?p=79359"},"modified":"2016-06-15T11:15:57","modified_gmt":"2016-06-15T09:15:57","slug":"renfe-se-reune-de-nuevo-con-los-maquinistas-para-evitar-mas-huelgas","status":"publish","type":"post","link":"https:\/\/eldigitaldeasturias.com\/magazine365\/renfe-se-reune-de-nuevo-con-los-maquinistas-para-evitar-mas-huelgas\/","title":{"rendered":"Renfe se re\u00fane de nuevo con los maquinistas para evitar m\u00e1s huelgas"},"content":{"rendered":"<p><img fetchpriority=\"high\" decoding=\"async\" class=\"alignleft size-medium wp-image-79360\" src=\"https:\/\/eldigitaldeasturias.com\/magazine365\/wp-content\/uploads\/2016\/06\/fotonoticia_20160615080934_800-360x240.jpg\" alt=\"fotonoticia_20160615080934_800\" width=\"360\" height=\"240\" srcset=\"https:\/\/eldigitaldeasturias.com\/magazine365\/wp-content\/uploads\/2016\/06\/fotonoticia_20160615080934_800-360x240.jpg 360w, https:\/\/eldigitaldeasturias.com\/magazine365\/wp-content\/uploads\/2016\/06\/fotonoticia_20160615080934_800-650x433.jpg 650w, https:\/\/eldigitaldeasturias.com\/magazine365\/wp-content\/uploads\/2016\/06\/fotonoticia_20160615080934_800-768x512.jpg 768w, https:\/\/eldigitaldeasturias.com\/magazine365\/wp-content\/uploads\/2016\/06\/fotonoticia_20160615080934_800-150x100.jpg 150w, https:\/\/eldigitaldeasturias.com\/magazine365\/wp-content\/uploads\/2016\/06\/fotonoticia_20160615080934_800-450x300.jpg 450w, https:\/\/eldigitaldeasturias.com\/magazine365\/wp-content\/uploads\/2016\/06\/fotonoticia_20160615080934_800-101x66.jpg 101w, https:\/\/eldigitaldeasturias.com\/magazine365\/wp-content\/uploads\/2016\/06\/fotonoticia_20160615080934_800.jpg 800w\" sizes=\"(max-width: 360px) 100vw, 360px\" \/>Renfe y el sindicato de maquinistas Semaf est\u00e1n convocados a mediod\u00eda de este mi\u00e9rcoles a una nueva reuni\u00f3n, con el fin de buscar un acuerdo que evitar nuevas huelgas en la compa\u00f1\u00eda ferroviaria.<\/p>\n<p>El nuevo encuentro ser\u00e1 el tercero que las dos partes celebren en la \u00faltima semana y tendr\u00e1 lugar despu\u00e9s de que los maquinistas ya hayan llevado a cabo tres jornadas de huelga en Renfe en la que varios cientos de miles de viajeros se vieron afectados por retrasos y cancelaciones.<\/p>\n<p>Semaf a\u00fan tiene convocadas otros cuatro paros, para ma\u00f1ana jueves, los d\u00edas 24 y 29 de junio, y el d\u00eda 1 de julio. Adem\u00e1s, ha advertido de que programar\u00e1 m\u00e1s huelgas en caso de que al concluir el actual convocatoria no cuenten con un acuerdo con la empresa.<\/p>\n<p>De esta forma, las eventuales nuevas huelgas tendr\u00edan lugar durante los meses de verano, los de mayor moviliadad de viajeros de todo el a\u00f1o.<\/p>\n<p>A pesar de discrepar sobre los motivos del paro, el seguimiento y el cumplimiento de los servicios m\u00ednimos de las huelgas, Renfe y Semaf han reiterado en distintas ocasiones su voluntad a dialogar y negociar para solventar el conflicto y evitar nuevas huelgas.<\/p>\n<p>&nbsp;<\/p>\n","protected":false},"excerpt":{"rendered":"<p>Renfe y el sindicato de maquinistas Semaf est\u00e1n convocados a mediod\u00eda de este mi\u00e9rcoles a una nueva reuni\u00f3n, con el fin de buscar un acuerdo que evitar nuevas huelgas en la compa\u00f1\u00eda ferroviaria. El nuevo encuentro ser\u00e1 el tercero que las dos partes celebren en la \u00faltima semana y tendr\u00e1 lugar despu\u00e9s de que los<\/p>\n","protected":false},"author":1,"featured_media":79360,"comment_status":"open","ping_status":"closed","sticky":false,"template":"","format":"standard","meta":{"footnotes":""},"categories":[224],"tags":[],"class_list":{"0":"post-79359","1":"post","2":"type-post","3":"status-publish","4":"format-standard","5":"has-post-thumbnail","7":"category-noticias-actualidad"},"aioseo_notices":[],"aioseo_head":"\n\t\t<!-- All in One SEO Pro 4.9.6.1 - aioseo.com -->\n\t<meta name=\"description\" content=\"Renfe y el sindicato de maquinistas Semaf est\u00e1n convocados a mediod\u00eda de este mi\u00e9rcoles a una nueva reuni\u00f3n, con el fin de buscar un acuerdo que evitar nuevas huelgas en la compa\u00f1\u00eda ferroviaria. El nuevo encuentro ser\u00e1 el tercero que las dos partes celebren en la \u00faltima semana y tendr\u00e1 lugar despu\u00e9s de que los\" \/>\n\t<meta name=\"robots\" content=\"max-image-preview:large\" \/>\n\t<meta name=\"author\" content=\"admin\"\/>\n\t<meta name=\"google-site-verification\" content=\"UA-38556648-1\" \/>\n\t<meta name=\"keywords\" content=\"noticias y actualidad\" \/>\n\t<link rel=\"canonical\" href=\"https:\/\/eldigitaldeasturias.com\/magazine365\/renfe-se-reune-de-nuevo-con-los-maquinistas-para-evitar-mas-huelgas\/\" \/>\n\t<meta name=\"generator\" content=\"All in One SEO Pro (AIOSEO) 4.9.6.1\" \/>\n\t\t<meta property=\"og:locale\" content=\"es_ES\" \/>\n\t\t<meta property=\"og:site_name\" content=\"El Digital de Asturias \u2013 Revista de ocio, turismo y estilo de vida\" \/>\n\t\t<meta property=\"og:type\" content=\"article\" \/>\n\t\t<meta property=\"og:title\" content=\"Renfe se re\u00fane de nuevo con los maquinistas para evitar m\u00e1s huelgas | El Digital de Asturias\" \/>\n\t\t<meta property=\"og:description\" content=\"Renfe y el sindicato de maquinistas Semaf est\u00e1n convocados a mediod\u00eda de este mi\u00e9rcoles a una nueva reuni\u00f3n, con el fin de buscar un acuerdo que evitar nuevas huelgas en la compa\u00f1\u00eda ferroviaria. El nuevo encuentro ser\u00e1 el tercero que las dos partes celebren en la \u00faltima semana y tendr\u00e1 lugar despu\u00e9s de que los\" \/>\n\t\t<meta property=\"og:url\" content=\"https:\/\/eldigitaldeasturias.com\/magazine365\/renfe-se-reune-de-nuevo-con-los-maquinistas-para-evitar-mas-huelgas\/\" \/>\n\t\t<meta property=\"og:image\" content=\"https:\/\/eldigitaldeasturias.com\/magazine365\/wp-content\/uploads\/2016\/06\/fotonoticia_20160615080934_800.jpg\" \/>\n\t\t<meta property=\"og:image:secure_url\" content=\"https:\/\/eldigitaldeasturias.com\/magazine365\/wp-content\/uploads\/2016\/06\/fotonoticia_20160615080934_800.jpg\" \/>\n\t\t<meta property=\"og:image:width\" content=\"800\" \/>\n\t\t<meta property=\"og:image:height\" content=\"533\" \/>\n\t\t<meta property=\"article:published_time\" content=\"2016-06-15T09:15:57+00:00\" \/>\n\t\t<meta property=\"article:modified_time\" content=\"2016-06-15T09:15:57+00:00\" \/>\n\t\t<meta name=\"twitter:card\" content=\"summary_large_image\" \/>\n\t\t<meta name=\"twitter:title\" content=\"Renfe se re\u00fane de nuevo con los maquinistas para evitar m\u00e1s huelgas | El Digital de Asturias\" \/>\n\t\t<meta name=\"twitter:description\" content=\"Renfe y el sindicato de maquinistas Semaf est\u00e1n convocados a mediod\u00eda de este mi\u00e9rcoles a una nueva reuni\u00f3n, con el fin de buscar un acuerdo que evitar nuevas huelgas en la compa\u00f1\u00eda ferroviaria. El nuevo encuentro ser\u00e1 el tercero que las dos partes celebren en la \u00faltima semana y tendr\u00e1 lugar despu\u00e9s de que los\" \/>\n\t\t<meta name=\"twitter:image\" content=\"https:\/\/eldigitaldeasturias.com\/magazine365\/wp-content\/uploads\/2016\/06\/fotonoticia_20160615080934_800.jpg\" \/>\n\t\t<script type=\"application\/ld+json\" class=\"aioseo-schema\">\n\t\t\t{\"@context\":\"https:\\\/\\\/schema.org\",\"@graph\":[{\"@type\":\"Article\",\"@id\":\"https:\\\/\\\/eldigitaldeasturias.com\\\/magazine365\\\/renfe-se-reune-de-nuevo-con-los-maquinistas-para-evitar-mas-huelgas\\\/#article\",\"name\":\"Renfe se re\\u00fane de nuevo con los maquinistas para evitar m\\u00e1s huelgas | El Digital de Asturias\",\"headline\":\"Renfe se re\\u00fane de nuevo con los maquinistas para evitar m\\u00e1s huelgas\",\"author\":{\"@id\":\"https:\\\/\\\/eldigitaldeasturias.com\\\/magazine365\\\/author\\\/admin\\\/#author\"},\"publisher\":{\"@id\":\"https:\\\/\\\/eldigitaldeasturias.com\\\/magazine365\\\/#organization\"},\"image\":{\"@type\":\"ImageObject\",\"url\":\"https:\\\/\\\/eldigitaldeasturias.com\\\/magazine365\\\/wp-content\\\/uploads\\\/2016\\\/06\\\/fotonoticia_20160615080934_800.jpg\",\"width\":800,\"height\":533},\"datePublished\":\"2016-06-15T11:15:57+02:00\",\"dateModified\":\"2016-06-15T11:15:57+02:00\",\"inLanguage\":\"es-ES\",\"mainEntityOfPage\":{\"@id\":\"https:\\\/\\\/eldigitaldeasturias.com\\\/magazine365\\\/renfe-se-reune-de-nuevo-con-los-maquinistas-para-evitar-mas-huelgas\\\/#webpage\"},\"isPartOf\":{\"@id\":\"https:\\\/\\\/eldigitaldeasturias.com\\\/magazine365\\\/renfe-se-reune-de-nuevo-con-los-maquinistas-para-evitar-mas-huelgas\\\/#webpage\"},\"articleSection\":\"Noticias y Actualidad\"},{\"@type\":\"BreadcrumbList\",\"@id\":\"https:\\\/\\\/eldigitaldeasturias.com\\\/magazine365\\\/renfe-se-reune-de-nuevo-con-los-maquinistas-para-evitar-mas-huelgas\\\/#breadcrumblist\",\"itemListElement\":[{\"@type\":\"ListItem\",\"@id\":\"https:\\\/\\\/eldigitaldeasturias.com\\\/magazine365#listItem\",\"position\":1,\"name\":\"Home\",\"item\":\"https:\\\/\\\/eldigitaldeasturias.com\\\/magazine365\",\"nextItem\":{\"@type\":\"ListItem\",\"@id\":\"https:\\\/\\\/eldigitaldeasturias.com\\\/magazine365\\\/category\\\/noticias-actualidad\\\/#listItem\",\"name\":\"Noticias y Actualidad\"}},{\"@type\":\"ListItem\",\"@id\":\"https:\\\/\\\/eldigitaldeasturias.com\\\/magazine365\\\/category\\\/noticias-actualidad\\\/#listItem\",\"position\":2,\"name\":\"Noticias y Actualidad\",\"item\":\"https:\\\/\\\/eldigitaldeasturias.com\\\/magazine365\\\/category\\\/noticias-actualidad\\\/\",\"nextItem\":{\"@type\":\"ListItem\",\"@id\":\"https:\\\/\\\/eldigitaldeasturias.com\\\/magazine365\\\/renfe-se-reune-de-nuevo-con-los-maquinistas-para-evitar-mas-huelgas\\\/#listItem\",\"name\":\"Renfe se re\\u00fane de nuevo con los maquinistas para evitar m\\u00e1s huelgas\"},\"previousItem\":{\"@type\":\"ListItem\",\"@id\":\"https:\\\/\\\/eldigitaldeasturias.com\\\/magazine365#listItem\",\"name\":\"Home\"}},{\"@type\":\"ListItem\",\"@id\":\"https:\\\/\\\/eldigitaldeasturias.com\\\/magazine365\\\/renfe-se-reune-de-nuevo-con-los-maquinistas-para-evitar-mas-huelgas\\\/#listItem\",\"position\":3,\"name\":\"Renfe se re\\u00fane de nuevo con los maquinistas para evitar m\\u00e1s huelgas\",\"previousItem\":{\"@type\":\"ListItem\",\"@id\":\"https:\\\/\\\/eldigitaldeasturias.com\\\/magazine365\\\/category\\\/noticias-actualidad\\\/#listItem\",\"name\":\"Noticias y Actualidad\"}}]},{\"@type\":\"Organization\",\"@id\":\"https:\\\/\\\/eldigitaldeasturias.com\\\/magazine365\\\/#organization\",\"name\":\"El digital de Asturias\",\"description\":\"Revista de ocio, turismo y estilo de vida\",\"url\":\"https:\\\/\\\/eldigitaldeasturias.com\\\/magazine365\\\/\",\"logo\":{\"@type\":\"ImageObject\",\"url\":\"https:\\\/\\\/www.eldigitaldeasturias.com\\\/noticias\\\/wp-content\\\/uploads\\\/2020\\\/12\\\/EDA.jpg\",\"@id\":\"https:\\\/\\\/eldigitaldeasturias.com\\\/magazine365\\\/renfe-se-reune-de-nuevo-con-los-maquinistas-para-evitar-mas-huelgas\\\/#organizationLogo\"},\"image\":{\"@id\":\"https:\\\/\\\/eldigitaldeasturias.com\\\/magazine365\\\/renfe-se-reune-de-nuevo-con-los-maquinistas-para-evitar-mas-huelgas\\\/#organizationLogo\"}},{\"@type\":\"Person\",\"@id\":\"https:\\\/\\\/eldigitaldeasturias.com\\\/magazine365\\\/author\\\/admin\\\/#author\",\"url\":\"https:\\\/\\\/eldigitaldeasturias.com\\\/magazine365\\\/author\\\/admin\\\/\",\"name\":\"admin\",\"image\":{\"@type\":\"ImageObject\",\"@id\":\"https:\\\/\\\/eldigitaldeasturias.com\\\/magazine365\\\/renfe-se-reune-de-nuevo-con-los-maquinistas-para-evitar-mas-huelgas\\\/#authorImage\",\"url\":\"https:\\\/\\\/eldigitaldeasturias.com\\\/magazine365\\\/wp-content\\\/litespeed\\\/avatar\\\/e571bcf59a0edd6fa6838245a470f2fe.jpg?ver=1776969259\",\"width\":96,\"height\":96,\"caption\":\"admin\"}},{\"@type\":\"WebPage\",\"@id\":\"https:\\\/\\\/eldigitaldeasturias.com\\\/magazine365\\\/renfe-se-reune-de-nuevo-con-los-maquinistas-para-evitar-mas-huelgas\\\/#webpage\",\"url\":\"https:\\\/\\\/eldigitaldeasturias.com\\\/magazine365\\\/renfe-se-reune-de-nuevo-con-los-maquinistas-para-evitar-mas-huelgas\\\/\",\"name\":\"Renfe se re\\u00fane de nuevo con los maquinistas para evitar m\\u00e1s huelgas | El Digital de Asturias\",\"description\":\"Renfe y el sindicato de maquinistas Semaf est\\u00e1n convocados a mediod\\u00eda de este mi\\u00e9rcoles a una nueva reuni\\u00f3n, con el fin de buscar un acuerdo que evitar nuevas huelgas en la compa\\u00f1\\u00eda ferroviaria. El nuevo encuentro ser\\u00e1 el tercero que las dos partes celebren en la \\u00faltima semana y tendr\\u00e1 lugar despu\\u00e9s de que los\",\"inLanguage\":\"es-ES\",\"isPartOf\":{\"@id\":\"https:\\\/\\\/eldigitaldeasturias.com\\\/magazine365\\\/#website\"},\"breadcrumb\":{\"@id\":\"https:\\\/\\\/eldigitaldeasturias.com\\\/magazine365\\\/renfe-se-reune-de-nuevo-con-los-maquinistas-para-evitar-mas-huelgas\\\/#breadcrumblist\"},\"author\":{\"@id\":\"https:\\\/\\\/eldigitaldeasturias.com\\\/magazine365\\\/author\\\/admin\\\/#author\"},\"creator\":{\"@id\":\"https:\\\/\\\/eldigitaldeasturias.com\\\/magazine365\\\/author\\\/admin\\\/#author\"},\"image\":{\"@type\":\"ImageObject\",\"url\":\"https:\\\/\\\/eldigitaldeasturias.com\\\/magazine365\\\/wp-content\\\/uploads\\\/2016\\\/06\\\/fotonoticia_20160615080934_800.jpg\",\"@id\":\"https:\\\/\\\/eldigitaldeasturias.com\\\/magazine365\\\/renfe-se-reune-de-nuevo-con-los-maquinistas-para-evitar-mas-huelgas\\\/#mainImage\",\"width\":800,\"height\":533},\"primaryImageOfPage\":{\"@id\":\"https:\\\/\\\/eldigitaldeasturias.com\\\/magazine365\\\/renfe-se-reune-de-nuevo-con-los-maquinistas-para-evitar-mas-huelgas\\\/#mainImage\"},\"datePublished\":\"2016-06-15T11:15:57+02:00\",\"dateModified\":\"2016-06-15T11:15:57+02:00\"},{\"@type\":\"WebSite\",\"@id\":\"https:\\\/\\\/eldigitaldeasturias.com\\\/magazine365\\\/#website\",\"url\":\"https:\\\/\\\/eldigitaldeasturias.com\\\/magazine365\\\/\",\"name\":\"El Digital de Asturias\",\"description\":\"Revista de ocio, turismo y estilo de vida\",\"inLanguage\":\"es-ES\",\"publisher\":{\"@id\":\"https:\\\/\\\/eldigitaldeasturias.com\\\/magazine365\\\/#organization\"}}]}\n\t\t<\/script>\n\t\t<!-- All in One SEO Pro -->\r\n\t\t<title>Renfe se re\u00fane de nuevo con los maquinistas para evitar m\u00e1s huelgas | El Digital de Asturias<\/title>\n\n","aioseo_head_json":{"title":"Renfe se re\u00fane de nuevo con los maquinistas para evitar m\u00e1s huelgas | El Digital de Asturias","description":"Renfe y el sindicato de maquinistas Semaf est\u00e1n convocados a mediod\u00eda de este mi\u00e9rcoles a una nueva reuni\u00f3n, con el fin de buscar un acuerdo que evitar nuevas huelgas en la compa\u00f1\u00eda ferroviaria. El nuevo encuentro ser\u00e1 el tercero que las dos partes celebren en la \u00faltima semana y tendr\u00e1 lugar despu\u00e9s de que los","canonical_url":"https:\/\/eldigitaldeasturias.com\/magazine365\/renfe-se-reune-de-nuevo-con-los-maquinistas-para-evitar-mas-huelgas\/","robots":"max-image-preview:large","keywords":"noticias y actualidad","webmasterTools":{"google-site-verification":"UA-38556648-1","miscellaneous":""},"schema":{"@context":"https:\/\/schema.org","@graph":[{"@type":"Article","@id":"https:\/\/eldigitaldeasturias.com\/magazine365\/renfe-se-reune-de-nuevo-con-los-maquinistas-para-evitar-mas-huelgas\/#article","name":"Renfe se re\u00fane de nuevo con los maquinistas para evitar m\u00e1s huelgas | El Digital de Asturias","headline":"Renfe se re\u00fane de nuevo con los maquinistas para evitar m\u00e1s huelgas","author":{"@id":"https:\/\/eldigitaldeasturias.com\/magazine365\/author\/admin\/#author"},"publisher":{"@id":"https:\/\/eldigitaldeasturias.com\/magazine365\/#organization"},"image":{"@type":"ImageObject","url":"https:\/\/eldigitaldeasturias.com\/magazine365\/wp-content\/uploads\/2016\/06\/fotonoticia_20160615080934_800.jpg","width":800,"height":533},"datePublished":"2016-06-15T11:15:57+02:00","dateModified":"2016-06-15T11:15:57+02:00","inLanguage":"es-ES","mainEntityOfPage":{"@id":"https:\/\/eldigitaldeasturias.com\/magazine365\/renfe-se-reune-de-nuevo-con-los-maquinistas-para-evitar-mas-huelgas\/#webpage"},"isPartOf":{"@id":"https:\/\/eldigitaldeasturias.com\/magazine365\/renfe-se-reune-de-nuevo-con-los-maquinistas-para-evitar-mas-huelgas\/#webpage"},"articleSection":"Noticias y Actualidad"},{"@type":"BreadcrumbList","@id":"https:\/\/eldigitaldeasturias.com\/magazine365\/renfe-se-reune-de-nuevo-con-los-maquinistas-para-evitar-mas-huelgas\/#breadcrumblist","itemListElement":[{"@type":"ListItem","@id":"https:\/\/eldigitaldeasturias.com\/magazine365#listItem","position":1,"name":"Home","item":"https:\/\/eldigitaldeasturias.com\/magazine365","nextItem":{"@type":"ListItem","@id":"https:\/\/eldigitaldeasturias.com\/magazine365\/category\/noticias-actualidad\/#listItem","name":"Noticias y Actualidad"}},{"@type":"ListItem","@id":"https:\/\/eldigitaldeasturias.com\/magazine365\/category\/noticias-actualidad\/#listItem","position":2,"name":"Noticias y Actualidad","item":"https:\/\/eldigitaldeasturias.com\/magazine365\/category\/noticias-actualidad\/","nextItem":{"@type":"ListItem","@id":"https:\/\/eldigitaldeasturias.com\/magazine365\/renfe-se-reune-de-nuevo-con-los-maquinistas-para-evitar-mas-huelgas\/#listItem","name":"Renfe se re\u00fane de nuevo con los maquinistas para evitar m\u00e1s huelgas"},"previousItem":{"@type":"ListItem","@id":"https:\/\/eldigitaldeasturias.com\/magazine365#listItem","name":"Home"}},{"@type":"ListItem","@id":"https:\/\/eldigitaldeasturias.com\/magazine365\/renfe-se-reune-de-nuevo-con-los-maquinistas-para-evitar-mas-huelgas\/#listItem","position":3,"name":"Renfe se re\u00fane de nuevo con los maquinistas para evitar m\u00e1s huelgas","previousItem":{"@type":"ListItem","@id":"https:\/\/eldigitaldeasturias.com\/magazine365\/category\/noticias-actualidad\/#listItem","name":"Noticias y Actualidad"}}]},{"@type":"Organization","@id":"https:\/\/eldigitaldeasturias.com\/magazine365\/#organization","name":"El digital de Asturias","description":"Revista de ocio, turismo y estilo de vida","url":"https:\/\/eldigitaldeasturias.com\/magazine365\/","logo":{"@type":"ImageObject","url":"https:\/\/www.eldigitaldeasturias.com\/noticias\/wp-content\/uploads\/2020\/12\/EDA.jpg","@id":"https:\/\/eldigitaldeasturias.com\/magazine365\/renfe-se-reune-de-nuevo-con-los-maquinistas-para-evitar-mas-huelgas\/#organizationLogo"},"image":{"@id":"https:\/\/eldigitaldeasturias.com\/magazine365\/renfe-se-reune-de-nuevo-con-los-maquinistas-para-evitar-mas-huelgas\/#organizationLogo"}},{"@type":"Person","@id":"https:\/\/eldigitaldeasturias.com\/magazine365\/author\/admin\/#author","url":"https:\/\/eldigitaldeasturias.com\/magazine365\/author\/admin\/","name":"admin","image":{"@type":"ImageObject","@id":"https:\/\/eldigitaldeasturias.com\/magazine365\/renfe-se-reune-de-nuevo-con-los-maquinistas-para-evitar-mas-huelgas\/#authorImage","url":"https:\/\/eldigitaldeasturias.com\/magazine365\/wp-content\/litespeed\/avatar\/e571bcf59a0edd6fa6838245a470f2fe.jpg?ver=1776969259","width":96,"height":96,"caption":"admin"}},{"@type":"WebPage","@id":"https:\/\/eldigitaldeasturias.com\/magazine365\/renfe-se-reune-de-nuevo-con-los-maquinistas-para-evitar-mas-huelgas\/#webpage","url":"https:\/\/eldigitaldeasturias.com\/magazine365\/renfe-se-reune-de-nuevo-con-los-maquinistas-para-evitar-mas-huelgas\/","name":"Renfe se re\u00fane de nuevo con los maquinistas para evitar m\u00e1s huelgas | El Digital de Asturias","description":"Renfe y el sindicato de maquinistas Semaf est\u00e1n convocados a mediod\u00eda de este mi\u00e9rcoles a una nueva reuni\u00f3n, con el fin de buscar un acuerdo que evitar nuevas huelgas en la compa\u00f1\u00eda ferroviaria. El nuevo encuentro ser\u00e1 el tercero que las dos partes celebren en la \u00faltima semana y tendr\u00e1 lugar despu\u00e9s de que los","inLanguage":"es-ES","isPartOf":{"@id":"https:\/\/eldigitaldeasturias.com\/magazine365\/#website"},"breadcrumb":{"@id":"https:\/\/eldigitaldeasturias.com\/magazine365\/renfe-se-reune-de-nuevo-con-los-maquinistas-para-evitar-mas-huelgas\/#breadcrumblist"},"author":{"@id":"https:\/\/eldigitaldeasturias.com\/magazine365\/author\/admin\/#author"},"creator":{"@id":"https:\/\/eldigitaldeasturias.com\/magazine365\/author\/admin\/#author"},"image":{"@type":"ImageObject","url":"https:\/\/eldigitaldeasturias.com\/magazine365\/wp-content\/uploads\/2016\/06\/fotonoticia_20160615080934_800.jpg","@id":"https:\/\/eldigitaldeasturias.com\/magazine365\/renfe-se-reune-de-nuevo-con-los-maquinistas-para-evitar-mas-huelgas\/#mainImage","width":800,"height":533},"primaryImageOfPage":{"@id":"https:\/\/eldigitaldeasturias.com\/magazine365\/renfe-se-reune-de-nuevo-con-los-maquinistas-para-evitar-mas-huelgas\/#mainImage"},"datePublished":"2016-06-15T11:15:57+02:00","dateModified":"2016-06-15T11:15:57+02:00"},{"@type":"WebSite","@id":"https:\/\/eldigitaldeasturias.com\/magazine365\/#website","url":"https:\/\/eldigitaldeasturias.com\/magazine365\/","name":"El Digital de Asturias","description":"Revista de ocio, turismo y estilo de vida","inLanguage":"es-ES","publisher":{"@id":"https:\/\/eldigitaldeasturias.com\/magazine365\/#organization"}}]},"og:locale":"es_ES","og:site_name":"El Digital de Asturias \u2013 Revista de ocio, turismo y estilo de vida","og:type":"article","og:title":"Renfe se re\u00fane de nuevo con los maquinistas para evitar m\u00e1s huelgas | El Digital de Asturias","og:description":"Renfe y el sindicato de maquinistas Semaf est\u00e1n convocados a mediod\u00eda de este mi\u00e9rcoles a una nueva reuni\u00f3n, con el fin de buscar un acuerdo que evitar nuevas huelgas en la compa\u00f1\u00eda ferroviaria. El nuevo encuentro ser\u00e1 el tercero que las dos partes celebren en la \u00faltima semana y tendr\u00e1 lugar despu\u00e9s de que los","og:url":"https:\/\/eldigitaldeasturias.com\/magazine365\/renfe-se-reune-de-nuevo-con-los-maquinistas-para-evitar-mas-huelgas\/","og:image":"https:\/\/eldigitaldeasturias.com\/magazine365\/wp-content\/uploads\/2016\/06\/fotonoticia_20160615080934_800.jpg","og:image:secure_url":"https:\/\/eldigitaldeasturias.com\/magazine365\/wp-content\/uploads\/2016\/06\/fotonoticia_20160615080934_800.jpg","og:image:width":800,"og:image:height":533,"article:published_time":"2016-06-15T09:15:57+00:00","article:modified_time":"2016-06-15T09:15:57+00:00","twitter:card":"summary_large_image","twitter:title":"Renfe se re\u00fane de nuevo con los maquinistas para evitar m\u00e1s huelgas | El Digital de Asturias","twitter:description":"Renfe y el sindicato de maquinistas Semaf est\u00e1n convocados a mediod\u00eda de este mi\u00e9rcoles a una nueva reuni\u00f3n, con el fin de buscar un acuerdo que evitar nuevas huelgas en la compa\u00f1\u00eda ferroviaria. El nuevo encuentro ser\u00e1 el tercero que las dos partes celebren en la \u00faltima semana y tendr\u00e1 lugar despu\u00e9s de que los","twitter:image":"https:\/\/eldigitaldeasturias.com\/magazine365\/wp-content\/uploads\/2016\/06\/fotonoticia_20160615080934_800.jpg"},"aioseo_meta_data":{"post_id":"79359","title":null,"description":null,"keywords":null,"keyphrases":null,"primary_term":null,"canonical_url":null,"og_title":null,"og_description":null,"og_object_type":"default","og_image_type":"default","og_image_url":null,"og_image_width":null,"og_image_height":null,"og_image_custom_url":null,"og_image_custom_fields":null,"og_video":null,"og_custom_url":null,"og_article_section":null,"og_article_tags":null,"twitter_use_og":false,"twitter_card":"default","twitter_image_type":"default","twitter_image_url":null,"twitter_image_custom_url":null,"twitter_image_custom_fields":null,"twitter_title":null,"twitter_description":null,"schema":{"blockGraphs":[],"customGraphs":[],"default":{"data":{"Article":[],"Course":[],"Dataset":[],"FAQPage":[],"Movie":[],"Person":[],"Product":[],"ProductReview":[],"Car":[],"Recipe":[],"Service":[],"SoftwareApplication":[],"WebPage":[]},"graphName":"","isEnabled":true},"graphs":[],"defaultGraph":"","defaultPostTypeGraph":""},"schema_type":null,"schema_type_options":null,"pillar_content":false,"robots_default":true,"robots_noindex":false,"robots_noarchive":false,"robots_nosnippet":false,"robots_nofollow":false,"robots_noimageindex":false,"robots_noodp":false,"robots_notranslate":false,"robots_max_snippet":null,"robots_max_videopreview":null,"robots_max_imagepreview":"large","priority":null,"frequency":null,"location":null,"local_seo":null,"seo_analyzer_scan_date":"2025-09-27 18:45:13","breadcrumb_settings":null,"limit_modified_date":false,"open_ai":null,"ai":null,"created":"2021-03-08 17:49:06","updated":"2025-09-27 18:45:13"},"aioseo_breadcrumb":"<div class=\"aioseo-breadcrumbs\"><span class=\"aioseo-breadcrumb\">\n\t<a href=\"https:\/\/eldigitaldeasturias.com\/magazine365\" title=\"Home\">Home<\/a>\n<\/span><span class=\"aioseo-breadcrumb-separator\">\u2013<\/span><span class=\"aioseo-breadcrumb\">\n\t<a href=\"https:\/\/eldigitaldeasturias.com\/magazine365\/category\/noticias-actualidad\/\" title=\"Noticias y Actualidad\">Noticias y Actualidad<\/a>\n<\/span><span class=\"aioseo-breadcrumb-separator\">\u2013<\/span><span class=\"aioseo-breadcrumb\">\n\t<a href=\"https:\/\/eldigitaldeasturias.com\/magazine365\/renfe-se-reune-de-nuevo-con-los-maquinistas-para-evitar-mas-huelgas\/\" title=\"Renfe se re\u00fane de nuevo con los maquinistas para evitar m\u00e1s huelgas\">Renfe se re\u00fane de nuevo con los maquinistas para evitar m\u00e1s huelgas<\/a>\n<\/span><\/div>","aioseo_breadcrumb_json":[{"label":"Home","link":"https:\/\/eldigitaldeasturias.com\/magazine365"},{"label":"Noticias y Actualidad","link":"https:\/\/eldigitaldeasturias.com\/magazine365\/category\/noticias-actualidad\/"},{"label":"Renfe se re\u00fane de nuevo con los maquinistas para evitar m\u00e1s huelgas","link":"https:\/\/eldigitaldeasturias.com\/magazine365\/renfe-se-reune-de-nuevo-con-los-maquinistas-para-evitar-mas-huelgas\/"}],"_links":{"self":[{"href":"https:\/\/eldigitaldeasturias.com\/magazine365\/wp-json\/wp\/v2\/posts\/79359","targetHints":{"allow":["GET"]}}],"collection":[{"href":"https:\/\/eldigitaldeasturias.com\/magazine365\/wp-json\/wp\/v2\/posts"}],"about":[{"href":"https:\/\/eldigitaldeasturias.com\/magazine365\/wp-json\/wp\/v2\/types\/post"}],"author":[{"embeddable":true,"href":"https:\/\/eldigitaldeasturias.com\/magazine365\/wp-json\/wp\/v2\/users\/1"}],"replies":[{"embeddable":true,"href":"https:\/\/eldigitaldeasturias.com\/magazine365\/wp-json\/wp\/v2\/comments?post=79359"}],"version-history":[{"count":0,"href":"https:\/\/eldigitaldeasturias.com\/magazine365\/wp-json\/wp\/v2\/posts\/79359\/revisions"}],"wp:featuredmedia":[{"embeddable":true,"href":"https:\/\/eldigitaldeasturias.com\/magazine365\/wp-json\/wp\/v2\/media\/79360"}],"wp:attachment":[{"href":"https:\/\/eldigitaldeasturias.com\/magazine365\/wp-json\/wp\/v2\/media?parent=79359"}],"wp:term":[{"taxonomy":"category","embeddable":true,"href":"https:\/\/eldigitaldeasturias.com\/magazine365\/wp-json\/wp\/v2\/categories?post=79359"},{"taxonomy":"post_tag","embeddable":true,"href":"https:\/\/eldigitaldeasturias.com\/magazine365\/wp-json\/wp\/v2\/tags?post=79359"}],"curies":[{"name":"wp","href":"https:\/\/api.w.org\/{rel}","templated":true}]}}