{"id":79340,"date":"2016-06-14T21:30:48","date_gmt":"2016-06-14T19:30:48","guid":{"rendered":"http:\/\/eldigitaldeasturias.com\/magazine365\/?p=79340"},"modified":"2016-06-14T21:30:48","modified_gmt":"2016-06-14T19:30:48","slug":"renfe-ha-contratado-200-maquinistas-en-lo-que-va-de-ano","status":"publish","type":"post","link":"https:\/\/eldigitaldeasturias.com\/magazine365\/renfe-ha-contratado-200-maquinistas-en-lo-que-va-de-ano\/","title":{"rendered":"Renfe ha contratado 200 maquinistas en lo que va de a\u00f1o"},"content":{"rendered":"<p><img fetchpriority=\"high\" decoding=\"async\" class=\"alignleft size-medium wp-image-79341\" src=\"https:\/\/eldigitaldeasturias.com\/magazine365\/wp-content\/uploads\/2016\/06\/fotonoticia_20160614190805_800-360x270.jpg\" alt=\"fotonoticia_20160614190805_800\" width=\"360\" height=\"270\" srcset=\"https:\/\/eldigitaldeasturias.com\/magazine365\/wp-content\/uploads\/2016\/06\/fotonoticia_20160614190805_800-360x270.jpg 360w, https:\/\/eldigitaldeasturias.com\/magazine365\/wp-content\/uploads\/2016\/06\/fotonoticia_20160614190805_800-650x488.jpg 650w, https:\/\/eldigitaldeasturias.com\/magazine365\/wp-content\/uploads\/2016\/06\/fotonoticia_20160614190805_800-768x576.jpg 768w, https:\/\/eldigitaldeasturias.com\/magazine365\/wp-content\/uploads\/2016\/06\/fotonoticia_20160614190805_800-150x113.jpg 150w, https:\/\/eldigitaldeasturias.com\/magazine365\/wp-content\/uploads\/2016\/06\/fotonoticia_20160614190805_800-450x338.jpg 450w, https:\/\/eldigitaldeasturias.com\/magazine365\/wp-content\/uploads\/2016\/06\/fotonoticia_20160614190805_800-90x67.jpg 90w, https:\/\/eldigitaldeasturias.com\/magazine365\/wp-content\/uploads\/2016\/06\/fotonoticia_20160614190805_800-164x124.jpg 164w, https:\/\/eldigitaldeasturias.com\/magazine365\/wp-content\/uploads\/2016\/06\/fotonoticia_20160614190805_800-100x75.jpg 100w, https:\/\/eldigitaldeasturias.com\/magazine365\/wp-content\/uploads\/2016\/06\/fotonoticia_20160614190805_800.jpg 800w\" sizes=\"(max-width: 360px) 100vw, 360px\" \/>Renfe ha incorporado a unos 200 nuevos maquinistas en lo que va de a\u00f1o, que remplazar\u00e1n a gran parte de los 300 conductores que se han acogido al plan de bajas voluntarias de la empresa en este periodo, seg\u00fan datos de la compa\u00f1\u00eda.<\/p>\n<p>Estas bajas e incorporaciones se enmarcan en el plan de empleo que la operadora pact\u00f3 con todos sus sindicatos en noviembre de 2015 con el fin de facilitar la salida voluntaria a un total de 750 trabajadores y reemplazar el grueso de estos puestos con nuevos profesionales.<\/p>\n<p>El plan de empleo, que posteriormente se incorpor\u00f3 al convenio colectivo de Renfe, tiene como objetivo rejuvenecer a su plantilla, que presenta una edad media de 54 a\u00f1os, e incorporar nuevos profesionales \u00abque generen valor\u00bb para la empresa.<\/p>\n<p>En el caso del colectivo de maquinistas, en los cinco primeros meses del a\u00f1o han pedido dejar la compa\u00f1\u00eda 441 maquinistas, de los que 300 ya han materializado su salida, seg\u00fan datos de la operadora que recoge Europa Press.<\/p>\n<p>Asimismo, del total de 340 nuevos maquinistas que est\u00e1 previsto se incorporen a Renfe este a\u00f1o, 200 ya han ingresado en la compa\u00f1\u00eda.<\/p>\n<p>De esta forma, la operadora p\u00fablica asegura que est\u00e1 cumpliendo con el plan de empleo pactado con los trabajadores, en contra de lo que el sindicato de maquinistas Semaf denuncia con el calendario de huelgas que est\u00e1 llevando a cabo en la compa\u00f1\u00eda.<\/p>\n<p>\u00abEste es el a\u00f1o que m\u00e1s empleo ha creado en Renfe de los \u00faltimos treinta a\u00f1os\u00bb, subray\u00f3 el presidente de la compa\u00f1\u00eda, Pablo V\u00e1zquez, en la comparecencia en la que valor\u00f3 el efecto de la huelga de este martes.<\/p>\n<p>En cuanto a las pruebas que Renfe establece para seleccionar a sus nuevos trabajadores, el otro punto del conflicto abierto entre la empresa y el colectivo de maquinistas, la operadora asegura que son obligatorias, dado que as\u00ed lo establece la legislaci\u00f3n para contratar personal en una empresa p\u00fablica.<\/p>\n<p>De su lado, Semaf reclama que los nuevos maquinistas que est\u00e1n entrando en la empresa con contratos temporales no tengan que presentarse a los ex\u00e1menes de la empresa para consolidar sus puestos de trabajo, dado que asegura ya realizaron una prueba para entrar en la empresa.<\/p>\n<h2 class=\"ladillo\">DATOS DEL SINDICATO<\/h2>\n<p>El sindicato asegura que desde el pasado a\u00f1o han dejado voluntariamente la empresa unos 800 maquinistas de los que s\u00f3lo se han repuesto unos 300, despu\u00e9s de que \u00abdesde 1995 no se contratara a ning\u00fan nuevo conductor\u00bb.<\/p>\n<p>As\u00ed, en la actualidad, el 85% de los conductores de trenes tienen m\u00e1s de 51 a\u00f1os de edad y suman m\u00e1s de 31 a\u00f1os de antig\u00fcedad en Renfe, seg\u00fan asegur\u00f3 en rueda de prensa el secretario general de Semaf, Juan Jes\u00fas Garc\u00eda Fraile.<\/p>\n<p>El sindicato insiste en que los alrededor de 300 maquinistas contratados por Renfe ya realizaron una prueba de acceso para ingresar en la compa\u00f1\u00eda. Por ello, rechazan que tengan que volver a pasar un examen eliminatorio para intentar ahora consolidar y convertir en indefinidos sus puestos de trabajo.<\/p>\n<p>\u00abCon la convocatoria de huelga no pedimos nada m\u00e1s que Renfe cumpla lo pactado\u00bb, asegur\u00f3 Garc\u00eda Fraile, para indicar que es la compa\u00f1\u00eda con su gesti\u00f3n la que ha provocado los paros. \u00abSi se cumple lo pactado, los paros se desconvocar\u00e1n al momento\u00bb, a\u00f1adi\u00f3.<\/p>\n<p>La compa\u00f1\u00eda y el sindicato de maquinistas se reunir\u00e1n de nuevo ma\u00f1ana mi\u00e9rcoles para intentar lograr un acuerdo que ponga fin al conflicto. Se trata de la tercera reuni\u00f3n que mantengan en s\u00f3lo una semana.<\/p>\n","protected":false},"excerpt":{"rendered":"<p>Renfe ha incorporado a unos 200 nuevos maquinistas en lo que va de a\u00f1o, que remplazar\u00e1n a gran parte de los 300 conductores que se han acogido al plan de bajas voluntarias de la empresa en este periodo, seg\u00fan datos de la compa\u00f1\u00eda. Estas bajas e incorporaciones se enmarcan en el plan de empleo que<\/p>\n","protected":false},"author":1,"featured_media":79341,"comment_status":"open","ping_status":"closed","sticky":false,"template":"","format":"standard","meta":{"footnotes":""},"categories":[224],"tags":[],"class_list":{"0":"post-79340","1":"post","2":"type-post","3":"status-publish","4":"format-standard","5":"has-post-thumbnail","7":"category-noticias-actualidad"},"aioseo_notices":[],"aioseo_head":"\n\t\t<!-- All in One SEO Pro 4.9.6.1 - aioseo.com -->\n\t<meta name=\"description\" content=\"Renfe ha incorporado a unos 200 nuevos maquinistas en lo que va de a\u00f1o, que remplazar\u00e1n a gran parte de los 300 conductores que se han acogido al plan de bajas voluntarias de la empresa en este periodo, seg\u00fan datos de la compa\u00f1\u00eda. Estas bajas e incorporaciones se enmarcan en el plan de empleo que\" \/>\n\t<meta name=\"robots\" content=\"max-image-preview:large\" \/>\n\t<meta name=\"author\" content=\"admin\"\/>\n\t<meta name=\"google-site-verification\" content=\"UA-38556648-1\" \/>\n\t<meta name=\"keywords\" content=\"noticias y actualidad\" \/>\n\t<link rel=\"canonical\" href=\"https:\/\/eldigitaldeasturias.com\/magazine365\/renfe-ha-contratado-200-maquinistas-en-lo-que-va-de-ano\/\" \/>\n\t<meta name=\"generator\" content=\"All in One SEO Pro (AIOSEO) 4.9.6.1\" \/>\n\t\t<meta property=\"og:locale\" content=\"es_ES\" \/>\n\t\t<meta property=\"og:site_name\" content=\"El Digital de Asturias \u2013 Revista de ocio, turismo y estilo de vida\" \/>\n\t\t<meta property=\"og:type\" content=\"article\" \/>\n\t\t<meta property=\"og:title\" content=\"Renfe ha contratado 200 maquinistas en lo que va de a\u00f1o | El Digital de Asturias\" \/>\n\t\t<meta property=\"og:description\" content=\"Renfe ha incorporado a unos 200 nuevos maquinistas en lo que va de a\u00f1o, que remplazar\u00e1n a gran parte de los 300 conductores que se han acogido al plan de bajas voluntarias de la empresa en este periodo, seg\u00fan datos de la compa\u00f1\u00eda. Estas bajas e incorporaciones se enmarcan en el plan de empleo que\" \/>\n\t\t<meta property=\"og:url\" content=\"https:\/\/eldigitaldeasturias.com\/magazine365\/renfe-ha-contratado-200-maquinistas-en-lo-que-va-de-ano\/\" \/>\n\t\t<meta property=\"og:image\" content=\"https:\/\/eldigitaldeasturias.com\/magazine365\/wp-content\/uploads\/2016\/06\/fotonoticia_20160614190805_800.jpg\" \/>\n\t\t<meta property=\"og:image:secure_url\" content=\"https:\/\/eldigitaldeasturias.com\/magazine365\/wp-content\/uploads\/2016\/06\/fotonoticia_20160614190805_800.jpg\" \/>\n\t\t<meta property=\"og:image:width\" content=\"800\" \/>\n\t\t<meta property=\"og:image:height\" content=\"600\" \/>\n\t\t<meta property=\"article:published_time\" content=\"2016-06-14T19:30:48+00:00\" \/>\n\t\t<meta property=\"article:modified_time\" content=\"2016-06-14T19:30:48+00:00\" \/>\n\t\t<meta name=\"twitter:card\" content=\"summary_large_image\" \/>\n\t\t<meta name=\"twitter:title\" content=\"Renfe ha contratado 200 maquinistas en lo que va de a\u00f1o | El Digital de Asturias\" \/>\n\t\t<meta name=\"twitter:description\" content=\"Renfe ha incorporado a unos 200 nuevos maquinistas en lo que va de a\u00f1o, que remplazar\u00e1n a gran parte de los 300 conductores que se han acogido al plan de bajas voluntarias de la empresa en este periodo, seg\u00fan datos de la compa\u00f1\u00eda. Estas bajas e incorporaciones se enmarcan en el plan de empleo que\" \/>\n\t\t<meta name=\"twitter:image\" content=\"https:\/\/eldigitaldeasturias.com\/magazine365\/wp-content\/uploads\/2016\/06\/fotonoticia_20160614190805_800.jpg\" \/>\n\t\t<script type=\"application\/ld+json\" class=\"aioseo-schema\">\n\t\t\t{\"@context\":\"https:\\\/\\\/schema.org\",\"@graph\":[{\"@type\":\"Article\",\"@id\":\"https:\\\/\\\/eldigitaldeasturias.com\\\/magazine365\\\/renfe-ha-contratado-200-maquinistas-en-lo-que-va-de-ano\\\/#article\",\"name\":\"Renfe ha contratado 200 maquinistas en lo que va de a\\u00f1o | El Digital de Asturias\",\"headline\":\"Renfe ha contratado 200 maquinistas en lo que va de a\\u00f1o\",\"author\":{\"@id\":\"https:\\\/\\\/eldigitaldeasturias.com\\\/magazine365\\\/author\\\/admin\\\/#author\"},\"publisher\":{\"@id\":\"https:\\\/\\\/eldigitaldeasturias.com\\\/magazine365\\\/#organization\"},\"image\":{\"@type\":\"ImageObject\",\"url\":\"https:\\\/\\\/eldigitaldeasturias.com\\\/magazine365\\\/wp-content\\\/uploads\\\/2016\\\/06\\\/fotonoticia_20160614190805_800.jpg\",\"width\":800,\"height\":600},\"datePublished\":\"2016-06-14T21:30:48+02:00\",\"dateModified\":\"2016-06-14T21:30:48+02:00\",\"inLanguage\":\"es-ES\",\"mainEntityOfPage\":{\"@id\":\"https:\\\/\\\/eldigitaldeasturias.com\\\/magazine365\\\/renfe-ha-contratado-200-maquinistas-en-lo-que-va-de-ano\\\/#webpage\"},\"isPartOf\":{\"@id\":\"https:\\\/\\\/eldigitaldeasturias.com\\\/magazine365\\\/renfe-ha-contratado-200-maquinistas-en-lo-que-va-de-ano\\\/#webpage\"},\"articleSection\":\"Noticias y Actualidad\"},{\"@type\":\"BreadcrumbList\",\"@id\":\"https:\\\/\\\/eldigitaldeasturias.com\\\/magazine365\\\/renfe-ha-contratado-200-maquinistas-en-lo-que-va-de-ano\\\/#breadcrumblist\",\"itemListElement\":[{\"@type\":\"ListItem\",\"@id\":\"https:\\\/\\\/eldigitaldeasturias.com\\\/magazine365#listItem\",\"position\":1,\"name\":\"Home\",\"item\":\"https:\\\/\\\/eldigitaldeasturias.com\\\/magazine365\",\"nextItem\":{\"@type\":\"ListItem\",\"@id\":\"https:\\\/\\\/eldigitaldeasturias.com\\\/magazine365\\\/category\\\/noticias-actualidad\\\/#listItem\",\"name\":\"Noticias y Actualidad\"}},{\"@type\":\"ListItem\",\"@id\":\"https:\\\/\\\/eldigitaldeasturias.com\\\/magazine365\\\/category\\\/noticias-actualidad\\\/#listItem\",\"position\":2,\"name\":\"Noticias y Actualidad\",\"item\":\"https:\\\/\\\/eldigitaldeasturias.com\\\/magazine365\\\/category\\\/noticias-actualidad\\\/\",\"nextItem\":{\"@type\":\"ListItem\",\"@id\":\"https:\\\/\\\/eldigitaldeasturias.com\\\/magazine365\\\/renfe-ha-contratado-200-maquinistas-en-lo-que-va-de-ano\\\/#listItem\",\"name\":\"Renfe ha contratado 200 maquinistas en lo que va de a\\u00f1o\"},\"previousItem\":{\"@type\":\"ListItem\",\"@id\":\"https:\\\/\\\/eldigitaldeasturias.com\\\/magazine365#listItem\",\"name\":\"Home\"}},{\"@type\":\"ListItem\",\"@id\":\"https:\\\/\\\/eldigitaldeasturias.com\\\/magazine365\\\/renfe-ha-contratado-200-maquinistas-en-lo-que-va-de-ano\\\/#listItem\",\"position\":3,\"name\":\"Renfe ha contratado 200 maquinistas en lo que va de a\\u00f1o\",\"previousItem\":{\"@type\":\"ListItem\",\"@id\":\"https:\\\/\\\/eldigitaldeasturias.com\\\/magazine365\\\/category\\\/noticias-actualidad\\\/#listItem\",\"name\":\"Noticias y Actualidad\"}}]},{\"@type\":\"Organization\",\"@id\":\"https:\\\/\\\/eldigitaldeasturias.com\\\/magazine365\\\/#organization\",\"name\":\"El digital de Asturias\",\"description\":\"Revista de ocio, turismo y estilo de vida\",\"url\":\"https:\\\/\\\/eldigitaldeasturias.com\\\/magazine365\\\/\",\"logo\":{\"@type\":\"ImageObject\",\"url\":\"https:\\\/\\\/www.eldigitaldeasturias.com\\\/noticias\\\/wp-content\\\/uploads\\\/2020\\\/12\\\/EDA.jpg\",\"@id\":\"https:\\\/\\\/eldigitaldeasturias.com\\\/magazine365\\\/renfe-ha-contratado-200-maquinistas-en-lo-que-va-de-ano\\\/#organizationLogo\"},\"image\":{\"@id\":\"https:\\\/\\\/eldigitaldeasturias.com\\\/magazine365\\\/renfe-ha-contratado-200-maquinistas-en-lo-que-va-de-ano\\\/#organizationLogo\"}},{\"@type\":\"Person\",\"@id\":\"https:\\\/\\\/eldigitaldeasturias.com\\\/magazine365\\\/author\\\/admin\\\/#author\",\"url\":\"https:\\\/\\\/eldigitaldeasturias.com\\\/magazine365\\\/author\\\/admin\\\/\",\"name\":\"admin\",\"image\":{\"@type\":\"ImageObject\",\"@id\":\"https:\\\/\\\/eldigitaldeasturias.com\\\/magazine365\\\/renfe-ha-contratado-200-maquinistas-en-lo-que-va-de-ano\\\/#authorImage\",\"url\":\"https:\\\/\\\/eldigitaldeasturias.com\\\/magazine365\\\/wp-content\\\/litespeed\\\/avatar\\\/e571bcf59a0edd6fa6838245a470f2fe.jpg?ver=1776969259\",\"width\":96,\"height\":96,\"caption\":\"admin\"}},{\"@type\":\"WebPage\",\"@id\":\"https:\\\/\\\/eldigitaldeasturias.com\\\/magazine365\\\/renfe-ha-contratado-200-maquinistas-en-lo-que-va-de-ano\\\/#webpage\",\"url\":\"https:\\\/\\\/eldigitaldeasturias.com\\\/magazine365\\\/renfe-ha-contratado-200-maquinistas-en-lo-que-va-de-ano\\\/\",\"name\":\"Renfe ha contratado 200 maquinistas en lo que va de a\\u00f1o | El Digital de Asturias\",\"description\":\"Renfe ha incorporado a unos 200 nuevos maquinistas en lo que va de a\\u00f1o, que remplazar\\u00e1n a gran parte de los 300 conductores que se han acogido al plan de bajas voluntarias de la empresa en este periodo, seg\\u00fan datos de la compa\\u00f1\\u00eda. Estas bajas e incorporaciones se enmarcan en el plan de empleo que\",\"inLanguage\":\"es-ES\",\"isPartOf\":{\"@id\":\"https:\\\/\\\/eldigitaldeasturias.com\\\/magazine365\\\/#website\"},\"breadcrumb\":{\"@id\":\"https:\\\/\\\/eldigitaldeasturias.com\\\/magazine365\\\/renfe-ha-contratado-200-maquinistas-en-lo-que-va-de-ano\\\/#breadcrumblist\"},\"author\":{\"@id\":\"https:\\\/\\\/eldigitaldeasturias.com\\\/magazine365\\\/author\\\/admin\\\/#author\"},\"creator\":{\"@id\":\"https:\\\/\\\/eldigitaldeasturias.com\\\/magazine365\\\/author\\\/admin\\\/#author\"},\"image\":{\"@type\":\"ImageObject\",\"url\":\"https:\\\/\\\/eldigitaldeasturias.com\\\/magazine365\\\/wp-content\\\/uploads\\\/2016\\\/06\\\/fotonoticia_20160614190805_800.jpg\",\"@id\":\"https:\\\/\\\/eldigitaldeasturias.com\\\/magazine365\\\/renfe-ha-contratado-200-maquinistas-en-lo-que-va-de-ano\\\/#mainImage\",\"width\":800,\"height\":600},\"primaryImageOfPage\":{\"@id\":\"https:\\\/\\\/eldigitaldeasturias.com\\\/magazine365\\\/renfe-ha-contratado-200-maquinistas-en-lo-que-va-de-ano\\\/#mainImage\"},\"datePublished\":\"2016-06-14T21:30:48+02:00\",\"dateModified\":\"2016-06-14T21:30:48+02:00\"},{\"@type\":\"WebSite\",\"@id\":\"https:\\\/\\\/eldigitaldeasturias.com\\\/magazine365\\\/#website\",\"url\":\"https:\\\/\\\/eldigitaldeasturias.com\\\/magazine365\\\/\",\"name\":\"El Digital de Asturias\",\"description\":\"Revista de ocio, turismo y estilo de vida\",\"inLanguage\":\"es-ES\",\"publisher\":{\"@id\":\"https:\\\/\\\/eldigitaldeasturias.com\\\/magazine365\\\/#organization\"}}]}\n\t\t<\/script>\n\t\t<!-- All in One SEO Pro -->\r\n\t\t<title>Renfe ha contratado 200 maquinistas en lo que va de a\u00f1o | El Digital de Asturias<\/title>\n\n","aioseo_head_json":{"title":"Renfe ha contratado 200 maquinistas en lo que va de a\u00f1o | El Digital de Asturias","description":"Renfe ha incorporado a unos 200 nuevos maquinistas en lo que va de a\u00f1o, que remplazar\u00e1n a gran parte de los 300 conductores que se han acogido al plan de bajas voluntarias de la empresa en este periodo, seg\u00fan datos de la compa\u00f1\u00eda. Estas bajas e incorporaciones se enmarcan en el plan de empleo que","canonical_url":"https:\/\/eldigitaldeasturias.com\/magazine365\/renfe-ha-contratado-200-maquinistas-en-lo-que-va-de-ano\/","robots":"max-image-preview:large","keywords":"noticias y actualidad","webmasterTools":{"google-site-verification":"UA-38556648-1","miscellaneous":""},"schema":{"@context":"https:\/\/schema.org","@graph":[{"@type":"Article","@id":"https:\/\/eldigitaldeasturias.com\/magazine365\/renfe-ha-contratado-200-maquinistas-en-lo-que-va-de-ano\/#article","name":"Renfe ha contratado 200 maquinistas en lo que va de a\u00f1o | El Digital de Asturias","headline":"Renfe ha contratado 200 maquinistas en lo que va de a\u00f1o","author":{"@id":"https:\/\/eldigitaldeasturias.com\/magazine365\/author\/admin\/#author"},"publisher":{"@id":"https:\/\/eldigitaldeasturias.com\/magazine365\/#organization"},"image":{"@type":"ImageObject","url":"https:\/\/eldigitaldeasturias.com\/magazine365\/wp-content\/uploads\/2016\/06\/fotonoticia_20160614190805_800.jpg","width":800,"height":600},"datePublished":"2016-06-14T21:30:48+02:00","dateModified":"2016-06-14T21:30:48+02:00","inLanguage":"es-ES","mainEntityOfPage":{"@id":"https:\/\/eldigitaldeasturias.com\/magazine365\/renfe-ha-contratado-200-maquinistas-en-lo-que-va-de-ano\/#webpage"},"isPartOf":{"@id":"https:\/\/eldigitaldeasturias.com\/magazine365\/renfe-ha-contratado-200-maquinistas-en-lo-que-va-de-ano\/#webpage"},"articleSection":"Noticias y Actualidad"},{"@type":"BreadcrumbList","@id":"https:\/\/eldigitaldeasturias.com\/magazine365\/renfe-ha-contratado-200-maquinistas-en-lo-que-va-de-ano\/#breadcrumblist","itemListElement":[{"@type":"ListItem","@id":"https:\/\/eldigitaldeasturias.com\/magazine365#listItem","position":1,"name":"Home","item":"https:\/\/eldigitaldeasturias.com\/magazine365","nextItem":{"@type":"ListItem","@id":"https:\/\/eldigitaldeasturias.com\/magazine365\/category\/noticias-actualidad\/#listItem","name":"Noticias y Actualidad"}},{"@type":"ListItem","@id":"https:\/\/eldigitaldeasturias.com\/magazine365\/category\/noticias-actualidad\/#listItem","position":2,"name":"Noticias y Actualidad","item":"https:\/\/eldigitaldeasturias.com\/magazine365\/category\/noticias-actualidad\/","nextItem":{"@type":"ListItem","@id":"https:\/\/eldigitaldeasturias.com\/magazine365\/renfe-ha-contratado-200-maquinistas-en-lo-que-va-de-ano\/#listItem","name":"Renfe ha contratado 200 maquinistas en lo que va de a\u00f1o"},"previousItem":{"@type":"ListItem","@id":"https:\/\/eldigitaldeasturias.com\/magazine365#listItem","name":"Home"}},{"@type":"ListItem","@id":"https:\/\/eldigitaldeasturias.com\/magazine365\/renfe-ha-contratado-200-maquinistas-en-lo-que-va-de-ano\/#listItem","position":3,"name":"Renfe ha contratado 200 maquinistas en lo que va de a\u00f1o","previousItem":{"@type":"ListItem","@id":"https:\/\/eldigitaldeasturias.com\/magazine365\/category\/noticias-actualidad\/#listItem","name":"Noticias y Actualidad"}}]},{"@type":"Organization","@id":"https:\/\/eldigitaldeasturias.com\/magazine365\/#organization","name":"El digital de Asturias","description":"Revista de ocio, turismo y estilo de vida","url":"https:\/\/eldigitaldeasturias.com\/magazine365\/","logo":{"@type":"ImageObject","url":"https:\/\/www.eldigitaldeasturias.com\/noticias\/wp-content\/uploads\/2020\/12\/EDA.jpg","@id":"https:\/\/eldigitaldeasturias.com\/magazine365\/renfe-ha-contratado-200-maquinistas-en-lo-que-va-de-ano\/#organizationLogo"},"image":{"@id":"https:\/\/eldigitaldeasturias.com\/magazine365\/renfe-ha-contratado-200-maquinistas-en-lo-que-va-de-ano\/#organizationLogo"}},{"@type":"Person","@id":"https:\/\/eldigitaldeasturias.com\/magazine365\/author\/admin\/#author","url":"https:\/\/eldigitaldeasturias.com\/magazine365\/author\/admin\/","name":"admin","image":{"@type":"ImageObject","@id":"https:\/\/eldigitaldeasturias.com\/magazine365\/renfe-ha-contratado-200-maquinistas-en-lo-que-va-de-ano\/#authorImage","url":"https:\/\/eldigitaldeasturias.com\/magazine365\/wp-content\/litespeed\/avatar\/e571bcf59a0edd6fa6838245a470f2fe.jpg?ver=1776969259","width":96,"height":96,"caption":"admin"}},{"@type":"WebPage","@id":"https:\/\/eldigitaldeasturias.com\/magazine365\/renfe-ha-contratado-200-maquinistas-en-lo-que-va-de-ano\/#webpage","url":"https:\/\/eldigitaldeasturias.com\/magazine365\/renfe-ha-contratado-200-maquinistas-en-lo-que-va-de-ano\/","name":"Renfe ha contratado 200 maquinistas en lo que va de a\u00f1o | El Digital de Asturias","description":"Renfe ha incorporado a unos 200 nuevos maquinistas en lo que va de a\u00f1o, que remplazar\u00e1n a gran parte de los 300 conductores que se han acogido al plan de bajas voluntarias de la empresa en este periodo, seg\u00fan datos de la compa\u00f1\u00eda. Estas bajas e incorporaciones se enmarcan en el plan de empleo que","inLanguage":"es-ES","isPartOf":{"@id":"https:\/\/eldigitaldeasturias.com\/magazine365\/#website"},"breadcrumb":{"@id":"https:\/\/eldigitaldeasturias.com\/magazine365\/renfe-ha-contratado-200-maquinistas-en-lo-que-va-de-ano\/#breadcrumblist"},"author":{"@id":"https:\/\/eldigitaldeasturias.com\/magazine365\/author\/admin\/#author"},"creator":{"@id":"https:\/\/eldigitaldeasturias.com\/magazine365\/author\/admin\/#author"},"image":{"@type":"ImageObject","url":"https:\/\/eldigitaldeasturias.com\/magazine365\/wp-content\/uploads\/2016\/06\/fotonoticia_20160614190805_800.jpg","@id":"https:\/\/eldigitaldeasturias.com\/magazine365\/renfe-ha-contratado-200-maquinistas-en-lo-que-va-de-ano\/#mainImage","width":800,"height":600},"primaryImageOfPage":{"@id":"https:\/\/eldigitaldeasturias.com\/magazine365\/renfe-ha-contratado-200-maquinistas-en-lo-que-va-de-ano\/#mainImage"},"datePublished":"2016-06-14T21:30:48+02:00","dateModified":"2016-06-14T21:30:48+02:00"},{"@type":"WebSite","@id":"https:\/\/eldigitaldeasturias.com\/magazine365\/#website","url":"https:\/\/eldigitaldeasturias.com\/magazine365\/","name":"El Digital de Asturias","description":"Revista de ocio, turismo y estilo de vida","inLanguage":"es-ES","publisher":{"@id":"https:\/\/eldigitaldeasturias.com\/magazine365\/#organization"}}]},"og:locale":"es_ES","og:site_name":"El Digital de Asturias \u2013 Revista de ocio, turismo y estilo de vida","og:type":"article","og:title":"Renfe ha contratado 200 maquinistas en lo que va de a\u00f1o | El Digital de Asturias","og:description":"Renfe ha incorporado a unos 200 nuevos maquinistas en lo que va de a\u00f1o, que remplazar\u00e1n a gran parte de los 300 conductores que se han acogido al plan de bajas voluntarias de la empresa en este periodo, seg\u00fan datos de la compa\u00f1\u00eda. Estas bajas e incorporaciones se enmarcan en el plan de empleo que","og:url":"https:\/\/eldigitaldeasturias.com\/magazine365\/renfe-ha-contratado-200-maquinistas-en-lo-que-va-de-ano\/","og:image":"https:\/\/eldigitaldeasturias.com\/magazine365\/wp-content\/uploads\/2016\/06\/fotonoticia_20160614190805_800.jpg","og:image:secure_url":"https:\/\/eldigitaldeasturias.com\/magazine365\/wp-content\/uploads\/2016\/06\/fotonoticia_20160614190805_800.jpg","og:image:width":800,"og:image:height":600,"article:published_time":"2016-06-14T19:30:48+00:00","article:modified_time":"2016-06-14T19:30:48+00:00","twitter:card":"summary_large_image","twitter:title":"Renfe ha contratado 200 maquinistas en lo que va de a\u00f1o | El Digital de Asturias","twitter:description":"Renfe ha incorporado a unos 200 nuevos maquinistas en lo que va de a\u00f1o, que remplazar\u00e1n a gran parte de los 300 conductores que se han acogido al plan de bajas voluntarias de la empresa en este periodo, seg\u00fan datos de la compa\u00f1\u00eda. Estas bajas e incorporaciones se enmarcan en el plan de empleo que","twitter:image":"https:\/\/eldigitaldeasturias.com\/magazine365\/wp-content\/uploads\/2016\/06\/fotonoticia_20160614190805_800.jpg"},"aioseo_meta_data":{"post_id":"79340","title":null,"description":null,"keywords":null,"keyphrases":null,"primary_term":null,"canonical_url":null,"og_title":null,"og_description":null,"og_object_type":"default","og_image_type":"default","og_image_url":null,"og_image_width":null,"og_image_height":null,"og_image_custom_url":null,"og_image_custom_fields":null,"og_video":null,"og_custom_url":null,"og_article_section":null,"og_article_tags":null,"twitter_use_og":false,"twitter_card":"default","twitter_image_type":"default","twitter_image_url":null,"twitter_image_custom_url":null,"twitter_image_custom_fields":null,"twitter_title":null,"twitter_description":null,"schema":{"blockGraphs":[],"customGraphs":[],"default":{"data":{"Article":[],"Course":[],"Dataset":[],"FAQPage":[],"Movie":[],"Person":[],"Product":[],"ProductReview":[],"Car":[],"Recipe":[],"Service":[],"SoftwareApplication":[],"WebPage":[]},"graphName":"","isEnabled":true},"graphs":[],"defaultGraph":"","defaultPostTypeGraph":""},"schema_type":null,"schema_type_options":null,"pillar_content":false,"robots_default":true,"robots_noindex":false,"robots_noarchive":false,"robots_nosnippet":false,"robots_nofollow":false,"robots_noimageindex":false,"robots_noodp":false,"robots_notranslate":false,"robots_max_snippet":null,"robots_max_videopreview":null,"robots_max_imagepreview":"large","priority":null,"frequency":null,"location":null,"local_seo":null,"seo_analyzer_scan_date":"2025-09-27 18:43:10","breadcrumb_settings":null,"limit_modified_date":false,"open_ai":null,"ai":null,"created":"2021-03-08 17:50:21","updated":"2025-09-27 18:43:10"},"aioseo_breadcrumb":"<div class=\"aioseo-breadcrumbs\"><span class=\"aioseo-breadcrumb\">\n\t<a href=\"https:\/\/eldigitaldeasturias.com\/magazine365\" title=\"Home\">Home<\/a>\n<\/span><span class=\"aioseo-breadcrumb-separator\">\u2013<\/span><span class=\"aioseo-breadcrumb\">\n\t<a href=\"https:\/\/eldigitaldeasturias.com\/magazine365\/category\/noticias-actualidad\/\" title=\"Noticias y Actualidad\">Noticias y Actualidad<\/a>\n<\/span><span class=\"aioseo-breadcrumb-separator\">\u2013<\/span><span class=\"aioseo-breadcrumb\">\n\t<a href=\"https:\/\/eldigitaldeasturias.com\/magazine365\/renfe-ha-contratado-200-maquinistas-en-lo-que-va-de-ano\/\" title=\"Renfe ha contratado 200 maquinistas en lo que va de a\u00f1o\">Renfe ha contratado 200 maquinistas en lo que va de a\u00f1o<\/a>\n<\/span><\/div>","aioseo_breadcrumb_json":[{"label":"Home","link":"https:\/\/eldigitaldeasturias.com\/magazine365"},{"label":"Noticias y Actualidad","link":"https:\/\/eldigitaldeasturias.com\/magazine365\/category\/noticias-actualidad\/"},{"label":"Renfe ha contratado 200 maquinistas en lo que va de a\u00f1o","link":"https:\/\/eldigitaldeasturias.com\/magazine365\/renfe-ha-contratado-200-maquinistas-en-lo-que-va-de-ano\/"}],"_links":{"self":[{"href":"https:\/\/eldigitaldeasturias.com\/magazine365\/wp-json\/wp\/v2\/posts\/79340","targetHints":{"allow":["GET"]}}],"collection":[{"href":"https:\/\/eldigitaldeasturias.com\/magazine365\/wp-json\/wp\/v2\/posts"}],"about":[{"href":"https:\/\/eldigitaldeasturias.com\/magazine365\/wp-json\/wp\/v2\/types\/post"}],"author":[{"embeddable":true,"href":"https:\/\/eldigitaldeasturias.com\/magazine365\/wp-json\/wp\/v2\/users\/1"}],"replies":[{"embeddable":true,"href":"https:\/\/eldigitaldeasturias.com\/magazine365\/wp-json\/wp\/v2\/comments?post=79340"}],"version-history":[{"count":0,"href":"https:\/\/eldigitaldeasturias.com\/magazine365\/wp-json\/wp\/v2\/posts\/79340\/revisions"}],"wp:featuredmedia":[{"embeddable":true,"href":"https:\/\/eldigitaldeasturias.com\/magazine365\/wp-json\/wp\/v2\/media\/79341"}],"wp:attachment":[{"href":"https:\/\/eldigitaldeasturias.com\/magazine365\/wp-json\/wp\/v2\/media?parent=79340"}],"wp:term":[{"taxonomy":"category","embeddable":true,"href":"https:\/\/eldigitaldeasturias.com\/magazine365\/wp-json\/wp\/v2\/categories?post=79340"},{"taxonomy":"post_tag","embeddable":true,"href":"https:\/\/eldigitaldeasturias.com\/magazine365\/wp-json\/wp\/v2\/tags?post=79340"}],"curies":[{"name":"wp","href":"https:\/\/api.w.org\/{rel}","templated":true}]}}