{"id":79334,"date":"2016-06-14T21:29:03","date_gmt":"2016-06-14T19:29:03","guid":{"rendered":"http:\/\/eldigitaldeasturias.com\/magazine365\/?p=79334"},"modified":"2016-06-14T21:29:03","modified_gmt":"2016-06-14T19:29:03","slug":"barcelona-acogera-la-mayor-feria-mundial-de-yates-de-alquiler-durante-al-menos-tres-anos","status":"publish","type":"post","link":"https:\/\/eldigitaldeasturias.com\/magazine365\/barcelona-acogera-la-mayor-feria-mundial-de-yates-de-alquiler-durante-al-menos-tres-anos\/","title":{"rendered":"Barcelona acoger\u00e1 la mayor feria mundial de yates de alquiler durante al menos tres a\u00f1os"},"content":{"rendered":"<p><img fetchpriority=\"high\" decoding=\"async\" class=\"alignleft size-medium wp-image-79335\" src=\"https:\/\/eldigitaldeasturias.com\/magazine365\/wp-content\/uploads\/2016\/06\/fotonoticia_20160614190019_800-360x240.jpg\" alt=\"fotonoticia_20160614190019_800\" width=\"360\" height=\"240\" srcset=\"https:\/\/eldigitaldeasturias.com\/magazine365\/wp-content\/uploads\/2016\/06\/fotonoticia_20160614190019_800-360x240.jpg 360w, https:\/\/eldigitaldeasturias.com\/magazine365\/wp-content\/uploads\/2016\/06\/fotonoticia_20160614190019_800-650x433.jpg 650w, https:\/\/eldigitaldeasturias.com\/magazine365\/wp-content\/uploads\/2016\/06\/fotonoticia_20160614190019_800-768x512.jpg 768w, https:\/\/eldigitaldeasturias.com\/magazine365\/wp-content\/uploads\/2016\/06\/fotonoticia_20160614190019_800-150x100.jpg 150w, https:\/\/eldigitaldeasturias.com\/magazine365\/wp-content\/uploads\/2016\/06\/fotonoticia_20160614190019_800-450x300.jpg 450w, https:\/\/eldigitaldeasturias.com\/magazine365\/wp-content\/uploads\/2016\/06\/fotonoticia_20160614190019_800-101x66.jpg 101w, https:\/\/eldigitaldeasturias.com\/magazine365\/wp-content\/uploads\/2016\/06\/fotonoticia_20160614190019_800.jpg 800w\" sizes=\"(max-width: 360px) 100vw, 360px\" \/>Barcelona acoger\u00e1 a partir de 2017 y durante al menos tres a\u00f1os el Myba Charter Show, la mayor feria mundial de superyates dedicados al alquiler, que mueve a casi 1.000 personas de alto poder adquisitivo y que llena m\u00e1s de 600 habitaciones de hotel durante una semana, ha informado este martes Barcelona Cl\u00faster N\u00e0utic en un comunicado.<\/p>\n<p>Este congreso profesional se traslada desde la ciudad de G\u00e9nova, que lo ha albergado durante los \u00faltimos 28 a\u00f1os, y se organizar\u00e1 en la nueva marina OneOcean Port Vell de la capital catalana, que compet\u00eda con ciudades como Cannes, Niza y Antibes, adem\u00e1s de G\u00e9nova.<\/p>\n<p>Para el director general del Barcelona Cl\u00faster N\u00e0utic, Alejo Trull\u00e1s, este congreso \u00abmarcar\u00e1 un antes y un despu\u00e9s\u00bb para el sector n\u00e1utico en la capital catalana porque servir\u00e1 para colocar a Barcelona en el mapa mundial de las grandes esloras.<\/p>\n<p>Ha augurado que \u00abser\u00e1 un acelerador de todo el sector n\u00e1utico en Barcelona\u00bb, compuesto principalmente por pymes dedicadas a la industria y a los servicios.<\/p>\n<p>El evento est\u00e1 impulsado por la asociaci\u00f3n internacional Myba, dedicada al mundo de la n\u00e1utica y las grandes esloras, y tendr\u00e1 lugar entre la \u00faltima semana de abril y la primera de mayo del pr\u00f3ximo a\u00f1o.<\/p>\n<p>Expondr\u00e1 m\u00e1s de 60 yates de entre 24 y 100 metros de eslora de todo el mundo, con presencia de unas 80 empresas y agentes de &#8216;brokerage&#8217;.<\/p>\n<p>Ser\u00e1 as\u00ed la principal cita del sector de los grandes yates de alquiler en Europa, al mismo nivel de la feria que Myba organiza en oto\u00f1o en la isla caribe\u00f1a de Antigua, han explicado los organizadores.<\/p>\n","protected":false},"excerpt":{"rendered":"<p>Barcelona acoger\u00e1 a partir de 2017 y durante al menos tres a\u00f1os el Myba Charter Show, la mayor feria mundial de superyates dedicados al alquiler, que mueve a casi 1.000 personas de alto poder adquisitivo y que llena m\u00e1s de 600 habitaciones de hotel durante una semana, ha informado este martes Barcelona Cl\u00faster N\u00e0utic en<\/p>\n","protected":false},"author":1,"featured_media":79335,"comment_status":"open","ping_status":"closed","sticky":false,"template":"","format":"standard","meta":{"footnotes":""},"categories":[224],"tags":[],"class_list":{"0":"post-79334","1":"post","2":"type-post","3":"status-publish","4":"format-standard","5":"has-post-thumbnail","7":"category-noticias-actualidad"},"aioseo_notices":[],"aioseo_head":"\n\t\t<!-- All in One SEO Pro 4.9.6.1 - aioseo.com -->\n\t<meta name=\"description\" content=\"Barcelona acoger\u00e1 a partir de 2017 y durante al menos tres a\u00f1os el Myba Charter Show, la mayor feria mundial de superyates dedicados al alquiler, que mueve a casi 1.000 personas de alto poder adquisitivo y que llena m\u00e1s de 600 habitaciones de hotel durante una semana, ha informado este martes Barcelona Cl\u00faster N\u00e0utic en\" \/>\n\t<meta name=\"robots\" content=\"max-image-preview:large\" \/>\n\t<meta name=\"author\" content=\"admin\"\/>\n\t<meta name=\"google-site-verification\" content=\"UA-38556648-1\" \/>\n\t<meta name=\"keywords\" content=\"noticias y actualidad\" \/>\n\t<link rel=\"canonical\" href=\"https:\/\/eldigitaldeasturias.com\/magazine365\/barcelona-acogera-la-mayor-feria-mundial-de-yates-de-alquiler-durante-al-menos-tres-anos\/\" \/>\n\t<meta name=\"generator\" content=\"All in One SEO Pro (AIOSEO) 4.9.6.1\" \/>\n\t\t<meta property=\"og:locale\" content=\"es_ES\" \/>\n\t\t<meta property=\"og:site_name\" content=\"El Digital de Asturias \u2013 Revista de ocio, turismo y estilo de vida\" \/>\n\t\t<meta property=\"og:type\" content=\"article\" \/>\n\t\t<meta property=\"og:title\" content=\"Barcelona acoger\u00e1 la mayor feria mundial de yates de alquiler durante al menos tres a\u00f1os | El Digital de Asturias\" \/>\n\t\t<meta property=\"og:description\" content=\"Barcelona acoger\u00e1 a partir de 2017 y durante al menos tres a\u00f1os el Myba Charter Show, la mayor feria mundial de superyates dedicados al alquiler, que mueve a casi 1.000 personas de alto poder adquisitivo y que llena m\u00e1s de 600 habitaciones de hotel durante una semana, ha informado este martes Barcelona Cl\u00faster N\u00e0utic en\" \/>\n\t\t<meta property=\"og:url\" content=\"https:\/\/eldigitaldeasturias.com\/magazine365\/barcelona-acogera-la-mayor-feria-mundial-de-yates-de-alquiler-durante-al-menos-tres-anos\/\" \/>\n\t\t<meta property=\"og:image\" content=\"https:\/\/eldigitaldeasturias.com\/magazine365\/wp-content\/uploads\/2016\/06\/fotonoticia_20160614190019_800.jpg\" \/>\n\t\t<meta property=\"og:image:secure_url\" content=\"https:\/\/eldigitaldeasturias.com\/magazine365\/wp-content\/uploads\/2016\/06\/fotonoticia_20160614190019_800.jpg\" \/>\n\t\t<meta property=\"og:image:width\" content=\"800\" \/>\n\t\t<meta property=\"og:image:height\" content=\"533\" \/>\n\t\t<meta property=\"article:published_time\" content=\"2016-06-14T19:29:03+00:00\" \/>\n\t\t<meta property=\"article:modified_time\" content=\"2016-06-14T19:29:03+00:00\" \/>\n\t\t<meta name=\"twitter:card\" content=\"summary_large_image\" \/>\n\t\t<meta name=\"twitter:title\" content=\"Barcelona acoger\u00e1 la mayor feria mundial de yates de alquiler durante al menos tres a\u00f1os | El Digital de Asturias\" \/>\n\t\t<meta name=\"twitter:description\" content=\"Barcelona acoger\u00e1 a partir de 2017 y durante al menos tres a\u00f1os el Myba Charter Show, la mayor feria mundial de superyates dedicados al alquiler, que mueve a casi 1.000 personas de alto poder adquisitivo y que llena m\u00e1s de 600 habitaciones de hotel durante una semana, ha informado este martes Barcelona Cl\u00faster N\u00e0utic en\" \/>\n\t\t<meta name=\"twitter:image\" content=\"https:\/\/eldigitaldeasturias.com\/magazine365\/wp-content\/uploads\/2016\/06\/fotonoticia_20160614190019_800.jpg\" \/>\n\t\t<script type=\"application\/ld+json\" class=\"aioseo-schema\">\n\t\t\t{\"@context\":\"https:\\\/\\\/schema.org\",\"@graph\":[{\"@type\":\"Article\",\"@id\":\"https:\\\/\\\/eldigitaldeasturias.com\\\/magazine365\\\/barcelona-acogera-la-mayor-feria-mundial-de-yates-de-alquiler-durante-al-menos-tres-anos\\\/#article\",\"name\":\"Barcelona acoger\\u00e1 la mayor feria mundial de yates de alquiler durante al menos tres a\\u00f1os | El Digital de Asturias\",\"headline\":\"Barcelona acoger\\u00e1 la mayor feria mundial de yates de alquiler durante al menos tres a\\u00f1os\",\"author\":{\"@id\":\"https:\\\/\\\/eldigitaldeasturias.com\\\/magazine365\\\/author\\\/admin\\\/#author\"},\"publisher\":{\"@id\":\"https:\\\/\\\/eldigitaldeasturias.com\\\/magazine365\\\/#organization\"},\"image\":{\"@type\":\"ImageObject\",\"url\":\"https:\\\/\\\/eldigitaldeasturias.com\\\/magazine365\\\/wp-content\\\/uploads\\\/2016\\\/06\\\/fotonoticia_20160614190019_800.jpg\",\"width\":800,\"height\":533},\"datePublished\":\"2016-06-14T21:29:03+02:00\",\"dateModified\":\"2016-06-14T21:29:03+02:00\",\"inLanguage\":\"es-ES\",\"mainEntityOfPage\":{\"@id\":\"https:\\\/\\\/eldigitaldeasturias.com\\\/magazine365\\\/barcelona-acogera-la-mayor-feria-mundial-de-yates-de-alquiler-durante-al-menos-tres-anos\\\/#webpage\"},\"isPartOf\":{\"@id\":\"https:\\\/\\\/eldigitaldeasturias.com\\\/magazine365\\\/barcelona-acogera-la-mayor-feria-mundial-de-yates-de-alquiler-durante-al-menos-tres-anos\\\/#webpage\"},\"articleSection\":\"Noticias y Actualidad\"},{\"@type\":\"BreadcrumbList\",\"@id\":\"https:\\\/\\\/eldigitaldeasturias.com\\\/magazine365\\\/barcelona-acogera-la-mayor-feria-mundial-de-yates-de-alquiler-durante-al-menos-tres-anos\\\/#breadcrumblist\",\"itemListElement\":[{\"@type\":\"ListItem\",\"@id\":\"https:\\\/\\\/eldigitaldeasturias.com\\\/magazine365#listItem\",\"position\":1,\"name\":\"Home\",\"item\":\"https:\\\/\\\/eldigitaldeasturias.com\\\/magazine365\",\"nextItem\":{\"@type\":\"ListItem\",\"@id\":\"https:\\\/\\\/eldigitaldeasturias.com\\\/magazine365\\\/category\\\/noticias-actualidad\\\/#listItem\",\"name\":\"Noticias y Actualidad\"}},{\"@type\":\"ListItem\",\"@id\":\"https:\\\/\\\/eldigitaldeasturias.com\\\/magazine365\\\/category\\\/noticias-actualidad\\\/#listItem\",\"position\":2,\"name\":\"Noticias y Actualidad\",\"item\":\"https:\\\/\\\/eldigitaldeasturias.com\\\/magazine365\\\/category\\\/noticias-actualidad\\\/\",\"nextItem\":{\"@type\":\"ListItem\",\"@id\":\"https:\\\/\\\/eldigitaldeasturias.com\\\/magazine365\\\/barcelona-acogera-la-mayor-feria-mundial-de-yates-de-alquiler-durante-al-menos-tres-anos\\\/#listItem\",\"name\":\"Barcelona acoger\\u00e1 la mayor feria mundial de yates de alquiler durante al menos tres a\\u00f1os\"},\"previousItem\":{\"@type\":\"ListItem\",\"@id\":\"https:\\\/\\\/eldigitaldeasturias.com\\\/magazine365#listItem\",\"name\":\"Home\"}},{\"@type\":\"ListItem\",\"@id\":\"https:\\\/\\\/eldigitaldeasturias.com\\\/magazine365\\\/barcelona-acogera-la-mayor-feria-mundial-de-yates-de-alquiler-durante-al-menos-tres-anos\\\/#listItem\",\"position\":3,\"name\":\"Barcelona acoger\\u00e1 la mayor feria mundial de yates de alquiler durante al menos tres a\\u00f1os\",\"previousItem\":{\"@type\":\"ListItem\",\"@id\":\"https:\\\/\\\/eldigitaldeasturias.com\\\/magazine365\\\/category\\\/noticias-actualidad\\\/#listItem\",\"name\":\"Noticias y Actualidad\"}}]},{\"@type\":\"Organization\",\"@id\":\"https:\\\/\\\/eldigitaldeasturias.com\\\/magazine365\\\/#organization\",\"name\":\"El digital de Asturias\",\"description\":\"Revista de ocio, turismo y estilo de vida\",\"url\":\"https:\\\/\\\/eldigitaldeasturias.com\\\/magazine365\\\/\",\"logo\":{\"@type\":\"ImageObject\",\"url\":\"https:\\\/\\\/www.eldigitaldeasturias.com\\\/noticias\\\/wp-content\\\/uploads\\\/2020\\\/12\\\/EDA.jpg\",\"@id\":\"https:\\\/\\\/eldigitaldeasturias.com\\\/magazine365\\\/barcelona-acogera-la-mayor-feria-mundial-de-yates-de-alquiler-durante-al-menos-tres-anos\\\/#organizationLogo\"},\"image\":{\"@id\":\"https:\\\/\\\/eldigitaldeasturias.com\\\/magazine365\\\/barcelona-acogera-la-mayor-feria-mundial-de-yates-de-alquiler-durante-al-menos-tres-anos\\\/#organizationLogo\"}},{\"@type\":\"Person\",\"@id\":\"https:\\\/\\\/eldigitaldeasturias.com\\\/magazine365\\\/author\\\/admin\\\/#author\",\"url\":\"https:\\\/\\\/eldigitaldeasturias.com\\\/magazine365\\\/author\\\/admin\\\/\",\"name\":\"admin\",\"image\":{\"@type\":\"ImageObject\",\"@id\":\"https:\\\/\\\/eldigitaldeasturias.com\\\/magazine365\\\/barcelona-acogera-la-mayor-feria-mundial-de-yates-de-alquiler-durante-al-menos-tres-anos\\\/#authorImage\",\"url\":\"https:\\\/\\\/eldigitaldeasturias.com\\\/magazine365\\\/wp-content\\\/litespeed\\\/avatar\\\/e571bcf59a0edd6fa6838245a470f2fe.jpg?ver=1776969259\",\"width\":96,\"height\":96,\"caption\":\"admin\"}},{\"@type\":\"WebPage\",\"@id\":\"https:\\\/\\\/eldigitaldeasturias.com\\\/magazine365\\\/barcelona-acogera-la-mayor-feria-mundial-de-yates-de-alquiler-durante-al-menos-tres-anos\\\/#webpage\",\"url\":\"https:\\\/\\\/eldigitaldeasturias.com\\\/magazine365\\\/barcelona-acogera-la-mayor-feria-mundial-de-yates-de-alquiler-durante-al-menos-tres-anos\\\/\",\"name\":\"Barcelona acoger\\u00e1 la mayor feria mundial de yates de alquiler durante al menos tres a\\u00f1os | El Digital de Asturias\",\"description\":\"Barcelona acoger\\u00e1 a partir de 2017 y durante al menos tres a\\u00f1os el Myba Charter Show, la mayor feria mundial de superyates dedicados al alquiler, que mueve a casi 1.000 personas de alto poder adquisitivo y que llena m\\u00e1s de 600 habitaciones de hotel durante una semana, ha informado este martes Barcelona Cl\\u00faster N\\u00e0utic en\",\"inLanguage\":\"es-ES\",\"isPartOf\":{\"@id\":\"https:\\\/\\\/eldigitaldeasturias.com\\\/magazine365\\\/#website\"},\"breadcrumb\":{\"@id\":\"https:\\\/\\\/eldigitaldeasturias.com\\\/magazine365\\\/barcelona-acogera-la-mayor-feria-mundial-de-yates-de-alquiler-durante-al-menos-tres-anos\\\/#breadcrumblist\"},\"author\":{\"@id\":\"https:\\\/\\\/eldigitaldeasturias.com\\\/magazine365\\\/author\\\/admin\\\/#author\"},\"creator\":{\"@id\":\"https:\\\/\\\/eldigitaldeasturias.com\\\/magazine365\\\/author\\\/admin\\\/#author\"},\"image\":{\"@type\":\"ImageObject\",\"url\":\"https:\\\/\\\/eldigitaldeasturias.com\\\/magazine365\\\/wp-content\\\/uploads\\\/2016\\\/06\\\/fotonoticia_20160614190019_800.jpg\",\"@id\":\"https:\\\/\\\/eldigitaldeasturias.com\\\/magazine365\\\/barcelona-acogera-la-mayor-feria-mundial-de-yates-de-alquiler-durante-al-menos-tres-anos\\\/#mainImage\",\"width\":800,\"height\":533},\"primaryImageOfPage\":{\"@id\":\"https:\\\/\\\/eldigitaldeasturias.com\\\/magazine365\\\/barcelona-acogera-la-mayor-feria-mundial-de-yates-de-alquiler-durante-al-menos-tres-anos\\\/#mainImage\"},\"datePublished\":\"2016-06-14T21:29:03+02:00\",\"dateModified\":\"2016-06-14T21:29:03+02:00\"},{\"@type\":\"WebSite\",\"@id\":\"https:\\\/\\\/eldigitaldeasturias.com\\\/magazine365\\\/#website\",\"url\":\"https:\\\/\\\/eldigitaldeasturias.com\\\/magazine365\\\/\",\"name\":\"El Digital de Asturias\",\"description\":\"Revista de ocio, turismo y estilo de vida\",\"inLanguage\":\"es-ES\",\"publisher\":{\"@id\":\"https:\\\/\\\/eldigitaldeasturias.com\\\/magazine365\\\/#organization\"}}]}\n\t\t<\/script>\n\t\t<!-- All in One SEO Pro -->\r\n\t\t<title>Barcelona acoger\u00e1 la mayor feria mundial de yates de alquiler durante al menos tres a\u00f1os | El Digital de Asturias<\/title>\n\n","aioseo_head_json":{"title":"Barcelona acoger\u00e1 la mayor feria mundial de yates de alquiler durante al menos tres a\u00f1os | El Digital de Asturias","description":"Barcelona acoger\u00e1 a partir de 2017 y durante al menos tres a\u00f1os el Myba Charter Show, la mayor feria mundial de superyates dedicados al alquiler, que mueve a casi 1.000 personas de alto poder adquisitivo y que llena m\u00e1s de 600 habitaciones de hotel durante una semana, ha informado este martes Barcelona Cl\u00faster N\u00e0utic en","canonical_url":"https:\/\/eldigitaldeasturias.com\/magazine365\/barcelona-acogera-la-mayor-feria-mundial-de-yates-de-alquiler-durante-al-menos-tres-anos\/","robots":"max-image-preview:large","keywords":"noticias y actualidad","webmasterTools":{"google-site-verification":"UA-38556648-1","miscellaneous":""},"schema":{"@context":"https:\/\/schema.org","@graph":[{"@type":"Article","@id":"https:\/\/eldigitaldeasturias.com\/magazine365\/barcelona-acogera-la-mayor-feria-mundial-de-yates-de-alquiler-durante-al-menos-tres-anos\/#article","name":"Barcelona acoger\u00e1 la mayor feria mundial de yates de alquiler durante al menos tres a\u00f1os | El Digital de Asturias","headline":"Barcelona acoger\u00e1 la mayor feria mundial de yates de alquiler durante al menos tres a\u00f1os","author":{"@id":"https:\/\/eldigitaldeasturias.com\/magazine365\/author\/admin\/#author"},"publisher":{"@id":"https:\/\/eldigitaldeasturias.com\/magazine365\/#organization"},"image":{"@type":"ImageObject","url":"https:\/\/eldigitaldeasturias.com\/magazine365\/wp-content\/uploads\/2016\/06\/fotonoticia_20160614190019_800.jpg","width":800,"height":533},"datePublished":"2016-06-14T21:29:03+02:00","dateModified":"2016-06-14T21:29:03+02:00","inLanguage":"es-ES","mainEntityOfPage":{"@id":"https:\/\/eldigitaldeasturias.com\/magazine365\/barcelona-acogera-la-mayor-feria-mundial-de-yates-de-alquiler-durante-al-menos-tres-anos\/#webpage"},"isPartOf":{"@id":"https:\/\/eldigitaldeasturias.com\/magazine365\/barcelona-acogera-la-mayor-feria-mundial-de-yates-de-alquiler-durante-al-menos-tres-anos\/#webpage"},"articleSection":"Noticias y Actualidad"},{"@type":"BreadcrumbList","@id":"https:\/\/eldigitaldeasturias.com\/magazine365\/barcelona-acogera-la-mayor-feria-mundial-de-yates-de-alquiler-durante-al-menos-tres-anos\/#breadcrumblist","itemListElement":[{"@type":"ListItem","@id":"https:\/\/eldigitaldeasturias.com\/magazine365#listItem","position":1,"name":"Home","item":"https:\/\/eldigitaldeasturias.com\/magazine365","nextItem":{"@type":"ListItem","@id":"https:\/\/eldigitaldeasturias.com\/magazine365\/category\/noticias-actualidad\/#listItem","name":"Noticias y Actualidad"}},{"@type":"ListItem","@id":"https:\/\/eldigitaldeasturias.com\/magazine365\/category\/noticias-actualidad\/#listItem","position":2,"name":"Noticias y Actualidad","item":"https:\/\/eldigitaldeasturias.com\/magazine365\/category\/noticias-actualidad\/","nextItem":{"@type":"ListItem","@id":"https:\/\/eldigitaldeasturias.com\/magazine365\/barcelona-acogera-la-mayor-feria-mundial-de-yates-de-alquiler-durante-al-menos-tres-anos\/#listItem","name":"Barcelona acoger\u00e1 la mayor feria mundial de yates de alquiler durante al menos tres a\u00f1os"},"previousItem":{"@type":"ListItem","@id":"https:\/\/eldigitaldeasturias.com\/magazine365#listItem","name":"Home"}},{"@type":"ListItem","@id":"https:\/\/eldigitaldeasturias.com\/magazine365\/barcelona-acogera-la-mayor-feria-mundial-de-yates-de-alquiler-durante-al-menos-tres-anos\/#listItem","position":3,"name":"Barcelona acoger\u00e1 la mayor feria mundial de yates de alquiler durante al menos tres a\u00f1os","previousItem":{"@type":"ListItem","@id":"https:\/\/eldigitaldeasturias.com\/magazine365\/category\/noticias-actualidad\/#listItem","name":"Noticias y Actualidad"}}]},{"@type":"Organization","@id":"https:\/\/eldigitaldeasturias.com\/magazine365\/#organization","name":"El digital de Asturias","description":"Revista de ocio, turismo y estilo de vida","url":"https:\/\/eldigitaldeasturias.com\/magazine365\/","logo":{"@type":"ImageObject","url":"https:\/\/www.eldigitaldeasturias.com\/noticias\/wp-content\/uploads\/2020\/12\/EDA.jpg","@id":"https:\/\/eldigitaldeasturias.com\/magazine365\/barcelona-acogera-la-mayor-feria-mundial-de-yates-de-alquiler-durante-al-menos-tres-anos\/#organizationLogo"},"image":{"@id":"https:\/\/eldigitaldeasturias.com\/magazine365\/barcelona-acogera-la-mayor-feria-mundial-de-yates-de-alquiler-durante-al-menos-tres-anos\/#organizationLogo"}},{"@type":"Person","@id":"https:\/\/eldigitaldeasturias.com\/magazine365\/author\/admin\/#author","url":"https:\/\/eldigitaldeasturias.com\/magazine365\/author\/admin\/","name":"admin","image":{"@type":"ImageObject","@id":"https:\/\/eldigitaldeasturias.com\/magazine365\/barcelona-acogera-la-mayor-feria-mundial-de-yates-de-alquiler-durante-al-menos-tres-anos\/#authorImage","url":"https:\/\/eldigitaldeasturias.com\/magazine365\/wp-content\/litespeed\/avatar\/e571bcf59a0edd6fa6838245a470f2fe.jpg?ver=1776969259","width":96,"height":96,"caption":"admin"}},{"@type":"WebPage","@id":"https:\/\/eldigitaldeasturias.com\/magazine365\/barcelona-acogera-la-mayor-feria-mundial-de-yates-de-alquiler-durante-al-menos-tres-anos\/#webpage","url":"https:\/\/eldigitaldeasturias.com\/magazine365\/barcelona-acogera-la-mayor-feria-mundial-de-yates-de-alquiler-durante-al-menos-tres-anos\/","name":"Barcelona acoger\u00e1 la mayor feria mundial de yates de alquiler durante al menos tres a\u00f1os | El Digital de Asturias","description":"Barcelona acoger\u00e1 a partir de 2017 y durante al menos tres a\u00f1os el Myba Charter Show, la mayor feria mundial de superyates dedicados al alquiler, que mueve a casi 1.000 personas de alto poder adquisitivo y que llena m\u00e1s de 600 habitaciones de hotel durante una semana, ha informado este martes Barcelona Cl\u00faster N\u00e0utic en","inLanguage":"es-ES","isPartOf":{"@id":"https:\/\/eldigitaldeasturias.com\/magazine365\/#website"},"breadcrumb":{"@id":"https:\/\/eldigitaldeasturias.com\/magazine365\/barcelona-acogera-la-mayor-feria-mundial-de-yates-de-alquiler-durante-al-menos-tres-anos\/#breadcrumblist"},"author":{"@id":"https:\/\/eldigitaldeasturias.com\/magazine365\/author\/admin\/#author"},"creator":{"@id":"https:\/\/eldigitaldeasturias.com\/magazine365\/author\/admin\/#author"},"image":{"@type":"ImageObject","url":"https:\/\/eldigitaldeasturias.com\/magazine365\/wp-content\/uploads\/2016\/06\/fotonoticia_20160614190019_800.jpg","@id":"https:\/\/eldigitaldeasturias.com\/magazine365\/barcelona-acogera-la-mayor-feria-mundial-de-yates-de-alquiler-durante-al-menos-tres-anos\/#mainImage","width":800,"height":533},"primaryImageOfPage":{"@id":"https:\/\/eldigitaldeasturias.com\/magazine365\/barcelona-acogera-la-mayor-feria-mundial-de-yates-de-alquiler-durante-al-menos-tres-anos\/#mainImage"},"datePublished":"2016-06-14T21:29:03+02:00","dateModified":"2016-06-14T21:29:03+02:00"},{"@type":"WebSite","@id":"https:\/\/eldigitaldeasturias.com\/magazine365\/#website","url":"https:\/\/eldigitaldeasturias.com\/magazine365\/","name":"El Digital de Asturias","description":"Revista de ocio, turismo y estilo de vida","inLanguage":"es-ES","publisher":{"@id":"https:\/\/eldigitaldeasturias.com\/magazine365\/#organization"}}]},"og:locale":"es_ES","og:site_name":"El Digital de Asturias \u2013 Revista de ocio, turismo y estilo de vida","og:type":"article","og:title":"Barcelona acoger\u00e1 la mayor feria mundial de yates de alquiler durante al menos tres a\u00f1os | El Digital de Asturias","og:description":"Barcelona acoger\u00e1 a partir de 2017 y durante al menos tres a\u00f1os el Myba Charter Show, la mayor feria mundial de superyates dedicados al alquiler, que mueve a casi 1.000 personas de alto poder adquisitivo y que llena m\u00e1s de 600 habitaciones de hotel durante una semana, ha informado este martes Barcelona Cl\u00faster N\u00e0utic en","og:url":"https:\/\/eldigitaldeasturias.com\/magazine365\/barcelona-acogera-la-mayor-feria-mundial-de-yates-de-alquiler-durante-al-menos-tres-anos\/","og:image":"https:\/\/eldigitaldeasturias.com\/magazine365\/wp-content\/uploads\/2016\/06\/fotonoticia_20160614190019_800.jpg","og:image:secure_url":"https:\/\/eldigitaldeasturias.com\/magazine365\/wp-content\/uploads\/2016\/06\/fotonoticia_20160614190019_800.jpg","og:image:width":800,"og:image:height":533,"article:published_time":"2016-06-14T19:29:03+00:00","article:modified_time":"2016-06-14T19:29:03+00:00","twitter:card":"summary_large_image","twitter:title":"Barcelona acoger\u00e1 la mayor feria mundial de yates de alquiler durante al menos tres a\u00f1os | El Digital de Asturias","twitter:description":"Barcelona acoger\u00e1 a partir de 2017 y durante al menos tres a\u00f1os el Myba Charter Show, la mayor feria mundial de superyates dedicados al alquiler, que mueve a casi 1.000 personas de alto poder adquisitivo y que llena m\u00e1s de 600 habitaciones de hotel durante una semana, ha informado este martes Barcelona Cl\u00faster N\u00e0utic en","twitter:image":"https:\/\/eldigitaldeasturias.com\/magazine365\/wp-content\/uploads\/2016\/06\/fotonoticia_20160614190019_800.jpg"},"aioseo_meta_data":{"post_id":"79334","title":null,"description":null,"keywords":null,"keyphrases":null,"primary_term":null,"canonical_url":null,"og_title":null,"og_description":null,"og_object_type":"default","og_image_type":"default","og_image_url":null,"og_image_width":null,"og_image_height":null,"og_image_custom_url":null,"og_image_custom_fields":null,"og_video":null,"og_custom_url":null,"og_article_section":null,"og_article_tags":null,"twitter_use_og":false,"twitter_card":"default","twitter_image_type":"default","twitter_image_url":null,"twitter_image_custom_url":null,"twitter_image_custom_fields":null,"twitter_title":null,"twitter_description":null,"schema":{"blockGraphs":[],"customGraphs":[],"default":{"data":{"Article":[],"Course":[],"Dataset":[],"FAQPage":[],"Movie":[],"Person":[],"Product":[],"ProductReview":[],"Car":[],"Recipe":[],"Service":[],"SoftwareApplication":[],"WebPage":[]},"graphName":"","isEnabled":true},"graphs":[],"defaultGraph":"","defaultPostTypeGraph":""},"schema_type":null,"schema_type_options":null,"pillar_content":false,"robots_default":true,"robots_noindex":false,"robots_noarchive":false,"robots_nosnippet":false,"robots_nofollow":false,"robots_noimageindex":false,"robots_noodp":false,"robots_notranslate":false,"robots_max_snippet":null,"robots_max_videopreview":null,"robots_max_imagepreview":"large","priority":null,"frequency":null,"location":null,"local_seo":null,"seo_analyzer_scan_date":"2025-09-27 18:43:08","breadcrumb_settings":null,"limit_modified_date":false,"open_ai":null,"ai":null,"created":"2021-03-08 17:50:21","updated":"2025-09-27 18:43:08"},"aioseo_breadcrumb":"<div class=\"aioseo-breadcrumbs\"><span class=\"aioseo-breadcrumb\">\n\t<a href=\"https:\/\/eldigitaldeasturias.com\/magazine365\" title=\"Home\">Home<\/a>\n<\/span><span class=\"aioseo-breadcrumb-separator\">\u2013<\/span><span class=\"aioseo-breadcrumb\">\n\t<a href=\"https:\/\/eldigitaldeasturias.com\/magazine365\/category\/noticias-actualidad\/\" title=\"Noticias y Actualidad\">Noticias y Actualidad<\/a>\n<\/span><span class=\"aioseo-breadcrumb-separator\">\u2013<\/span><span class=\"aioseo-breadcrumb\">\n\t<a href=\"https:\/\/eldigitaldeasturias.com\/magazine365\/barcelona-acogera-la-mayor-feria-mundial-de-yates-de-alquiler-durante-al-menos-tres-anos\/\" title=\"Barcelona acoger\u00e1 la mayor feria mundial de yates de alquiler durante al menos tres a\u00f1os\">Barcelona acoger\u00e1 la mayor feria mundial de yates de alquiler durante al menos tres a\u00f1os<\/a>\n<\/span><\/div>","aioseo_breadcrumb_json":[{"label":"Home","link":"https:\/\/eldigitaldeasturias.com\/magazine365"},{"label":"Noticias y Actualidad","link":"https:\/\/eldigitaldeasturias.com\/magazine365\/category\/noticias-actualidad\/"},{"label":"Barcelona acoger\u00e1 la mayor feria mundial de yates de alquiler durante al menos tres a\u00f1os","link":"https:\/\/eldigitaldeasturias.com\/magazine365\/barcelona-acogera-la-mayor-feria-mundial-de-yates-de-alquiler-durante-al-menos-tres-anos\/"}],"_links":{"self":[{"href":"https:\/\/eldigitaldeasturias.com\/magazine365\/wp-json\/wp\/v2\/posts\/79334","targetHints":{"allow":["GET"]}}],"collection":[{"href":"https:\/\/eldigitaldeasturias.com\/magazine365\/wp-json\/wp\/v2\/posts"}],"about":[{"href":"https:\/\/eldigitaldeasturias.com\/magazine365\/wp-json\/wp\/v2\/types\/post"}],"author":[{"embeddable":true,"href":"https:\/\/eldigitaldeasturias.com\/magazine365\/wp-json\/wp\/v2\/users\/1"}],"replies":[{"embeddable":true,"href":"https:\/\/eldigitaldeasturias.com\/magazine365\/wp-json\/wp\/v2\/comments?post=79334"}],"version-history":[{"count":0,"href":"https:\/\/eldigitaldeasturias.com\/magazine365\/wp-json\/wp\/v2\/posts\/79334\/revisions"}],"wp:featuredmedia":[{"embeddable":true,"href":"https:\/\/eldigitaldeasturias.com\/magazine365\/wp-json\/wp\/v2\/media\/79335"}],"wp:attachment":[{"href":"https:\/\/eldigitaldeasturias.com\/magazine365\/wp-json\/wp\/v2\/media?parent=79334"}],"wp:term":[{"taxonomy":"category","embeddable":true,"href":"https:\/\/eldigitaldeasturias.com\/magazine365\/wp-json\/wp\/v2\/categories?post=79334"},{"taxonomy":"post_tag","embeddable":true,"href":"https:\/\/eldigitaldeasturias.com\/magazine365\/wp-json\/wp\/v2\/tags?post=79334"}],"curies":[{"name":"wp","href":"https:\/\/api.w.org\/{rel}","templated":true}]}}