{"id":79316,"date":"2016-06-14T21:22:13","date_gmt":"2016-06-14T19:22:13","guid":{"rendered":"http:\/\/eldigitaldeasturias.com\/magazine365\/?p=79316"},"modified":"2016-06-14T21:22:13","modified_gmt":"2016-06-14T19:22:13","slug":"gobierno-y-generalitat-impulsan-el-acceso-ferroviario-al-puerto-de-barcelona","status":"publish","type":"post","link":"https:\/\/eldigitaldeasturias.com\/magazine365\/gobierno-y-generalitat-impulsan-el-acceso-ferroviario-al-puerto-de-barcelona\/","title":{"rendered":"Gobierno y Generalitat impulsan el acceso ferroviario al Puerto de Barcelona"},"content":{"rendered":"<p><img fetchpriority=\"high\" decoding=\"async\" class=\"alignleft size-medium wp-image-79317\" src=\"https:\/\/eldigitaldeasturias.com\/magazine365\/wp-content\/uploads\/2016\/06\/fotonoticia_20160614185131_800-360x240.jpg\" alt=\"fotonoticia_20160614185131_800\" width=\"360\" height=\"240\" srcset=\"https:\/\/eldigitaldeasturias.com\/magazine365\/wp-content\/uploads\/2016\/06\/fotonoticia_20160614185131_800-360x240.jpg 360w, https:\/\/eldigitaldeasturias.com\/magazine365\/wp-content\/uploads\/2016\/06\/fotonoticia_20160614185131_800-650x433.jpg 650w, https:\/\/eldigitaldeasturias.com\/magazine365\/wp-content\/uploads\/2016\/06\/fotonoticia_20160614185131_800-768x512.jpg 768w, https:\/\/eldigitaldeasturias.com\/magazine365\/wp-content\/uploads\/2016\/06\/fotonoticia_20160614185131_800-150x100.jpg 150w, https:\/\/eldigitaldeasturias.com\/magazine365\/wp-content\/uploads\/2016\/06\/fotonoticia_20160614185131_800-450x300.jpg 450w, https:\/\/eldigitaldeasturias.com\/magazine365\/wp-content\/uploads\/2016\/06\/fotonoticia_20160614185131_800-101x66.jpg 101w, https:\/\/eldigitaldeasturias.com\/magazine365\/wp-content\/uploads\/2016\/06\/fotonoticia_20160614185131_800.jpg 800w\" sizes=\"(max-width: 360px) 100vw, 360px\" \/>La ministra de Fomento, Ana Pastor; el presidente de Puertos del Estado, Jos\u00e9 Llorca; el conseller de Territorio y Sostenibilidad de la Generalitat, Josep Rull; el presidente de Ferrocarrils de la Generalitat de Catalunya (FGC), Enric Tic\u00f3, el del Puerto de Barcelona, Sixte Cambra, y el de Adif, Gonzalo Ferre, han firmado este martes los convenios para el acceso ferroviario sur al Puerto de Barcelona.<\/p>\n<p>En declaraciones a la prensa posteriores a la firma, Pastor ha recordado que los Presupuestos Generales del Estado (PGE) para este 2016 ya prev\u00e9n seis millones de euros para los accesos: \u00abNos tienen que decir los ingenieros el tiempo de obra necesario, pero ser\u00e1 en el menor posible\u00bb.<\/p>\n<p>De este modo, la ministra no ha concretado el calendario de obras ni de entrada en funcionamiento del acceso ferroviario, pero ha recalcado que es una actuaci\u00f3n clave para la competitividad del Puerto de Barcelona.<\/p>\n<p>\u00abEsta obra nos ha hecho sufrir mucho y llega con retraso, pero es una buena noticia\u00bb, ha dicho el conseller Josep Rull, que ha celebrado que impulsar el Puerto de Barcelona se traduce en mayor actividad econ\u00f3mica y m\u00e1s puestos de trabajo.<\/p>\n<p>Tambi\u00e9n ha estado presente la teniente de alcalde de Ecolog\u00eda, Urbanismo y Movilidad de Barcelona, Janet Sanz, que ha coincidido con Rull en el retraso de la actuaci\u00f3n y ha reclamado a Pastor el mismo compromiso escenificado este martes con otras infraestructuras clave para la capital catalana y su \u00e1rea metropolitana, como la estaci\u00f3n intermodal de La Sagrera.<\/p>\n<h2 class=\"ladillo\">CONVENIOS<\/h2>\n<p>Uno de estos convenios es el que regula las aportaciones financieras para el desarrollo del nuevo acceso sur ferroviario, que tendr\u00e1 un coste de 149,8 millones de euros.<\/p>\n<p>De esta cantidad, 77,2 millones de euros corresponden a Adif y 72,6 al Puerto de Barcelona, que los financiar\u00e1 a trav\u00e9s del Fondo Financiero de Accesibilidad Terrestre Portuaria, y estas obras, que forman parte del Corredor Mediterr\u00e1neo, tambi\u00e9n cuentan con ayudas europeas por valor de 36,1 millones.<\/p>\n<p>El otro convenio es el previsto entre Fomento, la Generalitat, FGC y Adif para el traspaso al administrador ferroviario de un tramo de unos dos kil\u00f3metros de v\u00eda del operador catal\u00e1n, entre aproximadamente el nuevo acceso viario del municipio de Cornell\u00e0 de Llobregat desde la Ronda Litoral y un punto determinado m\u00e1s all\u00e1 del puente de acceso a Mercabarna, para su integraci\u00f3n en el nuevo acceso.<\/p>\n<p>Con el objetivo de que las circulaciones de ancho m\u00e9trico puedan seguir pasando por esta v\u00eda, el tramo contar\u00e1 con tres anchos de v\u00eda: el m\u00e9trico, el convencional y el europeo (UIC).<\/p>\n<p>En 2013, los agentes implicados suscribieron un protocolo para la construcci\u00f3n del nuevo acceso sur al Puerto de Barcelona que contemplaba cinco actuaciones: el proyecto de v\u00eda \u00fanica compartida con FGC (30,7 millones), el acceso con v\u00eda doble y v\u00edas de expedici\u00f3n y recepci\u00f3n Nou Llobregat (59,5), la conexi\u00f3n con la terminal de Can Tunis y la adaptaci\u00f3n de las v\u00edas en esta terminal (35), las instalaciones de seguridad y comunicaciones (17,3) y la subestaci\u00f3n de tracci\u00f3n (7,3).<\/p>\n<h2 class=\"ladillo\">ACTUACIONES EJECUTADAS<\/h2>\n<p>En paralelo, el Puerto de Barcelona ya ha invertido 45,5 millones en las obras del Nudo Sur para permitir la llegada del acceso ferroviario al recinto portuario, una actuaci\u00f3n ya en servicio.<\/p>\n<p>Tambi\u00e9n ha licitado el tramo interno del acceso ferroviario y las v\u00edas de expedici\u00f3n y recepci\u00f3n paralelas a la terminal de contenedores Best, una obra en la que invertir\u00e1 12 millones, se iniciar\u00e1 este junio y tendr\u00e1 un plazo de ejecuci\u00f3n de 10 meses.<\/p>\n<p>Este trabajo se completa con el suministro de aparatos de v\u00eda, que permitir\u00e1n el desv\u00edo de trenes de una v\u00eda a la otra y el movimiento de trenes entre v\u00edas paralelas, lo que supondr\u00e1 un coste de 3,1 millones.<\/p>\n","protected":false},"excerpt":{"rendered":"<p>La ministra de Fomento, Ana Pastor; el presidente de Puertos del Estado, Jos\u00e9 Llorca; el conseller de Territorio y Sostenibilidad de la Generalitat, Josep Rull; el presidente de Ferrocarrils de la Generalitat de Catalunya (FGC), Enric Tic\u00f3, el del Puerto de Barcelona, Sixte Cambra, y el de Adif, Gonzalo Ferre, han firmado este martes los<\/p>\n","protected":false},"author":1,"featured_media":79317,"comment_status":"open","ping_status":"closed","sticky":false,"template":"","format":"standard","meta":{"footnotes":""},"categories":[224],"tags":[],"class_list":{"0":"post-79316","1":"post","2":"type-post","3":"status-publish","4":"format-standard","5":"has-post-thumbnail","7":"category-noticias-actualidad"},"aioseo_notices":[],"aioseo_head":"\n\t\t<!-- All in One SEO Pro 4.9.6.1 - aioseo.com -->\n\t<meta name=\"description\" content=\"La ministra de Fomento, Ana Pastor; el presidente de Puertos del Estado, Jos\u00e9 Llorca; el conseller de Territorio y Sostenibilidad de la Generalitat, Josep Rull; el presidente de Ferrocarrils de la Generalitat de Catalunya (FGC), Enric Tic\u00f3, el del Puerto de Barcelona, Sixte Cambra, y el de Adif, Gonzalo Ferre, han firmado este martes los\" \/>\n\t<meta name=\"robots\" content=\"max-image-preview:large\" \/>\n\t<meta name=\"author\" content=\"admin\"\/>\n\t<meta name=\"google-site-verification\" content=\"UA-38556648-1\" \/>\n\t<meta name=\"keywords\" content=\"noticias y actualidad\" \/>\n\t<link rel=\"canonical\" href=\"https:\/\/eldigitaldeasturias.com\/magazine365\/gobierno-y-generalitat-impulsan-el-acceso-ferroviario-al-puerto-de-barcelona\/\" \/>\n\t<meta name=\"generator\" content=\"All in One SEO Pro (AIOSEO) 4.9.6.1\" \/>\n\t\t<meta property=\"og:locale\" content=\"es_ES\" \/>\n\t\t<meta property=\"og:site_name\" content=\"El Digital de Asturias \u2013 Revista de ocio, turismo y estilo de vida\" \/>\n\t\t<meta property=\"og:type\" content=\"article\" \/>\n\t\t<meta property=\"og:title\" content=\"Gobierno y Generalitat impulsan el acceso ferroviario al Puerto de Barcelona | El Digital de Asturias\" \/>\n\t\t<meta property=\"og:description\" content=\"La ministra de Fomento, Ana Pastor; el presidente de Puertos del Estado, Jos\u00e9 Llorca; el conseller de Territorio y Sostenibilidad de la Generalitat, Josep Rull; el presidente de Ferrocarrils de la Generalitat de Catalunya (FGC), Enric Tic\u00f3, el del Puerto de Barcelona, Sixte Cambra, y el de Adif, Gonzalo Ferre, han firmado este martes los\" \/>\n\t\t<meta property=\"og:url\" content=\"https:\/\/eldigitaldeasturias.com\/magazine365\/gobierno-y-generalitat-impulsan-el-acceso-ferroviario-al-puerto-de-barcelona\/\" \/>\n\t\t<meta property=\"og:image\" content=\"https:\/\/eldigitaldeasturias.com\/magazine365\/wp-content\/uploads\/2016\/06\/fotonoticia_20160614185131_800.jpg\" \/>\n\t\t<meta property=\"og:image:secure_url\" content=\"https:\/\/eldigitaldeasturias.com\/magazine365\/wp-content\/uploads\/2016\/06\/fotonoticia_20160614185131_800.jpg\" \/>\n\t\t<meta property=\"og:image:width\" content=\"800\" \/>\n\t\t<meta property=\"og:image:height\" content=\"533\" \/>\n\t\t<meta property=\"article:published_time\" content=\"2016-06-14T19:22:13+00:00\" \/>\n\t\t<meta property=\"article:modified_time\" content=\"2016-06-14T19:22:13+00:00\" \/>\n\t\t<meta name=\"twitter:card\" content=\"summary_large_image\" \/>\n\t\t<meta name=\"twitter:title\" content=\"Gobierno y Generalitat impulsan el acceso ferroviario al Puerto de Barcelona | El Digital de Asturias\" \/>\n\t\t<meta name=\"twitter:description\" content=\"La ministra de Fomento, Ana Pastor; el presidente de Puertos del Estado, Jos\u00e9 Llorca; el conseller de Territorio y Sostenibilidad de la Generalitat, Josep Rull; el presidente de Ferrocarrils de la Generalitat de Catalunya (FGC), Enric Tic\u00f3, el del Puerto de Barcelona, Sixte Cambra, y el de Adif, Gonzalo Ferre, han firmado este martes los\" \/>\n\t\t<meta name=\"twitter:image\" content=\"https:\/\/eldigitaldeasturias.com\/magazine365\/wp-content\/uploads\/2016\/06\/fotonoticia_20160614185131_800.jpg\" \/>\n\t\t<script type=\"application\/ld+json\" class=\"aioseo-schema\">\n\t\t\t{\"@context\":\"https:\\\/\\\/schema.org\",\"@graph\":[{\"@type\":\"Article\",\"@id\":\"https:\\\/\\\/eldigitaldeasturias.com\\\/magazine365\\\/gobierno-y-generalitat-impulsan-el-acceso-ferroviario-al-puerto-de-barcelona\\\/#article\",\"name\":\"Gobierno y Generalitat impulsan el acceso ferroviario al Puerto de Barcelona | El Digital de Asturias\",\"headline\":\"Gobierno y Generalitat impulsan el acceso ferroviario al Puerto de Barcelona\",\"author\":{\"@id\":\"https:\\\/\\\/eldigitaldeasturias.com\\\/magazine365\\\/author\\\/admin\\\/#author\"},\"publisher\":{\"@id\":\"https:\\\/\\\/eldigitaldeasturias.com\\\/magazine365\\\/#organization\"},\"image\":{\"@type\":\"ImageObject\",\"url\":\"https:\\\/\\\/eldigitaldeasturias.com\\\/magazine365\\\/wp-content\\\/uploads\\\/2016\\\/06\\\/fotonoticia_20160614185131_800.jpg\",\"width\":800,\"height\":533},\"datePublished\":\"2016-06-14T21:22:13+02:00\",\"dateModified\":\"2016-06-14T21:22:13+02:00\",\"inLanguage\":\"es-ES\",\"mainEntityOfPage\":{\"@id\":\"https:\\\/\\\/eldigitaldeasturias.com\\\/magazine365\\\/gobierno-y-generalitat-impulsan-el-acceso-ferroviario-al-puerto-de-barcelona\\\/#webpage\"},\"isPartOf\":{\"@id\":\"https:\\\/\\\/eldigitaldeasturias.com\\\/magazine365\\\/gobierno-y-generalitat-impulsan-el-acceso-ferroviario-al-puerto-de-barcelona\\\/#webpage\"},\"articleSection\":\"Noticias y Actualidad\"},{\"@type\":\"BreadcrumbList\",\"@id\":\"https:\\\/\\\/eldigitaldeasturias.com\\\/magazine365\\\/gobierno-y-generalitat-impulsan-el-acceso-ferroviario-al-puerto-de-barcelona\\\/#breadcrumblist\",\"itemListElement\":[{\"@type\":\"ListItem\",\"@id\":\"https:\\\/\\\/eldigitaldeasturias.com\\\/magazine365#listItem\",\"position\":1,\"name\":\"Home\",\"item\":\"https:\\\/\\\/eldigitaldeasturias.com\\\/magazine365\",\"nextItem\":{\"@type\":\"ListItem\",\"@id\":\"https:\\\/\\\/eldigitaldeasturias.com\\\/magazine365\\\/category\\\/noticias-actualidad\\\/#listItem\",\"name\":\"Noticias y Actualidad\"}},{\"@type\":\"ListItem\",\"@id\":\"https:\\\/\\\/eldigitaldeasturias.com\\\/magazine365\\\/category\\\/noticias-actualidad\\\/#listItem\",\"position\":2,\"name\":\"Noticias y Actualidad\",\"item\":\"https:\\\/\\\/eldigitaldeasturias.com\\\/magazine365\\\/category\\\/noticias-actualidad\\\/\",\"nextItem\":{\"@type\":\"ListItem\",\"@id\":\"https:\\\/\\\/eldigitaldeasturias.com\\\/magazine365\\\/gobierno-y-generalitat-impulsan-el-acceso-ferroviario-al-puerto-de-barcelona\\\/#listItem\",\"name\":\"Gobierno y Generalitat impulsan el acceso ferroviario al Puerto de Barcelona\"},\"previousItem\":{\"@type\":\"ListItem\",\"@id\":\"https:\\\/\\\/eldigitaldeasturias.com\\\/magazine365#listItem\",\"name\":\"Home\"}},{\"@type\":\"ListItem\",\"@id\":\"https:\\\/\\\/eldigitaldeasturias.com\\\/magazine365\\\/gobierno-y-generalitat-impulsan-el-acceso-ferroviario-al-puerto-de-barcelona\\\/#listItem\",\"position\":3,\"name\":\"Gobierno y Generalitat impulsan el acceso ferroviario al Puerto de Barcelona\",\"previousItem\":{\"@type\":\"ListItem\",\"@id\":\"https:\\\/\\\/eldigitaldeasturias.com\\\/magazine365\\\/category\\\/noticias-actualidad\\\/#listItem\",\"name\":\"Noticias y Actualidad\"}}]},{\"@type\":\"Organization\",\"@id\":\"https:\\\/\\\/eldigitaldeasturias.com\\\/magazine365\\\/#organization\",\"name\":\"El digital de Asturias\",\"description\":\"Revista de ocio, turismo y estilo de vida\",\"url\":\"https:\\\/\\\/eldigitaldeasturias.com\\\/magazine365\\\/\",\"logo\":{\"@type\":\"ImageObject\",\"url\":\"https:\\\/\\\/www.eldigitaldeasturias.com\\\/noticias\\\/wp-content\\\/uploads\\\/2020\\\/12\\\/EDA.jpg\",\"@id\":\"https:\\\/\\\/eldigitaldeasturias.com\\\/magazine365\\\/gobierno-y-generalitat-impulsan-el-acceso-ferroviario-al-puerto-de-barcelona\\\/#organizationLogo\"},\"image\":{\"@id\":\"https:\\\/\\\/eldigitaldeasturias.com\\\/magazine365\\\/gobierno-y-generalitat-impulsan-el-acceso-ferroviario-al-puerto-de-barcelona\\\/#organizationLogo\"}},{\"@type\":\"Person\",\"@id\":\"https:\\\/\\\/eldigitaldeasturias.com\\\/magazine365\\\/author\\\/admin\\\/#author\",\"url\":\"https:\\\/\\\/eldigitaldeasturias.com\\\/magazine365\\\/author\\\/admin\\\/\",\"name\":\"admin\",\"image\":{\"@type\":\"ImageObject\",\"@id\":\"https:\\\/\\\/eldigitaldeasturias.com\\\/magazine365\\\/gobierno-y-generalitat-impulsan-el-acceso-ferroviario-al-puerto-de-barcelona\\\/#authorImage\",\"url\":\"https:\\\/\\\/eldigitaldeasturias.com\\\/magazine365\\\/wp-content\\\/litespeed\\\/avatar\\\/e571bcf59a0edd6fa6838245a470f2fe.jpg?ver=1776969259\",\"width\":96,\"height\":96,\"caption\":\"admin\"}},{\"@type\":\"WebPage\",\"@id\":\"https:\\\/\\\/eldigitaldeasturias.com\\\/magazine365\\\/gobierno-y-generalitat-impulsan-el-acceso-ferroviario-al-puerto-de-barcelona\\\/#webpage\",\"url\":\"https:\\\/\\\/eldigitaldeasturias.com\\\/magazine365\\\/gobierno-y-generalitat-impulsan-el-acceso-ferroviario-al-puerto-de-barcelona\\\/\",\"name\":\"Gobierno y Generalitat impulsan el acceso ferroviario al Puerto de Barcelona | El Digital de Asturias\",\"description\":\"La ministra de Fomento, Ana Pastor; el presidente de Puertos del Estado, Jos\\u00e9 Llorca; el conseller de Territorio y Sostenibilidad de la Generalitat, Josep Rull; el presidente de Ferrocarrils de la Generalitat de Catalunya (FGC), Enric Tic\\u00f3, el del Puerto de Barcelona, Sixte Cambra, y el de Adif, Gonzalo Ferre, han firmado este martes los\",\"inLanguage\":\"es-ES\",\"isPartOf\":{\"@id\":\"https:\\\/\\\/eldigitaldeasturias.com\\\/magazine365\\\/#website\"},\"breadcrumb\":{\"@id\":\"https:\\\/\\\/eldigitaldeasturias.com\\\/magazine365\\\/gobierno-y-generalitat-impulsan-el-acceso-ferroviario-al-puerto-de-barcelona\\\/#breadcrumblist\"},\"author\":{\"@id\":\"https:\\\/\\\/eldigitaldeasturias.com\\\/magazine365\\\/author\\\/admin\\\/#author\"},\"creator\":{\"@id\":\"https:\\\/\\\/eldigitaldeasturias.com\\\/magazine365\\\/author\\\/admin\\\/#author\"},\"image\":{\"@type\":\"ImageObject\",\"url\":\"https:\\\/\\\/eldigitaldeasturias.com\\\/magazine365\\\/wp-content\\\/uploads\\\/2016\\\/06\\\/fotonoticia_20160614185131_800.jpg\",\"@id\":\"https:\\\/\\\/eldigitaldeasturias.com\\\/magazine365\\\/gobierno-y-generalitat-impulsan-el-acceso-ferroviario-al-puerto-de-barcelona\\\/#mainImage\",\"width\":800,\"height\":533},\"primaryImageOfPage\":{\"@id\":\"https:\\\/\\\/eldigitaldeasturias.com\\\/magazine365\\\/gobierno-y-generalitat-impulsan-el-acceso-ferroviario-al-puerto-de-barcelona\\\/#mainImage\"},\"datePublished\":\"2016-06-14T21:22:13+02:00\",\"dateModified\":\"2016-06-14T21:22:13+02:00\"},{\"@type\":\"WebSite\",\"@id\":\"https:\\\/\\\/eldigitaldeasturias.com\\\/magazine365\\\/#website\",\"url\":\"https:\\\/\\\/eldigitaldeasturias.com\\\/magazine365\\\/\",\"name\":\"El Digital de Asturias\",\"description\":\"Revista de ocio, turismo y estilo de vida\",\"inLanguage\":\"es-ES\",\"publisher\":{\"@id\":\"https:\\\/\\\/eldigitaldeasturias.com\\\/magazine365\\\/#organization\"}}]}\n\t\t<\/script>\n\t\t<!-- All in One SEO Pro -->\r\n\t\t<title>Gobierno y Generalitat impulsan el acceso ferroviario al Puerto de Barcelona | El Digital de Asturias<\/title>\n\n","aioseo_head_json":{"title":"Gobierno y Generalitat impulsan el acceso ferroviario al Puerto de Barcelona | El Digital de Asturias","description":"La ministra de Fomento, Ana Pastor; el presidente de Puertos del Estado, Jos\u00e9 Llorca; el conseller de Territorio y Sostenibilidad de la Generalitat, Josep Rull; el presidente de Ferrocarrils de la Generalitat de Catalunya (FGC), Enric Tic\u00f3, el del Puerto de Barcelona, Sixte Cambra, y el de Adif, Gonzalo Ferre, han firmado este martes los","canonical_url":"https:\/\/eldigitaldeasturias.com\/magazine365\/gobierno-y-generalitat-impulsan-el-acceso-ferroviario-al-puerto-de-barcelona\/","robots":"max-image-preview:large","keywords":"noticias y actualidad","webmasterTools":{"google-site-verification":"UA-38556648-1","miscellaneous":""},"schema":{"@context":"https:\/\/schema.org","@graph":[{"@type":"Article","@id":"https:\/\/eldigitaldeasturias.com\/magazine365\/gobierno-y-generalitat-impulsan-el-acceso-ferroviario-al-puerto-de-barcelona\/#article","name":"Gobierno y Generalitat impulsan el acceso ferroviario al Puerto de Barcelona | El Digital de Asturias","headline":"Gobierno y Generalitat impulsan el acceso ferroviario al Puerto de Barcelona","author":{"@id":"https:\/\/eldigitaldeasturias.com\/magazine365\/author\/admin\/#author"},"publisher":{"@id":"https:\/\/eldigitaldeasturias.com\/magazine365\/#organization"},"image":{"@type":"ImageObject","url":"https:\/\/eldigitaldeasturias.com\/magazine365\/wp-content\/uploads\/2016\/06\/fotonoticia_20160614185131_800.jpg","width":800,"height":533},"datePublished":"2016-06-14T21:22:13+02:00","dateModified":"2016-06-14T21:22:13+02:00","inLanguage":"es-ES","mainEntityOfPage":{"@id":"https:\/\/eldigitaldeasturias.com\/magazine365\/gobierno-y-generalitat-impulsan-el-acceso-ferroviario-al-puerto-de-barcelona\/#webpage"},"isPartOf":{"@id":"https:\/\/eldigitaldeasturias.com\/magazine365\/gobierno-y-generalitat-impulsan-el-acceso-ferroviario-al-puerto-de-barcelona\/#webpage"},"articleSection":"Noticias y Actualidad"},{"@type":"BreadcrumbList","@id":"https:\/\/eldigitaldeasturias.com\/magazine365\/gobierno-y-generalitat-impulsan-el-acceso-ferroviario-al-puerto-de-barcelona\/#breadcrumblist","itemListElement":[{"@type":"ListItem","@id":"https:\/\/eldigitaldeasturias.com\/magazine365#listItem","position":1,"name":"Home","item":"https:\/\/eldigitaldeasturias.com\/magazine365","nextItem":{"@type":"ListItem","@id":"https:\/\/eldigitaldeasturias.com\/magazine365\/category\/noticias-actualidad\/#listItem","name":"Noticias y Actualidad"}},{"@type":"ListItem","@id":"https:\/\/eldigitaldeasturias.com\/magazine365\/category\/noticias-actualidad\/#listItem","position":2,"name":"Noticias y Actualidad","item":"https:\/\/eldigitaldeasturias.com\/magazine365\/category\/noticias-actualidad\/","nextItem":{"@type":"ListItem","@id":"https:\/\/eldigitaldeasturias.com\/magazine365\/gobierno-y-generalitat-impulsan-el-acceso-ferroviario-al-puerto-de-barcelona\/#listItem","name":"Gobierno y Generalitat impulsan el acceso ferroviario al Puerto de Barcelona"},"previousItem":{"@type":"ListItem","@id":"https:\/\/eldigitaldeasturias.com\/magazine365#listItem","name":"Home"}},{"@type":"ListItem","@id":"https:\/\/eldigitaldeasturias.com\/magazine365\/gobierno-y-generalitat-impulsan-el-acceso-ferroviario-al-puerto-de-barcelona\/#listItem","position":3,"name":"Gobierno y Generalitat impulsan el acceso ferroviario al Puerto de Barcelona","previousItem":{"@type":"ListItem","@id":"https:\/\/eldigitaldeasturias.com\/magazine365\/category\/noticias-actualidad\/#listItem","name":"Noticias y Actualidad"}}]},{"@type":"Organization","@id":"https:\/\/eldigitaldeasturias.com\/magazine365\/#organization","name":"El digital de Asturias","description":"Revista de ocio, turismo y estilo de vida","url":"https:\/\/eldigitaldeasturias.com\/magazine365\/","logo":{"@type":"ImageObject","url":"https:\/\/www.eldigitaldeasturias.com\/noticias\/wp-content\/uploads\/2020\/12\/EDA.jpg","@id":"https:\/\/eldigitaldeasturias.com\/magazine365\/gobierno-y-generalitat-impulsan-el-acceso-ferroviario-al-puerto-de-barcelona\/#organizationLogo"},"image":{"@id":"https:\/\/eldigitaldeasturias.com\/magazine365\/gobierno-y-generalitat-impulsan-el-acceso-ferroviario-al-puerto-de-barcelona\/#organizationLogo"}},{"@type":"Person","@id":"https:\/\/eldigitaldeasturias.com\/magazine365\/author\/admin\/#author","url":"https:\/\/eldigitaldeasturias.com\/magazine365\/author\/admin\/","name":"admin","image":{"@type":"ImageObject","@id":"https:\/\/eldigitaldeasturias.com\/magazine365\/gobierno-y-generalitat-impulsan-el-acceso-ferroviario-al-puerto-de-barcelona\/#authorImage","url":"https:\/\/eldigitaldeasturias.com\/magazine365\/wp-content\/litespeed\/avatar\/e571bcf59a0edd6fa6838245a470f2fe.jpg?ver=1776969259","width":96,"height":96,"caption":"admin"}},{"@type":"WebPage","@id":"https:\/\/eldigitaldeasturias.com\/magazine365\/gobierno-y-generalitat-impulsan-el-acceso-ferroviario-al-puerto-de-barcelona\/#webpage","url":"https:\/\/eldigitaldeasturias.com\/magazine365\/gobierno-y-generalitat-impulsan-el-acceso-ferroviario-al-puerto-de-barcelona\/","name":"Gobierno y Generalitat impulsan el acceso ferroviario al Puerto de Barcelona | El Digital de Asturias","description":"La ministra de Fomento, Ana Pastor; el presidente de Puertos del Estado, Jos\u00e9 Llorca; el conseller de Territorio y Sostenibilidad de la Generalitat, Josep Rull; el presidente de Ferrocarrils de la Generalitat de Catalunya (FGC), Enric Tic\u00f3, el del Puerto de Barcelona, Sixte Cambra, y el de Adif, Gonzalo Ferre, han firmado este martes los","inLanguage":"es-ES","isPartOf":{"@id":"https:\/\/eldigitaldeasturias.com\/magazine365\/#website"},"breadcrumb":{"@id":"https:\/\/eldigitaldeasturias.com\/magazine365\/gobierno-y-generalitat-impulsan-el-acceso-ferroviario-al-puerto-de-barcelona\/#breadcrumblist"},"author":{"@id":"https:\/\/eldigitaldeasturias.com\/magazine365\/author\/admin\/#author"},"creator":{"@id":"https:\/\/eldigitaldeasturias.com\/magazine365\/author\/admin\/#author"},"image":{"@type":"ImageObject","url":"https:\/\/eldigitaldeasturias.com\/magazine365\/wp-content\/uploads\/2016\/06\/fotonoticia_20160614185131_800.jpg","@id":"https:\/\/eldigitaldeasturias.com\/magazine365\/gobierno-y-generalitat-impulsan-el-acceso-ferroviario-al-puerto-de-barcelona\/#mainImage","width":800,"height":533},"primaryImageOfPage":{"@id":"https:\/\/eldigitaldeasturias.com\/magazine365\/gobierno-y-generalitat-impulsan-el-acceso-ferroviario-al-puerto-de-barcelona\/#mainImage"},"datePublished":"2016-06-14T21:22:13+02:00","dateModified":"2016-06-14T21:22:13+02:00"},{"@type":"WebSite","@id":"https:\/\/eldigitaldeasturias.com\/magazine365\/#website","url":"https:\/\/eldigitaldeasturias.com\/magazine365\/","name":"El Digital de Asturias","description":"Revista de ocio, turismo y estilo de vida","inLanguage":"es-ES","publisher":{"@id":"https:\/\/eldigitaldeasturias.com\/magazine365\/#organization"}}]},"og:locale":"es_ES","og:site_name":"El Digital de Asturias \u2013 Revista de ocio, turismo y estilo de vida","og:type":"article","og:title":"Gobierno y Generalitat impulsan el acceso ferroviario al Puerto de Barcelona | El Digital de Asturias","og:description":"La ministra de Fomento, Ana Pastor; el presidente de Puertos del Estado, Jos\u00e9 Llorca; el conseller de Territorio y Sostenibilidad de la Generalitat, Josep Rull; el presidente de Ferrocarrils de la Generalitat de Catalunya (FGC), Enric Tic\u00f3, el del Puerto de Barcelona, Sixte Cambra, y el de Adif, Gonzalo Ferre, han firmado este martes los","og:url":"https:\/\/eldigitaldeasturias.com\/magazine365\/gobierno-y-generalitat-impulsan-el-acceso-ferroviario-al-puerto-de-barcelona\/","og:image":"https:\/\/eldigitaldeasturias.com\/magazine365\/wp-content\/uploads\/2016\/06\/fotonoticia_20160614185131_800.jpg","og:image:secure_url":"https:\/\/eldigitaldeasturias.com\/magazine365\/wp-content\/uploads\/2016\/06\/fotonoticia_20160614185131_800.jpg","og:image:width":800,"og:image:height":533,"article:published_time":"2016-06-14T19:22:13+00:00","article:modified_time":"2016-06-14T19:22:13+00:00","twitter:card":"summary_large_image","twitter:title":"Gobierno y Generalitat impulsan el acceso ferroviario al Puerto de Barcelona | El Digital de Asturias","twitter:description":"La ministra de Fomento, Ana Pastor; el presidente de Puertos del Estado, Jos\u00e9 Llorca; el conseller de Territorio y Sostenibilidad de la Generalitat, Josep Rull; el presidente de Ferrocarrils de la Generalitat de Catalunya (FGC), Enric Tic\u00f3, el del Puerto de Barcelona, Sixte Cambra, y el de Adif, Gonzalo Ferre, han firmado este martes los","twitter:image":"https:\/\/eldigitaldeasturias.com\/magazine365\/wp-content\/uploads\/2016\/06\/fotonoticia_20160614185131_800.jpg"},"aioseo_meta_data":{"post_id":"79316","title":null,"description":null,"keywords":null,"keyphrases":null,"primary_term":null,"canonical_url":null,"og_title":null,"og_description":null,"og_object_type":"default","og_image_type":"default","og_image_url":null,"og_image_width":null,"og_image_height":null,"og_image_custom_url":null,"og_image_custom_fields":null,"og_video":null,"og_custom_url":null,"og_article_section":null,"og_article_tags":null,"twitter_use_og":false,"twitter_card":"default","twitter_image_type":"default","twitter_image_url":null,"twitter_image_custom_url":null,"twitter_image_custom_fields":null,"twitter_title":null,"twitter_description":null,"schema":{"blockGraphs":[],"customGraphs":[],"default":{"data":{"Article":[],"Course":[],"Dataset":[],"FAQPage":[],"Movie":[],"Person":[],"Product":[],"ProductReview":[],"Car":[],"Recipe":[],"Service":[],"SoftwareApplication":[],"WebPage":[]},"graphName":"","isEnabled":true},"graphs":[],"defaultGraph":"","defaultPostTypeGraph":""},"schema_type":null,"schema_type_options":null,"pillar_content":false,"robots_default":true,"robots_noindex":false,"robots_noarchive":false,"robots_nosnippet":false,"robots_nofollow":false,"robots_noimageindex":false,"robots_noodp":false,"robots_notranslate":false,"robots_max_snippet":null,"robots_max_videopreview":null,"robots_max_imagepreview":"large","priority":null,"frequency":null,"location":null,"local_seo":null,"seo_analyzer_scan_date":"2025-09-27 18:40:54","breadcrumb_settings":null,"limit_modified_date":false,"open_ai":null,"ai":null,"created":"2021-03-08 17:50:21","updated":"2025-09-27 18:40:54"},"aioseo_breadcrumb":"<div class=\"aioseo-breadcrumbs\"><span class=\"aioseo-breadcrumb\">\n\t<a href=\"https:\/\/eldigitaldeasturias.com\/magazine365\" title=\"Home\">Home<\/a>\n<\/span><span class=\"aioseo-breadcrumb-separator\">\u2013<\/span><span class=\"aioseo-breadcrumb\">\n\t<a href=\"https:\/\/eldigitaldeasturias.com\/magazine365\/category\/noticias-actualidad\/\" title=\"Noticias y Actualidad\">Noticias y Actualidad<\/a>\n<\/span><span class=\"aioseo-breadcrumb-separator\">\u2013<\/span><span class=\"aioseo-breadcrumb\">\n\t<a href=\"https:\/\/eldigitaldeasturias.com\/magazine365\/gobierno-y-generalitat-impulsan-el-acceso-ferroviario-al-puerto-de-barcelona\/\" title=\"Gobierno y Generalitat impulsan el acceso ferroviario al Puerto de Barcelona\">Gobierno y Generalitat impulsan el acceso ferroviario al Puerto de Barcelona<\/a>\n<\/span><\/div>","aioseo_breadcrumb_json":[{"label":"Home","link":"https:\/\/eldigitaldeasturias.com\/magazine365"},{"label":"Noticias y Actualidad","link":"https:\/\/eldigitaldeasturias.com\/magazine365\/category\/noticias-actualidad\/"},{"label":"Gobierno y Generalitat impulsan el acceso ferroviario al Puerto de Barcelona","link":"https:\/\/eldigitaldeasturias.com\/magazine365\/gobierno-y-generalitat-impulsan-el-acceso-ferroviario-al-puerto-de-barcelona\/"}],"_links":{"self":[{"href":"https:\/\/eldigitaldeasturias.com\/magazine365\/wp-json\/wp\/v2\/posts\/79316","targetHints":{"allow":["GET"]}}],"collection":[{"href":"https:\/\/eldigitaldeasturias.com\/magazine365\/wp-json\/wp\/v2\/posts"}],"about":[{"href":"https:\/\/eldigitaldeasturias.com\/magazine365\/wp-json\/wp\/v2\/types\/post"}],"author":[{"embeddable":true,"href":"https:\/\/eldigitaldeasturias.com\/magazine365\/wp-json\/wp\/v2\/users\/1"}],"replies":[{"embeddable":true,"href":"https:\/\/eldigitaldeasturias.com\/magazine365\/wp-json\/wp\/v2\/comments?post=79316"}],"version-history":[{"count":0,"href":"https:\/\/eldigitaldeasturias.com\/magazine365\/wp-json\/wp\/v2\/posts\/79316\/revisions"}],"wp:featuredmedia":[{"embeddable":true,"href":"https:\/\/eldigitaldeasturias.com\/magazine365\/wp-json\/wp\/v2\/media\/79317"}],"wp:attachment":[{"href":"https:\/\/eldigitaldeasturias.com\/magazine365\/wp-json\/wp\/v2\/media?parent=79316"}],"wp:term":[{"taxonomy":"category","embeddable":true,"href":"https:\/\/eldigitaldeasturias.com\/magazine365\/wp-json\/wp\/v2\/categories?post=79316"},{"taxonomy":"post_tag","embeddable":true,"href":"https:\/\/eldigitaldeasturias.com\/magazine365\/wp-json\/wp\/v2\/tags?post=79316"}],"curies":[{"name":"wp","href":"https:\/\/api.w.org\/{rel}","templated":true}]}}