{"id":79310,"date":"2016-06-14T21:20:00","date_gmt":"2016-06-14T19:20:00","guid":{"rendered":"http:\/\/eldigitaldeasturias.com\/magazine365\/?p=79310"},"modified":"2016-06-14T21:20:00","modified_gmt":"2016-06-14T19:20:00","slug":"iran-llega-a-un-acuerdo-para-comprar-aviones-de-boeing","status":"publish","type":"post","link":"https:\/\/eldigitaldeasturias.com\/magazine365\/iran-llega-a-un-acuerdo-para-comprar-aviones-de-boeing\/","title":{"rendered":"Ir\u00e1n llega a un acuerdo para comprar aviones de Boeing"},"content":{"rendered":"<p><img fetchpriority=\"high\" decoding=\"async\" class=\"alignleft size-medium wp-image-79311\" src=\"https:\/\/eldigitaldeasturias.com\/magazine365\/wp-content\/uploads\/2016\/06\/fotonoticia_20160614183604_800-360x239.jpg\" alt=\"fotonoticia_20160614183604_800\" width=\"360\" height=\"239\" srcset=\"https:\/\/eldigitaldeasturias.com\/magazine365\/wp-content\/uploads\/2016\/06\/fotonoticia_20160614183604_800-360x239.jpg 360w, https:\/\/eldigitaldeasturias.com\/magazine365\/wp-content\/uploads\/2016\/06\/fotonoticia_20160614183604_800-650x432.jpg 650w, https:\/\/eldigitaldeasturias.com\/magazine365\/wp-content\/uploads\/2016\/06\/fotonoticia_20160614183604_800-768x511.jpg 768w, https:\/\/eldigitaldeasturias.com\/magazine365\/wp-content\/uploads\/2016\/06\/fotonoticia_20160614183604_800-150x100.jpg 150w, https:\/\/eldigitaldeasturias.com\/magazine365\/wp-content\/uploads\/2016\/06\/fotonoticia_20160614183604_800-450x299.jpg 450w, https:\/\/eldigitaldeasturias.com\/magazine365\/wp-content\/uploads\/2016\/06\/fotonoticia_20160614183604_800-121x79.jpg 121w, https:\/\/eldigitaldeasturias.com\/magazine365\/wp-content\/uploads\/2016\/06\/fotonoticia_20160614183604_800-101x66.jpg 101w, https:\/\/eldigitaldeasturias.com\/magazine365\/wp-content\/uploads\/2016\/06\/fotonoticia_20160614183604_800.jpg 800w\" sizes=\"(max-width: 360px) 100vw, 360px\" \/>El ministro de Carreteras y Desarrollo Urbano iran\u00ed, Abbas Ajoundi, ha informado este martes de que Ir\u00e1n ha llegado a un acuerdo con la compa\u00f1\u00eda norteamericana Boeing para comprarle aviones de reacci\u00f3n.<\/p>\n<p>A\u00fan no se han hecho p\u00fablicos los detalles del acuerdo y Boeing no se ha pronunciado al respecto, pero la agencia de noticia Reuters public\u00f3 la semana pasada que Ir\u00e1n estaba acerc\u00e1ndose a un acuerdo hist\u00f3rico en el que comprar\u00eda aviones de reacci\u00f3n de Boeing por primera vez desde la Revoluci\u00f3n Isl\u00e1mica de 1979.<\/p>\n<p>El director de la compa\u00f1\u00eda Iranair ha asegurado que tambi\u00e9n se est\u00e1 buscando que Boeing pueda proveer asistencia a la flota de la compa\u00f1\u00eda iran\u00ed tras el acuerdo celebrado entre Teher\u00e1n y otras seis potencias mundiales que rebajan las sanciones al pa\u00eds a cambio de que \u00e9ste frene su actividad nuclear.<\/p>\n<p>En enero, Iranair acept\u00f3 comprar 118 aviones de la compa\u00f1\u00eda Airbus, un acuerdo que dependi\u00f3 de las licencias de exportaci\u00f3n estadounidenses ya que partes de los aviones hab\u00edan sido fabricadas en Estados Unidos.<\/p>\n","protected":false},"excerpt":{"rendered":"<p>El ministro de Carreteras y Desarrollo Urbano iran\u00ed, Abbas Ajoundi, ha informado este martes de que Ir\u00e1n ha llegado a un acuerdo con la compa\u00f1\u00eda norteamericana Boeing para comprarle aviones de reacci\u00f3n. A\u00fan no se han hecho p\u00fablicos los detalles del acuerdo y Boeing no se ha pronunciado al respecto, pero la agencia de noticia<\/p>\n","protected":false},"author":1,"featured_media":79311,"comment_status":"open","ping_status":"closed","sticky":false,"template":"","format":"standard","meta":{"footnotes":""},"categories":[224],"tags":[],"class_list":{"0":"post-79310","1":"post","2":"type-post","3":"status-publish","4":"format-standard","5":"has-post-thumbnail","7":"category-noticias-actualidad"},"aioseo_notices":[],"aioseo_head":"\n\t\t<!-- All in One SEO Pro 4.9.6.1 - aioseo.com -->\n\t<meta name=\"description\" content=\"El ministro de Carreteras y Desarrollo Urbano iran\u00ed, Abbas Ajoundi, ha informado este martes de que Ir\u00e1n ha llegado a un acuerdo con la compa\u00f1\u00eda norteamericana Boeing para comprarle aviones de reacci\u00f3n. A\u00fan no se han hecho p\u00fablicos los detalles del acuerdo y Boeing no se ha pronunciado al respecto, pero la agencia de noticia\" \/>\n\t<meta name=\"robots\" content=\"max-image-preview:large\" \/>\n\t<meta name=\"author\" content=\"admin\"\/>\n\t<meta name=\"google-site-verification\" content=\"UA-38556648-1\" \/>\n\t<meta name=\"keywords\" content=\"noticias y actualidad\" \/>\n\t<link rel=\"canonical\" href=\"https:\/\/eldigitaldeasturias.com\/magazine365\/iran-llega-a-un-acuerdo-para-comprar-aviones-de-boeing\/\" \/>\n\t<meta name=\"generator\" content=\"All in One SEO Pro (AIOSEO) 4.9.6.1\" \/>\n\t\t<meta property=\"og:locale\" content=\"es_ES\" \/>\n\t\t<meta property=\"og:site_name\" content=\"El Digital de Asturias \u2013 Revista de ocio, turismo y estilo de vida\" \/>\n\t\t<meta property=\"og:type\" content=\"article\" \/>\n\t\t<meta property=\"og:title\" content=\"Ir\u00e1n llega a un acuerdo para comprar aviones de Boeing | El Digital de Asturias\" \/>\n\t\t<meta property=\"og:description\" content=\"El ministro de Carreteras y Desarrollo Urbano iran\u00ed, Abbas Ajoundi, ha informado este martes de que Ir\u00e1n ha llegado a un acuerdo con la compa\u00f1\u00eda norteamericana Boeing para comprarle aviones de reacci\u00f3n. A\u00fan no se han hecho p\u00fablicos los detalles del acuerdo y Boeing no se ha pronunciado al respecto, pero la agencia de noticia\" \/>\n\t\t<meta property=\"og:url\" content=\"https:\/\/eldigitaldeasturias.com\/magazine365\/iran-llega-a-un-acuerdo-para-comprar-aviones-de-boeing\/\" \/>\n\t\t<meta property=\"og:image\" content=\"https:\/\/eldigitaldeasturias.com\/magazine365\/wp-content\/uploads\/2016\/06\/fotonoticia_20160614183604_800.jpg\" \/>\n\t\t<meta property=\"og:image:secure_url\" content=\"https:\/\/eldigitaldeasturias.com\/magazine365\/wp-content\/uploads\/2016\/06\/fotonoticia_20160614183604_800.jpg\" \/>\n\t\t<meta property=\"og:image:width\" content=\"800\" \/>\n\t\t<meta property=\"og:image:height\" content=\"532\" \/>\n\t\t<meta property=\"article:published_time\" content=\"2016-06-14T19:20:00+00:00\" \/>\n\t\t<meta property=\"article:modified_time\" content=\"2016-06-14T19:20:00+00:00\" \/>\n\t\t<meta name=\"twitter:card\" content=\"summary_large_image\" \/>\n\t\t<meta name=\"twitter:title\" content=\"Ir\u00e1n llega a un acuerdo para comprar aviones de Boeing | El Digital de Asturias\" \/>\n\t\t<meta name=\"twitter:description\" content=\"El ministro de Carreteras y Desarrollo Urbano iran\u00ed, Abbas Ajoundi, ha informado este martes de que Ir\u00e1n ha llegado a un acuerdo con la compa\u00f1\u00eda norteamericana Boeing para comprarle aviones de reacci\u00f3n. A\u00fan no se han hecho p\u00fablicos los detalles del acuerdo y Boeing no se ha pronunciado al respecto, pero la agencia de noticia\" \/>\n\t\t<meta name=\"twitter:image\" content=\"https:\/\/eldigitaldeasturias.com\/magazine365\/wp-content\/uploads\/2016\/06\/fotonoticia_20160614183604_800.jpg\" \/>\n\t\t<script type=\"application\/ld+json\" class=\"aioseo-schema\">\n\t\t\t{\"@context\":\"https:\\\/\\\/schema.org\",\"@graph\":[{\"@type\":\"Article\",\"@id\":\"https:\\\/\\\/eldigitaldeasturias.com\\\/magazine365\\\/iran-llega-a-un-acuerdo-para-comprar-aviones-de-boeing\\\/#article\",\"name\":\"Ir\\u00e1n llega a un acuerdo para comprar aviones de Boeing | El Digital de Asturias\",\"headline\":\"Ir\\u00e1n llega a un acuerdo para comprar aviones de Boeing\",\"author\":{\"@id\":\"https:\\\/\\\/eldigitaldeasturias.com\\\/magazine365\\\/author\\\/admin\\\/#author\"},\"publisher\":{\"@id\":\"https:\\\/\\\/eldigitaldeasturias.com\\\/magazine365\\\/#organization\"},\"image\":{\"@type\":\"ImageObject\",\"url\":\"https:\\\/\\\/eldigitaldeasturias.com\\\/magazine365\\\/wp-content\\\/uploads\\\/2016\\\/06\\\/fotonoticia_20160614183604_800.jpg\",\"width\":800,\"height\":532},\"datePublished\":\"2016-06-14T21:20:00+02:00\",\"dateModified\":\"2016-06-14T21:20:00+02:00\",\"inLanguage\":\"es-ES\",\"mainEntityOfPage\":{\"@id\":\"https:\\\/\\\/eldigitaldeasturias.com\\\/magazine365\\\/iran-llega-a-un-acuerdo-para-comprar-aviones-de-boeing\\\/#webpage\"},\"isPartOf\":{\"@id\":\"https:\\\/\\\/eldigitaldeasturias.com\\\/magazine365\\\/iran-llega-a-un-acuerdo-para-comprar-aviones-de-boeing\\\/#webpage\"},\"articleSection\":\"Noticias y Actualidad\"},{\"@type\":\"BreadcrumbList\",\"@id\":\"https:\\\/\\\/eldigitaldeasturias.com\\\/magazine365\\\/iran-llega-a-un-acuerdo-para-comprar-aviones-de-boeing\\\/#breadcrumblist\",\"itemListElement\":[{\"@type\":\"ListItem\",\"@id\":\"https:\\\/\\\/eldigitaldeasturias.com\\\/magazine365#listItem\",\"position\":1,\"name\":\"Home\",\"item\":\"https:\\\/\\\/eldigitaldeasturias.com\\\/magazine365\",\"nextItem\":{\"@type\":\"ListItem\",\"@id\":\"https:\\\/\\\/eldigitaldeasturias.com\\\/magazine365\\\/category\\\/noticias-actualidad\\\/#listItem\",\"name\":\"Noticias y Actualidad\"}},{\"@type\":\"ListItem\",\"@id\":\"https:\\\/\\\/eldigitaldeasturias.com\\\/magazine365\\\/category\\\/noticias-actualidad\\\/#listItem\",\"position\":2,\"name\":\"Noticias y Actualidad\",\"item\":\"https:\\\/\\\/eldigitaldeasturias.com\\\/magazine365\\\/category\\\/noticias-actualidad\\\/\",\"nextItem\":{\"@type\":\"ListItem\",\"@id\":\"https:\\\/\\\/eldigitaldeasturias.com\\\/magazine365\\\/iran-llega-a-un-acuerdo-para-comprar-aviones-de-boeing\\\/#listItem\",\"name\":\"Ir\\u00e1n llega a un acuerdo para comprar aviones de Boeing\"},\"previousItem\":{\"@type\":\"ListItem\",\"@id\":\"https:\\\/\\\/eldigitaldeasturias.com\\\/magazine365#listItem\",\"name\":\"Home\"}},{\"@type\":\"ListItem\",\"@id\":\"https:\\\/\\\/eldigitaldeasturias.com\\\/magazine365\\\/iran-llega-a-un-acuerdo-para-comprar-aviones-de-boeing\\\/#listItem\",\"position\":3,\"name\":\"Ir\\u00e1n llega a un acuerdo para comprar aviones de Boeing\",\"previousItem\":{\"@type\":\"ListItem\",\"@id\":\"https:\\\/\\\/eldigitaldeasturias.com\\\/magazine365\\\/category\\\/noticias-actualidad\\\/#listItem\",\"name\":\"Noticias y Actualidad\"}}]},{\"@type\":\"Organization\",\"@id\":\"https:\\\/\\\/eldigitaldeasturias.com\\\/magazine365\\\/#organization\",\"name\":\"El digital de Asturias\",\"description\":\"Revista de ocio, turismo y estilo de vida\",\"url\":\"https:\\\/\\\/eldigitaldeasturias.com\\\/magazine365\\\/\",\"logo\":{\"@type\":\"ImageObject\",\"url\":\"https:\\\/\\\/www.eldigitaldeasturias.com\\\/noticias\\\/wp-content\\\/uploads\\\/2020\\\/12\\\/EDA.jpg\",\"@id\":\"https:\\\/\\\/eldigitaldeasturias.com\\\/magazine365\\\/iran-llega-a-un-acuerdo-para-comprar-aviones-de-boeing\\\/#organizationLogo\"},\"image\":{\"@id\":\"https:\\\/\\\/eldigitaldeasturias.com\\\/magazine365\\\/iran-llega-a-un-acuerdo-para-comprar-aviones-de-boeing\\\/#organizationLogo\"}},{\"@type\":\"Person\",\"@id\":\"https:\\\/\\\/eldigitaldeasturias.com\\\/magazine365\\\/author\\\/admin\\\/#author\",\"url\":\"https:\\\/\\\/eldigitaldeasturias.com\\\/magazine365\\\/author\\\/admin\\\/\",\"name\":\"admin\",\"image\":{\"@type\":\"ImageObject\",\"@id\":\"https:\\\/\\\/eldigitaldeasturias.com\\\/magazine365\\\/iran-llega-a-un-acuerdo-para-comprar-aviones-de-boeing\\\/#authorImage\",\"url\":\"https:\\\/\\\/eldigitaldeasturias.com\\\/magazine365\\\/wp-content\\\/litespeed\\\/avatar\\\/e571bcf59a0edd6fa6838245a470f2fe.jpg?ver=1776969259\",\"width\":96,\"height\":96,\"caption\":\"admin\"}},{\"@type\":\"WebPage\",\"@id\":\"https:\\\/\\\/eldigitaldeasturias.com\\\/magazine365\\\/iran-llega-a-un-acuerdo-para-comprar-aviones-de-boeing\\\/#webpage\",\"url\":\"https:\\\/\\\/eldigitaldeasturias.com\\\/magazine365\\\/iran-llega-a-un-acuerdo-para-comprar-aviones-de-boeing\\\/\",\"name\":\"Ir\\u00e1n llega a un acuerdo para comprar aviones de Boeing | El Digital de Asturias\",\"description\":\"El ministro de Carreteras y Desarrollo Urbano iran\\u00ed, Abbas Ajoundi, ha informado este martes de que Ir\\u00e1n ha llegado a un acuerdo con la compa\\u00f1\\u00eda norteamericana Boeing para comprarle aviones de reacci\\u00f3n. A\\u00fan no se han hecho p\\u00fablicos los detalles del acuerdo y Boeing no se ha pronunciado al respecto, pero la agencia de noticia\",\"inLanguage\":\"es-ES\",\"isPartOf\":{\"@id\":\"https:\\\/\\\/eldigitaldeasturias.com\\\/magazine365\\\/#website\"},\"breadcrumb\":{\"@id\":\"https:\\\/\\\/eldigitaldeasturias.com\\\/magazine365\\\/iran-llega-a-un-acuerdo-para-comprar-aviones-de-boeing\\\/#breadcrumblist\"},\"author\":{\"@id\":\"https:\\\/\\\/eldigitaldeasturias.com\\\/magazine365\\\/author\\\/admin\\\/#author\"},\"creator\":{\"@id\":\"https:\\\/\\\/eldigitaldeasturias.com\\\/magazine365\\\/author\\\/admin\\\/#author\"},\"image\":{\"@type\":\"ImageObject\",\"url\":\"https:\\\/\\\/eldigitaldeasturias.com\\\/magazine365\\\/wp-content\\\/uploads\\\/2016\\\/06\\\/fotonoticia_20160614183604_800.jpg\",\"@id\":\"https:\\\/\\\/eldigitaldeasturias.com\\\/magazine365\\\/iran-llega-a-un-acuerdo-para-comprar-aviones-de-boeing\\\/#mainImage\",\"width\":800,\"height\":532},\"primaryImageOfPage\":{\"@id\":\"https:\\\/\\\/eldigitaldeasturias.com\\\/magazine365\\\/iran-llega-a-un-acuerdo-para-comprar-aviones-de-boeing\\\/#mainImage\"},\"datePublished\":\"2016-06-14T21:20:00+02:00\",\"dateModified\":\"2016-06-14T21:20:00+02:00\"},{\"@type\":\"WebSite\",\"@id\":\"https:\\\/\\\/eldigitaldeasturias.com\\\/magazine365\\\/#website\",\"url\":\"https:\\\/\\\/eldigitaldeasturias.com\\\/magazine365\\\/\",\"name\":\"El Digital de Asturias\",\"description\":\"Revista de ocio, turismo y estilo de vida\",\"inLanguage\":\"es-ES\",\"publisher\":{\"@id\":\"https:\\\/\\\/eldigitaldeasturias.com\\\/magazine365\\\/#organization\"}}]}\n\t\t<\/script>\n\t\t<!-- All in One SEO Pro -->\r\n\t\t<title>Ir\u00e1n llega a un acuerdo para comprar aviones de Boeing | El Digital de Asturias<\/title>\n\n","aioseo_head_json":{"title":"Ir\u00e1n llega a un acuerdo para comprar aviones de Boeing | El Digital de Asturias","description":"El ministro de Carreteras y Desarrollo Urbano iran\u00ed, Abbas Ajoundi, ha informado este martes de que Ir\u00e1n ha llegado a un acuerdo con la compa\u00f1\u00eda norteamericana Boeing para comprarle aviones de reacci\u00f3n. A\u00fan no se han hecho p\u00fablicos los detalles del acuerdo y Boeing no se ha pronunciado al respecto, pero la agencia de noticia","canonical_url":"https:\/\/eldigitaldeasturias.com\/magazine365\/iran-llega-a-un-acuerdo-para-comprar-aviones-de-boeing\/","robots":"max-image-preview:large","keywords":"noticias y actualidad","webmasterTools":{"google-site-verification":"UA-38556648-1","miscellaneous":""},"schema":{"@context":"https:\/\/schema.org","@graph":[{"@type":"Article","@id":"https:\/\/eldigitaldeasturias.com\/magazine365\/iran-llega-a-un-acuerdo-para-comprar-aviones-de-boeing\/#article","name":"Ir\u00e1n llega a un acuerdo para comprar aviones de Boeing | El Digital de Asturias","headline":"Ir\u00e1n llega a un acuerdo para comprar aviones de Boeing","author":{"@id":"https:\/\/eldigitaldeasturias.com\/magazine365\/author\/admin\/#author"},"publisher":{"@id":"https:\/\/eldigitaldeasturias.com\/magazine365\/#organization"},"image":{"@type":"ImageObject","url":"https:\/\/eldigitaldeasturias.com\/magazine365\/wp-content\/uploads\/2016\/06\/fotonoticia_20160614183604_800.jpg","width":800,"height":532},"datePublished":"2016-06-14T21:20:00+02:00","dateModified":"2016-06-14T21:20:00+02:00","inLanguage":"es-ES","mainEntityOfPage":{"@id":"https:\/\/eldigitaldeasturias.com\/magazine365\/iran-llega-a-un-acuerdo-para-comprar-aviones-de-boeing\/#webpage"},"isPartOf":{"@id":"https:\/\/eldigitaldeasturias.com\/magazine365\/iran-llega-a-un-acuerdo-para-comprar-aviones-de-boeing\/#webpage"},"articleSection":"Noticias y Actualidad"},{"@type":"BreadcrumbList","@id":"https:\/\/eldigitaldeasturias.com\/magazine365\/iran-llega-a-un-acuerdo-para-comprar-aviones-de-boeing\/#breadcrumblist","itemListElement":[{"@type":"ListItem","@id":"https:\/\/eldigitaldeasturias.com\/magazine365#listItem","position":1,"name":"Home","item":"https:\/\/eldigitaldeasturias.com\/magazine365","nextItem":{"@type":"ListItem","@id":"https:\/\/eldigitaldeasturias.com\/magazine365\/category\/noticias-actualidad\/#listItem","name":"Noticias y Actualidad"}},{"@type":"ListItem","@id":"https:\/\/eldigitaldeasturias.com\/magazine365\/category\/noticias-actualidad\/#listItem","position":2,"name":"Noticias y Actualidad","item":"https:\/\/eldigitaldeasturias.com\/magazine365\/category\/noticias-actualidad\/","nextItem":{"@type":"ListItem","@id":"https:\/\/eldigitaldeasturias.com\/magazine365\/iran-llega-a-un-acuerdo-para-comprar-aviones-de-boeing\/#listItem","name":"Ir\u00e1n llega a un acuerdo para comprar aviones de Boeing"},"previousItem":{"@type":"ListItem","@id":"https:\/\/eldigitaldeasturias.com\/magazine365#listItem","name":"Home"}},{"@type":"ListItem","@id":"https:\/\/eldigitaldeasturias.com\/magazine365\/iran-llega-a-un-acuerdo-para-comprar-aviones-de-boeing\/#listItem","position":3,"name":"Ir\u00e1n llega a un acuerdo para comprar aviones de Boeing","previousItem":{"@type":"ListItem","@id":"https:\/\/eldigitaldeasturias.com\/magazine365\/category\/noticias-actualidad\/#listItem","name":"Noticias y Actualidad"}}]},{"@type":"Organization","@id":"https:\/\/eldigitaldeasturias.com\/magazine365\/#organization","name":"El digital de Asturias","description":"Revista de ocio, turismo y estilo de vida","url":"https:\/\/eldigitaldeasturias.com\/magazine365\/","logo":{"@type":"ImageObject","url":"https:\/\/www.eldigitaldeasturias.com\/noticias\/wp-content\/uploads\/2020\/12\/EDA.jpg","@id":"https:\/\/eldigitaldeasturias.com\/magazine365\/iran-llega-a-un-acuerdo-para-comprar-aviones-de-boeing\/#organizationLogo"},"image":{"@id":"https:\/\/eldigitaldeasturias.com\/magazine365\/iran-llega-a-un-acuerdo-para-comprar-aviones-de-boeing\/#organizationLogo"}},{"@type":"Person","@id":"https:\/\/eldigitaldeasturias.com\/magazine365\/author\/admin\/#author","url":"https:\/\/eldigitaldeasturias.com\/magazine365\/author\/admin\/","name":"admin","image":{"@type":"ImageObject","@id":"https:\/\/eldigitaldeasturias.com\/magazine365\/iran-llega-a-un-acuerdo-para-comprar-aviones-de-boeing\/#authorImage","url":"https:\/\/eldigitaldeasturias.com\/magazine365\/wp-content\/litespeed\/avatar\/e571bcf59a0edd6fa6838245a470f2fe.jpg?ver=1776969259","width":96,"height":96,"caption":"admin"}},{"@type":"WebPage","@id":"https:\/\/eldigitaldeasturias.com\/magazine365\/iran-llega-a-un-acuerdo-para-comprar-aviones-de-boeing\/#webpage","url":"https:\/\/eldigitaldeasturias.com\/magazine365\/iran-llega-a-un-acuerdo-para-comprar-aviones-de-boeing\/","name":"Ir\u00e1n llega a un acuerdo para comprar aviones de Boeing | El Digital de Asturias","description":"El ministro de Carreteras y Desarrollo Urbano iran\u00ed, Abbas Ajoundi, ha informado este martes de que Ir\u00e1n ha llegado a un acuerdo con la compa\u00f1\u00eda norteamericana Boeing para comprarle aviones de reacci\u00f3n. A\u00fan no se han hecho p\u00fablicos los detalles del acuerdo y Boeing no se ha pronunciado al respecto, pero la agencia de noticia","inLanguage":"es-ES","isPartOf":{"@id":"https:\/\/eldigitaldeasturias.com\/magazine365\/#website"},"breadcrumb":{"@id":"https:\/\/eldigitaldeasturias.com\/magazine365\/iran-llega-a-un-acuerdo-para-comprar-aviones-de-boeing\/#breadcrumblist"},"author":{"@id":"https:\/\/eldigitaldeasturias.com\/magazine365\/author\/admin\/#author"},"creator":{"@id":"https:\/\/eldigitaldeasturias.com\/magazine365\/author\/admin\/#author"},"image":{"@type":"ImageObject","url":"https:\/\/eldigitaldeasturias.com\/magazine365\/wp-content\/uploads\/2016\/06\/fotonoticia_20160614183604_800.jpg","@id":"https:\/\/eldigitaldeasturias.com\/magazine365\/iran-llega-a-un-acuerdo-para-comprar-aviones-de-boeing\/#mainImage","width":800,"height":532},"primaryImageOfPage":{"@id":"https:\/\/eldigitaldeasturias.com\/magazine365\/iran-llega-a-un-acuerdo-para-comprar-aviones-de-boeing\/#mainImage"},"datePublished":"2016-06-14T21:20:00+02:00","dateModified":"2016-06-14T21:20:00+02:00"},{"@type":"WebSite","@id":"https:\/\/eldigitaldeasturias.com\/magazine365\/#website","url":"https:\/\/eldigitaldeasturias.com\/magazine365\/","name":"El Digital de Asturias","description":"Revista de ocio, turismo y estilo de vida","inLanguage":"es-ES","publisher":{"@id":"https:\/\/eldigitaldeasturias.com\/magazine365\/#organization"}}]},"og:locale":"es_ES","og:site_name":"El Digital de Asturias \u2013 Revista de ocio, turismo y estilo de vida","og:type":"article","og:title":"Ir\u00e1n llega a un acuerdo para comprar aviones de Boeing | El Digital de Asturias","og:description":"El ministro de Carreteras y Desarrollo Urbano iran\u00ed, Abbas Ajoundi, ha informado este martes de que Ir\u00e1n ha llegado a un acuerdo con la compa\u00f1\u00eda norteamericana Boeing para comprarle aviones de reacci\u00f3n. A\u00fan no se han hecho p\u00fablicos los detalles del acuerdo y Boeing no se ha pronunciado al respecto, pero la agencia de noticia","og:url":"https:\/\/eldigitaldeasturias.com\/magazine365\/iran-llega-a-un-acuerdo-para-comprar-aviones-de-boeing\/","og:image":"https:\/\/eldigitaldeasturias.com\/magazine365\/wp-content\/uploads\/2016\/06\/fotonoticia_20160614183604_800.jpg","og:image:secure_url":"https:\/\/eldigitaldeasturias.com\/magazine365\/wp-content\/uploads\/2016\/06\/fotonoticia_20160614183604_800.jpg","og:image:width":800,"og:image:height":532,"article:published_time":"2016-06-14T19:20:00+00:00","article:modified_time":"2016-06-14T19:20:00+00:00","twitter:card":"summary_large_image","twitter:title":"Ir\u00e1n llega a un acuerdo para comprar aviones de Boeing | El Digital de Asturias","twitter:description":"El ministro de Carreteras y Desarrollo Urbano iran\u00ed, Abbas Ajoundi, ha informado este martes de que Ir\u00e1n ha llegado a un acuerdo con la compa\u00f1\u00eda norteamericana Boeing para comprarle aviones de reacci\u00f3n. A\u00fan no se han hecho p\u00fablicos los detalles del acuerdo y Boeing no se ha pronunciado al respecto, pero la agencia de noticia","twitter:image":"https:\/\/eldigitaldeasturias.com\/magazine365\/wp-content\/uploads\/2016\/06\/fotonoticia_20160614183604_800.jpg"},"aioseo_meta_data":{"post_id":"79310","title":null,"description":null,"keywords":null,"keyphrases":null,"primary_term":null,"canonical_url":null,"og_title":null,"og_description":null,"og_object_type":"default","og_image_type":"default","og_image_url":null,"og_image_width":null,"og_image_height":null,"og_image_custom_url":null,"og_image_custom_fields":null,"og_video":null,"og_custom_url":null,"og_article_section":null,"og_article_tags":null,"twitter_use_og":false,"twitter_card":"default","twitter_image_type":"default","twitter_image_url":null,"twitter_image_custom_url":null,"twitter_image_custom_fields":null,"twitter_title":null,"twitter_description":null,"schema":{"blockGraphs":[],"customGraphs":[],"default":{"data":{"Article":[],"Course":[],"Dataset":[],"FAQPage":[],"Movie":[],"Person":[],"Product":[],"ProductReview":[],"Car":[],"Recipe":[],"Service":[],"SoftwareApplication":[],"WebPage":[]},"graphName":"","isEnabled":true},"graphs":[],"defaultGraph":"","defaultPostTypeGraph":""},"schema_type":null,"schema_type_options":null,"pillar_content":false,"robots_default":true,"robots_noindex":false,"robots_noarchive":false,"robots_nosnippet":false,"robots_nofollow":false,"robots_noimageindex":false,"robots_noodp":false,"robots_notranslate":false,"robots_max_snippet":null,"robots_max_videopreview":null,"robots_max_imagepreview":"large","priority":null,"frequency":null,"location":null,"local_seo":null,"seo_analyzer_scan_date":"2025-09-27 18:39:03","breadcrumb_settings":null,"limit_modified_date":false,"open_ai":null,"ai":null,"created":"2021-03-08 17:50:21","updated":"2025-09-27 18:39:03"},"aioseo_breadcrumb":"<div class=\"aioseo-breadcrumbs\"><span class=\"aioseo-breadcrumb\">\n\t<a href=\"https:\/\/eldigitaldeasturias.com\/magazine365\" title=\"Home\">Home<\/a>\n<\/span><span class=\"aioseo-breadcrumb-separator\">\u2013<\/span><span class=\"aioseo-breadcrumb\">\n\t<a href=\"https:\/\/eldigitaldeasturias.com\/magazine365\/category\/noticias-actualidad\/\" title=\"Noticias y Actualidad\">Noticias y Actualidad<\/a>\n<\/span><span class=\"aioseo-breadcrumb-separator\">\u2013<\/span><span class=\"aioseo-breadcrumb\">\n\t<a href=\"https:\/\/eldigitaldeasturias.com\/magazine365\/iran-llega-a-un-acuerdo-para-comprar-aviones-de-boeing\/\" title=\"Ir\u00e1n llega a un acuerdo para comprar aviones de Boeing\">Ir\u00e1n llega a un acuerdo para comprar aviones de Boeing<\/a>\n<\/span><\/div>","aioseo_breadcrumb_json":[{"label":"Home","link":"https:\/\/eldigitaldeasturias.com\/magazine365"},{"label":"Noticias y Actualidad","link":"https:\/\/eldigitaldeasturias.com\/magazine365\/category\/noticias-actualidad\/"},{"label":"Ir\u00e1n llega a un acuerdo para comprar aviones de Boeing","link":"https:\/\/eldigitaldeasturias.com\/magazine365\/iran-llega-a-un-acuerdo-para-comprar-aviones-de-boeing\/"}],"_links":{"self":[{"href":"https:\/\/eldigitaldeasturias.com\/magazine365\/wp-json\/wp\/v2\/posts\/79310","targetHints":{"allow":["GET"]}}],"collection":[{"href":"https:\/\/eldigitaldeasturias.com\/magazine365\/wp-json\/wp\/v2\/posts"}],"about":[{"href":"https:\/\/eldigitaldeasturias.com\/magazine365\/wp-json\/wp\/v2\/types\/post"}],"author":[{"embeddable":true,"href":"https:\/\/eldigitaldeasturias.com\/magazine365\/wp-json\/wp\/v2\/users\/1"}],"replies":[{"embeddable":true,"href":"https:\/\/eldigitaldeasturias.com\/magazine365\/wp-json\/wp\/v2\/comments?post=79310"}],"version-history":[{"count":0,"href":"https:\/\/eldigitaldeasturias.com\/magazine365\/wp-json\/wp\/v2\/posts\/79310\/revisions"}],"wp:featuredmedia":[{"embeddable":true,"href":"https:\/\/eldigitaldeasturias.com\/magazine365\/wp-json\/wp\/v2\/media\/79311"}],"wp:attachment":[{"href":"https:\/\/eldigitaldeasturias.com\/magazine365\/wp-json\/wp\/v2\/media?parent=79310"}],"wp:term":[{"taxonomy":"category","embeddable":true,"href":"https:\/\/eldigitaldeasturias.com\/magazine365\/wp-json\/wp\/v2\/categories?post=79310"},{"taxonomy":"post_tag","embeddable":true,"href":"https:\/\/eldigitaldeasturias.com\/magazine365\/wp-json\/wp\/v2\/tags?post=79310"}],"curies":[{"name":"wp","href":"https:\/\/api.w.org\/{rel}","templated":true}]}}