{"id":79307,"date":"2016-06-14T21:19:08","date_gmt":"2016-06-14T19:19:08","guid":{"rendered":"http:\/\/eldigitaldeasturias.com\/magazine365\/?p=79307"},"modified":"2016-06-14T21:19:08","modified_gmt":"2016-06-14T19:19:08","slug":"pastor-advierte-de-que-renfe-actuara-si-los-maquinistas-no-cumplen-los-servicios-minimos","status":"publish","type":"post","link":"https:\/\/eldigitaldeasturias.com\/magazine365\/pastor-advierte-de-que-renfe-actuara-si-los-maquinistas-no-cumplen-los-servicios-minimos\/","title":{"rendered":"Pastor advierte de que Renfe actuar\u00e1 si los maquinistas no cumplen los servicios m\u00ednimos"},"content":{"rendered":"<p><img fetchpriority=\"high\" decoding=\"async\" class=\"alignleft size-medium wp-image-79308\" src=\"https:\/\/eldigitaldeasturias.com\/magazine365\/wp-content\/uploads\/2016\/06\/fotonoticia_20160614183330_800-360x240.jpg\" alt=\"fotonoticia_20160614183330_800\" width=\"360\" height=\"240\" srcset=\"https:\/\/eldigitaldeasturias.com\/magazine365\/wp-content\/uploads\/2016\/06\/fotonoticia_20160614183330_800-360x240.jpg 360w, https:\/\/eldigitaldeasturias.com\/magazine365\/wp-content\/uploads\/2016\/06\/fotonoticia_20160614183330_800-650x433.jpg 650w, https:\/\/eldigitaldeasturias.com\/magazine365\/wp-content\/uploads\/2016\/06\/fotonoticia_20160614183330_800-768x512.jpg 768w, https:\/\/eldigitaldeasturias.com\/magazine365\/wp-content\/uploads\/2016\/06\/fotonoticia_20160614183330_800-150x100.jpg 150w, https:\/\/eldigitaldeasturias.com\/magazine365\/wp-content\/uploads\/2016\/06\/fotonoticia_20160614183330_800-450x300.jpg 450w, https:\/\/eldigitaldeasturias.com\/magazine365\/wp-content\/uploads\/2016\/06\/fotonoticia_20160614183330_800-101x66.jpg 101w, https:\/\/eldigitaldeasturias.com\/magazine365\/wp-content\/uploads\/2016\/06\/fotonoticia_20160614183330_800.jpg 800w\" sizes=\"(max-width: 360px) 100vw, 360px\" \/>La ministra de Fomento en funciones, Ana Pastor, ha llamado a la responsabilidad a los maquinistas de Renfe y les ha pedido que cumplan con los servicios m\u00ednimos fijados por su Departamento para las jornadas de huelga que tienen convocadas en la compa\u00f1\u00eda ferroviaria.<\/p>\n<p>Pastor advirti\u00f3 en este sentido de que el operador ferroviario actuar\u00e1 si no se cumple la ley. \u00abNo cumplir los servicios m\u00ednimos es un tema muy grave\u00bb, declar\u00f3 Pastor tras firmar unos convenios para impulsar el acceso sur ferroviario al Puerto de Barcelona.<\/p>\n<p>\u00abApelo a la responsabilidad, la ley est\u00e1 para todos y nadie puede estar por encima\u00bb, a\u00f1adi\u00f3, para asimismo mostrarse predispuesta \u00aba tender la mano para el di\u00e1logo\u00bb.<\/p>\n<p>Precisamente este martes, el sindicato de maquinistas Semaf ha anunciado que est\u00e1 dispuesto a convocar nuevas jornadas de huelga m\u00e1s all\u00e1 de las ya previstas hasta el 1 de julio si no se logra antes un acuerdo satisfactorio con Renfe.<\/p>\n<p>Los maquinistas mantienen que Renfe no est\u00e1 cumpliendo el plan de empleo que firm\u00f3 con los sindicatos en noviembre de 2015 y que se incluy\u00f3 en el nuevo convenio colectivo de la empresa acordado en diciembre; el plan articula un sistema para que los trabajadores de m\u00e1s edad dejen la empresa y a la vez se contraten nuevos profesionales.<\/p>\n<h2 class=\"ladillo\">APERTURA DE EXPEDIENTES<\/h2>\n<p>De su lado, el conseller de Territorio y Sostenibilidad de la Generalitat, Josep Rull, ha aprovechado para afear a la ministra las constantes incidencias en Rodalies y Regionals de Catalunya, y ha criticado el incumplimiento de servicios m\u00ednimos.<\/p>\n<p>\u00abLa Generalitat ser\u00e1 dura con la contundencia necesaria para defender los intereses de los usuarios\u00bb, ha dicho, y ha a\u00f1adido que se han abierto expedientes para conocer las causas de las incidencias.<\/p>\n","protected":false},"excerpt":{"rendered":"<p>La ministra de Fomento en funciones, Ana Pastor, ha llamado a la responsabilidad a los maquinistas de Renfe y les ha pedido que cumplan con los servicios m\u00ednimos fijados por su Departamento para las jornadas de huelga que tienen convocadas en la compa\u00f1\u00eda ferroviaria. Pastor advirti\u00f3 en este sentido de que el operador ferroviario actuar\u00e1<\/p>\n","protected":false},"author":1,"featured_media":79308,"comment_status":"open","ping_status":"closed","sticky":false,"template":"","format":"standard","meta":{"footnotes":""},"categories":[224],"tags":[],"class_list":{"0":"post-79307","1":"post","2":"type-post","3":"status-publish","4":"format-standard","5":"has-post-thumbnail","7":"category-noticias-actualidad"},"aioseo_notices":[],"aioseo_head":"\n\t\t<!-- All in One SEO Pro 4.9.6.1 - aioseo.com -->\n\t<meta name=\"description\" content=\"La ministra de Fomento en funciones, Ana Pastor, ha llamado a la responsabilidad a los maquinistas de Renfe y les ha pedido que cumplan con los servicios m\u00ednimos fijados por su Departamento para las jornadas de huelga que tienen convocadas en la compa\u00f1\u00eda ferroviaria. Pastor advirti\u00f3 en este sentido de que el operador ferroviario actuar\u00e1\" \/>\n\t<meta name=\"robots\" content=\"max-image-preview:large\" \/>\n\t<meta name=\"author\" content=\"admin\"\/>\n\t<meta name=\"google-site-verification\" content=\"UA-38556648-1\" \/>\n\t<meta name=\"keywords\" content=\"noticias y actualidad\" \/>\n\t<link rel=\"canonical\" href=\"https:\/\/eldigitaldeasturias.com\/magazine365\/pastor-advierte-de-que-renfe-actuara-si-los-maquinistas-no-cumplen-los-servicios-minimos\/\" \/>\n\t<meta name=\"generator\" content=\"All in One SEO Pro (AIOSEO) 4.9.6.1\" \/>\n\t\t<meta property=\"og:locale\" content=\"es_ES\" \/>\n\t\t<meta property=\"og:site_name\" content=\"El Digital de Asturias \u2013 Revista de ocio, turismo y estilo de vida\" \/>\n\t\t<meta property=\"og:type\" content=\"article\" \/>\n\t\t<meta property=\"og:title\" content=\"Pastor advierte de que Renfe actuar\u00e1 si los maquinistas no cumplen los servicios m\u00ednimos | El Digital de Asturias\" \/>\n\t\t<meta property=\"og:description\" content=\"La ministra de Fomento en funciones, Ana Pastor, ha llamado a la responsabilidad a los maquinistas de Renfe y les ha pedido que cumplan con los servicios m\u00ednimos fijados por su Departamento para las jornadas de huelga que tienen convocadas en la compa\u00f1\u00eda ferroviaria. Pastor advirti\u00f3 en este sentido de que el operador ferroviario actuar\u00e1\" \/>\n\t\t<meta property=\"og:url\" content=\"https:\/\/eldigitaldeasturias.com\/magazine365\/pastor-advierte-de-que-renfe-actuara-si-los-maquinistas-no-cumplen-los-servicios-minimos\/\" \/>\n\t\t<meta property=\"og:image\" content=\"https:\/\/eldigitaldeasturias.com\/magazine365\/wp-content\/uploads\/2016\/06\/fotonoticia_20160614183330_800.jpg\" \/>\n\t\t<meta property=\"og:image:secure_url\" content=\"https:\/\/eldigitaldeasturias.com\/magazine365\/wp-content\/uploads\/2016\/06\/fotonoticia_20160614183330_800.jpg\" \/>\n\t\t<meta property=\"og:image:width\" content=\"800\" \/>\n\t\t<meta property=\"og:image:height\" content=\"533\" \/>\n\t\t<meta property=\"article:published_time\" content=\"2016-06-14T19:19:08+00:00\" \/>\n\t\t<meta property=\"article:modified_time\" content=\"2016-06-14T19:19:08+00:00\" \/>\n\t\t<meta name=\"twitter:card\" content=\"summary_large_image\" \/>\n\t\t<meta name=\"twitter:title\" content=\"Pastor advierte de que Renfe actuar\u00e1 si los maquinistas no cumplen los servicios m\u00ednimos | El Digital de Asturias\" \/>\n\t\t<meta name=\"twitter:description\" content=\"La ministra de Fomento en funciones, Ana Pastor, ha llamado a la responsabilidad a los maquinistas de Renfe y les ha pedido que cumplan con los servicios m\u00ednimos fijados por su Departamento para las jornadas de huelga que tienen convocadas en la compa\u00f1\u00eda ferroviaria. Pastor advirti\u00f3 en este sentido de que el operador ferroviario actuar\u00e1\" \/>\n\t\t<meta name=\"twitter:image\" content=\"https:\/\/eldigitaldeasturias.com\/magazine365\/wp-content\/uploads\/2016\/06\/fotonoticia_20160614183330_800.jpg\" \/>\n\t\t<script type=\"application\/ld+json\" class=\"aioseo-schema\">\n\t\t\t{\"@context\":\"https:\\\/\\\/schema.org\",\"@graph\":[{\"@type\":\"Article\",\"@id\":\"https:\\\/\\\/eldigitaldeasturias.com\\\/magazine365\\\/pastor-advierte-de-que-renfe-actuara-si-los-maquinistas-no-cumplen-los-servicios-minimos\\\/#article\",\"name\":\"Pastor advierte de que Renfe actuar\\u00e1 si los maquinistas no cumplen los servicios m\\u00ednimos | El Digital de Asturias\",\"headline\":\"Pastor advierte de que Renfe actuar\\u00e1 si los maquinistas no cumplen los servicios m\\u00ednimos\",\"author\":{\"@id\":\"https:\\\/\\\/eldigitaldeasturias.com\\\/magazine365\\\/author\\\/admin\\\/#author\"},\"publisher\":{\"@id\":\"https:\\\/\\\/eldigitaldeasturias.com\\\/magazine365\\\/#organization\"},\"image\":{\"@type\":\"ImageObject\",\"url\":\"https:\\\/\\\/eldigitaldeasturias.com\\\/magazine365\\\/wp-content\\\/uploads\\\/2016\\\/06\\\/fotonoticia_20160614183330_800.jpg\",\"width\":800,\"height\":533},\"datePublished\":\"2016-06-14T21:19:08+02:00\",\"dateModified\":\"2016-06-14T21:19:08+02:00\",\"inLanguage\":\"es-ES\",\"mainEntityOfPage\":{\"@id\":\"https:\\\/\\\/eldigitaldeasturias.com\\\/magazine365\\\/pastor-advierte-de-que-renfe-actuara-si-los-maquinistas-no-cumplen-los-servicios-minimos\\\/#webpage\"},\"isPartOf\":{\"@id\":\"https:\\\/\\\/eldigitaldeasturias.com\\\/magazine365\\\/pastor-advierte-de-que-renfe-actuara-si-los-maquinistas-no-cumplen-los-servicios-minimos\\\/#webpage\"},\"articleSection\":\"Noticias y Actualidad\"},{\"@type\":\"BreadcrumbList\",\"@id\":\"https:\\\/\\\/eldigitaldeasturias.com\\\/magazine365\\\/pastor-advierte-de-que-renfe-actuara-si-los-maquinistas-no-cumplen-los-servicios-minimos\\\/#breadcrumblist\",\"itemListElement\":[{\"@type\":\"ListItem\",\"@id\":\"https:\\\/\\\/eldigitaldeasturias.com\\\/magazine365#listItem\",\"position\":1,\"name\":\"Home\",\"item\":\"https:\\\/\\\/eldigitaldeasturias.com\\\/magazine365\",\"nextItem\":{\"@type\":\"ListItem\",\"@id\":\"https:\\\/\\\/eldigitaldeasturias.com\\\/magazine365\\\/category\\\/noticias-actualidad\\\/#listItem\",\"name\":\"Noticias y Actualidad\"}},{\"@type\":\"ListItem\",\"@id\":\"https:\\\/\\\/eldigitaldeasturias.com\\\/magazine365\\\/category\\\/noticias-actualidad\\\/#listItem\",\"position\":2,\"name\":\"Noticias y Actualidad\",\"item\":\"https:\\\/\\\/eldigitaldeasturias.com\\\/magazine365\\\/category\\\/noticias-actualidad\\\/\",\"nextItem\":{\"@type\":\"ListItem\",\"@id\":\"https:\\\/\\\/eldigitaldeasturias.com\\\/magazine365\\\/pastor-advierte-de-que-renfe-actuara-si-los-maquinistas-no-cumplen-los-servicios-minimos\\\/#listItem\",\"name\":\"Pastor advierte de que Renfe actuar\\u00e1 si los maquinistas no cumplen los servicios m\\u00ednimos\"},\"previousItem\":{\"@type\":\"ListItem\",\"@id\":\"https:\\\/\\\/eldigitaldeasturias.com\\\/magazine365#listItem\",\"name\":\"Home\"}},{\"@type\":\"ListItem\",\"@id\":\"https:\\\/\\\/eldigitaldeasturias.com\\\/magazine365\\\/pastor-advierte-de-que-renfe-actuara-si-los-maquinistas-no-cumplen-los-servicios-minimos\\\/#listItem\",\"position\":3,\"name\":\"Pastor advierte de que Renfe actuar\\u00e1 si los maquinistas no cumplen los servicios m\\u00ednimos\",\"previousItem\":{\"@type\":\"ListItem\",\"@id\":\"https:\\\/\\\/eldigitaldeasturias.com\\\/magazine365\\\/category\\\/noticias-actualidad\\\/#listItem\",\"name\":\"Noticias y Actualidad\"}}]},{\"@type\":\"Organization\",\"@id\":\"https:\\\/\\\/eldigitaldeasturias.com\\\/magazine365\\\/#organization\",\"name\":\"El digital de Asturias\",\"description\":\"Revista de ocio, turismo y estilo de vida\",\"url\":\"https:\\\/\\\/eldigitaldeasturias.com\\\/magazine365\\\/\",\"logo\":{\"@type\":\"ImageObject\",\"url\":\"https:\\\/\\\/www.eldigitaldeasturias.com\\\/noticias\\\/wp-content\\\/uploads\\\/2020\\\/12\\\/EDA.jpg\",\"@id\":\"https:\\\/\\\/eldigitaldeasturias.com\\\/magazine365\\\/pastor-advierte-de-que-renfe-actuara-si-los-maquinistas-no-cumplen-los-servicios-minimos\\\/#organizationLogo\"},\"image\":{\"@id\":\"https:\\\/\\\/eldigitaldeasturias.com\\\/magazine365\\\/pastor-advierte-de-que-renfe-actuara-si-los-maquinistas-no-cumplen-los-servicios-minimos\\\/#organizationLogo\"}},{\"@type\":\"Person\",\"@id\":\"https:\\\/\\\/eldigitaldeasturias.com\\\/magazine365\\\/author\\\/admin\\\/#author\",\"url\":\"https:\\\/\\\/eldigitaldeasturias.com\\\/magazine365\\\/author\\\/admin\\\/\",\"name\":\"admin\",\"image\":{\"@type\":\"ImageObject\",\"@id\":\"https:\\\/\\\/eldigitaldeasturias.com\\\/magazine365\\\/pastor-advierte-de-que-renfe-actuara-si-los-maquinistas-no-cumplen-los-servicios-minimos\\\/#authorImage\",\"url\":\"https:\\\/\\\/eldigitaldeasturias.com\\\/magazine365\\\/wp-content\\\/litespeed\\\/avatar\\\/e571bcf59a0edd6fa6838245a470f2fe.jpg?ver=1776969259\",\"width\":96,\"height\":96,\"caption\":\"admin\"}},{\"@type\":\"WebPage\",\"@id\":\"https:\\\/\\\/eldigitaldeasturias.com\\\/magazine365\\\/pastor-advierte-de-que-renfe-actuara-si-los-maquinistas-no-cumplen-los-servicios-minimos\\\/#webpage\",\"url\":\"https:\\\/\\\/eldigitaldeasturias.com\\\/magazine365\\\/pastor-advierte-de-que-renfe-actuara-si-los-maquinistas-no-cumplen-los-servicios-minimos\\\/\",\"name\":\"Pastor advierte de que Renfe actuar\\u00e1 si los maquinistas no cumplen los servicios m\\u00ednimos | El Digital de Asturias\",\"description\":\"La ministra de Fomento en funciones, Ana Pastor, ha llamado a la responsabilidad a los maquinistas de Renfe y les ha pedido que cumplan con los servicios m\\u00ednimos fijados por su Departamento para las jornadas de huelga que tienen convocadas en la compa\\u00f1\\u00eda ferroviaria. Pastor advirti\\u00f3 en este sentido de que el operador ferroviario actuar\\u00e1\",\"inLanguage\":\"es-ES\",\"isPartOf\":{\"@id\":\"https:\\\/\\\/eldigitaldeasturias.com\\\/magazine365\\\/#website\"},\"breadcrumb\":{\"@id\":\"https:\\\/\\\/eldigitaldeasturias.com\\\/magazine365\\\/pastor-advierte-de-que-renfe-actuara-si-los-maquinistas-no-cumplen-los-servicios-minimos\\\/#breadcrumblist\"},\"author\":{\"@id\":\"https:\\\/\\\/eldigitaldeasturias.com\\\/magazine365\\\/author\\\/admin\\\/#author\"},\"creator\":{\"@id\":\"https:\\\/\\\/eldigitaldeasturias.com\\\/magazine365\\\/author\\\/admin\\\/#author\"},\"image\":{\"@type\":\"ImageObject\",\"url\":\"https:\\\/\\\/eldigitaldeasturias.com\\\/magazine365\\\/wp-content\\\/uploads\\\/2016\\\/06\\\/fotonoticia_20160614183330_800.jpg\",\"@id\":\"https:\\\/\\\/eldigitaldeasturias.com\\\/magazine365\\\/pastor-advierte-de-que-renfe-actuara-si-los-maquinistas-no-cumplen-los-servicios-minimos\\\/#mainImage\",\"width\":800,\"height\":533},\"primaryImageOfPage\":{\"@id\":\"https:\\\/\\\/eldigitaldeasturias.com\\\/magazine365\\\/pastor-advierte-de-que-renfe-actuara-si-los-maquinistas-no-cumplen-los-servicios-minimos\\\/#mainImage\"},\"datePublished\":\"2016-06-14T21:19:08+02:00\",\"dateModified\":\"2016-06-14T21:19:08+02:00\"},{\"@type\":\"WebSite\",\"@id\":\"https:\\\/\\\/eldigitaldeasturias.com\\\/magazine365\\\/#website\",\"url\":\"https:\\\/\\\/eldigitaldeasturias.com\\\/magazine365\\\/\",\"name\":\"El Digital de Asturias\",\"description\":\"Revista de ocio, turismo y estilo de vida\",\"inLanguage\":\"es-ES\",\"publisher\":{\"@id\":\"https:\\\/\\\/eldigitaldeasturias.com\\\/magazine365\\\/#organization\"}}]}\n\t\t<\/script>\n\t\t<!-- All in One SEO Pro -->\r\n\t\t<title>Pastor advierte de que Renfe actuar\u00e1 si los maquinistas no cumplen los servicios m\u00ednimos | El Digital de Asturias<\/title>\n\n","aioseo_head_json":{"title":"Pastor advierte de que Renfe actuar\u00e1 si los maquinistas no cumplen los servicios m\u00ednimos | El Digital de Asturias","description":"La ministra de Fomento en funciones, Ana Pastor, ha llamado a la responsabilidad a los maquinistas de Renfe y les ha pedido que cumplan con los servicios m\u00ednimos fijados por su Departamento para las jornadas de huelga que tienen convocadas en la compa\u00f1\u00eda ferroviaria. Pastor advirti\u00f3 en este sentido de que el operador ferroviario actuar\u00e1","canonical_url":"https:\/\/eldigitaldeasturias.com\/magazine365\/pastor-advierte-de-que-renfe-actuara-si-los-maquinistas-no-cumplen-los-servicios-minimos\/","robots":"max-image-preview:large","keywords":"noticias y actualidad","webmasterTools":{"google-site-verification":"UA-38556648-1","miscellaneous":""},"schema":{"@context":"https:\/\/schema.org","@graph":[{"@type":"Article","@id":"https:\/\/eldigitaldeasturias.com\/magazine365\/pastor-advierte-de-que-renfe-actuara-si-los-maquinistas-no-cumplen-los-servicios-minimos\/#article","name":"Pastor advierte de que Renfe actuar\u00e1 si los maquinistas no cumplen los servicios m\u00ednimos | El Digital de Asturias","headline":"Pastor advierte de que Renfe actuar\u00e1 si los maquinistas no cumplen los servicios m\u00ednimos","author":{"@id":"https:\/\/eldigitaldeasturias.com\/magazine365\/author\/admin\/#author"},"publisher":{"@id":"https:\/\/eldigitaldeasturias.com\/magazine365\/#organization"},"image":{"@type":"ImageObject","url":"https:\/\/eldigitaldeasturias.com\/magazine365\/wp-content\/uploads\/2016\/06\/fotonoticia_20160614183330_800.jpg","width":800,"height":533},"datePublished":"2016-06-14T21:19:08+02:00","dateModified":"2016-06-14T21:19:08+02:00","inLanguage":"es-ES","mainEntityOfPage":{"@id":"https:\/\/eldigitaldeasturias.com\/magazine365\/pastor-advierte-de-que-renfe-actuara-si-los-maquinistas-no-cumplen-los-servicios-minimos\/#webpage"},"isPartOf":{"@id":"https:\/\/eldigitaldeasturias.com\/magazine365\/pastor-advierte-de-que-renfe-actuara-si-los-maquinistas-no-cumplen-los-servicios-minimos\/#webpage"},"articleSection":"Noticias y Actualidad"},{"@type":"BreadcrumbList","@id":"https:\/\/eldigitaldeasturias.com\/magazine365\/pastor-advierte-de-que-renfe-actuara-si-los-maquinistas-no-cumplen-los-servicios-minimos\/#breadcrumblist","itemListElement":[{"@type":"ListItem","@id":"https:\/\/eldigitaldeasturias.com\/magazine365#listItem","position":1,"name":"Home","item":"https:\/\/eldigitaldeasturias.com\/magazine365","nextItem":{"@type":"ListItem","@id":"https:\/\/eldigitaldeasturias.com\/magazine365\/category\/noticias-actualidad\/#listItem","name":"Noticias y Actualidad"}},{"@type":"ListItem","@id":"https:\/\/eldigitaldeasturias.com\/magazine365\/category\/noticias-actualidad\/#listItem","position":2,"name":"Noticias y Actualidad","item":"https:\/\/eldigitaldeasturias.com\/magazine365\/category\/noticias-actualidad\/","nextItem":{"@type":"ListItem","@id":"https:\/\/eldigitaldeasturias.com\/magazine365\/pastor-advierte-de-que-renfe-actuara-si-los-maquinistas-no-cumplen-los-servicios-minimos\/#listItem","name":"Pastor advierte de que Renfe actuar\u00e1 si los maquinistas no cumplen los servicios m\u00ednimos"},"previousItem":{"@type":"ListItem","@id":"https:\/\/eldigitaldeasturias.com\/magazine365#listItem","name":"Home"}},{"@type":"ListItem","@id":"https:\/\/eldigitaldeasturias.com\/magazine365\/pastor-advierte-de-que-renfe-actuara-si-los-maquinistas-no-cumplen-los-servicios-minimos\/#listItem","position":3,"name":"Pastor advierte de que Renfe actuar\u00e1 si los maquinistas no cumplen los servicios m\u00ednimos","previousItem":{"@type":"ListItem","@id":"https:\/\/eldigitaldeasturias.com\/magazine365\/category\/noticias-actualidad\/#listItem","name":"Noticias y Actualidad"}}]},{"@type":"Organization","@id":"https:\/\/eldigitaldeasturias.com\/magazine365\/#organization","name":"El digital de Asturias","description":"Revista de ocio, turismo y estilo de vida","url":"https:\/\/eldigitaldeasturias.com\/magazine365\/","logo":{"@type":"ImageObject","url":"https:\/\/www.eldigitaldeasturias.com\/noticias\/wp-content\/uploads\/2020\/12\/EDA.jpg","@id":"https:\/\/eldigitaldeasturias.com\/magazine365\/pastor-advierte-de-que-renfe-actuara-si-los-maquinistas-no-cumplen-los-servicios-minimos\/#organizationLogo"},"image":{"@id":"https:\/\/eldigitaldeasturias.com\/magazine365\/pastor-advierte-de-que-renfe-actuara-si-los-maquinistas-no-cumplen-los-servicios-minimos\/#organizationLogo"}},{"@type":"Person","@id":"https:\/\/eldigitaldeasturias.com\/magazine365\/author\/admin\/#author","url":"https:\/\/eldigitaldeasturias.com\/magazine365\/author\/admin\/","name":"admin","image":{"@type":"ImageObject","@id":"https:\/\/eldigitaldeasturias.com\/magazine365\/pastor-advierte-de-que-renfe-actuara-si-los-maquinistas-no-cumplen-los-servicios-minimos\/#authorImage","url":"https:\/\/eldigitaldeasturias.com\/magazine365\/wp-content\/litespeed\/avatar\/e571bcf59a0edd6fa6838245a470f2fe.jpg?ver=1776969259","width":96,"height":96,"caption":"admin"}},{"@type":"WebPage","@id":"https:\/\/eldigitaldeasturias.com\/magazine365\/pastor-advierte-de-que-renfe-actuara-si-los-maquinistas-no-cumplen-los-servicios-minimos\/#webpage","url":"https:\/\/eldigitaldeasturias.com\/magazine365\/pastor-advierte-de-que-renfe-actuara-si-los-maquinistas-no-cumplen-los-servicios-minimos\/","name":"Pastor advierte de que Renfe actuar\u00e1 si los maquinistas no cumplen los servicios m\u00ednimos | El Digital de Asturias","description":"La ministra de Fomento en funciones, Ana Pastor, ha llamado a la responsabilidad a los maquinistas de Renfe y les ha pedido que cumplan con los servicios m\u00ednimos fijados por su Departamento para las jornadas de huelga que tienen convocadas en la compa\u00f1\u00eda ferroviaria. Pastor advirti\u00f3 en este sentido de que el operador ferroviario actuar\u00e1","inLanguage":"es-ES","isPartOf":{"@id":"https:\/\/eldigitaldeasturias.com\/magazine365\/#website"},"breadcrumb":{"@id":"https:\/\/eldigitaldeasturias.com\/magazine365\/pastor-advierte-de-que-renfe-actuara-si-los-maquinistas-no-cumplen-los-servicios-minimos\/#breadcrumblist"},"author":{"@id":"https:\/\/eldigitaldeasturias.com\/magazine365\/author\/admin\/#author"},"creator":{"@id":"https:\/\/eldigitaldeasturias.com\/magazine365\/author\/admin\/#author"},"image":{"@type":"ImageObject","url":"https:\/\/eldigitaldeasturias.com\/magazine365\/wp-content\/uploads\/2016\/06\/fotonoticia_20160614183330_800.jpg","@id":"https:\/\/eldigitaldeasturias.com\/magazine365\/pastor-advierte-de-que-renfe-actuara-si-los-maquinistas-no-cumplen-los-servicios-minimos\/#mainImage","width":800,"height":533},"primaryImageOfPage":{"@id":"https:\/\/eldigitaldeasturias.com\/magazine365\/pastor-advierte-de-que-renfe-actuara-si-los-maquinistas-no-cumplen-los-servicios-minimos\/#mainImage"},"datePublished":"2016-06-14T21:19:08+02:00","dateModified":"2016-06-14T21:19:08+02:00"},{"@type":"WebSite","@id":"https:\/\/eldigitaldeasturias.com\/magazine365\/#website","url":"https:\/\/eldigitaldeasturias.com\/magazine365\/","name":"El Digital de Asturias","description":"Revista de ocio, turismo y estilo de vida","inLanguage":"es-ES","publisher":{"@id":"https:\/\/eldigitaldeasturias.com\/magazine365\/#organization"}}]},"og:locale":"es_ES","og:site_name":"El Digital de Asturias \u2013 Revista de ocio, turismo y estilo de vida","og:type":"article","og:title":"Pastor advierte de que Renfe actuar\u00e1 si los maquinistas no cumplen los servicios m\u00ednimos | El Digital de Asturias","og:description":"La ministra de Fomento en funciones, Ana Pastor, ha llamado a la responsabilidad a los maquinistas de Renfe y les ha pedido que cumplan con los servicios m\u00ednimos fijados por su Departamento para las jornadas de huelga que tienen convocadas en la compa\u00f1\u00eda ferroviaria. Pastor advirti\u00f3 en este sentido de que el operador ferroviario actuar\u00e1","og:url":"https:\/\/eldigitaldeasturias.com\/magazine365\/pastor-advierte-de-que-renfe-actuara-si-los-maquinistas-no-cumplen-los-servicios-minimos\/","og:image":"https:\/\/eldigitaldeasturias.com\/magazine365\/wp-content\/uploads\/2016\/06\/fotonoticia_20160614183330_800.jpg","og:image:secure_url":"https:\/\/eldigitaldeasturias.com\/magazine365\/wp-content\/uploads\/2016\/06\/fotonoticia_20160614183330_800.jpg","og:image:width":800,"og:image:height":533,"article:published_time":"2016-06-14T19:19:08+00:00","article:modified_time":"2016-06-14T19:19:08+00:00","twitter:card":"summary_large_image","twitter:title":"Pastor advierte de que Renfe actuar\u00e1 si los maquinistas no cumplen los servicios m\u00ednimos | El Digital de Asturias","twitter:description":"La ministra de Fomento en funciones, Ana Pastor, ha llamado a la responsabilidad a los maquinistas de Renfe y les ha pedido que cumplan con los servicios m\u00ednimos fijados por su Departamento para las jornadas de huelga que tienen convocadas en la compa\u00f1\u00eda ferroviaria. Pastor advirti\u00f3 en este sentido de que el operador ferroviario actuar\u00e1","twitter:image":"https:\/\/eldigitaldeasturias.com\/magazine365\/wp-content\/uploads\/2016\/06\/fotonoticia_20160614183330_800.jpg"},"aioseo_meta_data":{"post_id":"79307","title":null,"description":null,"keywords":null,"keyphrases":null,"primary_term":null,"canonical_url":null,"og_title":null,"og_description":null,"og_object_type":"default","og_image_type":"default","og_image_url":null,"og_image_width":null,"og_image_height":null,"og_image_custom_url":null,"og_image_custom_fields":null,"og_video":null,"og_custom_url":null,"og_article_section":null,"og_article_tags":null,"twitter_use_og":false,"twitter_card":"default","twitter_image_type":"default","twitter_image_url":null,"twitter_image_custom_url":null,"twitter_image_custom_fields":null,"twitter_title":null,"twitter_description":null,"schema":{"blockGraphs":[],"customGraphs":[],"default":{"data":{"Article":[],"Course":[],"Dataset":[],"FAQPage":[],"Movie":[],"Person":[],"Product":[],"ProductReview":[],"Car":[],"Recipe":[],"Service":[],"SoftwareApplication":[],"WebPage":[]},"graphName":"","isEnabled":true},"graphs":[]},"schema_type":null,"schema_type_options":null,"pillar_content":false,"robots_default":true,"robots_noindex":false,"robots_noarchive":false,"robots_nosnippet":false,"robots_nofollow":false,"robots_noimageindex":false,"robots_noodp":false,"robots_notranslate":false,"robots_max_snippet":null,"robots_max_videopreview":null,"robots_max_imagepreview":"large","priority":null,"frequency":null,"location":null,"local_seo":null,"seo_analyzer_scan_date":"2025-09-27 18:39:02","breadcrumb_settings":null,"limit_modified_date":false,"open_ai":null,"ai":null,"created":"2021-03-08 17:50:21","updated":"2025-09-27 18:39:02"},"aioseo_breadcrumb":"<div class=\"aioseo-breadcrumbs\"><span class=\"aioseo-breadcrumb\">\n\t<a href=\"https:\/\/eldigitaldeasturias.com\/magazine365\" title=\"Home\">Home<\/a>\n<\/span><span class=\"aioseo-breadcrumb-separator\">\u2013<\/span><span class=\"aioseo-breadcrumb\">\n\t<a href=\"https:\/\/eldigitaldeasturias.com\/magazine365\/category\/noticias-actualidad\/\" title=\"Noticias y Actualidad\">Noticias y Actualidad<\/a>\n<\/span><span class=\"aioseo-breadcrumb-separator\">\u2013<\/span><span class=\"aioseo-breadcrumb\">\n\t<a href=\"https:\/\/eldigitaldeasturias.com\/magazine365\/pastor-advierte-de-que-renfe-actuara-si-los-maquinistas-no-cumplen-los-servicios-minimos\/\" title=\"Pastor advierte de que Renfe actuar\u00e1 si los maquinistas no cumplen los servicios m\u00ednimos\">Pastor advierte de que Renfe actuar\u00e1 si los maquinistas no cumplen los servicios m\u00ednimos<\/a>\n<\/span><\/div>","aioseo_breadcrumb_json":[{"label":"Home","link":"https:\/\/eldigitaldeasturias.com\/magazine365"},{"label":"Noticias y Actualidad","link":"https:\/\/eldigitaldeasturias.com\/magazine365\/category\/noticias-actualidad\/"},{"label":"Pastor advierte de que Renfe actuar\u00e1 si los maquinistas no cumplen los servicios m\u00ednimos","link":"https:\/\/eldigitaldeasturias.com\/magazine365\/pastor-advierte-de-que-renfe-actuara-si-los-maquinistas-no-cumplen-los-servicios-minimos\/"}],"_links":{"self":[{"href":"https:\/\/eldigitaldeasturias.com\/magazine365\/wp-json\/wp\/v2\/posts\/79307","targetHints":{"allow":["GET"]}}],"collection":[{"href":"https:\/\/eldigitaldeasturias.com\/magazine365\/wp-json\/wp\/v2\/posts"}],"about":[{"href":"https:\/\/eldigitaldeasturias.com\/magazine365\/wp-json\/wp\/v2\/types\/post"}],"author":[{"embeddable":true,"href":"https:\/\/eldigitaldeasturias.com\/magazine365\/wp-json\/wp\/v2\/users\/1"}],"replies":[{"embeddable":true,"href":"https:\/\/eldigitaldeasturias.com\/magazine365\/wp-json\/wp\/v2\/comments?post=79307"}],"version-history":[{"count":0,"href":"https:\/\/eldigitaldeasturias.com\/magazine365\/wp-json\/wp\/v2\/posts\/79307\/revisions"}],"wp:featuredmedia":[{"embeddable":true,"href":"https:\/\/eldigitaldeasturias.com\/magazine365\/wp-json\/wp\/v2\/media\/79308"}],"wp:attachment":[{"href":"https:\/\/eldigitaldeasturias.com\/magazine365\/wp-json\/wp\/v2\/media?parent=79307"}],"wp:term":[{"taxonomy":"category","embeddable":true,"href":"https:\/\/eldigitaldeasturias.com\/magazine365\/wp-json\/wp\/v2\/categories?post=79307"},{"taxonomy":"post_tag","embeddable":true,"href":"https:\/\/eldigitaldeasturias.com\/magazine365\/wp-json\/wp\/v2\/tags?post=79307"}],"curies":[{"name":"wp","href":"https:\/\/api.w.org\/{rel}","templated":true}]}}