{"id":79290,"date":"2016-06-14T21:09:34","date_gmt":"2016-06-14T19:09:34","guid":{"rendered":"http:\/\/eldigitaldeasturias.com\/magazine365\/?p=79290"},"modified":"2016-06-14T21:09:34","modified_gmt":"2016-06-14T19:09:34","slug":"la-junta-invertira-en-la-recuperacion-del-entorno-del-antiguo-balneario-de-jabalcuz","status":"publish","type":"post","link":"https:\/\/eldigitaldeasturias.com\/magazine365\/la-junta-invertira-en-la-recuperacion-del-entorno-del-antiguo-balneario-de-jabalcuz\/","title":{"rendered":"La Junta invertir\u00e1 en la recuperaci\u00f3n del entorno del antiguo balneario de Jabalcuz"},"content":{"rendered":"<p><img fetchpriority=\"high\" decoding=\"async\" class=\"alignleft size-medium wp-image-77926\" src=\"https:\/\/eldigitaldeasturias.com\/magazine365\/wp-content\/uploads\/2016\/06\/m365-360x198.jpg\" alt=\"m365\" width=\"360\" height=\"198\" srcset=\"https:\/\/eldigitaldeasturias.com\/magazine365\/wp-content\/uploads\/2016\/06\/m365-360x198.jpg 360w, https:\/\/eldigitaldeasturias.com\/magazine365\/wp-content\/uploads\/2016\/06\/m365-650x357.jpg 650w, https:\/\/eldigitaldeasturias.com\/magazine365\/wp-content\/uploads\/2016\/06\/m365-150x82.jpg 150w, https:\/\/eldigitaldeasturias.com\/magazine365\/wp-content\/uploads\/2016\/06\/m365-450x247.jpg 450w, https:\/\/eldigitaldeasturias.com\/magazine365\/wp-content\/uploads\/2016\/06\/m365.jpg 655w\" sizes=\"(max-width: 360px) 100vw, 360px\" \/>La Consejer\u00eda de Medio Ambiente y Ordenaci\u00f3n del Territorio de la Junta de Andaluc\u00eda va a recuperar en una segunda fase una de las salas del antiguo balneario de Jabalcuz (Ja\u00e9n), que tendr\u00e1 funci\u00f3n de museo, as\u00ed como el entorno natural del edificio, seg\u00fan ha anunciado en el Parlamento andaluz el consejero del ramo, Jos\u00e9 Fiscal. La recuperaci\u00f3n del entorno se dividir\u00e1 en tres partes o subproyectos, que supondr\u00e1 una inversi\u00f3n de 349.000 euros.<\/p>\n<p>En esta l\u00ednea, el consejero ha informado en la Comisi\u00f3n de Medio Ambiente y Ordenaci\u00f3n del Territorio, a pregunta del Grupo Socialista, que por un lado se adecuar\u00e1n como jard\u00edn y zona verde los antiguos jardines del balneario. Para ello, se realizar\u00e1n actuaciones que comprender\u00e1n el encauzamiento del curso del agua, as\u00ed como los trabajos de limpieza, poda y desbrozado, con el fin de crear un espacio ajardinado que se dotar\u00e1 con mobiliario urbano y de zonas de aparcamiento.<\/p>\n<p>Por otra parte, se recuperar\u00e1 \u00edntegramente la denominada Puerta Verde de Jabalcuz con el arreglo del \u00e1rea de descanso y de los miradores existentes, as\u00ed como la construcci\u00f3n de un enlace entre dicha puerta y el edificio de las antiguas termas. Tambi\u00e9n se habilitar\u00e1 un sendero desde el balneario a la cumbre del monte Jabalcuz, que conectando con los senderos y pistas forestales permitir\u00e1 hacer un recorrido circular de unos 12 kil\u00f3metros por este paraje natural.<\/p>\n<p>En el transcurso de su intervenci\u00f3n, Fiscal ha recordado que para la conservaci\u00f3n del edificio de las antiguas termas la Consejer\u00eda tuvo que intervenir de manera urgente en el mismo y en su entorno, consolidando las instalaciones del balneario mediante la colocaci\u00f3n de una nueva cubierta ligera, la restauraci\u00f3n de su fachada y el ajardinamiento y acondicionamiento de todos los exteriores.<\/p>\n","protected":false},"excerpt":{"rendered":"<p>La Consejer\u00eda de Medio Ambiente y Ordenaci\u00f3n del Territorio de la Junta de Andaluc\u00eda va a recuperar en una segunda fase una de las salas del antiguo balneario de Jabalcuz (Ja\u00e9n), que tendr\u00e1 funci\u00f3n de museo, as\u00ed como el entorno natural del edificio, seg\u00fan ha anunciado en el Parlamento andaluz el consejero del ramo, Jos\u00e9<\/p>\n","protected":false},"author":1,"featured_media":77926,"comment_status":"open","ping_status":"closed","sticky":false,"template":"","format":"standard","meta":{"footnotes":""},"categories":[224],"tags":[],"class_list":{"0":"post-79290","1":"post","2":"type-post","3":"status-publish","4":"format-standard","5":"has-post-thumbnail","7":"category-noticias-actualidad"},"aioseo_notices":[],"aioseo_head":"\n\t\t<!-- All in One SEO Pro 4.9.6.1 - aioseo.com -->\n\t<meta name=\"description\" content=\"La Consejer\u00eda de Medio Ambiente y Ordenaci\u00f3n del Territorio de la Junta de Andaluc\u00eda va a recuperar en una segunda fase una de las salas del antiguo balneario de Jabalcuz (Ja\u00e9n), que tendr\u00e1 funci\u00f3n de museo, as\u00ed como el entorno natural del edificio, seg\u00fan ha anunciado en el Parlamento andaluz el consejero del ramo, Jos\u00e9\" \/>\n\t<meta name=\"robots\" content=\"max-image-preview:large\" \/>\n\t<meta name=\"author\" content=\"admin\"\/>\n\t<meta name=\"google-site-verification\" content=\"UA-38556648-1\" \/>\n\t<meta name=\"keywords\" content=\"noticias y actualidad\" \/>\n\t<link rel=\"canonical\" href=\"https:\/\/eldigitaldeasturias.com\/magazine365\/la-junta-invertira-en-la-recuperacion-del-entorno-del-antiguo-balneario-de-jabalcuz\/\" \/>\n\t<meta name=\"generator\" content=\"All in One SEO Pro (AIOSEO) 4.9.6.1\" \/>\n\t\t<meta property=\"og:locale\" content=\"es_ES\" \/>\n\t\t<meta property=\"og:site_name\" content=\"El Digital de Asturias \u2013 Revista de ocio, turismo y estilo de vida\" \/>\n\t\t<meta property=\"og:type\" content=\"article\" \/>\n\t\t<meta property=\"og:title\" content=\"La Junta invertir\u00e1 en la recuperaci\u00f3n del entorno del antiguo balneario de Jabalcuz | El Digital de Asturias\" \/>\n\t\t<meta property=\"og:description\" content=\"La Consejer\u00eda de Medio Ambiente y Ordenaci\u00f3n del Territorio de la Junta de Andaluc\u00eda va a recuperar en una segunda fase una de las salas del antiguo balneario de Jabalcuz (Ja\u00e9n), que tendr\u00e1 funci\u00f3n de museo, as\u00ed como el entorno natural del edificio, seg\u00fan ha anunciado en el Parlamento andaluz el consejero del ramo, Jos\u00e9\" \/>\n\t\t<meta property=\"og:url\" content=\"https:\/\/eldigitaldeasturias.com\/magazine365\/la-junta-invertira-en-la-recuperacion-del-entorno-del-antiguo-balneario-de-jabalcuz\/\" \/>\n\t\t<meta property=\"og:image\" content=\"https:\/\/eldigitaldeasturias.com\/magazine365\/wp-content\/uploads\/2016\/06\/m365.jpg\" \/>\n\t\t<meta property=\"og:image:secure_url\" content=\"https:\/\/eldigitaldeasturias.com\/magazine365\/wp-content\/uploads\/2016\/06\/m365.jpg\" \/>\n\t\t<meta property=\"og:image:width\" content=\"655\" \/>\n\t\t<meta property=\"og:image:height\" content=\"360\" \/>\n\t\t<meta property=\"article:published_time\" content=\"2016-06-14T19:09:34+00:00\" \/>\n\t\t<meta property=\"article:modified_time\" content=\"2016-06-14T19:09:34+00:00\" \/>\n\t\t<meta name=\"twitter:card\" content=\"summary_large_image\" \/>\n\t\t<meta name=\"twitter:title\" content=\"La Junta invertir\u00e1 en la recuperaci\u00f3n del entorno del antiguo balneario de Jabalcuz | El Digital de Asturias\" \/>\n\t\t<meta name=\"twitter:description\" content=\"La Consejer\u00eda de Medio Ambiente y Ordenaci\u00f3n del Territorio de la Junta de Andaluc\u00eda va a recuperar en una segunda fase una de las salas del antiguo balneario de Jabalcuz (Ja\u00e9n), que tendr\u00e1 funci\u00f3n de museo, as\u00ed como el entorno natural del edificio, seg\u00fan ha anunciado en el Parlamento andaluz el consejero del ramo, Jos\u00e9\" \/>\n\t\t<meta name=\"twitter:image\" content=\"https:\/\/eldigitaldeasturias.com\/magazine365\/wp-content\/uploads\/2016\/06\/m365.jpg\" \/>\n\t\t<script type=\"application\/ld+json\" class=\"aioseo-schema\">\n\t\t\t{\"@context\":\"https:\\\/\\\/schema.org\",\"@graph\":[{\"@type\":\"Article\",\"@id\":\"https:\\\/\\\/eldigitaldeasturias.com\\\/magazine365\\\/la-junta-invertira-en-la-recuperacion-del-entorno-del-antiguo-balneario-de-jabalcuz\\\/#article\",\"name\":\"La Junta invertir\\u00e1 en la recuperaci\\u00f3n del entorno del antiguo balneario de Jabalcuz | El Digital de Asturias\",\"headline\":\"La Junta invertir\\u00e1 en la recuperaci\\u00f3n del entorno del antiguo balneario de Jabalcuz\",\"author\":{\"@id\":\"https:\\\/\\\/eldigitaldeasturias.com\\\/magazine365\\\/author\\\/admin\\\/#author\"},\"publisher\":{\"@id\":\"https:\\\/\\\/eldigitaldeasturias.com\\\/magazine365\\\/#organization\"},\"image\":{\"@type\":\"ImageObject\",\"url\":\"https:\\\/\\\/eldigitaldeasturias.com\\\/magazine365\\\/wp-content\\\/uploads\\\/2016\\\/06\\\/m365.jpg\",\"width\":655,\"height\":360},\"datePublished\":\"2016-06-14T21:09:34+02:00\",\"dateModified\":\"2016-06-14T21:09:34+02:00\",\"inLanguage\":\"es-ES\",\"mainEntityOfPage\":{\"@id\":\"https:\\\/\\\/eldigitaldeasturias.com\\\/magazine365\\\/la-junta-invertira-en-la-recuperacion-del-entorno-del-antiguo-balneario-de-jabalcuz\\\/#webpage\"},\"isPartOf\":{\"@id\":\"https:\\\/\\\/eldigitaldeasturias.com\\\/magazine365\\\/la-junta-invertira-en-la-recuperacion-del-entorno-del-antiguo-balneario-de-jabalcuz\\\/#webpage\"},\"articleSection\":\"Noticias y Actualidad\"},{\"@type\":\"BreadcrumbList\",\"@id\":\"https:\\\/\\\/eldigitaldeasturias.com\\\/magazine365\\\/la-junta-invertira-en-la-recuperacion-del-entorno-del-antiguo-balneario-de-jabalcuz\\\/#breadcrumblist\",\"itemListElement\":[{\"@type\":\"ListItem\",\"@id\":\"https:\\\/\\\/eldigitaldeasturias.com\\\/magazine365#listItem\",\"position\":1,\"name\":\"Home\",\"item\":\"https:\\\/\\\/eldigitaldeasturias.com\\\/magazine365\",\"nextItem\":{\"@type\":\"ListItem\",\"@id\":\"https:\\\/\\\/eldigitaldeasturias.com\\\/magazine365\\\/category\\\/noticias-actualidad\\\/#listItem\",\"name\":\"Noticias y Actualidad\"}},{\"@type\":\"ListItem\",\"@id\":\"https:\\\/\\\/eldigitaldeasturias.com\\\/magazine365\\\/category\\\/noticias-actualidad\\\/#listItem\",\"position\":2,\"name\":\"Noticias y Actualidad\",\"item\":\"https:\\\/\\\/eldigitaldeasturias.com\\\/magazine365\\\/category\\\/noticias-actualidad\\\/\",\"nextItem\":{\"@type\":\"ListItem\",\"@id\":\"https:\\\/\\\/eldigitaldeasturias.com\\\/magazine365\\\/la-junta-invertira-en-la-recuperacion-del-entorno-del-antiguo-balneario-de-jabalcuz\\\/#listItem\",\"name\":\"La Junta invertir\\u00e1 en la recuperaci\\u00f3n del entorno del antiguo balneario de Jabalcuz\"},\"previousItem\":{\"@type\":\"ListItem\",\"@id\":\"https:\\\/\\\/eldigitaldeasturias.com\\\/magazine365#listItem\",\"name\":\"Home\"}},{\"@type\":\"ListItem\",\"@id\":\"https:\\\/\\\/eldigitaldeasturias.com\\\/magazine365\\\/la-junta-invertira-en-la-recuperacion-del-entorno-del-antiguo-balneario-de-jabalcuz\\\/#listItem\",\"position\":3,\"name\":\"La Junta invertir\\u00e1 en la recuperaci\\u00f3n del entorno del antiguo balneario de Jabalcuz\",\"previousItem\":{\"@type\":\"ListItem\",\"@id\":\"https:\\\/\\\/eldigitaldeasturias.com\\\/magazine365\\\/category\\\/noticias-actualidad\\\/#listItem\",\"name\":\"Noticias y Actualidad\"}}]},{\"@type\":\"Organization\",\"@id\":\"https:\\\/\\\/eldigitaldeasturias.com\\\/magazine365\\\/#organization\",\"name\":\"El digital de Asturias\",\"description\":\"Revista de ocio, turismo y estilo de vida\",\"url\":\"https:\\\/\\\/eldigitaldeasturias.com\\\/magazine365\\\/\",\"logo\":{\"@type\":\"ImageObject\",\"url\":\"https:\\\/\\\/www.eldigitaldeasturias.com\\\/noticias\\\/wp-content\\\/uploads\\\/2020\\\/12\\\/EDA.jpg\",\"@id\":\"https:\\\/\\\/eldigitaldeasturias.com\\\/magazine365\\\/la-junta-invertira-en-la-recuperacion-del-entorno-del-antiguo-balneario-de-jabalcuz\\\/#organizationLogo\"},\"image\":{\"@id\":\"https:\\\/\\\/eldigitaldeasturias.com\\\/magazine365\\\/la-junta-invertira-en-la-recuperacion-del-entorno-del-antiguo-balneario-de-jabalcuz\\\/#organizationLogo\"}},{\"@type\":\"Person\",\"@id\":\"https:\\\/\\\/eldigitaldeasturias.com\\\/magazine365\\\/author\\\/admin\\\/#author\",\"url\":\"https:\\\/\\\/eldigitaldeasturias.com\\\/magazine365\\\/author\\\/admin\\\/\",\"name\":\"admin\",\"image\":{\"@type\":\"ImageObject\",\"@id\":\"https:\\\/\\\/eldigitaldeasturias.com\\\/magazine365\\\/la-junta-invertira-en-la-recuperacion-del-entorno-del-antiguo-balneario-de-jabalcuz\\\/#authorImage\",\"url\":\"https:\\\/\\\/eldigitaldeasturias.com\\\/magazine365\\\/wp-content\\\/litespeed\\\/avatar\\\/e571bcf59a0edd6fa6838245a470f2fe.jpg?ver=1776969259\",\"width\":96,\"height\":96,\"caption\":\"admin\"}},{\"@type\":\"WebPage\",\"@id\":\"https:\\\/\\\/eldigitaldeasturias.com\\\/magazine365\\\/la-junta-invertira-en-la-recuperacion-del-entorno-del-antiguo-balneario-de-jabalcuz\\\/#webpage\",\"url\":\"https:\\\/\\\/eldigitaldeasturias.com\\\/magazine365\\\/la-junta-invertira-en-la-recuperacion-del-entorno-del-antiguo-balneario-de-jabalcuz\\\/\",\"name\":\"La Junta invertir\\u00e1 en la recuperaci\\u00f3n del entorno del antiguo balneario de Jabalcuz | El Digital de Asturias\",\"description\":\"La Consejer\\u00eda de Medio Ambiente y Ordenaci\\u00f3n del Territorio de la Junta de Andaluc\\u00eda va a recuperar en una segunda fase una de las salas del antiguo balneario de Jabalcuz (Ja\\u00e9n), que tendr\\u00e1 funci\\u00f3n de museo, as\\u00ed como el entorno natural del edificio, seg\\u00fan ha anunciado en el Parlamento andaluz el consejero del ramo, Jos\\u00e9\",\"inLanguage\":\"es-ES\",\"isPartOf\":{\"@id\":\"https:\\\/\\\/eldigitaldeasturias.com\\\/magazine365\\\/#website\"},\"breadcrumb\":{\"@id\":\"https:\\\/\\\/eldigitaldeasturias.com\\\/magazine365\\\/la-junta-invertira-en-la-recuperacion-del-entorno-del-antiguo-balneario-de-jabalcuz\\\/#breadcrumblist\"},\"author\":{\"@id\":\"https:\\\/\\\/eldigitaldeasturias.com\\\/magazine365\\\/author\\\/admin\\\/#author\"},\"creator\":{\"@id\":\"https:\\\/\\\/eldigitaldeasturias.com\\\/magazine365\\\/author\\\/admin\\\/#author\"},\"image\":{\"@type\":\"ImageObject\",\"url\":\"https:\\\/\\\/eldigitaldeasturias.com\\\/magazine365\\\/wp-content\\\/uploads\\\/2016\\\/06\\\/m365.jpg\",\"@id\":\"https:\\\/\\\/eldigitaldeasturias.com\\\/magazine365\\\/la-junta-invertira-en-la-recuperacion-del-entorno-del-antiguo-balneario-de-jabalcuz\\\/#mainImage\",\"width\":655,\"height\":360},\"primaryImageOfPage\":{\"@id\":\"https:\\\/\\\/eldigitaldeasturias.com\\\/magazine365\\\/la-junta-invertira-en-la-recuperacion-del-entorno-del-antiguo-balneario-de-jabalcuz\\\/#mainImage\"},\"datePublished\":\"2016-06-14T21:09:34+02:00\",\"dateModified\":\"2016-06-14T21:09:34+02:00\"},{\"@type\":\"WebSite\",\"@id\":\"https:\\\/\\\/eldigitaldeasturias.com\\\/magazine365\\\/#website\",\"url\":\"https:\\\/\\\/eldigitaldeasturias.com\\\/magazine365\\\/\",\"name\":\"El Digital de Asturias\",\"description\":\"Revista de ocio, turismo y estilo de vida\",\"inLanguage\":\"es-ES\",\"publisher\":{\"@id\":\"https:\\\/\\\/eldigitaldeasturias.com\\\/magazine365\\\/#organization\"}}]}\n\t\t<\/script>\n\t\t<!-- All in One SEO Pro -->\r\n\t\t<title>La Junta invertir\u00e1 en la recuperaci\u00f3n del entorno del antiguo balneario de Jabalcuz | El Digital de Asturias<\/title>\n\n","aioseo_head_json":{"title":"La Junta invertir\u00e1 en la recuperaci\u00f3n del entorno del antiguo balneario de Jabalcuz | El Digital de Asturias","description":"La Consejer\u00eda de Medio Ambiente y Ordenaci\u00f3n del Territorio de la Junta de Andaluc\u00eda va a recuperar en una segunda fase una de las salas del antiguo balneario de Jabalcuz (Ja\u00e9n), que tendr\u00e1 funci\u00f3n de museo, as\u00ed como el entorno natural del edificio, seg\u00fan ha anunciado en el Parlamento andaluz el consejero del ramo, Jos\u00e9","canonical_url":"https:\/\/eldigitaldeasturias.com\/magazine365\/la-junta-invertira-en-la-recuperacion-del-entorno-del-antiguo-balneario-de-jabalcuz\/","robots":"max-image-preview:large","keywords":"noticias y actualidad","webmasterTools":{"google-site-verification":"UA-38556648-1","miscellaneous":""},"schema":{"@context":"https:\/\/schema.org","@graph":[{"@type":"Article","@id":"https:\/\/eldigitaldeasturias.com\/magazine365\/la-junta-invertira-en-la-recuperacion-del-entorno-del-antiguo-balneario-de-jabalcuz\/#article","name":"La Junta invertir\u00e1 en la recuperaci\u00f3n del entorno del antiguo balneario de Jabalcuz | El Digital de Asturias","headline":"La Junta invertir\u00e1 en la recuperaci\u00f3n del entorno del antiguo balneario de Jabalcuz","author":{"@id":"https:\/\/eldigitaldeasturias.com\/magazine365\/author\/admin\/#author"},"publisher":{"@id":"https:\/\/eldigitaldeasturias.com\/magazine365\/#organization"},"image":{"@type":"ImageObject","url":"https:\/\/eldigitaldeasturias.com\/magazine365\/wp-content\/uploads\/2016\/06\/m365.jpg","width":655,"height":360},"datePublished":"2016-06-14T21:09:34+02:00","dateModified":"2016-06-14T21:09:34+02:00","inLanguage":"es-ES","mainEntityOfPage":{"@id":"https:\/\/eldigitaldeasturias.com\/magazine365\/la-junta-invertira-en-la-recuperacion-del-entorno-del-antiguo-balneario-de-jabalcuz\/#webpage"},"isPartOf":{"@id":"https:\/\/eldigitaldeasturias.com\/magazine365\/la-junta-invertira-en-la-recuperacion-del-entorno-del-antiguo-balneario-de-jabalcuz\/#webpage"},"articleSection":"Noticias y Actualidad"},{"@type":"BreadcrumbList","@id":"https:\/\/eldigitaldeasturias.com\/magazine365\/la-junta-invertira-en-la-recuperacion-del-entorno-del-antiguo-balneario-de-jabalcuz\/#breadcrumblist","itemListElement":[{"@type":"ListItem","@id":"https:\/\/eldigitaldeasturias.com\/magazine365#listItem","position":1,"name":"Home","item":"https:\/\/eldigitaldeasturias.com\/magazine365","nextItem":{"@type":"ListItem","@id":"https:\/\/eldigitaldeasturias.com\/magazine365\/category\/noticias-actualidad\/#listItem","name":"Noticias y Actualidad"}},{"@type":"ListItem","@id":"https:\/\/eldigitaldeasturias.com\/magazine365\/category\/noticias-actualidad\/#listItem","position":2,"name":"Noticias y Actualidad","item":"https:\/\/eldigitaldeasturias.com\/magazine365\/category\/noticias-actualidad\/","nextItem":{"@type":"ListItem","@id":"https:\/\/eldigitaldeasturias.com\/magazine365\/la-junta-invertira-en-la-recuperacion-del-entorno-del-antiguo-balneario-de-jabalcuz\/#listItem","name":"La Junta invertir\u00e1 en la recuperaci\u00f3n del entorno del antiguo balneario de Jabalcuz"},"previousItem":{"@type":"ListItem","@id":"https:\/\/eldigitaldeasturias.com\/magazine365#listItem","name":"Home"}},{"@type":"ListItem","@id":"https:\/\/eldigitaldeasturias.com\/magazine365\/la-junta-invertira-en-la-recuperacion-del-entorno-del-antiguo-balneario-de-jabalcuz\/#listItem","position":3,"name":"La Junta invertir\u00e1 en la recuperaci\u00f3n del entorno del antiguo balneario de Jabalcuz","previousItem":{"@type":"ListItem","@id":"https:\/\/eldigitaldeasturias.com\/magazine365\/category\/noticias-actualidad\/#listItem","name":"Noticias y Actualidad"}}]},{"@type":"Organization","@id":"https:\/\/eldigitaldeasturias.com\/magazine365\/#organization","name":"El digital de Asturias","description":"Revista de ocio, turismo y estilo de vida","url":"https:\/\/eldigitaldeasturias.com\/magazine365\/","logo":{"@type":"ImageObject","url":"https:\/\/www.eldigitaldeasturias.com\/noticias\/wp-content\/uploads\/2020\/12\/EDA.jpg","@id":"https:\/\/eldigitaldeasturias.com\/magazine365\/la-junta-invertira-en-la-recuperacion-del-entorno-del-antiguo-balneario-de-jabalcuz\/#organizationLogo"},"image":{"@id":"https:\/\/eldigitaldeasturias.com\/magazine365\/la-junta-invertira-en-la-recuperacion-del-entorno-del-antiguo-balneario-de-jabalcuz\/#organizationLogo"}},{"@type":"Person","@id":"https:\/\/eldigitaldeasturias.com\/magazine365\/author\/admin\/#author","url":"https:\/\/eldigitaldeasturias.com\/magazine365\/author\/admin\/","name":"admin","image":{"@type":"ImageObject","@id":"https:\/\/eldigitaldeasturias.com\/magazine365\/la-junta-invertira-en-la-recuperacion-del-entorno-del-antiguo-balneario-de-jabalcuz\/#authorImage","url":"https:\/\/eldigitaldeasturias.com\/magazine365\/wp-content\/litespeed\/avatar\/e571bcf59a0edd6fa6838245a470f2fe.jpg?ver=1776969259","width":96,"height":96,"caption":"admin"}},{"@type":"WebPage","@id":"https:\/\/eldigitaldeasturias.com\/magazine365\/la-junta-invertira-en-la-recuperacion-del-entorno-del-antiguo-balneario-de-jabalcuz\/#webpage","url":"https:\/\/eldigitaldeasturias.com\/magazine365\/la-junta-invertira-en-la-recuperacion-del-entorno-del-antiguo-balneario-de-jabalcuz\/","name":"La Junta invertir\u00e1 en la recuperaci\u00f3n del entorno del antiguo balneario de Jabalcuz | El Digital de Asturias","description":"La Consejer\u00eda de Medio Ambiente y Ordenaci\u00f3n del Territorio de la Junta de Andaluc\u00eda va a recuperar en una segunda fase una de las salas del antiguo balneario de Jabalcuz (Ja\u00e9n), que tendr\u00e1 funci\u00f3n de museo, as\u00ed como el entorno natural del edificio, seg\u00fan ha anunciado en el Parlamento andaluz el consejero del ramo, Jos\u00e9","inLanguage":"es-ES","isPartOf":{"@id":"https:\/\/eldigitaldeasturias.com\/magazine365\/#website"},"breadcrumb":{"@id":"https:\/\/eldigitaldeasturias.com\/magazine365\/la-junta-invertira-en-la-recuperacion-del-entorno-del-antiguo-balneario-de-jabalcuz\/#breadcrumblist"},"author":{"@id":"https:\/\/eldigitaldeasturias.com\/magazine365\/author\/admin\/#author"},"creator":{"@id":"https:\/\/eldigitaldeasturias.com\/magazine365\/author\/admin\/#author"},"image":{"@type":"ImageObject","url":"https:\/\/eldigitaldeasturias.com\/magazine365\/wp-content\/uploads\/2016\/06\/m365.jpg","@id":"https:\/\/eldigitaldeasturias.com\/magazine365\/la-junta-invertira-en-la-recuperacion-del-entorno-del-antiguo-balneario-de-jabalcuz\/#mainImage","width":655,"height":360},"primaryImageOfPage":{"@id":"https:\/\/eldigitaldeasturias.com\/magazine365\/la-junta-invertira-en-la-recuperacion-del-entorno-del-antiguo-balneario-de-jabalcuz\/#mainImage"},"datePublished":"2016-06-14T21:09:34+02:00","dateModified":"2016-06-14T21:09:34+02:00"},{"@type":"WebSite","@id":"https:\/\/eldigitaldeasturias.com\/magazine365\/#website","url":"https:\/\/eldigitaldeasturias.com\/magazine365\/","name":"El Digital de Asturias","description":"Revista de ocio, turismo y estilo de vida","inLanguage":"es-ES","publisher":{"@id":"https:\/\/eldigitaldeasturias.com\/magazine365\/#organization"}}]},"og:locale":"es_ES","og:site_name":"El Digital de Asturias \u2013 Revista de ocio, turismo y estilo de vida","og:type":"article","og:title":"La Junta invertir\u00e1 en la recuperaci\u00f3n del entorno del antiguo balneario de Jabalcuz | El Digital de Asturias","og:description":"La Consejer\u00eda de Medio Ambiente y Ordenaci\u00f3n del Territorio de la Junta de Andaluc\u00eda va a recuperar en una segunda fase una de las salas del antiguo balneario de Jabalcuz (Ja\u00e9n), que tendr\u00e1 funci\u00f3n de museo, as\u00ed como el entorno natural del edificio, seg\u00fan ha anunciado en el Parlamento andaluz el consejero del ramo, Jos\u00e9","og:url":"https:\/\/eldigitaldeasturias.com\/magazine365\/la-junta-invertira-en-la-recuperacion-del-entorno-del-antiguo-balneario-de-jabalcuz\/","og:image":"https:\/\/eldigitaldeasturias.com\/magazine365\/wp-content\/uploads\/2016\/06\/m365.jpg","og:image:secure_url":"https:\/\/eldigitaldeasturias.com\/magazine365\/wp-content\/uploads\/2016\/06\/m365.jpg","og:image:width":655,"og:image:height":360,"article:published_time":"2016-06-14T19:09:34+00:00","article:modified_time":"2016-06-14T19:09:34+00:00","twitter:card":"summary_large_image","twitter:title":"La Junta invertir\u00e1 en la recuperaci\u00f3n del entorno del antiguo balneario de Jabalcuz | El Digital de Asturias","twitter:description":"La Consejer\u00eda de Medio Ambiente y Ordenaci\u00f3n del Territorio de la Junta de Andaluc\u00eda va a recuperar en una segunda fase una de las salas del antiguo balneario de Jabalcuz (Ja\u00e9n), que tendr\u00e1 funci\u00f3n de museo, as\u00ed como el entorno natural del edificio, seg\u00fan ha anunciado en el Parlamento andaluz el consejero del ramo, Jos\u00e9","twitter:image":"https:\/\/eldigitaldeasturias.com\/magazine365\/wp-content\/uploads\/2016\/06\/m365.jpg"},"aioseo_meta_data":{"post_id":"79290","title":null,"description":null,"keywords":null,"keyphrases":null,"primary_term":null,"canonical_url":null,"og_title":null,"og_description":null,"og_object_type":"default","og_image_type":"default","og_image_url":null,"og_image_width":null,"og_image_height":null,"og_image_custom_url":null,"og_image_custom_fields":null,"og_video":null,"og_custom_url":null,"og_article_section":null,"og_article_tags":null,"twitter_use_og":false,"twitter_card":"default","twitter_image_type":"default","twitter_image_url":null,"twitter_image_custom_url":null,"twitter_image_custom_fields":null,"twitter_title":null,"twitter_description":null,"schema":{"blockGraphs":[],"customGraphs":[],"default":{"data":{"Article":[],"Course":[],"Dataset":[],"FAQPage":[],"Movie":[],"Person":[],"Product":[],"ProductReview":[],"Car":[],"Recipe":[],"Service":[],"SoftwareApplication":[],"WebPage":[]},"graphName":"","isEnabled":true},"graphs":[],"defaultGraph":"","defaultPostTypeGraph":""},"schema_type":null,"schema_type_options":null,"pillar_content":false,"robots_default":true,"robots_noindex":false,"robots_noarchive":false,"robots_nosnippet":false,"robots_nofollow":false,"robots_noimageindex":false,"robots_noodp":false,"robots_notranslate":false,"robots_max_snippet":null,"robots_max_videopreview":null,"robots_max_imagepreview":"large","priority":null,"frequency":null,"location":null,"local_seo":null,"seo_analyzer_scan_date":"2025-09-27 18:36:19","breadcrumb_settings":null,"limit_modified_date":false,"open_ai":null,"ai":null,"created":"2021-03-08 17:50:21","updated":"2025-09-27 18:36:19"},"aioseo_breadcrumb":"<div class=\"aioseo-breadcrumbs\"><span class=\"aioseo-breadcrumb\">\n\t<a href=\"https:\/\/eldigitaldeasturias.com\/magazine365\" title=\"Home\">Home<\/a>\n<\/span><span class=\"aioseo-breadcrumb-separator\">\u2013<\/span><span class=\"aioseo-breadcrumb\">\n\t<a href=\"https:\/\/eldigitaldeasturias.com\/magazine365\/category\/noticias-actualidad\/\" title=\"Noticias y Actualidad\">Noticias y Actualidad<\/a>\n<\/span><span class=\"aioseo-breadcrumb-separator\">\u2013<\/span><span class=\"aioseo-breadcrumb\">\n\t<a href=\"https:\/\/eldigitaldeasturias.com\/magazine365\/la-junta-invertira-en-la-recuperacion-del-entorno-del-antiguo-balneario-de-jabalcuz\/\" title=\"La Junta invertir\u00e1 en la recuperaci\u00f3n del entorno del antiguo balneario de Jabalcuz\">La Junta invertir\u00e1 en la recuperaci\u00f3n del entorno del antiguo balneario de Jabalcuz<\/a>\n<\/span><\/div>","aioseo_breadcrumb_json":[{"label":"Home","link":"https:\/\/eldigitaldeasturias.com\/magazine365"},{"label":"Noticias y Actualidad","link":"https:\/\/eldigitaldeasturias.com\/magazine365\/category\/noticias-actualidad\/"},{"label":"La Junta invertir\u00e1 en la recuperaci\u00f3n del entorno del antiguo balneario de Jabalcuz","link":"https:\/\/eldigitaldeasturias.com\/magazine365\/la-junta-invertira-en-la-recuperacion-del-entorno-del-antiguo-balneario-de-jabalcuz\/"}],"_links":{"self":[{"href":"https:\/\/eldigitaldeasturias.com\/magazine365\/wp-json\/wp\/v2\/posts\/79290","targetHints":{"allow":["GET"]}}],"collection":[{"href":"https:\/\/eldigitaldeasturias.com\/magazine365\/wp-json\/wp\/v2\/posts"}],"about":[{"href":"https:\/\/eldigitaldeasturias.com\/magazine365\/wp-json\/wp\/v2\/types\/post"}],"author":[{"embeddable":true,"href":"https:\/\/eldigitaldeasturias.com\/magazine365\/wp-json\/wp\/v2\/users\/1"}],"replies":[{"embeddable":true,"href":"https:\/\/eldigitaldeasturias.com\/magazine365\/wp-json\/wp\/v2\/comments?post=79290"}],"version-history":[{"count":0,"href":"https:\/\/eldigitaldeasturias.com\/magazine365\/wp-json\/wp\/v2\/posts\/79290\/revisions"}],"wp:featuredmedia":[{"embeddable":true,"href":"https:\/\/eldigitaldeasturias.com\/magazine365\/wp-json\/wp\/v2\/media\/77926"}],"wp:attachment":[{"href":"https:\/\/eldigitaldeasturias.com\/magazine365\/wp-json\/wp\/v2\/media?parent=79290"}],"wp:term":[{"taxonomy":"category","embeddable":true,"href":"https:\/\/eldigitaldeasturias.com\/magazine365\/wp-json\/wp\/v2\/categories?post=79290"},{"taxonomy":"post_tag","embeddable":true,"href":"https:\/\/eldigitaldeasturias.com\/magazine365\/wp-json\/wp\/v2\/tags?post=79290"}],"curies":[{"name":"wp","href":"https:\/\/api.w.org\/{rel}","templated":true}]}}