{"id":79284,"date":"2016-06-14T21:02:24","date_gmt":"2016-06-14T19:02:24","guid":{"rendered":"http:\/\/eldigitaldeasturias.com\/magazine365\/?p=79284"},"modified":"2016-06-14T21:02:24","modified_gmt":"2016-06-14T19:02:24","slug":"jose-manuel-vargas-presidente-y-consejero-delegado-de-aena-directivo-del-ano-2015","status":"publish","type":"post","link":"https:\/\/eldigitaldeasturias.com\/magazine365\/jose-manuel-vargas-presidente-y-consejero-delegado-de-aena-directivo-del-ano-2015\/","title":{"rendered":"Jos\u00e9 Manuel Vargas, presidente y consejero delegado de Aena, Directivo del A\u00f1o 2015"},"content":{"rendered":"<p><img fetchpriority=\"high\" decoding=\"async\" class=\"alignleft size-medium wp-image-79285\" src=\"https:\/\/eldigitaldeasturias.com\/magazine365\/wp-content\/uploads\/2016\/06\/fotonoticia_20160614172753_800-226x300.jpg\" alt=\"fotonoticia_20160614172753_800\" width=\"226\" height=\"300\" srcset=\"https:\/\/eldigitaldeasturias.com\/magazine365\/wp-content\/uploads\/2016\/06\/fotonoticia_20160614172753_800-226x300.jpg 226w, https:\/\/eldigitaldeasturias.com\/magazine365\/wp-content\/uploads\/2016\/06\/fotonoticia_20160614172753_800-482x640.jpg 482w, https:\/\/eldigitaldeasturias.com\/magazine365\/wp-content\/uploads\/2016\/06\/fotonoticia_20160614172753_800-768x1020.jpg 768w, https:\/\/eldigitaldeasturias.com\/magazine365\/wp-content\/uploads\/2016\/06\/fotonoticia_20160614172753_800-150x199.jpg 150w, https:\/\/eldigitaldeasturias.com\/magazine365\/wp-content\/uploads\/2016\/06\/fotonoticia_20160614172753_800-450x597.jpg 450w, https:\/\/eldigitaldeasturias.com\/magazine365\/wp-content\/uploads\/2016\/06\/fotonoticia_20160614172753_800.jpg 800w\" sizes=\"(max-width: 226px) 100vw, 226px\" \/>El presidente y consejero delegado de Aena, Jos\u00e9 Manuel, ha sido elegido hoy Directivo del a\u00f1o 2015 por el jurado de la 24\u00aa edici\u00f3n del Premio AED, certamen que organiza anualmente la Asociaci\u00f3n Espa\u00f1ola de Directivos (AED) y cuyo galard\u00f3n se entregar\u00e1 el pr\u00f3ximo 14 de julio en Madrid.<\/p>\n<p>El jurado, formado por una veintena de representantes del mundo empresarial, la sociedad civil y los medios de comunicaci\u00f3n, ha valorado la gesti\u00f3n de Vargas al frente del operador aeroportuario, que protagoniz\u00f3 bajo su impulso la mejor salida a Bolsa del ejercicio 2015.<\/p>\n<p>Bajo su liderazgo, Aena ha mejorado su resultado bruto de explotaci\u00f3n (Ebitda) de 2.475 millones de euros en 2011 a 3.518 millones en 2015. Actualmente, el directivo apuesta firmemente por la internacionalizaci\u00f3n de la compa\u00f1\u00eda, destaca la AED.<\/p>\n<p>La red de Aena est\u00e1 formada por 46 aeropuertos y dos helipuertos y cuenta con participaci\u00f3n directa en 15 aeropuertos de fuera del pa\u00eds, repartidos entre M\u00e9xico, Colombia y Reino Unido (Luton). En estos momentos, tiene capacidad para absorber futuros crecimientos de tr\u00e1fico y pasar de los 207 millones de pasajeros actuales a 335 millones de pasajeros.<\/p>\n<p>Vargas, licenciado en Ciencias Econ\u00f3micas y Empresariales y en Derecho y censor jurado de Cuentas, es presidente y consejero delegado de Aena desde enero de 2012. Asimismo, es consejero delegado solidario de Aena Internacional.<\/p>\n<h2 class=\"ladillo\">TRAYECTORIA PROFESIONAL.<\/h2>\n<p>Dedic\u00f3 m\u00e1s de diez a\u00f1os de actividad profesional a Vocento, grupo de comunicaci\u00f3n donde ocup\u00f3 diferentes puestos de responsabilidad, como director jur\u00eddico y secretario del Consejo de ABC, director general financiero de Vocento y consejero delegado de la compa\u00f1\u00eda.<\/p>\n<p>Anteriormente Vargas fue director financiero y secretario general en JOTSA (grupo Philipp Holzman) y trabaj\u00f3 en la auditora Price Waterhouse entre 1993 y 1995.<\/p>\n<p>El Premio AED al Directivo del A\u00f1o se remonta a 1992 y tiene por objetivo poner en valor la contribuci\u00f3n de los ejecutivos en la generaci\u00f3n de riqueza y empleo, distinguiendo al l\u00edder empresarial que m\u00e1s \u00e9xito ha tenido en el \u00faltimo a\u00f1o.<\/p>\n","protected":false},"excerpt":{"rendered":"<p>El presidente y consejero delegado de Aena, Jos\u00e9 Manuel, ha sido elegido hoy Directivo del a\u00f1o 2015 por el jurado de la 24\u00aa edici\u00f3n del Premio AED, certamen que organiza anualmente la Asociaci\u00f3n Espa\u00f1ola de Directivos (AED) y cuyo galard\u00f3n se entregar\u00e1 el pr\u00f3ximo 14 de julio en Madrid. El jurado, formado por una veintena<\/p>\n","protected":false},"author":1,"featured_media":79285,"comment_status":"open","ping_status":"closed","sticky":false,"template":"","format":"standard","meta":{"footnotes":""},"categories":[224],"tags":[],"class_list":{"0":"post-79284","1":"post","2":"type-post","3":"status-publish","4":"format-standard","5":"has-post-thumbnail","7":"category-noticias-actualidad"},"aioseo_notices":[],"aioseo_head":"\n\t\t<!-- All in One SEO Pro 4.9.6.1 - aioseo.com -->\n\t<meta name=\"description\" content=\"El presidente y consejero delegado de Aena, Jos\u00e9 Manuel, ha sido elegido hoy Directivo del a\u00f1o 2015 por el jurado de la 24\u00aa edici\u00f3n del Premio AED, certamen que organiza anualmente la Asociaci\u00f3n Espa\u00f1ola de Directivos (AED) y cuyo galard\u00f3n se entregar\u00e1 el pr\u00f3ximo 14 de julio en Madrid. El jurado, formado por una veintena\" \/>\n\t<meta name=\"robots\" content=\"max-image-preview:large\" \/>\n\t<meta name=\"author\" content=\"admin\"\/>\n\t<meta name=\"google-site-verification\" content=\"UA-38556648-1\" \/>\n\t<meta name=\"keywords\" content=\"noticias y actualidad\" \/>\n\t<link rel=\"canonical\" href=\"https:\/\/eldigitaldeasturias.com\/magazine365\/jose-manuel-vargas-presidente-y-consejero-delegado-de-aena-directivo-del-ano-2015\/\" \/>\n\t<meta name=\"generator\" content=\"All in One SEO Pro (AIOSEO) 4.9.6.1\" \/>\n\t\t<meta property=\"og:locale\" content=\"es_ES\" \/>\n\t\t<meta property=\"og:site_name\" content=\"El Digital de Asturias \u2013 Revista de ocio, turismo y estilo de vida\" \/>\n\t\t<meta property=\"og:type\" content=\"article\" \/>\n\t\t<meta property=\"og:title\" content=\"Jos\u00e9 Manuel Vargas, presidente y consejero delegado de Aena, Directivo del A\u00f1o 2015 | El Digital de Asturias\" \/>\n\t\t<meta property=\"og:description\" content=\"El presidente y consejero delegado de Aena, Jos\u00e9 Manuel, ha sido elegido hoy Directivo del a\u00f1o 2015 por el jurado de la 24\u00aa edici\u00f3n del Premio AED, certamen que organiza anualmente la Asociaci\u00f3n Espa\u00f1ola de Directivos (AED) y cuyo galard\u00f3n se entregar\u00e1 el pr\u00f3ximo 14 de julio en Madrid. El jurado, formado por una veintena\" \/>\n\t\t<meta property=\"og:url\" content=\"https:\/\/eldigitaldeasturias.com\/magazine365\/jose-manuel-vargas-presidente-y-consejero-delegado-de-aena-directivo-del-ano-2015\/\" \/>\n\t\t<meta property=\"og:image\" content=\"https:\/\/eldigitaldeasturias.com\/magazine365\/wp-content\/uploads\/2016\/06\/fotonoticia_20160614172753_800.jpg\" \/>\n\t\t<meta property=\"og:image:secure_url\" content=\"https:\/\/eldigitaldeasturias.com\/magazine365\/wp-content\/uploads\/2016\/06\/fotonoticia_20160614172753_800.jpg\" \/>\n\t\t<meta property=\"og:image:width\" content=\"800\" \/>\n\t\t<meta property=\"og:image:height\" content=\"1062\" \/>\n\t\t<meta property=\"article:published_time\" content=\"2016-06-14T19:02:24+00:00\" \/>\n\t\t<meta property=\"article:modified_time\" content=\"2016-06-14T19:02:24+00:00\" \/>\n\t\t<meta name=\"twitter:card\" content=\"summary_large_image\" \/>\n\t\t<meta name=\"twitter:title\" content=\"Jos\u00e9 Manuel Vargas, presidente y consejero delegado de Aena, Directivo del A\u00f1o 2015 | El Digital de Asturias\" \/>\n\t\t<meta name=\"twitter:description\" content=\"El presidente y consejero delegado de Aena, Jos\u00e9 Manuel, ha sido elegido hoy Directivo del a\u00f1o 2015 por el jurado de la 24\u00aa edici\u00f3n del Premio AED, certamen que organiza anualmente la Asociaci\u00f3n Espa\u00f1ola de Directivos (AED) y cuyo galard\u00f3n se entregar\u00e1 el pr\u00f3ximo 14 de julio en Madrid. El jurado, formado por una veintena\" \/>\n\t\t<meta name=\"twitter:image\" content=\"https:\/\/eldigitaldeasturias.com\/magazine365\/wp-content\/uploads\/2016\/06\/fotonoticia_20160614172753_800.jpg\" \/>\n\t\t<script type=\"application\/ld+json\" class=\"aioseo-schema\">\n\t\t\t{\"@context\":\"https:\\\/\\\/schema.org\",\"@graph\":[{\"@type\":\"Article\",\"@id\":\"https:\\\/\\\/eldigitaldeasturias.com\\\/magazine365\\\/jose-manuel-vargas-presidente-y-consejero-delegado-de-aena-directivo-del-ano-2015\\\/#article\",\"name\":\"Jos\\u00e9 Manuel Vargas, presidente y consejero delegado de Aena, Directivo del A\\u00f1o 2015 | El Digital de Asturias\",\"headline\":\"Jos\\u00e9 Manuel Vargas, presidente y consejero delegado de Aena, Directivo del A\\u00f1o 2015\",\"author\":{\"@id\":\"https:\\\/\\\/eldigitaldeasturias.com\\\/magazine365\\\/author\\\/admin\\\/#author\"},\"publisher\":{\"@id\":\"https:\\\/\\\/eldigitaldeasturias.com\\\/magazine365\\\/#organization\"},\"image\":{\"@type\":\"ImageObject\",\"url\":\"https:\\\/\\\/eldigitaldeasturias.com\\\/magazine365\\\/wp-content\\\/uploads\\\/2016\\\/06\\\/fotonoticia_20160614172753_800.jpg\",\"width\":800,\"height\":1062},\"datePublished\":\"2016-06-14T21:02:24+02:00\",\"dateModified\":\"2016-06-14T21:02:24+02:00\",\"inLanguage\":\"es-ES\",\"mainEntityOfPage\":{\"@id\":\"https:\\\/\\\/eldigitaldeasturias.com\\\/magazine365\\\/jose-manuel-vargas-presidente-y-consejero-delegado-de-aena-directivo-del-ano-2015\\\/#webpage\"},\"isPartOf\":{\"@id\":\"https:\\\/\\\/eldigitaldeasturias.com\\\/magazine365\\\/jose-manuel-vargas-presidente-y-consejero-delegado-de-aena-directivo-del-ano-2015\\\/#webpage\"},\"articleSection\":\"Noticias y Actualidad\"},{\"@type\":\"BreadcrumbList\",\"@id\":\"https:\\\/\\\/eldigitaldeasturias.com\\\/magazine365\\\/jose-manuel-vargas-presidente-y-consejero-delegado-de-aena-directivo-del-ano-2015\\\/#breadcrumblist\",\"itemListElement\":[{\"@type\":\"ListItem\",\"@id\":\"https:\\\/\\\/eldigitaldeasturias.com\\\/magazine365#listItem\",\"position\":1,\"name\":\"Home\",\"item\":\"https:\\\/\\\/eldigitaldeasturias.com\\\/magazine365\",\"nextItem\":{\"@type\":\"ListItem\",\"@id\":\"https:\\\/\\\/eldigitaldeasturias.com\\\/magazine365\\\/category\\\/noticias-actualidad\\\/#listItem\",\"name\":\"Noticias y Actualidad\"}},{\"@type\":\"ListItem\",\"@id\":\"https:\\\/\\\/eldigitaldeasturias.com\\\/magazine365\\\/category\\\/noticias-actualidad\\\/#listItem\",\"position\":2,\"name\":\"Noticias y Actualidad\",\"item\":\"https:\\\/\\\/eldigitaldeasturias.com\\\/magazine365\\\/category\\\/noticias-actualidad\\\/\",\"nextItem\":{\"@type\":\"ListItem\",\"@id\":\"https:\\\/\\\/eldigitaldeasturias.com\\\/magazine365\\\/jose-manuel-vargas-presidente-y-consejero-delegado-de-aena-directivo-del-ano-2015\\\/#listItem\",\"name\":\"Jos\\u00e9 Manuel Vargas, presidente y consejero delegado de Aena, Directivo del A\\u00f1o 2015\"},\"previousItem\":{\"@type\":\"ListItem\",\"@id\":\"https:\\\/\\\/eldigitaldeasturias.com\\\/magazine365#listItem\",\"name\":\"Home\"}},{\"@type\":\"ListItem\",\"@id\":\"https:\\\/\\\/eldigitaldeasturias.com\\\/magazine365\\\/jose-manuel-vargas-presidente-y-consejero-delegado-de-aena-directivo-del-ano-2015\\\/#listItem\",\"position\":3,\"name\":\"Jos\\u00e9 Manuel Vargas, presidente y consejero delegado de Aena, Directivo del A\\u00f1o 2015\",\"previousItem\":{\"@type\":\"ListItem\",\"@id\":\"https:\\\/\\\/eldigitaldeasturias.com\\\/magazine365\\\/category\\\/noticias-actualidad\\\/#listItem\",\"name\":\"Noticias y Actualidad\"}}]},{\"@type\":\"Organization\",\"@id\":\"https:\\\/\\\/eldigitaldeasturias.com\\\/magazine365\\\/#organization\",\"name\":\"El digital de Asturias\",\"description\":\"Revista de ocio, turismo y estilo de vida\",\"url\":\"https:\\\/\\\/eldigitaldeasturias.com\\\/magazine365\\\/\",\"logo\":{\"@type\":\"ImageObject\",\"url\":\"https:\\\/\\\/www.eldigitaldeasturias.com\\\/noticias\\\/wp-content\\\/uploads\\\/2020\\\/12\\\/EDA.jpg\",\"@id\":\"https:\\\/\\\/eldigitaldeasturias.com\\\/magazine365\\\/jose-manuel-vargas-presidente-y-consejero-delegado-de-aena-directivo-del-ano-2015\\\/#organizationLogo\"},\"image\":{\"@id\":\"https:\\\/\\\/eldigitaldeasturias.com\\\/magazine365\\\/jose-manuel-vargas-presidente-y-consejero-delegado-de-aena-directivo-del-ano-2015\\\/#organizationLogo\"}},{\"@type\":\"Person\",\"@id\":\"https:\\\/\\\/eldigitaldeasturias.com\\\/magazine365\\\/author\\\/admin\\\/#author\",\"url\":\"https:\\\/\\\/eldigitaldeasturias.com\\\/magazine365\\\/author\\\/admin\\\/\",\"name\":\"admin\",\"image\":{\"@type\":\"ImageObject\",\"@id\":\"https:\\\/\\\/eldigitaldeasturias.com\\\/magazine365\\\/jose-manuel-vargas-presidente-y-consejero-delegado-de-aena-directivo-del-ano-2015\\\/#authorImage\",\"url\":\"https:\\\/\\\/eldigitaldeasturias.com\\\/magazine365\\\/wp-content\\\/litespeed\\\/avatar\\\/e571bcf59a0edd6fa6838245a470f2fe.jpg?ver=1776969259\",\"width\":96,\"height\":96,\"caption\":\"admin\"}},{\"@type\":\"WebPage\",\"@id\":\"https:\\\/\\\/eldigitaldeasturias.com\\\/magazine365\\\/jose-manuel-vargas-presidente-y-consejero-delegado-de-aena-directivo-del-ano-2015\\\/#webpage\",\"url\":\"https:\\\/\\\/eldigitaldeasturias.com\\\/magazine365\\\/jose-manuel-vargas-presidente-y-consejero-delegado-de-aena-directivo-del-ano-2015\\\/\",\"name\":\"Jos\\u00e9 Manuel Vargas, presidente y consejero delegado de Aena, Directivo del A\\u00f1o 2015 | El Digital de Asturias\",\"description\":\"El presidente y consejero delegado de Aena, Jos\\u00e9 Manuel, ha sido elegido hoy Directivo del a\\u00f1o 2015 por el jurado de la 24\\u00aa edici\\u00f3n del Premio AED, certamen que organiza anualmente la Asociaci\\u00f3n Espa\\u00f1ola de Directivos (AED) y cuyo galard\\u00f3n se entregar\\u00e1 el pr\\u00f3ximo 14 de julio en Madrid. El jurado, formado por una veintena\",\"inLanguage\":\"es-ES\",\"isPartOf\":{\"@id\":\"https:\\\/\\\/eldigitaldeasturias.com\\\/magazine365\\\/#website\"},\"breadcrumb\":{\"@id\":\"https:\\\/\\\/eldigitaldeasturias.com\\\/magazine365\\\/jose-manuel-vargas-presidente-y-consejero-delegado-de-aena-directivo-del-ano-2015\\\/#breadcrumblist\"},\"author\":{\"@id\":\"https:\\\/\\\/eldigitaldeasturias.com\\\/magazine365\\\/author\\\/admin\\\/#author\"},\"creator\":{\"@id\":\"https:\\\/\\\/eldigitaldeasturias.com\\\/magazine365\\\/author\\\/admin\\\/#author\"},\"image\":{\"@type\":\"ImageObject\",\"url\":\"https:\\\/\\\/eldigitaldeasturias.com\\\/magazine365\\\/wp-content\\\/uploads\\\/2016\\\/06\\\/fotonoticia_20160614172753_800.jpg\",\"@id\":\"https:\\\/\\\/eldigitaldeasturias.com\\\/magazine365\\\/jose-manuel-vargas-presidente-y-consejero-delegado-de-aena-directivo-del-ano-2015\\\/#mainImage\",\"width\":800,\"height\":1062},\"primaryImageOfPage\":{\"@id\":\"https:\\\/\\\/eldigitaldeasturias.com\\\/magazine365\\\/jose-manuel-vargas-presidente-y-consejero-delegado-de-aena-directivo-del-ano-2015\\\/#mainImage\"},\"datePublished\":\"2016-06-14T21:02:24+02:00\",\"dateModified\":\"2016-06-14T21:02:24+02:00\"},{\"@type\":\"WebSite\",\"@id\":\"https:\\\/\\\/eldigitaldeasturias.com\\\/magazine365\\\/#website\",\"url\":\"https:\\\/\\\/eldigitaldeasturias.com\\\/magazine365\\\/\",\"name\":\"El Digital de Asturias\",\"description\":\"Revista de ocio, turismo y estilo de vida\",\"inLanguage\":\"es-ES\",\"publisher\":{\"@id\":\"https:\\\/\\\/eldigitaldeasturias.com\\\/magazine365\\\/#organization\"}}]}\n\t\t<\/script>\n\t\t<!-- All in One SEO Pro -->\r\n\t\t<title>Jos\u00e9 Manuel Vargas, presidente y consejero delegado de Aena, Directivo del A\u00f1o 2015 | El Digital de Asturias<\/title>\n\n","aioseo_head_json":{"title":"Jos\u00e9 Manuel Vargas, presidente y consejero delegado de Aena, Directivo del A\u00f1o 2015 | El Digital de Asturias","description":"El presidente y consejero delegado de Aena, Jos\u00e9 Manuel, ha sido elegido hoy Directivo del a\u00f1o 2015 por el jurado de la 24\u00aa edici\u00f3n del Premio AED, certamen que organiza anualmente la Asociaci\u00f3n Espa\u00f1ola de Directivos (AED) y cuyo galard\u00f3n se entregar\u00e1 el pr\u00f3ximo 14 de julio en Madrid. El jurado, formado por una veintena","canonical_url":"https:\/\/eldigitaldeasturias.com\/magazine365\/jose-manuel-vargas-presidente-y-consejero-delegado-de-aena-directivo-del-ano-2015\/","robots":"max-image-preview:large","keywords":"noticias y actualidad","webmasterTools":{"google-site-verification":"UA-38556648-1","miscellaneous":""},"schema":{"@context":"https:\/\/schema.org","@graph":[{"@type":"Article","@id":"https:\/\/eldigitaldeasturias.com\/magazine365\/jose-manuel-vargas-presidente-y-consejero-delegado-de-aena-directivo-del-ano-2015\/#article","name":"Jos\u00e9 Manuel Vargas, presidente y consejero delegado de Aena, Directivo del A\u00f1o 2015 | El Digital de Asturias","headline":"Jos\u00e9 Manuel Vargas, presidente y consejero delegado de Aena, Directivo del A\u00f1o 2015","author":{"@id":"https:\/\/eldigitaldeasturias.com\/magazine365\/author\/admin\/#author"},"publisher":{"@id":"https:\/\/eldigitaldeasturias.com\/magazine365\/#organization"},"image":{"@type":"ImageObject","url":"https:\/\/eldigitaldeasturias.com\/magazine365\/wp-content\/uploads\/2016\/06\/fotonoticia_20160614172753_800.jpg","width":800,"height":1062},"datePublished":"2016-06-14T21:02:24+02:00","dateModified":"2016-06-14T21:02:24+02:00","inLanguage":"es-ES","mainEntityOfPage":{"@id":"https:\/\/eldigitaldeasturias.com\/magazine365\/jose-manuel-vargas-presidente-y-consejero-delegado-de-aena-directivo-del-ano-2015\/#webpage"},"isPartOf":{"@id":"https:\/\/eldigitaldeasturias.com\/magazine365\/jose-manuel-vargas-presidente-y-consejero-delegado-de-aena-directivo-del-ano-2015\/#webpage"},"articleSection":"Noticias y Actualidad"},{"@type":"BreadcrumbList","@id":"https:\/\/eldigitaldeasturias.com\/magazine365\/jose-manuel-vargas-presidente-y-consejero-delegado-de-aena-directivo-del-ano-2015\/#breadcrumblist","itemListElement":[{"@type":"ListItem","@id":"https:\/\/eldigitaldeasturias.com\/magazine365#listItem","position":1,"name":"Home","item":"https:\/\/eldigitaldeasturias.com\/magazine365","nextItem":{"@type":"ListItem","@id":"https:\/\/eldigitaldeasturias.com\/magazine365\/category\/noticias-actualidad\/#listItem","name":"Noticias y Actualidad"}},{"@type":"ListItem","@id":"https:\/\/eldigitaldeasturias.com\/magazine365\/category\/noticias-actualidad\/#listItem","position":2,"name":"Noticias y Actualidad","item":"https:\/\/eldigitaldeasturias.com\/magazine365\/category\/noticias-actualidad\/","nextItem":{"@type":"ListItem","@id":"https:\/\/eldigitaldeasturias.com\/magazine365\/jose-manuel-vargas-presidente-y-consejero-delegado-de-aena-directivo-del-ano-2015\/#listItem","name":"Jos\u00e9 Manuel Vargas, presidente y consejero delegado de Aena, Directivo del A\u00f1o 2015"},"previousItem":{"@type":"ListItem","@id":"https:\/\/eldigitaldeasturias.com\/magazine365#listItem","name":"Home"}},{"@type":"ListItem","@id":"https:\/\/eldigitaldeasturias.com\/magazine365\/jose-manuel-vargas-presidente-y-consejero-delegado-de-aena-directivo-del-ano-2015\/#listItem","position":3,"name":"Jos\u00e9 Manuel Vargas, presidente y consejero delegado de Aena, Directivo del A\u00f1o 2015","previousItem":{"@type":"ListItem","@id":"https:\/\/eldigitaldeasturias.com\/magazine365\/category\/noticias-actualidad\/#listItem","name":"Noticias y Actualidad"}}]},{"@type":"Organization","@id":"https:\/\/eldigitaldeasturias.com\/magazine365\/#organization","name":"El digital de Asturias","description":"Revista de ocio, turismo y estilo de vida","url":"https:\/\/eldigitaldeasturias.com\/magazine365\/","logo":{"@type":"ImageObject","url":"https:\/\/www.eldigitaldeasturias.com\/noticias\/wp-content\/uploads\/2020\/12\/EDA.jpg","@id":"https:\/\/eldigitaldeasturias.com\/magazine365\/jose-manuel-vargas-presidente-y-consejero-delegado-de-aena-directivo-del-ano-2015\/#organizationLogo"},"image":{"@id":"https:\/\/eldigitaldeasturias.com\/magazine365\/jose-manuel-vargas-presidente-y-consejero-delegado-de-aena-directivo-del-ano-2015\/#organizationLogo"}},{"@type":"Person","@id":"https:\/\/eldigitaldeasturias.com\/magazine365\/author\/admin\/#author","url":"https:\/\/eldigitaldeasturias.com\/magazine365\/author\/admin\/","name":"admin","image":{"@type":"ImageObject","@id":"https:\/\/eldigitaldeasturias.com\/magazine365\/jose-manuel-vargas-presidente-y-consejero-delegado-de-aena-directivo-del-ano-2015\/#authorImage","url":"https:\/\/eldigitaldeasturias.com\/magazine365\/wp-content\/litespeed\/avatar\/e571bcf59a0edd6fa6838245a470f2fe.jpg?ver=1776969259","width":96,"height":96,"caption":"admin"}},{"@type":"WebPage","@id":"https:\/\/eldigitaldeasturias.com\/magazine365\/jose-manuel-vargas-presidente-y-consejero-delegado-de-aena-directivo-del-ano-2015\/#webpage","url":"https:\/\/eldigitaldeasturias.com\/magazine365\/jose-manuel-vargas-presidente-y-consejero-delegado-de-aena-directivo-del-ano-2015\/","name":"Jos\u00e9 Manuel Vargas, presidente y consejero delegado de Aena, Directivo del A\u00f1o 2015 | El Digital de Asturias","description":"El presidente y consejero delegado de Aena, Jos\u00e9 Manuel, ha sido elegido hoy Directivo del a\u00f1o 2015 por el jurado de la 24\u00aa edici\u00f3n del Premio AED, certamen que organiza anualmente la Asociaci\u00f3n Espa\u00f1ola de Directivos (AED) y cuyo galard\u00f3n se entregar\u00e1 el pr\u00f3ximo 14 de julio en Madrid. El jurado, formado por una veintena","inLanguage":"es-ES","isPartOf":{"@id":"https:\/\/eldigitaldeasturias.com\/magazine365\/#website"},"breadcrumb":{"@id":"https:\/\/eldigitaldeasturias.com\/magazine365\/jose-manuel-vargas-presidente-y-consejero-delegado-de-aena-directivo-del-ano-2015\/#breadcrumblist"},"author":{"@id":"https:\/\/eldigitaldeasturias.com\/magazine365\/author\/admin\/#author"},"creator":{"@id":"https:\/\/eldigitaldeasturias.com\/magazine365\/author\/admin\/#author"},"image":{"@type":"ImageObject","url":"https:\/\/eldigitaldeasturias.com\/magazine365\/wp-content\/uploads\/2016\/06\/fotonoticia_20160614172753_800.jpg","@id":"https:\/\/eldigitaldeasturias.com\/magazine365\/jose-manuel-vargas-presidente-y-consejero-delegado-de-aena-directivo-del-ano-2015\/#mainImage","width":800,"height":1062},"primaryImageOfPage":{"@id":"https:\/\/eldigitaldeasturias.com\/magazine365\/jose-manuel-vargas-presidente-y-consejero-delegado-de-aena-directivo-del-ano-2015\/#mainImage"},"datePublished":"2016-06-14T21:02:24+02:00","dateModified":"2016-06-14T21:02:24+02:00"},{"@type":"WebSite","@id":"https:\/\/eldigitaldeasturias.com\/magazine365\/#website","url":"https:\/\/eldigitaldeasturias.com\/magazine365\/","name":"El Digital de Asturias","description":"Revista de ocio, turismo y estilo de vida","inLanguage":"es-ES","publisher":{"@id":"https:\/\/eldigitaldeasturias.com\/magazine365\/#organization"}}]},"og:locale":"es_ES","og:site_name":"El Digital de Asturias \u2013 Revista de ocio, turismo y estilo de vida","og:type":"article","og:title":"Jos\u00e9 Manuel Vargas, presidente y consejero delegado de Aena, Directivo del A\u00f1o 2015 | El Digital de Asturias","og:description":"El presidente y consejero delegado de Aena, Jos\u00e9 Manuel, ha sido elegido hoy Directivo del a\u00f1o 2015 por el jurado de la 24\u00aa edici\u00f3n del Premio AED, certamen que organiza anualmente la Asociaci\u00f3n Espa\u00f1ola de Directivos (AED) y cuyo galard\u00f3n se entregar\u00e1 el pr\u00f3ximo 14 de julio en Madrid. El jurado, formado por una veintena","og:url":"https:\/\/eldigitaldeasturias.com\/magazine365\/jose-manuel-vargas-presidente-y-consejero-delegado-de-aena-directivo-del-ano-2015\/","og:image":"https:\/\/eldigitaldeasturias.com\/magazine365\/wp-content\/uploads\/2016\/06\/fotonoticia_20160614172753_800.jpg","og:image:secure_url":"https:\/\/eldigitaldeasturias.com\/magazine365\/wp-content\/uploads\/2016\/06\/fotonoticia_20160614172753_800.jpg","og:image:width":800,"og:image:height":1062,"article:published_time":"2016-06-14T19:02:24+00:00","article:modified_time":"2016-06-14T19:02:24+00:00","twitter:card":"summary_large_image","twitter:title":"Jos\u00e9 Manuel Vargas, presidente y consejero delegado de Aena, Directivo del A\u00f1o 2015 | El Digital de Asturias","twitter:description":"El presidente y consejero delegado de Aena, Jos\u00e9 Manuel, ha sido elegido hoy Directivo del a\u00f1o 2015 por el jurado de la 24\u00aa edici\u00f3n del Premio AED, certamen que organiza anualmente la Asociaci\u00f3n Espa\u00f1ola de Directivos (AED) y cuyo galard\u00f3n se entregar\u00e1 el pr\u00f3ximo 14 de julio en Madrid. El jurado, formado por una veintena","twitter:image":"https:\/\/eldigitaldeasturias.com\/magazine365\/wp-content\/uploads\/2016\/06\/fotonoticia_20160614172753_800.jpg"},"aioseo_meta_data":{"post_id":"79284","title":null,"description":null,"keywords":null,"keyphrases":null,"primary_term":null,"canonical_url":null,"og_title":null,"og_description":null,"og_object_type":"default","og_image_type":"default","og_image_url":null,"og_image_width":null,"og_image_height":null,"og_image_custom_url":null,"og_image_custom_fields":null,"og_video":null,"og_custom_url":null,"og_article_section":null,"og_article_tags":null,"twitter_use_og":false,"twitter_card":"default","twitter_image_type":"default","twitter_image_url":null,"twitter_image_custom_url":null,"twitter_image_custom_fields":null,"twitter_title":null,"twitter_description":null,"schema":{"blockGraphs":[],"customGraphs":[],"default":{"data":{"Article":[],"Course":[],"Dataset":[],"FAQPage":[],"Movie":[],"Person":[],"Product":[],"ProductReview":[],"Car":[],"Recipe":[],"Service":[],"SoftwareApplication":[],"WebPage":[]},"graphName":"","isEnabled":true},"graphs":[],"defaultGraph":"","defaultPostTypeGraph":""},"schema_type":null,"schema_type_options":null,"pillar_content":false,"robots_default":true,"robots_noindex":false,"robots_noarchive":false,"robots_nosnippet":false,"robots_nofollow":false,"robots_noimageindex":false,"robots_noodp":false,"robots_notranslate":false,"robots_max_snippet":null,"robots_max_videopreview":null,"robots_max_imagepreview":"large","priority":null,"frequency":null,"location":null,"local_seo":null,"seo_analyzer_scan_date":"2025-09-27 18:34:42","breadcrumb_settings":null,"limit_modified_date":false,"open_ai":null,"ai":null,"created":"2021-03-08 17:50:21","updated":"2025-09-27 18:34:42"},"aioseo_breadcrumb":"<div class=\"aioseo-breadcrumbs\"><span class=\"aioseo-breadcrumb\">\n\t<a href=\"https:\/\/eldigitaldeasturias.com\/magazine365\" title=\"Home\">Home<\/a>\n<\/span><span class=\"aioseo-breadcrumb-separator\">\u2013<\/span><span class=\"aioseo-breadcrumb\">\n\t<a href=\"https:\/\/eldigitaldeasturias.com\/magazine365\/category\/noticias-actualidad\/\" title=\"Noticias y Actualidad\">Noticias y Actualidad<\/a>\n<\/span><span class=\"aioseo-breadcrumb-separator\">\u2013<\/span><span class=\"aioseo-breadcrumb\">\n\t<a href=\"https:\/\/eldigitaldeasturias.com\/magazine365\/jose-manuel-vargas-presidente-y-consejero-delegado-de-aena-directivo-del-ano-2015\/\" title=\"Jos\u00e9 Manuel Vargas, presidente y consejero delegado de Aena, Directivo del A\u00f1o 2015\">Jos\u00e9 Manuel Vargas, presidente y consejero delegado de Aena, Directivo del A\u00f1o 2015<\/a>\n<\/span><\/div>","aioseo_breadcrumb_json":[{"label":"Home","link":"https:\/\/eldigitaldeasturias.com\/magazine365"},{"label":"Noticias y Actualidad","link":"https:\/\/eldigitaldeasturias.com\/magazine365\/category\/noticias-actualidad\/"},{"label":"Jos\u00e9 Manuel Vargas, presidente y consejero delegado de Aena, Directivo del A\u00f1o 2015","link":"https:\/\/eldigitaldeasturias.com\/magazine365\/jose-manuel-vargas-presidente-y-consejero-delegado-de-aena-directivo-del-ano-2015\/"}],"_links":{"self":[{"href":"https:\/\/eldigitaldeasturias.com\/magazine365\/wp-json\/wp\/v2\/posts\/79284","targetHints":{"allow":["GET"]}}],"collection":[{"href":"https:\/\/eldigitaldeasturias.com\/magazine365\/wp-json\/wp\/v2\/posts"}],"about":[{"href":"https:\/\/eldigitaldeasturias.com\/magazine365\/wp-json\/wp\/v2\/types\/post"}],"author":[{"embeddable":true,"href":"https:\/\/eldigitaldeasturias.com\/magazine365\/wp-json\/wp\/v2\/users\/1"}],"replies":[{"embeddable":true,"href":"https:\/\/eldigitaldeasturias.com\/magazine365\/wp-json\/wp\/v2\/comments?post=79284"}],"version-history":[{"count":0,"href":"https:\/\/eldigitaldeasturias.com\/magazine365\/wp-json\/wp\/v2\/posts\/79284\/revisions"}],"wp:featuredmedia":[{"embeddable":true,"href":"https:\/\/eldigitaldeasturias.com\/magazine365\/wp-json\/wp\/v2\/media\/79285"}],"wp:attachment":[{"href":"https:\/\/eldigitaldeasturias.com\/magazine365\/wp-json\/wp\/v2\/media?parent=79284"}],"wp:term":[{"taxonomy":"category","embeddable":true,"href":"https:\/\/eldigitaldeasturias.com\/magazine365\/wp-json\/wp\/v2\/categories?post=79284"},{"taxonomy":"post_tag","embeddable":true,"href":"https:\/\/eldigitaldeasturias.com\/magazine365\/wp-json\/wp\/v2\/tags?post=79284"}],"curies":[{"name":"wp","href":"https:\/\/api.w.org\/{rel}","templated":true}]}}