{"id":79279,"date":"2016-06-14T21:01:25","date_gmt":"2016-06-14T19:01:25","guid":{"rendered":"http:\/\/eldigitaldeasturias.com\/magazine365\/?p=79279"},"modified":"2016-06-14T21:01:25","modified_gmt":"2016-06-14T19:01:25","slug":"cantabria-y-finlandia-buscan-potenciar-sus-relaciones-comerciales-y-turisticas","status":"publish","type":"post","link":"https:\/\/eldigitaldeasturias.com\/magazine365\/cantabria-y-finlandia-buscan-potenciar-sus-relaciones-comerciales-y-turisticas\/","title":{"rendered":"Cantabria y Finlandia buscan potenciar sus relaciones comerciales y tur\u00edsticas"},"content":{"rendered":"<p><img fetchpriority=\"high\" decoding=\"async\" class=\"alignleft size-medium wp-image-79281\" src=\"https:\/\/eldigitaldeasturias.com\/magazine365\/wp-content\/uploads\/2016\/06\/fotonoticia_20160614170547_800-360x240.jpg\" alt=\"fotonoticia_20160614170547_800\" width=\"360\" height=\"240\" srcset=\"https:\/\/eldigitaldeasturias.com\/magazine365\/wp-content\/uploads\/2016\/06\/fotonoticia_20160614170547_800-360x240.jpg 360w, https:\/\/eldigitaldeasturias.com\/magazine365\/wp-content\/uploads\/2016\/06\/fotonoticia_20160614170547_800-768x512.jpg 768w, https:\/\/eldigitaldeasturias.com\/magazine365\/wp-content\/uploads\/2016\/06\/fotonoticia_20160614170547_800-650x433.jpg 650w, https:\/\/eldigitaldeasturias.com\/magazine365\/wp-content\/uploads\/2016\/06\/fotonoticia_20160614170547_800-101x66.jpg 101w, https:\/\/eldigitaldeasturias.com\/magazine365\/wp-content\/uploads\/2016\/06\/fotonoticia_20160614170547_800.jpg 800w\" sizes=\"(max-width: 360px) 100vw, 360px\" \/>El presidente de Cantabria, Miguel \u00c1ngel Revilla, se ha entrevistado con el embajador de Finlandia en Espa\u00f1a, Roberto Tanzi-Albi, una reuni\u00f3n en la que se han abordado principalmente futuras v\u00edas para fomentar las relaciones en el campo comercial y tur\u00edstico.<\/p>\n<p>El embajador de Finlandia, que ha acudido en su primera visita a Cantabria acompa\u00f1ado por el c\u00f3nsul honorario para la Comunidad, Carlos Pereda, ha resaltado los lazos y \u00absimilitudes\u00bb entre ambos territorios.<\/p>\n<p>Seg\u00fan ha explicado, las relaciones econ\u00f3micas se centran actualmente en el puerto de Santander, donde existe una l\u00ednea mar\u00edtima con operaciones de importaci\u00f3n de diverso material que se distribuye en toda Espa\u00f1a.<\/p>\n<p>Ambos han mostrado su inter\u00e9s por intensificar las relaciones entre empresas tecnol\u00f3gicas de Cantabria, un \u00e1mbito en el que apuesta la Comunidad para su desarrollo, y Finlandia, que cuenta con industrias de inform\u00e1tica y telecomunicaciones de gran potencial a nivel mundial.<\/p>\n<p>Por otro lado, el presidente ha explicado al embajador la situaci\u00f3n de Cantabria y sus principales planes para el desarrollo econ\u00f3mico, entre los que se encuentra el aumento del turismo extranjero que llega a la Comunidad.<\/p>\n<p>En este \u00e1mbito, han tratado las iniciativas relacionadas con la celebraci\u00f3n del A\u00f1o Jubilar Lebaniego, seg\u00fan ha informado el Gobierno de Cantabria en un comunicado.<\/p>\n","protected":false},"excerpt":{"rendered":"<p>El presidente de Cantabria, Miguel \u00c1ngel Revilla, se ha entrevistado con el embajador de Finlandia en Espa\u00f1a, Roberto Tanzi-Albi, una reuni\u00f3n en la que se han abordado principalmente futuras v\u00edas para fomentar las relaciones en el campo comercial y tur\u00edstico. El embajador de Finlandia, que ha acudido en su primera visita a Cantabria acompa\u00f1ado por<\/p>\n","protected":false},"author":1,"featured_media":79282,"comment_status":"open","ping_status":"closed","sticky":false,"template":"","format":"standard","meta":{"footnotes":""},"categories":[224],"tags":[],"class_list":{"0":"post-79279","1":"post","2":"type-post","3":"status-publish","4":"format-standard","5":"has-post-thumbnail","7":"category-noticias-actualidad"},"aioseo_notices":[],"aioseo_head":"\n\t\t<!-- All in One SEO Pro 4.9.6.1 - aioseo.com -->\n\t<meta name=\"description\" content=\"El presidente de Cantabria, Miguel \u00c1ngel Revilla, se ha entrevistado con el embajador de Finlandia en Espa\u00f1a, Roberto Tanzi-Albi, una reuni\u00f3n en la que se han abordado principalmente futuras v\u00edas para fomentar las relaciones en el campo comercial y tur\u00edstico. El embajador de Finlandia, que ha acudido en su primera visita a Cantabria acompa\u00f1ado por\" \/>\n\t<meta name=\"robots\" content=\"max-image-preview:large\" \/>\n\t<meta name=\"author\" content=\"admin\"\/>\n\t<meta name=\"google-site-verification\" content=\"UA-38556648-1\" \/>\n\t<meta name=\"keywords\" content=\"noticias y actualidad\" \/>\n\t<link rel=\"canonical\" href=\"https:\/\/eldigitaldeasturias.com\/magazine365\/cantabria-y-finlandia-buscan-potenciar-sus-relaciones-comerciales-y-turisticas\/\" \/>\n\t<meta name=\"generator\" content=\"All in One SEO Pro (AIOSEO) 4.9.6.1\" \/>\n\t\t<meta property=\"og:locale\" content=\"es_ES\" \/>\n\t\t<meta property=\"og:site_name\" content=\"El Digital de Asturias \u2013 Revista de ocio, turismo y estilo de vida\" \/>\n\t\t<meta property=\"og:type\" content=\"article\" \/>\n\t\t<meta property=\"og:title\" content=\"Cantabria y Finlandia buscan potenciar sus relaciones comerciales y tur\u00edsticas | El Digital de Asturias\" \/>\n\t\t<meta property=\"og:description\" content=\"El presidente de Cantabria, Miguel \u00c1ngel Revilla, se ha entrevistado con el embajador de Finlandia en Espa\u00f1a, Roberto Tanzi-Albi, una reuni\u00f3n en la que se han abordado principalmente futuras v\u00edas para fomentar las relaciones en el campo comercial y tur\u00edstico. El embajador de Finlandia, que ha acudido en su primera visita a Cantabria acompa\u00f1ado por\" \/>\n\t\t<meta property=\"og:url\" content=\"https:\/\/eldigitaldeasturias.com\/magazine365\/cantabria-y-finlandia-buscan-potenciar-sus-relaciones-comerciales-y-turisticas\/\" \/>\n\t\t<meta property=\"og:image\" content=\"https:\/\/eldigitaldeasturias.com\/magazine365\/wp-content\/uploads\/2016\/06\/fotonoticia_20160614170547_800-1.jpg\" \/>\n\t\t<meta property=\"og:image:secure_url\" content=\"https:\/\/eldigitaldeasturias.com\/magazine365\/wp-content\/uploads\/2016\/06\/fotonoticia_20160614170547_800-1.jpg\" \/>\n\t\t<meta property=\"og:image:width\" content=\"800\" \/>\n\t\t<meta property=\"og:image:height\" content=\"533\" \/>\n\t\t<meta property=\"article:published_time\" content=\"2016-06-14T19:01:25+00:00\" \/>\n\t\t<meta property=\"article:modified_time\" content=\"2016-06-14T19:01:25+00:00\" \/>\n\t\t<meta name=\"twitter:card\" content=\"summary_large_image\" \/>\n\t\t<meta name=\"twitter:title\" content=\"Cantabria y Finlandia buscan potenciar sus relaciones comerciales y tur\u00edsticas | El Digital de Asturias\" \/>\n\t\t<meta name=\"twitter:description\" content=\"El presidente de Cantabria, Miguel \u00c1ngel Revilla, se ha entrevistado con el embajador de Finlandia en Espa\u00f1a, Roberto Tanzi-Albi, una reuni\u00f3n en la que se han abordado principalmente futuras v\u00edas para fomentar las relaciones en el campo comercial y tur\u00edstico. El embajador de Finlandia, que ha acudido en su primera visita a Cantabria acompa\u00f1ado por\" \/>\n\t\t<meta name=\"twitter:image\" content=\"https:\/\/eldigitaldeasturias.com\/magazine365\/wp-content\/uploads\/2016\/06\/fotonoticia_20160614170547_800-1.jpg\" \/>\n\t\t<script type=\"application\/ld+json\" class=\"aioseo-schema\">\n\t\t\t{\"@context\":\"https:\\\/\\\/schema.org\",\"@graph\":[{\"@type\":\"Article\",\"@id\":\"https:\\\/\\\/eldigitaldeasturias.com\\\/magazine365\\\/cantabria-y-finlandia-buscan-potenciar-sus-relaciones-comerciales-y-turisticas\\\/#article\",\"name\":\"Cantabria y Finlandia buscan potenciar sus relaciones comerciales y tur\\u00edsticas | El Digital de Asturias\",\"headline\":\"Cantabria y Finlandia buscan potenciar sus relaciones comerciales y tur\\u00edsticas\",\"author\":{\"@id\":\"https:\\\/\\\/eldigitaldeasturias.com\\\/magazine365\\\/author\\\/admin\\\/#author\"},\"publisher\":{\"@id\":\"https:\\\/\\\/eldigitaldeasturias.com\\\/magazine365\\\/#organization\"},\"image\":{\"@type\":\"ImageObject\",\"url\":\"https:\\\/\\\/eldigitaldeasturias.com\\\/magazine365\\\/wp-content\\\/uploads\\\/2016\\\/06\\\/fotonoticia_20160614170547_800-1.jpg\",\"width\":800,\"height\":533},\"datePublished\":\"2016-06-14T21:01:25+02:00\",\"dateModified\":\"2016-06-14T21:01:25+02:00\",\"inLanguage\":\"es-ES\",\"mainEntityOfPage\":{\"@id\":\"https:\\\/\\\/eldigitaldeasturias.com\\\/magazine365\\\/cantabria-y-finlandia-buscan-potenciar-sus-relaciones-comerciales-y-turisticas\\\/#webpage\"},\"isPartOf\":{\"@id\":\"https:\\\/\\\/eldigitaldeasturias.com\\\/magazine365\\\/cantabria-y-finlandia-buscan-potenciar-sus-relaciones-comerciales-y-turisticas\\\/#webpage\"},\"articleSection\":\"Noticias y Actualidad\"},{\"@type\":\"BreadcrumbList\",\"@id\":\"https:\\\/\\\/eldigitaldeasturias.com\\\/magazine365\\\/cantabria-y-finlandia-buscan-potenciar-sus-relaciones-comerciales-y-turisticas\\\/#breadcrumblist\",\"itemListElement\":[{\"@type\":\"ListItem\",\"@id\":\"https:\\\/\\\/eldigitaldeasturias.com\\\/magazine365#listItem\",\"position\":1,\"name\":\"Home\",\"item\":\"https:\\\/\\\/eldigitaldeasturias.com\\\/magazine365\",\"nextItem\":{\"@type\":\"ListItem\",\"@id\":\"https:\\\/\\\/eldigitaldeasturias.com\\\/magazine365\\\/category\\\/noticias-actualidad\\\/#listItem\",\"name\":\"Noticias y Actualidad\"}},{\"@type\":\"ListItem\",\"@id\":\"https:\\\/\\\/eldigitaldeasturias.com\\\/magazine365\\\/category\\\/noticias-actualidad\\\/#listItem\",\"position\":2,\"name\":\"Noticias y Actualidad\",\"item\":\"https:\\\/\\\/eldigitaldeasturias.com\\\/magazine365\\\/category\\\/noticias-actualidad\\\/\",\"nextItem\":{\"@type\":\"ListItem\",\"@id\":\"https:\\\/\\\/eldigitaldeasturias.com\\\/magazine365\\\/cantabria-y-finlandia-buscan-potenciar-sus-relaciones-comerciales-y-turisticas\\\/#listItem\",\"name\":\"Cantabria y Finlandia buscan potenciar sus relaciones comerciales y tur\\u00edsticas\"},\"previousItem\":{\"@type\":\"ListItem\",\"@id\":\"https:\\\/\\\/eldigitaldeasturias.com\\\/magazine365#listItem\",\"name\":\"Home\"}},{\"@type\":\"ListItem\",\"@id\":\"https:\\\/\\\/eldigitaldeasturias.com\\\/magazine365\\\/cantabria-y-finlandia-buscan-potenciar-sus-relaciones-comerciales-y-turisticas\\\/#listItem\",\"position\":3,\"name\":\"Cantabria y Finlandia buscan potenciar sus relaciones comerciales y tur\\u00edsticas\",\"previousItem\":{\"@type\":\"ListItem\",\"@id\":\"https:\\\/\\\/eldigitaldeasturias.com\\\/magazine365\\\/category\\\/noticias-actualidad\\\/#listItem\",\"name\":\"Noticias y Actualidad\"}}]},{\"@type\":\"Organization\",\"@id\":\"https:\\\/\\\/eldigitaldeasturias.com\\\/magazine365\\\/#organization\",\"name\":\"El digital de Asturias\",\"description\":\"Revista de ocio, turismo y estilo de vida\",\"url\":\"https:\\\/\\\/eldigitaldeasturias.com\\\/magazine365\\\/\",\"logo\":{\"@type\":\"ImageObject\",\"url\":\"https:\\\/\\\/www.eldigitaldeasturias.com\\\/noticias\\\/wp-content\\\/uploads\\\/2020\\\/12\\\/EDA.jpg\",\"@id\":\"https:\\\/\\\/eldigitaldeasturias.com\\\/magazine365\\\/cantabria-y-finlandia-buscan-potenciar-sus-relaciones-comerciales-y-turisticas\\\/#organizationLogo\"},\"image\":{\"@id\":\"https:\\\/\\\/eldigitaldeasturias.com\\\/magazine365\\\/cantabria-y-finlandia-buscan-potenciar-sus-relaciones-comerciales-y-turisticas\\\/#organizationLogo\"}},{\"@type\":\"Person\",\"@id\":\"https:\\\/\\\/eldigitaldeasturias.com\\\/magazine365\\\/author\\\/admin\\\/#author\",\"url\":\"https:\\\/\\\/eldigitaldeasturias.com\\\/magazine365\\\/author\\\/admin\\\/\",\"name\":\"admin\",\"image\":{\"@type\":\"ImageObject\",\"@id\":\"https:\\\/\\\/eldigitaldeasturias.com\\\/magazine365\\\/cantabria-y-finlandia-buscan-potenciar-sus-relaciones-comerciales-y-turisticas\\\/#authorImage\",\"url\":\"https:\\\/\\\/eldigitaldeasturias.com\\\/magazine365\\\/wp-content\\\/litespeed\\\/avatar\\\/e571bcf59a0edd6fa6838245a470f2fe.jpg?ver=1776969259\",\"width\":96,\"height\":96,\"caption\":\"admin\"}},{\"@type\":\"WebPage\",\"@id\":\"https:\\\/\\\/eldigitaldeasturias.com\\\/magazine365\\\/cantabria-y-finlandia-buscan-potenciar-sus-relaciones-comerciales-y-turisticas\\\/#webpage\",\"url\":\"https:\\\/\\\/eldigitaldeasturias.com\\\/magazine365\\\/cantabria-y-finlandia-buscan-potenciar-sus-relaciones-comerciales-y-turisticas\\\/\",\"name\":\"Cantabria y Finlandia buscan potenciar sus relaciones comerciales y tur\\u00edsticas | El Digital de Asturias\",\"description\":\"El presidente de Cantabria, Miguel \\u00c1ngel Revilla, se ha entrevistado con el embajador de Finlandia en Espa\\u00f1a, Roberto Tanzi-Albi, una reuni\\u00f3n en la que se han abordado principalmente futuras v\\u00edas para fomentar las relaciones en el campo comercial y tur\\u00edstico. El embajador de Finlandia, que ha acudido en su primera visita a Cantabria acompa\\u00f1ado por\",\"inLanguage\":\"es-ES\",\"isPartOf\":{\"@id\":\"https:\\\/\\\/eldigitaldeasturias.com\\\/magazine365\\\/#website\"},\"breadcrumb\":{\"@id\":\"https:\\\/\\\/eldigitaldeasturias.com\\\/magazine365\\\/cantabria-y-finlandia-buscan-potenciar-sus-relaciones-comerciales-y-turisticas\\\/#breadcrumblist\"},\"author\":{\"@id\":\"https:\\\/\\\/eldigitaldeasturias.com\\\/magazine365\\\/author\\\/admin\\\/#author\"},\"creator\":{\"@id\":\"https:\\\/\\\/eldigitaldeasturias.com\\\/magazine365\\\/author\\\/admin\\\/#author\"},\"image\":{\"@type\":\"ImageObject\",\"url\":\"https:\\\/\\\/eldigitaldeasturias.com\\\/magazine365\\\/wp-content\\\/uploads\\\/2016\\\/06\\\/fotonoticia_20160614170547_800-1.jpg\",\"@id\":\"https:\\\/\\\/eldigitaldeasturias.com\\\/magazine365\\\/cantabria-y-finlandia-buscan-potenciar-sus-relaciones-comerciales-y-turisticas\\\/#mainImage\",\"width\":800,\"height\":533},\"primaryImageOfPage\":{\"@id\":\"https:\\\/\\\/eldigitaldeasturias.com\\\/magazine365\\\/cantabria-y-finlandia-buscan-potenciar-sus-relaciones-comerciales-y-turisticas\\\/#mainImage\"},\"datePublished\":\"2016-06-14T21:01:25+02:00\",\"dateModified\":\"2016-06-14T21:01:25+02:00\"},{\"@type\":\"WebSite\",\"@id\":\"https:\\\/\\\/eldigitaldeasturias.com\\\/magazine365\\\/#website\",\"url\":\"https:\\\/\\\/eldigitaldeasturias.com\\\/magazine365\\\/\",\"name\":\"El Digital de Asturias\",\"description\":\"Revista de ocio, turismo y estilo de vida\",\"inLanguage\":\"es-ES\",\"publisher\":{\"@id\":\"https:\\\/\\\/eldigitaldeasturias.com\\\/magazine365\\\/#organization\"}}]}\n\t\t<\/script>\n\t\t<!-- All in One SEO Pro -->\r\n\t\t<title>Cantabria y Finlandia buscan potenciar sus relaciones comerciales y tur\u00edsticas | El Digital de Asturias<\/title>\n\n","aioseo_head_json":{"title":"Cantabria y Finlandia buscan potenciar sus relaciones comerciales y tur\u00edsticas | El Digital de Asturias","description":"El presidente de Cantabria, Miguel \u00c1ngel Revilla, se ha entrevistado con el embajador de Finlandia en Espa\u00f1a, Roberto Tanzi-Albi, una reuni\u00f3n en la que se han abordado principalmente futuras v\u00edas para fomentar las relaciones en el campo comercial y tur\u00edstico. El embajador de Finlandia, que ha acudido en su primera visita a Cantabria acompa\u00f1ado por","canonical_url":"https:\/\/eldigitaldeasturias.com\/magazine365\/cantabria-y-finlandia-buscan-potenciar-sus-relaciones-comerciales-y-turisticas\/","robots":"max-image-preview:large","keywords":"noticias y actualidad","webmasterTools":{"google-site-verification":"UA-38556648-1","miscellaneous":""},"schema":{"@context":"https:\/\/schema.org","@graph":[{"@type":"Article","@id":"https:\/\/eldigitaldeasturias.com\/magazine365\/cantabria-y-finlandia-buscan-potenciar-sus-relaciones-comerciales-y-turisticas\/#article","name":"Cantabria y Finlandia buscan potenciar sus relaciones comerciales y tur\u00edsticas | El Digital de Asturias","headline":"Cantabria y Finlandia buscan potenciar sus relaciones comerciales y tur\u00edsticas","author":{"@id":"https:\/\/eldigitaldeasturias.com\/magazine365\/author\/admin\/#author"},"publisher":{"@id":"https:\/\/eldigitaldeasturias.com\/magazine365\/#organization"},"image":{"@type":"ImageObject","url":"https:\/\/eldigitaldeasturias.com\/magazine365\/wp-content\/uploads\/2016\/06\/fotonoticia_20160614170547_800-1.jpg","width":800,"height":533},"datePublished":"2016-06-14T21:01:25+02:00","dateModified":"2016-06-14T21:01:25+02:00","inLanguage":"es-ES","mainEntityOfPage":{"@id":"https:\/\/eldigitaldeasturias.com\/magazine365\/cantabria-y-finlandia-buscan-potenciar-sus-relaciones-comerciales-y-turisticas\/#webpage"},"isPartOf":{"@id":"https:\/\/eldigitaldeasturias.com\/magazine365\/cantabria-y-finlandia-buscan-potenciar-sus-relaciones-comerciales-y-turisticas\/#webpage"},"articleSection":"Noticias y Actualidad"},{"@type":"BreadcrumbList","@id":"https:\/\/eldigitaldeasturias.com\/magazine365\/cantabria-y-finlandia-buscan-potenciar-sus-relaciones-comerciales-y-turisticas\/#breadcrumblist","itemListElement":[{"@type":"ListItem","@id":"https:\/\/eldigitaldeasturias.com\/magazine365#listItem","position":1,"name":"Home","item":"https:\/\/eldigitaldeasturias.com\/magazine365","nextItem":{"@type":"ListItem","@id":"https:\/\/eldigitaldeasturias.com\/magazine365\/category\/noticias-actualidad\/#listItem","name":"Noticias y Actualidad"}},{"@type":"ListItem","@id":"https:\/\/eldigitaldeasturias.com\/magazine365\/category\/noticias-actualidad\/#listItem","position":2,"name":"Noticias y Actualidad","item":"https:\/\/eldigitaldeasturias.com\/magazine365\/category\/noticias-actualidad\/","nextItem":{"@type":"ListItem","@id":"https:\/\/eldigitaldeasturias.com\/magazine365\/cantabria-y-finlandia-buscan-potenciar-sus-relaciones-comerciales-y-turisticas\/#listItem","name":"Cantabria y Finlandia buscan potenciar sus relaciones comerciales y tur\u00edsticas"},"previousItem":{"@type":"ListItem","@id":"https:\/\/eldigitaldeasturias.com\/magazine365#listItem","name":"Home"}},{"@type":"ListItem","@id":"https:\/\/eldigitaldeasturias.com\/magazine365\/cantabria-y-finlandia-buscan-potenciar-sus-relaciones-comerciales-y-turisticas\/#listItem","position":3,"name":"Cantabria y Finlandia buscan potenciar sus relaciones comerciales y tur\u00edsticas","previousItem":{"@type":"ListItem","@id":"https:\/\/eldigitaldeasturias.com\/magazine365\/category\/noticias-actualidad\/#listItem","name":"Noticias y Actualidad"}}]},{"@type":"Organization","@id":"https:\/\/eldigitaldeasturias.com\/magazine365\/#organization","name":"El digital de Asturias","description":"Revista de ocio, turismo y estilo de vida","url":"https:\/\/eldigitaldeasturias.com\/magazine365\/","logo":{"@type":"ImageObject","url":"https:\/\/www.eldigitaldeasturias.com\/noticias\/wp-content\/uploads\/2020\/12\/EDA.jpg","@id":"https:\/\/eldigitaldeasturias.com\/magazine365\/cantabria-y-finlandia-buscan-potenciar-sus-relaciones-comerciales-y-turisticas\/#organizationLogo"},"image":{"@id":"https:\/\/eldigitaldeasturias.com\/magazine365\/cantabria-y-finlandia-buscan-potenciar-sus-relaciones-comerciales-y-turisticas\/#organizationLogo"}},{"@type":"Person","@id":"https:\/\/eldigitaldeasturias.com\/magazine365\/author\/admin\/#author","url":"https:\/\/eldigitaldeasturias.com\/magazine365\/author\/admin\/","name":"admin","image":{"@type":"ImageObject","@id":"https:\/\/eldigitaldeasturias.com\/magazine365\/cantabria-y-finlandia-buscan-potenciar-sus-relaciones-comerciales-y-turisticas\/#authorImage","url":"https:\/\/eldigitaldeasturias.com\/magazine365\/wp-content\/litespeed\/avatar\/e571bcf59a0edd6fa6838245a470f2fe.jpg?ver=1776969259","width":96,"height":96,"caption":"admin"}},{"@type":"WebPage","@id":"https:\/\/eldigitaldeasturias.com\/magazine365\/cantabria-y-finlandia-buscan-potenciar-sus-relaciones-comerciales-y-turisticas\/#webpage","url":"https:\/\/eldigitaldeasturias.com\/magazine365\/cantabria-y-finlandia-buscan-potenciar-sus-relaciones-comerciales-y-turisticas\/","name":"Cantabria y Finlandia buscan potenciar sus relaciones comerciales y tur\u00edsticas | El Digital de Asturias","description":"El presidente de Cantabria, Miguel \u00c1ngel Revilla, se ha entrevistado con el embajador de Finlandia en Espa\u00f1a, Roberto Tanzi-Albi, una reuni\u00f3n en la que se han abordado principalmente futuras v\u00edas para fomentar las relaciones en el campo comercial y tur\u00edstico. El embajador de Finlandia, que ha acudido en su primera visita a Cantabria acompa\u00f1ado por","inLanguage":"es-ES","isPartOf":{"@id":"https:\/\/eldigitaldeasturias.com\/magazine365\/#website"},"breadcrumb":{"@id":"https:\/\/eldigitaldeasturias.com\/magazine365\/cantabria-y-finlandia-buscan-potenciar-sus-relaciones-comerciales-y-turisticas\/#breadcrumblist"},"author":{"@id":"https:\/\/eldigitaldeasturias.com\/magazine365\/author\/admin\/#author"},"creator":{"@id":"https:\/\/eldigitaldeasturias.com\/magazine365\/author\/admin\/#author"},"image":{"@type":"ImageObject","url":"https:\/\/eldigitaldeasturias.com\/magazine365\/wp-content\/uploads\/2016\/06\/fotonoticia_20160614170547_800-1.jpg","@id":"https:\/\/eldigitaldeasturias.com\/magazine365\/cantabria-y-finlandia-buscan-potenciar-sus-relaciones-comerciales-y-turisticas\/#mainImage","width":800,"height":533},"primaryImageOfPage":{"@id":"https:\/\/eldigitaldeasturias.com\/magazine365\/cantabria-y-finlandia-buscan-potenciar-sus-relaciones-comerciales-y-turisticas\/#mainImage"},"datePublished":"2016-06-14T21:01:25+02:00","dateModified":"2016-06-14T21:01:25+02:00"},{"@type":"WebSite","@id":"https:\/\/eldigitaldeasturias.com\/magazine365\/#website","url":"https:\/\/eldigitaldeasturias.com\/magazine365\/","name":"El Digital de Asturias","description":"Revista de ocio, turismo y estilo de vida","inLanguage":"es-ES","publisher":{"@id":"https:\/\/eldigitaldeasturias.com\/magazine365\/#organization"}}]},"og:locale":"es_ES","og:site_name":"El Digital de Asturias \u2013 Revista de ocio, turismo y estilo de vida","og:type":"article","og:title":"Cantabria y Finlandia buscan potenciar sus relaciones comerciales y tur\u00edsticas | El Digital de Asturias","og:description":"El presidente de Cantabria, Miguel \u00c1ngel Revilla, se ha entrevistado con el embajador de Finlandia en Espa\u00f1a, Roberto Tanzi-Albi, una reuni\u00f3n en la que se han abordado principalmente futuras v\u00edas para fomentar las relaciones en el campo comercial y tur\u00edstico. El embajador de Finlandia, que ha acudido en su primera visita a Cantabria acompa\u00f1ado por","og:url":"https:\/\/eldigitaldeasturias.com\/magazine365\/cantabria-y-finlandia-buscan-potenciar-sus-relaciones-comerciales-y-turisticas\/","og:image":"https:\/\/eldigitaldeasturias.com\/magazine365\/wp-content\/uploads\/2016\/06\/fotonoticia_20160614170547_800-1.jpg","og:image:secure_url":"https:\/\/eldigitaldeasturias.com\/magazine365\/wp-content\/uploads\/2016\/06\/fotonoticia_20160614170547_800-1.jpg","og:image:width":800,"og:image:height":533,"article:published_time":"2016-06-14T19:01:25+00:00","article:modified_time":"2016-06-14T19:01:25+00:00","twitter:card":"summary_large_image","twitter:title":"Cantabria y Finlandia buscan potenciar sus relaciones comerciales y tur\u00edsticas | El Digital de Asturias","twitter:description":"El presidente de Cantabria, Miguel \u00c1ngel Revilla, se ha entrevistado con el embajador de Finlandia en Espa\u00f1a, Roberto Tanzi-Albi, una reuni\u00f3n en la que se han abordado principalmente futuras v\u00edas para fomentar las relaciones en el campo comercial y tur\u00edstico. El embajador de Finlandia, que ha acudido en su primera visita a Cantabria acompa\u00f1ado por","twitter:image":"https:\/\/eldigitaldeasturias.com\/magazine365\/wp-content\/uploads\/2016\/06\/fotonoticia_20160614170547_800-1.jpg"},"aioseo_meta_data":{"post_id":"79279","title":null,"description":null,"keywords":null,"keyphrases":null,"primary_term":null,"canonical_url":null,"og_title":null,"og_description":null,"og_object_type":"default","og_image_type":"default","og_image_url":null,"og_image_width":null,"og_image_height":null,"og_image_custom_url":null,"og_image_custom_fields":null,"og_video":null,"og_custom_url":null,"og_article_section":null,"og_article_tags":null,"twitter_use_og":false,"twitter_card":"default","twitter_image_type":"default","twitter_image_url":null,"twitter_image_custom_url":null,"twitter_image_custom_fields":null,"twitter_title":null,"twitter_description":null,"schema":{"blockGraphs":[],"customGraphs":[],"default":{"data":{"Article":[],"Course":[],"Dataset":[],"FAQPage":[],"Movie":[],"Person":[],"Product":[],"ProductReview":[],"Car":[],"Recipe":[],"Service":[],"SoftwareApplication":[],"WebPage":[]},"graphName":"","isEnabled":true},"graphs":[],"defaultGraph":"","defaultPostTypeGraph":""},"schema_type":null,"schema_type_options":null,"pillar_content":false,"robots_default":true,"robots_noindex":false,"robots_noarchive":false,"robots_nosnippet":false,"robots_nofollow":false,"robots_noimageindex":false,"robots_noodp":false,"robots_notranslate":false,"robots_max_snippet":null,"robots_max_videopreview":null,"robots_max_imagepreview":"large","priority":null,"frequency":null,"location":null,"local_seo":null,"seo_analyzer_scan_date":"2025-09-27 18:34:41","breadcrumb_settings":null,"limit_modified_date":false,"open_ai":null,"ai":null,"created":"2021-03-08 17:50:21","updated":"2025-09-27 18:34:41"},"aioseo_breadcrumb":"<div class=\"aioseo-breadcrumbs\"><span class=\"aioseo-breadcrumb\">\n\t<a href=\"https:\/\/eldigitaldeasturias.com\/magazine365\" title=\"Home\">Home<\/a>\n<\/span><span class=\"aioseo-breadcrumb-separator\">\u2013<\/span><span class=\"aioseo-breadcrumb\">\n\t<a href=\"https:\/\/eldigitaldeasturias.com\/magazine365\/category\/noticias-actualidad\/\" title=\"Noticias y Actualidad\">Noticias y Actualidad<\/a>\n<\/span><span class=\"aioseo-breadcrumb-separator\">\u2013<\/span><span class=\"aioseo-breadcrumb\">\n\t<a href=\"https:\/\/eldigitaldeasturias.com\/magazine365\/cantabria-y-finlandia-buscan-potenciar-sus-relaciones-comerciales-y-turisticas\/\" title=\"Cantabria y Finlandia buscan potenciar sus relaciones comerciales y tur\u00edsticas\">Cantabria y Finlandia buscan potenciar sus relaciones comerciales y tur\u00edsticas<\/a>\n<\/span><\/div>","aioseo_breadcrumb_json":[{"label":"Home","link":"https:\/\/eldigitaldeasturias.com\/magazine365"},{"label":"Noticias y Actualidad","link":"https:\/\/eldigitaldeasturias.com\/magazine365\/category\/noticias-actualidad\/"},{"label":"Cantabria y Finlandia buscan potenciar sus relaciones comerciales y tur\u00edsticas","link":"https:\/\/eldigitaldeasturias.com\/magazine365\/cantabria-y-finlandia-buscan-potenciar-sus-relaciones-comerciales-y-turisticas\/"}],"_links":{"self":[{"href":"https:\/\/eldigitaldeasturias.com\/magazine365\/wp-json\/wp\/v2\/posts\/79279","targetHints":{"allow":["GET"]}}],"collection":[{"href":"https:\/\/eldigitaldeasturias.com\/magazine365\/wp-json\/wp\/v2\/posts"}],"about":[{"href":"https:\/\/eldigitaldeasturias.com\/magazine365\/wp-json\/wp\/v2\/types\/post"}],"author":[{"embeddable":true,"href":"https:\/\/eldigitaldeasturias.com\/magazine365\/wp-json\/wp\/v2\/users\/1"}],"replies":[{"embeddable":true,"href":"https:\/\/eldigitaldeasturias.com\/magazine365\/wp-json\/wp\/v2\/comments?post=79279"}],"version-history":[{"count":0,"href":"https:\/\/eldigitaldeasturias.com\/magazine365\/wp-json\/wp\/v2\/posts\/79279\/revisions"}],"wp:featuredmedia":[{"embeddable":true,"href":"https:\/\/eldigitaldeasturias.com\/magazine365\/wp-json\/wp\/v2\/media\/79282"}],"wp:attachment":[{"href":"https:\/\/eldigitaldeasturias.com\/magazine365\/wp-json\/wp\/v2\/media?parent=79279"}],"wp:term":[{"taxonomy":"category","embeddable":true,"href":"https:\/\/eldigitaldeasturias.com\/magazine365\/wp-json\/wp\/v2\/categories?post=79279"},{"taxonomy":"post_tag","embeddable":true,"href":"https:\/\/eldigitaldeasturias.com\/magazine365\/wp-json\/wp\/v2\/tags?post=79279"}],"curies":[{"name":"wp","href":"https:\/\/api.w.org\/{rel}","templated":true}]}}