{"id":79254,"date":"2016-06-14T20:47:20","date_gmt":"2016-06-14T18:47:20","guid":{"rendered":"http:\/\/eldigitaldeasturias.com\/magazine365\/?p=79254"},"modified":"2016-06-14T20:47:20","modified_gmt":"2016-06-14T18:47:20","slug":"tenerife-promocionara-sus-tapas-y-sus-vinos-en-francia-y-holanda","status":"publish","type":"post","link":"https:\/\/eldigitaldeasturias.com\/magazine365\/tenerife-promocionara-sus-tapas-y-sus-vinos-en-francia-y-holanda\/","title":{"rendered":"Tenerife promocionar\u00e1 sus tapas y sus vinos en Francia y Holanda"},"content":{"rendered":"<p><img fetchpriority=\"high\" decoding=\"async\" class=\"alignleft size-medium wp-image-79255\" src=\"https:\/\/eldigitaldeasturias.com\/magazine365\/wp-content\/uploads\/2016\/06\/fotonoticia_20160614155941_800-360x240.jpg\" alt=\"fotonoticia_20160614155941_800\" width=\"360\" height=\"240\" srcset=\"https:\/\/eldigitaldeasturias.com\/magazine365\/wp-content\/uploads\/2016\/06\/fotonoticia_20160614155941_800-360x240.jpg 360w, https:\/\/eldigitaldeasturias.com\/magazine365\/wp-content\/uploads\/2016\/06\/fotonoticia_20160614155941_800-650x433.jpg 650w, https:\/\/eldigitaldeasturias.com\/magazine365\/wp-content\/uploads\/2016\/06\/fotonoticia_20160614155941_800-768x512.jpg 768w, https:\/\/eldigitaldeasturias.com\/magazine365\/wp-content\/uploads\/2016\/06\/fotonoticia_20160614155941_800-150x100.jpg 150w, https:\/\/eldigitaldeasturias.com\/magazine365\/wp-content\/uploads\/2016\/06\/fotonoticia_20160614155941_800-450x300.jpg 450w, https:\/\/eldigitaldeasturias.com\/magazine365\/wp-content\/uploads\/2016\/06\/fotonoticia_20160614155941_800-101x66.jpg 101w, https:\/\/eldigitaldeasturias.com\/magazine365\/wp-content\/uploads\/2016\/06\/fotonoticia_20160614155941_800.jpg 800w\" sizes=\"(max-width: 360px) 100vw, 360px\" \/>El Cabildo, a trav\u00e9s de Turismo de Tenerife y Saborea Tenerife, as\u00ed como del \u00c1rea de Agricultura, conmemorar\u00e1 el pr\u00f3ximo jueves el D\u00eda Mundial de la Tapa 2016 con dos actos de promoci\u00f3n de su gastronom\u00eda, uno de ellos en Par\u00eds y otro en la ciudad holandesa de La Haya.<\/p>\n<p>Para ello, la isla desplazar\u00e1 a los cocineros isle\u00f1os Omar P\u00e9rez, Jorge Pe\u00f1ate y Luis Mart\u00edn, quienes ser\u00e1n los encargados de elaborar las tapas con el cochino negro, el cabrito o el cherne, entre otros productos, como ingredientes principales.<\/p>\n<p>Seg\u00fan el consejero de Turismo, Alberto Bernab\u00e9, \u00abla cocina de la isla, original y basada en productos frescos, es uno de los elementos que gana cada vez m\u00e1s importancia entre los viajeros que vienen a conocer Tenerife y que se suma a los tradicionales atractivos que le convierten en un destino l\u00edder\u00bb.<\/p>\n<p>Alberto Bernab\u00e9 ha a\u00f1adido que los eventos en Par\u00eds y La Haya servir\u00e1n no s\u00f3lo para mostrar la variedad de la gastronom\u00eda tinerfe\u00f1a, sino tambi\u00e9n la profesionalidad de sus cocineros.<\/p>\n<p>El evento de Par\u00eds se celebrar\u00e1 en la Embajada de Espa\u00f1a y cuenta con la colaboraci\u00f3n de la OET de la capital francesa y el club de producto Saborea Espa\u00f1a, en el que se integra Saborea Tenerife.<\/p>\n<p>Consistir\u00e1 en una degustaci\u00f3n para 200 profesionales del sector tur\u00edstico, medios de comunicaci\u00f3n y empresas galas. El chef Omar P\u00e9rez, del gastrobar AIE de El Sauzal, preparar\u00e1 dos tapas con productos de la isla con el cochino negro y el cherne como protagonistas, que ir\u00e1n acompa\u00f1ados con vinos de Tenerife.<\/p>\n<p>En cuanto a La Haya, el cocinero Jorge Pe\u00f1ate y Luis Mart\u00edn, del Hotel Bah\u00eda del Duque, ser\u00e1n los encargados de elaborar hasta cinco tapas diferentes para promocionar la cocina isle\u00f1a en Holanda.<\/p>\n<p>Realizar\u00e1n una demostraci\u00f3n de cocina en directo en la cita gastron\u00f3mica Kookfabriek, donde a la vez que crean las tapas ir\u00e1n explicando la relaci\u00f3n entre los productos que utilizan y el paisaje y clima de la isla. Utilizar\u00e1n como base el bacalao, el pulpo canario, el cabrito o la caballa. Los vinos de Tenerife tambi\u00e9n tendr\u00e1n un protagonismo especial en este evento.<\/p>\n<p>Para este acto en Holanda se prev\u00e9 la asistencia de 100 personas entre turoperadores, agentes de viajes y prensa del sector tur\u00edstico del pa\u00eds. El evento tendr\u00e1 lugar el jueves, mientras que el viernes y el s\u00e1bado est\u00e1 previsto igualmente ofrecer degustaciones de productos t\u00edpicos de la isla a profesionales y p\u00fablico asistente a los actos de celebraci\u00f3n del D\u00eda de Espa\u00f1a en la ciudad holandesa de Utrecht. Estas acciones cuentan con la colaboraci\u00f3n de la OET de La Haya.<\/p>\n","protected":false},"excerpt":{"rendered":"<p>El Cabildo, a trav\u00e9s de Turismo de Tenerife y Saborea Tenerife, as\u00ed como del \u00c1rea de Agricultura, conmemorar\u00e1 el pr\u00f3ximo jueves el D\u00eda Mundial de la Tapa 2016 con dos actos de promoci\u00f3n de su gastronom\u00eda, uno de ellos en Par\u00eds y otro en la ciudad holandesa de La Haya. Para ello, la isla desplazar\u00e1<\/p>\n","protected":false},"author":1,"featured_media":79255,"comment_status":"open","ping_status":"closed","sticky":false,"template":"","format":"standard","meta":{"footnotes":""},"categories":[224],"tags":[],"class_list":{"0":"post-79254","1":"post","2":"type-post","3":"status-publish","4":"format-standard","5":"has-post-thumbnail","7":"category-noticias-actualidad"},"aioseo_notices":[],"aioseo_head":"\n\t\t<!-- All in One SEO Pro 4.9.6.1 - aioseo.com -->\n\t<meta name=\"description\" content=\"El Cabildo, a trav\u00e9s de Turismo de Tenerife y Saborea Tenerife, as\u00ed como del \u00c1rea de Agricultura, conmemorar\u00e1 el pr\u00f3ximo jueves el D\u00eda Mundial de la Tapa 2016 con dos actos de promoci\u00f3n de su gastronom\u00eda, uno de ellos en Par\u00eds y otro en la ciudad holandesa de La Haya. Para ello, la isla desplazar\u00e1\" \/>\n\t<meta name=\"robots\" content=\"max-image-preview:large\" \/>\n\t<meta name=\"author\" content=\"admin\"\/>\n\t<meta name=\"google-site-verification\" content=\"UA-38556648-1\" \/>\n\t<meta name=\"keywords\" content=\"noticias y actualidad\" \/>\n\t<link rel=\"canonical\" href=\"https:\/\/eldigitaldeasturias.com\/magazine365\/tenerife-promocionara-sus-tapas-y-sus-vinos-en-francia-y-holanda\/\" \/>\n\t<meta name=\"generator\" content=\"All in One SEO Pro (AIOSEO) 4.9.6.1\" \/>\n\t\t<meta property=\"og:locale\" content=\"es_ES\" \/>\n\t\t<meta property=\"og:site_name\" content=\"El Digital de Asturias \u2013 Revista de ocio, turismo y estilo de vida\" \/>\n\t\t<meta property=\"og:type\" content=\"article\" \/>\n\t\t<meta property=\"og:title\" content=\"Tenerife promocionar\u00e1 sus tapas y sus vinos en Francia y Holanda | El Digital de Asturias\" \/>\n\t\t<meta property=\"og:description\" content=\"El Cabildo, a trav\u00e9s de Turismo de Tenerife y Saborea Tenerife, as\u00ed como del \u00c1rea de Agricultura, conmemorar\u00e1 el pr\u00f3ximo jueves el D\u00eda Mundial de la Tapa 2016 con dos actos de promoci\u00f3n de su gastronom\u00eda, uno de ellos en Par\u00eds y otro en la ciudad holandesa de La Haya. Para ello, la isla desplazar\u00e1\" \/>\n\t\t<meta property=\"og:url\" content=\"https:\/\/eldigitaldeasturias.com\/magazine365\/tenerife-promocionara-sus-tapas-y-sus-vinos-en-francia-y-holanda\/\" \/>\n\t\t<meta property=\"og:image\" content=\"https:\/\/eldigitaldeasturias.com\/magazine365\/wp-content\/uploads\/2016\/06\/fotonoticia_20160614155941_800.jpg\" \/>\n\t\t<meta property=\"og:image:secure_url\" content=\"https:\/\/eldigitaldeasturias.com\/magazine365\/wp-content\/uploads\/2016\/06\/fotonoticia_20160614155941_800.jpg\" \/>\n\t\t<meta property=\"og:image:width\" content=\"800\" \/>\n\t\t<meta property=\"og:image:height\" content=\"533\" \/>\n\t\t<meta property=\"article:published_time\" content=\"2016-06-14T18:47:20+00:00\" \/>\n\t\t<meta property=\"article:modified_time\" content=\"2016-06-14T18:47:20+00:00\" \/>\n\t\t<meta name=\"twitter:card\" content=\"summary_large_image\" \/>\n\t\t<meta name=\"twitter:title\" content=\"Tenerife promocionar\u00e1 sus tapas y sus vinos en Francia y Holanda | El Digital de Asturias\" \/>\n\t\t<meta name=\"twitter:description\" content=\"El Cabildo, a trav\u00e9s de Turismo de Tenerife y Saborea Tenerife, as\u00ed como del \u00c1rea de Agricultura, conmemorar\u00e1 el pr\u00f3ximo jueves el D\u00eda Mundial de la Tapa 2016 con dos actos de promoci\u00f3n de su gastronom\u00eda, uno de ellos en Par\u00eds y otro en la ciudad holandesa de La Haya. Para ello, la isla desplazar\u00e1\" \/>\n\t\t<meta name=\"twitter:image\" content=\"https:\/\/eldigitaldeasturias.com\/magazine365\/wp-content\/uploads\/2016\/06\/fotonoticia_20160614155941_800.jpg\" \/>\n\t\t<script type=\"application\/ld+json\" class=\"aioseo-schema\">\n\t\t\t{\"@context\":\"https:\\\/\\\/schema.org\",\"@graph\":[{\"@type\":\"Article\",\"@id\":\"https:\\\/\\\/eldigitaldeasturias.com\\\/magazine365\\\/tenerife-promocionara-sus-tapas-y-sus-vinos-en-francia-y-holanda\\\/#article\",\"name\":\"Tenerife promocionar\\u00e1 sus tapas y sus vinos en Francia y Holanda | El Digital de Asturias\",\"headline\":\"Tenerife promocionar\\u00e1 sus tapas y sus vinos en Francia y Holanda\",\"author\":{\"@id\":\"https:\\\/\\\/eldigitaldeasturias.com\\\/magazine365\\\/author\\\/admin\\\/#author\"},\"publisher\":{\"@id\":\"https:\\\/\\\/eldigitaldeasturias.com\\\/magazine365\\\/#organization\"},\"image\":{\"@type\":\"ImageObject\",\"url\":\"https:\\\/\\\/eldigitaldeasturias.com\\\/magazine365\\\/wp-content\\\/uploads\\\/2016\\\/06\\\/fotonoticia_20160614155941_800.jpg\",\"width\":800,\"height\":533},\"datePublished\":\"2016-06-14T20:47:20+02:00\",\"dateModified\":\"2016-06-14T20:47:20+02:00\",\"inLanguage\":\"es-ES\",\"mainEntityOfPage\":{\"@id\":\"https:\\\/\\\/eldigitaldeasturias.com\\\/magazine365\\\/tenerife-promocionara-sus-tapas-y-sus-vinos-en-francia-y-holanda\\\/#webpage\"},\"isPartOf\":{\"@id\":\"https:\\\/\\\/eldigitaldeasturias.com\\\/magazine365\\\/tenerife-promocionara-sus-tapas-y-sus-vinos-en-francia-y-holanda\\\/#webpage\"},\"articleSection\":\"Noticias y Actualidad\"},{\"@type\":\"BreadcrumbList\",\"@id\":\"https:\\\/\\\/eldigitaldeasturias.com\\\/magazine365\\\/tenerife-promocionara-sus-tapas-y-sus-vinos-en-francia-y-holanda\\\/#breadcrumblist\",\"itemListElement\":[{\"@type\":\"ListItem\",\"@id\":\"https:\\\/\\\/eldigitaldeasturias.com\\\/magazine365#listItem\",\"position\":1,\"name\":\"Home\",\"item\":\"https:\\\/\\\/eldigitaldeasturias.com\\\/magazine365\",\"nextItem\":{\"@type\":\"ListItem\",\"@id\":\"https:\\\/\\\/eldigitaldeasturias.com\\\/magazine365\\\/category\\\/noticias-actualidad\\\/#listItem\",\"name\":\"Noticias y Actualidad\"}},{\"@type\":\"ListItem\",\"@id\":\"https:\\\/\\\/eldigitaldeasturias.com\\\/magazine365\\\/category\\\/noticias-actualidad\\\/#listItem\",\"position\":2,\"name\":\"Noticias y Actualidad\",\"item\":\"https:\\\/\\\/eldigitaldeasturias.com\\\/magazine365\\\/category\\\/noticias-actualidad\\\/\",\"nextItem\":{\"@type\":\"ListItem\",\"@id\":\"https:\\\/\\\/eldigitaldeasturias.com\\\/magazine365\\\/tenerife-promocionara-sus-tapas-y-sus-vinos-en-francia-y-holanda\\\/#listItem\",\"name\":\"Tenerife promocionar\\u00e1 sus tapas y sus vinos en Francia y Holanda\"},\"previousItem\":{\"@type\":\"ListItem\",\"@id\":\"https:\\\/\\\/eldigitaldeasturias.com\\\/magazine365#listItem\",\"name\":\"Home\"}},{\"@type\":\"ListItem\",\"@id\":\"https:\\\/\\\/eldigitaldeasturias.com\\\/magazine365\\\/tenerife-promocionara-sus-tapas-y-sus-vinos-en-francia-y-holanda\\\/#listItem\",\"position\":3,\"name\":\"Tenerife promocionar\\u00e1 sus tapas y sus vinos en Francia y Holanda\",\"previousItem\":{\"@type\":\"ListItem\",\"@id\":\"https:\\\/\\\/eldigitaldeasturias.com\\\/magazine365\\\/category\\\/noticias-actualidad\\\/#listItem\",\"name\":\"Noticias y Actualidad\"}}]},{\"@type\":\"Organization\",\"@id\":\"https:\\\/\\\/eldigitaldeasturias.com\\\/magazine365\\\/#organization\",\"name\":\"El digital de Asturias\",\"description\":\"Revista de ocio, turismo y estilo de vida\",\"url\":\"https:\\\/\\\/eldigitaldeasturias.com\\\/magazine365\\\/\",\"logo\":{\"@type\":\"ImageObject\",\"url\":\"https:\\\/\\\/www.eldigitaldeasturias.com\\\/noticias\\\/wp-content\\\/uploads\\\/2020\\\/12\\\/EDA.jpg\",\"@id\":\"https:\\\/\\\/eldigitaldeasturias.com\\\/magazine365\\\/tenerife-promocionara-sus-tapas-y-sus-vinos-en-francia-y-holanda\\\/#organizationLogo\"},\"image\":{\"@id\":\"https:\\\/\\\/eldigitaldeasturias.com\\\/magazine365\\\/tenerife-promocionara-sus-tapas-y-sus-vinos-en-francia-y-holanda\\\/#organizationLogo\"}},{\"@type\":\"Person\",\"@id\":\"https:\\\/\\\/eldigitaldeasturias.com\\\/magazine365\\\/author\\\/admin\\\/#author\",\"url\":\"https:\\\/\\\/eldigitaldeasturias.com\\\/magazine365\\\/author\\\/admin\\\/\",\"name\":\"admin\",\"image\":{\"@type\":\"ImageObject\",\"@id\":\"https:\\\/\\\/eldigitaldeasturias.com\\\/magazine365\\\/tenerife-promocionara-sus-tapas-y-sus-vinos-en-francia-y-holanda\\\/#authorImage\",\"url\":\"https:\\\/\\\/eldigitaldeasturias.com\\\/magazine365\\\/wp-content\\\/litespeed\\\/avatar\\\/e571bcf59a0edd6fa6838245a470f2fe.jpg?ver=1776969259\",\"width\":96,\"height\":96,\"caption\":\"admin\"}},{\"@type\":\"WebPage\",\"@id\":\"https:\\\/\\\/eldigitaldeasturias.com\\\/magazine365\\\/tenerife-promocionara-sus-tapas-y-sus-vinos-en-francia-y-holanda\\\/#webpage\",\"url\":\"https:\\\/\\\/eldigitaldeasturias.com\\\/magazine365\\\/tenerife-promocionara-sus-tapas-y-sus-vinos-en-francia-y-holanda\\\/\",\"name\":\"Tenerife promocionar\\u00e1 sus tapas y sus vinos en Francia y Holanda | El Digital de Asturias\",\"description\":\"El Cabildo, a trav\\u00e9s de Turismo de Tenerife y Saborea Tenerife, as\\u00ed como del \\u00c1rea de Agricultura, conmemorar\\u00e1 el pr\\u00f3ximo jueves el D\\u00eda Mundial de la Tapa 2016 con dos actos de promoci\\u00f3n de su gastronom\\u00eda, uno de ellos en Par\\u00eds y otro en la ciudad holandesa de La Haya. Para ello, la isla desplazar\\u00e1\",\"inLanguage\":\"es-ES\",\"isPartOf\":{\"@id\":\"https:\\\/\\\/eldigitaldeasturias.com\\\/magazine365\\\/#website\"},\"breadcrumb\":{\"@id\":\"https:\\\/\\\/eldigitaldeasturias.com\\\/magazine365\\\/tenerife-promocionara-sus-tapas-y-sus-vinos-en-francia-y-holanda\\\/#breadcrumblist\"},\"author\":{\"@id\":\"https:\\\/\\\/eldigitaldeasturias.com\\\/magazine365\\\/author\\\/admin\\\/#author\"},\"creator\":{\"@id\":\"https:\\\/\\\/eldigitaldeasturias.com\\\/magazine365\\\/author\\\/admin\\\/#author\"},\"image\":{\"@type\":\"ImageObject\",\"url\":\"https:\\\/\\\/eldigitaldeasturias.com\\\/magazine365\\\/wp-content\\\/uploads\\\/2016\\\/06\\\/fotonoticia_20160614155941_800.jpg\",\"@id\":\"https:\\\/\\\/eldigitaldeasturias.com\\\/magazine365\\\/tenerife-promocionara-sus-tapas-y-sus-vinos-en-francia-y-holanda\\\/#mainImage\",\"width\":800,\"height\":533},\"primaryImageOfPage\":{\"@id\":\"https:\\\/\\\/eldigitaldeasturias.com\\\/magazine365\\\/tenerife-promocionara-sus-tapas-y-sus-vinos-en-francia-y-holanda\\\/#mainImage\"},\"datePublished\":\"2016-06-14T20:47:20+02:00\",\"dateModified\":\"2016-06-14T20:47:20+02:00\"},{\"@type\":\"WebSite\",\"@id\":\"https:\\\/\\\/eldigitaldeasturias.com\\\/magazine365\\\/#website\",\"url\":\"https:\\\/\\\/eldigitaldeasturias.com\\\/magazine365\\\/\",\"name\":\"El Digital de Asturias\",\"description\":\"Revista de ocio, turismo y estilo de vida\",\"inLanguage\":\"es-ES\",\"publisher\":{\"@id\":\"https:\\\/\\\/eldigitaldeasturias.com\\\/magazine365\\\/#organization\"}}]}\n\t\t<\/script>\n\t\t<!-- All in One SEO Pro -->\r\n\t\t<title>Tenerife promocionar\u00e1 sus tapas y sus vinos en Francia y Holanda | El Digital de Asturias<\/title>\n\n","aioseo_head_json":{"title":"Tenerife promocionar\u00e1 sus tapas y sus vinos en Francia y Holanda | El Digital de Asturias","description":"El Cabildo, a trav\u00e9s de Turismo de Tenerife y Saborea Tenerife, as\u00ed como del \u00c1rea de Agricultura, conmemorar\u00e1 el pr\u00f3ximo jueves el D\u00eda Mundial de la Tapa 2016 con dos actos de promoci\u00f3n de su gastronom\u00eda, uno de ellos en Par\u00eds y otro en la ciudad holandesa de La Haya. Para ello, la isla desplazar\u00e1","canonical_url":"https:\/\/eldigitaldeasturias.com\/magazine365\/tenerife-promocionara-sus-tapas-y-sus-vinos-en-francia-y-holanda\/","robots":"max-image-preview:large","keywords":"noticias y actualidad","webmasterTools":{"google-site-verification":"UA-38556648-1","miscellaneous":""},"schema":{"@context":"https:\/\/schema.org","@graph":[{"@type":"Article","@id":"https:\/\/eldigitaldeasturias.com\/magazine365\/tenerife-promocionara-sus-tapas-y-sus-vinos-en-francia-y-holanda\/#article","name":"Tenerife promocionar\u00e1 sus tapas y sus vinos en Francia y Holanda | El Digital de Asturias","headline":"Tenerife promocionar\u00e1 sus tapas y sus vinos en Francia y Holanda","author":{"@id":"https:\/\/eldigitaldeasturias.com\/magazine365\/author\/admin\/#author"},"publisher":{"@id":"https:\/\/eldigitaldeasturias.com\/magazine365\/#organization"},"image":{"@type":"ImageObject","url":"https:\/\/eldigitaldeasturias.com\/magazine365\/wp-content\/uploads\/2016\/06\/fotonoticia_20160614155941_800.jpg","width":800,"height":533},"datePublished":"2016-06-14T20:47:20+02:00","dateModified":"2016-06-14T20:47:20+02:00","inLanguage":"es-ES","mainEntityOfPage":{"@id":"https:\/\/eldigitaldeasturias.com\/magazine365\/tenerife-promocionara-sus-tapas-y-sus-vinos-en-francia-y-holanda\/#webpage"},"isPartOf":{"@id":"https:\/\/eldigitaldeasturias.com\/magazine365\/tenerife-promocionara-sus-tapas-y-sus-vinos-en-francia-y-holanda\/#webpage"},"articleSection":"Noticias y Actualidad"},{"@type":"BreadcrumbList","@id":"https:\/\/eldigitaldeasturias.com\/magazine365\/tenerife-promocionara-sus-tapas-y-sus-vinos-en-francia-y-holanda\/#breadcrumblist","itemListElement":[{"@type":"ListItem","@id":"https:\/\/eldigitaldeasturias.com\/magazine365#listItem","position":1,"name":"Home","item":"https:\/\/eldigitaldeasturias.com\/magazine365","nextItem":{"@type":"ListItem","@id":"https:\/\/eldigitaldeasturias.com\/magazine365\/category\/noticias-actualidad\/#listItem","name":"Noticias y Actualidad"}},{"@type":"ListItem","@id":"https:\/\/eldigitaldeasturias.com\/magazine365\/category\/noticias-actualidad\/#listItem","position":2,"name":"Noticias y Actualidad","item":"https:\/\/eldigitaldeasturias.com\/magazine365\/category\/noticias-actualidad\/","nextItem":{"@type":"ListItem","@id":"https:\/\/eldigitaldeasturias.com\/magazine365\/tenerife-promocionara-sus-tapas-y-sus-vinos-en-francia-y-holanda\/#listItem","name":"Tenerife promocionar\u00e1 sus tapas y sus vinos en Francia y Holanda"},"previousItem":{"@type":"ListItem","@id":"https:\/\/eldigitaldeasturias.com\/magazine365#listItem","name":"Home"}},{"@type":"ListItem","@id":"https:\/\/eldigitaldeasturias.com\/magazine365\/tenerife-promocionara-sus-tapas-y-sus-vinos-en-francia-y-holanda\/#listItem","position":3,"name":"Tenerife promocionar\u00e1 sus tapas y sus vinos en Francia y Holanda","previousItem":{"@type":"ListItem","@id":"https:\/\/eldigitaldeasturias.com\/magazine365\/category\/noticias-actualidad\/#listItem","name":"Noticias y Actualidad"}}]},{"@type":"Organization","@id":"https:\/\/eldigitaldeasturias.com\/magazine365\/#organization","name":"El digital de Asturias","description":"Revista de ocio, turismo y estilo de vida","url":"https:\/\/eldigitaldeasturias.com\/magazine365\/","logo":{"@type":"ImageObject","url":"https:\/\/www.eldigitaldeasturias.com\/noticias\/wp-content\/uploads\/2020\/12\/EDA.jpg","@id":"https:\/\/eldigitaldeasturias.com\/magazine365\/tenerife-promocionara-sus-tapas-y-sus-vinos-en-francia-y-holanda\/#organizationLogo"},"image":{"@id":"https:\/\/eldigitaldeasturias.com\/magazine365\/tenerife-promocionara-sus-tapas-y-sus-vinos-en-francia-y-holanda\/#organizationLogo"}},{"@type":"Person","@id":"https:\/\/eldigitaldeasturias.com\/magazine365\/author\/admin\/#author","url":"https:\/\/eldigitaldeasturias.com\/magazine365\/author\/admin\/","name":"admin","image":{"@type":"ImageObject","@id":"https:\/\/eldigitaldeasturias.com\/magazine365\/tenerife-promocionara-sus-tapas-y-sus-vinos-en-francia-y-holanda\/#authorImage","url":"https:\/\/eldigitaldeasturias.com\/magazine365\/wp-content\/litespeed\/avatar\/e571bcf59a0edd6fa6838245a470f2fe.jpg?ver=1776969259","width":96,"height":96,"caption":"admin"}},{"@type":"WebPage","@id":"https:\/\/eldigitaldeasturias.com\/magazine365\/tenerife-promocionara-sus-tapas-y-sus-vinos-en-francia-y-holanda\/#webpage","url":"https:\/\/eldigitaldeasturias.com\/magazine365\/tenerife-promocionara-sus-tapas-y-sus-vinos-en-francia-y-holanda\/","name":"Tenerife promocionar\u00e1 sus tapas y sus vinos en Francia y Holanda | El Digital de Asturias","description":"El Cabildo, a trav\u00e9s de Turismo de Tenerife y Saborea Tenerife, as\u00ed como del \u00c1rea de Agricultura, conmemorar\u00e1 el pr\u00f3ximo jueves el D\u00eda Mundial de la Tapa 2016 con dos actos de promoci\u00f3n de su gastronom\u00eda, uno de ellos en Par\u00eds y otro en la ciudad holandesa de La Haya. Para ello, la isla desplazar\u00e1","inLanguage":"es-ES","isPartOf":{"@id":"https:\/\/eldigitaldeasturias.com\/magazine365\/#website"},"breadcrumb":{"@id":"https:\/\/eldigitaldeasturias.com\/magazine365\/tenerife-promocionara-sus-tapas-y-sus-vinos-en-francia-y-holanda\/#breadcrumblist"},"author":{"@id":"https:\/\/eldigitaldeasturias.com\/magazine365\/author\/admin\/#author"},"creator":{"@id":"https:\/\/eldigitaldeasturias.com\/magazine365\/author\/admin\/#author"},"image":{"@type":"ImageObject","url":"https:\/\/eldigitaldeasturias.com\/magazine365\/wp-content\/uploads\/2016\/06\/fotonoticia_20160614155941_800.jpg","@id":"https:\/\/eldigitaldeasturias.com\/magazine365\/tenerife-promocionara-sus-tapas-y-sus-vinos-en-francia-y-holanda\/#mainImage","width":800,"height":533},"primaryImageOfPage":{"@id":"https:\/\/eldigitaldeasturias.com\/magazine365\/tenerife-promocionara-sus-tapas-y-sus-vinos-en-francia-y-holanda\/#mainImage"},"datePublished":"2016-06-14T20:47:20+02:00","dateModified":"2016-06-14T20:47:20+02:00"},{"@type":"WebSite","@id":"https:\/\/eldigitaldeasturias.com\/magazine365\/#website","url":"https:\/\/eldigitaldeasturias.com\/magazine365\/","name":"El Digital de Asturias","description":"Revista de ocio, turismo y estilo de vida","inLanguage":"es-ES","publisher":{"@id":"https:\/\/eldigitaldeasturias.com\/magazine365\/#organization"}}]},"og:locale":"es_ES","og:site_name":"El Digital de Asturias \u2013 Revista de ocio, turismo y estilo de vida","og:type":"article","og:title":"Tenerife promocionar\u00e1 sus tapas y sus vinos en Francia y Holanda | El Digital de Asturias","og:description":"El Cabildo, a trav\u00e9s de Turismo de Tenerife y Saborea Tenerife, as\u00ed como del \u00c1rea de Agricultura, conmemorar\u00e1 el pr\u00f3ximo jueves el D\u00eda Mundial de la Tapa 2016 con dos actos de promoci\u00f3n de su gastronom\u00eda, uno de ellos en Par\u00eds y otro en la ciudad holandesa de La Haya. Para ello, la isla desplazar\u00e1","og:url":"https:\/\/eldigitaldeasturias.com\/magazine365\/tenerife-promocionara-sus-tapas-y-sus-vinos-en-francia-y-holanda\/","og:image":"https:\/\/eldigitaldeasturias.com\/magazine365\/wp-content\/uploads\/2016\/06\/fotonoticia_20160614155941_800.jpg","og:image:secure_url":"https:\/\/eldigitaldeasturias.com\/magazine365\/wp-content\/uploads\/2016\/06\/fotonoticia_20160614155941_800.jpg","og:image:width":800,"og:image:height":533,"article:published_time":"2016-06-14T18:47:20+00:00","article:modified_time":"2016-06-14T18:47:20+00:00","twitter:card":"summary_large_image","twitter:title":"Tenerife promocionar\u00e1 sus tapas y sus vinos en Francia y Holanda | El Digital de Asturias","twitter:description":"El Cabildo, a trav\u00e9s de Turismo de Tenerife y Saborea Tenerife, as\u00ed como del \u00c1rea de Agricultura, conmemorar\u00e1 el pr\u00f3ximo jueves el D\u00eda Mundial de la Tapa 2016 con dos actos de promoci\u00f3n de su gastronom\u00eda, uno de ellos en Par\u00eds y otro en la ciudad holandesa de La Haya. Para ello, la isla desplazar\u00e1","twitter:image":"https:\/\/eldigitaldeasturias.com\/magazine365\/wp-content\/uploads\/2016\/06\/fotonoticia_20160614155941_800.jpg"},"aioseo_meta_data":{"post_id":"79254","title":null,"description":null,"keywords":null,"keyphrases":null,"primary_term":null,"canonical_url":null,"og_title":null,"og_description":null,"og_object_type":"default","og_image_type":"default","og_image_url":null,"og_image_width":null,"og_image_height":null,"og_image_custom_url":null,"og_image_custom_fields":null,"og_video":null,"og_custom_url":null,"og_article_section":null,"og_article_tags":null,"twitter_use_og":false,"twitter_card":"default","twitter_image_type":"default","twitter_image_url":null,"twitter_image_custom_url":null,"twitter_image_custom_fields":null,"twitter_title":null,"twitter_description":null,"schema":{"blockGraphs":[],"customGraphs":[],"default":{"data":{"Article":[],"Course":[],"Dataset":[],"FAQPage":[],"Movie":[],"Person":[],"Product":[],"ProductReview":[],"Car":[],"Recipe":[],"Service":[],"SoftwareApplication":[],"WebPage":[]},"graphName":"","isEnabled":true},"graphs":[],"defaultGraph":"","defaultPostTypeGraph":""},"schema_type":null,"schema_type_options":null,"pillar_content":false,"robots_default":true,"robots_noindex":false,"robots_noarchive":false,"robots_nosnippet":false,"robots_nofollow":false,"robots_noimageindex":false,"robots_noodp":false,"robots_notranslate":false,"robots_max_snippet":null,"robots_max_videopreview":null,"robots_max_imagepreview":"large","priority":null,"frequency":null,"location":null,"local_seo":null,"seo_analyzer_scan_date":"2025-09-27 18:32:52","breadcrumb_settings":null,"limit_modified_date":false,"open_ai":null,"ai":null,"created":"2021-03-08 17:51:10","updated":"2025-09-27 18:32:52"},"aioseo_breadcrumb":"<div class=\"aioseo-breadcrumbs\"><span class=\"aioseo-breadcrumb\">\n\t<a href=\"https:\/\/eldigitaldeasturias.com\/magazine365\" title=\"Home\">Home<\/a>\n<\/span><span class=\"aioseo-breadcrumb-separator\">\u2013<\/span><span class=\"aioseo-breadcrumb\">\n\t<a href=\"https:\/\/eldigitaldeasturias.com\/magazine365\/category\/noticias-actualidad\/\" title=\"Noticias y Actualidad\">Noticias y Actualidad<\/a>\n<\/span><span class=\"aioseo-breadcrumb-separator\">\u2013<\/span><span class=\"aioseo-breadcrumb\">\n\t<a href=\"https:\/\/eldigitaldeasturias.com\/magazine365\/tenerife-promocionara-sus-tapas-y-sus-vinos-en-francia-y-holanda\/\" title=\"Tenerife promocionar\u00e1 sus tapas y sus vinos en Francia y Holanda\">Tenerife promocionar\u00e1 sus tapas y sus vinos en Francia y Holanda<\/a>\n<\/span><\/div>","aioseo_breadcrumb_json":[{"label":"Home","link":"https:\/\/eldigitaldeasturias.com\/magazine365"},{"label":"Noticias y Actualidad","link":"https:\/\/eldigitaldeasturias.com\/magazine365\/category\/noticias-actualidad\/"},{"label":"Tenerife promocionar\u00e1 sus tapas y sus vinos en Francia y Holanda","link":"https:\/\/eldigitaldeasturias.com\/magazine365\/tenerife-promocionara-sus-tapas-y-sus-vinos-en-francia-y-holanda\/"}],"_links":{"self":[{"href":"https:\/\/eldigitaldeasturias.com\/magazine365\/wp-json\/wp\/v2\/posts\/79254","targetHints":{"allow":["GET"]}}],"collection":[{"href":"https:\/\/eldigitaldeasturias.com\/magazine365\/wp-json\/wp\/v2\/posts"}],"about":[{"href":"https:\/\/eldigitaldeasturias.com\/magazine365\/wp-json\/wp\/v2\/types\/post"}],"author":[{"embeddable":true,"href":"https:\/\/eldigitaldeasturias.com\/magazine365\/wp-json\/wp\/v2\/users\/1"}],"replies":[{"embeddable":true,"href":"https:\/\/eldigitaldeasturias.com\/magazine365\/wp-json\/wp\/v2\/comments?post=79254"}],"version-history":[{"count":0,"href":"https:\/\/eldigitaldeasturias.com\/magazine365\/wp-json\/wp\/v2\/posts\/79254\/revisions"}],"wp:featuredmedia":[{"embeddable":true,"href":"https:\/\/eldigitaldeasturias.com\/magazine365\/wp-json\/wp\/v2\/media\/79255"}],"wp:attachment":[{"href":"https:\/\/eldigitaldeasturias.com\/magazine365\/wp-json\/wp\/v2\/media?parent=79254"}],"wp:term":[{"taxonomy":"category","embeddable":true,"href":"https:\/\/eldigitaldeasturias.com\/magazine365\/wp-json\/wp\/v2\/categories?post=79254"},{"taxonomy":"post_tag","embeddable":true,"href":"https:\/\/eldigitaldeasturias.com\/magazine365\/wp-json\/wp\/v2\/tags?post=79254"}],"curies":[{"name":"wp","href":"https:\/\/api.w.org\/{rel}","templated":true}]}}