{"id":79247,"date":"2016-06-14T20:44:18","date_gmt":"2016-06-14T18:44:18","guid":{"rendered":"http:\/\/eldigitaldeasturias.com\/magazine365\/?p=79247"},"modified":"2016-06-14T20:44:18","modified_gmt":"2016-06-14T18:44:18","slug":"la-oposicion-llama-a-cifuentes-a-desbloquear-las-negociaciones-de-metro","status":"publish","type":"post","link":"https:\/\/eldigitaldeasturias.com\/magazine365\/la-oposicion-llama-a-cifuentes-a-desbloquear-las-negociaciones-de-metro\/","title":{"rendered":"La Oposici\u00f3n llama a Cifuentes a \u00abdesbloquear\u00bb las negociaciones de Metro"},"content":{"rendered":"<p><img fetchpriority=\"high\" decoding=\"async\" class=\"alignleft size-medium wp-image-79248\" src=\"https:\/\/eldigitaldeasturias.com\/magazine365\/wp-content\/uploads\/2016\/06\/fotonoticia_20160614155809_800-326x300.jpg\" alt=\"fotonoticia_20160614155809_800\" width=\"326\" height=\"300\" srcset=\"https:\/\/eldigitaldeasturias.com\/magazine365\/wp-content\/uploads\/2016\/06\/fotonoticia_20160614155809_800-326x300.jpg 326w, https:\/\/eldigitaldeasturias.com\/magazine365\/wp-content\/uploads\/2016\/06\/fotonoticia_20160614155809_800-650x599.jpg 650w, https:\/\/eldigitaldeasturias.com\/magazine365\/wp-content\/uploads\/2016\/06\/fotonoticia_20160614155809_800-768x708.jpg 768w, https:\/\/eldigitaldeasturias.com\/magazine365\/wp-content\/uploads\/2016\/06\/fotonoticia_20160614155809_800-150x138.jpg 150w, https:\/\/eldigitaldeasturias.com\/magazine365\/wp-content\/uploads\/2016\/06\/fotonoticia_20160614155809_800-450x415.jpg 450w, https:\/\/eldigitaldeasturias.com\/magazine365\/wp-content\/uploads\/2016\/06\/fotonoticia_20160614155809_800.jpg 800w\" sizes=\"(max-width: 326px) 100vw, 326px\" \/>Los grupos parlamentarios de la oposici\u00f3n han hecho un llamamiento a la presidenta de la Comunidad de Madrid, Cristina Cifuentes, para que se siente con los maquinistas de Metro y \u00abdesbloquear\u00bb as\u00ed las negociaciones sobre el convenio colectivo que est\u00e1n originando paros en el servicio.<\/p>\n<p>Durante la rueda de prensa posterior a la Junta de Portavoces, celebrada este martes en la Asamblea de Madrid, el l\u00edder de Ciudadanos en la C\u00e1mara regional, Ignacio Aguado, ha aseverado que la situaci\u00f3n es \u00abuna pena\u00bb porque son los ciudadanos los que \u00abpagan el pato de la incapacidad de unos y otros para ponerse de acuerdo\u00bb.<\/p>\n<p>A su juicio, la Comunidad de Madrid, Metro y los trabajadores \u00abdeben sentarse a hablar\u00bb. \u00abNo pueden dar por rota la negociaci\u00f3n, es su responsabilidad y no la de los ciudadanos ponerse de acuerdo\u00bb, ha defendido el diputado. Aguado ha invitado a la jefa del Ejecutivo auton\u00f3mico a que \u00abse siente e intente desbloquear una situaci\u00f3n en la que el \u00fanico perjudicado es el ciudadano\u00bb.<\/p>\n<p>Por su parte, el portavoz de Podemos en la Asamblea de Madrid, Jos\u00e9 Manuel L\u00f3pez, ha criticado que se est\u00e9n \u00abvaciando los recursos del transporte\u00bb y ha recordado que \u00abla gente que est\u00e1 en huelga en Metro no solo piden mejoras de condiciones laborales sino tambi\u00e9n mejorar de las condiciones del servicio\u00bb.<\/p>\n<p>\u00abEs p\u00fablico y notorio que el servicio no es bueno y que se ha ido recortando en los \u00faltimos tiempos\u00bb, ha remarcado. L\u00f3pez ha pedido a la presidenta que se siente a negociar as\u00ed como que ponga sobre la mesa destinar \u00abm\u00e1s dinero\u00bb al transporte p\u00fablico.<\/p>\n<p>Desde PSOE, su portavoz en la Asamblea, \u00c1ngel Gabilondo, ha recordado que \u00abel derecho a la movilidad de los ciudadanos es un derecho incuestionable\u00bb como tambi\u00e9n lo es \u00abel derecho de los trabajadores\u00bb. \u00abGobernar no solo es elegir entre el derecho y la ausencia de derechos\u00bb, ha indicado.<\/p>\n<p>Por ello, a su parecer, \u00able toca la Gobierno hacer compatibles\u00bb ambos derechos. \u00abEsto exige previsi\u00f3n y acuerdo\u00bb, ha se\u00f1alado. Gabildondo ha reconocido que los ciudadanos tienen una preocupaci\u00f3n pero tambi\u00e9n \u00abmucha solidaridad\u00bb.<\/p>\n<p>El portavoz de PP en la C\u00e1mara regional, Enrique Ossorio, ha indicado que Metro de Madrid \u00abest\u00e1 abierto a negociar para buscar una buena soluci\u00f3n para todos\u00bb. A su juicio, las peticiones de los trabajadores sindicales deben ser \u00abrazonables\u00bb as\u00ed como lo deben ser \u00ablos servicios m\u00ednimos\u00bb.<\/p>\n<p>Ossorio ha criticado las petici\u00f3n de los maquinistas de tener \u00ab14 d\u00edas m\u00e1s de vacaciones\u00bb. \u00abParece ser que ya tienen 58 d\u00edas al a\u00f1o, yo llamar\u00eda a la prudencia teniendo en cuenta que es un colectivo que est\u00e1 bastante bien retribuido\u00bb, ha dicho.<\/p>\n","protected":false},"excerpt":{"rendered":"<p>Los grupos parlamentarios de la oposici\u00f3n han hecho un llamamiento a la presidenta de la Comunidad de Madrid, Cristina Cifuentes, para que se siente con los maquinistas de Metro y \u00abdesbloquear\u00bb as\u00ed las negociaciones sobre el convenio colectivo que est\u00e1n originando paros en el servicio. Durante la rueda de prensa posterior a la Junta de<\/p>\n","protected":false},"author":1,"featured_media":79248,"comment_status":"open","ping_status":"closed","sticky":false,"template":"","format":"standard","meta":{"footnotes":""},"categories":[224],"tags":[],"class_list":{"0":"post-79247","1":"post","2":"type-post","3":"status-publish","4":"format-standard","5":"has-post-thumbnail","7":"category-noticias-actualidad"},"aioseo_notices":[],"aioseo_head":"\n\t\t<!-- All in One SEO Pro 4.9.6.1 - aioseo.com -->\n\t<meta name=\"description\" content=\"Los grupos parlamentarios de la oposici\u00f3n han hecho un llamamiento a la presidenta de la Comunidad de Madrid, Cristina Cifuentes, para que se siente con los maquinistas de Metro y &quot;desbloquear&quot; as\u00ed las negociaciones sobre el convenio colectivo que est\u00e1n originando paros en el servicio. Durante la rueda de prensa posterior a la Junta de\" \/>\n\t<meta name=\"robots\" content=\"max-image-preview:large\" \/>\n\t<meta name=\"author\" content=\"admin\"\/>\n\t<meta name=\"google-site-verification\" content=\"UA-38556648-1\" \/>\n\t<meta name=\"keywords\" content=\"noticias y actualidad\" \/>\n\t<link rel=\"canonical\" href=\"https:\/\/eldigitaldeasturias.com\/magazine365\/la-oposicion-llama-a-cifuentes-a-desbloquear-las-negociaciones-de-metro\/\" \/>\n\t<meta name=\"generator\" content=\"All in One SEO Pro (AIOSEO) 4.9.6.1\" \/>\n\t\t<meta property=\"og:locale\" content=\"es_ES\" \/>\n\t\t<meta property=\"og:site_name\" content=\"El Digital de Asturias \u2013 Revista de ocio, turismo y estilo de vida\" \/>\n\t\t<meta property=\"og:type\" content=\"article\" \/>\n\t\t<meta property=\"og:title\" content=\"La Oposici\u00f3n llama a Cifuentes a \u00abdesbloquear\u00bb las negociaciones de Metro | El Digital de Asturias\" \/>\n\t\t<meta property=\"og:description\" content=\"Los grupos parlamentarios de la oposici\u00f3n han hecho un llamamiento a la presidenta de la Comunidad de Madrid, Cristina Cifuentes, para que se siente con los maquinistas de Metro y &quot;desbloquear&quot; as\u00ed las negociaciones sobre el convenio colectivo que est\u00e1n originando paros en el servicio. Durante la rueda de prensa posterior a la Junta de\" \/>\n\t\t<meta property=\"og:url\" content=\"https:\/\/eldigitaldeasturias.com\/magazine365\/la-oposicion-llama-a-cifuentes-a-desbloquear-las-negociaciones-de-metro\/\" \/>\n\t\t<meta property=\"og:image\" content=\"https:\/\/eldigitaldeasturias.com\/magazine365\/wp-content\/uploads\/2016\/06\/fotonoticia_20160614155809_800.jpg\" \/>\n\t\t<meta property=\"og:image:secure_url\" content=\"https:\/\/eldigitaldeasturias.com\/magazine365\/wp-content\/uploads\/2016\/06\/fotonoticia_20160614155809_800.jpg\" \/>\n\t\t<meta property=\"og:image:width\" content=\"800\" \/>\n\t\t<meta property=\"og:image:height\" content=\"737\" \/>\n\t\t<meta property=\"article:published_time\" content=\"2016-06-14T18:44:18+00:00\" \/>\n\t\t<meta property=\"article:modified_time\" content=\"2016-06-14T18:44:18+00:00\" \/>\n\t\t<meta name=\"twitter:card\" content=\"summary_large_image\" \/>\n\t\t<meta name=\"twitter:title\" content=\"La Oposici\u00f3n llama a Cifuentes a \u00abdesbloquear\u00bb las negociaciones de Metro | El Digital de Asturias\" \/>\n\t\t<meta name=\"twitter:description\" content=\"Los grupos parlamentarios de la oposici\u00f3n han hecho un llamamiento a la presidenta de la Comunidad de Madrid, Cristina Cifuentes, para que se siente con los maquinistas de Metro y &quot;desbloquear&quot; as\u00ed las negociaciones sobre el convenio colectivo que est\u00e1n originando paros en el servicio. Durante la rueda de prensa posterior a la Junta de\" \/>\n\t\t<meta name=\"twitter:image\" content=\"https:\/\/eldigitaldeasturias.com\/magazine365\/wp-content\/uploads\/2016\/06\/fotonoticia_20160614155809_800.jpg\" \/>\n\t\t<script type=\"application\/ld+json\" class=\"aioseo-schema\">\n\t\t\t{\"@context\":\"https:\\\/\\\/schema.org\",\"@graph\":[{\"@type\":\"Article\",\"@id\":\"https:\\\/\\\/eldigitaldeasturias.com\\\/magazine365\\\/la-oposicion-llama-a-cifuentes-a-desbloquear-las-negociaciones-de-metro\\\/#article\",\"name\":\"La Oposici\\u00f3n llama a Cifuentes a \\u00abdesbloquear\\u00bb las negociaciones de Metro | El Digital de Asturias\",\"headline\":\"La Oposici\\u00f3n llama a Cifuentes a \\u00abdesbloquear\\u00bb las negociaciones de Metro\",\"author\":{\"@id\":\"https:\\\/\\\/eldigitaldeasturias.com\\\/magazine365\\\/author\\\/admin\\\/#author\"},\"publisher\":{\"@id\":\"https:\\\/\\\/eldigitaldeasturias.com\\\/magazine365\\\/#organization\"},\"image\":{\"@type\":\"ImageObject\",\"url\":\"https:\\\/\\\/eldigitaldeasturias.com\\\/magazine365\\\/wp-content\\\/uploads\\\/2016\\\/06\\\/fotonoticia_20160614155809_800.jpg\",\"width\":800,\"height\":737},\"datePublished\":\"2016-06-14T20:44:18+02:00\",\"dateModified\":\"2016-06-14T20:44:18+02:00\",\"inLanguage\":\"es-ES\",\"mainEntityOfPage\":{\"@id\":\"https:\\\/\\\/eldigitaldeasturias.com\\\/magazine365\\\/la-oposicion-llama-a-cifuentes-a-desbloquear-las-negociaciones-de-metro\\\/#webpage\"},\"isPartOf\":{\"@id\":\"https:\\\/\\\/eldigitaldeasturias.com\\\/magazine365\\\/la-oposicion-llama-a-cifuentes-a-desbloquear-las-negociaciones-de-metro\\\/#webpage\"},\"articleSection\":\"Noticias y Actualidad\"},{\"@type\":\"BreadcrumbList\",\"@id\":\"https:\\\/\\\/eldigitaldeasturias.com\\\/magazine365\\\/la-oposicion-llama-a-cifuentes-a-desbloquear-las-negociaciones-de-metro\\\/#breadcrumblist\",\"itemListElement\":[{\"@type\":\"ListItem\",\"@id\":\"https:\\\/\\\/eldigitaldeasturias.com\\\/magazine365#listItem\",\"position\":1,\"name\":\"Home\",\"item\":\"https:\\\/\\\/eldigitaldeasturias.com\\\/magazine365\",\"nextItem\":{\"@type\":\"ListItem\",\"@id\":\"https:\\\/\\\/eldigitaldeasturias.com\\\/magazine365\\\/category\\\/noticias-actualidad\\\/#listItem\",\"name\":\"Noticias y Actualidad\"}},{\"@type\":\"ListItem\",\"@id\":\"https:\\\/\\\/eldigitaldeasturias.com\\\/magazine365\\\/category\\\/noticias-actualidad\\\/#listItem\",\"position\":2,\"name\":\"Noticias y Actualidad\",\"item\":\"https:\\\/\\\/eldigitaldeasturias.com\\\/magazine365\\\/category\\\/noticias-actualidad\\\/\",\"nextItem\":{\"@type\":\"ListItem\",\"@id\":\"https:\\\/\\\/eldigitaldeasturias.com\\\/magazine365\\\/la-oposicion-llama-a-cifuentes-a-desbloquear-las-negociaciones-de-metro\\\/#listItem\",\"name\":\"La Oposici\\u00f3n llama a Cifuentes a \\u00abdesbloquear\\u00bb las negociaciones de Metro\"},\"previousItem\":{\"@type\":\"ListItem\",\"@id\":\"https:\\\/\\\/eldigitaldeasturias.com\\\/magazine365#listItem\",\"name\":\"Home\"}},{\"@type\":\"ListItem\",\"@id\":\"https:\\\/\\\/eldigitaldeasturias.com\\\/magazine365\\\/la-oposicion-llama-a-cifuentes-a-desbloquear-las-negociaciones-de-metro\\\/#listItem\",\"position\":3,\"name\":\"La Oposici\\u00f3n llama a Cifuentes a \\u00abdesbloquear\\u00bb las negociaciones de Metro\",\"previousItem\":{\"@type\":\"ListItem\",\"@id\":\"https:\\\/\\\/eldigitaldeasturias.com\\\/magazine365\\\/category\\\/noticias-actualidad\\\/#listItem\",\"name\":\"Noticias y Actualidad\"}}]},{\"@type\":\"Organization\",\"@id\":\"https:\\\/\\\/eldigitaldeasturias.com\\\/magazine365\\\/#organization\",\"name\":\"El digital de Asturias\",\"description\":\"Revista de ocio, turismo y estilo de vida\",\"url\":\"https:\\\/\\\/eldigitaldeasturias.com\\\/magazine365\\\/\",\"logo\":{\"@type\":\"ImageObject\",\"url\":\"https:\\\/\\\/www.eldigitaldeasturias.com\\\/noticias\\\/wp-content\\\/uploads\\\/2020\\\/12\\\/EDA.jpg\",\"@id\":\"https:\\\/\\\/eldigitaldeasturias.com\\\/magazine365\\\/la-oposicion-llama-a-cifuentes-a-desbloquear-las-negociaciones-de-metro\\\/#organizationLogo\"},\"image\":{\"@id\":\"https:\\\/\\\/eldigitaldeasturias.com\\\/magazine365\\\/la-oposicion-llama-a-cifuentes-a-desbloquear-las-negociaciones-de-metro\\\/#organizationLogo\"}},{\"@type\":\"Person\",\"@id\":\"https:\\\/\\\/eldigitaldeasturias.com\\\/magazine365\\\/author\\\/admin\\\/#author\",\"url\":\"https:\\\/\\\/eldigitaldeasturias.com\\\/magazine365\\\/author\\\/admin\\\/\",\"name\":\"admin\",\"image\":{\"@type\":\"ImageObject\",\"@id\":\"https:\\\/\\\/eldigitaldeasturias.com\\\/magazine365\\\/la-oposicion-llama-a-cifuentes-a-desbloquear-las-negociaciones-de-metro\\\/#authorImage\",\"url\":\"https:\\\/\\\/eldigitaldeasturias.com\\\/magazine365\\\/wp-content\\\/litespeed\\\/avatar\\\/e571bcf59a0edd6fa6838245a470f2fe.jpg?ver=1776969259\",\"width\":96,\"height\":96,\"caption\":\"admin\"}},{\"@type\":\"WebPage\",\"@id\":\"https:\\\/\\\/eldigitaldeasturias.com\\\/magazine365\\\/la-oposicion-llama-a-cifuentes-a-desbloquear-las-negociaciones-de-metro\\\/#webpage\",\"url\":\"https:\\\/\\\/eldigitaldeasturias.com\\\/magazine365\\\/la-oposicion-llama-a-cifuentes-a-desbloquear-las-negociaciones-de-metro\\\/\",\"name\":\"La Oposici\\u00f3n llama a Cifuentes a \\u00abdesbloquear\\u00bb las negociaciones de Metro | El Digital de Asturias\",\"description\":\"Los grupos parlamentarios de la oposici\\u00f3n han hecho un llamamiento a la presidenta de la Comunidad de Madrid, Cristina Cifuentes, para que se siente con los maquinistas de Metro y \\\"desbloquear\\\" as\\u00ed las negociaciones sobre el convenio colectivo que est\\u00e1n originando paros en el servicio. Durante la rueda de prensa posterior a la Junta de\",\"inLanguage\":\"es-ES\",\"isPartOf\":{\"@id\":\"https:\\\/\\\/eldigitaldeasturias.com\\\/magazine365\\\/#website\"},\"breadcrumb\":{\"@id\":\"https:\\\/\\\/eldigitaldeasturias.com\\\/magazine365\\\/la-oposicion-llama-a-cifuentes-a-desbloquear-las-negociaciones-de-metro\\\/#breadcrumblist\"},\"author\":{\"@id\":\"https:\\\/\\\/eldigitaldeasturias.com\\\/magazine365\\\/author\\\/admin\\\/#author\"},\"creator\":{\"@id\":\"https:\\\/\\\/eldigitaldeasturias.com\\\/magazine365\\\/author\\\/admin\\\/#author\"},\"image\":{\"@type\":\"ImageObject\",\"url\":\"https:\\\/\\\/eldigitaldeasturias.com\\\/magazine365\\\/wp-content\\\/uploads\\\/2016\\\/06\\\/fotonoticia_20160614155809_800.jpg\",\"@id\":\"https:\\\/\\\/eldigitaldeasturias.com\\\/magazine365\\\/la-oposicion-llama-a-cifuentes-a-desbloquear-las-negociaciones-de-metro\\\/#mainImage\",\"width\":800,\"height\":737},\"primaryImageOfPage\":{\"@id\":\"https:\\\/\\\/eldigitaldeasturias.com\\\/magazine365\\\/la-oposicion-llama-a-cifuentes-a-desbloquear-las-negociaciones-de-metro\\\/#mainImage\"},\"datePublished\":\"2016-06-14T20:44:18+02:00\",\"dateModified\":\"2016-06-14T20:44:18+02:00\"},{\"@type\":\"WebSite\",\"@id\":\"https:\\\/\\\/eldigitaldeasturias.com\\\/magazine365\\\/#website\",\"url\":\"https:\\\/\\\/eldigitaldeasturias.com\\\/magazine365\\\/\",\"name\":\"El Digital de Asturias\",\"description\":\"Revista de ocio, turismo y estilo de vida\",\"inLanguage\":\"es-ES\",\"publisher\":{\"@id\":\"https:\\\/\\\/eldigitaldeasturias.com\\\/magazine365\\\/#organization\"}}]}\n\t\t<\/script>\n\t\t<!-- All in One SEO Pro -->\r\n\t\t<title>La Oposici\u00f3n llama a Cifuentes a \u00abdesbloquear\u00bb las negociaciones de Metro | El Digital de Asturias<\/title>\n\n","aioseo_head_json":{"title":"La Oposici\u00f3n llama a Cifuentes a \u00abdesbloquear\u00bb las negociaciones de Metro | El Digital de Asturias","description":"Los grupos parlamentarios de la oposici\u00f3n han hecho un llamamiento a la presidenta de la Comunidad de Madrid, Cristina Cifuentes, para que se siente con los maquinistas de Metro y \"desbloquear\" as\u00ed las negociaciones sobre el convenio colectivo que est\u00e1n originando paros en el servicio. Durante la rueda de prensa posterior a la Junta de","canonical_url":"https:\/\/eldigitaldeasturias.com\/magazine365\/la-oposicion-llama-a-cifuentes-a-desbloquear-las-negociaciones-de-metro\/","robots":"max-image-preview:large","keywords":"noticias y actualidad","webmasterTools":{"google-site-verification":"UA-38556648-1","miscellaneous":""},"schema":{"@context":"https:\/\/schema.org","@graph":[{"@type":"Article","@id":"https:\/\/eldigitaldeasturias.com\/magazine365\/la-oposicion-llama-a-cifuentes-a-desbloquear-las-negociaciones-de-metro\/#article","name":"La Oposici\u00f3n llama a Cifuentes a \u00abdesbloquear\u00bb las negociaciones de Metro | El Digital de Asturias","headline":"La Oposici\u00f3n llama a Cifuentes a \u00abdesbloquear\u00bb las negociaciones de Metro","author":{"@id":"https:\/\/eldigitaldeasturias.com\/magazine365\/author\/admin\/#author"},"publisher":{"@id":"https:\/\/eldigitaldeasturias.com\/magazine365\/#organization"},"image":{"@type":"ImageObject","url":"https:\/\/eldigitaldeasturias.com\/magazine365\/wp-content\/uploads\/2016\/06\/fotonoticia_20160614155809_800.jpg","width":800,"height":737},"datePublished":"2016-06-14T20:44:18+02:00","dateModified":"2016-06-14T20:44:18+02:00","inLanguage":"es-ES","mainEntityOfPage":{"@id":"https:\/\/eldigitaldeasturias.com\/magazine365\/la-oposicion-llama-a-cifuentes-a-desbloquear-las-negociaciones-de-metro\/#webpage"},"isPartOf":{"@id":"https:\/\/eldigitaldeasturias.com\/magazine365\/la-oposicion-llama-a-cifuentes-a-desbloquear-las-negociaciones-de-metro\/#webpage"},"articleSection":"Noticias y Actualidad"},{"@type":"BreadcrumbList","@id":"https:\/\/eldigitaldeasturias.com\/magazine365\/la-oposicion-llama-a-cifuentes-a-desbloquear-las-negociaciones-de-metro\/#breadcrumblist","itemListElement":[{"@type":"ListItem","@id":"https:\/\/eldigitaldeasturias.com\/magazine365#listItem","position":1,"name":"Home","item":"https:\/\/eldigitaldeasturias.com\/magazine365","nextItem":{"@type":"ListItem","@id":"https:\/\/eldigitaldeasturias.com\/magazine365\/category\/noticias-actualidad\/#listItem","name":"Noticias y Actualidad"}},{"@type":"ListItem","@id":"https:\/\/eldigitaldeasturias.com\/magazine365\/category\/noticias-actualidad\/#listItem","position":2,"name":"Noticias y Actualidad","item":"https:\/\/eldigitaldeasturias.com\/magazine365\/category\/noticias-actualidad\/","nextItem":{"@type":"ListItem","@id":"https:\/\/eldigitaldeasturias.com\/magazine365\/la-oposicion-llama-a-cifuentes-a-desbloquear-las-negociaciones-de-metro\/#listItem","name":"La Oposici\u00f3n llama a Cifuentes a \u00abdesbloquear\u00bb las negociaciones de Metro"},"previousItem":{"@type":"ListItem","@id":"https:\/\/eldigitaldeasturias.com\/magazine365#listItem","name":"Home"}},{"@type":"ListItem","@id":"https:\/\/eldigitaldeasturias.com\/magazine365\/la-oposicion-llama-a-cifuentes-a-desbloquear-las-negociaciones-de-metro\/#listItem","position":3,"name":"La Oposici\u00f3n llama a Cifuentes a \u00abdesbloquear\u00bb las negociaciones de Metro","previousItem":{"@type":"ListItem","@id":"https:\/\/eldigitaldeasturias.com\/magazine365\/category\/noticias-actualidad\/#listItem","name":"Noticias y Actualidad"}}]},{"@type":"Organization","@id":"https:\/\/eldigitaldeasturias.com\/magazine365\/#organization","name":"El digital de Asturias","description":"Revista de ocio, turismo y estilo de vida","url":"https:\/\/eldigitaldeasturias.com\/magazine365\/","logo":{"@type":"ImageObject","url":"https:\/\/www.eldigitaldeasturias.com\/noticias\/wp-content\/uploads\/2020\/12\/EDA.jpg","@id":"https:\/\/eldigitaldeasturias.com\/magazine365\/la-oposicion-llama-a-cifuentes-a-desbloquear-las-negociaciones-de-metro\/#organizationLogo"},"image":{"@id":"https:\/\/eldigitaldeasturias.com\/magazine365\/la-oposicion-llama-a-cifuentes-a-desbloquear-las-negociaciones-de-metro\/#organizationLogo"}},{"@type":"Person","@id":"https:\/\/eldigitaldeasturias.com\/magazine365\/author\/admin\/#author","url":"https:\/\/eldigitaldeasturias.com\/magazine365\/author\/admin\/","name":"admin","image":{"@type":"ImageObject","@id":"https:\/\/eldigitaldeasturias.com\/magazine365\/la-oposicion-llama-a-cifuentes-a-desbloquear-las-negociaciones-de-metro\/#authorImage","url":"https:\/\/eldigitaldeasturias.com\/magazine365\/wp-content\/litespeed\/avatar\/e571bcf59a0edd6fa6838245a470f2fe.jpg?ver=1776969259","width":96,"height":96,"caption":"admin"}},{"@type":"WebPage","@id":"https:\/\/eldigitaldeasturias.com\/magazine365\/la-oposicion-llama-a-cifuentes-a-desbloquear-las-negociaciones-de-metro\/#webpage","url":"https:\/\/eldigitaldeasturias.com\/magazine365\/la-oposicion-llama-a-cifuentes-a-desbloquear-las-negociaciones-de-metro\/","name":"La Oposici\u00f3n llama a Cifuentes a \u00abdesbloquear\u00bb las negociaciones de Metro | El Digital de Asturias","description":"Los grupos parlamentarios de la oposici\u00f3n han hecho un llamamiento a la presidenta de la Comunidad de Madrid, Cristina Cifuentes, para que se siente con los maquinistas de Metro y \"desbloquear\" as\u00ed las negociaciones sobre el convenio colectivo que est\u00e1n originando paros en el servicio. Durante la rueda de prensa posterior a la Junta de","inLanguage":"es-ES","isPartOf":{"@id":"https:\/\/eldigitaldeasturias.com\/magazine365\/#website"},"breadcrumb":{"@id":"https:\/\/eldigitaldeasturias.com\/magazine365\/la-oposicion-llama-a-cifuentes-a-desbloquear-las-negociaciones-de-metro\/#breadcrumblist"},"author":{"@id":"https:\/\/eldigitaldeasturias.com\/magazine365\/author\/admin\/#author"},"creator":{"@id":"https:\/\/eldigitaldeasturias.com\/magazine365\/author\/admin\/#author"},"image":{"@type":"ImageObject","url":"https:\/\/eldigitaldeasturias.com\/magazine365\/wp-content\/uploads\/2016\/06\/fotonoticia_20160614155809_800.jpg","@id":"https:\/\/eldigitaldeasturias.com\/magazine365\/la-oposicion-llama-a-cifuentes-a-desbloquear-las-negociaciones-de-metro\/#mainImage","width":800,"height":737},"primaryImageOfPage":{"@id":"https:\/\/eldigitaldeasturias.com\/magazine365\/la-oposicion-llama-a-cifuentes-a-desbloquear-las-negociaciones-de-metro\/#mainImage"},"datePublished":"2016-06-14T20:44:18+02:00","dateModified":"2016-06-14T20:44:18+02:00"},{"@type":"WebSite","@id":"https:\/\/eldigitaldeasturias.com\/magazine365\/#website","url":"https:\/\/eldigitaldeasturias.com\/magazine365\/","name":"El Digital de Asturias","description":"Revista de ocio, turismo y estilo de vida","inLanguage":"es-ES","publisher":{"@id":"https:\/\/eldigitaldeasturias.com\/magazine365\/#organization"}}]},"og:locale":"es_ES","og:site_name":"El Digital de Asturias \u2013 Revista de ocio, turismo y estilo de vida","og:type":"article","og:title":"La Oposici\u00f3n llama a Cifuentes a \u00abdesbloquear\u00bb las negociaciones de Metro | El Digital de Asturias","og:description":"Los grupos parlamentarios de la oposici\u00f3n han hecho un llamamiento a la presidenta de la Comunidad de Madrid, Cristina Cifuentes, para que se siente con los maquinistas de Metro y &quot;desbloquear&quot; as\u00ed las negociaciones sobre el convenio colectivo que est\u00e1n originando paros en el servicio. Durante la rueda de prensa posterior a la Junta de","og:url":"https:\/\/eldigitaldeasturias.com\/magazine365\/la-oposicion-llama-a-cifuentes-a-desbloquear-las-negociaciones-de-metro\/","og:image":"https:\/\/eldigitaldeasturias.com\/magazine365\/wp-content\/uploads\/2016\/06\/fotonoticia_20160614155809_800.jpg","og:image:secure_url":"https:\/\/eldigitaldeasturias.com\/magazine365\/wp-content\/uploads\/2016\/06\/fotonoticia_20160614155809_800.jpg","og:image:width":800,"og:image:height":737,"article:published_time":"2016-06-14T18:44:18+00:00","article:modified_time":"2016-06-14T18:44:18+00:00","twitter:card":"summary_large_image","twitter:title":"La Oposici\u00f3n llama a Cifuentes a \u00abdesbloquear\u00bb las negociaciones de Metro | El Digital de Asturias","twitter:description":"Los grupos parlamentarios de la oposici\u00f3n han hecho un llamamiento a la presidenta de la Comunidad de Madrid, Cristina Cifuentes, para que se siente con los maquinistas de Metro y &quot;desbloquear&quot; as\u00ed las negociaciones sobre el convenio colectivo que est\u00e1n originando paros en el servicio. Durante la rueda de prensa posterior a la Junta de","twitter:image":"https:\/\/eldigitaldeasturias.com\/magazine365\/wp-content\/uploads\/2016\/06\/fotonoticia_20160614155809_800.jpg"},"aioseo_meta_data":{"post_id":"79247","title":null,"description":null,"keywords":null,"keyphrases":null,"primary_term":null,"canonical_url":null,"og_title":null,"og_description":null,"og_object_type":"default","og_image_type":"default","og_image_url":null,"og_image_width":null,"og_image_height":null,"og_image_custom_url":null,"og_image_custom_fields":null,"og_video":null,"og_custom_url":null,"og_article_section":null,"og_article_tags":null,"twitter_use_og":false,"twitter_card":"default","twitter_image_type":"default","twitter_image_url":null,"twitter_image_custom_url":null,"twitter_image_custom_fields":null,"twitter_title":null,"twitter_description":null,"schema":{"blockGraphs":[],"customGraphs":[],"default":{"data":{"Article":[],"Course":[],"Dataset":[],"FAQPage":[],"Movie":[],"Person":[],"Product":[],"ProductReview":[],"Car":[],"Recipe":[],"Service":[],"SoftwareApplication":[],"WebPage":[]},"graphName":"","isEnabled":true},"graphs":[],"defaultGraph":"","defaultPostTypeGraph":""},"schema_type":null,"schema_type_options":null,"pillar_content":false,"robots_default":true,"robots_noindex":false,"robots_noarchive":false,"robots_nosnippet":false,"robots_nofollow":false,"robots_noimageindex":false,"robots_noodp":false,"robots_notranslate":false,"robots_max_snippet":null,"robots_max_videopreview":null,"robots_max_imagepreview":"large","priority":null,"frequency":null,"location":null,"local_seo":null,"seo_analyzer_scan_date":"2025-09-27 18:31:18","breadcrumb_settings":null,"limit_modified_date":false,"open_ai":null,"ai":null,"created":"2021-03-08 17:51:10","updated":"2025-09-27 18:31:18"},"aioseo_breadcrumb":"<div class=\"aioseo-breadcrumbs\"><span class=\"aioseo-breadcrumb\">\n\t<a href=\"https:\/\/eldigitaldeasturias.com\/magazine365\" title=\"Home\">Home<\/a>\n<\/span><span class=\"aioseo-breadcrumb-separator\">\u2013<\/span><span class=\"aioseo-breadcrumb\">\n\t<a href=\"https:\/\/eldigitaldeasturias.com\/magazine365\/category\/noticias-actualidad\/\" title=\"Noticias y Actualidad\">Noticias y Actualidad<\/a>\n<\/span><span class=\"aioseo-breadcrumb-separator\">\u2013<\/span><span class=\"aioseo-breadcrumb\">\n\t<a href=\"https:\/\/eldigitaldeasturias.com\/magazine365\/la-oposicion-llama-a-cifuentes-a-desbloquear-las-negociaciones-de-metro\/\" title=\"La Oposici\u00f3n llama a Cifuentes a \u00abdesbloquear\u00bb las negociaciones de Metro\">La Oposici\u00f3n llama a Cifuentes a \u00abdesbloquear\u00bb las negociaciones de Metro<\/a>\n<\/span><\/div>","aioseo_breadcrumb_json":[{"label":"Home","link":"https:\/\/eldigitaldeasturias.com\/magazine365"},{"label":"Noticias y Actualidad","link":"https:\/\/eldigitaldeasturias.com\/magazine365\/category\/noticias-actualidad\/"},{"label":"La Oposici\u00f3n llama a Cifuentes a \u00abdesbloquear\u00bb las negociaciones de Metro","link":"https:\/\/eldigitaldeasturias.com\/magazine365\/la-oposicion-llama-a-cifuentes-a-desbloquear-las-negociaciones-de-metro\/"}],"_links":{"self":[{"href":"https:\/\/eldigitaldeasturias.com\/magazine365\/wp-json\/wp\/v2\/posts\/79247","targetHints":{"allow":["GET"]}}],"collection":[{"href":"https:\/\/eldigitaldeasturias.com\/magazine365\/wp-json\/wp\/v2\/posts"}],"about":[{"href":"https:\/\/eldigitaldeasturias.com\/magazine365\/wp-json\/wp\/v2\/types\/post"}],"author":[{"embeddable":true,"href":"https:\/\/eldigitaldeasturias.com\/magazine365\/wp-json\/wp\/v2\/users\/1"}],"replies":[{"embeddable":true,"href":"https:\/\/eldigitaldeasturias.com\/magazine365\/wp-json\/wp\/v2\/comments?post=79247"}],"version-history":[{"count":0,"href":"https:\/\/eldigitaldeasturias.com\/magazine365\/wp-json\/wp\/v2\/posts\/79247\/revisions"}],"wp:featuredmedia":[{"embeddable":true,"href":"https:\/\/eldigitaldeasturias.com\/magazine365\/wp-json\/wp\/v2\/media\/79248"}],"wp:attachment":[{"href":"https:\/\/eldigitaldeasturias.com\/magazine365\/wp-json\/wp\/v2\/media?parent=79247"}],"wp:term":[{"taxonomy":"category","embeddable":true,"href":"https:\/\/eldigitaldeasturias.com\/magazine365\/wp-json\/wp\/v2\/categories?post=79247"},{"taxonomy":"post_tag","embeddable":true,"href":"https:\/\/eldigitaldeasturias.com\/magazine365\/wp-json\/wp\/v2\/tags?post=79247"}],"curies":[{"name":"wp","href":"https:\/\/api.w.org\/{rel}","templated":true}]}}