{"id":79240,"date":"2016-06-14T20:35:48","date_gmt":"2016-06-14T18:35:48","guid":{"rendered":"http:\/\/eldigitaldeasturias.com\/magazine365\/?p=79240"},"modified":"2016-06-14T20:35:48","modified_gmt":"2016-06-14T18:35:48","slug":"metro-de-madrid-mejorara-la-ventilacion-de-los-trenes-y-estaciones-de-la-linea-6","status":"publish","type":"post","link":"https:\/\/eldigitaldeasturias.com\/magazine365\/metro-de-madrid-mejorara-la-ventilacion-de-los-trenes-y-estaciones-de-la-linea-6\/","title":{"rendered":"Metro de Madrid mejorar\u00e1 la ventilaci\u00f3n de los trenes y estaciones de la l\u00ednea 6"},"content":{"rendered":"<p><img fetchpriority=\"high\" decoding=\"async\" class=\"alignleft size-medium wp-image-79241\" src=\"https:\/\/eldigitaldeasturias.com\/magazine365\/wp-content\/uploads\/2016\/06\/fotonoticia_20160614155718_800-360x240.jpg\" alt=\"fotonoticia_20160614155718_800\" width=\"360\" height=\"240\" srcset=\"https:\/\/eldigitaldeasturias.com\/magazine365\/wp-content\/uploads\/2016\/06\/fotonoticia_20160614155718_800-360x240.jpg 360w, https:\/\/eldigitaldeasturias.com\/magazine365\/wp-content\/uploads\/2016\/06\/fotonoticia_20160614155718_800-650x433.jpg 650w, https:\/\/eldigitaldeasturias.com\/magazine365\/wp-content\/uploads\/2016\/06\/fotonoticia_20160614155718_800-768x512.jpg 768w, https:\/\/eldigitaldeasturias.com\/magazine365\/wp-content\/uploads\/2016\/06\/fotonoticia_20160614155718_800-150x100.jpg 150w, https:\/\/eldigitaldeasturias.com\/magazine365\/wp-content\/uploads\/2016\/06\/fotonoticia_20160614155718_800-450x300.jpg 450w, https:\/\/eldigitaldeasturias.com\/magazine365\/wp-content\/uploads\/2016\/06\/fotonoticia_20160614155718_800-101x66.jpg 101w, https:\/\/eldigitaldeasturias.com\/magazine365\/wp-content\/uploads\/2016\/06\/fotonoticia_20160614155718_800.jpg 800w\" sizes=\"(max-width: 360px) 100vw, 360px\" \/>Metro de Madrid invertir\u00e1 un total de 4.940.000 euros para la renovaci\u00f3n completa de 15 pozos de ventilaci\u00f3n en los tramos de t\u00fanel m\u00e1s antiguos de la l\u00ednea 6, con el objetivo de mejorar las condiciones de ventilaci\u00f3n y renovaci\u00f3n del ambiente interior y para permitir la reducci\u00f3n de la temperatura generada por los equipamientos de las estaciones, los trenes y los usuarios.<\/p>\n<p>Las obras, cuya adjudicaci\u00f3n ha conocido hoy el Consejo de Gobierno, tienen un plazo de ejecuci\u00f3n de 24 meses, desde su inicio, y no afectar\u00e1n al servicio de la l\u00ednea, ha informado este mediod\u00eda en la rueda de prensa posterior al Consejo el portavoz regional, \u00c1ngel Garrido.<\/p>\n<p>Las nuevas instalaciones sustituir\u00e1n a una serie de materiales e infraestructuras con una antig\u00fcedad comprendida entre 20 y 30 a\u00f1os que ya han superado su vida \u00fatil. Todos los pozos estar\u00e1n dotados con sistemas de telemando y control remoto para garantizar el mantenimiento y robustez de los equipos y asegurar el m\u00ednimo consumo energ\u00e9tico.<\/p>\n<p>Las interestaciones en las que se realizar\u00e1n las actuaciones de mejora son: Opa\u00f1el-Plaza El\u00edptica, Plaza El\u00edptica-Usera, Usera-Legazpi, M\u00e9ndez \u00c1lvaro- Pac\u00edfico, Pac\u00edfico-Conde de Casal, O&#8217;Donnell-Manuel Becerra, Cuatro Caminos-Guzm\u00e1n el Bueno, Guzm\u00e1n el Bueno-Metropolitano, Metropolitano-Ciudad Universitaria, Ciudad Universitaria-Moncloa, Moncloa-Arg\u00fcelles, Arg\u00fcelles-Pr\u00edncipe P\u00edo, Pr\u00edncipe P\u00edo-Puerta del \u00c1ngel, Puerta del \u00c1ngel-Alto de Extremadura y Alto de Extremadura-Lucero.<\/p>\n<h2 class=\"ladillo\">CINCO NUEVAS GALER\u00cdAS<\/h2>\n<p>Los trabajos de renovaci\u00f3n llevan aparejados la construcci\u00f3n de cinco nuevas galer\u00edas para la instalaci\u00f3n de los equipos en los pozos, situados a una profundidad desde la calle que oscila entre los siete y los 48 metros. En aquellos casos en los que sea necesaria la ejecuci\u00f3n de las galer\u00edas, se efectuar\u00e1 seg\u00fan el m\u00e9todo belga de construcci\u00f3n de t\u00faneles (m\u00e9todo cl\u00e1sico de Madrid), previa realizaci\u00f3n de los sondeos geot\u00e9cnicos para el reconocimiento del terreno.<\/p>\n<p>Los trabajos contar\u00e1n con varias actuaciones auxiliares que garanticen la seguridad, limpieza e impermeabilizaci\u00f3n de los pozos, que estar\u00e1n dotados de elementos y sistemas para el control ac\u00fastico, protecci\u00f3n contra incendios, canalizaciones para recogida de agua, arquetas de decantaci\u00f3n y conductos de desag\u00fce. Los pozos tendr\u00e1n instalaciones el\u00e9ctricas nuevas y contar\u00e1n con un tendido de fibra \u00f3ptica de \u00faltima generaci\u00f3n, ha se\u00f1alado desde la Comunidad.<\/p>\n<p>Estas actuaciones se enmarcan en la segunda fase de un proyecto de reforma que comenz\u00f3 en 2008 con la renovaci\u00f3n y mejora de otros 11 pozos de ventilaci\u00f3n en la l\u00ednea 6. Las obras se ejecutar\u00e1n de forma que no interfirieran en las condiciones normales del servicio de la l\u00ednea.<\/p>\n","protected":false},"excerpt":{"rendered":"<p>Metro de Madrid invertir\u00e1 un total de 4.940.000 euros para la renovaci\u00f3n completa de 15 pozos de ventilaci\u00f3n en los tramos de t\u00fanel m\u00e1s antiguos de la l\u00ednea 6, con el objetivo de mejorar las condiciones de ventilaci\u00f3n y renovaci\u00f3n del ambiente interior y para permitir la reducci\u00f3n de la temperatura generada por los equipamientos<\/p>\n","protected":false},"author":1,"featured_media":79241,"comment_status":"open","ping_status":"closed","sticky":false,"template":"","format":"standard","meta":{"footnotes":""},"categories":[224],"tags":[],"class_list":{"0":"post-79240","1":"post","2":"type-post","3":"status-publish","4":"format-standard","5":"has-post-thumbnail","7":"category-noticias-actualidad"},"aioseo_notices":[],"aioseo_head":"\n\t\t<!-- All in One SEO Pro 4.9.6.1 - aioseo.com -->\n\t<meta name=\"description\" content=\"Metro de Madrid invertir\u00e1 un total de 4.940.000 euros para la renovaci\u00f3n completa de 15 pozos de ventilaci\u00f3n en los tramos de t\u00fanel m\u00e1s antiguos de la l\u00ednea 6, con el objetivo de mejorar las condiciones de ventilaci\u00f3n y renovaci\u00f3n del ambiente interior y para permitir la reducci\u00f3n de la temperatura generada por los equipamientos\" \/>\n\t<meta name=\"robots\" content=\"max-image-preview:large\" \/>\n\t<meta name=\"author\" content=\"admin\"\/>\n\t<meta name=\"google-site-verification\" content=\"UA-38556648-1\" \/>\n\t<meta name=\"keywords\" content=\"noticias y actualidad\" \/>\n\t<link rel=\"canonical\" href=\"https:\/\/eldigitaldeasturias.com\/magazine365\/metro-de-madrid-mejorara-la-ventilacion-de-los-trenes-y-estaciones-de-la-linea-6\/\" \/>\n\t<meta name=\"generator\" content=\"All in One SEO Pro (AIOSEO) 4.9.6.1\" \/>\n\t\t<meta property=\"og:locale\" content=\"es_ES\" \/>\n\t\t<meta property=\"og:site_name\" content=\"El Digital de Asturias \u2013 Revista de ocio, turismo y estilo de vida\" \/>\n\t\t<meta property=\"og:type\" content=\"article\" \/>\n\t\t<meta property=\"og:title\" content=\"Metro de Madrid mejorar\u00e1 la ventilaci\u00f3n de los trenes y estaciones de la l\u00ednea 6 | El Digital de Asturias\" \/>\n\t\t<meta property=\"og:description\" content=\"Metro de Madrid invertir\u00e1 un total de 4.940.000 euros para la renovaci\u00f3n completa de 15 pozos de ventilaci\u00f3n en los tramos de t\u00fanel m\u00e1s antiguos de la l\u00ednea 6, con el objetivo de mejorar las condiciones de ventilaci\u00f3n y renovaci\u00f3n del ambiente interior y para permitir la reducci\u00f3n de la temperatura generada por los equipamientos\" \/>\n\t\t<meta property=\"og:url\" content=\"https:\/\/eldigitaldeasturias.com\/magazine365\/metro-de-madrid-mejorara-la-ventilacion-de-los-trenes-y-estaciones-de-la-linea-6\/\" \/>\n\t\t<meta property=\"og:image\" content=\"https:\/\/eldigitaldeasturias.com\/magazine365\/wp-content\/uploads\/2016\/06\/fotonoticia_20160614155718_800.jpg\" \/>\n\t\t<meta property=\"og:image:secure_url\" content=\"https:\/\/eldigitaldeasturias.com\/magazine365\/wp-content\/uploads\/2016\/06\/fotonoticia_20160614155718_800.jpg\" \/>\n\t\t<meta property=\"og:image:width\" content=\"800\" \/>\n\t\t<meta property=\"og:image:height\" content=\"533\" \/>\n\t\t<meta property=\"article:published_time\" content=\"2016-06-14T18:35:48+00:00\" \/>\n\t\t<meta property=\"article:modified_time\" content=\"2016-06-14T18:35:48+00:00\" \/>\n\t\t<meta name=\"twitter:card\" content=\"summary_large_image\" \/>\n\t\t<meta name=\"twitter:title\" content=\"Metro de Madrid mejorar\u00e1 la ventilaci\u00f3n de los trenes y estaciones de la l\u00ednea 6 | El Digital de Asturias\" \/>\n\t\t<meta name=\"twitter:description\" content=\"Metro de Madrid invertir\u00e1 un total de 4.940.000 euros para la renovaci\u00f3n completa de 15 pozos de ventilaci\u00f3n en los tramos de t\u00fanel m\u00e1s antiguos de la l\u00ednea 6, con el objetivo de mejorar las condiciones de ventilaci\u00f3n y renovaci\u00f3n del ambiente interior y para permitir la reducci\u00f3n de la temperatura generada por los equipamientos\" \/>\n\t\t<meta name=\"twitter:image\" content=\"https:\/\/eldigitaldeasturias.com\/magazine365\/wp-content\/uploads\/2016\/06\/fotonoticia_20160614155718_800.jpg\" \/>\n\t\t<script type=\"application\/ld+json\" class=\"aioseo-schema\">\n\t\t\t{\"@context\":\"https:\\\/\\\/schema.org\",\"@graph\":[{\"@type\":\"Article\",\"@id\":\"https:\\\/\\\/eldigitaldeasturias.com\\\/magazine365\\\/metro-de-madrid-mejorara-la-ventilacion-de-los-trenes-y-estaciones-de-la-linea-6\\\/#article\",\"name\":\"Metro de Madrid mejorar\\u00e1 la ventilaci\\u00f3n de los trenes y estaciones de la l\\u00ednea 6 | El Digital de Asturias\",\"headline\":\"Metro de Madrid mejorar\\u00e1 la ventilaci\\u00f3n de los trenes y estaciones de la l\\u00ednea 6\",\"author\":{\"@id\":\"https:\\\/\\\/eldigitaldeasturias.com\\\/magazine365\\\/author\\\/admin\\\/#author\"},\"publisher\":{\"@id\":\"https:\\\/\\\/eldigitaldeasturias.com\\\/magazine365\\\/#organization\"},\"image\":{\"@type\":\"ImageObject\",\"url\":\"https:\\\/\\\/eldigitaldeasturias.com\\\/magazine365\\\/wp-content\\\/uploads\\\/2016\\\/06\\\/fotonoticia_20160614155718_800.jpg\",\"width\":800,\"height\":533},\"datePublished\":\"2016-06-14T20:35:48+02:00\",\"dateModified\":\"2016-06-14T20:35:48+02:00\",\"inLanguage\":\"es-ES\",\"mainEntityOfPage\":{\"@id\":\"https:\\\/\\\/eldigitaldeasturias.com\\\/magazine365\\\/metro-de-madrid-mejorara-la-ventilacion-de-los-trenes-y-estaciones-de-la-linea-6\\\/#webpage\"},\"isPartOf\":{\"@id\":\"https:\\\/\\\/eldigitaldeasturias.com\\\/magazine365\\\/metro-de-madrid-mejorara-la-ventilacion-de-los-trenes-y-estaciones-de-la-linea-6\\\/#webpage\"},\"articleSection\":\"Noticias y Actualidad\"},{\"@type\":\"BreadcrumbList\",\"@id\":\"https:\\\/\\\/eldigitaldeasturias.com\\\/magazine365\\\/metro-de-madrid-mejorara-la-ventilacion-de-los-trenes-y-estaciones-de-la-linea-6\\\/#breadcrumblist\",\"itemListElement\":[{\"@type\":\"ListItem\",\"@id\":\"https:\\\/\\\/eldigitaldeasturias.com\\\/magazine365#listItem\",\"position\":1,\"name\":\"Home\",\"item\":\"https:\\\/\\\/eldigitaldeasturias.com\\\/magazine365\",\"nextItem\":{\"@type\":\"ListItem\",\"@id\":\"https:\\\/\\\/eldigitaldeasturias.com\\\/magazine365\\\/category\\\/noticias-actualidad\\\/#listItem\",\"name\":\"Noticias y Actualidad\"}},{\"@type\":\"ListItem\",\"@id\":\"https:\\\/\\\/eldigitaldeasturias.com\\\/magazine365\\\/category\\\/noticias-actualidad\\\/#listItem\",\"position\":2,\"name\":\"Noticias y Actualidad\",\"item\":\"https:\\\/\\\/eldigitaldeasturias.com\\\/magazine365\\\/category\\\/noticias-actualidad\\\/\",\"nextItem\":{\"@type\":\"ListItem\",\"@id\":\"https:\\\/\\\/eldigitaldeasturias.com\\\/magazine365\\\/metro-de-madrid-mejorara-la-ventilacion-de-los-trenes-y-estaciones-de-la-linea-6\\\/#listItem\",\"name\":\"Metro de Madrid mejorar\\u00e1 la ventilaci\\u00f3n de los trenes y estaciones de la l\\u00ednea 6\"},\"previousItem\":{\"@type\":\"ListItem\",\"@id\":\"https:\\\/\\\/eldigitaldeasturias.com\\\/magazine365#listItem\",\"name\":\"Home\"}},{\"@type\":\"ListItem\",\"@id\":\"https:\\\/\\\/eldigitaldeasturias.com\\\/magazine365\\\/metro-de-madrid-mejorara-la-ventilacion-de-los-trenes-y-estaciones-de-la-linea-6\\\/#listItem\",\"position\":3,\"name\":\"Metro de Madrid mejorar\\u00e1 la ventilaci\\u00f3n de los trenes y estaciones de la l\\u00ednea 6\",\"previousItem\":{\"@type\":\"ListItem\",\"@id\":\"https:\\\/\\\/eldigitaldeasturias.com\\\/magazine365\\\/category\\\/noticias-actualidad\\\/#listItem\",\"name\":\"Noticias y Actualidad\"}}]},{\"@type\":\"Organization\",\"@id\":\"https:\\\/\\\/eldigitaldeasturias.com\\\/magazine365\\\/#organization\",\"name\":\"El digital de Asturias\",\"description\":\"Revista de ocio, turismo y estilo de vida\",\"url\":\"https:\\\/\\\/eldigitaldeasturias.com\\\/magazine365\\\/\",\"logo\":{\"@type\":\"ImageObject\",\"url\":\"https:\\\/\\\/www.eldigitaldeasturias.com\\\/noticias\\\/wp-content\\\/uploads\\\/2020\\\/12\\\/EDA.jpg\",\"@id\":\"https:\\\/\\\/eldigitaldeasturias.com\\\/magazine365\\\/metro-de-madrid-mejorara-la-ventilacion-de-los-trenes-y-estaciones-de-la-linea-6\\\/#organizationLogo\"},\"image\":{\"@id\":\"https:\\\/\\\/eldigitaldeasturias.com\\\/magazine365\\\/metro-de-madrid-mejorara-la-ventilacion-de-los-trenes-y-estaciones-de-la-linea-6\\\/#organizationLogo\"}},{\"@type\":\"Person\",\"@id\":\"https:\\\/\\\/eldigitaldeasturias.com\\\/magazine365\\\/author\\\/admin\\\/#author\",\"url\":\"https:\\\/\\\/eldigitaldeasturias.com\\\/magazine365\\\/author\\\/admin\\\/\",\"name\":\"admin\",\"image\":{\"@type\":\"ImageObject\",\"@id\":\"https:\\\/\\\/eldigitaldeasturias.com\\\/magazine365\\\/metro-de-madrid-mejorara-la-ventilacion-de-los-trenes-y-estaciones-de-la-linea-6\\\/#authorImage\",\"url\":\"https:\\\/\\\/eldigitaldeasturias.com\\\/magazine365\\\/wp-content\\\/litespeed\\\/avatar\\\/e571bcf59a0edd6fa6838245a470f2fe.jpg?ver=1776969259\",\"width\":96,\"height\":96,\"caption\":\"admin\"}},{\"@type\":\"WebPage\",\"@id\":\"https:\\\/\\\/eldigitaldeasturias.com\\\/magazine365\\\/metro-de-madrid-mejorara-la-ventilacion-de-los-trenes-y-estaciones-de-la-linea-6\\\/#webpage\",\"url\":\"https:\\\/\\\/eldigitaldeasturias.com\\\/magazine365\\\/metro-de-madrid-mejorara-la-ventilacion-de-los-trenes-y-estaciones-de-la-linea-6\\\/\",\"name\":\"Metro de Madrid mejorar\\u00e1 la ventilaci\\u00f3n de los trenes y estaciones de la l\\u00ednea 6 | El Digital de Asturias\",\"description\":\"Metro de Madrid invertir\\u00e1 un total de 4.940.000 euros para la renovaci\\u00f3n completa de 15 pozos de ventilaci\\u00f3n en los tramos de t\\u00fanel m\\u00e1s antiguos de la l\\u00ednea 6, con el objetivo de mejorar las condiciones de ventilaci\\u00f3n y renovaci\\u00f3n del ambiente interior y para permitir la reducci\\u00f3n de la temperatura generada por los equipamientos\",\"inLanguage\":\"es-ES\",\"isPartOf\":{\"@id\":\"https:\\\/\\\/eldigitaldeasturias.com\\\/magazine365\\\/#website\"},\"breadcrumb\":{\"@id\":\"https:\\\/\\\/eldigitaldeasturias.com\\\/magazine365\\\/metro-de-madrid-mejorara-la-ventilacion-de-los-trenes-y-estaciones-de-la-linea-6\\\/#breadcrumblist\"},\"author\":{\"@id\":\"https:\\\/\\\/eldigitaldeasturias.com\\\/magazine365\\\/author\\\/admin\\\/#author\"},\"creator\":{\"@id\":\"https:\\\/\\\/eldigitaldeasturias.com\\\/magazine365\\\/author\\\/admin\\\/#author\"},\"image\":{\"@type\":\"ImageObject\",\"url\":\"https:\\\/\\\/eldigitaldeasturias.com\\\/magazine365\\\/wp-content\\\/uploads\\\/2016\\\/06\\\/fotonoticia_20160614155718_800.jpg\",\"@id\":\"https:\\\/\\\/eldigitaldeasturias.com\\\/magazine365\\\/metro-de-madrid-mejorara-la-ventilacion-de-los-trenes-y-estaciones-de-la-linea-6\\\/#mainImage\",\"width\":800,\"height\":533},\"primaryImageOfPage\":{\"@id\":\"https:\\\/\\\/eldigitaldeasturias.com\\\/magazine365\\\/metro-de-madrid-mejorara-la-ventilacion-de-los-trenes-y-estaciones-de-la-linea-6\\\/#mainImage\"},\"datePublished\":\"2016-06-14T20:35:48+02:00\",\"dateModified\":\"2016-06-14T20:35:48+02:00\"},{\"@type\":\"WebSite\",\"@id\":\"https:\\\/\\\/eldigitaldeasturias.com\\\/magazine365\\\/#website\",\"url\":\"https:\\\/\\\/eldigitaldeasturias.com\\\/magazine365\\\/\",\"name\":\"El Digital de Asturias\",\"description\":\"Revista de ocio, turismo y estilo de vida\",\"inLanguage\":\"es-ES\",\"publisher\":{\"@id\":\"https:\\\/\\\/eldigitaldeasturias.com\\\/magazine365\\\/#organization\"}}]}\n\t\t<\/script>\n\t\t<!-- All in One SEO Pro -->\r\n\t\t<title>Metro de Madrid mejorar\u00e1 la ventilaci\u00f3n de los trenes y estaciones de la l\u00ednea 6 | El Digital de Asturias<\/title>\n\n","aioseo_head_json":{"title":"Metro de Madrid mejorar\u00e1 la ventilaci\u00f3n de los trenes y estaciones de la l\u00ednea 6 | El Digital de Asturias","description":"Metro de Madrid invertir\u00e1 un total de 4.940.000 euros para la renovaci\u00f3n completa de 15 pozos de ventilaci\u00f3n en los tramos de t\u00fanel m\u00e1s antiguos de la l\u00ednea 6, con el objetivo de mejorar las condiciones de ventilaci\u00f3n y renovaci\u00f3n del ambiente interior y para permitir la reducci\u00f3n de la temperatura generada por los equipamientos","canonical_url":"https:\/\/eldigitaldeasturias.com\/magazine365\/metro-de-madrid-mejorara-la-ventilacion-de-los-trenes-y-estaciones-de-la-linea-6\/","robots":"max-image-preview:large","keywords":"noticias y actualidad","webmasterTools":{"google-site-verification":"UA-38556648-1","miscellaneous":""},"schema":{"@context":"https:\/\/schema.org","@graph":[{"@type":"Article","@id":"https:\/\/eldigitaldeasturias.com\/magazine365\/metro-de-madrid-mejorara-la-ventilacion-de-los-trenes-y-estaciones-de-la-linea-6\/#article","name":"Metro de Madrid mejorar\u00e1 la ventilaci\u00f3n de los trenes y estaciones de la l\u00ednea 6 | El Digital de Asturias","headline":"Metro de Madrid mejorar\u00e1 la ventilaci\u00f3n de los trenes y estaciones de la l\u00ednea 6","author":{"@id":"https:\/\/eldigitaldeasturias.com\/magazine365\/author\/admin\/#author"},"publisher":{"@id":"https:\/\/eldigitaldeasturias.com\/magazine365\/#organization"},"image":{"@type":"ImageObject","url":"https:\/\/eldigitaldeasturias.com\/magazine365\/wp-content\/uploads\/2016\/06\/fotonoticia_20160614155718_800.jpg","width":800,"height":533},"datePublished":"2016-06-14T20:35:48+02:00","dateModified":"2016-06-14T20:35:48+02:00","inLanguage":"es-ES","mainEntityOfPage":{"@id":"https:\/\/eldigitaldeasturias.com\/magazine365\/metro-de-madrid-mejorara-la-ventilacion-de-los-trenes-y-estaciones-de-la-linea-6\/#webpage"},"isPartOf":{"@id":"https:\/\/eldigitaldeasturias.com\/magazine365\/metro-de-madrid-mejorara-la-ventilacion-de-los-trenes-y-estaciones-de-la-linea-6\/#webpage"},"articleSection":"Noticias y Actualidad"},{"@type":"BreadcrumbList","@id":"https:\/\/eldigitaldeasturias.com\/magazine365\/metro-de-madrid-mejorara-la-ventilacion-de-los-trenes-y-estaciones-de-la-linea-6\/#breadcrumblist","itemListElement":[{"@type":"ListItem","@id":"https:\/\/eldigitaldeasturias.com\/magazine365#listItem","position":1,"name":"Home","item":"https:\/\/eldigitaldeasturias.com\/magazine365","nextItem":{"@type":"ListItem","@id":"https:\/\/eldigitaldeasturias.com\/magazine365\/category\/noticias-actualidad\/#listItem","name":"Noticias y Actualidad"}},{"@type":"ListItem","@id":"https:\/\/eldigitaldeasturias.com\/magazine365\/category\/noticias-actualidad\/#listItem","position":2,"name":"Noticias y Actualidad","item":"https:\/\/eldigitaldeasturias.com\/magazine365\/category\/noticias-actualidad\/","nextItem":{"@type":"ListItem","@id":"https:\/\/eldigitaldeasturias.com\/magazine365\/metro-de-madrid-mejorara-la-ventilacion-de-los-trenes-y-estaciones-de-la-linea-6\/#listItem","name":"Metro de Madrid mejorar\u00e1 la ventilaci\u00f3n de los trenes y estaciones de la l\u00ednea 6"},"previousItem":{"@type":"ListItem","@id":"https:\/\/eldigitaldeasturias.com\/magazine365#listItem","name":"Home"}},{"@type":"ListItem","@id":"https:\/\/eldigitaldeasturias.com\/magazine365\/metro-de-madrid-mejorara-la-ventilacion-de-los-trenes-y-estaciones-de-la-linea-6\/#listItem","position":3,"name":"Metro de Madrid mejorar\u00e1 la ventilaci\u00f3n de los trenes y estaciones de la l\u00ednea 6","previousItem":{"@type":"ListItem","@id":"https:\/\/eldigitaldeasturias.com\/magazine365\/category\/noticias-actualidad\/#listItem","name":"Noticias y Actualidad"}}]},{"@type":"Organization","@id":"https:\/\/eldigitaldeasturias.com\/magazine365\/#organization","name":"El digital de Asturias","description":"Revista de ocio, turismo y estilo de vida","url":"https:\/\/eldigitaldeasturias.com\/magazine365\/","logo":{"@type":"ImageObject","url":"https:\/\/www.eldigitaldeasturias.com\/noticias\/wp-content\/uploads\/2020\/12\/EDA.jpg","@id":"https:\/\/eldigitaldeasturias.com\/magazine365\/metro-de-madrid-mejorara-la-ventilacion-de-los-trenes-y-estaciones-de-la-linea-6\/#organizationLogo"},"image":{"@id":"https:\/\/eldigitaldeasturias.com\/magazine365\/metro-de-madrid-mejorara-la-ventilacion-de-los-trenes-y-estaciones-de-la-linea-6\/#organizationLogo"}},{"@type":"Person","@id":"https:\/\/eldigitaldeasturias.com\/magazine365\/author\/admin\/#author","url":"https:\/\/eldigitaldeasturias.com\/magazine365\/author\/admin\/","name":"admin","image":{"@type":"ImageObject","@id":"https:\/\/eldigitaldeasturias.com\/magazine365\/metro-de-madrid-mejorara-la-ventilacion-de-los-trenes-y-estaciones-de-la-linea-6\/#authorImage","url":"https:\/\/eldigitaldeasturias.com\/magazine365\/wp-content\/litespeed\/avatar\/e571bcf59a0edd6fa6838245a470f2fe.jpg?ver=1776969259","width":96,"height":96,"caption":"admin"}},{"@type":"WebPage","@id":"https:\/\/eldigitaldeasturias.com\/magazine365\/metro-de-madrid-mejorara-la-ventilacion-de-los-trenes-y-estaciones-de-la-linea-6\/#webpage","url":"https:\/\/eldigitaldeasturias.com\/magazine365\/metro-de-madrid-mejorara-la-ventilacion-de-los-trenes-y-estaciones-de-la-linea-6\/","name":"Metro de Madrid mejorar\u00e1 la ventilaci\u00f3n de los trenes y estaciones de la l\u00ednea 6 | El Digital de Asturias","description":"Metro de Madrid invertir\u00e1 un total de 4.940.000 euros para la renovaci\u00f3n completa de 15 pozos de ventilaci\u00f3n en los tramos de t\u00fanel m\u00e1s antiguos de la l\u00ednea 6, con el objetivo de mejorar las condiciones de ventilaci\u00f3n y renovaci\u00f3n del ambiente interior y para permitir la reducci\u00f3n de la temperatura generada por los equipamientos","inLanguage":"es-ES","isPartOf":{"@id":"https:\/\/eldigitaldeasturias.com\/magazine365\/#website"},"breadcrumb":{"@id":"https:\/\/eldigitaldeasturias.com\/magazine365\/metro-de-madrid-mejorara-la-ventilacion-de-los-trenes-y-estaciones-de-la-linea-6\/#breadcrumblist"},"author":{"@id":"https:\/\/eldigitaldeasturias.com\/magazine365\/author\/admin\/#author"},"creator":{"@id":"https:\/\/eldigitaldeasturias.com\/magazine365\/author\/admin\/#author"},"image":{"@type":"ImageObject","url":"https:\/\/eldigitaldeasturias.com\/magazine365\/wp-content\/uploads\/2016\/06\/fotonoticia_20160614155718_800.jpg","@id":"https:\/\/eldigitaldeasturias.com\/magazine365\/metro-de-madrid-mejorara-la-ventilacion-de-los-trenes-y-estaciones-de-la-linea-6\/#mainImage","width":800,"height":533},"primaryImageOfPage":{"@id":"https:\/\/eldigitaldeasturias.com\/magazine365\/metro-de-madrid-mejorara-la-ventilacion-de-los-trenes-y-estaciones-de-la-linea-6\/#mainImage"},"datePublished":"2016-06-14T20:35:48+02:00","dateModified":"2016-06-14T20:35:48+02:00"},{"@type":"WebSite","@id":"https:\/\/eldigitaldeasturias.com\/magazine365\/#website","url":"https:\/\/eldigitaldeasturias.com\/magazine365\/","name":"El Digital de Asturias","description":"Revista de ocio, turismo y estilo de vida","inLanguage":"es-ES","publisher":{"@id":"https:\/\/eldigitaldeasturias.com\/magazine365\/#organization"}}]},"og:locale":"es_ES","og:site_name":"El Digital de Asturias \u2013 Revista de ocio, turismo y estilo de vida","og:type":"article","og:title":"Metro de Madrid mejorar\u00e1 la ventilaci\u00f3n de los trenes y estaciones de la l\u00ednea 6 | El Digital de Asturias","og:description":"Metro de Madrid invertir\u00e1 un total de 4.940.000 euros para la renovaci\u00f3n completa de 15 pozos de ventilaci\u00f3n en los tramos de t\u00fanel m\u00e1s antiguos de la l\u00ednea 6, con el objetivo de mejorar las condiciones de ventilaci\u00f3n y renovaci\u00f3n del ambiente interior y para permitir la reducci\u00f3n de la temperatura generada por los equipamientos","og:url":"https:\/\/eldigitaldeasturias.com\/magazine365\/metro-de-madrid-mejorara-la-ventilacion-de-los-trenes-y-estaciones-de-la-linea-6\/","og:image":"https:\/\/eldigitaldeasturias.com\/magazine365\/wp-content\/uploads\/2016\/06\/fotonoticia_20160614155718_800.jpg","og:image:secure_url":"https:\/\/eldigitaldeasturias.com\/magazine365\/wp-content\/uploads\/2016\/06\/fotonoticia_20160614155718_800.jpg","og:image:width":800,"og:image:height":533,"article:published_time":"2016-06-14T18:35:48+00:00","article:modified_time":"2016-06-14T18:35:48+00:00","twitter:card":"summary_large_image","twitter:title":"Metro de Madrid mejorar\u00e1 la ventilaci\u00f3n de los trenes y estaciones de la l\u00ednea 6 | El Digital de Asturias","twitter:description":"Metro de Madrid invertir\u00e1 un total de 4.940.000 euros para la renovaci\u00f3n completa de 15 pozos de ventilaci\u00f3n en los tramos de t\u00fanel m\u00e1s antiguos de la l\u00ednea 6, con el objetivo de mejorar las condiciones de ventilaci\u00f3n y renovaci\u00f3n del ambiente interior y para permitir la reducci\u00f3n de la temperatura generada por los equipamientos","twitter:image":"https:\/\/eldigitaldeasturias.com\/magazine365\/wp-content\/uploads\/2016\/06\/fotonoticia_20160614155718_800.jpg"},"aioseo_meta_data":{"post_id":"79240","title":null,"description":null,"keywords":null,"keyphrases":null,"primary_term":null,"canonical_url":null,"og_title":null,"og_description":null,"og_object_type":"default","og_image_type":"default","og_image_url":null,"og_image_width":null,"og_image_height":null,"og_image_custom_url":null,"og_image_custom_fields":null,"og_video":null,"og_custom_url":null,"og_article_section":null,"og_article_tags":null,"twitter_use_og":false,"twitter_card":"default","twitter_image_type":"default","twitter_image_url":null,"twitter_image_custom_url":null,"twitter_image_custom_fields":null,"twitter_title":null,"twitter_description":null,"schema":{"blockGraphs":[],"customGraphs":[],"default":{"data":{"Article":[],"Course":[],"Dataset":[],"FAQPage":[],"Movie":[],"Person":[],"Product":[],"ProductReview":[],"Car":[],"Recipe":[],"Service":[],"SoftwareApplication":[],"WebPage":[]},"graphName":"","isEnabled":true},"graphs":[],"defaultGraph":"","defaultPostTypeGraph":""},"schema_type":null,"schema_type_options":null,"pillar_content":false,"robots_default":true,"robots_noindex":false,"robots_noarchive":false,"robots_nosnippet":false,"robots_nofollow":false,"robots_noimageindex":false,"robots_noodp":false,"robots_notranslate":false,"robots_max_snippet":null,"robots_max_videopreview":null,"robots_max_imagepreview":"large","priority":null,"frequency":null,"location":null,"local_seo":null,"seo_analyzer_scan_date":"2025-09-27 18:31:16","breadcrumb_settings":null,"limit_modified_date":false,"open_ai":null,"ai":null,"created":"2021-03-08 17:51:10","updated":"2025-09-27 18:31:16"},"aioseo_breadcrumb":"<div class=\"aioseo-breadcrumbs\"><span class=\"aioseo-breadcrumb\">\n\t<a href=\"https:\/\/eldigitaldeasturias.com\/magazine365\" title=\"Home\">Home<\/a>\n<\/span><span class=\"aioseo-breadcrumb-separator\">\u2013<\/span><span class=\"aioseo-breadcrumb\">\n\t<a href=\"https:\/\/eldigitaldeasturias.com\/magazine365\/category\/noticias-actualidad\/\" title=\"Noticias y Actualidad\">Noticias y Actualidad<\/a>\n<\/span><span class=\"aioseo-breadcrumb-separator\">\u2013<\/span><span class=\"aioseo-breadcrumb\">\n\t<a href=\"https:\/\/eldigitaldeasturias.com\/magazine365\/metro-de-madrid-mejorara-la-ventilacion-de-los-trenes-y-estaciones-de-la-linea-6\/\" title=\"Metro de Madrid mejorar\u00e1 la ventilaci\u00f3n de los trenes y estaciones de la l\u00ednea 6\">Metro de Madrid mejorar\u00e1 la ventilaci\u00f3n de los trenes y estaciones de la l\u00ednea 6<\/a>\n<\/span><\/div>","aioseo_breadcrumb_json":[{"label":"Home","link":"https:\/\/eldigitaldeasturias.com\/magazine365"},{"label":"Noticias y Actualidad","link":"https:\/\/eldigitaldeasturias.com\/magazine365\/category\/noticias-actualidad\/"},{"label":"Metro de Madrid mejorar\u00e1 la ventilaci\u00f3n de los trenes y estaciones de la l\u00ednea 6","link":"https:\/\/eldigitaldeasturias.com\/magazine365\/metro-de-madrid-mejorara-la-ventilacion-de-los-trenes-y-estaciones-de-la-linea-6\/"}],"_links":{"self":[{"href":"https:\/\/eldigitaldeasturias.com\/magazine365\/wp-json\/wp\/v2\/posts\/79240","targetHints":{"allow":["GET"]}}],"collection":[{"href":"https:\/\/eldigitaldeasturias.com\/magazine365\/wp-json\/wp\/v2\/posts"}],"about":[{"href":"https:\/\/eldigitaldeasturias.com\/magazine365\/wp-json\/wp\/v2\/types\/post"}],"author":[{"embeddable":true,"href":"https:\/\/eldigitaldeasturias.com\/magazine365\/wp-json\/wp\/v2\/users\/1"}],"replies":[{"embeddable":true,"href":"https:\/\/eldigitaldeasturias.com\/magazine365\/wp-json\/wp\/v2\/comments?post=79240"}],"version-history":[{"count":0,"href":"https:\/\/eldigitaldeasturias.com\/magazine365\/wp-json\/wp\/v2\/posts\/79240\/revisions"}],"wp:featuredmedia":[{"embeddable":true,"href":"https:\/\/eldigitaldeasturias.com\/magazine365\/wp-json\/wp\/v2\/media\/79241"}],"wp:attachment":[{"href":"https:\/\/eldigitaldeasturias.com\/magazine365\/wp-json\/wp\/v2\/media?parent=79240"}],"wp:term":[{"taxonomy":"category","embeddable":true,"href":"https:\/\/eldigitaldeasturias.com\/magazine365\/wp-json\/wp\/v2\/categories?post=79240"},{"taxonomy":"post_tag","embeddable":true,"href":"https:\/\/eldigitaldeasturias.com\/magazine365\/wp-json\/wp\/v2\/tags?post=79240"}],"curies":[{"name":"wp","href":"https:\/\/api.w.org\/{rel}","templated":true}]}}