{"id":79235,"date":"2016-06-14T20:33:48","date_gmt":"2016-06-14T18:33:48","guid":{"rendered":"http:\/\/eldigitaldeasturias.com\/magazine365\/?p=79235"},"modified":"2016-06-14T20:34:31","modified_gmt":"2016-06-14T18:34:31","slug":"malaga-presenta-su-oferta-turistica-en-valencia","status":"publish","type":"post","link":"https:\/\/eldigitaldeasturias.com\/magazine365\/malaga-presenta-su-oferta-turistica-en-valencia\/","title":{"rendered":"M\u00e1laga presenta su oferta tur\u00edstica en Valencia en materia de congresos"},"content":{"rendered":"<p><img fetchpriority=\"high\" decoding=\"async\" class=\"alignleft size-medium wp-image-79236\" src=\"https:\/\/eldigitaldeasturias.com\/magazine365\/wp-content\/uploads\/2016\/06\/fotonoticia_20160614154848_800-360x239.jpg\" alt=\"fotonoticia_20160614154848_800\" width=\"360\" height=\"239\" srcset=\"https:\/\/eldigitaldeasturias.com\/magazine365\/wp-content\/uploads\/2016\/06\/fotonoticia_20160614154848_800-360x239.jpg 360w, https:\/\/eldigitaldeasturias.com\/magazine365\/wp-content\/uploads\/2016\/06\/fotonoticia_20160614154848_800-650x431.jpg 650w, https:\/\/eldigitaldeasturias.com\/magazine365\/wp-content\/uploads\/2016\/06\/fotonoticia_20160614154848_800-768x510.jpg 768w, https:\/\/eldigitaldeasturias.com\/magazine365\/wp-content\/uploads\/2016\/06\/fotonoticia_20160614154848_800-150x100.jpg 150w, https:\/\/eldigitaldeasturias.com\/magazine365\/wp-content\/uploads\/2016\/06\/fotonoticia_20160614154848_800-450x299.jpg 450w, https:\/\/eldigitaldeasturias.com\/magazine365\/wp-content\/uploads\/2016\/06\/fotonoticia_20160614154848_800-121x79.jpg 121w, https:\/\/eldigitaldeasturias.com\/magazine365\/wp-content\/uploads\/2016\/06\/fotonoticia_20160614154848_800-101x66.jpg 101w, https:\/\/eldigitaldeasturias.com\/magazine365\/wp-content\/uploads\/2016\/06\/fotonoticia_20160614154848_800.jpg 800w\" sizes=\"(max-width: 360px) 100vw, 360px\" \/>M\u00e1laga Convention Bureau, el organismo del \u00c1rea de Turismo del Ayuntamiento de M\u00e1laga para el fomento y la promoci\u00f3n del segmento de congresos, est\u00e1 llevando a cabo esta semana una serie de visitas puerta a puerta a agencias de viajes, touroperadores y organizadores profesionales de congresos de Valencia con el objetivo de promocionar la capital como destino de reuniones, incentivos y encuentros profesionales.<\/p>\n<p>En concreto, los t\u00e9cnicos de promoci\u00f3n van a mantener una veintena de citas con compa\u00f1\u00edas especializadas en este segmento, como Event One, Geyseco, Europa Travel, Halc\u00f3n Eventos, Provalentia, Maximice o viajes Globus DMC, entre otras.<\/p>\n<p>A todas ellas, seg\u00fan han informado desde el Ayuntamiento a trav\u00e9s de un comunicado, se les presentar\u00e1 las nuevas infraestructuras con las que cuenta M\u00e1laga para la celebraci\u00f3n de congresos.<\/p>\n<p>Asimismo, han recordado que cada vez son m\u00e1s las asociaciones profesionales que buscan alternativas a Madrid y Barcelona para la celebraci\u00f3n de sus encuentros.<\/p>\n<p>En este sentido, M\u00e1laga Convention Bureau est\u00e1 poniendo este a\u00f1o un especial \u00e9nfasis en las acciones promocionales desarrolladas en el mercado nacional, que ha vuelto a la senda de la recuperaci\u00f3n tras varios ejercicios afectado por la crisis econ\u00f3mica.<\/p>\n<h2 class=\"ladillo\">SEGMENTO<\/h2>\n<p>El segmento de congresos, convenciones e incentivos no ha parado de crecer en M\u00e1laga y ya el pasado a\u00f1o se celebraron en la ciudad un total de 165 congresos, lo que supone un incremento del cinco por ciento con respecto a 2014. En estas reuniones participaron un total de 72.515 personas, un 14 por ciento m\u00e1s.<\/p>\n<p>Los organizadores profesionales de congresos mantienen tambi\u00e9n \u00abmuy buenas previsiones\u00bb para el resto del a\u00f1o. Es m\u00e1s, seg\u00fan las los datos, a finales de 2016 el n\u00famero de participantes en los congresos celebrados en la ciudad podr\u00eda crecer en torno al 15 por ciento.<\/p>\n<p>En la actualidad, la ciudad tiene presentadas m\u00e1s de 200 candidaturas para la celebraci\u00f3n de congresos, de las que en torno al 60 por ciento son del sector m\u00e9dico. Pese a la alta competencia existente en el negocio de congresos, M\u00e1laga se ha convertido, en una de las ciudades m\u00e1s importantes y atractivas para el sector tras Madrid y Barcelona.<\/p>\n<p>Tanto la oferta tur\u00edstica como la cultural de la ciudad son una de las claves de este auge, aunque el hecho de contar con unas organizaciones de profesionales de congresos tan buenas tambi\u00e9n est\u00e1n ayudando a este crecimiento.<\/p>\n","protected":false},"excerpt":{"rendered":"<p>M\u00e1laga Convention Bureau, el organismo del \u00c1rea de Turismo del Ayuntamiento de M\u00e1laga para el fomento y la promoci\u00f3n del segmento de congresos, est\u00e1 llevando a cabo esta semana una serie de visitas puerta a puerta a agencias de viajes, touroperadores y organizadores profesionales de congresos de Valencia con el objetivo de promocionar la capital<\/p>\n","protected":false},"author":1,"featured_media":79236,"comment_status":"open","ping_status":"closed","sticky":false,"template":"","format":"standard","meta":{"footnotes":""},"categories":[224],"tags":[],"class_list":{"0":"post-79235","1":"post","2":"type-post","3":"status-publish","4":"format-standard","5":"has-post-thumbnail","7":"category-noticias-actualidad"},"aioseo_notices":[],"aioseo_head":"\n\t\t<!-- All in One SEO Pro 4.9.6.1 - aioseo.com -->\n\t<meta name=\"description\" content=\"M\u00e1laga Convention Bureau, el organismo del \u00c1rea de Turismo del Ayuntamiento de M\u00e1laga para el fomento y la promoci\u00f3n del segmento de congresos, est\u00e1 llevando a cabo esta semana una serie de visitas puerta a puerta a agencias de viajes, touroperadores y organizadores profesionales de congresos de Valencia con el objetivo de promocionar la capital\" \/>\n\t<meta name=\"robots\" content=\"max-image-preview:large\" \/>\n\t<meta name=\"author\" content=\"admin\"\/>\n\t<meta name=\"google-site-verification\" content=\"UA-38556648-1\" \/>\n\t<meta name=\"keywords\" content=\"noticias y actualidad\" \/>\n\t<link rel=\"canonical\" href=\"https:\/\/eldigitaldeasturias.com\/magazine365\/malaga-presenta-su-oferta-turistica-en-valencia\/\" \/>\n\t<meta name=\"generator\" content=\"All in One SEO Pro (AIOSEO) 4.9.6.1\" \/>\n\t\t<meta property=\"og:locale\" content=\"es_ES\" \/>\n\t\t<meta property=\"og:site_name\" content=\"El Digital de Asturias \u2013 Revista de ocio, turismo y estilo de vida\" \/>\n\t\t<meta property=\"og:type\" content=\"article\" \/>\n\t\t<meta property=\"og:title\" content=\"M\u00e1laga presenta su oferta tur\u00edstica en Valencia en materia de congresos | El Digital de Asturias\" \/>\n\t\t<meta property=\"og:description\" content=\"M\u00e1laga Convention Bureau, el organismo del \u00c1rea de Turismo del Ayuntamiento de M\u00e1laga para el fomento y la promoci\u00f3n del segmento de congresos, est\u00e1 llevando a cabo esta semana una serie de visitas puerta a puerta a agencias de viajes, touroperadores y organizadores profesionales de congresos de Valencia con el objetivo de promocionar la capital\" \/>\n\t\t<meta property=\"og:url\" content=\"https:\/\/eldigitaldeasturias.com\/magazine365\/malaga-presenta-su-oferta-turistica-en-valencia\/\" \/>\n\t\t<meta property=\"og:image\" content=\"https:\/\/eldigitaldeasturias.com\/magazine365\/wp-content\/uploads\/2016\/06\/fotonoticia_20160614154848_800.jpg\" \/>\n\t\t<meta property=\"og:image:secure_url\" content=\"https:\/\/eldigitaldeasturias.com\/magazine365\/wp-content\/uploads\/2016\/06\/fotonoticia_20160614154848_800.jpg\" \/>\n\t\t<meta property=\"og:image:width\" content=\"800\" \/>\n\t\t<meta property=\"og:image:height\" content=\"531\" \/>\n\t\t<meta property=\"article:published_time\" content=\"2016-06-14T18:33:48+00:00\" \/>\n\t\t<meta property=\"article:modified_time\" content=\"2016-06-14T18:34:31+00:00\" \/>\n\t\t<meta name=\"twitter:card\" content=\"summary_large_image\" \/>\n\t\t<meta name=\"twitter:title\" content=\"M\u00e1laga presenta su oferta tur\u00edstica en Valencia en materia de congresos | El Digital de Asturias\" \/>\n\t\t<meta name=\"twitter:description\" content=\"M\u00e1laga Convention Bureau, el organismo del \u00c1rea de Turismo del Ayuntamiento de M\u00e1laga para el fomento y la promoci\u00f3n del segmento de congresos, est\u00e1 llevando a cabo esta semana una serie de visitas puerta a puerta a agencias de viajes, touroperadores y organizadores profesionales de congresos de Valencia con el objetivo de promocionar la capital\" \/>\n\t\t<meta name=\"twitter:image\" content=\"https:\/\/eldigitaldeasturias.com\/magazine365\/wp-content\/uploads\/2016\/06\/fotonoticia_20160614154848_800.jpg\" \/>\n\t\t<script type=\"application\/ld+json\" class=\"aioseo-schema\">\n\t\t\t{\"@context\":\"https:\\\/\\\/schema.org\",\"@graph\":[{\"@type\":\"Article\",\"@id\":\"https:\\\/\\\/eldigitaldeasturias.com\\\/magazine365\\\/malaga-presenta-su-oferta-turistica-en-valencia\\\/#article\",\"name\":\"M\\u00e1laga presenta su oferta tur\\u00edstica en Valencia en materia de congresos | El Digital de Asturias\",\"headline\":\"M\\u00e1laga presenta su oferta tur\\u00edstica en Valencia en materia de congresos\",\"author\":{\"@id\":\"https:\\\/\\\/eldigitaldeasturias.com\\\/magazine365\\\/author\\\/admin\\\/#author\"},\"publisher\":{\"@id\":\"https:\\\/\\\/eldigitaldeasturias.com\\\/magazine365\\\/#organization\"},\"image\":{\"@type\":\"ImageObject\",\"url\":\"https:\\\/\\\/eldigitaldeasturias.com\\\/magazine365\\\/wp-content\\\/uploads\\\/2016\\\/06\\\/fotonoticia_20160614154848_800.jpg\",\"width\":800,\"height\":531},\"datePublished\":\"2016-06-14T20:33:48+02:00\",\"dateModified\":\"2016-06-14T20:34:31+02:00\",\"inLanguage\":\"es-ES\",\"mainEntityOfPage\":{\"@id\":\"https:\\\/\\\/eldigitaldeasturias.com\\\/magazine365\\\/malaga-presenta-su-oferta-turistica-en-valencia\\\/#webpage\"},\"isPartOf\":{\"@id\":\"https:\\\/\\\/eldigitaldeasturias.com\\\/magazine365\\\/malaga-presenta-su-oferta-turistica-en-valencia\\\/#webpage\"},\"articleSection\":\"Noticias y Actualidad\"},{\"@type\":\"BreadcrumbList\",\"@id\":\"https:\\\/\\\/eldigitaldeasturias.com\\\/magazine365\\\/malaga-presenta-su-oferta-turistica-en-valencia\\\/#breadcrumblist\",\"itemListElement\":[{\"@type\":\"ListItem\",\"@id\":\"https:\\\/\\\/eldigitaldeasturias.com\\\/magazine365#listItem\",\"position\":1,\"name\":\"Home\",\"item\":\"https:\\\/\\\/eldigitaldeasturias.com\\\/magazine365\",\"nextItem\":{\"@type\":\"ListItem\",\"@id\":\"https:\\\/\\\/eldigitaldeasturias.com\\\/magazine365\\\/category\\\/noticias-actualidad\\\/#listItem\",\"name\":\"Noticias y Actualidad\"}},{\"@type\":\"ListItem\",\"@id\":\"https:\\\/\\\/eldigitaldeasturias.com\\\/magazine365\\\/category\\\/noticias-actualidad\\\/#listItem\",\"position\":2,\"name\":\"Noticias y Actualidad\",\"item\":\"https:\\\/\\\/eldigitaldeasturias.com\\\/magazine365\\\/category\\\/noticias-actualidad\\\/\",\"nextItem\":{\"@type\":\"ListItem\",\"@id\":\"https:\\\/\\\/eldigitaldeasturias.com\\\/magazine365\\\/malaga-presenta-su-oferta-turistica-en-valencia\\\/#listItem\",\"name\":\"M\\u00e1laga presenta su oferta tur\\u00edstica en Valencia en materia de congresos\"},\"previousItem\":{\"@type\":\"ListItem\",\"@id\":\"https:\\\/\\\/eldigitaldeasturias.com\\\/magazine365#listItem\",\"name\":\"Home\"}},{\"@type\":\"ListItem\",\"@id\":\"https:\\\/\\\/eldigitaldeasturias.com\\\/magazine365\\\/malaga-presenta-su-oferta-turistica-en-valencia\\\/#listItem\",\"position\":3,\"name\":\"M\\u00e1laga presenta su oferta tur\\u00edstica en Valencia en materia de congresos\",\"previousItem\":{\"@type\":\"ListItem\",\"@id\":\"https:\\\/\\\/eldigitaldeasturias.com\\\/magazine365\\\/category\\\/noticias-actualidad\\\/#listItem\",\"name\":\"Noticias y Actualidad\"}}]},{\"@type\":\"Organization\",\"@id\":\"https:\\\/\\\/eldigitaldeasturias.com\\\/magazine365\\\/#organization\",\"name\":\"El digital de Asturias\",\"description\":\"Revista de ocio, turismo y estilo de vida\",\"url\":\"https:\\\/\\\/eldigitaldeasturias.com\\\/magazine365\\\/\",\"logo\":{\"@type\":\"ImageObject\",\"url\":\"https:\\\/\\\/www.eldigitaldeasturias.com\\\/noticias\\\/wp-content\\\/uploads\\\/2020\\\/12\\\/EDA.jpg\",\"@id\":\"https:\\\/\\\/eldigitaldeasturias.com\\\/magazine365\\\/malaga-presenta-su-oferta-turistica-en-valencia\\\/#organizationLogo\"},\"image\":{\"@id\":\"https:\\\/\\\/eldigitaldeasturias.com\\\/magazine365\\\/malaga-presenta-su-oferta-turistica-en-valencia\\\/#organizationLogo\"}},{\"@type\":\"Person\",\"@id\":\"https:\\\/\\\/eldigitaldeasturias.com\\\/magazine365\\\/author\\\/admin\\\/#author\",\"url\":\"https:\\\/\\\/eldigitaldeasturias.com\\\/magazine365\\\/author\\\/admin\\\/\",\"name\":\"admin\",\"image\":{\"@type\":\"ImageObject\",\"@id\":\"https:\\\/\\\/eldigitaldeasturias.com\\\/magazine365\\\/malaga-presenta-su-oferta-turistica-en-valencia\\\/#authorImage\",\"url\":\"https:\\\/\\\/eldigitaldeasturias.com\\\/magazine365\\\/wp-content\\\/litespeed\\\/avatar\\\/e571bcf59a0edd6fa6838245a470f2fe.jpg?ver=1776969259\",\"width\":96,\"height\":96,\"caption\":\"admin\"}},{\"@type\":\"WebPage\",\"@id\":\"https:\\\/\\\/eldigitaldeasturias.com\\\/magazine365\\\/malaga-presenta-su-oferta-turistica-en-valencia\\\/#webpage\",\"url\":\"https:\\\/\\\/eldigitaldeasturias.com\\\/magazine365\\\/malaga-presenta-su-oferta-turistica-en-valencia\\\/\",\"name\":\"M\\u00e1laga presenta su oferta tur\\u00edstica en Valencia en materia de congresos | El Digital de Asturias\",\"description\":\"M\\u00e1laga Convention Bureau, el organismo del \\u00c1rea de Turismo del Ayuntamiento de M\\u00e1laga para el fomento y la promoci\\u00f3n del segmento de congresos, est\\u00e1 llevando a cabo esta semana una serie de visitas puerta a puerta a agencias de viajes, touroperadores y organizadores profesionales de congresos de Valencia con el objetivo de promocionar la capital\",\"inLanguage\":\"es-ES\",\"isPartOf\":{\"@id\":\"https:\\\/\\\/eldigitaldeasturias.com\\\/magazine365\\\/#website\"},\"breadcrumb\":{\"@id\":\"https:\\\/\\\/eldigitaldeasturias.com\\\/magazine365\\\/malaga-presenta-su-oferta-turistica-en-valencia\\\/#breadcrumblist\"},\"author\":{\"@id\":\"https:\\\/\\\/eldigitaldeasturias.com\\\/magazine365\\\/author\\\/admin\\\/#author\"},\"creator\":{\"@id\":\"https:\\\/\\\/eldigitaldeasturias.com\\\/magazine365\\\/author\\\/admin\\\/#author\"},\"image\":{\"@type\":\"ImageObject\",\"url\":\"https:\\\/\\\/eldigitaldeasturias.com\\\/magazine365\\\/wp-content\\\/uploads\\\/2016\\\/06\\\/fotonoticia_20160614154848_800.jpg\",\"@id\":\"https:\\\/\\\/eldigitaldeasturias.com\\\/magazine365\\\/malaga-presenta-su-oferta-turistica-en-valencia\\\/#mainImage\",\"width\":800,\"height\":531},\"primaryImageOfPage\":{\"@id\":\"https:\\\/\\\/eldigitaldeasturias.com\\\/magazine365\\\/malaga-presenta-su-oferta-turistica-en-valencia\\\/#mainImage\"},\"datePublished\":\"2016-06-14T20:33:48+02:00\",\"dateModified\":\"2016-06-14T20:34:31+02:00\"},{\"@type\":\"WebSite\",\"@id\":\"https:\\\/\\\/eldigitaldeasturias.com\\\/magazine365\\\/#website\",\"url\":\"https:\\\/\\\/eldigitaldeasturias.com\\\/magazine365\\\/\",\"name\":\"El Digital de Asturias\",\"description\":\"Revista de ocio, turismo y estilo de vida\",\"inLanguage\":\"es-ES\",\"publisher\":{\"@id\":\"https:\\\/\\\/eldigitaldeasturias.com\\\/magazine365\\\/#organization\"}}]}\n\t\t<\/script>\n\t\t<!-- All in One SEO Pro -->\r\n\t\t<title>M\u00e1laga presenta su oferta tur\u00edstica en Valencia en materia de congresos | El Digital de Asturias<\/title>\n\n","aioseo_head_json":{"title":"M\u00e1laga presenta su oferta tur\u00edstica en Valencia en materia de congresos | El Digital de Asturias","description":"M\u00e1laga Convention Bureau, el organismo del \u00c1rea de Turismo del Ayuntamiento de M\u00e1laga para el fomento y la promoci\u00f3n del segmento de congresos, est\u00e1 llevando a cabo esta semana una serie de visitas puerta a puerta a agencias de viajes, touroperadores y organizadores profesionales de congresos de Valencia con el objetivo de promocionar la capital","canonical_url":"https:\/\/eldigitaldeasturias.com\/magazine365\/malaga-presenta-su-oferta-turistica-en-valencia\/","robots":"max-image-preview:large","keywords":"noticias y actualidad","webmasterTools":{"google-site-verification":"UA-38556648-1","miscellaneous":""},"schema":{"@context":"https:\/\/schema.org","@graph":[{"@type":"Article","@id":"https:\/\/eldigitaldeasturias.com\/magazine365\/malaga-presenta-su-oferta-turistica-en-valencia\/#article","name":"M\u00e1laga presenta su oferta tur\u00edstica en Valencia en materia de congresos | El Digital de Asturias","headline":"M\u00e1laga presenta su oferta tur\u00edstica en Valencia en materia de congresos","author":{"@id":"https:\/\/eldigitaldeasturias.com\/magazine365\/author\/admin\/#author"},"publisher":{"@id":"https:\/\/eldigitaldeasturias.com\/magazine365\/#organization"},"image":{"@type":"ImageObject","url":"https:\/\/eldigitaldeasturias.com\/magazine365\/wp-content\/uploads\/2016\/06\/fotonoticia_20160614154848_800.jpg","width":800,"height":531},"datePublished":"2016-06-14T20:33:48+02:00","dateModified":"2016-06-14T20:34:31+02:00","inLanguage":"es-ES","mainEntityOfPage":{"@id":"https:\/\/eldigitaldeasturias.com\/magazine365\/malaga-presenta-su-oferta-turistica-en-valencia\/#webpage"},"isPartOf":{"@id":"https:\/\/eldigitaldeasturias.com\/magazine365\/malaga-presenta-su-oferta-turistica-en-valencia\/#webpage"},"articleSection":"Noticias y Actualidad"},{"@type":"BreadcrumbList","@id":"https:\/\/eldigitaldeasturias.com\/magazine365\/malaga-presenta-su-oferta-turistica-en-valencia\/#breadcrumblist","itemListElement":[{"@type":"ListItem","@id":"https:\/\/eldigitaldeasturias.com\/magazine365#listItem","position":1,"name":"Home","item":"https:\/\/eldigitaldeasturias.com\/magazine365","nextItem":{"@type":"ListItem","@id":"https:\/\/eldigitaldeasturias.com\/magazine365\/category\/noticias-actualidad\/#listItem","name":"Noticias y Actualidad"}},{"@type":"ListItem","@id":"https:\/\/eldigitaldeasturias.com\/magazine365\/category\/noticias-actualidad\/#listItem","position":2,"name":"Noticias y Actualidad","item":"https:\/\/eldigitaldeasturias.com\/magazine365\/category\/noticias-actualidad\/","nextItem":{"@type":"ListItem","@id":"https:\/\/eldigitaldeasturias.com\/magazine365\/malaga-presenta-su-oferta-turistica-en-valencia\/#listItem","name":"M\u00e1laga presenta su oferta tur\u00edstica en Valencia en materia de congresos"},"previousItem":{"@type":"ListItem","@id":"https:\/\/eldigitaldeasturias.com\/magazine365#listItem","name":"Home"}},{"@type":"ListItem","@id":"https:\/\/eldigitaldeasturias.com\/magazine365\/malaga-presenta-su-oferta-turistica-en-valencia\/#listItem","position":3,"name":"M\u00e1laga presenta su oferta tur\u00edstica en Valencia en materia de congresos","previousItem":{"@type":"ListItem","@id":"https:\/\/eldigitaldeasturias.com\/magazine365\/category\/noticias-actualidad\/#listItem","name":"Noticias y Actualidad"}}]},{"@type":"Organization","@id":"https:\/\/eldigitaldeasturias.com\/magazine365\/#organization","name":"El digital de Asturias","description":"Revista de ocio, turismo y estilo de vida","url":"https:\/\/eldigitaldeasturias.com\/magazine365\/","logo":{"@type":"ImageObject","url":"https:\/\/www.eldigitaldeasturias.com\/noticias\/wp-content\/uploads\/2020\/12\/EDA.jpg","@id":"https:\/\/eldigitaldeasturias.com\/magazine365\/malaga-presenta-su-oferta-turistica-en-valencia\/#organizationLogo"},"image":{"@id":"https:\/\/eldigitaldeasturias.com\/magazine365\/malaga-presenta-su-oferta-turistica-en-valencia\/#organizationLogo"}},{"@type":"Person","@id":"https:\/\/eldigitaldeasturias.com\/magazine365\/author\/admin\/#author","url":"https:\/\/eldigitaldeasturias.com\/magazine365\/author\/admin\/","name":"admin","image":{"@type":"ImageObject","@id":"https:\/\/eldigitaldeasturias.com\/magazine365\/malaga-presenta-su-oferta-turistica-en-valencia\/#authorImage","url":"https:\/\/eldigitaldeasturias.com\/magazine365\/wp-content\/litespeed\/avatar\/e571bcf59a0edd6fa6838245a470f2fe.jpg?ver=1776969259","width":96,"height":96,"caption":"admin"}},{"@type":"WebPage","@id":"https:\/\/eldigitaldeasturias.com\/magazine365\/malaga-presenta-su-oferta-turistica-en-valencia\/#webpage","url":"https:\/\/eldigitaldeasturias.com\/magazine365\/malaga-presenta-su-oferta-turistica-en-valencia\/","name":"M\u00e1laga presenta su oferta tur\u00edstica en Valencia en materia de congresos | El Digital de Asturias","description":"M\u00e1laga Convention Bureau, el organismo del \u00c1rea de Turismo del Ayuntamiento de M\u00e1laga para el fomento y la promoci\u00f3n del segmento de congresos, est\u00e1 llevando a cabo esta semana una serie de visitas puerta a puerta a agencias de viajes, touroperadores y organizadores profesionales de congresos de Valencia con el objetivo de promocionar la capital","inLanguage":"es-ES","isPartOf":{"@id":"https:\/\/eldigitaldeasturias.com\/magazine365\/#website"},"breadcrumb":{"@id":"https:\/\/eldigitaldeasturias.com\/magazine365\/malaga-presenta-su-oferta-turistica-en-valencia\/#breadcrumblist"},"author":{"@id":"https:\/\/eldigitaldeasturias.com\/magazine365\/author\/admin\/#author"},"creator":{"@id":"https:\/\/eldigitaldeasturias.com\/magazine365\/author\/admin\/#author"},"image":{"@type":"ImageObject","url":"https:\/\/eldigitaldeasturias.com\/magazine365\/wp-content\/uploads\/2016\/06\/fotonoticia_20160614154848_800.jpg","@id":"https:\/\/eldigitaldeasturias.com\/magazine365\/malaga-presenta-su-oferta-turistica-en-valencia\/#mainImage","width":800,"height":531},"primaryImageOfPage":{"@id":"https:\/\/eldigitaldeasturias.com\/magazine365\/malaga-presenta-su-oferta-turistica-en-valencia\/#mainImage"},"datePublished":"2016-06-14T20:33:48+02:00","dateModified":"2016-06-14T20:34:31+02:00"},{"@type":"WebSite","@id":"https:\/\/eldigitaldeasturias.com\/magazine365\/#website","url":"https:\/\/eldigitaldeasturias.com\/magazine365\/","name":"El Digital de Asturias","description":"Revista de ocio, turismo y estilo de vida","inLanguage":"es-ES","publisher":{"@id":"https:\/\/eldigitaldeasturias.com\/magazine365\/#organization"}}]},"og:locale":"es_ES","og:site_name":"El Digital de Asturias \u2013 Revista de ocio, turismo y estilo de vida","og:type":"article","og:title":"M\u00e1laga presenta su oferta tur\u00edstica en Valencia en materia de congresos | El Digital de Asturias","og:description":"M\u00e1laga Convention Bureau, el organismo del \u00c1rea de Turismo del Ayuntamiento de M\u00e1laga para el fomento y la promoci\u00f3n del segmento de congresos, est\u00e1 llevando a cabo esta semana una serie de visitas puerta a puerta a agencias de viajes, touroperadores y organizadores profesionales de congresos de Valencia con el objetivo de promocionar la capital","og:url":"https:\/\/eldigitaldeasturias.com\/magazine365\/malaga-presenta-su-oferta-turistica-en-valencia\/","og:image":"https:\/\/eldigitaldeasturias.com\/magazine365\/wp-content\/uploads\/2016\/06\/fotonoticia_20160614154848_800.jpg","og:image:secure_url":"https:\/\/eldigitaldeasturias.com\/magazine365\/wp-content\/uploads\/2016\/06\/fotonoticia_20160614154848_800.jpg","og:image:width":800,"og:image:height":531,"article:published_time":"2016-06-14T18:33:48+00:00","article:modified_time":"2016-06-14T18:34:31+00:00","twitter:card":"summary_large_image","twitter:title":"M\u00e1laga presenta su oferta tur\u00edstica en Valencia en materia de congresos | El Digital de Asturias","twitter:description":"M\u00e1laga Convention Bureau, el organismo del \u00c1rea de Turismo del Ayuntamiento de M\u00e1laga para el fomento y la promoci\u00f3n del segmento de congresos, est\u00e1 llevando a cabo esta semana una serie de visitas puerta a puerta a agencias de viajes, touroperadores y organizadores profesionales de congresos de Valencia con el objetivo de promocionar la capital","twitter:image":"https:\/\/eldigitaldeasturias.com\/magazine365\/wp-content\/uploads\/2016\/06\/fotonoticia_20160614154848_800.jpg"},"aioseo_meta_data":{"post_id":"79235","title":null,"description":null,"keywords":null,"keyphrases":null,"primary_term":null,"canonical_url":null,"og_title":null,"og_description":null,"og_object_type":"default","og_image_type":"default","og_image_url":null,"og_image_width":null,"og_image_height":null,"og_image_custom_url":null,"og_image_custom_fields":null,"og_video":null,"og_custom_url":null,"og_article_section":null,"og_article_tags":null,"twitter_use_og":false,"twitter_card":"default","twitter_image_type":"default","twitter_image_url":null,"twitter_image_custom_url":null,"twitter_image_custom_fields":null,"twitter_title":null,"twitter_description":null,"schema":{"blockGraphs":[],"customGraphs":[],"default":{"data":{"Article":[],"Course":[],"Dataset":[],"FAQPage":[],"Movie":[],"Person":[],"Product":[],"ProductReview":[],"Car":[],"Recipe":[],"Service":[],"SoftwareApplication":[],"WebPage":[]},"graphName":"","isEnabled":true},"graphs":[],"defaultGraph":"","defaultPostTypeGraph":""},"schema_type":null,"schema_type_options":null,"pillar_content":false,"robots_default":true,"robots_noindex":false,"robots_noarchive":false,"robots_nosnippet":false,"robots_nofollow":false,"robots_noimageindex":false,"robots_noodp":false,"robots_notranslate":false,"robots_max_snippet":null,"robots_max_videopreview":null,"robots_max_imagepreview":"large","priority":null,"frequency":null,"location":null,"local_seo":null,"seo_analyzer_scan_date":"2025-09-27 18:31:13","breadcrumb_settings":null,"limit_modified_date":false,"open_ai":null,"ai":null,"created":"2021-03-08 17:51:10","updated":"2025-09-27 18:31:13"},"aioseo_breadcrumb":"<div class=\"aioseo-breadcrumbs\"><span class=\"aioseo-breadcrumb\">\n\t<a href=\"https:\/\/eldigitaldeasturias.com\/magazine365\" title=\"Home\">Home<\/a>\n<\/span><span class=\"aioseo-breadcrumb-separator\">\u2013<\/span><span class=\"aioseo-breadcrumb\">\n\t<a href=\"https:\/\/eldigitaldeasturias.com\/magazine365\/category\/noticias-actualidad\/\" title=\"Noticias y Actualidad\">Noticias y Actualidad<\/a>\n<\/span><span class=\"aioseo-breadcrumb-separator\">\u2013<\/span><span class=\"aioseo-breadcrumb\">\n\t<a href=\"https:\/\/eldigitaldeasturias.com\/magazine365\/malaga-presenta-su-oferta-turistica-en-valencia\/\" title=\"M\u00e1laga presenta su oferta tur\u00edstica en Valencia en materia de congresos\">M\u00e1laga presenta su oferta tur\u00edstica en Valencia en materia de congresos<\/a>\n<\/span><\/div>","aioseo_breadcrumb_json":[{"label":"Home","link":"https:\/\/eldigitaldeasturias.com\/magazine365"},{"label":"Noticias y Actualidad","link":"https:\/\/eldigitaldeasturias.com\/magazine365\/category\/noticias-actualidad\/"},{"label":"M\u00e1laga presenta su oferta tur\u00edstica en Valencia en materia de congresos","link":"https:\/\/eldigitaldeasturias.com\/magazine365\/malaga-presenta-su-oferta-turistica-en-valencia\/"}],"_links":{"self":[{"href":"https:\/\/eldigitaldeasturias.com\/magazine365\/wp-json\/wp\/v2\/posts\/79235","targetHints":{"allow":["GET"]}}],"collection":[{"href":"https:\/\/eldigitaldeasturias.com\/magazine365\/wp-json\/wp\/v2\/posts"}],"about":[{"href":"https:\/\/eldigitaldeasturias.com\/magazine365\/wp-json\/wp\/v2\/types\/post"}],"author":[{"embeddable":true,"href":"https:\/\/eldigitaldeasturias.com\/magazine365\/wp-json\/wp\/v2\/users\/1"}],"replies":[{"embeddable":true,"href":"https:\/\/eldigitaldeasturias.com\/magazine365\/wp-json\/wp\/v2\/comments?post=79235"}],"version-history":[{"count":0,"href":"https:\/\/eldigitaldeasturias.com\/magazine365\/wp-json\/wp\/v2\/posts\/79235\/revisions"}],"wp:featuredmedia":[{"embeddable":true,"href":"https:\/\/eldigitaldeasturias.com\/magazine365\/wp-json\/wp\/v2\/media\/79236"}],"wp:attachment":[{"href":"https:\/\/eldigitaldeasturias.com\/magazine365\/wp-json\/wp\/v2\/media?parent=79235"}],"wp:term":[{"taxonomy":"category","embeddable":true,"href":"https:\/\/eldigitaldeasturias.com\/magazine365\/wp-json\/wp\/v2\/categories?post=79235"},{"taxonomy":"post_tag","embeddable":true,"href":"https:\/\/eldigitaldeasturias.com\/magazine365\/wp-json\/wp\/v2\/tags?post=79235"}],"curies":[{"name":"wp","href":"https:\/\/api.w.org\/{rel}","templated":true}]}}