{"id":79207,"date":"2016-06-14T20:23:07","date_gmt":"2016-06-14T18:23:07","guid":{"rendered":"http:\/\/eldigitaldeasturias.com\/magazine365\/?p=79207"},"modified":"2016-06-14T20:23:31","modified_gmt":"2016-06-14T18:23:31","slug":"el-gobierno-balear-pretende-que-el-traspaso-de-promocion-turistica-a-los-consells-se-haga-en-2017","status":"publish","type":"post","link":"https:\/\/eldigitaldeasturias.com\/magazine365\/el-gobierno-balear-pretende-que-el-traspaso-de-promocion-turistica-a-los-consells-se-haga-en-2017\/","title":{"rendered":"El Govern pretende que el traspaso de promoci\u00f3n tur\u00edstica a los Consells se haga en 2017"},"content":{"rendered":"<p><img fetchpriority=\"high\" decoding=\"async\" class=\"alignleft size-medium wp-image-79208\" src=\"https:\/\/eldigitaldeasturias.com\/magazine365\/wp-content\/uploads\/2016\/06\/fotonoticia_20160614151855_800-360x203.jpg\" alt=\"fotonoticia_20160614151855_800\" width=\"360\" height=\"203\" srcset=\"https:\/\/eldigitaldeasturias.com\/magazine365\/wp-content\/uploads\/2016\/06\/fotonoticia_20160614151855_800-360x203.jpg 360w, https:\/\/eldigitaldeasturias.com\/magazine365\/wp-content\/uploads\/2016\/06\/fotonoticia_20160614151855_800-650x366.jpg 650w, https:\/\/eldigitaldeasturias.com\/magazine365\/wp-content\/uploads\/2016\/06\/fotonoticia_20160614151855_800-768x432.jpg 768w, https:\/\/eldigitaldeasturias.com\/magazine365\/wp-content\/uploads\/2016\/06\/fotonoticia_20160614151855_800-150x84.jpg 150w, https:\/\/eldigitaldeasturias.com\/magazine365\/wp-content\/uploads\/2016\/06\/fotonoticia_20160614151855_800-450x253.jpg 450w, https:\/\/eldigitaldeasturias.com\/magazine365\/wp-content\/uploads\/2016\/06\/fotonoticia_20160614151855_800-499x280.jpg 499w, https:\/\/eldigitaldeasturias.com\/magazine365\/wp-content\/uploads\/2016\/06\/fotonoticia_20160614151855_800-510x289.jpg 510w, https:\/\/eldigitaldeasturias.com\/magazine365\/wp-content\/uploads\/2016\/06\/fotonoticia_20160614151855_800.jpg 800w\" sizes=\"(max-width: 360px) 100vw, 360px\" \/>El vicepresidente y conseller de Innovaci\u00f3n, Investigaci\u00f3n y Turismo, Biel Barcel\u00f3, ha asegurado este martes que la \u00abvoluntad\u00bb del Govern es que el traspaso de la promoci\u00f3n tur\u00edstica a los Consells Insulars \u00absea una realidad\u00bb a principios del pr\u00f3ximo a\u00f1o.<\/p>\n<p>As\u00ed se ha manifestado durante una interpelaci\u00f3n parlamentaria donde tambi\u00e9n ha admitido que esta transferencia de promoci\u00f3n tur\u00edstica a los Consells Insulars \u00abno ser\u00e1 un traspaso al uso\u00bb como el que tuvo lugar, por ejemplo, con agricultura, sino que \u00abobliga a una coordinaci\u00f3n suplementaria\u00bb en la que, seg\u00fan ha dicho, ya est\u00e1n trabajando.<\/p>\n<p>Durante su intervenci\u00f3n, Barcel\u00f3 ha explicado que est\u00e1n realizando \u00abun plus de trabajo para que el modelo que dise\u00f1amos sea un modelo de \u00e9xito y un ejemplo de un mismo territorio donde hay distintas marcas\u00bb. \u00abQueremos llegar a un sistema de gesti\u00f3n que est\u00e9 cargado de sentido com\u00fan\u00bb y que exista una \u00abvisi\u00f3n compartida para que se respete cada marca y cada Consell sea responsable y esto nos haga m\u00e1s competitivo\u00bb.<\/p>\n<p>El vicepresidente, quien ha remarcado el descenso en la cantidad destinada a promoci\u00f3n tur\u00edstica y que tuvo lugar \u00absobre todo durante la pasada legislatura\u00bb, ha incidido en que \u00abnadie pone en duda\u00bb la importancia de este traspaso puesto que la promoci\u00f3n es un \u00abpilar\u00bb clave de la gesti\u00f3n tur\u00edstica.<\/p>\n<p>Seg\u00fan ha dicho, la Agencia de Turismo de Baleares no intervendr\u00e1 sobre las marcas sin el consenso de los Consells y ya se ha consensuado a qu\u00e9 ferias ir, con qu\u00e9 stands y \u00abqu\u00e9 nos gastaremos\u00bb en \u00e9stas, entre otras cuestiones.<\/p>\n","protected":false},"excerpt":{"rendered":"<p>El vicepresidente y conseller de Innovaci\u00f3n, Investigaci\u00f3n y Turismo, Biel Barcel\u00f3, ha asegurado este martes que la \u00abvoluntad\u00bb del Govern es que el traspaso de la promoci\u00f3n tur\u00edstica a los Consells Insulars \u00absea una realidad\u00bb a principios del pr\u00f3ximo a\u00f1o. As\u00ed se ha manifestado durante una interpelaci\u00f3n parlamentaria donde tambi\u00e9n ha admitido que esta transferencia<\/p>\n","protected":false},"author":1,"featured_media":79208,"comment_status":"open","ping_status":"closed","sticky":false,"template":"","format":"standard","meta":{"footnotes":""},"categories":[224],"tags":[],"class_list":{"0":"post-79207","1":"post","2":"type-post","3":"status-publish","4":"format-standard","5":"has-post-thumbnail","7":"category-noticias-actualidad"},"aioseo_notices":[],"aioseo_head":"\n\t\t<!-- All in One SEO Pro 4.9.6.1 - aioseo.com -->\n\t<meta name=\"description\" content=\"El vicepresidente y conseller de Innovaci\u00f3n, Investigaci\u00f3n y Turismo, Biel Barcel\u00f3, ha asegurado este martes que la &quot;voluntad&quot; del Govern es que el traspaso de la promoci\u00f3n tur\u00edstica a los Consells Insulars &quot;sea una realidad&quot; a principios del pr\u00f3ximo a\u00f1o. As\u00ed se ha manifestado durante una interpelaci\u00f3n parlamentaria donde tambi\u00e9n ha admitido que esta transferencia\" \/>\n\t<meta name=\"robots\" content=\"max-image-preview:large\" \/>\n\t<meta name=\"author\" content=\"admin\"\/>\n\t<meta name=\"google-site-verification\" content=\"UA-38556648-1\" \/>\n\t<meta name=\"keywords\" content=\"noticias y actualidad\" \/>\n\t<link rel=\"canonical\" href=\"https:\/\/eldigitaldeasturias.com\/magazine365\/el-gobierno-balear-pretende-que-el-traspaso-de-promocion-turistica-a-los-consells-se-haga-en-2017\/\" \/>\n\t<meta name=\"generator\" content=\"All in One SEO Pro (AIOSEO) 4.9.6.1\" \/>\n\t\t<meta property=\"og:locale\" content=\"es_ES\" \/>\n\t\t<meta property=\"og:site_name\" content=\"El Digital de Asturias \u2013 Revista de ocio, turismo y estilo de vida\" \/>\n\t\t<meta property=\"og:type\" content=\"article\" \/>\n\t\t<meta property=\"og:title\" content=\"El Govern pretende que el traspaso de promoci\u00f3n tur\u00edstica a los Consells se haga en 2017 | El Digital de Asturias\" \/>\n\t\t<meta property=\"og:description\" content=\"El vicepresidente y conseller de Innovaci\u00f3n, Investigaci\u00f3n y Turismo, Biel Barcel\u00f3, ha asegurado este martes que la &quot;voluntad&quot; del Govern es que el traspaso de la promoci\u00f3n tur\u00edstica a los Consells Insulars &quot;sea una realidad&quot; a principios del pr\u00f3ximo a\u00f1o. As\u00ed se ha manifestado durante una interpelaci\u00f3n parlamentaria donde tambi\u00e9n ha admitido que esta transferencia\" \/>\n\t\t<meta property=\"og:url\" content=\"https:\/\/eldigitaldeasturias.com\/magazine365\/el-gobierno-balear-pretende-que-el-traspaso-de-promocion-turistica-a-los-consells-se-haga-en-2017\/\" \/>\n\t\t<meta property=\"og:image\" content=\"https:\/\/eldigitaldeasturias.com\/magazine365\/wp-content\/uploads\/2016\/06\/fotonoticia_20160614151855_800.jpg\" \/>\n\t\t<meta property=\"og:image:secure_url\" content=\"https:\/\/eldigitaldeasturias.com\/magazine365\/wp-content\/uploads\/2016\/06\/fotonoticia_20160614151855_800.jpg\" \/>\n\t\t<meta property=\"og:image:width\" content=\"800\" \/>\n\t\t<meta property=\"og:image:height\" content=\"450\" \/>\n\t\t<meta property=\"article:published_time\" content=\"2016-06-14T18:23:07+00:00\" \/>\n\t\t<meta property=\"article:modified_time\" content=\"2016-06-14T18:23:31+00:00\" \/>\n\t\t<meta name=\"twitter:card\" content=\"summary_large_image\" \/>\n\t\t<meta name=\"twitter:title\" content=\"El Govern pretende que el traspaso de promoci\u00f3n tur\u00edstica a los Consells se haga en 2017 | El Digital de Asturias\" \/>\n\t\t<meta name=\"twitter:description\" content=\"El vicepresidente y conseller de Innovaci\u00f3n, Investigaci\u00f3n y Turismo, Biel Barcel\u00f3, ha asegurado este martes que la &quot;voluntad&quot; del Govern es que el traspaso de la promoci\u00f3n tur\u00edstica a los Consells Insulars &quot;sea una realidad&quot; a principios del pr\u00f3ximo a\u00f1o. As\u00ed se ha manifestado durante una interpelaci\u00f3n parlamentaria donde tambi\u00e9n ha admitido que esta transferencia\" \/>\n\t\t<meta name=\"twitter:image\" content=\"https:\/\/eldigitaldeasturias.com\/magazine365\/wp-content\/uploads\/2016\/06\/fotonoticia_20160614151855_800.jpg\" \/>\n\t\t<script type=\"application\/ld+json\" class=\"aioseo-schema\">\n\t\t\t{\"@context\":\"https:\\\/\\\/schema.org\",\"@graph\":[{\"@type\":\"Article\",\"@id\":\"https:\\\/\\\/eldigitaldeasturias.com\\\/magazine365\\\/el-gobierno-balear-pretende-que-el-traspaso-de-promocion-turistica-a-los-consells-se-haga-en-2017\\\/#article\",\"name\":\"El Govern pretende que el traspaso de promoci\\u00f3n tur\\u00edstica a los Consells se haga en 2017 | El Digital de Asturias\",\"headline\":\"El Govern pretende que el traspaso de promoci\\u00f3n tur\\u00edstica a los Consells se haga en 2017\",\"author\":{\"@id\":\"https:\\\/\\\/eldigitaldeasturias.com\\\/magazine365\\\/author\\\/admin\\\/#author\"},\"publisher\":{\"@id\":\"https:\\\/\\\/eldigitaldeasturias.com\\\/magazine365\\\/#organization\"},\"image\":{\"@type\":\"ImageObject\",\"url\":\"https:\\\/\\\/eldigitaldeasturias.com\\\/magazine365\\\/wp-content\\\/uploads\\\/2016\\\/06\\\/fotonoticia_20160614151855_800.jpg\",\"width\":800,\"height\":450},\"datePublished\":\"2016-06-14T20:23:07+02:00\",\"dateModified\":\"2016-06-14T20:23:31+02:00\",\"inLanguage\":\"es-ES\",\"mainEntityOfPage\":{\"@id\":\"https:\\\/\\\/eldigitaldeasturias.com\\\/magazine365\\\/el-gobierno-balear-pretende-que-el-traspaso-de-promocion-turistica-a-los-consells-se-haga-en-2017\\\/#webpage\"},\"isPartOf\":{\"@id\":\"https:\\\/\\\/eldigitaldeasturias.com\\\/magazine365\\\/el-gobierno-balear-pretende-que-el-traspaso-de-promocion-turistica-a-los-consells-se-haga-en-2017\\\/#webpage\"},\"articleSection\":\"Noticias y Actualidad\"},{\"@type\":\"BreadcrumbList\",\"@id\":\"https:\\\/\\\/eldigitaldeasturias.com\\\/magazine365\\\/el-gobierno-balear-pretende-que-el-traspaso-de-promocion-turistica-a-los-consells-se-haga-en-2017\\\/#breadcrumblist\",\"itemListElement\":[{\"@type\":\"ListItem\",\"@id\":\"https:\\\/\\\/eldigitaldeasturias.com\\\/magazine365#listItem\",\"position\":1,\"name\":\"Home\",\"item\":\"https:\\\/\\\/eldigitaldeasturias.com\\\/magazine365\",\"nextItem\":{\"@type\":\"ListItem\",\"@id\":\"https:\\\/\\\/eldigitaldeasturias.com\\\/magazine365\\\/category\\\/noticias-actualidad\\\/#listItem\",\"name\":\"Noticias y Actualidad\"}},{\"@type\":\"ListItem\",\"@id\":\"https:\\\/\\\/eldigitaldeasturias.com\\\/magazine365\\\/category\\\/noticias-actualidad\\\/#listItem\",\"position\":2,\"name\":\"Noticias y Actualidad\",\"item\":\"https:\\\/\\\/eldigitaldeasturias.com\\\/magazine365\\\/category\\\/noticias-actualidad\\\/\",\"nextItem\":{\"@type\":\"ListItem\",\"@id\":\"https:\\\/\\\/eldigitaldeasturias.com\\\/magazine365\\\/el-gobierno-balear-pretende-que-el-traspaso-de-promocion-turistica-a-los-consells-se-haga-en-2017\\\/#listItem\",\"name\":\"El Govern pretende que el traspaso de promoci\\u00f3n tur\\u00edstica a los Consells se haga en 2017\"},\"previousItem\":{\"@type\":\"ListItem\",\"@id\":\"https:\\\/\\\/eldigitaldeasturias.com\\\/magazine365#listItem\",\"name\":\"Home\"}},{\"@type\":\"ListItem\",\"@id\":\"https:\\\/\\\/eldigitaldeasturias.com\\\/magazine365\\\/el-gobierno-balear-pretende-que-el-traspaso-de-promocion-turistica-a-los-consells-se-haga-en-2017\\\/#listItem\",\"position\":3,\"name\":\"El Govern pretende que el traspaso de promoci\\u00f3n tur\\u00edstica a los Consells se haga en 2017\",\"previousItem\":{\"@type\":\"ListItem\",\"@id\":\"https:\\\/\\\/eldigitaldeasturias.com\\\/magazine365\\\/category\\\/noticias-actualidad\\\/#listItem\",\"name\":\"Noticias y Actualidad\"}}]},{\"@type\":\"Organization\",\"@id\":\"https:\\\/\\\/eldigitaldeasturias.com\\\/magazine365\\\/#organization\",\"name\":\"El digital de Asturias\",\"description\":\"Revista de ocio, turismo y estilo de vida\",\"url\":\"https:\\\/\\\/eldigitaldeasturias.com\\\/magazine365\\\/\",\"logo\":{\"@type\":\"ImageObject\",\"url\":\"https:\\\/\\\/www.eldigitaldeasturias.com\\\/noticias\\\/wp-content\\\/uploads\\\/2020\\\/12\\\/EDA.jpg\",\"@id\":\"https:\\\/\\\/eldigitaldeasturias.com\\\/magazine365\\\/el-gobierno-balear-pretende-que-el-traspaso-de-promocion-turistica-a-los-consells-se-haga-en-2017\\\/#organizationLogo\"},\"image\":{\"@id\":\"https:\\\/\\\/eldigitaldeasturias.com\\\/magazine365\\\/el-gobierno-balear-pretende-que-el-traspaso-de-promocion-turistica-a-los-consells-se-haga-en-2017\\\/#organizationLogo\"}},{\"@type\":\"Person\",\"@id\":\"https:\\\/\\\/eldigitaldeasturias.com\\\/magazine365\\\/author\\\/admin\\\/#author\",\"url\":\"https:\\\/\\\/eldigitaldeasturias.com\\\/magazine365\\\/author\\\/admin\\\/\",\"name\":\"admin\",\"image\":{\"@type\":\"ImageObject\",\"@id\":\"https:\\\/\\\/eldigitaldeasturias.com\\\/magazine365\\\/el-gobierno-balear-pretende-que-el-traspaso-de-promocion-turistica-a-los-consells-se-haga-en-2017\\\/#authorImage\",\"url\":\"https:\\\/\\\/eldigitaldeasturias.com\\\/magazine365\\\/wp-content\\\/litespeed\\\/avatar\\\/e571bcf59a0edd6fa6838245a470f2fe.jpg?ver=1776969259\",\"width\":96,\"height\":96,\"caption\":\"admin\"}},{\"@type\":\"WebPage\",\"@id\":\"https:\\\/\\\/eldigitaldeasturias.com\\\/magazine365\\\/el-gobierno-balear-pretende-que-el-traspaso-de-promocion-turistica-a-los-consells-se-haga-en-2017\\\/#webpage\",\"url\":\"https:\\\/\\\/eldigitaldeasturias.com\\\/magazine365\\\/el-gobierno-balear-pretende-que-el-traspaso-de-promocion-turistica-a-los-consells-se-haga-en-2017\\\/\",\"name\":\"El Govern pretende que el traspaso de promoci\\u00f3n tur\\u00edstica a los Consells se haga en 2017 | El Digital de Asturias\",\"description\":\"El vicepresidente y conseller de Innovaci\\u00f3n, Investigaci\\u00f3n y Turismo, Biel Barcel\\u00f3, ha asegurado este martes que la \\\"voluntad\\\" del Govern es que el traspaso de la promoci\\u00f3n tur\\u00edstica a los Consells Insulars \\\"sea una realidad\\\" a principios del pr\\u00f3ximo a\\u00f1o. As\\u00ed se ha manifestado durante una interpelaci\\u00f3n parlamentaria donde tambi\\u00e9n ha admitido que esta transferencia\",\"inLanguage\":\"es-ES\",\"isPartOf\":{\"@id\":\"https:\\\/\\\/eldigitaldeasturias.com\\\/magazine365\\\/#website\"},\"breadcrumb\":{\"@id\":\"https:\\\/\\\/eldigitaldeasturias.com\\\/magazine365\\\/el-gobierno-balear-pretende-que-el-traspaso-de-promocion-turistica-a-los-consells-se-haga-en-2017\\\/#breadcrumblist\"},\"author\":{\"@id\":\"https:\\\/\\\/eldigitaldeasturias.com\\\/magazine365\\\/author\\\/admin\\\/#author\"},\"creator\":{\"@id\":\"https:\\\/\\\/eldigitaldeasturias.com\\\/magazine365\\\/author\\\/admin\\\/#author\"},\"image\":{\"@type\":\"ImageObject\",\"url\":\"https:\\\/\\\/eldigitaldeasturias.com\\\/magazine365\\\/wp-content\\\/uploads\\\/2016\\\/06\\\/fotonoticia_20160614151855_800.jpg\",\"@id\":\"https:\\\/\\\/eldigitaldeasturias.com\\\/magazine365\\\/el-gobierno-balear-pretende-que-el-traspaso-de-promocion-turistica-a-los-consells-se-haga-en-2017\\\/#mainImage\",\"width\":800,\"height\":450},\"primaryImageOfPage\":{\"@id\":\"https:\\\/\\\/eldigitaldeasturias.com\\\/magazine365\\\/el-gobierno-balear-pretende-que-el-traspaso-de-promocion-turistica-a-los-consells-se-haga-en-2017\\\/#mainImage\"},\"datePublished\":\"2016-06-14T20:23:07+02:00\",\"dateModified\":\"2016-06-14T20:23:31+02:00\"},{\"@type\":\"WebSite\",\"@id\":\"https:\\\/\\\/eldigitaldeasturias.com\\\/magazine365\\\/#website\",\"url\":\"https:\\\/\\\/eldigitaldeasturias.com\\\/magazine365\\\/\",\"name\":\"El Digital de Asturias\",\"description\":\"Revista de ocio, turismo y estilo de vida\",\"inLanguage\":\"es-ES\",\"publisher\":{\"@id\":\"https:\\\/\\\/eldigitaldeasturias.com\\\/magazine365\\\/#organization\"}}]}\n\t\t<\/script>\n\t\t<!-- All in One SEO Pro -->\r\n\t\t<title>El Govern pretende que el traspaso de promoci\u00f3n tur\u00edstica a los Consells se haga en 2017 | El Digital de Asturias<\/title>\n\n","aioseo_head_json":{"title":"El Govern pretende que el traspaso de promoci\u00f3n tur\u00edstica a los Consells se haga en 2017 | El Digital de Asturias","description":"El vicepresidente y conseller de Innovaci\u00f3n, Investigaci\u00f3n y Turismo, Biel Barcel\u00f3, ha asegurado este martes que la \"voluntad\" del Govern es que el traspaso de la promoci\u00f3n tur\u00edstica a los Consells Insulars \"sea una realidad\" a principios del pr\u00f3ximo a\u00f1o. As\u00ed se ha manifestado durante una interpelaci\u00f3n parlamentaria donde tambi\u00e9n ha admitido que esta transferencia","canonical_url":"https:\/\/eldigitaldeasturias.com\/magazine365\/el-gobierno-balear-pretende-que-el-traspaso-de-promocion-turistica-a-los-consells-se-haga-en-2017\/","robots":"max-image-preview:large","keywords":"noticias y actualidad","webmasterTools":{"google-site-verification":"UA-38556648-1","miscellaneous":""},"schema":{"@context":"https:\/\/schema.org","@graph":[{"@type":"Article","@id":"https:\/\/eldigitaldeasturias.com\/magazine365\/el-gobierno-balear-pretende-que-el-traspaso-de-promocion-turistica-a-los-consells-se-haga-en-2017\/#article","name":"El Govern pretende que el traspaso de promoci\u00f3n tur\u00edstica a los Consells se haga en 2017 | El Digital de Asturias","headline":"El Govern pretende que el traspaso de promoci\u00f3n tur\u00edstica a los Consells se haga en 2017","author":{"@id":"https:\/\/eldigitaldeasturias.com\/magazine365\/author\/admin\/#author"},"publisher":{"@id":"https:\/\/eldigitaldeasturias.com\/magazine365\/#organization"},"image":{"@type":"ImageObject","url":"https:\/\/eldigitaldeasturias.com\/magazine365\/wp-content\/uploads\/2016\/06\/fotonoticia_20160614151855_800.jpg","width":800,"height":450},"datePublished":"2016-06-14T20:23:07+02:00","dateModified":"2016-06-14T20:23:31+02:00","inLanguage":"es-ES","mainEntityOfPage":{"@id":"https:\/\/eldigitaldeasturias.com\/magazine365\/el-gobierno-balear-pretende-que-el-traspaso-de-promocion-turistica-a-los-consells-se-haga-en-2017\/#webpage"},"isPartOf":{"@id":"https:\/\/eldigitaldeasturias.com\/magazine365\/el-gobierno-balear-pretende-que-el-traspaso-de-promocion-turistica-a-los-consells-se-haga-en-2017\/#webpage"},"articleSection":"Noticias y Actualidad"},{"@type":"BreadcrumbList","@id":"https:\/\/eldigitaldeasturias.com\/magazine365\/el-gobierno-balear-pretende-que-el-traspaso-de-promocion-turistica-a-los-consells-se-haga-en-2017\/#breadcrumblist","itemListElement":[{"@type":"ListItem","@id":"https:\/\/eldigitaldeasturias.com\/magazine365#listItem","position":1,"name":"Home","item":"https:\/\/eldigitaldeasturias.com\/magazine365","nextItem":{"@type":"ListItem","@id":"https:\/\/eldigitaldeasturias.com\/magazine365\/category\/noticias-actualidad\/#listItem","name":"Noticias y Actualidad"}},{"@type":"ListItem","@id":"https:\/\/eldigitaldeasturias.com\/magazine365\/category\/noticias-actualidad\/#listItem","position":2,"name":"Noticias y Actualidad","item":"https:\/\/eldigitaldeasturias.com\/magazine365\/category\/noticias-actualidad\/","nextItem":{"@type":"ListItem","@id":"https:\/\/eldigitaldeasturias.com\/magazine365\/el-gobierno-balear-pretende-que-el-traspaso-de-promocion-turistica-a-los-consells-se-haga-en-2017\/#listItem","name":"El Govern pretende que el traspaso de promoci\u00f3n tur\u00edstica a los Consells se haga en 2017"},"previousItem":{"@type":"ListItem","@id":"https:\/\/eldigitaldeasturias.com\/magazine365#listItem","name":"Home"}},{"@type":"ListItem","@id":"https:\/\/eldigitaldeasturias.com\/magazine365\/el-gobierno-balear-pretende-que-el-traspaso-de-promocion-turistica-a-los-consells-se-haga-en-2017\/#listItem","position":3,"name":"El Govern pretende que el traspaso de promoci\u00f3n tur\u00edstica a los Consells se haga en 2017","previousItem":{"@type":"ListItem","@id":"https:\/\/eldigitaldeasturias.com\/magazine365\/category\/noticias-actualidad\/#listItem","name":"Noticias y Actualidad"}}]},{"@type":"Organization","@id":"https:\/\/eldigitaldeasturias.com\/magazine365\/#organization","name":"El digital de Asturias","description":"Revista de ocio, turismo y estilo de vida","url":"https:\/\/eldigitaldeasturias.com\/magazine365\/","logo":{"@type":"ImageObject","url":"https:\/\/www.eldigitaldeasturias.com\/noticias\/wp-content\/uploads\/2020\/12\/EDA.jpg","@id":"https:\/\/eldigitaldeasturias.com\/magazine365\/el-gobierno-balear-pretende-que-el-traspaso-de-promocion-turistica-a-los-consells-se-haga-en-2017\/#organizationLogo"},"image":{"@id":"https:\/\/eldigitaldeasturias.com\/magazine365\/el-gobierno-balear-pretende-que-el-traspaso-de-promocion-turistica-a-los-consells-se-haga-en-2017\/#organizationLogo"}},{"@type":"Person","@id":"https:\/\/eldigitaldeasturias.com\/magazine365\/author\/admin\/#author","url":"https:\/\/eldigitaldeasturias.com\/magazine365\/author\/admin\/","name":"admin","image":{"@type":"ImageObject","@id":"https:\/\/eldigitaldeasturias.com\/magazine365\/el-gobierno-balear-pretende-que-el-traspaso-de-promocion-turistica-a-los-consells-se-haga-en-2017\/#authorImage","url":"https:\/\/eldigitaldeasturias.com\/magazine365\/wp-content\/litespeed\/avatar\/e571bcf59a0edd6fa6838245a470f2fe.jpg?ver=1776969259","width":96,"height":96,"caption":"admin"}},{"@type":"WebPage","@id":"https:\/\/eldigitaldeasturias.com\/magazine365\/el-gobierno-balear-pretende-que-el-traspaso-de-promocion-turistica-a-los-consells-se-haga-en-2017\/#webpage","url":"https:\/\/eldigitaldeasturias.com\/magazine365\/el-gobierno-balear-pretende-que-el-traspaso-de-promocion-turistica-a-los-consells-se-haga-en-2017\/","name":"El Govern pretende que el traspaso de promoci\u00f3n tur\u00edstica a los Consells se haga en 2017 | El Digital de Asturias","description":"El vicepresidente y conseller de Innovaci\u00f3n, Investigaci\u00f3n y Turismo, Biel Barcel\u00f3, ha asegurado este martes que la \"voluntad\" del Govern es que el traspaso de la promoci\u00f3n tur\u00edstica a los Consells Insulars \"sea una realidad\" a principios del pr\u00f3ximo a\u00f1o. As\u00ed se ha manifestado durante una interpelaci\u00f3n parlamentaria donde tambi\u00e9n ha admitido que esta transferencia","inLanguage":"es-ES","isPartOf":{"@id":"https:\/\/eldigitaldeasturias.com\/magazine365\/#website"},"breadcrumb":{"@id":"https:\/\/eldigitaldeasturias.com\/magazine365\/el-gobierno-balear-pretende-que-el-traspaso-de-promocion-turistica-a-los-consells-se-haga-en-2017\/#breadcrumblist"},"author":{"@id":"https:\/\/eldigitaldeasturias.com\/magazine365\/author\/admin\/#author"},"creator":{"@id":"https:\/\/eldigitaldeasturias.com\/magazine365\/author\/admin\/#author"},"image":{"@type":"ImageObject","url":"https:\/\/eldigitaldeasturias.com\/magazine365\/wp-content\/uploads\/2016\/06\/fotonoticia_20160614151855_800.jpg","@id":"https:\/\/eldigitaldeasturias.com\/magazine365\/el-gobierno-balear-pretende-que-el-traspaso-de-promocion-turistica-a-los-consells-se-haga-en-2017\/#mainImage","width":800,"height":450},"primaryImageOfPage":{"@id":"https:\/\/eldigitaldeasturias.com\/magazine365\/el-gobierno-balear-pretende-que-el-traspaso-de-promocion-turistica-a-los-consells-se-haga-en-2017\/#mainImage"},"datePublished":"2016-06-14T20:23:07+02:00","dateModified":"2016-06-14T20:23:31+02:00"},{"@type":"WebSite","@id":"https:\/\/eldigitaldeasturias.com\/magazine365\/#website","url":"https:\/\/eldigitaldeasturias.com\/magazine365\/","name":"El Digital de Asturias","description":"Revista de ocio, turismo y estilo de vida","inLanguage":"es-ES","publisher":{"@id":"https:\/\/eldigitaldeasturias.com\/magazine365\/#organization"}}]},"og:locale":"es_ES","og:site_name":"El Digital de Asturias \u2013 Revista de ocio, turismo y estilo de vida","og:type":"article","og:title":"El Govern pretende que el traspaso de promoci\u00f3n tur\u00edstica a los Consells se haga en 2017 | El Digital de Asturias","og:description":"El vicepresidente y conseller de Innovaci\u00f3n, Investigaci\u00f3n y Turismo, Biel Barcel\u00f3, ha asegurado este martes que la &quot;voluntad&quot; del Govern es que el traspaso de la promoci\u00f3n tur\u00edstica a los Consells Insulars &quot;sea una realidad&quot; a principios del pr\u00f3ximo a\u00f1o. As\u00ed se ha manifestado durante una interpelaci\u00f3n parlamentaria donde tambi\u00e9n ha admitido que esta transferencia","og:url":"https:\/\/eldigitaldeasturias.com\/magazine365\/el-gobierno-balear-pretende-que-el-traspaso-de-promocion-turistica-a-los-consells-se-haga-en-2017\/","og:image":"https:\/\/eldigitaldeasturias.com\/magazine365\/wp-content\/uploads\/2016\/06\/fotonoticia_20160614151855_800.jpg","og:image:secure_url":"https:\/\/eldigitaldeasturias.com\/magazine365\/wp-content\/uploads\/2016\/06\/fotonoticia_20160614151855_800.jpg","og:image:width":800,"og:image:height":450,"article:published_time":"2016-06-14T18:23:07+00:00","article:modified_time":"2016-06-14T18:23:31+00:00","twitter:card":"summary_large_image","twitter:title":"El Govern pretende que el traspaso de promoci\u00f3n tur\u00edstica a los Consells se haga en 2017 | El Digital de Asturias","twitter:description":"El vicepresidente y conseller de Innovaci\u00f3n, Investigaci\u00f3n y Turismo, Biel Barcel\u00f3, ha asegurado este martes que la &quot;voluntad&quot; del Govern es que el traspaso de la promoci\u00f3n tur\u00edstica a los Consells Insulars &quot;sea una realidad&quot; a principios del pr\u00f3ximo a\u00f1o. As\u00ed se ha manifestado durante una interpelaci\u00f3n parlamentaria donde tambi\u00e9n ha admitido que esta transferencia","twitter:image":"https:\/\/eldigitaldeasturias.com\/magazine365\/wp-content\/uploads\/2016\/06\/fotonoticia_20160614151855_800.jpg"},"aioseo_meta_data":{"post_id":"79207","title":null,"description":null,"keywords":null,"keyphrases":null,"primary_term":null,"canonical_url":null,"og_title":null,"og_description":null,"og_object_type":"default","og_image_type":"default","og_image_url":null,"og_image_width":null,"og_image_height":null,"og_image_custom_url":null,"og_image_custom_fields":null,"og_video":null,"og_custom_url":null,"og_article_section":null,"og_article_tags":null,"twitter_use_og":false,"twitter_card":"default","twitter_image_type":"default","twitter_image_url":null,"twitter_image_custom_url":null,"twitter_image_custom_fields":null,"twitter_title":null,"twitter_description":null,"schema":{"blockGraphs":[],"customGraphs":[],"default":{"data":{"Article":[],"Course":[],"Dataset":[],"FAQPage":[],"Movie":[],"Person":[],"Product":[],"ProductReview":[],"Car":[],"Recipe":[],"Service":[],"SoftwareApplication":[],"WebPage":[]},"graphName":"","isEnabled":true},"graphs":[],"defaultGraph":"","defaultPostTypeGraph":""},"schema_type":null,"schema_type_options":null,"pillar_content":false,"robots_default":true,"robots_noindex":false,"robots_noarchive":false,"robots_nosnippet":false,"robots_nofollow":false,"robots_noimageindex":false,"robots_noodp":false,"robots_notranslate":false,"robots_max_snippet":null,"robots_max_videopreview":null,"robots_max_imagepreview":"large","priority":null,"frequency":null,"location":null,"local_seo":null,"seo_analyzer_scan_date":"2025-09-27 18:27:16","breadcrumb_settings":null,"limit_modified_date":false,"open_ai":null,"ai":null,"created":"2021-03-08 17:51:10","updated":"2025-09-27 18:27:16"},"aioseo_breadcrumb":"<div class=\"aioseo-breadcrumbs\"><span class=\"aioseo-breadcrumb\">\n\t<a href=\"https:\/\/eldigitaldeasturias.com\/magazine365\" title=\"Home\">Home<\/a>\n<\/span><span class=\"aioseo-breadcrumb-separator\">\u2013<\/span><span class=\"aioseo-breadcrumb\">\n\t<a href=\"https:\/\/eldigitaldeasturias.com\/magazine365\/category\/noticias-actualidad\/\" title=\"Noticias y Actualidad\">Noticias y Actualidad<\/a>\n<\/span><span class=\"aioseo-breadcrumb-separator\">\u2013<\/span><span class=\"aioseo-breadcrumb\">\n\t<a href=\"https:\/\/eldigitaldeasturias.com\/magazine365\/el-gobierno-balear-pretende-que-el-traspaso-de-promocion-turistica-a-los-consells-se-haga-en-2017\/\" title=\"El Govern pretende que el traspaso de promoci\u00f3n tur\u00edstica a los Consells se haga en 2017\">El Govern pretende que el traspaso de promoci\u00f3n tur\u00edstica a los Consells se haga en 2017<\/a>\n<\/span><\/div>","aioseo_breadcrumb_json":[{"label":"Home","link":"https:\/\/eldigitaldeasturias.com\/magazine365"},{"label":"Noticias y Actualidad","link":"https:\/\/eldigitaldeasturias.com\/magazine365\/category\/noticias-actualidad\/"},{"label":"El Govern pretende que el traspaso de promoci\u00f3n tur\u00edstica a los Consells se haga en 2017","link":"https:\/\/eldigitaldeasturias.com\/magazine365\/el-gobierno-balear-pretende-que-el-traspaso-de-promocion-turistica-a-los-consells-se-haga-en-2017\/"}],"_links":{"self":[{"href":"https:\/\/eldigitaldeasturias.com\/magazine365\/wp-json\/wp\/v2\/posts\/79207","targetHints":{"allow":["GET"]}}],"collection":[{"href":"https:\/\/eldigitaldeasturias.com\/magazine365\/wp-json\/wp\/v2\/posts"}],"about":[{"href":"https:\/\/eldigitaldeasturias.com\/magazine365\/wp-json\/wp\/v2\/types\/post"}],"author":[{"embeddable":true,"href":"https:\/\/eldigitaldeasturias.com\/magazine365\/wp-json\/wp\/v2\/users\/1"}],"replies":[{"embeddable":true,"href":"https:\/\/eldigitaldeasturias.com\/magazine365\/wp-json\/wp\/v2\/comments?post=79207"}],"version-history":[{"count":0,"href":"https:\/\/eldigitaldeasturias.com\/magazine365\/wp-json\/wp\/v2\/posts\/79207\/revisions"}],"wp:featuredmedia":[{"embeddable":true,"href":"https:\/\/eldigitaldeasturias.com\/magazine365\/wp-json\/wp\/v2\/media\/79208"}],"wp:attachment":[{"href":"https:\/\/eldigitaldeasturias.com\/magazine365\/wp-json\/wp\/v2\/media?parent=79207"}],"wp:term":[{"taxonomy":"category","embeddable":true,"href":"https:\/\/eldigitaldeasturias.com\/magazine365\/wp-json\/wp\/v2\/categories?post=79207"},{"taxonomy":"post_tag","embeddable":true,"href":"https:\/\/eldigitaldeasturias.com\/magazine365\/wp-json\/wp\/v2\/tags?post=79207"}],"curies":[{"name":"wp","href":"https:\/\/api.w.org\/{rel}","templated":true}]}}