{"id":79201,"date":"2016-06-14T20:19:55","date_gmt":"2016-06-14T18:19:55","guid":{"rendered":"http:\/\/eldigitaldeasturias.com\/magazine365\/?p=79201"},"modified":"2016-06-14T20:19:55","modified_gmt":"2016-06-14T18:19:55","slug":"comienza-a-funcionar-al-completo-el-dispositivo-municipal-de-playas-de-malaga","status":"publish","type":"post","link":"https:\/\/eldigitaldeasturias.com\/magazine365\/comienza-a-funcionar-al-completo-el-dispositivo-municipal-de-playas-de-malaga\/","title":{"rendered":"Comienza a funcionar al completo el dispositivo municipal de playas de M\u00e1laga"},"content":{"rendered":"<p><img fetchpriority=\"high\" decoding=\"async\" class=\"alignleft size-medium wp-image-79202\" src=\"https:\/\/eldigitaldeasturias.com\/magazine365\/wp-content\/uploads\/2016\/06\/fotonoticia_20160614151434_800-360x203.jpg\" alt=\"fotonoticia_20160614151434_800\" width=\"360\" height=\"203\" srcset=\"https:\/\/eldigitaldeasturias.com\/magazine365\/wp-content\/uploads\/2016\/06\/fotonoticia_20160614151434_800-360x203.jpg 360w, https:\/\/eldigitaldeasturias.com\/magazine365\/wp-content\/uploads\/2016\/06\/fotonoticia_20160614151434_800-650x366.jpg 650w, https:\/\/eldigitaldeasturias.com\/magazine365\/wp-content\/uploads\/2016\/06\/fotonoticia_20160614151434_800-768x432.jpg 768w, https:\/\/eldigitaldeasturias.com\/magazine365\/wp-content\/uploads\/2016\/06\/fotonoticia_20160614151434_800-150x84.jpg 150w, https:\/\/eldigitaldeasturias.com\/magazine365\/wp-content\/uploads\/2016\/06\/fotonoticia_20160614151434_800-450x253.jpg 450w, https:\/\/eldigitaldeasturias.com\/magazine365\/wp-content\/uploads\/2016\/06\/fotonoticia_20160614151434_800-499x280.jpg 499w, https:\/\/eldigitaldeasturias.com\/magazine365\/wp-content\/uploads\/2016\/06\/fotonoticia_20160614151434_800-510x289.jpg 510w, https:\/\/eldigitaldeasturias.com\/magazine365\/wp-content\/uploads\/2016\/06\/fotonoticia_20160614151434_800.jpg 800w\" sizes=\"(max-width: 360px) 100vw, 360px\" \/>Los servicios de playas de M\u00e1laga capital van a funcionar al completo a partir de este mi\u00e9rcoles en la nueva temporada estival, seg\u00fan ha informado este martes la concejala de Playas de la ciudad, Teresa Porras.<\/p>\n<p>En la ciudad hay 15 playas con 13,5 kil\u00f3metros de extensi\u00f3n a lo largo del total del litoral que alcanza los 17,5 kil\u00f3metros. En esta extensi\u00f3n se sit\u00faan 124 duchas y 30 lavapi\u00e9s con m\u00e1s de 300 puntos de agua a disposici\u00f3n de los ba\u00f1istas.<\/p>\n<p>Tambi\u00e9n en este espacio se distribuyen los 3.416 metros lineales de pasarela de hormig\u00f3n, 29 aseos, cinco m\u00f3dulos sanitarios &#8211;uno m\u00e1s que el pasado a\u00f1o&#8211; y siete m\u00f3dulos para personas con movilidad reducida. A estos \u00faltimos en este a\u00f1o se les ha dotado de aire acondicionado.<\/p>\n<p>As\u00ed, la concejala ha se\u00f1alado que se atiende la demanda de los usuarios con gran dependencia, ya que el Ayuntamiento ha duplicado la zona de sombra del punto accesible de La Misericordia pasando de 90 metros cuadrados a 200.<\/p>\n<p>Asimismo, se ha adquirido un dispositivo audioplaya, orientado a facilitar el acceso a invidentes, para garantizar la prestaci\u00f3n del servicio en caso de aver\u00eda de los dos ya existentes en La Misericordia y El Dedo.<\/p>\n<p>Tambi\u00e9n en La Misericordia se ha instalado un nuevo campo deportivo que se suma a los once ya existentes en las playas de la capital, y dentro del plan de inversiones del a\u00f1o 2016, el \u00c1rea de Playas est\u00e1 renovando tirolinas, torretas de socorrismo, sillas anfibias, m\u00e1stiles, zonas de barbacoa, graffitis de los m\u00f3dulos, bases y pozos drenantes para duchas.<\/p>\n<p>Adem\u00e1s, se suma a lo anterior un nuevo aseo &#8211;existen, as\u00ed, un total de 29&#8211;, se incorporan dos juegos para puntos accesibles y como nuevas pasarelas de madera reforzadas para la playa del Campo de Golf. Estas inversiones se complementan con la nueva zona deportiva en el espig\u00f3n de la zona de la T\u00e9rmica de la playa de La Misericordia.<\/p>\n<h2 class=\"ladillo\">CERTIFICADOS DE CALIDAD<\/h2>\n<p>Seg\u00fan ha se\u00f1alado Porras, el Ayuntamiento ha centrado desde hace a\u00f1os sus esfuerzos en \u00abinnovar e implantar herramientas que facilitan y garantizan una correcta gesti\u00f3n de estos espacios, buscando la m\u00e1xima calidad\u00bb.<\/p>\n<p>\u00abNo hay que olvidar que las playas son espacios p\u00fablicos, con gran afluencia de usuarios en determinados d\u00edas y momentos, que tienen diferentes expectativas, y que acceden gratuitamente &#8211;ha apuntado&#8211;. Adem\u00e1s, las playas no tienen hora de cierre ni de apertura, por eso desde el Ayuntamiento hemos apostado por varias f\u00f3rmulas de certificaci\u00f3n de calidad de nuestras playas\u00bb.<\/p>\n<p>As\u00ed, esta temporada se inicia con un Sistema de Gesti\u00f3n Integrado de Calidad (SGI) y cinco distinciones &#8216;Q&#8217; de calidad en las playas de La Misericordia, El Dedo, El Palo, Pedregalejo y La Caleta. Estas mismas playas cuentan con la certificaci\u00f3n de Accesibilidad Universal, y, desde 2006, con el Premio de Accesibilidad Global.<\/p>\n<p>Adem\u00e1s de los certificados de calidad, las playas de la ciudad tienen acreditada la seguridad de sus parque infantiles. El \u00c1rea de Playas dispone los medios para el adecuado mantenimiento de estas zonas que son inspeccionadas peri\u00f3dicamente, y as\u00ed, concretamente, se ha actuado en las playas de El Dedo, Pedregalejo, El Palo, Bellavista, La Caleta, La Malagueta, San Andr\u00e9s y La Misericordia.<\/p>\n<p>Por otro lado, para garantizar tanto el mantenimiento preventivo como correctivo de todos y cada uno de los elementos de mobiliario urbano situados en las playas, este a\u00f1o trabajan 19 operarios que garantizan un servicio que permite reparar en menos de 24 horas todos los elementos que por su uso o por vandalismo puedan sufrir alg\u00fan deterioro.<\/p>\n<h2 class=\"ladillo\">SALVAMENTO, PUNTO NARANJA, RECOGIDA DE S\u00d3LIDOS Y BALIZAMIENTO<\/h2>\n<p>En cuanto al servicio de salvamento y socorrismo, est\u00e1n compuesto por 40 personas: dos coordinadores, cuatro patrones, cinco ATS, dos conductores y 27 socorristas. El mismo se prestar\u00e1 a diario del 15 de junio al 15 de septiembre y del 15 al 30 de septiembre, los fines de semana, y contempla modernos medios de comunicaci\u00f3n y transporte, tanto mar\u00edtimo como terrestre. Est\u00e1 dotado de cinco puestos de asistencia sanitaria, 23 torretas de salvamento, dos embarcaciones, dos motos de agua y 23 m\u00e1stiles.<\/p>\n<p>Asimismo, la playa de La Malagueta es la primera de Espa\u00f1a en contar con el sistema de salvamento Punto naranja, pionero en socorrismo. En la actualidad existen dos dispositivos m\u00e1s instalados: uno en la misma playa y otro en la caleta. El objetivo de este sistema es disminuir el n\u00famero de muertes por ahogamiento en las costas, facilitando el sistema de rescate.<\/p>\n<p>Est\u00e1 disponible 24 horas durante todo el a\u00f1o, y se trata de una estructura anclada a una base de hormig\u00f3n que alberga en su interior un arn\u00e9s de socorrismo cosido a un cable de m\u00e1s de 300 metros enrollado en una bobina, la cual se recoge mediante un motor el\u00e9ctrico accionado desde el agua o desde el mismo punto naranja.<\/p>\n<p>Adem\u00e1s, el \u00c1rea de Playas ha habilitado cuatro embarcaciones, que proceder\u00e1n a la recogida de residuos s\u00f3lidos flotantes y natas. Estas embarcaciones estar\u00e1n operativas todos los d\u00edas de la semana, ocho horas al d\u00eda, hasta el 30 de septiembre. Asimismo, se dispondr\u00e1 del balizamiento perimetral de la zona de ba\u00f1o y de los canales para la entrada y salida de embarcaciones, tal y como se dispone en la normativa sectorial al respecto.<\/p>\n<p>Del mismo modo, los accesos a todas las playas cuentan con carteles informativos de moderno dise\u00f1o relativos al correcto uso del espacio natural.<\/p>\n<h2 class=\"ladillo\">DIVERSI\u00d3N Y DEPORTE<\/h2>\n<p>La playa de El Pe\u00f1\u00f3n del Cuervo tiene habilitadas zonas de picnic con barbacoas de obras y la playa del Campo de Golf cuenta con una zona reservadas para el uso de barbacoas particulares. En ambas zonas es necesaria la solicitud del permiso de moragas.<\/p>\n<p>Por su parte, Pedregalejo, Campo de Golf y, ahora, La Misericordia disponen de zonas deportivas compuestas por cuatro campos de v\u00f3ley-playa y dos de f\u00fatbol. Adem\u00e1s se han habilitado zonas deportivas de ejercicios varios y de rehabilitaci\u00f3n para mayores en los paseos mar\u00edtimos del Padre Ciganda, Chanquete, Glorieta de Antonio Molina, El Morlaco y Pac\u00edfico. A esto hay que a\u00f1adir el programa de Cine Abierto en La Malagueta, La Misericordia y El Dedo.<\/p>\n<p>El Ayuntamiento tambi\u00e9n tiene habilitada una zona para la pr\u00e1ctica de deportes n\u00e1uticos sin motor en Campo de Golf. En esta zona la Agencia de Navegaci\u00f3n A\u00e9rea prohibi\u00f3 la pr\u00e1ctica de &#8216;kitesurf&#8217;, motivo por el que el \u00c1rea de Playas ha solicitado a la Delegaci\u00f3n Territorial de M\u00e1laga de la Consejer\u00eda de Medio Ambiente y Ordenaci\u00f3n del Territorio de la Junta de Andaluc\u00eda la posibilidad de trasladar a los practicantes de esta modalidad deportiva a la playa existente entre los dos brazos de la desembocadura del Guadalhorce. Asimismo, se va a estudiar con la Capitan\u00eda Mar\u00edtima la posibilidad de traslado de la zona de pr\u00e1ctica deportiva no motor a esta misma nueva zona.<\/p>\n<p>Por otro lado, bajo el lema &#8216;\u00a1T\u00fa puedes salvar una vida! \u00a1M\u00f3jate!&#8217;, Expaumi ofrecer\u00e1 simulacros para aprender a fortalecer y continuar la cadena de la vida el d\u00eda 10 de julio en la playa de El Dedo y el 24 de julio en La Misericordia.<\/p>\n<p>Y con el objetivo de concienciar a la ciudadan\u00eda, desde el \u00c1rea de Playas se organizar\u00e1n talleres de juegos de interpretaci\u00f3n y simulaci\u00f3n en el medio, de reciclado, reparto de informaci\u00f3n, campa\u00f1a de recogida de colillas y de primeros auxilios a especies marinas amenazadas.<\/p>\n<p>Por \u00faltimo, la edil ha recordado que el \u00c1rea de Playas cuenta con una p\u00e1gina web <a href=\"http:\/\/www.playas.malaga.eu\/\" target=\"_blank\">www.playas.malaga.eu<\/a>. en la que existe un sistema automatizado para la tramitaci\u00f3n de moragas. Adem\u00e1s, hay una aplicaci\u00f3n, Gecor, con un aparatado dedicado a playas para la gesti\u00f3n de incidencias y mantenimiento de instalaciones y resultados anal\u00edticos realizados, de los meses de junio a septiembre.<\/p>\n","protected":false},"excerpt":{"rendered":"<p>Los servicios de playas de M\u00e1laga capital van a funcionar al completo a partir de este mi\u00e9rcoles en la nueva temporada estival, seg\u00fan ha informado este martes la concejala de Playas de la ciudad, Teresa Porras. En la ciudad hay 15 playas con 13,5 kil\u00f3metros de extensi\u00f3n a lo largo del total del litoral que<\/p>\n","protected":false},"author":1,"featured_media":79202,"comment_status":"open","ping_status":"closed","sticky":false,"template":"","format":"standard","meta":{"footnotes":""},"categories":[224],"tags":[],"class_list":{"0":"post-79201","1":"post","2":"type-post","3":"status-publish","4":"format-standard","5":"has-post-thumbnail","7":"category-noticias-actualidad"},"aioseo_notices":[],"aioseo_head":"\n\t\t<!-- All in One SEO Pro 4.9.6.1 - aioseo.com -->\n\t<meta name=\"description\" content=\"Los servicios de playas de M\u00e1laga capital van a funcionar al completo a partir de este mi\u00e9rcoles en la nueva temporada estival, seg\u00fan ha informado este martes la concejala de Playas de la ciudad, Teresa Porras. En la ciudad hay 15 playas con 13,5 kil\u00f3metros de extensi\u00f3n a lo largo del total del litoral que\" \/>\n\t<meta name=\"robots\" content=\"max-image-preview:large\" \/>\n\t<meta name=\"author\" content=\"admin\"\/>\n\t<meta name=\"google-site-verification\" content=\"UA-38556648-1\" \/>\n\t<meta name=\"keywords\" content=\"noticias y actualidad\" \/>\n\t<link rel=\"canonical\" href=\"https:\/\/eldigitaldeasturias.com\/magazine365\/comienza-a-funcionar-al-completo-el-dispositivo-municipal-de-playas-de-malaga\/\" \/>\n\t<meta name=\"generator\" content=\"All in One SEO Pro (AIOSEO) 4.9.6.1\" \/>\n\t\t<meta property=\"og:locale\" content=\"es_ES\" \/>\n\t\t<meta property=\"og:site_name\" content=\"El Digital de Asturias \u2013 Revista de ocio, turismo y estilo de vida\" \/>\n\t\t<meta property=\"og:type\" content=\"article\" \/>\n\t\t<meta property=\"og:title\" content=\"Comienza a funcionar al completo el dispositivo municipal de playas de M\u00e1laga | El Digital de Asturias\" \/>\n\t\t<meta property=\"og:description\" content=\"Los servicios de playas de M\u00e1laga capital van a funcionar al completo a partir de este mi\u00e9rcoles en la nueva temporada estival, seg\u00fan ha informado este martes la concejala de Playas de la ciudad, Teresa Porras. En la ciudad hay 15 playas con 13,5 kil\u00f3metros de extensi\u00f3n a lo largo del total del litoral que\" \/>\n\t\t<meta property=\"og:url\" content=\"https:\/\/eldigitaldeasturias.com\/magazine365\/comienza-a-funcionar-al-completo-el-dispositivo-municipal-de-playas-de-malaga\/\" \/>\n\t\t<meta property=\"og:image\" content=\"https:\/\/eldigitaldeasturias.com\/magazine365\/wp-content\/uploads\/2016\/06\/fotonoticia_20160614151434_800.jpg\" \/>\n\t\t<meta property=\"og:image:secure_url\" content=\"https:\/\/eldigitaldeasturias.com\/magazine365\/wp-content\/uploads\/2016\/06\/fotonoticia_20160614151434_800.jpg\" \/>\n\t\t<meta property=\"og:image:width\" content=\"800\" \/>\n\t\t<meta property=\"og:image:height\" content=\"450\" \/>\n\t\t<meta property=\"article:published_time\" content=\"2016-06-14T18:19:55+00:00\" \/>\n\t\t<meta property=\"article:modified_time\" content=\"2016-06-14T18:19:55+00:00\" \/>\n\t\t<meta name=\"twitter:card\" content=\"summary_large_image\" \/>\n\t\t<meta name=\"twitter:title\" content=\"Comienza a funcionar al completo el dispositivo municipal de playas de M\u00e1laga | El Digital de Asturias\" \/>\n\t\t<meta name=\"twitter:description\" content=\"Los servicios de playas de M\u00e1laga capital van a funcionar al completo a partir de este mi\u00e9rcoles en la nueva temporada estival, seg\u00fan ha informado este martes la concejala de Playas de la ciudad, Teresa Porras. En la ciudad hay 15 playas con 13,5 kil\u00f3metros de extensi\u00f3n a lo largo del total del litoral que\" \/>\n\t\t<meta name=\"twitter:image\" content=\"https:\/\/eldigitaldeasturias.com\/magazine365\/wp-content\/uploads\/2016\/06\/fotonoticia_20160614151434_800.jpg\" \/>\n\t\t<script type=\"application\/ld+json\" class=\"aioseo-schema\">\n\t\t\t{\"@context\":\"https:\\\/\\\/schema.org\",\"@graph\":[{\"@type\":\"Article\",\"@id\":\"https:\\\/\\\/eldigitaldeasturias.com\\\/magazine365\\\/comienza-a-funcionar-al-completo-el-dispositivo-municipal-de-playas-de-malaga\\\/#article\",\"name\":\"Comienza a funcionar al completo el dispositivo municipal de playas de M\\u00e1laga | El Digital de Asturias\",\"headline\":\"Comienza a funcionar al completo el dispositivo municipal de playas de M\\u00e1laga\",\"author\":{\"@id\":\"https:\\\/\\\/eldigitaldeasturias.com\\\/magazine365\\\/author\\\/admin\\\/#author\"},\"publisher\":{\"@id\":\"https:\\\/\\\/eldigitaldeasturias.com\\\/magazine365\\\/#organization\"},\"image\":{\"@type\":\"ImageObject\",\"url\":\"https:\\\/\\\/eldigitaldeasturias.com\\\/magazine365\\\/wp-content\\\/uploads\\\/2016\\\/06\\\/fotonoticia_20160614151434_800.jpg\",\"width\":800,\"height\":450},\"datePublished\":\"2016-06-14T20:19:55+02:00\",\"dateModified\":\"2016-06-14T20:19:55+02:00\",\"inLanguage\":\"es-ES\",\"mainEntityOfPage\":{\"@id\":\"https:\\\/\\\/eldigitaldeasturias.com\\\/magazine365\\\/comienza-a-funcionar-al-completo-el-dispositivo-municipal-de-playas-de-malaga\\\/#webpage\"},\"isPartOf\":{\"@id\":\"https:\\\/\\\/eldigitaldeasturias.com\\\/magazine365\\\/comienza-a-funcionar-al-completo-el-dispositivo-municipal-de-playas-de-malaga\\\/#webpage\"},\"articleSection\":\"Noticias y Actualidad\"},{\"@type\":\"BreadcrumbList\",\"@id\":\"https:\\\/\\\/eldigitaldeasturias.com\\\/magazine365\\\/comienza-a-funcionar-al-completo-el-dispositivo-municipal-de-playas-de-malaga\\\/#breadcrumblist\",\"itemListElement\":[{\"@type\":\"ListItem\",\"@id\":\"https:\\\/\\\/eldigitaldeasturias.com\\\/magazine365#listItem\",\"position\":1,\"name\":\"Home\",\"item\":\"https:\\\/\\\/eldigitaldeasturias.com\\\/magazine365\",\"nextItem\":{\"@type\":\"ListItem\",\"@id\":\"https:\\\/\\\/eldigitaldeasturias.com\\\/magazine365\\\/category\\\/noticias-actualidad\\\/#listItem\",\"name\":\"Noticias y Actualidad\"}},{\"@type\":\"ListItem\",\"@id\":\"https:\\\/\\\/eldigitaldeasturias.com\\\/magazine365\\\/category\\\/noticias-actualidad\\\/#listItem\",\"position\":2,\"name\":\"Noticias y Actualidad\",\"item\":\"https:\\\/\\\/eldigitaldeasturias.com\\\/magazine365\\\/category\\\/noticias-actualidad\\\/\",\"nextItem\":{\"@type\":\"ListItem\",\"@id\":\"https:\\\/\\\/eldigitaldeasturias.com\\\/magazine365\\\/comienza-a-funcionar-al-completo-el-dispositivo-municipal-de-playas-de-malaga\\\/#listItem\",\"name\":\"Comienza a funcionar al completo el dispositivo municipal de playas de M\\u00e1laga\"},\"previousItem\":{\"@type\":\"ListItem\",\"@id\":\"https:\\\/\\\/eldigitaldeasturias.com\\\/magazine365#listItem\",\"name\":\"Home\"}},{\"@type\":\"ListItem\",\"@id\":\"https:\\\/\\\/eldigitaldeasturias.com\\\/magazine365\\\/comienza-a-funcionar-al-completo-el-dispositivo-municipal-de-playas-de-malaga\\\/#listItem\",\"position\":3,\"name\":\"Comienza a funcionar al completo el dispositivo municipal de playas de M\\u00e1laga\",\"previousItem\":{\"@type\":\"ListItem\",\"@id\":\"https:\\\/\\\/eldigitaldeasturias.com\\\/magazine365\\\/category\\\/noticias-actualidad\\\/#listItem\",\"name\":\"Noticias y Actualidad\"}}]},{\"@type\":\"Organization\",\"@id\":\"https:\\\/\\\/eldigitaldeasturias.com\\\/magazine365\\\/#organization\",\"name\":\"El digital de Asturias\",\"description\":\"Revista de ocio, turismo y estilo de vida\",\"url\":\"https:\\\/\\\/eldigitaldeasturias.com\\\/magazine365\\\/\",\"logo\":{\"@type\":\"ImageObject\",\"url\":\"https:\\\/\\\/www.eldigitaldeasturias.com\\\/noticias\\\/wp-content\\\/uploads\\\/2020\\\/12\\\/EDA.jpg\",\"@id\":\"https:\\\/\\\/eldigitaldeasturias.com\\\/magazine365\\\/comienza-a-funcionar-al-completo-el-dispositivo-municipal-de-playas-de-malaga\\\/#organizationLogo\"},\"image\":{\"@id\":\"https:\\\/\\\/eldigitaldeasturias.com\\\/magazine365\\\/comienza-a-funcionar-al-completo-el-dispositivo-municipal-de-playas-de-malaga\\\/#organizationLogo\"}},{\"@type\":\"Person\",\"@id\":\"https:\\\/\\\/eldigitaldeasturias.com\\\/magazine365\\\/author\\\/admin\\\/#author\",\"url\":\"https:\\\/\\\/eldigitaldeasturias.com\\\/magazine365\\\/author\\\/admin\\\/\",\"name\":\"admin\",\"image\":{\"@type\":\"ImageObject\",\"@id\":\"https:\\\/\\\/eldigitaldeasturias.com\\\/magazine365\\\/comienza-a-funcionar-al-completo-el-dispositivo-municipal-de-playas-de-malaga\\\/#authorImage\",\"url\":\"https:\\\/\\\/eldigitaldeasturias.com\\\/magazine365\\\/wp-content\\\/litespeed\\\/avatar\\\/e571bcf59a0edd6fa6838245a470f2fe.jpg?ver=1776969259\",\"width\":96,\"height\":96,\"caption\":\"admin\"}},{\"@type\":\"WebPage\",\"@id\":\"https:\\\/\\\/eldigitaldeasturias.com\\\/magazine365\\\/comienza-a-funcionar-al-completo-el-dispositivo-municipal-de-playas-de-malaga\\\/#webpage\",\"url\":\"https:\\\/\\\/eldigitaldeasturias.com\\\/magazine365\\\/comienza-a-funcionar-al-completo-el-dispositivo-municipal-de-playas-de-malaga\\\/\",\"name\":\"Comienza a funcionar al completo el dispositivo municipal de playas de M\\u00e1laga | El Digital de Asturias\",\"description\":\"Los servicios de playas de M\\u00e1laga capital van a funcionar al completo a partir de este mi\\u00e9rcoles en la nueva temporada estival, seg\\u00fan ha informado este martes la concejala de Playas de la ciudad, Teresa Porras. En la ciudad hay 15 playas con 13,5 kil\\u00f3metros de extensi\\u00f3n a lo largo del total del litoral que\",\"inLanguage\":\"es-ES\",\"isPartOf\":{\"@id\":\"https:\\\/\\\/eldigitaldeasturias.com\\\/magazine365\\\/#website\"},\"breadcrumb\":{\"@id\":\"https:\\\/\\\/eldigitaldeasturias.com\\\/magazine365\\\/comienza-a-funcionar-al-completo-el-dispositivo-municipal-de-playas-de-malaga\\\/#breadcrumblist\"},\"author\":{\"@id\":\"https:\\\/\\\/eldigitaldeasturias.com\\\/magazine365\\\/author\\\/admin\\\/#author\"},\"creator\":{\"@id\":\"https:\\\/\\\/eldigitaldeasturias.com\\\/magazine365\\\/author\\\/admin\\\/#author\"},\"image\":{\"@type\":\"ImageObject\",\"url\":\"https:\\\/\\\/eldigitaldeasturias.com\\\/magazine365\\\/wp-content\\\/uploads\\\/2016\\\/06\\\/fotonoticia_20160614151434_800.jpg\",\"@id\":\"https:\\\/\\\/eldigitaldeasturias.com\\\/magazine365\\\/comienza-a-funcionar-al-completo-el-dispositivo-municipal-de-playas-de-malaga\\\/#mainImage\",\"width\":800,\"height\":450},\"primaryImageOfPage\":{\"@id\":\"https:\\\/\\\/eldigitaldeasturias.com\\\/magazine365\\\/comienza-a-funcionar-al-completo-el-dispositivo-municipal-de-playas-de-malaga\\\/#mainImage\"},\"datePublished\":\"2016-06-14T20:19:55+02:00\",\"dateModified\":\"2016-06-14T20:19:55+02:00\"},{\"@type\":\"WebSite\",\"@id\":\"https:\\\/\\\/eldigitaldeasturias.com\\\/magazine365\\\/#website\",\"url\":\"https:\\\/\\\/eldigitaldeasturias.com\\\/magazine365\\\/\",\"name\":\"El Digital de Asturias\",\"description\":\"Revista de ocio, turismo y estilo de vida\",\"inLanguage\":\"es-ES\",\"publisher\":{\"@id\":\"https:\\\/\\\/eldigitaldeasturias.com\\\/magazine365\\\/#organization\"}}]}\n\t\t<\/script>\n\t\t<!-- All in One SEO Pro -->\r\n\t\t<title>Comienza a funcionar al completo el dispositivo municipal de playas de M\u00e1laga | El Digital de Asturias<\/title>\n\n","aioseo_head_json":{"title":"Comienza a funcionar al completo el dispositivo municipal de playas de M\u00e1laga | El Digital de Asturias","description":"Los servicios de playas de M\u00e1laga capital van a funcionar al completo a partir de este mi\u00e9rcoles en la nueva temporada estival, seg\u00fan ha informado este martes la concejala de Playas de la ciudad, Teresa Porras. En la ciudad hay 15 playas con 13,5 kil\u00f3metros de extensi\u00f3n a lo largo del total del litoral que","canonical_url":"https:\/\/eldigitaldeasturias.com\/magazine365\/comienza-a-funcionar-al-completo-el-dispositivo-municipal-de-playas-de-malaga\/","robots":"max-image-preview:large","keywords":"noticias y actualidad","webmasterTools":{"google-site-verification":"UA-38556648-1","miscellaneous":""},"schema":{"@context":"https:\/\/schema.org","@graph":[{"@type":"Article","@id":"https:\/\/eldigitaldeasturias.com\/magazine365\/comienza-a-funcionar-al-completo-el-dispositivo-municipal-de-playas-de-malaga\/#article","name":"Comienza a funcionar al completo el dispositivo municipal de playas de M\u00e1laga | El Digital de Asturias","headline":"Comienza a funcionar al completo el dispositivo municipal de playas de M\u00e1laga","author":{"@id":"https:\/\/eldigitaldeasturias.com\/magazine365\/author\/admin\/#author"},"publisher":{"@id":"https:\/\/eldigitaldeasturias.com\/magazine365\/#organization"},"image":{"@type":"ImageObject","url":"https:\/\/eldigitaldeasturias.com\/magazine365\/wp-content\/uploads\/2016\/06\/fotonoticia_20160614151434_800.jpg","width":800,"height":450},"datePublished":"2016-06-14T20:19:55+02:00","dateModified":"2016-06-14T20:19:55+02:00","inLanguage":"es-ES","mainEntityOfPage":{"@id":"https:\/\/eldigitaldeasturias.com\/magazine365\/comienza-a-funcionar-al-completo-el-dispositivo-municipal-de-playas-de-malaga\/#webpage"},"isPartOf":{"@id":"https:\/\/eldigitaldeasturias.com\/magazine365\/comienza-a-funcionar-al-completo-el-dispositivo-municipal-de-playas-de-malaga\/#webpage"},"articleSection":"Noticias y Actualidad"},{"@type":"BreadcrumbList","@id":"https:\/\/eldigitaldeasturias.com\/magazine365\/comienza-a-funcionar-al-completo-el-dispositivo-municipal-de-playas-de-malaga\/#breadcrumblist","itemListElement":[{"@type":"ListItem","@id":"https:\/\/eldigitaldeasturias.com\/magazine365#listItem","position":1,"name":"Home","item":"https:\/\/eldigitaldeasturias.com\/magazine365","nextItem":{"@type":"ListItem","@id":"https:\/\/eldigitaldeasturias.com\/magazine365\/category\/noticias-actualidad\/#listItem","name":"Noticias y Actualidad"}},{"@type":"ListItem","@id":"https:\/\/eldigitaldeasturias.com\/magazine365\/category\/noticias-actualidad\/#listItem","position":2,"name":"Noticias y Actualidad","item":"https:\/\/eldigitaldeasturias.com\/magazine365\/category\/noticias-actualidad\/","nextItem":{"@type":"ListItem","@id":"https:\/\/eldigitaldeasturias.com\/magazine365\/comienza-a-funcionar-al-completo-el-dispositivo-municipal-de-playas-de-malaga\/#listItem","name":"Comienza a funcionar al completo el dispositivo municipal de playas de M\u00e1laga"},"previousItem":{"@type":"ListItem","@id":"https:\/\/eldigitaldeasturias.com\/magazine365#listItem","name":"Home"}},{"@type":"ListItem","@id":"https:\/\/eldigitaldeasturias.com\/magazine365\/comienza-a-funcionar-al-completo-el-dispositivo-municipal-de-playas-de-malaga\/#listItem","position":3,"name":"Comienza a funcionar al completo el dispositivo municipal de playas de M\u00e1laga","previousItem":{"@type":"ListItem","@id":"https:\/\/eldigitaldeasturias.com\/magazine365\/category\/noticias-actualidad\/#listItem","name":"Noticias y Actualidad"}}]},{"@type":"Organization","@id":"https:\/\/eldigitaldeasturias.com\/magazine365\/#organization","name":"El digital de Asturias","description":"Revista de ocio, turismo y estilo de vida","url":"https:\/\/eldigitaldeasturias.com\/magazine365\/","logo":{"@type":"ImageObject","url":"https:\/\/www.eldigitaldeasturias.com\/noticias\/wp-content\/uploads\/2020\/12\/EDA.jpg","@id":"https:\/\/eldigitaldeasturias.com\/magazine365\/comienza-a-funcionar-al-completo-el-dispositivo-municipal-de-playas-de-malaga\/#organizationLogo"},"image":{"@id":"https:\/\/eldigitaldeasturias.com\/magazine365\/comienza-a-funcionar-al-completo-el-dispositivo-municipal-de-playas-de-malaga\/#organizationLogo"}},{"@type":"Person","@id":"https:\/\/eldigitaldeasturias.com\/magazine365\/author\/admin\/#author","url":"https:\/\/eldigitaldeasturias.com\/magazine365\/author\/admin\/","name":"admin","image":{"@type":"ImageObject","@id":"https:\/\/eldigitaldeasturias.com\/magazine365\/comienza-a-funcionar-al-completo-el-dispositivo-municipal-de-playas-de-malaga\/#authorImage","url":"https:\/\/eldigitaldeasturias.com\/magazine365\/wp-content\/litespeed\/avatar\/e571bcf59a0edd6fa6838245a470f2fe.jpg?ver=1776969259","width":96,"height":96,"caption":"admin"}},{"@type":"WebPage","@id":"https:\/\/eldigitaldeasturias.com\/magazine365\/comienza-a-funcionar-al-completo-el-dispositivo-municipal-de-playas-de-malaga\/#webpage","url":"https:\/\/eldigitaldeasturias.com\/magazine365\/comienza-a-funcionar-al-completo-el-dispositivo-municipal-de-playas-de-malaga\/","name":"Comienza a funcionar al completo el dispositivo municipal de playas de M\u00e1laga | El Digital de Asturias","description":"Los servicios de playas de M\u00e1laga capital van a funcionar al completo a partir de este mi\u00e9rcoles en la nueva temporada estival, seg\u00fan ha informado este martes la concejala de Playas de la ciudad, Teresa Porras. En la ciudad hay 15 playas con 13,5 kil\u00f3metros de extensi\u00f3n a lo largo del total del litoral que","inLanguage":"es-ES","isPartOf":{"@id":"https:\/\/eldigitaldeasturias.com\/magazine365\/#website"},"breadcrumb":{"@id":"https:\/\/eldigitaldeasturias.com\/magazine365\/comienza-a-funcionar-al-completo-el-dispositivo-municipal-de-playas-de-malaga\/#breadcrumblist"},"author":{"@id":"https:\/\/eldigitaldeasturias.com\/magazine365\/author\/admin\/#author"},"creator":{"@id":"https:\/\/eldigitaldeasturias.com\/magazine365\/author\/admin\/#author"},"image":{"@type":"ImageObject","url":"https:\/\/eldigitaldeasturias.com\/magazine365\/wp-content\/uploads\/2016\/06\/fotonoticia_20160614151434_800.jpg","@id":"https:\/\/eldigitaldeasturias.com\/magazine365\/comienza-a-funcionar-al-completo-el-dispositivo-municipal-de-playas-de-malaga\/#mainImage","width":800,"height":450},"primaryImageOfPage":{"@id":"https:\/\/eldigitaldeasturias.com\/magazine365\/comienza-a-funcionar-al-completo-el-dispositivo-municipal-de-playas-de-malaga\/#mainImage"},"datePublished":"2016-06-14T20:19:55+02:00","dateModified":"2016-06-14T20:19:55+02:00"},{"@type":"WebSite","@id":"https:\/\/eldigitaldeasturias.com\/magazine365\/#website","url":"https:\/\/eldigitaldeasturias.com\/magazine365\/","name":"El Digital de Asturias","description":"Revista de ocio, turismo y estilo de vida","inLanguage":"es-ES","publisher":{"@id":"https:\/\/eldigitaldeasturias.com\/magazine365\/#organization"}}]},"og:locale":"es_ES","og:site_name":"El Digital de Asturias \u2013 Revista de ocio, turismo y estilo de vida","og:type":"article","og:title":"Comienza a funcionar al completo el dispositivo municipal de playas de M\u00e1laga | El Digital de Asturias","og:description":"Los servicios de playas de M\u00e1laga capital van a funcionar al completo a partir de este mi\u00e9rcoles en la nueva temporada estival, seg\u00fan ha informado este martes la concejala de Playas de la ciudad, Teresa Porras. En la ciudad hay 15 playas con 13,5 kil\u00f3metros de extensi\u00f3n a lo largo del total del litoral que","og:url":"https:\/\/eldigitaldeasturias.com\/magazine365\/comienza-a-funcionar-al-completo-el-dispositivo-municipal-de-playas-de-malaga\/","og:image":"https:\/\/eldigitaldeasturias.com\/magazine365\/wp-content\/uploads\/2016\/06\/fotonoticia_20160614151434_800.jpg","og:image:secure_url":"https:\/\/eldigitaldeasturias.com\/magazine365\/wp-content\/uploads\/2016\/06\/fotonoticia_20160614151434_800.jpg","og:image:width":800,"og:image:height":450,"article:published_time":"2016-06-14T18:19:55+00:00","article:modified_time":"2016-06-14T18:19:55+00:00","twitter:card":"summary_large_image","twitter:title":"Comienza a funcionar al completo el dispositivo municipal de playas de M\u00e1laga | El Digital de Asturias","twitter:description":"Los servicios de playas de M\u00e1laga capital van a funcionar al completo a partir de este mi\u00e9rcoles en la nueva temporada estival, seg\u00fan ha informado este martes la concejala de Playas de la ciudad, Teresa Porras. En la ciudad hay 15 playas con 13,5 kil\u00f3metros de extensi\u00f3n a lo largo del total del litoral que","twitter:image":"https:\/\/eldigitaldeasturias.com\/magazine365\/wp-content\/uploads\/2016\/06\/fotonoticia_20160614151434_800.jpg"},"aioseo_meta_data":{"post_id":"79201","title":null,"description":null,"keywords":null,"keyphrases":null,"primary_term":null,"canonical_url":null,"og_title":null,"og_description":null,"og_object_type":"default","og_image_type":"default","og_image_url":null,"og_image_width":null,"og_image_height":null,"og_image_custom_url":null,"og_image_custom_fields":null,"og_video":null,"og_custom_url":null,"og_article_section":null,"og_article_tags":null,"twitter_use_og":false,"twitter_card":"default","twitter_image_type":"default","twitter_image_url":null,"twitter_image_custom_url":null,"twitter_image_custom_fields":null,"twitter_title":null,"twitter_description":null,"schema":{"blockGraphs":[],"customGraphs":[],"default":{"data":{"Article":[],"Course":[],"Dataset":[],"FAQPage":[],"Movie":[],"Person":[],"Product":[],"ProductReview":[],"Car":[],"Recipe":[],"Service":[],"SoftwareApplication":[],"WebPage":[]},"graphName":"","isEnabled":true},"graphs":[]},"schema_type":null,"schema_type_options":null,"pillar_content":false,"robots_default":true,"robots_noindex":false,"robots_noarchive":false,"robots_nosnippet":false,"robots_nofollow":false,"robots_noimageindex":false,"robots_noodp":false,"robots_notranslate":false,"robots_max_snippet":null,"robots_max_videopreview":null,"robots_max_imagepreview":"large","priority":null,"frequency":null,"location":null,"local_seo":null,"seo_analyzer_scan_date":"2025-09-27 18:27:14","breadcrumb_settings":null,"limit_modified_date":false,"open_ai":null,"ai":null,"created":"2021-03-08 17:51:10","updated":"2025-09-27 18:27:14"},"aioseo_breadcrumb":"<div class=\"aioseo-breadcrumbs\"><span class=\"aioseo-breadcrumb\">\n\t<a href=\"https:\/\/eldigitaldeasturias.com\/magazine365\" title=\"Home\">Home<\/a>\n<\/span><span class=\"aioseo-breadcrumb-separator\">\u2013<\/span><span class=\"aioseo-breadcrumb\">\n\t<a href=\"https:\/\/eldigitaldeasturias.com\/magazine365\/category\/noticias-actualidad\/\" title=\"Noticias y Actualidad\">Noticias y Actualidad<\/a>\n<\/span><span class=\"aioseo-breadcrumb-separator\">\u2013<\/span><span class=\"aioseo-breadcrumb\">\n\t<a href=\"https:\/\/eldigitaldeasturias.com\/magazine365\/comienza-a-funcionar-al-completo-el-dispositivo-municipal-de-playas-de-malaga\/\" title=\"Comienza a funcionar al completo el dispositivo municipal de playas de M\u00e1laga\">Comienza a funcionar al completo el dispositivo municipal de playas de M\u00e1laga<\/a>\n<\/span><\/div>","aioseo_breadcrumb_json":[{"label":"Home","link":"https:\/\/eldigitaldeasturias.com\/magazine365"},{"label":"Noticias y Actualidad","link":"https:\/\/eldigitaldeasturias.com\/magazine365\/category\/noticias-actualidad\/"},{"label":"Comienza a funcionar al completo el dispositivo municipal de playas de M\u00e1laga","link":"https:\/\/eldigitaldeasturias.com\/magazine365\/comienza-a-funcionar-al-completo-el-dispositivo-municipal-de-playas-de-malaga\/"}],"_links":{"self":[{"href":"https:\/\/eldigitaldeasturias.com\/magazine365\/wp-json\/wp\/v2\/posts\/79201","targetHints":{"allow":["GET"]}}],"collection":[{"href":"https:\/\/eldigitaldeasturias.com\/magazine365\/wp-json\/wp\/v2\/posts"}],"about":[{"href":"https:\/\/eldigitaldeasturias.com\/magazine365\/wp-json\/wp\/v2\/types\/post"}],"author":[{"embeddable":true,"href":"https:\/\/eldigitaldeasturias.com\/magazine365\/wp-json\/wp\/v2\/users\/1"}],"replies":[{"embeddable":true,"href":"https:\/\/eldigitaldeasturias.com\/magazine365\/wp-json\/wp\/v2\/comments?post=79201"}],"version-history":[{"count":0,"href":"https:\/\/eldigitaldeasturias.com\/magazine365\/wp-json\/wp\/v2\/posts\/79201\/revisions"}],"wp:featuredmedia":[{"embeddable":true,"href":"https:\/\/eldigitaldeasturias.com\/magazine365\/wp-json\/wp\/v2\/media\/79202"}],"wp:attachment":[{"href":"https:\/\/eldigitaldeasturias.com\/magazine365\/wp-json\/wp\/v2\/media?parent=79201"}],"wp:term":[{"taxonomy":"category","embeddable":true,"href":"https:\/\/eldigitaldeasturias.com\/magazine365\/wp-json\/wp\/v2\/categories?post=79201"},{"taxonomy":"post_tag","embeddable":true,"href":"https:\/\/eldigitaldeasturias.com\/magazine365\/wp-json\/wp\/v2\/tags?post=79201"}],"curies":[{"name":"wp","href":"https:\/\/api.w.org\/{rel}","templated":true}]}}