{"id":79171,"date":"2016-06-14T19:46:01","date_gmt":"2016-06-14T17:46:01","guid":{"rendered":"http:\/\/eldigitaldeasturias.com\/magazine365\/?p=79171"},"modified":"2016-06-14T19:46:01","modified_gmt":"2016-06-14T17:46:01","slug":"el-ayuntamiento-de-cordoba-crea-una-comision-para-promocionar-el-turismo","status":"publish","type":"post","link":"https:\/\/eldigitaldeasturias.com\/magazine365\/el-ayuntamiento-de-cordoba-crea-una-comision-para-promocionar-el-turismo\/","title":{"rendered":"El Ayuntamiento de C\u00f3rdoba crea una comisi\u00f3n para promocionar el turismo"},"content":{"rendered":"<p><img fetchpriority=\"high\" decoding=\"async\" class=\"alignleft size-medium wp-image-79172\" src=\"https:\/\/eldigitaldeasturias.com\/magazine365\/wp-content\/uploads\/2016\/06\/fotonoticia_20160614143502_800-360x270.jpg\" alt=\"fotonoticia_20160614143502_800\" width=\"360\" height=\"270\" srcset=\"https:\/\/eldigitaldeasturias.com\/magazine365\/wp-content\/uploads\/2016\/06\/fotonoticia_20160614143502_800-360x270.jpg 360w, https:\/\/eldigitaldeasturias.com\/magazine365\/wp-content\/uploads\/2016\/06\/fotonoticia_20160614143502_800-650x488.jpg 650w, https:\/\/eldigitaldeasturias.com\/magazine365\/wp-content\/uploads\/2016\/06\/fotonoticia_20160614143502_800-768x576.jpg 768w, https:\/\/eldigitaldeasturias.com\/magazine365\/wp-content\/uploads\/2016\/06\/fotonoticia_20160614143502_800-150x113.jpg 150w, https:\/\/eldigitaldeasturias.com\/magazine365\/wp-content\/uploads\/2016\/06\/fotonoticia_20160614143502_800-450x338.jpg 450w, https:\/\/eldigitaldeasturias.com\/magazine365\/wp-content\/uploads\/2016\/06\/fotonoticia_20160614143502_800-90x67.jpg 90w, https:\/\/eldigitaldeasturias.com\/magazine365\/wp-content\/uploads\/2016\/06\/fotonoticia_20160614143502_800-164x124.jpg 164w, https:\/\/eldigitaldeasturias.com\/magazine365\/wp-content\/uploads\/2016\/06\/fotonoticia_20160614143502_800-100x75.jpg 100w, https:\/\/eldigitaldeasturias.com\/magazine365\/wp-content\/uploads\/2016\/06\/fotonoticia_20160614143502_800.jpg 800w\" sizes=\"(max-width: 360px) 100vw, 360px\" \/>El Ayuntamiento de C\u00f3rdoba ha aprobado este martes en el pleno ordinario y con el respaldo de todos los grupos municipales el dictamen de la comisi\u00f3n permanente de desarrollo sobre la creaci\u00f3n y designaci\u00f3n de los miembros de la comisi\u00f3n de estudio para la futura gesti\u00f3n del servicio p\u00fablico de informaci\u00f3n y promoci\u00f3n tur\u00edstica de la ciudad, ante la disoluci\u00f3n del Consorcio de Turismo.<\/p>\n<p>En este sentido, el delegado de Turismo, Pedro Garc\u00eda (IU), ha defendido que el gobierno local ha hecho \u00aben un a\u00f1o lo que el PP quiso hacer en cuatro y no pudo\u00bb, de forma que ha dicho que le gustar\u00eda que \u00abcontaran alg\u00fan d\u00eda por qu\u00e9 no se hizo\u00bb, despu\u00e9s de que \u00abel PP intent\u00f3 varias veces disolver el consorcio, pero finalmente se impusieron las tesis del expresidente de CECO Luis Carreto a las del exalcalde Jos\u00e9 Antonio Nieto\u00bb.<\/p>\n<p>Asimismo, el tambi\u00e9n primer teniente de alcalde ha subrayado que han tomado la decisi\u00f3n de \u00abdisolver el consorcio y crear un nuevo ente\u00bb, de manera que lo aprobado en esta jornada supone \u00abun elemento muy importante porque es c\u00f3mo se va a gestionar el turismo en los pr\u00f3ximos a\u00f1os en la ciudad\u00bb, pero \u00abotra cosa es el contenido que se le va a poner a esa herramienta\u00bb, ha aclarado.<\/p>\n<p>Y en relaci\u00f3n a la cuesti\u00f3n de los trabajadores de dicho ente, el concejal de Turismo ha apuntado que \u00abla asesor\u00eda jur\u00eddica ha pedido m\u00e1s informes y ah\u00ed la pol\u00edtica no entra\u00bb. Garc\u00eda tambi\u00e9n ha informado en el Pleno de que la cafeter\u00eda y la tienda del Centro de Recepci\u00f3n de Visitantes (CRV) \u00abse licitar\u00e1n conjuntamente\u00bb y espera que \u00abdespu\u00e9s del verano se pueda hacer la gesti\u00f3n cuando se termine la cesi\u00f3n al Ayuntamiento\u00bb, al tiempo que conf\u00eda que la licitaci\u00f3n del contenido del CRV \u00abest\u00e9 terminada en julio\u00bb.<\/p>\n<p>Por su parte, el portavoz del PP, Jos\u00e9 Mar\u00eda Bellido, ha advertido de que \u00abdespu\u00e9s de un a\u00f1o\u00bb el Consorcio de Turismo \u00absigue igual y lo \u00fanico que hay es la fractura interna del gobierno local con dos posicionamientos distintos y enfrentados\u00bb sobre qu\u00e9 hacer con el consorcio y la situaci\u00f3n de los trabajadores.<\/p>\n<p>El edil popular ha rogado tambi\u00e9n que ante la previsi\u00f3n de \u00abincumplimiento del l\u00edmite de gasto\u00bb, tras un informe de Intervenci\u00f3n, que \u00abse informe sobre las medidas correctoras necesarias que se adopten\u00bb y no sean con \u00abuna menor ejecuci\u00f3n de la inversi\u00f3n este a\u00f1o\u00bb, ha apostillado.<\/p>\n<p>Adem\u00e1s, el viceportavoz de Ciudadanos, David Dorado, ha rogado que el gobierno local \u00abponga en marcha ya\u00bb una comisi\u00f3n de investigaci\u00f3n sobre la gesti\u00f3n del Alc\u00e1zar de los Reyes Cristianos respecto a los \u00faltimos a\u00f1os.<\/p>\n<h2 class=\"ladillo\">LAS CUENTAS Y DECLARACIONES INSTITUCIONALES<\/h2>\n<p>En otro orden de cosas, se ha aprobado de manera definitiva una modificaci\u00f3n presupuestaria por importe de cuatro millones de euros para \u00abla permanencia de toda la iluminaci\u00f3n dentro del servicio p\u00fablico, al contrario de lo que pretend\u00eda el PP\u00bb, todo ello tras desestimar una alegaci\u00f3n del PP, seg\u00fan ha detallado la concejal de Hacienda, Alba Doblas (IU).<\/p>\n<p>Igualmente, se ha ratificado el acuerdo de la junta general de la sociedad municipal de cementerios (Cecosam) sobre la aprobaci\u00f3n del plan de saneamiento mediante compensaci\u00f3n de p\u00e9rdidas del ejercicio 2015, por unos 126.500 euros, al tiempo que se ha dado el visto bueno al dictamen de la comisi\u00f3n de Gesti\u00f3n, Hacienda y Administraci\u00f3n P\u00fablica para aprobar el Plan de Auditor\u00edas de Sociedades Municipales, para el ejercicio 2016.<\/p>\n<p>Tambi\u00e9n, se han aprobado tres declaraciones institucionales, entre ellas una sobre resoluci\u00f3n a favor del apoyo a Ecuador y la adhesi\u00f3n a la Campa\u00f1a Andaluc\u00eda Solidaria con Ecuador tras el terremoto del d\u00eda 16 de abril de 2016; otra sobre conmemoraci\u00f3n de los 30 a\u00f1os del Comercio Justo en Espa\u00f1a.<\/p>\n<p>Asimismo, los grupos municipales han mostrado su respaldo al D\u00eda Nacional de las Lenguas de Signos Espa\u00f1olas, que se celebra en esta jornada. En el Pleno se ha aprobado adem\u00e1s la concesi\u00f3n del t\u00edtulo de cronista oficial de la ciudad a Juli\u00e1n Hurtado de Molina Delgado.<\/p>\n","protected":false},"excerpt":{"rendered":"<p>El Ayuntamiento de C\u00f3rdoba ha aprobado este martes en el pleno ordinario y con el respaldo de todos los grupos municipales el dictamen de la comisi\u00f3n permanente de desarrollo sobre la creaci\u00f3n y designaci\u00f3n de los miembros de la comisi\u00f3n de estudio para la futura gesti\u00f3n del servicio p\u00fablico de informaci\u00f3n y promoci\u00f3n tur\u00edstica de<\/p>\n","protected":false},"author":1,"featured_media":79172,"comment_status":"open","ping_status":"closed","sticky":false,"template":"","format":"standard","meta":{"footnotes":""},"categories":[224],"tags":[],"class_list":{"0":"post-79171","1":"post","2":"type-post","3":"status-publish","4":"format-standard","5":"has-post-thumbnail","7":"category-noticias-actualidad"},"aioseo_notices":[],"aioseo_head":"\n\t\t<!-- All in One SEO Pro 4.9.6.1 - aioseo.com -->\n\t<meta name=\"description\" content=\"El Ayuntamiento de C\u00f3rdoba ha aprobado este martes en el pleno ordinario y con el respaldo de todos los grupos municipales el dictamen de la comisi\u00f3n permanente de desarrollo sobre la creaci\u00f3n y designaci\u00f3n de los miembros de la comisi\u00f3n de estudio para la futura gesti\u00f3n del servicio p\u00fablico de informaci\u00f3n y promoci\u00f3n tur\u00edstica de\" \/>\n\t<meta name=\"robots\" content=\"max-image-preview:large\" \/>\n\t<meta name=\"author\" content=\"admin\"\/>\n\t<meta name=\"google-site-verification\" content=\"UA-38556648-1\" \/>\n\t<meta name=\"keywords\" content=\"noticias y actualidad\" \/>\n\t<link rel=\"canonical\" href=\"https:\/\/eldigitaldeasturias.com\/magazine365\/el-ayuntamiento-de-cordoba-crea-una-comision-para-promocionar-el-turismo\/\" \/>\n\t<meta name=\"generator\" content=\"All in One SEO Pro (AIOSEO) 4.9.6.1\" \/>\n\t\t<meta property=\"og:locale\" content=\"es_ES\" \/>\n\t\t<meta property=\"og:site_name\" content=\"El Digital de Asturias \u2013 Revista de ocio, turismo y estilo de vida\" \/>\n\t\t<meta property=\"og:type\" content=\"article\" \/>\n\t\t<meta property=\"og:title\" content=\"El Ayuntamiento de C\u00f3rdoba crea una comisi\u00f3n para promocionar el turismo | El Digital de Asturias\" \/>\n\t\t<meta property=\"og:description\" content=\"El Ayuntamiento de C\u00f3rdoba ha aprobado este martes en el pleno ordinario y con el respaldo de todos los grupos municipales el dictamen de la comisi\u00f3n permanente de desarrollo sobre la creaci\u00f3n y designaci\u00f3n de los miembros de la comisi\u00f3n de estudio para la futura gesti\u00f3n del servicio p\u00fablico de informaci\u00f3n y promoci\u00f3n tur\u00edstica de\" \/>\n\t\t<meta property=\"og:url\" content=\"https:\/\/eldigitaldeasturias.com\/magazine365\/el-ayuntamiento-de-cordoba-crea-una-comision-para-promocionar-el-turismo\/\" \/>\n\t\t<meta property=\"og:image\" content=\"https:\/\/eldigitaldeasturias.com\/magazine365\/wp-content\/uploads\/2016\/06\/fotonoticia_20160614143502_800.jpg\" \/>\n\t\t<meta property=\"og:image:secure_url\" content=\"https:\/\/eldigitaldeasturias.com\/magazine365\/wp-content\/uploads\/2016\/06\/fotonoticia_20160614143502_800.jpg\" \/>\n\t\t<meta property=\"og:image:width\" content=\"800\" \/>\n\t\t<meta property=\"og:image:height\" content=\"600\" \/>\n\t\t<meta property=\"article:published_time\" content=\"2016-06-14T17:46:01+00:00\" \/>\n\t\t<meta property=\"article:modified_time\" content=\"2016-06-14T17:46:01+00:00\" \/>\n\t\t<meta name=\"twitter:card\" content=\"summary_large_image\" \/>\n\t\t<meta name=\"twitter:title\" content=\"El Ayuntamiento de C\u00f3rdoba crea una comisi\u00f3n para promocionar el turismo | El Digital de Asturias\" \/>\n\t\t<meta name=\"twitter:description\" content=\"El Ayuntamiento de C\u00f3rdoba ha aprobado este martes en el pleno ordinario y con el respaldo de todos los grupos municipales el dictamen de la comisi\u00f3n permanente de desarrollo sobre la creaci\u00f3n y designaci\u00f3n de los miembros de la comisi\u00f3n de estudio para la futura gesti\u00f3n del servicio p\u00fablico de informaci\u00f3n y promoci\u00f3n tur\u00edstica de\" \/>\n\t\t<meta name=\"twitter:image\" content=\"https:\/\/eldigitaldeasturias.com\/magazine365\/wp-content\/uploads\/2016\/06\/fotonoticia_20160614143502_800.jpg\" \/>\n\t\t<script type=\"application\/ld+json\" class=\"aioseo-schema\">\n\t\t\t{\"@context\":\"https:\\\/\\\/schema.org\",\"@graph\":[{\"@type\":\"Article\",\"@id\":\"https:\\\/\\\/eldigitaldeasturias.com\\\/magazine365\\\/el-ayuntamiento-de-cordoba-crea-una-comision-para-promocionar-el-turismo\\\/#article\",\"name\":\"El Ayuntamiento de C\\u00f3rdoba crea una comisi\\u00f3n para promocionar el turismo | El Digital de Asturias\",\"headline\":\"El Ayuntamiento de C\\u00f3rdoba crea una comisi\\u00f3n para promocionar el turismo\",\"author\":{\"@id\":\"https:\\\/\\\/eldigitaldeasturias.com\\\/magazine365\\\/author\\\/admin\\\/#author\"},\"publisher\":{\"@id\":\"https:\\\/\\\/eldigitaldeasturias.com\\\/magazine365\\\/#organization\"},\"image\":{\"@type\":\"ImageObject\",\"url\":\"https:\\\/\\\/eldigitaldeasturias.com\\\/magazine365\\\/wp-content\\\/uploads\\\/2016\\\/06\\\/fotonoticia_20160614143502_800.jpg\",\"width\":800,\"height\":600},\"datePublished\":\"2016-06-14T19:46:01+02:00\",\"dateModified\":\"2016-06-14T19:46:01+02:00\",\"inLanguage\":\"es-ES\",\"mainEntityOfPage\":{\"@id\":\"https:\\\/\\\/eldigitaldeasturias.com\\\/magazine365\\\/el-ayuntamiento-de-cordoba-crea-una-comision-para-promocionar-el-turismo\\\/#webpage\"},\"isPartOf\":{\"@id\":\"https:\\\/\\\/eldigitaldeasturias.com\\\/magazine365\\\/el-ayuntamiento-de-cordoba-crea-una-comision-para-promocionar-el-turismo\\\/#webpage\"},\"articleSection\":\"Noticias y Actualidad\"},{\"@type\":\"BreadcrumbList\",\"@id\":\"https:\\\/\\\/eldigitaldeasturias.com\\\/magazine365\\\/el-ayuntamiento-de-cordoba-crea-una-comision-para-promocionar-el-turismo\\\/#breadcrumblist\",\"itemListElement\":[{\"@type\":\"ListItem\",\"@id\":\"https:\\\/\\\/eldigitaldeasturias.com\\\/magazine365#listItem\",\"position\":1,\"name\":\"Home\",\"item\":\"https:\\\/\\\/eldigitaldeasturias.com\\\/magazine365\",\"nextItem\":{\"@type\":\"ListItem\",\"@id\":\"https:\\\/\\\/eldigitaldeasturias.com\\\/magazine365\\\/category\\\/noticias-actualidad\\\/#listItem\",\"name\":\"Noticias y Actualidad\"}},{\"@type\":\"ListItem\",\"@id\":\"https:\\\/\\\/eldigitaldeasturias.com\\\/magazine365\\\/category\\\/noticias-actualidad\\\/#listItem\",\"position\":2,\"name\":\"Noticias y Actualidad\",\"item\":\"https:\\\/\\\/eldigitaldeasturias.com\\\/magazine365\\\/category\\\/noticias-actualidad\\\/\",\"nextItem\":{\"@type\":\"ListItem\",\"@id\":\"https:\\\/\\\/eldigitaldeasturias.com\\\/magazine365\\\/el-ayuntamiento-de-cordoba-crea-una-comision-para-promocionar-el-turismo\\\/#listItem\",\"name\":\"El Ayuntamiento de C\\u00f3rdoba crea una comisi\\u00f3n para promocionar el turismo\"},\"previousItem\":{\"@type\":\"ListItem\",\"@id\":\"https:\\\/\\\/eldigitaldeasturias.com\\\/magazine365#listItem\",\"name\":\"Home\"}},{\"@type\":\"ListItem\",\"@id\":\"https:\\\/\\\/eldigitaldeasturias.com\\\/magazine365\\\/el-ayuntamiento-de-cordoba-crea-una-comision-para-promocionar-el-turismo\\\/#listItem\",\"position\":3,\"name\":\"El Ayuntamiento de C\\u00f3rdoba crea una comisi\\u00f3n para promocionar el turismo\",\"previousItem\":{\"@type\":\"ListItem\",\"@id\":\"https:\\\/\\\/eldigitaldeasturias.com\\\/magazine365\\\/category\\\/noticias-actualidad\\\/#listItem\",\"name\":\"Noticias y Actualidad\"}}]},{\"@type\":\"Organization\",\"@id\":\"https:\\\/\\\/eldigitaldeasturias.com\\\/magazine365\\\/#organization\",\"name\":\"El digital de Asturias\",\"description\":\"Revista de ocio, turismo y estilo de vida\",\"url\":\"https:\\\/\\\/eldigitaldeasturias.com\\\/magazine365\\\/\",\"logo\":{\"@type\":\"ImageObject\",\"url\":\"https:\\\/\\\/www.eldigitaldeasturias.com\\\/noticias\\\/wp-content\\\/uploads\\\/2020\\\/12\\\/EDA.jpg\",\"@id\":\"https:\\\/\\\/eldigitaldeasturias.com\\\/magazine365\\\/el-ayuntamiento-de-cordoba-crea-una-comision-para-promocionar-el-turismo\\\/#organizationLogo\"},\"image\":{\"@id\":\"https:\\\/\\\/eldigitaldeasturias.com\\\/magazine365\\\/el-ayuntamiento-de-cordoba-crea-una-comision-para-promocionar-el-turismo\\\/#organizationLogo\"}},{\"@type\":\"Person\",\"@id\":\"https:\\\/\\\/eldigitaldeasturias.com\\\/magazine365\\\/author\\\/admin\\\/#author\",\"url\":\"https:\\\/\\\/eldigitaldeasturias.com\\\/magazine365\\\/author\\\/admin\\\/\",\"name\":\"admin\",\"image\":{\"@type\":\"ImageObject\",\"@id\":\"https:\\\/\\\/eldigitaldeasturias.com\\\/magazine365\\\/el-ayuntamiento-de-cordoba-crea-una-comision-para-promocionar-el-turismo\\\/#authorImage\",\"url\":\"https:\\\/\\\/eldigitaldeasturias.com\\\/magazine365\\\/wp-content\\\/litespeed\\\/avatar\\\/e571bcf59a0edd6fa6838245a470f2fe.jpg?ver=1776969259\",\"width\":96,\"height\":96,\"caption\":\"admin\"}},{\"@type\":\"WebPage\",\"@id\":\"https:\\\/\\\/eldigitaldeasturias.com\\\/magazine365\\\/el-ayuntamiento-de-cordoba-crea-una-comision-para-promocionar-el-turismo\\\/#webpage\",\"url\":\"https:\\\/\\\/eldigitaldeasturias.com\\\/magazine365\\\/el-ayuntamiento-de-cordoba-crea-una-comision-para-promocionar-el-turismo\\\/\",\"name\":\"El Ayuntamiento de C\\u00f3rdoba crea una comisi\\u00f3n para promocionar el turismo | El Digital de Asturias\",\"description\":\"El Ayuntamiento de C\\u00f3rdoba ha aprobado este martes en el pleno ordinario y con el respaldo de todos los grupos municipales el dictamen de la comisi\\u00f3n permanente de desarrollo sobre la creaci\\u00f3n y designaci\\u00f3n de los miembros de la comisi\\u00f3n de estudio para la futura gesti\\u00f3n del servicio p\\u00fablico de informaci\\u00f3n y promoci\\u00f3n tur\\u00edstica de\",\"inLanguage\":\"es-ES\",\"isPartOf\":{\"@id\":\"https:\\\/\\\/eldigitaldeasturias.com\\\/magazine365\\\/#website\"},\"breadcrumb\":{\"@id\":\"https:\\\/\\\/eldigitaldeasturias.com\\\/magazine365\\\/el-ayuntamiento-de-cordoba-crea-una-comision-para-promocionar-el-turismo\\\/#breadcrumblist\"},\"author\":{\"@id\":\"https:\\\/\\\/eldigitaldeasturias.com\\\/magazine365\\\/author\\\/admin\\\/#author\"},\"creator\":{\"@id\":\"https:\\\/\\\/eldigitaldeasturias.com\\\/magazine365\\\/author\\\/admin\\\/#author\"},\"image\":{\"@type\":\"ImageObject\",\"url\":\"https:\\\/\\\/eldigitaldeasturias.com\\\/magazine365\\\/wp-content\\\/uploads\\\/2016\\\/06\\\/fotonoticia_20160614143502_800.jpg\",\"@id\":\"https:\\\/\\\/eldigitaldeasturias.com\\\/magazine365\\\/el-ayuntamiento-de-cordoba-crea-una-comision-para-promocionar-el-turismo\\\/#mainImage\",\"width\":800,\"height\":600},\"primaryImageOfPage\":{\"@id\":\"https:\\\/\\\/eldigitaldeasturias.com\\\/magazine365\\\/el-ayuntamiento-de-cordoba-crea-una-comision-para-promocionar-el-turismo\\\/#mainImage\"},\"datePublished\":\"2016-06-14T19:46:01+02:00\",\"dateModified\":\"2016-06-14T19:46:01+02:00\"},{\"@type\":\"WebSite\",\"@id\":\"https:\\\/\\\/eldigitaldeasturias.com\\\/magazine365\\\/#website\",\"url\":\"https:\\\/\\\/eldigitaldeasturias.com\\\/magazine365\\\/\",\"name\":\"El Digital de Asturias\",\"description\":\"Revista de ocio, turismo y estilo de vida\",\"inLanguage\":\"es-ES\",\"publisher\":{\"@id\":\"https:\\\/\\\/eldigitaldeasturias.com\\\/magazine365\\\/#organization\"}}]}\n\t\t<\/script>\n\t\t<!-- All in One SEO Pro -->\r\n\t\t<title>El Ayuntamiento de C\u00f3rdoba crea una comisi\u00f3n para promocionar el turismo | El Digital de Asturias<\/title>\n\n","aioseo_head_json":{"title":"El Ayuntamiento de C\u00f3rdoba crea una comisi\u00f3n para promocionar el turismo | El Digital de Asturias","description":"El Ayuntamiento de C\u00f3rdoba ha aprobado este martes en el pleno ordinario y con el respaldo de todos los grupos municipales el dictamen de la comisi\u00f3n permanente de desarrollo sobre la creaci\u00f3n y designaci\u00f3n de los miembros de la comisi\u00f3n de estudio para la futura gesti\u00f3n del servicio p\u00fablico de informaci\u00f3n y promoci\u00f3n tur\u00edstica de","canonical_url":"https:\/\/eldigitaldeasturias.com\/magazine365\/el-ayuntamiento-de-cordoba-crea-una-comision-para-promocionar-el-turismo\/","robots":"max-image-preview:large","keywords":"noticias y actualidad","webmasterTools":{"google-site-verification":"UA-38556648-1","miscellaneous":""},"schema":{"@context":"https:\/\/schema.org","@graph":[{"@type":"Article","@id":"https:\/\/eldigitaldeasturias.com\/magazine365\/el-ayuntamiento-de-cordoba-crea-una-comision-para-promocionar-el-turismo\/#article","name":"El Ayuntamiento de C\u00f3rdoba crea una comisi\u00f3n para promocionar el turismo | El Digital de Asturias","headline":"El Ayuntamiento de C\u00f3rdoba crea una comisi\u00f3n para promocionar el turismo","author":{"@id":"https:\/\/eldigitaldeasturias.com\/magazine365\/author\/admin\/#author"},"publisher":{"@id":"https:\/\/eldigitaldeasturias.com\/magazine365\/#organization"},"image":{"@type":"ImageObject","url":"https:\/\/eldigitaldeasturias.com\/magazine365\/wp-content\/uploads\/2016\/06\/fotonoticia_20160614143502_800.jpg","width":800,"height":600},"datePublished":"2016-06-14T19:46:01+02:00","dateModified":"2016-06-14T19:46:01+02:00","inLanguage":"es-ES","mainEntityOfPage":{"@id":"https:\/\/eldigitaldeasturias.com\/magazine365\/el-ayuntamiento-de-cordoba-crea-una-comision-para-promocionar-el-turismo\/#webpage"},"isPartOf":{"@id":"https:\/\/eldigitaldeasturias.com\/magazine365\/el-ayuntamiento-de-cordoba-crea-una-comision-para-promocionar-el-turismo\/#webpage"},"articleSection":"Noticias y Actualidad"},{"@type":"BreadcrumbList","@id":"https:\/\/eldigitaldeasturias.com\/magazine365\/el-ayuntamiento-de-cordoba-crea-una-comision-para-promocionar-el-turismo\/#breadcrumblist","itemListElement":[{"@type":"ListItem","@id":"https:\/\/eldigitaldeasturias.com\/magazine365#listItem","position":1,"name":"Home","item":"https:\/\/eldigitaldeasturias.com\/magazine365","nextItem":{"@type":"ListItem","@id":"https:\/\/eldigitaldeasturias.com\/magazine365\/category\/noticias-actualidad\/#listItem","name":"Noticias y Actualidad"}},{"@type":"ListItem","@id":"https:\/\/eldigitaldeasturias.com\/magazine365\/category\/noticias-actualidad\/#listItem","position":2,"name":"Noticias y Actualidad","item":"https:\/\/eldigitaldeasturias.com\/magazine365\/category\/noticias-actualidad\/","nextItem":{"@type":"ListItem","@id":"https:\/\/eldigitaldeasturias.com\/magazine365\/el-ayuntamiento-de-cordoba-crea-una-comision-para-promocionar-el-turismo\/#listItem","name":"El Ayuntamiento de C\u00f3rdoba crea una comisi\u00f3n para promocionar el turismo"},"previousItem":{"@type":"ListItem","@id":"https:\/\/eldigitaldeasturias.com\/magazine365#listItem","name":"Home"}},{"@type":"ListItem","@id":"https:\/\/eldigitaldeasturias.com\/magazine365\/el-ayuntamiento-de-cordoba-crea-una-comision-para-promocionar-el-turismo\/#listItem","position":3,"name":"El Ayuntamiento de C\u00f3rdoba crea una comisi\u00f3n para promocionar el turismo","previousItem":{"@type":"ListItem","@id":"https:\/\/eldigitaldeasturias.com\/magazine365\/category\/noticias-actualidad\/#listItem","name":"Noticias y Actualidad"}}]},{"@type":"Organization","@id":"https:\/\/eldigitaldeasturias.com\/magazine365\/#organization","name":"El digital de Asturias","description":"Revista de ocio, turismo y estilo de vida","url":"https:\/\/eldigitaldeasturias.com\/magazine365\/","logo":{"@type":"ImageObject","url":"https:\/\/www.eldigitaldeasturias.com\/noticias\/wp-content\/uploads\/2020\/12\/EDA.jpg","@id":"https:\/\/eldigitaldeasturias.com\/magazine365\/el-ayuntamiento-de-cordoba-crea-una-comision-para-promocionar-el-turismo\/#organizationLogo"},"image":{"@id":"https:\/\/eldigitaldeasturias.com\/magazine365\/el-ayuntamiento-de-cordoba-crea-una-comision-para-promocionar-el-turismo\/#organizationLogo"}},{"@type":"Person","@id":"https:\/\/eldigitaldeasturias.com\/magazine365\/author\/admin\/#author","url":"https:\/\/eldigitaldeasturias.com\/magazine365\/author\/admin\/","name":"admin","image":{"@type":"ImageObject","@id":"https:\/\/eldigitaldeasturias.com\/magazine365\/el-ayuntamiento-de-cordoba-crea-una-comision-para-promocionar-el-turismo\/#authorImage","url":"https:\/\/eldigitaldeasturias.com\/magazine365\/wp-content\/litespeed\/avatar\/e571bcf59a0edd6fa6838245a470f2fe.jpg?ver=1776969259","width":96,"height":96,"caption":"admin"}},{"@type":"WebPage","@id":"https:\/\/eldigitaldeasturias.com\/magazine365\/el-ayuntamiento-de-cordoba-crea-una-comision-para-promocionar-el-turismo\/#webpage","url":"https:\/\/eldigitaldeasturias.com\/magazine365\/el-ayuntamiento-de-cordoba-crea-una-comision-para-promocionar-el-turismo\/","name":"El Ayuntamiento de C\u00f3rdoba crea una comisi\u00f3n para promocionar el turismo | El Digital de Asturias","description":"El Ayuntamiento de C\u00f3rdoba ha aprobado este martes en el pleno ordinario y con el respaldo de todos los grupos municipales el dictamen de la comisi\u00f3n permanente de desarrollo sobre la creaci\u00f3n y designaci\u00f3n de los miembros de la comisi\u00f3n de estudio para la futura gesti\u00f3n del servicio p\u00fablico de informaci\u00f3n y promoci\u00f3n tur\u00edstica de","inLanguage":"es-ES","isPartOf":{"@id":"https:\/\/eldigitaldeasturias.com\/magazine365\/#website"},"breadcrumb":{"@id":"https:\/\/eldigitaldeasturias.com\/magazine365\/el-ayuntamiento-de-cordoba-crea-una-comision-para-promocionar-el-turismo\/#breadcrumblist"},"author":{"@id":"https:\/\/eldigitaldeasturias.com\/magazine365\/author\/admin\/#author"},"creator":{"@id":"https:\/\/eldigitaldeasturias.com\/magazine365\/author\/admin\/#author"},"image":{"@type":"ImageObject","url":"https:\/\/eldigitaldeasturias.com\/magazine365\/wp-content\/uploads\/2016\/06\/fotonoticia_20160614143502_800.jpg","@id":"https:\/\/eldigitaldeasturias.com\/magazine365\/el-ayuntamiento-de-cordoba-crea-una-comision-para-promocionar-el-turismo\/#mainImage","width":800,"height":600},"primaryImageOfPage":{"@id":"https:\/\/eldigitaldeasturias.com\/magazine365\/el-ayuntamiento-de-cordoba-crea-una-comision-para-promocionar-el-turismo\/#mainImage"},"datePublished":"2016-06-14T19:46:01+02:00","dateModified":"2016-06-14T19:46:01+02:00"},{"@type":"WebSite","@id":"https:\/\/eldigitaldeasturias.com\/magazine365\/#website","url":"https:\/\/eldigitaldeasturias.com\/magazine365\/","name":"El Digital de Asturias","description":"Revista de ocio, turismo y estilo de vida","inLanguage":"es-ES","publisher":{"@id":"https:\/\/eldigitaldeasturias.com\/magazine365\/#organization"}}]},"og:locale":"es_ES","og:site_name":"El Digital de Asturias \u2013 Revista de ocio, turismo y estilo de vida","og:type":"article","og:title":"El Ayuntamiento de C\u00f3rdoba crea una comisi\u00f3n para promocionar el turismo | El Digital de Asturias","og:description":"El Ayuntamiento de C\u00f3rdoba ha aprobado este martes en el pleno ordinario y con el respaldo de todos los grupos municipales el dictamen de la comisi\u00f3n permanente de desarrollo sobre la creaci\u00f3n y designaci\u00f3n de los miembros de la comisi\u00f3n de estudio para la futura gesti\u00f3n del servicio p\u00fablico de informaci\u00f3n y promoci\u00f3n tur\u00edstica de","og:url":"https:\/\/eldigitaldeasturias.com\/magazine365\/el-ayuntamiento-de-cordoba-crea-una-comision-para-promocionar-el-turismo\/","og:image":"https:\/\/eldigitaldeasturias.com\/magazine365\/wp-content\/uploads\/2016\/06\/fotonoticia_20160614143502_800.jpg","og:image:secure_url":"https:\/\/eldigitaldeasturias.com\/magazine365\/wp-content\/uploads\/2016\/06\/fotonoticia_20160614143502_800.jpg","og:image:width":800,"og:image:height":600,"article:published_time":"2016-06-14T17:46:01+00:00","article:modified_time":"2016-06-14T17:46:01+00:00","twitter:card":"summary_large_image","twitter:title":"El Ayuntamiento de C\u00f3rdoba crea una comisi\u00f3n para promocionar el turismo | El Digital de Asturias","twitter:description":"El Ayuntamiento de C\u00f3rdoba ha aprobado este martes en el pleno ordinario y con el respaldo de todos los grupos municipales el dictamen de la comisi\u00f3n permanente de desarrollo sobre la creaci\u00f3n y designaci\u00f3n de los miembros de la comisi\u00f3n de estudio para la futura gesti\u00f3n del servicio p\u00fablico de informaci\u00f3n y promoci\u00f3n tur\u00edstica de","twitter:image":"https:\/\/eldigitaldeasturias.com\/magazine365\/wp-content\/uploads\/2016\/06\/fotonoticia_20160614143502_800.jpg"},"aioseo_meta_data":{"post_id":"79171","title":null,"description":null,"keywords":null,"keyphrases":null,"primary_term":null,"canonical_url":null,"og_title":null,"og_description":null,"og_object_type":"default","og_image_type":"default","og_image_url":null,"og_image_width":null,"og_image_height":null,"og_image_custom_url":null,"og_image_custom_fields":null,"og_video":null,"og_custom_url":null,"og_article_section":null,"og_article_tags":null,"twitter_use_og":false,"twitter_card":"default","twitter_image_type":"default","twitter_image_url":null,"twitter_image_custom_url":null,"twitter_image_custom_fields":null,"twitter_title":null,"twitter_description":null,"schema":{"blockGraphs":[],"customGraphs":[],"default":{"data":{"Article":[],"Course":[],"Dataset":[],"FAQPage":[],"Movie":[],"Person":[],"Product":[],"ProductReview":[],"Car":[],"Recipe":[],"Service":[],"SoftwareApplication":[],"WebPage":[]},"graphName":"","isEnabled":true},"graphs":[],"defaultGraph":"","defaultPostTypeGraph":""},"schema_type":null,"schema_type_options":null,"pillar_content":false,"robots_default":true,"robots_noindex":false,"robots_noarchive":false,"robots_nosnippet":false,"robots_nofollow":false,"robots_noimageindex":false,"robots_noodp":false,"robots_notranslate":false,"robots_max_snippet":null,"robots_max_videopreview":null,"robots_max_imagepreview":"large","priority":null,"frequency":null,"location":null,"local_seo":null,"seo_analyzer_scan_date":"2025-09-27 18:22:16","breadcrumb_settings":null,"limit_modified_date":false,"open_ai":null,"ai":null,"created":"2021-03-08 17:51:56","updated":"2025-09-27 18:22:16"},"aioseo_breadcrumb":"<div class=\"aioseo-breadcrumbs\"><span class=\"aioseo-breadcrumb\">\n\t<a href=\"https:\/\/eldigitaldeasturias.com\/magazine365\" title=\"Home\">Home<\/a>\n<\/span><span class=\"aioseo-breadcrumb-separator\">\u2013<\/span><span class=\"aioseo-breadcrumb\">\n\t<a href=\"https:\/\/eldigitaldeasturias.com\/magazine365\/category\/noticias-actualidad\/\" title=\"Noticias y Actualidad\">Noticias y Actualidad<\/a>\n<\/span><span class=\"aioseo-breadcrumb-separator\">\u2013<\/span><span class=\"aioseo-breadcrumb\">\n\t<a href=\"https:\/\/eldigitaldeasturias.com\/magazine365\/el-ayuntamiento-de-cordoba-crea-una-comision-para-promocionar-el-turismo\/\" title=\"El Ayuntamiento de C\u00f3rdoba crea una comisi\u00f3n para promocionar el turismo\">El Ayuntamiento de C\u00f3rdoba crea una comisi\u00f3n para promocionar el turismo<\/a>\n<\/span><\/div>","aioseo_breadcrumb_json":[{"label":"Home","link":"https:\/\/eldigitaldeasturias.com\/magazine365"},{"label":"Noticias y Actualidad","link":"https:\/\/eldigitaldeasturias.com\/magazine365\/category\/noticias-actualidad\/"},{"label":"El Ayuntamiento de C\u00f3rdoba crea una comisi\u00f3n para promocionar el turismo","link":"https:\/\/eldigitaldeasturias.com\/magazine365\/el-ayuntamiento-de-cordoba-crea-una-comision-para-promocionar-el-turismo\/"}],"_links":{"self":[{"href":"https:\/\/eldigitaldeasturias.com\/magazine365\/wp-json\/wp\/v2\/posts\/79171","targetHints":{"allow":["GET"]}}],"collection":[{"href":"https:\/\/eldigitaldeasturias.com\/magazine365\/wp-json\/wp\/v2\/posts"}],"about":[{"href":"https:\/\/eldigitaldeasturias.com\/magazine365\/wp-json\/wp\/v2\/types\/post"}],"author":[{"embeddable":true,"href":"https:\/\/eldigitaldeasturias.com\/magazine365\/wp-json\/wp\/v2\/users\/1"}],"replies":[{"embeddable":true,"href":"https:\/\/eldigitaldeasturias.com\/magazine365\/wp-json\/wp\/v2\/comments?post=79171"}],"version-history":[{"count":0,"href":"https:\/\/eldigitaldeasturias.com\/magazine365\/wp-json\/wp\/v2\/posts\/79171\/revisions"}],"wp:featuredmedia":[{"embeddable":true,"href":"https:\/\/eldigitaldeasturias.com\/magazine365\/wp-json\/wp\/v2\/media\/79172"}],"wp:attachment":[{"href":"https:\/\/eldigitaldeasturias.com\/magazine365\/wp-json\/wp\/v2\/media?parent=79171"}],"wp:term":[{"taxonomy":"category","embeddable":true,"href":"https:\/\/eldigitaldeasturias.com\/magazine365\/wp-json\/wp\/v2\/categories?post=79171"},{"taxonomy":"post_tag","embeddable":true,"href":"https:\/\/eldigitaldeasturias.com\/magazine365\/wp-json\/wp\/v2\/tags?post=79171"}],"curies":[{"name":"wp","href":"https:\/\/api.w.org\/{rel}","templated":true}]}}