{"id":79118,"date":"2016-06-14T15:14:59","date_gmt":"2016-06-14T13:14:59","guid":{"rendered":"http:\/\/eldigitaldeasturias.com\/magazine365\/?p=79118"},"modified":"2016-06-14T15:14:59","modified_gmt":"2016-06-14T13:14:59","slug":"normalizacion-en-el-aeropuerto-de-santiago-tras-una-semana-sin-el-asistente-de-aterrizaje","status":"publish","type":"post","link":"https:\/\/eldigitaldeasturias.com\/magazine365\/normalizacion-en-el-aeropuerto-de-santiago-tras-una-semana-sin-el-asistente-de-aterrizaje\/","title":{"rendered":"Normalizaci\u00f3n en el aeropuerto de Santiago tras una semana sin el asistente de aterrizaje"},"content":{"rendered":"<p><img fetchpriority=\"high\" decoding=\"async\" class=\"alignleft size-medium wp-image-79119\" src=\"https:\/\/eldigitaldeasturias.com\/magazine365\/wp-content\/uploads\/2016\/06\/fotonoticia_20160614121448_800-360x270.jpg\" alt=\"fotonoticia_20160614121448_800\" width=\"360\" height=\"270\" srcset=\"https:\/\/eldigitaldeasturias.com\/magazine365\/wp-content\/uploads\/2016\/06\/fotonoticia_20160614121448_800-360x270.jpg 360w, https:\/\/eldigitaldeasturias.com\/magazine365\/wp-content\/uploads\/2016\/06\/fotonoticia_20160614121448_800-650x488.jpg 650w, https:\/\/eldigitaldeasturias.com\/magazine365\/wp-content\/uploads\/2016\/06\/fotonoticia_20160614121448_800-768x576.jpg 768w, https:\/\/eldigitaldeasturias.com\/magazine365\/wp-content\/uploads\/2016\/06\/fotonoticia_20160614121448_800-150x113.jpg 150w, https:\/\/eldigitaldeasturias.com\/magazine365\/wp-content\/uploads\/2016\/06\/fotonoticia_20160614121448_800-450x338.jpg 450w, https:\/\/eldigitaldeasturias.com\/magazine365\/wp-content\/uploads\/2016\/06\/fotonoticia_20160614121448_800-90x67.jpg 90w, https:\/\/eldigitaldeasturias.com\/magazine365\/wp-content\/uploads\/2016\/06\/fotonoticia_20160614121448_800-164x124.jpg 164w, https:\/\/eldigitaldeasturias.com\/magazine365\/wp-content\/uploads\/2016\/06\/fotonoticia_20160614121448_800-100x75.jpg 100w, https:\/\/eldigitaldeasturias.com\/magazine365\/wp-content\/uploads\/2016\/06\/fotonoticia_20160614121448_800.jpg 800w\" sizes=\"(max-width: 360px) 100vw, 360px\" \/>La situaci\u00f3n en el aeropuerto de Santiago de Compostela se ha normalizado tras una semana de desconexi\u00f3n del ILS, el asistente de aterrizaje que ayuda a los aviones a tomar tierra en situaciones de baja visibilidad, como niebla o nubes bajas.<\/p>\n<p>Los \u00faltimos inconvenientes registrados hasta ahora son los del domingo por la tarde, que obligaron a desviar ocho vuelos de Lavacolla para los aeropuertos de Peinador (Vigo), Alvedro (A Coru\u00f1a), Oviedo y Oporto.<\/p>\n<p>Estos desv\u00edos tuvieron todav\u00eda sus consecuencias el lunes por la ma\u00f1ana, puesto que faltaban los aviones que hac\u00edan esas mismas conexiones y que no hab\u00edan podido aterrizar el d\u00eda anterior.<\/p>\n<p>Concretamente, el domingo se produjeron desv\u00edos de los vuelos procedentes de Bilbao, Barcelona, Palma de Mallorca y M\u00e1laga, que se fueron para A Coru\u00f1a.<\/p>\n<p>Por su parte, el avi\u00f3n procedente de Lanzarote aterriz\u00f3 en Oporto y el que ven\u00eda de Madrid a Santiago, se fue para Oviedo. Adem\u00e1s, otro vuelo de Madrid y de B\u00e9rgamo-Mil\u00e1n aterrizaron en la terminal viguesa.<\/p>\n<p>Con todo, en la ma\u00f1ana de este martes se ha normalizado la situaci\u00f3n y no se han registrado vuelos desviados, seg\u00fan han confirmado a Europa Press fuentes de Aena.<\/p>\n<h2 class=\"ladillo\">DESCONEXI\u00d3N DEL ILS<\/h2>\n<p>La desconexi\u00f3n del ILS se debe a la necesidad de realizar una obra para su adaptaci\u00f3n a la normativa europea, como ya se ha hecho en los aeropuertos de A Coru\u00f1a y Vigo. Se eligi\u00f3 el mes de junio despu\u00e9s de un estudio del comportamiento climatol\u00f3gico de los \u00faltimos 25 a\u00f1os.<\/p>\n<p>La obra de mantenimiento, que empez\u00f3 el pasado lunes d\u00eda 6 con la desconexi\u00f3n del asistente, durar\u00e1 cuatro semanas, hasta el 7-8 de julio.<\/p>\n","protected":false},"excerpt":{"rendered":"<p>La situaci\u00f3n en el aeropuerto de Santiago de Compostela se ha normalizado tras una semana de desconexi\u00f3n del ILS, el asistente de aterrizaje que ayuda a los aviones a tomar tierra en situaciones de baja visibilidad, como niebla o nubes bajas. Los \u00faltimos inconvenientes registrados hasta ahora son los del domingo por la tarde, que<\/p>\n","protected":false},"author":1,"featured_media":79119,"comment_status":"open","ping_status":"closed","sticky":false,"template":"","format":"standard","meta":{"footnotes":""},"categories":[224],"tags":[],"class_list":{"0":"post-79118","1":"post","2":"type-post","3":"status-publish","4":"format-standard","5":"has-post-thumbnail","7":"category-noticias-actualidad"},"aioseo_notices":[],"aioseo_head":"\n\t\t<!-- All in One SEO Pro 4.9.6.1 - aioseo.com -->\n\t<meta name=\"description\" content=\"La situaci\u00f3n en el aeropuerto de Santiago de Compostela se ha normalizado tras una semana de desconexi\u00f3n del ILS, el asistente de aterrizaje que ayuda a los aviones a tomar tierra en situaciones de baja visibilidad, como niebla o nubes bajas. Los \u00faltimos inconvenientes registrados hasta ahora son los del domingo por la tarde, que\" \/>\n\t<meta name=\"robots\" content=\"max-image-preview:large\" \/>\n\t<meta name=\"author\" content=\"admin\"\/>\n\t<meta name=\"google-site-verification\" content=\"UA-38556648-1\" \/>\n\t<meta name=\"keywords\" content=\"noticias y actualidad\" \/>\n\t<link rel=\"canonical\" href=\"https:\/\/eldigitaldeasturias.com\/magazine365\/normalizacion-en-el-aeropuerto-de-santiago-tras-una-semana-sin-el-asistente-de-aterrizaje\/\" \/>\n\t<meta name=\"generator\" content=\"All in One SEO Pro (AIOSEO) 4.9.6.1\" \/>\n\t\t<meta property=\"og:locale\" content=\"es_ES\" \/>\n\t\t<meta property=\"og:site_name\" content=\"El Digital de Asturias \u2013 Revista de ocio, turismo y estilo de vida\" \/>\n\t\t<meta property=\"og:type\" content=\"article\" \/>\n\t\t<meta property=\"og:title\" content=\"Normalizaci\u00f3n en el aeropuerto de Santiago tras una semana sin el asistente de aterrizaje | El Digital de Asturias\" \/>\n\t\t<meta property=\"og:description\" content=\"La situaci\u00f3n en el aeropuerto de Santiago de Compostela se ha normalizado tras una semana de desconexi\u00f3n del ILS, el asistente de aterrizaje que ayuda a los aviones a tomar tierra en situaciones de baja visibilidad, como niebla o nubes bajas. Los \u00faltimos inconvenientes registrados hasta ahora son los del domingo por la tarde, que\" \/>\n\t\t<meta property=\"og:url\" content=\"https:\/\/eldigitaldeasturias.com\/magazine365\/normalizacion-en-el-aeropuerto-de-santiago-tras-una-semana-sin-el-asistente-de-aterrizaje\/\" \/>\n\t\t<meta property=\"og:image\" content=\"https:\/\/eldigitaldeasturias.com\/magazine365\/wp-content\/uploads\/2016\/06\/fotonoticia_20160614121448_800.jpg\" \/>\n\t\t<meta property=\"og:image:secure_url\" content=\"https:\/\/eldigitaldeasturias.com\/magazine365\/wp-content\/uploads\/2016\/06\/fotonoticia_20160614121448_800.jpg\" \/>\n\t\t<meta property=\"og:image:width\" content=\"800\" \/>\n\t\t<meta property=\"og:image:height\" content=\"600\" \/>\n\t\t<meta property=\"article:published_time\" content=\"2016-06-14T13:14:59+00:00\" \/>\n\t\t<meta property=\"article:modified_time\" content=\"2016-06-14T13:14:59+00:00\" \/>\n\t\t<meta name=\"twitter:card\" content=\"summary_large_image\" \/>\n\t\t<meta name=\"twitter:title\" content=\"Normalizaci\u00f3n en el aeropuerto de Santiago tras una semana sin el asistente de aterrizaje | El Digital de Asturias\" \/>\n\t\t<meta name=\"twitter:description\" content=\"La situaci\u00f3n en el aeropuerto de Santiago de Compostela se ha normalizado tras una semana de desconexi\u00f3n del ILS, el asistente de aterrizaje que ayuda a los aviones a tomar tierra en situaciones de baja visibilidad, como niebla o nubes bajas. Los \u00faltimos inconvenientes registrados hasta ahora son los del domingo por la tarde, que\" \/>\n\t\t<meta name=\"twitter:image\" content=\"https:\/\/eldigitaldeasturias.com\/magazine365\/wp-content\/uploads\/2016\/06\/fotonoticia_20160614121448_800.jpg\" \/>\n\t\t<script type=\"application\/ld+json\" class=\"aioseo-schema\">\n\t\t\t{\"@context\":\"https:\\\/\\\/schema.org\",\"@graph\":[{\"@type\":\"Article\",\"@id\":\"https:\\\/\\\/eldigitaldeasturias.com\\\/magazine365\\\/normalizacion-en-el-aeropuerto-de-santiago-tras-una-semana-sin-el-asistente-de-aterrizaje\\\/#article\",\"name\":\"Normalizaci\\u00f3n en el aeropuerto de Santiago tras una semana sin el asistente de aterrizaje | El Digital de Asturias\",\"headline\":\"Normalizaci\\u00f3n en el aeropuerto de Santiago tras una semana sin el asistente de aterrizaje\",\"author\":{\"@id\":\"https:\\\/\\\/eldigitaldeasturias.com\\\/magazine365\\\/author\\\/admin\\\/#author\"},\"publisher\":{\"@id\":\"https:\\\/\\\/eldigitaldeasturias.com\\\/magazine365\\\/#organization\"},\"image\":{\"@type\":\"ImageObject\",\"url\":\"https:\\\/\\\/eldigitaldeasturias.com\\\/magazine365\\\/wp-content\\\/uploads\\\/2016\\\/06\\\/fotonoticia_20160614121448_800.jpg\",\"width\":800,\"height\":600},\"datePublished\":\"2016-06-14T15:14:59+02:00\",\"dateModified\":\"2016-06-14T15:14:59+02:00\",\"inLanguage\":\"es-ES\",\"mainEntityOfPage\":{\"@id\":\"https:\\\/\\\/eldigitaldeasturias.com\\\/magazine365\\\/normalizacion-en-el-aeropuerto-de-santiago-tras-una-semana-sin-el-asistente-de-aterrizaje\\\/#webpage\"},\"isPartOf\":{\"@id\":\"https:\\\/\\\/eldigitaldeasturias.com\\\/magazine365\\\/normalizacion-en-el-aeropuerto-de-santiago-tras-una-semana-sin-el-asistente-de-aterrizaje\\\/#webpage\"},\"articleSection\":\"Noticias y Actualidad\"},{\"@type\":\"BreadcrumbList\",\"@id\":\"https:\\\/\\\/eldigitaldeasturias.com\\\/magazine365\\\/normalizacion-en-el-aeropuerto-de-santiago-tras-una-semana-sin-el-asistente-de-aterrizaje\\\/#breadcrumblist\",\"itemListElement\":[{\"@type\":\"ListItem\",\"@id\":\"https:\\\/\\\/eldigitaldeasturias.com\\\/magazine365#listItem\",\"position\":1,\"name\":\"Home\",\"item\":\"https:\\\/\\\/eldigitaldeasturias.com\\\/magazine365\",\"nextItem\":{\"@type\":\"ListItem\",\"@id\":\"https:\\\/\\\/eldigitaldeasturias.com\\\/magazine365\\\/category\\\/noticias-actualidad\\\/#listItem\",\"name\":\"Noticias y Actualidad\"}},{\"@type\":\"ListItem\",\"@id\":\"https:\\\/\\\/eldigitaldeasturias.com\\\/magazine365\\\/category\\\/noticias-actualidad\\\/#listItem\",\"position\":2,\"name\":\"Noticias y Actualidad\",\"item\":\"https:\\\/\\\/eldigitaldeasturias.com\\\/magazine365\\\/category\\\/noticias-actualidad\\\/\",\"nextItem\":{\"@type\":\"ListItem\",\"@id\":\"https:\\\/\\\/eldigitaldeasturias.com\\\/magazine365\\\/normalizacion-en-el-aeropuerto-de-santiago-tras-una-semana-sin-el-asistente-de-aterrizaje\\\/#listItem\",\"name\":\"Normalizaci\\u00f3n en el aeropuerto de Santiago tras una semana sin el asistente de aterrizaje\"},\"previousItem\":{\"@type\":\"ListItem\",\"@id\":\"https:\\\/\\\/eldigitaldeasturias.com\\\/magazine365#listItem\",\"name\":\"Home\"}},{\"@type\":\"ListItem\",\"@id\":\"https:\\\/\\\/eldigitaldeasturias.com\\\/magazine365\\\/normalizacion-en-el-aeropuerto-de-santiago-tras-una-semana-sin-el-asistente-de-aterrizaje\\\/#listItem\",\"position\":3,\"name\":\"Normalizaci\\u00f3n en el aeropuerto de Santiago tras una semana sin el asistente de aterrizaje\",\"previousItem\":{\"@type\":\"ListItem\",\"@id\":\"https:\\\/\\\/eldigitaldeasturias.com\\\/magazine365\\\/category\\\/noticias-actualidad\\\/#listItem\",\"name\":\"Noticias y Actualidad\"}}]},{\"@type\":\"Organization\",\"@id\":\"https:\\\/\\\/eldigitaldeasturias.com\\\/magazine365\\\/#organization\",\"name\":\"El digital de Asturias\",\"description\":\"Revista de ocio, turismo y estilo de vida\",\"url\":\"https:\\\/\\\/eldigitaldeasturias.com\\\/magazine365\\\/\",\"logo\":{\"@type\":\"ImageObject\",\"url\":\"https:\\\/\\\/www.eldigitaldeasturias.com\\\/noticias\\\/wp-content\\\/uploads\\\/2020\\\/12\\\/EDA.jpg\",\"@id\":\"https:\\\/\\\/eldigitaldeasturias.com\\\/magazine365\\\/normalizacion-en-el-aeropuerto-de-santiago-tras-una-semana-sin-el-asistente-de-aterrizaje\\\/#organizationLogo\"},\"image\":{\"@id\":\"https:\\\/\\\/eldigitaldeasturias.com\\\/magazine365\\\/normalizacion-en-el-aeropuerto-de-santiago-tras-una-semana-sin-el-asistente-de-aterrizaje\\\/#organizationLogo\"}},{\"@type\":\"Person\",\"@id\":\"https:\\\/\\\/eldigitaldeasturias.com\\\/magazine365\\\/author\\\/admin\\\/#author\",\"url\":\"https:\\\/\\\/eldigitaldeasturias.com\\\/magazine365\\\/author\\\/admin\\\/\",\"name\":\"admin\",\"image\":{\"@type\":\"ImageObject\",\"@id\":\"https:\\\/\\\/eldigitaldeasturias.com\\\/magazine365\\\/normalizacion-en-el-aeropuerto-de-santiago-tras-una-semana-sin-el-asistente-de-aterrizaje\\\/#authorImage\",\"url\":\"https:\\\/\\\/eldigitaldeasturias.com\\\/magazine365\\\/wp-content\\\/litespeed\\\/avatar\\\/e571bcf59a0edd6fa6838245a470f2fe.jpg?ver=1776969259\",\"width\":96,\"height\":96,\"caption\":\"admin\"}},{\"@type\":\"WebPage\",\"@id\":\"https:\\\/\\\/eldigitaldeasturias.com\\\/magazine365\\\/normalizacion-en-el-aeropuerto-de-santiago-tras-una-semana-sin-el-asistente-de-aterrizaje\\\/#webpage\",\"url\":\"https:\\\/\\\/eldigitaldeasturias.com\\\/magazine365\\\/normalizacion-en-el-aeropuerto-de-santiago-tras-una-semana-sin-el-asistente-de-aterrizaje\\\/\",\"name\":\"Normalizaci\\u00f3n en el aeropuerto de Santiago tras una semana sin el asistente de aterrizaje | El Digital de Asturias\",\"description\":\"La situaci\\u00f3n en el aeropuerto de Santiago de Compostela se ha normalizado tras una semana de desconexi\\u00f3n del ILS, el asistente de aterrizaje que ayuda a los aviones a tomar tierra en situaciones de baja visibilidad, como niebla o nubes bajas. Los \\u00faltimos inconvenientes registrados hasta ahora son los del domingo por la tarde, que\",\"inLanguage\":\"es-ES\",\"isPartOf\":{\"@id\":\"https:\\\/\\\/eldigitaldeasturias.com\\\/magazine365\\\/#website\"},\"breadcrumb\":{\"@id\":\"https:\\\/\\\/eldigitaldeasturias.com\\\/magazine365\\\/normalizacion-en-el-aeropuerto-de-santiago-tras-una-semana-sin-el-asistente-de-aterrizaje\\\/#breadcrumblist\"},\"author\":{\"@id\":\"https:\\\/\\\/eldigitaldeasturias.com\\\/magazine365\\\/author\\\/admin\\\/#author\"},\"creator\":{\"@id\":\"https:\\\/\\\/eldigitaldeasturias.com\\\/magazine365\\\/author\\\/admin\\\/#author\"},\"image\":{\"@type\":\"ImageObject\",\"url\":\"https:\\\/\\\/eldigitaldeasturias.com\\\/magazine365\\\/wp-content\\\/uploads\\\/2016\\\/06\\\/fotonoticia_20160614121448_800.jpg\",\"@id\":\"https:\\\/\\\/eldigitaldeasturias.com\\\/magazine365\\\/normalizacion-en-el-aeropuerto-de-santiago-tras-una-semana-sin-el-asistente-de-aterrizaje\\\/#mainImage\",\"width\":800,\"height\":600},\"primaryImageOfPage\":{\"@id\":\"https:\\\/\\\/eldigitaldeasturias.com\\\/magazine365\\\/normalizacion-en-el-aeropuerto-de-santiago-tras-una-semana-sin-el-asistente-de-aterrizaje\\\/#mainImage\"},\"datePublished\":\"2016-06-14T15:14:59+02:00\",\"dateModified\":\"2016-06-14T15:14:59+02:00\"},{\"@type\":\"WebSite\",\"@id\":\"https:\\\/\\\/eldigitaldeasturias.com\\\/magazine365\\\/#website\",\"url\":\"https:\\\/\\\/eldigitaldeasturias.com\\\/magazine365\\\/\",\"name\":\"El Digital de Asturias\",\"description\":\"Revista de ocio, turismo y estilo de vida\",\"inLanguage\":\"es-ES\",\"publisher\":{\"@id\":\"https:\\\/\\\/eldigitaldeasturias.com\\\/magazine365\\\/#organization\"}}]}\n\t\t<\/script>\n\t\t<!-- All in One SEO Pro -->\r\n\t\t<title>Normalizaci\u00f3n en el aeropuerto de Santiago tras una semana sin el asistente de aterrizaje | El Digital de Asturias<\/title>\n\n","aioseo_head_json":{"title":"Normalizaci\u00f3n en el aeropuerto de Santiago tras una semana sin el asistente de aterrizaje | El Digital de Asturias","description":"La situaci\u00f3n en el aeropuerto de Santiago de Compostela se ha normalizado tras una semana de desconexi\u00f3n del ILS, el asistente de aterrizaje que ayuda a los aviones a tomar tierra en situaciones de baja visibilidad, como niebla o nubes bajas. Los \u00faltimos inconvenientes registrados hasta ahora son los del domingo por la tarde, que","canonical_url":"https:\/\/eldigitaldeasturias.com\/magazine365\/normalizacion-en-el-aeropuerto-de-santiago-tras-una-semana-sin-el-asistente-de-aterrizaje\/","robots":"max-image-preview:large","keywords":"noticias y actualidad","webmasterTools":{"google-site-verification":"UA-38556648-1","miscellaneous":""},"schema":{"@context":"https:\/\/schema.org","@graph":[{"@type":"Article","@id":"https:\/\/eldigitaldeasturias.com\/magazine365\/normalizacion-en-el-aeropuerto-de-santiago-tras-una-semana-sin-el-asistente-de-aterrizaje\/#article","name":"Normalizaci\u00f3n en el aeropuerto de Santiago tras una semana sin el asistente de aterrizaje | El Digital de Asturias","headline":"Normalizaci\u00f3n en el aeropuerto de Santiago tras una semana sin el asistente de aterrizaje","author":{"@id":"https:\/\/eldigitaldeasturias.com\/magazine365\/author\/admin\/#author"},"publisher":{"@id":"https:\/\/eldigitaldeasturias.com\/magazine365\/#organization"},"image":{"@type":"ImageObject","url":"https:\/\/eldigitaldeasturias.com\/magazine365\/wp-content\/uploads\/2016\/06\/fotonoticia_20160614121448_800.jpg","width":800,"height":600},"datePublished":"2016-06-14T15:14:59+02:00","dateModified":"2016-06-14T15:14:59+02:00","inLanguage":"es-ES","mainEntityOfPage":{"@id":"https:\/\/eldigitaldeasturias.com\/magazine365\/normalizacion-en-el-aeropuerto-de-santiago-tras-una-semana-sin-el-asistente-de-aterrizaje\/#webpage"},"isPartOf":{"@id":"https:\/\/eldigitaldeasturias.com\/magazine365\/normalizacion-en-el-aeropuerto-de-santiago-tras-una-semana-sin-el-asistente-de-aterrizaje\/#webpage"},"articleSection":"Noticias y Actualidad"},{"@type":"BreadcrumbList","@id":"https:\/\/eldigitaldeasturias.com\/magazine365\/normalizacion-en-el-aeropuerto-de-santiago-tras-una-semana-sin-el-asistente-de-aterrizaje\/#breadcrumblist","itemListElement":[{"@type":"ListItem","@id":"https:\/\/eldigitaldeasturias.com\/magazine365#listItem","position":1,"name":"Home","item":"https:\/\/eldigitaldeasturias.com\/magazine365","nextItem":{"@type":"ListItem","@id":"https:\/\/eldigitaldeasturias.com\/magazine365\/category\/noticias-actualidad\/#listItem","name":"Noticias y Actualidad"}},{"@type":"ListItem","@id":"https:\/\/eldigitaldeasturias.com\/magazine365\/category\/noticias-actualidad\/#listItem","position":2,"name":"Noticias y Actualidad","item":"https:\/\/eldigitaldeasturias.com\/magazine365\/category\/noticias-actualidad\/","nextItem":{"@type":"ListItem","@id":"https:\/\/eldigitaldeasturias.com\/magazine365\/normalizacion-en-el-aeropuerto-de-santiago-tras-una-semana-sin-el-asistente-de-aterrizaje\/#listItem","name":"Normalizaci\u00f3n en el aeropuerto de Santiago tras una semana sin el asistente de aterrizaje"},"previousItem":{"@type":"ListItem","@id":"https:\/\/eldigitaldeasturias.com\/magazine365#listItem","name":"Home"}},{"@type":"ListItem","@id":"https:\/\/eldigitaldeasturias.com\/magazine365\/normalizacion-en-el-aeropuerto-de-santiago-tras-una-semana-sin-el-asistente-de-aterrizaje\/#listItem","position":3,"name":"Normalizaci\u00f3n en el aeropuerto de Santiago tras una semana sin el asistente de aterrizaje","previousItem":{"@type":"ListItem","@id":"https:\/\/eldigitaldeasturias.com\/magazine365\/category\/noticias-actualidad\/#listItem","name":"Noticias y Actualidad"}}]},{"@type":"Organization","@id":"https:\/\/eldigitaldeasturias.com\/magazine365\/#organization","name":"El digital de Asturias","description":"Revista de ocio, turismo y estilo de vida","url":"https:\/\/eldigitaldeasturias.com\/magazine365\/","logo":{"@type":"ImageObject","url":"https:\/\/www.eldigitaldeasturias.com\/noticias\/wp-content\/uploads\/2020\/12\/EDA.jpg","@id":"https:\/\/eldigitaldeasturias.com\/magazine365\/normalizacion-en-el-aeropuerto-de-santiago-tras-una-semana-sin-el-asistente-de-aterrizaje\/#organizationLogo"},"image":{"@id":"https:\/\/eldigitaldeasturias.com\/magazine365\/normalizacion-en-el-aeropuerto-de-santiago-tras-una-semana-sin-el-asistente-de-aterrizaje\/#organizationLogo"}},{"@type":"Person","@id":"https:\/\/eldigitaldeasturias.com\/magazine365\/author\/admin\/#author","url":"https:\/\/eldigitaldeasturias.com\/magazine365\/author\/admin\/","name":"admin","image":{"@type":"ImageObject","@id":"https:\/\/eldigitaldeasturias.com\/magazine365\/normalizacion-en-el-aeropuerto-de-santiago-tras-una-semana-sin-el-asistente-de-aterrizaje\/#authorImage","url":"https:\/\/eldigitaldeasturias.com\/magazine365\/wp-content\/litespeed\/avatar\/e571bcf59a0edd6fa6838245a470f2fe.jpg?ver=1776969259","width":96,"height":96,"caption":"admin"}},{"@type":"WebPage","@id":"https:\/\/eldigitaldeasturias.com\/magazine365\/normalizacion-en-el-aeropuerto-de-santiago-tras-una-semana-sin-el-asistente-de-aterrizaje\/#webpage","url":"https:\/\/eldigitaldeasturias.com\/magazine365\/normalizacion-en-el-aeropuerto-de-santiago-tras-una-semana-sin-el-asistente-de-aterrizaje\/","name":"Normalizaci\u00f3n en el aeropuerto de Santiago tras una semana sin el asistente de aterrizaje | El Digital de Asturias","description":"La situaci\u00f3n en el aeropuerto de Santiago de Compostela se ha normalizado tras una semana de desconexi\u00f3n del ILS, el asistente de aterrizaje que ayuda a los aviones a tomar tierra en situaciones de baja visibilidad, como niebla o nubes bajas. Los \u00faltimos inconvenientes registrados hasta ahora son los del domingo por la tarde, que","inLanguage":"es-ES","isPartOf":{"@id":"https:\/\/eldigitaldeasturias.com\/magazine365\/#website"},"breadcrumb":{"@id":"https:\/\/eldigitaldeasturias.com\/magazine365\/normalizacion-en-el-aeropuerto-de-santiago-tras-una-semana-sin-el-asistente-de-aterrizaje\/#breadcrumblist"},"author":{"@id":"https:\/\/eldigitaldeasturias.com\/magazine365\/author\/admin\/#author"},"creator":{"@id":"https:\/\/eldigitaldeasturias.com\/magazine365\/author\/admin\/#author"},"image":{"@type":"ImageObject","url":"https:\/\/eldigitaldeasturias.com\/magazine365\/wp-content\/uploads\/2016\/06\/fotonoticia_20160614121448_800.jpg","@id":"https:\/\/eldigitaldeasturias.com\/magazine365\/normalizacion-en-el-aeropuerto-de-santiago-tras-una-semana-sin-el-asistente-de-aterrizaje\/#mainImage","width":800,"height":600},"primaryImageOfPage":{"@id":"https:\/\/eldigitaldeasturias.com\/magazine365\/normalizacion-en-el-aeropuerto-de-santiago-tras-una-semana-sin-el-asistente-de-aterrizaje\/#mainImage"},"datePublished":"2016-06-14T15:14:59+02:00","dateModified":"2016-06-14T15:14:59+02:00"},{"@type":"WebSite","@id":"https:\/\/eldigitaldeasturias.com\/magazine365\/#website","url":"https:\/\/eldigitaldeasturias.com\/magazine365\/","name":"El Digital de Asturias","description":"Revista de ocio, turismo y estilo de vida","inLanguage":"es-ES","publisher":{"@id":"https:\/\/eldigitaldeasturias.com\/magazine365\/#organization"}}]},"og:locale":"es_ES","og:site_name":"El Digital de Asturias \u2013 Revista de ocio, turismo y estilo de vida","og:type":"article","og:title":"Normalizaci\u00f3n en el aeropuerto de Santiago tras una semana sin el asistente de aterrizaje | El Digital de Asturias","og:description":"La situaci\u00f3n en el aeropuerto de Santiago de Compostela se ha normalizado tras una semana de desconexi\u00f3n del ILS, el asistente de aterrizaje que ayuda a los aviones a tomar tierra en situaciones de baja visibilidad, como niebla o nubes bajas. Los \u00faltimos inconvenientes registrados hasta ahora son los del domingo por la tarde, que","og:url":"https:\/\/eldigitaldeasturias.com\/magazine365\/normalizacion-en-el-aeropuerto-de-santiago-tras-una-semana-sin-el-asistente-de-aterrizaje\/","og:image":"https:\/\/eldigitaldeasturias.com\/magazine365\/wp-content\/uploads\/2016\/06\/fotonoticia_20160614121448_800.jpg","og:image:secure_url":"https:\/\/eldigitaldeasturias.com\/magazine365\/wp-content\/uploads\/2016\/06\/fotonoticia_20160614121448_800.jpg","og:image:width":800,"og:image:height":600,"article:published_time":"2016-06-14T13:14:59+00:00","article:modified_time":"2016-06-14T13:14:59+00:00","twitter:card":"summary_large_image","twitter:title":"Normalizaci\u00f3n en el aeropuerto de Santiago tras una semana sin el asistente de aterrizaje | El Digital de Asturias","twitter:description":"La situaci\u00f3n en el aeropuerto de Santiago de Compostela se ha normalizado tras una semana de desconexi\u00f3n del ILS, el asistente de aterrizaje que ayuda a los aviones a tomar tierra en situaciones de baja visibilidad, como niebla o nubes bajas. Los \u00faltimos inconvenientes registrados hasta ahora son los del domingo por la tarde, que","twitter:image":"https:\/\/eldigitaldeasturias.com\/magazine365\/wp-content\/uploads\/2016\/06\/fotonoticia_20160614121448_800.jpg"},"aioseo_meta_data":{"post_id":"79118","title":null,"description":null,"keywords":null,"keyphrases":null,"primary_term":null,"canonical_url":null,"og_title":null,"og_description":null,"og_object_type":"default","og_image_type":"default","og_image_url":null,"og_image_width":null,"og_image_height":null,"og_image_custom_url":null,"og_image_custom_fields":null,"og_video":null,"og_custom_url":null,"og_article_section":null,"og_article_tags":null,"twitter_use_og":false,"twitter_card":"default","twitter_image_type":"default","twitter_image_url":null,"twitter_image_custom_url":null,"twitter_image_custom_fields":null,"twitter_title":null,"twitter_description":null,"schema":{"blockGraphs":[],"customGraphs":[],"default":{"data":{"Article":[],"Course":[],"Dataset":[],"FAQPage":[],"Movie":[],"Person":[],"Product":[],"ProductReview":[],"Car":[],"Recipe":[],"Service":[],"SoftwareApplication":[],"WebPage":[]},"graphName":"","isEnabled":true},"graphs":[],"defaultGraph":"","defaultPostTypeGraph":""},"schema_type":null,"schema_type_options":null,"pillar_content":false,"robots_default":true,"robots_noindex":false,"robots_noarchive":false,"robots_nosnippet":false,"robots_nofollow":false,"robots_noimageindex":false,"robots_noodp":false,"robots_notranslate":false,"robots_max_snippet":null,"robots_max_videopreview":null,"robots_max_imagepreview":"large","priority":null,"frequency":null,"location":null,"local_seo":null,"seo_analyzer_scan_date":"2025-09-27 18:17:24","breadcrumb_settings":null,"limit_modified_date":false,"open_ai":null,"ai":null,"created":"2021-03-08 17:51:56","updated":"2025-09-27 18:17:24"},"aioseo_breadcrumb":"<div class=\"aioseo-breadcrumbs\"><span class=\"aioseo-breadcrumb\">\n\t<a href=\"https:\/\/eldigitaldeasturias.com\/magazine365\" title=\"Home\">Home<\/a>\n<\/span><span class=\"aioseo-breadcrumb-separator\">\u2013<\/span><span class=\"aioseo-breadcrumb\">\n\t<a href=\"https:\/\/eldigitaldeasturias.com\/magazine365\/category\/noticias-actualidad\/\" title=\"Noticias y Actualidad\">Noticias y Actualidad<\/a>\n<\/span><span class=\"aioseo-breadcrumb-separator\">\u2013<\/span><span class=\"aioseo-breadcrumb\">\n\t<a href=\"https:\/\/eldigitaldeasturias.com\/magazine365\/normalizacion-en-el-aeropuerto-de-santiago-tras-una-semana-sin-el-asistente-de-aterrizaje\/\" title=\"Normalizaci\u00f3n en el aeropuerto de Santiago tras una semana sin el asistente de aterrizaje\">Normalizaci\u00f3n en el aeropuerto de Santiago tras una semana sin el asistente de aterrizaje<\/a>\n<\/span><\/div>","aioseo_breadcrumb_json":[{"label":"Home","link":"https:\/\/eldigitaldeasturias.com\/magazine365"},{"label":"Noticias y Actualidad","link":"https:\/\/eldigitaldeasturias.com\/magazine365\/category\/noticias-actualidad\/"},{"label":"Normalizaci\u00f3n en el aeropuerto de Santiago tras una semana sin el asistente de aterrizaje","link":"https:\/\/eldigitaldeasturias.com\/magazine365\/normalizacion-en-el-aeropuerto-de-santiago-tras-una-semana-sin-el-asistente-de-aterrizaje\/"}],"_links":{"self":[{"href":"https:\/\/eldigitaldeasturias.com\/magazine365\/wp-json\/wp\/v2\/posts\/79118","targetHints":{"allow":["GET"]}}],"collection":[{"href":"https:\/\/eldigitaldeasturias.com\/magazine365\/wp-json\/wp\/v2\/posts"}],"about":[{"href":"https:\/\/eldigitaldeasturias.com\/magazine365\/wp-json\/wp\/v2\/types\/post"}],"author":[{"embeddable":true,"href":"https:\/\/eldigitaldeasturias.com\/magazine365\/wp-json\/wp\/v2\/users\/1"}],"replies":[{"embeddable":true,"href":"https:\/\/eldigitaldeasturias.com\/magazine365\/wp-json\/wp\/v2\/comments?post=79118"}],"version-history":[{"count":0,"href":"https:\/\/eldigitaldeasturias.com\/magazine365\/wp-json\/wp\/v2\/posts\/79118\/revisions"}],"wp:featuredmedia":[{"embeddable":true,"href":"https:\/\/eldigitaldeasturias.com\/magazine365\/wp-json\/wp\/v2\/media\/79119"}],"wp:attachment":[{"href":"https:\/\/eldigitaldeasturias.com\/magazine365\/wp-json\/wp\/v2\/media?parent=79118"}],"wp:term":[{"taxonomy":"category","embeddable":true,"href":"https:\/\/eldigitaldeasturias.com\/magazine365\/wp-json\/wp\/v2\/categories?post=79118"},{"taxonomy":"post_tag","embeddable":true,"href":"https:\/\/eldigitaldeasturias.com\/magazine365\/wp-json\/wp\/v2\/tags?post=79118"}],"curies":[{"name":"wp","href":"https:\/\/api.w.org\/{rel}","templated":true}]}}