{"id":79115,"date":"2016-06-14T15:13:40","date_gmt":"2016-06-14T13:13:40","guid":{"rendered":"http:\/\/eldigitaldeasturias.com\/magazine365\/?p=79115"},"modified":"2016-06-14T15:13:40","modified_gmt":"2016-06-14T13:13:40","slug":"pleno-en-el-seguimiento-de-los-paros-parciales-matutinos-en-metro-de-madrid","status":"publish","type":"post","link":"https:\/\/eldigitaldeasturias.com\/magazine365\/pleno-en-el-seguimiento-de-los-paros-parciales-matutinos-en-metro-de-madrid\/","title":{"rendered":"Pleno en el seguimiento de los paros parciales matutinos en Metro de Madrid"},"content":{"rendered":"<p><img fetchpriority=\"high\" decoding=\"async\" class=\"alignleft size-medium wp-image-79116\" src=\"https:\/\/eldigitaldeasturias.com\/magazine365\/wp-content\/uploads\/2016\/06\/fotonoticia_20160614120555_800-360x240.jpg\" alt=\"fotonoticia_20160614120555_800\" width=\"360\" height=\"240\" srcset=\"https:\/\/eldigitaldeasturias.com\/magazine365\/wp-content\/uploads\/2016\/06\/fotonoticia_20160614120555_800-360x240.jpg 360w, https:\/\/eldigitaldeasturias.com\/magazine365\/wp-content\/uploads\/2016\/06\/fotonoticia_20160614120555_800-650x433.jpg 650w, https:\/\/eldigitaldeasturias.com\/magazine365\/wp-content\/uploads\/2016\/06\/fotonoticia_20160614120555_800-768x512.jpg 768w, https:\/\/eldigitaldeasturias.com\/magazine365\/wp-content\/uploads\/2016\/06\/fotonoticia_20160614120555_800-150x100.jpg 150w, https:\/\/eldigitaldeasturias.com\/magazine365\/wp-content\/uploads\/2016\/06\/fotonoticia_20160614120555_800-450x300.jpg 450w, https:\/\/eldigitaldeasturias.com\/magazine365\/wp-content\/uploads\/2016\/06\/fotonoticia_20160614120555_800-101x66.jpg 101w, https:\/\/eldigitaldeasturias.com\/magazine365\/wp-content\/uploads\/2016\/06\/fotonoticia_20160614120555_800.jpg 800w\" sizes=\"(max-width: 360px) 100vw, 360px\" \/>Los sindicatos indican que el seguimiento en los paros parciales convocados esta ma\u00f1ana para todos los colectivos en Metro ronda el cien por cien mientras que el suburbano estima tambi\u00e9n la participaci\u00f3n en un 98,6 por ciento.<\/p>\n<p>La jornada se ha desarrollado con normalidad y con cumplimiento de los servicios m\u00ednimos fijados para la franja horaria 6.05 a 8.40 horas, que eran del 65 por ciento de los trenes que habitualmente circulan por la red, seg\u00fan recalcan desde Metro a Europa Press.<\/p>\n<p>Este martes tambi\u00e9n se convocan paros de 13.20 a 16.25 horas con unos servicios m\u00ednimos del 58 por ciento y para la tarde, de 17.30 a 19.55 horas, se fijan los m\u00ednimos en el 54 por ciento.<\/p>\n<p>Tambi\u00e9n hay convocados paros parciales para el colectivo de maquinistas de 14 a 17 horas. Aparte, los paros en Metro coinciden este martes con los convocados en Renfe.<\/p>\n","protected":false},"excerpt":{"rendered":"<p>Los sindicatos indican que el seguimiento en los paros parciales convocados esta ma\u00f1ana para todos los colectivos en Metro ronda el cien por cien mientras que el suburbano estima tambi\u00e9n la participaci\u00f3n en un 98,6 por ciento. La jornada se ha desarrollado con normalidad y con cumplimiento de los servicios m\u00ednimos fijados para la franja<\/p>\n","protected":false},"author":1,"featured_media":79116,"comment_status":"open","ping_status":"closed","sticky":false,"template":"","format":"standard","meta":{"footnotes":""},"categories":[224],"tags":[],"class_list":{"0":"post-79115","1":"post","2":"type-post","3":"status-publish","4":"format-standard","5":"has-post-thumbnail","7":"category-noticias-actualidad"},"aioseo_notices":[],"aioseo_head":"\n\t\t<!-- All in One SEO Pro 4.9.6.1 - aioseo.com -->\n\t<meta name=\"description\" content=\"Los sindicatos indican que el seguimiento en los paros parciales convocados esta ma\u00f1ana para todos los colectivos en Metro ronda el cien por cien mientras que el suburbano estima tambi\u00e9n la participaci\u00f3n en un 98,6 por ciento. La jornada se ha desarrollado con normalidad y con cumplimiento de los servicios m\u00ednimos fijados para la franja\" \/>\n\t<meta name=\"robots\" content=\"max-image-preview:large\" \/>\n\t<meta name=\"author\" content=\"admin\"\/>\n\t<meta name=\"google-site-verification\" content=\"UA-38556648-1\" \/>\n\t<meta name=\"keywords\" content=\"noticias y actualidad\" \/>\n\t<link rel=\"canonical\" href=\"https:\/\/eldigitaldeasturias.com\/magazine365\/pleno-en-el-seguimiento-de-los-paros-parciales-matutinos-en-metro-de-madrid\/\" \/>\n\t<meta name=\"generator\" content=\"All in One SEO Pro (AIOSEO) 4.9.6.1\" \/>\n\t\t<meta property=\"og:locale\" content=\"es_ES\" \/>\n\t\t<meta property=\"og:site_name\" content=\"El Digital de Asturias \u2013 Revista de ocio, turismo y estilo de vida\" \/>\n\t\t<meta property=\"og:type\" content=\"article\" \/>\n\t\t<meta property=\"og:title\" content=\"Pleno en el seguimiento de los paros parciales matutinos en Metro de Madrid | El Digital de Asturias\" \/>\n\t\t<meta property=\"og:description\" content=\"Los sindicatos indican que el seguimiento en los paros parciales convocados esta ma\u00f1ana para todos los colectivos en Metro ronda el cien por cien mientras que el suburbano estima tambi\u00e9n la participaci\u00f3n en un 98,6 por ciento. La jornada se ha desarrollado con normalidad y con cumplimiento de los servicios m\u00ednimos fijados para la franja\" \/>\n\t\t<meta property=\"og:url\" content=\"https:\/\/eldigitaldeasturias.com\/magazine365\/pleno-en-el-seguimiento-de-los-paros-parciales-matutinos-en-metro-de-madrid\/\" \/>\n\t\t<meta property=\"og:image\" content=\"https:\/\/eldigitaldeasturias.com\/magazine365\/wp-content\/uploads\/2016\/06\/fotonoticia_20160614120555_800.jpg\" \/>\n\t\t<meta property=\"og:image:secure_url\" content=\"https:\/\/eldigitaldeasturias.com\/magazine365\/wp-content\/uploads\/2016\/06\/fotonoticia_20160614120555_800.jpg\" \/>\n\t\t<meta property=\"og:image:width\" content=\"800\" \/>\n\t\t<meta property=\"og:image:height\" content=\"533\" \/>\n\t\t<meta property=\"article:published_time\" content=\"2016-06-14T13:13:40+00:00\" \/>\n\t\t<meta property=\"article:modified_time\" content=\"2016-06-14T13:13:40+00:00\" \/>\n\t\t<meta name=\"twitter:card\" content=\"summary_large_image\" \/>\n\t\t<meta name=\"twitter:title\" content=\"Pleno en el seguimiento de los paros parciales matutinos en Metro de Madrid | El Digital de Asturias\" \/>\n\t\t<meta name=\"twitter:description\" content=\"Los sindicatos indican que el seguimiento en los paros parciales convocados esta ma\u00f1ana para todos los colectivos en Metro ronda el cien por cien mientras que el suburbano estima tambi\u00e9n la participaci\u00f3n en un 98,6 por ciento. La jornada se ha desarrollado con normalidad y con cumplimiento de los servicios m\u00ednimos fijados para la franja\" \/>\n\t\t<meta name=\"twitter:image\" content=\"https:\/\/eldigitaldeasturias.com\/magazine365\/wp-content\/uploads\/2016\/06\/fotonoticia_20160614120555_800.jpg\" \/>\n\t\t<script type=\"application\/ld+json\" class=\"aioseo-schema\">\n\t\t\t{\"@context\":\"https:\\\/\\\/schema.org\",\"@graph\":[{\"@type\":\"Article\",\"@id\":\"https:\\\/\\\/eldigitaldeasturias.com\\\/magazine365\\\/pleno-en-el-seguimiento-de-los-paros-parciales-matutinos-en-metro-de-madrid\\\/#article\",\"name\":\"Pleno en el seguimiento de los paros parciales matutinos en Metro de Madrid | El Digital de Asturias\",\"headline\":\"Pleno en el seguimiento de los paros parciales matutinos en Metro de Madrid\",\"author\":{\"@id\":\"https:\\\/\\\/eldigitaldeasturias.com\\\/magazine365\\\/author\\\/admin\\\/#author\"},\"publisher\":{\"@id\":\"https:\\\/\\\/eldigitaldeasturias.com\\\/magazine365\\\/#organization\"},\"image\":{\"@type\":\"ImageObject\",\"url\":\"https:\\\/\\\/eldigitaldeasturias.com\\\/magazine365\\\/wp-content\\\/uploads\\\/2016\\\/06\\\/fotonoticia_20160614120555_800.jpg\",\"width\":800,\"height\":533},\"datePublished\":\"2016-06-14T15:13:40+02:00\",\"dateModified\":\"2016-06-14T15:13:40+02:00\",\"inLanguage\":\"es-ES\",\"mainEntityOfPage\":{\"@id\":\"https:\\\/\\\/eldigitaldeasturias.com\\\/magazine365\\\/pleno-en-el-seguimiento-de-los-paros-parciales-matutinos-en-metro-de-madrid\\\/#webpage\"},\"isPartOf\":{\"@id\":\"https:\\\/\\\/eldigitaldeasturias.com\\\/magazine365\\\/pleno-en-el-seguimiento-de-los-paros-parciales-matutinos-en-metro-de-madrid\\\/#webpage\"},\"articleSection\":\"Noticias y Actualidad\"},{\"@type\":\"BreadcrumbList\",\"@id\":\"https:\\\/\\\/eldigitaldeasturias.com\\\/magazine365\\\/pleno-en-el-seguimiento-de-los-paros-parciales-matutinos-en-metro-de-madrid\\\/#breadcrumblist\",\"itemListElement\":[{\"@type\":\"ListItem\",\"@id\":\"https:\\\/\\\/eldigitaldeasturias.com\\\/magazine365#listItem\",\"position\":1,\"name\":\"Home\",\"item\":\"https:\\\/\\\/eldigitaldeasturias.com\\\/magazine365\",\"nextItem\":{\"@type\":\"ListItem\",\"@id\":\"https:\\\/\\\/eldigitaldeasturias.com\\\/magazine365\\\/category\\\/noticias-actualidad\\\/#listItem\",\"name\":\"Noticias y Actualidad\"}},{\"@type\":\"ListItem\",\"@id\":\"https:\\\/\\\/eldigitaldeasturias.com\\\/magazine365\\\/category\\\/noticias-actualidad\\\/#listItem\",\"position\":2,\"name\":\"Noticias y Actualidad\",\"item\":\"https:\\\/\\\/eldigitaldeasturias.com\\\/magazine365\\\/category\\\/noticias-actualidad\\\/\",\"nextItem\":{\"@type\":\"ListItem\",\"@id\":\"https:\\\/\\\/eldigitaldeasturias.com\\\/magazine365\\\/pleno-en-el-seguimiento-de-los-paros-parciales-matutinos-en-metro-de-madrid\\\/#listItem\",\"name\":\"Pleno en el seguimiento de los paros parciales matutinos en Metro de Madrid\"},\"previousItem\":{\"@type\":\"ListItem\",\"@id\":\"https:\\\/\\\/eldigitaldeasturias.com\\\/magazine365#listItem\",\"name\":\"Home\"}},{\"@type\":\"ListItem\",\"@id\":\"https:\\\/\\\/eldigitaldeasturias.com\\\/magazine365\\\/pleno-en-el-seguimiento-de-los-paros-parciales-matutinos-en-metro-de-madrid\\\/#listItem\",\"position\":3,\"name\":\"Pleno en el seguimiento de los paros parciales matutinos en Metro de Madrid\",\"previousItem\":{\"@type\":\"ListItem\",\"@id\":\"https:\\\/\\\/eldigitaldeasturias.com\\\/magazine365\\\/category\\\/noticias-actualidad\\\/#listItem\",\"name\":\"Noticias y Actualidad\"}}]},{\"@type\":\"Organization\",\"@id\":\"https:\\\/\\\/eldigitaldeasturias.com\\\/magazine365\\\/#organization\",\"name\":\"El digital de Asturias\",\"description\":\"Revista de ocio, turismo y estilo de vida\",\"url\":\"https:\\\/\\\/eldigitaldeasturias.com\\\/magazine365\\\/\",\"logo\":{\"@type\":\"ImageObject\",\"url\":\"https:\\\/\\\/www.eldigitaldeasturias.com\\\/noticias\\\/wp-content\\\/uploads\\\/2020\\\/12\\\/EDA.jpg\",\"@id\":\"https:\\\/\\\/eldigitaldeasturias.com\\\/magazine365\\\/pleno-en-el-seguimiento-de-los-paros-parciales-matutinos-en-metro-de-madrid\\\/#organizationLogo\"},\"image\":{\"@id\":\"https:\\\/\\\/eldigitaldeasturias.com\\\/magazine365\\\/pleno-en-el-seguimiento-de-los-paros-parciales-matutinos-en-metro-de-madrid\\\/#organizationLogo\"}},{\"@type\":\"Person\",\"@id\":\"https:\\\/\\\/eldigitaldeasturias.com\\\/magazine365\\\/author\\\/admin\\\/#author\",\"url\":\"https:\\\/\\\/eldigitaldeasturias.com\\\/magazine365\\\/author\\\/admin\\\/\",\"name\":\"admin\",\"image\":{\"@type\":\"ImageObject\",\"@id\":\"https:\\\/\\\/eldigitaldeasturias.com\\\/magazine365\\\/pleno-en-el-seguimiento-de-los-paros-parciales-matutinos-en-metro-de-madrid\\\/#authorImage\",\"url\":\"https:\\\/\\\/eldigitaldeasturias.com\\\/magazine365\\\/wp-content\\\/litespeed\\\/avatar\\\/e571bcf59a0edd6fa6838245a470f2fe.jpg?ver=1776969259\",\"width\":96,\"height\":96,\"caption\":\"admin\"}},{\"@type\":\"WebPage\",\"@id\":\"https:\\\/\\\/eldigitaldeasturias.com\\\/magazine365\\\/pleno-en-el-seguimiento-de-los-paros-parciales-matutinos-en-metro-de-madrid\\\/#webpage\",\"url\":\"https:\\\/\\\/eldigitaldeasturias.com\\\/magazine365\\\/pleno-en-el-seguimiento-de-los-paros-parciales-matutinos-en-metro-de-madrid\\\/\",\"name\":\"Pleno en el seguimiento de los paros parciales matutinos en Metro de Madrid | El Digital de Asturias\",\"description\":\"Los sindicatos indican que el seguimiento en los paros parciales convocados esta ma\\u00f1ana para todos los colectivos en Metro ronda el cien por cien mientras que el suburbano estima tambi\\u00e9n la participaci\\u00f3n en un 98,6 por ciento. La jornada se ha desarrollado con normalidad y con cumplimiento de los servicios m\\u00ednimos fijados para la franja\",\"inLanguage\":\"es-ES\",\"isPartOf\":{\"@id\":\"https:\\\/\\\/eldigitaldeasturias.com\\\/magazine365\\\/#website\"},\"breadcrumb\":{\"@id\":\"https:\\\/\\\/eldigitaldeasturias.com\\\/magazine365\\\/pleno-en-el-seguimiento-de-los-paros-parciales-matutinos-en-metro-de-madrid\\\/#breadcrumblist\"},\"author\":{\"@id\":\"https:\\\/\\\/eldigitaldeasturias.com\\\/magazine365\\\/author\\\/admin\\\/#author\"},\"creator\":{\"@id\":\"https:\\\/\\\/eldigitaldeasturias.com\\\/magazine365\\\/author\\\/admin\\\/#author\"},\"image\":{\"@type\":\"ImageObject\",\"url\":\"https:\\\/\\\/eldigitaldeasturias.com\\\/magazine365\\\/wp-content\\\/uploads\\\/2016\\\/06\\\/fotonoticia_20160614120555_800.jpg\",\"@id\":\"https:\\\/\\\/eldigitaldeasturias.com\\\/magazine365\\\/pleno-en-el-seguimiento-de-los-paros-parciales-matutinos-en-metro-de-madrid\\\/#mainImage\",\"width\":800,\"height\":533},\"primaryImageOfPage\":{\"@id\":\"https:\\\/\\\/eldigitaldeasturias.com\\\/magazine365\\\/pleno-en-el-seguimiento-de-los-paros-parciales-matutinos-en-metro-de-madrid\\\/#mainImage\"},\"datePublished\":\"2016-06-14T15:13:40+02:00\",\"dateModified\":\"2016-06-14T15:13:40+02:00\"},{\"@type\":\"WebSite\",\"@id\":\"https:\\\/\\\/eldigitaldeasturias.com\\\/magazine365\\\/#website\",\"url\":\"https:\\\/\\\/eldigitaldeasturias.com\\\/magazine365\\\/\",\"name\":\"El Digital de Asturias\",\"description\":\"Revista de ocio, turismo y estilo de vida\",\"inLanguage\":\"es-ES\",\"publisher\":{\"@id\":\"https:\\\/\\\/eldigitaldeasturias.com\\\/magazine365\\\/#organization\"}}]}\n\t\t<\/script>\n\t\t<!-- All in One SEO Pro -->\r\n\t\t<title>Pleno en el seguimiento de los paros parciales matutinos en Metro de Madrid | El Digital de Asturias<\/title>\n\n","aioseo_head_json":{"title":"Pleno en el seguimiento de los paros parciales matutinos en Metro de Madrid | El Digital de Asturias","description":"Los sindicatos indican que el seguimiento en los paros parciales convocados esta ma\u00f1ana para todos los colectivos en Metro ronda el cien por cien mientras que el suburbano estima tambi\u00e9n la participaci\u00f3n en un 98,6 por ciento. La jornada se ha desarrollado con normalidad y con cumplimiento de los servicios m\u00ednimos fijados para la franja","canonical_url":"https:\/\/eldigitaldeasturias.com\/magazine365\/pleno-en-el-seguimiento-de-los-paros-parciales-matutinos-en-metro-de-madrid\/","robots":"max-image-preview:large","keywords":"noticias y actualidad","webmasterTools":{"google-site-verification":"UA-38556648-1","miscellaneous":""},"schema":{"@context":"https:\/\/schema.org","@graph":[{"@type":"Article","@id":"https:\/\/eldigitaldeasturias.com\/magazine365\/pleno-en-el-seguimiento-de-los-paros-parciales-matutinos-en-metro-de-madrid\/#article","name":"Pleno en el seguimiento de los paros parciales matutinos en Metro de Madrid | El Digital de Asturias","headline":"Pleno en el seguimiento de los paros parciales matutinos en Metro de Madrid","author":{"@id":"https:\/\/eldigitaldeasturias.com\/magazine365\/author\/admin\/#author"},"publisher":{"@id":"https:\/\/eldigitaldeasturias.com\/magazine365\/#organization"},"image":{"@type":"ImageObject","url":"https:\/\/eldigitaldeasturias.com\/magazine365\/wp-content\/uploads\/2016\/06\/fotonoticia_20160614120555_800.jpg","width":800,"height":533},"datePublished":"2016-06-14T15:13:40+02:00","dateModified":"2016-06-14T15:13:40+02:00","inLanguage":"es-ES","mainEntityOfPage":{"@id":"https:\/\/eldigitaldeasturias.com\/magazine365\/pleno-en-el-seguimiento-de-los-paros-parciales-matutinos-en-metro-de-madrid\/#webpage"},"isPartOf":{"@id":"https:\/\/eldigitaldeasturias.com\/magazine365\/pleno-en-el-seguimiento-de-los-paros-parciales-matutinos-en-metro-de-madrid\/#webpage"},"articleSection":"Noticias y Actualidad"},{"@type":"BreadcrumbList","@id":"https:\/\/eldigitaldeasturias.com\/magazine365\/pleno-en-el-seguimiento-de-los-paros-parciales-matutinos-en-metro-de-madrid\/#breadcrumblist","itemListElement":[{"@type":"ListItem","@id":"https:\/\/eldigitaldeasturias.com\/magazine365#listItem","position":1,"name":"Home","item":"https:\/\/eldigitaldeasturias.com\/magazine365","nextItem":{"@type":"ListItem","@id":"https:\/\/eldigitaldeasturias.com\/magazine365\/category\/noticias-actualidad\/#listItem","name":"Noticias y Actualidad"}},{"@type":"ListItem","@id":"https:\/\/eldigitaldeasturias.com\/magazine365\/category\/noticias-actualidad\/#listItem","position":2,"name":"Noticias y Actualidad","item":"https:\/\/eldigitaldeasturias.com\/magazine365\/category\/noticias-actualidad\/","nextItem":{"@type":"ListItem","@id":"https:\/\/eldigitaldeasturias.com\/magazine365\/pleno-en-el-seguimiento-de-los-paros-parciales-matutinos-en-metro-de-madrid\/#listItem","name":"Pleno en el seguimiento de los paros parciales matutinos en Metro de Madrid"},"previousItem":{"@type":"ListItem","@id":"https:\/\/eldigitaldeasturias.com\/magazine365#listItem","name":"Home"}},{"@type":"ListItem","@id":"https:\/\/eldigitaldeasturias.com\/magazine365\/pleno-en-el-seguimiento-de-los-paros-parciales-matutinos-en-metro-de-madrid\/#listItem","position":3,"name":"Pleno en el seguimiento de los paros parciales matutinos en Metro de Madrid","previousItem":{"@type":"ListItem","@id":"https:\/\/eldigitaldeasturias.com\/magazine365\/category\/noticias-actualidad\/#listItem","name":"Noticias y Actualidad"}}]},{"@type":"Organization","@id":"https:\/\/eldigitaldeasturias.com\/magazine365\/#organization","name":"El digital de Asturias","description":"Revista de ocio, turismo y estilo de vida","url":"https:\/\/eldigitaldeasturias.com\/magazine365\/","logo":{"@type":"ImageObject","url":"https:\/\/www.eldigitaldeasturias.com\/noticias\/wp-content\/uploads\/2020\/12\/EDA.jpg","@id":"https:\/\/eldigitaldeasturias.com\/magazine365\/pleno-en-el-seguimiento-de-los-paros-parciales-matutinos-en-metro-de-madrid\/#organizationLogo"},"image":{"@id":"https:\/\/eldigitaldeasturias.com\/magazine365\/pleno-en-el-seguimiento-de-los-paros-parciales-matutinos-en-metro-de-madrid\/#organizationLogo"}},{"@type":"Person","@id":"https:\/\/eldigitaldeasturias.com\/magazine365\/author\/admin\/#author","url":"https:\/\/eldigitaldeasturias.com\/magazine365\/author\/admin\/","name":"admin","image":{"@type":"ImageObject","@id":"https:\/\/eldigitaldeasturias.com\/magazine365\/pleno-en-el-seguimiento-de-los-paros-parciales-matutinos-en-metro-de-madrid\/#authorImage","url":"https:\/\/eldigitaldeasturias.com\/magazine365\/wp-content\/litespeed\/avatar\/e571bcf59a0edd6fa6838245a470f2fe.jpg?ver=1776969259","width":96,"height":96,"caption":"admin"}},{"@type":"WebPage","@id":"https:\/\/eldigitaldeasturias.com\/magazine365\/pleno-en-el-seguimiento-de-los-paros-parciales-matutinos-en-metro-de-madrid\/#webpage","url":"https:\/\/eldigitaldeasturias.com\/magazine365\/pleno-en-el-seguimiento-de-los-paros-parciales-matutinos-en-metro-de-madrid\/","name":"Pleno en el seguimiento de los paros parciales matutinos en Metro de Madrid | El Digital de Asturias","description":"Los sindicatos indican que el seguimiento en los paros parciales convocados esta ma\u00f1ana para todos los colectivos en Metro ronda el cien por cien mientras que el suburbano estima tambi\u00e9n la participaci\u00f3n en un 98,6 por ciento. La jornada se ha desarrollado con normalidad y con cumplimiento de los servicios m\u00ednimos fijados para la franja","inLanguage":"es-ES","isPartOf":{"@id":"https:\/\/eldigitaldeasturias.com\/magazine365\/#website"},"breadcrumb":{"@id":"https:\/\/eldigitaldeasturias.com\/magazine365\/pleno-en-el-seguimiento-de-los-paros-parciales-matutinos-en-metro-de-madrid\/#breadcrumblist"},"author":{"@id":"https:\/\/eldigitaldeasturias.com\/magazine365\/author\/admin\/#author"},"creator":{"@id":"https:\/\/eldigitaldeasturias.com\/magazine365\/author\/admin\/#author"},"image":{"@type":"ImageObject","url":"https:\/\/eldigitaldeasturias.com\/magazine365\/wp-content\/uploads\/2016\/06\/fotonoticia_20160614120555_800.jpg","@id":"https:\/\/eldigitaldeasturias.com\/magazine365\/pleno-en-el-seguimiento-de-los-paros-parciales-matutinos-en-metro-de-madrid\/#mainImage","width":800,"height":533},"primaryImageOfPage":{"@id":"https:\/\/eldigitaldeasturias.com\/magazine365\/pleno-en-el-seguimiento-de-los-paros-parciales-matutinos-en-metro-de-madrid\/#mainImage"},"datePublished":"2016-06-14T15:13:40+02:00","dateModified":"2016-06-14T15:13:40+02:00"},{"@type":"WebSite","@id":"https:\/\/eldigitaldeasturias.com\/magazine365\/#website","url":"https:\/\/eldigitaldeasturias.com\/magazine365\/","name":"El Digital de Asturias","description":"Revista de ocio, turismo y estilo de vida","inLanguage":"es-ES","publisher":{"@id":"https:\/\/eldigitaldeasturias.com\/magazine365\/#organization"}}]},"og:locale":"es_ES","og:site_name":"El Digital de Asturias \u2013 Revista de ocio, turismo y estilo de vida","og:type":"article","og:title":"Pleno en el seguimiento de los paros parciales matutinos en Metro de Madrid | El Digital de Asturias","og:description":"Los sindicatos indican que el seguimiento en los paros parciales convocados esta ma\u00f1ana para todos los colectivos en Metro ronda el cien por cien mientras que el suburbano estima tambi\u00e9n la participaci\u00f3n en un 98,6 por ciento. La jornada se ha desarrollado con normalidad y con cumplimiento de los servicios m\u00ednimos fijados para la franja","og:url":"https:\/\/eldigitaldeasturias.com\/magazine365\/pleno-en-el-seguimiento-de-los-paros-parciales-matutinos-en-metro-de-madrid\/","og:image":"https:\/\/eldigitaldeasturias.com\/magazine365\/wp-content\/uploads\/2016\/06\/fotonoticia_20160614120555_800.jpg","og:image:secure_url":"https:\/\/eldigitaldeasturias.com\/magazine365\/wp-content\/uploads\/2016\/06\/fotonoticia_20160614120555_800.jpg","og:image:width":800,"og:image:height":533,"article:published_time":"2016-06-14T13:13:40+00:00","article:modified_time":"2016-06-14T13:13:40+00:00","twitter:card":"summary_large_image","twitter:title":"Pleno en el seguimiento de los paros parciales matutinos en Metro de Madrid | El Digital de Asturias","twitter:description":"Los sindicatos indican que el seguimiento en los paros parciales convocados esta ma\u00f1ana para todos los colectivos en Metro ronda el cien por cien mientras que el suburbano estima tambi\u00e9n la participaci\u00f3n en un 98,6 por ciento. La jornada se ha desarrollado con normalidad y con cumplimiento de los servicios m\u00ednimos fijados para la franja","twitter:image":"https:\/\/eldigitaldeasturias.com\/magazine365\/wp-content\/uploads\/2016\/06\/fotonoticia_20160614120555_800.jpg"},"aioseo_meta_data":{"post_id":"79115","title":null,"description":null,"keywords":null,"keyphrases":null,"primary_term":null,"canonical_url":null,"og_title":null,"og_description":null,"og_object_type":"default","og_image_type":"default","og_image_url":null,"og_image_width":null,"og_image_height":null,"og_image_custom_url":null,"og_image_custom_fields":null,"og_video":null,"og_custom_url":null,"og_article_section":null,"og_article_tags":null,"twitter_use_og":false,"twitter_card":"default","twitter_image_type":"default","twitter_image_url":null,"twitter_image_custom_url":null,"twitter_image_custom_fields":null,"twitter_title":null,"twitter_description":null,"schema":{"blockGraphs":[],"customGraphs":[],"default":{"data":{"Article":[],"Course":[],"Dataset":[],"FAQPage":[],"Movie":[],"Person":[],"Product":[],"ProductReview":[],"Car":[],"Recipe":[],"Service":[],"SoftwareApplication":[],"WebPage":[]},"graphName":"","isEnabled":true},"graphs":[]},"schema_type":null,"schema_type_options":null,"pillar_content":false,"robots_default":true,"robots_noindex":false,"robots_noarchive":false,"robots_nosnippet":false,"robots_nofollow":false,"robots_noimageindex":false,"robots_noodp":false,"robots_notranslate":false,"robots_max_snippet":null,"robots_max_videopreview":null,"robots_max_imagepreview":"large","priority":null,"frequency":null,"location":null,"local_seo":null,"seo_analyzer_scan_date":"2025-09-27 18:17:23","breadcrumb_settings":null,"limit_modified_date":false,"open_ai":null,"ai":null,"created":"2021-03-08 17:51:56","updated":"2025-09-27 18:17:23"},"aioseo_breadcrumb":"<div class=\"aioseo-breadcrumbs\"><span class=\"aioseo-breadcrumb\">\n\t<a href=\"https:\/\/eldigitaldeasturias.com\/magazine365\" title=\"Home\">Home<\/a>\n<\/span><span class=\"aioseo-breadcrumb-separator\">\u2013<\/span><span class=\"aioseo-breadcrumb\">\n\t<a href=\"https:\/\/eldigitaldeasturias.com\/magazine365\/category\/noticias-actualidad\/\" title=\"Noticias y Actualidad\">Noticias y Actualidad<\/a>\n<\/span><span class=\"aioseo-breadcrumb-separator\">\u2013<\/span><span class=\"aioseo-breadcrumb\">\n\t<a href=\"https:\/\/eldigitaldeasturias.com\/magazine365\/pleno-en-el-seguimiento-de-los-paros-parciales-matutinos-en-metro-de-madrid\/\" title=\"Pleno en el seguimiento de los paros parciales matutinos en Metro de Madrid\">Pleno en el seguimiento de los paros parciales matutinos en Metro de Madrid<\/a>\n<\/span><\/div>","aioseo_breadcrumb_json":[{"label":"Home","link":"https:\/\/eldigitaldeasturias.com\/magazine365"},{"label":"Noticias y Actualidad","link":"https:\/\/eldigitaldeasturias.com\/magazine365\/category\/noticias-actualidad\/"},{"label":"Pleno en el seguimiento de los paros parciales matutinos en Metro de Madrid","link":"https:\/\/eldigitaldeasturias.com\/magazine365\/pleno-en-el-seguimiento-de-los-paros-parciales-matutinos-en-metro-de-madrid\/"}],"_links":{"self":[{"href":"https:\/\/eldigitaldeasturias.com\/magazine365\/wp-json\/wp\/v2\/posts\/79115","targetHints":{"allow":["GET"]}}],"collection":[{"href":"https:\/\/eldigitaldeasturias.com\/magazine365\/wp-json\/wp\/v2\/posts"}],"about":[{"href":"https:\/\/eldigitaldeasturias.com\/magazine365\/wp-json\/wp\/v2\/types\/post"}],"author":[{"embeddable":true,"href":"https:\/\/eldigitaldeasturias.com\/magazine365\/wp-json\/wp\/v2\/users\/1"}],"replies":[{"embeddable":true,"href":"https:\/\/eldigitaldeasturias.com\/magazine365\/wp-json\/wp\/v2\/comments?post=79115"}],"version-history":[{"count":0,"href":"https:\/\/eldigitaldeasturias.com\/magazine365\/wp-json\/wp\/v2\/posts\/79115\/revisions"}],"wp:featuredmedia":[{"embeddable":true,"href":"https:\/\/eldigitaldeasturias.com\/magazine365\/wp-json\/wp\/v2\/media\/79116"}],"wp:attachment":[{"href":"https:\/\/eldigitaldeasturias.com\/magazine365\/wp-json\/wp\/v2\/media?parent=79115"}],"wp:term":[{"taxonomy":"category","embeddable":true,"href":"https:\/\/eldigitaldeasturias.com\/magazine365\/wp-json\/wp\/v2\/categories?post=79115"},{"taxonomy":"post_tag","embeddable":true,"href":"https:\/\/eldigitaldeasturias.com\/magazine365\/wp-json\/wp\/v2\/tags?post=79115"}],"curies":[{"name":"wp","href":"https:\/\/api.w.org\/{rel}","templated":true}]}}