{"id":79111,"date":"2016-06-14T15:11:58","date_gmt":"2016-06-14T13:11:58","guid":{"rendered":"http:\/\/eldigitaldeasturias.com\/magazine365\/?p=79111"},"modified":"2016-06-14T15:11:58","modified_gmt":"2016-06-14T13:11:58","slug":"el-pazo-de-quintans-a-20-de-meses-de-ser-declarado-bien-de-interes-cultural","status":"publish","type":"post","link":"https:\/\/eldigitaldeasturias.com\/magazine365\/el-pazo-de-quintans-a-20-de-meses-de-ser-declarado-bien-de-interes-cultural\/","title":{"rendered":"El Pazo de Quint\u00e1ns a 20 de meses de ser declarado Bien de Inter\u00e9s Cultural"},"content":{"rendered":"<p><img fetchpriority=\"high\" decoding=\"async\" class=\"alignleft size-medium wp-image-79112\" src=\"https:\/\/eldigitaldeasturias.com\/magazine365\/wp-content\/uploads\/2016\/06\/fotonoticia_20160614120143_800-236x300.jpg\" alt=\"fotonoticia_20160614120143_800\" width=\"236\" height=\"300\" srcset=\"https:\/\/eldigitaldeasturias.com\/magazine365\/wp-content\/uploads\/2016\/06\/fotonoticia_20160614120143_800-236x300.jpg 236w, https:\/\/eldigitaldeasturias.com\/magazine365\/wp-content\/uploads\/2016\/06\/fotonoticia_20160614120143_800-503x640.jpg 503w, https:\/\/eldigitaldeasturias.com\/magazine365\/wp-content\/uploads\/2016\/06\/fotonoticia_20160614120143_800-768x976.jpg 768w, https:\/\/eldigitaldeasturias.com\/magazine365\/wp-content\/uploads\/2016\/06\/fotonoticia_20160614120143_800-150x191.jpg 150w, https:\/\/eldigitaldeasturias.com\/magazine365\/wp-content\/uploads\/2016\/06\/fotonoticia_20160614120143_800-450x572.jpg 450w, https:\/\/eldigitaldeasturias.com\/magazine365\/wp-content\/uploads\/2016\/06\/fotonoticia_20160614120143_800.jpg 800w\" sizes=\"(max-width: 236px) 100vw, 236px\" \/>El Bolet\u00edn Oficial de Estado (BOE) ha publicado en su edici\u00f3n de este martes, 14 de junio, la incoaci\u00f3n del expediente para declarar bien de inter\u00e9s cultural, con la categor\u00eda de monumento, el Pazo de Quint\u00e1ns o Pazo do Casal, en la parroquia de Noalla del ayuntamiento pontevedr\u00e9s de Sanxenxo.<\/p>\n<p>Ahora se abre un periodo m\u00e1ximo de 20 meses para que la declaraci\u00f3n como BIC se consolide, ya que, en caso de que no se consiga, se producir\u00e1 la caducidad del expediente en el caso de que en los 60 d\u00edas posteriores el Consello de la Xunta no apruebe el correspondiente decreto o si alguna persona solicita el archivo.<\/p>\n<p>El Pazo do Casal es un singular pazo que ejemplifica la relaci\u00f3n de un edificio relevante con su entorno, tanto en los aspectos de su importancia hist\u00f3rica como en la generalidad de sus valores culturales, en este caso, determinantes para configurar la idea propia de un paisaje y territorio de O Saln\u00e9s, el salinense, en el que aparece ya citado este n\u00facleo desde tiempos muy antiguos. As\u00ed lo tesmonia L\u00f3pez Ferreiro: \u00abSanto Estevo de Noalla era la verdadera tierra de las salinas, que dio nombre a aquella desde mediados de \u00e9l siglo X\u00bb.<\/p>\n<p>Tal y como se describe la motivaci\u00f3n del expediente incluida en el BOE, y recogida por Europa Press, el Pazo de Quint\u00e1ns se presenta en su contexto como el lugar de referencia de la antigua jurisdicci\u00f3n de A Lanzada, tierra de vida y comercio desde el siglo VIII antes de Cristo, como evidencian las excavaciones hist\u00f3ricas y recientes del yacimiento costero.<\/p>\n<p>En este peque\u00f1o conjunto homog\u00e9neo se conservan el pazo, la capilla, las construcciones auxiliares y el h\u00f3rreo. A ello, se suman los espacios verdes: patios, plaza frontal, jard\u00edn y huerta murada, todos ellos con una configuraci\u00f3n adquirida desde finales del siglo XVI como posible evoluci\u00f3n de la torre del Casal de Moldes, y en su caso, heredera de su relevancia hist\u00f3rica.<\/p>\n<p>La calidad formal y constructiva de la edificaci\u00f3n se extiende a los distintos elementos que la componen, no s\u00f3lo a la edificaci\u00f3n residencial principal, y alcanza su plenitud y singularidad en espacios tan excepcionales como los miradores abiertos en el recinto murado de la huerta, el mirador en la cornisa del jard\u00edn barroco o la galer\u00eda abierta al vendaval, construcci\u00f3n de buena calidad de distintas tipolog\u00edas de canter\u00eda y mamposter\u00eda que alcanzan factura singular en el tratamiento de esquinas y finales.<\/p>\n<p>Su condici\u00f3n de privilegiada atalaya del paisaje destaca en el pat\u00edn y en la dicha galer\u00eda de 19 vanos y 250 vidrios, que act\u00faan como malla de composici\u00f3n de la perspectiva de la bah\u00eda de A Toxa, del Monte Siradella y de la isla de Ons.<\/p>\n<p>Existen valores arquitect\u00f3nicos y art\u00edsticos evidentes en la calidad constructiva de cada parte que compone cada una de sus piezas, o de la balconada que, presidida por el escudo de la casa, organiza un \u00e1mbito pleno de barroquismo en la conformaci\u00f3n de un espacio de respeto ante la parte m\u00e1s antigua del pazo, que se abre a la v\u00eda p\u00fablica, en el que se singulariza la posici\u00f3n de la peque\u00f1a capilla oratorio coronada por un escudo en su cornisa y abierta cara a su alrededor, con una presencia en la vida tradicional del n\u00facleo hasta su abandono, portadora, por lo tanto, de valores de car\u00e1cter etnogr\u00e1fico propios.<\/p>\n<h2 class=\"ladillo\">VALORES HIST\u00d3RICOS<\/h2>\n<p>La descripci\u00f3n que incluye el BOE tambi\u00e9n hace referencia a los valores hist\u00f3ricos asociados a una de los linajes de referencia de la comarca, los Pad\u00edn, vasallos de los Soutomaior que, en el siglo XV, contaban en el lugar con pazo, huertas, casas, una torre y escuderos, y que, siglos m\u00e1s tarde, promueven la construcci\u00f3n de la casa de A Pedreira en Pontevedra, actualmente Pazo de Mugartegui y conocido con estas dos nomenclaturas.<\/p>\n<p>As\u00ed las cosas, y atendiendo a esta argumentaci\u00f3n, los valores del conjunto del pazo y sus bienes integrantes, as\u00ed como su singular relaci\u00f3n con el territorio, con el paisaje circundante y con la comunidad viva en la que se localiza, la Xunta consider\u00f3 que el Pazo de Quint\u00e1ns \u00abposee valores culturales art\u00edsticos, hist\u00f3ricos, arquitect\u00f3nicos y etnogr\u00e1ficos singulares que aconsejan su declaraci\u00f3n como bien de inter\u00e9s cultural\u00bb, propuesta que ahora tiene que seguir los tr\u00e1mites patrimoniales pertinentes.<\/p>\n","protected":false},"excerpt":{"rendered":"<p>El Bolet\u00edn Oficial de Estado (BOE) ha publicado en su edici\u00f3n de este martes, 14 de junio, la incoaci\u00f3n del expediente para declarar bien de inter\u00e9s cultural, con la categor\u00eda de monumento, el Pazo de Quint\u00e1ns o Pazo do Casal, en la parroquia de Noalla del ayuntamiento pontevedr\u00e9s de Sanxenxo. Ahora se abre un periodo<\/p>\n","protected":false},"author":1,"featured_media":79112,"comment_status":"open","ping_status":"closed","sticky":false,"template":"","format":"standard","meta":{"footnotes":""},"categories":[224],"tags":[],"class_list":{"0":"post-79111","1":"post","2":"type-post","3":"status-publish","4":"format-standard","5":"has-post-thumbnail","7":"category-noticias-actualidad"},"aioseo_notices":[],"aioseo_head":"\n\t\t<!-- All in One SEO Pro 4.9.6.1 - aioseo.com -->\n\t<meta name=\"description\" content=\"El Bolet\u00edn Oficial de Estado (BOE) ha publicado en su edici\u00f3n de este martes, 14 de junio, la incoaci\u00f3n del expediente para declarar bien de inter\u00e9s cultural, con la categor\u00eda de monumento, el Pazo de Quint\u00e1ns o Pazo do Casal, en la parroquia de Noalla del ayuntamiento pontevedr\u00e9s de Sanxenxo. Ahora se abre un periodo\" \/>\n\t<meta name=\"robots\" content=\"max-image-preview:large\" \/>\n\t<meta name=\"author\" content=\"admin\"\/>\n\t<meta name=\"google-site-verification\" content=\"UA-38556648-1\" \/>\n\t<meta name=\"keywords\" content=\"noticias y actualidad\" \/>\n\t<link rel=\"canonical\" href=\"https:\/\/eldigitaldeasturias.com\/magazine365\/el-pazo-de-quintans-a-20-de-meses-de-ser-declarado-bien-de-interes-cultural\/\" \/>\n\t<meta name=\"generator\" content=\"All in One SEO Pro (AIOSEO) 4.9.6.1\" \/>\n\t\t<meta property=\"og:locale\" content=\"es_ES\" \/>\n\t\t<meta property=\"og:site_name\" content=\"El Digital de Asturias \u2013 Revista de ocio, turismo y estilo de vida\" \/>\n\t\t<meta property=\"og:type\" content=\"article\" \/>\n\t\t<meta property=\"og:title\" content=\"El Pazo de Quint\u00e1ns a 20 de meses de ser declarado Bien de Inter\u00e9s Cultural | El Digital de Asturias\" \/>\n\t\t<meta property=\"og:description\" content=\"El Bolet\u00edn Oficial de Estado (BOE) ha publicado en su edici\u00f3n de este martes, 14 de junio, la incoaci\u00f3n del expediente para declarar bien de inter\u00e9s cultural, con la categor\u00eda de monumento, el Pazo de Quint\u00e1ns o Pazo do Casal, en la parroquia de Noalla del ayuntamiento pontevedr\u00e9s de Sanxenxo. Ahora se abre un periodo\" \/>\n\t\t<meta property=\"og:url\" content=\"https:\/\/eldigitaldeasturias.com\/magazine365\/el-pazo-de-quintans-a-20-de-meses-de-ser-declarado-bien-de-interes-cultural\/\" \/>\n\t\t<meta property=\"og:image\" content=\"https:\/\/eldigitaldeasturias.com\/magazine365\/wp-content\/uploads\/2016\/06\/fotonoticia_20160614120143_800.jpg\" \/>\n\t\t<meta property=\"og:image:secure_url\" content=\"https:\/\/eldigitaldeasturias.com\/magazine365\/wp-content\/uploads\/2016\/06\/fotonoticia_20160614120143_800.jpg\" \/>\n\t\t<meta property=\"og:image:width\" content=\"800\" \/>\n\t\t<meta property=\"og:image:height\" content=\"1017\" \/>\n\t\t<meta property=\"article:published_time\" content=\"2016-06-14T13:11:58+00:00\" \/>\n\t\t<meta property=\"article:modified_time\" content=\"2016-06-14T13:11:58+00:00\" \/>\n\t\t<meta name=\"twitter:card\" content=\"summary_large_image\" \/>\n\t\t<meta name=\"twitter:title\" content=\"El Pazo de Quint\u00e1ns a 20 de meses de ser declarado Bien de Inter\u00e9s Cultural | El Digital de Asturias\" \/>\n\t\t<meta name=\"twitter:description\" content=\"El Bolet\u00edn Oficial de Estado (BOE) ha publicado en su edici\u00f3n de este martes, 14 de junio, la incoaci\u00f3n del expediente para declarar bien de inter\u00e9s cultural, con la categor\u00eda de monumento, el Pazo de Quint\u00e1ns o Pazo do Casal, en la parroquia de Noalla del ayuntamiento pontevedr\u00e9s de Sanxenxo. Ahora se abre un periodo\" \/>\n\t\t<meta name=\"twitter:image\" content=\"https:\/\/eldigitaldeasturias.com\/magazine365\/wp-content\/uploads\/2016\/06\/fotonoticia_20160614120143_800.jpg\" \/>\n\t\t<script type=\"application\/ld+json\" class=\"aioseo-schema\">\n\t\t\t{\"@context\":\"https:\\\/\\\/schema.org\",\"@graph\":[{\"@type\":\"Article\",\"@id\":\"https:\\\/\\\/eldigitaldeasturias.com\\\/magazine365\\\/el-pazo-de-quintans-a-20-de-meses-de-ser-declarado-bien-de-interes-cultural\\\/#article\",\"name\":\"El Pazo de Quint\\u00e1ns a 20 de meses de ser declarado Bien de Inter\\u00e9s Cultural | El Digital de Asturias\",\"headline\":\"El Pazo de Quint\\u00e1ns a 20 de meses de ser declarado Bien de Inter\\u00e9s Cultural\",\"author\":{\"@id\":\"https:\\\/\\\/eldigitaldeasturias.com\\\/magazine365\\\/author\\\/admin\\\/#author\"},\"publisher\":{\"@id\":\"https:\\\/\\\/eldigitaldeasturias.com\\\/magazine365\\\/#organization\"},\"image\":{\"@type\":\"ImageObject\",\"url\":\"https:\\\/\\\/eldigitaldeasturias.com\\\/magazine365\\\/wp-content\\\/uploads\\\/2016\\\/06\\\/fotonoticia_20160614120143_800.jpg\",\"width\":800,\"height\":1017},\"datePublished\":\"2016-06-14T15:11:58+02:00\",\"dateModified\":\"2016-06-14T15:11:58+02:00\",\"inLanguage\":\"es-ES\",\"mainEntityOfPage\":{\"@id\":\"https:\\\/\\\/eldigitaldeasturias.com\\\/magazine365\\\/el-pazo-de-quintans-a-20-de-meses-de-ser-declarado-bien-de-interes-cultural\\\/#webpage\"},\"isPartOf\":{\"@id\":\"https:\\\/\\\/eldigitaldeasturias.com\\\/magazine365\\\/el-pazo-de-quintans-a-20-de-meses-de-ser-declarado-bien-de-interes-cultural\\\/#webpage\"},\"articleSection\":\"Noticias y Actualidad\"},{\"@type\":\"BreadcrumbList\",\"@id\":\"https:\\\/\\\/eldigitaldeasturias.com\\\/magazine365\\\/el-pazo-de-quintans-a-20-de-meses-de-ser-declarado-bien-de-interes-cultural\\\/#breadcrumblist\",\"itemListElement\":[{\"@type\":\"ListItem\",\"@id\":\"https:\\\/\\\/eldigitaldeasturias.com\\\/magazine365#listItem\",\"position\":1,\"name\":\"Home\",\"item\":\"https:\\\/\\\/eldigitaldeasturias.com\\\/magazine365\",\"nextItem\":{\"@type\":\"ListItem\",\"@id\":\"https:\\\/\\\/eldigitaldeasturias.com\\\/magazine365\\\/category\\\/noticias-actualidad\\\/#listItem\",\"name\":\"Noticias y Actualidad\"}},{\"@type\":\"ListItem\",\"@id\":\"https:\\\/\\\/eldigitaldeasturias.com\\\/magazine365\\\/category\\\/noticias-actualidad\\\/#listItem\",\"position\":2,\"name\":\"Noticias y Actualidad\",\"item\":\"https:\\\/\\\/eldigitaldeasturias.com\\\/magazine365\\\/category\\\/noticias-actualidad\\\/\",\"nextItem\":{\"@type\":\"ListItem\",\"@id\":\"https:\\\/\\\/eldigitaldeasturias.com\\\/magazine365\\\/el-pazo-de-quintans-a-20-de-meses-de-ser-declarado-bien-de-interes-cultural\\\/#listItem\",\"name\":\"El Pazo de Quint\\u00e1ns a 20 de meses de ser declarado Bien de Inter\\u00e9s Cultural\"},\"previousItem\":{\"@type\":\"ListItem\",\"@id\":\"https:\\\/\\\/eldigitaldeasturias.com\\\/magazine365#listItem\",\"name\":\"Home\"}},{\"@type\":\"ListItem\",\"@id\":\"https:\\\/\\\/eldigitaldeasturias.com\\\/magazine365\\\/el-pazo-de-quintans-a-20-de-meses-de-ser-declarado-bien-de-interes-cultural\\\/#listItem\",\"position\":3,\"name\":\"El Pazo de Quint\\u00e1ns a 20 de meses de ser declarado Bien de Inter\\u00e9s Cultural\",\"previousItem\":{\"@type\":\"ListItem\",\"@id\":\"https:\\\/\\\/eldigitaldeasturias.com\\\/magazine365\\\/category\\\/noticias-actualidad\\\/#listItem\",\"name\":\"Noticias y Actualidad\"}}]},{\"@type\":\"Organization\",\"@id\":\"https:\\\/\\\/eldigitaldeasturias.com\\\/magazine365\\\/#organization\",\"name\":\"El digital de Asturias\",\"description\":\"Revista de ocio, turismo y estilo de vida\",\"url\":\"https:\\\/\\\/eldigitaldeasturias.com\\\/magazine365\\\/\",\"logo\":{\"@type\":\"ImageObject\",\"url\":\"https:\\\/\\\/www.eldigitaldeasturias.com\\\/noticias\\\/wp-content\\\/uploads\\\/2020\\\/12\\\/EDA.jpg\",\"@id\":\"https:\\\/\\\/eldigitaldeasturias.com\\\/magazine365\\\/el-pazo-de-quintans-a-20-de-meses-de-ser-declarado-bien-de-interes-cultural\\\/#organizationLogo\"},\"image\":{\"@id\":\"https:\\\/\\\/eldigitaldeasturias.com\\\/magazine365\\\/el-pazo-de-quintans-a-20-de-meses-de-ser-declarado-bien-de-interes-cultural\\\/#organizationLogo\"}},{\"@type\":\"Person\",\"@id\":\"https:\\\/\\\/eldigitaldeasturias.com\\\/magazine365\\\/author\\\/admin\\\/#author\",\"url\":\"https:\\\/\\\/eldigitaldeasturias.com\\\/magazine365\\\/author\\\/admin\\\/\",\"name\":\"admin\",\"image\":{\"@type\":\"ImageObject\",\"@id\":\"https:\\\/\\\/eldigitaldeasturias.com\\\/magazine365\\\/el-pazo-de-quintans-a-20-de-meses-de-ser-declarado-bien-de-interes-cultural\\\/#authorImage\",\"url\":\"https:\\\/\\\/eldigitaldeasturias.com\\\/magazine365\\\/wp-content\\\/litespeed\\\/avatar\\\/e571bcf59a0edd6fa6838245a470f2fe.jpg?ver=1776969259\",\"width\":96,\"height\":96,\"caption\":\"admin\"}},{\"@type\":\"WebPage\",\"@id\":\"https:\\\/\\\/eldigitaldeasturias.com\\\/magazine365\\\/el-pazo-de-quintans-a-20-de-meses-de-ser-declarado-bien-de-interes-cultural\\\/#webpage\",\"url\":\"https:\\\/\\\/eldigitaldeasturias.com\\\/magazine365\\\/el-pazo-de-quintans-a-20-de-meses-de-ser-declarado-bien-de-interes-cultural\\\/\",\"name\":\"El Pazo de Quint\\u00e1ns a 20 de meses de ser declarado Bien de Inter\\u00e9s Cultural | El Digital de Asturias\",\"description\":\"El Bolet\\u00edn Oficial de Estado (BOE) ha publicado en su edici\\u00f3n de este martes, 14 de junio, la incoaci\\u00f3n del expediente para declarar bien de inter\\u00e9s cultural, con la categor\\u00eda de monumento, el Pazo de Quint\\u00e1ns o Pazo do Casal, en la parroquia de Noalla del ayuntamiento pontevedr\\u00e9s de Sanxenxo. Ahora se abre un periodo\",\"inLanguage\":\"es-ES\",\"isPartOf\":{\"@id\":\"https:\\\/\\\/eldigitaldeasturias.com\\\/magazine365\\\/#website\"},\"breadcrumb\":{\"@id\":\"https:\\\/\\\/eldigitaldeasturias.com\\\/magazine365\\\/el-pazo-de-quintans-a-20-de-meses-de-ser-declarado-bien-de-interes-cultural\\\/#breadcrumblist\"},\"author\":{\"@id\":\"https:\\\/\\\/eldigitaldeasturias.com\\\/magazine365\\\/author\\\/admin\\\/#author\"},\"creator\":{\"@id\":\"https:\\\/\\\/eldigitaldeasturias.com\\\/magazine365\\\/author\\\/admin\\\/#author\"},\"image\":{\"@type\":\"ImageObject\",\"url\":\"https:\\\/\\\/eldigitaldeasturias.com\\\/magazine365\\\/wp-content\\\/uploads\\\/2016\\\/06\\\/fotonoticia_20160614120143_800.jpg\",\"@id\":\"https:\\\/\\\/eldigitaldeasturias.com\\\/magazine365\\\/el-pazo-de-quintans-a-20-de-meses-de-ser-declarado-bien-de-interes-cultural\\\/#mainImage\",\"width\":800,\"height\":1017},\"primaryImageOfPage\":{\"@id\":\"https:\\\/\\\/eldigitaldeasturias.com\\\/magazine365\\\/el-pazo-de-quintans-a-20-de-meses-de-ser-declarado-bien-de-interes-cultural\\\/#mainImage\"},\"datePublished\":\"2016-06-14T15:11:58+02:00\",\"dateModified\":\"2016-06-14T15:11:58+02:00\"},{\"@type\":\"WebSite\",\"@id\":\"https:\\\/\\\/eldigitaldeasturias.com\\\/magazine365\\\/#website\",\"url\":\"https:\\\/\\\/eldigitaldeasturias.com\\\/magazine365\\\/\",\"name\":\"El Digital de Asturias\",\"description\":\"Revista de ocio, turismo y estilo de vida\",\"inLanguage\":\"es-ES\",\"publisher\":{\"@id\":\"https:\\\/\\\/eldigitaldeasturias.com\\\/magazine365\\\/#organization\"}}]}\n\t\t<\/script>\n\t\t<!-- All in One SEO Pro -->\r\n\t\t<title>El Pazo de Quint\u00e1ns a 20 de meses de ser declarado Bien de Inter\u00e9s Cultural | El Digital de Asturias<\/title>\n\n","aioseo_head_json":{"title":"El Pazo de Quint\u00e1ns a 20 de meses de ser declarado Bien de Inter\u00e9s Cultural | El Digital de Asturias","description":"El Bolet\u00edn Oficial de Estado (BOE) ha publicado en su edici\u00f3n de este martes, 14 de junio, la incoaci\u00f3n del expediente para declarar bien de inter\u00e9s cultural, con la categor\u00eda de monumento, el Pazo de Quint\u00e1ns o Pazo do Casal, en la parroquia de Noalla del ayuntamiento pontevedr\u00e9s de Sanxenxo. Ahora se abre un periodo","canonical_url":"https:\/\/eldigitaldeasturias.com\/magazine365\/el-pazo-de-quintans-a-20-de-meses-de-ser-declarado-bien-de-interes-cultural\/","robots":"max-image-preview:large","keywords":"noticias y actualidad","webmasterTools":{"google-site-verification":"UA-38556648-1","miscellaneous":""},"schema":{"@context":"https:\/\/schema.org","@graph":[{"@type":"Article","@id":"https:\/\/eldigitaldeasturias.com\/magazine365\/el-pazo-de-quintans-a-20-de-meses-de-ser-declarado-bien-de-interes-cultural\/#article","name":"El Pazo de Quint\u00e1ns a 20 de meses de ser declarado Bien de Inter\u00e9s Cultural | El Digital de Asturias","headline":"El Pazo de Quint\u00e1ns a 20 de meses de ser declarado Bien de Inter\u00e9s Cultural","author":{"@id":"https:\/\/eldigitaldeasturias.com\/magazine365\/author\/admin\/#author"},"publisher":{"@id":"https:\/\/eldigitaldeasturias.com\/magazine365\/#organization"},"image":{"@type":"ImageObject","url":"https:\/\/eldigitaldeasturias.com\/magazine365\/wp-content\/uploads\/2016\/06\/fotonoticia_20160614120143_800.jpg","width":800,"height":1017},"datePublished":"2016-06-14T15:11:58+02:00","dateModified":"2016-06-14T15:11:58+02:00","inLanguage":"es-ES","mainEntityOfPage":{"@id":"https:\/\/eldigitaldeasturias.com\/magazine365\/el-pazo-de-quintans-a-20-de-meses-de-ser-declarado-bien-de-interes-cultural\/#webpage"},"isPartOf":{"@id":"https:\/\/eldigitaldeasturias.com\/magazine365\/el-pazo-de-quintans-a-20-de-meses-de-ser-declarado-bien-de-interes-cultural\/#webpage"},"articleSection":"Noticias y Actualidad"},{"@type":"BreadcrumbList","@id":"https:\/\/eldigitaldeasturias.com\/magazine365\/el-pazo-de-quintans-a-20-de-meses-de-ser-declarado-bien-de-interes-cultural\/#breadcrumblist","itemListElement":[{"@type":"ListItem","@id":"https:\/\/eldigitaldeasturias.com\/magazine365#listItem","position":1,"name":"Home","item":"https:\/\/eldigitaldeasturias.com\/magazine365","nextItem":{"@type":"ListItem","@id":"https:\/\/eldigitaldeasturias.com\/magazine365\/category\/noticias-actualidad\/#listItem","name":"Noticias y Actualidad"}},{"@type":"ListItem","@id":"https:\/\/eldigitaldeasturias.com\/magazine365\/category\/noticias-actualidad\/#listItem","position":2,"name":"Noticias y Actualidad","item":"https:\/\/eldigitaldeasturias.com\/magazine365\/category\/noticias-actualidad\/","nextItem":{"@type":"ListItem","@id":"https:\/\/eldigitaldeasturias.com\/magazine365\/el-pazo-de-quintans-a-20-de-meses-de-ser-declarado-bien-de-interes-cultural\/#listItem","name":"El Pazo de Quint\u00e1ns a 20 de meses de ser declarado Bien de Inter\u00e9s Cultural"},"previousItem":{"@type":"ListItem","@id":"https:\/\/eldigitaldeasturias.com\/magazine365#listItem","name":"Home"}},{"@type":"ListItem","@id":"https:\/\/eldigitaldeasturias.com\/magazine365\/el-pazo-de-quintans-a-20-de-meses-de-ser-declarado-bien-de-interes-cultural\/#listItem","position":3,"name":"El Pazo de Quint\u00e1ns a 20 de meses de ser declarado Bien de Inter\u00e9s Cultural","previousItem":{"@type":"ListItem","@id":"https:\/\/eldigitaldeasturias.com\/magazine365\/category\/noticias-actualidad\/#listItem","name":"Noticias y Actualidad"}}]},{"@type":"Organization","@id":"https:\/\/eldigitaldeasturias.com\/magazine365\/#organization","name":"El digital de Asturias","description":"Revista de ocio, turismo y estilo de vida","url":"https:\/\/eldigitaldeasturias.com\/magazine365\/","logo":{"@type":"ImageObject","url":"https:\/\/www.eldigitaldeasturias.com\/noticias\/wp-content\/uploads\/2020\/12\/EDA.jpg","@id":"https:\/\/eldigitaldeasturias.com\/magazine365\/el-pazo-de-quintans-a-20-de-meses-de-ser-declarado-bien-de-interes-cultural\/#organizationLogo"},"image":{"@id":"https:\/\/eldigitaldeasturias.com\/magazine365\/el-pazo-de-quintans-a-20-de-meses-de-ser-declarado-bien-de-interes-cultural\/#organizationLogo"}},{"@type":"Person","@id":"https:\/\/eldigitaldeasturias.com\/magazine365\/author\/admin\/#author","url":"https:\/\/eldigitaldeasturias.com\/magazine365\/author\/admin\/","name":"admin","image":{"@type":"ImageObject","@id":"https:\/\/eldigitaldeasturias.com\/magazine365\/el-pazo-de-quintans-a-20-de-meses-de-ser-declarado-bien-de-interes-cultural\/#authorImage","url":"https:\/\/eldigitaldeasturias.com\/magazine365\/wp-content\/litespeed\/avatar\/e571bcf59a0edd6fa6838245a470f2fe.jpg?ver=1776969259","width":96,"height":96,"caption":"admin"}},{"@type":"WebPage","@id":"https:\/\/eldigitaldeasturias.com\/magazine365\/el-pazo-de-quintans-a-20-de-meses-de-ser-declarado-bien-de-interes-cultural\/#webpage","url":"https:\/\/eldigitaldeasturias.com\/magazine365\/el-pazo-de-quintans-a-20-de-meses-de-ser-declarado-bien-de-interes-cultural\/","name":"El Pazo de Quint\u00e1ns a 20 de meses de ser declarado Bien de Inter\u00e9s Cultural | El Digital de Asturias","description":"El Bolet\u00edn Oficial de Estado (BOE) ha publicado en su edici\u00f3n de este martes, 14 de junio, la incoaci\u00f3n del expediente para declarar bien de inter\u00e9s cultural, con la categor\u00eda de monumento, el Pazo de Quint\u00e1ns o Pazo do Casal, en la parroquia de Noalla del ayuntamiento pontevedr\u00e9s de Sanxenxo. Ahora se abre un periodo","inLanguage":"es-ES","isPartOf":{"@id":"https:\/\/eldigitaldeasturias.com\/magazine365\/#website"},"breadcrumb":{"@id":"https:\/\/eldigitaldeasturias.com\/magazine365\/el-pazo-de-quintans-a-20-de-meses-de-ser-declarado-bien-de-interes-cultural\/#breadcrumblist"},"author":{"@id":"https:\/\/eldigitaldeasturias.com\/magazine365\/author\/admin\/#author"},"creator":{"@id":"https:\/\/eldigitaldeasturias.com\/magazine365\/author\/admin\/#author"},"image":{"@type":"ImageObject","url":"https:\/\/eldigitaldeasturias.com\/magazine365\/wp-content\/uploads\/2016\/06\/fotonoticia_20160614120143_800.jpg","@id":"https:\/\/eldigitaldeasturias.com\/magazine365\/el-pazo-de-quintans-a-20-de-meses-de-ser-declarado-bien-de-interes-cultural\/#mainImage","width":800,"height":1017},"primaryImageOfPage":{"@id":"https:\/\/eldigitaldeasturias.com\/magazine365\/el-pazo-de-quintans-a-20-de-meses-de-ser-declarado-bien-de-interes-cultural\/#mainImage"},"datePublished":"2016-06-14T15:11:58+02:00","dateModified":"2016-06-14T15:11:58+02:00"},{"@type":"WebSite","@id":"https:\/\/eldigitaldeasturias.com\/magazine365\/#website","url":"https:\/\/eldigitaldeasturias.com\/magazine365\/","name":"El Digital de Asturias","description":"Revista de ocio, turismo y estilo de vida","inLanguage":"es-ES","publisher":{"@id":"https:\/\/eldigitaldeasturias.com\/magazine365\/#organization"}}]},"og:locale":"es_ES","og:site_name":"El Digital de Asturias \u2013 Revista de ocio, turismo y estilo de vida","og:type":"article","og:title":"El Pazo de Quint\u00e1ns a 20 de meses de ser declarado Bien de Inter\u00e9s Cultural | El Digital de Asturias","og:description":"El Bolet\u00edn Oficial de Estado (BOE) ha publicado en su edici\u00f3n de este martes, 14 de junio, la incoaci\u00f3n del expediente para declarar bien de inter\u00e9s cultural, con la categor\u00eda de monumento, el Pazo de Quint\u00e1ns o Pazo do Casal, en la parroquia de Noalla del ayuntamiento pontevedr\u00e9s de Sanxenxo. Ahora se abre un periodo","og:url":"https:\/\/eldigitaldeasturias.com\/magazine365\/el-pazo-de-quintans-a-20-de-meses-de-ser-declarado-bien-de-interes-cultural\/","og:image":"https:\/\/eldigitaldeasturias.com\/magazine365\/wp-content\/uploads\/2016\/06\/fotonoticia_20160614120143_800.jpg","og:image:secure_url":"https:\/\/eldigitaldeasturias.com\/magazine365\/wp-content\/uploads\/2016\/06\/fotonoticia_20160614120143_800.jpg","og:image:width":800,"og:image:height":1017,"article:published_time":"2016-06-14T13:11:58+00:00","article:modified_time":"2016-06-14T13:11:58+00:00","twitter:card":"summary_large_image","twitter:title":"El Pazo de Quint\u00e1ns a 20 de meses de ser declarado Bien de Inter\u00e9s Cultural | El Digital de Asturias","twitter:description":"El Bolet\u00edn Oficial de Estado (BOE) ha publicado en su edici\u00f3n de este martes, 14 de junio, la incoaci\u00f3n del expediente para declarar bien de inter\u00e9s cultural, con la categor\u00eda de monumento, el Pazo de Quint\u00e1ns o Pazo do Casal, en la parroquia de Noalla del ayuntamiento pontevedr\u00e9s de Sanxenxo. Ahora se abre un periodo","twitter:image":"https:\/\/eldigitaldeasturias.com\/magazine365\/wp-content\/uploads\/2016\/06\/fotonoticia_20160614120143_800.jpg"},"aioseo_meta_data":{"post_id":"79111","title":null,"description":null,"keywords":null,"keyphrases":null,"primary_term":null,"canonical_url":null,"og_title":null,"og_description":null,"og_object_type":"default","og_image_type":"default","og_image_url":null,"og_image_width":null,"og_image_height":null,"og_image_custom_url":null,"og_image_custom_fields":null,"og_video":null,"og_custom_url":null,"og_article_section":null,"og_article_tags":null,"twitter_use_og":false,"twitter_card":"default","twitter_image_type":"default","twitter_image_url":null,"twitter_image_custom_url":null,"twitter_image_custom_fields":null,"twitter_title":null,"twitter_description":null,"schema":{"blockGraphs":[],"customGraphs":[],"default":{"data":{"Article":[],"Course":[],"Dataset":[],"FAQPage":[],"Movie":[],"Person":[],"Product":[],"ProductReview":[],"Car":[],"Recipe":[],"Service":[],"SoftwareApplication":[],"WebPage":[]},"graphName":"","isEnabled":true},"graphs":[]},"schema_type":null,"schema_type_options":null,"pillar_content":false,"robots_default":true,"robots_noindex":false,"robots_noarchive":false,"robots_nosnippet":false,"robots_nofollow":false,"robots_noimageindex":false,"robots_noodp":false,"robots_notranslate":false,"robots_max_snippet":null,"robots_max_videopreview":null,"robots_max_imagepreview":"large","priority":null,"frequency":null,"location":null,"local_seo":null,"seo_analyzer_scan_date":"2025-09-27 18:15:21","breadcrumb_settings":null,"limit_modified_date":false,"open_ai":null,"ai":null,"created":"2021-03-08 17:51:56","updated":"2025-09-27 18:15:21"},"aioseo_breadcrumb":"<div class=\"aioseo-breadcrumbs\"><span class=\"aioseo-breadcrumb\">\n\t<a href=\"https:\/\/eldigitaldeasturias.com\/magazine365\" title=\"Home\">Home<\/a>\n<\/span><span class=\"aioseo-breadcrumb-separator\">\u2013<\/span><span class=\"aioseo-breadcrumb\">\n\t<a href=\"https:\/\/eldigitaldeasturias.com\/magazine365\/category\/noticias-actualidad\/\" title=\"Noticias y Actualidad\">Noticias y Actualidad<\/a>\n<\/span><span class=\"aioseo-breadcrumb-separator\">\u2013<\/span><span class=\"aioseo-breadcrumb\">\n\t<a href=\"https:\/\/eldigitaldeasturias.com\/magazine365\/el-pazo-de-quintans-a-20-de-meses-de-ser-declarado-bien-de-interes-cultural\/\" title=\"El Pazo de Quint\u00e1ns a 20 de meses de ser declarado Bien de Inter\u00e9s Cultural\">El Pazo de Quint\u00e1ns a 20 de meses de ser declarado Bien de Inter\u00e9s Cultural<\/a>\n<\/span><\/div>","aioseo_breadcrumb_json":[{"label":"Home","link":"https:\/\/eldigitaldeasturias.com\/magazine365"},{"label":"Noticias y Actualidad","link":"https:\/\/eldigitaldeasturias.com\/magazine365\/category\/noticias-actualidad\/"},{"label":"El Pazo de Quint\u00e1ns a 20 de meses de ser declarado Bien de Inter\u00e9s Cultural","link":"https:\/\/eldigitaldeasturias.com\/magazine365\/el-pazo-de-quintans-a-20-de-meses-de-ser-declarado-bien-de-interes-cultural\/"}],"_links":{"self":[{"href":"https:\/\/eldigitaldeasturias.com\/magazine365\/wp-json\/wp\/v2\/posts\/79111","targetHints":{"allow":["GET"]}}],"collection":[{"href":"https:\/\/eldigitaldeasturias.com\/magazine365\/wp-json\/wp\/v2\/posts"}],"about":[{"href":"https:\/\/eldigitaldeasturias.com\/magazine365\/wp-json\/wp\/v2\/types\/post"}],"author":[{"embeddable":true,"href":"https:\/\/eldigitaldeasturias.com\/magazine365\/wp-json\/wp\/v2\/users\/1"}],"replies":[{"embeddable":true,"href":"https:\/\/eldigitaldeasturias.com\/magazine365\/wp-json\/wp\/v2\/comments?post=79111"}],"version-history":[{"count":0,"href":"https:\/\/eldigitaldeasturias.com\/magazine365\/wp-json\/wp\/v2\/posts\/79111\/revisions"}],"wp:featuredmedia":[{"embeddable":true,"href":"https:\/\/eldigitaldeasturias.com\/magazine365\/wp-json\/wp\/v2\/media\/79112"}],"wp:attachment":[{"href":"https:\/\/eldigitaldeasturias.com\/magazine365\/wp-json\/wp\/v2\/media?parent=79111"}],"wp:term":[{"taxonomy":"category","embeddable":true,"href":"https:\/\/eldigitaldeasturias.com\/magazine365\/wp-json\/wp\/v2\/categories?post=79111"},{"taxonomy":"post_tag","embeddable":true,"href":"https:\/\/eldigitaldeasturias.com\/magazine365\/wp-json\/wp\/v2\/tags?post=79111"}],"curies":[{"name":"wp","href":"https:\/\/api.w.org\/{rel}","templated":true}]}}