{"id":79102,"date":"2016-06-14T14:59:04","date_gmt":"2016-06-14T12:59:04","guid":{"rendered":"http:\/\/eldigitaldeasturias.com\/magazine365\/?p=79102"},"modified":"2016-06-14T14:59:04","modified_gmt":"2016-06-14T12:59:04","slug":"air-france-preve-operar-el-80-de-sus-vuelos-este-martes-en-la-ultima-jornada-de-huelga-de-pilotos","status":"publish","type":"post","link":"https:\/\/eldigitaldeasturias.com\/magazine365\/air-france-preve-operar-el-80-de-sus-vuelos-este-martes-en-la-ultima-jornada-de-huelga-de-pilotos\/","title":{"rendered":"Air France prev\u00e9 operar el 80% de sus vuelos este martes en la \u00faltima jornada de huelga de pilotos"},"content":{"rendered":"<p><img fetchpriority=\"high\" decoding=\"async\" class=\"alignleft size-medium wp-image-77926\" src=\"https:\/\/eldigitaldeasturias.com\/magazine365\/wp-content\/uploads\/2016\/06\/m365-360x198.jpg\" alt=\"m365\" width=\"360\" height=\"198\" srcset=\"https:\/\/eldigitaldeasturias.com\/magazine365\/wp-content\/uploads\/2016\/06\/m365-360x198.jpg 360w, https:\/\/eldigitaldeasturias.com\/magazine365\/wp-content\/uploads\/2016\/06\/m365-650x357.jpg 650w, https:\/\/eldigitaldeasturias.com\/magazine365\/wp-content\/uploads\/2016\/06\/m365-150x82.jpg 150w, https:\/\/eldigitaldeasturias.com\/magazine365\/wp-content\/uploads\/2016\/06\/m365-450x247.jpg 450w, https:\/\/eldigitaldeasturias.com\/magazine365\/wp-content\/uploads\/2016\/06\/m365.jpg 655w\" sizes=\"(max-width: 360px) 100vw, 360px\" \/>Air France prev\u00e9 operar este martes el 80% de sus vuelos en toda su red (el 85% de largo alcance y el 75% de medio alcance desde y hacia Par\u00eds-Charles de Gaulle), en la que ser\u00e1 la \u00faltima jornada de huelga de los pilotos de la aerol\u00ednea gala coincidiendo con la Eurocopa.<\/p>\n<p>La compa\u00f1\u00eda, que ha cancelado previamente el 20% de los vuelos programados para ma\u00f1ana, prev\u00e9 que el 27% de los pilotos de Air France secunden la huelga. No obstante, espera retomar la normalidad de sus operaciones el mi\u00e9rcoles.<\/p>\n<p>Este lunes la aerol\u00ednea gala oper\u00f3 el 79% de sus vuelos (el 85% en largo radio y el 72% en el corto y medio radio hacia Par\u00eds-CDG), seg\u00fan los datos proporcionados por la compa\u00f1\u00eda a\u00e9rea.<\/p>\n<p>Fuentes de Air France se\u00f1alaron a Europa Press que la situaci\u00f3n en los aeropuertos de Madrid y Barcelona est\u00e1 \u00abbastante calmada\u00bb pues la compa\u00f1\u00eda intent\u00f3 contactar con antelaci\u00f3n con los pasajeros afectados para ofrecerles alternativas de vuelos.<\/p>\n<p>La ruta desde Bilbao, operada por HOP!, as\u00ed como las de M\u00e1laga y Valencia, operadas en c\u00f3digo compartido por Air Europa, no se han visto afectadas, se\u00f1alaron las mismas fuentes.<\/p>\n<p>Los pilotos de Air France convocaron cuatro d\u00edas de huelga a partir del s\u00e1bado por sus conflictos laborales con la empresa, convocada por el Sindicato Nacional de Pilotos de L\u00ednea (SNPL) que denuncia un desmantelamiento progresivo de la compa\u00f1\u00eda gala en favor de KLM.<\/p>\n<p>En el primer d\u00eda de protesta, el s\u00e1bado 11 de junio, al d\u00eda siguiente de la inauguraci\u00f3n de la Eurocopa de f\u00fatbol, la compa\u00f1\u00eda se vio obligada a suprimir entre el 20% y el 30% de los vuelos.<\/p>\n<p>La compa\u00f1\u00eda tiene un servicio gratuito de informaci\u00f3n para pasajeros de todo el mundo en 13 idiomas. Desde el jueves por la ma\u00f1ana Air France ha enviado un total de 640.000 mensajes de texto de forma individual a sus pasajeros en tiempo real.<\/p>\n","protected":false},"excerpt":{"rendered":"<p>Air France prev\u00e9 operar este martes el 80% de sus vuelos en toda su red (el 85% de largo alcance y el 75% de medio alcance desde y hacia Par\u00eds-Charles de Gaulle), en la que ser\u00e1 la \u00faltima jornada de huelga de los pilotos de la aerol\u00ednea gala coincidiendo con la Eurocopa. La compa\u00f1\u00eda, que<\/p>\n","protected":false},"author":1,"featured_media":77926,"comment_status":"open","ping_status":"closed","sticky":false,"template":"","format":"standard","meta":{"footnotes":""},"categories":[224],"tags":[],"class_list":{"0":"post-79102","1":"post","2":"type-post","3":"status-publish","4":"format-standard","5":"has-post-thumbnail","7":"category-noticias-actualidad"},"aioseo_notices":[],"aioseo_head":"\n\t\t<!-- All in One SEO Pro 4.9.6.1 - aioseo.com -->\n\t<meta name=\"description\" content=\"Air France prev\u00e9 operar este martes el 80% de sus vuelos en toda su red (el 85% de largo alcance y el 75% de medio alcance desde y hacia Par\u00eds-Charles de Gaulle), en la que ser\u00e1 la \u00faltima jornada de huelga de los pilotos de la aerol\u00ednea gala coincidiendo con la Eurocopa. La compa\u00f1\u00eda, que\" \/>\n\t<meta name=\"robots\" content=\"max-image-preview:large\" \/>\n\t<meta name=\"author\" content=\"admin\"\/>\n\t<meta name=\"google-site-verification\" content=\"UA-38556648-1\" \/>\n\t<meta name=\"keywords\" content=\"noticias y actualidad\" \/>\n\t<link rel=\"canonical\" href=\"https:\/\/eldigitaldeasturias.com\/magazine365\/air-france-preve-operar-el-80-de-sus-vuelos-este-martes-en-la-ultima-jornada-de-huelga-de-pilotos\/\" \/>\n\t<meta name=\"generator\" content=\"All in One SEO Pro (AIOSEO) 4.9.6.1\" \/>\n\t\t<meta property=\"og:locale\" content=\"es_ES\" \/>\n\t\t<meta property=\"og:site_name\" content=\"El Digital de Asturias \u2013 Revista de ocio, turismo y estilo de vida\" \/>\n\t\t<meta property=\"og:type\" content=\"article\" \/>\n\t\t<meta property=\"og:title\" content=\"Air France prev\u00e9 operar el 80% de sus vuelos este martes en la \u00faltima jornada de huelga de pilotos | El Digital de Asturias\" \/>\n\t\t<meta property=\"og:description\" content=\"Air France prev\u00e9 operar este martes el 80% de sus vuelos en toda su red (el 85% de largo alcance y el 75% de medio alcance desde y hacia Par\u00eds-Charles de Gaulle), en la que ser\u00e1 la \u00faltima jornada de huelga de los pilotos de la aerol\u00ednea gala coincidiendo con la Eurocopa. La compa\u00f1\u00eda, que\" \/>\n\t\t<meta property=\"og:url\" content=\"https:\/\/eldigitaldeasturias.com\/magazine365\/air-france-preve-operar-el-80-de-sus-vuelos-este-martes-en-la-ultima-jornada-de-huelga-de-pilotos\/\" \/>\n\t\t<meta property=\"og:image\" content=\"https:\/\/eldigitaldeasturias.com\/magazine365\/wp-content\/uploads\/2016\/06\/m365.jpg\" \/>\n\t\t<meta property=\"og:image:secure_url\" content=\"https:\/\/eldigitaldeasturias.com\/magazine365\/wp-content\/uploads\/2016\/06\/m365.jpg\" \/>\n\t\t<meta property=\"og:image:width\" content=\"655\" \/>\n\t\t<meta property=\"og:image:height\" content=\"360\" \/>\n\t\t<meta property=\"article:published_time\" content=\"2016-06-14T12:59:04+00:00\" \/>\n\t\t<meta property=\"article:modified_time\" content=\"2016-06-14T12:59:04+00:00\" \/>\n\t\t<meta name=\"twitter:card\" content=\"summary_large_image\" \/>\n\t\t<meta name=\"twitter:title\" content=\"Air France prev\u00e9 operar el 80% de sus vuelos este martes en la \u00faltima jornada de huelga de pilotos | El Digital de Asturias\" \/>\n\t\t<meta name=\"twitter:description\" content=\"Air France prev\u00e9 operar este martes el 80% de sus vuelos en toda su red (el 85% de largo alcance y el 75% de medio alcance desde y hacia Par\u00eds-Charles de Gaulle), en la que ser\u00e1 la \u00faltima jornada de huelga de los pilotos de la aerol\u00ednea gala coincidiendo con la Eurocopa. La compa\u00f1\u00eda, que\" \/>\n\t\t<meta name=\"twitter:image\" content=\"https:\/\/eldigitaldeasturias.com\/magazine365\/wp-content\/uploads\/2016\/06\/m365.jpg\" \/>\n\t\t<script type=\"application\/ld+json\" class=\"aioseo-schema\">\n\t\t\t{\"@context\":\"https:\\\/\\\/schema.org\",\"@graph\":[{\"@type\":\"Article\",\"@id\":\"https:\\\/\\\/eldigitaldeasturias.com\\\/magazine365\\\/air-france-preve-operar-el-80-de-sus-vuelos-este-martes-en-la-ultima-jornada-de-huelga-de-pilotos\\\/#article\",\"name\":\"Air France prev\\u00e9 operar el 80% de sus vuelos este martes en la \\u00faltima jornada de huelga de pilotos | El Digital de Asturias\",\"headline\":\"Air France prev\\u00e9 operar el 80% de sus vuelos este martes en la \\u00faltima jornada de huelga de pilotos\",\"author\":{\"@id\":\"https:\\\/\\\/eldigitaldeasturias.com\\\/magazine365\\\/author\\\/admin\\\/#author\"},\"publisher\":{\"@id\":\"https:\\\/\\\/eldigitaldeasturias.com\\\/magazine365\\\/#organization\"},\"image\":{\"@type\":\"ImageObject\",\"url\":\"https:\\\/\\\/eldigitaldeasturias.com\\\/magazine365\\\/wp-content\\\/uploads\\\/2016\\\/06\\\/m365.jpg\",\"width\":655,\"height\":360},\"datePublished\":\"2016-06-14T14:59:04+02:00\",\"dateModified\":\"2016-06-14T14:59:04+02:00\",\"inLanguage\":\"es-ES\",\"mainEntityOfPage\":{\"@id\":\"https:\\\/\\\/eldigitaldeasturias.com\\\/magazine365\\\/air-france-preve-operar-el-80-de-sus-vuelos-este-martes-en-la-ultima-jornada-de-huelga-de-pilotos\\\/#webpage\"},\"isPartOf\":{\"@id\":\"https:\\\/\\\/eldigitaldeasturias.com\\\/magazine365\\\/air-france-preve-operar-el-80-de-sus-vuelos-este-martes-en-la-ultima-jornada-de-huelga-de-pilotos\\\/#webpage\"},\"articleSection\":\"Noticias y Actualidad\"},{\"@type\":\"BreadcrumbList\",\"@id\":\"https:\\\/\\\/eldigitaldeasturias.com\\\/magazine365\\\/air-france-preve-operar-el-80-de-sus-vuelos-este-martes-en-la-ultima-jornada-de-huelga-de-pilotos\\\/#breadcrumblist\",\"itemListElement\":[{\"@type\":\"ListItem\",\"@id\":\"https:\\\/\\\/eldigitaldeasturias.com\\\/magazine365#listItem\",\"position\":1,\"name\":\"Home\",\"item\":\"https:\\\/\\\/eldigitaldeasturias.com\\\/magazine365\",\"nextItem\":{\"@type\":\"ListItem\",\"@id\":\"https:\\\/\\\/eldigitaldeasturias.com\\\/magazine365\\\/category\\\/noticias-actualidad\\\/#listItem\",\"name\":\"Noticias y Actualidad\"}},{\"@type\":\"ListItem\",\"@id\":\"https:\\\/\\\/eldigitaldeasturias.com\\\/magazine365\\\/category\\\/noticias-actualidad\\\/#listItem\",\"position\":2,\"name\":\"Noticias y Actualidad\",\"item\":\"https:\\\/\\\/eldigitaldeasturias.com\\\/magazine365\\\/category\\\/noticias-actualidad\\\/\",\"nextItem\":{\"@type\":\"ListItem\",\"@id\":\"https:\\\/\\\/eldigitaldeasturias.com\\\/magazine365\\\/air-france-preve-operar-el-80-de-sus-vuelos-este-martes-en-la-ultima-jornada-de-huelga-de-pilotos\\\/#listItem\",\"name\":\"Air France prev\\u00e9 operar el 80% de sus vuelos este martes en la \\u00faltima jornada de huelga de pilotos\"},\"previousItem\":{\"@type\":\"ListItem\",\"@id\":\"https:\\\/\\\/eldigitaldeasturias.com\\\/magazine365#listItem\",\"name\":\"Home\"}},{\"@type\":\"ListItem\",\"@id\":\"https:\\\/\\\/eldigitaldeasturias.com\\\/magazine365\\\/air-france-preve-operar-el-80-de-sus-vuelos-este-martes-en-la-ultima-jornada-de-huelga-de-pilotos\\\/#listItem\",\"position\":3,\"name\":\"Air France prev\\u00e9 operar el 80% de sus vuelos este martes en la \\u00faltima jornada de huelga de pilotos\",\"previousItem\":{\"@type\":\"ListItem\",\"@id\":\"https:\\\/\\\/eldigitaldeasturias.com\\\/magazine365\\\/category\\\/noticias-actualidad\\\/#listItem\",\"name\":\"Noticias y Actualidad\"}}]},{\"@type\":\"Organization\",\"@id\":\"https:\\\/\\\/eldigitaldeasturias.com\\\/magazine365\\\/#organization\",\"name\":\"El digital de Asturias\",\"description\":\"Revista de ocio, turismo y estilo de vida\",\"url\":\"https:\\\/\\\/eldigitaldeasturias.com\\\/magazine365\\\/\",\"logo\":{\"@type\":\"ImageObject\",\"url\":\"https:\\\/\\\/www.eldigitaldeasturias.com\\\/noticias\\\/wp-content\\\/uploads\\\/2020\\\/12\\\/EDA.jpg\",\"@id\":\"https:\\\/\\\/eldigitaldeasturias.com\\\/magazine365\\\/air-france-preve-operar-el-80-de-sus-vuelos-este-martes-en-la-ultima-jornada-de-huelga-de-pilotos\\\/#organizationLogo\"},\"image\":{\"@id\":\"https:\\\/\\\/eldigitaldeasturias.com\\\/magazine365\\\/air-france-preve-operar-el-80-de-sus-vuelos-este-martes-en-la-ultima-jornada-de-huelga-de-pilotos\\\/#organizationLogo\"}},{\"@type\":\"Person\",\"@id\":\"https:\\\/\\\/eldigitaldeasturias.com\\\/magazine365\\\/author\\\/admin\\\/#author\",\"url\":\"https:\\\/\\\/eldigitaldeasturias.com\\\/magazine365\\\/author\\\/admin\\\/\",\"name\":\"admin\",\"image\":{\"@type\":\"ImageObject\",\"@id\":\"https:\\\/\\\/eldigitaldeasturias.com\\\/magazine365\\\/air-france-preve-operar-el-80-de-sus-vuelos-este-martes-en-la-ultima-jornada-de-huelga-de-pilotos\\\/#authorImage\",\"url\":\"https:\\\/\\\/eldigitaldeasturias.com\\\/magazine365\\\/wp-content\\\/litespeed\\\/avatar\\\/e571bcf59a0edd6fa6838245a470f2fe.jpg?ver=1776969259\",\"width\":96,\"height\":96,\"caption\":\"admin\"}},{\"@type\":\"WebPage\",\"@id\":\"https:\\\/\\\/eldigitaldeasturias.com\\\/magazine365\\\/air-france-preve-operar-el-80-de-sus-vuelos-este-martes-en-la-ultima-jornada-de-huelga-de-pilotos\\\/#webpage\",\"url\":\"https:\\\/\\\/eldigitaldeasturias.com\\\/magazine365\\\/air-france-preve-operar-el-80-de-sus-vuelos-este-martes-en-la-ultima-jornada-de-huelga-de-pilotos\\\/\",\"name\":\"Air France prev\\u00e9 operar el 80% de sus vuelos este martes en la \\u00faltima jornada de huelga de pilotos | El Digital de Asturias\",\"description\":\"Air France prev\\u00e9 operar este martes el 80% de sus vuelos en toda su red (el 85% de largo alcance y el 75% de medio alcance desde y hacia Par\\u00eds-Charles de Gaulle), en la que ser\\u00e1 la \\u00faltima jornada de huelga de los pilotos de la aerol\\u00ednea gala coincidiendo con la Eurocopa. La compa\\u00f1\\u00eda, que\",\"inLanguage\":\"es-ES\",\"isPartOf\":{\"@id\":\"https:\\\/\\\/eldigitaldeasturias.com\\\/magazine365\\\/#website\"},\"breadcrumb\":{\"@id\":\"https:\\\/\\\/eldigitaldeasturias.com\\\/magazine365\\\/air-france-preve-operar-el-80-de-sus-vuelos-este-martes-en-la-ultima-jornada-de-huelga-de-pilotos\\\/#breadcrumblist\"},\"author\":{\"@id\":\"https:\\\/\\\/eldigitaldeasturias.com\\\/magazine365\\\/author\\\/admin\\\/#author\"},\"creator\":{\"@id\":\"https:\\\/\\\/eldigitaldeasturias.com\\\/magazine365\\\/author\\\/admin\\\/#author\"},\"image\":{\"@type\":\"ImageObject\",\"url\":\"https:\\\/\\\/eldigitaldeasturias.com\\\/magazine365\\\/wp-content\\\/uploads\\\/2016\\\/06\\\/m365.jpg\",\"@id\":\"https:\\\/\\\/eldigitaldeasturias.com\\\/magazine365\\\/air-france-preve-operar-el-80-de-sus-vuelos-este-martes-en-la-ultima-jornada-de-huelga-de-pilotos\\\/#mainImage\",\"width\":655,\"height\":360},\"primaryImageOfPage\":{\"@id\":\"https:\\\/\\\/eldigitaldeasturias.com\\\/magazine365\\\/air-france-preve-operar-el-80-de-sus-vuelos-este-martes-en-la-ultima-jornada-de-huelga-de-pilotos\\\/#mainImage\"},\"datePublished\":\"2016-06-14T14:59:04+02:00\",\"dateModified\":\"2016-06-14T14:59:04+02:00\"},{\"@type\":\"WebSite\",\"@id\":\"https:\\\/\\\/eldigitaldeasturias.com\\\/magazine365\\\/#website\",\"url\":\"https:\\\/\\\/eldigitaldeasturias.com\\\/magazine365\\\/\",\"name\":\"El Digital de Asturias\",\"description\":\"Revista de ocio, turismo y estilo de vida\",\"inLanguage\":\"es-ES\",\"publisher\":{\"@id\":\"https:\\\/\\\/eldigitaldeasturias.com\\\/magazine365\\\/#organization\"}}]}\n\t\t<\/script>\n\t\t<!-- All in One SEO Pro -->\r\n\t\t<title>Air France prev\u00e9 operar el 80% de sus vuelos este martes en la \u00faltima jornada de huelga de pilotos | El Digital de Asturias<\/title>\n\n","aioseo_head_json":{"title":"Air France prev\u00e9 operar el 80% de sus vuelos este martes en la \u00faltima jornada de huelga de pilotos | El Digital de Asturias","description":"Air France prev\u00e9 operar este martes el 80% de sus vuelos en toda su red (el 85% de largo alcance y el 75% de medio alcance desde y hacia Par\u00eds-Charles de Gaulle), en la que ser\u00e1 la \u00faltima jornada de huelga de los pilotos de la aerol\u00ednea gala coincidiendo con la Eurocopa. La compa\u00f1\u00eda, que","canonical_url":"https:\/\/eldigitaldeasturias.com\/magazine365\/air-france-preve-operar-el-80-de-sus-vuelos-este-martes-en-la-ultima-jornada-de-huelga-de-pilotos\/","robots":"max-image-preview:large","keywords":"noticias y actualidad","webmasterTools":{"google-site-verification":"UA-38556648-1","miscellaneous":""},"schema":{"@context":"https:\/\/schema.org","@graph":[{"@type":"Article","@id":"https:\/\/eldigitaldeasturias.com\/magazine365\/air-france-preve-operar-el-80-de-sus-vuelos-este-martes-en-la-ultima-jornada-de-huelga-de-pilotos\/#article","name":"Air France prev\u00e9 operar el 80% de sus vuelos este martes en la \u00faltima jornada de huelga de pilotos | El Digital de Asturias","headline":"Air France prev\u00e9 operar el 80% de sus vuelos este martes en la \u00faltima jornada de huelga de pilotos","author":{"@id":"https:\/\/eldigitaldeasturias.com\/magazine365\/author\/admin\/#author"},"publisher":{"@id":"https:\/\/eldigitaldeasturias.com\/magazine365\/#organization"},"image":{"@type":"ImageObject","url":"https:\/\/eldigitaldeasturias.com\/magazine365\/wp-content\/uploads\/2016\/06\/m365.jpg","width":655,"height":360},"datePublished":"2016-06-14T14:59:04+02:00","dateModified":"2016-06-14T14:59:04+02:00","inLanguage":"es-ES","mainEntityOfPage":{"@id":"https:\/\/eldigitaldeasturias.com\/magazine365\/air-france-preve-operar-el-80-de-sus-vuelos-este-martes-en-la-ultima-jornada-de-huelga-de-pilotos\/#webpage"},"isPartOf":{"@id":"https:\/\/eldigitaldeasturias.com\/magazine365\/air-france-preve-operar-el-80-de-sus-vuelos-este-martes-en-la-ultima-jornada-de-huelga-de-pilotos\/#webpage"},"articleSection":"Noticias y Actualidad"},{"@type":"BreadcrumbList","@id":"https:\/\/eldigitaldeasturias.com\/magazine365\/air-france-preve-operar-el-80-de-sus-vuelos-este-martes-en-la-ultima-jornada-de-huelga-de-pilotos\/#breadcrumblist","itemListElement":[{"@type":"ListItem","@id":"https:\/\/eldigitaldeasturias.com\/magazine365#listItem","position":1,"name":"Home","item":"https:\/\/eldigitaldeasturias.com\/magazine365","nextItem":{"@type":"ListItem","@id":"https:\/\/eldigitaldeasturias.com\/magazine365\/category\/noticias-actualidad\/#listItem","name":"Noticias y Actualidad"}},{"@type":"ListItem","@id":"https:\/\/eldigitaldeasturias.com\/magazine365\/category\/noticias-actualidad\/#listItem","position":2,"name":"Noticias y Actualidad","item":"https:\/\/eldigitaldeasturias.com\/magazine365\/category\/noticias-actualidad\/","nextItem":{"@type":"ListItem","@id":"https:\/\/eldigitaldeasturias.com\/magazine365\/air-france-preve-operar-el-80-de-sus-vuelos-este-martes-en-la-ultima-jornada-de-huelga-de-pilotos\/#listItem","name":"Air France prev\u00e9 operar el 80% de sus vuelos este martes en la \u00faltima jornada de huelga de pilotos"},"previousItem":{"@type":"ListItem","@id":"https:\/\/eldigitaldeasturias.com\/magazine365#listItem","name":"Home"}},{"@type":"ListItem","@id":"https:\/\/eldigitaldeasturias.com\/magazine365\/air-france-preve-operar-el-80-de-sus-vuelos-este-martes-en-la-ultima-jornada-de-huelga-de-pilotos\/#listItem","position":3,"name":"Air France prev\u00e9 operar el 80% de sus vuelos este martes en la \u00faltima jornada de huelga de pilotos","previousItem":{"@type":"ListItem","@id":"https:\/\/eldigitaldeasturias.com\/magazine365\/category\/noticias-actualidad\/#listItem","name":"Noticias y Actualidad"}}]},{"@type":"Organization","@id":"https:\/\/eldigitaldeasturias.com\/magazine365\/#organization","name":"El digital de Asturias","description":"Revista de ocio, turismo y estilo de vida","url":"https:\/\/eldigitaldeasturias.com\/magazine365\/","logo":{"@type":"ImageObject","url":"https:\/\/www.eldigitaldeasturias.com\/noticias\/wp-content\/uploads\/2020\/12\/EDA.jpg","@id":"https:\/\/eldigitaldeasturias.com\/magazine365\/air-france-preve-operar-el-80-de-sus-vuelos-este-martes-en-la-ultima-jornada-de-huelga-de-pilotos\/#organizationLogo"},"image":{"@id":"https:\/\/eldigitaldeasturias.com\/magazine365\/air-france-preve-operar-el-80-de-sus-vuelos-este-martes-en-la-ultima-jornada-de-huelga-de-pilotos\/#organizationLogo"}},{"@type":"Person","@id":"https:\/\/eldigitaldeasturias.com\/magazine365\/author\/admin\/#author","url":"https:\/\/eldigitaldeasturias.com\/magazine365\/author\/admin\/","name":"admin","image":{"@type":"ImageObject","@id":"https:\/\/eldigitaldeasturias.com\/magazine365\/air-france-preve-operar-el-80-de-sus-vuelos-este-martes-en-la-ultima-jornada-de-huelga-de-pilotos\/#authorImage","url":"https:\/\/eldigitaldeasturias.com\/magazine365\/wp-content\/litespeed\/avatar\/e571bcf59a0edd6fa6838245a470f2fe.jpg?ver=1776969259","width":96,"height":96,"caption":"admin"}},{"@type":"WebPage","@id":"https:\/\/eldigitaldeasturias.com\/magazine365\/air-france-preve-operar-el-80-de-sus-vuelos-este-martes-en-la-ultima-jornada-de-huelga-de-pilotos\/#webpage","url":"https:\/\/eldigitaldeasturias.com\/magazine365\/air-france-preve-operar-el-80-de-sus-vuelos-este-martes-en-la-ultima-jornada-de-huelga-de-pilotos\/","name":"Air France prev\u00e9 operar el 80% de sus vuelos este martes en la \u00faltima jornada de huelga de pilotos | El Digital de Asturias","description":"Air France prev\u00e9 operar este martes el 80% de sus vuelos en toda su red (el 85% de largo alcance y el 75% de medio alcance desde y hacia Par\u00eds-Charles de Gaulle), en la que ser\u00e1 la \u00faltima jornada de huelga de los pilotos de la aerol\u00ednea gala coincidiendo con la Eurocopa. La compa\u00f1\u00eda, que","inLanguage":"es-ES","isPartOf":{"@id":"https:\/\/eldigitaldeasturias.com\/magazine365\/#website"},"breadcrumb":{"@id":"https:\/\/eldigitaldeasturias.com\/magazine365\/air-france-preve-operar-el-80-de-sus-vuelos-este-martes-en-la-ultima-jornada-de-huelga-de-pilotos\/#breadcrumblist"},"author":{"@id":"https:\/\/eldigitaldeasturias.com\/magazine365\/author\/admin\/#author"},"creator":{"@id":"https:\/\/eldigitaldeasturias.com\/magazine365\/author\/admin\/#author"},"image":{"@type":"ImageObject","url":"https:\/\/eldigitaldeasturias.com\/magazine365\/wp-content\/uploads\/2016\/06\/m365.jpg","@id":"https:\/\/eldigitaldeasturias.com\/magazine365\/air-france-preve-operar-el-80-de-sus-vuelos-este-martes-en-la-ultima-jornada-de-huelga-de-pilotos\/#mainImage","width":655,"height":360},"primaryImageOfPage":{"@id":"https:\/\/eldigitaldeasturias.com\/magazine365\/air-france-preve-operar-el-80-de-sus-vuelos-este-martes-en-la-ultima-jornada-de-huelga-de-pilotos\/#mainImage"},"datePublished":"2016-06-14T14:59:04+02:00","dateModified":"2016-06-14T14:59:04+02:00"},{"@type":"WebSite","@id":"https:\/\/eldigitaldeasturias.com\/magazine365\/#website","url":"https:\/\/eldigitaldeasturias.com\/magazine365\/","name":"El Digital de Asturias","description":"Revista de ocio, turismo y estilo de vida","inLanguage":"es-ES","publisher":{"@id":"https:\/\/eldigitaldeasturias.com\/magazine365\/#organization"}}]},"og:locale":"es_ES","og:site_name":"El Digital de Asturias \u2013 Revista de ocio, turismo y estilo de vida","og:type":"article","og:title":"Air France prev\u00e9 operar el 80% de sus vuelos este martes en la \u00faltima jornada de huelga de pilotos | El Digital de Asturias","og:description":"Air France prev\u00e9 operar este martes el 80% de sus vuelos en toda su red (el 85% de largo alcance y el 75% de medio alcance desde y hacia Par\u00eds-Charles de Gaulle), en la que ser\u00e1 la \u00faltima jornada de huelga de los pilotos de la aerol\u00ednea gala coincidiendo con la Eurocopa. La compa\u00f1\u00eda, que","og:url":"https:\/\/eldigitaldeasturias.com\/magazine365\/air-france-preve-operar-el-80-de-sus-vuelos-este-martes-en-la-ultima-jornada-de-huelga-de-pilotos\/","og:image":"https:\/\/eldigitaldeasturias.com\/magazine365\/wp-content\/uploads\/2016\/06\/m365.jpg","og:image:secure_url":"https:\/\/eldigitaldeasturias.com\/magazine365\/wp-content\/uploads\/2016\/06\/m365.jpg","og:image:width":655,"og:image:height":360,"article:published_time":"2016-06-14T12:59:04+00:00","article:modified_time":"2016-06-14T12:59:04+00:00","twitter:card":"summary_large_image","twitter:title":"Air France prev\u00e9 operar el 80% de sus vuelos este martes en la \u00faltima jornada de huelga de pilotos | El Digital de Asturias","twitter:description":"Air France prev\u00e9 operar este martes el 80% de sus vuelos en toda su red (el 85% de largo alcance y el 75% de medio alcance desde y hacia Par\u00eds-Charles de Gaulle), en la que ser\u00e1 la \u00faltima jornada de huelga de los pilotos de la aerol\u00ednea gala coincidiendo con la Eurocopa. La compa\u00f1\u00eda, que","twitter:image":"https:\/\/eldigitaldeasturias.com\/magazine365\/wp-content\/uploads\/2016\/06\/m365.jpg"},"aioseo_meta_data":{"post_id":"79102","title":null,"description":null,"keywords":null,"keyphrases":null,"primary_term":null,"canonical_url":null,"og_title":null,"og_description":null,"og_object_type":"default","og_image_type":"default","og_image_url":null,"og_image_width":null,"og_image_height":null,"og_image_custom_url":null,"og_image_custom_fields":null,"og_video":null,"og_custom_url":null,"og_article_section":null,"og_article_tags":null,"twitter_use_og":false,"twitter_card":"default","twitter_image_type":"default","twitter_image_url":null,"twitter_image_custom_url":null,"twitter_image_custom_fields":null,"twitter_title":null,"twitter_description":null,"schema":{"blockGraphs":[],"customGraphs":[],"default":{"data":{"Article":[],"Course":[],"Dataset":[],"FAQPage":[],"Movie":[],"Person":[],"Product":[],"ProductReview":[],"Car":[],"Recipe":[],"Service":[],"SoftwareApplication":[],"WebPage":[]},"graphName":"","isEnabled":true},"graphs":[],"defaultGraph":"","defaultPostTypeGraph":""},"schema_type":null,"schema_type_options":null,"pillar_content":false,"robots_default":true,"robots_noindex":false,"robots_noarchive":false,"robots_nosnippet":false,"robots_nofollow":false,"robots_noimageindex":false,"robots_noodp":false,"robots_notranslate":false,"robots_max_snippet":null,"robots_max_videopreview":null,"robots_max_imagepreview":"large","priority":null,"frequency":null,"location":null,"local_seo":null,"seo_analyzer_scan_date":"2025-09-27 18:15:18","breadcrumb_settings":null,"limit_modified_date":false,"open_ai":null,"ai":null,"created":"2021-03-08 17:51:56","updated":"2025-09-27 18:15:18"},"aioseo_breadcrumb":"<div class=\"aioseo-breadcrumbs\"><span class=\"aioseo-breadcrumb\">\n\t<a href=\"https:\/\/eldigitaldeasturias.com\/magazine365\" title=\"Home\">Home<\/a>\n<\/span><span class=\"aioseo-breadcrumb-separator\">\u2013<\/span><span class=\"aioseo-breadcrumb\">\n\t<a href=\"https:\/\/eldigitaldeasturias.com\/magazine365\/category\/noticias-actualidad\/\" title=\"Noticias y Actualidad\">Noticias y Actualidad<\/a>\n<\/span><span class=\"aioseo-breadcrumb-separator\">\u2013<\/span><span class=\"aioseo-breadcrumb\">\n\t<a href=\"https:\/\/eldigitaldeasturias.com\/magazine365\/air-france-preve-operar-el-80-de-sus-vuelos-este-martes-en-la-ultima-jornada-de-huelga-de-pilotos\/\" title=\"Air France prev\u00e9 operar el 80% de sus vuelos este martes en la \u00faltima jornada de huelga de pilotos\">Air France prev\u00e9 operar el 80% de sus vuelos este martes en la \u00faltima jornada de huelga de pilotos<\/a>\n<\/span><\/div>","aioseo_breadcrumb_json":[{"label":"Home","link":"https:\/\/eldigitaldeasturias.com\/magazine365"},{"label":"Noticias y Actualidad","link":"https:\/\/eldigitaldeasturias.com\/magazine365\/category\/noticias-actualidad\/"},{"label":"Air France prev\u00e9 operar el 80% de sus vuelos este martes en la \u00faltima jornada de huelga de pilotos","link":"https:\/\/eldigitaldeasturias.com\/magazine365\/air-france-preve-operar-el-80-de-sus-vuelos-este-martes-en-la-ultima-jornada-de-huelga-de-pilotos\/"}],"_links":{"self":[{"href":"https:\/\/eldigitaldeasturias.com\/magazine365\/wp-json\/wp\/v2\/posts\/79102","targetHints":{"allow":["GET"]}}],"collection":[{"href":"https:\/\/eldigitaldeasturias.com\/magazine365\/wp-json\/wp\/v2\/posts"}],"about":[{"href":"https:\/\/eldigitaldeasturias.com\/magazine365\/wp-json\/wp\/v2\/types\/post"}],"author":[{"embeddable":true,"href":"https:\/\/eldigitaldeasturias.com\/magazine365\/wp-json\/wp\/v2\/users\/1"}],"replies":[{"embeddable":true,"href":"https:\/\/eldigitaldeasturias.com\/magazine365\/wp-json\/wp\/v2\/comments?post=79102"}],"version-history":[{"count":0,"href":"https:\/\/eldigitaldeasturias.com\/magazine365\/wp-json\/wp\/v2\/posts\/79102\/revisions"}],"wp:featuredmedia":[{"embeddable":true,"href":"https:\/\/eldigitaldeasturias.com\/magazine365\/wp-json\/wp\/v2\/media\/77926"}],"wp:attachment":[{"href":"https:\/\/eldigitaldeasturias.com\/magazine365\/wp-json\/wp\/v2\/media?parent=79102"}],"wp:term":[{"taxonomy":"category","embeddable":true,"href":"https:\/\/eldigitaldeasturias.com\/magazine365\/wp-json\/wp\/v2\/categories?post=79102"},{"taxonomy":"post_tag","embeddable":true,"href":"https:\/\/eldigitaldeasturias.com\/magazine365\/wp-json\/wp\/v2\/tags?post=79102"}],"curies":[{"name":"wp","href":"https:\/\/api.w.org\/{rel}","templated":true}]}}