{"id":79099,"date":"2016-06-14T14:56:47","date_gmt":"2016-06-14T12:56:47","guid":{"rendered":"http:\/\/eldigitaldeasturias.com\/magazine365\/?p=79099"},"modified":"2016-06-14T14:58:01","modified_gmt":"2016-06-14T12:58:01","slug":"renfe-afronta-hoy-la-tercera-jornada-de-huelga-de-maquinistas","status":"publish","type":"post","link":"https:\/\/eldigitaldeasturias.com\/magazine365\/renfe-afronta-hoy-la-tercera-jornada-de-huelga-de-maquinistas\/","title":{"rendered":"Renfe afronta hoy la tercera jornada de huelga de maquinistas"},"content":{"rendered":"<p><img fetchpriority=\"high\" decoding=\"async\" class=\"alignleft size-medium wp-image-79100\" src=\"https:\/\/eldigitaldeasturias.com\/magazine365\/wp-content\/uploads\/2016\/06\/fotonoticia_20160614111050_800-360x222.jpg\" alt=\"fotonoticia_20160614111050_800\" width=\"360\" height=\"222\" srcset=\"https:\/\/eldigitaldeasturias.com\/magazine365\/wp-content\/uploads\/2016\/06\/fotonoticia_20160614111050_800-360x222.jpg 360w, https:\/\/eldigitaldeasturias.com\/magazine365\/wp-content\/uploads\/2016\/06\/fotonoticia_20160614111050_800-650x401.jpg 650w, https:\/\/eldigitaldeasturias.com\/magazine365\/wp-content\/uploads\/2016\/06\/fotonoticia_20160614111050_800-768x474.jpg 768w, https:\/\/eldigitaldeasturias.com\/magazine365\/wp-content\/uploads\/2016\/06\/fotonoticia_20160614111050_800-150x93.jpg 150w, https:\/\/eldigitaldeasturias.com\/magazine365\/wp-content\/uploads\/2016\/06\/fotonoticia_20160614111050_800-450x278.jpg 450w, https:\/\/eldigitaldeasturias.com\/magazine365\/wp-content\/uploads\/2016\/06\/fotonoticia_20160614111050_800-279x173.jpg 279w, https:\/\/eldigitaldeasturias.com\/magazine365\/wp-content\/uploads\/2016\/06\/fotonoticia_20160614111050_800-160x100.jpg 160w, https:\/\/eldigitaldeasturias.com\/magazine365\/wp-content\/uploads\/2016\/06\/fotonoticia_20160614111050_800.jpg 800w\" sizes=\"(max-width: 360px) 100vw, 360px\" \/>Renfe afronta este martes la tercera de las jornadas de huelga que el sindicato de maquinistas Semaf tiene convocadas en la compa\u00f1\u00eda ferroviaria, al terminar sin acuerdo la reuni\u00f3n que ambas partes mantuvieron en la tarde de ayer.<\/p>\n<p>\u00abNo hubo ning\u00fan acercamiento\u00bb, indicaron sobre el encuentro en fuentes de Semaf, que aseguran que \u00abno hay mimbres para cerrar el cesto del acuerdo\u00bb. En fuentes de Renfe se limitaron a indicar que el acuerdo no fue posible.<\/p>\n<p>No obstante, ambas partes manifestaron su disposici\u00f3n a mantener abierta la v\u00eda del di\u00e1logo y volver a reunirse, seg\u00fan indicaron a Europa Press en fuentes de Renfe y Semaf.<\/p>\n<p>Por el momento, los maquinistas de tren est\u00e1n llamados a secundar hoy una nueva jornada de huelga. El paro suceder\u00e1 a los dos ya realizados, el del viernes y el de este domingo que, seg\u00fan la compa\u00f1\u00eda ferroviaria, afectaron a unos 413.000 viajeros por cancelaciones y retrasos.<\/p>\n<p>El calendario de huelgas previsto por Semaf contempla otros cuatro paros, el del pr\u00f3ximo jueves, 16 de junio, y los tres adicionales convocados para los d\u00edas 24 y 29 de junio y 1 de julio, fechas que coinciden con la primera &#8216;operaci\u00f3n salida&#8217; de las vacaciones de verano.<\/p>\n<p>Para la huelga de este martes, los servicios m\u00ednimos decretados por el Ministerio de Fomento ante la convocatoria contemplan la circulaci\u00f3n del 72% de los trenes AVE y Larga Distancia habituales, el 65% de los de Media Distancia y el 50% de los Cercanias, porcentaje que se eleva al 75% en las &#8216;horas punta&#8217;.<\/p>\n<h2 class=\"ladillo\">POSIBLE NUEVO INCUMPLIMIENTO DE M\u00cdNIMOS<\/h2>\n<p>No obstante, seg\u00fan Renfe, en las dos primeras jornadas de paro se cancelaron alrededor de 300 trenes de distinto tipo por el incumplimiento de los servicios m\u00ednimos por parte de algunos maquinistas.<\/p>\n<p>La compa\u00f1\u00eda ferroviaria prev\u00e9 que en la huelga de hoy se vuelvan a registrar incumplimientos de servicios esenciales. De hecho, ya ha recomendado a los usuarios de Cercan\u00edas Madrid que utilicen otros medios de transporte alternativos ante la posibilidad de que se cancelen trenes.<\/p>\n<p>Con este calendario de paros, los maquinistas protestan por el \u00abincumplimiento\u00bb de Renfe de parte de los acuerdos alcanzados con los sindicatos sobre el plan de empleo de la compa\u00f1\u00eda, un sistema por el que facilita la salida de los trabajadores de m\u00e1s edad para incorporar j\u00f3venes profesionales.<\/p>\n<p>Semaf reclama que los maquinitas que tienen contratos de interinos, en pr\u00e1cticas y de obras y servicios no tengan que volver a realizar un examen para consolidar sus puestos en el marco de la oferta de empleo p\u00fablica recientemente abierta por Renfe, dado que ya realizaron una prueba al entrar en la compa\u00f1\u00eda.<\/p>\n<p>Tambi\u00e9n protestan por la situaci\u00f3n del negocio de mercanc\u00edas y por la disminuci\u00f3n de los servicios de v\u00eda estrecha heredados de la extinta Feve.<\/p>\n<p>No obstante, fuentes de Renfe se\u00f1alan que el objetivo \u00faltimo de los maquinistas con la huelga es determinar el sistema por que el deben incorporarse a la compa\u00f1\u00eda los nuevos conductores, algo que, seg\u00fan aseguran, debe realizarse por concurso p\u00fablico por tratarse de una empresa estatal.<\/p>\n","protected":false},"excerpt":{"rendered":"<p>Renfe afronta este martes la tercera de las jornadas de huelga que el sindicato de maquinistas Semaf tiene convocadas en la compa\u00f1\u00eda ferroviaria, al terminar sin acuerdo la reuni\u00f3n que ambas partes mantuvieron en la tarde de ayer. \u00abNo hubo ning\u00fan acercamiento\u00bb, indicaron sobre el encuentro en fuentes de Semaf, que aseguran que \u00abno hay<\/p>\n","protected":false},"author":1,"featured_media":79100,"comment_status":"open","ping_status":"closed","sticky":false,"template":"","format":"standard","meta":{"footnotes":""},"categories":[224],"tags":[],"class_list":{"0":"post-79099","1":"post","2":"type-post","3":"status-publish","4":"format-standard","5":"has-post-thumbnail","7":"category-noticias-actualidad"},"aioseo_notices":[],"aioseo_head":"\n\t\t<!-- All in One SEO Pro 4.9.6.1 - aioseo.com -->\n\t<meta name=\"description\" content=\"Renfe afronta este martes la tercera de las jornadas de huelga que el sindicato de maquinistas Semaf tiene convocadas en la compa\u00f1\u00eda ferroviaria, al terminar sin acuerdo la reuni\u00f3n que ambas partes mantuvieron en la tarde de ayer. &quot;No hubo ning\u00fan acercamiento&quot;, indicaron sobre el encuentro en fuentes de Semaf, que aseguran que &quot;no hay\" \/>\n\t<meta name=\"robots\" content=\"max-image-preview:large\" \/>\n\t<meta name=\"author\" content=\"admin\"\/>\n\t<meta name=\"google-site-verification\" content=\"UA-38556648-1\" \/>\n\t<meta name=\"keywords\" content=\"noticias y actualidad\" \/>\n\t<link rel=\"canonical\" href=\"https:\/\/eldigitaldeasturias.com\/magazine365\/renfe-afronta-hoy-la-tercera-jornada-de-huelga-de-maquinistas\/\" \/>\n\t<meta name=\"generator\" content=\"All in One SEO Pro (AIOSEO) 4.9.6.1\" \/>\n\t\t<meta property=\"og:locale\" content=\"es_ES\" \/>\n\t\t<meta property=\"og:site_name\" content=\"El Digital de Asturias \u2013 Revista de ocio, turismo y estilo de vida\" \/>\n\t\t<meta property=\"og:type\" content=\"article\" \/>\n\t\t<meta property=\"og:title\" content=\"Renfe afronta hoy la tercera jornada de huelga de maquinistas | El Digital de Asturias\" \/>\n\t\t<meta property=\"og:description\" content=\"Renfe afronta este martes la tercera de las jornadas de huelga que el sindicato de maquinistas Semaf tiene convocadas en la compa\u00f1\u00eda ferroviaria, al terminar sin acuerdo la reuni\u00f3n que ambas partes mantuvieron en la tarde de ayer. &quot;No hubo ning\u00fan acercamiento&quot;, indicaron sobre el encuentro en fuentes de Semaf, que aseguran que &quot;no hay\" \/>\n\t\t<meta property=\"og:url\" content=\"https:\/\/eldigitaldeasturias.com\/magazine365\/renfe-afronta-hoy-la-tercera-jornada-de-huelga-de-maquinistas\/\" \/>\n\t\t<meta property=\"og:image\" content=\"https:\/\/eldigitaldeasturias.com\/magazine365\/wp-content\/uploads\/2016\/06\/fotonoticia_20160614111050_800.jpg\" \/>\n\t\t<meta property=\"og:image:secure_url\" content=\"https:\/\/eldigitaldeasturias.com\/magazine365\/wp-content\/uploads\/2016\/06\/fotonoticia_20160614111050_800.jpg\" \/>\n\t\t<meta property=\"og:image:width\" content=\"800\" \/>\n\t\t<meta property=\"og:image:height\" content=\"494\" \/>\n\t\t<meta property=\"article:published_time\" content=\"2016-06-14T12:56:47+00:00\" \/>\n\t\t<meta property=\"article:modified_time\" content=\"2016-06-14T12:58:01+00:00\" \/>\n\t\t<meta name=\"twitter:card\" content=\"summary_large_image\" \/>\n\t\t<meta name=\"twitter:title\" content=\"Renfe afronta hoy la tercera jornada de huelga de maquinistas | El Digital de Asturias\" \/>\n\t\t<meta name=\"twitter:description\" content=\"Renfe afronta este martes la tercera de las jornadas de huelga que el sindicato de maquinistas Semaf tiene convocadas en la compa\u00f1\u00eda ferroviaria, al terminar sin acuerdo la reuni\u00f3n que ambas partes mantuvieron en la tarde de ayer. &quot;No hubo ning\u00fan acercamiento&quot;, indicaron sobre el encuentro en fuentes de Semaf, que aseguran que &quot;no hay\" \/>\n\t\t<meta name=\"twitter:image\" content=\"https:\/\/eldigitaldeasturias.com\/magazine365\/wp-content\/uploads\/2016\/06\/fotonoticia_20160614111050_800.jpg\" \/>\n\t\t<script type=\"application\/ld+json\" class=\"aioseo-schema\">\n\t\t\t{\"@context\":\"https:\\\/\\\/schema.org\",\"@graph\":[{\"@type\":\"Article\",\"@id\":\"https:\\\/\\\/eldigitaldeasturias.com\\\/magazine365\\\/renfe-afronta-hoy-la-tercera-jornada-de-huelga-de-maquinistas\\\/#article\",\"name\":\"Renfe afronta hoy la tercera jornada de huelga de maquinistas | El Digital de Asturias\",\"headline\":\"Renfe afronta hoy la tercera jornada de huelga de maquinistas\",\"author\":{\"@id\":\"https:\\\/\\\/eldigitaldeasturias.com\\\/magazine365\\\/author\\\/admin\\\/#author\"},\"publisher\":{\"@id\":\"https:\\\/\\\/eldigitaldeasturias.com\\\/magazine365\\\/#organization\"},\"image\":{\"@type\":\"ImageObject\",\"url\":\"https:\\\/\\\/eldigitaldeasturias.com\\\/magazine365\\\/wp-content\\\/uploads\\\/2016\\\/06\\\/fotonoticia_20160614111050_800.jpg\",\"width\":800,\"height\":494},\"datePublished\":\"2016-06-14T14:56:47+02:00\",\"dateModified\":\"2016-06-14T14:58:01+02:00\",\"inLanguage\":\"es-ES\",\"mainEntityOfPage\":{\"@id\":\"https:\\\/\\\/eldigitaldeasturias.com\\\/magazine365\\\/renfe-afronta-hoy-la-tercera-jornada-de-huelga-de-maquinistas\\\/#webpage\"},\"isPartOf\":{\"@id\":\"https:\\\/\\\/eldigitaldeasturias.com\\\/magazine365\\\/renfe-afronta-hoy-la-tercera-jornada-de-huelga-de-maquinistas\\\/#webpage\"},\"articleSection\":\"Noticias y Actualidad\"},{\"@type\":\"BreadcrumbList\",\"@id\":\"https:\\\/\\\/eldigitaldeasturias.com\\\/magazine365\\\/renfe-afronta-hoy-la-tercera-jornada-de-huelga-de-maquinistas\\\/#breadcrumblist\",\"itemListElement\":[{\"@type\":\"ListItem\",\"@id\":\"https:\\\/\\\/eldigitaldeasturias.com\\\/magazine365#listItem\",\"position\":1,\"name\":\"Home\",\"item\":\"https:\\\/\\\/eldigitaldeasturias.com\\\/magazine365\",\"nextItem\":{\"@type\":\"ListItem\",\"@id\":\"https:\\\/\\\/eldigitaldeasturias.com\\\/magazine365\\\/category\\\/noticias-actualidad\\\/#listItem\",\"name\":\"Noticias y Actualidad\"}},{\"@type\":\"ListItem\",\"@id\":\"https:\\\/\\\/eldigitaldeasturias.com\\\/magazine365\\\/category\\\/noticias-actualidad\\\/#listItem\",\"position\":2,\"name\":\"Noticias y Actualidad\",\"item\":\"https:\\\/\\\/eldigitaldeasturias.com\\\/magazine365\\\/category\\\/noticias-actualidad\\\/\",\"nextItem\":{\"@type\":\"ListItem\",\"@id\":\"https:\\\/\\\/eldigitaldeasturias.com\\\/magazine365\\\/renfe-afronta-hoy-la-tercera-jornada-de-huelga-de-maquinistas\\\/#listItem\",\"name\":\"Renfe afronta hoy la tercera jornada de huelga de maquinistas\"},\"previousItem\":{\"@type\":\"ListItem\",\"@id\":\"https:\\\/\\\/eldigitaldeasturias.com\\\/magazine365#listItem\",\"name\":\"Home\"}},{\"@type\":\"ListItem\",\"@id\":\"https:\\\/\\\/eldigitaldeasturias.com\\\/magazine365\\\/renfe-afronta-hoy-la-tercera-jornada-de-huelga-de-maquinistas\\\/#listItem\",\"position\":3,\"name\":\"Renfe afronta hoy la tercera jornada de huelga de maquinistas\",\"previousItem\":{\"@type\":\"ListItem\",\"@id\":\"https:\\\/\\\/eldigitaldeasturias.com\\\/magazine365\\\/category\\\/noticias-actualidad\\\/#listItem\",\"name\":\"Noticias y Actualidad\"}}]},{\"@type\":\"Organization\",\"@id\":\"https:\\\/\\\/eldigitaldeasturias.com\\\/magazine365\\\/#organization\",\"name\":\"El digital de Asturias\",\"description\":\"Revista de ocio, turismo y estilo de vida\",\"url\":\"https:\\\/\\\/eldigitaldeasturias.com\\\/magazine365\\\/\",\"logo\":{\"@type\":\"ImageObject\",\"url\":\"https:\\\/\\\/www.eldigitaldeasturias.com\\\/noticias\\\/wp-content\\\/uploads\\\/2020\\\/12\\\/EDA.jpg\",\"@id\":\"https:\\\/\\\/eldigitaldeasturias.com\\\/magazine365\\\/renfe-afronta-hoy-la-tercera-jornada-de-huelga-de-maquinistas\\\/#organizationLogo\"},\"image\":{\"@id\":\"https:\\\/\\\/eldigitaldeasturias.com\\\/magazine365\\\/renfe-afronta-hoy-la-tercera-jornada-de-huelga-de-maquinistas\\\/#organizationLogo\"}},{\"@type\":\"Person\",\"@id\":\"https:\\\/\\\/eldigitaldeasturias.com\\\/magazine365\\\/author\\\/admin\\\/#author\",\"url\":\"https:\\\/\\\/eldigitaldeasturias.com\\\/magazine365\\\/author\\\/admin\\\/\",\"name\":\"admin\",\"image\":{\"@type\":\"ImageObject\",\"@id\":\"https:\\\/\\\/eldigitaldeasturias.com\\\/magazine365\\\/renfe-afronta-hoy-la-tercera-jornada-de-huelga-de-maquinistas\\\/#authorImage\",\"url\":\"https:\\\/\\\/eldigitaldeasturias.com\\\/magazine365\\\/wp-content\\\/litespeed\\\/avatar\\\/e571bcf59a0edd6fa6838245a470f2fe.jpg?ver=1776969259\",\"width\":96,\"height\":96,\"caption\":\"admin\"}},{\"@type\":\"WebPage\",\"@id\":\"https:\\\/\\\/eldigitaldeasturias.com\\\/magazine365\\\/renfe-afronta-hoy-la-tercera-jornada-de-huelga-de-maquinistas\\\/#webpage\",\"url\":\"https:\\\/\\\/eldigitaldeasturias.com\\\/magazine365\\\/renfe-afronta-hoy-la-tercera-jornada-de-huelga-de-maquinistas\\\/\",\"name\":\"Renfe afronta hoy la tercera jornada de huelga de maquinistas | El Digital de Asturias\",\"description\":\"Renfe afronta este martes la tercera de las jornadas de huelga que el sindicato de maquinistas Semaf tiene convocadas en la compa\\u00f1\\u00eda ferroviaria, al terminar sin acuerdo la reuni\\u00f3n que ambas partes mantuvieron en la tarde de ayer. \\\"No hubo ning\\u00fan acercamiento\\\", indicaron sobre el encuentro en fuentes de Semaf, que aseguran que \\\"no hay\",\"inLanguage\":\"es-ES\",\"isPartOf\":{\"@id\":\"https:\\\/\\\/eldigitaldeasturias.com\\\/magazine365\\\/#website\"},\"breadcrumb\":{\"@id\":\"https:\\\/\\\/eldigitaldeasturias.com\\\/magazine365\\\/renfe-afronta-hoy-la-tercera-jornada-de-huelga-de-maquinistas\\\/#breadcrumblist\"},\"author\":{\"@id\":\"https:\\\/\\\/eldigitaldeasturias.com\\\/magazine365\\\/author\\\/admin\\\/#author\"},\"creator\":{\"@id\":\"https:\\\/\\\/eldigitaldeasturias.com\\\/magazine365\\\/author\\\/admin\\\/#author\"},\"image\":{\"@type\":\"ImageObject\",\"url\":\"https:\\\/\\\/eldigitaldeasturias.com\\\/magazine365\\\/wp-content\\\/uploads\\\/2016\\\/06\\\/fotonoticia_20160614111050_800.jpg\",\"@id\":\"https:\\\/\\\/eldigitaldeasturias.com\\\/magazine365\\\/renfe-afronta-hoy-la-tercera-jornada-de-huelga-de-maquinistas\\\/#mainImage\",\"width\":800,\"height\":494},\"primaryImageOfPage\":{\"@id\":\"https:\\\/\\\/eldigitaldeasturias.com\\\/magazine365\\\/renfe-afronta-hoy-la-tercera-jornada-de-huelga-de-maquinistas\\\/#mainImage\"},\"datePublished\":\"2016-06-14T14:56:47+02:00\",\"dateModified\":\"2016-06-14T14:58:01+02:00\"},{\"@type\":\"WebSite\",\"@id\":\"https:\\\/\\\/eldigitaldeasturias.com\\\/magazine365\\\/#website\",\"url\":\"https:\\\/\\\/eldigitaldeasturias.com\\\/magazine365\\\/\",\"name\":\"El Digital de Asturias\",\"description\":\"Revista de ocio, turismo y estilo de vida\",\"inLanguage\":\"es-ES\",\"publisher\":{\"@id\":\"https:\\\/\\\/eldigitaldeasturias.com\\\/magazine365\\\/#organization\"}}]}\n\t\t<\/script>\n\t\t<!-- All in One SEO Pro -->\r\n\t\t<title>Renfe afronta hoy la tercera jornada de huelga de maquinistas | El Digital de Asturias<\/title>\n\n","aioseo_head_json":{"title":"Renfe afronta hoy la tercera jornada de huelga de maquinistas | El Digital de Asturias","description":"Renfe afronta este martes la tercera de las jornadas de huelga que el sindicato de maquinistas Semaf tiene convocadas en la compa\u00f1\u00eda ferroviaria, al terminar sin acuerdo la reuni\u00f3n que ambas partes mantuvieron en la tarde de ayer. \"No hubo ning\u00fan acercamiento\", indicaron sobre el encuentro en fuentes de Semaf, que aseguran que \"no hay","canonical_url":"https:\/\/eldigitaldeasturias.com\/magazine365\/renfe-afronta-hoy-la-tercera-jornada-de-huelga-de-maquinistas\/","robots":"max-image-preview:large","keywords":"noticias y actualidad","webmasterTools":{"google-site-verification":"UA-38556648-1","miscellaneous":""},"schema":{"@context":"https:\/\/schema.org","@graph":[{"@type":"Article","@id":"https:\/\/eldigitaldeasturias.com\/magazine365\/renfe-afronta-hoy-la-tercera-jornada-de-huelga-de-maquinistas\/#article","name":"Renfe afronta hoy la tercera jornada de huelga de maquinistas | El Digital de Asturias","headline":"Renfe afronta hoy la tercera jornada de huelga de maquinistas","author":{"@id":"https:\/\/eldigitaldeasturias.com\/magazine365\/author\/admin\/#author"},"publisher":{"@id":"https:\/\/eldigitaldeasturias.com\/magazine365\/#organization"},"image":{"@type":"ImageObject","url":"https:\/\/eldigitaldeasturias.com\/magazine365\/wp-content\/uploads\/2016\/06\/fotonoticia_20160614111050_800.jpg","width":800,"height":494},"datePublished":"2016-06-14T14:56:47+02:00","dateModified":"2016-06-14T14:58:01+02:00","inLanguage":"es-ES","mainEntityOfPage":{"@id":"https:\/\/eldigitaldeasturias.com\/magazine365\/renfe-afronta-hoy-la-tercera-jornada-de-huelga-de-maquinistas\/#webpage"},"isPartOf":{"@id":"https:\/\/eldigitaldeasturias.com\/magazine365\/renfe-afronta-hoy-la-tercera-jornada-de-huelga-de-maquinistas\/#webpage"},"articleSection":"Noticias y Actualidad"},{"@type":"BreadcrumbList","@id":"https:\/\/eldigitaldeasturias.com\/magazine365\/renfe-afronta-hoy-la-tercera-jornada-de-huelga-de-maquinistas\/#breadcrumblist","itemListElement":[{"@type":"ListItem","@id":"https:\/\/eldigitaldeasturias.com\/magazine365#listItem","position":1,"name":"Home","item":"https:\/\/eldigitaldeasturias.com\/magazine365","nextItem":{"@type":"ListItem","@id":"https:\/\/eldigitaldeasturias.com\/magazine365\/category\/noticias-actualidad\/#listItem","name":"Noticias y Actualidad"}},{"@type":"ListItem","@id":"https:\/\/eldigitaldeasturias.com\/magazine365\/category\/noticias-actualidad\/#listItem","position":2,"name":"Noticias y Actualidad","item":"https:\/\/eldigitaldeasturias.com\/magazine365\/category\/noticias-actualidad\/","nextItem":{"@type":"ListItem","@id":"https:\/\/eldigitaldeasturias.com\/magazine365\/renfe-afronta-hoy-la-tercera-jornada-de-huelga-de-maquinistas\/#listItem","name":"Renfe afronta hoy la tercera jornada de huelga de maquinistas"},"previousItem":{"@type":"ListItem","@id":"https:\/\/eldigitaldeasturias.com\/magazine365#listItem","name":"Home"}},{"@type":"ListItem","@id":"https:\/\/eldigitaldeasturias.com\/magazine365\/renfe-afronta-hoy-la-tercera-jornada-de-huelga-de-maquinistas\/#listItem","position":3,"name":"Renfe afronta hoy la tercera jornada de huelga de maquinistas","previousItem":{"@type":"ListItem","@id":"https:\/\/eldigitaldeasturias.com\/magazine365\/category\/noticias-actualidad\/#listItem","name":"Noticias y Actualidad"}}]},{"@type":"Organization","@id":"https:\/\/eldigitaldeasturias.com\/magazine365\/#organization","name":"El digital de Asturias","description":"Revista de ocio, turismo y estilo de vida","url":"https:\/\/eldigitaldeasturias.com\/magazine365\/","logo":{"@type":"ImageObject","url":"https:\/\/www.eldigitaldeasturias.com\/noticias\/wp-content\/uploads\/2020\/12\/EDA.jpg","@id":"https:\/\/eldigitaldeasturias.com\/magazine365\/renfe-afronta-hoy-la-tercera-jornada-de-huelga-de-maquinistas\/#organizationLogo"},"image":{"@id":"https:\/\/eldigitaldeasturias.com\/magazine365\/renfe-afronta-hoy-la-tercera-jornada-de-huelga-de-maquinistas\/#organizationLogo"}},{"@type":"Person","@id":"https:\/\/eldigitaldeasturias.com\/magazine365\/author\/admin\/#author","url":"https:\/\/eldigitaldeasturias.com\/magazine365\/author\/admin\/","name":"admin","image":{"@type":"ImageObject","@id":"https:\/\/eldigitaldeasturias.com\/magazine365\/renfe-afronta-hoy-la-tercera-jornada-de-huelga-de-maquinistas\/#authorImage","url":"https:\/\/eldigitaldeasturias.com\/magazine365\/wp-content\/litespeed\/avatar\/e571bcf59a0edd6fa6838245a470f2fe.jpg?ver=1776969259","width":96,"height":96,"caption":"admin"}},{"@type":"WebPage","@id":"https:\/\/eldigitaldeasturias.com\/magazine365\/renfe-afronta-hoy-la-tercera-jornada-de-huelga-de-maquinistas\/#webpage","url":"https:\/\/eldigitaldeasturias.com\/magazine365\/renfe-afronta-hoy-la-tercera-jornada-de-huelga-de-maquinistas\/","name":"Renfe afronta hoy la tercera jornada de huelga de maquinistas | El Digital de Asturias","description":"Renfe afronta este martes la tercera de las jornadas de huelga que el sindicato de maquinistas Semaf tiene convocadas en la compa\u00f1\u00eda ferroviaria, al terminar sin acuerdo la reuni\u00f3n que ambas partes mantuvieron en la tarde de ayer. \"No hubo ning\u00fan acercamiento\", indicaron sobre el encuentro en fuentes de Semaf, que aseguran que \"no hay","inLanguage":"es-ES","isPartOf":{"@id":"https:\/\/eldigitaldeasturias.com\/magazine365\/#website"},"breadcrumb":{"@id":"https:\/\/eldigitaldeasturias.com\/magazine365\/renfe-afronta-hoy-la-tercera-jornada-de-huelga-de-maquinistas\/#breadcrumblist"},"author":{"@id":"https:\/\/eldigitaldeasturias.com\/magazine365\/author\/admin\/#author"},"creator":{"@id":"https:\/\/eldigitaldeasturias.com\/magazine365\/author\/admin\/#author"},"image":{"@type":"ImageObject","url":"https:\/\/eldigitaldeasturias.com\/magazine365\/wp-content\/uploads\/2016\/06\/fotonoticia_20160614111050_800.jpg","@id":"https:\/\/eldigitaldeasturias.com\/magazine365\/renfe-afronta-hoy-la-tercera-jornada-de-huelga-de-maquinistas\/#mainImage","width":800,"height":494},"primaryImageOfPage":{"@id":"https:\/\/eldigitaldeasturias.com\/magazine365\/renfe-afronta-hoy-la-tercera-jornada-de-huelga-de-maquinistas\/#mainImage"},"datePublished":"2016-06-14T14:56:47+02:00","dateModified":"2016-06-14T14:58:01+02:00"},{"@type":"WebSite","@id":"https:\/\/eldigitaldeasturias.com\/magazine365\/#website","url":"https:\/\/eldigitaldeasturias.com\/magazine365\/","name":"El Digital de Asturias","description":"Revista de ocio, turismo y estilo de vida","inLanguage":"es-ES","publisher":{"@id":"https:\/\/eldigitaldeasturias.com\/magazine365\/#organization"}}]},"og:locale":"es_ES","og:site_name":"El Digital de Asturias \u2013 Revista de ocio, turismo y estilo de vida","og:type":"article","og:title":"Renfe afronta hoy la tercera jornada de huelga de maquinistas | El Digital de Asturias","og:description":"Renfe afronta este martes la tercera de las jornadas de huelga que el sindicato de maquinistas Semaf tiene convocadas en la compa\u00f1\u00eda ferroviaria, al terminar sin acuerdo la reuni\u00f3n que ambas partes mantuvieron en la tarde de ayer. &quot;No hubo ning\u00fan acercamiento&quot;, indicaron sobre el encuentro en fuentes de Semaf, que aseguran que &quot;no hay","og:url":"https:\/\/eldigitaldeasturias.com\/magazine365\/renfe-afronta-hoy-la-tercera-jornada-de-huelga-de-maquinistas\/","og:image":"https:\/\/eldigitaldeasturias.com\/magazine365\/wp-content\/uploads\/2016\/06\/fotonoticia_20160614111050_800.jpg","og:image:secure_url":"https:\/\/eldigitaldeasturias.com\/magazine365\/wp-content\/uploads\/2016\/06\/fotonoticia_20160614111050_800.jpg","og:image:width":800,"og:image:height":494,"article:published_time":"2016-06-14T12:56:47+00:00","article:modified_time":"2016-06-14T12:58:01+00:00","twitter:card":"summary_large_image","twitter:title":"Renfe afronta hoy la tercera jornada de huelga de maquinistas | El Digital de Asturias","twitter:description":"Renfe afronta este martes la tercera de las jornadas de huelga que el sindicato de maquinistas Semaf tiene convocadas en la compa\u00f1\u00eda ferroviaria, al terminar sin acuerdo la reuni\u00f3n que ambas partes mantuvieron en la tarde de ayer. &quot;No hubo ning\u00fan acercamiento&quot;, indicaron sobre el encuentro en fuentes de Semaf, que aseguran que &quot;no hay","twitter:image":"https:\/\/eldigitaldeasturias.com\/magazine365\/wp-content\/uploads\/2016\/06\/fotonoticia_20160614111050_800.jpg"},"aioseo_meta_data":{"post_id":"79099","title":null,"description":null,"keywords":null,"keyphrases":null,"primary_term":null,"canonical_url":null,"og_title":null,"og_description":null,"og_object_type":"default","og_image_type":"default","og_image_url":null,"og_image_width":null,"og_image_height":null,"og_image_custom_url":null,"og_image_custom_fields":null,"og_video":null,"og_custom_url":null,"og_article_section":null,"og_article_tags":null,"twitter_use_og":false,"twitter_card":"default","twitter_image_type":"default","twitter_image_url":null,"twitter_image_custom_url":null,"twitter_image_custom_fields":null,"twitter_title":null,"twitter_description":null,"schema":{"blockGraphs":[],"customGraphs":[],"default":{"data":{"Article":[],"Course":[],"Dataset":[],"FAQPage":[],"Movie":[],"Person":[],"Product":[],"ProductReview":[],"Car":[],"Recipe":[],"Service":[],"SoftwareApplication":[],"WebPage":[]},"graphName":"","isEnabled":true},"graphs":[],"defaultGraph":"","defaultPostTypeGraph":""},"schema_type":null,"schema_type_options":null,"pillar_content":false,"robots_default":true,"robots_noindex":false,"robots_noarchive":false,"robots_nosnippet":false,"robots_nofollow":false,"robots_noimageindex":false,"robots_noodp":false,"robots_notranslate":false,"robots_max_snippet":null,"robots_max_videopreview":null,"robots_max_imagepreview":"large","priority":null,"frequency":null,"location":null,"local_seo":null,"seo_analyzer_scan_date":"2025-09-27 18:15:17","breadcrumb_settings":null,"limit_modified_date":false,"open_ai":null,"ai":null,"created":"2021-03-08 17:51:56","updated":"2025-09-27 18:15:17"},"aioseo_breadcrumb":"<div class=\"aioseo-breadcrumbs\"><span class=\"aioseo-breadcrumb\">\n\t<a href=\"https:\/\/eldigitaldeasturias.com\/magazine365\" title=\"Home\">Home<\/a>\n<\/span><span class=\"aioseo-breadcrumb-separator\">\u2013<\/span><span class=\"aioseo-breadcrumb\">\n\t<a href=\"https:\/\/eldigitaldeasturias.com\/magazine365\/category\/noticias-actualidad\/\" title=\"Noticias y Actualidad\">Noticias y Actualidad<\/a>\n<\/span><span class=\"aioseo-breadcrumb-separator\">\u2013<\/span><span class=\"aioseo-breadcrumb\">\n\t<a href=\"https:\/\/eldigitaldeasturias.com\/magazine365\/renfe-afronta-hoy-la-tercera-jornada-de-huelga-de-maquinistas\/\" title=\"Renfe afronta hoy la tercera jornada de huelga de maquinistas\">Renfe afronta hoy la tercera jornada de huelga de maquinistas<\/a>\n<\/span><\/div>","aioseo_breadcrumb_json":[{"label":"Home","link":"https:\/\/eldigitaldeasturias.com\/magazine365"},{"label":"Noticias y Actualidad","link":"https:\/\/eldigitaldeasturias.com\/magazine365\/category\/noticias-actualidad\/"},{"label":"Renfe afronta hoy la tercera jornada de huelga de maquinistas","link":"https:\/\/eldigitaldeasturias.com\/magazine365\/renfe-afronta-hoy-la-tercera-jornada-de-huelga-de-maquinistas\/"}],"_links":{"self":[{"href":"https:\/\/eldigitaldeasturias.com\/magazine365\/wp-json\/wp\/v2\/posts\/79099","targetHints":{"allow":["GET"]}}],"collection":[{"href":"https:\/\/eldigitaldeasturias.com\/magazine365\/wp-json\/wp\/v2\/posts"}],"about":[{"href":"https:\/\/eldigitaldeasturias.com\/magazine365\/wp-json\/wp\/v2\/types\/post"}],"author":[{"embeddable":true,"href":"https:\/\/eldigitaldeasturias.com\/magazine365\/wp-json\/wp\/v2\/users\/1"}],"replies":[{"embeddable":true,"href":"https:\/\/eldigitaldeasturias.com\/magazine365\/wp-json\/wp\/v2\/comments?post=79099"}],"version-history":[{"count":0,"href":"https:\/\/eldigitaldeasturias.com\/magazine365\/wp-json\/wp\/v2\/posts\/79099\/revisions"}],"wp:featuredmedia":[{"embeddable":true,"href":"https:\/\/eldigitaldeasturias.com\/magazine365\/wp-json\/wp\/v2\/media\/79100"}],"wp:attachment":[{"href":"https:\/\/eldigitaldeasturias.com\/magazine365\/wp-json\/wp\/v2\/media?parent=79099"}],"wp:term":[{"taxonomy":"category","embeddable":true,"href":"https:\/\/eldigitaldeasturias.com\/magazine365\/wp-json\/wp\/v2\/categories?post=79099"},{"taxonomy":"post_tag","embeddable":true,"href":"https:\/\/eldigitaldeasturias.com\/magazine365\/wp-json\/wp\/v2\/tags?post=79099"}],"curies":[{"name":"wp","href":"https:\/\/api.w.org\/{rel}","templated":true}]}}