{"id":79095,"date":"2016-06-14T14:45:09","date_gmt":"2016-06-14T12:45:09","guid":{"rendered":"http:\/\/eldigitaldeasturias.com\/magazine365\/?p=79095"},"modified":"2016-06-14T14:45:09","modified_gmt":"2016-06-14T12:45:09","slug":"el-turismo-no-es-una-prioridad-para-los-partidos-politicos-en-sus-programas-electorales","status":"publish","type":"post","link":"https:\/\/eldigitaldeasturias.com\/magazine365\/el-turismo-no-es-una-prioridad-para-los-partidos-politicos-en-sus-programas-electorales\/","title":{"rendered":"El turismo no es una prioridad para los partidos pol\u00edticos en sus programas electorales"},"content":{"rendered":"<p><img fetchpriority=\"high\" decoding=\"async\" class=\"alignleft size-medium wp-image-79096\" src=\"https:\/\/eldigitaldeasturias.com\/magazine365\/wp-content\/uploads\/2016\/06\/fotonoticia_20160614104016_800-360x259.jpg\" alt=\"fotonoticia_20160614104016_800\" width=\"360\" height=\"259\" srcset=\"https:\/\/eldigitaldeasturias.com\/magazine365\/wp-content\/uploads\/2016\/06\/fotonoticia_20160614104016_800-360x259.jpg 360w, https:\/\/eldigitaldeasturias.com\/magazine365\/wp-content\/uploads\/2016\/06\/fotonoticia_20160614104016_800-650x467.jpg 650w, https:\/\/eldigitaldeasturias.com\/magazine365\/wp-content\/uploads\/2016\/06\/fotonoticia_20160614104016_800-768x552.jpg 768w, https:\/\/eldigitaldeasturias.com\/magazine365\/wp-content\/uploads\/2016\/06\/fotonoticia_20160614104016_800-150x108.jpg 150w, https:\/\/eldigitaldeasturias.com\/magazine365\/wp-content\/uploads\/2016\/06\/fotonoticia_20160614104016_800-450x323.jpg 450w, https:\/\/eldigitaldeasturias.com\/magazine365\/wp-content\/uploads\/2016\/06\/fotonoticia_20160614104016_800.jpg 800w\" sizes=\"(max-width: 360px) 100vw, 360px\" \/>El turismo no es una prioridad en los programas de los partidos pol\u00edticos que concurren a las pr\u00f3ximas elecciones el 26 de junio, y aunque algunos apuestan por el turismo sostenible, por el nuevo turista digital, aseguran que crear\u00e1n nuevas l\u00edneas de financiaci\u00f3n y que revalorizar\u00e1n la oferta, lo cierto es que las menciones a este sector en los programas electorales son muy escasas y se describen en l\u00edneas muy generales.<\/p>\n<p>El Partido Popular asegura que mantendr\u00e1 su estrategia tur\u00edstica a medio y largo plazo, con una gesti\u00f3n de la actividad tur\u00edstica de manera \u00abintegral y coherente\u00bb, e implicando a todos los niveles de la Administraci\u00f3n y al sector privado.<\/p>\n<p>Para ello se adoptar\u00e1 una Estrategia Anual de Cooperaci\u00f3n y una imagen com\u00fan del destino Espa\u00f1a en la que se d\u00e9 voz a los municipios tur\u00edsticos.<\/p>\n<p>En el programa con el que concurren a las pr\u00f3ximas elecciones bajo el t\u00edtulo &#8216;Seguir Avanzando&#8217; que consta de un total de 223 p\u00e1ginas, cuatro de ellas est\u00e1n dedicadas al sector tur\u00edstico. En ellas se propone conseguir la sostenibilidad medioambiental del modelo tur\u00edstico espa\u00f1ol priorizando la recuperaci\u00f3n de zonas degradadas o abandonadas.<\/p>\n<p>En infraestructuras tur\u00edsticas, se dar\u00e1 una \u00abespecial prioridad\u00bb a la modernizaci\u00f3n de los destinos maduros a trav\u00e9s de inversiones p\u00fablicas y privadas. Para ello se crear\u00e1 una l\u00ednea de financiaci\u00f3n &#8216;Espa\u00f1a Inversi\u00f3n Turismo&#8217;, \u00abque aprovechar\u00e1 la mejora de las condiciones de financiaci\u00f3n de la econom\u00eda espa\u00f1ola con el fin de modernizar las infraestructuras tur\u00edsticas\u00bb.<\/p>\n<p>Tambi\u00e9n se pondr\u00e1 especial \u00e9nfasis en el incremento de la calidad percibida, tanto de cara al turista nacional como al internacional y se potenciar\u00e1 el Sistema de Calidad Tur\u00edstico Espa\u00f1ol \u00abpara situar a Espa\u00f1a como un destino tur\u00edstico internacional de calidad\u00bb.<\/p>\n<p>El Partido Popular tambi\u00e9n apuesta por una pol\u00edtica de promoci\u00f3n que permita llegar al nuevo turista digital y abrir nuevos mercados, enfoc\u00e1ndose en los segmentos de mayor capacidad de gasto. Tambi\u00e9n se mejorar\u00e1 la promoci\u00f3n &#8216;online&#8217; de Espa\u00f1a trav\u00e9s del portal Spain.info y de su versi\u00f3n m\u00f3vil.<\/p>\n<p>Asimismo se compromete a arbitrar medidas para que el alquiler de viviendas tur\u00edsticas de corta duraci\u00f3n se realice en condiciones de calidad, transparencia y fiscalidad adecuadas, y pondr\u00e1 en marcha planes espec\u00edficos de desarrollo y promoci\u00f3n de productos tur\u00edsticos desestacionalizadores (turismo cultural, de naturaleza, de compras, de negocios, de congresos, el deportivo, el gastron\u00f3mico, de salud o el enol\u00f3gico).<\/p>\n<p>Se crear\u00e1n nuevos programas orientados a captar turistas que viajan fuera de temporada como los j\u00f3venes, los senior y las personas con discapacidad, favoreciendo con ello el turismo social e inclusivo. Adem\u00e1s se dotar\u00e1 a los profesionales del sector de mayor formaci\u00f3n potenciando la ense\u00f1anza de idiomas.<\/p>\n<h2 class=\"ladillo\">MODERNIZACI\u00d3N DEL TURISMO PARA EL PSOE<\/h2>\n<p>El PSOE incluye el turismo dentro del programa &#8216;Espa\u00f1a Econom\u00eda 4.0&#8217; destinado la modernizaci\u00f3n y dinamizaci\u00f3n de los sectores industriales tradicionales de Espa\u00f1a (agricultura, ganader\u00eda, pesca, turismo o construcci\u00f3n). Este programa ofrecer\u00e1 planes sectoriales espec\u00edficos para la aceleraci\u00f3n de la transformaci\u00f3n digital en estos sectores.<\/p>\n<p>Esta formaci\u00f3n pol\u00edtica propone \u00abhacer del turismo una prioridad pol\u00edtica, una pol\u00edtica de estado para avanzar hacia un nuevo modelo de desarrollo tur\u00edstico, m\u00e1s competitivo, sostenible, desestacionalizador e innovador, que haga del turismo un gran motor de prosperidad, elevando su rentabilidad socioecon\u00f3mica\u00bb.<\/p>\n<p>El cambio de rumbo de la pol\u00edtica de turismo que propone el PSOE va dirigido a avanzar en una pol\u00edtica tur\u00edstica m\u00e1s transversal y colaborativa, con un fuerte compromiso p\u00fablico y privado, \u00abadem\u00e1s de apostar por el conocimiento y el talento, promoviendo la cultura de la innovaci\u00f3n en el sector\u00bb.<\/p>\n<p>Promueve el cambio en las estructuras y los modelos de gesti\u00f3n actuales, apuesta por revalorizar la oferta tur\u00edstica, con productos de mayor valor a\u00f1adido y capacidad desestacionalizadora para atraer nuevos segmentos de demanda, de mayor poder adquisitivo y gasto.<\/p>\n<p>El PSOE se compromete a una nueva estrategia de marketing orientada al consumidor en base a productos de m\u00e1s demanda, con mayor participaci\u00f3n de destinos y empresas. En este contexto considera necesario homogeneizar las marcas tur\u00edsticas, evitando una desmedida proliferaci\u00f3n.<\/p>\n<p>Adem\u00e1s aboga por impulsar el Plan Turismo Litoral S. XXI, promoviendo la creaci\u00f3n de las condiciones necesarias para su impulso e implementaci\u00f3n.<\/p>\n<p>Para finalizar la formaci\u00f3n de Pedro S\u00e1nchez apuesta por impulsar, en el marco de la Uni\u00f3n Europea, un programa comunitario de turismo cultural y social que permita la movilidad entre pa\u00edses de las personas mayores, como apoyo a la demanda tur\u00edstica de los diferentes Estados miembros.<\/p>\n<h2 class=\"ladillo\">POLITICA DE ESTADO<\/h2>\n<p>Aunque Albert Rivera asegura en los m\u00edtines que apuesta por que el turismo sea \u00abpol\u00edtica de Estado\u00bb lo cierto es que apenas cuatro p\u00e1rrafos se refieren a este sector en la totalidad de su programa. En el punto 253 se asegura que se elaborar\u00e1 un nuevo Plan Estrat\u00e9gico de Turismo para captar nuevos segmentos de mercado y se modernizar\u00e1 la oferta de servicios para potenciar la estructura de TourSpain como \u00abescaparate nacional\u00bb.<\/p>\n<p>Adem\u00e1s se asegura que se incentivar\u00e1 la cooperaci\u00f3n entre el sector p\u00fablico y privado y se apuesta por crear una Agencia para la Promoci\u00f3n del Sector Agroalimentario y el Turismo.<\/p>\n<p>En el apartado sanitario tambi\u00e9n se hace una menci\u00f3n al sector asegurando que se tomar\u00e1n las medidas necesarias para el cobro de servicios sanitarios evitando de este modo el turismo sanitario.<\/p>\n<h2 class=\"ladillo\">APUESTA POR EL TURISMO SOSTENIBLE DE PODEMOS<\/h2>\n<p>Podemos, que concurrir\u00e1 a estas elecciones junto a Izquierda Unida propone en su programa un plan de sostenibilidad del turismo a desarrollar en un horizonte temporal de 15 a\u00f1os, \u00abque establezca nuevas bases para el desarrollo de un nuevo modelo tur\u00edstico para Espa\u00f1a\u00bb, y para caa una de las comunidades aut\u00f3nomas y municipios tur\u00edsticos.<\/p>\n<p>En el punto n\u00famero 389 de su programa electoral, que en esta ocasi\u00f3n tiene la apariencia de un cat\u00e1logo de Ikea, propone la creaci\u00f3n de una etiqueta verde dentro de un marco que regule el impacto medioambiental, cultural y social de las actividades tur\u00edsticas.<\/p>\n<p>Adem\u00e1s el partido dirigido por Pablo Iglesias apuesta por la ecoeficiencia en su programa electoral con \u00abprocesos productivos sostenibles mediante regulaciones adecuadas de los sistemas de transporte de los suministros, embalajes y reciclaje\u00bb.<\/p>\n<p>La formaci\u00f3n pol\u00edtica tambi\u00e9n promover\u00e1 el desarrollo de destinos tur\u00edsticos afines a esta tendencia, con la incorporaci\u00f3n de empresarios, trabajadores, ciudadanos, gestores, investigadores, t\u00e9cnicos y responsables pol\u00edticos.<\/p>\n<p>Por \u00faltimo, Podemos tambi\u00e9n incluye en su medida 287, relativa al Plan de Rescate Ecol\u00f3gico de Espa\u00f1a, una propuesta para dise\u00f1ar un sistema que haga compatible la supervivencia de los grandes carn\u00edvoros en sus ecosistemas naturales y las actividades econ\u00f3micas del ser humano, tales como el ecoturismo y el transporte.<\/p>\n","protected":false},"excerpt":{"rendered":"<p>El turismo no es una prioridad en los programas de los partidos pol\u00edticos que concurren a las pr\u00f3ximas elecciones el 26 de junio, y aunque algunos apuestan por el turismo sostenible, por el nuevo turista digital, aseguran que crear\u00e1n nuevas l\u00edneas de financiaci\u00f3n y que revalorizar\u00e1n la oferta, lo cierto es que las menciones a<\/p>\n","protected":false},"author":1,"featured_media":79096,"comment_status":"open","ping_status":"closed","sticky":false,"template":"","format":"standard","meta":{"footnotes":""},"categories":[224],"tags":[],"class_list":{"0":"post-79095","1":"post","2":"type-post","3":"status-publish","4":"format-standard","5":"has-post-thumbnail","7":"category-noticias-actualidad"},"aioseo_notices":[],"aioseo_head":"\n\t\t<!-- All in One SEO Pro 4.9.6.1 - aioseo.com -->\n\t<meta name=\"description\" content=\"El turismo no es una prioridad en los programas de los partidos pol\u00edticos que concurren a las pr\u00f3ximas elecciones el 26 de junio, y aunque algunos apuestan por el turismo sostenible, por el nuevo turista digital, aseguran que crear\u00e1n nuevas l\u00edneas de financiaci\u00f3n y que revalorizar\u00e1n la oferta, lo cierto es que las menciones a\" \/>\n\t<meta name=\"robots\" content=\"max-image-preview:large\" \/>\n\t<meta name=\"author\" content=\"admin\"\/>\n\t<meta name=\"google-site-verification\" content=\"UA-38556648-1\" \/>\n\t<meta name=\"keywords\" content=\"noticias y actualidad\" \/>\n\t<link rel=\"canonical\" href=\"https:\/\/eldigitaldeasturias.com\/magazine365\/el-turismo-no-es-una-prioridad-para-los-partidos-politicos-en-sus-programas-electorales\/\" \/>\n\t<meta name=\"generator\" content=\"All in One SEO Pro (AIOSEO) 4.9.6.1\" \/>\n\t\t<meta property=\"og:locale\" content=\"es_ES\" \/>\n\t\t<meta property=\"og:site_name\" content=\"El Digital de Asturias \u2013 Revista de ocio, turismo y estilo de vida\" \/>\n\t\t<meta property=\"og:type\" content=\"article\" \/>\n\t\t<meta property=\"og:title\" content=\"El turismo no es una prioridad para los partidos pol\u00edticos en sus programas electorales | El Digital de Asturias\" \/>\n\t\t<meta property=\"og:description\" content=\"El turismo no es una prioridad en los programas de los partidos pol\u00edticos que concurren a las pr\u00f3ximas elecciones el 26 de junio, y aunque algunos apuestan por el turismo sostenible, por el nuevo turista digital, aseguran que crear\u00e1n nuevas l\u00edneas de financiaci\u00f3n y que revalorizar\u00e1n la oferta, lo cierto es que las menciones a\" \/>\n\t\t<meta property=\"og:url\" content=\"https:\/\/eldigitaldeasturias.com\/magazine365\/el-turismo-no-es-una-prioridad-para-los-partidos-politicos-en-sus-programas-electorales\/\" \/>\n\t\t<meta property=\"og:image\" content=\"https:\/\/eldigitaldeasturias.com\/magazine365\/wp-content\/uploads\/2016\/06\/fotonoticia_20160614104016_800.jpg\" \/>\n\t\t<meta property=\"og:image:secure_url\" content=\"https:\/\/eldigitaldeasturias.com\/magazine365\/wp-content\/uploads\/2016\/06\/fotonoticia_20160614104016_800.jpg\" \/>\n\t\t<meta property=\"og:image:width\" content=\"800\" \/>\n\t\t<meta property=\"og:image:height\" content=\"575\" \/>\n\t\t<meta property=\"article:published_time\" content=\"2016-06-14T12:45:09+00:00\" \/>\n\t\t<meta property=\"article:modified_time\" content=\"2016-06-14T12:45:09+00:00\" \/>\n\t\t<meta name=\"twitter:card\" content=\"summary_large_image\" \/>\n\t\t<meta name=\"twitter:title\" content=\"El turismo no es una prioridad para los partidos pol\u00edticos en sus programas electorales | El Digital de Asturias\" \/>\n\t\t<meta name=\"twitter:description\" content=\"El turismo no es una prioridad en los programas de los partidos pol\u00edticos que concurren a las pr\u00f3ximas elecciones el 26 de junio, y aunque algunos apuestan por el turismo sostenible, por el nuevo turista digital, aseguran que crear\u00e1n nuevas l\u00edneas de financiaci\u00f3n y que revalorizar\u00e1n la oferta, lo cierto es que las menciones a\" \/>\n\t\t<meta name=\"twitter:image\" content=\"https:\/\/eldigitaldeasturias.com\/magazine365\/wp-content\/uploads\/2016\/06\/fotonoticia_20160614104016_800.jpg\" \/>\n\t\t<script type=\"application\/ld+json\" class=\"aioseo-schema\">\n\t\t\t{\"@context\":\"https:\\\/\\\/schema.org\",\"@graph\":[{\"@type\":\"Article\",\"@id\":\"https:\\\/\\\/eldigitaldeasturias.com\\\/magazine365\\\/el-turismo-no-es-una-prioridad-para-los-partidos-politicos-en-sus-programas-electorales\\\/#article\",\"name\":\"El turismo no es una prioridad para los partidos pol\\u00edticos en sus programas electorales | El Digital de Asturias\",\"headline\":\"El turismo no es una prioridad para los partidos pol\\u00edticos en sus programas electorales\",\"author\":{\"@id\":\"https:\\\/\\\/eldigitaldeasturias.com\\\/magazine365\\\/author\\\/admin\\\/#author\"},\"publisher\":{\"@id\":\"https:\\\/\\\/eldigitaldeasturias.com\\\/magazine365\\\/#organization\"},\"image\":{\"@type\":\"ImageObject\",\"url\":\"https:\\\/\\\/eldigitaldeasturias.com\\\/magazine365\\\/wp-content\\\/uploads\\\/2016\\\/06\\\/fotonoticia_20160614104016_800.jpg\",\"width\":800,\"height\":575},\"datePublished\":\"2016-06-14T14:45:09+02:00\",\"dateModified\":\"2016-06-14T14:45:09+02:00\",\"inLanguage\":\"es-ES\",\"mainEntityOfPage\":{\"@id\":\"https:\\\/\\\/eldigitaldeasturias.com\\\/magazine365\\\/el-turismo-no-es-una-prioridad-para-los-partidos-politicos-en-sus-programas-electorales\\\/#webpage\"},\"isPartOf\":{\"@id\":\"https:\\\/\\\/eldigitaldeasturias.com\\\/magazine365\\\/el-turismo-no-es-una-prioridad-para-los-partidos-politicos-en-sus-programas-electorales\\\/#webpage\"},\"articleSection\":\"Noticias y Actualidad\"},{\"@type\":\"BreadcrumbList\",\"@id\":\"https:\\\/\\\/eldigitaldeasturias.com\\\/magazine365\\\/el-turismo-no-es-una-prioridad-para-los-partidos-politicos-en-sus-programas-electorales\\\/#breadcrumblist\",\"itemListElement\":[{\"@type\":\"ListItem\",\"@id\":\"https:\\\/\\\/eldigitaldeasturias.com\\\/magazine365#listItem\",\"position\":1,\"name\":\"Home\",\"item\":\"https:\\\/\\\/eldigitaldeasturias.com\\\/magazine365\",\"nextItem\":{\"@type\":\"ListItem\",\"@id\":\"https:\\\/\\\/eldigitaldeasturias.com\\\/magazine365\\\/category\\\/noticias-actualidad\\\/#listItem\",\"name\":\"Noticias y Actualidad\"}},{\"@type\":\"ListItem\",\"@id\":\"https:\\\/\\\/eldigitaldeasturias.com\\\/magazine365\\\/category\\\/noticias-actualidad\\\/#listItem\",\"position\":2,\"name\":\"Noticias y Actualidad\",\"item\":\"https:\\\/\\\/eldigitaldeasturias.com\\\/magazine365\\\/category\\\/noticias-actualidad\\\/\",\"nextItem\":{\"@type\":\"ListItem\",\"@id\":\"https:\\\/\\\/eldigitaldeasturias.com\\\/magazine365\\\/el-turismo-no-es-una-prioridad-para-los-partidos-politicos-en-sus-programas-electorales\\\/#listItem\",\"name\":\"El turismo no es una prioridad para los partidos pol\\u00edticos en sus programas electorales\"},\"previousItem\":{\"@type\":\"ListItem\",\"@id\":\"https:\\\/\\\/eldigitaldeasturias.com\\\/magazine365#listItem\",\"name\":\"Home\"}},{\"@type\":\"ListItem\",\"@id\":\"https:\\\/\\\/eldigitaldeasturias.com\\\/magazine365\\\/el-turismo-no-es-una-prioridad-para-los-partidos-politicos-en-sus-programas-electorales\\\/#listItem\",\"position\":3,\"name\":\"El turismo no es una prioridad para los partidos pol\\u00edticos en sus programas electorales\",\"previousItem\":{\"@type\":\"ListItem\",\"@id\":\"https:\\\/\\\/eldigitaldeasturias.com\\\/magazine365\\\/category\\\/noticias-actualidad\\\/#listItem\",\"name\":\"Noticias y Actualidad\"}}]},{\"@type\":\"Organization\",\"@id\":\"https:\\\/\\\/eldigitaldeasturias.com\\\/magazine365\\\/#organization\",\"name\":\"El digital de Asturias\",\"description\":\"Revista de ocio, turismo y estilo de vida\",\"url\":\"https:\\\/\\\/eldigitaldeasturias.com\\\/magazine365\\\/\",\"logo\":{\"@type\":\"ImageObject\",\"url\":\"https:\\\/\\\/www.eldigitaldeasturias.com\\\/noticias\\\/wp-content\\\/uploads\\\/2020\\\/12\\\/EDA.jpg\",\"@id\":\"https:\\\/\\\/eldigitaldeasturias.com\\\/magazine365\\\/el-turismo-no-es-una-prioridad-para-los-partidos-politicos-en-sus-programas-electorales\\\/#organizationLogo\"},\"image\":{\"@id\":\"https:\\\/\\\/eldigitaldeasturias.com\\\/magazine365\\\/el-turismo-no-es-una-prioridad-para-los-partidos-politicos-en-sus-programas-electorales\\\/#organizationLogo\"}},{\"@type\":\"Person\",\"@id\":\"https:\\\/\\\/eldigitaldeasturias.com\\\/magazine365\\\/author\\\/admin\\\/#author\",\"url\":\"https:\\\/\\\/eldigitaldeasturias.com\\\/magazine365\\\/author\\\/admin\\\/\",\"name\":\"admin\",\"image\":{\"@type\":\"ImageObject\",\"@id\":\"https:\\\/\\\/eldigitaldeasturias.com\\\/magazine365\\\/el-turismo-no-es-una-prioridad-para-los-partidos-politicos-en-sus-programas-electorales\\\/#authorImage\",\"url\":\"https:\\\/\\\/eldigitaldeasturias.com\\\/magazine365\\\/wp-content\\\/litespeed\\\/avatar\\\/e571bcf59a0edd6fa6838245a470f2fe.jpg?ver=1776969259\",\"width\":96,\"height\":96,\"caption\":\"admin\"}},{\"@type\":\"WebPage\",\"@id\":\"https:\\\/\\\/eldigitaldeasturias.com\\\/magazine365\\\/el-turismo-no-es-una-prioridad-para-los-partidos-politicos-en-sus-programas-electorales\\\/#webpage\",\"url\":\"https:\\\/\\\/eldigitaldeasturias.com\\\/magazine365\\\/el-turismo-no-es-una-prioridad-para-los-partidos-politicos-en-sus-programas-electorales\\\/\",\"name\":\"El turismo no es una prioridad para los partidos pol\\u00edticos en sus programas electorales | El Digital de Asturias\",\"description\":\"El turismo no es una prioridad en los programas de los partidos pol\\u00edticos que concurren a las pr\\u00f3ximas elecciones el 26 de junio, y aunque algunos apuestan por el turismo sostenible, por el nuevo turista digital, aseguran que crear\\u00e1n nuevas l\\u00edneas de financiaci\\u00f3n y que revalorizar\\u00e1n la oferta, lo cierto es que las menciones a\",\"inLanguage\":\"es-ES\",\"isPartOf\":{\"@id\":\"https:\\\/\\\/eldigitaldeasturias.com\\\/magazine365\\\/#website\"},\"breadcrumb\":{\"@id\":\"https:\\\/\\\/eldigitaldeasturias.com\\\/magazine365\\\/el-turismo-no-es-una-prioridad-para-los-partidos-politicos-en-sus-programas-electorales\\\/#breadcrumblist\"},\"author\":{\"@id\":\"https:\\\/\\\/eldigitaldeasturias.com\\\/magazine365\\\/author\\\/admin\\\/#author\"},\"creator\":{\"@id\":\"https:\\\/\\\/eldigitaldeasturias.com\\\/magazine365\\\/author\\\/admin\\\/#author\"},\"image\":{\"@type\":\"ImageObject\",\"url\":\"https:\\\/\\\/eldigitaldeasturias.com\\\/magazine365\\\/wp-content\\\/uploads\\\/2016\\\/06\\\/fotonoticia_20160614104016_800.jpg\",\"@id\":\"https:\\\/\\\/eldigitaldeasturias.com\\\/magazine365\\\/el-turismo-no-es-una-prioridad-para-los-partidos-politicos-en-sus-programas-electorales\\\/#mainImage\",\"width\":800,\"height\":575},\"primaryImageOfPage\":{\"@id\":\"https:\\\/\\\/eldigitaldeasturias.com\\\/magazine365\\\/el-turismo-no-es-una-prioridad-para-los-partidos-politicos-en-sus-programas-electorales\\\/#mainImage\"},\"datePublished\":\"2016-06-14T14:45:09+02:00\",\"dateModified\":\"2016-06-14T14:45:09+02:00\"},{\"@type\":\"WebSite\",\"@id\":\"https:\\\/\\\/eldigitaldeasturias.com\\\/magazine365\\\/#website\",\"url\":\"https:\\\/\\\/eldigitaldeasturias.com\\\/magazine365\\\/\",\"name\":\"El Digital de Asturias\",\"description\":\"Revista de ocio, turismo y estilo de vida\",\"inLanguage\":\"es-ES\",\"publisher\":{\"@id\":\"https:\\\/\\\/eldigitaldeasturias.com\\\/magazine365\\\/#organization\"}}]}\n\t\t<\/script>\n\t\t<!-- All in One SEO Pro -->\r\n\t\t<title>El turismo no es una prioridad para los partidos pol\u00edticos en sus programas electorales | El Digital de Asturias<\/title>\n\n","aioseo_head_json":{"title":"El turismo no es una prioridad para los partidos pol\u00edticos en sus programas electorales | El Digital de Asturias","description":"El turismo no es una prioridad en los programas de los partidos pol\u00edticos que concurren a las pr\u00f3ximas elecciones el 26 de junio, y aunque algunos apuestan por el turismo sostenible, por el nuevo turista digital, aseguran que crear\u00e1n nuevas l\u00edneas de financiaci\u00f3n y que revalorizar\u00e1n la oferta, lo cierto es que las menciones a","canonical_url":"https:\/\/eldigitaldeasturias.com\/magazine365\/el-turismo-no-es-una-prioridad-para-los-partidos-politicos-en-sus-programas-electorales\/","robots":"max-image-preview:large","keywords":"noticias y actualidad","webmasterTools":{"google-site-verification":"UA-38556648-1","miscellaneous":""},"schema":{"@context":"https:\/\/schema.org","@graph":[{"@type":"Article","@id":"https:\/\/eldigitaldeasturias.com\/magazine365\/el-turismo-no-es-una-prioridad-para-los-partidos-politicos-en-sus-programas-electorales\/#article","name":"El turismo no es una prioridad para los partidos pol\u00edticos en sus programas electorales | El Digital de Asturias","headline":"El turismo no es una prioridad para los partidos pol\u00edticos en sus programas electorales","author":{"@id":"https:\/\/eldigitaldeasturias.com\/magazine365\/author\/admin\/#author"},"publisher":{"@id":"https:\/\/eldigitaldeasturias.com\/magazine365\/#organization"},"image":{"@type":"ImageObject","url":"https:\/\/eldigitaldeasturias.com\/magazine365\/wp-content\/uploads\/2016\/06\/fotonoticia_20160614104016_800.jpg","width":800,"height":575},"datePublished":"2016-06-14T14:45:09+02:00","dateModified":"2016-06-14T14:45:09+02:00","inLanguage":"es-ES","mainEntityOfPage":{"@id":"https:\/\/eldigitaldeasturias.com\/magazine365\/el-turismo-no-es-una-prioridad-para-los-partidos-politicos-en-sus-programas-electorales\/#webpage"},"isPartOf":{"@id":"https:\/\/eldigitaldeasturias.com\/magazine365\/el-turismo-no-es-una-prioridad-para-los-partidos-politicos-en-sus-programas-electorales\/#webpage"},"articleSection":"Noticias y Actualidad"},{"@type":"BreadcrumbList","@id":"https:\/\/eldigitaldeasturias.com\/magazine365\/el-turismo-no-es-una-prioridad-para-los-partidos-politicos-en-sus-programas-electorales\/#breadcrumblist","itemListElement":[{"@type":"ListItem","@id":"https:\/\/eldigitaldeasturias.com\/magazine365#listItem","position":1,"name":"Home","item":"https:\/\/eldigitaldeasturias.com\/magazine365","nextItem":{"@type":"ListItem","@id":"https:\/\/eldigitaldeasturias.com\/magazine365\/category\/noticias-actualidad\/#listItem","name":"Noticias y Actualidad"}},{"@type":"ListItem","@id":"https:\/\/eldigitaldeasturias.com\/magazine365\/category\/noticias-actualidad\/#listItem","position":2,"name":"Noticias y Actualidad","item":"https:\/\/eldigitaldeasturias.com\/magazine365\/category\/noticias-actualidad\/","nextItem":{"@type":"ListItem","@id":"https:\/\/eldigitaldeasturias.com\/magazine365\/el-turismo-no-es-una-prioridad-para-los-partidos-politicos-en-sus-programas-electorales\/#listItem","name":"El turismo no es una prioridad para los partidos pol\u00edticos en sus programas electorales"},"previousItem":{"@type":"ListItem","@id":"https:\/\/eldigitaldeasturias.com\/magazine365#listItem","name":"Home"}},{"@type":"ListItem","@id":"https:\/\/eldigitaldeasturias.com\/magazine365\/el-turismo-no-es-una-prioridad-para-los-partidos-politicos-en-sus-programas-electorales\/#listItem","position":3,"name":"El turismo no es una prioridad para los partidos pol\u00edticos en sus programas electorales","previousItem":{"@type":"ListItem","@id":"https:\/\/eldigitaldeasturias.com\/magazine365\/category\/noticias-actualidad\/#listItem","name":"Noticias y Actualidad"}}]},{"@type":"Organization","@id":"https:\/\/eldigitaldeasturias.com\/magazine365\/#organization","name":"El digital de Asturias","description":"Revista de ocio, turismo y estilo de vida","url":"https:\/\/eldigitaldeasturias.com\/magazine365\/","logo":{"@type":"ImageObject","url":"https:\/\/www.eldigitaldeasturias.com\/noticias\/wp-content\/uploads\/2020\/12\/EDA.jpg","@id":"https:\/\/eldigitaldeasturias.com\/magazine365\/el-turismo-no-es-una-prioridad-para-los-partidos-politicos-en-sus-programas-electorales\/#organizationLogo"},"image":{"@id":"https:\/\/eldigitaldeasturias.com\/magazine365\/el-turismo-no-es-una-prioridad-para-los-partidos-politicos-en-sus-programas-electorales\/#organizationLogo"}},{"@type":"Person","@id":"https:\/\/eldigitaldeasturias.com\/magazine365\/author\/admin\/#author","url":"https:\/\/eldigitaldeasturias.com\/magazine365\/author\/admin\/","name":"admin","image":{"@type":"ImageObject","@id":"https:\/\/eldigitaldeasturias.com\/magazine365\/el-turismo-no-es-una-prioridad-para-los-partidos-politicos-en-sus-programas-electorales\/#authorImage","url":"https:\/\/eldigitaldeasturias.com\/magazine365\/wp-content\/litespeed\/avatar\/e571bcf59a0edd6fa6838245a470f2fe.jpg?ver=1776969259","width":96,"height":96,"caption":"admin"}},{"@type":"WebPage","@id":"https:\/\/eldigitaldeasturias.com\/magazine365\/el-turismo-no-es-una-prioridad-para-los-partidos-politicos-en-sus-programas-electorales\/#webpage","url":"https:\/\/eldigitaldeasturias.com\/magazine365\/el-turismo-no-es-una-prioridad-para-los-partidos-politicos-en-sus-programas-electorales\/","name":"El turismo no es una prioridad para los partidos pol\u00edticos en sus programas electorales | El Digital de Asturias","description":"El turismo no es una prioridad en los programas de los partidos pol\u00edticos que concurren a las pr\u00f3ximas elecciones el 26 de junio, y aunque algunos apuestan por el turismo sostenible, por el nuevo turista digital, aseguran que crear\u00e1n nuevas l\u00edneas de financiaci\u00f3n y que revalorizar\u00e1n la oferta, lo cierto es que las menciones a","inLanguage":"es-ES","isPartOf":{"@id":"https:\/\/eldigitaldeasturias.com\/magazine365\/#website"},"breadcrumb":{"@id":"https:\/\/eldigitaldeasturias.com\/magazine365\/el-turismo-no-es-una-prioridad-para-los-partidos-politicos-en-sus-programas-electorales\/#breadcrumblist"},"author":{"@id":"https:\/\/eldigitaldeasturias.com\/magazine365\/author\/admin\/#author"},"creator":{"@id":"https:\/\/eldigitaldeasturias.com\/magazine365\/author\/admin\/#author"},"image":{"@type":"ImageObject","url":"https:\/\/eldigitaldeasturias.com\/magazine365\/wp-content\/uploads\/2016\/06\/fotonoticia_20160614104016_800.jpg","@id":"https:\/\/eldigitaldeasturias.com\/magazine365\/el-turismo-no-es-una-prioridad-para-los-partidos-politicos-en-sus-programas-electorales\/#mainImage","width":800,"height":575},"primaryImageOfPage":{"@id":"https:\/\/eldigitaldeasturias.com\/magazine365\/el-turismo-no-es-una-prioridad-para-los-partidos-politicos-en-sus-programas-electorales\/#mainImage"},"datePublished":"2016-06-14T14:45:09+02:00","dateModified":"2016-06-14T14:45:09+02:00"},{"@type":"WebSite","@id":"https:\/\/eldigitaldeasturias.com\/magazine365\/#website","url":"https:\/\/eldigitaldeasturias.com\/magazine365\/","name":"El Digital de Asturias","description":"Revista de ocio, turismo y estilo de vida","inLanguage":"es-ES","publisher":{"@id":"https:\/\/eldigitaldeasturias.com\/magazine365\/#organization"}}]},"og:locale":"es_ES","og:site_name":"El Digital de Asturias \u2013 Revista de ocio, turismo y estilo de vida","og:type":"article","og:title":"El turismo no es una prioridad para los partidos pol\u00edticos en sus programas electorales | El Digital de Asturias","og:description":"El turismo no es una prioridad en los programas de los partidos pol\u00edticos que concurren a las pr\u00f3ximas elecciones el 26 de junio, y aunque algunos apuestan por el turismo sostenible, por el nuevo turista digital, aseguran que crear\u00e1n nuevas l\u00edneas de financiaci\u00f3n y que revalorizar\u00e1n la oferta, lo cierto es que las menciones a","og:url":"https:\/\/eldigitaldeasturias.com\/magazine365\/el-turismo-no-es-una-prioridad-para-los-partidos-politicos-en-sus-programas-electorales\/","og:image":"https:\/\/eldigitaldeasturias.com\/magazine365\/wp-content\/uploads\/2016\/06\/fotonoticia_20160614104016_800.jpg","og:image:secure_url":"https:\/\/eldigitaldeasturias.com\/magazine365\/wp-content\/uploads\/2016\/06\/fotonoticia_20160614104016_800.jpg","og:image:width":800,"og:image:height":575,"article:published_time":"2016-06-14T12:45:09+00:00","article:modified_time":"2016-06-14T12:45:09+00:00","twitter:card":"summary_large_image","twitter:title":"El turismo no es una prioridad para los partidos pol\u00edticos en sus programas electorales | El Digital de Asturias","twitter:description":"El turismo no es una prioridad en los programas de los partidos pol\u00edticos que concurren a las pr\u00f3ximas elecciones el 26 de junio, y aunque algunos apuestan por el turismo sostenible, por el nuevo turista digital, aseguran que crear\u00e1n nuevas l\u00edneas de financiaci\u00f3n y que revalorizar\u00e1n la oferta, lo cierto es que las menciones a","twitter:image":"https:\/\/eldigitaldeasturias.com\/magazine365\/wp-content\/uploads\/2016\/06\/fotonoticia_20160614104016_800.jpg"},"aioseo_meta_data":{"post_id":"79095","title":null,"description":null,"keywords":null,"keyphrases":null,"primary_term":null,"canonical_url":null,"og_title":null,"og_description":null,"og_object_type":"default","og_image_type":"default","og_image_url":null,"og_image_width":null,"og_image_height":null,"og_image_custom_url":null,"og_image_custom_fields":null,"og_video":null,"og_custom_url":null,"og_article_section":null,"og_article_tags":null,"twitter_use_og":false,"twitter_card":"default","twitter_image_type":"default","twitter_image_url":null,"twitter_image_custom_url":null,"twitter_image_custom_fields":null,"twitter_title":null,"twitter_description":null,"schema":{"blockGraphs":[],"customGraphs":[],"default":{"data":{"Article":[],"Course":[],"Dataset":[],"FAQPage":[],"Movie":[],"Person":[],"Product":[],"ProductReview":[],"Car":[],"Recipe":[],"Service":[],"SoftwareApplication":[],"WebPage":[]},"graphName":"","isEnabled":true},"graphs":[],"defaultGraph":"","defaultPostTypeGraph":""},"schema_type":null,"schema_type_options":null,"pillar_content":false,"robots_default":true,"robots_noindex":false,"robots_noarchive":false,"robots_nosnippet":false,"robots_nofollow":false,"robots_noimageindex":false,"robots_noodp":false,"robots_notranslate":false,"robots_max_snippet":null,"robots_max_videopreview":null,"robots_max_imagepreview":"large","priority":null,"frequency":null,"location":null,"local_seo":null,"seo_analyzer_scan_date":"2025-09-27 18:13:53","breadcrumb_settings":null,"limit_modified_date":false,"open_ai":null,"ai":null,"created":"2021-03-08 17:51:56","updated":"2025-09-27 18:13:53"},"aioseo_breadcrumb":"<div class=\"aioseo-breadcrumbs\"><span class=\"aioseo-breadcrumb\">\n\t<a href=\"https:\/\/eldigitaldeasturias.com\/magazine365\" title=\"Home\">Home<\/a>\n<\/span><span class=\"aioseo-breadcrumb-separator\">\u2013<\/span><span class=\"aioseo-breadcrumb\">\n\t<a href=\"https:\/\/eldigitaldeasturias.com\/magazine365\/category\/noticias-actualidad\/\" title=\"Noticias y Actualidad\">Noticias y Actualidad<\/a>\n<\/span><span class=\"aioseo-breadcrumb-separator\">\u2013<\/span><span class=\"aioseo-breadcrumb\">\n\t<a href=\"https:\/\/eldigitaldeasturias.com\/magazine365\/el-turismo-no-es-una-prioridad-para-los-partidos-politicos-en-sus-programas-electorales\/\" title=\"El turismo no es una prioridad para los partidos pol\u00edticos en sus programas electorales\">El turismo no es una prioridad para los partidos pol\u00edticos en sus programas electorales<\/a>\n<\/span><\/div>","aioseo_breadcrumb_json":[{"label":"Home","link":"https:\/\/eldigitaldeasturias.com\/magazine365"},{"label":"Noticias y Actualidad","link":"https:\/\/eldigitaldeasturias.com\/magazine365\/category\/noticias-actualidad\/"},{"label":"El turismo no es una prioridad para los partidos pol\u00edticos en sus programas electorales","link":"https:\/\/eldigitaldeasturias.com\/magazine365\/el-turismo-no-es-una-prioridad-para-los-partidos-politicos-en-sus-programas-electorales\/"}],"_links":{"self":[{"href":"https:\/\/eldigitaldeasturias.com\/magazine365\/wp-json\/wp\/v2\/posts\/79095","targetHints":{"allow":["GET"]}}],"collection":[{"href":"https:\/\/eldigitaldeasturias.com\/magazine365\/wp-json\/wp\/v2\/posts"}],"about":[{"href":"https:\/\/eldigitaldeasturias.com\/magazine365\/wp-json\/wp\/v2\/types\/post"}],"author":[{"embeddable":true,"href":"https:\/\/eldigitaldeasturias.com\/magazine365\/wp-json\/wp\/v2\/users\/1"}],"replies":[{"embeddable":true,"href":"https:\/\/eldigitaldeasturias.com\/magazine365\/wp-json\/wp\/v2\/comments?post=79095"}],"version-history":[{"count":0,"href":"https:\/\/eldigitaldeasturias.com\/magazine365\/wp-json\/wp\/v2\/posts\/79095\/revisions"}],"wp:featuredmedia":[{"embeddable":true,"href":"https:\/\/eldigitaldeasturias.com\/magazine365\/wp-json\/wp\/v2\/media\/79096"}],"wp:attachment":[{"href":"https:\/\/eldigitaldeasturias.com\/magazine365\/wp-json\/wp\/v2\/media?parent=79095"}],"wp:term":[{"taxonomy":"category","embeddable":true,"href":"https:\/\/eldigitaldeasturias.com\/magazine365\/wp-json\/wp\/v2\/categories?post=79095"},{"taxonomy":"post_tag","embeddable":true,"href":"https:\/\/eldigitaldeasturias.com\/magazine365\/wp-json\/wp\/v2\/tags?post=79095"}],"curies":[{"name":"wp","href":"https:\/\/api.w.org\/{rel}","templated":true}]}}