{"id":79085,"date":"2016-06-14T11:27:10","date_gmt":"2016-06-14T09:27:10","guid":{"rendered":"http:\/\/eldigitaldeasturias.com\/magazine365\/?p=79085"},"modified":"2016-06-14T11:27:10","modified_gmt":"2016-06-14T09:27:10","slug":"las-cajas-negras-del-avion-de-egyptair-dejaran-de-emitir-senales-el-24-de-junio","status":"publish","type":"post","link":"https:\/\/eldigitaldeasturias.com\/magazine365\/las-cajas-negras-del-avion-de-egyptair-dejaran-de-emitir-senales-el-24-de-junio\/","title":{"rendered":"Las cajas negras del avi\u00f3n de EgyptAir dejar\u00e1n de emitir se\u00f1ales el 24 de junio"},"content":{"rendered":"<p><img fetchpriority=\"high\" decoding=\"async\" class=\"alignleft size-medium wp-image-79086\" src=\"https:\/\/eldigitaldeasturias.com\/magazine365\/wp-content\/uploads\/2016\/06\/fotonoticia_20160614093548_800-360x256.jpg\" alt=\"fotonoticia_20160614093548_800\" width=\"360\" height=\"256\" srcset=\"https:\/\/eldigitaldeasturias.com\/magazine365\/wp-content\/uploads\/2016\/06\/fotonoticia_20160614093548_800-360x256.jpg 360w, https:\/\/eldigitaldeasturias.com\/magazine365\/wp-content\/uploads\/2016\/06\/fotonoticia_20160614093548_800-650x462.jpg 650w, https:\/\/eldigitaldeasturias.com\/magazine365\/wp-content\/uploads\/2016\/06\/fotonoticia_20160614093548_800-768x546.jpg 768w, https:\/\/eldigitaldeasturias.com\/magazine365\/wp-content\/uploads\/2016\/06\/fotonoticia_20160614093548_800-150x107.jpg 150w, https:\/\/eldigitaldeasturias.com\/magazine365\/wp-content\/uploads\/2016\/06\/fotonoticia_20160614093548_800-450x320.jpg 450w, https:\/\/eldigitaldeasturias.com\/magazine365\/wp-content\/uploads\/2016\/06\/fotonoticia_20160614093548_800.jpg 800w\" sizes=\"(max-width: 360px) 100vw, 360px\" \/>Las cajas negras pertenecientes al avi\u00f3n de EgyptAir que se estrell\u00f3 en el mar Mediterr\u00e1neo el mes pasado dejar\u00e1n de emitir se\u00f1ales el pr\u00f3ximo 24 de junio y los barcos que est\u00e1n realizando las tareas de b\u00fasqueda est\u00e1n trabajando a contrarreloj para poder recuperarlas, seg\u00fan ha informado en un comunicado la Comisi\u00f3n de Investigaci\u00f3n egipcia a cargo del caso.<\/p>\n<p>Sin las cajas negras, los investigadores no cuentan con informaci\u00f3n suficiente para determinar las causas por las que el avi\u00f3n de EgyptAir, que llevaba a 66 personas a bordo, se estrell\u00f3 en medio del Mediterr\u00e1neo el pasado 19 de mayo.<\/p>\n<p>La Comisi\u00f3n de Investigaci\u00f3n egipcia ha anunciado adem\u00e1s en un comunicado que ha aceptado la solicitud de la Junta Nacional de la Seguridad del Transporte de Estados Unidos (NSTB) de tener un representante en el equipo.<\/p>\n<p>Los motores de la aeronave fueron construidos por un consorcio liderado por la empresa estadounidense Pratt &amp; Whitney. Por lo general, en este tipo de incidentes se invita al pa\u00eds en el que fueron construidos los motores a formar parte de la comisi\u00f3n de investigaci\u00f3n, pero no es obligatorio.<\/p>\n<p>Los investigadores han dicho que varias im\u00e1genes procedentes del Ej\u00e9rcito egipcio han confirmado lo que ya estipulaban informes previos basados en los datos de los radares griegos y brit\u00e1nicos: que el avi\u00f3n cambi\u00f3 de rumbo bruscamente antes de estrellarse en el mar.<\/p>\n<p>La Navegaci\u00f3n \u00c1rea Egipcia hab\u00eda declarado que el avi\u00f3n desapareci\u00f3 de su radar a una altitud de crucero de m\u00e1s de 11.000 metros. Los datos de la agencia egipcia contradec\u00edan el registro del Ministerio de Defensa griego, que indicaba que la aeronave hab\u00eda girado de forma muy brusca hacia la izquierda, para luego girar 360 grados hacia la derecha, justo antes de desaparecer de los radares a una altura de unos 4.500 metros.<\/p>\n<p>El despeje de esta inc\u00f3gnita tiene una gran importancia, ya que excluye de forma definitiva la posibilidad de que el avi\u00f3n se estrellase a ra\u00edz de una explosi\u00f3n en pleno vuelo.<\/p>\n<p>La agencia francesa de Investigaci\u00f3n de Accidentes \u00c1ereos (BEA), que est\u00e1 colaborando con las autoridades egipcias en la b\u00fasqueda submarina de las cajas negras, ha informado de que uno de los barcos de b\u00fasqueda est\u00e1 recibiendo se\u00f1ales de una de las cajas, lo que les ha permitido reducir el per\u00edmetro de b\u00fasqueda de forma radical.<\/p>\n","protected":false},"excerpt":{"rendered":"<p>Las cajas negras pertenecientes al avi\u00f3n de EgyptAir que se estrell\u00f3 en el mar Mediterr\u00e1neo el mes pasado dejar\u00e1n de emitir se\u00f1ales el pr\u00f3ximo 24 de junio y los barcos que est\u00e1n realizando las tareas de b\u00fasqueda est\u00e1n trabajando a contrarreloj para poder recuperarlas, seg\u00fan ha informado en un comunicado la Comisi\u00f3n de Investigaci\u00f3n egipcia<\/p>\n","protected":false},"author":1,"featured_media":79086,"comment_status":"open","ping_status":"closed","sticky":false,"template":"","format":"standard","meta":{"footnotes":""},"categories":[224],"tags":[],"class_list":{"0":"post-79085","1":"post","2":"type-post","3":"status-publish","4":"format-standard","5":"has-post-thumbnail","7":"category-noticias-actualidad"},"aioseo_notices":[],"aioseo_head":"\n\t\t<!-- All in One SEO Pro 4.9.6.1 - aioseo.com -->\n\t<meta name=\"description\" content=\"Las cajas negras pertenecientes al avi\u00f3n de EgyptAir que se estrell\u00f3 en el mar Mediterr\u00e1neo el mes pasado dejar\u00e1n de emitir se\u00f1ales el pr\u00f3ximo 24 de junio y los barcos que est\u00e1n realizando las tareas de b\u00fasqueda est\u00e1n trabajando a contrarreloj para poder recuperarlas, seg\u00fan ha informado en un comunicado la Comisi\u00f3n de Investigaci\u00f3n egipcia\" \/>\n\t<meta name=\"robots\" content=\"max-image-preview:large\" \/>\n\t<meta name=\"author\" content=\"admin\"\/>\n\t<meta name=\"google-site-verification\" content=\"UA-38556648-1\" \/>\n\t<meta name=\"keywords\" content=\"noticias y actualidad\" \/>\n\t<link rel=\"canonical\" href=\"https:\/\/eldigitaldeasturias.com\/magazine365\/las-cajas-negras-del-avion-de-egyptair-dejaran-de-emitir-senales-el-24-de-junio\/\" \/>\n\t<meta name=\"generator\" content=\"All in One SEO Pro (AIOSEO) 4.9.6.1\" \/>\n\t\t<meta property=\"og:locale\" content=\"es_ES\" \/>\n\t\t<meta property=\"og:site_name\" content=\"El Digital de Asturias \u2013 Revista de ocio, turismo y estilo de vida\" \/>\n\t\t<meta property=\"og:type\" content=\"article\" \/>\n\t\t<meta property=\"og:title\" content=\"Las cajas negras del avi\u00f3n de EgyptAir dejar\u00e1n de emitir se\u00f1ales el 24 de junio | El Digital de Asturias\" \/>\n\t\t<meta property=\"og:description\" content=\"Las cajas negras pertenecientes al avi\u00f3n de EgyptAir que se estrell\u00f3 en el mar Mediterr\u00e1neo el mes pasado dejar\u00e1n de emitir se\u00f1ales el pr\u00f3ximo 24 de junio y los barcos que est\u00e1n realizando las tareas de b\u00fasqueda est\u00e1n trabajando a contrarreloj para poder recuperarlas, seg\u00fan ha informado en un comunicado la Comisi\u00f3n de Investigaci\u00f3n egipcia\" \/>\n\t\t<meta property=\"og:url\" content=\"https:\/\/eldigitaldeasturias.com\/magazine365\/las-cajas-negras-del-avion-de-egyptair-dejaran-de-emitir-senales-el-24-de-junio\/\" \/>\n\t\t<meta property=\"og:image\" content=\"https:\/\/eldigitaldeasturias.com\/magazine365\/wp-content\/uploads\/2016\/06\/fotonoticia_20160614093548_800.jpg\" \/>\n\t\t<meta property=\"og:image:secure_url\" content=\"https:\/\/eldigitaldeasturias.com\/magazine365\/wp-content\/uploads\/2016\/06\/fotonoticia_20160614093548_800.jpg\" \/>\n\t\t<meta property=\"og:image:width\" content=\"800\" \/>\n\t\t<meta property=\"og:image:height\" content=\"569\" \/>\n\t\t<meta property=\"article:published_time\" content=\"2016-06-14T09:27:10+00:00\" \/>\n\t\t<meta property=\"article:modified_time\" content=\"2016-06-14T09:27:10+00:00\" \/>\n\t\t<meta name=\"twitter:card\" content=\"summary_large_image\" \/>\n\t\t<meta name=\"twitter:title\" content=\"Las cajas negras del avi\u00f3n de EgyptAir dejar\u00e1n de emitir se\u00f1ales el 24 de junio | El Digital de Asturias\" \/>\n\t\t<meta name=\"twitter:description\" content=\"Las cajas negras pertenecientes al avi\u00f3n de EgyptAir que se estrell\u00f3 en el mar Mediterr\u00e1neo el mes pasado dejar\u00e1n de emitir se\u00f1ales el pr\u00f3ximo 24 de junio y los barcos que est\u00e1n realizando las tareas de b\u00fasqueda est\u00e1n trabajando a contrarreloj para poder recuperarlas, seg\u00fan ha informado en un comunicado la Comisi\u00f3n de Investigaci\u00f3n egipcia\" \/>\n\t\t<meta name=\"twitter:image\" content=\"https:\/\/eldigitaldeasturias.com\/magazine365\/wp-content\/uploads\/2016\/06\/fotonoticia_20160614093548_800.jpg\" \/>\n\t\t<script type=\"application\/ld+json\" class=\"aioseo-schema\">\n\t\t\t{\"@context\":\"https:\\\/\\\/schema.org\",\"@graph\":[{\"@type\":\"Article\",\"@id\":\"https:\\\/\\\/eldigitaldeasturias.com\\\/magazine365\\\/las-cajas-negras-del-avion-de-egyptair-dejaran-de-emitir-senales-el-24-de-junio\\\/#article\",\"name\":\"Las cajas negras del avi\\u00f3n de EgyptAir dejar\\u00e1n de emitir se\\u00f1ales el 24 de junio | El Digital de Asturias\",\"headline\":\"Las cajas negras del avi\\u00f3n de EgyptAir dejar\\u00e1n de emitir se\\u00f1ales el 24 de junio\",\"author\":{\"@id\":\"https:\\\/\\\/eldigitaldeasturias.com\\\/magazine365\\\/author\\\/admin\\\/#author\"},\"publisher\":{\"@id\":\"https:\\\/\\\/eldigitaldeasturias.com\\\/magazine365\\\/#organization\"},\"image\":{\"@type\":\"ImageObject\",\"url\":\"https:\\\/\\\/eldigitaldeasturias.com\\\/magazine365\\\/wp-content\\\/uploads\\\/2016\\\/06\\\/fotonoticia_20160614093548_800.jpg\",\"width\":800,\"height\":569},\"datePublished\":\"2016-06-14T11:27:10+02:00\",\"dateModified\":\"2016-06-14T11:27:10+02:00\",\"inLanguage\":\"es-ES\",\"mainEntityOfPage\":{\"@id\":\"https:\\\/\\\/eldigitaldeasturias.com\\\/magazine365\\\/las-cajas-negras-del-avion-de-egyptair-dejaran-de-emitir-senales-el-24-de-junio\\\/#webpage\"},\"isPartOf\":{\"@id\":\"https:\\\/\\\/eldigitaldeasturias.com\\\/magazine365\\\/las-cajas-negras-del-avion-de-egyptair-dejaran-de-emitir-senales-el-24-de-junio\\\/#webpage\"},\"articleSection\":\"Noticias y Actualidad\"},{\"@type\":\"BreadcrumbList\",\"@id\":\"https:\\\/\\\/eldigitaldeasturias.com\\\/magazine365\\\/las-cajas-negras-del-avion-de-egyptair-dejaran-de-emitir-senales-el-24-de-junio\\\/#breadcrumblist\",\"itemListElement\":[{\"@type\":\"ListItem\",\"@id\":\"https:\\\/\\\/eldigitaldeasturias.com\\\/magazine365#listItem\",\"position\":1,\"name\":\"Home\",\"item\":\"https:\\\/\\\/eldigitaldeasturias.com\\\/magazine365\",\"nextItem\":{\"@type\":\"ListItem\",\"@id\":\"https:\\\/\\\/eldigitaldeasturias.com\\\/magazine365\\\/category\\\/noticias-actualidad\\\/#listItem\",\"name\":\"Noticias y Actualidad\"}},{\"@type\":\"ListItem\",\"@id\":\"https:\\\/\\\/eldigitaldeasturias.com\\\/magazine365\\\/category\\\/noticias-actualidad\\\/#listItem\",\"position\":2,\"name\":\"Noticias y Actualidad\",\"item\":\"https:\\\/\\\/eldigitaldeasturias.com\\\/magazine365\\\/category\\\/noticias-actualidad\\\/\",\"nextItem\":{\"@type\":\"ListItem\",\"@id\":\"https:\\\/\\\/eldigitaldeasturias.com\\\/magazine365\\\/las-cajas-negras-del-avion-de-egyptair-dejaran-de-emitir-senales-el-24-de-junio\\\/#listItem\",\"name\":\"Las cajas negras del avi\\u00f3n de EgyptAir dejar\\u00e1n de emitir se\\u00f1ales el 24 de junio\"},\"previousItem\":{\"@type\":\"ListItem\",\"@id\":\"https:\\\/\\\/eldigitaldeasturias.com\\\/magazine365#listItem\",\"name\":\"Home\"}},{\"@type\":\"ListItem\",\"@id\":\"https:\\\/\\\/eldigitaldeasturias.com\\\/magazine365\\\/las-cajas-negras-del-avion-de-egyptair-dejaran-de-emitir-senales-el-24-de-junio\\\/#listItem\",\"position\":3,\"name\":\"Las cajas negras del avi\\u00f3n de EgyptAir dejar\\u00e1n de emitir se\\u00f1ales el 24 de junio\",\"previousItem\":{\"@type\":\"ListItem\",\"@id\":\"https:\\\/\\\/eldigitaldeasturias.com\\\/magazine365\\\/category\\\/noticias-actualidad\\\/#listItem\",\"name\":\"Noticias y Actualidad\"}}]},{\"@type\":\"Organization\",\"@id\":\"https:\\\/\\\/eldigitaldeasturias.com\\\/magazine365\\\/#organization\",\"name\":\"El digital de Asturias\",\"description\":\"Revista de ocio, turismo y estilo de vida\",\"url\":\"https:\\\/\\\/eldigitaldeasturias.com\\\/magazine365\\\/\",\"logo\":{\"@type\":\"ImageObject\",\"url\":\"https:\\\/\\\/www.eldigitaldeasturias.com\\\/noticias\\\/wp-content\\\/uploads\\\/2020\\\/12\\\/EDA.jpg\",\"@id\":\"https:\\\/\\\/eldigitaldeasturias.com\\\/magazine365\\\/las-cajas-negras-del-avion-de-egyptair-dejaran-de-emitir-senales-el-24-de-junio\\\/#organizationLogo\"},\"image\":{\"@id\":\"https:\\\/\\\/eldigitaldeasturias.com\\\/magazine365\\\/las-cajas-negras-del-avion-de-egyptair-dejaran-de-emitir-senales-el-24-de-junio\\\/#organizationLogo\"}},{\"@type\":\"Person\",\"@id\":\"https:\\\/\\\/eldigitaldeasturias.com\\\/magazine365\\\/author\\\/admin\\\/#author\",\"url\":\"https:\\\/\\\/eldigitaldeasturias.com\\\/magazine365\\\/author\\\/admin\\\/\",\"name\":\"admin\",\"image\":{\"@type\":\"ImageObject\",\"@id\":\"https:\\\/\\\/eldigitaldeasturias.com\\\/magazine365\\\/las-cajas-negras-del-avion-de-egyptair-dejaran-de-emitir-senales-el-24-de-junio\\\/#authorImage\",\"url\":\"https:\\\/\\\/eldigitaldeasturias.com\\\/magazine365\\\/wp-content\\\/litespeed\\\/avatar\\\/e571bcf59a0edd6fa6838245a470f2fe.jpg?ver=1776969259\",\"width\":96,\"height\":96,\"caption\":\"admin\"}},{\"@type\":\"WebPage\",\"@id\":\"https:\\\/\\\/eldigitaldeasturias.com\\\/magazine365\\\/las-cajas-negras-del-avion-de-egyptair-dejaran-de-emitir-senales-el-24-de-junio\\\/#webpage\",\"url\":\"https:\\\/\\\/eldigitaldeasturias.com\\\/magazine365\\\/las-cajas-negras-del-avion-de-egyptair-dejaran-de-emitir-senales-el-24-de-junio\\\/\",\"name\":\"Las cajas negras del avi\\u00f3n de EgyptAir dejar\\u00e1n de emitir se\\u00f1ales el 24 de junio | El Digital de Asturias\",\"description\":\"Las cajas negras pertenecientes al avi\\u00f3n de EgyptAir que se estrell\\u00f3 en el mar Mediterr\\u00e1neo el mes pasado dejar\\u00e1n de emitir se\\u00f1ales el pr\\u00f3ximo 24 de junio y los barcos que est\\u00e1n realizando las tareas de b\\u00fasqueda est\\u00e1n trabajando a contrarreloj para poder recuperarlas, seg\\u00fan ha informado en un comunicado la Comisi\\u00f3n de Investigaci\\u00f3n egipcia\",\"inLanguage\":\"es-ES\",\"isPartOf\":{\"@id\":\"https:\\\/\\\/eldigitaldeasturias.com\\\/magazine365\\\/#website\"},\"breadcrumb\":{\"@id\":\"https:\\\/\\\/eldigitaldeasturias.com\\\/magazine365\\\/las-cajas-negras-del-avion-de-egyptair-dejaran-de-emitir-senales-el-24-de-junio\\\/#breadcrumblist\"},\"author\":{\"@id\":\"https:\\\/\\\/eldigitaldeasturias.com\\\/magazine365\\\/author\\\/admin\\\/#author\"},\"creator\":{\"@id\":\"https:\\\/\\\/eldigitaldeasturias.com\\\/magazine365\\\/author\\\/admin\\\/#author\"},\"image\":{\"@type\":\"ImageObject\",\"url\":\"https:\\\/\\\/eldigitaldeasturias.com\\\/magazine365\\\/wp-content\\\/uploads\\\/2016\\\/06\\\/fotonoticia_20160614093548_800.jpg\",\"@id\":\"https:\\\/\\\/eldigitaldeasturias.com\\\/magazine365\\\/las-cajas-negras-del-avion-de-egyptair-dejaran-de-emitir-senales-el-24-de-junio\\\/#mainImage\",\"width\":800,\"height\":569},\"primaryImageOfPage\":{\"@id\":\"https:\\\/\\\/eldigitaldeasturias.com\\\/magazine365\\\/las-cajas-negras-del-avion-de-egyptair-dejaran-de-emitir-senales-el-24-de-junio\\\/#mainImage\"},\"datePublished\":\"2016-06-14T11:27:10+02:00\",\"dateModified\":\"2016-06-14T11:27:10+02:00\"},{\"@type\":\"WebSite\",\"@id\":\"https:\\\/\\\/eldigitaldeasturias.com\\\/magazine365\\\/#website\",\"url\":\"https:\\\/\\\/eldigitaldeasturias.com\\\/magazine365\\\/\",\"name\":\"El Digital de Asturias\",\"description\":\"Revista de ocio, turismo y estilo de vida\",\"inLanguage\":\"es-ES\",\"publisher\":{\"@id\":\"https:\\\/\\\/eldigitaldeasturias.com\\\/magazine365\\\/#organization\"}}]}\n\t\t<\/script>\n\t\t<!-- All in One SEO Pro -->\r\n\t\t<title>Las cajas negras del avi\u00f3n de EgyptAir dejar\u00e1n de emitir se\u00f1ales el 24 de junio | El Digital de Asturias<\/title>\n\n","aioseo_head_json":{"title":"Las cajas negras del avi\u00f3n de EgyptAir dejar\u00e1n de emitir se\u00f1ales el 24 de junio | El Digital de Asturias","description":"Las cajas negras pertenecientes al avi\u00f3n de EgyptAir que se estrell\u00f3 en el mar Mediterr\u00e1neo el mes pasado dejar\u00e1n de emitir se\u00f1ales el pr\u00f3ximo 24 de junio y los barcos que est\u00e1n realizando las tareas de b\u00fasqueda est\u00e1n trabajando a contrarreloj para poder recuperarlas, seg\u00fan ha informado en un comunicado la Comisi\u00f3n de Investigaci\u00f3n egipcia","canonical_url":"https:\/\/eldigitaldeasturias.com\/magazine365\/las-cajas-negras-del-avion-de-egyptair-dejaran-de-emitir-senales-el-24-de-junio\/","robots":"max-image-preview:large","keywords":"noticias y actualidad","webmasterTools":{"google-site-verification":"UA-38556648-1","miscellaneous":""},"schema":{"@context":"https:\/\/schema.org","@graph":[{"@type":"Article","@id":"https:\/\/eldigitaldeasturias.com\/magazine365\/las-cajas-negras-del-avion-de-egyptair-dejaran-de-emitir-senales-el-24-de-junio\/#article","name":"Las cajas negras del avi\u00f3n de EgyptAir dejar\u00e1n de emitir se\u00f1ales el 24 de junio | El Digital de Asturias","headline":"Las cajas negras del avi\u00f3n de EgyptAir dejar\u00e1n de emitir se\u00f1ales el 24 de junio","author":{"@id":"https:\/\/eldigitaldeasturias.com\/magazine365\/author\/admin\/#author"},"publisher":{"@id":"https:\/\/eldigitaldeasturias.com\/magazine365\/#organization"},"image":{"@type":"ImageObject","url":"https:\/\/eldigitaldeasturias.com\/magazine365\/wp-content\/uploads\/2016\/06\/fotonoticia_20160614093548_800.jpg","width":800,"height":569},"datePublished":"2016-06-14T11:27:10+02:00","dateModified":"2016-06-14T11:27:10+02:00","inLanguage":"es-ES","mainEntityOfPage":{"@id":"https:\/\/eldigitaldeasturias.com\/magazine365\/las-cajas-negras-del-avion-de-egyptair-dejaran-de-emitir-senales-el-24-de-junio\/#webpage"},"isPartOf":{"@id":"https:\/\/eldigitaldeasturias.com\/magazine365\/las-cajas-negras-del-avion-de-egyptair-dejaran-de-emitir-senales-el-24-de-junio\/#webpage"},"articleSection":"Noticias y Actualidad"},{"@type":"BreadcrumbList","@id":"https:\/\/eldigitaldeasturias.com\/magazine365\/las-cajas-negras-del-avion-de-egyptair-dejaran-de-emitir-senales-el-24-de-junio\/#breadcrumblist","itemListElement":[{"@type":"ListItem","@id":"https:\/\/eldigitaldeasturias.com\/magazine365#listItem","position":1,"name":"Home","item":"https:\/\/eldigitaldeasturias.com\/magazine365","nextItem":{"@type":"ListItem","@id":"https:\/\/eldigitaldeasturias.com\/magazine365\/category\/noticias-actualidad\/#listItem","name":"Noticias y Actualidad"}},{"@type":"ListItem","@id":"https:\/\/eldigitaldeasturias.com\/magazine365\/category\/noticias-actualidad\/#listItem","position":2,"name":"Noticias y Actualidad","item":"https:\/\/eldigitaldeasturias.com\/magazine365\/category\/noticias-actualidad\/","nextItem":{"@type":"ListItem","@id":"https:\/\/eldigitaldeasturias.com\/magazine365\/las-cajas-negras-del-avion-de-egyptair-dejaran-de-emitir-senales-el-24-de-junio\/#listItem","name":"Las cajas negras del avi\u00f3n de EgyptAir dejar\u00e1n de emitir se\u00f1ales el 24 de junio"},"previousItem":{"@type":"ListItem","@id":"https:\/\/eldigitaldeasturias.com\/magazine365#listItem","name":"Home"}},{"@type":"ListItem","@id":"https:\/\/eldigitaldeasturias.com\/magazine365\/las-cajas-negras-del-avion-de-egyptair-dejaran-de-emitir-senales-el-24-de-junio\/#listItem","position":3,"name":"Las cajas negras del avi\u00f3n de EgyptAir dejar\u00e1n de emitir se\u00f1ales el 24 de junio","previousItem":{"@type":"ListItem","@id":"https:\/\/eldigitaldeasturias.com\/magazine365\/category\/noticias-actualidad\/#listItem","name":"Noticias y Actualidad"}}]},{"@type":"Organization","@id":"https:\/\/eldigitaldeasturias.com\/magazine365\/#organization","name":"El digital de Asturias","description":"Revista de ocio, turismo y estilo de vida","url":"https:\/\/eldigitaldeasturias.com\/magazine365\/","logo":{"@type":"ImageObject","url":"https:\/\/www.eldigitaldeasturias.com\/noticias\/wp-content\/uploads\/2020\/12\/EDA.jpg","@id":"https:\/\/eldigitaldeasturias.com\/magazine365\/las-cajas-negras-del-avion-de-egyptair-dejaran-de-emitir-senales-el-24-de-junio\/#organizationLogo"},"image":{"@id":"https:\/\/eldigitaldeasturias.com\/magazine365\/las-cajas-negras-del-avion-de-egyptair-dejaran-de-emitir-senales-el-24-de-junio\/#organizationLogo"}},{"@type":"Person","@id":"https:\/\/eldigitaldeasturias.com\/magazine365\/author\/admin\/#author","url":"https:\/\/eldigitaldeasturias.com\/magazine365\/author\/admin\/","name":"admin","image":{"@type":"ImageObject","@id":"https:\/\/eldigitaldeasturias.com\/magazine365\/las-cajas-negras-del-avion-de-egyptair-dejaran-de-emitir-senales-el-24-de-junio\/#authorImage","url":"https:\/\/eldigitaldeasturias.com\/magazine365\/wp-content\/litespeed\/avatar\/e571bcf59a0edd6fa6838245a470f2fe.jpg?ver=1776969259","width":96,"height":96,"caption":"admin"}},{"@type":"WebPage","@id":"https:\/\/eldigitaldeasturias.com\/magazine365\/las-cajas-negras-del-avion-de-egyptair-dejaran-de-emitir-senales-el-24-de-junio\/#webpage","url":"https:\/\/eldigitaldeasturias.com\/magazine365\/las-cajas-negras-del-avion-de-egyptair-dejaran-de-emitir-senales-el-24-de-junio\/","name":"Las cajas negras del avi\u00f3n de EgyptAir dejar\u00e1n de emitir se\u00f1ales el 24 de junio | El Digital de Asturias","description":"Las cajas negras pertenecientes al avi\u00f3n de EgyptAir que se estrell\u00f3 en el mar Mediterr\u00e1neo el mes pasado dejar\u00e1n de emitir se\u00f1ales el pr\u00f3ximo 24 de junio y los barcos que est\u00e1n realizando las tareas de b\u00fasqueda est\u00e1n trabajando a contrarreloj para poder recuperarlas, seg\u00fan ha informado en un comunicado la Comisi\u00f3n de Investigaci\u00f3n egipcia","inLanguage":"es-ES","isPartOf":{"@id":"https:\/\/eldigitaldeasturias.com\/magazine365\/#website"},"breadcrumb":{"@id":"https:\/\/eldigitaldeasturias.com\/magazine365\/las-cajas-negras-del-avion-de-egyptair-dejaran-de-emitir-senales-el-24-de-junio\/#breadcrumblist"},"author":{"@id":"https:\/\/eldigitaldeasturias.com\/magazine365\/author\/admin\/#author"},"creator":{"@id":"https:\/\/eldigitaldeasturias.com\/magazine365\/author\/admin\/#author"},"image":{"@type":"ImageObject","url":"https:\/\/eldigitaldeasturias.com\/magazine365\/wp-content\/uploads\/2016\/06\/fotonoticia_20160614093548_800.jpg","@id":"https:\/\/eldigitaldeasturias.com\/magazine365\/las-cajas-negras-del-avion-de-egyptair-dejaran-de-emitir-senales-el-24-de-junio\/#mainImage","width":800,"height":569},"primaryImageOfPage":{"@id":"https:\/\/eldigitaldeasturias.com\/magazine365\/las-cajas-negras-del-avion-de-egyptair-dejaran-de-emitir-senales-el-24-de-junio\/#mainImage"},"datePublished":"2016-06-14T11:27:10+02:00","dateModified":"2016-06-14T11:27:10+02:00"},{"@type":"WebSite","@id":"https:\/\/eldigitaldeasturias.com\/magazine365\/#website","url":"https:\/\/eldigitaldeasturias.com\/magazine365\/","name":"El Digital de Asturias","description":"Revista de ocio, turismo y estilo de vida","inLanguage":"es-ES","publisher":{"@id":"https:\/\/eldigitaldeasturias.com\/magazine365\/#organization"}}]},"og:locale":"es_ES","og:site_name":"El Digital de Asturias \u2013 Revista de ocio, turismo y estilo de vida","og:type":"article","og:title":"Las cajas negras del avi\u00f3n de EgyptAir dejar\u00e1n de emitir se\u00f1ales el 24 de junio | El Digital de Asturias","og:description":"Las cajas negras pertenecientes al avi\u00f3n de EgyptAir que se estrell\u00f3 en el mar Mediterr\u00e1neo el mes pasado dejar\u00e1n de emitir se\u00f1ales el pr\u00f3ximo 24 de junio y los barcos que est\u00e1n realizando las tareas de b\u00fasqueda est\u00e1n trabajando a contrarreloj para poder recuperarlas, seg\u00fan ha informado en un comunicado la Comisi\u00f3n de Investigaci\u00f3n egipcia","og:url":"https:\/\/eldigitaldeasturias.com\/magazine365\/las-cajas-negras-del-avion-de-egyptair-dejaran-de-emitir-senales-el-24-de-junio\/","og:image":"https:\/\/eldigitaldeasturias.com\/magazine365\/wp-content\/uploads\/2016\/06\/fotonoticia_20160614093548_800.jpg","og:image:secure_url":"https:\/\/eldigitaldeasturias.com\/magazine365\/wp-content\/uploads\/2016\/06\/fotonoticia_20160614093548_800.jpg","og:image:width":800,"og:image:height":569,"article:published_time":"2016-06-14T09:27:10+00:00","article:modified_time":"2016-06-14T09:27:10+00:00","twitter:card":"summary_large_image","twitter:title":"Las cajas negras del avi\u00f3n de EgyptAir dejar\u00e1n de emitir se\u00f1ales el 24 de junio | El Digital de Asturias","twitter:description":"Las cajas negras pertenecientes al avi\u00f3n de EgyptAir que se estrell\u00f3 en el mar Mediterr\u00e1neo el mes pasado dejar\u00e1n de emitir se\u00f1ales el pr\u00f3ximo 24 de junio y los barcos que est\u00e1n realizando las tareas de b\u00fasqueda est\u00e1n trabajando a contrarreloj para poder recuperarlas, seg\u00fan ha informado en un comunicado la Comisi\u00f3n de Investigaci\u00f3n egipcia","twitter:image":"https:\/\/eldigitaldeasturias.com\/magazine365\/wp-content\/uploads\/2016\/06\/fotonoticia_20160614093548_800.jpg"},"aioseo_meta_data":{"post_id":"79085","title":null,"description":null,"keywords":null,"keyphrases":null,"primary_term":null,"canonical_url":null,"og_title":null,"og_description":null,"og_object_type":"default","og_image_type":"default","og_image_url":null,"og_image_width":null,"og_image_height":null,"og_image_custom_url":null,"og_image_custom_fields":null,"og_video":null,"og_custom_url":null,"og_article_section":null,"og_article_tags":null,"twitter_use_og":false,"twitter_card":"default","twitter_image_type":"default","twitter_image_url":null,"twitter_image_custom_url":null,"twitter_image_custom_fields":null,"twitter_title":null,"twitter_description":null,"schema":{"blockGraphs":[],"customGraphs":[],"default":{"data":{"Article":[],"Course":[],"Dataset":[],"FAQPage":[],"Movie":[],"Person":[],"Product":[],"ProductReview":[],"Car":[],"Recipe":[],"Service":[],"SoftwareApplication":[],"WebPage":[]},"graphName":"","isEnabled":true},"graphs":[],"defaultGraph":"","defaultPostTypeGraph":""},"schema_type":null,"schema_type_options":null,"pillar_content":false,"robots_default":true,"robots_noindex":false,"robots_noarchive":false,"robots_nosnippet":false,"robots_nofollow":false,"robots_noimageindex":false,"robots_noodp":false,"robots_notranslate":false,"robots_max_snippet":null,"robots_max_videopreview":null,"robots_max_imagepreview":"large","priority":null,"frequency":null,"location":null,"local_seo":null,"seo_analyzer_scan_date":"2025-09-27 18:13:49","breadcrumb_settings":null,"limit_modified_date":false,"open_ai":null,"ai":null,"created":"2021-03-08 17:53:10","updated":"2025-09-27 18:13:49"},"aioseo_breadcrumb":"<div class=\"aioseo-breadcrumbs\"><span class=\"aioseo-breadcrumb\">\n\t<a href=\"https:\/\/eldigitaldeasturias.com\/magazine365\" title=\"Home\">Home<\/a>\n<\/span><span class=\"aioseo-breadcrumb-separator\">\u2013<\/span><span class=\"aioseo-breadcrumb\">\n\t<a href=\"https:\/\/eldigitaldeasturias.com\/magazine365\/category\/noticias-actualidad\/\" title=\"Noticias y Actualidad\">Noticias y Actualidad<\/a>\n<\/span><span class=\"aioseo-breadcrumb-separator\">\u2013<\/span><span class=\"aioseo-breadcrumb\">\n\t<a href=\"https:\/\/eldigitaldeasturias.com\/magazine365\/las-cajas-negras-del-avion-de-egyptair-dejaran-de-emitir-senales-el-24-de-junio\/\" title=\"Las cajas negras del avi\u00f3n de EgyptAir dejar\u00e1n de emitir se\u00f1ales el 24 de junio\">Las cajas negras del avi\u00f3n de EgyptAir dejar\u00e1n de emitir se\u00f1ales el 24 de junio<\/a>\n<\/span><\/div>","aioseo_breadcrumb_json":[{"label":"Home","link":"https:\/\/eldigitaldeasturias.com\/magazine365"},{"label":"Noticias y Actualidad","link":"https:\/\/eldigitaldeasturias.com\/magazine365\/category\/noticias-actualidad\/"},{"label":"Las cajas negras del avi\u00f3n de EgyptAir dejar\u00e1n de emitir se\u00f1ales el 24 de junio","link":"https:\/\/eldigitaldeasturias.com\/magazine365\/las-cajas-negras-del-avion-de-egyptair-dejaran-de-emitir-senales-el-24-de-junio\/"}],"_links":{"self":[{"href":"https:\/\/eldigitaldeasturias.com\/magazine365\/wp-json\/wp\/v2\/posts\/79085","targetHints":{"allow":["GET"]}}],"collection":[{"href":"https:\/\/eldigitaldeasturias.com\/magazine365\/wp-json\/wp\/v2\/posts"}],"about":[{"href":"https:\/\/eldigitaldeasturias.com\/magazine365\/wp-json\/wp\/v2\/types\/post"}],"author":[{"embeddable":true,"href":"https:\/\/eldigitaldeasturias.com\/magazine365\/wp-json\/wp\/v2\/users\/1"}],"replies":[{"embeddable":true,"href":"https:\/\/eldigitaldeasturias.com\/magazine365\/wp-json\/wp\/v2\/comments?post=79085"}],"version-history":[{"count":0,"href":"https:\/\/eldigitaldeasturias.com\/magazine365\/wp-json\/wp\/v2\/posts\/79085\/revisions"}],"wp:featuredmedia":[{"embeddable":true,"href":"https:\/\/eldigitaldeasturias.com\/magazine365\/wp-json\/wp\/v2\/media\/79086"}],"wp:attachment":[{"href":"https:\/\/eldigitaldeasturias.com\/magazine365\/wp-json\/wp\/v2\/media?parent=79085"}],"wp:term":[{"taxonomy":"category","embeddable":true,"href":"https:\/\/eldigitaldeasturias.com\/magazine365\/wp-json\/wp\/v2\/categories?post=79085"},{"taxonomy":"post_tag","embeddable":true,"href":"https:\/\/eldigitaldeasturias.com\/magazine365\/wp-json\/wp\/v2\/tags?post=79085"}],"curies":[{"name":"wp","href":"https:\/\/api.w.org\/{rel}","templated":true}]}}