{"id":79075,"date":"2016-06-13T23:42:41","date_gmt":"2016-06-13T21:42:41","guid":{"rendered":"http:\/\/eldigitaldeasturias.com\/magazine365\/?p=79075"},"modified":"2016-06-13T23:42:41","modified_gmt":"2016-06-13T21:42:41","slug":"renfe-recomienda-a-los-usuarios-de-cercanias-madrid-la-utilizacion-para-manana-de-otros-medios","status":"publish","type":"post","link":"https:\/\/eldigitaldeasturias.com\/magazine365\/renfe-recomienda-a-los-usuarios-de-cercanias-madrid-la-utilizacion-para-manana-de-otros-medios\/","title":{"rendered":"Renfe recomienda a los usuarios de Cercan\u00edas Madrid la utilizaci\u00f3n para ma\u00f1ana de otros medios"},"content":{"rendered":"<p><img fetchpriority=\"high\" decoding=\"async\" class=\"alignleft size-medium wp-image-79076\" src=\"https:\/\/eldigitaldeasturias.com\/magazine365\/wp-content\/uploads\/2016\/06\/fotonoticia_20160613220052_800-360x222.jpg\" alt=\"fotonoticia_20160613220052_800\" width=\"360\" height=\"222\" srcset=\"https:\/\/eldigitaldeasturias.com\/magazine365\/wp-content\/uploads\/2016\/06\/fotonoticia_20160613220052_800-360x222.jpg 360w, https:\/\/eldigitaldeasturias.com\/magazine365\/wp-content\/uploads\/2016\/06\/fotonoticia_20160613220052_800-650x401.jpg 650w, https:\/\/eldigitaldeasturias.com\/magazine365\/wp-content\/uploads\/2016\/06\/fotonoticia_20160613220052_800-768x474.jpg 768w, https:\/\/eldigitaldeasturias.com\/magazine365\/wp-content\/uploads\/2016\/06\/fotonoticia_20160613220052_800-150x93.jpg 150w, https:\/\/eldigitaldeasturias.com\/magazine365\/wp-content\/uploads\/2016\/06\/fotonoticia_20160613220052_800-450x278.jpg 450w, https:\/\/eldigitaldeasturias.com\/magazine365\/wp-content\/uploads\/2016\/06\/fotonoticia_20160613220052_800-279x173.jpg 279w, https:\/\/eldigitaldeasturias.com\/magazine365\/wp-content\/uploads\/2016\/06\/fotonoticia_20160613220052_800-160x100.jpg 160w, https:\/\/eldigitaldeasturias.com\/magazine365\/wp-content\/uploads\/2016\/06\/fotonoticia_20160613220052_800.jpg 800w\" sizes=\"(max-width: 360px) 100vw, 360px\" \/>Renfe ha recomendado a los viajeros de parte de la red de Cercan\u00edas de Madrid que ma\u00f1ana martes eviten tomar estos trenes y busquen transportes alternativos para sus desplazamientos ante la posibilidad de que se cancelen circulaciones con motivo de la huelga de maquinistas.<\/p>\n<p>La compa\u00f1\u00eda ferroviaria realiza esta recomendaci\u00f3n a sus usuarios tras detectar que algunos de los maquinistas que est\u00e1n incluidos en servicios m\u00ednimos no han aceptado tomar dicha carta de servicios esenciales, seg\u00fan informaron a Europa Press en fuentes de la operadora.<\/p>\n<p>Las l\u00edneas de Cercan\u00edas Madrid en las que Renfe considera que podr\u00edan registrarse cancelaciones de trenes por incumplimiento de los servicios m\u00ednimos decretados para la huelga son las del Corredor del Henares y las que conectan con el Norte y el Noroeste de la Comunidad.<\/p>\n<p>En concreto, las l\u00edneas afectadas ser\u00edan la C-2 y la C-7 en el caso del Corredor del Henares y la C-3, C-4 y C-8 en los enlaces de la capital con el Norte.<\/p>\n<p>Con su recomendaci\u00f3n a los viajeros para que busquen modos de transporte alternativos, Renfe pretende evitar los perjuicios que el paro puede ocasionar a los usuarios, as\u00ed como aglomeraciones en las estaciones y en los andenes.<\/p>\n<h2 class=\"ladillo\">LOS SERVICIOS M\u00cdNIMOS FIJAN UN 50% DE LOS TRENES<\/h2>\n<p>Los servicios m\u00ednimos decretados por el Ministerio de Fomento ante la convocatoria de huelga establecen que deben circular el 50% de los trenes de Cercan\u00edas previstos, porcentaje que se eleva hasta el 75% en el caso de las &#8216;horas punta&#8217; (entre 6.00 y 9.00 horas, entre las 13.30 y las 15.30 horas y entre las 18.30 y las 20.30 horas).<\/p>\n<p>No obstante, en los dos primeros paros del calendario convocado por Semaf, el del viernes y el del domingo, ya se registraron cancelaciones de trenes de Cercan\u00edas, concretamente en Madrid y en Valencia, por el incumplimiento de servicios m\u00ednimos.<\/p>\n","protected":false},"excerpt":{"rendered":"<p>Renfe ha recomendado a los viajeros de parte de la red de Cercan\u00edas de Madrid que ma\u00f1ana martes eviten tomar estos trenes y busquen transportes alternativos para sus desplazamientos ante la posibilidad de que se cancelen circulaciones con motivo de la huelga de maquinistas. La compa\u00f1\u00eda ferroviaria realiza esta recomendaci\u00f3n a sus usuarios tras detectar<\/p>\n","protected":false},"author":1,"featured_media":79076,"comment_status":"open","ping_status":"closed","sticky":false,"template":"","format":"standard","meta":{"footnotes":""},"categories":[224],"tags":[],"class_list":{"0":"post-79075","1":"post","2":"type-post","3":"status-publish","4":"format-standard","5":"has-post-thumbnail","7":"category-noticias-actualidad"},"aioseo_notices":[],"aioseo_head":"\n\t\t<!-- All in One SEO Pro 4.9.6.1 - aioseo.com -->\n\t<meta name=\"description\" content=\"Renfe ha recomendado a los viajeros de parte de la red de Cercan\u00edas de Madrid que ma\u00f1ana martes eviten tomar estos trenes y busquen transportes alternativos para sus desplazamientos ante la posibilidad de que se cancelen circulaciones con motivo de la huelga de maquinistas. La compa\u00f1\u00eda ferroviaria realiza esta recomendaci\u00f3n a sus usuarios tras detectar\" \/>\n\t<meta name=\"robots\" content=\"max-image-preview:large\" \/>\n\t<meta name=\"author\" content=\"admin\"\/>\n\t<meta name=\"google-site-verification\" content=\"UA-38556648-1\" \/>\n\t<meta name=\"keywords\" content=\"noticias y actualidad\" \/>\n\t<link rel=\"canonical\" href=\"https:\/\/eldigitaldeasturias.com\/magazine365\/renfe-recomienda-a-los-usuarios-de-cercanias-madrid-la-utilizacion-para-manana-de-otros-medios\/\" \/>\n\t<meta name=\"generator\" content=\"All in One SEO Pro (AIOSEO) 4.9.6.1\" \/>\n\t\t<meta property=\"og:locale\" content=\"es_ES\" \/>\n\t\t<meta property=\"og:site_name\" content=\"El Digital de Asturias \u2013 Revista de ocio, turismo y estilo de vida\" \/>\n\t\t<meta property=\"og:type\" content=\"article\" \/>\n\t\t<meta property=\"og:title\" content=\"Renfe recomienda a los usuarios de Cercan\u00edas Madrid la utilizaci\u00f3n para ma\u00f1ana de otros medios | El Digital de Asturias\" \/>\n\t\t<meta property=\"og:description\" content=\"Renfe ha recomendado a los viajeros de parte de la red de Cercan\u00edas de Madrid que ma\u00f1ana martes eviten tomar estos trenes y busquen transportes alternativos para sus desplazamientos ante la posibilidad de que se cancelen circulaciones con motivo de la huelga de maquinistas. La compa\u00f1\u00eda ferroviaria realiza esta recomendaci\u00f3n a sus usuarios tras detectar\" \/>\n\t\t<meta property=\"og:url\" content=\"https:\/\/eldigitaldeasturias.com\/magazine365\/renfe-recomienda-a-los-usuarios-de-cercanias-madrid-la-utilizacion-para-manana-de-otros-medios\/\" \/>\n\t\t<meta property=\"og:image\" content=\"https:\/\/eldigitaldeasturias.com\/magazine365\/wp-content\/uploads\/2016\/06\/fotonoticia_20160613220052_800.jpg\" \/>\n\t\t<meta property=\"og:image:secure_url\" content=\"https:\/\/eldigitaldeasturias.com\/magazine365\/wp-content\/uploads\/2016\/06\/fotonoticia_20160613220052_800.jpg\" \/>\n\t\t<meta property=\"og:image:width\" content=\"800\" \/>\n\t\t<meta property=\"og:image:height\" content=\"494\" \/>\n\t\t<meta property=\"article:published_time\" content=\"2016-06-13T21:42:41+00:00\" \/>\n\t\t<meta property=\"article:modified_time\" content=\"2016-06-13T21:42:41+00:00\" \/>\n\t\t<meta name=\"twitter:card\" content=\"summary_large_image\" \/>\n\t\t<meta name=\"twitter:title\" content=\"Renfe recomienda a los usuarios de Cercan\u00edas Madrid la utilizaci\u00f3n para ma\u00f1ana de otros medios | El Digital de Asturias\" \/>\n\t\t<meta name=\"twitter:description\" content=\"Renfe ha recomendado a los viajeros de parte de la red de Cercan\u00edas de Madrid que ma\u00f1ana martes eviten tomar estos trenes y busquen transportes alternativos para sus desplazamientos ante la posibilidad de que se cancelen circulaciones con motivo de la huelga de maquinistas. La compa\u00f1\u00eda ferroviaria realiza esta recomendaci\u00f3n a sus usuarios tras detectar\" \/>\n\t\t<meta name=\"twitter:image\" content=\"https:\/\/eldigitaldeasturias.com\/magazine365\/wp-content\/uploads\/2016\/06\/fotonoticia_20160613220052_800.jpg\" \/>\n\t\t<script type=\"application\/ld+json\" class=\"aioseo-schema\">\n\t\t\t{\"@context\":\"https:\\\/\\\/schema.org\",\"@graph\":[{\"@type\":\"Article\",\"@id\":\"https:\\\/\\\/eldigitaldeasturias.com\\\/magazine365\\\/renfe-recomienda-a-los-usuarios-de-cercanias-madrid-la-utilizacion-para-manana-de-otros-medios\\\/#article\",\"name\":\"Renfe recomienda a los usuarios de Cercan\\u00edas Madrid la utilizaci\\u00f3n para ma\\u00f1ana de otros medios | El Digital de Asturias\",\"headline\":\"Renfe recomienda a los usuarios de Cercan\\u00edas Madrid la utilizaci\\u00f3n para ma\\u00f1ana de otros medios\",\"author\":{\"@id\":\"https:\\\/\\\/eldigitaldeasturias.com\\\/magazine365\\\/author\\\/admin\\\/#author\"},\"publisher\":{\"@id\":\"https:\\\/\\\/eldigitaldeasturias.com\\\/magazine365\\\/#organization\"},\"image\":{\"@type\":\"ImageObject\",\"url\":\"https:\\\/\\\/eldigitaldeasturias.com\\\/magazine365\\\/wp-content\\\/uploads\\\/2016\\\/06\\\/fotonoticia_20160613220052_800.jpg\",\"width\":800,\"height\":494},\"datePublished\":\"2016-06-13T23:42:41+02:00\",\"dateModified\":\"2016-06-13T23:42:41+02:00\",\"inLanguage\":\"es-ES\",\"mainEntityOfPage\":{\"@id\":\"https:\\\/\\\/eldigitaldeasturias.com\\\/magazine365\\\/renfe-recomienda-a-los-usuarios-de-cercanias-madrid-la-utilizacion-para-manana-de-otros-medios\\\/#webpage\"},\"isPartOf\":{\"@id\":\"https:\\\/\\\/eldigitaldeasturias.com\\\/magazine365\\\/renfe-recomienda-a-los-usuarios-de-cercanias-madrid-la-utilizacion-para-manana-de-otros-medios\\\/#webpage\"},\"articleSection\":\"Noticias y Actualidad\"},{\"@type\":\"BreadcrumbList\",\"@id\":\"https:\\\/\\\/eldigitaldeasturias.com\\\/magazine365\\\/renfe-recomienda-a-los-usuarios-de-cercanias-madrid-la-utilizacion-para-manana-de-otros-medios\\\/#breadcrumblist\",\"itemListElement\":[{\"@type\":\"ListItem\",\"@id\":\"https:\\\/\\\/eldigitaldeasturias.com\\\/magazine365#listItem\",\"position\":1,\"name\":\"Home\",\"item\":\"https:\\\/\\\/eldigitaldeasturias.com\\\/magazine365\",\"nextItem\":{\"@type\":\"ListItem\",\"@id\":\"https:\\\/\\\/eldigitaldeasturias.com\\\/magazine365\\\/category\\\/noticias-actualidad\\\/#listItem\",\"name\":\"Noticias y Actualidad\"}},{\"@type\":\"ListItem\",\"@id\":\"https:\\\/\\\/eldigitaldeasturias.com\\\/magazine365\\\/category\\\/noticias-actualidad\\\/#listItem\",\"position\":2,\"name\":\"Noticias y Actualidad\",\"item\":\"https:\\\/\\\/eldigitaldeasturias.com\\\/magazine365\\\/category\\\/noticias-actualidad\\\/\",\"nextItem\":{\"@type\":\"ListItem\",\"@id\":\"https:\\\/\\\/eldigitaldeasturias.com\\\/magazine365\\\/renfe-recomienda-a-los-usuarios-de-cercanias-madrid-la-utilizacion-para-manana-de-otros-medios\\\/#listItem\",\"name\":\"Renfe recomienda a los usuarios de Cercan\\u00edas Madrid la utilizaci\\u00f3n para ma\\u00f1ana de otros medios\"},\"previousItem\":{\"@type\":\"ListItem\",\"@id\":\"https:\\\/\\\/eldigitaldeasturias.com\\\/magazine365#listItem\",\"name\":\"Home\"}},{\"@type\":\"ListItem\",\"@id\":\"https:\\\/\\\/eldigitaldeasturias.com\\\/magazine365\\\/renfe-recomienda-a-los-usuarios-de-cercanias-madrid-la-utilizacion-para-manana-de-otros-medios\\\/#listItem\",\"position\":3,\"name\":\"Renfe recomienda a los usuarios de Cercan\\u00edas Madrid la utilizaci\\u00f3n para ma\\u00f1ana de otros medios\",\"previousItem\":{\"@type\":\"ListItem\",\"@id\":\"https:\\\/\\\/eldigitaldeasturias.com\\\/magazine365\\\/category\\\/noticias-actualidad\\\/#listItem\",\"name\":\"Noticias y Actualidad\"}}]},{\"@type\":\"Organization\",\"@id\":\"https:\\\/\\\/eldigitaldeasturias.com\\\/magazine365\\\/#organization\",\"name\":\"El digital de Asturias\",\"description\":\"Revista de ocio, turismo y estilo de vida\",\"url\":\"https:\\\/\\\/eldigitaldeasturias.com\\\/magazine365\\\/\",\"logo\":{\"@type\":\"ImageObject\",\"url\":\"https:\\\/\\\/www.eldigitaldeasturias.com\\\/noticias\\\/wp-content\\\/uploads\\\/2020\\\/12\\\/EDA.jpg\",\"@id\":\"https:\\\/\\\/eldigitaldeasturias.com\\\/magazine365\\\/renfe-recomienda-a-los-usuarios-de-cercanias-madrid-la-utilizacion-para-manana-de-otros-medios\\\/#organizationLogo\"},\"image\":{\"@id\":\"https:\\\/\\\/eldigitaldeasturias.com\\\/magazine365\\\/renfe-recomienda-a-los-usuarios-de-cercanias-madrid-la-utilizacion-para-manana-de-otros-medios\\\/#organizationLogo\"}},{\"@type\":\"Person\",\"@id\":\"https:\\\/\\\/eldigitaldeasturias.com\\\/magazine365\\\/author\\\/admin\\\/#author\",\"url\":\"https:\\\/\\\/eldigitaldeasturias.com\\\/magazine365\\\/author\\\/admin\\\/\",\"name\":\"admin\",\"image\":{\"@type\":\"ImageObject\",\"@id\":\"https:\\\/\\\/eldigitaldeasturias.com\\\/magazine365\\\/renfe-recomienda-a-los-usuarios-de-cercanias-madrid-la-utilizacion-para-manana-de-otros-medios\\\/#authorImage\",\"url\":\"https:\\\/\\\/eldigitaldeasturias.com\\\/magazine365\\\/wp-content\\\/litespeed\\\/avatar\\\/e571bcf59a0edd6fa6838245a470f2fe.jpg?ver=1776969259\",\"width\":96,\"height\":96,\"caption\":\"admin\"}},{\"@type\":\"WebPage\",\"@id\":\"https:\\\/\\\/eldigitaldeasturias.com\\\/magazine365\\\/renfe-recomienda-a-los-usuarios-de-cercanias-madrid-la-utilizacion-para-manana-de-otros-medios\\\/#webpage\",\"url\":\"https:\\\/\\\/eldigitaldeasturias.com\\\/magazine365\\\/renfe-recomienda-a-los-usuarios-de-cercanias-madrid-la-utilizacion-para-manana-de-otros-medios\\\/\",\"name\":\"Renfe recomienda a los usuarios de Cercan\\u00edas Madrid la utilizaci\\u00f3n para ma\\u00f1ana de otros medios | El Digital de Asturias\",\"description\":\"Renfe ha recomendado a los viajeros de parte de la red de Cercan\\u00edas de Madrid que ma\\u00f1ana martes eviten tomar estos trenes y busquen transportes alternativos para sus desplazamientos ante la posibilidad de que se cancelen circulaciones con motivo de la huelga de maquinistas. La compa\\u00f1\\u00eda ferroviaria realiza esta recomendaci\\u00f3n a sus usuarios tras detectar\",\"inLanguage\":\"es-ES\",\"isPartOf\":{\"@id\":\"https:\\\/\\\/eldigitaldeasturias.com\\\/magazine365\\\/#website\"},\"breadcrumb\":{\"@id\":\"https:\\\/\\\/eldigitaldeasturias.com\\\/magazine365\\\/renfe-recomienda-a-los-usuarios-de-cercanias-madrid-la-utilizacion-para-manana-de-otros-medios\\\/#breadcrumblist\"},\"author\":{\"@id\":\"https:\\\/\\\/eldigitaldeasturias.com\\\/magazine365\\\/author\\\/admin\\\/#author\"},\"creator\":{\"@id\":\"https:\\\/\\\/eldigitaldeasturias.com\\\/magazine365\\\/author\\\/admin\\\/#author\"},\"image\":{\"@type\":\"ImageObject\",\"url\":\"https:\\\/\\\/eldigitaldeasturias.com\\\/magazine365\\\/wp-content\\\/uploads\\\/2016\\\/06\\\/fotonoticia_20160613220052_800.jpg\",\"@id\":\"https:\\\/\\\/eldigitaldeasturias.com\\\/magazine365\\\/renfe-recomienda-a-los-usuarios-de-cercanias-madrid-la-utilizacion-para-manana-de-otros-medios\\\/#mainImage\",\"width\":800,\"height\":494},\"primaryImageOfPage\":{\"@id\":\"https:\\\/\\\/eldigitaldeasturias.com\\\/magazine365\\\/renfe-recomienda-a-los-usuarios-de-cercanias-madrid-la-utilizacion-para-manana-de-otros-medios\\\/#mainImage\"},\"datePublished\":\"2016-06-13T23:42:41+02:00\",\"dateModified\":\"2016-06-13T23:42:41+02:00\"},{\"@type\":\"WebSite\",\"@id\":\"https:\\\/\\\/eldigitaldeasturias.com\\\/magazine365\\\/#website\",\"url\":\"https:\\\/\\\/eldigitaldeasturias.com\\\/magazine365\\\/\",\"name\":\"El Digital de Asturias\",\"description\":\"Revista de ocio, turismo y estilo de vida\",\"inLanguage\":\"es-ES\",\"publisher\":{\"@id\":\"https:\\\/\\\/eldigitaldeasturias.com\\\/magazine365\\\/#organization\"}}]}\n\t\t<\/script>\n\t\t<!-- All in One SEO Pro -->\r\n\t\t<title>Renfe recomienda a los usuarios de Cercan\u00edas Madrid la utilizaci\u00f3n para ma\u00f1ana de otros medios | El Digital de Asturias<\/title>\n\n","aioseo_head_json":{"title":"Renfe recomienda a los usuarios de Cercan\u00edas Madrid la utilizaci\u00f3n para ma\u00f1ana de otros medios | El Digital de Asturias","description":"Renfe ha recomendado a los viajeros de parte de la red de Cercan\u00edas de Madrid que ma\u00f1ana martes eviten tomar estos trenes y busquen transportes alternativos para sus desplazamientos ante la posibilidad de que se cancelen circulaciones con motivo de la huelga de maquinistas. La compa\u00f1\u00eda ferroviaria realiza esta recomendaci\u00f3n a sus usuarios tras detectar","canonical_url":"https:\/\/eldigitaldeasturias.com\/magazine365\/renfe-recomienda-a-los-usuarios-de-cercanias-madrid-la-utilizacion-para-manana-de-otros-medios\/","robots":"max-image-preview:large","keywords":"noticias y actualidad","webmasterTools":{"google-site-verification":"UA-38556648-1","miscellaneous":""},"schema":{"@context":"https:\/\/schema.org","@graph":[{"@type":"Article","@id":"https:\/\/eldigitaldeasturias.com\/magazine365\/renfe-recomienda-a-los-usuarios-de-cercanias-madrid-la-utilizacion-para-manana-de-otros-medios\/#article","name":"Renfe recomienda a los usuarios de Cercan\u00edas Madrid la utilizaci\u00f3n para ma\u00f1ana de otros medios | El Digital de Asturias","headline":"Renfe recomienda a los usuarios de Cercan\u00edas Madrid la utilizaci\u00f3n para ma\u00f1ana de otros medios","author":{"@id":"https:\/\/eldigitaldeasturias.com\/magazine365\/author\/admin\/#author"},"publisher":{"@id":"https:\/\/eldigitaldeasturias.com\/magazine365\/#organization"},"image":{"@type":"ImageObject","url":"https:\/\/eldigitaldeasturias.com\/magazine365\/wp-content\/uploads\/2016\/06\/fotonoticia_20160613220052_800.jpg","width":800,"height":494},"datePublished":"2016-06-13T23:42:41+02:00","dateModified":"2016-06-13T23:42:41+02:00","inLanguage":"es-ES","mainEntityOfPage":{"@id":"https:\/\/eldigitaldeasturias.com\/magazine365\/renfe-recomienda-a-los-usuarios-de-cercanias-madrid-la-utilizacion-para-manana-de-otros-medios\/#webpage"},"isPartOf":{"@id":"https:\/\/eldigitaldeasturias.com\/magazine365\/renfe-recomienda-a-los-usuarios-de-cercanias-madrid-la-utilizacion-para-manana-de-otros-medios\/#webpage"},"articleSection":"Noticias y Actualidad"},{"@type":"BreadcrumbList","@id":"https:\/\/eldigitaldeasturias.com\/magazine365\/renfe-recomienda-a-los-usuarios-de-cercanias-madrid-la-utilizacion-para-manana-de-otros-medios\/#breadcrumblist","itemListElement":[{"@type":"ListItem","@id":"https:\/\/eldigitaldeasturias.com\/magazine365#listItem","position":1,"name":"Home","item":"https:\/\/eldigitaldeasturias.com\/magazine365","nextItem":{"@type":"ListItem","@id":"https:\/\/eldigitaldeasturias.com\/magazine365\/category\/noticias-actualidad\/#listItem","name":"Noticias y Actualidad"}},{"@type":"ListItem","@id":"https:\/\/eldigitaldeasturias.com\/magazine365\/category\/noticias-actualidad\/#listItem","position":2,"name":"Noticias y Actualidad","item":"https:\/\/eldigitaldeasturias.com\/magazine365\/category\/noticias-actualidad\/","nextItem":{"@type":"ListItem","@id":"https:\/\/eldigitaldeasturias.com\/magazine365\/renfe-recomienda-a-los-usuarios-de-cercanias-madrid-la-utilizacion-para-manana-de-otros-medios\/#listItem","name":"Renfe recomienda a los usuarios de Cercan\u00edas Madrid la utilizaci\u00f3n para ma\u00f1ana de otros medios"},"previousItem":{"@type":"ListItem","@id":"https:\/\/eldigitaldeasturias.com\/magazine365#listItem","name":"Home"}},{"@type":"ListItem","@id":"https:\/\/eldigitaldeasturias.com\/magazine365\/renfe-recomienda-a-los-usuarios-de-cercanias-madrid-la-utilizacion-para-manana-de-otros-medios\/#listItem","position":3,"name":"Renfe recomienda a los usuarios de Cercan\u00edas Madrid la utilizaci\u00f3n para ma\u00f1ana de otros medios","previousItem":{"@type":"ListItem","@id":"https:\/\/eldigitaldeasturias.com\/magazine365\/category\/noticias-actualidad\/#listItem","name":"Noticias y Actualidad"}}]},{"@type":"Organization","@id":"https:\/\/eldigitaldeasturias.com\/magazine365\/#organization","name":"El digital de Asturias","description":"Revista de ocio, turismo y estilo de vida","url":"https:\/\/eldigitaldeasturias.com\/magazine365\/","logo":{"@type":"ImageObject","url":"https:\/\/www.eldigitaldeasturias.com\/noticias\/wp-content\/uploads\/2020\/12\/EDA.jpg","@id":"https:\/\/eldigitaldeasturias.com\/magazine365\/renfe-recomienda-a-los-usuarios-de-cercanias-madrid-la-utilizacion-para-manana-de-otros-medios\/#organizationLogo"},"image":{"@id":"https:\/\/eldigitaldeasturias.com\/magazine365\/renfe-recomienda-a-los-usuarios-de-cercanias-madrid-la-utilizacion-para-manana-de-otros-medios\/#organizationLogo"}},{"@type":"Person","@id":"https:\/\/eldigitaldeasturias.com\/magazine365\/author\/admin\/#author","url":"https:\/\/eldigitaldeasturias.com\/magazine365\/author\/admin\/","name":"admin","image":{"@type":"ImageObject","@id":"https:\/\/eldigitaldeasturias.com\/magazine365\/renfe-recomienda-a-los-usuarios-de-cercanias-madrid-la-utilizacion-para-manana-de-otros-medios\/#authorImage","url":"https:\/\/eldigitaldeasturias.com\/magazine365\/wp-content\/litespeed\/avatar\/e571bcf59a0edd6fa6838245a470f2fe.jpg?ver=1776969259","width":96,"height":96,"caption":"admin"}},{"@type":"WebPage","@id":"https:\/\/eldigitaldeasturias.com\/magazine365\/renfe-recomienda-a-los-usuarios-de-cercanias-madrid-la-utilizacion-para-manana-de-otros-medios\/#webpage","url":"https:\/\/eldigitaldeasturias.com\/magazine365\/renfe-recomienda-a-los-usuarios-de-cercanias-madrid-la-utilizacion-para-manana-de-otros-medios\/","name":"Renfe recomienda a los usuarios de Cercan\u00edas Madrid la utilizaci\u00f3n para ma\u00f1ana de otros medios | El Digital de Asturias","description":"Renfe ha recomendado a los viajeros de parte de la red de Cercan\u00edas de Madrid que ma\u00f1ana martes eviten tomar estos trenes y busquen transportes alternativos para sus desplazamientos ante la posibilidad de que se cancelen circulaciones con motivo de la huelga de maquinistas. La compa\u00f1\u00eda ferroviaria realiza esta recomendaci\u00f3n a sus usuarios tras detectar","inLanguage":"es-ES","isPartOf":{"@id":"https:\/\/eldigitaldeasturias.com\/magazine365\/#website"},"breadcrumb":{"@id":"https:\/\/eldigitaldeasturias.com\/magazine365\/renfe-recomienda-a-los-usuarios-de-cercanias-madrid-la-utilizacion-para-manana-de-otros-medios\/#breadcrumblist"},"author":{"@id":"https:\/\/eldigitaldeasturias.com\/magazine365\/author\/admin\/#author"},"creator":{"@id":"https:\/\/eldigitaldeasturias.com\/magazine365\/author\/admin\/#author"},"image":{"@type":"ImageObject","url":"https:\/\/eldigitaldeasturias.com\/magazine365\/wp-content\/uploads\/2016\/06\/fotonoticia_20160613220052_800.jpg","@id":"https:\/\/eldigitaldeasturias.com\/magazine365\/renfe-recomienda-a-los-usuarios-de-cercanias-madrid-la-utilizacion-para-manana-de-otros-medios\/#mainImage","width":800,"height":494},"primaryImageOfPage":{"@id":"https:\/\/eldigitaldeasturias.com\/magazine365\/renfe-recomienda-a-los-usuarios-de-cercanias-madrid-la-utilizacion-para-manana-de-otros-medios\/#mainImage"},"datePublished":"2016-06-13T23:42:41+02:00","dateModified":"2016-06-13T23:42:41+02:00"},{"@type":"WebSite","@id":"https:\/\/eldigitaldeasturias.com\/magazine365\/#website","url":"https:\/\/eldigitaldeasturias.com\/magazine365\/","name":"El Digital de Asturias","description":"Revista de ocio, turismo y estilo de vida","inLanguage":"es-ES","publisher":{"@id":"https:\/\/eldigitaldeasturias.com\/magazine365\/#organization"}}]},"og:locale":"es_ES","og:site_name":"El Digital de Asturias \u2013 Revista de ocio, turismo y estilo de vida","og:type":"article","og:title":"Renfe recomienda a los usuarios de Cercan\u00edas Madrid la utilizaci\u00f3n para ma\u00f1ana de otros medios | El Digital de Asturias","og:description":"Renfe ha recomendado a los viajeros de parte de la red de Cercan\u00edas de Madrid que ma\u00f1ana martes eviten tomar estos trenes y busquen transportes alternativos para sus desplazamientos ante la posibilidad de que se cancelen circulaciones con motivo de la huelga de maquinistas. La compa\u00f1\u00eda ferroviaria realiza esta recomendaci\u00f3n a sus usuarios tras detectar","og:url":"https:\/\/eldigitaldeasturias.com\/magazine365\/renfe-recomienda-a-los-usuarios-de-cercanias-madrid-la-utilizacion-para-manana-de-otros-medios\/","og:image":"https:\/\/eldigitaldeasturias.com\/magazine365\/wp-content\/uploads\/2016\/06\/fotonoticia_20160613220052_800.jpg","og:image:secure_url":"https:\/\/eldigitaldeasturias.com\/magazine365\/wp-content\/uploads\/2016\/06\/fotonoticia_20160613220052_800.jpg","og:image:width":800,"og:image:height":494,"article:published_time":"2016-06-13T21:42:41+00:00","article:modified_time":"2016-06-13T21:42:41+00:00","twitter:card":"summary_large_image","twitter:title":"Renfe recomienda a los usuarios de Cercan\u00edas Madrid la utilizaci\u00f3n para ma\u00f1ana de otros medios | El Digital de Asturias","twitter:description":"Renfe ha recomendado a los viajeros de parte de la red de Cercan\u00edas de Madrid que ma\u00f1ana martes eviten tomar estos trenes y busquen transportes alternativos para sus desplazamientos ante la posibilidad de que se cancelen circulaciones con motivo de la huelga de maquinistas. La compa\u00f1\u00eda ferroviaria realiza esta recomendaci\u00f3n a sus usuarios tras detectar","twitter:image":"https:\/\/eldigitaldeasturias.com\/magazine365\/wp-content\/uploads\/2016\/06\/fotonoticia_20160613220052_800.jpg"},"aioseo_meta_data":{"post_id":"79075","title":null,"description":null,"keywords":null,"keyphrases":null,"primary_term":null,"canonical_url":null,"og_title":null,"og_description":null,"og_object_type":"default","og_image_type":"default","og_image_url":null,"og_image_width":null,"og_image_height":null,"og_image_custom_url":null,"og_image_custom_fields":null,"og_video":null,"og_custom_url":null,"og_article_section":null,"og_article_tags":null,"twitter_use_og":false,"twitter_card":"default","twitter_image_type":"default","twitter_image_url":null,"twitter_image_custom_url":null,"twitter_image_custom_fields":null,"twitter_title":null,"twitter_description":null,"schema":{"blockGraphs":[],"customGraphs":[],"default":{"data":{"Article":[],"Course":[],"Dataset":[],"FAQPage":[],"Movie":[],"Person":[],"Product":[],"ProductReview":[],"Car":[],"Recipe":[],"Service":[],"SoftwareApplication":[],"WebPage":[]},"graphName":"","isEnabled":true},"graphs":[]},"schema_type":null,"schema_type_options":null,"pillar_content":false,"robots_default":true,"robots_noindex":false,"robots_noarchive":false,"robots_nosnippet":false,"robots_nofollow":false,"robots_noimageindex":false,"robots_noodp":false,"robots_notranslate":false,"robots_max_snippet":null,"robots_max_videopreview":null,"robots_max_imagepreview":"large","priority":null,"frequency":null,"location":null,"local_seo":null,"seo_analyzer_scan_date":"2025-09-27 18:10:30","breadcrumb_settings":null,"limit_modified_date":false,"open_ai":null,"ai":null,"created":"2021-03-08 17:53:10","updated":"2025-09-27 18:10:30"},"aioseo_breadcrumb":"<div class=\"aioseo-breadcrumbs\"><span class=\"aioseo-breadcrumb\">\n\t<a href=\"https:\/\/eldigitaldeasturias.com\/magazine365\" title=\"Home\">Home<\/a>\n<\/span><span class=\"aioseo-breadcrumb-separator\">\u2013<\/span><span class=\"aioseo-breadcrumb\">\n\t<a href=\"https:\/\/eldigitaldeasturias.com\/magazine365\/category\/noticias-actualidad\/\" title=\"Noticias y Actualidad\">Noticias y Actualidad<\/a>\n<\/span><span class=\"aioseo-breadcrumb-separator\">\u2013<\/span><span class=\"aioseo-breadcrumb\">\n\t<a href=\"https:\/\/eldigitaldeasturias.com\/magazine365\/renfe-recomienda-a-los-usuarios-de-cercanias-madrid-la-utilizacion-para-manana-de-otros-medios\/\" title=\"Renfe recomienda a los usuarios de Cercan\u00edas Madrid la utilizaci\u00f3n para ma\u00f1ana de otros medios\">Renfe recomienda a los usuarios de Cercan\u00edas Madrid la utilizaci\u00f3n para ma\u00f1ana de otros medios<\/a>\n<\/span><\/div>","aioseo_breadcrumb_json":[{"label":"Home","link":"https:\/\/eldigitaldeasturias.com\/magazine365"},{"label":"Noticias y Actualidad","link":"https:\/\/eldigitaldeasturias.com\/magazine365\/category\/noticias-actualidad\/"},{"label":"Renfe recomienda a los usuarios de Cercan\u00edas Madrid la utilizaci\u00f3n para ma\u00f1ana de otros medios","link":"https:\/\/eldigitaldeasturias.com\/magazine365\/renfe-recomienda-a-los-usuarios-de-cercanias-madrid-la-utilizacion-para-manana-de-otros-medios\/"}],"_links":{"self":[{"href":"https:\/\/eldigitaldeasturias.com\/magazine365\/wp-json\/wp\/v2\/posts\/79075","targetHints":{"allow":["GET"]}}],"collection":[{"href":"https:\/\/eldigitaldeasturias.com\/magazine365\/wp-json\/wp\/v2\/posts"}],"about":[{"href":"https:\/\/eldigitaldeasturias.com\/magazine365\/wp-json\/wp\/v2\/types\/post"}],"author":[{"embeddable":true,"href":"https:\/\/eldigitaldeasturias.com\/magazine365\/wp-json\/wp\/v2\/users\/1"}],"replies":[{"embeddable":true,"href":"https:\/\/eldigitaldeasturias.com\/magazine365\/wp-json\/wp\/v2\/comments?post=79075"}],"version-history":[{"count":0,"href":"https:\/\/eldigitaldeasturias.com\/magazine365\/wp-json\/wp\/v2\/posts\/79075\/revisions"}],"wp:featuredmedia":[{"embeddable":true,"href":"https:\/\/eldigitaldeasturias.com\/magazine365\/wp-json\/wp\/v2\/media\/79076"}],"wp:attachment":[{"href":"https:\/\/eldigitaldeasturias.com\/magazine365\/wp-json\/wp\/v2\/media?parent=79075"}],"wp:term":[{"taxonomy":"category","embeddable":true,"href":"https:\/\/eldigitaldeasturias.com\/magazine365\/wp-json\/wp\/v2\/categories?post=79075"},{"taxonomy":"post_tag","embeddable":true,"href":"https:\/\/eldigitaldeasturias.com\/magazine365\/wp-json\/wp\/v2\/tags?post=79075"}],"curies":[{"name":"wp","href":"https:\/\/api.w.org\/{rel}","templated":true}]}}