{"id":79072,"date":"2016-06-13T22:06:41","date_gmt":"2016-06-13T20:06:41","guid":{"rendered":"http:\/\/eldigitaldeasturias.com\/magazine365\/?p=79072"},"modified":"2016-06-13T22:06:41","modified_gmt":"2016-06-13T20:06:41","slug":"ugt-y-coo-lamentan-la-pasividad-del-gobierno-para-defender-la-industria-aeroespacial-espanola","status":"publish","type":"post","link":"https:\/\/eldigitaldeasturias.com\/magazine365\/ugt-y-coo-lamentan-la-pasividad-del-gobierno-para-defender-la-industria-aeroespacial-espanola\/","title":{"rendered":"UGT y COO lamentan \u00abla pasividad\u00bb del Gobierno para defender la industria aeroespacial espa\u00f1ola"},"content":{"rendered":"<p><img fetchpriority=\"high\" decoding=\"async\" class=\"alignleft size-medium wp-image-79073\" src=\"https:\/\/eldigitaldeasturias.com\/magazine365\/wp-content\/uploads\/2016\/06\/fotonoticia_20160613203239_800-360x240.jpg\" alt=\"fotonoticia_20160613203239_800\" width=\"360\" height=\"240\" srcset=\"https:\/\/eldigitaldeasturias.com\/magazine365\/wp-content\/uploads\/2016\/06\/fotonoticia_20160613203239_800-360x240.jpg 360w, https:\/\/eldigitaldeasturias.com\/magazine365\/wp-content\/uploads\/2016\/06\/fotonoticia_20160613203239_800-650x434.jpg 650w, https:\/\/eldigitaldeasturias.com\/magazine365\/wp-content\/uploads\/2016\/06\/fotonoticia_20160613203239_800-768x513.jpg 768w, https:\/\/eldigitaldeasturias.com\/magazine365\/wp-content\/uploads\/2016\/06\/fotonoticia_20160613203239_800-150x100.jpg 150w, https:\/\/eldigitaldeasturias.com\/magazine365\/wp-content\/uploads\/2016\/06\/fotonoticia_20160613203239_800-450x300.jpg 450w, https:\/\/eldigitaldeasturias.com\/magazine365\/wp-content\/uploads\/2016\/06\/fotonoticia_20160613203239_800-101x66.jpg 101w, https:\/\/eldigitaldeasturias.com\/magazine365\/wp-content\/uploads\/2016\/06\/fotonoticia_20160613203239_800.jpg 800w\" sizes=\"(max-width: 360px) 100vw, 360px\" \/>UGT FICA y CCOO de Industria han lamentado \u00abla pasividad\u00bb del Gobierno espa\u00f1ol a la hora de defender la industria aeroespacial espa\u00f1ola y sus intereses nacionales en un sector estrat\u00e9gico para la econom\u00eda.<\/p>\n<p>En un comunicado, los sindicatos critican las manifestaciones de la ministra de Defensa alemana, Ursula von der Leyen, en las que achacaba el problema del A400M al reparto de contratos por \u00abcuotas nacionales pol\u00edticas\u00bb, que se hizo entre los pa\u00edses socios del programa al inicio del proyecto, y no por \u00abcuotas de calidad\u00bb.<\/p>\n<p>As\u00ed, recuerdan que la profesionalidad y cualificaci\u00f3n de los miles de trabajadores espa\u00f1oles de Airbus \u00abhan hecho posible que los centros de trabajo tengan unos altos \u00edndices de calidad, productividad, innovaci\u00f3n tecnol\u00f3gica, competitividad y cumplimiento de entrega, unos est\u00e1ndares homologables a los m\u00e1s altos de Europa que son un referente en la multinacional\u00bb.<\/p>\n<p>Adem\u00e1s, ambas federaciones se\u00f1alan que los centros espa\u00f1oles, desde que pertenec\u00edan a CASA, han demostrado \u00absu capacidad tanto como fabricantes integrales de aeronaves, donde son expertos en<br \/>\nrealizar el ciclo completo del avi\u00f3n, como en el dise\u00f1o, fabricaci\u00f3n, comercializaci\u00f3n y entrega al cliente\u00bb.<\/p>\n<p>De esta manera, CCOO y UGT exigen \u00abuna pol\u00edtica industrial de Estado\u00bb que potencie la industria aeroespacial como motor econ\u00f3mico y tecnol\u00f3gico de futuro para Espa\u00f1a y reclaman a los directivos espa\u00f1oles que \u00abden un paso al frente, preserven la competitividad y calidad del empleo de las plantas espa\u00f1olas y exijan el consorcio que rechace de forma contundente las manifestaciones de la ministra alemana y apoye decididamente el desarrollo del A400M y el trabajo de los centros radicados en Espa\u00f1a\u00bb.<\/p>\n","protected":false},"excerpt":{"rendered":"<p>UGT FICA y CCOO de Industria han lamentado \u00abla pasividad\u00bb del Gobierno espa\u00f1ol a la hora de defender la industria aeroespacial espa\u00f1ola y sus intereses nacionales en un sector estrat\u00e9gico para la econom\u00eda. En un comunicado, los sindicatos critican las manifestaciones de la ministra de Defensa alemana, Ursula von der Leyen, en las que achacaba<\/p>\n","protected":false},"author":1,"featured_media":79073,"comment_status":"open","ping_status":"closed","sticky":false,"template":"","format":"standard","meta":{"footnotes":""},"categories":[224],"tags":[],"class_list":{"0":"post-79072","1":"post","2":"type-post","3":"status-publish","4":"format-standard","5":"has-post-thumbnail","7":"category-noticias-actualidad"},"aioseo_notices":[],"aioseo_head":"\n\t\t<!-- All in One SEO Pro 4.9.6.1 - aioseo.com -->\n\t<meta name=\"description\" content=\"UGT FICA y CCOO de Industria han lamentado &quot;la pasividad&quot; del Gobierno espa\u00f1ol a la hora de defender la industria aeroespacial espa\u00f1ola y sus intereses nacionales en un sector estrat\u00e9gico para la econom\u00eda. En un comunicado, los sindicatos critican las manifestaciones de la ministra de Defensa alemana, Ursula von der Leyen, en las que achacaba\" \/>\n\t<meta name=\"robots\" content=\"max-image-preview:large\" \/>\n\t<meta name=\"author\" content=\"admin\"\/>\n\t<meta name=\"google-site-verification\" content=\"UA-38556648-1\" \/>\n\t<meta name=\"keywords\" content=\"noticias y actualidad\" \/>\n\t<link rel=\"canonical\" href=\"https:\/\/eldigitaldeasturias.com\/magazine365\/ugt-y-coo-lamentan-la-pasividad-del-gobierno-para-defender-la-industria-aeroespacial-espanola\/\" \/>\n\t<meta name=\"generator\" content=\"All in One SEO Pro (AIOSEO) 4.9.6.1\" \/>\n\t\t<meta property=\"og:locale\" content=\"es_ES\" \/>\n\t\t<meta property=\"og:site_name\" content=\"El Digital de Asturias \u2013 Revista de ocio, turismo y estilo de vida\" \/>\n\t\t<meta property=\"og:type\" content=\"article\" \/>\n\t\t<meta property=\"og:title\" content=\"UGT y COO lamentan \u00abla pasividad\u00bb del Gobierno para defender la industria aeroespacial espa\u00f1ola | El Digital de Asturias\" \/>\n\t\t<meta property=\"og:description\" content=\"UGT FICA y CCOO de Industria han lamentado &quot;la pasividad&quot; del Gobierno espa\u00f1ol a la hora de defender la industria aeroespacial espa\u00f1ola y sus intereses nacionales en un sector estrat\u00e9gico para la econom\u00eda. En un comunicado, los sindicatos critican las manifestaciones de la ministra de Defensa alemana, Ursula von der Leyen, en las que achacaba\" \/>\n\t\t<meta property=\"og:url\" content=\"https:\/\/eldigitaldeasturias.com\/magazine365\/ugt-y-coo-lamentan-la-pasividad-del-gobierno-para-defender-la-industria-aeroespacial-espanola\/\" \/>\n\t\t<meta property=\"og:image\" content=\"https:\/\/eldigitaldeasturias.com\/magazine365\/wp-content\/uploads\/2016\/06\/fotonoticia_20160613203239_800.jpg\" \/>\n\t\t<meta property=\"og:image:secure_url\" content=\"https:\/\/eldigitaldeasturias.com\/magazine365\/wp-content\/uploads\/2016\/06\/fotonoticia_20160613203239_800.jpg\" \/>\n\t\t<meta property=\"og:image:width\" content=\"800\" \/>\n\t\t<meta property=\"og:image:height\" content=\"534\" \/>\n\t\t<meta property=\"article:published_time\" content=\"2016-06-13T20:06:41+00:00\" \/>\n\t\t<meta property=\"article:modified_time\" content=\"2016-06-13T20:06:41+00:00\" \/>\n\t\t<meta name=\"twitter:card\" content=\"summary_large_image\" \/>\n\t\t<meta name=\"twitter:title\" content=\"UGT y COO lamentan \u00abla pasividad\u00bb del Gobierno para defender la industria aeroespacial espa\u00f1ola | El Digital de Asturias\" \/>\n\t\t<meta name=\"twitter:description\" content=\"UGT FICA y CCOO de Industria han lamentado &quot;la pasividad&quot; del Gobierno espa\u00f1ol a la hora de defender la industria aeroespacial espa\u00f1ola y sus intereses nacionales en un sector estrat\u00e9gico para la econom\u00eda. En un comunicado, los sindicatos critican las manifestaciones de la ministra de Defensa alemana, Ursula von der Leyen, en las que achacaba\" \/>\n\t\t<meta name=\"twitter:image\" content=\"https:\/\/eldigitaldeasturias.com\/magazine365\/wp-content\/uploads\/2016\/06\/fotonoticia_20160613203239_800.jpg\" \/>\n\t\t<script type=\"application\/ld+json\" class=\"aioseo-schema\">\n\t\t\t{\"@context\":\"https:\\\/\\\/schema.org\",\"@graph\":[{\"@type\":\"Article\",\"@id\":\"https:\\\/\\\/eldigitaldeasturias.com\\\/magazine365\\\/ugt-y-coo-lamentan-la-pasividad-del-gobierno-para-defender-la-industria-aeroespacial-espanola\\\/#article\",\"name\":\"UGT y COO lamentan \\u00abla pasividad\\u00bb del Gobierno para defender la industria aeroespacial espa\\u00f1ola | El Digital de Asturias\",\"headline\":\"UGT y COO lamentan \\u00abla pasividad\\u00bb del Gobierno para defender la industria aeroespacial espa\\u00f1ola\",\"author\":{\"@id\":\"https:\\\/\\\/eldigitaldeasturias.com\\\/magazine365\\\/author\\\/admin\\\/#author\"},\"publisher\":{\"@id\":\"https:\\\/\\\/eldigitaldeasturias.com\\\/magazine365\\\/#organization\"},\"image\":{\"@type\":\"ImageObject\",\"url\":\"https:\\\/\\\/eldigitaldeasturias.com\\\/magazine365\\\/wp-content\\\/uploads\\\/2016\\\/06\\\/fotonoticia_20160613203239_800.jpg\",\"width\":800,\"height\":534},\"datePublished\":\"2016-06-13T22:06:41+02:00\",\"dateModified\":\"2016-06-13T22:06:41+02:00\",\"inLanguage\":\"es-ES\",\"mainEntityOfPage\":{\"@id\":\"https:\\\/\\\/eldigitaldeasturias.com\\\/magazine365\\\/ugt-y-coo-lamentan-la-pasividad-del-gobierno-para-defender-la-industria-aeroespacial-espanola\\\/#webpage\"},\"isPartOf\":{\"@id\":\"https:\\\/\\\/eldigitaldeasturias.com\\\/magazine365\\\/ugt-y-coo-lamentan-la-pasividad-del-gobierno-para-defender-la-industria-aeroespacial-espanola\\\/#webpage\"},\"articleSection\":\"Noticias y Actualidad\"},{\"@type\":\"BreadcrumbList\",\"@id\":\"https:\\\/\\\/eldigitaldeasturias.com\\\/magazine365\\\/ugt-y-coo-lamentan-la-pasividad-del-gobierno-para-defender-la-industria-aeroespacial-espanola\\\/#breadcrumblist\",\"itemListElement\":[{\"@type\":\"ListItem\",\"@id\":\"https:\\\/\\\/eldigitaldeasturias.com\\\/magazine365#listItem\",\"position\":1,\"name\":\"Home\",\"item\":\"https:\\\/\\\/eldigitaldeasturias.com\\\/magazine365\",\"nextItem\":{\"@type\":\"ListItem\",\"@id\":\"https:\\\/\\\/eldigitaldeasturias.com\\\/magazine365\\\/category\\\/noticias-actualidad\\\/#listItem\",\"name\":\"Noticias y Actualidad\"}},{\"@type\":\"ListItem\",\"@id\":\"https:\\\/\\\/eldigitaldeasturias.com\\\/magazine365\\\/category\\\/noticias-actualidad\\\/#listItem\",\"position\":2,\"name\":\"Noticias y Actualidad\",\"item\":\"https:\\\/\\\/eldigitaldeasturias.com\\\/magazine365\\\/category\\\/noticias-actualidad\\\/\",\"nextItem\":{\"@type\":\"ListItem\",\"@id\":\"https:\\\/\\\/eldigitaldeasturias.com\\\/magazine365\\\/ugt-y-coo-lamentan-la-pasividad-del-gobierno-para-defender-la-industria-aeroespacial-espanola\\\/#listItem\",\"name\":\"UGT y COO lamentan \\u00abla pasividad\\u00bb del Gobierno para defender la industria aeroespacial espa\\u00f1ola\"},\"previousItem\":{\"@type\":\"ListItem\",\"@id\":\"https:\\\/\\\/eldigitaldeasturias.com\\\/magazine365#listItem\",\"name\":\"Home\"}},{\"@type\":\"ListItem\",\"@id\":\"https:\\\/\\\/eldigitaldeasturias.com\\\/magazine365\\\/ugt-y-coo-lamentan-la-pasividad-del-gobierno-para-defender-la-industria-aeroespacial-espanola\\\/#listItem\",\"position\":3,\"name\":\"UGT y COO lamentan \\u00abla pasividad\\u00bb del Gobierno para defender la industria aeroespacial espa\\u00f1ola\",\"previousItem\":{\"@type\":\"ListItem\",\"@id\":\"https:\\\/\\\/eldigitaldeasturias.com\\\/magazine365\\\/category\\\/noticias-actualidad\\\/#listItem\",\"name\":\"Noticias y Actualidad\"}}]},{\"@type\":\"Organization\",\"@id\":\"https:\\\/\\\/eldigitaldeasturias.com\\\/magazine365\\\/#organization\",\"name\":\"El digital de Asturias\",\"description\":\"Revista de ocio, turismo y estilo de vida\",\"url\":\"https:\\\/\\\/eldigitaldeasturias.com\\\/magazine365\\\/\",\"logo\":{\"@type\":\"ImageObject\",\"url\":\"https:\\\/\\\/www.eldigitaldeasturias.com\\\/noticias\\\/wp-content\\\/uploads\\\/2020\\\/12\\\/EDA.jpg\",\"@id\":\"https:\\\/\\\/eldigitaldeasturias.com\\\/magazine365\\\/ugt-y-coo-lamentan-la-pasividad-del-gobierno-para-defender-la-industria-aeroespacial-espanola\\\/#organizationLogo\"},\"image\":{\"@id\":\"https:\\\/\\\/eldigitaldeasturias.com\\\/magazine365\\\/ugt-y-coo-lamentan-la-pasividad-del-gobierno-para-defender-la-industria-aeroespacial-espanola\\\/#organizationLogo\"}},{\"@type\":\"Person\",\"@id\":\"https:\\\/\\\/eldigitaldeasturias.com\\\/magazine365\\\/author\\\/admin\\\/#author\",\"url\":\"https:\\\/\\\/eldigitaldeasturias.com\\\/magazine365\\\/author\\\/admin\\\/\",\"name\":\"admin\",\"image\":{\"@type\":\"ImageObject\",\"@id\":\"https:\\\/\\\/eldigitaldeasturias.com\\\/magazine365\\\/ugt-y-coo-lamentan-la-pasividad-del-gobierno-para-defender-la-industria-aeroespacial-espanola\\\/#authorImage\",\"url\":\"https:\\\/\\\/eldigitaldeasturias.com\\\/magazine365\\\/wp-content\\\/litespeed\\\/avatar\\\/e571bcf59a0edd6fa6838245a470f2fe.jpg?ver=1776969259\",\"width\":96,\"height\":96,\"caption\":\"admin\"}},{\"@type\":\"WebPage\",\"@id\":\"https:\\\/\\\/eldigitaldeasturias.com\\\/magazine365\\\/ugt-y-coo-lamentan-la-pasividad-del-gobierno-para-defender-la-industria-aeroespacial-espanola\\\/#webpage\",\"url\":\"https:\\\/\\\/eldigitaldeasturias.com\\\/magazine365\\\/ugt-y-coo-lamentan-la-pasividad-del-gobierno-para-defender-la-industria-aeroespacial-espanola\\\/\",\"name\":\"UGT y COO lamentan \\u00abla pasividad\\u00bb del Gobierno para defender la industria aeroespacial espa\\u00f1ola | El Digital de Asturias\",\"description\":\"UGT FICA y CCOO de Industria han lamentado \\\"la pasividad\\\" del Gobierno espa\\u00f1ol a la hora de defender la industria aeroespacial espa\\u00f1ola y sus intereses nacionales en un sector estrat\\u00e9gico para la econom\\u00eda. En un comunicado, los sindicatos critican las manifestaciones de la ministra de Defensa alemana, Ursula von der Leyen, en las que achacaba\",\"inLanguage\":\"es-ES\",\"isPartOf\":{\"@id\":\"https:\\\/\\\/eldigitaldeasturias.com\\\/magazine365\\\/#website\"},\"breadcrumb\":{\"@id\":\"https:\\\/\\\/eldigitaldeasturias.com\\\/magazine365\\\/ugt-y-coo-lamentan-la-pasividad-del-gobierno-para-defender-la-industria-aeroespacial-espanola\\\/#breadcrumblist\"},\"author\":{\"@id\":\"https:\\\/\\\/eldigitaldeasturias.com\\\/magazine365\\\/author\\\/admin\\\/#author\"},\"creator\":{\"@id\":\"https:\\\/\\\/eldigitaldeasturias.com\\\/magazine365\\\/author\\\/admin\\\/#author\"},\"image\":{\"@type\":\"ImageObject\",\"url\":\"https:\\\/\\\/eldigitaldeasturias.com\\\/magazine365\\\/wp-content\\\/uploads\\\/2016\\\/06\\\/fotonoticia_20160613203239_800.jpg\",\"@id\":\"https:\\\/\\\/eldigitaldeasturias.com\\\/magazine365\\\/ugt-y-coo-lamentan-la-pasividad-del-gobierno-para-defender-la-industria-aeroespacial-espanola\\\/#mainImage\",\"width\":800,\"height\":534},\"primaryImageOfPage\":{\"@id\":\"https:\\\/\\\/eldigitaldeasturias.com\\\/magazine365\\\/ugt-y-coo-lamentan-la-pasividad-del-gobierno-para-defender-la-industria-aeroespacial-espanola\\\/#mainImage\"},\"datePublished\":\"2016-06-13T22:06:41+02:00\",\"dateModified\":\"2016-06-13T22:06:41+02:00\"},{\"@type\":\"WebSite\",\"@id\":\"https:\\\/\\\/eldigitaldeasturias.com\\\/magazine365\\\/#website\",\"url\":\"https:\\\/\\\/eldigitaldeasturias.com\\\/magazine365\\\/\",\"name\":\"El Digital de Asturias\",\"description\":\"Revista de ocio, turismo y estilo de vida\",\"inLanguage\":\"es-ES\",\"publisher\":{\"@id\":\"https:\\\/\\\/eldigitaldeasturias.com\\\/magazine365\\\/#organization\"}}]}\n\t\t<\/script>\n\t\t<!-- All in One SEO Pro -->\r\n\t\t<title>UGT y COO lamentan \u00abla pasividad\u00bb del Gobierno para defender la industria aeroespacial espa\u00f1ola | El Digital de Asturias<\/title>\n\n","aioseo_head_json":{"title":"UGT y COO lamentan \u00abla pasividad\u00bb del Gobierno para defender la industria aeroespacial espa\u00f1ola | El Digital de Asturias","description":"UGT FICA y CCOO de Industria han lamentado \"la pasividad\" del Gobierno espa\u00f1ol a la hora de defender la industria aeroespacial espa\u00f1ola y sus intereses nacionales en un sector estrat\u00e9gico para la econom\u00eda. En un comunicado, los sindicatos critican las manifestaciones de la ministra de Defensa alemana, Ursula von der Leyen, en las que achacaba","canonical_url":"https:\/\/eldigitaldeasturias.com\/magazine365\/ugt-y-coo-lamentan-la-pasividad-del-gobierno-para-defender-la-industria-aeroespacial-espanola\/","robots":"max-image-preview:large","keywords":"noticias y actualidad","webmasterTools":{"google-site-verification":"UA-38556648-1","miscellaneous":""},"schema":{"@context":"https:\/\/schema.org","@graph":[{"@type":"Article","@id":"https:\/\/eldigitaldeasturias.com\/magazine365\/ugt-y-coo-lamentan-la-pasividad-del-gobierno-para-defender-la-industria-aeroespacial-espanola\/#article","name":"UGT y COO lamentan \u00abla pasividad\u00bb del Gobierno para defender la industria aeroespacial espa\u00f1ola | El Digital de Asturias","headline":"UGT y COO lamentan \u00abla pasividad\u00bb del Gobierno para defender la industria aeroespacial espa\u00f1ola","author":{"@id":"https:\/\/eldigitaldeasturias.com\/magazine365\/author\/admin\/#author"},"publisher":{"@id":"https:\/\/eldigitaldeasturias.com\/magazine365\/#organization"},"image":{"@type":"ImageObject","url":"https:\/\/eldigitaldeasturias.com\/magazine365\/wp-content\/uploads\/2016\/06\/fotonoticia_20160613203239_800.jpg","width":800,"height":534},"datePublished":"2016-06-13T22:06:41+02:00","dateModified":"2016-06-13T22:06:41+02:00","inLanguage":"es-ES","mainEntityOfPage":{"@id":"https:\/\/eldigitaldeasturias.com\/magazine365\/ugt-y-coo-lamentan-la-pasividad-del-gobierno-para-defender-la-industria-aeroespacial-espanola\/#webpage"},"isPartOf":{"@id":"https:\/\/eldigitaldeasturias.com\/magazine365\/ugt-y-coo-lamentan-la-pasividad-del-gobierno-para-defender-la-industria-aeroespacial-espanola\/#webpage"},"articleSection":"Noticias y Actualidad"},{"@type":"BreadcrumbList","@id":"https:\/\/eldigitaldeasturias.com\/magazine365\/ugt-y-coo-lamentan-la-pasividad-del-gobierno-para-defender-la-industria-aeroespacial-espanola\/#breadcrumblist","itemListElement":[{"@type":"ListItem","@id":"https:\/\/eldigitaldeasturias.com\/magazine365#listItem","position":1,"name":"Home","item":"https:\/\/eldigitaldeasturias.com\/magazine365","nextItem":{"@type":"ListItem","@id":"https:\/\/eldigitaldeasturias.com\/magazine365\/category\/noticias-actualidad\/#listItem","name":"Noticias y Actualidad"}},{"@type":"ListItem","@id":"https:\/\/eldigitaldeasturias.com\/magazine365\/category\/noticias-actualidad\/#listItem","position":2,"name":"Noticias y Actualidad","item":"https:\/\/eldigitaldeasturias.com\/magazine365\/category\/noticias-actualidad\/","nextItem":{"@type":"ListItem","@id":"https:\/\/eldigitaldeasturias.com\/magazine365\/ugt-y-coo-lamentan-la-pasividad-del-gobierno-para-defender-la-industria-aeroespacial-espanola\/#listItem","name":"UGT y COO lamentan \u00abla pasividad\u00bb del Gobierno para defender la industria aeroespacial espa\u00f1ola"},"previousItem":{"@type":"ListItem","@id":"https:\/\/eldigitaldeasturias.com\/magazine365#listItem","name":"Home"}},{"@type":"ListItem","@id":"https:\/\/eldigitaldeasturias.com\/magazine365\/ugt-y-coo-lamentan-la-pasividad-del-gobierno-para-defender-la-industria-aeroespacial-espanola\/#listItem","position":3,"name":"UGT y COO lamentan \u00abla pasividad\u00bb del Gobierno para defender la industria aeroespacial espa\u00f1ola","previousItem":{"@type":"ListItem","@id":"https:\/\/eldigitaldeasturias.com\/magazine365\/category\/noticias-actualidad\/#listItem","name":"Noticias y Actualidad"}}]},{"@type":"Organization","@id":"https:\/\/eldigitaldeasturias.com\/magazine365\/#organization","name":"El digital de Asturias","description":"Revista de ocio, turismo y estilo de vida","url":"https:\/\/eldigitaldeasturias.com\/magazine365\/","logo":{"@type":"ImageObject","url":"https:\/\/www.eldigitaldeasturias.com\/noticias\/wp-content\/uploads\/2020\/12\/EDA.jpg","@id":"https:\/\/eldigitaldeasturias.com\/magazine365\/ugt-y-coo-lamentan-la-pasividad-del-gobierno-para-defender-la-industria-aeroespacial-espanola\/#organizationLogo"},"image":{"@id":"https:\/\/eldigitaldeasturias.com\/magazine365\/ugt-y-coo-lamentan-la-pasividad-del-gobierno-para-defender-la-industria-aeroespacial-espanola\/#organizationLogo"}},{"@type":"Person","@id":"https:\/\/eldigitaldeasturias.com\/magazine365\/author\/admin\/#author","url":"https:\/\/eldigitaldeasturias.com\/magazine365\/author\/admin\/","name":"admin","image":{"@type":"ImageObject","@id":"https:\/\/eldigitaldeasturias.com\/magazine365\/ugt-y-coo-lamentan-la-pasividad-del-gobierno-para-defender-la-industria-aeroespacial-espanola\/#authorImage","url":"https:\/\/eldigitaldeasturias.com\/magazine365\/wp-content\/litespeed\/avatar\/e571bcf59a0edd6fa6838245a470f2fe.jpg?ver=1776969259","width":96,"height":96,"caption":"admin"}},{"@type":"WebPage","@id":"https:\/\/eldigitaldeasturias.com\/magazine365\/ugt-y-coo-lamentan-la-pasividad-del-gobierno-para-defender-la-industria-aeroespacial-espanola\/#webpage","url":"https:\/\/eldigitaldeasturias.com\/magazine365\/ugt-y-coo-lamentan-la-pasividad-del-gobierno-para-defender-la-industria-aeroespacial-espanola\/","name":"UGT y COO lamentan \u00abla pasividad\u00bb del Gobierno para defender la industria aeroespacial espa\u00f1ola | El Digital de Asturias","description":"UGT FICA y CCOO de Industria han lamentado \"la pasividad\" del Gobierno espa\u00f1ol a la hora de defender la industria aeroespacial espa\u00f1ola y sus intereses nacionales en un sector estrat\u00e9gico para la econom\u00eda. En un comunicado, los sindicatos critican las manifestaciones de la ministra de Defensa alemana, Ursula von der Leyen, en las que achacaba","inLanguage":"es-ES","isPartOf":{"@id":"https:\/\/eldigitaldeasturias.com\/magazine365\/#website"},"breadcrumb":{"@id":"https:\/\/eldigitaldeasturias.com\/magazine365\/ugt-y-coo-lamentan-la-pasividad-del-gobierno-para-defender-la-industria-aeroespacial-espanola\/#breadcrumblist"},"author":{"@id":"https:\/\/eldigitaldeasturias.com\/magazine365\/author\/admin\/#author"},"creator":{"@id":"https:\/\/eldigitaldeasturias.com\/magazine365\/author\/admin\/#author"},"image":{"@type":"ImageObject","url":"https:\/\/eldigitaldeasturias.com\/magazine365\/wp-content\/uploads\/2016\/06\/fotonoticia_20160613203239_800.jpg","@id":"https:\/\/eldigitaldeasturias.com\/magazine365\/ugt-y-coo-lamentan-la-pasividad-del-gobierno-para-defender-la-industria-aeroespacial-espanola\/#mainImage","width":800,"height":534},"primaryImageOfPage":{"@id":"https:\/\/eldigitaldeasturias.com\/magazine365\/ugt-y-coo-lamentan-la-pasividad-del-gobierno-para-defender-la-industria-aeroespacial-espanola\/#mainImage"},"datePublished":"2016-06-13T22:06:41+02:00","dateModified":"2016-06-13T22:06:41+02:00"},{"@type":"WebSite","@id":"https:\/\/eldigitaldeasturias.com\/magazine365\/#website","url":"https:\/\/eldigitaldeasturias.com\/magazine365\/","name":"El Digital de Asturias","description":"Revista de ocio, turismo y estilo de vida","inLanguage":"es-ES","publisher":{"@id":"https:\/\/eldigitaldeasturias.com\/magazine365\/#organization"}}]},"og:locale":"es_ES","og:site_name":"El Digital de Asturias \u2013 Revista de ocio, turismo y estilo de vida","og:type":"article","og:title":"UGT y COO lamentan \u00abla pasividad\u00bb del Gobierno para defender la industria aeroespacial espa\u00f1ola | El Digital de Asturias","og:description":"UGT FICA y CCOO de Industria han lamentado &quot;la pasividad&quot; del Gobierno espa\u00f1ol a la hora de defender la industria aeroespacial espa\u00f1ola y sus intereses nacionales en un sector estrat\u00e9gico para la econom\u00eda. En un comunicado, los sindicatos critican las manifestaciones de la ministra de Defensa alemana, Ursula von der Leyen, en las que achacaba","og:url":"https:\/\/eldigitaldeasturias.com\/magazine365\/ugt-y-coo-lamentan-la-pasividad-del-gobierno-para-defender-la-industria-aeroespacial-espanola\/","og:image":"https:\/\/eldigitaldeasturias.com\/magazine365\/wp-content\/uploads\/2016\/06\/fotonoticia_20160613203239_800.jpg","og:image:secure_url":"https:\/\/eldigitaldeasturias.com\/magazine365\/wp-content\/uploads\/2016\/06\/fotonoticia_20160613203239_800.jpg","og:image:width":800,"og:image:height":534,"article:published_time":"2016-06-13T20:06:41+00:00","article:modified_time":"2016-06-13T20:06:41+00:00","twitter:card":"summary_large_image","twitter:title":"UGT y COO lamentan \u00abla pasividad\u00bb del Gobierno para defender la industria aeroespacial espa\u00f1ola | El Digital de Asturias","twitter:description":"UGT FICA y CCOO de Industria han lamentado &quot;la pasividad&quot; del Gobierno espa\u00f1ol a la hora de defender la industria aeroespacial espa\u00f1ola y sus intereses nacionales en un sector estrat\u00e9gico para la econom\u00eda. En un comunicado, los sindicatos critican las manifestaciones de la ministra de Defensa alemana, Ursula von der Leyen, en las que achacaba","twitter:image":"https:\/\/eldigitaldeasturias.com\/magazine365\/wp-content\/uploads\/2016\/06\/fotonoticia_20160613203239_800.jpg"},"aioseo_meta_data":{"post_id":"79072","title":null,"description":null,"keywords":null,"keyphrases":null,"primary_term":null,"canonical_url":null,"og_title":null,"og_description":null,"og_object_type":"default","og_image_type":"default","og_image_url":null,"og_image_width":null,"og_image_height":null,"og_image_custom_url":null,"og_image_custom_fields":null,"og_video":null,"og_custom_url":null,"og_article_section":null,"og_article_tags":null,"twitter_use_og":false,"twitter_card":"default","twitter_image_type":"default","twitter_image_url":null,"twitter_image_custom_url":null,"twitter_image_custom_fields":null,"twitter_title":null,"twitter_description":null,"schema":{"blockGraphs":[],"customGraphs":[],"default":{"data":{"Article":[],"Course":[],"Dataset":[],"FAQPage":[],"Movie":[],"Person":[],"Product":[],"ProductReview":[],"Car":[],"Recipe":[],"Service":[],"SoftwareApplication":[],"WebPage":[]},"graphName":"","isEnabled":true},"graphs":[],"defaultGraph":"","defaultPostTypeGraph":""},"schema_type":null,"schema_type_options":null,"pillar_content":false,"robots_default":true,"robots_noindex":false,"robots_noarchive":false,"robots_nosnippet":false,"robots_nofollow":false,"robots_noimageindex":false,"robots_noodp":false,"robots_notranslate":false,"robots_max_snippet":null,"robots_max_videopreview":null,"robots_max_imagepreview":"large","priority":null,"frequency":null,"location":null,"local_seo":null,"seo_analyzer_scan_date":"2025-09-27 18:10:29","breadcrumb_settings":null,"limit_modified_date":false,"open_ai":null,"ai":null,"created":"2021-03-08 17:53:10","updated":"2025-09-27 18:10:29"},"aioseo_breadcrumb":"<div class=\"aioseo-breadcrumbs\"><span class=\"aioseo-breadcrumb\">\n\t<a href=\"https:\/\/eldigitaldeasturias.com\/magazine365\" title=\"Home\">Home<\/a>\n<\/span><span class=\"aioseo-breadcrumb-separator\">\u2013<\/span><span class=\"aioseo-breadcrumb\">\n\t<a href=\"https:\/\/eldigitaldeasturias.com\/magazine365\/category\/noticias-actualidad\/\" title=\"Noticias y Actualidad\">Noticias y Actualidad<\/a>\n<\/span><span class=\"aioseo-breadcrumb-separator\">\u2013<\/span><span class=\"aioseo-breadcrumb\">\n\t<a href=\"https:\/\/eldigitaldeasturias.com\/magazine365\/ugt-y-coo-lamentan-la-pasividad-del-gobierno-para-defender-la-industria-aeroespacial-espanola\/\" title=\"UGT y COO lamentan \u00abla pasividad\u00bb del Gobierno para defender la industria aeroespacial espa\u00f1ola\">UGT y COO lamentan \u00abla pasividad\u00bb del Gobierno para defender la industria aeroespacial espa\u00f1ola<\/a>\n<\/span><\/div>","aioseo_breadcrumb_json":[{"label":"Home","link":"https:\/\/eldigitaldeasturias.com\/magazine365"},{"label":"Noticias y Actualidad","link":"https:\/\/eldigitaldeasturias.com\/magazine365\/category\/noticias-actualidad\/"},{"label":"UGT y COO lamentan \u00abla pasividad\u00bb del Gobierno para defender la industria aeroespacial espa\u00f1ola","link":"https:\/\/eldigitaldeasturias.com\/magazine365\/ugt-y-coo-lamentan-la-pasividad-del-gobierno-para-defender-la-industria-aeroespacial-espanola\/"}],"_links":{"self":[{"href":"https:\/\/eldigitaldeasturias.com\/magazine365\/wp-json\/wp\/v2\/posts\/79072","targetHints":{"allow":["GET"]}}],"collection":[{"href":"https:\/\/eldigitaldeasturias.com\/magazine365\/wp-json\/wp\/v2\/posts"}],"about":[{"href":"https:\/\/eldigitaldeasturias.com\/magazine365\/wp-json\/wp\/v2\/types\/post"}],"author":[{"embeddable":true,"href":"https:\/\/eldigitaldeasturias.com\/magazine365\/wp-json\/wp\/v2\/users\/1"}],"replies":[{"embeddable":true,"href":"https:\/\/eldigitaldeasturias.com\/magazine365\/wp-json\/wp\/v2\/comments?post=79072"}],"version-history":[{"count":0,"href":"https:\/\/eldigitaldeasturias.com\/magazine365\/wp-json\/wp\/v2\/posts\/79072\/revisions"}],"wp:featuredmedia":[{"embeddable":true,"href":"https:\/\/eldigitaldeasturias.com\/magazine365\/wp-json\/wp\/v2\/media\/79073"}],"wp:attachment":[{"href":"https:\/\/eldigitaldeasturias.com\/magazine365\/wp-json\/wp\/v2\/media?parent=79072"}],"wp:term":[{"taxonomy":"category","embeddable":true,"href":"https:\/\/eldigitaldeasturias.com\/magazine365\/wp-json\/wp\/v2\/categories?post=79072"},{"taxonomy":"post_tag","embeddable":true,"href":"https:\/\/eldigitaldeasturias.com\/magazine365\/wp-json\/wp\/v2\/tags?post=79072"}],"curies":[{"name":"wp","href":"https:\/\/api.w.org\/{rel}","templated":true}]}}