{"id":79069,"date":"2016-06-13T21:50:05","date_gmt":"2016-06-13T19:50:05","guid":{"rendered":"http:\/\/eldigitaldeasturias.com\/magazine365\/?p=79069"},"modified":"2016-06-13T21:50:05","modified_gmt":"2016-06-13T19:50:05","slug":"axel-hotels-con-las-victimas-de-orlando-y-la-comunidad-lgbt-internacional","status":"publish","type":"post","link":"https:\/\/eldigitaldeasturias.com\/magazine365\/axel-hotels-con-las-victimas-de-orlando-y-la-comunidad-lgbt-internacional\/","title":{"rendered":"Axel Hotels, con las v\u00edctimas de Orlando y la comunidad LGBT internacional"},"content":{"rendered":"<p><img fetchpriority=\"high\" decoding=\"async\" class=\"alignleft size-medium wp-image-79070\" src=\"https:\/\/eldigitaldeasturias.com\/magazine365\/wp-content\/uploads\/2016\/06\/fotonoticia_20160613195400_800-272x300.jpg\" alt=\"fotonoticia_20160613195400_800\" width=\"272\" height=\"300\" srcset=\"https:\/\/eldigitaldeasturias.com\/magazine365\/wp-content\/uploads\/2016\/06\/fotonoticia_20160613195400_800-272x300.jpg 272w, https:\/\/eldigitaldeasturias.com\/magazine365\/wp-content\/uploads\/2016\/06\/fotonoticia_20160613195400_800-580x640.jpg 580w, https:\/\/eldigitaldeasturias.com\/magazine365\/wp-content\/uploads\/2016\/06\/fotonoticia_20160613195400_800-768x848.jpg 768w, https:\/\/eldigitaldeasturias.com\/magazine365\/wp-content\/uploads\/2016\/06\/fotonoticia_20160613195400_800-150x166.jpg 150w, https:\/\/eldigitaldeasturias.com\/magazine365\/wp-content\/uploads\/2016\/06\/fotonoticia_20160613195400_800-450x497.jpg 450w, https:\/\/eldigitaldeasturias.com\/magazine365\/wp-content\/uploads\/2016\/06\/fotonoticia_20160613195400_800.jpg 800w\" sizes=\"(max-width: 272px) 100vw, 272px\" \/>Axel Hotels ha expresado sus condolencias a los familiares y amigos de las v\u00edctimas del tiroteo del club Pulse de Orlando y a toda la comunidad LGBT de la ciudad en un comunicado.<\/p>\n<p>\u00abEstamos convencidos que el terror no podr\u00e1 con todos los que nos mantenemos unidos en la constante lucha por los derechos humanos, la integraci\u00f3n y la normalizaci\u00f3n del colectivo LGBT en el mundo entero, porque unidos en el amor, ganaremos siempre la batalla al terrorismo\u00bb, se\u00f1ala la nota.<\/p>\n<p>La compa\u00f1\u00eda hotelera ha mostrado su apoyo a Orlando y ha firmado que seguir\u00e1n celebrando el orgullo LGBT con m\u00e1s fuerza tras los sucesos.<\/p>\n","protected":false},"excerpt":{"rendered":"<p>Axel Hotels ha expresado sus condolencias a los familiares y amigos de las v\u00edctimas del tiroteo del club Pulse de Orlando y a toda la comunidad LGBT de la ciudad en un comunicado. \u00abEstamos convencidos que el terror no podr\u00e1 con todos los que nos mantenemos unidos en la constante lucha por los derechos humanos,<\/p>\n","protected":false},"author":1,"featured_media":79070,"comment_status":"open","ping_status":"closed","sticky":false,"template":"","format":"standard","meta":{"footnotes":""},"categories":[224],"tags":[],"class_list":{"0":"post-79069","1":"post","2":"type-post","3":"status-publish","4":"format-standard","5":"has-post-thumbnail","7":"category-noticias-actualidad"},"aioseo_notices":[],"aioseo_head":"\n\t\t<!-- All in One SEO Pro 4.9.6.1 - aioseo.com -->\n\t<meta name=\"description\" content=\"Axel Hotels ha expresado sus condolencias a los familiares y amigos de las v\u00edctimas del tiroteo del club Pulse de Orlando y a toda la comunidad LGBT de la ciudad en un comunicado. &quot;Estamos convencidos que el terror no podr\u00e1 con todos los que nos mantenemos unidos en la constante lucha por los derechos humanos,\" \/>\n\t<meta name=\"robots\" content=\"max-image-preview:large\" \/>\n\t<meta name=\"author\" content=\"admin\"\/>\n\t<meta name=\"google-site-verification\" content=\"UA-38556648-1\" \/>\n\t<meta name=\"keywords\" content=\"noticias y actualidad\" \/>\n\t<link rel=\"canonical\" href=\"https:\/\/eldigitaldeasturias.com\/magazine365\/axel-hotels-con-las-victimas-de-orlando-y-la-comunidad-lgbt-internacional\/\" \/>\n\t<meta name=\"generator\" content=\"All in One SEO Pro (AIOSEO) 4.9.6.1\" \/>\n\t\t<meta property=\"og:locale\" content=\"es_ES\" \/>\n\t\t<meta property=\"og:site_name\" content=\"El Digital de Asturias \u2013 Revista de ocio, turismo y estilo de vida\" \/>\n\t\t<meta property=\"og:type\" content=\"article\" \/>\n\t\t<meta property=\"og:title\" content=\"Axel Hotels, con las v\u00edctimas de Orlando y la comunidad LGBT internacional | El Digital de Asturias\" \/>\n\t\t<meta property=\"og:description\" content=\"Axel Hotels ha expresado sus condolencias a los familiares y amigos de las v\u00edctimas del tiroteo del club Pulse de Orlando y a toda la comunidad LGBT de la ciudad en un comunicado. &quot;Estamos convencidos que el terror no podr\u00e1 con todos los que nos mantenemos unidos en la constante lucha por los derechos humanos,\" \/>\n\t\t<meta property=\"og:url\" content=\"https:\/\/eldigitaldeasturias.com\/magazine365\/axel-hotels-con-las-victimas-de-orlando-y-la-comunidad-lgbt-internacional\/\" \/>\n\t\t<meta property=\"og:image\" content=\"https:\/\/eldigitaldeasturias.com\/magazine365\/wp-content\/uploads\/2016\/06\/fotonoticia_20160613195400_800.jpg\" \/>\n\t\t<meta property=\"og:image:secure_url\" content=\"https:\/\/eldigitaldeasturias.com\/magazine365\/wp-content\/uploads\/2016\/06\/fotonoticia_20160613195400_800.jpg\" \/>\n\t\t<meta property=\"og:image:width\" content=\"800\" \/>\n\t\t<meta property=\"og:image:height\" content=\"883\" \/>\n\t\t<meta property=\"article:published_time\" content=\"2016-06-13T19:50:05+00:00\" \/>\n\t\t<meta property=\"article:modified_time\" content=\"2016-06-13T19:50:05+00:00\" \/>\n\t\t<meta name=\"twitter:card\" content=\"summary_large_image\" \/>\n\t\t<meta name=\"twitter:title\" content=\"Axel Hotels, con las v\u00edctimas de Orlando y la comunidad LGBT internacional | El Digital de Asturias\" \/>\n\t\t<meta name=\"twitter:description\" content=\"Axel Hotels ha expresado sus condolencias a los familiares y amigos de las v\u00edctimas del tiroteo del club Pulse de Orlando y a toda la comunidad LGBT de la ciudad en un comunicado. &quot;Estamos convencidos que el terror no podr\u00e1 con todos los que nos mantenemos unidos en la constante lucha por los derechos humanos,\" \/>\n\t\t<meta name=\"twitter:image\" content=\"https:\/\/eldigitaldeasturias.com\/magazine365\/wp-content\/uploads\/2016\/06\/fotonoticia_20160613195400_800.jpg\" \/>\n\t\t<script type=\"application\/ld+json\" class=\"aioseo-schema\">\n\t\t\t{\"@context\":\"https:\\\/\\\/schema.org\",\"@graph\":[{\"@type\":\"Article\",\"@id\":\"https:\\\/\\\/eldigitaldeasturias.com\\\/magazine365\\\/axel-hotels-con-las-victimas-de-orlando-y-la-comunidad-lgbt-internacional\\\/#article\",\"name\":\"Axel Hotels, con las v\\u00edctimas de Orlando y la comunidad LGBT internacional | El Digital de Asturias\",\"headline\":\"Axel Hotels, con las v\\u00edctimas de Orlando y la comunidad LGBT internacional\",\"author\":{\"@id\":\"https:\\\/\\\/eldigitaldeasturias.com\\\/magazine365\\\/author\\\/admin\\\/#author\"},\"publisher\":{\"@id\":\"https:\\\/\\\/eldigitaldeasturias.com\\\/magazine365\\\/#organization\"},\"image\":{\"@type\":\"ImageObject\",\"url\":\"https:\\\/\\\/eldigitaldeasturias.com\\\/magazine365\\\/wp-content\\\/uploads\\\/2016\\\/06\\\/fotonoticia_20160613195400_800.jpg\",\"width\":800,\"height\":883},\"datePublished\":\"2016-06-13T21:50:05+02:00\",\"dateModified\":\"2016-06-13T21:50:05+02:00\",\"inLanguage\":\"es-ES\",\"mainEntityOfPage\":{\"@id\":\"https:\\\/\\\/eldigitaldeasturias.com\\\/magazine365\\\/axel-hotels-con-las-victimas-de-orlando-y-la-comunidad-lgbt-internacional\\\/#webpage\"},\"isPartOf\":{\"@id\":\"https:\\\/\\\/eldigitaldeasturias.com\\\/magazine365\\\/axel-hotels-con-las-victimas-de-orlando-y-la-comunidad-lgbt-internacional\\\/#webpage\"},\"articleSection\":\"Noticias y Actualidad\"},{\"@type\":\"BreadcrumbList\",\"@id\":\"https:\\\/\\\/eldigitaldeasturias.com\\\/magazine365\\\/axel-hotels-con-las-victimas-de-orlando-y-la-comunidad-lgbt-internacional\\\/#breadcrumblist\",\"itemListElement\":[{\"@type\":\"ListItem\",\"@id\":\"https:\\\/\\\/eldigitaldeasturias.com\\\/magazine365#listItem\",\"position\":1,\"name\":\"Home\",\"item\":\"https:\\\/\\\/eldigitaldeasturias.com\\\/magazine365\",\"nextItem\":{\"@type\":\"ListItem\",\"@id\":\"https:\\\/\\\/eldigitaldeasturias.com\\\/magazine365\\\/category\\\/noticias-actualidad\\\/#listItem\",\"name\":\"Noticias y Actualidad\"}},{\"@type\":\"ListItem\",\"@id\":\"https:\\\/\\\/eldigitaldeasturias.com\\\/magazine365\\\/category\\\/noticias-actualidad\\\/#listItem\",\"position\":2,\"name\":\"Noticias y Actualidad\",\"item\":\"https:\\\/\\\/eldigitaldeasturias.com\\\/magazine365\\\/category\\\/noticias-actualidad\\\/\",\"nextItem\":{\"@type\":\"ListItem\",\"@id\":\"https:\\\/\\\/eldigitaldeasturias.com\\\/magazine365\\\/axel-hotels-con-las-victimas-de-orlando-y-la-comunidad-lgbt-internacional\\\/#listItem\",\"name\":\"Axel Hotels, con las v\\u00edctimas de Orlando y la comunidad LGBT internacional\"},\"previousItem\":{\"@type\":\"ListItem\",\"@id\":\"https:\\\/\\\/eldigitaldeasturias.com\\\/magazine365#listItem\",\"name\":\"Home\"}},{\"@type\":\"ListItem\",\"@id\":\"https:\\\/\\\/eldigitaldeasturias.com\\\/magazine365\\\/axel-hotels-con-las-victimas-de-orlando-y-la-comunidad-lgbt-internacional\\\/#listItem\",\"position\":3,\"name\":\"Axel Hotels, con las v\\u00edctimas de Orlando y la comunidad LGBT internacional\",\"previousItem\":{\"@type\":\"ListItem\",\"@id\":\"https:\\\/\\\/eldigitaldeasturias.com\\\/magazine365\\\/category\\\/noticias-actualidad\\\/#listItem\",\"name\":\"Noticias y Actualidad\"}}]},{\"@type\":\"Organization\",\"@id\":\"https:\\\/\\\/eldigitaldeasturias.com\\\/magazine365\\\/#organization\",\"name\":\"El digital de Asturias\",\"description\":\"Revista de ocio, turismo y estilo de vida\",\"url\":\"https:\\\/\\\/eldigitaldeasturias.com\\\/magazine365\\\/\",\"logo\":{\"@type\":\"ImageObject\",\"url\":\"https:\\\/\\\/www.eldigitaldeasturias.com\\\/noticias\\\/wp-content\\\/uploads\\\/2020\\\/12\\\/EDA.jpg\",\"@id\":\"https:\\\/\\\/eldigitaldeasturias.com\\\/magazine365\\\/axel-hotels-con-las-victimas-de-orlando-y-la-comunidad-lgbt-internacional\\\/#organizationLogo\"},\"image\":{\"@id\":\"https:\\\/\\\/eldigitaldeasturias.com\\\/magazine365\\\/axel-hotels-con-las-victimas-de-orlando-y-la-comunidad-lgbt-internacional\\\/#organizationLogo\"}},{\"@type\":\"Person\",\"@id\":\"https:\\\/\\\/eldigitaldeasturias.com\\\/magazine365\\\/author\\\/admin\\\/#author\",\"url\":\"https:\\\/\\\/eldigitaldeasturias.com\\\/magazine365\\\/author\\\/admin\\\/\",\"name\":\"admin\",\"image\":{\"@type\":\"ImageObject\",\"@id\":\"https:\\\/\\\/eldigitaldeasturias.com\\\/magazine365\\\/axel-hotels-con-las-victimas-de-orlando-y-la-comunidad-lgbt-internacional\\\/#authorImage\",\"url\":\"https:\\\/\\\/eldigitaldeasturias.com\\\/magazine365\\\/wp-content\\\/litespeed\\\/avatar\\\/e571bcf59a0edd6fa6838245a470f2fe.jpg?ver=1776969259\",\"width\":96,\"height\":96,\"caption\":\"admin\"}},{\"@type\":\"WebPage\",\"@id\":\"https:\\\/\\\/eldigitaldeasturias.com\\\/magazine365\\\/axel-hotels-con-las-victimas-de-orlando-y-la-comunidad-lgbt-internacional\\\/#webpage\",\"url\":\"https:\\\/\\\/eldigitaldeasturias.com\\\/magazine365\\\/axel-hotels-con-las-victimas-de-orlando-y-la-comunidad-lgbt-internacional\\\/\",\"name\":\"Axel Hotels, con las v\\u00edctimas de Orlando y la comunidad LGBT internacional | El Digital de Asturias\",\"description\":\"Axel Hotels ha expresado sus condolencias a los familiares y amigos de las v\\u00edctimas del tiroteo del club Pulse de Orlando y a toda la comunidad LGBT de la ciudad en un comunicado. \\\"Estamos convencidos que el terror no podr\\u00e1 con todos los que nos mantenemos unidos en la constante lucha por los derechos humanos,\",\"inLanguage\":\"es-ES\",\"isPartOf\":{\"@id\":\"https:\\\/\\\/eldigitaldeasturias.com\\\/magazine365\\\/#website\"},\"breadcrumb\":{\"@id\":\"https:\\\/\\\/eldigitaldeasturias.com\\\/magazine365\\\/axel-hotels-con-las-victimas-de-orlando-y-la-comunidad-lgbt-internacional\\\/#breadcrumblist\"},\"author\":{\"@id\":\"https:\\\/\\\/eldigitaldeasturias.com\\\/magazine365\\\/author\\\/admin\\\/#author\"},\"creator\":{\"@id\":\"https:\\\/\\\/eldigitaldeasturias.com\\\/magazine365\\\/author\\\/admin\\\/#author\"},\"image\":{\"@type\":\"ImageObject\",\"url\":\"https:\\\/\\\/eldigitaldeasturias.com\\\/magazine365\\\/wp-content\\\/uploads\\\/2016\\\/06\\\/fotonoticia_20160613195400_800.jpg\",\"@id\":\"https:\\\/\\\/eldigitaldeasturias.com\\\/magazine365\\\/axel-hotels-con-las-victimas-de-orlando-y-la-comunidad-lgbt-internacional\\\/#mainImage\",\"width\":800,\"height\":883},\"primaryImageOfPage\":{\"@id\":\"https:\\\/\\\/eldigitaldeasturias.com\\\/magazine365\\\/axel-hotels-con-las-victimas-de-orlando-y-la-comunidad-lgbt-internacional\\\/#mainImage\"},\"datePublished\":\"2016-06-13T21:50:05+02:00\",\"dateModified\":\"2016-06-13T21:50:05+02:00\"},{\"@type\":\"WebSite\",\"@id\":\"https:\\\/\\\/eldigitaldeasturias.com\\\/magazine365\\\/#website\",\"url\":\"https:\\\/\\\/eldigitaldeasturias.com\\\/magazine365\\\/\",\"name\":\"El Digital de Asturias\",\"description\":\"Revista de ocio, turismo y estilo de vida\",\"inLanguage\":\"es-ES\",\"publisher\":{\"@id\":\"https:\\\/\\\/eldigitaldeasturias.com\\\/magazine365\\\/#organization\"}}]}\n\t\t<\/script>\n\t\t<!-- All in One SEO Pro -->\r\n\t\t<title>Axel Hotels, con las v\u00edctimas de Orlando y la comunidad LGBT internacional | El Digital de Asturias<\/title>\n\n","aioseo_head_json":{"title":"Axel Hotels, con las v\u00edctimas de Orlando y la comunidad LGBT internacional | El Digital de Asturias","description":"Axel Hotels ha expresado sus condolencias a los familiares y amigos de las v\u00edctimas del tiroteo del club Pulse de Orlando y a toda la comunidad LGBT de la ciudad en un comunicado. \"Estamos convencidos que el terror no podr\u00e1 con todos los que nos mantenemos unidos en la constante lucha por los derechos humanos,","canonical_url":"https:\/\/eldigitaldeasturias.com\/magazine365\/axel-hotels-con-las-victimas-de-orlando-y-la-comunidad-lgbt-internacional\/","robots":"max-image-preview:large","keywords":"noticias y actualidad","webmasterTools":{"google-site-verification":"UA-38556648-1","miscellaneous":""},"schema":{"@context":"https:\/\/schema.org","@graph":[{"@type":"Article","@id":"https:\/\/eldigitaldeasturias.com\/magazine365\/axel-hotels-con-las-victimas-de-orlando-y-la-comunidad-lgbt-internacional\/#article","name":"Axel Hotels, con las v\u00edctimas de Orlando y la comunidad LGBT internacional | El Digital de Asturias","headline":"Axel Hotels, con las v\u00edctimas de Orlando y la comunidad LGBT internacional","author":{"@id":"https:\/\/eldigitaldeasturias.com\/magazine365\/author\/admin\/#author"},"publisher":{"@id":"https:\/\/eldigitaldeasturias.com\/magazine365\/#organization"},"image":{"@type":"ImageObject","url":"https:\/\/eldigitaldeasturias.com\/magazine365\/wp-content\/uploads\/2016\/06\/fotonoticia_20160613195400_800.jpg","width":800,"height":883},"datePublished":"2016-06-13T21:50:05+02:00","dateModified":"2016-06-13T21:50:05+02:00","inLanguage":"es-ES","mainEntityOfPage":{"@id":"https:\/\/eldigitaldeasturias.com\/magazine365\/axel-hotels-con-las-victimas-de-orlando-y-la-comunidad-lgbt-internacional\/#webpage"},"isPartOf":{"@id":"https:\/\/eldigitaldeasturias.com\/magazine365\/axel-hotels-con-las-victimas-de-orlando-y-la-comunidad-lgbt-internacional\/#webpage"},"articleSection":"Noticias y Actualidad"},{"@type":"BreadcrumbList","@id":"https:\/\/eldigitaldeasturias.com\/magazine365\/axel-hotels-con-las-victimas-de-orlando-y-la-comunidad-lgbt-internacional\/#breadcrumblist","itemListElement":[{"@type":"ListItem","@id":"https:\/\/eldigitaldeasturias.com\/magazine365#listItem","position":1,"name":"Home","item":"https:\/\/eldigitaldeasturias.com\/magazine365","nextItem":{"@type":"ListItem","@id":"https:\/\/eldigitaldeasturias.com\/magazine365\/category\/noticias-actualidad\/#listItem","name":"Noticias y Actualidad"}},{"@type":"ListItem","@id":"https:\/\/eldigitaldeasturias.com\/magazine365\/category\/noticias-actualidad\/#listItem","position":2,"name":"Noticias y Actualidad","item":"https:\/\/eldigitaldeasturias.com\/magazine365\/category\/noticias-actualidad\/","nextItem":{"@type":"ListItem","@id":"https:\/\/eldigitaldeasturias.com\/magazine365\/axel-hotels-con-las-victimas-de-orlando-y-la-comunidad-lgbt-internacional\/#listItem","name":"Axel Hotels, con las v\u00edctimas de Orlando y la comunidad LGBT internacional"},"previousItem":{"@type":"ListItem","@id":"https:\/\/eldigitaldeasturias.com\/magazine365#listItem","name":"Home"}},{"@type":"ListItem","@id":"https:\/\/eldigitaldeasturias.com\/magazine365\/axel-hotels-con-las-victimas-de-orlando-y-la-comunidad-lgbt-internacional\/#listItem","position":3,"name":"Axel Hotels, con las v\u00edctimas de Orlando y la comunidad LGBT internacional","previousItem":{"@type":"ListItem","@id":"https:\/\/eldigitaldeasturias.com\/magazine365\/category\/noticias-actualidad\/#listItem","name":"Noticias y Actualidad"}}]},{"@type":"Organization","@id":"https:\/\/eldigitaldeasturias.com\/magazine365\/#organization","name":"El digital de Asturias","description":"Revista de ocio, turismo y estilo de vida","url":"https:\/\/eldigitaldeasturias.com\/magazine365\/","logo":{"@type":"ImageObject","url":"https:\/\/www.eldigitaldeasturias.com\/noticias\/wp-content\/uploads\/2020\/12\/EDA.jpg","@id":"https:\/\/eldigitaldeasturias.com\/magazine365\/axel-hotels-con-las-victimas-de-orlando-y-la-comunidad-lgbt-internacional\/#organizationLogo"},"image":{"@id":"https:\/\/eldigitaldeasturias.com\/magazine365\/axel-hotels-con-las-victimas-de-orlando-y-la-comunidad-lgbt-internacional\/#organizationLogo"}},{"@type":"Person","@id":"https:\/\/eldigitaldeasturias.com\/magazine365\/author\/admin\/#author","url":"https:\/\/eldigitaldeasturias.com\/magazine365\/author\/admin\/","name":"admin","image":{"@type":"ImageObject","@id":"https:\/\/eldigitaldeasturias.com\/magazine365\/axel-hotels-con-las-victimas-de-orlando-y-la-comunidad-lgbt-internacional\/#authorImage","url":"https:\/\/eldigitaldeasturias.com\/magazine365\/wp-content\/litespeed\/avatar\/e571bcf59a0edd6fa6838245a470f2fe.jpg?ver=1776969259","width":96,"height":96,"caption":"admin"}},{"@type":"WebPage","@id":"https:\/\/eldigitaldeasturias.com\/magazine365\/axel-hotels-con-las-victimas-de-orlando-y-la-comunidad-lgbt-internacional\/#webpage","url":"https:\/\/eldigitaldeasturias.com\/magazine365\/axel-hotels-con-las-victimas-de-orlando-y-la-comunidad-lgbt-internacional\/","name":"Axel Hotels, con las v\u00edctimas de Orlando y la comunidad LGBT internacional | El Digital de Asturias","description":"Axel Hotels ha expresado sus condolencias a los familiares y amigos de las v\u00edctimas del tiroteo del club Pulse de Orlando y a toda la comunidad LGBT de la ciudad en un comunicado. \"Estamos convencidos que el terror no podr\u00e1 con todos los que nos mantenemos unidos en la constante lucha por los derechos humanos,","inLanguage":"es-ES","isPartOf":{"@id":"https:\/\/eldigitaldeasturias.com\/magazine365\/#website"},"breadcrumb":{"@id":"https:\/\/eldigitaldeasturias.com\/magazine365\/axel-hotels-con-las-victimas-de-orlando-y-la-comunidad-lgbt-internacional\/#breadcrumblist"},"author":{"@id":"https:\/\/eldigitaldeasturias.com\/magazine365\/author\/admin\/#author"},"creator":{"@id":"https:\/\/eldigitaldeasturias.com\/magazine365\/author\/admin\/#author"},"image":{"@type":"ImageObject","url":"https:\/\/eldigitaldeasturias.com\/magazine365\/wp-content\/uploads\/2016\/06\/fotonoticia_20160613195400_800.jpg","@id":"https:\/\/eldigitaldeasturias.com\/magazine365\/axel-hotels-con-las-victimas-de-orlando-y-la-comunidad-lgbt-internacional\/#mainImage","width":800,"height":883},"primaryImageOfPage":{"@id":"https:\/\/eldigitaldeasturias.com\/magazine365\/axel-hotels-con-las-victimas-de-orlando-y-la-comunidad-lgbt-internacional\/#mainImage"},"datePublished":"2016-06-13T21:50:05+02:00","dateModified":"2016-06-13T21:50:05+02:00"},{"@type":"WebSite","@id":"https:\/\/eldigitaldeasturias.com\/magazine365\/#website","url":"https:\/\/eldigitaldeasturias.com\/magazine365\/","name":"El Digital de Asturias","description":"Revista de ocio, turismo y estilo de vida","inLanguage":"es-ES","publisher":{"@id":"https:\/\/eldigitaldeasturias.com\/magazine365\/#organization"}}]},"og:locale":"es_ES","og:site_name":"El Digital de Asturias \u2013 Revista de ocio, turismo y estilo de vida","og:type":"article","og:title":"Axel Hotels, con las v\u00edctimas de Orlando y la comunidad LGBT internacional | El Digital de Asturias","og:description":"Axel Hotels ha expresado sus condolencias a los familiares y amigos de las v\u00edctimas del tiroteo del club Pulse de Orlando y a toda la comunidad LGBT de la ciudad en un comunicado. &quot;Estamos convencidos que el terror no podr\u00e1 con todos los que nos mantenemos unidos en la constante lucha por los derechos humanos,","og:url":"https:\/\/eldigitaldeasturias.com\/magazine365\/axel-hotels-con-las-victimas-de-orlando-y-la-comunidad-lgbt-internacional\/","og:image":"https:\/\/eldigitaldeasturias.com\/magazine365\/wp-content\/uploads\/2016\/06\/fotonoticia_20160613195400_800.jpg","og:image:secure_url":"https:\/\/eldigitaldeasturias.com\/magazine365\/wp-content\/uploads\/2016\/06\/fotonoticia_20160613195400_800.jpg","og:image:width":800,"og:image:height":883,"article:published_time":"2016-06-13T19:50:05+00:00","article:modified_time":"2016-06-13T19:50:05+00:00","twitter:card":"summary_large_image","twitter:title":"Axel Hotels, con las v\u00edctimas de Orlando y la comunidad LGBT internacional | El Digital de Asturias","twitter:description":"Axel Hotels ha expresado sus condolencias a los familiares y amigos de las v\u00edctimas del tiroteo del club Pulse de Orlando y a toda la comunidad LGBT de la ciudad en un comunicado. &quot;Estamos convencidos que el terror no podr\u00e1 con todos los que nos mantenemos unidos en la constante lucha por los derechos humanos,","twitter:image":"https:\/\/eldigitaldeasturias.com\/magazine365\/wp-content\/uploads\/2016\/06\/fotonoticia_20160613195400_800.jpg"},"aioseo_meta_data":{"post_id":"79069","title":null,"description":null,"keywords":null,"keyphrases":null,"primary_term":null,"canonical_url":null,"og_title":null,"og_description":null,"og_object_type":"default","og_image_type":"default","og_image_url":null,"og_image_width":null,"og_image_height":null,"og_image_custom_url":null,"og_image_custom_fields":null,"og_video":null,"og_custom_url":null,"og_article_section":null,"og_article_tags":null,"twitter_use_og":false,"twitter_card":"default","twitter_image_type":"default","twitter_image_url":null,"twitter_image_custom_url":null,"twitter_image_custom_fields":null,"twitter_title":null,"twitter_description":null,"schema":{"blockGraphs":[],"customGraphs":[],"default":{"data":{"Article":[],"Course":[],"Dataset":[],"FAQPage":[],"Movie":[],"Person":[],"Product":[],"ProductReview":[],"Car":[],"Recipe":[],"Service":[],"SoftwareApplication":[],"WebPage":[]},"graphName":"","isEnabled":true},"graphs":[],"defaultGraph":"","defaultPostTypeGraph":""},"schema_type":null,"schema_type_options":null,"pillar_content":false,"robots_default":true,"robots_noindex":false,"robots_noarchive":false,"robots_nosnippet":false,"robots_nofollow":false,"robots_noimageindex":false,"robots_noodp":false,"robots_notranslate":false,"robots_max_snippet":null,"robots_max_videopreview":null,"robots_max_imagepreview":"large","priority":null,"frequency":null,"location":null,"local_seo":null,"seo_analyzer_scan_date":"2025-09-27 18:10:28","breadcrumb_settings":null,"limit_modified_date":false,"open_ai":null,"ai":null,"created":"2021-03-08 17:53:10","updated":"2025-09-27 18:10:28"},"aioseo_breadcrumb":"<div class=\"aioseo-breadcrumbs\"><span class=\"aioseo-breadcrumb\">\n\t<a href=\"https:\/\/eldigitaldeasturias.com\/magazine365\" title=\"Home\">Home<\/a>\n<\/span><span class=\"aioseo-breadcrumb-separator\">\u2013<\/span><span class=\"aioseo-breadcrumb\">\n\t<a href=\"https:\/\/eldigitaldeasturias.com\/magazine365\/category\/noticias-actualidad\/\" title=\"Noticias y Actualidad\">Noticias y Actualidad<\/a>\n<\/span><span class=\"aioseo-breadcrumb-separator\">\u2013<\/span><span class=\"aioseo-breadcrumb\">\n\t<a href=\"https:\/\/eldigitaldeasturias.com\/magazine365\/axel-hotels-con-las-victimas-de-orlando-y-la-comunidad-lgbt-internacional\/\" title=\"Axel Hotels, con las v\u00edctimas de Orlando y la comunidad LGBT internacional\">Axel Hotels, con las v\u00edctimas de Orlando y la comunidad LGBT internacional<\/a>\n<\/span><\/div>","aioseo_breadcrumb_json":[{"label":"Home","link":"https:\/\/eldigitaldeasturias.com\/magazine365"},{"label":"Noticias y Actualidad","link":"https:\/\/eldigitaldeasturias.com\/magazine365\/category\/noticias-actualidad\/"},{"label":"Axel Hotels, con las v\u00edctimas de Orlando y la comunidad LGBT internacional","link":"https:\/\/eldigitaldeasturias.com\/magazine365\/axel-hotels-con-las-victimas-de-orlando-y-la-comunidad-lgbt-internacional\/"}],"_links":{"self":[{"href":"https:\/\/eldigitaldeasturias.com\/magazine365\/wp-json\/wp\/v2\/posts\/79069","targetHints":{"allow":["GET"]}}],"collection":[{"href":"https:\/\/eldigitaldeasturias.com\/magazine365\/wp-json\/wp\/v2\/posts"}],"about":[{"href":"https:\/\/eldigitaldeasturias.com\/magazine365\/wp-json\/wp\/v2\/types\/post"}],"author":[{"embeddable":true,"href":"https:\/\/eldigitaldeasturias.com\/magazine365\/wp-json\/wp\/v2\/users\/1"}],"replies":[{"embeddable":true,"href":"https:\/\/eldigitaldeasturias.com\/magazine365\/wp-json\/wp\/v2\/comments?post=79069"}],"version-history":[{"count":0,"href":"https:\/\/eldigitaldeasturias.com\/magazine365\/wp-json\/wp\/v2\/posts\/79069\/revisions"}],"wp:featuredmedia":[{"embeddable":true,"href":"https:\/\/eldigitaldeasturias.com\/magazine365\/wp-json\/wp\/v2\/media\/79070"}],"wp:attachment":[{"href":"https:\/\/eldigitaldeasturias.com\/magazine365\/wp-json\/wp\/v2\/media?parent=79069"}],"wp:term":[{"taxonomy":"category","embeddable":true,"href":"https:\/\/eldigitaldeasturias.com\/magazine365\/wp-json\/wp\/v2\/categories?post=79069"},{"taxonomy":"post_tag","embeddable":true,"href":"https:\/\/eldigitaldeasturias.com\/magazine365\/wp-json\/wp\/v2\/tags?post=79069"}],"curies":[{"name":"wp","href":"https:\/\/api.w.org\/{rel}","templated":true}]}}