{"id":79066,"date":"2016-06-13T21:49:09","date_gmt":"2016-06-13T19:49:09","guid":{"rendered":"http:\/\/eldigitaldeasturias.com\/magazine365\/?p=79066"},"modified":"2016-06-13T21:49:09","modified_gmt":"2016-06-13T19:49:09","slug":"hawkers-presenta-su-nuevo-modelo-de-gafas-a-bordo-de-un-avion-de-air-europa","status":"publish","type":"post","link":"https:\/\/eldigitaldeasturias.com\/magazine365\/hawkers-presenta-su-nuevo-modelo-de-gafas-a-bordo-de-un-avion-de-air-europa\/","title":{"rendered":"Hawkers presenta su nuevo modelo de gafas a bordo de un avi\u00f3n de Air Europa"},"content":{"rendered":"<p><img fetchpriority=\"high\" decoding=\"async\" class=\"alignleft size-medium wp-image-79067\" src=\"https:\/\/eldigitaldeasturias.com\/magazine365\/wp-content\/uploads\/2016\/06\/fotonoticia_20160613195250_800-225x300.jpg\" alt=\"fotonoticia_20160613195250_800\" width=\"225\" height=\"300\" srcset=\"https:\/\/eldigitaldeasturias.com\/magazine365\/wp-content\/uploads\/2016\/06\/fotonoticia_20160613195250_800-225x300.jpg 225w, https:\/\/eldigitaldeasturias.com\/magazine365\/wp-content\/uploads\/2016\/06\/fotonoticia_20160613195250_800-480x640.jpg 480w, https:\/\/eldigitaldeasturias.com\/magazine365\/wp-content\/uploads\/2016\/06\/fotonoticia_20160613195250_800-768x1024.jpg 768w, https:\/\/eldigitaldeasturias.com\/magazine365\/wp-content\/uploads\/2016\/06\/fotonoticia_20160613195250_800-150x200.jpg 150w, https:\/\/eldigitaldeasturias.com\/magazine365\/wp-content\/uploads\/2016\/06\/fotonoticia_20160613195250_800-450x600.jpg 450w, https:\/\/eldigitaldeasturias.com\/magazine365\/wp-content\/uploads\/2016\/06\/fotonoticia_20160613195250_800.jpg 800w\" sizes=\"(max-width: 225px) 100vw, 225px\" \/>Hawkers ha realizado la presentaci\u00f3n de su nueva l\u00ednea de gafa modelo aviador &#8216;ACE&#8217; a m\u00e1s de 10.000 metros de altura, a bordo de un A330 de Air Europa, que ha despegado del aeropuerto Adolfo Su\u00e1rez Madrid-Barajas con destino a Roma, seg\u00fan han informado ambas compa\u00f1\u00edas en un comunicado conjunto.<\/p>\n<p>El avi\u00f3n cuenta con el servicio WiFi v\u00eda sat\u00e9lite, lo que ha permitido la retransmisi\u00f3n del evento en las redes sociales en tiempo real. As\u00ed ha logrado ser Trendig Topic en Twitter con el hashtag #HawkersxAirEuropa, pudiendo tuitear en directo.<\/p>\n<p>Tanto la directora de marketing de Air Europa, Alicia Puerto, como el consejero delegado de Hawkers, \u00c1lex Moreno, se han congratulado por esta presentaci\u00f3n y por la colaboraci\u00f3n de ambas empresas.<\/p>\n<p>El nuevo modelo de Hawkers, que estar\u00e1 disponible a partir de julio, tendr\u00e1, entre otras caracter\u00edsticas, lentes de nylon, montura de acero inoxidable y detalles de policarbonato.<\/p>\n","protected":false},"excerpt":{"rendered":"<p>Hawkers ha realizado la presentaci\u00f3n de su nueva l\u00ednea de gafa modelo aviador &#8216;ACE&#8217; a m\u00e1s de 10.000 metros de altura, a bordo de un A330 de Air Europa, que ha despegado del aeropuerto Adolfo Su\u00e1rez Madrid-Barajas con destino a Roma, seg\u00fan han informado ambas compa\u00f1\u00edas en un comunicado conjunto. El avi\u00f3n cuenta con el<\/p>\n","protected":false},"author":1,"featured_media":79067,"comment_status":"open","ping_status":"closed","sticky":false,"template":"","format":"standard","meta":{"footnotes":""},"categories":[224],"tags":[],"class_list":{"0":"post-79066","1":"post","2":"type-post","3":"status-publish","4":"format-standard","5":"has-post-thumbnail","7":"category-noticias-actualidad"},"aioseo_notices":[],"aioseo_head":"\n\t\t<!-- All in One SEO Pro 4.9.6.1 - aioseo.com -->\n\t<meta name=\"description\" content=\"Hawkers ha realizado la presentaci\u00f3n de su nueva l\u00ednea de gafa modelo aviador &#039;ACE&#039; a m\u00e1s de 10.000 metros de altura, a bordo de un A330 de Air Europa, que ha despegado del aeropuerto Adolfo Su\u00e1rez Madrid-Barajas con destino a Roma, seg\u00fan han informado ambas compa\u00f1\u00edas en un comunicado conjunto. El avi\u00f3n cuenta con el\" \/>\n\t<meta name=\"robots\" content=\"max-image-preview:large\" \/>\n\t<meta name=\"author\" content=\"admin\"\/>\n\t<meta name=\"google-site-verification\" content=\"UA-38556648-1\" \/>\n\t<meta name=\"keywords\" content=\"noticias y actualidad\" \/>\n\t<link rel=\"canonical\" href=\"https:\/\/eldigitaldeasturias.com\/magazine365\/hawkers-presenta-su-nuevo-modelo-de-gafas-a-bordo-de-un-avion-de-air-europa\/\" \/>\n\t<meta name=\"generator\" content=\"All in One SEO Pro (AIOSEO) 4.9.6.1\" \/>\n\t\t<meta property=\"og:locale\" content=\"es_ES\" \/>\n\t\t<meta property=\"og:site_name\" content=\"El Digital de Asturias \u2013 Revista de ocio, turismo y estilo de vida\" \/>\n\t\t<meta property=\"og:type\" content=\"article\" \/>\n\t\t<meta property=\"og:title\" content=\"Hawkers presenta su nuevo modelo de gafas a bordo de un avi\u00f3n de Air Europa | El Digital de Asturias\" \/>\n\t\t<meta property=\"og:description\" content=\"Hawkers ha realizado la presentaci\u00f3n de su nueva l\u00ednea de gafa modelo aviador &#039;ACE&#039; a m\u00e1s de 10.000 metros de altura, a bordo de un A330 de Air Europa, que ha despegado del aeropuerto Adolfo Su\u00e1rez Madrid-Barajas con destino a Roma, seg\u00fan han informado ambas compa\u00f1\u00edas en un comunicado conjunto. El avi\u00f3n cuenta con el\" \/>\n\t\t<meta property=\"og:url\" content=\"https:\/\/eldigitaldeasturias.com\/magazine365\/hawkers-presenta-su-nuevo-modelo-de-gafas-a-bordo-de-un-avion-de-air-europa\/\" \/>\n\t\t<meta property=\"og:image\" content=\"https:\/\/eldigitaldeasturias.com\/magazine365\/wp-content\/uploads\/2016\/06\/fotonoticia_20160613195250_800.jpg\" \/>\n\t\t<meta property=\"og:image:secure_url\" content=\"https:\/\/eldigitaldeasturias.com\/magazine365\/wp-content\/uploads\/2016\/06\/fotonoticia_20160613195250_800.jpg\" \/>\n\t\t<meta property=\"og:image:width\" content=\"800\" \/>\n\t\t<meta property=\"og:image:height\" content=\"1067\" \/>\n\t\t<meta property=\"article:published_time\" content=\"2016-06-13T19:49:09+00:00\" \/>\n\t\t<meta property=\"article:modified_time\" content=\"2016-06-13T19:49:09+00:00\" \/>\n\t\t<meta name=\"twitter:card\" content=\"summary_large_image\" \/>\n\t\t<meta name=\"twitter:title\" content=\"Hawkers presenta su nuevo modelo de gafas a bordo de un avi\u00f3n de Air Europa | El Digital de Asturias\" \/>\n\t\t<meta name=\"twitter:description\" content=\"Hawkers ha realizado la presentaci\u00f3n de su nueva l\u00ednea de gafa modelo aviador &#039;ACE&#039; a m\u00e1s de 10.000 metros de altura, a bordo de un A330 de Air Europa, que ha despegado del aeropuerto Adolfo Su\u00e1rez Madrid-Barajas con destino a Roma, seg\u00fan han informado ambas compa\u00f1\u00edas en un comunicado conjunto. El avi\u00f3n cuenta con el\" \/>\n\t\t<meta name=\"twitter:image\" content=\"https:\/\/eldigitaldeasturias.com\/magazine365\/wp-content\/uploads\/2016\/06\/fotonoticia_20160613195250_800.jpg\" \/>\n\t\t<script type=\"application\/ld+json\" class=\"aioseo-schema\">\n\t\t\t{\"@context\":\"https:\\\/\\\/schema.org\",\"@graph\":[{\"@type\":\"Article\",\"@id\":\"https:\\\/\\\/eldigitaldeasturias.com\\\/magazine365\\\/hawkers-presenta-su-nuevo-modelo-de-gafas-a-bordo-de-un-avion-de-air-europa\\\/#article\",\"name\":\"Hawkers presenta su nuevo modelo de gafas a bordo de un avi\\u00f3n de Air Europa | El Digital de Asturias\",\"headline\":\"Hawkers presenta su nuevo modelo de gafas a bordo de un avi\\u00f3n de Air Europa\",\"author\":{\"@id\":\"https:\\\/\\\/eldigitaldeasturias.com\\\/magazine365\\\/author\\\/admin\\\/#author\"},\"publisher\":{\"@id\":\"https:\\\/\\\/eldigitaldeasturias.com\\\/magazine365\\\/#organization\"},\"image\":{\"@type\":\"ImageObject\",\"url\":\"https:\\\/\\\/eldigitaldeasturias.com\\\/magazine365\\\/wp-content\\\/uploads\\\/2016\\\/06\\\/fotonoticia_20160613195250_800.jpg\",\"width\":800,\"height\":1067},\"datePublished\":\"2016-06-13T21:49:09+02:00\",\"dateModified\":\"2016-06-13T21:49:09+02:00\",\"inLanguage\":\"es-ES\",\"mainEntityOfPage\":{\"@id\":\"https:\\\/\\\/eldigitaldeasturias.com\\\/magazine365\\\/hawkers-presenta-su-nuevo-modelo-de-gafas-a-bordo-de-un-avion-de-air-europa\\\/#webpage\"},\"isPartOf\":{\"@id\":\"https:\\\/\\\/eldigitaldeasturias.com\\\/magazine365\\\/hawkers-presenta-su-nuevo-modelo-de-gafas-a-bordo-de-un-avion-de-air-europa\\\/#webpage\"},\"articleSection\":\"Noticias y Actualidad\"},{\"@type\":\"BreadcrumbList\",\"@id\":\"https:\\\/\\\/eldigitaldeasturias.com\\\/magazine365\\\/hawkers-presenta-su-nuevo-modelo-de-gafas-a-bordo-de-un-avion-de-air-europa\\\/#breadcrumblist\",\"itemListElement\":[{\"@type\":\"ListItem\",\"@id\":\"https:\\\/\\\/eldigitaldeasturias.com\\\/magazine365#listItem\",\"position\":1,\"name\":\"Home\",\"item\":\"https:\\\/\\\/eldigitaldeasturias.com\\\/magazine365\",\"nextItem\":{\"@type\":\"ListItem\",\"@id\":\"https:\\\/\\\/eldigitaldeasturias.com\\\/magazine365\\\/category\\\/noticias-actualidad\\\/#listItem\",\"name\":\"Noticias y Actualidad\"}},{\"@type\":\"ListItem\",\"@id\":\"https:\\\/\\\/eldigitaldeasturias.com\\\/magazine365\\\/category\\\/noticias-actualidad\\\/#listItem\",\"position\":2,\"name\":\"Noticias y Actualidad\",\"item\":\"https:\\\/\\\/eldigitaldeasturias.com\\\/magazine365\\\/category\\\/noticias-actualidad\\\/\",\"nextItem\":{\"@type\":\"ListItem\",\"@id\":\"https:\\\/\\\/eldigitaldeasturias.com\\\/magazine365\\\/hawkers-presenta-su-nuevo-modelo-de-gafas-a-bordo-de-un-avion-de-air-europa\\\/#listItem\",\"name\":\"Hawkers presenta su nuevo modelo de gafas a bordo de un avi\\u00f3n de Air Europa\"},\"previousItem\":{\"@type\":\"ListItem\",\"@id\":\"https:\\\/\\\/eldigitaldeasturias.com\\\/magazine365#listItem\",\"name\":\"Home\"}},{\"@type\":\"ListItem\",\"@id\":\"https:\\\/\\\/eldigitaldeasturias.com\\\/magazine365\\\/hawkers-presenta-su-nuevo-modelo-de-gafas-a-bordo-de-un-avion-de-air-europa\\\/#listItem\",\"position\":3,\"name\":\"Hawkers presenta su nuevo modelo de gafas a bordo de un avi\\u00f3n de Air Europa\",\"previousItem\":{\"@type\":\"ListItem\",\"@id\":\"https:\\\/\\\/eldigitaldeasturias.com\\\/magazine365\\\/category\\\/noticias-actualidad\\\/#listItem\",\"name\":\"Noticias y Actualidad\"}}]},{\"@type\":\"Organization\",\"@id\":\"https:\\\/\\\/eldigitaldeasturias.com\\\/magazine365\\\/#organization\",\"name\":\"El digital de Asturias\",\"description\":\"Revista de ocio, turismo y estilo de vida\",\"url\":\"https:\\\/\\\/eldigitaldeasturias.com\\\/magazine365\\\/\",\"logo\":{\"@type\":\"ImageObject\",\"url\":\"https:\\\/\\\/www.eldigitaldeasturias.com\\\/noticias\\\/wp-content\\\/uploads\\\/2020\\\/12\\\/EDA.jpg\",\"@id\":\"https:\\\/\\\/eldigitaldeasturias.com\\\/magazine365\\\/hawkers-presenta-su-nuevo-modelo-de-gafas-a-bordo-de-un-avion-de-air-europa\\\/#organizationLogo\"},\"image\":{\"@id\":\"https:\\\/\\\/eldigitaldeasturias.com\\\/magazine365\\\/hawkers-presenta-su-nuevo-modelo-de-gafas-a-bordo-de-un-avion-de-air-europa\\\/#organizationLogo\"}},{\"@type\":\"Person\",\"@id\":\"https:\\\/\\\/eldigitaldeasturias.com\\\/magazine365\\\/author\\\/admin\\\/#author\",\"url\":\"https:\\\/\\\/eldigitaldeasturias.com\\\/magazine365\\\/author\\\/admin\\\/\",\"name\":\"admin\",\"image\":{\"@type\":\"ImageObject\",\"@id\":\"https:\\\/\\\/eldigitaldeasturias.com\\\/magazine365\\\/hawkers-presenta-su-nuevo-modelo-de-gafas-a-bordo-de-un-avion-de-air-europa\\\/#authorImage\",\"url\":\"https:\\\/\\\/eldigitaldeasturias.com\\\/magazine365\\\/wp-content\\\/litespeed\\\/avatar\\\/e571bcf59a0edd6fa6838245a470f2fe.jpg?ver=1776969259\",\"width\":96,\"height\":96,\"caption\":\"admin\"}},{\"@type\":\"WebPage\",\"@id\":\"https:\\\/\\\/eldigitaldeasturias.com\\\/magazine365\\\/hawkers-presenta-su-nuevo-modelo-de-gafas-a-bordo-de-un-avion-de-air-europa\\\/#webpage\",\"url\":\"https:\\\/\\\/eldigitaldeasturias.com\\\/magazine365\\\/hawkers-presenta-su-nuevo-modelo-de-gafas-a-bordo-de-un-avion-de-air-europa\\\/\",\"name\":\"Hawkers presenta su nuevo modelo de gafas a bordo de un avi\\u00f3n de Air Europa | El Digital de Asturias\",\"description\":\"Hawkers ha realizado la presentaci\\u00f3n de su nueva l\\u00ednea de gafa modelo aviador 'ACE' a m\\u00e1s de 10.000 metros de altura, a bordo de un A330 de Air Europa, que ha despegado del aeropuerto Adolfo Su\\u00e1rez Madrid-Barajas con destino a Roma, seg\\u00fan han informado ambas compa\\u00f1\\u00edas en un comunicado conjunto. El avi\\u00f3n cuenta con el\",\"inLanguage\":\"es-ES\",\"isPartOf\":{\"@id\":\"https:\\\/\\\/eldigitaldeasturias.com\\\/magazine365\\\/#website\"},\"breadcrumb\":{\"@id\":\"https:\\\/\\\/eldigitaldeasturias.com\\\/magazine365\\\/hawkers-presenta-su-nuevo-modelo-de-gafas-a-bordo-de-un-avion-de-air-europa\\\/#breadcrumblist\"},\"author\":{\"@id\":\"https:\\\/\\\/eldigitaldeasturias.com\\\/magazine365\\\/author\\\/admin\\\/#author\"},\"creator\":{\"@id\":\"https:\\\/\\\/eldigitaldeasturias.com\\\/magazine365\\\/author\\\/admin\\\/#author\"},\"image\":{\"@type\":\"ImageObject\",\"url\":\"https:\\\/\\\/eldigitaldeasturias.com\\\/magazine365\\\/wp-content\\\/uploads\\\/2016\\\/06\\\/fotonoticia_20160613195250_800.jpg\",\"@id\":\"https:\\\/\\\/eldigitaldeasturias.com\\\/magazine365\\\/hawkers-presenta-su-nuevo-modelo-de-gafas-a-bordo-de-un-avion-de-air-europa\\\/#mainImage\",\"width\":800,\"height\":1067},\"primaryImageOfPage\":{\"@id\":\"https:\\\/\\\/eldigitaldeasturias.com\\\/magazine365\\\/hawkers-presenta-su-nuevo-modelo-de-gafas-a-bordo-de-un-avion-de-air-europa\\\/#mainImage\"},\"datePublished\":\"2016-06-13T21:49:09+02:00\",\"dateModified\":\"2016-06-13T21:49:09+02:00\"},{\"@type\":\"WebSite\",\"@id\":\"https:\\\/\\\/eldigitaldeasturias.com\\\/magazine365\\\/#website\",\"url\":\"https:\\\/\\\/eldigitaldeasturias.com\\\/magazine365\\\/\",\"name\":\"El Digital de Asturias\",\"description\":\"Revista de ocio, turismo y estilo de vida\",\"inLanguage\":\"es-ES\",\"publisher\":{\"@id\":\"https:\\\/\\\/eldigitaldeasturias.com\\\/magazine365\\\/#organization\"}}]}\n\t\t<\/script>\n\t\t<!-- All in One SEO Pro -->\r\n\t\t<title>Hawkers presenta su nuevo modelo de gafas a bordo de un avi\u00f3n de Air Europa | El Digital de Asturias<\/title>\n\n","aioseo_head_json":{"title":"Hawkers presenta su nuevo modelo de gafas a bordo de un avi\u00f3n de Air Europa | El Digital de Asturias","description":"Hawkers ha realizado la presentaci\u00f3n de su nueva l\u00ednea de gafa modelo aviador 'ACE' a m\u00e1s de 10.000 metros de altura, a bordo de un A330 de Air Europa, que ha despegado del aeropuerto Adolfo Su\u00e1rez Madrid-Barajas con destino a Roma, seg\u00fan han informado ambas compa\u00f1\u00edas en un comunicado conjunto. El avi\u00f3n cuenta con el","canonical_url":"https:\/\/eldigitaldeasturias.com\/magazine365\/hawkers-presenta-su-nuevo-modelo-de-gafas-a-bordo-de-un-avion-de-air-europa\/","robots":"max-image-preview:large","keywords":"noticias y actualidad","webmasterTools":{"google-site-verification":"UA-38556648-1","miscellaneous":""},"schema":{"@context":"https:\/\/schema.org","@graph":[{"@type":"Article","@id":"https:\/\/eldigitaldeasturias.com\/magazine365\/hawkers-presenta-su-nuevo-modelo-de-gafas-a-bordo-de-un-avion-de-air-europa\/#article","name":"Hawkers presenta su nuevo modelo de gafas a bordo de un avi\u00f3n de Air Europa | El Digital de Asturias","headline":"Hawkers presenta su nuevo modelo de gafas a bordo de un avi\u00f3n de Air Europa","author":{"@id":"https:\/\/eldigitaldeasturias.com\/magazine365\/author\/admin\/#author"},"publisher":{"@id":"https:\/\/eldigitaldeasturias.com\/magazine365\/#organization"},"image":{"@type":"ImageObject","url":"https:\/\/eldigitaldeasturias.com\/magazine365\/wp-content\/uploads\/2016\/06\/fotonoticia_20160613195250_800.jpg","width":800,"height":1067},"datePublished":"2016-06-13T21:49:09+02:00","dateModified":"2016-06-13T21:49:09+02:00","inLanguage":"es-ES","mainEntityOfPage":{"@id":"https:\/\/eldigitaldeasturias.com\/magazine365\/hawkers-presenta-su-nuevo-modelo-de-gafas-a-bordo-de-un-avion-de-air-europa\/#webpage"},"isPartOf":{"@id":"https:\/\/eldigitaldeasturias.com\/magazine365\/hawkers-presenta-su-nuevo-modelo-de-gafas-a-bordo-de-un-avion-de-air-europa\/#webpage"},"articleSection":"Noticias y Actualidad"},{"@type":"BreadcrumbList","@id":"https:\/\/eldigitaldeasturias.com\/magazine365\/hawkers-presenta-su-nuevo-modelo-de-gafas-a-bordo-de-un-avion-de-air-europa\/#breadcrumblist","itemListElement":[{"@type":"ListItem","@id":"https:\/\/eldigitaldeasturias.com\/magazine365#listItem","position":1,"name":"Home","item":"https:\/\/eldigitaldeasturias.com\/magazine365","nextItem":{"@type":"ListItem","@id":"https:\/\/eldigitaldeasturias.com\/magazine365\/category\/noticias-actualidad\/#listItem","name":"Noticias y Actualidad"}},{"@type":"ListItem","@id":"https:\/\/eldigitaldeasturias.com\/magazine365\/category\/noticias-actualidad\/#listItem","position":2,"name":"Noticias y Actualidad","item":"https:\/\/eldigitaldeasturias.com\/magazine365\/category\/noticias-actualidad\/","nextItem":{"@type":"ListItem","@id":"https:\/\/eldigitaldeasturias.com\/magazine365\/hawkers-presenta-su-nuevo-modelo-de-gafas-a-bordo-de-un-avion-de-air-europa\/#listItem","name":"Hawkers presenta su nuevo modelo de gafas a bordo de un avi\u00f3n de Air Europa"},"previousItem":{"@type":"ListItem","@id":"https:\/\/eldigitaldeasturias.com\/magazine365#listItem","name":"Home"}},{"@type":"ListItem","@id":"https:\/\/eldigitaldeasturias.com\/magazine365\/hawkers-presenta-su-nuevo-modelo-de-gafas-a-bordo-de-un-avion-de-air-europa\/#listItem","position":3,"name":"Hawkers presenta su nuevo modelo de gafas a bordo de un avi\u00f3n de Air Europa","previousItem":{"@type":"ListItem","@id":"https:\/\/eldigitaldeasturias.com\/magazine365\/category\/noticias-actualidad\/#listItem","name":"Noticias y Actualidad"}}]},{"@type":"Organization","@id":"https:\/\/eldigitaldeasturias.com\/magazine365\/#organization","name":"El digital de Asturias","description":"Revista de ocio, turismo y estilo de vida","url":"https:\/\/eldigitaldeasturias.com\/magazine365\/","logo":{"@type":"ImageObject","url":"https:\/\/www.eldigitaldeasturias.com\/noticias\/wp-content\/uploads\/2020\/12\/EDA.jpg","@id":"https:\/\/eldigitaldeasturias.com\/magazine365\/hawkers-presenta-su-nuevo-modelo-de-gafas-a-bordo-de-un-avion-de-air-europa\/#organizationLogo"},"image":{"@id":"https:\/\/eldigitaldeasturias.com\/magazine365\/hawkers-presenta-su-nuevo-modelo-de-gafas-a-bordo-de-un-avion-de-air-europa\/#organizationLogo"}},{"@type":"Person","@id":"https:\/\/eldigitaldeasturias.com\/magazine365\/author\/admin\/#author","url":"https:\/\/eldigitaldeasturias.com\/magazine365\/author\/admin\/","name":"admin","image":{"@type":"ImageObject","@id":"https:\/\/eldigitaldeasturias.com\/magazine365\/hawkers-presenta-su-nuevo-modelo-de-gafas-a-bordo-de-un-avion-de-air-europa\/#authorImage","url":"https:\/\/eldigitaldeasturias.com\/magazine365\/wp-content\/litespeed\/avatar\/e571bcf59a0edd6fa6838245a470f2fe.jpg?ver=1776969259","width":96,"height":96,"caption":"admin"}},{"@type":"WebPage","@id":"https:\/\/eldigitaldeasturias.com\/magazine365\/hawkers-presenta-su-nuevo-modelo-de-gafas-a-bordo-de-un-avion-de-air-europa\/#webpage","url":"https:\/\/eldigitaldeasturias.com\/magazine365\/hawkers-presenta-su-nuevo-modelo-de-gafas-a-bordo-de-un-avion-de-air-europa\/","name":"Hawkers presenta su nuevo modelo de gafas a bordo de un avi\u00f3n de Air Europa | El Digital de Asturias","description":"Hawkers ha realizado la presentaci\u00f3n de su nueva l\u00ednea de gafa modelo aviador 'ACE' a m\u00e1s de 10.000 metros de altura, a bordo de un A330 de Air Europa, que ha despegado del aeropuerto Adolfo Su\u00e1rez Madrid-Barajas con destino a Roma, seg\u00fan han informado ambas compa\u00f1\u00edas en un comunicado conjunto. El avi\u00f3n cuenta con el","inLanguage":"es-ES","isPartOf":{"@id":"https:\/\/eldigitaldeasturias.com\/magazine365\/#website"},"breadcrumb":{"@id":"https:\/\/eldigitaldeasturias.com\/magazine365\/hawkers-presenta-su-nuevo-modelo-de-gafas-a-bordo-de-un-avion-de-air-europa\/#breadcrumblist"},"author":{"@id":"https:\/\/eldigitaldeasturias.com\/magazine365\/author\/admin\/#author"},"creator":{"@id":"https:\/\/eldigitaldeasturias.com\/magazine365\/author\/admin\/#author"},"image":{"@type":"ImageObject","url":"https:\/\/eldigitaldeasturias.com\/magazine365\/wp-content\/uploads\/2016\/06\/fotonoticia_20160613195250_800.jpg","@id":"https:\/\/eldigitaldeasturias.com\/magazine365\/hawkers-presenta-su-nuevo-modelo-de-gafas-a-bordo-de-un-avion-de-air-europa\/#mainImage","width":800,"height":1067},"primaryImageOfPage":{"@id":"https:\/\/eldigitaldeasturias.com\/magazine365\/hawkers-presenta-su-nuevo-modelo-de-gafas-a-bordo-de-un-avion-de-air-europa\/#mainImage"},"datePublished":"2016-06-13T21:49:09+02:00","dateModified":"2016-06-13T21:49:09+02:00"},{"@type":"WebSite","@id":"https:\/\/eldigitaldeasturias.com\/magazine365\/#website","url":"https:\/\/eldigitaldeasturias.com\/magazine365\/","name":"El Digital de Asturias","description":"Revista de ocio, turismo y estilo de vida","inLanguage":"es-ES","publisher":{"@id":"https:\/\/eldigitaldeasturias.com\/magazine365\/#organization"}}]},"og:locale":"es_ES","og:site_name":"El Digital de Asturias \u2013 Revista de ocio, turismo y estilo de vida","og:type":"article","og:title":"Hawkers presenta su nuevo modelo de gafas a bordo de un avi\u00f3n de Air Europa | El Digital de Asturias","og:description":"Hawkers ha realizado la presentaci\u00f3n de su nueva l\u00ednea de gafa modelo aviador 'ACE' a m\u00e1s de 10.000 metros de altura, a bordo de un A330 de Air Europa, que ha despegado del aeropuerto Adolfo Su\u00e1rez Madrid-Barajas con destino a Roma, seg\u00fan han informado ambas compa\u00f1\u00edas en un comunicado conjunto. El avi\u00f3n cuenta con el","og:url":"https:\/\/eldigitaldeasturias.com\/magazine365\/hawkers-presenta-su-nuevo-modelo-de-gafas-a-bordo-de-un-avion-de-air-europa\/","og:image":"https:\/\/eldigitaldeasturias.com\/magazine365\/wp-content\/uploads\/2016\/06\/fotonoticia_20160613195250_800.jpg","og:image:secure_url":"https:\/\/eldigitaldeasturias.com\/magazine365\/wp-content\/uploads\/2016\/06\/fotonoticia_20160613195250_800.jpg","og:image:width":800,"og:image:height":1067,"article:published_time":"2016-06-13T19:49:09+00:00","article:modified_time":"2016-06-13T19:49:09+00:00","twitter:card":"summary_large_image","twitter:title":"Hawkers presenta su nuevo modelo de gafas a bordo de un avi\u00f3n de Air Europa | El Digital de Asturias","twitter:description":"Hawkers ha realizado la presentaci\u00f3n de su nueva l\u00ednea de gafa modelo aviador 'ACE' a m\u00e1s de 10.000 metros de altura, a bordo de un A330 de Air Europa, que ha despegado del aeropuerto Adolfo Su\u00e1rez Madrid-Barajas con destino a Roma, seg\u00fan han informado ambas compa\u00f1\u00edas en un comunicado conjunto. El avi\u00f3n cuenta con el","twitter:image":"https:\/\/eldigitaldeasturias.com\/magazine365\/wp-content\/uploads\/2016\/06\/fotonoticia_20160613195250_800.jpg"},"aioseo_meta_data":{"post_id":"79066","title":null,"description":null,"keywords":null,"keyphrases":null,"primary_term":null,"canonical_url":null,"og_title":null,"og_description":null,"og_object_type":"default","og_image_type":"default","og_image_url":null,"og_image_width":null,"og_image_height":null,"og_image_custom_url":null,"og_image_custom_fields":null,"og_video":null,"og_custom_url":null,"og_article_section":null,"og_article_tags":null,"twitter_use_og":false,"twitter_card":"default","twitter_image_type":"default","twitter_image_url":null,"twitter_image_custom_url":null,"twitter_image_custom_fields":null,"twitter_title":null,"twitter_description":null,"schema":{"blockGraphs":[],"customGraphs":[],"default":{"data":{"Article":[],"Course":[],"Dataset":[],"FAQPage":[],"Movie":[],"Person":[],"Product":[],"ProductReview":[],"Car":[],"Recipe":[],"Service":[],"SoftwareApplication":[],"WebPage":[]},"graphName":"","isEnabled":true},"graphs":[]},"schema_type":null,"schema_type_options":null,"pillar_content":false,"robots_default":true,"robots_noindex":false,"robots_noarchive":false,"robots_nosnippet":false,"robots_nofollow":false,"robots_noimageindex":false,"robots_noodp":false,"robots_notranslate":false,"robots_max_snippet":null,"robots_max_videopreview":null,"robots_max_imagepreview":"large","priority":null,"frequency":null,"location":null,"local_seo":null,"seo_analyzer_scan_date":"2025-09-27 18:10:25","breadcrumb_settings":null,"limit_modified_date":false,"open_ai":null,"ai":null,"created":"2021-03-08 17:53:10","updated":"2025-09-27 18:10:25"},"aioseo_breadcrumb":"<div class=\"aioseo-breadcrumbs\"><span class=\"aioseo-breadcrumb\">\n\t<a href=\"https:\/\/eldigitaldeasturias.com\/magazine365\" title=\"Home\">Home<\/a>\n<\/span><span class=\"aioseo-breadcrumb-separator\">\u2013<\/span><span class=\"aioseo-breadcrumb\">\n\t<a href=\"https:\/\/eldigitaldeasturias.com\/magazine365\/category\/noticias-actualidad\/\" title=\"Noticias y Actualidad\">Noticias y Actualidad<\/a>\n<\/span><span class=\"aioseo-breadcrumb-separator\">\u2013<\/span><span class=\"aioseo-breadcrumb\">\n\t<a href=\"https:\/\/eldigitaldeasturias.com\/magazine365\/hawkers-presenta-su-nuevo-modelo-de-gafas-a-bordo-de-un-avion-de-air-europa\/\" title=\"Hawkers presenta su nuevo modelo de gafas a bordo de un avi\u00f3n de Air Europa\">Hawkers presenta su nuevo modelo de gafas a bordo de un avi\u00f3n de Air Europa<\/a>\n<\/span><\/div>","aioseo_breadcrumb_json":[{"label":"Home","link":"https:\/\/eldigitaldeasturias.com\/magazine365"},{"label":"Noticias y Actualidad","link":"https:\/\/eldigitaldeasturias.com\/magazine365\/category\/noticias-actualidad\/"},{"label":"Hawkers presenta su nuevo modelo de gafas a bordo de un avi\u00f3n de Air Europa","link":"https:\/\/eldigitaldeasturias.com\/magazine365\/hawkers-presenta-su-nuevo-modelo-de-gafas-a-bordo-de-un-avion-de-air-europa\/"}],"_links":{"self":[{"href":"https:\/\/eldigitaldeasturias.com\/magazine365\/wp-json\/wp\/v2\/posts\/79066","targetHints":{"allow":["GET"]}}],"collection":[{"href":"https:\/\/eldigitaldeasturias.com\/magazine365\/wp-json\/wp\/v2\/posts"}],"about":[{"href":"https:\/\/eldigitaldeasturias.com\/magazine365\/wp-json\/wp\/v2\/types\/post"}],"author":[{"embeddable":true,"href":"https:\/\/eldigitaldeasturias.com\/magazine365\/wp-json\/wp\/v2\/users\/1"}],"replies":[{"embeddable":true,"href":"https:\/\/eldigitaldeasturias.com\/magazine365\/wp-json\/wp\/v2\/comments?post=79066"}],"version-history":[{"count":0,"href":"https:\/\/eldigitaldeasturias.com\/magazine365\/wp-json\/wp\/v2\/posts\/79066\/revisions"}],"wp:featuredmedia":[{"embeddable":true,"href":"https:\/\/eldigitaldeasturias.com\/magazine365\/wp-json\/wp\/v2\/media\/79067"}],"wp:attachment":[{"href":"https:\/\/eldigitaldeasturias.com\/magazine365\/wp-json\/wp\/v2\/media?parent=79066"}],"wp:term":[{"taxonomy":"category","embeddable":true,"href":"https:\/\/eldigitaldeasturias.com\/magazine365\/wp-json\/wp\/v2\/categories?post=79066"},{"taxonomy":"post_tag","embeddable":true,"href":"https:\/\/eldigitaldeasturias.com\/magazine365\/wp-json\/wp\/v2\/tags?post=79066"}],"curies":[{"name":"wp","href":"https:\/\/api.w.org\/{rel}","templated":true}]}}