{"id":79063,"date":"2016-06-13T21:48:09","date_gmt":"2016-06-13T19:48:09","guid":{"rendered":"http:\/\/eldigitaldeasturias.com\/magazine365\/?p=79063"},"modified":"2016-06-13T21:48:09","modified_gmt":"2016-06-13T19:48:09","slug":"swiss-ofrecera-vuelos-mas-baratos-dependiendo-de-los-goles-que-marque-espana-en-la-eurocopa","status":"publish","type":"post","link":"https:\/\/eldigitaldeasturias.com\/magazine365\/swiss-ofrecera-vuelos-mas-baratos-dependiendo-de-los-goles-que-marque-espana-en-la-eurocopa\/","title":{"rendered":"SWISS ofrecer\u00e1 vuelos m\u00e1s baratos dependiendo de los goles que marque Espa\u00f1a en la Eurocopa"},"content":{"rendered":"<p><img fetchpriority=\"high\" decoding=\"async\" class=\"alignleft size-medium wp-image-79064\" src=\"https:\/\/eldigitaldeasturias.com\/magazine365\/wp-content\/uploads\/2016\/06\/fotonoticia_20160613193605_800-301x300.jpg\" alt=\"fotonoticia_20160613193605_800\" width=\"301\" height=\"300\" srcset=\"https:\/\/eldigitaldeasturias.com\/magazine365\/wp-content\/uploads\/2016\/06\/fotonoticia_20160613193605_800-301x300.jpg 301w, https:\/\/eldigitaldeasturias.com\/magazine365\/wp-content\/uploads\/2016\/06\/fotonoticia_20160613193605_800-642x640.jpg 642w, https:\/\/eldigitaldeasturias.com\/magazine365\/wp-content\/uploads\/2016\/06\/fotonoticia_20160613193605_800-768x765.jpg 768w, https:\/\/eldigitaldeasturias.com\/magazine365\/wp-content\/uploads\/2016\/06\/fotonoticia_20160613193605_800-150x149.jpg 150w, https:\/\/eldigitaldeasturias.com\/magazine365\/wp-content\/uploads\/2016\/06\/fotonoticia_20160613193605_800-450x448.jpg 450w, https:\/\/eldigitaldeasturias.com\/magazine365\/wp-content\/uploads\/2016\/06\/fotonoticia_20160613193605_800-50x50.jpg 50w, https:\/\/eldigitaldeasturias.com\/magazine365\/wp-content\/uploads\/2016\/06\/fotonoticia_20160613193605_800-135x135.jpg 135w, https:\/\/eldigitaldeasturias.com\/magazine365\/wp-content\/uploads\/2016\/06\/fotonoticia_20160613193605_800-100x100.jpg 100w, https:\/\/eldigitaldeasturias.com\/magazine365\/wp-content\/uploads\/2016\/06\/fotonoticia_20160613193605_800.jpg 800w\" sizes=\"(max-width: 301px) 100vw, 301px\" \/>SWISS va a ofrecer vuelos m\u00e1s baratos dependiendo de los goles que la selecci\u00f3n espa\u00f1ola marque en la Eurocopa 2016, con descuentos en los trayectos con salida desde Espa\u00f1a, seg\u00fan ha informado la aerol\u00ednea suiza en un comunicado.<\/p>\n<p>En funci\u00f3n del n\u00famero de goles que marquen los jugadores espa\u00f1oles, SWISS reducir\u00e1 el precio de sus billetes. Cuantos m\u00e1s goles, mayor ser\u00e1 el valor del bono descuento que la aerol\u00ednea ofrecer\u00e1. Al d\u00eda siguiente del partido disputado por la Selecci\u00f3n Espa\u00f1ola, se colgar\u00e1 en la web de SWISS una tabla con el c\u00f3digo del bono correspondiente y el valor del descuento.<\/p>\n<p>Los descuentos ser\u00e1n aplicables en vuelos operados por SWISS y con salidas desde Espa\u00f1a. En cuanto al periodo de viaje, el \u00faltimo d\u00eda de salida ser\u00e1 el 20 de diciembre de 2016 y el \u00faltimo d\u00eda de regreso el 31 de diciembre de 2016.<\/p>\n","protected":false},"excerpt":{"rendered":"<p>SWISS va a ofrecer vuelos m\u00e1s baratos dependiendo de los goles que la selecci\u00f3n espa\u00f1ola marque en la Eurocopa 2016, con descuentos en los trayectos con salida desde Espa\u00f1a, seg\u00fan ha informado la aerol\u00ednea suiza en un comunicado. En funci\u00f3n del n\u00famero de goles que marquen los jugadores espa\u00f1oles, SWISS reducir\u00e1 el precio de sus<\/p>\n","protected":false},"author":1,"featured_media":79064,"comment_status":"open","ping_status":"closed","sticky":false,"template":"","format":"standard","meta":{"footnotes":""},"categories":[224],"tags":[],"class_list":{"0":"post-79063","1":"post","2":"type-post","3":"status-publish","4":"format-standard","5":"has-post-thumbnail","7":"category-noticias-actualidad"},"aioseo_notices":[],"aioseo_head":"\n\t\t<!-- All in One SEO Pro 4.9.6.1 - aioseo.com -->\n\t<meta name=\"description\" content=\"SWISS va a ofrecer vuelos m\u00e1s baratos dependiendo de los goles que la selecci\u00f3n espa\u00f1ola marque en la Eurocopa 2016, con descuentos en los trayectos con salida desde Espa\u00f1a, seg\u00fan ha informado la aerol\u00ednea suiza en un comunicado. En funci\u00f3n del n\u00famero de goles que marquen los jugadores espa\u00f1oles, SWISS reducir\u00e1 el precio de sus\" \/>\n\t<meta name=\"robots\" content=\"max-image-preview:large\" \/>\n\t<meta name=\"author\" content=\"admin\"\/>\n\t<meta name=\"google-site-verification\" content=\"UA-38556648-1\" \/>\n\t<meta name=\"keywords\" content=\"noticias y actualidad\" \/>\n\t<link rel=\"canonical\" href=\"https:\/\/eldigitaldeasturias.com\/magazine365\/swiss-ofrecera-vuelos-mas-baratos-dependiendo-de-los-goles-que-marque-espana-en-la-eurocopa\/\" \/>\n\t<meta name=\"generator\" content=\"All in One SEO Pro (AIOSEO) 4.9.6.1\" \/>\n\t\t<meta property=\"og:locale\" content=\"es_ES\" \/>\n\t\t<meta property=\"og:site_name\" content=\"El Digital de Asturias \u2013 Revista de ocio, turismo y estilo de vida\" \/>\n\t\t<meta property=\"og:type\" content=\"article\" \/>\n\t\t<meta property=\"og:title\" content=\"SWISS ofrecer\u00e1 vuelos m\u00e1s baratos dependiendo de los goles que marque Espa\u00f1a en la Eurocopa | El Digital de Asturias\" \/>\n\t\t<meta property=\"og:description\" content=\"SWISS va a ofrecer vuelos m\u00e1s baratos dependiendo de los goles que la selecci\u00f3n espa\u00f1ola marque en la Eurocopa 2016, con descuentos en los trayectos con salida desde Espa\u00f1a, seg\u00fan ha informado la aerol\u00ednea suiza en un comunicado. En funci\u00f3n del n\u00famero de goles que marquen los jugadores espa\u00f1oles, SWISS reducir\u00e1 el precio de sus\" \/>\n\t\t<meta property=\"og:url\" content=\"https:\/\/eldigitaldeasturias.com\/magazine365\/swiss-ofrecera-vuelos-mas-baratos-dependiendo-de-los-goles-que-marque-espana-en-la-eurocopa\/\" \/>\n\t\t<meta property=\"og:image\" content=\"https:\/\/eldigitaldeasturias.com\/magazine365\/wp-content\/uploads\/2016\/06\/fotonoticia_20160613193605_800.jpg\" \/>\n\t\t<meta property=\"og:image:secure_url\" content=\"https:\/\/eldigitaldeasturias.com\/magazine365\/wp-content\/uploads\/2016\/06\/fotonoticia_20160613193605_800.jpg\" \/>\n\t\t<meta property=\"og:image:width\" content=\"800\" \/>\n\t\t<meta property=\"og:image:height\" content=\"797\" \/>\n\t\t<meta property=\"article:published_time\" content=\"2016-06-13T19:48:09+00:00\" \/>\n\t\t<meta property=\"article:modified_time\" content=\"2016-06-13T19:48:09+00:00\" \/>\n\t\t<meta name=\"twitter:card\" content=\"summary_large_image\" \/>\n\t\t<meta name=\"twitter:title\" content=\"SWISS ofrecer\u00e1 vuelos m\u00e1s baratos dependiendo de los goles que marque Espa\u00f1a en la Eurocopa | El Digital de Asturias\" \/>\n\t\t<meta name=\"twitter:description\" content=\"SWISS va a ofrecer vuelos m\u00e1s baratos dependiendo de los goles que la selecci\u00f3n espa\u00f1ola marque en la Eurocopa 2016, con descuentos en los trayectos con salida desde Espa\u00f1a, seg\u00fan ha informado la aerol\u00ednea suiza en un comunicado. En funci\u00f3n del n\u00famero de goles que marquen los jugadores espa\u00f1oles, SWISS reducir\u00e1 el precio de sus\" \/>\n\t\t<meta name=\"twitter:image\" content=\"https:\/\/eldigitaldeasturias.com\/magazine365\/wp-content\/uploads\/2016\/06\/fotonoticia_20160613193605_800.jpg\" \/>\n\t\t<script type=\"application\/ld+json\" class=\"aioseo-schema\">\n\t\t\t{\"@context\":\"https:\\\/\\\/schema.org\",\"@graph\":[{\"@type\":\"Article\",\"@id\":\"https:\\\/\\\/eldigitaldeasturias.com\\\/magazine365\\\/swiss-ofrecera-vuelos-mas-baratos-dependiendo-de-los-goles-que-marque-espana-en-la-eurocopa\\\/#article\",\"name\":\"SWISS ofrecer\\u00e1 vuelos m\\u00e1s baratos dependiendo de los goles que marque Espa\\u00f1a en la Eurocopa | El Digital de Asturias\",\"headline\":\"SWISS ofrecer\\u00e1 vuelos m\\u00e1s baratos dependiendo de los goles que marque Espa\\u00f1a en la Eurocopa\",\"author\":{\"@id\":\"https:\\\/\\\/eldigitaldeasturias.com\\\/magazine365\\\/author\\\/admin\\\/#author\"},\"publisher\":{\"@id\":\"https:\\\/\\\/eldigitaldeasturias.com\\\/magazine365\\\/#organization\"},\"image\":{\"@type\":\"ImageObject\",\"url\":\"https:\\\/\\\/eldigitaldeasturias.com\\\/magazine365\\\/wp-content\\\/uploads\\\/2016\\\/06\\\/fotonoticia_20160613193605_800.jpg\",\"width\":800,\"height\":797},\"datePublished\":\"2016-06-13T21:48:09+02:00\",\"dateModified\":\"2016-06-13T21:48:09+02:00\",\"inLanguage\":\"es-ES\",\"mainEntityOfPage\":{\"@id\":\"https:\\\/\\\/eldigitaldeasturias.com\\\/magazine365\\\/swiss-ofrecera-vuelos-mas-baratos-dependiendo-de-los-goles-que-marque-espana-en-la-eurocopa\\\/#webpage\"},\"isPartOf\":{\"@id\":\"https:\\\/\\\/eldigitaldeasturias.com\\\/magazine365\\\/swiss-ofrecera-vuelos-mas-baratos-dependiendo-de-los-goles-que-marque-espana-en-la-eurocopa\\\/#webpage\"},\"articleSection\":\"Noticias y Actualidad\"},{\"@type\":\"BreadcrumbList\",\"@id\":\"https:\\\/\\\/eldigitaldeasturias.com\\\/magazine365\\\/swiss-ofrecera-vuelos-mas-baratos-dependiendo-de-los-goles-que-marque-espana-en-la-eurocopa\\\/#breadcrumblist\",\"itemListElement\":[{\"@type\":\"ListItem\",\"@id\":\"https:\\\/\\\/eldigitaldeasturias.com\\\/magazine365#listItem\",\"position\":1,\"name\":\"Home\",\"item\":\"https:\\\/\\\/eldigitaldeasturias.com\\\/magazine365\",\"nextItem\":{\"@type\":\"ListItem\",\"@id\":\"https:\\\/\\\/eldigitaldeasturias.com\\\/magazine365\\\/category\\\/noticias-actualidad\\\/#listItem\",\"name\":\"Noticias y Actualidad\"}},{\"@type\":\"ListItem\",\"@id\":\"https:\\\/\\\/eldigitaldeasturias.com\\\/magazine365\\\/category\\\/noticias-actualidad\\\/#listItem\",\"position\":2,\"name\":\"Noticias y Actualidad\",\"item\":\"https:\\\/\\\/eldigitaldeasturias.com\\\/magazine365\\\/category\\\/noticias-actualidad\\\/\",\"nextItem\":{\"@type\":\"ListItem\",\"@id\":\"https:\\\/\\\/eldigitaldeasturias.com\\\/magazine365\\\/swiss-ofrecera-vuelos-mas-baratos-dependiendo-de-los-goles-que-marque-espana-en-la-eurocopa\\\/#listItem\",\"name\":\"SWISS ofrecer\\u00e1 vuelos m\\u00e1s baratos dependiendo de los goles que marque Espa\\u00f1a en la Eurocopa\"},\"previousItem\":{\"@type\":\"ListItem\",\"@id\":\"https:\\\/\\\/eldigitaldeasturias.com\\\/magazine365#listItem\",\"name\":\"Home\"}},{\"@type\":\"ListItem\",\"@id\":\"https:\\\/\\\/eldigitaldeasturias.com\\\/magazine365\\\/swiss-ofrecera-vuelos-mas-baratos-dependiendo-de-los-goles-que-marque-espana-en-la-eurocopa\\\/#listItem\",\"position\":3,\"name\":\"SWISS ofrecer\\u00e1 vuelos m\\u00e1s baratos dependiendo de los goles que marque Espa\\u00f1a en la Eurocopa\",\"previousItem\":{\"@type\":\"ListItem\",\"@id\":\"https:\\\/\\\/eldigitaldeasturias.com\\\/magazine365\\\/category\\\/noticias-actualidad\\\/#listItem\",\"name\":\"Noticias y Actualidad\"}}]},{\"@type\":\"Organization\",\"@id\":\"https:\\\/\\\/eldigitaldeasturias.com\\\/magazine365\\\/#organization\",\"name\":\"El digital de Asturias\",\"description\":\"Revista de ocio, turismo y estilo de vida\",\"url\":\"https:\\\/\\\/eldigitaldeasturias.com\\\/magazine365\\\/\",\"logo\":{\"@type\":\"ImageObject\",\"url\":\"https:\\\/\\\/www.eldigitaldeasturias.com\\\/noticias\\\/wp-content\\\/uploads\\\/2020\\\/12\\\/EDA.jpg\",\"@id\":\"https:\\\/\\\/eldigitaldeasturias.com\\\/magazine365\\\/swiss-ofrecera-vuelos-mas-baratos-dependiendo-de-los-goles-que-marque-espana-en-la-eurocopa\\\/#organizationLogo\"},\"image\":{\"@id\":\"https:\\\/\\\/eldigitaldeasturias.com\\\/magazine365\\\/swiss-ofrecera-vuelos-mas-baratos-dependiendo-de-los-goles-que-marque-espana-en-la-eurocopa\\\/#organizationLogo\"}},{\"@type\":\"Person\",\"@id\":\"https:\\\/\\\/eldigitaldeasturias.com\\\/magazine365\\\/author\\\/admin\\\/#author\",\"url\":\"https:\\\/\\\/eldigitaldeasturias.com\\\/magazine365\\\/author\\\/admin\\\/\",\"name\":\"admin\",\"image\":{\"@type\":\"ImageObject\",\"@id\":\"https:\\\/\\\/eldigitaldeasturias.com\\\/magazine365\\\/swiss-ofrecera-vuelos-mas-baratos-dependiendo-de-los-goles-que-marque-espana-en-la-eurocopa\\\/#authorImage\",\"url\":\"https:\\\/\\\/eldigitaldeasturias.com\\\/magazine365\\\/wp-content\\\/litespeed\\\/avatar\\\/e571bcf59a0edd6fa6838245a470f2fe.jpg?ver=1776969259\",\"width\":96,\"height\":96,\"caption\":\"admin\"}},{\"@type\":\"WebPage\",\"@id\":\"https:\\\/\\\/eldigitaldeasturias.com\\\/magazine365\\\/swiss-ofrecera-vuelos-mas-baratos-dependiendo-de-los-goles-que-marque-espana-en-la-eurocopa\\\/#webpage\",\"url\":\"https:\\\/\\\/eldigitaldeasturias.com\\\/magazine365\\\/swiss-ofrecera-vuelos-mas-baratos-dependiendo-de-los-goles-que-marque-espana-en-la-eurocopa\\\/\",\"name\":\"SWISS ofrecer\\u00e1 vuelos m\\u00e1s baratos dependiendo de los goles que marque Espa\\u00f1a en la Eurocopa | El Digital de Asturias\",\"description\":\"SWISS va a ofrecer vuelos m\\u00e1s baratos dependiendo de los goles que la selecci\\u00f3n espa\\u00f1ola marque en la Eurocopa 2016, con descuentos en los trayectos con salida desde Espa\\u00f1a, seg\\u00fan ha informado la aerol\\u00ednea suiza en un comunicado. En funci\\u00f3n del n\\u00famero de goles que marquen los jugadores espa\\u00f1oles, SWISS reducir\\u00e1 el precio de sus\",\"inLanguage\":\"es-ES\",\"isPartOf\":{\"@id\":\"https:\\\/\\\/eldigitaldeasturias.com\\\/magazine365\\\/#website\"},\"breadcrumb\":{\"@id\":\"https:\\\/\\\/eldigitaldeasturias.com\\\/magazine365\\\/swiss-ofrecera-vuelos-mas-baratos-dependiendo-de-los-goles-que-marque-espana-en-la-eurocopa\\\/#breadcrumblist\"},\"author\":{\"@id\":\"https:\\\/\\\/eldigitaldeasturias.com\\\/magazine365\\\/author\\\/admin\\\/#author\"},\"creator\":{\"@id\":\"https:\\\/\\\/eldigitaldeasturias.com\\\/magazine365\\\/author\\\/admin\\\/#author\"},\"image\":{\"@type\":\"ImageObject\",\"url\":\"https:\\\/\\\/eldigitaldeasturias.com\\\/magazine365\\\/wp-content\\\/uploads\\\/2016\\\/06\\\/fotonoticia_20160613193605_800.jpg\",\"@id\":\"https:\\\/\\\/eldigitaldeasturias.com\\\/magazine365\\\/swiss-ofrecera-vuelos-mas-baratos-dependiendo-de-los-goles-que-marque-espana-en-la-eurocopa\\\/#mainImage\",\"width\":800,\"height\":797},\"primaryImageOfPage\":{\"@id\":\"https:\\\/\\\/eldigitaldeasturias.com\\\/magazine365\\\/swiss-ofrecera-vuelos-mas-baratos-dependiendo-de-los-goles-que-marque-espana-en-la-eurocopa\\\/#mainImage\"},\"datePublished\":\"2016-06-13T21:48:09+02:00\",\"dateModified\":\"2016-06-13T21:48:09+02:00\"},{\"@type\":\"WebSite\",\"@id\":\"https:\\\/\\\/eldigitaldeasturias.com\\\/magazine365\\\/#website\",\"url\":\"https:\\\/\\\/eldigitaldeasturias.com\\\/magazine365\\\/\",\"name\":\"El Digital de Asturias\",\"description\":\"Revista de ocio, turismo y estilo de vida\",\"inLanguage\":\"es-ES\",\"publisher\":{\"@id\":\"https:\\\/\\\/eldigitaldeasturias.com\\\/magazine365\\\/#organization\"}}]}\n\t\t<\/script>\n\t\t<!-- All in One SEO Pro -->\r\n\t\t<title>SWISS ofrecer\u00e1 vuelos m\u00e1s baratos dependiendo de los goles que marque Espa\u00f1a en la Eurocopa | El Digital de Asturias<\/title>\n\n","aioseo_head_json":{"title":"SWISS ofrecer\u00e1 vuelos m\u00e1s baratos dependiendo de los goles que marque Espa\u00f1a en la Eurocopa | El Digital de Asturias","description":"SWISS va a ofrecer vuelos m\u00e1s baratos dependiendo de los goles que la selecci\u00f3n espa\u00f1ola marque en la Eurocopa 2016, con descuentos en los trayectos con salida desde Espa\u00f1a, seg\u00fan ha informado la aerol\u00ednea suiza en un comunicado. En funci\u00f3n del n\u00famero de goles que marquen los jugadores espa\u00f1oles, SWISS reducir\u00e1 el precio de sus","canonical_url":"https:\/\/eldigitaldeasturias.com\/magazine365\/swiss-ofrecera-vuelos-mas-baratos-dependiendo-de-los-goles-que-marque-espana-en-la-eurocopa\/","robots":"max-image-preview:large","keywords":"noticias y actualidad","webmasterTools":{"google-site-verification":"UA-38556648-1","miscellaneous":""},"schema":{"@context":"https:\/\/schema.org","@graph":[{"@type":"Article","@id":"https:\/\/eldigitaldeasturias.com\/magazine365\/swiss-ofrecera-vuelos-mas-baratos-dependiendo-de-los-goles-que-marque-espana-en-la-eurocopa\/#article","name":"SWISS ofrecer\u00e1 vuelos m\u00e1s baratos dependiendo de los goles que marque Espa\u00f1a en la Eurocopa | El Digital de Asturias","headline":"SWISS ofrecer\u00e1 vuelos m\u00e1s baratos dependiendo de los goles que marque Espa\u00f1a en la Eurocopa","author":{"@id":"https:\/\/eldigitaldeasturias.com\/magazine365\/author\/admin\/#author"},"publisher":{"@id":"https:\/\/eldigitaldeasturias.com\/magazine365\/#organization"},"image":{"@type":"ImageObject","url":"https:\/\/eldigitaldeasturias.com\/magazine365\/wp-content\/uploads\/2016\/06\/fotonoticia_20160613193605_800.jpg","width":800,"height":797},"datePublished":"2016-06-13T21:48:09+02:00","dateModified":"2016-06-13T21:48:09+02:00","inLanguage":"es-ES","mainEntityOfPage":{"@id":"https:\/\/eldigitaldeasturias.com\/magazine365\/swiss-ofrecera-vuelos-mas-baratos-dependiendo-de-los-goles-que-marque-espana-en-la-eurocopa\/#webpage"},"isPartOf":{"@id":"https:\/\/eldigitaldeasturias.com\/magazine365\/swiss-ofrecera-vuelos-mas-baratos-dependiendo-de-los-goles-que-marque-espana-en-la-eurocopa\/#webpage"},"articleSection":"Noticias y Actualidad"},{"@type":"BreadcrumbList","@id":"https:\/\/eldigitaldeasturias.com\/magazine365\/swiss-ofrecera-vuelos-mas-baratos-dependiendo-de-los-goles-que-marque-espana-en-la-eurocopa\/#breadcrumblist","itemListElement":[{"@type":"ListItem","@id":"https:\/\/eldigitaldeasturias.com\/magazine365#listItem","position":1,"name":"Home","item":"https:\/\/eldigitaldeasturias.com\/magazine365","nextItem":{"@type":"ListItem","@id":"https:\/\/eldigitaldeasturias.com\/magazine365\/category\/noticias-actualidad\/#listItem","name":"Noticias y Actualidad"}},{"@type":"ListItem","@id":"https:\/\/eldigitaldeasturias.com\/magazine365\/category\/noticias-actualidad\/#listItem","position":2,"name":"Noticias y Actualidad","item":"https:\/\/eldigitaldeasturias.com\/magazine365\/category\/noticias-actualidad\/","nextItem":{"@type":"ListItem","@id":"https:\/\/eldigitaldeasturias.com\/magazine365\/swiss-ofrecera-vuelos-mas-baratos-dependiendo-de-los-goles-que-marque-espana-en-la-eurocopa\/#listItem","name":"SWISS ofrecer\u00e1 vuelos m\u00e1s baratos dependiendo de los goles que marque Espa\u00f1a en la Eurocopa"},"previousItem":{"@type":"ListItem","@id":"https:\/\/eldigitaldeasturias.com\/magazine365#listItem","name":"Home"}},{"@type":"ListItem","@id":"https:\/\/eldigitaldeasturias.com\/magazine365\/swiss-ofrecera-vuelos-mas-baratos-dependiendo-de-los-goles-que-marque-espana-en-la-eurocopa\/#listItem","position":3,"name":"SWISS ofrecer\u00e1 vuelos m\u00e1s baratos dependiendo de los goles que marque Espa\u00f1a en la Eurocopa","previousItem":{"@type":"ListItem","@id":"https:\/\/eldigitaldeasturias.com\/magazine365\/category\/noticias-actualidad\/#listItem","name":"Noticias y Actualidad"}}]},{"@type":"Organization","@id":"https:\/\/eldigitaldeasturias.com\/magazine365\/#organization","name":"El digital de Asturias","description":"Revista de ocio, turismo y estilo de vida","url":"https:\/\/eldigitaldeasturias.com\/magazine365\/","logo":{"@type":"ImageObject","url":"https:\/\/www.eldigitaldeasturias.com\/noticias\/wp-content\/uploads\/2020\/12\/EDA.jpg","@id":"https:\/\/eldigitaldeasturias.com\/magazine365\/swiss-ofrecera-vuelos-mas-baratos-dependiendo-de-los-goles-que-marque-espana-en-la-eurocopa\/#organizationLogo"},"image":{"@id":"https:\/\/eldigitaldeasturias.com\/magazine365\/swiss-ofrecera-vuelos-mas-baratos-dependiendo-de-los-goles-que-marque-espana-en-la-eurocopa\/#organizationLogo"}},{"@type":"Person","@id":"https:\/\/eldigitaldeasturias.com\/magazine365\/author\/admin\/#author","url":"https:\/\/eldigitaldeasturias.com\/magazine365\/author\/admin\/","name":"admin","image":{"@type":"ImageObject","@id":"https:\/\/eldigitaldeasturias.com\/magazine365\/swiss-ofrecera-vuelos-mas-baratos-dependiendo-de-los-goles-que-marque-espana-en-la-eurocopa\/#authorImage","url":"https:\/\/eldigitaldeasturias.com\/magazine365\/wp-content\/litespeed\/avatar\/e571bcf59a0edd6fa6838245a470f2fe.jpg?ver=1776969259","width":96,"height":96,"caption":"admin"}},{"@type":"WebPage","@id":"https:\/\/eldigitaldeasturias.com\/magazine365\/swiss-ofrecera-vuelos-mas-baratos-dependiendo-de-los-goles-que-marque-espana-en-la-eurocopa\/#webpage","url":"https:\/\/eldigitaldeasturias.com\/magazine365\/swiss-ofrecera-vuelos-mas-baratos-dependiendo-de-los-goles-que-marque-espana-en-la-eurocopa\/","name":"SWISS ofrecer\u00e1 vuelos m\u00e1s baratos dependiendo de los goles que marque Espa\u00f1a en la Eurocopa | El Digital de Asturias","description":"SWISS va a ofrecer vuelos m\u00e1s baratos dependiendo de los goles que la selecci\u00f3n espa\u00f1ola marque en la Eurocopa 2016, con descuentos en los trayectos con salida desde Espa\u00f1a, seg\u00fan ha informado la aerol\u00ednea suiza en un comunicado. En funci\u00f3n del n\u00famero de goles que marquen los jugadores espa\u00f1oles, SWISS reducir\u00e1 el precio de sus","inLanguage":"es-ES","isPartOf":{"@id":"https:\/\/eldigitaldeasturias.com\/magazine365\/#website"},"breadcrumb":{"@id":"https:\/\/eldigitaldeasturias.com\/magazine365\/swiss-ofrecera-vuelos-mas-baratos-dependiendo-de-los-goles-que-marque-espana-en-la-eurocopa\/#breadcrumblist"},"author":{"@id":"https:\/\/eldigitaldeasturias.com\/magazine365\/author\/admin\/#author"},"creator":{"@id":"https:\/\/eldigitaldeasturias.com\/magazine365\/author\/admin\/#author"},"image":{"@type":"ImageObject","url":"https:\/\/eldigitaldeasturias.com\/magazine365\/wp-content\/uploads\/2016\/06\/fotonoticia_20160613193605_800.jpg","@id":"https:\/\/eldigitaldeasturias.com\/magazine365\/swiss-ofrecera-vuelos-mas-baratos-dependiendo-de-los-goles-que-marque-espana-en-la-eurocopa\/#mainImage","width":800,"height":797},"primaryImageOfPage":{"@id":"https:\/\/eldigitaldeasturias.com\/magazine365\/swiss-ofrecera-vuelos-mas-baratos-dependiendo-de-los-goles-que-marque-espana-en-la-eurocopa\/#mainImage"},"datePublished":"2016-06-13T21:48:09+02:00","dateModified":"2016-06-13T21:48:09+02:00"},{"@type":"WebSite","@id":"https:\/\/eldigitaldeasturias.com\/magazine365\/#website","url":"https:\/\/eldigitaldeasturias.com\/magazine365\/","name":"El Digital de Asturias","description":"Revista de ocio, turismo y estilo de vida","inLanguage":"es-ES","publisher":{"@id":"https:\/\/eldigitaldeasturias.com\/magazine365\/#organization"}}]},"og:locale":"es_ES","og:site_name":"El Digital de Asturias \u2013 Revista de ocio, turismo y estilo de vida","og:type":"article","og:title":"SWISS ofrecer\u00e1 vuelos m\u00e1s baratos dependiendo de los goles que marque Espa\u00f1a en la Eurocopa | El Digital de Asturias","og:description":"SWISS va a ofrecer vuelos m\u00e1s baratos dependiendo de los goles que la selecci\u00f3n espa\u00f1ola marque en la Eurocopa 2016, con descuentos en los trayectos con salida desde Espa\u00f1a, seg\u00fan ha informado la aerol\u00ednea suiza en un comunicado. En funci\u00f3n del n\u00famero de goles que marquen los jugadores espa\u00f1oles, SWISS reducir\u00e1 el precio de sus","og:url":"https:\/\/eldigitaldeasturias.com\/magazine365\/swiss-ofrecera-vuelos-mas-baratos-dependiendo-de-los-goles-que-marque-espana-en-la-eurocopa\/","og:image":"https:\/\/eldigitaldeasturias.com\/magazine365\/wp-content\/uploads\/2016\/06\/fotonoticia_20160613193605_800.jpg","og:image:secure_url":"https:\/\/eldigitaldeasturias.com\/magazine365\/wp-content\/uploads\/2016\/06\/fotonoticia_20160613193605_800.jpg","og:image:width":800,"og:image:height":797,"article:published_time":"2016-06-13T19:48:09+00:00","article:modified_time":"2016-06-13T19:48:09+00:00","twitter:card":"summary_large_image","twitter:title":"SWISS ofrecer\u00e1 vuelos m\u00e1s baratos dependiendo de los goles que marque Espa\u00f1a en la Eurocopa | El Digital de Asturias","twitter:description":"SWISS va a ofrecer vuelos m\u00e1s baratos dependiendo de los goles que la selecci\u00f3n espa\u00f1ola marque en la Eurocopa 2016, con descuentos en los trayectos con salida desde Espa\u00f1a, seg\u00fan ha informado la aerol\u00ednea suiza en un comunicado. En funci\u00f3n del n\u00famero de goles que marquen los jugadores espa\u00f1oles, SWISS reducir\u00e1 el precio de sus","twitter:image":"https:\/\/eldigitaldeasturias.com\/magazine365\/wp-content\/uploads\/2016\/06\/fotonoticia_20160613193605_800.jpg"},"aioseo_meta_data":{"post_id":"79063","title":null,"description":null,"keywords":null,"keyphrases":null,"primary_term":null,"canonical_url":null,"og_title":null,"og_description":null,"og_object_type":"default","og_image_type":"default","og_image_url":null,"og_image_width":null,"og_image_height":null,"og_image_custom_url":null,"og_image_custom_fields":null,"og_video":null,"og_custom_url":null,"og_article_section":null,"og_article_tags":null,"twitter_use_og":false,"twitter_card":"default","twitter_image_type":"default","twitter_image_url":null,"twitter_image_custom_url":null,"twitter_image_custom_fields":null,"twitter_title":null,"twitter_description":null,"schema":{"blockGraphs":[],"customGraphs":[],"default":{"data":{"Article":[],"Course":[],"Dataset":[],"FAQPage":[],"Movie":[],"Person":[],"Product":[],"ProductReview":[],"Car":[],"Recipe":[],"Service":[],"SoftwareApplication":[],"WebPage":[]},"graphName":"","isEnabled":true},"graphs":[]},"schema_type":null,"schema_type_options":null,"pillar_content":false,"robots_default":true,"robots_noindex":false,"robots_noarchive":false,"robots_nosnippet":false,"robots_nofollow":false,"robots_noimageindex":false,"robots_noodp":false,"robots_notranslate":false,"robots_max_snippet":null,"robots_max_videopreview":null,"robots_max_imagepreview":"large","priority":null,"frequency":null,"location":null,"local_seo":null,"seo_analyzer_scan_date":"2025-09-27 18:08:56","breadcrumb_settings":null,"limit_modified_date":false,"open_ai":null,"ai":null,"created":"2021-03-08 17:53:10","updated":"2025-09-27 18:08:56"},"aioseo_breadcrumb":"<div class=\"aioseo-breadcrumbs\"><span class=\"aioseo-breadcrumb\">\n\t<a href=\"https:\/\/eldigitaldeasturias.com\/magazine365\" title=\"Home\">Home<\/a>\n<\/span><span class=\"aioseo-breadcrumb-separator\">\u2013<\/span><span class=\"aioseo-breadcrumb\">\n\t<a href=\"https:\/\/eldigitaldeasturias.com\/magazine365\/category\/noticias-actualidad\/\" title=\"Noticias y Actualidad\">Noticias y Actualidad<\/a>\n<\/span><span class=\"aioseo-breadcrumb-separator\">\u2013<\/span><span class=\"aioseo-breadcrumb\">\n\t<a href=\"https:\/\/eldigitaldeasturias.com\/magazine365\/swiss-ofrecera-vuelos-mas-baratos-dependiendo-de-los-goles-que-marque-espana-en-la-eurocopa\/\" title=\"SWISS ofrecer\u00e1 vuelos m\u00e1s baratos dependiendo de los goles que marque Espa\u00f1a en la Eurocopa\">SWISS ofrecer\u00e1 vuelos m\u00e1s baratos dependiendo de los goles que marque Espa\u00f1a en la Eurocopa<\/a>\n<\/span><\/div>","aioseo_breadcrumb_json":[{"label":"Home","link":"https:\/\/eldigitaldeasturias.com\/magazine365"},{"label":"Noticias y Actualidad","link":"https:\/\/eldigitaldeasturias.com\/magazine365\/category\/noticias-actualidad\/"},{"label":"SWISS ofrecer\u00e1 vuelos m\u00e1s baratos dependiendo de los goles que marque Espa\u00f1a en la Eurocopa","link":"https:\/\/eldigitaldeasturias.com\/magazine365\/swiss-ofrecera-vuelos-mas-baratos-dependiendo-de-los-goles-que-marque-espana-en-la-eurocopa\/"}],"_links":{"self":[{"href":"https:\/\/eldigitaldeasturias.com\/magazine365\/wp-json\/wp\/v2\/posts\/79063","targetHints":{"allow":["GET"]}}],"collection":[{"href":"https:\/\/eldigitaldeasturias.com\/magazine365\/wp-json\/wp\/v2\/posts"}],"about":[{"href":"https:\/\/eldigitaldeasturias.com\/magazine365\/wp-json\/wp\/v2\/types\/post"}],"author":[{"embeddable":true,"href":"https:\/\/eldigitaldeasturias.com\/magazine365\/wp-json\/wp\/v2\/users\/1"}],"replies":[{"embeddable":true,"href":"https:\/\/eldigitaldeasturias.com\/magazine365\/wp-json\/wp\/v2\/comments?post=79063"}],"version-history":[{"count":0,"href":"https:\/\/eldigitaldeasturias.com\/magazine365\/wp-json\/wp\/v2\/posts\/79063\/revisions"}],"wp:featuredmedia":[{"embeddable":true,"href":"https:\/\/eldigitaldeasturias.com\/magazine365\/wp-json\/wp\/v2\/media\/79064"}],"wp:attachment":[{"href":"https:\/\/eldigitaldeasturias.com\/magazine365\/wp-json\/wp\/v2\/media?parent=79063"}],"wp:term":[{"taxonomy":"category","embeddable":true,"href":"https:\/\/eldigitaldeasturias.com\/magazine365\/wp-json\/wp\/v2\/categories?post=79063"},{"taxonomy":"post_tag","embeddable":true,"href":"https:\/\/eldigitaldeasturias.com\/magazine365\/wp-json\/wp\/v2\/tags?post=79063"}],"curies":[{"name":"wp","href":"https:\/\/api.w.org\/{rel}","templated":true}]}}