{"id":79060,"date":"2016-06-13T21:47:09","date_gmt":"2016-06-13T19:47:09","guid":{"rendered":"http:\/\/eldigitaldeasturias.com\/magazine365\/?p=79060"},"modified":"2016-06-13T21:47:09","modified_gmt":"2016-06-13T19:47:09","slug":"el-montaje-de-via-del-ave-a-la-meca-esta-terminado-y-cobrado-en-el-90-del-trazado-segun-copasa","status":"publish","type":"post","link":"https:\/\/eldigitaldeasturias.com\/magazine365\/el-montaje-de-via-del-ave-a-la-meca-esta-terminado-y-cobrado-en-el-90-del-trazado-segun-copasa\/","title":{"rendered":"El montaje de v\u00eda del AVE a La Meca est\u00e1 \u00abterminado y cobrado\u00bb en el 90% del trazado, seg\u00fan Copasa"},"content":{"rendered":"<p><img fetchpriority=\"high\" decoding=\"async\" class=\"alignleft size-medium wp-image-79061\" src=\"https:\/\/eldigitaldeasturias.com\/magazine365\/wp-content\/uploads\/2016\/06\/fotonoticia_20160613193147_800-360x231.jpg\" alt=\"fotonoticia_20160613193147_800\" width=\"360\" height=\"231\" srcset=\"https:\/\/eldigitaldeasturias.com\/magazine365\/wp-content\/uploads\/2016\/06\/fotonoticia_20160613193147_800-360x231.jpg 360w, https:\/\/eldigitaldeasturias.com\/magazine365\/wp-content\/uploads\/2016\/06\/fotonoticia_20160613193147_800-650x418.jpg 650w, https:\/\/eldigitaldeasturias.com\/magazine365\/wp-content\/uploads\/2016\/06\/fotonoticia_20160613193147_800-768x493.jpg 768w, https:\/\/eldigitaldeasturias.com\/magazine365\/wp-content\/uploads\/2016\/06\/fotonoticia_20160613193147_800-150x96.jpg 150w, https:\/\/eldigitaldeasturias.com\/magazine365\/wp-content\/uploads\/2016\/06\/fotonoticia_20160613193147_800-450x289.jpg 450w, https:\/\/eldigitaldeasturias.com\/magazine365\/wp-content\/uploads\/2016\/06\/fotonoticia_20160613193147_800-225x145.jpg 225w, https:\/\/eldigitaldeasturias.com\/magazine365\/wp-content\/uploads\/2016\/06\/fotonoticia_20160613193147_800-121x79.jpg 121w, https:\/\/eldigitaldeasturias.com\/magazine365\/wp-content\/uploads\/2016\/06\/fotonoticia_20160613193147_800-101x66.jpg 101w, https:\/\/eldigitaldeasturias.com\/magazine365\/wp-content\/uploads\/2016\/06\/fotonoticia_20160613193147_800.jpg 800w\" sizes=\"(max-width: 360px) 100vw, 360px\" \/>El montaje de la v\u00eda en la l\u00ednea de Alta Velocidad (AVE) entre La Meca y Media est\u00e1 \u00abacabado y cobrado\u00bb en entre un 85% y un 90% del total de 450 kil\u00f3metros de longitud que presenta este corredor, seg\u00fan inform\u00f3 Copasa, uno de los miembros del consorcio contratista del proyecto encargado de estos trabajos.<\/p>\n<p>La compa\u00f1\u00eda estima que todo el montaje de v\u00eda puede estar concluido en octubre si el consorcio recibe en el plazo previsto el \u00faltimo tramo de plataforma del corredor, cuya construcci\u00f3n ha corrido a cargo de empresas chinas.<\/p>\n<p>El contrato logrado por un grupo de empresas p\u00fablicas y privadas espa\u00f1olas en el AVE a la Meca, estimado en un total de 6.700 millones de euros, consiste en ejecutar la denominada &#8216;superestructura&#8217; de la l\u00ednea. En concreto, supone colocar las v\u00edas y el resto de sistemas para su funcionamiento, adem\u00e1s de encargarse de su posterior mantenimiento y explotaci\u00f3n.<\/p>\n<p>En el caso de Copasa, cifra en 363 millones de euros el importe de su participaci\u00f3n en el megacontrato del &#8216;Ave del Desierto&#8217;, uno de los mayores logrados por firmas espa\u00f1olas en el exterior. A este monto se suma el de 375 millones que posteriormente cobrar\u00e1 por su mantenimiento.<\/p>\n<p>Este y otros contratos internacionales logrados por la firma han posibilitado que en 2015 lograra por vez primera m\u00e1s ingresos con su actividad internacional que con la que ejecuta en Espa\u00f1a.<\/p>\n<p>IMPULSO DEL NEGOCIO INTERNACIONAL.<\/p>\n<p>En concreto, la compa\u00f1\u00eda que preside Jos\u00e9 Luis Su\u00e1rez Guti\u00e9rrez factur\u00f3 251,7 millones de euros en el exterior el pasado a\u00f1o, lo que supone un incremento del 41,2% y representa el 53,7% de sus ingresos.<\/p>\n<p>La cifra de negocio total de Copasa progres\u00f3 un 28,6% durante el pasado a\u00f1o, hasta sumar 468,2 millones de euros. Asimismo, el beneficio bruto de explotaci\u00f3n (Ebitda) se situ\u00f3 en 53,47 millones, un 25,7% por encima del de 2014.<\/p>\n<p>\u00abEstamos en un momento clave, con un acreditado reconocimiento internacional que nos permite crecer, una situaci\u00f3n financiera sostenible y solvente, y expectativas razonables de negocio en zonas estrat\u00e9gicas\u00bb, subray\u00f3 el presidente de Copasa en un comunicado.<\/p>\n<p>En cuanto a la cartera de negocio, a cierre de 2015 sumaba un valor de 1.344 millones de euros, tras lograr nuevos contratos por 247 millones de euros durante el pasado a\u00f1o.<\/p>\n<p>En el cap\u00edtulo financiero, la compa\u00f1\u00eda indic\u00f3 que su deuda financiera neta es inferior a los 53 millones de euros registrados como Ebitda. Adem\u00e1s, indic\u00f3 que actualmente la mitad de su deuda con recurso a la matriz ya proviene de los mercados de capitales.<\/p>\n<p>Copasa fue el primer grupo en acudir al Mercado Alternativo de Renta Fija (MARF) para financiarse. Adem\u00e1s, el pasado d\u00eda 3 recibi\u00f3 un rating de &#8216;BB&#8217; con tendencia &#8216;estable&#8217; por parte de la agencia Axesor.<\/p>\n","protected":false},"excerpt":{"rendered":"<p>El montaje de la v\u00eda en la l\u00ednea de Alta Velocidad (AVE) entre La Meca y Media est\u00e1 \u00abacabado y cobrado\u00bb en entre un 85% y un 90% del total de 450 kil\u00f3metros de longitud que presenta este corredor, seg\u00fan inform\u00f3 Copasa, uno de los miembros del consorcio contratista del proyecto encargado de estos trabajos.<\/p>\n","protected":false},"author":1,"featured_media":79061,"comment_status":"open","ping_status":"closed","sticky":false,"template":"","format":"standard","meta":{"footnotes":""},"categories":[224],"tags":[],"class_list":{"0":"post-79060","1":"post","2":"type-post","3":"status-publish","4":"format-standard","5":"has-post-thumbnail","7":"category-noticias-actualidad"},"aioseo_notices":[],"aioseo_head":"\n\t\t<!-- All in One SEO Pro 4.9.6.1 - aioseo.com -->\n\t<meta name=\"description\" content=\"El montaje de la v\u00eda en la l\u00ednea de Alta Velocidad (AVE) entre La Meca y Media est\u00e1 &quot;acabado y cobrado&quot; en entre un 85% y un 90% del total de 450 kil\u00f3metros de longitud que presenta este corredor, seg\u00fan inform\u00f3 Copasa, uno de los miembros del consorcio contratista del proyecto encargado de estos trabajos.\" \/>\n\t<meta name=\"robots\" content=\"max-image-preview:large\" \/>\n\t<meta name=\"author\" content=\"admin\"\/>\n\t<meta name=\"google-site-verification\" content=\"UA-38556648-1\" \/>\n\t<meta name=\"keywords\" content=\"noticias y actualidad\" \/>\n\t<link rel=\"canonical\" href=\"https:\/\/eldigitaldeasturias.com\/magazine365\/el-montaje-de-via-del-ave-a-la-meca-esta-terminado-y-cobrado-en-el-90-del-trazado-segun-copasa\/\" \/>\n\t<meta name=\"generator\" content=\"All in One SEO Pro (AIOSEO) 4.9.6.1\" \/>\n\t\t<meta property=\"og:locale\" content=\"es_ES\" \/>\n\t\t<meta property=\"og:site_name\" content=\"El Digital de Asturias \u2013 Revista de ocio, turismo y estilo de vida\" \/>\n\t\t<meta property=\"og:type\" content=\"article\" \/>\n\t\t<meta property=\"og:title\" content=\"El montaje de v\u00eda del AVE a La Meca est\u00e1 \u00abterminado y cobrado\u00bb en el 90% del trazado, seg\u00fan Copasa | El Digital de Asturias\" \/>\n\t\t<meta property=\"og:description\" content=\"El montaje de la v\u00eda en la l\u00ednea de Alta Velocidad (AVE) entre La Meca y Media est\u00e1 &quot;acabado y cobrado&quot; en entre un 85% y un 90% del total de 450 kil\u00f3metros de longitud que presenta este corredor, seg\u00fan inform\u00f3 Copasa, uno de los miembros del consorcio contratista del proyecto encargado de estos trabajos.\" \/>\n\t\t<meta property=\"og:url\" content=\"https:\/\/eldigitaldeasturias.com\/magazine365\/el-montaje-de-via-del-ave-a-la-meca-esta-terminado-y-cobrado-en-el-90-del-trazado-segun-copasa\/\" \/>\n\t\t<meta property=\"og:image\" content=\"https:\/\/eldigitaldeasturias.com\/magazine365\/wp-content\/uploads\/2016\/06\/fotonoticia_20160613193147_800.jpg\" \/>\n\t\t<meta property=\"og:image:secure_url\" content=\"https:\/\/eldigitaldeasturias.com\/magazine365\/wp-content\/uploads\/2016\/06\/fotonoticia_20160613193147_800.jpg\" \/>\n\t\t<meta property=\"og:image:width\" content=\"800\" \/>\n\t\t<meta property=\"og:image:height\" content=\"514\" \/>\n\t\t<meta property=\"article:published_time\" content=\"2016-06-13T19:47:09+00:00\" \/>\n\t\t<meta property=\"article:modified_time\" content=\"2016-06-13T19:47:09+00:00\" \/>\n\t\t<meta name=\"twitter:card\" content=\"summary_large_image\" \/>\n\t\t<meta name=\"twitter:title\" content=\"El montaje de v\u00eda del AVE a La Meca est\u00e1 \u00abterminado y cobrado\u00bb en el 90% del trazado, seg\u00fan Copasa | El Digital de Asturias\" \/>\n\t\t<meta name=\"twitter:description\" content=\"El montaje de la v\u00eda en la l\u00ednea de Alta Velocidad (AVE) entre La Meca y Media est\u00e1 &quot;acabado y cobrado&quot; en entre un 85% y un 90% del total de 450 kil\u00f3metros de longitud que presenta este corredor, seg\u00fan inform\u00f3 Copasa, uno de los miembros del consorcio contratista del proyecto encargado de estos trabajos.\" \/>\n\t\t<meta name=\"twitter:image\" content=\"https:\/\/eldigitaldeasturias.com\/magazine365\/wp-content\/uploads\/2016\/06\/fotonoticia_20160613193147_800.jpg\" \/>\n\t\t<script type=\"application\/ld+json\" class=\"aioseo-schema\">\n\t\t\t{\"@context\":\"https:\\\/\\\/schema.org\",\"@graph\":[{\"@type\":\"Article\",\"@id\":\"https:\\\/\\\/eldigitaldeasturias.com\\\/magazine365\\\/el-montaje-de-via-del-ave-a-la-meca-esta-terminado-y-cobrado-en-el-90-del-trazado-segun-copasa\\\/#article\",\"name\":\"El montaje de v\\u00eda del AVE a La Meca est\\u00e1 \\u00abterminado y cobrado\\u00bb en el 90% del trazado, seg\\u00fan Copasa | El Digital de Asturias\",\"headline\":\"El montaje de v\\u00eda del AVE a La Meca est\\u00e1 \\u00abterminado y cobrado\\u00bb en el 90% del trazado, seg\\u00fan Copasa\",\"author\":{\"@id\":\"https:\\\/\\\/eldigitaldeasturias.com\\\/magazine365\\\/author\\\/admin\\\/#author\"},\"publisher\":{\"@id\":\"https:\\\/\\\/eldigitaldeasturias.com\\\/magazine365\\\/#organization\"},\"image\":{\"@type\":\"ImageObject\",\"url\":\"https:\\\/\\\/eldigitaldeasturias.com\\\/magazine365\\\/wp-content\\\/uploads\\\/2016\\\/06\\\/fotonoticia_20160613193147_800.jpg\",\"width\":800,\"height\":514},\"datePublished\":\"2016-06-13T21:47:09+02:00\",\"dateModified\":\"2016-06-13T21:47:09+02:00\",\"inLanguage\":\"es-ES\",\"mainEntityOfPage\":{\"@id\":\"https:\\\/\\\/eldigitaldeasturias.com\\\/magazine365\\\/el-montaje-de-via-del-ave-a-la-meca-esta-terminado-y-cobrado-en-el-90-del-trazado-segun-copasa\\\/#webpage\"},\"isPartOf\":{\"@id\":\"https:\\\/\\\/eldigitaldeasturias.com\\\/magazine365\\\/el-montaje-de-via-del-ave-a-la-meca-esta-terminado-y-cobrado-en-el-90-del-trazado-segun-copasa\\\/#webpage\"},\"articleSection\":\"Noticias y Actualidad\"},{\"@type\":\"BreadcrumbList\",\"@id\":\"https:\\\/\\\/eldigitaldeasturias.com\\\/magazine365\\\/el-montaje-de-via-del-ave-a-la-meca-esta-terminado-y-cobrado-en-el-90-del-trazado-segun-copasa\\\/#breadcrumblist\",\"itemListElement\":[{\"@type\":\"ListItem\",\"@id\":\"https:\\\/\\\/eldigitaldeasturias.com\\\/magazine365#listItem\",\"position\":1,\"name\":\"Home\",\"item\":\"https:\\\/\\\/eldigitaldeasturias.com\\\/magazine365\",\"nextItem\":{\"@type\":\"ListItem\",\"@id\":\"https:\\\/\\\/eldigitaldeasturias.com\\\/magazine365\\\/category\\\/noticias-actualidad\\\/#listItem\",\"name\":\"Noticias y Actualidad\"}},{\"@type\":\"ListItem\",\"@id\":\"https:\\\/\\\/eldigitaldeasturias.com\\\/magazine365\\\/category\\\/noticias-actualidad\\\/#listItem\",\"position\":2,\"name\":\"Noticias y Actualidad\",\"item\":\"https:\\\/\\\/eldigitaldeasturias.com\\\/magazine365\\\/category\\\/noticias-actualidad\\\/\",\"nextItem\":{\"@type\":\"ListItem\",\"@id\":\"https:\\\/\\\/eldigitaldeasturias.com\\\/magazine365\\\/el-montaje-de-via-del-ave-a-la-meca-esta-terminado-y-cobrado-en-el-90-del-trazado-segun-copasa\\\/#listItem\",\"name\":\"El montaje de v\\u00eda del AVE a La Meca est\\u00e1 \\u00abterminado y cobrado\\u00bb en el 90% del trazado, seg\\u00fan Copasa\"},\"previousItem\":{\"@type\":\"ListItem\",\"@id\":\"https:\\\/\\\/eldigitaldeasturias.com\\\/magazine365#listItem\",\"name\":\"Home\"}},{\"@type\":\"ListItem\",\"@id\":\"https:\\\/\\\/eldigitaldeasturias.com\\\/magazine365\\\/el-montaje-de-via-del-ave-a-la-meca-esta-terminado-y-cobrado-en-el-90-del-trazado-segun-copasa\\\/#listItem\",\"position\":3,\"name\":\"El montaje de v\\u00eda del AVE a La Meca est\\u00e1 \\u00abterminado y cobrado\\u00bb en el 90% del trazado, seg\\u00fan Copasa\",\"previousItem\":{\"@type\":\"ListItem\",\"@id\":\"https:\\\/\\\/eldigitaldeasturias.com\\\/magazine365\\\/category\\\/noticias-actualidad\\\/#listItem\",\"name\":\"Noticias y Actualidad\"}}]},{\"@type\":\"Organization\",\"@id\":\"https:\\\/\\\/eldigitaldeasturias.com\\\/magazine365\\\/#organization\",\"name\":\"El digital de Asturias\",\"description\":\"Revista de ocio, turismo y estilo de vida\",\"url\":\"https:\\\/\\\/eldigitaldeasturias.com\\\/magazine365\\\/\",\"logo\":{\"@type\":\"ImageObject\",\"url\":\"https:\\\/\\\/www.eldigitaldeasturias.com\\\/noticias\\\/wp-content\\\/uploads\\\/2020\\\/12\\\/EDA.jpg\",\"@id\":\"https:\\\/\\\/eldigitaldeasturias.com\\\/magazine365\\\/el-montaje-de-via-del-ave-a-la-meca-esta-terminado-y-cobrado-en-el-90-del-trazado-segun-copasa\\\/#organizationLogo\"},\"image\":{\"@id\":\"https:\\\/\\\/eldigitaldeasturias.com\\\/magazine365\\\/el-montaje-de-via-del-ave-a-la-meca-esta-terminado-y-cobrado-en-el-90-del-trazado-segun-copasa\\\/#organizationLogo\"}},{\"@type\":\"Person\",\"@id\":\"https:\\\/\\\/eldigitaldeasturias.com\\\/magazine365\\\/author\\\/admin\\\/#author\",\"url\":\"https:\\\/\\\/eldigitaldeasturias.com\\\/magazine365\\\/author\\\/admin\\\/\",\"name\":\"admin\",\"image\":{\"@type\":\"ImageObject\",\"@id\":\"https:\\\/\\\/eldigitaldeasturias.com\\\/magazine365\\\/el-montaje-de-via-del-ave-a-la-meca-esta-terminado-y-cobrado-en-el-90-del-trazado-segun-copasa\\\/#authorImage\",\"url\":\"https:\\\/\\\/eldigitaldeasturias.com\\\/magazine365\\\/wp-content\\\/litespeed\\\/avatar\\\/e571bcf59a0edd6fa6838245a470f2fe.jpg?ver=1776969259\",\"width\":96,\"height\":96,\"caption\":\"admin\"}},{\"@type\":\"WebPage\",\"@id\":\"https:\\\/\\\/eldigitaldeasturias.com\\\/magazine365\\\/el-montaje-de-via-del-ave-a-la-meca-esta-terminado-y-cobrado-en-el-90-del-trazado-segun-copasa\\\/#webpage\",\"url\":\"https:\\\/\\\/eldigitaldeasturias.com\\\/magazine365\\\/el-montaje-de-via-del-ave-a-la-meca-esta-terminado-y-cobrado-en-el-90-del-trazado-segun-copasa\\\/\",\"name\":\"El montaje de v\\u00eda del AVE a La Meca est\\u00e1 \\u00abterminado y cobrado\\u00bb en el 90% del trazado, seg\\u00fan Copasa | El Digital de Asturias\",\"description\":\"El montaje de la v\\u00eda en la l\\u00ednea de Alta Velocidad (AVE) entre La Meca y Media est\\u00e1 \\\"acabado y cobrado\\\" en entre un 85% y un 90% del total de 450 kil\\u00f3metros de longitud que presenta este corredor, seg\\u00fan inform\\u00f3 Copasa, uno de los miembros del consorcio contratista del proyecto encargado de estos trabajos.\",\"inLanguage\":\"es-ES\",\"isPartOf\":{\"@id\":\"https:\\\/\\\/eldigitaldeasturias.com\\\/magazine365\\\/#website\"},\"breadcrumb\":{\"@id\":\"https:\\\/\\\/eldigitaldeasturias.com\\\/magazine365\\\/el-montaje-de-via-del-ave-a-la-meca-esta-terminado-y-cobrado-en-el-90-del-trazado-segun-copasa\\\/#breadcrumblist\"},\"author\":{\"@id\":\"https:\\\/\\\/eldigitaldeasturias.com\\\/magazine365\\\/author\\\/admin\\\/#author\"},\"creator\":{\"@id\":\"https:\\\/\\\/eldigitaldeasturias.com\\\/magazine365\\\/author\\\/admin\\\/#author\"},\"image\":{\"@type\":\"ImageObject\",\"url\":\"https:\\\/\\\/eldigitaldeasturias.com\\\/magazine365\\\/wp-content\\\/uploads\\\/2016\\\/06\\\/fotonoticia_20160613193147_800.jpg\",\"@id\":\"https:\\\/\\\/eldigitaldeasturias.com\\\/magazine365\\\/el-montaje-de-via-del-ave-a-la-meca-esta-terminado-y-cobrado-en-el-90-del-trazado-segun-copasa\\\/#mainImage\",\"width\":800,\"height\":514},\"primaryImageOfPage\":{\"@id\":\"https:\\\/\\\/eldigitaldeasturias.com\\\/magazine365\\\/el-montaje-de-via-del-ave-a-la-meca-esta-terminado-y-cobrado-en-el-90-del-trazado-segun-copasa\\\/#mainImage\"},\"datePublished\":\"2016-06-13T21:47:09+02:00\",\"dateModified\":\"2016-06-13T21:47:09+02:00\"},{\"@type\":\"WebSite\",\"@id\":\"https:\\\/\\\/eldigitaldeasturias.com\\\/magazine365\\\/#website\",\"url\":\"https:\\\/\\\/eldigitaldeasturias.com\\\/magazine365\\\/\",\"name\":\"El Digital de Asturias\",\"description\":\"Revista de ocio, turismo y estilo de vida\",\"inLanguage\":\"es-ES\",\"publisher\":{\"@id\":\"https:\\\/\\\/eldigitaldeasturias.com\\\/magazine365\\\/#organization\"}}]}\n\t\t<\/script>\n\t\t<!-- All in One SEO Pro -->\r\n\t\t<title>El montaje de v\u00eda del AVE a La Meca est\u00e1 \u00abterminado y cobrado\u00bb en el 90% del trazado, seg\u00fan Copasa | El Digital de Asturias<\/title>\n\n","aioseo_head_json":{"title":"El montaje de v\u00eda del AVE a La Meca est\u00e1 \u00abterminado y cobrado\u00bb en el 90% del trazado, seg\u00fan Copasa | El Digital de Asturias","description":"El montaje de la v\u00eda en la l\u00ednea de Alta Velocidad (AVE) entre La Meca y Media est\u00e1 \"acabado y cobrado\" en entre un 85% y un 90% del total de 450 kil\u00f3metros de longitud que presenta este corredor, seg\u00fan inform\u00f3 Copasa, uno de los miembros del consorcio contratista del proyecto encargado de estos trabajos.","canonical_url":"https:\/\/eldigitaldeasturias.com\/magazine365\/el-montaje-de-via-del-ave-a-la-meca-esta-terminado-y-cobrado-en-el-90-del-trazado-segun-copasa\/","robots":"max-image-preview:large","keywords":"noticias y actualidad","webmasterTools":{"google-site-verification":"UA-38556648-1","miscellaneous":""},"schema":{"@context":"https:\/\/schema.org","@graph":[{"@type":"Article","@id":"https:\/\/eldigitaldeasturias.com\/magazine365\/el-montaje-de-via-del-ave-a-la-meca-esta-terminado-y-cobrado-en-el-90-del-trazado-segun-copasa\/#article","name":"El montaje de v\u00eda del AVE a La Meca est\u00e1 \u00abterminado y cobrado\u00bb en el 90% del trazado, seg\u00fan Copasa | El Digital de Asturias","headline":"El montaje de v\u00eda del AVE a La Meca est\u00e1 \u00abterminado y cobrado\u00bb en el 90% del trazado, seg\u00fan Copasa","author":{"@id":"https:\/\/eldigitaldeasturias.com\/magazine365\/author\/admin\/#author"},"publisher":{"@id":"https:\/\/eldigitaldeasturias.com\/magazine365\/#organization"},"image":{"@type":"ImageObject","url":"https:\/\/eldigitaldeasturias.com\/magazine365\/wp-content\/uploads\/2016\/06\/fotonoticia_20160613193147_800.jpg","width":800,"height":514},"datePublished":"2016-06-13T21:47:09+02:00","dateModified":"2016-06-13T21:47:09+02:00","inLanguage":"es-ES","mainEntityOfPage":{"@id":"https:\/\/eldigitaldeasturias.com\/magazine365\/el-montaje-de-via-del-ave-a-la-meca-esta-terminado-y-cobrado-en-el-90-del-trazado-segun-copasa\/#webpage"},"isPartOf":{"@id":"https:\/\/eldigitaldeasturias.com\/magazine365\/el-montaje-de-via-del-ave-a-la-meca-esta-terminado-y-cobrado-en-el-90-del-trazado-segun-copasa\/#webpage"},"articleSection":"Noticias y Actualidad"},{"@type":"BreadcrumbList","@id":"https:\/\/eldigitaldeasturias.com\/magazine365\/el-montaje-de-via-del-ave-a-la-meca-esta-terminado-y-cobrado-en-el-90-del-trazado-segun-copasa\/#breadcrumblist","itemListElement":[{"@type":"ListItem","@id":"https:\/\/eldigitaldeasturias.com\/magazine365#listItem","position":1,"name":"Home","item":"https:\/\/eldigitaldeasturias.com\/magazine365","nextItem":{"@type":"ListItem","@id":"https:\/\/eldigitaldeasturias.com\/magazine365\/category\/noticias-actualidad\/#listItem","name":"Noticias y Actualidad"}},{"@type":"ListItem","@id":"https:\/\/eldigitaldeasturias.com\/magazine365\/category\/noticias-actualidad\/#listItem","position":2,"name":"Noticias y Actualidad","item":"https:\/\/eldigitaldeasturias.com\/magazine365\/category\/noticias-actualidad\/","nextItem":{"@type":"ListItem","@id":"https:\/\/eldigitaldeasturias.com\/magazine365\/el-montaje-de-via-del-ave-a-la-meca-esta-terminado-y-cobrado-en-el-90-del-trazado-segun-copasa\/#listItem","name":"El montaje de v\u00eda del AVE a La Meca est\u00e1 \u00abterminado y cobrado\u00bb en el 90% del trazado, seg\u00fan Copasa"},"previousItem":{"@type":"ListItem","@id":"https:\/\/eldigitaldeasturias.com\/magazine365#listItem","name":"Home"}},{"@type":"ListItem","@id":"https:\/\/eldigitaldeasturias.com\/magazine365\/el-montaje-de-via-del-ave-a-la-meca-esta-terminado-y-cobrado-en-el-90-del-trazado-segun-copasa\/#listItem","position":3,"name":"El montaje de v\u00eda del AVE a La Meca est\u00e1 \u00abterminado y cobrado\u00bb en el 90% del trazado, seg\u00fan Copasa","previousItem":{"@type":"ListItem","@id":"https:\/\/eldigitaldeasturias.com\/magazine365\/category\/noticias-actualidad\/#listItem","name":"Noticias y Actualidad"}}]},{"@type":"Organization","@id":"https:\/\/eldigitaldeasturias.com\/magazine365\/#organization","name":"El digital de Asturias","description":"Revista de ocio, turismo y estilo de vida","url":"https:\/\/eldigitaldeasturias.com\/magazine365\/","logo":{"@type":"ImageObject","url":"https:\/\/www.eldigitaldeasturias.com\/noticias\/wp-content\/uploads\/2020\/12\/EDA.jpg","@id":"https:\/\/eldigitaldeasturias.com\/magazine365\/el-montaje-de-via-del-ave-a-la-meca-esta-terminado-y-cobrado-en-el-90-del-trazado-segun-copasa\/#organizationLogo"},"image":{"@id":"https:\/\/eldigitaldeasturias.com\/magazine365\/el-montaje-de-via-del-ave-a-la-meca-esta-terminado-y-cobrado-en-el-90-del-trazado-segun-copasa\/#organizationLogo"}},{"@type":"Person","@id":"https:\/\/eldigitaldeasturias.com\/magazine365\/author\/admin\/#author","url":"https:\/\/eldigitaldeasturias.com\/magazine365\/author\/admin\/","name":"admin","image":{"@type":"ImageObject","@id":"https:\/\/eldigitaldeasturias.com\/magazine365\/el-montaje-de-via-del-ave-a-la-meca-esta-terminado-y-cobrado-en-el-90-del-trazado-segun-copasa\/#authorImage","url":"https:\/\/eldigitaldeasturias.com\/magazine365\/wp-content\/litespeed\/avatar\/e571bcf59a0edd6fa6838245a470f2fe.jpg?ver=1776969259","width":96,"height":96,"caption":"admin"}},{"@type":"WebPage","@id":"https:\/\/eldigitaldeasturias.com\/magazine365\/el-montaje-de-via-del-ave-a-la-meca-esta-terminado-y-cobrado-en-el-90-del-trazado-segun-copasa\/#webpage","url":"https:\/\/eldigitaldeasturias.com\/magazine365\/el-montaje-de-via-del-ave-a-la-meca-esta-terminado-y-cobrado-en-el-90-del-trazado-segun-copasa\/","name":"El montaje de v\u00eda del AVE a La Meca est\u00e1 \u00abterminado y cobrado\u00bb en el 90% del trazado, seg\u00fan Copasa | El Digital de Asturias","description":"El montaje de la v\u00eda en la l\u00ednea de Alta Velocidad (AVE) entre La Meca y Media est\u00e1 \"acabado y cobrado\" en entre un 85% y un 90% del total de 450 kil\u00f3metros de longitud que presenta este corredor, seg\u00fan inform\u00f3 Copasa, uno de los miembros del consorcio contratista del proyecto encargado de estos trabajos.","inLanguage":"es-ES","isPartOf":{"@id":"https:\/\/eldigitaldeasturias.com\/magazine365\/#website"},"breadcrumb":{"@id":"https:\/\/eldigitaldeasturias.com\/magazine365\/el-montaje-de-via-del-ave-a-la-meca-esta-terminado-y-cobrado-en-el-90-del-trazado-segun-copasa\/#breadcrumblist"},"author":{"@id":"https:\/\/eldigitaldeasturias.com\/magazine365\/author\/admin\/#author"},"creator":{"@id":"https:\/\/eldigitaldeasturias.com\/magazine365\/author\/admin\/#author"},"image":{"@type":"ImageObject","url":"https:\/\/eldigitaldeasturias.com\/magazine365\/wp-content\/uploads\/2016\/06\/fotonoticia_20160613193147_800.jpg","@id":"https:\/\/eldigitaldeasturias.com\/magazine365\/el-montaje-de-via-del-ave-a-la-meca-esta-terminado-y-cobrado-en-el-90-del-trazado-segun-copasa\/#mainImage","width":800,"height":514},"primaryImageOfPage":{"@id":"https:\/\/eldigitaldeasturias.com\/magazine365\/el-montaje-de-via-del-ave-a-la-meca-esta-terminado-y-cobrado-en-el-90-del-trazado-segun-copasa\/#mainImage"},"datePublished":"2016-06-13T21:47:09+02:00","dateModified":"2016-06-13T21:47:09+02:00"},{"@type":"WebSite","@id":"https:\/\/eldigitaldeasturias.com\/magazine365\/#website","url":"https:\/\/eldigitaldeasturias.com\/magazine365\/","name":"El Digital de Asturias","description":"Revista de ocio, turismo y estilo de vida","inLanguage":"es-ES","publisher":{"@id":"https:\/\/eldigitaldeasturias.com\/magazine365\/#organization"}}]},"og:locale":"es_ES","og:site_name":"El Digital de Asturias \u2013 Revista de ocio, turismo y estilo de vida","og:type":"article","og:title":"El montaje de v\u00eda del AVE a La Meca est\u00e1 \u00abterminado y cobrado\u00bb en el 90% del trazado, seg\u00fan Copasa | El Digital de Asturias","og:description":"El montaje de la v\u00eda en la l\u00ednea de Alta Velocidad (AVE) entre La Meca y Media est\u00e1 &quot;acabado y cobrado&quot; en entre un 85% y un 90% del total de 450 kil\u00f3metros de longitud que presenta este corredor, seg\u00fan inform\u00f3 Copasa, uno de los miembros del consorcio contratista del proyecto encargado de estos trabajos.","og:url":"https:\/\/eldigitaldeasturias.com\/magazine365\/el-montaje-de-via-del-ave-a-la-meca-esta-terminado-y-cobrado-en-el-90-del-trazado-segun-copasa\/","og:image":"https:\/\/eldigitaldeasturias.com\/magazine365\/wp-content\/uploads\/2016\/06\/fotonoticia_20160613193147_800.jpg","og:image:secure_url":"https:\/\/eldigitaldeasturias.com\/magazine365\/wp-content\/uploads\/2016\/06\/fotonoticia_20160613193147_800.jpg","og:image:width":800,"og:image:height":514,"article:published_time":"2016-06-13T19:47:09+00:00","article:modified_time":"2016-06-13T19:47:09+00:00","twitter:card":"summary_large_image","twitter:title":"El montaje de v\u00eda del AVE a La Meca est\u00e1 \u00abterminado y cobrado\u00bb en el 90% del trazado, seg\u00fan Copasa | El Digital de Asturias","twitter:description":"El montaje de la v\u00eda en la l\u00ednea de Alta Velocidad (AVE) entre La Meca y Media est\u00e1 &quot;acabado y cobrado&quot; en entre un 85% y un 90% del total de 450 kil\u00f3metros de longitud que presenta este corredor, seg\u00fan inform\u00f3 Copasa, uno de los miembros del consorcio contratista del proyecto encargado de estos trabajos.","twitter:image":"https:\/\/eldigitaldeasturias.com\/magazine365\/wp-content\/uploads\/2016\/06\/fotonoticia_20160613193147_800.jpg"},"aioseo_meta_data":{"post_id":"79060","title":null,"description":null,"keywords":null,"keyphrases":null,"primary_term":null,"canonical_url":null,"og_title":null,"og_description":null,"og_object_type":"default","og_image_type":"default","og_image_url":null,"og_image_width":null,"og_image_height":null,"og_image_custom_url":null,"og_image_custom_fields":null,"og_video":null,"og_custom_url":null,"og_article_section":null,"og_article_tags":null,"twitter_use_og":false,"twitter_card":"default","twitter_image_type":"default","twitter_image_url":null,"twitter_image_custom_url":null,"twitter_image_custom_fields":null,"twitter_title":null,"twitter_description":null,"schema":{"blockGraphs":[],"customGraphs":[],"default":{"data":{"Article":[],"Course":[],"Dataset":[],"FAQPage":[],"Movie":[],"Person":[],"Product":[],"ProductReview":[],"Car":[],"Recipe":[],"Service":[],"SoftwareApplication":[],"WebPage":[]},"graphName":"","isEnabled":true},"graphs":[],"defaultGraph":"","defaultPostTypeGraph":""},"schema_type":null,"schema_type_options":null,"pillar_content":false,"robots_default":true,"robots_noindex":false,"robots_noarchive":false,"robots_nosnippet":false,"robots_nofollow":false,"robots_noimageindex":false,"robots_noodp":false,"robots_notranslate":false,"robots_max_snippet":null,"robots_max_videopreview":null,"robots_max_imagepreview":"large","priority":null,"frequency":null,"location":null,"local_seo":null,"seo_analyzer_scan_date":"2025-09-27 18:08:55","breadcrumb_settings":null,"limit_modified_date":false,"open_ai":null,"ai":null,"created":"2021-03-08 17:53:10","updated":"2025-09-27 18:08:55"},"aioseo_breadcrumb":"<div class=\"aioseo-breadcrumbs\"><span class=\"aioseo-breadcrumb\">\n\t<a href=\"https:\/\/eldigitaldeasturias.com\/magazine365\" title=\"Home\">Home<\/a>\n<\/span><span class=\"aioseo-breadcrumb-separator\">\u2013<\/span><span class=\"aioseo-breadcrumb\">\n\t<a href=\"https:\/\/eldigitaldeasturias.com\/magazine365\/category\/noticias-actualidad\/\" title=\"Noticias y Actualidad\">Noticias y Actualidad<\/a>\n<\/span><span class=\"aioseo-breadcrumb-separator\">\u2013<\/span><span class=\"aioseo-breadcrumb\">\n\t<a href=\"https:\/\/eldigitaldeasturias.com\/magazine365\/el-montaje-de-via-del-ave-a-la-meca-esta-terminado-y-cobrado-en-el-90-del-trazado-segun-copasa\/\" title=\"El montaje de v\u00eda del AVE a La Meca est\u00e1 \u00abterminado y cobrado\u00bb en el 90% del trazado, seg\u00fan Copasa\">El montaje de v\u00eda del AVE a La Meca est\u00e1 \u00abterminado y cobrado\u00bb en el 90% del trazado, seg\u00fan Copasa<\/a>\n<\/span><\/div>","aioseo_breadcrumb_json":[{"label":"Home","link":"https:\/\/eldigitaldeasturias.com\/magazine365"},{"label":"Noticias y Actualidad","link":"https:\/\/eldigitaldeasturias.com\/magazine365\/category\/noticias-actualidad\/"},{"label":"El montaje de v\u00eda del AVE a La Meca est\u00e1 \u00abterminado y cobrado\u00bb en el 90% del trazado, seg\u00fan Copasa","link":"https:\/\/eldigitaldeasturias.com\/magazine365\/el-montaje-de-via-del-ave-a-la-meca-esta-terminado-y-cobrado-en-el-90-del-trazado-segun-copasa\/"}],"_links":{"self":[{"href":"https:\/\/eldigitaldeasturias.com\/magazine365\/wp-json\/wp\/v2\/posts\/79060","targetHints":{"allow":["GET"]}}],"collection":[{"href":"https:\/\/eldigitaldeasturias.com\/magazine365\/wp-json\/wp\/v2\/posts"}],"about":[{"href":"https:\/\/eldigitaldeasturias.com\/magazine365\/wp-json\/wp\/v2\/types\/post"}],"author":[{"embeddable":true,"href":"https:\/\/eldigitaldeasturias.com\/magazine365\/wp-json\/wp\/v2\/users\/1"}],"replies":[{"embeddable":true,"href":"https:\/\/eldigitaldeasturias.com\/magazine365\/wp-json\/wp\/v2\/comments?post=79060"}],"version-history":[{"count":0,"href":"https:\/\/eldigitaldeasturias.com\/magazine365\/wp-json\/wp\/v2\/posts\/79060\/revisions"}],"wp:featuredmedia":[{"embeddable":true,"href":"https:\/\/eldigitaldeasturias.com\/magazine365\/wp-json\/wp\/v2\/media\/79061"}],"wp:attachment":[{"href":"https:\/\/eldigitaldeasturias.com\/magazine365\/wp-json\/wp\/v2\/media?parent=79060"}],"wp:term":[{"taxonomy":"category","embeddable":true,"href":"https:\/\/eldigitaldeasturias.com\/magazine365\/wp-json\/wp\/v2\/categories?post=79060"},{"taxonomy":"post_tag","embeddable":true,"href":"https:\/\/eldigitaldeasturias.com\/magazine365\/wp-json\/wp\/v2\/tags?post=79060"}],"curies":[{"name":"wp","href":"https:\/\/api.w.org\/{rel}","templated":true}]}}