{"id":79056,"date":"2016-06-13T21:43:07","date_gmt":"2016-06-13T19:43:07","guid":{"rendered":"http:\/\/eldigitaldeasturias.com\/magazine365\/?p=79056"},"modified":"2016-06-13T21:43:07","modified_gmt":"2016-06-13T19:43:07","slug":"uber-estima-que-liberalizar-el-sector-del-taxi-generaria-30-000-empleos","status":"publish","type":"post","link":"https:\/\/eldigitaldeasturias.com\/magazine365\/uber-estima-que-liberalizar-el-sector-del-taxi-generaria-30-000-empleos\/","title":{"rendered":"Uber estima que liberalizar el sector del taxi generar\u00eda 30.000 empleos"},"content":{"rendered":"<p>El director general de Uber en el Sur de Europa, Carles Lloret, ha lamentado que el sector del taxi sea un mercado \u00abmuy regulado y muy restringido\u00bb y ha estimado que si se liberalizara el sector se generar\u00edan 324 millones al a\u00f1o y se impulsar\u00edan 30.000 licencias para conductores profesionales en 2019.<\/p>\n<p>\u00abHay suficiente viento que indica que este mercado debe regularse. De no prohibir, sino de regularse\u00bb, ha reclamado, para despu\u00e9s reivindicar que los consumidores y conductores que utilizan Uber tambi\u00e9n pagan impuestos.<\/p>\n<p>En su intervenci\u00f3n en los cursos de verano organizados por BBVA, la Asociaci\u00f3n de Periodistas de Informaci\u00f3n Econ\u00f3mica (APIE) y la Universidad Internacional Men\u00e9ndez Pelayo, Lloret ha concretado que Uber cobra un 25% de comisi\u00f3n, la que ha justificado porque se repercute casi en su totalidad en la tecnolog\u00eda necesaria para mejorar y mantener la aplicaci\u00f3n.<\/p>\n<p>En concreto, ha apuntado que en Madrid existen 1.600 licencias para ofrecer servicios de transporte de personas, 500 en M\u00e1laga y 400 en Barcelona. A pesar de que en el resto de ciudades se demanda los servicios de Uber, ha lamentado que las restricciones de licencias complican el desarrollo de la aplicaci\u00f3n en otra ciudades m\u00e1s all\u00e1 de Madrid. En este sentido, ha lamentado que la Ley en Espa\u00f1a fije que s\u00f3lo se puede conceder una licencia por cada 30 taxis, lo que complica el desarrollo de Uber.<\/p>\n<p>El director general de Uber ha focalizado la estrategia de la compa\u00f1\u00eda en Madrid y ha emplazado al pr\u00f3ximo Gobierno tras el 26-J para intentar impulsar un cambio en la regulaci\u00f3n nacional. Lloret ha descartado que en el corto plazo Uber, que presta servicios desde Holanda y tributa en dicho pa\u00eds, traslade su sede fiscal a Espa\u00f1a.<\/p>\n<p>Preguntado sobre cu\u00e1nto dinero gana la aplicaci\u00f3n en Espa\u00f1a, se ha limitado a se\u00f1alar que falta \u00abmuy poco tiempo\u00bb para que la compa\u00f1\u00eda sea rentable en Madrid, pese a que el mercado est\u00e1 limitado y no goza de todo su \u00abpotencial\u00bb.<\/p>\n<p>Lloret ha defendido que la aplicaci\u00f3n de Uber ha permitido a los conductores ganar igual o m\u00e1s dinero al elevar el tiempo de uso de su veh\u00edculo, lo que adem\u00e1s ha llevado aparejada una reducci\u00f3n en la tarifa a pagar por los usuarios.<\/p>\n","protected":false},"excerpt":{"rendered":"<p>El director general de Uber en el Sur de Europa, Carles Lloret, ha lamentado que el sector del taxi sea un mercado \u00abmuy regulado y muy restringido\u00bb y ha estimado que si se liberalizara el sector se generar\u00edan 324 millones al a\u00f1o y se impulsar\u00edan 30.000 licencias para conductores profesionales en 2019. \u00abHay suficiente viento<\/p>\n","protected":false},"author":1,"featured_media":38584,"comment_status":"open","ping_status":"closed","sticky":false,"template":"","format":"standard","meta":{"footnotes":""},"categories":[224],"tags":[],"class_list":{"0":"post-79056","1":"post","2":"type-post","3":"status-publish","4":"format-standard","5":"has-post-thumbnail","7":"category-noticias-actualidad"},"aioseo_notices":[],"aioseo_head":"\n\t\t<!-- All in One SEO Pro 4.9.6.1 - aioseo.com -->\n\t<meta name=\"description\" content=\"El director general de Uber en el Sur de Europa, Carles Lloret, ha lamentado que el sector del taxi sea un mercado &quot;muy regulado y muy restringido&quot; y ha estimado que si se liberalizara el sector se generar\u00edan 324 millones al a\u00f1o y se impulsar\u00edan 30.000 licencias para conductores profesionales en 2019. &quot;Hay suficiente viento\" \/>\n\t<meta name=\"robots\" content=\"max-image-preview:large\" \/>\n\t<meta name=\"author\" content=\"admin\"\/>\n\t<meta name=\"google-site-verification\" content=\"UA-38556648-1\" \/>\n\t<meta name=\"keywords\" content=\"noticias y actualidad\" \/>\n\t<link rel=\"canonical\" href=\"https:\/\/eldigitaldeasturias.com\/magazine365\/uber-estima-que-liberalizar-el-sector-del-taxi-generaria-30-000-empleos\/\" \/>\n\t<meta name=\"generator\" content=\"All in One SEO Pro (AIOSEO) 4.9.6.1\" \/>\n\t\t<meta property=\"og:locale\" content=\"es_ES\" \/>\n\t\t<meta property=\"og:site_name\" content=\"El Digital de Asturias \u2013 Revista de ocio, turismo y estilo de vida\" \/>\n\t\t<meta property=\"og:type\" content=\"article\" \/>\n\t\t<meta property=\"og:title\" content=\"Uber estima que liberalizar el sector del taxi generar\u00eda 30.000 empleos | El Digital de Asturias\" \/>\n\t\t<meta property=\"og:description\" content=\"El director general de Uber en el Sur de Europa, Carles Lloret, ha lamentado que el sector del taxi sea un mercado &quot;muy regulado y muy restringido&quot; y ha estimado que si se liberalizara el sector se generar\u00edan 324 millones al a\u00f1o y se impulsar\u00edan 30.000 licencias para conductores profesionales en 2019. &quot;Hay suficiente viento\" \/>\n\t\t<meta property=\"og:url\" content=\"https:\/\/eldigitaldeasturias.com\/magazine365\/uber-estima-que-liberalizar-el-sector-del-taxi-generaria-30-000-empleos\/\" \/>\n\t\t<meta property=\"og:image\" content=\"https:\/\/eldigitaldeasturias.com\/magazine365\/wp-content\/uploads\/2015\/06\/carretera.jpg\" \/>\n\t\t<meta property=\"og:image:secure_url\" content=\"https:\/\/eldigitaldeasturias.com\/magazine365\/wp-content\/uploads\/2015\/06\/carretera.jpg\" \/>\n\t\t<meta property=\"og:image:width\" content=\"800\" \/>\n\t\t<meta property=\"og:image:height\" content=\"496\" \/>\n\t\t<meta property=\"article:published_time\" content=\"2016-06-13T19:43:07+00:00\" \/>\n\t\t<meta property=\"article:modified_time\" content=\"2016-06-13T19:43:07+00:00\" \/>\n\t\t<meta name=\"twitter:card\" content=\"summary_large_image\" \/>\n\t\t<meta name=\"twitter:title\" content=\"Uber estima que liberalizar el sector del taxi generar\u00eda 30.000 empleos | El Digital de Asturias\" \/>\n\t\t<meta name=\"twitter:description\" content=\"El director general de Uber en el Sur de Europa, Carles Lloret, ha lamentado que el sector del taxi sea un mercado &quot;muy regulado y muy restringido&quot; y ha estimado que si se liberalizara el sector se generar\u00edan 324 millones al a\u00f1o y se impulsar\u00edan 30.000 licencias para conductores profesionales en 2019. &quot;Hay suficiente viento\" \/>\n\t\t<meta name=\"twitter:image\" content=\"https:\/\/eldigitaldeasturias.com\/magazine365\/wp-content\/uploads\/2015\/06\/carretera.jpg\" \/>\n\t\t<script type=\"application\/ld+json\" class=\"aioseo-schema\">\n\t\t\t{\"@context\":\"https:\\\/\\\/schema.org\",\"@graph\":[{\"@type\":\"Article\",\"@id\":\"https:\\\/\\\/eldigitaldeasturias.com\\\/magazine365\\\/uber-estima-que-liberalizar-el-sector-del-taxi-generaria-30-000-empleos\\\/#article\",\"name\":\"Uber estima que liberalizar el sector del taxi generar\\u00eda 30.000 empleos | El Digital de Asturias\",\"headline\":\"Uber estima que liberalizar el sector del taxi generar\\u00eda 30.000 empleos\",\"author\":{\"@id\":\"https:\\\/\\\/eldigitaldeasturias.com\\\/magazine365\\\/author\\\/admin\\\/#author\"},\"publisher\":{\"@id\":\"https:\\\/\\\/eldigitaldeasturias.com\\\/magazine365\\\/#organization\"},\"image\":{\"@type\":\"ImageObject\",\"url\":\"https:\\\/\\\/eldigitaldeasturias.com\\\/magazine365\\\/wp-content\\\/uploads\\\/2015\\\/06\\\/carretera.jpg\",\"width\":800,\"height\":496},\"datePublished\":\"2016-06-13T21:43:07+02:00\",\"dateModified\":\"2016-06-13T21:43:07+02:00\",\"inLanguage\":\"es-ES\",\"mainEntityOfPage\":{\"@id\":\"https:\\\/\\\/eldigitaldeasturias.com\\\/magazine365\\\/uber-estima-que-liberalizar-el-sector-del-taxi-generaria-30-000-empleos\\\/#webpage\"},\"isPartOf\":{\"@id\":\"https:\\\/\\\/eldigitaldeasturias.com\\\/magazine365\\\/uber-estima-que-liberalizar-el-sector-del-taxi-generaria-30-000-empleos\\\/#webpage\"},\"articleSection\":\"Noticias y Actualidad\"},{\"@type\":\"BreadcrumbList\",\"@id\":\"https:\\\/\\\/eldigitaldeasturias.com\\\/magazine365\\\/uber-estima-que-liberalizar-el-sector-del-taxi-generaria-30-000-empleos\\\/#breadcrumblist\",\"itemListElement\":[{\"@type\":\"ListItem\",\"@id\":\"https:\\\/\\\/eldigitaldeasturias.com\\\/magazine365#listItem\",\"position\":1,\"name\":\"Home\",\"item\":\"https:\\\/\\\/eldigitaldeasturias.com\\\/magazine365\",\"nextItem\":{\"@type\":\"ListItem\",\"@id\":\"https:\\\/\\\/eldigitaldeasturias.com\\\/magazine365\\\/category\\\/noticias-actualidad\\\/#listItem\",\"name\":\"Noticias y Actualidad\"}},{\"@type\":\"ListItem\",\"@id\":\"https:\\\/\\\/eldigitaldeasturias.com\\\/magazine365\\\/category\\\/noticias-actualidad\\\/#listItem\",\"position\":2,\"name\":\"Noticias y Actualidad\",\"item\":\"https:\\\/\\\/eldigitaldeasturias.com\\\/magazine365\\\/category\\\/noticias-actualidad\\\/\",\"nextItem\":{\"@type\":\"ListItem\",\"@id\":\"https:\\\/\\\/eldigitaldeasturias.com\\\/magazine365\\\/uber-estima-que-liberalizar-el-sector-del-taxi-generaria-30-000-empleos\\\/#listItem\",\"name\":\"Uber estima que liberalizar el sector del taxi generar\\u00eda 30.000 empleos\"},\"previousItem\":{\"@type\":\"ListItem\",\"@id\":\"https:\\\/\\\/eldigitaldeasturias.com\\\/magazine365#listItem\",\"name\":\"Home\"}},{\"@type\":\"ListItem\",\"@id\":\"https:\\\/\\\/eldigitaldeasturias.com\\\/magazine365\\\/uber-estima-que-liberalizar-el-sector-del-taxi-generaria-30-000-empleos\\\/#listItem\",\"position\":3,\"name\":\"Uber estima que liberalizar el sector del taxi generar\\u00eda 30.000 empleos\",\"previousItem\":{\"@type\":\"ListItem\",\"@id\":\"https:\\\/\\\/eldigitaldeasturias.com\\\/magazine365\\\/category\\\/noticias-actualidad\\\/#listItem\",\"name\":\"Noticias y Actualidad\"}}]},{\"@type\":\"Organization\",\"@id\":\"https:\\\/\\\/eldigitaldeasturias.com\\\/magazine365\\\/#organization\",\"name\":\"El digital de Asturias\",\"description\":\"Revista de ocio, turismo y estilo de vida\",\"url\":\"https:\\\/\\\/eldigitaldeasturias.com\\\/magazine365\\\/\",\"logo\":{\"@type\":\"ImageObject\",\"url\":\"https:\\\/\\\/www.eldigitaldeasturias.com\\\/noticias\\\/wp-content\\\/uploads\\\/2020\\\/12\\\/EDA.jpg\",\"@id\":\"https:\\\/\\\/eldigitaldeasturias.com\\\/magazine365\\\/uber-estima-que-liberalizar-el-sector-del-taxi-generaria-30-000-empleos\\\/#organizationLogo\"},\"image\":{\"@id\":\"https:\\\/\\\/eldigitaldeasturias.com\\\/magazine365\\\/uber-estima-que-liberalizar-el-sector-del-taxi-generaria-30-000-empleos\\\/#organizationLogo\"}},{\"@type\":\"Person\",\"@id\":\"https:\\\/\\\/eldigitaldeasturias.com\\\/magazine365\\\/author\\\/admin\\\/#author\",\"url\":\"https:\\\/\\\/eldigitaldeasturias.com\\\/magazine365\\\/author\\\/admin\\\/\",\"name\":\"admin\",\"image\":{\"@type\":\"ImageObject\",\"@id\":\"https:\\\/\\\/eldigitaldeasturias.com\\\/magazine365\\\/uber-estima-que-liberalizar-el-sector-del-taxi-generaria-30-000-empleos\\\/#authorImage\",\"url\":\"https:\\\/\\\/eldigitaldeasturias.com\\\/magazine365\\\/wp-content\\\/litespeed\\\/avatar\\\/e571bcf59a0edd6fa6838245a470f2fe.jpg?ver=1776969259\",\"width\":96,\"height\":96,\"caption\":\"admin\"}},{\"@type\":\"WebPage\",\"@id\":\"https:\\\/\\\/eldigitaldeasturias.com\\\/magazine365\\\/uber-estima-que-liberalizar-el-sector-del-taxi-generaria-30-000-empleos\\\/#webpage\",\"url\":\"https:\\\/\\\/eldigitaldeasturias.com\\\/magazine365\\\/uber-estima-que-liberalizar-el-sector-del-taxi-generaria-30-000-empleos\\\/\",\"name\":\"Uber estima que liberalizar el sector del taxi generar\\u00eda 30.000 empleos | El Digital de Asturias\",\"description\":\"El director general de Uber en el Sur de Europa, Carles Lloret, ha lamentado que el sector del taxi sea un mercado \\\"muy regulado y muy restringido\\\" y ha estimado que si se liberalizara el sector se generar\\u00edan 324 millones al a\\u00f1o y se impulsar\\u00edan 30.000 licencias para conductores profesionales en 2019. \\\"Hay suficiente viento\",\"inLanguage\":\"es-ES\",\"isPartOf\":{\"@id\":\"https:\\\/\\\/eldigitaldeasturias.com\\\/magazine365\\\/#website\"},\"breadcrumb\":{\"@id\":\"https:\\\/\\\/eldigitaldeasturias.com\\\/magazine365\\\/uber-estima-que-liberalizar-el-sector-del-taxi-generaria-30-000-empleos\\\/#breadcrumblist\"},\"author\":{\"@id\":\"https:\\\/\\\/eldigitaldeasturias.com\\\/magazine365\\\/author\\\/admin\\\/#author\"},\"creator\":{\"@id\":\"https:\\\/\\\/eldigitaldeasturias.com\\\/magazine365\\\/author\\\/admin\\\/#author\"},\"image\":{\"@type\":\"ImageObject\",\"url\":\"https:\\\/\\\/eldigitaldeasturias.com\\\/magazine365\\\/wp-content\\\/uploads\\\/2015\\\/06\\\/carretera.jpg\",\"@id\":\"https:\\\/\\\/eldigitaldeasturias.com\\\/magazine365\\\/uber-estima-que-liberalizar-el-sector-del-taxi-generaria-30-000-empleos\\\/#mainImage\",\"width\":800,\"height\":496},\"primaryImageOfPage\":{\"@id\":\"https:\\\/\\\/eldigitaldeasturias.com\\\/magazine365\\\/uber-estima-que-liberalizar-el-sector-del-taxi-generaria-30-000-empleos\\\/#mainImage\"},\"datePublished\":\"2016-06-13T21:43:07+02:00\",\"dateModified\":\"2016-06-13T21:43:07+02:00\"},{\"@type\":\"WebSite\",\"@id\":\"https:\\\/\\\/eldigitaldeasturias.com\\\/magazine365\\\/#website\",\"url\":\"https:\\\/\\\/eldigitaldeasturias.com\\\/magazine365\\\/\",\"name\":\"El Digital de Asturias\",\"description\":\"Revista de ocio, turismo y estilo de vida\",\"inLanguage\":\"es-ES\",\"publisher\":{\"@id\":\"https:\\\/\\\/eldigitaldeasturias.com\\\/magazine365\\\/#organization\"}}]}\n\t\t<\/script>\n\t\t<!-- All in One SEO Pro -->\r\n\t\t<title>Uber estima que liberalizar el sector del taxi generar\u00eda 30.000 empleos | El Digital de Asturias<\/title>\n\n","aioseo_head_json":{"title":"Uber estima que liberalizar el sector del taxi generar\u00eda 30.000 empleos | El Digital de Asturias","description":"El director general de Uber en el Sur de Europa, Carles Lloret, ha lamentado que el sector del taxi sea un mercado \"muy regulado y muy restringido\" y ha estimado que si se liberalizara el sector se generar\u00edan 324 millones al a\u00f1o y se impulsar\u00edan 30.000 licencias para conductores profesionales en 2019. \"Hay suficiente viento","canonical_url":"https:\/\/eldigitaldeasturias.com\/magazine365\/uber-estima-que-liberalizar-el-sector-del-taxi-generaria-30-000-empleos\/","robots":"max-image-preview:large","keywords":"noticias y actualidad","webmasterTools":{"google-site-verification":"UA-38556648-1","miscellaneous":""},"schema":{"@context":"https:\/\/schema.org","@graph":[{"@type":"Article","@id":"https:\/\/eldigitaldeasturias.com\/magazine365\/uber-estima-que-liberalizar-el-sector-del-taxi-generaria-30-000-empleos\/#article","name":"Uber estima que liberalizar el sector del taxi generar\u00eda 30.000 empleos | El Digital de Asturias","headline":"Uber estima que liberalizar el sector del taxi generar\u00eda 30.000 empleos","author":{"@id":"https:\/\/eldigitaldeasturias.com\/magazine365\/author\/admin\/#author"},"publisher":{"@id":"https:\/\/eldigitaldeasturias.com\/magazine365\/#organization"},"image":{"@type":"ImageObject","url":"https:\/\/eldigitaldeasturias.com\/magazine365\/wp-content\/uploads\/2015\/06\/carretera.jpg","width":800,"height":496},"datePublished":"2016-06-13T21:43:07+02:00","dateModified":"2016-06-13T21:43:07+02:00","inLanguage":"es-ES","mainEntityOfPage":{"@id":"https:\/\/eldigitaldeasturias.com\/magazine365\/uber-estima-que-liberalizar-el-sector-del-taxi-generaria-30-000-empleos\/#webpage"},"isPartOf":{"@id":"https:\/\/eldigitaldeasturias.com\/magazine365\/uber-estima-que-liberalizar-el-sector-del-taxi-generaria-30-000-empleos\/#webpage"},"articleSection":"Noticias y Actualidad"},{"@type":"BreadcrumbList","@id":"https:\/\/eldigitaldeasturias.com\/magazine365\/uber-estima-que-liberalizar-el-sector-del-taxi-generaria-30-000-empleos\/#breadcrumblist","itemListElement":[{"@type":"ListItem","@id":"https:\/\/eldigitaldeasturias.com\/magazine365#listItem","position":1,"name":"Home","item":"https:\/\/eldigitaldeasturias.com\/magazine365","nextItem":{"@type":"ListItem","@id":"https:\/\/eldigitaldeasturias.com\/magazine365\/category\/noticias-actualidad\/#listItem","name":"Noticias y Actualidad"}},{"@type":"ListItem","@id":"https:\/\/eldigitaldeasturias.com\/magazine365\/category\/noticias-actualidad\/#listItem","position":2,"name":"Noticias y Actualidad","item":"https:\/\/eldigitaldeasturias.com\/magazine365\/category\/noticias-actualidad\/","nextItem":{"@type":"ListItem","@id":"https:\/\/eldigitaldeasturias.com\/magazine365\/uber-estima-que-liberalizar-el-sector-del-taxi-generaria-30-000-empleos\/#listItem","name":"Uber estima que liberalizar el sector del taxi generar\u00eda 30.000 empleos"},"previousItem":{"@type":"ListItem","@id":"https:\/\/eldigitaldeasturias.com\/magazine365#listItem","name":"Home"}},{"@type":"ListItem","@id":"https:\/\/eldigitaldeasturias.com\/magazine365\/uber-estima-que-liberalizar-el-sector-del-taxi-generaria-30-000-empleos\/#listItem","position":3,"name":"Uber estima que liberalizar el sector del taxi generar\u00eda 30.000 empleos","previousItem":{"@type":"ListItem","@id":"https:\/\/eldigitaldeasturias.com\/magazine365\/category\/noticias-actualidad\/#listItem","name":"Noticias y Actualidad"}}]},{"@type":"Organization","@id":"https:\/\/eldigitaldeasturias.com\/magazine365\/#organization","name":"El digital de Asturias","description":"Revista de ocio, turismo y estilo de vida","url":"https:\/\/eldigitaldeasturias.com\/magazine365\/","logo":{"@type":"ImageObject","url":"https:\/\/www.eldigitaldeasturias.com\/noticias\/wp-content\/uploads\/2020\/12\/EDA.jpg","@id":"https:\/\/eldigitaldeasturias.com\/magazine365\/uber-estima-que-liberalizar-el-sector-del-taxi-generaria-30-000-empleos\/#organizationLogo"},"image":{"@id":"https:\/\/eldigitaldeasturias.com\/magazine365\/uber-estima-que-liberalizar-el-sector-del-taxi-generaria-30-000-empleos\/#organizationLogo"}},{"@type":"Person","@id":"https:\/\/eldigitaldeasturias.com\/magazine365\/author\/admin\/#author","url":"https:\/\/eldigitaldeasturias.com\/magazine365\/author\/admin\/","name":"admin","image":{"@type":"ImageObject","@id":"https:\/\/eldigitaldeasturias.com\/magazine365\/uber-estima-que-liberalizar-el-sector-del-taxi-generaria-30-000-empleos\/#authorImage","url":"https:\/\/eldigitaldeasturias.com\/magazine365\/wp-content\/litespeed\/avatar\/e571bcf59a0edd6fa6838245a470f2fe.jpg?ver=1776969259","width":96,"height":96,"caption":"admin"}},{"@type":"WebPage","@id":"https:\/\/eldigitaldeasturias.com\/magazine365\/uber-estima-que-liberalizar-el-sector-del-taxi-generaria-30-000-empleos\/#webpage","url":"https:\/\/eldigitaldeasturias.com\/magazine365\/uber-estima-que-liberalizar-el-sector-del-taxi-generaria-30-000-empleos\/","name":"Uber estima que liberalizar el sector del taxi generar\u00eda 30.000 empleos | El Digital de Asturias","description":"El director general de Uber en el Sur de Europa, Carles Lloret, ha lamentado que el sector del taxi sea un mercado \"muy regulado y muy restringido\" y ha estimado que si se liberalizara el sector se generar\u00edan 324 millones al a\u00f1o y se impulsar\u00edan 30.000 licencias para conductores profesionales en 2019. \"Hay suficiente viento","inLanguage":"es-ES","isPartOf":{"@id":"https:\/\/eldigitaldeasturias.com\/magazine365\/#website"},"breadcrumb":{"@id":"https:\/\/eldigitaldeasturias.com\/magazine365\/uber-estima-que-liberalizar-el-sector-del-taxi-generaria-30-000-empleos\/#breadcrumblist"},"author":{"@id":"https:\/\/eldigitaldeasturias.com\/magazine365\/author\/admin\/#author"},"creator":{"@id":"https:\/\/eldigitaldeasturias.com\/magazine365\/author\/admin\/#author"},"image":{"@type":"ImageObject","url":"https:\/\/eldigitaldeasturias.com\/magazine365\/wp-content\/uploads\/2015\/06\/carretera.jpg","@id":"https:\/\/eldigitaldeasturias.com\/magazine365\/uber-estima-que-liberalizar-el-sector-del-taxi-generaria-30-000-empleos\/#mainImage","width":800,"height":496},"primaryImageOfPage":{"@id":"https:\/\/eldigitaldeasturias.com\/magazine365\/uber-estima-que-liberalizar-el-sector-del-taxi-generaria-30-000-empleos\/#mainImage"},"datePublished":"2016-06-13T21:43:07+02:00","dateModified":"2016-06-13T21:43:07+02:00"},{"@type":"WebSite","@id":"https:\/\/eldigitaldeasturias.com\/magazine365\/#website","url":"https:\/\/eldigitaldeasturias.com\/magazine365\/","name":"El Digital de Asturias","description":"Revista de ocio, turismo y estilo de vida","inLanguage":"es-ES","publisher":{"@id":"https:\/\/eldigitaldeasturias.com\/magazine365\/#organization"}}]},"og:locale":"es_ES","og:site_name":"El Digital de Asturias \u2013 Revista de ocio, turismo y estilo de vida","og:type":"article","og:title":"Uber estima que liberalizar el sector del taxi generar\u00eda 30.000 empleos | El Digital de Asturias","og:description":"El director general de Uber en el Sur de Europa, Carles Lloret, ha lamentado que el sector del taxi sea un mercado &quot;muy regulado y muy restringido&quot; y ha estimado que si se liberalizara el sector se generar\u00edan 324 millones al a\u00f1o y se impulsar\u00edan 30.000 licencias para conductores profesionales en 2019. &quot;Hay suficiente viento","og:url":"https:\/\/eldigitaldeasturias.com\/magazine365\/uber-estima-que-liberalizar-el-sector-del-taxi-generaria-30-000-empleos\/","og:image":"https:\/\/eldigitaldeasturias.com\/magazine365\/wp-content\/uploads\/2015\/06\/carretera.jpg","og:image:secure_url":"https:\/\/eldigitaldeasturias.com\/magazine365\/wp-content\/uploads\/2015\/06\/carretera.jpg","og:image:width":800,"og:image:height":496,"article:published_time":"2016-06-13T19:43:07+00:00","article:modified_time":"2016-06-13T19:43:07+00:00","twitter:card":"summary_large_image","twitter:title":"Uber estima que liberalizar el sector del taxi generar\u00eda 30.000 empleos | El Digital de Asturias","twitter:description":"El director general de Uber en el Sur de Europa, Carles Lloret, ha lamentado que el sector del taxi sea un mercado &quot;muy regulado y muy restringido&quot; y ha estimado que si se liberalizara el sector se generar\u00edan 324 millones al a\u00f1o y se impulsar\u00edan 30.000 licencias para conductores profesionales en 2019. &quot;Hay suficiente viento","twitter:image":"https:\/\/eldigitaldeasturias.com\/magazine365\/wp-content\/uploads\/2015\/06\/carretera.jpg"},"aioseo_meta_data":{"post_id":"79056","title":null,"description":null,"keywords":null,"keyphrases":null,"primary_term":null,"canonical_url":null,"og_title":null,"og_description":null,"og_object_type":"default","og_image_type":"default","og_image_url":null,"og_image_width":null,"og_image_height":null,"og_image_custom_url":null,"og_image_custom_fields":null,"og_video":null,"og_custom_url":null,"og_article_section":null,"og_article_tags":null,"twitter_use_og":false,"twitter_card":"default","twitter_image_type":"default","twitter_image_url":null,"twitter_image_custom_url":null,"twitter_image_custom_fields":null,"twitter_title":null,"twitter_description":null,"schema":{"blockGraphs":[],"customGraphs":[],"default":{"data":{"Article":[],"Course":[],"Dataset":[],"FAQPage":[],"Movie":[],"Person":[],"Product":[],"ProductReview":[],"Car":[],"Recipe":[],"Service":[],"SoftwareApplication":[],"WebPage":[]},"graphName":"","isEnabled":true},"graphs":[],"defaultGraph":"","defaultPostTypeGraph":""},"schema_type":null,"schema_type_options":null,"pillar_content":false,"robots_default":true,"robots_noindex":false,"robots_noarchive":false,"robots_nosnippet":false,"robots_nofollow":false,"robots_noimageindex":false,"robots_noodp":false,"robots_notranslate":false,"robots_max_snippet":null,"robots_max_videopreview":null,"robots_max_imagepreview":"large","priority":null,"frequency":null,"location":null,"local_seo":null,"seo_analyzer_scan_date":"2025-09-27 18:08:53","breadcrumb_settings":null,"limit_modified_date":false,"open_ai":null,"ai":null,"created":"2021-03-08 17:53:10","updated":"2025-09-27 18:08:53"},"aioseo_breadcrumb":"<div class=\"aioseo-breadcrumbs\"><span class=\"aioseo-breadcrumb\">\n\t<a href=\"https:\/\/eldigitaldeasturias.com\/magazine365\" title=\"Home\">Home<\/a>\n<\/span><span class=\"aioseo-breadcrumb-separator\">\u2013<\/span><span class=\"aioseo-breadcrumb\">\n\t<a href=\"https:\/\/eldigitaldeasturias.com\/magazine365\/category\/noticias-actualidad\/\" title=\"Noticias y Actualidad\">Noticias y Actualidad<\/a>\n<\/span><span class=\"aioseo-breadcrumb-separator\">\u2013<\/span><span class=\"aioseo-breadcrumb\">\n\t<a href=\"https:\/\/eldigitaldeasturias.com\/magazine365\/uber-estima-que-liberalizar-el-sector-del-taxi-generaria-30-000-empleos\/\" title=\"Uber estima que liberalizar el sector del taxi generar\u00eda 30.000 empleos\">Uber estima que liberalizar el sector del taxi generar\u00eda 30.000 empleos<\/a>\n<\/span><\/div>","aioseo_breadcrumb_json":[{"label":"Home","link":"https:\/\/eldigitaldeasturias.com\/magazine365"},{"label":"Noticias y Actualidad","link":"https:\/\/eldigitaldeasturias.com\/magazine365\/category\/noticias-actualidad\/"},{"label":"Uber estima que liberalizar el sector del taxi generar\u00eda 30.000 empleos","link":"https:\/\/eldigitaldeasturias.com\/magazine365\/uber-estima-que-liberalizar-el-sector-del-taxi-generaria-30-000-empleos\/"}],"_links":{"self":[{"href":"https:\/\/eldigitaldeasturias.com\/magazine365\/wp-json\/wp\/v2\/posts\/79056","targetHints":{"allow":["GET"]}}],"collection":[{"href":"https:\/\/eldigitaldeasturias.com\/magazine365\/wp-json\/wp\/v2\/posts"}],"about":[{"href":"https:\/\/eldigitaldeasturias.com\/magazine365\/wp-json\/wp\/v2\/types\/post"}],"author":[{"embeddable":true,"href":"https:\/\/eldigitaldeasturias.com\/magazine365\/wp-json\/wp\/v2\/users\/1"}],"replies":[{"embeddable":true,"href":"https:\/\/eldigitaldeasturias.com\/magazine365\/wp-json\/wp\/v2\/comments?post=79056"}],"version-history":[{"count":0,"href":"https:\/\/eldigitaldeasturias.com\/magazine365\/wp-json\/wp\/v2\/posts\/79056\/revisions"}],"wp:featuredmedia":[{"embeddable":true,"href":"https:\/\/eldigitaldeasturias.com\/magazine365\/wp-json\/wp\/v2\/media\/38584"}],"wp:attachment":[{"href":"https:\/\/eldigitaldeasturias.com\/magazine365\/wp-json\/wp\/v2\/media?parent=79056"}],"wp:term":[{"taxonomy":"category","embeddable":true,"href":"https:\/\/eldigitaldeasturias.com\/magazine365\/wp-json\/wp\/v2\/categories?post=79056"},{"taxonomy":"post_tag","embeddable":true,"href":"https:\/\/eldigitaldeasturias.com\/magazine365\/wp-json\/wp\/v2\/tags?post=79056"}],"curies":[{"name":"wp","href":"https:\/\/api.w.org\/{rel}","templated":true}]}}