{"id":79048,"date":"2016-06-13T21:36:42","date_gmt":"2016-06-13T19:36:42","guid":{"rendered":"http:\/\/eldigitaldeasturias.com\/magazine365\/?p=79048"},"modified":"2016-06-13T21:36:42","modified_gmt":"2016-06-13T19:36:42","slug":"el-golf-y-el-sector-nautico-centraran-la-oferta-de-la-marca-espana-verde","status":"publish","type":"post","link":"https:\/\/eldigitaldeasturias.com\/magazine365\/el-golf-y-el-sector-nautico-centraran-la-oferta-de-la-marca-espana-verde\/","title":{"rendered":"El golf y el sector n\u00e1utico centrar\u00e1n la oferta de la marca Espa\u00f1a Verde"},"content":{"rendered":"<p><img fetchpriority=\"high\" decoding=\"async\" class=\"alignleft size-medium wp-image-79049\" src=\"https:\/\/eldigitaldeasturias.com\/magazine365\/wp-content\/uploads\/2016\/06\/fotonoticia_20160613184429_800-360x226.jpg\" alt=\"fotonoticia_20160613184429_800\" width=\"360\" height=\"226\" srcset=\"https:\/\/eldigitaldeasturias.com\/magazine365\/wp-content\/uploads\/2016\/06\/fotonoticia_20160613184429_800-360x226.jpg 360w, https:\/\/eldigitaldeasturias.com\/magazine365\/wp-content\/uploads\/2016\/06\/fotonoticia_20160613184429_800-650x409.jpg 650w, https:\/\/eldigitaldeasturias.com\/magazine365\/wp-content\/uploads\/2016\/06\/fotonoticia_20160613184429_800-768x483.jpg 768w, https:\/\/eldigitaldeasturias.com\/magazine365\/wp-content\/uploads\/2016\/06\/fotonoticia_20160613184429_800-150x94.jpg 150w, https:\/\/eldigitaldeasturias.com\/magazine365\/wp-content\/uploads\/2016\/06\/fotonoticia_20160613184429_800-450x283.jpg 450w, https:\/\/eldigitaldeasturias.com\/magazine365\/wp-content\/uploads\/2016\/06\/fotonoticia_20160613184429_800-269x170.jpg 269w, https:\/\/eldigitaldeasturias.com\/magazine365\/wp-content\/uploads\/2016\/06\/fotonoticia_20160613184429_800-365x230.jpg 365w, https:\/\/eldigitaldeasturias.com\/magazine365\/wp-content\/uploads\/2016\/06\/fotonoticia_20160613184429_800-160x100.jpg 160w, https:\/\/eldigitaldeasturias.com\/magazine365\/wp-content\/uploads\/2016\/06\/fotonoticia_20160613184429_800.jpg 800w\" sizes=\"(max-width: 360px) 100vw, 360px\" \/>La directora de Turismo, Nava Castro, ha explicado que los objetivos del convenio interregional Espa\u00f1a Verde &#8211;una marca tur\u00edstica en la que se incluyen Galicia, Asturias, Cantabria y Pa\u00eds Vasco&#8211; para este a\u00f1o se centran en profundizar en la oferta de \u00abbodegas y pazos\u00bb, as\u00ed como en el Camino de Santiago del Norte. Adem\u00e1s, en 2017, se incorporar\u00e1n acciones para promocionar el turismo de golf, el sector n\u00e1utico y el de surf.<\/p>\n<p>As\u00ed lo ha explicado este lunes tras una reuni\u00f3n mantenida por la directora de Turismo de Galicia con las otras tres comunidades que conforman la marca tur\u00edstica Espa\u00f1a Verde.<\/p>\n<p>La junta &#8216;Espa\u00f1a Verde 2016&#8217; ha tenido lugar en Santiago, ya que este a\u00f1o Galicia es la comunidad coordinadora de este proyecto, que en 2017 organizar\u00e1 Cantabria.<\/p>\n<p>En concreto, la directora de Turismo de Galicia ha explicado que se propondr\u00e1 la inclusi\u00f3n del turismo de surf en la comisi\u00f3n de seguimiento y ha explicado que la ventaja de este deporte es que permite \u00abdesestacionalizar\u00bb el turismo.<\/p>\n<p>Adem\u00e1s, ha asegurado que, al realizar la promoci\u00f3n de la oferta de este deporte acu\u00e1tico en conjunto a trav\u00e9s de la marca Espa\u00f1a Verde tendr\u00e1 \u00abmucha m\u00e1s incidencia\u00bb que si las comunidades la promocionasen por separado.<\/p>\n<p><strong>OFERTA<\/strong><\/p>\n<p>Adem\u00e1s, ha destacado que la oferta com\u00fan de la Espa\u00f1a Verde incluye m\u00e1s de 2.000 kil\u00f3metros de costa, casi 1.200 playas, 31 balnearios y 9 talasos.<\/p>\n<p>En esta l\u00ednea, ha se\u00f1alado que tambi\u00e9n cuenta con m\u00e1s de 60 campos de golf, unos 20 paradores de turismo, m\u00e1s de 300.000 plazas de alojamiento, 60 Estrellas Michel\u00edn y 46 parques nacionales, parques naturales y reservas de la biosfera con un mill\u00f3n de hect\u00e1reas de espacio protegido.<\/p>\n<p>Asimismo, ha destacado que, en el primer cuatrimestre de 2016, se registr\u00f3 un aumento del turismo del 8 por ciento de media en estas cuatro comunidades. En detalle, este incremento se tradujo en un total de casi 2,2 millones de viajeros alojados en establecimientos hoteleros y m\u00e1s de 4 millones de pernoctas.<\/p>\n<p>Respecto a las futuras acciones de promoci\u00f3n, ha indicado que, adem\u00e1s de incluir la oferta en la p\u00e1gina web y \u00abponer en valor\u00bb las actividades ya desarrolladas, se realizar\u00e1n m\u00e1s &#8216;press trips&#8217; y &#8216;fam trips&#8217; para turoperadores, as\u00ed como para blogueros. Tambi\u00e9n ha destacado que este a\u00f1o se acudir\u00e1 a promocionar la Espa\u00f1a Verde a Reino Unido y Alemania, mientras que en 2017 ser\u00e1 el turno de Estados Unidos.<\/p>\n<p>&nbsp;<\/p>\n","protected":false},"excerpt":{"rendered":"<p>La directora de Turismo, Nava Castro, ha explicado que los objetivos del convenio interregional Espa\u00f1a Verde &#8211;una marca tur\u00edstica en la que se incluyen Galicia, Asturias, Cantabria y Pa\u00eds Vasco&#8211; para este a\u00f1o se centran en profundizar en la oferta de \u00abbodegas y pazos\u00bb, as\u00ed como en el Camino de Santiago del Norte. Adem\u00e1s, en<\/p>\n","protected":false},"author":1,"featured_media":79049,"comment_status":"open","ping_status":"closed","sticky":false,"template":"","format":"standard","meta":{"footnotes":""},"categories":[224],"tags":[],"class_list":{"0":"post-79048","1":"post","2":"type-post","3":"status-publish","4":"format-standard","5":"has-post-thumbnail","7":"category-noticias-actualidad"},"aioseo_notices":[],"aioseo_head":"\n\t\t<!-- All in One SEO Pro 4.9.6.1 - aioseo.com -->\n\t<meta name=\"description\" content=\"La directora de Turismo, Nava Castro, ha explicado que los objetivos del convenio interregional Espa\u00f1a Verde --una marca tur\u00edstica en la que se incluyen Galicia, Asturias, Cantabria y Pa\u00eds Vasco-- para este a\u00f1o se centran en profundizar en la oferta de &quot;bodegas y pazos&quot;, as\u00ed como en el Camino de Santiago del Norte. Adem\u00e1s, en\" \/>\n\t<meta name=\"robots\" content=\"max-image-preview:large\" \/>\n\t<meta name=\"author\" content=\"admin\"\/>\n\t<meta name=\"google-site-verification\" content=\"UA-38556648-1\" \/>\n\t<meta name=\"keywords\" content=\"noticias y actualidad\" \/>\n\t<link rel=\"canonical\" href=\"https:\/\/eldigitaldeasturias.com\/magazine365\/el-golf-y-el-sector-nautico-centraran-la-oferta-de-la-marca-espana-verde\/\" \/>\n\t<meta name=\"generator\" content=\"All in One SEO Pro (AIOSEO) 4.9.6.1\" \/>\n\t\t<meta property=\"og:locale\" content=\"es_ES\" \/>\n\t\t<meta property=\"og:site_name\" content=\"El Digital de Asturias \u2013 Revista de ocio, turismo y estilo de vida\" \/>\n\t\t<meta property=\"og:type\" content=\"article\" \/>\n\t\t<meta property=\"og:title\" content=\"El golf y el sector n\u00e1utico centrar\u00e1n la oferta de la marca Espa\u00f1a Verde | El Digital de Asturias\" \/>\n\t\t<meta property=\"og:description\" content=\"La directora de Turismo, Nava Castro, ha explicado que los objetivos del convenio interregional Espa\u00f1a Verde --una marca tur\u00edstica en la que se incluyen Galicia, Asturias, Cantabria y Pa\u00eds Vasco-- para este a\u00f1o se centran en profundizar en la oferta de &quot;bodegas y pazos&quot;, as\u00ed como en el Camino de Santiago del Norte. Adem\u00e1s, en\" \/>\n\t\t<meta property=\"og:url\" content=\"https:\/\/eldigitaldeasturias.com\/magazine365\/el-golf-y-el-sector-nautico-centraran-la-oferta-de-la-marca-espana-verde\/\" \/>\n\t\t<meta property=\"og:image\" content=\"https:\/\/eldigitaldeasturias.com\/magazine365\/wp-content\/uploads\/2016\/06\/fotonoticia_20160613184429_800.jpg\" \/>\n\t\t<meta property=\"og:image:secure_url\" content=\"https:\/\/eldigitaldeasturias.com\/magazine365\/wp-content\/uploads\/2016\/06\/fotonoticia_20160613184429_800.jpg\" \/>\n\t\t<meta property=\"og:image:width\" content=\"800\" \/>\n\t\t<meta property=\"og:image:height\" content=\"503\" \/>\n\t\t<meta property=\"article:published_time\" content=\"2016-06-13T19:36:42+00:00\" \/>\n\t\t<meta property=\"article:modified_time\" content=\"2016-06-13T19:36:42+00:00\" \/>\n\t\t<meta name=\"twitter:card\" content=\"summary_large_image\" \/>\n\t\t<meta name=\"twitter:title\" content=\"El golf y el sector n\u00e1utico centrar\u00e1n la oferta de la marca Espa\u00f1a Verde | El Digital de Asturias\" \/>\n\t\t<meta name=\"twitter:description\" content=\"La directora de Turismo, Nava Castro, ha explicado que los objetivos del convenio interregional Espa\u00f1a Verde --una marca tur\u00edstica en la que se incluyen Galicia, Asturias, Cantabria y Pa\u00eds Vasco-- para este a\u00f1o se centran en profundizar en la oferta de &quot;bodegas y pazos&quot;, as\u00ed como en el Camino de Santiago del Norte. Adem\u00e1s, en\" \/>\n\t\t<meta name=\"twitter:image\" content=\"https:\/\/eldigitaldeasturias.com\/magazine365\/wp-content\/uploads\/2016\/06\/fotonoticia_20160613184429_800.jpg\" \/>\n\t\t<script type=\"application\/ld+json\" class=\"aioseo-schema\">\n\t\t\t{\"@context\":\"https:\\\/\\\/schema.org\",\"@graph\":[{\"@type\":\"Article\",\"@id\":\"https:\\\/\\\/eldigitaldeasturias.com\\\/magazine365\\\/el-golf-y-el-sector-nautico-centraran-la-oferta-de-la-marca-espana-verde\\\/#article\",\"name\":\"El golf y el sector n\\u00e1utico centrar\\u00e1n la oferta de la marca Espa\\u00f1a Verde | El Digital de Asturias\",\"headline\":\"El golf y el sector n\\u00e1utico centrar\\u00e1n la oferta de la marca Espa\\u00f1a Verde\",\"author\":{\"@id\":\"https:\\\/\\\/eldigitaldeasturias.com\\\/magazine365\\\/author\\\/admin\\\/#author\"},\"publisher\":{\"@id\":\"https:\\\/\\\/eldigitaldeasturias.com\\\/magazine365\\\/#organization\"},\"image\":{\"@type\":\"ImageObject\",\"url\":\"https:\\\/\\\/eldigitaldeasturias.com\\\/magazine365\\\/wp-content\\\/uploads\\\/2016\\\/06\\\/fotonoticia_20160613184429_800.jpg\",\"width\":800,\"height\":503},\"datePublished\":\"2016-06-13T21:36:42+02:00\",\"dateModified\":\"2016-06-13T21:36:42+02:00\",\"inLanguage\":\"es-ES\",\"mainEntityOfPage\":{\"@id\":\"https:\\\/\\\/eldigitaldeasturias.com\\\/magazine365\\\/el-golf-y-el-sector-nautico-centraran-la-oferta-de-la-marca-espana-verde\\\/#webpage\"},\"isPartOf\":{\"@id\":\"https:\\\/\\\/eldigitaldeasturias.com\\\/magazine365\\\/el-golf-y-el-sector-nautico-centraran-la-oferta-de-la-marca-espana-verde\\\/#webpage\"},\"articleSection\":\"Noticias y Actualidad\"},{\"@type\":\"BreadcrumbList\",\"@id\":\"https:\\\/\\\/eldigitaldeasturias.com\\\/magazine365\\\/el-golf-y-el-sector-nautico-centraran-la-oferta-de-la-marca-espana-verde\\\/#breadcrumblist\",\"itemListElement\":[{\"@type\":\"ListItem\",\"@id\":\"https:\\\/\\\/eldigitaldeasturias.com\\\/magazine365#listItem\",\"position\":1,\"name\":\"Home\",\"item\":\"https:\\\/\\\/eldigitaldeasturias.com\\\/magazine365\",\"nextItem\":{\"@type\":\"ListItem\",\"@id\":\"https:\\\/\\\/eldigitaldeasturias.com\\\/magazine365\\\/category\\\/noticias-actualidad\\\/#listItem\",\"name\":\"Noticias y Actualidad\"}},{\"@type\":\"ListItem\",\"@id\":\"https:\\\/\\\/eldigitaldeasturias.com\\\/magazine365\\\/category\\\/noticias-actualidad\\\/#listItem\",\"position\":2,\"name\":\"Noticias y Actualidad\",\"item\":\"https:\\\/\\\/eldigitaldeasturias.com\\\/magazine365\\\/category\\\/noticias-actualidad\\\/\",\"nextItem\":{\"@type\":\"ListItem\",\"@id\":\"https:\\\/\\\/eldigitaldeasturias.com\\\/magazine365\\\/el-golf-y-el-sector-nautico-centraran-la-oferta-de-la-marca-espana-verde\\\/#listItem\",\"name\":\"El golf y el sector n\\u00e1utico centrar\\u00e1n la oferta de la marca Espa\\u00f1a Verde\"},\"previousItem\":{\"@type\":\"ListItem\",\"@id\":\"https:\\\/\\\/eldigitaldeasturias.com\\\/magazine365#listItem\",\"name\":\"Home\"}},{\"@type\":\"ListItem\",\"@id\":\"https:\\\/\\\/eldigitaldeasturias.com\\\/magazine365\\\/el-golf-y-el-sector-nautico-centraran-la-oferta-de-la-marca-espana-verde\\\/#listItem\",\"position\":3,\"name\":\"El golf y el sector n\\u00e1utico centrar\\u00e1n la oferta de la marca Espa\\u00f1a Verde\",\"previousItem\":{\"@type\":\"ListItem\",\"@id\":\"https:\\\/\\\/eldigitaldeasturias.com\\\/magazine365\\\/category\\\/noticias-actualidad\\\/#listItem\",\"name\":\"Noticias y Actualidad\"}}]},{\"@type\":\"Organization\",\"@id\":\"https:\\\/\\\/eldigitaldeasturias.com\\\/magazine365\\\/#organization\",\"name\":\"El digital de Asturias\",\"description\":\"Revista de ocio, turismo y estilo de vida\",\"url\":\"https:\\\/\\\/eldigitaldeasturias.com\\\/magazine365\\\/\",\"logo\":{\"@type\":\"ImageObject\",\"url\":\"https:\\\/\\\/www.eldigitaldeasturias.com\\\/noticias\\\/wp-content\\\/uploads\\\/2020\\\/12\\\/EDA.jpg\",\"@id\":\"https:\\\/\\\/eldigitaldeasturias.com\\\/magazine365\\\/el-golf-y-el-sector-nautico-centraran-la-oferta-de-la-marca-espana-verde\\\/#organizationLogo\"},\"image\":{\"@id\":\"https:\\\/\\\/eldigitaldeasturias.com\\\/magazine365\\\/el-golf-y-el-sector-nautico-centraran-la-oferta-de-la-marca-espana-verde\\\/#organizationLogo\"}},{\"@type\":\"Person\",\"@id\":\"https:\\\/\\\/eldigitaldeasturias.com\\\/magazine365\\\/author\\\/admin\\\/#author\",\"url\":\"https:\\\/\\\/eldigitaldeasturias.com\\\/magazine365\\\/author\\\/admin\\\/\",\"name\":\"admin\",\"image\":{\"@type\":\"ImageObject\",\"@id\":\"https:\\\/\\\/eldigitaldeasturias.com\\\/magazine365\\\/el-golf-y-el-sector-nautico-centraran-la-oferta-de-la-marca-espana-verde\\\/#authorImage\",\"url\":\"https:\\\/\\\/eldigitaldeasturias.com\\\/magazine365\\\/wp-content\\\/litespeed\\\/avatar\\\/e571bcf59a0edd6fa6838245a470f2fe.jpg?ver=1776969259\",\"width\":96,\"height\":96,\"caption\":\"admin\"}},{\"@type\":\"WebPage\",\"@id\":\"https:\\\/\\\/eldigitaldeasturias.com\\\/magazine365\\\/el-golf-y-el-sector-nautico-centraran-la-oferta-de-la-marca-espana-verde\\\/#webpage\",\"url\":\"https:\\\/\\\/eldigitaldeasturias.com\\\/magazine365\\\/el-golf-y-el-sector-nautico-centraran-la-oferta-de-la-marca-espana-verde\\\/\",\"name\":\"El golf y el sector n\\u00e1utico centrar\\u00e1n la oferta de la marca Espa\\u00f1a Verde | El Digital de Asturias\",\"description\":\"La directora de Turismo, Nava Castro, ha explicado que los objetivos del convenio interregional Espa\\u00f1a Verde --una marca tur\\u00edstica en la que se incluyen Galicia, Asturias, Cantabria y Pa\\u00eds Vasco-- para este a\\u00f1o se centran en profundizar en la oferta de \\\"bodegas y pazos\\\", as\\u00ed como en el Camino de Santiago del Norte. Adem\\u00e1s, en\",\"inLanguage\":\"es-ES\",\"isPartOf\":{\"@id\":\"https:\\\/\\\/eldigitaldeasturias.com\\\/magazine365\\\/#website\"},\"breadcrumb\":{\"@id\":\"https:\\\/\\\/eldigitaldeasturias.com\\\/magazine365\\\/el-golf-y-el-sector-nautico-centraran-la-oferta-de-la-marca-espana-verde\\\/#breadcrumblist\"},\"author\":{\"@id\":\"https:\\\/\\\/eldigitaldeasturias.com\\\/magazine365\\\/author\\\/admin\\\/#author\"},\"creator\":{\"@id\":\"https:\\\/\\\/eldigitaldeasturias.com\\\/magazine365\\\/author\\\/admin\\\/#author\"},\"image\":{\"@type\":\"ImageObject\",\"url\":\"https:\\\/\\\/eldigitaldeasturias.com\\\/magazine365\\\/wp-content\\\/uploads\\\/2016\\\/06\\\/fotonoticia_20160613184429_800.jpg\",\"@id\":\"https:\\\/\\\/eldigitaldeasturias.com\\\/magazine365\\\/el-golf-y-el-sector-nautico-centraran-la-oferta-de-la-marca-espana-verde\\\/#mainImage\",\"width\":800,\"height\":503},\"primaryImageOfPage\":{\"@id\":\"https:\\\/\\\/eldigitaldeasturias.com\\\/magazine365\\\/el-golf-y-el-sector-nautico-centraran-la-oferta-de-la-marca-espana-verde\\\/#mainImage\"},\"datePublished\":\"2016-06-13T21:36:42+02:00\",\"dateModified\":\"2016-06-13T21:36:42+02:00\"},{\"@type\":\"WebSite\",\"@id\":\"https:\\\/\\\/eldigitaldeasturias.com\\\/magazine365\\\/#website\",\"url\":\"https:\\\/\\\/eldigitaldeasturias.com\\\/magazine365\\\/\",\"name\":\"El Digital de Asturias\",\"description\":\"Revista de ocio, turismo y estilo de vida\",\"inLanguage\":\"es-ES\",\"publisher\":{\"@id\":\"https:\\\/\\\/eldigitaldeasturias.com\\\/magazine365\\\/#organization\"}}]}\n\t\t<\/script>\n\t\t<!-- All in One SEO Pro -->\r\n\t\t<title>El golf y el sector n\u00e1utico centrar\u00e1n la oferta de la marca Espa\u00f1a Verde | El Digital de Asturias<\/title>\n\n","aioseo_head_json":{"title":"El golf y el sector n\u00e1utico centrar\u00e1n la oferta de la marca Espa\u00f1a Verde | El Digital de Asturias","description":"La directora de Turismo, Nava Castro, ha explicado que los objetivos del convenio interregional Espa\u00f1a Verde --una marca tur\u00edstica en la que se incluyen Galicia, Asturias, Cantabria y Pa\u00eds Vasco-- para este a\u00f1o se centran en profundizar en la oferta de \"bodegas y pazos\", as\u00ed como en el Camino de Santiago del Norte. Adem\u00e1s, en","canonical_url":"https:\/\/eldigitaldeasturias.com\/magazine365\/el-golf-y-el-sector-nautico-centraran-la-oferta-de-la-marca-espana-verde\/","robots":"max-image-preview:large","keywords":"noticias y actualidad","webmasterTools":{"google-site-verification":"UA-38556648-1","miscellaneous":""},"schema":{"@context":"https:\/\/schema.org","@graph":[{"@type":"Article","@id":"https:\/\/eldigitaldeasturias.com\/magazine365\/el-golf-y-el-sector-nautico-centraran-la-oferta-de-la-marca-espana-verde\/#article","name":"El golf y el sector n\u00e1utico centrar\u00e1n la oferta de la marca Espa\u00f1a Verde | El Digital de Asturias","headline":"El golf y el sector n\u00e1utico centrar\u00e1n la oferta de la marca Espa\u00f1a Verde","author":{"@id":"https:\/\/eldigitaldeasturias.com\/magazine365\/author\/admin\/#author"},"publisher":{"@id":"https:\/\/eldigitaldeasturias.com\/magazine365\/#organization"},"image":{"@type":"ImageObject","url":"https:\/\/eldigitaldeasturias.com\/magazine365\/wp-content\/uploads\/2016\/06\/fotonoticia_20160613184429_800.jpg","width":800,"height":503},"datePublished":"2016-06-13T21:36:42+02:00","dateModified":"2016-06-13T21:36:42+02:00","inLanguage":"es-ES","mainEntityOfPage":{"@id":"https:\/\/eldigitaldeasturias.com\/magazine365\/el-golf-y-el-sector-nautico-centraran-la-oferta-de-la-marca-espana-verde\/#webpage"},"isPartOf":{"@id":"https:\/\/eldigitaldeasturias.com\/magazine365\/el-golf-y-el-sector-nautico-centraran-la-oferta-de-la-marca-espana-verde\/#webpage"},"articleSection":"Noticias y Actualidad"},{"@type":"BreadcrumbList","@id":"https:\/\/eldigitaldeasturias.com\/magazine365\/el-golf-y-el-sector-nautico-centraran-la-oferta-de-la-marca-espana-verde\/#breadcrumblist","itemListElement":[{"@type":"ListItem","@id":"https:\/\/eldigitaldeasturias.com\/magazine365#listItem","position":1,"name":"Home","item":"https:\/\/eldigitaldeasturias.com\/magazine365","nextItem":{"@type":"ListItem","@id":"https:\/\/eldigitaldeasturias.com\/magazine365\/category\/noticias-actualidad\/#listItem","name":"Noticias y Actualidad"}},{"@type":"ListItem","@id":"https:\/\/eldigitaldeasturias.com\/magazine365\/category\/noticias-actualidad\/#listItem","position":2,"name":"Noticias y Actualidad","item":"https:\/\/eldigitaldeasturias.com\/magazine365\/category\/noticias-actualidad\/","nextItem":{"@type":"ListItem","@id":"https:\/\/eldigitaldeasturias.com\/magazine365\/el-golf-y-el-sector-nautico-centraran-la-oferta-de-la-marca-espana-verde\/#listItem","name":"El golf y el sector n\u00e1utico centrar\u00e1n la oferta de la marca Espa\u00f1a Verde"},"previousItem":{"@type":"ListItem","@id":"https:\/\/eldigitaldeasturias.com\/magazine365#listItem","name":"Home"}},{"@type":"ListItem","@id":"https:\/\/eldigitaldeasturias.com\/magazine365\/el-golf-y-el-sector-nautico-centraran-la-oferta-de-la-marca-espana-verde\/#listItem","position":3,"name":"El golf y el sector n\u00e1utico centrar\u00e1n la oferta de la marca Espa\u00f1a Verde","previousItem":{"@type":"ListItem","@id":"https:\/\/eldigitaldeasturias.com\/magazine365\/category\/noticias-actualidad\/#listItem","name":"Noticias y Actualidad"}}]},{"@type":"Organization","@id":"https:\/\/eldigitaldeasturias.com\/magazine365\/#organization","name":"El digital de Asturias","description":"Revista de ocio, turismo y estilo de vida","url":"https:\/\/eldigitaldeasturias.com\/magazine365\/","logo":{"@type":"ImageObject","url":"https:\/\/www.eldigitaldeasturias.com\/noticias\/wp-content\/uploads\/2020\/12\/EDA.jpg","@id":"https:\/\/eldigitaldeasturias.com\/magazine365\/el-golf-y-el-sector-nautico-centraran-la-oferta-de-la-marca-espana-verde\/#organizationLogo"},"image":{"@id":"https:\/\/eldigitaldeasturias.com\/magazine365\/el-golf-y-el-sector-nautico-centraran-la-oferta-de-la-marca-espana-verde\/#organizationLogo"}},{"@type":"Person","@id":"https:\/\/eldigitaldeasturias.com\/magazine365\/author\/admin\/#author","url":"https:\/\/eldigitaldeasturias.com\/magazine365\/author\/admin\/","name":"admin","image":{"@type":"ImageObject","@id":"https:\/\/eldigitaldeasturias.com\/magazine365\/el-golf-y-el-sector-nautico-centraran-la-oferta-de-la-marca-espana-verde\/#authorImage","url":"https:\/\/eldigitaldeasturias.com\/magazine365\/wp-content\/litespeed\/avatar\/e571bcf59a0edd6fa6838245a470f2fe.jpg?ver=1776969259","width":96,"height":96,"caption":"admin"}},{"@type":"WebPage","@id":"https:\/\/eldigitaldeasturias.com\/magazine365\/el-golf-y-el-sector-nautico-centraran-la-oferta-de-la-marca-espana-verde\/#webpage","url":"https:\/\/eldigitaldeasturias.com\/magazine365\/el-golf-y-el-sector-nautico-centraran-la-oferta-de-la-marca-espana-verde\/","name":"El golf y el sector n\u00e1utico centrar\u00e1n la oferta de la marca Espa\u00f1a Verde | El Digital de Asturias","description":"La directora de Turismo, Nava Castro, ha explicado que los objetivos del convenio interregional Espa\u00f1a Verde --una marca tur\u00edstica en la que se incluyen Galicia, Asturias, Cantabria y Pa\u00eds Vasco-- para este a\u00f1o se centran en profundizar en la oferta de \"bodegas y pazos\", as\u00ed como en el Camino de Santiago del Norte. Adem\u00e1s, en","inLanguage":"es-ES","isPartOf":{"@id":"https:\/\/eldigitaldeasturias.com\/magazine365\/#website"},"breadcrumb":{"@id":"https:\/\/eldigitaldeasturias.com\/magazine365\/el-golf-y-el-sector-nautico-centraran-la-oferta-de-la-marca-espana-verde\/#breadcrumblist"},"author":{"@id":"https:\/\/eldigitaldeasturias.com\/magazine365\/author\/admin\/#author"},"creator":{"@id":"https:\/\/eldigitaldeasturias.com\/magazine365\/author\/admin\/#author"},"image":{"@type":"ImageObject","url":"https:\/\/eldigitaldeasturias.com\/magazine365\/wp-content\/uploads\/2016\/06\/fotonoticia_20160613184429_800.jpg","@id":"https:\/\/eldigitaldeasturias.com\/magazine365\/el-golf-y-el-sector-nautico-centraran-la-oferta-de-la-marca-espana-verde\/#mainImage","width":800,"height":503},"primaryImageOfPage":{"@id":"https:\/\/eldigitaldeasturias.com\/magazine365\/el-golf-y-el-sector-nautico-centraran-la-oferta-de-la-marca-espana-verde\/#mainImage"},"datePublished":"2016-06-13T21:36:42+02:00","dateModified":"2016-06-13T21:36:42+02:00"},{"@type":"WebSite","@id":"https:\/\/eldigitaldeasturias.com\/magazine365\/#website","url":"https:\/\/eldigitaldeasturias.com\/magazine365\/","name":"El Digital de Asturias","description":"Revista de ocio, turismo y estilo de vida","inLanguage":"es-ES","publisher":{"@id":"https:\/\/eldigitaldeasturias.com\/magazine365\/#organization"}}]},"og:locale":"es_ES","og:site_name":"El Digital de Asturias \u2013 Revista de ocio, turismo y estilo de vida","og:type":"article","og:title":"El golf y el sector n\u00e1utico centrar\u00e1n la oferta de la marca Espa\u00f1a Verde | El Digital de Asturias","og:description":"La directora de Turismo, Nava Castro, ha explicado que los objetivos del convenio interregional Espa\u00f1a Verde --una marca tur\u00edstica en la que se incluyen Galicia, Asturias, Cantabria y Pa\u00eds Vasco-- para este a\u00f1o se centran en profundizar en la oferta de &quot;bodegas y pazos&quot;, as\u00ed como en el Camino de Santiago del Norte. Adem\u00e1s, en","og:url":"https:\/\/eldigitaldeasturias.com\/magazine365\/el-golf-y-el-sector-nautico-centraran-la-oferta-de-la-marca-espana-verde\/","og:image":"https:\/\/eldigitaldeasturias.com\/magazine365\/wp-content\/uploads\/2016\/06\/fotonoticia_20160613184429_800.jpg","og:image:secure_url":"https:\/\/eldigitaldeasturias.com\/magazine365\/wp-content\/uploads\/2016\/06\/fotonoticia_20160613184429_800.jpg","og:image:width":800,"og:image:height":503,"article:published_time":"2016-06-13T19:36:42+00:00","article:modified_time":"2016-06-13T19:36:42+00:00","twitter:card":"summary_large_image","twitter:title":"El golf y el sector n\u00e1utico centrar\u00e1n la oferta de la marca Espa\u00f1a Verde | El Digital de Asturias","twitter:description":"La directora de Turismo, Nava Castro, ha explicado que los objetivos del convenio interregional Espa\u00f1a Verde --una marca tur\u00edstica en la que se incluyen Galicia, Asturias, Cantabria y Pa\u00eds Vasco-- para este a\u00f1o se centran en profundizar en la oferta de &quot;bodegas y pazos&quot;, as\u00ed como en el Camino de Santiago del Norte. Adem\u00e1s, en","twitter:image":"https:\/\/eldigitaldeasturias.com\/magazine365\/wp-content\/uploads\/2016\/06\/fotonoticia_20160613184429_800.jpg"},"aioseo_meta_data":{"post_id":"79048","title":null,"description":null,"keywords":null,"keyphrases":null,"primary_term":null,"canonical_url":null,"og_title":null,"og_description":null,"og_object_type":"default","og_image_type":"default","og_image_url":null,"og_image_width":null,"og_image_height":null,"og_image_custom_url":null,"og_image_custom_fields":null,"og_video":null,"og_custom_url":null,"og_article_section":null,"og_article_tags":null,"twitter_use_og":false,"twitter_card":"default","twitter_image_type":"default","twitter_image_url":null,"twitter_image_custom_url":null,"twitter_image_custom_fields":null,"twitter_title":null,"twitter_description":null,"schema":{"blockGraphs":[],"customGraphs":[],"default":{"data":{"Article":[],"Course":[],"Dataset":[],"FAQPage":[],"Movie":[],"Person":[],"Product":[],"ProductReview":[],"Car":[],"Recipe":[],"Service":[],"SoftwareApplication":[],"WebPage":[]},"graphName":"","isEnabled":true},"graphs":[]},"schema_type":null,"schema_type_options":null,"pillar_content":false,"robots_default":true,"robots_noindex":false,"robots_noarchive":false,"robots_nosnippet":false,"robots_nofollow":false,"robots_noimageindex":false,"robots_noodp":false,"robots_notranslate":false,"robots_max_snippet":null,"robots_max_videopreview":null,"robots_max_imagepreview":"large","priority":null,"frequency":null,"location":null,"local_seo":null,"seo_analyzer_scan_date":"2025-09-27 18:07:30","breadcrumb_settings":null,"limit_modified_date":false,"open_ai":null,"ai":null,"created":"2021-03-08 17:53:10","updated":"2025-09-27 18:07:30"},"aioseo_breadcrumb":"<div class=\"aioseo-breadcrumbs\"><span class=\"aioseo-breadcrumb\">\n\t<a href=\"https:\/\/eldigitaldeasturias.com\/magazine365\" title=\"Home\">Home<\/a>\n<\/span><span class=\"aioseo-breadcrumb-separator\">\u2013<\/span><span class=\"aioseo-breadcrumb\">\n\t<a href=\"https:\/\/eldigitaldeasturias.com\/magazine365\/category\/noticias-actualidad\/\" title=\"Noticias y Actualidad\">Noticias y Actualidad<\/a>\n<\/span><span class=\"aioseo-breadcrumb-separator\">\u2013<\/span><span class=\"aioseo-breadcrumb\">\n\t<a href=\"https:\/\/eldigitaldeasturias.com\/magazine365\/el-golf-y-el-sector-nautico-centraran-la-oferta-de-la-marca-espana-verde\/\" title=\"El golf y el sector n\u00e1utico centrar\u00e1n la oferta de la marca Espa\u00f1a Verde\">El golf y el sector n\u00e1utico centrar\u00e1n la oferta de la marca Espa\u00f1a Verde<\/a>\n<\/span><\/div>","aioseo_breadcrumb_json":[{"label":"Home","link":"https:\/\/eldigitaldeasturias.com\/magazine365"},{"label":"Noticias y Actualidad","link":"https:\/\/eldigitaldeasturias.com\/magazine365\/category\/noticias-actualidad\/"},{"label":"El golf y el sector n\u00e1utico centrar\u00e1n la oferta de la marca Espa\u00f1a Verde","link":"https:\/\/eldigitaldeasturias.com\/magazine365\/el-golf-y-el-sector-nautico-centraran-la-oferta-de-la-marca-espana-verde\/"}],"_links":{"self":[{"href":"https:\/\/eldigitaldeasturias.com\/magazine365\/wp-json\/wp\/v2\/posts\/79048","targetHints":{"allow":["GET"]}}],"collection":[{"href":"https:\/\/eldigitaldeasturias.com\/magazine365\/wp-json\/wp\/v2\/posts"}],"about":[{"href":"https:\/\/eldigitaldeasturias.com\/magazine365\/wp-json\/wp\/v2\/types\/post"}],"author":[{"embeddable":true,"href":"https:\/\/eldigitaldeasturias.com\/magazine365\/wp-json\/wp\/v2\/users\/1"}],"replies":[{"embeddable":true,"href":"https:\/\/eldigitaldeasturias.com\/magazine365\/wp-json\/wp\/v2\/comments?post=79048"}],"version-history":[{"count":0,"href":"https:\/\/eldigitaldeasturias.com\/magazine365\/wp-json\/wp\/v2\/posts\/79048\/revisions"}],"wp:featuredmedia":[{"embeddable":true,"href":"https:\/\/eldigitaldeasturias.com\/magazine365\/wp-json\/wp\/v2\/media\/79049"}],"wp:attachment":[{"href":"https:\/\/eldigitaldeasturias.com\/magazine365\/wp-json\/wp\/v2\/media?parent=79048"}],"wp:term":[{"taxonomy":"category","embeddable":true,"href":"https:\/\/eldigitaldeasturias.com\/magazine365\/wp-json\/wp\/v2\/categories?post=79048"},{"taxonomy":"post_tag","embeddable":true,"href":"https:\/\/eldigitaldeasturias.com\/magazine365\/wp-json\/wp\/v2\/tags?post=79048"}],"curies":[{"name":"wp","href":"https:\/\/api.w.org\/{rel}","templated":true}]}}