{"id":79039,"date":"2016-06-13T21:03:27","date_gmt":"2016-06-13T19:03:27","guid":{"rendered":"http:\/\/eldigitaldeasturias.com\/magazine365\/?p=79039"},"modified":"2016-06-13T21:03:27","modified_gmt":"2016-06-13T19:03:27","slug":"renfe-convoca-a-los-maquinistas-a-una-reunion-para-intentar-evitar-nuevos-paros","status":"publish","type":"post","link":"https:\/\/eldigitaldeasturias.com\/magazine365\/renfe-convoca-a-los-maquinistas-a-una-reunion-para-intentar-evitar-nuevos-paros\/","title":{"rendered":"Renfe convoca a los maquinistas a una reuni\u00f3n para intentar evitar nuevos paros"},"content":{"rendered":"<p><img fetchpriority=\"high\" decoding=\"async\" class=\"alignleft size-medium wp-image-79040\" src=\"https:\/\/eldigitaldeasturias.com\/magazine365\/wp-content\/uploads\/2016\/06\/fotonoticia_20160613174911_800-360x240.jpg\" alt=\"fotonoticia_20160613174911_800\" width=\"360\" height=\"240\" srcset=\"https:\/\/eldigitaldeasturias.com\/magazine365\/wp-content\/uploads\/2016\/06\/fotonoticia_20160613174911_800-360x240.jpg 360w, https:\/\/eldigitaldeasturias.com\/magazine365\/wp-content\/uploads\/2016\/06\/fotonoticia_20160613174911_800-650x433.jpg 650w, https:\/\/eldigitaldeasturias.com\/magazine365\/wp-content\/uploads\/2016\/06\/fotonoticia_20160613174911_800-768x512.jpg 768w, https:\/\/eldigitaldeasturias.com\/magazine365\/wp-content\/uploads\/2016\/06\/fotonoticia_20160613174911_800-150x100.jpg 150w, https:\/\/eldigitaldeasturias.com\/magazine365\/wp-content\/uploads\/2016\/06\/fotonoticia_20160613174911_800-450x300.jpg 450w, https:\/\/eldigitaldeasturias.com\/magazine365\/wp-content\/uploads\/2016\/06\/fotonoticia_20160613174911_800-101x66.jpg 101w, https:\/\/eldigitaldeasturias.com\/magazine365\/wp-content\/uploads\/2016\/06\/fotonoticia_20160613174911_800.jpg 800w\" sizes=\"(max-width: 360px) 100vw, 360px\" \/>Renfe ha convocado al sindicato de maquinistas Semaf a una reuni\u00f3n prevista para la tarde de este viernes, con el fin de alcanzar un acuerdo que \u00abpermita desconvocar\u00bb los paros convocados en la compa\u00f1\u00eda ferroviaria para los pr\u00f3ximos d\u00edas, seg\u00fan anunci\u00f3 la operadora.<\/p>\n<p>La reuni\u00f3n tendr\u00e1 lugar despu\u00e9s de que en la ma\u00f1ana del lunes los maquinistas decidieran ampliar su calendario de paros con tres huelgas m\u00e1s que han fijado para los d\u00edas 24 y 29 de junio, y 1 de julio, fechas que coinciden con la primera fase de la &#8216;operaci\u00f3n salida&#8217; de las vacaciones de verano.<\/p>\n<p>Estas nuevas huelgas se sumar\u00e1n a las dos que a\u00fan le restan por llevar a cabo del calendario que ya estaba convocado (la de ma\u00f1ana martes, 14 de junio, y la del jueves d\u00eda 16) y las dos que ya han realizado (el del viernes 10 de junio y el del domingo 12).<\/p>\n<p>Con la convocatoria de una reuni\u00f3n con Semaf, Renfe pretende \u00abalcanzar un acuerdo que permita desconvocar las huelgas de los pr\u00f3ximos d\u00edas\u00bb.<\/p>\n<p>Seg\u00fan la operadora, el \u00aborigen del conflicto\u00bb reside en el n\u00famero de maquinistas necesarios en Renfe Mercanc\u00edas y en los centros a los que deben incorporase, y en \u00abotras cuestiones relativas al modo de acceso a vacantes indefinidas y a la movilidad geogr\u00e1fica y funcional dentro de la empresa\u00bb.<\/p>\n<p><strong>AUMENTAN LOS AFECTADOS.<\/strong><\/p>\n<p>La compa\u00f1\u00eda ferroviaria ha elevado hasta 413.000 el n\u00famero de viajeros afectados por las dos primeras jornadas de huelga secundadas por los maquinistas.<\/p>\n<p>En concreto, 88.000 pasajeros vieron sus trenes cancelados (un total de casi 300) y tuvieron que ser transbordados en autob\u00fas, y otros 325.000 viajeros m\u00e1s registraron retrasos en sus trayectos.<\/p>\n<p>En un comunicado, Renfe \u00ablament\u00f3\u00bb los \u00abperjuicios\u00bb que los paros est\u00e1n ocasionando a sus clientes, y manifest\u00f3 su \u00abagradecimiento\u00bb a sus trabajadores \u00abpor el esfuerzo extra realizado en los \u00faltimos d\u00edas.<\/p>\n<p>&nbsp;<\/p>\n","protected":false},"excerpt":{"rendered":"<p>Renfe ha convocado al sindicato de maquinistas Semaf a una reuni\u00f3n prevista para la tarde de este viernes, con el fin de alcanzar un acuerdo que \u00abpermita desconvocar\u00bb los paros convocados en la compa\u00f1\u00eda ferroviaria para los pr\u00f3ximos d\u00edas, seg\u00fan anunci\u00f3 la operadora. La reuni\u00f3n tendr\u00e1 lugar despu\u00e9s de que en la ma\u00f1ana del lunes<\/p>\n","protected":false},"author":1,"featured_media":79040,"comment_status":"open","ping_status":"closed","sticky":false,"template":"","format":"standard","meta":{"footnotes":""},"categories":[224],"tags":[],"class_list":{"0":"post-79039","1":"post","2":"type-post","3":"status-publish","4":"format-standard","5":"has-post-thumbnail","7":"category-noticias-actualidad"},"aioseo_notices":[],"aioseo_head":"\n\t\t<!-- All in One SEO Pro 4.9.6.1 - aioseo.com -->\n\t<meta name=\"description\" content=\"Renfe ha convocado al sindicato de maquinistas Semaf a una reuni\u00f3n prevista para la tarde de este viernes, con el fin de alcanzar un acuerdo que &quot;permita desconvocar&quot; los paros convocados en la compa\u00f1\u00eda ferroviaria para los pr\u00f3ximos d\u00edas, seg\u00fan anunci\u00f3 la operadora. La reuni\u00f3n tendr\u00e1 lugar despu\u00e9s de que en la ma\u00f1ana del lunes\" \/>\n\t<meta name=\"robots\" content=\"max-image-preview:large\" \/>\n\t<meta name=\"author\" content=\"admin\"\/>\n\t<meta name=\"google-site-verification\" content=\"UA-38556648-1\" \/>\n\t<meta name=\"keywords\" content=\"noticias y actualidad\" \/>\n\t<link rel=\"canonical\" href=\"https:\/\/eldigitaldeasturias.com\/magazine365\/renfe-convoca-a-los-maquinistas-a-una-reunion-para-intentar-evitar-nuevos-paros\/\" \/>\n\t<meta name=\"generator\" content=\"All in One SEO Pro (AIOSEO) 4.9.6.1\" \/>\n\t\t<meta property=\"og:locale\" content=\"es_ES\" \/>\n\t\t<meta property=\"og:site_name\" content=\"El Digital de Asturias \u2013 Revista de ocio, turismo y estilo de vida\" \/>\n\t\t<meta property=\"og:type\" content=\"article\" \/>\n\t\t<meta property=\"og:title\" content=\"Renfe convoca a los maquinistas a una reuni\u00f3n para intentar evitar nuevos paros | El Digital de Asturias\" \/>\n\t\t<meta property=\"og:description\" content=\"Renfe ha convocado al sindicato de maquinistas Semaf a una reuni\u00f3n prevista para la tarde de este viernes, con el fin de alcanzar un acuerdo que &quot;permita desconvocar&quot; los paros convocados en la compa\u00f1\u00eda ferroviaria para los pr\u00f3ximos d\u00edas, seg\u00fan anunci\u00f3 la operadora. La reuni\u00f3n tendr\u00e1 lugar despu\u00e9s de que en la ma\u00f1ana del lunes\" \/>\n\t\t<meta property=\"og:url\" content=\"https:\/\/eldigitaldeasturias.com\/magazine365\/renfe-convoca-a-los-maquinistas-a-una-reunion-para-intentar-evitar-nuevos-paros\/\" \/>\n\t\t<meta property=\"og:image\" content=\"https:\/\/eldigitaldeasturias.com\/magazine365\/wp-content\/uploads\/2016\/06\/fotonoticia_20160613174911_800.jpg\" \/>\n\t\t<meta property=\"og:image:secure_url\" content=\"https:\/\/eldigitaldeasturias.com\/magazine365\/wp-content\/uploads\/2016\/06\/fotonoticia_20160613174911_800.jpg\" \/>\n\t\t<meta property=\"og:image:width\" content=\"800\" \/>\n\t\t<meta property=\"og:image:height\" content=\"533\" \/>\n\t\t<meta property=\"article:published_time\" content=\"2016-06-13T19:03:27+00:00\" \/>\n\t\t<meta property=\"article:modified_time\" content=\"2016-06-13T19:03:27+00:00\" \/>\n\t\t<meta name=\"twitter:card\" content=\"summary_large_image\" \/>\n\t\t<meta name=\"twitter:title\" content=\"Renfe convoca a los maquinistas a una reuni\u00f3n para intentar evitar nuevos paros | El Digital de Asturias\" \/>\n\t\t<meta name=\"twitter:description\" content=\"Renfe ha convocado al sindicato de maquinistas Semaf a una reuni\u00f3n prevista para la tarde de este viernes, con el fin de alcanzar un acuerdo que &quot;permita desconvocar&quot; los paros convocados en la compa\u00f1\u00eda ferroviaria para los pr\u00f3ximos d\u00edas, seg\u00fan anunci\u00f3 la operadora. La reuni\u00f3n tendr\u00e1 lugar despu\u00e9s de que en la ma\u00f1ana del lunes\" \/>\n\t\t<meta name=\"twitter:image\" content=\"https:\/\/eldigitaldeasturias.com\/magazine365\/wp-content\/uploads\/2016\/06\/fotonoticia_20160613174911_800.jpg\" \/>\n\t\t<script type=\"application\/ld+json\" class=\"aioseo-schema\">\n\t\t\t{\"@context\":\"https:\\\/\\\/schema.org\",\"@graph\":[{\"@type\":\"Article\",\"@id\":\"https:\\\/\\\/eldigitaldeasturias.com\\\/magazine365\\\/renfe-convoca-a-los-maquinistas-a-una-reunion-para-intentar-evitar-nuevos-paros\\\/#article\",\"name\":\"Renfe convoca a los maquinistas a una reuni\\u00f3n para intentar evitar nuevos paros | El Digital de Asturias\",\"headline\":\"Renfe convoca a los maquinistas a una reuni\\u00f3n para intentar evitar nuevos paros\",\"author\":{\"@id\":\"https:\\\/\\\/eldigitaldeasturias.com\\\/magazine365\\\/author\\\/admin\\\/#author\"},\"publisher\":{\"@id\":\"https:\\\/\\\/eldigitaldeasturias.com\\\/magazine365\\\/#organization\"},\"image\":{\"@type\":\"ImageObject\",\"url\":\"https:\\\/\\\/eldigitaldeasturias.com\\\/magazine365\\\/wp-content\\\/uploads\\\/2016\\\/06\\\/fotonoticia_20160613174911_800.jpg\",\"width\":800,\"height\":533},\"datePublished\":\"2016-06-13T21:03:27+02:00\",\"dateModified\":\"2016-06-13T21:03:27+02:00\",\"inLanguage\":\"es-ES\",\"mainEntityOfPage\":{\"@id\":\"https:\\\/\\\/eldigitaldeasturias.com\\\/magazine365\\\/renfe-convoca-a-los-maquinistas-a-una-reunion-para-intentar-evitar-nuevos-paros\\\/#webpage\"},\"isPartOf\":{\"@id\":\"https:\\\/\\\/eldigitaldeasturias.com\\\/magazine365\\\/renfe-convoca-a-los-maquinistas-a-una-reunion-para-intentar-evitar-nuevos-paros\\\/#webpage\"},\"articleSection\":\"Noticias y Actualidad\"},{\"@type\":\"BreadcrumbList\",\"@id\":\"https:\\\/\\\/eldigitaldeasturias.com\\\/magazine365\\\/renfe-convoca-a-los-maquinistas-a-una-reunion-para-intentar-evitar-nuevos-paros\\\/#breadcrumblist\",\"itemListElement\":[{\"@type\":\"ListItem\",\"@id\":\"https:\\\/\\\/eldigitaldeasturias.com\\\/magazine365#listItem\",\"position\":1,\"name\":\"Home\",\"item\":\"https:\\\/\\\/eldigitaldeasturias.com\\\/magazine365\",\"nextItem\":{\"@type\":\"ListItem\",\"@id\":\"https:\\\/\\\/eldigitaldeasturias.com\\\/magazine365\\\/category\\\/noticias-actualidad\\\/#listItem\",\"name\":\"Noticias y Actualidad\"}},{\"@type\":\"ListItem\",\"@id\":\"https:\\\/\\\/eldigitaldeasturias.com\\\/magazine365\\\/category\\\/noticias-actualidad\\\/#listItem\",\"position\":2,\"name\":\"Noticias y Actualidad\",\"item\":\"https:\\\/\\\/eldigitaldeasturias.com\\\/magazine365\\\/category\\\/noticias-actualidad\\\/\",\"nextItem\":{\"@type\":\"ListItem\",\"@id\":\"https:\\\/\\\/eldigitaldeasturias.com\\\/magazine365\\\/renfe-convoca-a-los-maquinistas-a-una-reunion-para-intentar-evitar-nuevos-paros\\\/#listItem\",\"name\":\"Renfe convoca a los maquinistas a una reuni\\u00f3n para intentar evitar nuevos paros\"},\"previousItem\":{\"@type\":\"ListItem\",\"@id\":\"https:\\\/\\\/eldigitaldeasturias.com\\\/magazine365#listItem\",\"name\":\"Home\"}},{\"@type\":\"ListItem\",\"@id\":\"https:\\\/\\\/eldigitaldeasturias.com\\\/magazine365\\\/renfe-convoca-a-los-maquinistas-a-una-reunion-para-intentar-evitar-nuevos-paros\\\/#listItem\",\"position\":3,\"name\":\"Renfe convoca a los maquinistas a una reuni\\u00f3n para intentar evitar nuevos paros\",\"previousItem\":{\"@type\":\"ListItem\",\"@id\":\"https:\\\/\\\/eldigitaldeasturias.com\\\/magazine365\\\/category\\\/noticias-actualidad\\\/#listItem\",\"name\":\"Noticias y Actualidad\"}}]},{\"@type\":\"Organization\",\"@id\":\"https:\\\/\\\/eldigitaldeasturias.com\\\/magazine365\\\/#organization\",\"name\":\"El digital de Asturias\",\"description\":\"Revista de ocio, turismo y estilo de vida\",\"url\":\"https:\\\/\\\/eldigitaldeasturias.com\\\/magazine365\\\/\",\"logo\":{\"@type\":\"ImageObject\",\"url\":\"https:\\\/\\\/www.eldigitaldeasturias.com\\\/noticias\\\/wp-content\\\/uploads\\\/2020\\\/12\\\/EDA.jpg\",\"@id\":\"https:\\\/\\\/eldigitaldeasturias.com\\\/magazine365\\\/renfe-convoca-a-los-maquinistas-a-una-reunion-para-intentar-evitar-nuevos-paros\\\/#organizationLogo\"},\"image\":{\"@id\":\"https:\\\/\\\/eldigitaldeasturias.com\\\/magazine365\\\/renfe-convoca-a-los-maquinistas-a-una-reunion-para-intentar-evitar-nuevos-paros\\\/#organizationLogo\"}},{\"@type\":\"Person\",\"@id\":\"https:\\\/\\\/eldigitaldeasturias.com\\\/magazine365\\\/author\\\/admin\\\/#author\",\"url\":\"https:\\\/\\\/eldigitaldeasturias.com\\\/magazine365\\\/author\\\/admin\\\/\",\"name\":\"admin\",\"image\":{\"@type\":\"ImageObject\",\"@id\":\"https:\\\/\\\/eldigitaldeasturias.com\\\/magazine365\\\/renfe-convoca-a-los-maquinistas-a-una-reunion-para-intentar-evitar-nuevos-paros\\\/#authorImage\",\"url\":\"https:\\\/\\\/eldigitaldeasturias.com\\\/magazine365\\\/wp-content\\\/litespeed\\\/avatar\\\/e571bcf59a0edd6fa6838245a470f2fe.jpg?ver=1776969259\",\"width\":96,\"height\":96,\"caption\":\"admin\"}},{\"@type\":\"WebPage\",\"@id\":\"https:\\\/\\\/eldigitaldeasturias.com\\\/magazine365\\\/renfe-convoca-a-los-maquinistas-a-una-reunion-para-intentar-evitar-nuevos-paros\\\/#webpage\",\"url\":\"https:\\\/\\\/eldigitaldeasturias.com\\\/magazine365\\\/renfe-convoca-a-los-maquinistas-a-una-reunion-para-intentar-evitar-nuevos-paros\\\/\",\"name\":\"Renfe convoca a los maquinistas a una reuni\\u00f3n para intentar evitar nuevos paros | El Digital de Asturias\",\"description\":\"Renfe ha convocado al sindicato de maquinistas Semaf a una reuni\\u00f3n prevista para la tarde de este viernes, con el fin de alcanzar un acuerdo que \\\"permita desconvocar\\\" los paros convocados en la compa\\u00f1\\u00eda ferroviaria para los pr\\u00f3ximos d\\u00edas, seg\\u00fan anunci\\u00f3 la operadora. La reuni\\u00f3n tendr\\u00e1 lugar despu\\u00e9s de que en la ma\\u00f1ana del lunes\",\"inLanguage\":\"es-ES\",\"isPartOf\":{\"@id\":\"https:\\\/\\\/eldigitaldeasturias.com\\\/magazine365\\\/#website\"},\"breadcrumb\":{\"@id\":\"https:\\\/\\\/eldigitaldeasturias.com\\\/magazine365\\\/renfe-convoca-a-los-maquinistas-a-una-reunion-para-intentar-evitar-nuevos-paros\\\/#breadcrumblist\"},\"author\":{\"@id\":\"https:\\\/\\\/eldigitaldeasturias.com\\\/magazine365\\\/author\\\/admin\\\/#author\"},\"creator\":{\"@id\":\"https:\\\/\\\/eldigitaldeasturias.com\\\/magazine365\\\/author\\\/admin\\\/#author\"},\"image\":{\"@type\":\"ImageObject\",\"url\":\"https:\\\/\\\/eldigitaldeasturias.com\\\/magazine365\\\/wp-content\\\/uploads\\\/2016\\\/06\\\/fotonoticia_20160613174911_800.jpg\",\"@id\":\"https:\\\/\\\/eldigitaldeasturias.com\\\/magazine365\\\/renfe-convoca-a-los-maquinistas-a-una-reunion-para-intentar-evitar-nuevos-paros\\\/#mainImage\",\"width\":800,\"height\":533},\"primaryImageOfPage\":{\"@id\":\"https:\\\/\\\/eldigitaldeasturias.com\\\/magazine365\\\/renfe-convoca-a-los-maquinistas-a-una-reunion-para-intentar-evitar-nuevos-paros\\\/#mainImage\"},\"datePublished\":\"2016-06-13T21:03:27+02:00\",\"dateModified\":\"2016-06-13T21:03:27+02:00\"},{\"@type\":\"WebSite\",\"@id\":\"https:\\\/\\\/eldigitaldeasturias.com\\\/magazine365\\\/#website\",\"url\":\"https:\\\/\\\/eldigitaldeasturias.com\\\/magazine365\\\/\",\"name\":\"El Digital de Asturias\",\"description\":\"Revista de ocio, turismo y estilo de vida\",\"inLanguage\":\"es-ES\",\"publisher\":{\"@id\":\"https:\\\/\\\/eldigitaldeasturias.com\\\/magazine365\\\/#organization\"}}]}\n\t\t<\/script>\n\t\t<!-- All in One SEO Pro -->\r\n\t\t<title>Renfe convoca a los maquinistas a una reuni\u00f3n para intentar evitar nuevos paros | El Digital de Asturias<\/title>\n\n","aioseo_head_json":{"title":"Renfe convoca a los maquinistas a una reuni\u00f3n para intentar evitar nuevos paros | El Digital de Asturias","description":"Renfe ha convocado al sindicato de maquinistas Semaf a una reuni\u00f3n prevista para la tarde de este viernes, con el fin de alcanzar un acuerdo que \"permita desconvocar\" los paros convocados en la compa\u00f1\u00eda ferroviaria para los pr\u00f3ximos d\u00edas, seg\u00fan anunci\u00f3 la operadora. La reuni\u00f3n tendr\u00e1 lugar despu\u00e9s de que en la ma\u00f1ana del lunes","canonical_url":"https:\/\/eldigitaldeasturias.com\/magazine365\/renfe-convoca-a-los-maquinistas-a-una-reunion-para-intentar-evitar-nuevos-paros\/","robots":"max-image-preview:large","keywords":"noticias y actualidad","webmasterTools":{"google-site-verification":"UA-38556648-1","miscellaneous":""},"schema":{"@context":"https:\/\/schema.org","@graph":[{"@type":"Article","@id":"https:\/\/eldigitaldeasturias.com\/magazine365\/renfe-convoca-a-los-maquinistas-a-una-reunion-para-intentar-evitar-nuevos-paros\/#article","name":"Renfe convoca a los maquinistas a una reuni\u00f3n para intentar evitar nuevos paros | El Digital de Asturias","headline":"Renfe convoca a los maquinistas a una reuni\u00f3n para intentar evitar nuevos paros","author":{"@id":"https:\/\/eldigitaldeasturias.com\/magazine365\/author\/admin\/#author"},"publisher":{"@id":"https:\/\/eldigitaldeasturias.com\/magazine365\/#organization"},"image":{"@type":"ImageObject","url":"https:\/\/eldigitaldeasturias.com\/magazine365\/wp-content\/uploads\/2016\/06\/fotonoticia_20160613174911_800.jpg","width":800,"height":533},"datePublished":"2016-06-13T21:03:27+02:00","dateModified":"2016-06-13T21:03:27+02:00","inLanguage":"es-ES","mainEntityOfPage":{"@id":"https:\/\/eldigitaldeasturias.com\/magazine365\/renfe-convoca-a-los-maquinistas-a-una-reunion-para-intentar-evitar-nuevos-paros\/#webpage"},"isPartOf":{"@id":"https:\/\/eldigitaldeasturias.com\/magazine365\/renfe-convoca-a-los-maquinistas-a-una-reunion-para-intentar-evitar-nuevos-paros\/#webpage"},"articleSection":"Noticias y Actualidad"},{"@type":"BreadcrumbList","@id":"https:\/\/eldigitaldeasturias.com\/magazine365\/renfe-convoca-a-los-maquinistas-a-una-reunion-para-intentar-evitar-nuevos-paros\/#breadcrumblist","itemListElement":[{"@type":"ListItem","@id":"https:\/\/eldigitaldeasturias.com\/magazine365#listItem","position":1,"name":"Home","item":"https:\/\/eldigitaldeasturias.com\/magazine365","nextItem":{"@type":"ListItem","@id":"https:\/\/eldigitaldeasturias.com\/magazine365\/category\/noticias-actualidad\/#listItem","name":"Noticias y Actualidad"}},{"@type":"ListItem","@id":"https:\/\/eldigitaldeasturias.com\/magazine365\/category\/noticias-actualidad\/#listItem","position":2,"name":"Noticias y Actualidad","item":"https:\/\/eldigitaldeasturias.com\/magazine365\/category\/noticias-actualidad\/","nextItem":{"@type":"ListItem","@id":"https:\/\/eldigitaldeasturias.com\/magazine365\/renfe-convoca-a-los-maquinistas-a-una-reunion-para-intentar-evitar-nuevos-paros\/#listItem","name":"Renfe convoca a los maquinistas a una reuni\u00f3n para intentar evitar nuevos paros"},"previousItem":{"@type":"ListItem","@id":"https:\/\/eldigitaldeasturias.com\/magazine365#listItem","name":"Home"}},{"@type":"ListItem","@id":"https:\/\/eldigitaldeasturias.com\/magazine365\/renfe-convoca-a-los-maquinistas-a-una-reunion-para-intentar-evitar-nuevos-paros\/#listItem","position":3,"name":"Renfe convoca a los maquinistas a una reuni\u00f3n para intentar evitar nuevos paros","previousItem":{"@type":"ListItem","@id":"https:\/\/eldigitaldeasturias.com\/magazine365\/category\/noticias-actualidad\/#listItem","name":"Noticias y Actualidad"}}]},{"@type":"Organization","@id":"https:\/\/eldigitaldeasturias.com\/magazine365\/#organization","name":"El digital de Asturias","description":"Revista de ocio, turismo y estilo de vida","url":"https:\/\/eldigitaldeasturias.com\/magazine365\/","logo":{"@type":"ImageObject","url":"https:\/\/www.eldigitaldeasturias.com\/noticias\/wp-content\/uploads\/2020\/12\/EDA.jpg","@id":"https:\/\/eldigitaldeasturias.com\/magazine365\/renfe-convoca-a-los-maquinistas-a-una-reunion-para-intentar-evitar-nuevos-paros\/#organizationLogo"},"image":{"@id":"https:\/\/eldigitaldeasturias.com\/magazine365\/renfe-convoca-a-los-maquinistas-a-una-reunion-para-intentar-evitar-nuevos-paros\/#organizationLogo"}},{"@type":"Person","@id":"https:\/\/eldigitaldeasturias.com\/magazine365\/author\/admin\/#author","url":"https:\/\/eldigitaldeasturias.com\/magazine365\/author\/admin\/","name":"admin","image":{"@type":"ImageObject","@id":"https:\/\/eldigitaldeasturias.com\/magazine365\/renfe-convoca-a-los-maquinistas-a-una-reunion-para-intentar-evitar-nuevos-paros\/#authorImage","url":"https:\/\/eldigitaldeasturias.com\/magazine365\/wp-content\/litespeed\/avatar\/e571bcf59a0edd6fa6838245a470f2fe.jpg?ver=1776969259","width":96,"height":96,"caption":"admin"}},{"@type":"WebPage","@id":"https:\/\/eldigitaldeasturias.com\/magazine365\/renfe-convoca-a-los-maquinistas-a-una-reunion-para-intentar-evitar-nuevos-paros\/#webpage","url":"https:\/\/eldigitaldeasturias.com\/magazine365\/renfe-convoca-a-los-maquinistas-a-una-reunion-para-intentar-evitar-nuevos-paros\/","name":"Renfe convoca a los maquinistas a una reuni\u00f3n para intentar evitar nuevos paros | El Digital de Asturias","description":"Renfe ha convocado al sindicato de maquinistas Semaf a una reuni\u00f3n prevista para la tarde de este viernes, con el fin de alcanzar un acuerdo que \"permita desconvocar\" los paros convocados en la compa\u00f1\u00eda ferroviaria para los pr\u00f3ximos d\u00edas, seg\u00fan anunci\u00f3 la operadora. La reuni\u00f3n tendr\u00e1 lugar despu\u00e9s de que en la ma\u00f1ana del lunes","inLanguage":"es-ES","isPartOf":{"@id":"https:\/\/eldigitaldeasturias.com\/magazine365\/#website"},"breadcrumb":{"@id":"https:\/\/eldigitaldeasturias.com\/magazine365\/renfe-convoca-a-los-maquinistas-a-una-reunion-para-intentar-evitar-nuevos-paros\/#breadcrumblist"},"author":{"@id":"https:\/\/eldigitaldeasturias.com\/magazine365\/author\/admin\/#author"},"creator":{"@id":"https:\/\/eldigitaldeasturias.com\/magazine365\/author\/admin\/#author"},"image":{"@type":"ImageObject","url":"https:\/\/eldigitaldeasturias.com\/magazine365\/wp-content\/uploads\/2016\/06\/fotonoticia_20160613174911_800.jpg","@id":"https:\/\/eldigitaldeasturias.com\/magazine365\/renfe-convoca-a-los-maquinistas-a-una-reunion-para-intentar-evitar-nuevos-paros\/#mainImage","width":800,"height":533},"primaryImageOfPage":{"@id":"https:\/\/eldigitaldeasturias.com\/magazine365\/renfe-convoca-a-los-maquinistas-a-una-reunion-para-intentar-evitar-nuevos-paros\/#mainImage"},"datePublished":"2016-06-13T21:03:27+02:00","dateModified":"2016-06-13T21:03:27+02:00"},{"@type":"WebSite","@id":"https:\/\/eldigitaldeasturias.com\/magazine365\/#website","url":"https:\/\/eldigitaldeasturias.com\/magazine365\/","name":"El Digital de Asturias","description":"Revista de ocio, turismo y estilo de vida","inLanguage":"es-ES","publisher":{"@id":"https:\/\/eldigitaldeasturias.com\/magazine365\/#organization"}}]},"og:locale":"es_ES","og:site_name":"El Digital de Asturias \u2013 Revista de ocio, turismo y estilo de vida","og:type":"article","og:title":"Renfe convoca a los maquinistas a una reuni\u00f3n para intentar evitar nuevos paros | El Digital de Asturias","og:description":"Renfe ha convocado al sindicato de maquinistas Semaf a una reuni\u00f3n prevista para la tarde de este viernes, con el fin de alcanzar un acuerdo que &quot;permita desconvocar&quot; los paros convocados en la compa\u00f1\u00eda ferroviaria para los pr\u00f3ximos d\u00edas, seg\u00fan anunci\u00f3 la operadora. La reuni\u00f3n tendr\u00e1 lugar despu\u00e9s de que en la ma\u00f1ana del lunes","og:url":"https:\/\/eldigitaldeasturias.com\/magazine365\/renfe-convoca-a-los-maquinistas-a-una-reunion-para-intentar-evitar-nuevos-paros\/","og:image":"https:\/\/eldigitaldeasturias.com\/magazine365\/wp-content\/uploads\/2016\/06\/fotonoticia_20160613174911_800.jpg","og:image:secure_url":"https:\/\/eldigitaldeasturias.com\/magazine365\/wp-content\/uploads\/2016\/06\/fotonoticia_20160613174911_800.jpg","og:image:width":800,"og:image:height":533,"article:published_time":"2016-06-13T19:03:27+00:00","article:modified_time":"2016-06-13T19:03:27+00:00","twitter:card":"summary_large_image","twitter:title":"Renfe convoca a los maquinistas a una reuni\u00f3n para intentar evitar nuevos paros | El Digital de Asturias","twitter:description":"Renfe ha convocado al sindicato de maquinistas Semaf a una reuni\u00f3n prevista para la tarde de este viernes, con el fin de alcanzar un acuerdo que &quot;permita desconvocar&quot; los paros convocados en la compa\u00f1\u00eda ferroviaria para los pr\u00f3ximos d\u00edas, seg\u00fan anunci\u00f3 la operadora. La reuni\u00f3n tendr\u00e1 lugar despu\u00e9s de que en la ma\u00f1ana del lunes","twitter:image":"https:\/\/eldigitaldeasturias.com\/magazine365\/wp-content\/uploads\/2016\/06\/fotonoticia_20160613174911_800.jpg"},"aioseo_meta_data":{"post_id":"79039","title":null,"description":null,"keywords":null,"keyphrases":null,"primary_term":null,"canonical_url":null,"og_title":null,"og_description":null,"og_object_type":"default","og_image_type":"default","og_image_url":null,"og_image_width":null,"og_image_height":null,"og_image_custom_url":null,"og_image_custom_fields":null,"og_video":null,"og_custom_url":null,"og_article_section":null,"og_article_tags":null,"twitter_use_og":false,"twitter_card":"default","twitter_image_type":"default","twitter_image_url":null,"twitter_image_custom_url":null,"twitter_image_custom_fields":null,"twitter_title":null,"twitter_description":null,"schema":{"blockGraphs":[],"customGraphs":[],"default":{"data":{"Article":[],"Course":[],"Dataset":[],"FAQPage":[],"Movie":[],"Person":[],"Product":[],"ProductReview":[],"Car":[],"Recipe":[],"Service":[],"SoftwareApplication":[],"WebPage":[]},"graphName":"","isEnabled":true},"graphs":[]},"schema_type":null,"schema_type_options":null,"pillar_content":false,"robots_default":true,"robots_noindex":false,"robots_noarchive":false,"robots_nosnippet":false,"robots_nofollow":false,"robots_noimageindex":false,"robots_noodp":false,"robots_notranslate":false,"robots_max_snippet":null,"robots_max_videopreview":null,"robots_max_imagepreview":"large","priority":null,"frequency":null,"location":null,"local_seo":null,"seo_analyzer_scan_date":"2025-09-27 18:07:27","breadcrumb_settings":null,"limit_modified_date":false,"open_ai":null,"ai":null,"created":"2021-03-08 17:53:10","updated":"2025-09-27 18:07:27"},"aioseo_breadcrumb":"<div class=\"aioseo-breadcrumbs\"><span class=\"aioseo-breadcrumb\">\n\t<a href=\"https:\/\/eldigitaldeasturias.com\/magazine365\" title=\"Home\">Home<\/a>\n<\/span><span class=\"aioseo-breadcrumb-separator\">\u2013<\/span><span class=\"aioseo-breadcrumb\">\n\t<a href=\"https:\/\/eldigitaldeasturias.com\/magazine365\/category\/noticias-actualidad\/\" title=\"Noticias y Actualidad\">Noticias y Actualidad<\/a>\n<\/span><span class=\"aioseo-breadcrumb-separator\">\u2013<\/span><span class=\"aioseo-breadcrumb\">\n\t<a href=\"https:\/\/eldigitaldeasturias.com\/magazine365\/renfe-convoca-a-los-maquinistas-a-una-reunion-para-intentar-evitar-nuevos-paros\/\" title=\"Renfe convoca a los maquinistas a una reuni\u00f3n para intentar evitar nuevos paros\">Renfe convoca a los maquinistas a una reuni\u00f3n para intentar evitar nuevos paros<\/a>\n<\/span><\/div>","aioseo_breadcrumb_json":[{"label":"Home","link":"https:\/\/eldigitaldeasturias.com\/magazine365"},{"label":"Noticias y Actualidad","link":"https:\/\/eldigitaldeasturias.com\/magazine365\/category\/noticias-actualidad\/"},{"label":"Renfe convoca a los maquinistas a una reuni\u00f3n para intentar evitar nuevos paros","link":"https:\/\/eldigitaldeasturias.com\/magazine365\/renfe-convoca-a-los-maquinistas-a-una-reunion-para-intentar-evitar-nuevos-paros\/"}],"_links":{"self":[{"href":"https:\/\/eldigitaldeasturias.com\/magazine365\/wp-json\/wp\/v2\/posts\/79039","targetHints":{"allow":["GET"]}}],"collection":[{"href":"https:\/\/eldigitaldeasturias.com\/magazine365\/wp-json\/wp\/v2\/posts"}],"about":[{"href":"https:\/\/eldigitaldeasturias.com\/magazine365\/wp-json\/wp\/v2\/types\/post"}],"author":[{"embeddable":true,"href":"https:\/\/eldigitaldeasturias.com\/magazine365\/wp-json\/wp\/v2\/users\/1"}],"replies":[{"embeddable":true,"href":"https:\/\/eldigitaldeasturias.com\/magazine365\/wp-json\/wp\/v2\/comments?post=79039"}],"version-history":[{"count":0,"href":"https:\/\/eldigitaldeasturias.com\/magazine365\/wp-json\/wp\/v2\/posts\/79039\/revisions"}],"wp:featuredmedia":[{"embeddable":true,"href":"https:\/\/eldigitaldeasturias.com\/magazine365\/wp-json\/wp\/v2\/media\/79040"}],"wp:attachment":[{"href":"https:\/\/eldigitaldeasturias.com\/magazine365\/wp-json\/wp\/v2\/media?parent=79039"}],"wp:term":[{"taxonomy":"category","embeddable":true,"href":"https:\/\/eldigitaldeasturias.com\/magazine365\/wp-json\/wp\/v2\/categories?post=79039"},{"taxonomy":"post_tag","embeddable":true,"href":"https:\/\/eldigitaldeasturias.com\/magazine365\/wp-json\/wp\/v2\/tags?post=79039"}],"curies":[{"name":"wp","href":"https:\/\/api.w.org\/{rel}","templated":true}]}}