{"id":79036,"date":"2016-06-13T20:39:07","date_gmt":"2016-06-13T18:39:07","guid":{"rendered":"http:\/\/eldigitaldeasturias.com\/magazine365\/?p=79036"},"modified":"2016-06-13T20:39:07","modified_gmt":"2016-06-13T18:39:07","slug":"el-brazo-financiero-de-air-france-blinda-la-totalidad-de-su-participacion-del-225-en-amadeus","status":"publish","type":"post","link":"https:\/\/eldigitaldeasturias.com\/magazine365\/el-brazo-financiero-de-air-france-blinda-la-totalidad-de-su-participacion-del-225-en-amadeus\/","title":{"rendered":"El brazo financiero de Air France &#8216;blinda&#8217; la totalidad de su participaci\u00f3n del 2,25% en Amadeus"},"content":{"rendered":"<p><img fetchpriority=\"high\" decoding=\"async\" class=\"alignleft size-medium wp-image-79037\" src=\"https:\/\/eldigitaldeasturias.com\/magazine365\/wp-content\/uploads\/2016\/06\/fotonoticia_20160613174533_800-360x240.jpg\" alt=\"fotonoticia_20160613174533_800\" width=\"360\" height=\"240\" srcset=\"https:\/\/eldigitaldeasturias.com\/magazine365\/wp-content\/uploads\/2016\/06\/fotonoticia_20160613174533_800-360x240.jpg 360w, https:\/\/eldigitaldeasturias.com\/magazine365\/wp-content\/uploads\/2016\/06\/fotonoticia_20160613174533_800-650x433.jpg 650w, https:\/\/eldigitaldeasturias.com\/magazine365\/wp-content\/uploads\/2016\/06\/fotonoticia_20160613174533_800-768x512.jpg 768w, https:\/\/eldigitaldeasturias.com\/magazine365\/wp-content\/uploads\/2016\/06\/fotonoticia_20160613174533_800-150x100.jpg 150w, https:\/\/eldigitaldeasturias.com\/magazine365\/wp-content\/uploads\/2016\/06\/fotonoticia_20160613174533_800-450x300.jpg 450w, https:\/\/eldigitaldeasturias.com\/magazine365\/wp-content\/uploads\/2016\/06\/fotonoticia_20160613174533_800-101x66.jpg 101w, https:\/\/eldigitaldeasturias.com\/magazine365\/wp-content\/uploads\/2016\/06\/fotonoticia_20160613174533_800.jpg 800w\" sizes=\"(max-width: 360px) 100vw, 360px\" \/>Air France Finance, el brazo inversor de la aerol\u00ednea gala, ha concertado hoy una operaci\u00f3n de derivados con Deutsche Bank sobre 3,3 millones de acciones de su titularidad en el proveedor tecnol\u00f3gico, representativas sobre el 0,75% del capital social, para proteger el valor de su participaci\u00f3n en Amadeus IT Holding.<\/p>\n<p>Deustche Bank, a los efectos de gestionar su exposici\u00f3n bajo el referido &#8216;collar&#8217;, ha suscrito con Air France Finance un pr\u00e9stamo de valores sobre dicho n\u00famero de t\u00edtulos de Amadeus, seg\u00fan indic\u00f3 en el brazo inversor de la aerol\u00ednea gala a la Comisi\u00f3n Nacional del Mercado de Valores (CNMV).<\/p>\n<p>Esta nueva operaci\u00f3n &#8216;collar&#8217; se suma a las ya suscritas anteriormente en operaciones similares con Soci\u00e9t\u00e9 G\u00e9n\u00e9ral, a mediados de mayo, y con Goldman Sachs un mes antes, ambas sobre otros 3,3 millones de t\u00edtulos de Amadeus en cada caso, representativas igualmente del 0,75% del capital social de su titularidad en la firma tecnol\u00f3gica.<\/p>\n<p>De esta forma, el brazo inversor de la aerol\u00ednea gala &#8216;blinda&#8217; la totalidad de su participaci\u00f3n en Amadeus, donde ostenta el 2,25% del capital social.<\/p>\n<p>Air France Finance busca as\u00ed proteger las disminuciones de valor de las 9,9 millones de acciones ordinarias de Amadeus de su titularidad, ante la volatilidad del mercado, seg\u00fan indic\u00f3 en un comunicado remitido a la Comisi\u00f3n Nacional del Mercado de Valores (CNMV).<\/p>\n<p>Los t\u00edtulos de Amadeus han cerrado la sesi\u00f3n burs\u00e1til de este lunes con una ca\u00edda del 1,29% y cotizan en el selectivo Ibex 35 a 39,52 euros la acci\u00f3n.<\/p>\n<p>ANTECEDENTES.<\/p>\n<p>Air France-KLM liquid\u00f3 los derivados financieros que ten\u00eda concertados en Amadeus desde 2012 por 12 millones de acciones a trav\u00e9s de una operaci\u00f3n &#8216;collar&#8217; por unos 212 millones, y vendi\u00f3 posteriormente el 2,2% de su capital en la sociedad, lo que supon\u00eda pr\u00e1cticamente salir de su accionariado.<\/p>\n<p>Tras esta operaci\u00f3n, Air France Finance, brazo financiero de la compa\u00f1\u00eda gala, pas\u00f3 de controlar el 5,04% al 2,25% del capital, 9,9 millones de acciones, respecto a las cuales el brazo inversor de la aerol\u00ednea suscribi\u00f3 una operaci\u00f3n de derivados financieros &#8216;collar&#8217; con la entidad Deustche Bank.<\/p>\n<p>Iberia, Air France, Lufthansa y Amadeus materializaron a finales de octubre de 2014 la ruptura del pacto de accionistas suscrito entre las partes el 29 de abril de 2010 dentro del capital de esta \u00faltima compa\u00f1\u00eda.<\/p>\n<p>&nbsp;<\/p>\n","protected":false},"excerpt":{"rendered":"<p>Air France Finance, el brazo inversor de la aerol\u00ednea gala, ha concertado hoy una operaci\u00f3n de derivados con Deutsche Bank sobre 3,3 millones de acciones de su titularidad en el proveedor tecnol\u00f3gico, representativas sobre el 0,75% del capital social, para proteger el valor de su participaci\u00f3n en Amadeus IT Holding. Deustche Bank, a los efectos<\/p>\n","protected":false},"author":1,"featured_media":79037,"comment_status":"open","ping_status":"closed","sticky":false,"template":"","format":"standard","meta":{"footnotes":""},"categories":[224],"tags":[],"class_list":{"0":"post-79036","1":"post","2":"type-post","3":"status-publish","4":"format-standard","5":"has-post-thumbnail","7":"category-noticias-actualidad"},"aioseo_notices":[],"aioseo_head":"\n\t\t<!-- All in One SEO Pro 4.9.6.1 - aioseo.com -->\n\t<meta name=\"description\" content=\"Air France Finance, el brazo inversor de la aerol\u00ednea gala, ha concertado hoy una operaci\u00f3n de derivados con Deutsche Bank sobre 3,3 millones de acciones de su titularidad en el proveedor tecnol\u00f3gico, representativas sobre el 0,75% del capital social, para proteger el valor de su participaci\u00f3n en Amadeus IT Holding. Deustche Bank, a los efectos\" \/>\n\t<meta name=\"robots\" content=\"max-image-preview:large\" \/>\n\t<meta name=\"author\" content=\"admin\"\/>\n\t<meta name=\"google-site-verification\" content=\"UA-38556648-1\" \/>\n\t<meta name=\"keywords\" content=\"noticias y actualidad\" \/>\n\t<link rel=\"canonical\" href=\"https:\/\/eldigitaldeasturias.com\/magazine365\/el-brazo-financiero-de-air-france-blinda-la-totalidad-de-su-participacion-del-225-en-amadeus\/\" \/>\n\t<meta name=\"generator\" content=\"All in One SEO Pro (AIOSEO) 4.9.6.1\" \/>\n\t\t<meta property=\"og:locale\" content=\"es_ES\" \/>\n\t\t<meta property=\"og:site_name\" content=\"El Digital de Asturias \u2013 Revista de ocio, turismo y estilo de vida\" \/>\n\t\t<meta property=\"og:type\" content=\"article\" \/>\n\t\t<meta property=\"og:title\" content=\"El brazo financiero de Air France \u2018blinda\u2019 la totalidad de su participaci\u00f3n del 2,25% en Amadeus | El Digital de Asturias\" \/>\n\t\t<meta property=\"og:description\" content=\"Air France Finance, el brazo inversor de la aerol\u00ednea gala, ha concertado hoy una operaci\u00f3n de derivados con Deutsche Bank sobre 3,3 millones de acciones de su titularidad en el proveedor tecnol\u00f3gico, representativas sobre el 0,75% del capital social, para proteger el valor de su participaci\u00f3n en Amadeus IT Holding. Deustche Bank, a los efectos\" \/>\n\t\t<meta property=\"og:url\" content=\"https:\/\/eldigitaldeasturias.com\/magazine365\/el-brazo-financiero-de-air-france-blinda-la-totalidad-de-su-participacion-del-225-en-amadeus\/\" \/>\n\t\t<meta property=\"og:image\" content=\"https:\/\/eldigitaldeasturias.com\/magazine365\/wp-content\/uploads\/2016\/06\/fotonoticia_20160613174533_800.jpg\" \/>\n\t\t<meta property=\"og:image:secure_url\" content=\"https:\/\/eldigitaldeasturias.com\/magazine365\/wp-content\/uploads\/2016\/06\/fotonoticia_20160613174533_800.jpg\" \/>\n\t\t<meta property=\"og:image:width\" content=\"800\" \/>\n\t\t<meta property=\"og:image:height\" content=\"533\" \/>\n\t\t<meta property=\"article:published_time\" content=\"2016-06-13T18:39:07+00:00\" \/>\n\t\t<meta property=\"article:modified_time\" content=\"2016-06-13T18:39:07+00:00\" \/>\n\t\t<meta name=\"twitter:card\" content=\"summary_large_image\" \/>\n\t\t<meta name=\"twitter:title\" content=\"El brazo financiero de Air France \u2018blinda\u2019 la totalidad de su participaci\u00f3n del 2,25% en Amadeus | El Digital de Asturias\" \/>\n\t\t<meta name=\"twitter:description\" content=\"Air France Finance, el brazo inversor de la aerol\u00ednea gala, ha concertado hoy una operaci\u00f3n de derivados con Deutsche Bank sobre 3,3 millones de acciones de su titularidad en el proveedor tecnol\u00f3gico, representativas sobre el 0,75% del capital social, para proteger el valor de su participaci\u00f3n en Amadeus IT Holding. Deustche Bank, a los efectos\" \/>\n\t\t<meta name=\"twitter:image\" content=\"https:\/\/eldigitaldeasturias.com\/magazine365\/wp-content\/uploads\/2016\/06\/fotonoticia_20160613174533_800.jpg\" \/>\n\t\t<script type=\"application\/ld+json\" class=\"aioseo-schema\">\n\t\t\t{\"@context\":\"https:\\\/\\\/schema.org\",\"@graph\":[{\"@type\":\"Article\",\"@id\":\"https:\\\/\\\/eldigitaldeasturias.com\\\/magazine365\\\/el-brazo-financiero-de-air-france-blinda-la-totalidad-de-su-participacion-del-225-en-amadeus\\\/#article\",\"name\":\"El brazo financiero de Air France \\u2018blinda\\u2019 la totalidad de su participaci\\u00f3n del 2,25% en Amadeus | El Digital de Asturias\",\"headline\":\"El brazo financiero de Air France &#8216;blinda&#8217; la totalidad de su participaci\\u00f3n del 2,25% en Amadeus\",\"author\":{\"@id\":\"https:\\\/\\\/eldigitaldeasturias.com\\\/magazine365\\\/author\\\/admin\\\/#author\"},\"publisher\":{\"@id\":\"https:\\\/\\\/eldigitaldeasturias.com\\\/magazine365\\\/#organization\"},\"image\":{\"@type\":\"ImageObject\",\"url\":\"https:\\\/\\\/eldigitaldeasturias.com\\\/magazine365\\\/wp-content\\\/uploads\\\/2016\\\/06\\\/fotonoticia_20160613174533_800.jpg\",\"width\":800,\"height\":533},\"datePublished\":\"2016-06-13T20:39:07+02:00\",\"dateModified\":\"2016-06-13T20:39:07+02:00\",\"inLanguage\":\"es-ES\",\"mainEntityOfPage\":{\"@id\":\"https:\\\/\\\/eldigitaldeasturias.com\\\/magazine365\\\/el-brazo-financiero-de-air-france-blinda-la-totalidad-de-su-participacion-del-225-en-amadeus\\\/#webpage\"},\"isPartOf\":{\"@id\":\"https:\\\/\\\/eldigitaldeasturias.com\\\/magazine365\\\/el-brazo-financiero-de-air-france-blinda-la-totalidad-de-su-participacion-del-225-en-amadeus\\\/#webpage\"},\"articleSection\":\"Noticias y Actualidad\"},{\"@type\":\"BreadcrumbList\",\"@id\":\"https:\\\/\\\/eldigitaldeasturias.com\\\/magazine365\\\/el-brazo-financiero-de-air-france-blinda-la-totalidad-de-su-participacion-del-225-en-amadeus\\\/#breadcrumblist\",\"itemListElement\":[{\"@type\":\"ListItem\",\"@id\":\"https:\\\/\\\/eldigitaldeasturias.com\\\/magazine365#listItem\",\"position\":1,\"name\":\"Home\",\"item\":\"https:\\\/\\\/eldigitaldeasturias.com\\\/magazine365\",\"nextItem\":{\"@type\":\"ListItem\",\"@id\":\"https:\\\/\\\/eldigitaldeasturias.com\\\/magazine365\\\/category\\\/noticias-actualidad\\\/#listItem\",\"name\":\"Noticias y Actualidad\"}},{\"@type\":\"ListItem\",\"@id\":\"https:\\\/\\\/eldigitaldeasturias.com\\\/magazine365\\\/category\\\/noticias-actualidad\\\/#listItem\",\"position\":2,\"name\":\"Noticias y Actualidad\",\"item\":\"https:\\\/\\\/eldigitaldeasturias.com\\\/magazine365\\\/category\\\/noticias-actualidad\\\/\",\"nextItem\":{\"@type\":\"ListItem\",\"@id\":\"https:\\\/\\\/eldigitaldeasturias.com\\\/magazine365\\\/el-brazo-financiero-de-air-france-blinda-la-totalidad-de-su-participacion-del-225-en-amadeus\\\/#listItem\",\"name\":\"El brazo financiero de Air France &#8216;blinda&#8217; la totalidad de su participaci\\u00f3n del 2,25% en Amadeus\"},\"previousItem\":{\"@type\":\"ListItem\",\"@id\":\"https:\\\/\\\/eldigitaldeasturias.com\\\/magazine365#listItem\",\"name\":\"Home\"}},{\"@type\":\"ListItem\",\"@id\":\"https:\\\/\\\/eldigitaldeasturias.com\\\/magazine365\\\/el-brazo-financiero-de-air-france-blinda-la-totalidad-de-su-participacion-del-225-en-amadeus\\\/#listItem\",\"position\":3,\"name\":\"El brazo financiero de Air France &#8216;blinda&#8217; la totalidad de su participaci\\u00f3n del 2,25% en Amadeus\",\"previousItem\":{\"@type\":\"ListItem\",\"@id\":\"https:\\\/\\\/eldigitaldeasturias.com\\\/magazine365\\\/category\\\/noticias-actualidad\\\/#listItem\",\"name\":\"Noticias y Actualidad\"}}]},{\"@type\":\"Organization\",\"@id\":\"https:\\\/\\\/eldigitaldeasturias.com\\\/magazine365\\\/#organization\",\"name\":\"El digital de Asturias\",\"description\":\"Revista de ocio, turismo y estilo de vida\",\"url\":\"https:\\\/\\\/eldigitaldeasturias.com\\\/magazine365\\\/\",\"logo\":{\"@type\":\"ImageObject\",\"url\":\"https:\\\/\\\/www.eldigitaldeasturias.com\\\/noticias\\\/wp-content\\\/uploads\\\/2020\\\/12\\\/EDA.jpg\",\"@id\":\"https:\\\/\\\/eldigitaldeasturias.com\\\/magazine365\\\/el-brazo-financiero-de-air-france-blinda-la-totalidad-de-su-participacion-del-225-en-amadeus\\\/#organizationLogo\"},\"image\":{\"@id\":\"https:\\\/\\\/eldigitaldeasturias.com\\\/magazine365\\\/el-brazo-financiero-de-air-france-blinda-la-totalidad-de-su-participacion-del-225-en-amadeus\\\/#organizationLogo\"}},{\"@type\":\"Person\",\"@id\":\"https:\\\/\\\/eldigitaldeasturias.com\\\/magazine365\\\/author\\\/admin\\\/#author\",\"url\":\"https:\\\/\\\/eldigitaldeasturias.com\\\/magazine365\\\/author\\\/admin\\\/\",\"name\":\"admin\",\"image\":{\"@type\":\"ImageObject\",\"@id\":\"https:\\\/\\\/eldigitaldeasturias.com\\\/magazine365\\\/el-brazo-financiero-de-air-france-blinda-la-totalidad-de-su-participacion-del-225-en-amadeus\\\/#authorImage\",\"url\":\"https:\\\/\\\/eldigitaldeasturias.com\\\/magazine365\\\/wp-content\\\/litespeed\\\/avatar\\\/e571bcf59a0edd6fa6838245a470f2fe.jpg?ver=1776969259\",\"width\":96,\"height\":96,\"caption\":\"admin\"}},{\"@type\":\"WebPage\",\"@id\":\"https:\\\/\\\/eldigitaldeasturias.com\\\/magazine365\\\/el-brazo-financiero-de-air-france-blinda-la-totalidad-de-su-participacion-del-225-en-amadeus\\\/#webpage\",\"url\":\"https:\\\/\\\/eldigitaldeasturias.com\\\/magazine365\\\/el-brazo-financiero-de-air-france-blinda-la-totalidad-de-su-participacion-del-225-en-amadeus\\\/\",\"name\":\"El brazo financiero de Air France \\u2018blinda\\u2019 la totalidad de su participaci\\u00f3n del 2,25% en Amadeus | El Digital de Asturias\",\"description\":\"Air France Finance, el brazo inversor de la aerol\\u00ednea gala, ha concertado hoy una operaci\\u00f3n de derivados con Deutsche Bank sobre 3,3 millones de acciones de su titularidad en el proveedor tecnol\\u00f3gico, representativas sobre el 0,75% del capital social, para proteger el valor de su participaci\\u00f3n en Amadeus IT Holding. Deustche Bank, a los efectos\",\"inLanguage\":\"es-ES\",\"isPartOf\":{\"@id\":\"https:\\\/\\\/eldigitaldeasturias.com\\\/magazine365\\\/#website\"},\"breadcrumb\":{\"@id\":\"https:\\\/\\\/eldigitaldeasturias.com\\\/magazine365\\\/el-brazo-financiero-de-air-france-blinda-la-totalidad-de-su-participacion-del-225-en-amadeus\\\/#breadcrumblist\"},\"author\":{\"@id\":\"https:\\\/\\\/eldigitaldeasturias.com\\\/magazine365\\\/author\\\/admin\\\/#author\"},\"creator\":{\"@id\":\"https:\\\/\\\/eldigitaldeasturias.com\\\/magazine365\\\/author\\\/admin\\\/#author\"},\"image\":{\"@type\":\"ImageObject\",\"url\":\"https:\\\/\\\/eldigitaldeasturias.com\\\/magazine365\\\/wp-content\\\/uploads\\\/2016\\\/06\\\/fotonoticia_20160613174533_800.jpg\",\"@id\":\"https:\\\/\\\/eldigitaldeasturias.com\\\/magazine365\\\/el-brazo-financiero-de-air-france-blinda-la-totalidad-de-su-participacion-del-225-en-amadeus\\\/#mainImage\",\"width\":800,\"height\":533},\"primaryImageOfPage\":{\"@id\":\"https:\\\/\\\/eldigitaldeasturias.com\\\/magazine365\\\/el-brazo-financiero-de-air-france-blinda-la-totalidad-de-su-participacion-del-225-en-amadeus\\\/#mainImage\"},\"datePublished\":\"2016-06-13T20:39:07+02:00\",\"dateModified\":\"2016-06-13T20:39:07+02:00\"},{\"@type\":\"WebSite\",\"@id\":\"https:\\\/\\\/eldigitaldeasturias.com\\\/magazine365\\\/#website\",\"url\":\"https:\\\/\\\/eldigitaldeasturias.com\\\/magazine365\\\/\",\"name\":\"El Digital de Asturias\",\"description\":\"Revista de ocio, turismo y estilo de vida\",\"inLanguage\":\"es-ES\",\"publisher\":{\"@id\":\"https:\\\/\\\/eldigitaldeasturias.com\\\/magazine365\\\/#organization\"}}]}\n\t\t<\/script>\n\t\t<!-- All in One SEO Pro -->\r\n\t\t<title>El brazo financiero de Air France \u2018blinda\u2019 la totalidad de su participaci\u00f3n del 2,25% en Amadeus | El Digital de Asturias<\/title>\n\n","aioseo_head_json":{"title":"El brazo financiero de Air France \u2018blinda\u2019 la totalidad de su participaci\u00f3n del 2,25% en Amadeus | El Digital de Asturias","description":"Air France Finance, el brazo inversor de la aerol\u00ednea gala, ha concertado hoy una operaci\u00f3n de derivados con Deutsche Bank sobre 3,3 millones de acciones de su titularidad en el proveedor tecnol\u00f3gico, representativas sobre el 0,75% del capital social, para proteger el valor de su participaci\u00f3n en Amadeus IT Holding. Deustche Bank, a los efectos","canonical_url":"https:\/\/eldigitaldeasturias.com\/magazine365\/el-brazo-financiero-de-air-france-blinda-la-totalidad-de-su-participacion-del-225-en-amadeus\/","robots":"max-image-preview:large","keywords":"noticias y actualidad","webmasterTools":{"google-site-verification":"UA-38556648-1","miscellaneous":""},"schema":{"@context":"https:\/\/schema.org","@graph":[{"@type":"Article","@id":"https:\/\/eldigitaldeasturias.com\/magazine365\/el-brazo-financiero-de-air-france-blinda-la-totalidad-de-su-participacion-del-225-en-amadeus\/#article","name":"El brazo financiero de Air France \u2018blinda\u2019 la totalidad de su participaci\u00f3n del 2,25% en Amadeus | El Digital de Asturias","headline":"El brazo financiero de Air France &#8216;blinda&#8217; la totalidad de su participaci\u00f3n del 2,25% en Amadeus","author":{"@id":"https:\/\/eldigitaldeasturias.com\/magazine365\/author\/admin\/#author"},"publisher":{"@id":"https:\/\/eldigitaldeasturias.com\/magazine365\/#organization"},"image":{"@type":"ImageObject","url":"https:\/\/eldigitaldeasturias.com\/magazine365\/wp-content\/uploads\/2016\/06\/fotonoticia_20160613174533_800.jpg","width":800,"height":533},"datePublished":"2016-06-13T20:39:07+02:00","dateModified":"2016-06-13T20:39:07+02:00","inLanguage":"es-ES","mainEntityOfPage":{"@id":"https:\/\/eldigitaldeasturias.com\/magazine365\/el-brazo-financiero-de-air-france-blinda-la-totalidad-de-su-participacion-del-225-en-amadeus\/#webpage"},"isPartOf":{"@id":"https:\/\/eldigitaldeasturias.com\/magazine365\/el-brazo-financiero-de-air-france-blinda-la-totalidad-de-su-participacion-del-225-en-amadeus\/#webpage"},"articleSection":"Noticias y Actualidad"},{"@type":"BreadcrumbList","@id":"https:\/\/eldigitaldeasturias.com\/magazine365\/el-brazo-financiero-de-air-france-blinda-la-totalidad-de-su-participacion-del-225-en-amadeus\/#breadcrumblist","itemListElement":[{"@type":"ListItem","@id":"https:\/\/eldigitaldeasturias.com\/magazine365#listItem","position":1,"name":"Home","item":"https:\/\/eldigitaldeasturias.com\/magazine365","nextItem":{"@type":"ListItem","@id":"https:\/\/eldigitaldeasturias.com\/magazine365\/category\/noticias-actualidad\/#listItem","name":"Noticias y Actualidad"}},{"@type":"ListItem","@id":"https:\/\/eldigitaldeasturias.com\/magazine365\/category\/noticias-actualidad\/#listItem","position":2,"name":"Noticias y Actualidad","item":"https:\/\/eldigitaldeasturias.com\/magazine365\/category\/noticias-actualidad\/","nextItem":{"@type":"ListItem","@id":"https:\/\/eldigitaldeasturias.com\/magazine365\/el-brazo-financiero-de-air-france-blinda-la-totalidad-de-su-participacion-del-225-en-amadeus\/#listItem","name":"El brazo financiero de Air France &#8216;blinda&#8217; la totalidad de su participaci\u00f3n del 2,25% en Amadeus"},"previousItem":{"@type":"ListItem","@id":"https:\/\/eldigitaldeasturias.com\/magazine365#listItem","name":"Home"}},{"@type":"ListItem","@id":"https:\/\/eldigitaldeasturias.com\/magazine365\/el-brazo-financiero-de-air-france-blinda-la-totalidad-de-su-participacion-del-225-en-amadeus\/#listItem","position":3,"name":"El brazo financiero de Air France &#8216;blinda&#8217; la totalidad de su participaci\u00f3n del 2,25% en Amadeus","previousItem":{"@type":"ListItem","@id":"https:\/\/eldigitaldeasturias.com\/magazine365\/category\/noticias-actualidad\/#listItem","name":"Noticias y Actualidad"}}]},{"@type":"Organization","@id":"https:\/\/eldigitaldeasturias.com\/magazine365\/#organization","name":"El digital de Asturias","description":"Revista de ocio, turismo y estilo de vida","url":"https:\/\/eldigitaldeasturias.com\/magazine365\/","logo":{"@type":"ImageObject","url":"https:\/\/www.eldigitaldeasturias.com\/noticias\/wp-content\/uploads\/2020\/12\/EDA.jpg","@id":"https:\/\/eldigitaldeasturias.com\/magazine365\/el-brazo-financiero-de-air-france-blinda-la-totalidad-de-su-participacion-del-225-en-amadeus\/#organizationLogo"},"image":{"@id":"https:\/\/eldigitaldeasturias.com\/magazine365\/el-brazo-financiero-de-air-france-blinda-la-totalidad-de-su-participacion-del-225-en-amadeus\/#organizationLogo"}},{"@type":"Person","@id":"https:\/\/eldigitaldeasturias.com\/magazine365\/author\/admin\/#author","url":"https:\/\/eldigitaldeasturias.com\/magazine365\/author\/admin\/","name":"admin","image":{"@type":"ImageObject","@id":"https:\/\/eldigitaldeasturias.com\/magazine365\/el-brazo-financiero-de-air-france-blinda-la-totalidad-de-su-participacion-del-225-en-amadeus\/#authorImage","url":"https:\/\/eldigitaldeasturias.com\/magazine365\/wp-content\/litespeed\/avatar\/e571bcf59a0edd6fa6838245a470f2fe.jpg?ver=1776969259","width":96,"height":96,"caption":"admin"}},{"@type":"WebPage","@id":"https:\/\/eldigitaldeasturias.com\/magazine365\/el-brazo-financiero-de-air-france-blinda-la-totalidad-de-su-participacion-del-225-en-amadeus\/#webpage","url":"https:\/\/eldigitaldeasturias.com\/magazine365\/el-brazo-financiero-de-air-france-blinda-la-totalidad-de-su-participacion-del-225-en-amadeus\/","name":"El brazo financiero de Air France \u2018blinda\u2019 la totalidad de su participaci\u00f3n del 2,25% en Amadeus | El Digital de Asturias","description":"Air France Finance, el brazo inversor de la aerol\u00ednea gala, ha concertado hoy una operaci\u00f3n de derivados con Deutsche Bank sobre 3,3 millones de acciones de su titularidad en el proveedor tecnol\u00f3gico, representativas sobre el 0,75% del capital social, para proteger el valor de su participaci\u00f3n en Amadeus IT Holding. Deustche Bank, a los efectos","inLanguage":"es-ES","isPartOf":{"@id":"https:\/\/eldigitaldeasturias.com\/magazine365\/#website"},"breadcrumb":{"@id":"https:\/\/eldigitaldeasturias.com\/magazine365\/el-brazo-financiero-de-air-france-blinda-la-totalidad-de-su-participacion-del-225-en-amadeus\/#breadcrumblist"},"author":{"@id":"https:\/\/eldigitaldeasturias.com\/magazine365\/author\/admin\/#author"},"creator":{"@id":"https:\/\/eldigitaldeasturias.com\/magazine365\/author\/admin\/#author"},"image":{"@type":"ImageObject","url":"https:\/\/eldigitaldeasturias.com\/magazine365\/wp-content\/uploads\/2016\/06\/fotonoticia_20160613174533_800.jpg","@id":"https:\/\/eldigitaldeasturias.com\/magazine365\/el-brazo-financiero-de-air-france-blinda-la-totalidad-de-su-participacion-del-225-en-amadeus\/#mainImage","width":800,"height":533},"primaryImageOfPage":{"@id":"https:\/\/eldigitaldeasturias.com\/magazine365\/el-brazo-financiero-de-air-france-blinda-la-totalidad-de-su-participacion-del-225-en-amadeus\/#mainImage"},"datePublished":"2016-06-13T20:39:07+02:00","dateModified":"2016-06-13T20:39:07+02:00"},{"@type":"WebSite","@id":"https:\/\/eldigitaldeasturias.com\/magazine365\/#website","url":"https:\/\/eldigitaldeasturias.com\/magazine365\/","name":"El Digital de Asturias","description":"Revista de ocio, turismo y estilo de vida","inLanguage":"es-ES","publisher":{"@id":"https:\/\/eldigitaldeasturias.com\/magazine365\/#organization"}}]},"og:locale":"es_ES","og:site_name":"El Digital de Asturias \u2013 Revista de ocio, turismo y estilo de vida","og:type":"article","og:title":"El brazo financiero de Air France \u2018blinda\u2019 la totalidad de su participaci\u00f3n del 2,25% en Amadeus | El Digital de Asturias","og:description":"Air France Finance, el brazo inversor de la aerol\u00ednea gala, ha concertado hoy una operaci\u00f3n de derivados con Deutsche Bank sobre 3,3 millones de acciones de su titularidad en el proveedor tecnol\u00f3gico, representativas sobre el 0,75% del capital social, para proteger el valor de su participaci\u00f3n en Amadeus IT Holding. Deustche Bank, a los efectos","og:url":"https:\/\/eldigitaldeasturias.com\/magazine365\/el-brazo-financiero-de-air-france-blinda-la-totalidad-de-su-participacion-del-225-en-amadeus\/","og:image":"https:\/\/eldigitaldeasturias.com\/magazine365\/wp-content\/uploads\/2016\/06\/fotonoticia_20160613174533_800.jpg","og:image:secure_url":"https:\/\/eldigitaldeasturias.com\/magazine365\/wp-content\/uploads\/2016\/06\/fotonoticia_20160613174533_800.jpg","og:image:width":800,"og:image:height":533,"article:published_time":"2016-06-13T18:39:07+00:00","article:modified_time":"2016-06-13T18:39:07+00:00","twitter:card":"summary_large_image","twitter:title":"El brazo financiero de Air France \u2018blinda\u2019 la totalidad de su participaci\u00f3n del 2,25% en Amadeus | El Digital de Asturias","twitter:description":"Air France Finance, el brazo inversor de la aerol\u00ednea gala, ha concertado hoy una operaci\u00f3n de derivados con Deutsche Bank sobre 3,3 millones de acciones de su titularidad en el proveedor tecnol\u00f3gico, representativas sobre el 0,75% del capital social, para proteger el valor de su participaci\u00f3n en Amadeus IT Holding. Deustche Bank, a los efectos","twitter:image":"https:\/\/eldigitaldeasturias.com\/magazine365\/wp-content\/uploads\/2016\/06\/fotonoticia_20160613174533_800.jpg"},"aioseo_meta_data":{"post_id":"79036","title":null,"description":null,"keywords":null,"keyphrases":null,"primary_term":null,"canonical_url":null,"og_title":null,"og_description":null,"og_object_type":"default","og_image_type":"default","og_image_url":null,"og_image_width":null,"og_image_height":null,"og_image_custom_url":null,"og_image_custom_fields":null,"og_video":null,"og_custom_url":null,"og_article_section":null,"og_article_tags":null,"twitter_use_og":false,"twitter_card":"default","twitter_image_type":"default","twitter_image_url":null,"twitter_image_custom_url":null,"twitter_image_custom_fields":null,"twitter_title":null,"twitter_description":null,"schema":{"blockGraphs":[],"customGraphs":[],"default":{"data":{"Article":[],"Course":[],"Dataset":[],"FAQPage":[],"Movie":[],"Person":[],"Product":[],"ProductReview":[],"Car":[],"Recipe":[],"Service":[],"SoftwareApplication":[],"WebPage":[]},"graphName":"","isEnabled":true},"graphs":[],"defaultGraph":"","defaultPostTypeGraph":""},"schema_type":null,"schema_type_options":null,"pillar_content":false,"robots_default":true,"robots_noindex":false,"robots_noarchive":false,"robots_nosnippet":false,"robots_nofollow":false,"robots_noimageindex":false,"robots_noodp":false,"robots_notranslate":false,"robots_max_snippet":null,"robots_max_videopreview":null,"robots_max_imagepreview":"large","priority":null,"frequency":null,"location":null,"local_seo":null,"seo_analyzer_scan_date":"2025-09-27 18:06:17","breadcrumb_settings":null,"limit_modified_date":false,"open_ai":null,"ai":null,"created":"2021-03-08 17:53:10","updated":"2025-09-27 18:06:17"},"aioseo_breadcrumb":"<div class=\"aioseo-breadcrumbs\"><span class=\"aioseo-breadcrumb\">\n\t<a href=\"https:\/\/eldigitaldeasturias.com\/magazine365\" title=\"Home\">Home<\/a>\n<\/span><span class=\"aioseo-breadcrumb-separator\">\u2013<\/span><span class=\"aioseo-breadcrumb\">\n\t<a href=\"https:\/\/eldigitaldeasturias.com\/magazine365\/category\/noticias-actualidad\/\" title=\"Noticias y Actualidad\">Noticias y Actualidad<\/a>\n<\/span><span class=\"aioseo-breadcrumb-separator\">\u2013<\/span><span class=\"aioseo-breadcrumb\">\n\t<a href=\"https:\/\/eldigitaldeasturias.com\/magazine365\/el-brazo-financiero-de-air-france-blinda-la-totalidad-de-su-participacion-del-225-en-amadeus\/\" title=\"El brazo financiero de Air France \u2018blinda\u2019 la totalidad de su participaci\u00f3n del 2,25% en Amadeus\">El brazo financiero de Air France \u2018blinda\u2019 la totalidad de su participaci\u00f3n del 2,25% en Amadeus<\/a>\n<\/span><\/div>","aioseo_breadcrumb_json":[{"label":"Home","link":"https:\/\/eldigitaldeasturias.com\/magazine365"},{"label":"Noticias y Actualidad","link":"https:\/\/eldigitaldeasturias.com\/magazine365\/category\/noticias-actualidad\/"},{"label":"El brazo financiero de Air France &#8216;blinda&#8217; la totalidad de su participaci\u00f3n del 2,25% en Amadeus","link":"https:\/\/eldigitaldeasturias.com\/magazine365\/el-brazo-financiero-de-air-france-blinda-la-totalidad-de-su-participacion-del-225-en-amadeus\/"}],"_links":{"self":[{"href":"https:\/\/eldigitaldeasturias.com\/magazine365\/wp-json\/wp\/v2\/posts\/79036","targetHints":{"allow":["GET"]}}],"collection":[{"href":"https:\/\/eldigitaldeasturias.com\/magazine365\/wp-json\/wp\/v2\/posts"}],"about":[{"href":"https:\/\/eldigitaldeasturias.com\/magazine365\/wp-json\/wp\/v2\/types\/post"}],"author":[{"embeddable":true,"href":"https:\/\/eldigitaldeasturias.com\/magazine365\/wp-json\/wp\/v2\/users\/1"}],"replies":[{"embeddable":true,"href":"https:\/\/eldigitaldeasturias.com\/magazine365\/wp-json\/wp\/v2\/comments?post=79036"}],"version-history":[{"count":0,"href":"https:\/\/eldigitaldeasturias.com\/magazine365\/wp-json\/wp\/v2\/posts\/79036\/revisions"}],"wp:featuredmedia":[{"embeddable":true,"href":"https:\/\/eldigitaldeasturias.com\/magazine365\/wp-json\/wp\/v2\/media\/79037"}],"wp:attachment":[{"href":"https:\/\/eldigitaldeasturias.com\/magazine365\/wp-json\/wp\/v2\/media?parent=79036"}],"wp:term":[{"taxonomy":"category","embeddable":true,"href":"https:\/\/eldigitaldeasturias.com\/magazine365\/wp-json\/wp\/v2\/categories?post=79036"},{"taxonomy":"post_tag","embeddable":true,"href":"https:\/\/eldigitaldeasturias.com\/magazine365\/wp-json\/wp\/v2\/tags?post=79036"}],"curies":[{"name":"wp","href":"https:\/\/api.w.org\/{rel}","templated":true}]}}