{"id":79029,"date":"2016-06-13T18:42:51","date_gmt":"2016-06-13T16:42:51","guid":{"rendered":"http:\/\/eldigitaldeasturias.com\/magazine365\/?p=79029"},"modified":"2016-06-13T18:42:51","modified_gmt":"2016-06-13T16:42:51","slug":"los-maquinistas-de-renfe-convocan-tres-huelgas-mas-coincidiendo-con-la-operacion-salida-de-julio","status":"publish","type":"post","link":"https:\/\/eldigitaldeasturias.com\/magazine365\/los-maquinistas-de-renfe-convocan-tres-huelgas-mas-coincidiendo-con-la-operacion-salida-de-julio\/","title":{"rendered":"Los maquinistas de Renfe convocan tres huelgas m\u00e1s coincidiendo con la operaci\u00f3n salida de julio"},"content":{"rendered":"<p><img fetchpriority=\"high\" decoding=\"async\" class=\"alignleft size-medium wp-image-79030\" src=\"https:\/\/eldigitaldeasturias.com\/magazine365\/wp-content\/uploads\/2016\/06\/fotonoticia_20160613165820_800-360x240.jpg\" alt=\"fotonoticia_20160613165820_800\" width=\"360\" height=\"240\" srcset=\"https:\/\/eldigitaldeasturias.com\/magazine365\/wp-content\/uploads\/2016\/06\/fotonoticia_20160613165820_800-360x240.jpg 360w, https:\/\/eldigitaldeasturias.com\/magazine365\/wp-content\/uploads\/2016\/06\/fotonoticia_20160613165820_800-650x433.jpg 650w, https:\/\/eldigitaldeasturias.com\/magazine365\/wp-content\/uploads\/2016\/06\/fotonoticia_20160613165820_800-768x512.jpg 768w, https:\/\/eldigitaldeasturias.com\/magazine365\/wp-content\/uploads\/2016\/06\/fotonoticia_20160613165820_800-150x100.jpg 150w, https:\/\/eldigitaldeasturias.com\/magazine365\/wp-content\/uploads\/2016\/06\/fotonoticia_20160613165820_800-450x300.jpg 450w, https:\/\/eldigitaldeasturias.com\/magazine365\/wp-content\/uploads\/2016\/06\/fotonoticia_20160613165820_800-101x66.jpg 101w, https:\/\/eldigitaldeasturias.com\/magazine365\/wp-content\/uploads\/2016\/06\/fotonoticia_20160613165820_800.jpg 800w\" sizes=\"(max-width: 360px) 100vw, 360px\" \/>El sindicato de maquinistas Semaf ha convocado tres jornadas m\u00e1s de huelga en Renfe, para los d\u00edas 24 y 29 de junio y el 1 de julio, fechas que coincidir\u00e1n con la primera &#8216;operaci\u00f3n salida&#8217; de las vacaciones de verano, seg\u00fan informaron a Europa Press en fuentes de la organizaci\u00f3n.<\/p>\n<p>Estos paros se sumar\u00e1n a los dos que a\u00fan le restan por lelvar a cabo del calendario que ya estaba convocado, el de ma\u00f1ana martes, 14 de junio, y el del jueves d\u00eda 16, y los dos que ya han realizado (el del viernes 10 de junio y el del domingo 12).<\/p>\n<p>Con la extensi\u00f3n de la convocatoria, Semaf cumple con lo previsto por el sindicato de alargar los paros en caso de que este lunes por la ma\u00f1ana no se hubiera alcanzado un acuerdo con la compa\u00f1\u00eda.<\/p>\n<p>A pesar de los nuevas huelgas, el sindicato acudir\u00e1 a la reuni\u00f3n que Renfe le ha convocado para las 17.00 horas de la tarde este lunes.<\/p>\n<p>Con estas movilizaciones, Semaf denuncia la demora que, seg\u00fan asegura, Renfe acumula a la hora de en poner en marcha distintas medidas acordadas con los sindicatos, como es el plan de empleo que habilita un sistema de salidas voluntarias de trabajadores de la empresa ligadas a nuevas incorporaciones. Tambi\u00e9n protestan por la situaci\u00f3n del negocio de mercanc\u00edas y por la disminuci\u00f3n de los servicios de v\u00eda estrecha heredados de la extinta Feve.<\/p>\n<p>De su lado, Renfe se\u00f1ala que el objetivo \u00faltimo de los maquinistas con los paros es determinar el sistema por que el deben incorporarse a la compa\u00f1\u00eda los nuevos conductores, algo que, seg\u00fan aseguran, debe realizarse por concurso p\u00fablico por tratarse de una empresa estatal.<\/p>\n<p>La operadora asegura que el plan de empleo est\u00e1 ya en marcha, tiene un coste de 32 millones de euros y supondr\u00e1 que este a\u00f1o sea \u00abuno de los que m\u00e1s empleo\u00bb se genere en Renfe en toda su historia.<\/p>\n","protected":false},"excerpt":{"rendered":"<p>El sindicato de maquinistas Semaf ha convocado tres jornadas m\u00e1s de huelga en Renfe, para los d\u00edas 24 y 29 de junio y el 1 de julio, fechas que coincidir\u00e1n con la primera &#8216;operaci\u00f3n salida&#8217; de las vacaciones de verano, seg\u00fan informaron a Europa Press en fuentes de la organizaci\u00f3n. Estos paros se sumar\u00e1n a<\/p>\n","protected":false},"author":1,"featured_media":79030,"comment_status":"open","ping_status":"closed","sticky":false,"template":"","format":"standard","meta":{"footnotes":""},"categories":[224],"tags":[],"class_list":{"0":"post-79029","1":"post","2":"type-post","3":"status-publish","4":"format-standard","5":"has-post-thumbnail","7":"category-noticias-actualidad"},"aioseo_notices":[],"aioseo_head":"\n\t\t<!-- All in One SEO Pro 4.9.6.1 - aioseo.com -->\n\t<meta name=\"description\" content=\"El sindicato de maquinistas Semaf ha convocado tres jornadas m\u00e1s de huelga en Renfe, para los d\u00edas 24 y 29 de junio y el 1 de julio, fechas que coincidir\u00e1n con la primera &#039;operaci\u00f3n salida&#039; de las vacaciones de verano, seg\u00fan informaron a Europa Press en fuentes de la organizaci\u00f3n. Estos paros se sumar\u00e1n a\" \/>\n\t<meta name=\"robots\" content=\"max-image-preview:large\" \/>\n\t<meta name=\"author\" content=\"admin\"\/>\n\t<meta name=\"google-site-verification\" content=\"UA-38556648-1\" \/>\n\t<meta name=\"keywords\" content=\"noticias y actualidad\" \/>\n\t<link rel=\"canonical\" href=\"https:\/\/eldigitaldeasturias.com\/magazine365\/los-maquinistas-de-renfe-convocan-tres-huelgas-mas-coincidiendo-con-la-operacion-salida-de-julio\/\" \/>\n\t<meta name=\"generator\" content=\"All in One SEO Pro (AIOSEO) 4.9.6.1\" \/>\n\t\t<meta property=\"og:locale\" content=\"es_ES\" \/>\n\t\t<meta property=\"og:site_name\" content=\"El Digital de Asturias \u2013 Revista de ocio, turismo y estilo de vida\" \/>\n\t\t<meta property=\"og:type\" content=\"article\" \/>\n\t\t<meta property=\"og:title\" content=\"Los maquinistas de Renfe convocan tres huelgas m\u00e1s coincidiendo con la operaci\u00f3n salida de julio | El Digital de Asturias\" \/>\n\t\t<meta property=\"og:description\" content=\"El sindicato de maquinistas Semaf ha convocado tres jornadas m\u00e1s de huelga en Renfe, para los d\u00edas 24 y 29 de junio y el 1 de julio, fechas que coincidir\u00e1n con la primera &#039;operaci\u00f3n salida&#039; de las vacaciones de verano, seg\u00fan informaron a Europa Press en fuentes de la organizaci\u00f3n. Estos paros se sumar\u00e1n a\" \/>\n\t\t<meta property=\"og:url\" content=\"https:\/\/eldigitaldeasturias.com\/magazine365\/los-maquinistas-de-renfe-convocan-tres-huelgas-mas-coincidiendo-con-la-operacion-salida-de-julio\/\" \/>\n\t\t<meta property=\"og:image\" content=\"https:\/\/eldigitaldeasturias.com\/magazine365\/wp-content\/uploads\/2016\/06\/fotonoticia_20160613165820_800.jpg\" \/>\n\t\t<meta property=\"og:image:secure_url\" content=\"https:\/\/eldigitaldeasturias.com\/magazine365\/wp-content\/uploads\/2016\/06\/fotonoticia_20160613165820_800.jpg\" \/>\n\t\t<meta property=\"og:image:width\" content=\"800\" \/>\n\t\t<meta property=\"og:image:height\" content=\"533\" \/>\n\t\t<meta property=\"article:published_time\" content=\"2016-06-13T16:42:51+00:00\" \/>\n\t\t<meta property=\"article:modified_time\" content=\"2016-06-13T16:42:51+00:00\" \/>\n\t\t<meta name=\"twitter:card\" content=\"summary_large_image\" \/>\n\t\t<meta name=\"twitter:title\" content=\"Los maquinistas de Renfe convocan tres huelgas m\u00e1s coincidiendo con la operaci\u00f3n salida de julio | El Digital de Asturias\" \/>\n\t\t<meta name=\"twitter:description\" content=\"El sindicato de maquinistas Semaf ha convocado tres jornadas m\u00e1s de huelga en Renfe, para los d\u00edas 24 y 29 de junio y el 1 de julio, fechas que coincidir\u00e1n con la primera &#039;operaci\u00f3n salida&#039; de las vacaciones de verano, seg\u00fan informaron a Europa Press en fuentes de la organizaci\u00f3n. Estos paros se sumar\u00e1n a\" \/>\n\t\t<meta name=\"twitter:image\" content=\"https:\/\/eldigitaldeasturias.com\/magazine365\/wp-content\/uploads\/2016\/06\/fotonoticia_20160613165820_800.jpg\" \/>\n\t\t<script type=\"application\/ld+json\" class=\"aioseo-schema\">\n\t\t\t{\"@context\":\"https:\\\/\\\/schema.org\",\"@graph\":[{\"@type\":\"Article\",\"@id\":\"https:\\\/\\\/eldigitaldeasturias.com\\\/magazine365\\\/los-maquinistas-de-renfe-convocan-tres-huelgas-mas-coincidiendo-con-la-operacion-salida-de-julio\\\/#article\",\"name\":\"Los maquinistas de Renfe convocan tres huelgas m\\u00e1s coincidiendo con la operaci\\u00f3n salida de julio | El Digital de Asturias\",\"headline\":\"Los maquinistas de Renfe convocan tres huelgas m\\u00e1s coincidiendo con la operaci\\u00f3n salida de julio\",\"author\":{\"@id\":\"https:\\\/\\\/eldigitaldeasturias.com\\\/magazine365\\\/author\\\/admin\\\/#author\"},\"publisher\":{\"@id\":\"https:\\\/\\\/eldigitaldeasturias.com\\\/magazine365\\\/#organization\"},\"image\":{\"@type\":\"ImageObject\",\"url\":\"https:\\\/\\\/eldigitaldeasturias.com\\\/magazine365\\\/wp-content\\\/uploads\\\/2016\\\/06\\\/fotonoticia_20160613165820_800.jpg\",\"width\":800,\"height\":533},\"datePublished\":\"2016-06-13T18:42:51+02:00\",\"dateModified\":\"2016-06-13T18:42:51+02:00\",\"inLanguage\":\"es-ES\",\"mainEntityOfPage\":{\"@id\":\"https:\\\/\\\/eldigitaldeasturias.com\\\/magazine365\\\/los-maquinistas-de-renfe-convocan-tres-huelgas-mas-coincidiendo-con-la-operacion-salida-de-julio\\\/#webpage\"},\"isPartOf\":{\"@id\":\"https:\\\/\\\/eldigitaldeasturias.com\\\/magazine365\\\/los-maquinistas-de-renfe-convocan-tres-huelgas-mas-coincidiendo-con-la-operacion-salida-de-julio\\\/#webpage\"},\"articleSection\":\"Noticias y Actualidad\"},{\"@type\":\"BreadcrumbList\",\"@id\":\"https:\\\/\\\/eldigitaldeasturias.com\\\/magazine365\\\/los-maquinistas-de-renfe-convocan-tres-huelgas-mas-coincidiendo-con-la-operacion-salida-de-julio\\\/#breadcrumblist\",\"itemListElement\":[{\"@type\":\"ListItem\",\"@id\":\"https:\\\/\\\/eldigitaldeasturias.com\\\/magazine365#listItem\",\"position\":1,\"name\":\"Home\",\"item\":\"https:\\\/\\\/eldigitaldeasturias.com\\\/magazine365\",\"nextItem\":{\"@type\":\"ListItem\",\"@id\":\"https:\\\/\\\/eldigitaldeasturias.com\\\/magazine365\\\/category\\\/noticias-actualidad\\\/#listItem\",\"name\":\"Noticias y Actualidad\"}},{\"@type\":\"ListItem\",\"@id\":\"https:\\\/\\\/eldigitaldeasturias.com\\\/magazine365\\\/category\\\/noticias-actualidad\\\/#listItem\",\"position\":2,\"name\":\"Noticias y Actualidad\",\"item\":\"https:\\\/\\\/eldigitaldeasturias.com\\\/magazine365\\\/category\\\/noticias-actualidad\\\/\",\"nextItem\":{\"@type\":\"ListItem\",\"@id\":\"https:\\\/\\\/eldigitaldeasturias.com\\\/magazine365\\\/los-maquinistas-de-renfe-convocan-tres-huelgas-mas-coincidiendo-con-la-operacion-salida-de-julio\\\/#listItem\",\"name\":\"Los maquinistas de Renfe convocan tres huelgas m\\u00e1s coincidiendo con la operaci\\u00f3n salida de julio\"},\"previousItem\":{\"@type\":\"ListItem\",\"@id\":\"https:\\\/\\\/eldigitaldeasturias.com\\\/magazine365#listItem\",\"name\":\"Home\"}},{\"@type\":\"ListItem\",\"@id\":\"https:\\\/\\\/eldigitaldeasturias.com\\\/magazine365\\\/los-maquinistas-de-renfe-convocan-tres-huelgas-mas-coincidiendo-con-la-operacion-salida-de-julio\\\/#listItem\",\"position\":3,\"name\":\"Los maquinistas de Renfe convocan tres huelgas m\\u00e1s coincidiendo con la operaci\\u00f3n salida de julio\",\"previousItem\":{\"@type\":\"ListItem\",\"@id\":\"https:\\\/\\\/eldigitaldeasturias.com\\\/magazine365\\\/category\\\/noticias-actualidad\\\/#listItem\",\"name\":\"Noticias y Actualidad\"}}]},{\"@type\":\"Organization\",\"@id\":\"https:\\\/\\\/eldigitaldeasturias.com\\\/magazine365\\\/#organization\",\"name\":\"El digital de Asturias\",\"description\":\"Revista de ocio, turismo y estilo de vida\",\"url\":\"https:\\\/\\\/eldigitaldeasturias.com\\\/magazine365\\\/\",\"logo\":{\"@type\":\"ImageObject\",\"url\":\"https:\\\/\\\/www.eldigitaldeasturias.com\\\/noticias\\\/wp-content\\\/uploads\\\/2020\\\/12\\\/EDA.jpg\",\"@id\":\"https:\\\/\\\/eldigitaldeasturias.com\\\/magazine365\\\/los-maquinistas-de-renfe-convocan-tres-huelgas-mas-coincidiendo-con-la-operacion-salida-de-julio\\\/#organizationLogo\"},\"image\":{\"@id\":\"https:\\\/\\\/eldigitaldeasturias.com\\\/magazine365\\\/los-maquinistas-de-renfe-convocan-tres-huelgas-mas-coincidiendo-con-la-operacion-salida-de-julio\\\/#organizationLogo\"}},{\"@type\":\"Person\",\"@id\":\"https:\\\/\\\/eldigitaldeasturias.com\\\/magazine365\\\/author\\\/admin\\\/#author\",\"url\":\"https:\\\/\\\/eldigitaldeasturias.com\\\/magazine365\\\/author\\\/admin\\\/\",\"name\":\"admin\",\"image\":{\"@type\":\"ImageObject\",\"@id\":\"https:\\\/\\\/eldigitaldeasturias.com\\\/magazine365\\\/los-maquinistas-de-renfe-convocan-tres-huelgas-mas-coincidiendo-con-la-operacion-salida-de-julio\\\/#authorImage\",\"url\":\"https:\\\/\\\/eldigitaldeasturias.com\\\/magazine365\\\/wp-content\\\/litespeed\\\/avatar\\\/e571bcf59a0edd6fa6838245a470f2fe.jpg?ver=1776969259\",\"width\":96,\"height\":96,\"caption\":\"admin\"}},{\"@type\":\"WebPage\",\"@id\":\"https:\\\/\\\/eldigitaldeasturias.com\\\/magazine365\\\/los-maquinistas-de-renfe-convocan-tres-huelgas-mas-coincidiendo-con-la-operacion-salida-de-julio\\\/#webpage\",\"url\":\"https:\\\/\\\/eldigitaldeasturias.com\\\/magazine365\\\/los-maquinistas-de-renfe-convocan-tres-huelgas-mas-coincidiendo-con-la-operacion-salida-de-julio\\\/\",\"name\":\"Los maquinistas de Renfe convocan tres huelgas m\\u00e1s coincidiendo con la operaci\\u00f3n salida de julio | El Digital de Asturias\",\"description\":\"El sindicato de maquinistas Semaf ha convocado tres jornadas m\\u00e1s de huelga en Renfe, para los d\\u00edas 24 y 29 de junio y el 1 de julio, fechas que coincidir\\u00e1n con la primera 'operaci\\u00f3n salida' de las vacaciones de verano, seg\\u00fan informaron a Europa Press en fuentes de la organizaci\\u00f3n. Estos paros se sumar\\u00e1n a\",\"inLanguage\":\"es-ES\",\"isPartOf\":{\"@id\":\"https:\\\/\\\/eldigitaldeasturias.com\\\/magazine365\\\/#website\"},\"breadcrumb\":{\"@id\":\"https:\\\/\\\/eldigitaldeasturias.com\\\/magazine365\\\/los-maquinistas-de-renfe-convocan-tres-huelgas-mas-coincidiendo-con-la-operacion-salida-de-julio\\\/#breadcrumblist\"},\"author\":{\"@id\":\"https:\\\/\\\/eldigitaldeasturias.com\\\/magazine365\\\/author\\\/admin\\\/#author\"},\"creator\":{\"@id\":\"https:\\\/\\\/eldigitaldeasturias.com\\\/magazine365\\\/author\\\/admin\\\/#author\"},\"image\":{\"@type\":\"ImageObject\",\"url\":\"https:\\\/\\\/eldigitaldeasturias.com\\\/magazine365\\\/wp-content\\\/uploads\\\/2016\\\/06\\\/fotonoticia_20160613165820_800.jpg\",\"@id\":\"https:\\\/\\\/eldigitaldeasturias.com\\\/magazine365\\\/los-maquinistas-de-renfe-convocan-tres-huelgas-mas-coincidiendo-con-la-operacion-salida-de-julio\\\/#mainImage\",\"width\":800,\"height\":533},\"primaryImageOfPage\":{\"@id\":\"https:\\\/\\\/eldigitaldeasturias.com\\\/magazine365\\\/los-maquinistas-de-renfe-convocan-tres-huelgas-mas-coincidiendo-con-la-operacion-salida-de-julio\\\/#mainImage\"},\"datePublished\":\"2016-06-13T18:42:51+02:00\",\"dateModified\":\"2016-06-13T18:42:51+02:00\"},{\"@type\":\"WebSite\",\"@id\":\"https:\\\/\\\/eldigitaldeasturias.com\\\/magazine365\\\/#website\",\"url\":\"https:\\\/\\\/eldigitaldeasturias.com\\\/magazine365\\\/\",\"name\":\"El Digital de Asturias\",\"description\":\"Revista de ocio, turismo y estilo de vida\",\"inLanguage\":\"es-ES\",\"publisher\":{\"@id\":\"https:\\\/\\\/eldigitaldeasturias.com\\\/magazine365\\\/#organization\"}}]}\n\t\t<\/script>\n\t\t<!-- All in One SEO Pro -->\r\n\t\t<title>Los maquinistas de Renfe convocan tres huelgas m\u00e1s coincidiendo con la operaci\u00f3n salida de julio | El Digital de Asturias<\/title>\n\n","aioseo_head_json":{"title":"Los maquinistas de Renfe convocan tres huelgas m\u00e1s coincidiendo con la operaci\u00f3n salida de julio | El Digital de Asturias","description":"El sindicato de maquinistas Semaf ha convocado tres jornadas m\u00e1s de huelga en Renfe, para los d\u00edas 24 y 29 de junio y el 1 de julio, fechas que coincidir\u00e1n con la primera 'operaci\u00f3n salida' de las vacaciones de verano, seg\u00fan informaron a Europa Press en fuentes de la organizaci\u00f3n. Estos paros se sumar\u00e1n a","canonical_url":"https:\/\/eldigitaldeasturias.com\/magazine365\/los-maquinistas-de-renfe-convocan-tres-huelgas-mas-coincidiendo-con-la-operacion-salida-de-julio\/","robots":"max-image-preview:large","keywords":"noticias y actualidad","webmasterTools":{"google-site-verification":"UA-38556648-1","miscellaneous":""},"schema":{"@context":"https:\/\/schema.org","@graph":[{"@type":"Article","@id":"https:\/\/eldigitaldeasturias.com\/magazine365\/los-maquinistas-de-renfe-convocan-tres-huelgas-mas-coincidiendo-con-la-operacion-salida-de-julio\/#article","name":"Los maquinistas de Renfe convocan tres huelgas m\u00e1s coincidiendo con la operaci\u00f3n salida de julio | El Digital de Asturias","headline":"Los maquinistas de Renfe convocan tres huelgas m\u00e1s coincidiendo con la operaci\u00f3n salida de julio","author":{"@id":"https:\/\/eldigitaldeasturias.com\/magazine365\/author\/admin\/#author"},"publisher":{"@id":"https:\/\/eldigitaldeasturias.com\/magazine365\/#organization"},"image":{"@type":"ImageObject","url":"https:\/\/eldigitaldeasturias.com\/magazine365\/wp-content\/uploads\/2016\/06\/fotonoticia_20160613165820_800.jpg","width":800,"height":533},"datePublished":"2016-06-13T18:42:51+02:00","dateModified":"2016-06-13T18:42:51+02:00","inLanguage":"es-ES","mainEntityOfPage":{"@id":"https:\/\/eldigitaldeasturias.com\/magazine365\/los-maquinistas-de-renfe-convocan-tres-huelgas-mas-coincidiendo-con-la-operacion-salida-de-julio\/#webpage"},"isPartOf":{"@id":"https:\/\/eldigitaldeasturias.com\/magazine365\/los-maquinistas-de-renfe-convocan-tres-huelgas-mas-coincidiendo-con-la-operacion-salida-de-julio\/#webpage"},"articleSection":"Noticias y Actualidad"},{"@type":"BreadcrumbList","@id":"https:\/\/eldigitaldeasturias.com\/magazine365\/los-maquinistas-de-renfe-convocan-tres-huelgas-mas-coincidiendo-con-la-operacion-salida-de-julio\/#breadcrumblist","itemListElement":[{"@type":"ListItem","@id":"https:\/\/eldigitaldeasturias.com\/magazine365#listItem","position":1,"name":"Home","item":"https:\/\/eldigitaldeasturias.com\/magazine365","nextItem":{"@type":"ListItem","@id":"https:\/\/eldigitaldeasturias.com\/magazine365\/category\/noticias-actualidad\/#listItem","name":"Noticias y Actualidad"}},{"@type":"ListItem","@id":"https:\/\/eldigitaldeasturias.com\/magazine365\/category\/noticias-actualidad\/#listItem","position":2,"name":"Noticias y Actualidad","item":"https:\/\/eldigitaldeasturias.com\/magazine365\/category\/noticias-actualidad\/","nextItem":{"@type":"ListItem","@id":"https:\/\/eldigitaldeasturias.com\/magazine365\/los-maquinistas-de-renfe-convocan-tres-huelgas-mas-coincidiendo-con-la-operacion-salida-de-julio\/#listItem","name":"Los maquinistas de Renfe convocan tres huelgas m\u00e1s coincidiendo con la operaci\u00f3n salida de julio"},"previousItem":{"@type":"ListItem","@id":"https:\/\/eldigitaldeasturias.com\/magazine365#listItem","name":"Home"}},{"@type":"ListItem","@id":"https:\/\/eldigitaldeasturias.com\/magazine365\/los-maquinistas-de-renfe-convocan-tres-huelgas-mas-coincidiendo-con-la-operacion-salida-de-julio\/#listItem","position":3,"name":"Los maquinistas de Renfe convocan tres huelgas m\u00e1s coincidiendo con la operaci\u00f3n salida de julio","previousItem":{"@type":"ListItem","@id":"https:\/\/eldigitaldeasturias.com\/magazine365\/category\/noticias-actualidad\/#listItem","name":"Noticias y Actualidad"}}]},{"@type":"Organization","@id":"https:\/\/eldigitaldeasturias.com\/magazine365\/#organization","name":"El digital de Asturias","description":"Revista de ocio, turismo y estilo de vida","url":"https:\/\/eldigitaldeasturias.com\/magazine365\/","logo":{"@type":"ImageObject","url":"https:\/\/www.eldigitaldeasturias.com\/noticias\/wp-content\/uploads\/2020\/12\/EDA.jpg","@id":"https:\/\/eldigitaldeasturias.com\/magazine365\/los-maquinistas-de-renfe-convocan-tres-huelgas-mas-coincidiendo-con-la-operacion-salida-de-julio\/#organizationLogo"},"image":{"@id":"https:\/\/eldigitaldeasturias.com\/magazine365\/los-maquinistas-de-renfe-convocan-tres-huelgas-mas-coincidiendo-con-la-operacion-salida-de-julio\/#organizationLogo"}},{"@type":"Person","@id":"https:\/\/eldigitaldeasturias.com\/magazine365\/author\/admin\/#author","url":"https:\/\/eldigitaldeasturias.com\/magazine365\/author\/admin\/","name":"admin","image":{"@type":"ImageObject","@id":"https:\/\/eldigitaldeasturias.com\/magazine365\/los-maquinistas-de-renfe-convocan-tres-huelgas-mas-coincidiendo-con-la-operacion-salida-de-julio\/#authorImage","url":"https:\/\/eldigitaldeasturias.com\/magazine365\/wp-content\/litespeed\/avatar\/e571bcf59a0edd6fa6838245a470f2fe.jpg?ver=1776969259","width":96,"height":96,"caption":"admin"}},{"@type":"WebPage","@id":"https:\/\/eldigitaldeasturias.com\/magazine365\/los-maquinistas-de-renfe-convocan-tres-huelgas-mas-coincidiendo-con-la-operacion-salida-de-julio\/#webpage","url":"https:\/\/eldigitaldeasturias.com\/magazine365\/los-maquinistas-de-renfe-convocan-tres-huelgas-mas-coincidiendo-con-la-operacion-salida-de-julio\/","name":"Los maquinistas de Renfe convocan tres huelgas m\u00e1s coincidiendo con la operaci\u00f3n salida de julio | El Digital de Asturias","description":"El sindicato de maquinistas Semaf ha convocado tres jornadas m\u00e1s de huelga en Renfe, para los d\u00edas 24 y 29 de junio y el 1 de julio, fechas que coincidir\u00e1n con la primera 'operaci\u00f3n salida' de las vacaciones de verano, seg\u00fan informaron a Europa Press en fuentes de la organizaci\u00f3n. Estos paros se sumar\u00e1n a","inLanguage":"es-ES","isPartOf":{"@id":"https:\/\/eldigitaldeasturias.com\/magazine365\/#website"},"breadcrumb":{"@id":"https:\/\/eldigitaldeasturias.com\/magazine365\/los-maquinistas-de-renfe-convocan-tres-huelgas-mas-coincidiendo-con-la-operacion-salida-de-julio\/#breadcrumblist"},"author":{"@id":"https:\/\/eldigitaldeasturias.com\/magazine365\/author\/admin\/#author"},"creator":{"@id":"https:\/\/eldigitaldeasturias.com\/magazine365\/author\/admin\/#author"},"image":{"@type":"ImageObject","url":"https:\/\/eldigitaldeasturias.com\/magazine365\/wp-content\/uploads\/2016\/06\/fotonoticia_20160613165820_800.jpg","@id":"https:\/\/eldigitaldeasturias.com\/magazine365\/los-maquinistas-de-renfe-convocan-tres-huelgas-mas-coincidiendo-con-la-operacion-salida-de-julio\/#mainImage","width":800,"height":533},"primaryImageOfPage":{"@id":"https:\/\/eldigitaldeasturias.com\/magazine365\/los-maquinistas-de-renfe-convocan-tres-huelgas-mas-coincidiendo-con-la-operacion-salida-de-julio\/#mainImage"},"datePublished":"2016-06-13T18:42:51+02:00","dateModified":"2016-06-13T18:42:51+02:00"},{"@type":"WebSite","@id":"https:\/\/eldigitaldeasturias.com\/magazine365\/#website","url":"https:\/\/eldigitaldeasturias.com\/magazine365\/","name":"El Digital de Asturias","description":"Revista de ocio, turismo y estilo de vida","inLanguage":"es-ES","publisher":{"@id":"https:\/\/eldigitaldeasturias.com\/magazine365\/#organization"}}]},"og:locale":"es_ES","og:site_name":"El Digital de Asturias \u2013 Revista de ocio, turismo y estilo de vida","og:type":"article","og:title":"Los maquinistas de Renfe convocan tres huelgas m\u00e1s coincidiendo con la operaci\u00f3n salida de julio | El Digital de Asturias","og:description":"El sindicato de maquinistas Semaf ha convocado tres jornadas m\u00e1s de huelga en Renfe, para los d\u00edas 24 y 29 de junio y el 1 de julio, fechas que coincidir\u00e1n con la primera 'operaci\u00f3n salida' de las vacaciones de verano, seg\u00fan informaron a Europa Press en fuentes de la organizaci\u00f3n. Estos paros se sumar\u00e1n a","og:url":"https:\/\/eldigitaldeasturias.com\/magazine365\/los-maquinistas-de-renfe-convocan-tres-huelgas-mas-coincidiendo-con-la-operacion-salida-de-julio\/","og:image":"https:\/\/eldigitaldeasturias.com\/magazine365\/wp-content\/uploads\/2016\/06\/fotonoticia_20160613165820_800.jpg","og:image:secure_url":"https:\/\/eldigitaldeasturias.com\/magazine365\/wp-content\/uploads\/2016\/06\/fotonoticia_20160613165820_800.jpg","og:image:width":800,"og:image:height":533,"article:published_time":"2016-06-13T16:42:51+00:00","article:modified_time":"2016-06-13T16:42:51+00:00","twitter:card":"summary_large_image","twitter:title":"Los maquinistas de Renfe convocan tres huelgas m\u00e1s coincidiendo con la operaci\u00f3n salida de julio | El Digital de Asturias","twitter:description":"El sindicato de maquinistas Semaf ha convocado tres jornadas m\u00e1s de huelga en Renfe, para los d\u00edas 24 y 29 de junio y el 1 de julio, fechas que coincidir\u00e1n con la primera 'operaci\u00f3n salida' de las vacaciones de verano, seg\u00fan informaron a Europa Press en fuentes de la organizaci\u00f3n. Estos paros se sumar\u00e1n a","twitter:image":"https:\/\/eldigitaldeasturias.com\/magazine365\/wp-content\/uploads\/2016\/06\/fotonoticia_20160613165820_800.jpg"},"aioseo_meta_data":{"post_id":"79029","title":null,"description":null,"keywords":null,"keyphrases":null,"primary_term":null,"canonical_url":null,"og_title":null,"og_description":null,"og_object_type":"default","og_image_type":"default","og_image_url":null,"og_image_width":null,"og_image_height":null,"og_image_custom_url":null,"og_image_custom_fields":null,"og_video":null,"og_custom_url":null,"og_article_section":null,"og_article_tags":null,"twitter_use_og":false,"twitter_card":"default","twitter_image_type":"default","twitter_image_url":null,"twitter_image_custom_url":null,"twitter_image_custom_fields":null,"twitter_title":null,"twitter_description":null,"schema":{"blockGraphs":[],"customGraphs":[],"default":{"data":{"Article":[],"Course":[],"Dataset":[],"FAQPage":[],"Movie":[],"Person":[],"Product":[],"ProductReview":[],"Car":[],"Recipe":[],"Service":[],"SoftwareApplication":[],"WebPage":[]},"graphName":"","isEnabled":true},"graphs":[],"defaultGraph":"","defaultPostTypeGraph":""},"schema_type":null,"schema_type_options":null,"pillar_content":false,"robots_default":true,"robots_noindex":false,"robots_noarchive":false,"robots_nosnippet":false,"robots_nofollow":false,"robots_noimageindex":false,"robots_noodp":false,"robots_notranslate":false,"robots_max_snippet":null,"robots_max_videopreview":null,"robots_max_imagepreview":"large","priority":null,"frequency":null,"location":null,"local_seo":null,"seo_analyzer_scan_date":"2025-09-27 18:06:15","breadcrumb_settings":null,"limit_modified_date":false,"open_ai":null,"ai":null,"created":"2021-03-08 17:53:10","updated":"2025-09-27 18:06:15"},"aioseo_breadcrumb":"<div class=\"aioseo-breadcrumbs\"><span class=\"aioseo-breadcrumb\">\n\t<a href=\"https:\/\/eldigitaldeasturias.com\/magazine365\" title=\"Home\">Home<\/a>\n<\/span><span class=\"aioseo-breadcrumb-separator\">\u2013<\/span><span class=\"aioseo-breadcrumb\">\n\t<a href=\"https:\/\/eldigitaldeasturias.com\/magazine365\/category\/noticias-actualidad\/\" title=\"Noticias y Actualidad\">Noticias y Actualidad<\/a>\n<\/span><span class=\"aioseo-breadcrumb-separator\">\u2013<\/span><span class=\"aioseo-breadcrumb\">\n\t<a href=\"https:\/\/eldigitaldeasturias.com\/magazine365\/los-maquinistas-de-renfe-convocan-tres-huelgas-mas-coincidiendo-con-la-operacion-salida-de-julio\/\" title=\"Los maquinistas de Renfe convocan tres huelgas m\u00e1s coincidiendo con la operaci\u00f3n salida de julio\">Los maquinistas de Renfe convocan tres huelgas m\u00e1s coincidiendo con la operaci\u00f3n salida de julio<\/a>\n<\/span><\/div>","aioseo_breadcrumb_json":[{"label":"Home","link":"https:\/\/eldigitaldeasturias.com\/magazine365"},{"label":"Noticias y Actualidad","link":"https:\/\/eldigitaldeasturias.com\/magazine365\/category\/noticias-actualidad\/"},{"label":"Los maquinistas de Renfe convocan tres huelgas m\u00e1s coincidiendo con la operaci\u00f3n salida de julio","link":"https:\/\/eldigitaldeasturias.com\/magazine365\/los-maquinistas-de-renfe-convocan-tres-huelgas-mas-coincidiendo-con-la-operacion-salida-de-julio\/"}],"_links":{"self":[{"href":"https:\/\/eldigitaldeasturias.com\/magazine365\/wp-json\/wp\/v2\/posts\/79029","targetHints":{"allow":["GET"]}}],"collection":[{"href":"https:\/\/eldigitaldeasturias.com\/magazine365\/wp-json\/wp\/v2\/posts"}],"about":[{"href":"https:\/\/eldigitaldeasturias.com\/magazine365\/wp-json\/wp\/v2\/types\/post"}],"author":[{"embeddable":true,"href":"https:\/\/eldigitaldeasturias.com\/magazine365\/wp-json\/wp\/v2\/users\/1"}],"replies":[{"embeddable":true,"href":"https:\/\/eldigitaldeasturias.com\/magazine365\/wp-json\/wp\/v2\/comments?post=79029"}],"version-history":[{"count":0,"href":"https:\/\/eldigitaldeasturias.com\/magazine365\/wp-json\/wp\/v2\/posts\/79029\/revisions"}],"wp:featuredmedia":[{"embeddable":true,"href":"https:\/\/eldigitaldeasturias.com\/magazine365\/wp-json\/wp\/v2\/media\/79030"}],"wp:attachment":[{"href":"https:\/\/eldigitaldeasturias.com\/magazine365\/wp-json\/wp\/v2\/media?parent=79029"}],"wp:term":[{"taxonomy":"category","embeddable":true,"href":"https:\/\/eldigitaldeasturias.com\/magazine365\/wp-json\/wp\/v2\/categories?post=79029"},{"taxonomy":"post_tag","embeddable":true,"href":"https:\/\/eldigitaldeasturias.com\/magazine365\/wp-json\/wp\/v2\/tags?post=79029"}],"curies":[{"name":"wp","href":"https:\/\/api.w.org\/{rel}","templated":true}]}}