{"id":79017,"date":"2016-06-13T18:39:08","date_gmt":"2016-06-13T16:39:08","guid":{"rendered":"http:\/\/eldigitaldeasturias.com\/magazine365\/?p=79017"},"modified":"2016-06-13T18:39:08","modified_gmt":"2016-06-13T16:39:08","slug":"desviado-a-bilbao-un-vuelo-por-la-niebla-cuyo-aterrizaje-estaba-previsto-en-santander","status":"publish","type":"post","link":"https:\/\/eldigitaldeasturias.com\/magazine365\/desviado-a-bilbao-un-vuelo-por-la-niebla-cuyo-aterrizaje-estaba-previsto-en-santander\/","title":{"rendered":"Desviado a Bilbao un vuelo por la niebla cuyo aterrizaje estaba previsto en Santander"},"content":{"rendered":"<p><img fetchpriority=\"high\" decoding=\"async\" class=\"alignleft size-medium wp-image-79018\" src=\"https:\/\/eldigitaldeasturias.com\/magazine365\/wp-content\/uploads\/2016\/06\/fotonoticia_20160613163324_800-360x243.jpg\" alt=\"fotonoticia_20160613163324_800\" width=\"360\" height=\"243\" srcset=\"https:\/\/eldigitaldeasturias.com\/magazine365\/wp-content\/uploads\/2016\/06\/fotonoticia_20160613163324_800-360x243.jpg 360w, https:\/\/eldigitaldeasturias.com\/magazine365\/wp-content\/uploads\/2016\/06\/fotonoticia_20160613163324_800-650x438.jpg 650w, https:\/\/eldigitaldeasturias.com\/magazine365\/wp-content\/uploads\/2016\/06\/fotonoticia_20160613163324_800-768x517.jpg 768w, https:\/\/eldigitaldeasturias.com\/magazine365\/wp-content\/uploads\/2016\/06\/fotonoticia_20160613163324_800-150x101.jpg 150w, https:\/\/eldigitaldeasturias.com\/magazine365\/wp-content\/uploads\/2016\/06\/fotonoticia_20160613163324_800-450x303.jpg 450w, https:\/\/eldigitaldeasturias.com\/magazine365\/wp-content\/uploads\/2016\/06\/fotonoticia_20160613163324_800.jpg 800w\" sizes=\"(max-width: 360px) 100vw, 360px\" \/>El avi\u00f3n de Vueling procedente de Barcelona y que ten\u00eda previsto su aterrizaje en Santander hacia las 12 horas de este lunes ha sido desviado a Bilbao por la niebla, pr\u00e1cticamente una hora antes de estrenarse el nuevo ILS, la ayuda a la navegaci\u00f3n en caso de este fen\u00f3meno meteorol\u00f3gico.<\/p>\n<p>El sistema, que ha entrado en funcionamiento en torno a las 13 horas, est\u00e1 \u00aboperativo y funcionando correctamente\u00bb, seg\u00fan han asegurado a Europa Press fuentes de AENA (Aeropuertos Espa\u00f1oles y Navegaci\u00f3n A\u00e9rea), que han precisado que el resto de vuelos programados esta jornada en el &#8216;Seve Ballesteros&#8217; se est\u00e1n operando con total normalidad.<\/p>\n<p>En cuanto al desviado a la vecina provincia vasca, que deb\u00eda aterrizar en la capital c\u00e1ntabra a las 11.55 horas, los pasajeros han sido trasladados a Santander en autob\u00fas, al igual que el pasaje del correspondiente viaje de salida, que una vez en la capital vizca\u00edna han salido en avi\u00f3n rumbo a la ciudad condal.<\/p>\n<p>Este desv\u00edo se suma a otro efectuado recientemente, el pasado jueves por la noche y tambi\u00e9n por niebla: el del avi\u00f3n de Vueling procedente del aeropuerto de Par\u00eds Charles de Gaulle.<\/p>\n<h2 class=\"ladillo\">ILS<\/h2>\n<p>Por su parte, el ILS se ha estrenado esta semana, tal y como estaba previsto. Ha entrado en funcionamiento despu\u00e9s de realizarse las oportunas comprobaciones de comunicaci\u00f3n entre el dispositivo y la torre de control, que es lo que quedaba pendiente.<\/p>\n<p>Su instalaci\u00f3n, que ha precisado una obra de un mill\u00f3n de euros, garantiza el aterrizaje de aviones con niebla \u00aben determinadas condiciones\u00bb, lo cual implica que puede haber alg\u00fan desv\u00edo, aunque se espera que no se produzcan o que sea el menor n\u00famero posible.<\/p>\n<p>Se ha escogido este periodo para su implantaci\u00f3n porque hist\u00f3ricamente es la \u00e9poca del a\u00f1o de menor afecci\u00f3n por niebla en el aeropuerto c\u00e1ntabro. El nuevo ILS, de \u00faltima tecnolog\u00eda, facilitar\u00e1 el aterrizaje en el aeropuerto santanderino en caso de meteorolog\u00eda adversa.<\/p>\n<p>Aunque el ILS ha estado desconectado varias semanas, el aeropuerto dispone de otras ayudas a la navegaci\u00f3n en caso de niebla que pone a disposici\u00f3n de las compa\u00f1\u00edas.<\/p>\n<p>De hecho, el aeropuerto Seve Ballesteros-Santander dispone de un servicio pionero en Espa\u00f1a y que existe en \u00abmuy pocos\u00bb aeropuertos: una ayuda a la navegaci\u00f3n por GPS.<\/p>\n<p>Los procedimientos de aproximaci\u00f3n que utilicen GPS\/EGNOS, que pone a su disposici\u00f3n Enaire, los pueden realizar todas las compa\u00f1\u00edas a\u00e9reas cuyos aviones est\u00e9n debidamente equipados con la avi\u00f3nica necesaria (receptor, antenas, etc.) y cuenten con la aprobaci\u00f3n operacional por parte de la autoridad de aviaci\u00f3n civil correspondiente.<\/p>\n<p>Se pueden realizar aproximaciones a las pistas 11 y 29 del aeropuerto de Santander en condiciones meteorol\u00f3gicas adversas con la base de nubes a unos 100 metros o m\u00e1s por encima de la pistas.<\/p>\n","protected":false},"excerpt":{"rendered":"<p>El avi\u00f3n de Vueling procedente de Barcelona y que ten\u00eda previsto su aterrizaje en Santander hacia las 12 horas de este lunes ha sido desviado a Bilbao por la niebla, pr\u00e1cticamente una hora antes de estrenarse el nuevo ILS, la ayuda a la navegaci\u00f3n en caso de este fen\u00f3meno meteorol\u00f3gico. El sistema, que ha entrado<\/p>\n","protected":false},"author":1,"featured_media":79018,"comment_status":"open","ping_status":"closed","sticky":false,"template":"","format":"standard","meta":{"footnotes":""},"categories":[224],"tags":[],"class_list":{"0":"post-79017","1":"post","2":"type-post","3":"status-publish","4":"format-standard","5":"has-post-thumbnail","7":"category-noticias-actualidad"},"aioseo_notices":[],"aioseo_head":"\n\t\t<!-- All in One SEO Pro 4.9.6.1 - aioseo.com -->\n\t<meta name=\"description\" content=\"El avi\u00f3n de Vueling procedente de Barcelona y que ten\u00eda previsto su aterrizaje en Santander hacia las 12 horas de este lunes ha sido desviado a Bilbao por la niebla, pr\u00e1cticamente una hora antes de estrenarse el nuevo ILS, la ayuda a la navegaci\u00f3n en caso de este fen\u00f3meno meteorol\u00f3gico. El sistema, que ha entrado\" \/>\n\t<meta name=\"robots\" content=\"max-image-preview:large\" \/>\n\t<meta name=\"author\" content=\"admin\"\/>\n\t<meta name=\"google-site-verification\" content=\"UA-38556648-1\" \/>\n\t<meta name=\"keywords\" content=\"noticias y actualidad\" \/>\n\t<link rel=\"canonical\" href=\"https:\/\/eldigitaldeasturias.com\/magazine365\/desviado-a-bilbao-un-vuelo-por-la-niebla-cuyo-aterrizaje-estaba-previsto-en-santander\/\" \/>\n\t<meta name=\"generator\" content=\"All in One SEO Pro (AIOSEO) 4.9.6.1\" \/>\n\t\t<meta property=\"og:locale\" content=\"es_ES\" \/>\n\t\t<meta property=\"og:site_name\" content=\"El Digital de Asturias \u2013 Revista de ocio, turismo y estilo de vida\" \/>\n\t\t<meta property=\"og:type\" content=\"article\" \/>\n\t\t<meta property=\"og:title\" content=\"Desviado a Bilbao un vuelo por la niebla cuyo aterrizaje estaba previsto en Santander | El Digital de Asturias\" \/>\n\t\t<meta property=\"og:description\" content=\"El avi\u00f3n de Vueling procedente de Barcelona y que ten\u00eda previsto su aterrizaje en Santander hacia las 12 horas de este lunes ha sido desviado a Bilbao por la niebla, pr\u00e1cticamente una hora antes de estrenarse el nuevo ILS, la ayuda a la navegaci\u00f3n en caso de este fen\u00f3meno meteorol\u00f3gico. El sistema, que ha entrado\" \/>\n\t\t<meta property=\"og:url\" content=\"https:\/\/eldigitaldeasturias.com\/magazine365\/desviado-a-bilbao-un-vuelo-por-la-niebla-cuyo-aterrizaje-estaba-previsto-en-santander\/\" \/>\n\t\t<meta property=\"og:image\" content=\"https:\/\/eldigitaldeasturias.com\/magazine365\/wp-content\/uploads\/2016\/06\/fotonoticia_20160613163324_800.jpg\" \/>\n\t\t<meta property=\"og:image:secure_url\" content=\"https:\/\/eldigitaldeasturias.com\/magazine365\/wp-content\/uploads\/2016\/06\/fotonoticia_20160613163324_800.jpg\" \/>\n\t\t<meta property=\"og:image:width\" content=\"800\" \/>\n\t\t<meta property=\"og:image:height\" content=\"539\" \/>\n\t\t<meta property=\"article:published_time\" content=\"2016-06-13T16:39:08+00:00\" \/>\n\t\t<meta property=\"article:modified_time\" content=\"2016-06-13T16:39:08+00:00\" \/>\n\t\t<meta name=\"twitter:card\" content=\"summary_large_image\" \/>\n\t\t<meta name=\"twitter:title\" content=\"Desviado a Bilbao un vuelo por la niebla cuyo aterrizaje estaba previsto en Santander | El Digital de Asturias\" \/>\n\t\t<meta name=\"twitter:description\" content=\"El avi\u00f3n de Vueling procedente de Barcelona y que ten\u00eda previsto su aterrizaje en Santander hacia las 12 horas de este lunes ha sido desviado a Bilbao por la niebla, pr\u00e1cticamente una hora antes de estrenarse el nuevo ILS, la ayuda a la navegaci\u00f3n en caso de este fen\u00f3meno meteorol\u00f3gico. El sistema, que ha entrado\" \/>\n\t\t<meta name=\"twitter:image\" content=\"https:\/\/eldigitaldeasturias.com\/magazine365\/wp-content\/uploads\/2016\/06\/fotonoticia_20160613163324_800.jpg\" \/>\n\t\t<script type=\"application\/ld+json\" class=\"aioseo-schema\">\n\t\t\t{\"@context\":\"https:\\\/\\\/schema.org\",\"@graph\":[{\"@type\":\"Article\",\"@id\":\"https:\\\/\\\/eldigitaldeasturias.com\\\/magazine365\\\/desviado-a-bilbao-un-vuelo-por-la-niebla-cuyo-aterrizaje-estaba-previsto-en-santander\\\/#article\",\"name\":\"Desviado a Bilbao un vuelo por la niebla cuyo aterrizaje estaba previsto en Santander | El Digital de Asturias\",\"headline\":\"Desviado a Bilbao un vuelo por la niebla cuyo aterrizaje estaba previsto en Santander\",\"author\":{\"@id\":\"https:\\\/\\\/eldigitaldeasturias.com\\\/magazine365\\\/author\\\/admin\\\/#author\"},\"publisher\":{\"@id\":\"https:\\\/\\\/eldigitaldeasturias.com\\\/magazine365\\\/#organization\"},\"image\":{\"@type\":\"ImageObject\",\"url\":\"https:\\\/\\\/eldigitaldeasturias.com\\\/magazine365\\\/wp-content\\\/uploads\\\/2016\\\/06\\\/fotonoticia_20160613163324_800.jpg\",\"width\":800,\"height\":539},\"datePublished\":\"2016-06-13T18:39:08+02:00\",\"dateModified\":\"2016-06-13T18:39:08+02:00\",\"inLanguage\":\"es-ES\",\"mainEntityOfPage\":{\"@id\":\"https:\\\/\\\/eldigitaldeasturias.com\\\/magazine365\\\/desviado-a-bilbao-un-vuelo-por-la-niebla-cuyo-aterrizaje-estaba-previsto-en-santander\\\/#webpage\"},\"isPartOf\":{\"@id\":\"https:\\\/\\\/eldigitaldeasturias.com\\\/magazine365\\\/desviado-a-bilbao-un-vuelo-por-la-niebla-cuyo-aterrizaje-estaba-previsto-en-santander\\\/#webpage\"},\"articleSection\":\"Noticias y Actualidad\"},{\"@type\":\"BreadcrumbList\",\"@id\":\"https:\\\/\\\/eldigitaldeasturias.com\\\/magazine365\\\/desviado-a-bilbao-un-vuelo-por-la-niebla-cuyo-aterrizaje-estaba-previsto-en-santander\\\/#breadcrumblist\",\"itemListElement\":[{\"@type\":\"ListItem\",\"@id\":\"https:\\\/\\\/eldigitaldeasturias.com\\\/magazine365#listItem\",\"position\":1,\"name\":\"Home\",\"item\":\"https:\\\/\\\/eldigitaldeasturias.com\\\/magazine365\",\"nextItem\":{\"@type\":\"ListItem\",\"@id\":\"https:\\\/\\\/eldigitaldeasturias.com\\\/magazine365\\\/category\\\/noticias-actualidad\\\/#listItem\",\"name\":\"Noticias y Actualidad\"}},{\"@type\":\"ListItem\",\"@id\":\"https:\\\/\\\/eldigitaldeasturias.com\\\/magazine365\\\/category\\\/noticias-actualidad\\\/#listItem\",\"position\":2,\"name\":\"Noticias y Actualidad\",\"item\":\"https:\\\/\\\/eldigitaldeasturias.com\\\/magazine365\\\/category\\\/noticias-actualidad\\\/\",\"nextItem\":{\"@type\":\"ListItem\",\"@id\":\"https:\\\/\\\/eldigitaldeasturias.com\\\/magazine365\\\/desviado-a-bilbao-un-vuelo-por-la-niebla-cuyo-aterrizaje-estaba-previsto-en-santander\\\/#listItem\",\"name\":\"Desviado a Bilbao un vuelo por la niebla cuyo aterrizaje estaba previsto en Santander\"},\"previousItem\":{\"@type\":\"ListItem\",\"@id\":\"https:\\\/\\\/eldigitaldeasturias.com\\\/magazine365#listItem\",\"name\":\"Home\"}},{\"@type\":\"ListItem\",\"@id\":\"https:\\\/\\\/eldigitaldeasturias.com\\\/magazine365\\\/desviado-a-bilbao-un-vuelo-por-la-niebla-cuyo-aterrizaje-estaba-previsto-en-santander\\\/#listItem\",\"position\":3,\"name\":\"Desviado a Bilbao un vuelo por la niebla cuyo aterrizaje estaba previsto en Santander\",\"previousItem\":{\"@type\":\"ListItem\",\"@id\":\"https:\\\/\\\/eldigitaldeasturias.com\\\/magazine365\\\/category\\\/noticias-actualidad\\\/#listItem\",\"name\":\"Noticias y Actualidad\"}}]},{\"@type\":\"Organization\",\"@id\":\"https:\\\/\\\/eldigitaldeasturias.com\\\/magazine365\\\/#organization\",\"name\":\"El digital de Asturias\",\"description\":\"Revista de ocio, turismo y estilo de vida\",\"url\":\"https:\\\/\\\/eldigitaldeasturias.com\\\/magazine365\\\/\",\"logo\":{\"@type\":\"ImageObject\",\"url\":\"https:\\\/\\\/www.eldigitaldeasturias.com\\\/noticias\\\/wp-content\\\/uploads\\\/2020\\\/12\\\/EDA.jpg\",\"@id\":\"https:\\\/\\\/eldigitaldeasturias.com\\\/magazine365\\\/desviado-a-bilbao-un-vuelo-por-la-niebla-cuyo-aterrizaje-estaba-previsto-en-santander\\\/#organizationLogo\"},\"image\":{\"@id\":\"https:\\\/\\\/eldigitaldeasturias.com\\\/magazine365\\\/desviado-a-bilbao-un-vuelo-por-la-niebla-cuyo-aterrizaje-estaba-previsto-en-santander\\\/#organizationLogo\"}},{\"@type\":\"Person\",\"@id\":\"https:\\\/\\\/eldigitaldeasturias.com\\\/magazine365\\\/author\\\/admin\\\/#author\",\"url\":\"https:\\\/\\\/eldigitaldeasturias.com\\\/magazine365\\\/author\\\/admin\\\/\",\"name\":\"admin\",\"image\":{\"@type\":\"ImageObject\",\"@id\":\"https:\\\/\\\/eldigitaldeasturias.com\\\/magazine365\\\/desviado-a-bilbao-un-vuelo-por-la-niebla-cuyo-aterrizaje-estaba-previsto-en-santander\\\/#authorImage\",\"url\":\"https:\\\/\\\/eldigitaldeasturias.com\\\/magazine365\\\/wp-content\\\/litespeed\\\/avatar\\\/e571bcf59a0edd6fa6838245a470f2fe.jpg?ver=1776969259\",\"width\":96,\"height\":96,\"caption\":\"admin\"}},{\"@type\":\"WebPage\",\"@id\":\"https:\\\/\\\/eldigitaldeasturias.com\\\/magazine365\\\/desviado-a-bilbao-un-vuelo-por-la-niebla-cuyo-aterrizaje-estaba-previsto-en-santander\\\/#webpage\",\"url\":\"https:\\\/\\\/eldigitaldeasturias.com\\\/magazine365\\\/desviado-a-bilbao-un-vuelo-por-la-niebla-cuyo-aterrizaje-estaba-previsto-en-santander\\\/\",\"name\":\"Desviado a Bilbao un vuelo por la niebla cuyo aterrizaje estaba previsto en Santander | El Digital de Asturias\",\"description\":\"El avi\\u00f3n de Vueling procedente de Barcelona y que ten\\u00eda previsto su aterrizaje en Santander hacia las 12 horas de este lunes ha sido desviado a Bilbao por la niebla, pr\\u00e1cticamente una hora antes de estrenarse el nuevo ILS, la ayuda a la navegaci\\u00f3n en caso de este fen\\u00f3meno meteorol\\u00f3gico. El sistema, que ha entrado\",\"inLanguage\":\"es-ES\",\"isPartOf\":{\"@id\":\"https:\\\/\\\/eldigitaldeasturias.com\\\/magazine365\\\/#website\"},\"breadcrumb\":{\"@id\":\"https:\\\/\\\/eldigitaldeasturias.com\\\/magazine365\\\/desviado-a-bilbao-un-vuelo-por-la-niebla-cuyo-aterrizaje-estaba-previsto-en-santander\\\/#breadcrumblist\"},\"author\":{\"@id\":\"https:\\\/\\\/eldigitaldeasturias.com\\\/magazine365\\\/author\\\/admin\\\/#author\"},\"creator\":{\"@id\":\"https:\\\/\\\/eldigitaldeasturias.com\\\/magazine365\\\/author\\\/admin\\\/#author\"},\"image\":{\"@type\":\"ImageObject\",\"url\":\"https:\\\/\\\/eldigitaldeasturias.com\\\/magazine365\\\/wp-content\\\/uploads\\\/2016\\\/06\\\/fotonoticia_20160613163324_800.jpg\",\"@id\":\"https:\\\/\\\/eldigitaldeasturias.com\\\/magazine365\\\/desviado-a-bilbao-un-vuelo-por-la-niebla-cuyo-aterrizaje-estaba-previsto-en-santander\\\/#mainImage\",\"width\":800,\"height\":539},\"primaryImageOfPage\":{\"@id\":\"https:\\\/\\\/eldigitaldeasturias.com\\\/magazine365\\\/desviado-a-bilbao-un-vuelo-por-la-niebla-cuyo-aterrizaje-estaba-previsto-en-santander\\\/#mainImage\"},\"datePublished\":\"2016-06-13T18:39:08+02:00\",\"dateModified\":\"2016-06-13T18:39:08+02:00\"},{\"@type\":\"WebSite\",\"@id\":\"https:\\\/\\\/eldigitaldeasturias.com\\\/magazine365\\\/#website\",\"url\":\"https:\\\/\\\/eldigitaldeasturias.com\\\/magazine365\\\/\",\"name\":\"El Digital de Asturias\",\"description\":\"Revista de ocio, turismo y estilo de vida\",\"inLanguage\":\"es-ES\",\"publisher\":{\"@id\":\"https:\\\/\\\/eldigitaldeasturias.com\\\/magazine365\\\/#organization\"}}]}\n\t\t<\/script>\n\t\t<!-- All in One SEO Pro -->\r\n\t\t<title>Desviado a Bilbao un vuelo por la niebla cuyo aterrizaje estaba previsto en Santander | El Digital de Asturias<\/title>\n\n","aioseo_head_json":{"title":"Desviado a Bilbao un vuelo por la niebla cuyo aterrizaje estaba previsto en Santander | El Digital de Asturias","description":"El avi\u00f3n de Vueling procedente de Barcelona y que ten\u00eda previsto su aterrizaje en Santander hacia las 12 horas de este lunes ha sido desviado a Bilbao por la niebla, pr\u00e1cticamente una hora antes de estrenarse el nuevo ILS, la ayuda a la navegaci\u00f3n en caso de este fen\u00f3meno meteorol\u00f3gico. El sistema, que ha entrado","canonical_url":"https:\/\/eldigitaldeasturias.com\/magazine365\/desviado-a-bilbao-un-vuelo-por-la-niebla-cuyo-aterrizaje-estaba-previsto-en-santander\/","robots":"max-image-preview:large","keywords":"noticias y actualidad","webmasterTools":{"google-site-verification":"UA-38556648-1","miscellaneous":""},"schema":{"@context":"https:\/\/schema.org","@graph":[{"@type":"Article","@id":"https:\/\/eldigitaldeasturias.com\/magazine365\/desviado-a-bilbao-un-vuelo-por-la-niebla-cuyo-aterrizaje-estaba-previsto-en-santander\/#article","name":"Desviado a Bilbao un vuelo por la niebla cuyo aterrizaje estaba previsto en Santander | El Digital de Asturias","headline":"Desviado a Bilbao un vuelo por la niebla cuyo aterrizaje estaba previsto en Santander","author":{"@id":"https:\/\/eldigitaldeasturias.com\/magazine365\/author\/admin\/#author"},"publisher":{"@id":"https:\/\/eldigitaldeasturias.com\/magazine365\/#organization"},"image":{"@type":"ImageObject","url":"https:\/\/eldigitaldeasturias.com\/magazine365\/wp-content\/uploads\/2016\/06\/fotonoticia_20160613163324_800.jpg","width":800,"height":539},"datePublished":"2016-06-13T18:39:08+02:00","dateModified":"2016-06-13T18:39:08+02:00","inLanguage":"es-ES","mainEntityOfPage":{"@id":"https:\/\/eldigitaldeasturias.com\/magazine365\/desviado-a-bilbao-un-vuelo-por-la-niebla-cuyo-aterrizaje-estaba-previsto-en-santander\/#webpage"},"isPartOf":{"@id":"https:\/\/eldigitaldeasturias.com\/magazine365\/desviado-a-bilbao-un-vuelo-por-la-niebla-cuyo-aterrizaje-estaba-previsto-en-santander\/#webpage"},"articleSection":"Noticias y Actualidad"},{"@type":"BreadcrumbList","@id":"https:\/\/eldigitaldeasturias.com\/magazine365\/desviado-a-bilbao-un-vuelo-por-la-niebla-cuyo-aterrizaje-estaba-previsto-en-santander\/#breadcrumblist","itemListElement":[{"@type":"ListItem","@id":"https:\/\/eldigitaldeasturias.com\/magazine365#listItem","position":1,"name":"Home","item":"https:\/\/eldigitaldeasturias.com\/magazine365","nextItem":{"@type":"ListItem","@id":"https:\/\/eldigitaldeasturias.com\/magazine365\/category\/noticias-actualidad\/#listItem","name":"Noticias y Actualidad"}},{"@type":"ListItem","@id":"https:\/\/eldigitaldeasturias.com\/magazine365\/category\/noticias-actualidad\/#listItem","position":2,"name":"Noticias y Actualidad","item":"https:\/\/eldigitaldeasturias.com\/magazine365\/category\/noticias-actualidad\/","nextItem":{"@type":"ListItem","@id":"https:\/\/eldigitaldeasturias.com\/magazine365\/desviado-a-bilbao-un-vuelo-por-la-niebla-cuyo-aterrizaje-estaba-previsto-en-santander\/#listItem","name":"Desviado a Bilbao un vuelo por la niebla cuyo aterrizaje estaba previsto en Santander"},"previousItem":{"@type":"ListItem","@id":"https:\/\/eldigitaldeasturias.com\/magazine365#listItem","name":"Home"}},{"@type":"ListItem","@id":"https:\/\/eldigitaldeasturias.com\/magazine365\/desviado-a-bilbao-un-vuelo-por-la-niebla-cuyo-aterrizaje-estaba-previsto-en-santander\/#listItem","position":3,"name":"Desviado a Bilbao un vuelo por la niebla cuyo aterrizaje estaba previsto en Santander","previousItem":{"@type":"ListItem","@id":"https:\/\/eldigitaldeasturias.com\/magazine365\/category\/noticias-actualidad\/#listItem","name":"Noticias y Actualidad"}}]},{"@type":"Organization","@id":"https:\/\/eldigitaldeasturias.com\/magazine365\/#organization","name":"El digital de Asturias","description":"Revista de ocio, turismo y estilo de vida","url":"https:\/\/eldigitaldeasturias.com\/magazine365\/","logo":{"@type":"ImageObject","url":"https:\/\/www.eldigitaldeasturias.com\/noticias\/wp-content\/uploads\/2020\/12\/EDA.jpg","@id":"https:\/\/eldigitaldeasturias.com\/magazine365\/desviado-a-bilbao-un-vuelo-por-la-niebla-cuyo-aterrizaje-estaba-previsto-en-santander\/#organizationLogo"},"image":{"@id":"https:\/\/eldigitaldeasturias.com\/magazine365\/desviado-a-bilbao-un-vuelo-por-la-niebla-cuyo-aterrizaje-estaba-previsto-en-santander\/#organizationLogo"}},{"@type":"Person","@id":"https:\/\/eldigitaldeasturias.com\/magazine365\/author\/admin\/#author","url":"https:\/\/eldigitaldeasturias.com\/magazine365\/author\/admin\/","name":"admin","image":{"@type":"ImageObject","@id":"https:\/\/eldigitaldeasturias.com\/magazine365\/desviado-a-bilbao-un-vuelo-por-la-niebla-cuyo-aterrizaje-estaba-previsto-en-santander\/#authorImage","url":"https:\/\/eldigitaldeasturias.com\/magazine365\/wp-content\/litespeed\/avatar\/e571bcf59a0edd6fa6838245a470f2fe.jpg?ver=1776969259","width":96,"height":96,"caption":"admin"}},{"@type":"WebPage","@id":"https:\/\/eldigitaldeasturias.com\/magazine365\/desviado-a-bilbao-un-vuelo-por-la-niebla-cuyo-aterrizaje-estaba-previsto-en-santander\/#webpage","url":"https:\/\/eldigitaldeasturias.com\/magazine365\/desviado-a-bilbao-un-vuelo-por-la-niebla-cuyo-aterrizaje-estaba-previsto-en-santander\/","name":"Desviado a Bilbao un vuelo por la niebla cuyo aterrizaje estaba previsto en Santander | El Digital de Asturias","description":"El avi\u00f3n de Vueling procedente de Barcelona y que ten\u00eda previsto su aterrizaje en Santander hacia las 12 horas de este lunes ha sido desviado a Bilbao por la niebla, pr\u00e1cticamente una hora antes de estrenarse el nuevo ILS, la ayuda a la navegaci\u00f3n en caso de este fen\u00f3meno meteorol\u00f3gico. El sistema, que ha entrado","inLanguage":"es-ES","isPartOf":{"@id":"https:\/\/eldigitaldeasturias.com\/magazine365\/#website"},"breadcrumb":{"@id":"https:\/\/eldigitaldeasturias.com\/magazine365\/desviado-a-bilbao-un-vuelo-por-la-niebla-cuyo-aterrizaje-estaba-previsto-en-santander\/#breadcrumblist"},"author":{"@id":"https:\/\/eldigitaldeasturias.com\/magazine365\/author\/admin\/#author"},"creator":{"@id":"https:\/\/eldigitaldeasturias.com\/magazine365\/author\/admin\/#author"},"image":{"@type":"ImageObject","url":"https:\/\/eldigitaldeasturias.com\/magazine365\/wp-content\/uploads\/2016\/06\/fotonoticia_20160613163324_800.jpg","@id":"https:\/\/eldigitaldeasturias.com\/magazine365\/desviado-a-bilbao-un-vuelo-por-la-niebla-cuyo-aterrizaje-estaba-previsto-en-santander\/#mainImage","width":800,"height":539},"primaryImageOfPage":{"@id":"https:\/\/eldigitaldeasturias.com\/magazine365\/desviado-a-bilbao-un-vuelo-por-la-niebla-cuyo-aterrizaje-estaba-previsto-en-santander\/#mainImage"},"datePublished":"2016-06-13T18:39:08+02:00","dateModified":"2016-06-13T18:39:08+02:00"},{"@type":"WebSite","@id":"https:\/\/eldigitaldeasturias.com\/magazine365\/#website","url":"https:\/\/eldigitaldeasturias.com\/magazine365\/","name":"El Digital de Asturias","description":"Revista de ocio, turismo y estilo de vida","inLanguage":"es-ES","publisher":{"@id":"https:\/\/eldigitaldeasturias.com\/magazine365\/#organization"}}]},"og:locale":"es_ES","og:site_name":"El Digital de Asturias \u2013 Revista de ocio, turismo y estilo de vida","og:type":"article","og:title":"Desviado a Bilbao un vuelo por la niebla cuyo aterrizaje estaba previsto en Santander | El Digital de Asturias","og:description":"El avi\u00f3n de Vueling procedente de Barcelona y que ten\u00eda previsto su aterrizaje en Santander hacia las 12 horas de este lunes ha sido desviado a Bilbao por la niebla, pr\u00e1cticamente una hora antes de estrenarse el nuevo ILS, la ayuda a la navegaci\u00f3n en caso de este fen\u00f3meno meteorol\u00f3gico. El sistema, que ha entrado","og:url":"https:\/\/eldigitaldeasturias.com\/magazine365\/desviado-a-bilbao-un-vuelo-por-la-niebla-cuyo-aterrizaje-estaba-previsto-en-santander\/","og:image":"https:\/\/eldigitaldeasturias.com\/magazine365\/wp-content\/uploads\/2016\/06\/fotonoticia_20160613163324_800.jpg","og:image:secure_url":"https:\/\/eldigitaldeasturias.com\/magazine365\/wp-content\/uploads\/2016\/06\/fotonoticia_20160613163324_800.jpg","og:image:width":800,"og:image:height":539,"article:published_time":"2016-06-13T16:39:08+00:00","article:modified_time":"2016-06-13T16:39:08+00:00","twitter:card":"summary_large_image","twitter:title":"Desviado a Bilbao un vuelo por la niebla cuyo aterrizaje estaba previsto en Santander | El Digital de Asturias","twitter:description":"El avi\u00f3n de Vueling procedente de Barcelona y que ten\u00eda previsto su aterrizaje en Santander hacia las 12 horas de este lunes ha sido desviado a Bilbao por la niebla, pr\u00e1cticamente una hora antes de estrenarse el nuevo ILS, la ayuda a la navegaci\u00f3n en caso de este fen\u00f3meno meteorol\u00f3gico. El sistema, que ha entrado","twitter:image":"https:\/\/eldigitaldeasturias.com\/magazine365\/wp-content\/uploads\/2016\/06\/fotonoticia_20160613163324_800.jpg"},"aioseo_meta_data":{"post_id":"79017","title":null,"description":null,"keywords":null,"keyphrases":null,"primary_term":null,"canonical_url":null,"og_title":null,"og_description":null,"og_object_type":"default","og_image_type":"default","og_image_url":null,"og_image_width":null,"og_image_height":null,"og_image_custom_url":null,"og_image_custom_fields":null,"og_video":null,"og_custom_url":null,"og_article_section":null,"og_article_tags":null,"twitter_use_og":false,"twitter_card":"default","twitter_image_type":"default","twitter_image_url":null,"twitter_image_custom_url":null,"twitter_image_custom_fields":null,"twitter_title":null,"twitter_description":null,"schema":{"blockGraphs":[],"customGraphs":[],"default":{"data":{"Article":[],"Course":[],"Dataset":[],"FAQPage":[],"Movie":[],"Person":[],"Product":[],"ProductReview":[],"Car":[],"Recipe":[],"Service":[],"SoftwareApplication":[],"WebPage":[]},"graphName":"","isEnabled":true},"graphs":[],"defaultGraph":"","defaultPostTypeGraph":""},"schema_type":null,"schema_type_options":null,"pillar_content":false,"robots_default":true,"robots_noindex":false,"robots_noarchive":false,"robots_nosnippet":false,"robots_nofollow":false,"robots_noimageindex":false,"robots_noodp":false,"robots_notranslate":false,"robots_max_snippet":null,"robots_max_videopreview":null,"robots_max_imagepreview":"large","priority":null,"frequency":null,"location":null,"local_seo":null,"seo_analyzer_scan_date":"2025-09-27 18:04:50","breadcrumb_settings":null,"limit_modified_date":false,"open_ai":null,"ai":null,"created":"2021-03-08 17:53:10","updated":"2025-09-27 18:04:50"},"aioseo_breadcrumb":"<div class=\"aioseo-breadcrumbs\"><span class=\"aioseo-breadcrumb\">\n\t<a href=\"https:\/\/eldigitaldeasturias.com\/magazine365\" title=\"Home\">Home<\/a>\n<\/span><span class=\"aioseo-breadcrumb-separator\">\u2013<\/span><span class=\"aioseo-breadcrumb\">\n\t<a href=\"https:\/\/eldigitaldeasturias.com\/magazine365\/category\/noticias-actualidad\/\" title=\"Noticias y Actualidad\">Noticias y Actualidad<\/a>\n<\/span><span class=\"aioseo-breadcrumb-separator\">\u2013<\/span><span class=\"aioseo-breadcrumb\">\n\t<a href=\"https:\/\/eldigitaldeasturias.com\/magazine365\/desviado-a-bilbao-un-vuelo-por-la-niebla-cuyo-aterrizaje-estaba-previsto-en-santander\/\" title=\"Desviado a Bilbao un vuelo por la niebla cuyo aterrizaje estaba previsto en Santander\">Desviado a Bilbao un vuelo por la niebla cuyo aterrizaje estaba previsto en Santander<\/a>\n<\/span><\/div>","aioseo_breadcrumb_json":[{"label":"Home","link":"https:\/\/eldigitaldeasturias.com\/magazine365"},{"label":"Noticias y Actualidad","link":"https:\/\/eldigitaldeasturias.com\/magazine365\/category\/noticias-actualidad\/"},{"label":"Desviado a Bilbao un vuelo por la niebla cuyo aterrizaje estaba previsto en Santander","link":"https:\/\/eldigitaldeasturias.com\/magazine365\/desviado-a-bilbao-un-vuelo-por-la-niebla-cuyo-aterrizaje-estaba-previsto-en-santander\/"}],"_links":{"self":[{"href":"https:\/\/eldigitaldeasturias.com\/magazine365\/wp-json\/wp\/v2\/posts\/79017","targetHints":{"allow":["GET"]}}],"collection":[{"href":"https:\/\/eldigitaldeasturias.com\/magazine365\/wp-json\/wp\/v2\/posts"}],"about":[{"href":"https:\/\/eldigitaldeasturias.com\/magazine365\/wp-json\/wp\/v2\/types\/post"}],"author":[{"embeddable":true,"href":"https:\/\/eldigitaldeasturias.com\/magazine365\/wp-json\/wp\/v2\/users\/1"}],"replies":[{"embeddable":true,"href":"https:\/\/eldigitaldeasturias.com\/magazine365\/wp-json\/wp\/v2\/comments?post=79017"}],"version-history":[{"count":0,"href":"https:\/\/eldigitaldeasturias.com\/magazine365\/wp-json\/wp\/v2\/posts\/79017\/revisions"}],"wp:featuredmedia":[{"embeddable":true,"href":"https:\/\/eldigitaldeasturias.com\/magazine365\/wp-json\/wp\/v2\/media\/79018"}],"wp:attachment":[{"href":"https:\/\/eldigitaldeasturias.com\/magazine365\/wp-json\/wp\/v2\/media?parent=79017"}],"wp:term":[{"taxonomy":"category","embeddable":true,"href":"https:\/\/eldigitaldeasturias.com\/magazine365\/wp-json\/wp\/v2\/categories?post=79017"},{"taxonomy":"post_tag","embeddable":true,"href":"https:\/\/eldigitaldeasturias.com\/magazine365\/wp-json\/wp\/v2\/tags?post=79017"}],"curies":[{"name":"wp","href":"https:\/\/api.w.org\/{rel}","templated":true}]}}