{"id":79002,"date":"2016-06-13T18:32:22","date_gmt":"2016-06-13T16:32:22","guid":{"rendered":"http:\/\/eldigitaldeasturias.com\/magazine365\/?p=79002"},"modified":"2016-06-13T18:32:22","modified_gmt":"2016-06-13T16:32:22","slug":"pastor-pide-reflexion-a-los-maquinistas-de-renfe-y-tiende-la-mano-a-la-negociacion","status":"publish","type":"post","link":"https:\/\/eldigitaldeasturias.com\/magazine365\/pastor-pide-reflexion-a-los-maquinistas-de-renfe-y-tiende-la-mano-a-la-negociacion\/","title":{"rendered":"Pastor pide reflexi\u00f3n a los maquinistas de Renfe y tiende la mano a la negociaci\u00f3n"},"content":{"rendered":"<p><img fetchpriority=\"high\" decoding=\"async\" class=\"alignleft size-medium wp-image-77926\" src=\"https:\/\/eldigitaldeasturias.com\/magazine365\/wp-content\/uploads\/2016\/06\/m365-360x198.jpg\" alt=\"m365\" width=\"360\" height=\"198\" srcset=\"https:\/\/eldigitaldeasturias.com\/magazine365\/wp-content\/uploads\/2016\/06\/m365-360x198.jpg 360w, https:\/\/eldigitaldeasturias.com\/magazine365\/wp-content\/uploads\/2016\/06\/m365-650x357.jpg 650w, https:\/\/eldigitaldeasturias.com\/magazine365\/wp-content\/uploads\/2016\/06\/m365-150x82.jpg 150w, https:\/\/eldigitaldeasturias.com\/magazine365\/wp-content\/uploads\/2016\/06\/m365-450x247.jpg 450w, https:\/\/eldigitaldeasturias.com\/magazine365\/wp-content\/uploads\/2016\/06\/m365.jpg 655w\" sizes=\"(max-width: 360px) 100vw, 360px\" \/>La ministra de Fomento en funciones, Ana Pastor, ha trasladado al sindicato de maquinistas Semaf que el Gobierno \u00absigue con la mano tendida\u00bb, aunque le ha recordado que el servicio ferroviario es \u00abclave\u00bb para \u00abtodos los ciudadanos\u00bb.<\/p>\n<p>\u00abA m\u00ed me gustar\u00eda llamar a los sindicatos, a los maquinistas, a que reflexionen sobre que el servicio ferroviario; el tren es algo que utilizan todas las personas cuando se levantan, cuando van a su trabajo y cuando vuelven a su casa\u00bb, ha enfatizado.<\/p>\n<p>Tras participar en un acto de campa\u00f1a en Sanxenxo (Pontevedra) junto a la ministra en funciones de Empleo y Seguridad Social, F\u00e1tima B\u00e1\u00f1ez, ha asegurado que hoy en d\u00eda hay \u00abm\u00e1s plazas de maquinistas\u00bb de las que ha habido \u00aben ninguna oferta de empleo p\u00fablico\u00bb desde \u00abhace m\u00e1s de 20 a\u00f1os\u00bb. \u00abSe van a incorporar nuevos maquinistas y, desde luego, nosotros vamos a seguir trabajando por la mejora permanente del sector ferroviario\u00bb, ha aseverado.<\/p>\n<p>Sin embargo, este mismo lunes el sindicato de maquinistas Semaf ha anunciado que no descarta convocar nuevas jornadas de huelga en Renfe si la compa\u00f1\u00eda ferroviaria no les emplaza a nuevas reuniones y se logran acuerdos sobre sus reivindicaciones.<\/p>\n<p>De este modo, los eventuales nuevos paros se fijar\u00edan m\u00e1s all\u00e1 de los dos a\u00fan previstos en la actual convocatoria, los programados para este martes, 14 de junio, y para el jueves d\u00eda 16. Los maquinistas ya han secundado dos jornadas de huelga, la del pasado viernes 10 y la de este domingo.<\/p>\n<p>Por su parte, Ana Pastor ha hecho hincapi\u00e9 en que \u00abmillones de personas\u00bb eligen el tren \u00abtodos los a\u00f1os\u00bb en Espa\u00f1a. De hecho, ha subrayado que \u00abha crecido much\u00edsimo\u00bb el tr\u00e1fico ferroviario y que, concretamente en Galicia, tres millones y medio de gallegos han empleado el Eixo Atl\u00e1ntico desde que se puso en marcha en abril del a\u00f1o pasado.<\/p>\n<p>\u00abEso significa que la gente conf\u00eda en el tren, y yo le pido a todos los profesionales del sector ferroviario que, por favor, ayuden a los espa\u00f1oles\u00bb, ha se\u00f1alado la ministra, justo antes de mostrar su deseo por que las jornadas de huelga no repercutan sobre los ciudadanos.<\/p>\n<h2 class=\"ladillo\">B\u00c1\u00d1EZ RESPALDA LA GESTI\u00d3N DE PASTOR<\/h2>\n<p>\u00abHemos puesto el 70 por ciento de servicios m\u00ednimos y me gustar\u00eda que cumplan con ellos, porque est\u00e1n generando a los ciudadanos molestias que no tendr\u00edan que sufrir\u00bb, ha finalizado Ana Pastor, quien, acto seguido, ha sido respaldada por la titular de Empleo, F\u00e1tima B\u00e1\u00f1ez, quien considera que la gesti\u00f3n de la ministra de Fomento al frente de las infraestructuras es, y conf\u00eda en que seguir\u00e1 siendo, \u00abuna gran oportunidad para el empleo, para los espa\u00f1oles, para modernizar Espa\u00f1a y para conectarla mejor\u00bb.<\/p>\n<p>Y es que considera que esto es \u00absiempre\u00bb motivo de \u00abnueva inversi\u00f3n, nueva riqueza, nuevos y mejores empleos\u00bb.<\/p>\n","protected":false},"excerpt":{"rendered":"<p>La ministra de Fomento en funciones, Ana Pastor, ha trasladado al sindicato de maquinistas Semaf que el Gobierno \u00absigue con la mano tendida\u00bb, aunque le ha recordado que el servicio ferroviario es \u00abclave\u00bb para \u00abtodos los ciudadanos\u00bb. \u00abA m\u00ed me gustar\u00eda llamar a los sindicatos, a los maquinistas, a que reflexionen sobre que el servicio<\/p>\n","protected":false},"author":1,"featured_media":77926,"comment_status":"open","ping_status":"closed","sticky":false,"template":"","format":"standard","meta":{"footnotes":""},"categories":[224],"tags":[],"class_list":{"0":"post-79002","1":"post","2":"type-post","3":"status-publish","4":"format-standard","5":"has-post-thumbnail","7":"category-noticias-actualidad"},"aioseo_notices":[],"aioseo_head":"\n\t\t<!-- All in One SEO Pro 4.9.6.1 - aioseo.com -->\n\t<meta name=\"description\" content=\"La ministra de Fomento en funciones, Ana Pastor, ha trasladado al sindicato de maquinistas Semaf que el Gobierno &quot;sigue con la mano tendida&quot;, aunque le ha recordado que el servicio ferroviario es &quot;clave&quot; para &quot;todos los ciudadanos&quot;. &quot;A m\u00ed me gustar\u00eda llamar a los sindicatos, a los maquinistas, a que reflexionen sobre que el servicio\" \/>\n\t<meta name=\"robots\" content=\"max-image-preview:large\" \/>\n\t<meta name=\"author\" content=\"admin\"\/>\n\t<meta name=\"google-site-verification\" content=\"UA-38556648-1\" \/>\n\t<meta name=\"keywords\" content=\"noticias y actualidad\" \/>\n\t<link rel=\"canonical\" href=\"https:\/\/eldigitaldeasturias.com\/magazine365\/pastor-pide-reflexion-a-los-maquinistas-de-renfe-y-tiende-la-mano-a-la-negociacion\/\" \/>\n\t<meta name=\"generator\" content=\"All in One SEO Pro (AIOSEO) 4.9.6.1\" \/>\n\t\t<meta property=\"og:locale\" content=\"es_ES\" \/>\n\t\t<meta property=\"og:site_name\" content=\"El Digital de Asturias \u2013 Revista de ocio, turismo y estilo de vida\" \/>\n\t\t<meta property=\"og:type\" content=\"article\" \/>\n\t\t<meta property=\"og:title\" content=\"Pastor pide reflexi\u00f3n a los maquinistas de Renfe y tiende la mano a la negociaci\u00f3n | El Digital de Asturias\" \/>\n\t\t<meta property=\"og:description\" content=\"La ministra de Fomento en funciones, Ana Pastor, ha trasladado al sindicato de maquinistas Semaf que el Gobierno &quot;sigue con la mano tendida&quot;, aunque le ha recordado que el servicio ferroviario es &quot;clave&quot; para &quot;todos los ciudadanos&quot;. &quot;A m\u00ed me gustar\u00eda llamar a los sindicatos, a los maquinistas, a que reflexionen sobre que el servicio\" \/>\n\t\t<meta property=\"og:url\" content=\"https:\/\/eldigitaldeasturias.com\/magazine365\/pastor-pide-reflexion-a-los-maquinistas-de-renfe-y-tiende-la-mano-a-la-negociacion\/\" \/>\n\t\t<meta property=\"og:image\" content=\"https:\/\/eldigitaldeasturias.com\/magazine365\/wp-content\/uploads\/2016\/06\/m365.jpg\" \/>\n\t\t<meta property=\"og:image:secure_url\" content=\"https:\/\/eldigitaldeasturias.com\/magazine365\/wp-content\/uploads\/2016\/06\/m365.jpg\" \/>\n\t\t<meta property=\"og:image:width\" content=\"655\" \/>\n\t\t<meta property=\"og:image:height\" content=\"360\" \/>\n\t\t<meta property=\"article:published_time\" content=\"2016-06-13T16:32:22+00:00\" \/>\n\t\t<meta property=\"article:modified_time\" content=\"2016-06-13T16:32:22+00:00\" \/>\n\t\t<meta name=\"twitter:card\" content=\"summary_large_image\" \/>\n\t\t<meta name=\"twitter:title\" content=\"Pastor pide reflexi\u00f3n a los maquinistas de Renfe y tiende la mano a la negociaci\u00f3n | El Digital de Asturias\" \/>\n\t\t<meta name=\"twitter:description\" content=\"La ministra de Fomento en funciones, Ana Pastor, ha trasladado al sindicato de maquinistas Semaf que el Gobierno &quot;sigue con la mano tendida&quot;, aunque le ha recordado que el servicio ferroviario es &quot;clave&quot; para &quot;todos los ciudadanos&quot;. &quot;A m\u00ed me gustar\u00eda llamar a los sindicatos, a los maquinistas, a que reflexionen sobre que el servicio\" \/>\n\t\t<meta name=\"twitter:image\" content=\"https:\/\/eldigitaldeasturias.com\/magazine365\/wp-content\/uploads\/2016\/06\/m365.jpg\" \/>\n\t\t<script type=\"application\/ld+json\" class=\"aioseo-schema\">\n\t\t\t{\"@context\":\"https:\\\/\\\/schema.org\",\"@graph\":[{\"@type\":\"Article\",\"@id\":\"https:\\\/\\\/eldigitaldeasturias.com\\\/magazine365\\\/pastor-pide-reflexion-a-los-maquinistas-de-renfe-y-tiende-la-mano-a-la-negociacion\\\/#article\",\"name\":\"Pastor pide reflexi\\u00f3n a los maquinistas de Renfe y tiende la mano a la negociaci\\u00f3n | El Digital de Asturias\",\"headline\":\"Pastor pide reflexi\\u00f3n a los maquinistas de Renfe y tiende la mano a la negociaci\\u00f3n\",\"author\":{\"@id\":\"https:\\\/\\\/eldigitaldeasturias.com\\\/magazine365\\\/author\\\/admin\\\/#author\"},\"publisher\":{\"@id\":\"https:\\\/\\\/eldigitaldeasturias.com\\\/magazine365\\\/#organization\"},\"image\":{\"@type\":\"ImageObject\",\"url\":\"https:\\\/\\\/eldigitaldeasturias.com\\\/magazine365\\\/wp-content\\\/uploads\\\/2016\\\/06\\\/m365.jpg\",\"width\":655,\"height\":360},\"datePublished\":\"2016-06-13T18:32:22+02:00\",\"dateModified\":\"2016-06-13T18:32:22+02:00\",\"inLanguage\":\"es-ES\",\"mainEntityOfPage\":{\"@id\":\"https:\\\/\\\/eldigitaldeasturias.com\\\/magazine365\\\/pastor-pide-reflexion-a-los-maquinistas-de-renfe-y-tiende-la-mano-a-la-negociacion\\\/#webpage\"},\"isPartOf\":{\"@id\":\"https:\\\/\\\/eldigitaldeasturias.com\\\/magazine365\\\/pastor-pide-reflexion-a-los-maquinistas-de-renfe-y-tiende-la-mano-a-la-negociacion\\\/#webpage\"},\"articleSection\":\"Noticias y Actualidad\"},{\"@type\":\"BreadcrumbList\",\"@id\":\"https:\\\/\\\/eldigitaldeasturias.com\\\/magazine365\\\/pastor-pide-reflexion-a-los-maquinistas-de-renfe-y-tiende-la-mano-a-la-negociacion\\\/#breadcrumblist\",\"itemListElement\":[{\"@type\":\"ListItem\",\"@id\":\"https:\\\/\\\/eldigitaldeasturias.com\\\/magazine365#listItem\",\"position\":1,\"name\":\"Home\",\"item\":\"https:\\\/\\\/eldigitaldeasturias.com\\\/magazine365\",\"nextItem\":{\"@type\":\"ListItem\",\"@id\":\"https:\\\/\\\/eldigitaldeasturias.com\\\/magazine365\\\/category\\\/noticias-actualidad\\\/#listItem\",\"name\":\"Noticias y Actualidad\"}},{\"@type\":\"ListItem\",\"@id\":\"https:\\\/\\\/eldigitaldeasturias.com\\\/magazine365\\\/category\\\/noticias-actualidad\\\/#listItem\",\"position\":2,\"name\":\"Noticias y Actualidad\",\"item\":\"https:\\\/\\\/eldigitaldeasturias.com\\\/magazine365\\\/category\\\/noticias-actualidad\\\/\",\"nextItem\":{\"@type\":\"ListItem\",\"@id\":\"https:\\\/\\\/eldigitaldeasturias.com\\\/magazine365\\\/pastor-pide-reflexion-a-los-maquinistas-de-renfe-y-tiende-la-mano-a-la-negociacion\\\/#listItem\",\"name\":\"Pastor pide reflexi\\u00f3n a los maquinistas de Renfe y tiende la mano a la negociaci\\u00f3n\"},\"previousItem\":{\"@type\":\"ListItem\",\"@id\":\"https:\\\/\\\/eldigitaldeasturias.com\\\/magazine365#listItem\",\"name\":\"Home\"}},{\"@type\":\"ListItem\",\"@id\":\"https:\\\/\\\/eldigitaldeasturias.com\\\/magazine365\\\/pastor-pide-reflexion-a-los-maquinistas-de-renfe-y-tiende-la-mano-a-la-negociacion\\\/#listItem\",\"position\":3,\"name\":\"Pastor pide reflexi\\u00f3n a los maquinistas de Renfe y tiende la mano a la negociaci\\u00f3n\",\"previousItem\":{\"@type\":\"ListItem\",\"@id\":\"https:\\\/\\\/eldigitaldeasturias.com\\\/magazine365\\\/category\\\/noticias-actualidad\\\/#listItem\",\"name\":\"Noticias y Actualidad\"}}]},{\"@type\":\"Organization\",\"@id\":\"https:\\\/\\\/eldigitaldeasturias.com\\\/magazine365\\\/#organization\",\"name\":\"El digital de Asturias\",\"description\":\"Revista de ocio, turismo y estilo de vida\",\"url\":\"https:\\\/\\\/eldigitaldeasturias.com\\\/magazine365\\\/\",\"logo\":{\"@type\":\"ImageObject\",\"url\":\"https:\\\/\\\/www.eldigitaldeasturias.com\\\/noticias\\\/wp-content\\\/uploads\\\/2020\\\/12\\\/EDA.jpg\",\"@id\":\"https:\\\/\\\/eldigitaldeasturias.com\\\/magazine365\\\/pastor-pide-reflexion-a-los-maquinistas-de-renfe-y-tiende-la-mano-a-la-negociacion\\\/#organizationLogo\"},\"image\":{\"@id\":\"https:\\\/\\\/eldigitaldeasturias.com\\\/magazine365\\\/pastor-pide-reflexion-a-los-maquinistas-de-renfe-y-tiende-la-mano-a-la-negociacion\\\/#organizationLogo\"}},{\"@type\":\"Person\",\"@id\":\"https:\\\/\\\/eldigitaldeasturias.com\\\/magazine365\\\/author\\\/admin\\\/#author\",\"url\":\"https:\\\/\\\/eldigitaldeasturias.com\\\/magazine365\\\/author\\\/admin\\\/\",\"name\":\"admin\",\"image\":{\"@type\":\"ImageObject\",\"@id\":\"https:\\\/\\\/eldigitaldeasturias.com\\\/magazine365\\\/pastor-pide-reflexion-a-los-maquinistas-de-renfe-y-tiende-la-mano-a-la-negociacion\\\/#authorImage\",\"url\":\"https:\\\/\\\/eldigitaldeasturias.com\\\/magazine365\\\/wp-content\\\/litespeed\\\/avatar\\\/e571bcf59a0edd6fa6838245a470f2fe.jpg?ver=1776969259\",\"width\":96,\"height\":96,\"caption\":\"admin\"}},{\"@type\":\"WebPage\",\"@id\":\"https:\\\/\\\/eldigitaldeasturias.com\\\/magazine365\\\/pastor-pide-reflexion-a-los-maquinistas-de-renfe-y-tiende-la-mano-a-la-negociacion\\\/#webpage\",\"url\":\"https:\\\/\\\/eldigitaldeasturias.com\\\/magazine365\\\/pastor-pide-reflexion-a-los-maquinistas-de-renfe-y-tiende-la-mano-a-la-negociacion\\\/\",\"name\":\"Pastor pide reflexi\\u00f3n a los maquinistas de Renfe y tiende la mano a la negociaci\\u00f3n | El Digital de Asturias\",\"description\":\"La ministra de Fomento en funciones, Ana Pastor, ha trasladado al sindicato de maquinistas Semaf que el Gobierno \\\"sigue con la mano tendida\\\", aunque le ha recordado que el servicio ferroviario es \\\"clave\\\" para \\\"todos los ciudadanos\\\". \\\"A m\\u00ed me gustar\\u00eda llamar a los sindicatos, a los maquinistas, a que reflexionen sobre que el servicio\",\"inLanguage\":\"es-ES\",\"isPartOf\":{\"@id\":\"https:\\\/\\\/eldigitaldeasturias.com\\\/magazine365\\\/#website\"},\"breadcrumb\":{\"@id\":\"https:\\\/\\\/eldigitaldeasturias.com\\\/magazine365\\\/pastor-pide-reflexion-a-los-maquinistas-de-renfe-y-tiende-la-mano-a-la-negociacion\\\/#breadcrumblist\"},\"author\":{\"@id\":\"https:\\\/\\\/eldigitaldeasturias.com\\\/magazine365\\\/author\\\/admin\\\/#author\"},\"creator\":{\"@id\":\"https:\\\/\\\/eldigitaldeasturias.com\\\/magazine365\\\/author\\\/admin\\\/#author\"},\"image\":{\"@type\":\"ImageObject\",\"url\":\"https:\\\/\\\/eldigitaldeasturias.com\\\/magazine365\\\/wp-content\\\/uploads\\\/2016\\\/06\\\/m365.jpg\",\"@id\":\"https:\\\/\\\/eldigitaldeasturias.com\\\/magazine365\\\/pastor-pide-reflexion-a-los-maquinistas-de-renfe-y-tiende-la-mano-a-la-negociacion\\\/#mainImage\",\"width\":655,\"height\":360},\"primaryImageOfPage\":{\"@id\":\"https:\\\/\\\/eldigitaldeasturias.com\\\/magazine365\\\/pastor-pide-reflexion-a-los-maquinistas-de-renfe-y-tiende-la-mano-a-la-negociacion\\\/#mainImage\"},\"datePublished\":\"2016-06-13T18:32:22+02:00\",\"dateModified\":\"2016-06-13T18:32:22+02:00\"},{\"@type\":\"WebSite\",\"@id\":\"https:\\\/\\\/eldigitaldeasturias.com\\\/magazine365\\\/#website\",\"url\":\"https:\\\/\\\/eldigitaldeasturias.com\\\/magazine365\\\/\",\"name\":\"El Digital de Asturias\",\"description\":\"Revista de ocio, turismo y estilo de vida\",\"inLanguage\":\"es-ES\",\"publisher\":{\"@id\":\"https:\\\/\\\/eldigitaldeasturias.com\\\/magazine365\\\/#organization\"}}]}\n\t\t<\/script>\n\t\t<!-- All in One SEO Pro -->\r\n\t\t<title>Pastor pide reflexi\u00f3n a los maquinistas de Renfe y tiende la mano a la negociaci\u00f3n | El Digital de Asturias<\/title>\n\n","aioseo_head_json":{"title":"Pastor pide reflexi\u00f3n a los maquinistas de Renfe y tiende la mano a la negociaci\u00f3n | El Digital de Asturias","description":"La ministra de Fomento en funciones, Ana Pastor, ha trasladado al sindicato de maquinistas Semaf que el Gobierno \"sigue con la mano tendida\", aunque le ha recordado que el servicio ferroviario es \"clave\" para \"todos los ciudadanos\". \"A m\u00ed me gustar\u00eda llamar a los sindicatos, a los maquinistas, a que reflexionen sobre que el servicio","canonical_url":"https:\/\/eldigitaldeasturias.com\/magazine365\/pastor-pide-reflexion-a-los-maquinistas-de-renfe-y-tiende-la-mano-a-la-negociacion\/","robots":"max-image-preview:large","keywords":"noticias y actualidad","webmasterTools":{"google-site-verification":"UA-38556648-1","miscellaneous":""},"schema":{"@context":"https:\/\/schema.org","@graph":[{"@type":"Article","@id":"https:\/\/eldigitaldeasturias.com\/magazine365\/pastor-pide-reflexion-a-los-maquinistas-de-renfe-y-tiende-la-mano-a-la-negociacion\/#article","name":"Pastor pide reflexi\u00f3n a los maquinistas de Renfe y tiende la mano a la negociaci\u00f3n | El Digital de Asturias","headline":"Pastor pide reflexi\u00f3n a los maquinistas de Renfe y tiende la mano a la negociaci\u00f3n","author":{"@id":"https:\/\/eldigitaldeasturias.com\/magazine365\/author\/admin\/#author"},"publisher":{"@id":"https:\/\/eldigitaldeasturias.com\/magazine365\/#organization"},"image":{"@type":"ImageObject","url":"https:\/\/eldigitaldeasturias.com\/magazine365\/wp-content\/uploads\/2016\/06\/m365.jpg","width":655,"height":360},"datePublished":"2016-06-13T18:32:22+02:00","dateModified":"2016-06-13T18:32:22+02:00","inLanguage":"es-ES","mainEntityOfPage":{"@id":"https:\/\/eldigitaldeasturias.com\/magazine365\/pastor-pide-reflexion-a-los-maquinistas-de-renfe-y-tiende-la-mano-a-la-negociacion\/#webpage"},"isPartOf":{"@id":"https:\/\/eldigitaldeasturias.com\/magazine365\/pastor-pide-reflexion-a-los-maquinistas-de-renfe-y-tiende-la-mano-a-la-negociacion\/#webpage"},"articleSection":"Noticias y Actualidad"},{"@type":"BreadcrumbList","@id":"https:\/\/eldigitaldeasturias.com\/magazine365\/pastor-pide-reflexion-a-los-maquinistas-de-renfe-y-tiende-la-mano-a-la-negociacion\/#breadcrumblist","itemListElement":[{"@type":"ListItem","@id":"https:\/\/eldigitaldeasturias.com\/magazine365#listItem","position":1,"name":"Home","item":"https:\/\/eldigitaldeasturias.com\/magazine365","nextItem":{"@type":"ListItem","@id":"https:\/\/eldigitaldeasturias.com\/magazine365\/category\/noticias-actualidad\/#listItem","name":"Noticias y Actualidad"}},{"@type":"ListItem","@id":"https:\/\/eldigitaldeasturias.com\/magazine365\/category\/noticias-actualidad\/#listItem","position":2,"name":"Noticias y Actualidad","item":"https:\/\/eldigitaldeasturias.com\/magazine365\/category\/noticias-actualidad\/","nextItem":{"@type":"ListItem","@id":"https:\/\/eldigitaldeasturias.com\/magazine365\/pastor-pide-reflexion-a-los-maquinistas-de-renfe-y-tiende-la-mano-a-la-negociacion\/#listItem","name":"Pastor pide reflexi\u00f3n a los maquinistas de Renfe y tiende la mano a la negociaci\u00f3n"},"previousItem":{"@type":"ListItem","@id":"https:\/\/eldigitaldeasturias.com\/magazine365#listItem","name":"Home"}},{"@type":"ListItem","@id":"https:\/\/eldigitaldeasturias.com\/magazine365\/pastor-pide-reflexion-a-los-maquinistas-de-renfe-y-tiende-la-mano-a-la-negociacion\/#listItem","position":3,"name":"Pastor pide reflexi\u00f3n a los maquinistas de Renfe y tiende la mano a la negociaci\u00f3n","previousItem":{"@type":"ListItem","@id":"https:\/\/eldigitaldeasturias.com\/magazine365\/category\/noticias-actualidad\/#listItem","name":"Noticias y Actualidad"}}]},{"@type":"Organization","@id":"https:\/\/eldigitaldeasturias.com\/magazine365\/#organization","name":"El digital de Asturias","description":"Revista de ocio, turismo y estilo de vida","url":"https:\/\/eldigitaldeasturias.com\/magazine365\/","logo":{"@type":"ImageObject","url":"https:\/\/www.eldigitaldeasturias.com\/noticias\/wp-content\/uploads\/2020\/12\/EDA.jpg","@id":"https:\/\/eldigitaldeasturias.com\/magazine365\/pastor-pide-reflexion-a-los-maquinistas-de-renfe-y-tiende-la-mano-a-la-negociacion\/#organizationLogo"},"image":{"@id":"https:\/\/eldigitaldeasturias.com\/magazine365\/pastor-pide-reflexion-a-los-maquinistas-de-renfe-y-tiende-la-mano-a-la-negociacion\/#organizationLogo"}},{"@type":"Person","@id":"https:\/\/eldigitaldeasturias.com\/magazine365\/author\/admin\/#author","url":"https:\/\/eldigitaldeasturias.com\/magazine365\/author\/admin\/","name":"admin","image":{"@type":"ImageObject","@id":"https:\/\/eldigitaldeasturias.com\/magazine365\/pastor-pide-reflexion-a-los-maquinistas-de-renfe-y-tiende-la-mano-a-la-negociacion\/#authorImage","url":"https:\/\/eldigitaldeasturias.com\/magazine365\/wp-content\/litespeed\/avatar\/e571bcf59a0edd6fa6838245a470f2fe.jpg?ver=1776969259","width":96,"height":96,"caption":"admin"}},{"@type":"WebPage","@id":"https:\/\/eldigitaldeasturias.com\/magazine365\/pastor-pide-reflexion-a-los-maquinistas-de-renfe-y-tiende-la-mano-a-la-negociacion\/#webpage","url":"https:\/\/eldigitaldeasturias.com\/magazine365\/pastor-pide-reflexion-a-los-maquinistas-de-renfe-y-tiende-la-mano-a-la-negociacion\/","name":"Pastor pide reflexi\u00f3n a los maquinistas de Renfe y tiende la mano a la negociaci\u00f3n | El Digital de Asturias","description":"La ministra de Fomento en funciones, Ana Pastor, ha trasladado al sindicato de maquinistas Semaf que el Gobierno \"sigue con la mano tendida\", aunque le ha recordado que el servicio ferroviario es \"clave\" para \"todos los ciudadanos\". \"A m\u00ed me gustar\u00eda llamar a los sindicatos, a los maquinistas, a que reflexionen sobre que el servicio","inLanguage":"es-ES","isPartOf":{"@id":"https:\/\/eldigitaldeasturias.com\/magazine365\/#website"},"breadcrumb":{"@id":"https:\/\/eldigitaldeasturias.com\/magazine365\/pastor-pide-reflexion-a-los-maquinistas-de-renfe-y-tiende-la-mano-a-la-negociacion\/#breadcrumblist"},"author":{"@id":"https:\/\/eldigitaldeasturias.com\/magazine365\/author\/admin\/#author"},"creator":{"@id":"https:\/\/eldigitaldeasturias.com\/magazine365\/author\/admin\/#author"},"image":{"@type":"ImageObject","url":"https:\/\/eldigitaldeasturias.com\/magazine365\/wp-content\/uploads\/2016\/06\/m365.jpg","@id":"https:\/\/eldigitaldeasturias.com\/magazine365\/pastor-pide-reflexion-a-los-maquinistas-de-renfe-y-tiende-la-mano-a-la-negociacion\/#mainImage","width":655,"height":360},"primaryImageOfPage":{"@id":"https:\/\/eldigitaldeasturias.com\/magazine365\/pastor-pide-reflexion-a-los-maquinistas-de-renfe-y-tiende-la-mano-a-la-negociacion\/#mainImage"},"datePublished":"2016-06-13T18:32:22+02:00","dateModified":"2016-06-13T18:32:22+02:00"},{"@type":"WebSite","@id":"https:\/\/eldigitaldeasturias.com\/magazine365\/#website","url":"https:\/\/eldigitaldeasturias.com\/magazine365\/","name":"El Digital de Asturias","description":"Revista de ocio, turismo y estilo de vida","inLanguage":"es-ES","publisher":{"@id":"https:\/\/eldigitaldeasturias.com\/magazine365\/#organization"}}]},"og:locale":"es_ES","og:site_name":"El Digital de Asturias \u2013 Revista de ocio, turismo y estilo de vida","og:type":"article","og:title":"Pastor pide reflexi\u00f3n a los maquinistas de Renfe y tiende la mano a la negociaci\u00f3n | El Digital de Asturias","og:description":"La ministra de Fomento en funciones, Ana Pastor, ha trasladado al sindicato de maquinistas Semaf que el Gobierno &quot;sigue con la mano tendida&quot;, aunque le ha recordado que el servicio ferroviario es &quot;clave&quot; para &quot;todos los ciudadanos&quot;. &quot;A m\u00ed me gustar\u00eda llamar a los sindicatos, a los maquinistas, a que reflexionen sobre que el servicio","og:url":"https:\/\/eldigitaldeasturias.com\/magazine365\/pastor-pide-reflexion-a-los-maquinistas-de-renfe-y-tiende-la-mano-a-la-negociacion\/","og:image":"https:\/\/eldigitaldeasturias.com\/magazine365\/wp-content\/uploads\/2016\/06\/m365.jpg","og:image:secure_url":"https:\/\/eldigitaldeasturias.com\/magazine365\/wp-content\/uploads\/2016\/06\/m365.jpg","og:image:width":655,"og:image:height":360,"article:published_time":"2016-06-13T16:32:22+00:00","article:modified_time":"2016-06-13T16:32:22+00:00","twitter:card":"summary_large_image","twitter:title":"Pastor pide reflexi\u00f3n a los maquinistas de Renfe y tiende la mano a la negociaci\u00f3n | El Digital de Asturias","twitter:description":"La ministra de Fomento en funciones, Ana Pastor, ha trasladado al sindicato de maquinistas Semaf que el Gobierno &quot;sigue con la mano tendida&quot;, aunque le ha recordado que el servicio ferroviario es &quot;clave&quot; para &quot;todos los ciudadanos&quot;. &quot;A m\u00ed me gustar\u00eda llamar a los sindicatos, a los maquinistas, a que reflexionen sobre que el servicio","twitter:image":"https:\/\/eldigitaldeasturias.com\/magazine365\/wp-content\/uploads\/2016\/06\/m365.jpg"},"aioseo_meta_data":{"post_id":"79002","title":null,"description":null,"keywords":null,"keyphrases":null,"primary_term":null,"canonical_url":null,"og_title":null,"og_description":null,"og_object_type":"default","og_image_type":"default","og_image_url":null,"og_image_width":null,"og_image_height":null,"og_image_custom_url":null,"og_image_custom_fields":null,"og_video":null,"og_custom_url":null,"og_article_section":null,"og_article_tags":null,"twitter_use_og":false,"twitter_card":"default","twitter_image_type":"default","twitter_image_url":null,"twitter_image_custom_url":null,"twitter_image_custom_fields":null,"twitter_title":null,"twitter_description":null,"schema":{"blockGraphs":[],"customGraphs":[],"default":{"data":{"Article":[],"Course":[],"Dataset":[],"FAQPage":[],"Movie":[],"Person":[],"Product":[],"ProductReview":[],"Car":[],"Recipe":[],"Service":[],"SoftwareApplication":[],"WebPage":[]},"graphName":"","isEnabled":true},"graphs":[],"defaultGraph":"","defaultPostTypeGraph":""},"schema_type":null,"schema_type_options":null,"pillar_content":false,"robots_default":true,"robots_noindex":false,"robots_noarchive":false,"robots_nosnippet":false,"robots_nofollow":false,"robots_noimageindex":false,"robots_noodp":false,"robots_notranslate":false,"robots_max_snippet":null,"robots_max_videopreview":null,"robots_max_imagepreview":"large","priority":null,"frequency":null,"location":null,"local_seo":null,"seo_analyzer_scan_date":"2025-09-27 18:02:11","breadcrumb_settings":null,"limit_modified_date":false,"open_ai":null,"ai":null,"created":"2021-03-08 17:54:24","updated":"2025-09-27 18:02:11"},"aioseo_breadcrumb":"<div class=\"aioseo-breadcrumbs\"><span class=\"aioseo-breadcrumb\">\n\t<a href=\"https:\/\/eldigitaldeasturias.com\/magazine365\" title=\"Home\">Home<\/a>\n<\/span><span class=\"aioseo-breadcrumb-separator\">\u2013<\/span><span class=\"aioseo-breadcrumb\">\n\t<a href=\"https:\/\/eldigitaldeasturias.com\/magazine365\/category\/noticias-actualidad\/\" title=\"Noticias y Actualidad\">Noticias y Actualidad<\/a>\n<\/span><span class=\"aioseo-breadcrumb-separator\">\u2013<\/span><span class=\"aioseo-breadcrumb\">\n\t<a href=\"https:\/\/eldigitaldeasturias.com\/magazine365\/pastor-pide-reflexion-a-los-maquinistas-de-renfe-y-tiende-la-mano-a-la-negociacion\/\" title=\"Pastor pide reflexi\u00f3n a los maquinistas de Renfe y tiende la mano a la negociaci\u00f3n\">Pastor pide reflexi\u00f3n a los maquinistas de Renfe y tiende la mano a la negociaci\u00f3n<\/a>\n<\/span><\/div>","aioseo_breadcrumb_json":[{"label":"Home","link":"https:\/\/eldigitaldeasturias.com\/magazine365"},{"label":"Noticias y Actualidad","link":"https:\/\/eldigitaldeasturias.com\/magazine365\/category\/noticias-actualidad\/"},{"label":"Pastor pide reflexi\u00f3n a los maquinistas de Renfe y tiende la mano a la negociaci\u00f3n","link":"https:\/\/eldigitaldeasturias.com\/magazine365\/pastor-pide-reflexion-a-los-maquinistas-de-renfe-y-tiende-la-mano-a-la-negociacion\/"}],"_links":{"self":[{"href":"https:\/\/eldigitaldeasturias.com\/magazine365\/wp-json\/wp\/v2\/posts\/79002","targetHints":{"allow":["GET"]}}],"collection":[{"href":"https:\/\/eldigitaldeasturias.com\/magazine365\/wp-json\/wp\/v2\/posts"}],"about":[{"href":"https:\/\/eldigitaldeasturias.com\/magazine365\/wp-json\/wp\/v2\/types\/post"}],"author":[{"embeddable":true,"href":"https:\/\/eldigitaldeasturias.com\/magazine365\/wp-json\/wp\/v2\/users\/1"}],"replies":[{"embeddable":true,"href":"https:\/\/eldigitaldeasturias.com\/magazine365\/wp-json\/wp\/v2\/comments?post=79002"}],"version-history":[{"count":0,"href":"https:\/\/eldigitaldeasturias.com\/magazine365\/wp-json\/wp\/v2\/posts\/79002\/revisions"}],"wp:featuredmedia":[{"embeddable":true,"href":"https:\/\/eldigitaldeasturias.com\/magazine365\/wp-json\/wp\/v2\/media\/77926"}],"wp:attachment":[{"href":"https:\/\/eldigitaldeasturias.com\/magazine365\/wp-json\/wp\/v2\/media?parent=79002"}],"wp:term":[{"taxonomy":"category","embeddable":true,"href":"https:\/\/eldigitaldeasturias.com\/magazine365\/wp-json\/wp\/v2\/categories?post=79002"},{"taxonomy":"post_tag","embeddable":true,"href":"https:\/\/eldigitaldeasturias.com\/magazine365\/wp-json\/wp\/v2\/tags?post=79002"}],"curies":[{"name":"wp","href":"https:\/\/api.w.org\/{rel}","templated":true}]}}