{"id":78999,"date":"2016-06-13T18:28:47","date_gmt":"2016-06-13T16:28:47","guid":{"rendered":"http:\/\/eldigitaldeasturias.com\/magazine365\/?p=78999"},"modified":"2016-06-13T18:28:47","modified_gmt":"2016-06-13T16:28:47","slug":"ana-pastor-reitera-su-colaboracion-y-respeto-a-la-justicia-y-su-apoyo-a-las-victimas-de-angrois","status":"publish","type":"post","link":"https:\/\/eldigitaldeasturias.com\/magazine365\/ana-pastor-reitera-su-colaboracion-y-respeto-a-la-justicia-y-su-apoyo-a-las-victimas-de-angrois\/","title":{"rendered":"Ana Pastor reitera su colaboraci\u00f3n y respeto a la justicia y su apoyo a las v\u00edctimas de Angrois"},"content":{"rendered":"<p><img fetchpriority=\"high\" decoding=\"async\" class=\"alignleft size-medium wp-image-79000\" src=\"https:\/\/eldigitaldeasturias.com\/magazine365\/wp-content\/uploads\/2016\/06\/fotonoticia_20160613144127_800-360x240.jpg\" alt=\"fotonoticia_20160613144127_800\" width=\"360\" height=\"240\" srcset=\"https:\/\/eldigitaldeasturias.com\/magazine365\/wp-content\/uploads\/2016\/06\/fotonoticia_20160613144127_800-360x240.jpg 360w, https:\/\/eldigitaldeasturias.com\/magazine365\/wp-content\/uploads\/2016\/06\/fotonoticia_20160613144127_800-650x433.jpg 650w, https:\/\/eldigitaldeasturias.com\/magazine365\/wp-content\/uploads\/2016\/06\/fotonoticia_20160613144127_800-768x512.jpg 768w, https:\/\/eldigitaldeasturias.com\/magazine365\/wp-content\/uploads\/2016\/06\/fotonoticia_20160613144127_800-150x100.jpg 150w, https:\/\/eldigitaldeasturias.com\/magazine365\/wp-content\/uploads\/2016\/06\/fotonoticia_20160613144127_800-450x300.jpg 450w, https:\/\/eldigitaldeasturias.com\/magazine365\/wp-content\/uploads\/2016\/06\/fotonoticia_20160613144127_800-101x66.jpg 101w, https:\/\/eldigitaldeasturias.com\/magazine365\/wp-content\/uploads\/2016\/06\/fotonoticia_20160613144127_800.jpg 800w\" sizes=\"(max-width: 360px) 100vw, 360px\" \/>La ministra de Fomento en funciones, Ana Pastor, ha reiterado este lunes su \u00abcolaboraci\u00f3n y respeto\u00bb con la justicia y su \u00abapoyo\u00bb a las v\u00edctimas tras ser cuestionada sobre las declaraciones realizadas este domingo por el fiscal del caso Alvia, Antonio Roma.<\/p>\n<p>En una entrevista en la Cadena Ser, el fiscal del caso explicaba que no es \u00abdescartable ni confirmable\u00bb que se ampl\u00ede el n\u00famero de acusados cuando finalice la instrucci\u00f3n, la cual ha sido reabierta por mandato de la Audiencia Provincial de A Coru\u00f1a.<\/p>\n<p>\u00abNosotros, como sabe, siempre la colaboraci\u00f3n, el respeto y el apoyo a las v\u00edctimas\u00bb, se ha limitado a contestar la titular de Fomento a los medios, tras participar en un acto de campa\u00f1a en Sanxenxo (Pontevedra) junto con la ministra en funciones de Empleo y Seguridad Social, F\u00e1tima B\u00e1\u00f1ez.<\/p>\n<p>La Audiencia Provincial de A Coru\u00f1a orden\u00f3 el pasado 27 de mayo reabrir la instrucci\u00f3n que investiga las causas del accidente del tren Alvia, acaecido el 24 de julio de 2013 en el barrio compostelano de Angrois y que caus\u00f3 80 muertes y m\u00e1s de un centenar de heridos.<\/p>\n<p>Desde que se reabri\u00f3 la instrucci\u00f3n del caso, en el que en la actualidad est\u00e1 imputado \u00fanicamente el maquinista, la ministra siempre se ha pronunciado del mismo modo al ser preguntada, limit\u00e1ndose a mostrar su colaboraci\u00f3n con la justicia y el apoyo a las v\u00edctimas.<\/p>\n<p>La Audiencia, en su auto de reapertura, observa indicios de que Adif &#8211;entidad p\u00fablica empresarial dependiente del Ministerio de Fomento&#8211; no realiz\u00f3 la obligada evaluaci\u00f3n de riesgo en la curva de A Grandeira, lo que habr\u00eda conllevado la adopci\u00f3n de mayores medidas de seguridad en este punto.<\/p>\n","protected":false},"excerpt":{"rendered":"<p>La ministra de Fomento en funciones, Ana Pastor, ha reiterado este lunes su \u00abcolaboraci\u00f3n y respeto\u00bb con la justicia y su \u00abapoyo\u00bb a las v\u00edctimas tras ser cuestionada sobre las declaraciones realizadas este domingo por el fiscal del caso Alvia, Antonio Roma. En una entrevista en la Cadena Ser, el fiscal del caso explicaba que<\/p>\n","protected":false},"author":1,"featured_media":79000,"comment_status":"open","ping_status":"closed","sticky":false,"template":"","format":"standard","meta":{"footnotes":""},"categories":[224],"tags":[],"class_list":{"0":"post-78999","1":"post","2":"type-post","3":"status-publish","4":"format-standard","5":"has-post-thumbnail","7":"category-noticias-actualidad"},"aioseo_notices":[],"aioseo_head":"\n\t\t<!-- All in One SEO Pro 4.9.6.1 - aioseo.com -->\n\t<meta name=\"description\" content=\"La ministra de Fomento en funciones, Ana Pastor, ha reiterado este lunes su &quot;colaboraci\u00f3n y respeto&quot; con la justicia y su &quot;apoyo&quot; a las v\u00edctimas tras ser cuestionada sobre las declaraciones realizadas este domingo por el fiscal del caso Alvia, Antonio Roma. En una entrevista en la Cadena Ser, el fiscal del caso explicaba que\" \/>\n\t<meta name=\"robots\" content=\"max-image-preview:large\" \/>\n\t<meta name=\"author\" content=\"admin\"\/>\n\t<meta name=\"google-site-verification\" content=\"UA-38556648-1\" \/>\n\t<meta name=\"keywords\" content=\"noticias y actualidad\" \/>\n\t<link rel=\"canonical\" href=\"https:\/\/eldigitaldeasturias.com\/magazine365\/ana-pastor-reitera-su-colaboracion-y-respeto-a-la-justicia-y-su-apoyo-a-las-victimas-de-angrois\/\" \/>\n\t<meta name=\"generator\" content=\"All in One SEO Pro (AIOSEO) 4.9.6.1\" \/>\n\t\t<meta property=\"og:locale\" content=\"es_ES\" \/>\n\t\t<meta property=\"og:site_name\" content=\"El Digital de Asturias \u2013 Revista de ocio, turismo y estilo de vida\" \/>\n\t\t<meta property=\"og:type\" content=\"article\" \/>\n\t\t<meta property=\"og:title\" content=\"Ana Pastor reitera su colaboraci\u00f3n y respeto a la justicia y su apoyo a las v\u00edctimas de Angrois | El Digital de Asturias\" \/>\n\t\t<meta property=\"og:description\" content=\"La ministra de Fomento en funciones, Ana Pastor, ha reiterado este lunes su &quot;colaboraci\u00f3n y respeto&quot; con la justicia y su &quot;apoyo&quot; a las v\u00edctimas tras ser cuestionada sobre las declaraciones realizadas este domingo por el fiscal del caso Alvia, Antonio Roma. En una entrevista en la Cadena Ser, el fiscal del caso explicaba que\" \/>\n\t\t<meta property=\"og:url\" content=\"https:\/\/eldigitaldeasturias.com\/magazine365\/ana-pastor-reitera-su-colaboracion-y-respeto-a-la-justicia-y-su-apoyo-a-las-victimas-de-angrois\/\" \/>\n\t\t<meta property=\"og:image\" content=\"https:\/\/eldigitaldeasturias.com\/magazine365\/wp-content\/uploads\/2016\/06\/fotonoticia_20160613144127_800.jpg\" \/>\n\t\t<meta property=\"og:image:secure_url\" content=\"https:\/\/eldigitaldeasturias.com\/magazine365\/wp-content\/uploads\/2016\/06\/fotonoticia_20160613144127_800.jpg\" \/>\n\t\t<meta property=\"og:image:width\" content=\"800\" \/>\n\t\t<meta property=\"og:image:height\" content=\"533\" \/>\n\t\t<meta property=\"article:published_time\" content=\"2016-06-13T16:28:47+00:00\" \/>\n\t\t<meta property=\"article:modified_time\" content=\"2016-06-13T16:28:47+00:00\" \/>\n\t\t<meta name=\"twitter:card\" content=\"summary_large_image\" \/>\n\t\t<meta name=\"twitter:title\" content=\"Ana Pastor reitera su colaboraci\u00f3n y respeto a la justicia y su apoyo a las v\u00edctimas de Angrois | El Digital de Asturias\" \/>\n\t\t<meta name=\"twitter:description\" content=\"La ministra de Fomento en funciones, Ana Pastor, ha reiterado este lunes su &quot;colaboraci\u00f3n y respeto&quot; con la justicia y su &quot;apoyo&quot; a las v\u00edctimas tras ser cuestionada sobre las declaraciones realizadas este domingo por el fiscal del caso Alvia, Antonio Roma. En una entrevista en la Cadena Ser, el fiscal del caso explicaba que\" \/>\n\t\t<meta name=\"twitter:image\" content=\"https:\/\/eldigitaldeasturias.com\/magazine365\/wp-content\/uploads\/2016\/06\/fotonoticia_20160613144127_800.jpg\" \/>\n\t\t<script type=\"application\/ld+json\" class=\"aioseo-schema\">\n\t\t\t{\"@context\":\"https:\\\/\\\/schema.org\",\"@graph\":[{\"@type\":\"Article\",\"@id\":\"https:\\\/\\\/eldigitaldeasturias.com\\\/magazine365\\\/ana-pastor-reitera-su-colaboracion-y-respeto-a-la-justicia-y-su-apoyo-a-las-victimas-de-angrois\\\/#article\",\"name\":\"Ana Pastor reitera su colaboraci\\u00f3n y respeto a la justicia y su apoyo a las v\\u00edctimas de Angrois | El Digital de Asturias\",\"headline\":\"Ana Pastor reitera su colaboraci\\u00f3n y respeto a la justicia y su apoyo a las v\\u00edctimas de Angrois\",\"author\":{\"@id\":\"https:\\\/\\\/eldigitaldeasturias.com\\\/magazine365\\\/author\\\/admin\\\/#author\"},\"publisher\":{\"@id\":\"https:\\\/\\\/eldigitaldeasturias.com\\\/magazine365\\\/#organization\"},\"image\":{\"@type\":\"ImageObject\",\"url\":\"https:\\\/\\\/eldigitaldeasturias.com\\\/magazine365\\\/wp-content\\\/uploads\\\/2016\\\/06\\\/fotonoticia_20160613144127_800.jpg\",\"width\":800,\"height\":533},\"datePublished\":\"2016-06-13T18:28:47+02:00\",\"dateModified\":\"2016-06-13T18:28:47+02:00\",\"inLanguage\":\"es-ES\",\"mainEntityOfPage\":{\"@id\":\"https:\\\/\\\/eldigitaldeasturias.com\\\/magazine365\\\/ana-pastor-reitera-su-colaboracion-y-respeto-a-la-justicia-y-su-apoyo-a-las-victimas-de-angrois\\\/#webpage\"},\"isPartOf\":{\"@id\":\"https:\\\/\\\/eldigitaldeasturias.com\\\/magazine365\\\/ana-pastor-reitera-su-colaboracion-y-respeto-a-la-justicia-y-su-apoyo-a-las-victimas-de-angrois\\\/#webpage\"},\"articleSection\":\"Noticias y Actualidad\"},{\"@type\":\"BreadcrumbList\",\"@id\":\"https:\\\/\\\/eldigitaldeasturias.com\\\/magazine365\\\/ana-pastor-reitera-su-colaboracion-y-respeto-a-la-justicia-y-su-apoyo-a-las-victimas-de-angrois\\\/#breadcrumblist\",\"itemListElement\":[{\"@type\":\"ListItem\",\"@id\":\"https:\\\/\\\/eldigitaldeasturias.com\\\/magazine365#listItem\",\"position\":1,\"name\":\"Home\",\"item\":\"https:\\\/\\\/eldigitaldeasturias.com\\\/magazine365\",\"nextItem\":{\"@type\":\"ListItem\",\"@id\":\"https:\\\/\\\/eldigitaldeasturias.com\\\/magazine365\\\/category\\\/noticias-actualidad\\\/#listItem\",\"name\":\"Noticias y Actualidad\"}},{\"@type\":\"ListItem\",\"@id\":\"https:\\\/\\\/eldigitaldeasturias.com\\\/magazine365\\\/category\\\/noticias-actualidad\\\/#listItem\",\"position\":2,\"name\":\"Noticias y Actualidad\",\"item\":\"https:\\\/\\\/eldigitaldeasturias.com\\\/magazine365\\\/category\\\/noticias-actualidad\\\/\",\"nextItem\":{\"@type\":\"ListItem\",\"@id\":\"https:\\\/\\\/eldigitaldeasturias.com\\\/magazine365\\\/ana-pastor-reitera-su-colaboracion-y-respeto-a-la-justicia-y-su-apoyo-a-las-victimas-de-angrois\\\/#listItem\",\"name\":\"Ana Pastor reitera su colaboraci\\u00f3n y respeto a la justicia y su apoyo a las v\\u00edctimas de Angrois\"},\"previousItem\":{\"@type\":\"ListItem\",\"@id\":\"https:\\\/\\\/eldigitaldeasturias.com\\\/magazine365#listItem\",\"name\":\"Home\"}},{\"@type\":\"ListItem\",\"@id\":\"https:\\\/\\\/eldigitaldeasturias.com\\\/magazine365\\\/ana-pastor-reitera-su-colaboracion-y-respeto-a-la-justicia-y-su-apoyo-a-las-victimas-de-angrois\\\/#listItem\",\"position\":3,\"name\":\"Ana Pastor reitera su colaboraci\\u00f3n y respeto a la justicia y su apoyo a las v\\u00edctimas de Angrois\",\"previousItem\":{\"@type\":\"ListItem\",\"@id\":\"https:\\\/\\\/eldigitaldeasturias.com\\\/magazine365\\\/category\\\/noticias-actualidad\\\/#listItem\",\"name\":\"Noticias y Actualidad\"}}]},{\"@type\":\"Organization\",\"@id\":\"https:\\\/\\\/eldigitaldeasturias.com\\\/magazine365\\\/#organization\",\"name\":\"El digital de Asturias\",\"description\":\"Revista de ocio, turismo y estilo de vida\",\"url\":\"https:\\\/\\\/eldigitaldeasturias.com\\\/magazine365\\\/\",\"logo\":{\"@type\":\"ImageObject\",\"url\":\"https:\\\/\\\/www.eldigitaldeasturias.com\\\/noticias\\\/wp-content\\\/uploads\\\/2020\\\/12\\\/EDA.jpg\",\"@id\":\"https:\\\/\\\/eldigitaldeasturias.com\\\/magazine365\\\/ana-pastor-reitera-su-colaboracion-y-respeto-a-la-justicia-y-su-apoyo-a-las-victimas-de-angrois\\\/#organizationLogo\"},\"image\":{\"@id\":\"https:\\\/\\\/eldigitaldeasturias.com\\\/magazine365\\\/ana-pastor-reitera-su-colaboracion-y-respeto-a-la-justicia-y-su-apoyo-a-las-victimas-de-angrois\\\/#organizationLogo\"}},{\"@type\":\"Person\",\"@id\":\"https:\\\/\\\/eldigitaldeasturias.com\\\/magazine365\\\/author\\\/admin\\\/#author\",\"url\":\"https:\\\/\\\/eldigitaldeasturias.com\\\/magazine365\\\/author\\\/admin\\\/\",\"name\":\"admin\",\"image\":{\"@type\":\"ImageObject\",\"@id\":\"https:\\\/\\\/eldigitaldeasturias.com\\\/magazine365\\\/ana-pastor-reitera-su-colaboracion-y-respeto-a-la-justicia-y-su-apoyo-a-las-victimas-de-angrois\\\/#authorImage\",\"url\":\"https:\\\/\\\/eldigitaldeasturias.com\\\/magazine365\\\/wp-content\\\/litespeed\\\/avatar\\\/e571bcf59a0edd6fa6838245a470f2fe.jpg?ver=1776969259\",\"width\":96,\"height\":96,\"caption\":\"admin\"}},{\"@type\":\"WebPage\",\"@id\":\"https:\\\/\\\/eldigitaldeasturias.com\\\/magazine365\\\/ana-pastor-reitera-su-colaboracion-y-respeto-a-la-justicia-y-su-apoyo-a-las-victimas-de-angrois\\\/#webpage\",\"url\":\"https:\\\/\\\/eldigitaldeasturias.com\\\/magazine365\\\/ana-pastor-reitera-su-colaboracion-y-respeto-a-la-justicia-y-su-apoyo-a-las-victimas-de-angrois\\\/\",\"name\":\"Ana Pastor reitera su colaboraci\\u00f3n y respeto a la justicia y su apoyo a las v\\u00edctimas de Angrois | El Digital de Asturias\",\"description\":\"La ministra de Fomento en funciones, Ana Pastor, ha reiterado este lunes su \\\"colaboraci\\u00f3n y respeto\\\" con la justicia y su \\\"apoyo\\\" a las v\\u00edctimas tras ser cuestionada sobre las declaraciones realizadas este domingo por el fiscal del caso Alvia, Antonio Roma. En una entrevista en la Cadena Ser, el fiscal del caso explicaba que\",\"inLanguage\":\"es-ES\",\"isPartOf\":{\"@id\":\"https:\\\/\\\/eldigitaldeasturias.com\\\/magazine365\\\/#website\"},\"breadcrumb\":{\"@id\":\"https:\\\/\\\/eldigitaldeasturias.com\\\/magazine365\\\/ana-pastor-reitera-su-colaboracion-y-respeto-a-la-justicia-y-su-apoyo-a-las-victimas-de-angrois\\\/#breadcrumblist\"},\"author\":{\"@id\":\"https:\\\/\\\/eldigitaldeasturias.com\\\/magazine365\\\/author\\\/admin\\\/#author\"},\"creator\":{\"@id\":\"https:\\\/\\\/eldigitaldeasturias.com\\\/magazine365\\\/author\\\/admin\\\/#author\"},\"image\":{\"@type\":\"ImageObject\",\"url\":\"https:\\\/\\\/eldigitaldeasturias.com\\\/magazine365\\\/wp-content\\\/uploads\\\/2016\\\/06\\\/fotonoticia_20160613144127_800.jpg\",\"@id\":\"https:\\\/\\\/eldigitaldeasturias.com\\\/magazine365\\\/ana-pastor-reitera-su-colaboracion-y-respeto-a-la-justicia-y-su-apoyo-a-las-victimas-de-angrois\\\/#mainImage\",\"width\":800,\"height\":533},\"primaryImageOfPage\":{\"@id\":\"https:\\\/\\\/eldigitaldeasturias.com\\\/magazine365\\\/ana-pastor-reitera-su-colaboracion-y-respeto-a-la-justicia-y-su-apoyo-a-las-victimas-de-angrois\\\/#mainImage\"},\"datePublished\":\"2016-06-13T18:28:47+02:00\",\"dateModified\":\"2016-06-13T18:28:47+02:00\"},{\"@type\":\"WebSite\",\"@id\":\"https:\\\/\\\/eldigitaldeasturias.com\\\/magazine365\\\/#website\",\"url\":\"https:\\\/\\\/eldigitaldeasturias.com\\\/magazine365\\\/\",\"name\":\"El Digital de Asturias\",\"description\":\"Revista de ocio, turismo y estilo de vida\",\"inLanguage\":\"es-ES\",\"publisher\":{\"@id\":\"https:\\\/\\\/eldigitaldeasturias.com\\\/magazine365\\\/#organization\"}}]}\n\t\t<\/script>\n\t\t<!-- All in One SEO Pro -->\r\n\t\t<title>Ana Pastor reitera su colaboraci\u00f3n y respeto a la justicia y su apoyo a las v\u00edctimas de Angrois | El Digital de Asturias<\/title>\n\n","aioseo_head_json":{"title":"Ana Pastor reitera su colaboraci\u00f3n y respeto a la justicia y su apoyo a las v\u00edctimas de Angrois | El Digital de Asturias","description":"La ministra de Fomento en funciones, Ana Pastor, ha reiterado este lunes su \"colaboraci\u00f3n y respeto\" con la justicia y su \"apoyo\" a las v\u00edctimas tras ser cuestionada sobre las declaraciones realizadas este domingo por el fiscal del caso Alvia, Antonio Roma. En una entrevista en la Cadena Ser, el fiscal del caso explicaba que","canonical_url":"https:\/\/eldigitaldeasturias.com\/magazine365\/ana-pastor-reitera-su-colaboracion-y-respeto-a-la-justicia-y-su-apoyo-a-las-victimas-de-angrois\/","robots":"max-image-preview:large","keywords":"noticias y actualidad","webmasterTools":{"google-site-verification":"UA-38556648-1","miscellaneous":""},"schema":{"@context":"https:\/\/schema.org","@graph":[{"@type":"Article","@id":"https:\/\/eldigitaldeasturias.com\/magazine365\/ana-pastor-reitera-su-colaboracion-y-respeto-a-la-justicia-y-su-apoyo-a-las-victimas-de-angrois\/#article","name":"Ana Pastor reitera su colaboraci\u00f3n y respeto a la justicia y su apoyo a las v\u00edctimas de Angrois | El Digital de Asturias","headline":"Ana Pastor reitera su colaboraci\u00f3n y respeto a la justicia y su apoyo a las v\u00edctimas de Angrois","author":{"@id":"https:\/\/eldigitaldeasturias.com\/magazine365\/author\/admin\/#author"},"publisher":{"@id":"https:\/\/eldigitaldeasturias.com\/magazine365\/#organization"},"image":{"@type":"ImageObject","url":"https:\/\/eldigitaldeasturias.com\/magazine365\/wp-content\/uploads\/2016\/06\/fotonoticia_20160613144127_800.jpg","width":800,"height":533},"datePublished":"2016-06-13T18:28:47+02:00","dateModified":"2016-06-13T18:28:47+02:00","inLanguage":"es-ES","mainEntityOfPage":{"@id":"https:\/\/eldigitaldeasturias.com\/magazine365\/ana-pastor-reitera-su-colaboracion-y-respeto-a-la-justicia-y-su-apoyo-a-las-victimas-de-angrois\/#webpage"},"isPartOf":{"@id":"https:\/\/eldigitaldeasturias.com\/magazine365\/ana-pastor-reitera-su-colaboracion-y-respeto-a-la-justicia-y-su-apoyo-a-las-victimas-de-angrois\/#webpage"},"articleSection":"Noticias y Actualidad"},{"@type":"BreadcrumbList","@id":"https:\/\/eldigitaldeasturias.com\/magazine365\/ana-pastor-reitera-su-colaboracion-y-respeto-a-la-justicia-y-su-apoyo-a-las-victimas-de-angrois\/#breadcrumblist","itemListElement":[{"@type":"ListItem","@id":"https:\/\/eldigitaldeasturias.com\/magazine365#listItem","position":1,"name":"Home","item":"https:\/\/eldigitaldeasturias.com\/magazine365","nextItem":{"@type":"ListItem","@id":"https:\/\/eldigitaldeasturias.com\/magazine365\/category\/noticias-actualidad\/#listItem","name":"Noticias y Actualidad"}},{"@type":"ListItem","@id":"https:\/\/eldigitaldeasturias.com\/magazine365\/category\/noticias-actualidad\/#listItem","position":2,"name":"Noticias y Actualidad","item":"https:\/\/eldigitaldeasturias.com\/magazine365\/category\/noticias-actualidad\/","nextItem":{"@type":"ListItem","@id":"https:\/\/eldigitaldeasturias.com\/magazine365\/ana-pastor-reitera-su-colaboracion-y-respeto-a-la-justicia-y-su-apoyo-a-las-victimas-de-angrois\/#listItem","name":"Ana Pastor reitera su colaboraci\u00f3n y respeto a la justicia y su apoyo a las v\u00edctimas de Angrois"},"previousItem":{"@type":"ListItem","@id":"https:\/\/eldigitaldeasturias.com\/magazine365#listItem","name":"Home"}},{"@type":"ListItem","@id":"https:\/\/eldigitaldeasturias.com\/magazine365\/ana-pastor-reitera-su-colaboracion-y-respeto-a-la-justicia-y-su-apoyo-a-las-victimas-de-angrois\/#listItem","position":3,"name":"Ana Pastor reitera su colaboraci\u00f3n y respeto a la justicia y su apoyo a las v\u00edctimas de Angrois","previousItem":{"@type":"ListItem","@id":"https:\/\/eldigitaldeasturias.com\/magazine365\/category\/noticias-actualidad\/#listItem","name":"Noticias y Actualidad"}}]},{"@type":"Organization","@id":"https:\/\/eldigitaldeasturias.com\/magazine365\/#organization","name":"El digital de Asturias","description":"Revista de ocio, turismo y estilo de vida","url":"https:\/\/eldigitaldeasturias.com\/magazine365\/","logo":{"@type":"ImageObject","url":"https:\/\/www.eldigitaldeasturias.com\/noticias\/wp-content\/uploads\/2020\/12\/EDA.jpg","@id":"https:\/\/eldigitaldeasturias.com\/magazine365\/ana-pastor-reitera-su-colaboracion-y-respeto-a-la-justicia-y-su-apoyo-a-las-victimas-de-angrois\/#organizationLogo"},"image":{"@id":"https:\/\/eldigitaldeasturias.com\/magazine365\/ana-pastor-reitera-su-colaboracion-y-respeto-a-la-justicia-y-su-apoyo-a-las-victimas-de-angrois\/#organizationLogo"}},{"@type":"Person","@id":"https:\/\/eldigitaldeasturias.com\/magazine365\/author\/admin\/#author","url":"https:\/\/eldigitaldeasturias.com\/magazine365\/author\/admin\/","name":"admin","image":{"@type":"ImageObject","@id":"https:\/\/eldigitaldeasturias.com\/magazine365\/ana-pastor-reitera-su-colaboracion-y-respeto-a-la-justicia-y-su-apoyo-a-las-victimas-de-angrois\/#authorImage","url":"https:\/\/eldigitaldeasturias.com\/magazine365\/wp-content\/litespeed\/avatar\/e571bcf59a0edd6fa6838245a470f2fe.jpg?ver=1776969259","width":96,"height":96,"caption":"admin"}},{"@type":"WebPage","@id":"https:\/\/eldigitaldeasturias.com\/magazine365\/ana-pastor-reitera-su-colaboracion-y-respeto-a-la-justicia-y-su-apoyo-a-las-victimas-de-angrois\/#webpage","url":"https:\/\/eldigitaldeasturias.com\/magazine365\/ana-pastor-reitera-su-colaboracion-y-respeto-a-la-justicia-y-su-apoyo-a-las-victimas-de-angrois\/","name":"Ana Pastor reitera su colaboraci\u00f3n y respeto a la justicia y su apoyo a las v\u00edctimas de Angrois | El Digital de Asturias","description":"La ministra de Fomento en funciones, Ana Pastor, ha reiterado este lunes su \"colaboraci\u00f3n y respeto\" con la justicia y su \"apoyo\" a las v\u00edctimas tras ser cuestionada sobre las declaraciones realizadas este domingo por el fiscal del caso Alvia, Antonio Roma. En una entrevista en la Cadena Ser, el fiscal del caso explicaba que","inLanguage":"es-ES","isPartOf":{"@id":"https:\/\/eldigitaldeasturias.com\/magazine365\/#website"},"breadcrumb":{"@id":"https:\/\/eldigitaldeasturias.com\/magazine365\/ana-pastor-reitera-su-colaboracion-y-respeto-a-la-justicia-y-su-apoyo-a-las-victimas-de-angrois\/#breadcrumblist"},"author":{"@id":"https:\/\/eldigitaldeasturias.com\/magazine365\/author\/admin\/#author"},"creator":{"@id":"https:\/\/eldigitaldeasturias.com\/magazine365\/author\/admin\/#author"},"image":{"@type":"ImageObject","url":"https:\/\/eldigitaldeasturias.com\/magazine365\/wp-content\/uploads\/2016\/06\/fotonoticia_20160613144127_800.jpg","@id":"https:\/\/eldigitaldeasturias.com\/magazine365\/ana-pastor-reitera-su-colaboracion-y-respeto-a-la-justicia-y-su-apoyo-a-las-victimas-de-angrois\/#mainImage","width":800,"height":533},"primaryImageOfPage":{"@id":"https:\/\/eldigitaldeasturias.com\/magazine365\/ana-pastor-reitera-su-colaboracion-y-respeto-a-la-justicia-y-su-apoyo-a-las-victimas-de-angrois\/#mainImage"},"datePublished":"2016-06-13T18:28:47+02:00","dateModified":"2016-06-13T18:28:47+02:00"},{"@type":"WebSite","@id":"https:\/\/eldigitaldeasturias.com\/magazine365\/#website","url":"https:\/\/eldigitaldeasturias.com\/magazine365\/","name":"El Digital de Asturias","description":"Revista de ocio, turismo y estilo de vida","inLanguage":"es-ES","publisher":{"@id":"https:\/\/eldigitaldeasturias.com\/magazine365\/#organization"}}]},"og:locale":"es_ES","og:site_name":"El Digital de Asturias \u2013 Revista de ocio, turismo y estilo de vida","og:type":"article","og:title":"Ana Pastor reitera su colaboraci\u00f3n y respeto a la justicia y su apoyo a las v\u00edctimas de Angrois | El Digital de Asturias","og:description":"La ministra de Fomento en funciones, Ana Pastor, ha reiterado este lunes su &quot;colaboraci\u00f3n y respeto&quot; con la justicia y su &quot;apoyo&quot; a las v\u00edctimas tras ser cuestionada sobre las declaraciones realizadas este domingo por el fiscal del caso Alvia, Antonio Roma. En una entrevista en la Cadena Ser, el fiscal del caso explicaba que","og:url":"https:\/\/eldigitaldeasturias.com\/magazine365\/ana-pastor-reitera-su-colaboracion-y-respeto-a-la-justicia-y-su-apoyo-a-las-victimas-de-angrois\/","og:image":"https:\/\/eldigitaldeasturias.com\/magazine365\/wp-content\/uploads\/2016\/06\/fotonoticia_20160613144127_800.jpg","og:image:secure_url":"https:\/\/eldigitaldeasturias.com\/magazine365\/wp-content\/uploads\/2016\/06\/fotonoticia_20160613144127_800.jpg","og:image:width":800,"og:image:height":533,"article:published_time":"2016-06-13T16:28:47+00:00","article:modified_time":"2016-06-13T16:28:47+00:00","twitter:card":"summary_large_image","twitter:title":"Ana Pastor reitera su colaboraci\u00f3n y respeto a la justicia y su apoyo a las v\u00edctimas de Angrois | El Digital de Asturias","twitter:description":"La ministra de Fomento en funciones, Ana Pastor, ha reiterado este lunes su &quot;colaboraci\u00f3n y respeto&quot; con la justicia y su &quot;apoyo&quot; a las v\u00edctimas tras ser cuestionada sobre las declaraciones realizadas este domingo por el fiscal del caso Alvia, Antonio Roma. En una entrevista en la Cadena Ser, el fiscal del caso explicaba que","twitter:image":"https:\/\/eldigitaldeasturias.com\/magazine365\/wp-content\/uploads\/2016\/06\/fotonoticia_20160613144127_800.jpg"},"aioseo_meta_data":{"post_id":"78999","title":null,"description":null,"keywords":null,"keyphrases":null,"primary_term":null,"canonical_url":null,"og_title":null,"og_description":null,"og_object_type":"default","og_image_type":"default","og_image_url":null,"og_image_width":null,"og_image_height":null,"og_image_custom_url":null,"og_image_custom_fields":null,"og_video":null,"og_custom_url":null,"og_article_section":null,"og_article_tags":null,"twitter_use_og":false,"twitter_card":"default","twitter_image_type":"default","twitter_image_url":null,"twitter_image_custom_url":null,"twitter_image_custom_fields":null,"twitter_title":null,"twitter_description":null,"schema":{"blockGraphs":[],"customGraphs":[],"default":{"data":{"Article":[],"Course":[],"Dataset":[],"FAQPage":[],"Movie":[],"Person":[],"Product":[],"ProductReview":[],"Car":[],"Recipe":[],"Service":[],"SoftwareApplication":[],"WebPage":[]},"graphName":"","isEnabled":true},"graphs":[],"defaultGraph":"","defaultPostTypeGraph":""},"schema_type":null,"schema_type_options":null,"pillar_content":false,"robots_default":true,"robots_noindex":false,"robots_noarchive":false,"robots_nosnippet":false,"robots_nofollow":false,"robots_noimageindex":false,"robots_noodp":false,"robots_notranslate":false,"robots_max_snippet":null,"robots_max_videopreview":null,"robots_max_imagepreview":"large","priority":null,"frequency":null,"location":null,"local_seo":null,"seo_analyzer_scan_date":"2025-09-27 18:02:10","breadcrumb_settings":null,"limit_modified_date":false,"open_ai":null,"ai":null,"created":"2021-03-08 17:54:24","updated":"2025-09-27 18:02:10"},"aioseo_breadcrumb":"<div class=\"aioseo-breadcrumbs\"><span class=\"aioseo-breadcrumb\">\n\t<a href=\"https:\/\/eldigitaldeasturias.com\/magazine365\" title=\"Home\">Home<\/a>\n<\/span><span class=\"aioseo-breadcrumb-separator\">\u2013<\/span><span class=\"aioseo-breadcrumb\">\n\t<a href=\"https:\/\/eldigitaldeasturias.com\/magazine365\/category\/noticias-actualidad\/\" title=\"Noticias y Actualidad\">Noticias y Actualidad<\/a>\n<\/span><span class=\"aioseo-breadcrumb-separator\">\u2013<\/span><span class=\"aioseo-breadcrumb\">\n\t<a href=\"https:\/\/eldigitaldeasturias.com\/magazine365\/ana-pastor-reitera-su-colaboracion-y-respeto-a-la-justicia-y-su-apoyo-a-las-victimas-de-angrois\/\" title=\"Ana Pastor reitera su colaboraci\u00f3n y respeto a la justicia y su apoyo a las v\u00edctimas de Angrois\">Ana Pastor reitera su colaboraci\u00f3n y respeto a la justicia y su apoyo a las v\u00edctimas de Angrois<\/a>\n<\/span><\/div>","aioseo_breadcrumb_json":[{"label":"Home","link":"https:\/\/eldigitaldeasturias.com\/magazine365"},{"label":"Noticias y Actualidad","link":"https:\/\/eldigitaldeasturias.com\/magazine365\/category\/noticias-actualidad\/"},{"label":"Ana Pastor reitera su colaboraci\u00f3n y respeto a la justicia y su apoyo a las v\u00edctimas de Angrois","link":"https:\/\/eldigitaldeasturias.com\/magazine365\/ana-pastor-reitera-su-colaboracion-y-respeto-a-la-justicia-y-su-apoyo-a-las-victimas-de-angrois\/"}],"_links":{"self":[{"href":"https:\/\/eldigitaldeasturias.com\/magazine365\/wp-json\/wp\/v2\/posts\/78999","targetHints":{"allow":["GET"]}}],"collection":[{"href":"https:\/\/eldigitaldeasturias.com\/magazine365\/wp-json\/wp\/v2\/posts"}],"about":[{"href":"https:\/\/eldigitaldeasturias.com\/magazine365\/wp-json\/wp\/v2\/types\/post"}],"author":[{"embeddable":true,"href":"https:\/\/eldigitaldeasturias.com\/magazine365\/wp-json\/wp\/v2\/users\/1"}],"replies":[{"embeddable":true,"href":"https:\/\/eldigitaldeasturias.com\/magazine365\/wp-json\/wp\/v2\/comments?post=78999"}],"version-history":[{"count":0,"href":"https:\/\/eldigitaldeasturias.com\/magazine365\/wp-json\/wp\/v2\/posts\/78999\/revisions"}],"wp:featuredmedia":[{"embeddable":true,"href":"https:\/\/eldigitaldeasturias.com\/magazine365\/wp-json\/wp\/v2\/media\/79000"}],"wp:attachment":[{"href":"https:\/\/eldigitaldeasturias.com\/magazine365\/wp-json\/wp\/v2\/media?parent=78999"}],"wp:term":[{"taxonomy":"category","embeddable":true,"href":"https:\/\/eldigitaldeasturias.com\/magazine365\/wp-json\/wp\/v2\/categories?post=78999"},{"taxonomy":"post_tag","embeddable":true,"href":"https:\/\/eldigitaldeasturias.com\/magazine365\/wp-json\/wp\/v2\/tags?post=78999"}],"curies":[{"name":"wp","href":"https:\/\/api.w.org\/{rel}","templated":true}]}}