{"id":78986,"date":"2016-06-13T18:22:37","date_gmt":"2016-06-13T16:22:37","guid":{"rendered":"http:\/\/eldigitaldeasturias.com\/magazine365\/?p=78986"},"modified":"2016-06-13T18:22:37","modified_gmt":"2016-06-13T16:22:37","slug":"sierra-nevada-abre-su-temporada-estival-el-25-de-junio","status":"publish","type":"post","link":"https:\/\/eldigitaldeasturias.com\/magazine365\/sierra-nevada-abre-su-temporada-estival-el-25-de-junio\/","title":{"rendered":"Sierra Nevada abre su temporada estival el 25 de junio"},"content":{"rendered":"<p><img fetchpriority=\"high\" decoding=\"async\" class=\"alignleft size-medium wp-image-78987\" src=\"https:\/\/eldigitaldeasturias.com\/magazine365\/wp-content\/uploads\/2016\/06\/fotonoticia_20160613143732_800-360x245.jpg\" alt=\"fotonoticia_20160613143732_800\" width=\"360\" height=\"245\" srcset=\"https:\/\/eldigitaldeasturias.com\/magazine365\/wp-content\/uploads\/2016\/06\/fotonoticia_20160613143732_800-360x245.jpg 360w, https:\/\/eldigitaldeasturias.com\/magazine365\/wp-content\/uploads\/2016\/06\/fotonoticia_20160613143732_800-650x443.jpg 650w, https:\/\/eldigitaldeasturias.com\/magazine365\/wp-content\/uploads\/2016\/06\/fotonoticia_20160613143732_800-768x523.jpg 768w, https:\/\/eldigitaldeasturias.com\/magazine365\/wp-content\/uploads\/2016\/06\/fotonoticia_20160613143732_800-150x102.jpg 150w, https:\/\/eldigitaldeasturias.com\/magazine365\/wp-content\/uploads\/2016\/06\/fotonoticia_20160613143732_800-450x307.jpg 450w, https:\/\/eldigitaldeasturias.com\/magazine365\/wp-content\/uploads\/2016\/06\/fotonoticia_20160613143732_800.jpg 800w\" sizes=\"(max-width: 360px) 100vw, 360px\" \/>La estaci\u00f3n de esqu\u00ed y monta\u00f1a de Sierra Nevada abrir\u00e1 sus instalaciones de verano el pr\u00f3ximo 25 de junio con una fuerte apuesta, esta temporada 2016, por el astroturismo y la naturaleza gracias al dise\u00f1o de un programa espec\u00edfico compuesto por una treintena de actividades, que abarcar\u00e1n todos los fines de semana de la campa\u00f1a estival.<\/p>\n<p>&#8216;Amanecer o atardecer desde El Veleta&#8217;, descubrir los sonidos del amanecer, visitas guiadas al observatorio o el programa &#8216;Ge\u00f3logo por un d\u00eda&#8217; son algunas de las actividades que vertebran el programa de Astroturismo y Naturaleza que se podr\u00e1 disfrutar desde el 25 de junio hasta el 4 de septiembre, d\u00eda de cierre de la campa\u00f1a de verano.<\/p>\n<p>As\u00ed lo han anunciado este lunes la delegada del Gobierno andaluz en Granada, Sandra Garc\u00eda, y la consejera delegada de Cetursa Sierra Nevada, Mar\u00eda Jos\u00e9 L\u00f3pez, que han subrayado el crecimiento constante y sostenido en el tiempo de la programaci\u00f3n y los usuarios de Sierra Nevada, que ha crecido un 55,26 por ciento desde que en 2010 se puso en marcha el plan de desestacionalizaci\u00f3n (de 26.826 visitantes en 2010 a 41.706 el verano pasado).<\/p>\n<p>Con todo, la apertura de los remontes de verano, el telecabina Borreguiles y el telesilla Veleta, que traslada a los usuarios desde los 2.100 a los 3.000 metros, constituir\u00e1 el eje central de las actividades en la estaci\u00f3n y su entorno, toda vez que su puesta en funcionamiento permite el acceso a los senderos de la fusi\u00f3n de la nieve, a los balcones de las altas cumbres o al inicio de las grandes rutas por los &#8216;tresmiles&#8217; de Sierra Nevada.<\/p>\n<p>La puesta en marcha de los medios mec\u00e1nicos, adaptados para el transporte de bicicletas de monta\u00f1a, servir\u00e1 tambi\u00e9n para la apertura de los circuitos de descenso y enduro del Sierra Nevada Bike Park, que este verano a\u00f1ade un nuevo circuito y renueva su montaje con la instalaci\u00f3n de nuevos elementos de madera &#8211;saltos, plataformas&#8211; en los distintos recorridos.<\/p>\n<p>En total, el Sierra Nevada Bike Park 2016 estar\u00e1 compuesto por ocho circuitos para todos los niveles que suman 37,5 kil\u00f3metros con 925 metros de desnivel. Uno de los circuitos ser\u00e1 de iniciaci\u00f3n al descenso y dispondr\u00e1 de un remonte propio: la alfombra Borreguiles.<\/p>\n<p>Otro de los elementos novedosos de esta temporada es la edici\u00f3n de un d\u00edptico especial dedicado a las carreras por monta\u00f1a para los aficionados al running que deseen entrenar por encina de los 2.000 metros de altitud. El plano propone varias alternativas para correr tanto en el entorno de Pradollano como por veredas de alta monta\u00f1a.<\/p>\n<p>Como cada verano, Sierra Nevada ser\u00e1 sede de una decena de competiciones deportivas extremas, todas ellas caracterizadas por su gran exigencia f\u00edsica y por el aumento en el n\u00famero de inscripciones edici\u00f3n tras edici\u00f3n.<\/p>\n<p>Descenso en bicicleta de monta\u00f1a, cicloturismo en ruta, carreras por monta\u00f1a, triatl\u00f3n, ultra trail, trekking y ascensos al entorno del Veleta en bicicleta o en carrera de ultrafondo son las disciplinas que componen el programa deportivo de verano.<\/p>\n<p>Las referencias musicales de los meses estivales girar\u00e1n en torno a los dos festivales consolidados de verano: el FEX, que llevar\u00e1 a Sierra Nevada el concierto de &#8216;Apache&#8217; (9 de julio) y la s\u00e9ptima edici\u00f3n del festival Sierra Nevada por todo lo Alto (19 y 20 de agosto), cuyo cartel y actividades musicales paralelas se conocer\u00e1 a final de semana.<\/p>\n<p>Por lo dem\u00e1s, las instalaciones l\u00fadicas de Pradollano, como la piscina climatizada del club deportivo Montebajo o las atracciones infantiles del centro de atracciones Mirlo Blanco, conforman el eje central de las actividades en la urbanizaci\u00f3n de Sierra Nevada. Bares, restaurantes, tiendas y establecimientos de hospedaje abren el 25 de junio.<\/p>\n<p>Esta oferta de alojamiento y actividades de ocio y naturaleza ha permitido que las empresas de turismo activo y ense\u00f1anza de idiomas hayan dise\u00f1ado hasta nueve opciones de campamentos de verano para ni\u00f1os y adolescentes durante los meses de julio y agosto.<\/p>\n<p>La consejera delegada de Cetursa Sierra Nevada se\u00f1al\u00f3 que la estaci\u00f3n, con ayuda de las empresas de turismo activo y naturaleza que cada a\u00f1o se implican en la desestacionalizaci\u00f3n de la Sierra Nevada, puede crecer un diez por ciento m\u00e1s en afluencia.<\/p>\n","protected":false},"excerpt":{"rendered":"<p>La estaci\u00f3n de esqu\u00ed y monta\u00f1a de Sierra Nevada abrir\u00e1 sus instalaciones de verano el pr\u00f3ximo 25 de junio con una fuerte apuesta, esta temporada 2016, por el astroturismo y la naturaleza gracias al dise\u00f1o de un programa espec\u00edfico compuesto por una treintena de actividades, que abarcar\u00e1n todos los fines de semana de la campa\u00f1a<\/p>\n","protected":false},"author":1,"featured_media":78987,"comment_status":"open","ping_status":"closed","sticky":false,"template":"","format":"standard","meta":{"footnotes":""},"categories":[224],"tags":[],"class_list":{"0":"post-78986","1":"post","2":"type-post","3":"status-publish","4":"format-standard","5":"has-post-thumbnail","7":"category-noticias-actualidad"},"aioseo_notices":[],"aioseo_head":"\n\t\t<!-- All in One SEO Pro 4.9.6.1 - aioseo.com -->\n\t<meta name=\"description\" content=\"La estaci\u00f3n de esqu\u00ed y monta\u00f1a de Sierra Nevada abrir\u00e1 sus instalaciones de verano el pr\u00f3ximo 25 de junio con una fuerte apuesta, esta temporada 2016, por el astroturismo y la naturaleza gracias al dise\u00f1o de un programa espec\u00edfico compuesto por una treintena de actividades, que abarcar\u00e1n todos los fines de semana de la campa\u00f1a\" \/>\n\t<meta name=\"robots\" content=\"max-image-preview:large\" \/>\n\t<meta name=\"author\" content=\"admin\"\/>\n\t<meta name=\"google-site-verification\" content=\"UA-38556648-1\" \/>\n\t<meta name=\"keywords\" content=\"noticias y actualidad\" \/>\n\t<link rel=\"canonical\" href=\"https:\/\/eldigitaldeasturias.com\/magazine365\/sierra-nevada-abre-su-temporada-estival-el-25-de-junio\/\" \/>\n\t<meta name=\"generator\" content=\"All in One SEO Pro (AIOSEO) 4.9.6.1\" \/>\n\t\t<meta property=\"og:locale\" content=\"es_ES\" \/>\n\t\t<meta property=\"og:site_name\" content=\"El Digital de Asturias \u2013 Revista de ocio, turismo y estilo de vida\" \/>\n\t\t<meta property=\"og:type\" content=\"article\" \/>\n\t\t<meta property=\"og:title\" content=\"Sierra Nevada abre su temporada estival el 25 de junio | El Digital de Asturias\" \/>\n\t\t<meta property=\"og:description\" content=\"La estaci\u00f3n de esqu\u00ed y monta\u00f1a de Sierra Nevada abrir\u00e1 sus instalaciones de verano el pr\u00f3ximo 25 de junio con una fuerte apuesta, esta temporada 2016, por el astroturismo y la naturaleza gracias al dise\u00f1o de un programa espec\u00edfico compuesto por una treintena de actividades, que abarcar\u00e1n todos los fines de semana de la campa\u00f1a\" \/>\n\t\t<meta property=\"og:url\" content=\"https:\/\/eldigitaldeasturias.com\/magazine365\/sierra-nevada-abre-su-temporada-estival-el-25-de-junio\/\" \/>\n\t\t<meta property=\"og:image\" content=\"https:\/\/eldigitaldeasturias.com\/magazine365\/wp-content\/uploads\/2016\/06\/fotonoticia_20160613143732_800.jpg\" \/>\n\t\t<meta property=\"og:image:secure_url\" content=\"https:\/\/eldigitaldeasturias.com\/magazine365\/wp-content\/uploads\/2016\/06\/fotonoticia_20160613143732_800.jpg\" \/>\n\t\t<meta property=\"og:image:width\" content=\"800\" \/>\n\t\t<meta property=\"og:image:height\" content=\"545\" \/>\n\t\t<meta property=\"article:published_time\" content=\"2016-06-13T16:22:37+00:00\" \/>\n\t\t<meta property=\"article:modified_time\" content=\"2016-06-13T16:22:37+00:00\" \/>\n\t\t<meta name=\"twitter:card\" content=\"summary_large_image\" \/>\n\t\t<meta name=\"twitter:title\" content=\"Sierra Nevada abre su temporada estival el 25 de junio | El Digital de Asturias\" \/>\n\t\t<meta name=\"twitter:description\" content=\"La estaci\u00f3n de esqu\u00ed y monta\u00f1a de Sierra Nevada abrir\u00e1 sus instalaciones de verano el pr\u00f3ximo 25 de junio con una fuerte apuesta, esta temporada 2016, por el astroturismo y la naturaleza gracias al dise\u00f1o de un programa espec\u00edfico compuesto por una treintena de actividades, que abarcar\u00e1n todos los fines de semana de la campa\u00f1a\" \/>\n\t\t<meta name=\"twitter:image\" content=\"https:\/\/eldigitaldeasturias.com\/magazine365\/wp-content\/uploads\/2016\/06\/fotonoticia_20160613143732_800.jpg\" \/>\n\t\t<script type=\"application\/ld+json\" class=\"aioseo-schema\">\n\t\t\t{\"@context\":\"https:\\\/\\\/schema.org\",\"@graph\":[{\"@type\":\"Article\",\"@id\":\"https:\\\/\\\/eldigitaldeasturias.com\\\/magazine365\\\/sierra-nevada-abre-su-temporada-estival-el-25-de-junio\\\/#article\",\"name\":\"Sierra Nevada abre su temporada estival el 25 de junio | El Digital de Asturias\",\"headline\":\"Sierra Nevada abre su temporada estival el 25 de junio\",\"author\":{\"@id\":\"https:\\\/\\\/eldigitaldeasturias.com\\\/magazine365\\\/author\\\/admin\\\/#author\"},\"publisher\":{\"@id\":\"https:\\\/\\\/eldigitaldeasturias.com\\\/magazine365\\\/#organization\"},\"image\":{\"@type\":\"ImageObject\",\"url\":\"https:\\\/\\\/eldigitaldeasturias.com\\\/magazine365\\\/wp-content\\\/uploads\\\/2016\\\/06\\\/fotonoticia_20160613143732_800.jpg\",\"width\":800,\"height\":545},\"datePublished\":\"2016-06-13T18:22:37+02:00\",\"dateModified\":\"2016-06-13T18:22:37+02:00\",\"inLanguage\":\"es-ES\",\"mainEntityOfPage\":{\"@id\":\"https:\\\/\\\/eldigitaldeasturias.com\\\/magazine365\\\/sierra-nevada-abre-su-temporada-estival-el-25-de-junio\\\/#webpage\"},\"isPartOf\":{\"@id\":\"https:\\\/\\\/eldigitaldeasturias.com\\\/magazine365\\\/sierra-nevada-abre-su-temporada-estival-el-25-de-junio\\\/#webpage\"},\"articleSection\":\"Noticias y Actualidad\"},{\"@type\":\"BreadcrumbList\",\"@id\":\"https:\\\/\\\/eldigitaldeasturias.com\\\/magazine365\\\/sierra-nevada-abre-su-temporada-estival-el-25-de-junio\\\/#breadcrumblist\",\"itemListElement\":[{\"@type\":\"ListItem\",\"@id\":\"https:\\\/\\\/eldigitaldeasturias.com\\\/magazine365#listItem\",\"position\":1,\"name\":\"Home\",\"item\":\"https:\\\/\\\/eldigitaldeasturias.com\\\/magazine365\",\"nextItem\":{\"@type\":\"ListItem\",\"@id\":\"https:\\\/\\\/eldigitaldeasturias.com\\\/magazine365\\\/category\\\/noticias-actualidad\\\/#listItem\",\"name\":\"Noticias y Actualidad\"}},{\"@type\":\"ListItem\",\"@id\":\"https:\\\/\\\/eldigitaldeasturias.com\\\/magazine365\\\/category\\\/noticias-actualidad\\\/#listItem\",\"position\":2,\"name\":\"Noticias y Actualidad\",\"item\":\"https:\\\/\\\/eldigitaldeasturias.com\\\/magazine365\\\/category\\\/noticias-actualidad\\\/\",\"nextItem\":{\"@type\":\"ListItem\",\"@id\":\"https:\\\/\\\/eldigitaldeasturias.com\\\/magazine365\\\/sierra-nevada-abre-su-temporada-estival-el-25-de-junio\\\/#listItem\",\"name\":\"Sierra Nevada abre su temporada estival el 25 de junio\"},\"previousItem\":{\"@type\":\"ListItem\",\"@id\":\"https:\\\/\\\/eldigitaldeasturias.com\\\/magazine365#listItem\",\"name\":\"Home\"}},{\"@type\":\"ListItem\",\"@id\":\"https:\\\/\\\/eldigitaldeasturias.com\\\/magazine365\\\/sierra-nevada-abre-su-temporada-estival-el-25-de-junio\\\/#listItem\",\"position\":3,\"name\":\"Sierra Nevada abre su temporada estival el 25 de junio\",\"previousItem\":{\"@type\":\"ListItem\",\"@id\":\"https:\\\/\\\/eldigitaldeasturias.com\\\/magazine365\\\/category\\\/noticias-actualidad\\\/#listItem\",\"name\":\"Noticias y Actualidad\"}}]},{\"@type\":\"Organization\",\"@id\":\"https:\\\/\\\/eldigitaldeasturias.com\\\/magazine365\\\/#organization\",\"name\":\"El digital de Asturias\",\"description\":\"Revista de ocio, turismo y estilo de vida\",\"url\":\"https:\\\/\\\/eldigitaldeasturias.com\\\/magazine365\\\/\",\"logo\":{\"@type\":\"ImageObject\",\"url\":\"https:\\\/\\\/www.eldigitaldeasturias.com\\\/noticias\\\/wp-content\\\/uploads\\\/2020\\\/12\\\/EDA.jpg\",\"@id\":\"https:\\\/\\\/eldigitaldeasturias.com\\\/magazine365\\\/sierra-nevada-abre-su-temporada-estival-el-25-de-junio\\\/#organizationLogo\"},\"image\":{\"@id\":\"https:\\\/\\\/eldigitaldeasturias.com\\\/magazine365\\\/sierra-nevada-abre-su-temporada-estival-el-25-de-junio\\\/#organizationLogo\"}},{\"@type\":\"Person\",\"@id\":\"https:\\\/\\\/eldigitaldeasturias.com\\\/magazine365\\\/author\\\/admin\\\/#author\",\"url\":\"https:\\\/\\\/eldigitaldeasturias.com\\\/magazine365\\\/author\\\/admin\\\/\",\"name\":\"admin\",\"image\":{\"@type\":\"ImageObject\",\"@id\":\"https:\\\/\\\/eldigitaldeasturias.com\\\/magazine365\\\/sierra-nevada-abre-su-temporada-estival-el-25-de-junio\\\/#authorImage\",\"url\":\"https:\\\/\\\/eldigitaldeasturias.com\\\/magazine365\\\/wp-content\\\/litespeed\\\/avatar\\\/e571bcf59a0edd6fa6838245a470f2fe.jpg?ver=1776969259\",\"width\":96,\"height\":96,\"caption\":\"admin\"}},{\"@type\":\"WebPage\",\"@id\":\"https:\\\/\\\/eldigitaldeasturias.com\\\/magazine365\\\/sierra-nevada-abre-su-temporada-estival-el-25-de-junio\\\/#webpage\",\"url\":\"https:\\\/\\\/eldigitaldeasturias.com\\\/magazine365\\\/sierra-nevada-abre-su-temporada-estival-el-25-de-junio\\\/\",\"name\":\"Sierra Nevada abre su temporada estival el 25 de junio | El Digital de Asturias\",\"description\":\"La estaci\\u00f3n de esqu\\u00ed y monta\\u00f1a de Sierra Nevada abrir\\u00e1 sus instalaciones de verano el pr\\u00f3ximo 25 de junio con una fuerte apuesta, esta temporada 2016, por el astroturismo y la naturaleza gracias al dise\\u00f1o de un programa espec\\u00edfico compuesto por una treintena de actividades, que abarcar\\u00e1n todos los fines de semana de la campa\\u00f1a\",\"inLanguage\":\"es-ES\",\"isPartOf\":{\"@id\":\"https:\\\/\\\/eldigitaldeasturias.com\\\/magazine365\\\/#website\"},\"breadcrumb\":{\"@id\":\"https:\\\/\\\/eldigitaldeasturias.com\\\/magazine365\\\/sierra-nevada-abre-su-temporada-estival-el-25-de-junio\\\/#breadcrumblist\"},\"author\":{\"@id\":\"https:\\\/\\\/eldigitaldeasturias.com\\\/magazine365\\\/author\\\/admin\\\/#author\"},\"creator\":{\"@id\":\"https:\\\/\\\/eldigitaldeasturias.com\\\/magazine365\\\/author\\\/admin\\\/#author\"},\"image\":{\"@type\":\"ImageObject\",\"url\":\"https:\\\/\\\/eldigitaldeasturias.com\\\/magazine365\\\/wp-content\\\/uploads\\\/2016\\\/06\\\/fotonoticia_20160613143732_800.jpg\",\"@id\":\"https:\\\/\\\/eldigitaldeasturias.com\\\/magazine365\\\/sierra-nevada-abre-su-temporada-estival-el-25-de-junio\\\/#mainImage\",\"width\":800,\"height\":545},\"primaryImageOfPage\":{\"@id\":\"https:\\\/\\\/eldigitaldeasturias.com\\\/magazine365\\\/sierra-nevada-abre-su-temporada-estival-el-25-de-junio\\\/#mainImage\"},\"datePublished\":\"2016-06-13T18:22:37+02:00\",\"dateModified\":\"2016-06-13T18:22:37+02:00\"},{\"@type\":\"WebSite\",\"@id\":\"https:\\\/\\\/eldigitaldeasturias.com\\\/magazine365\\\/#website\",\"url\":\"https:\\\/\\\/eldigitaldeasturias.com\\\/magazine365\\\/\",\"name\":\"El Digital de Asturias\",\"description\":\"Revista de ocio, turismo y estilo de vida\",\"inLanguage\":\"es-ES\",\"publisher\":{\"@id\":\"https:\\\/\\\/eldigitaldeasturias.com\\\/magazine365\\\/#organization\"}}]}\n\t\t<\/script>\n\t\t<!-- All in One SEO Pro -->\r\n\t\t<title>Sierra Nevada abre su temporada estival el 25 de junio | El Digital de Asturias<\/title>\n\n","aioseo_head_json":{"title":"Sierra Nevada abre su temporada estival el 25 de junio | El Digital de Asturias","description":"La estaci\u00f3n de esqu\u00ed y monta\u00f1a de Sierra Nevada abrir\u00e1 sus instalaciones de verano el pr\u00f3ximo 25 de junio con una fuerte apuesta, esta temporada 2016, por el astroturismo y la naturaleza gracias al dise\u00f1o de un programa espec\u00edfico compuesto por una treintena de actividades, que abarcar\u00e1n todos los fines de semana de la campa\u00f1a","canonical_url":"https:\/\/eldigitaldeasturias.com\/magazine365\/sierra-nevada-abre-su-temporada-estival-el-25-de-junio\/","robots":"max-image-preview:large","keywords":"noticias y actualidad","webmasterTools":{"google-site-verification":"UA-38556648-1","miscellaneous":""},"schema":{"@context":"https:\/\/schema.org","@graph":[{"@type":"Article","@id":"https:\/\/eldigitaldeasturias.com\/magazine365\/sierra-nevada-abre-su-temporada-estival-el-25-de-junio\/#article","name":"Sierra Nevada abre su temporada estival el 25 de junio | El Digital de Asturias","headline":"Sierra Nevada abre su temporada estival el 25 de junio","author":{"@id":"https:\/\/eldigitaldeasturias.com\/magazine365\/author\/admin\/#author"},"publisher":{"@id":"https:\/\/eldigitaldeasturias.com\/magazine365\/#organization"},"image":{"@type":"ImageObject","url":"https:\/\/eldigitaldeasturias.com\/magazine365\/wp-content\/uploads\/2016\/06\/fotonoticia_20160613143732_800.jpg","width":800,"height":545},"datePublished":"2016-06-13T18:22:37+02:00","dateModified":"2016-06-13T18:22:37+02:00","inLanguage":"es-ES","mainEntityOfPage":{"@id":"https:\/\/eldigitaldeasturias.com\/magazine365\/sierra-nevada-abre-su-temporada-estival-el-25-de-junio\/#webpage"},"isPartOf":{"@id":"https:\/\/eldigitaldeasturias.com\/magazine365\/sierra-nevada-abre-su-temporada-estival-el-25-de-junio\/#webpage"},"articleSection":"Noticias y Actualidad"},{"@type":"BreadcrumbList","@id":"https:\/\/eldigitaldeasturias.com\/magazine365\/sierra-nevada-abre-su-temporada-estival-el-25-de-junio\/#breadcrumblist","itemListElement":[{"@type":"ListItem","@id":"https:\/\/eldigitaldeasturias.com\/magazine365#listItem","position":1,"name":"Home","item":"https:\/\/eldigitaldeasturias.com\/magazine365","nextItem":{"@type":"ListItem","@id":"https:\/\/eldigitaldeasturias.com\/magazine365\/category\/noticias-actualidad\/#listItem","name":"Noticias y Actualidad"}},{"@type":"ListItem","@id":"https:\/\/eldigitaldeasturias.com\/magazine365\/category\/noticias-actualidad\/#listItem","position":2,"name":"Noticias y Actualidad","item":"https:\/\/eldigitaldeasturias.com\/magazine365\/category\/noticias-actualidad\/","nextItem":{"@type":"ListItem","@id":"https:\/\/eldigitaldeasturias.com\/magazine365\/sierra-nevada-abre-su-temporada-estival-el-25-de-junio\/#listItem","name":"Sierra Nevada abre su temporada estival el 25 de junio"},"previousItem":{"@type":"ListItem","@id":"https:\/\/eldigitaldeasturias.com\/magazine365#listItem","name":"Home"}},{"@type":"ListItem","@id":"https:\/\/eldigitaldeasturias.com\/magazine365\/sierra-nevada-abre-su-temporada-estival-el-25-de-junio\/#listItem","position":3,"name":"Sierra Nevada abre su temporada estival el 25 de junio","previousItem":{"@type":"ListItem","@id":"https:\/\/eldigitaldeasturias.com\/magazine365\/category\/noticias-actualidad\/#listItem","name":"Noticias y Actualidad"}}]},{"@type":"Organization","@id":"https:\/\/eldigitaldeasturias.com\/magazine365\/#organization","name":"El digital de Asturias","description":"Revista de ocio, turismo y estilo de vida","url":"https:\/\/eldigitaldeasturias.com\/magazine365\/","logo":{"@type":"ImageObject","url":"https:\/\/www.eldigitaldeasturias.com\/noticias\/wp-content\/uploads\/2020\/12\/EDA.jpg","@id":"https:\/\/eldigitaldeasturias.com\/magazine365\/sierra-nevada-abre-su-temporada-estival-el-25-de-junio\/#organizationLogo"},"image":{"@id":"https:\/\/eldigitaldeasturias.com\/magazine365\/sierra-nevada-abre-su-temporada-estival-el-25-de-junio\/#organizationLogo"}},{"@type":"Person","@id":"https:\/\/eldigitaldeasturias.com\/magazine365\/author\/admin\/#author","url":"https:\/\/eldigitaldeasturias.com\/magazine365\/author\/admin\/","name":"admin","image":{"@type":"ImageObject","@id":"https:\/\/eldigitaldeasturias.com\/magazine365\/sierra-nevada-abre-su-temporada-estival-el-25-de-junio\/#authorImage","url":"https:\/\/eldigitaldeasturias.com\/magazine365\/wp-content\/litespeed\/avatar\/e571bcf59a0edd6fa6838245a470f2fe.jpg?ver=1776969259","width":96,"height":96,"caption":"admin"}},{"@type":"WebPage","@id":"https:\/\/eldigitaldeasturias.com\/magazine365\/sierra-nevada-abre-su-temporada-estival-el-25-de-junio\/#webpage","url":"https:\/\/eldigitaldeasturias.com\/magazine365\/sierra-nevada-abre-su-temporada-estival-el-25-de-junio\/","name":"Sierra Nevada abre su temporada estival el 25 de junio | El Digital de Asturias","description":"La estaci\u00f3n de esqu\u00ed y monta\u00f1a de Sierra Nevada abrir\u00e1 sus instalaciones de verano el pr\u00f3ximo 25 de junio con una fuerte apuesta, esta temporada 2016, por el astroturismo y la naturaleza gracias al dise\u00f1o de un programa espec\u00edfico compuesto por una treintena de actividades, que abarcar\u00e1n todos los fines de semana de la campa\u00f1a","inLanguage":"es-ES","isPartOf":{"@id":"https:\/\/eldigitaldeasturias.com\/magazine365\/#website"},"breadcrumb":{"@id":"https:\/\/eldigitaldeasturias.com\/magazine365\/sierra-nevada-abre-su-temporada-estival-el-25-de-junio\/#breadcrumblist"},"author":{"@id":"https:\/\/eldigitaldeasturias.com\/magazine365\/author\/admin\/#author"},"creator":{"@id":"https:\/\/eldigitaldeasturias.com\/magazine365\/author\/admin\/#author"},"image":{"@type":"ImageObject","url":"https:\/\/eldigitaldeasturias.com\/magazine365\/wp-content\/uploads\/2016\/06\/fotonoticia_20160613143732_800.jpg","@id":"https:\/\/eldigitaldeasturias.com\/magazine365\/sierra-nevada-abre-su-temporada-estival-el-25-de-junio\/#mainImage","width":800,"height":545},"primaryImageOfPage":{"@id":"https:\/\/eldigitaldeasturias.com\/magazine365\/sierra-nevada-abre-su-temporada-estival-el-25-de-junio\/#mainImage"},"datePublished":"2016-06-13T18:22:37+02:00","dateModified":"2016-06-13T18:22:37+02:00"},{"@type":"WebSite","@id":"https:\/\/eldigitaldeasturias.com\/magazine365\/#website","url":"https:\/\/eldigitaldeasturias.com\/magazine365\/","name":"El Digital de Asturias","description":"Revista de ocio, turismo y estilo de vida","inLanguage":"es-ES","publisher":{"@id":"https:\/\/eldigitaldeasturias.com\/magazine365\/#organization"}}]},"og:locale":"es_ES","og:site_name":"El Digital de Asturias \u2013 Revista de ocio, turismo y estilo de vida","og:type":"article","og:title":"Sierra Nevada abre su temporada estival el 25 de junio | El Digital de Asturias","og:description":"La estaci\u00f3n de esqu\u00ed y monta\u00f1a de Sierra Nevada abrir\u00e1 sus instalaciones de verano el pr\u00f3ximo 25 de junio con una fuerte apuesta, esta temporada 2016, por el astroturismo y la naturaleza gracias al dise\u00f1o de un programa espec\u00edfico compuesto por una treintena de actividades, que abarcar\u00e1n todos los fines de semana de la campa\u00f1a","og:url":"https:\/\/eldigitaldeasturias.com\/magazine365\/sierra-nevada-abre-su-temporada-estival-el-25-de-junio\/","og:image":"https:\/\/eldigitaldeasturias.com\/magazine365\/wp-content\/uploads\/2016\/06\/fotonoticia_20160613143732_800.jpg","og:image:secure_url":"https:\/\/eldigitaldeasturias.com\/magazine365\/wp-content\/uploads\/2016\/06\/fotonoticia_20160613143732_800.jpg","og:image:width":800,"og:image:height":545,"article:published_time":"2016-06-13T16:22:37+00:00","article:modified_time":"2016-06-13T16:22:37+00:00","twitter:card":"summary_large_image","twitter:title":"Sierra Nevada abre su temporada estival el 25 de junio | El Digital de Asturias","twitter:description":"La estaci\u00f3n de esqu\u00ed y monta\u00f1a de Sierra Nevada abrir\u00e1 sus instalaciones de verano el pr\u00f3ximo 25 de junio con una fuerte apuesta, esta temporada 2016, por el astroturismo y la naturaleza gracias al dise\u00f1o de un programa espec\u00edfico compuesto por una treintena de actividades, que abarcar\u00e1n todos los fines de semana de la campa\u00f1a","twitter:image":"https:\/\/eldigitaldeasturias.com\/magazine365\/wp-content\/uploads\/2016\/06\/fotonoticia_20160613143732_800.jpg"},"aioseo_meta_data":{"post_id":"78986","title":null,"description":null,"keywords":null,"keyphrases":null,"primary_term":null,"canonical_url":null,"og_title":null,"og_description":null,"og_object_type":"default","og_image_type":"default","og_image_url":null,"og_image_width":null,"og_image_height":null,"og_image_custom_url":null,"og_image_custom_fields":null,"og_video":null,"og_custom_url":null,"og_article_section":null,"og_article_tags":null,"twitter_use_og":false,"twitter_card":"default","twitter_image_type":"default","twitter_image_url":null,"twitter_image_custom_url":null,"twitter_image_custom_fields":null,"twitter_title":null,"twitter_description":null,"schema":{"blockGraphs":[],"customGraphs":[],"default":{"data":{"Article":[],"Course":[],"Dataset":[],"FAQPage":[],"Movie":[],"Person":[],"Product":[],"ProductReview":[],"Car":[],"Recipe":[],"Service":[],"SoftwareApplication":[],"WebPage":[]},"graphName":"","isEnabled":true},"graphs":[],"defaultGraph":"","defaultPostTypeGraph":""},"schema_type":null,"schema_type_options":null,"pillar_content":false,"robots_default":true,"robots_noindex":false,"robots_noarchive":false,"robots_nosnippet":false,"robots_nofollow":false,"robots_noimageindex":false,"robots_noodp":false,"robots_notranslate":false,"robots_max_snippet":null,"robots_max_videopreview":null,"robots_max_imagepreview":"large","priority":null,"frequency":null,"location":null,"local_seo":null,"seo_analyzer_scan_date":"2025-09-27 18:00:04","breadcrumb_settings":null,"limit_modified_date":false,"open_ai":null,"ai":null,"created":"2021-03-08 17:54:24","updated":"2025-09-27 18:00:04"},"aioseo_breadcrumb":"<div class=\"aioseo-breadcrumbs\"><span class=\"aioseo-breadcrumb\">\n\t<a href=\"https:\/\/eldigitaldeasturias.com\/magazine365\" title=\"Home\">Home<\/a>\n<\/span><span class=\"aioseo-breadcrumb-separator\">\u2013<\/span><span class=\"aioseo-breadcrumb\">\n\t<a href=\"https:\/\/eldigitaldeasturias.com\/magazine365\/category\/noticias-actualidad\/\" title=\"Noticias y Actualidad\">Noticias y Actualidad<\/a>\n<\/span><span class=\"aioseo-breadcrumb-separator\">\u2013<\/span><span class=\"aioseo-breadcrumb\">\n\t<a href=\"https:\/\/eldigitaldeasturias.com\/magazine365\/sierra-nevada-abre-su-temporada-estival-el-25-de-junio\/\" title=\"Sierra Nevada abre su temporada estival el 25 de junio\">Sierra Nevada abre su temporada estival el 25 de junio<\/a>\n<\/span><\/div>","aioseo_breadcrumb_json":[{"label":"Home","link":"https:\/\/eldigitaldeasturias.com\/magazine365"},{"label":"Noticias y Actualidad","link":"https:\/\/eldigitaldeasturias.com\/magazine365\/category\/noticias-actualidad\/"},{"label":"Sierra Nevada abre su temporada estival el 25 de junio","link":"https:\/\/eldigitaldeasturias.com\/magazine365\/sierra-nevada-abre-su-temporada-estival-el-25-de-junio\/"}],"_links":{"self":[{"href":"https:\/\/eldigitaldeasturias.com\/magazine365\/wp-json\/wp\/v2\/posts\/78986","targetHints":{"allow":["GET"]}}],"collection":[{"href":"https:\/\/eldigitaldeasturias.com\/magazine365\/wp-json\/wp\/v2\/posts"}],"about":[{"href":"https:\/\/eldigitaldeasturias.com\/magazine365\/wp-json\/wp\/v2\/types\/post"}],"author":[{"embeddable":true,"href":"https:\/\/eldigitaldeasturias.com\/magazine365\/wp-json\/wp\/v2\/users\/1"}],"replies":[{"embeddable":true,"href":"https:\/\/eldigitaldeasturias.com\/magazine365\/wp-json\/wp\/v2\/comments?post=78986"}],"version-history":[{"count":0,"href":"https:\/\/eldigitaldeasturias.com\/magazine365\/wp-json\/wp\/v2\/posts\/78986\/revisions"}],"wp:featuredmedia":[{"embeddable":true,"href":"https:\/\/eldigitaldeasturias.com\/magazine365\/wp-json\/wp\/v2\/media\/78987"}],"wp:attachment":[{"href":"https:\/\/eldigitaldeasturias.com\/magazine365\/wp-json\/wp\/v2\/media?parent=78986"}],"wp:term":[{"taxonomy":"category","embeddable":true,"href":"https:\/\/eldigitaldeasturias.com\/magazine365\/wp-json\/wp\/v2\/categories?post=78986"},{"taxonomy":"post_tag","embeddable":true,"href":"https:\/\/eldigitaldeasturias.com\/magazine365\/wp-json\/wp\/v2\/tags?post=78986"}],"curies":[{"name":"wp","href":"https:\/\/api.w.org\/{rel}","templated":true}]}}