{"id":78983,"date":"2016-06-13T18:21:30","date_gmt":"2016-06-13T16:21:30","guid":{"rendered":"http:\/\/eldigitaldeasturias.com\/magazine365\/?p=78983"},"modified":"2016-06-13T18:21:30","modified_gmt":"2016-06-13T16:21:30","slug":"segun-la-opep-el-mercado-de-petroleo-se-equilibrara-en-la-segunda-mitad-de-2016","status":"publish","type":"post","link":"https:\/\/eldigitaldeasturias.com\/magazine365\/segun-la-opep-el-mercado-de-petroleo-se-equilibrara-en-la-segunda-mitad-de-2016\/","title":{"rendered":"Seg\u00fan la OPEP, el mercado de petr\u00f3leo se equilibrar\u00e1 en la segunda mitad de 2016"},"content":{"rendered":"<p><img fetchpriority=\"high\" decoding=\"async\" class=\"alignleft size-medium wp-image-78984\" src=\"https:\/\/eldigitaldeasturias.com\/magazine365\/wp-content\/uploads\/2016\/06\/fotonoticia_20160613142410_800-360x240.jpg\" alt=\"fotonoticia_20160613142410_800\" width=\"360\" height=\"240\" srcset=\"https:\/\/eldigitaldeasturias.com\/magazine365\/wp-content\/uploads\/2016\/06\/fotonoticia_20160613142410_800-360x240.jpg 360w, https:\/\/eldigitaldeasturias.com\/magazine365\/wp-content\/uploads\/2016\/06\/fotonoticia_20160613142410_800-650x433.jpg 650w, https:\/\/eldigitaldeasturias.com\/magazine365\/wp-content\/uploads\/2016\/06\/fotonoticia_20160613142410_800-768x512.jpg 768w, https:\/\/eldigitaldeasturias.com\/magazine365\/wp-content\/uploads\/2016\/06\/fotonoticia_20160613142410_800-150x100.jpg 150w, https:\/\/eldigitaldeasturias.com\/magazine365\/wp-content\/uploads\/2016\/06\/fotonoticia_20160613142410_800-450x300.jpg 450w, https:\/\/eldigitaldeasturias.com\/magazine365\/wp-content\/uploads\/2016\/06\/fotonoticia_20160613142410_800-101x66.jpg 101w, https:\/\/eldigitaldeasturias.com\/magazine365\/wp-content\/uploads\/2016\/06\/fotonoticia_20160613142410_800.jpg 800w\" sizes=\"(max-width: 360px) 100vw, 360px\" \/>El exceso de oferta en el mercado de petr\u00f3leo se reducir\u00e1 en la segunda mitad de 2016 como consecuencia de la mejora del escenario econ\u00f3mico global, seg\u00fan apuntan las previsiones de la Organizaci\u00f3n de Pa\u00edses Productores de Petr\u00f3leo (OPEP) en su informe correspondiente al mes de junio.<\/p>\n<p>El c\u00e1rtel estima que el exceso de suministro en el mercado de petr\u00f3leo \u00abprobablemente experimentar\u00e1 un alivio\u00bb en los pr\u00f3ximos trimestres y a\u00f1ade que el mercado de petr\u00f3leo deber\u00eda presentar un balance m\u00e1s equilibrado de cara a final de a\u00f1o como consecuencia de la esperada mejora de las condiciones econ\u00f3micas internacionales para este periodo.<\/p>\n<p>\u00abEsta situaci\u00f3n (un balance m\u00e1s equilibrado) ha empezado a observarse en la reducci\u00f3n del ritmo de crecimiento de los inventarios del crudo estadounidenses\u00bb, lo que \u00abaclara el panorama de la oferta y la demanda en el mercado de &#8216;oro negro'\u00bb, reza el informe.<\/p>\n<p>Las previsiones de crecimiento de la demanda mundial de petr\u00f3leo para la segunda mitad del a\u00f1o, permanecen estables en 1,2 millones de barriles diarios, lo que supone una demanda mundial media de 94,18 millones de barriles al d\u00eda.<\/p>\n<p>As\u00ed, la OPEP explica que India, con un ritmo de expansi\u00f3n de su econom\u00eda del 8% interanual, seg\u00fan los \u00faltimos datos de la Organizaci\u00f3n para la Cooperaci\u00f3n y el Desarrollo Econ\u00f3mico (OCDE), ser\u00e1 el pa\u00eds que m\u00e1s contribuir\u00e1 al crecimiento de la demanda.<\/p>\n<p>Por otra parte, la producci\u00f3n del cartel se redujo en 99.800 barriles diarios en mayo. Kuwait (+93.300), Ir\u00e1n (89.200) y Arabia Saud\u00ed (84.000) presentaron los mayores incrementos intermensuales de producci\u00f3n en mayo, mientras que Nigera (-251.100), Venezuela (-69.000) e Ir\u00e1k (-60.000) los principales descensos.<\/p>\n","protected":false},"excerpt":{"rendered":"<p>El exceso de oferta en el mercado de petr\u00f3leo se reducir\u00e1 en la segunda mitad de 2016 como consecuencia de la mejora del escenario econ\u00f3mico global, seg\u00fan apuntan las previsiones de la Organizaci\u00f3n de Pa\u00edses Productores de Petr\u00f3leo (OPEP) en su informe correspondiente al mes de junio. El c\u00e1rtel estima que el exceso de suministro<\/p>\n","protected":false},"author":1,"featured_media":78984,"comment_status":"open","ping_status":"closed","sticky":false,"template":"","format":"standard","meta":{"footnotes":""},"categories":[224],"tags":[],"class_list":{"0":"post-78983","1":"post","2":"type-post","3":"status-publish","4":"format-standard","5":"has-post-thumbnail","7":"category-noticias-actualidad"},"aioseo_notices":[],"aioseo_head":"\n\t\t<!-- All in One SEO Pro 4.9.6.1 - aioseo.com -->\n\t<meta name=\"description\" content=\"El exceso de oferta en el mercado de petr\u00f3leo se reducir\u00e1 en la segunda mitad de 2016 como consecuencia de la mejora del escenario econ\u00f3mico global, seg\u00fan apuntan las previsiones de la Organizaci\u00f3n de Pa\u00edses Productores de Petr\u00f3leo (OPEP) en su informe correspondiente al mes de junio. El c\u00e1rtel estima que el exceso de suministro\" \/>\n\t<meta name=\"robots\" content=\"max-image-preview:large\" \/>\n\t<meta name=\"author\" content=\"admin\"\/>\n\t<meta name=\"google-site-verification\" content=\"UA-38556648-1\" \/>\n\t<meta name=\"keywords\" content=\"noticias y actualidad\" \/>\n\t<link rel=\"canonical\" href=\"https:\/\/eldigitaldeasturias.com\/magazine365\/segun-la-opep-el-mercado-de-petroleo-se-equilibrara-en-la-segunda-mitad-de-2016\/\" \/>\n\t<meta name=\"generator\" content=\"All in One SEO Pro (AIOSEO) 4.9.6.1\" \/>\n\t\t<meta property=\"og:locale\" content=\"es_ES\" \/>\n\t\t<meta property=\"og:site_name\" content=\"El Digital de Asturias \u2013 Revista de ocio, turismo y estilo de vida\" \/>\n\t\t<meta property=\"og:type\" content=\"article\" \/>\n\t\t<meta property=\"og:title\" content=\"Seg\u00fan la OPEP, el mercado de petr\u00f3leo se equilibrar\u00e1 en la segunda mitad de 2016 | El Digital de Asturias\" \/>\n\t\t<meta property=\"og:description\" content=\"El exceso de oferta en el mercado de petr\u00f3leo se reducir\u00e1 en la segunda mitad de 2016 como consecuencia de la mejora del escenario econ\u00f3mico global, seg\u00fan apuntan las previsiones de la Organizaci\u00f3n de Pa\u00edses Productores de Petr\u00f3leo (OPEP) en su informe correspondiente al mes de junio. El c\u00e1rtel estima que el exceso de suministro\" \/>\n\t\t<meta property=\"og:url\" content=\"https:\/\/eldigitaldeasturias.com\/magazine365\/segun-la-opep-el-mercado-de-petroleo-se-equilibrara-en-la-segunda-mitad-de-2016\/\" \/>\n\t\t<meta property=\"og:image\" content=\"https:\/\/eldigitaldeasturias.com\/magazine365\/wp-content\/uploads\/2016\/06\/fotonoticia_20160613142410_800.jpg\" \/>\n\t\t<meta property=\"og:image:secure_url\" content=\"https:\/\/eldigitaldeasturias.com\/magazine365\/wp-content\/uploads\/2016\/06\/fotonoticia_20160613142410_800.jpg\" \/>\n\t\t<meta property=\"og:image:width\" content=\"800\" \/>\n\t\t<meta property=\"og:image:height\" content=\"533\" \/>\n\t\t<meta property=\"article:published_time\" content=\"2016-06-13T16:21:30+00:00\" \/>\n\t\t<meta property=\"article:modified_time\" content=\"2016-06-13T16:21:30+00:00\" \/>\n\t\t<meta name=\"twitter:card\" content=\"summary_large_image\" \/>\n\t\t<meta name=\"twitter:title\" content=\"Seg\u00fan la OPEP, el mercado de petr\u00f3leo se equilibrar\u00e1 en la segunda mitad de 2016 | El Digital de Asturias\" \/>\n\t\t<meta name=\"twitter:description\" content=\"El exceso de oferta en el mercado de petr\u00f3leo se reducir\u00e1 en la segunda mitad de 2016 como consecuencia de la mejora del escenario econ\u00f3mico global, seg\u00fan apuntan las previsiones de la Organizaci\u00f3n de Pa\u00edses Productores de Petr\u00f3leo (OPEP) en su informe correspondiente al mes de junio. El c\u00e1rtel estima que el exceso de suministro\" \/>\n\t\t<meta name=\"twitter:image\" content=\"https:\/\/eldigitaldeasturias.com\/magazine365\/wp-content\/uploads\/2016\/06\/fotonoticia_20160613142410_800.jpg\" \/>\n\t\t<script type=\"application\/ld+json\" class=\"aioseo-schema\">\n\t\t\t{\"@context\":\"https:\\\/\\\/schema.org\",\"@graph\":[{\"@type\":\"Article\",\"@id\":\"https:\\\/\\\/eldigitaldeasturias.com\\\/magazine365\\\/segun-la-opep-el-mercado-de-petroleo-se-equilibrara-en-la-segunda-mitad-de-2016\\\/#article\",\"name\":\"Seg\\u00fan la OPEP, el mercado de petr\\u00f3leo se equilibrar\\u00e1 en la segunda mitad de 2016 | El Digital de Asturias\",\"headline\":\"Seg\\u00fan la OPEP, el mercado de petr\\u00f3leo se equilibrar\\u00e1 en la segunda mitad de 2016\",\"author\":{\"@id\":\"https:\\\/\\\/eldigitaldeasturias.com\\\/magazine365\\\/author\\\/admin\\\/#author\"},\"publisher\":{\"@id\":\"https:\\\/\\\/eldigitaldeasturias.com\\\/magazine365\\\/#organization\"},\"image\":{\"@type\":\"ImageObject\",\"url\":\"https:\\\/\\\/eldigitaldeasturias.com\\\/magazine365\\\/wp-content\\\/uploads\\\/2016\\\/06\\\/fotonoticia_20160613142410_800.jpg\",\"width\":800,\"height\":533},\"datePublished\":\"2016-06-13T18:21:30+02:00\",\"dateModified\":\"2016-06-13T18:21:30+02:00\",\"inLanguage\":\"es-ES\",\"mainEntityOfPage\":{\"@id\":\"https:\\\/\\\/eldigitaldeasturias.com\\\/magazine365\\\/segun-la-opep-el-mercado-de-petroleo-se-equilibrara-en-la-segunda-mitad-de-2016\\\/#webpage\"},\"isPartOf\":{\"@id\":\"https:\\\/\\\/eldigitaldeasturias.com\\\/magazine365\\\/segun-la-opep-el-mercado-de-petroleo-se-equilibrara-en-la-segunda-mitad-de-2016\\\/#webpage\"},\"articleSection\":\"Noticias y Actualidad\"},{\"@type\":\"BreadcrumbList\",\"@id\":\"https:\\\/\\\/eldigitaldeasturias.com\\\/magazine365\\\/segun-la-opep-el-mercado-de-petroleo-se-equilibrara-en-la-segunda-mitad-de-2016\\\/#breadcrumblist\",\"itemListElement\":[{\"@type\":\"ListItem\",\"@id\":\"https:\\\/\\\/eldigitaldeasturias.com\\\/magazine365#listItem\",\"position\":1,\"name\":\"Home\",\"item\":\"https:\\\/\\\/eldigitaldeasturias.com\\\/magazine365\",\"nextItem\":{\"@type\":\"ListItem\",\"@id\":\"https:\\\/\\\/eldigitaldeasturias.com\\\/magazine365\\\/category\\\/noticias-actualidad\\\/#listItem\",\"name\":\"Noticias y Actualidad\"}},{\"@type\":\"ListItem\",\"@id\":\"https:\\\/\\\/eldigitaldeasturias.com\\\/magazine365\\\/category\\\/noticias-actualidad\\\/#listItem\",\"position\":2,\"name\":\"Noticias y Actualidad\",\"item\":\"https:\\\/\\\/eldigitaldeasturias.com\\\/magazine365\\\/category\\\/noticias-actualidad\\\/\",\"nextItem\":{\"@type\":\"ListItem\",\"@id\":\"https:\\\/\\\/eldigitaldeasturias.com\\\/magazine365\\\/segun-la-opep-el-mercado-de-petroleo-se-equilibrara-en-la-segunda-mitad-de-2016\\\/#listItem\",\"name\":\"Seg\\u00fan la OPEP, el mercado de petr\\u00f3leo se equilibrar\\u00e1 en la segunda mitad de 2016\"},\"previousItem\":{\"@type\":\"ListItem\",\"@id\":\"https:\\\/\\\/eldigitaldeasturias.com\\\/magazine365#listItem\",\"name\":\"Home\"}},{\"@type\":\"ListItem\",\"@id\":\"https:\\\/\\\/eldigitaldeasturias.com\\\/magazine365\\\/segun-la-opep-el-mercado-de-petroleo-se-equilibrara-en-la-segunda-mitad-de-2016\\\/#listItem\",\"position\":3,\"name\":\"Seg\\u00fan la OPEP, el mercado de petr\\u00f3leo se equilibrar\\u00e1 en la segunda mitad de 2016\",\"previousItem\":{\"@type\":\"ListItem\",\"@id\":\"https:\\\/\\\/eldigitaldeasturias.com\\\/magazine365\\\/category\\\/noticias-actualidad\\\/#listItem\",\"name\":\"Noticias y Actualidad\"}}]},{\"@type\":\"Organization\",\"@id\":\"https:\\\/\\\/eldigitaldeasturias.com\\\/magazine365\\\/#organization\",\"name\":\"El digital de Asturias\",\"description\":\"Revista de ocio, turismo y estilo de vida\",\"url\":\"https:\\\/\\\/eldigitaldeasturias.com\\\/magazine365\\\/\",\"logo\":{\"@type\":\"ImageObject\",\"url\":\"https:\\\/\\\/www.eldigitaldeasturias.com\\\/noticias\\\/wp-content\\\/uploads\\\/2020\\\/12\\\/EDA.jpg\",\"@id\":\"https:\\\/\\\/eldigitaldeasturias.com\\\/magazine365\\\/segun-la-opep-el-mercado-de-petroleo-se-equilibrara-en-la-segunda-mitad-de-2016\\\/#organizationLogo\"},\"image\":{\"@id\":\"https:\\\/\\\/eldigitaldeasturias.com\\\/magazine365\\\/segun-la-opep-el-mercado-de-petroleo-se-equilibrara-en-la-segunda-mitad-de-2016\\\/#organizationLogo\"}},{\"@type\":\"Person\",\"@id\":\"https:\\\/\\\/eldigitaldeasturias.com\\\/magazine365\\\/author\\\/admin\\\/#author\",\"url\":\"https:\\\/\\\/eldigitaldeasturias.com\\\/magazine365\\\/author\\\/admin\\\/\",\"name\":\"admin\",\"image\":{\"@type\":\"ImageObject\",\"@id\":\"https:\\\/\\\/eldigitaldeasturias.com\\\/magazine365\\\/segun-la-opep-el-mercado-de-petroleo-se-equilibrara-en-la-segunda-mitad-de-2016\\\/#authorImage\",\"url\":\"https:\\\/\\\/eldigitaldeasturias.com\\\/magazine365\\\/wp-content\\\/litespeed\\\/avatar\\\/e571bcf59a0edd6fa6838245a470f2fe.jpg?ver=1776969259\",\"width\":96,\"height\":96,\"caption\":\"admin\"}},{\"@type\":\"WebPage\",\"@id\":\"https:\\\/\\\/eldigitaldeasturias.com\\\/magazine365\\\/segun-la-opep-el-mercado-de-petroleo-se-equilibrara-en-la-segunda-mitad-de-2016\\\/#webpage\",\"url\":\"https:\\\/\\\/eldigitaldeasturias.com\\\/magazine365\\\/segun-la-opep-el-mercado-de-petroleo-se-equilibrara-en-la-segunda-mitad-de-2016\\\/\",\"name\":\"Seg\\u00fan la OPEP, el mercado de petr\\u00f3leo se equilibrar\\u00e1 en la segunda mitad de 2016 | El Digital de Asturias\",\"description\":\"El exceso de oferta en el mercado de petr\\u00f3leo se reducir\\u00e1 en la segunda mitad de 2016 como consecuencia de la mejora del escenario econ\\u00f3mico global, seg\\u00fan apuntan las previsiones de la Organizaci\\u00f3n de Pa\\u00edses Productores de Petr\\u00f3leo (OPEP) en su informe correspondiente al mes de junio. El c\\u00e1rtel estima que el exceso de suministro\",\"inLanguage\":\"es-ES\",\"isPartOf\":{\"@id\":\"https:\\\/\\\/eldigitaldeasturias.com\\\/magazine365\\\/#website\"},\"breadcrumb\":{\"@id\":\"https:\\\/\\\/eldigitaldeasturias.com\\\/magazine365\\\/segun-la-opep-el-mercado-de-petroleo-se-equilibrara-en-la-segunda-mitad-de-2016\\\/#breadcrumblist\"},\"author\":{\"@id\":\"https:\\\/\\\/eldigitaldeasturias.com\\\/magazine365\\\/author\\\/admin\\\/#author\"},\"creator\":{\"@id\":\"https:\\\/\\\/eldigitaldeasturias.com\\\/magazine365\\\/author\\\/admin\\\/#author\"},\"image\":{\"@type\":\"ImageObject\",\"url\":\"https:\\\/\\\/eldigitaldeasturias.com\\\/magazine365\\\/wp-content\\\/uploads\\\/2016\\\/06\\\/fotonoticia_20160613142410_800.jpg\",\"@id\":\"https:\\\/\\\/eldigitaldeasturias.com\\\/magazine365\\\/segun-la-opep-el-mercado-de-petroleo-se-equilibrara-en-la-segunda-mitad-de-2016\\\/#mainImage\",\"width\":800,\"height\":533},\"primaryImageOfPage\":{\"@id\":\"https:\\\/\\\/eldigitaldeasturias.com\\\/magazine365\\\/segun-la-opep-el-mercado-de-petroleo-se-equilibrara-en-la-segunda-mitad-de-2016\\\/#mainImage\"},\"datePublished\":\"2016-06-13T18:21:30+02:00\",\"dateModified\":\"2016-06-13T18:21:30+02:00\"},{\"@type\":\"WebSite\",\"@id\":\"https:\\\/\\\/eldigitaldeasturias.com\\\/magazine365\\\/#website\",\"url\":\"https:\\\/\\\/eldigitaldeasturias.com\\\/magazine365\\\/\",\"name\":\"El Digital de Asturias\",\"description\":\"Revista de ocio, turismo y estilo de vida\",\"inLanguage\":\"es-ES\",\"publisher\":{\"@id\":\"https:\\\/\\\/eldigitaldeasturias.com\\\/magazine365\\\/#organization\"}}]}\n\t\t<\/script>\n\t\t<!-- All in One SEO Pro -->\r\n\t\t<title>Seg\u00fan la OPEP, el mercado de petr\u00f3leo se equilibrar\u00e1 en la segunda mitad de 2016 | El Digital de Asturias<\/title>\n\n","aioseo_head_json":{"title":"Seg\u00fan la OPEP, el mercado de petr\u00f3leo se equilibrar\u00e1 en la segunda mitad de 2016 | El Digital de Asturias","description":"El exceso de oferta en el mercado de petr\u00f3leo se reducir\u00e1 en la segunda mitad de 2016 como consecuencia de la mejora del escenario econ\u00f3mico global, seg\u00fan apuntan las previsiones de la Organizaci\u00f3n de Pa\u00edses Productores de Petr\u00f3leo (OPEP) en su informe correspondiente al mes de junio. El c\u00e1rtel estima que el exceso de suministro","canonical_url":"https:\/\/eldigitaldeasturias.com\/magazine365\/segun-la-opep-el-mercado-de-petroleo-se-equilibrara-en-la-segunda-mitad-de-2016\/","robots":"max-image-preview:large","keywords":"noticias y actualidad","webmasterTools":{"google-site-verification":"UA-38556648-1","miscellaneous":""},"schema":{"@context":"https:\/\/schema.org","@graph":[{"@type":"Article","@id":"https:\/\/eldigitaldeasturias.com\/magazine365\/segun-la-opep-el-mercado-de-petroleo-se-equilibrara-en-la-segunda-mitad-de-2016\/#article","name":"Seg\u00fan la OPEP, el mercado de petr\u00f3leo se equilibrar\u00e1 en la segunda mitad de 2016 | El Digital de Asturias","headline":"Seg\u00fan la OPEP, el mercado de petr\u00f3leo se equilibrar\u00e1 en la segunda mitad de 2016","author":{"@id":"https:\/\/eldigitaldeasturias.com\/magazine365\/author\/admin\/#author"},"publisher":{"@id":"https:\/\/eldigitaldeasturias.com\/magazine365\/#organization"},"image":{"@type":"ImageObject","url":"https:\/\/eldigitaldeasturias.com\/magazine365\/wp-content\/uploads\/2016\/06\/fotonoticia_20160613142410_800.jpg","width":800,"height":533},"datePublished":"2016-06-13T18:21:30+02:00","dateModified":"2016-06-13T18:21:30+02:00","inLanguage":"es-ES","mainEntityOfPage":{"@id":"https:\/\/eldigitaldeasturias.com\/magazine365\/segun-la-opep-el-mercado-de-petroleo-se-equilibrara-en-la-segunda-mitad-de-2016\/#webpage"},"isPartOf":{"@id":"https:\/\/eldigitaldeasturias.com\/magazine365\/segun-la-opep-el-mercado-de-petroleo-se-equilibrara-en-la-segunda-mitad-de-2016\/#webpage"},"articleSection":"Noticias y Actualidad"},{"@type":"BreadcrumbList","@id":"https:\/\/eldigitaldeasturias.com\/magazine365\/segun-la-opep-el-mercado-de-petroleo-se-equilibrara-en-la-segunda-mitad-de-2016\/#breadcrumblist","itemListElement":[{"@type":"ListItem","@id":"https:\/\/eldigitaldeasturias.com\/magazine365#listItem","position":1,"name":"Home","item":"https:\/\/eldigitaldeasturias.com\/magazine365","nextItem":{"@type":"ListItem","@id":"https:\/\/eldigitaldeasturias.com\/magazine365\/category\/noticias-actualidad\/#listItem","name":"Noticias y Actualidad"}},{"@type":"ListItem","@id":"https:\/\/eldigitaldeasturias.com\/magazine365\/category\/noticias-actualidad\/#listItem","position":2,"name":"Noticias y Actualidad","item":"https:\/\/eldigitaldeasturias.com\/magazine365\/category\/noticias-actualidad\/","nextItem":{"@type":"ListItem","@id":"https:\/\/eldigitaldeasturias.com\/magazine365\/segun-la-opep-el-mercado-de-petroleo-se-equilibrara-en-la-segunda-mitad-de-2016\/#listItem","name":"Seg\u00fan la OPEP, el mercado de petr\u00f3leo se equilibrar\u00e1 en la segunda mitad de 2016"},"previousItem":{"@type":"ListItem","@id":"https:\/\/eldigitaldeasturias.com\/magazine365#listItem","name":"Home"}},{"@type":"ListItem","@id":"https:\/\/eldigitaldeasturias.com\/magazine365\/segun-la-opep-el-mercado-de-petroleo-se-equilibrara-en-la-segunda-mitad-de-2016\/#listItem","position":3,"name":"Seg\u00fan la OPEP, el mercado de petr\u00f3leo se equilibrar\u00e1 en la segunda mitad de 2016","previousItem":{"@type":"ListItem","@id":"https:\/\/eldigitaldeasturias.com\/magazine365\/category\/noticias-actualidad\/#listItem","name":"Noticias y Actualidad"}}]},{"@type":"Organization","@id":"https:\/\/eldigitaldeasturias.com\/magazine365\/#organization","name":"El digital de Asturias","description":"Revista de ocio, turismo y estilo de vida","url":"https:\/\/eldigitaldeasturias.com\/magazine365\/","logo":{"@type":"ImageObject","url":"https:\/\/www.eldigitaldeasturias.com\/noticias\/wp-content\/uploads\/2020\/12\/EDA.jpg","@id":"https:\/\/eldigitaldeasturias.com\/magazine365\/segun-la-opep-el-mercado-de-petroleo-se-equilibrara-en-la-segunda-mitad-de-2016\/#organizationLogo"},"image":{"@id":"https:\/\/eldigitaldeasturias.com\/magazine365\/segun-la-opep-el-mercado-de-petroleo-se-equilibrara-en-la-segunda-mitad-de-2016\/#organizationLogo"}},{"@type":"Person","@id":"https:\/\/eldigitaldeasturias.com\/magazine365\/author\/admin\/#author","url":"https:\/\/eldigitaldeasturias.com\/magazine365\/author\/admin\/","name":"admin","image":{"@type":"ImageObject","@id":"https:\/\/eldigitaldeasturias.com\/magazine365\/segun-la-opep-el-mercado-de-petroleo-se-equilibrara-en-la-segunda-mitad-de-2016\/#authorImage","url":"https:\/\/eldigitaldeasturias.com\/magazine365\/wp-content\/litespeed\/avatar\/e571bcf59a0edd6fa6838245a470f2fe.jpg?ver=1776969259","width":96,"height":96,"caption":"admin"}},{"@type":"WebPage","@id":"https:\/\/eldigitaldeasturias.com\/magazine365\/segun-la-opep-el-mercado-de-petroleo-se-equilibrara-en-la-segunda-mitad-de-2016\/#webpage","url":"https:\/\/eldigitaldeasturias.com\/magazine365\/segun-la-opep-el-mercado-de-petroleo-se-equilibrara-en-la-segunda-mitad-de-2016\/","name":"Seg\u00fan la OPEP, el mercado de petr\u00f3leo se equilibrar\u00e1 en la segunda mitad de 2016 | El Digital de Asturias","description":"El exceso de oferta en el mercado de petr\u00f3leo se reducir\u00e1 en la segunda mitad de 2016 como consecuencia de la mejora del escenario econ\u00f3mico global, seg\u00fan apuntan las previsiones de la Organizaci\u00f3n de Pa\u00edses Productores de Petr\u00f3leo (OPEP) en su informe correspondiente al mes de junio. El c\u00e1rtel estima que el exceso de suministro","inLanguage":"es-ES","isPartOf":{"@id":"https:\/\/eldigitaldeasturias.com\/magazine365\/#website"},"breadcrumb":{"@id":"https:\/\/eldigitaldeasturias.com\/magazine365\/segun-la-opep-el-mercado-de-petroleo-se-equilibrara-en-la-segunda-mitad-de-2016\/#breadcrumblist"},"author":{"@id":"https:\/\/eldigitaldeasturias.com\/magazine365\/author\/admin\/#author"},"creator":{"@id":"https:\/\/eldigitaldeasturias.com\/magazine365\/author\/admin\/#author"},"image":{"@type":"ImageObject","url":"https:\/\/eldigitaldeasturias.com\/magazine365\/wp-content\/uploads\/2016\/06\/fotonoticia_20160613142410_800.jpg","@id":"https:\/\/eldigitaldeasturias.com\/magazine365\/segun-la-opep-el-mercado-de-petroleo-se-equilibrara-en-la-segunda-mitad-de-2016\/#mainImage","width":800,"height":533},"primaryImageOfPage":{"@id":"https:\/\/eldigitaldeasturias.com\/magazine365\/segun-la-opep-el-mercado-de-petroleo-se-equilibrara-en-la-segunda-mitad-de-2016\/#mainImage"},"datePublished":"2016-06-13T18:21:30+02:00","dateModified":"2016-06-13T18:21:30+02:00"},{"@type":"WebSite","@id":"https:\/\/eldigitaldeasturias.com\/magazine365\/#website","url":"https:\/\/eldigitaldeasturias.com\/magazine365\/","name":"El Digital de Asturias","description":"Revista de ocio, turismo y estilo de vida","inLanguage":"es-ES","publisher":{"@id":"https:\/\/eldigitaldeasturias.com\/magazine365\/#organization"}}]},"og:locale":"es_ES","og:site_name":"El Digital de Asturias \u2013 Revista de ocio, turismo y estilo de vida","og:type":"article","og:title":"Seg\u00fan la OPEP, el mercado de petr\u00f3leo se equilibrar\u00e1 en la segunda mitad de 2016 | El Digital de Asturias","og:description":"El exceso de oferta en el mercado de petr\u00f3leo se reducir\u00e1 en la segunda mitad de 2016 como consecuencia de la mejora del escenario econ\u00f3mico global, seg\u00fan apuntan las previsiones de la Organizaci\u00f3n de Pa\u00edses Productores de Petr\u00f3leo (OPEP) en su informe correspondiente al mes de junio. El c\u00e1rtel estima que el exceso de suministro","og:url":"https:\/\/eldigitaldeasturias.com\/magazine365\/segun-la-opep-el-mercado-de-petroleo-se-equilibrara-en-la-segunda-mitad-de-2016\/","og:image":"https:\/\/eldigitaldeasturias.com\/magazine365\/wp-content\/uploads\/2016\/06\/fotonoticia_20160613142410_800.jpg","og:image:secure_url":"https:\/\/eldigitaldeasturias.com\/magazine365\/wp-content\/uploads\/2016\/06\/fotonoticia_20160613142410_800.jpg","og:image:width":800,"og:image:height":533,"article:published_time":"2016-06-13T16:21:30+00:00","article:modified_time":"2016-06-13T16:21:30+00:00","twitter:card":"summary_large_image","twitter:title":"Seg\u00fan la OPEP, el mercado de petr\u00f3leo se equilibrar\u00e1 en la segunda mitad de 2016 | El Digital de Asturias","twitter:description":"El exceso de oferta en el mercado de petr\u00f3leo se reducir\u00e1 en la segunda mitad de 2016 como consecuencia de la mejora del escenario econ\u00f3mico global, seg\u00fan apuntan las previsiones de la Organizaci\u00f3n de Pa\u00edses Productores de Petr\u00f3leo (OPEP) en su informe correspondiente al mes de junio. El c\u00e1rtel estima que el exceso de suministro","twitter:image":"https:\/\/eldigitaldeasturias.com\/magazine365\/wp-content\/uploads\/2016\/06\/fotonoticia_20160613142410_800.jpg"},"aioseo_meta_data":{"post_id":"78983","title":null,"description":null,"keywords":null,"keyphrases":null,"primary_term":null,"canonical_url":null,"og_title":null,"og_description":null,"og_object_type":"default","og_image_type":"default","og_image_url":null,"og_image_width":null,"og_image_height":null,"og_image_custom_url":null,"og_image_custom_fields":null,"og_video":null,"og_custom_url":null,"og_article_section":null,"og_article_tags":null,"twitter_use_og":false,"twitter_card":"default","twitter_image_type":"default","twitter_image_url":null,"twitter_image_custom_url":null,"twitter_image_custom_fields":null,"twitter_title":null,"twitter_description":null,"schema":{"blockGraphs":[],"customGraphs":[],"default":{"data":{"Article":[],"Course":[],"Dataset":[],"FAQPage":[],"Movie":[],"Person":[],"Product":[],"ProductReview":[],"Car":[],"Recipe":[],"Service":[],"SoftwareApplication":[],"WebPage":[]},"graphName":"","isEnabled":true},"graphs":[],"defaultGraph":"","defaultPostTypeGraph":""},"schema_type":null,"schema_type_options":null,"pillar_content":false,"robots_default":true,"robots_noindex":false,"robots_noarchive":false,"robots_nosnippet":false,"robots_nofollow":false,"robots_noimageindex":false,"robots_noodp":false,"robots_notranslate":false,"robots_max_snippet":null,"robots_max_videopreview":null,"robots_max_imagepreview":"large","priority":null,"frequency":null,"location":null,"local_seo":null,"seo_analyzer_scan_date":"2025-09-27 18:00:02","breadcrumb_settings":null,"limit_modified_date":false,"open_ai":null,"ai":null,"created":"2021-03-08 17:54:24","updated":"2025-09-27 18:00:02"},"aioseo_breadcrumb":"<div class=\"aioseo-breadcrumbs\"><span class=\"aioseo-breadcrumb\">\n\t<a href=\"https:\/\/eldigitaldeasturias.com\/magazine365\" title=\"Home\">Home<\/a>\n<\/span><span class=\"aioseo-breadcrumb-separator\">\u2013<\/span><span class=\"aioseo-breadcrumb\">\n\t<a href=\"https:\/\/eldigitaldeasturias.com\/magazine365\/category\/noticias-actualidad\/\" title=\"Noticias y Actualidad\">Noticias y Actualidad<\/a>\n<\/span><span class=\"aioseo-breadcrumb-separator\">\u2013<\/span><span class=\"aioseo-breadcrumb\">\n\t<a href=\"https:\/\/eldigitaldeasturias.com\/magazine365\/segun-la-opep-el-mercado-de-petroleo-se-equilibrara-en-la-segunda-mitad-de-2016\/\" title=\"Seg\u00fan la OPEP, el mercado de petr\u00f3leo se equilibrar\u00e1 en la segunda mitad de 2016\">Seg\u00fan la OPEP, el mercado de petr\u00f3leo se equilibrar\u00e1 en la segunda mitad de 2016<\/a>\n<\/span><\/div>","aioseo_breadcrumb_json":[{"label":"Home","link":"https:\/\/eldigitaldeasturias.com\/magazine365"},{"label":"Noticias y Actualidad","link":"https:\/\/eldigitaldeasturias.com\/magazine365\/category\/noticias-actualidad\/"},{"label":"Seg\u00fan la OPEP, el mercado de petr\u00f3leo se equilibrar\u00e1 en la segunda mitad de 2016","link":"https:\/\/eldigitaldeasturias.com\/magazine365\/segun-la-opep-el-mercado-de-petroleo-se-equilibrara-en-la-segunda-mitad-de-2016\/"}],"_links":{"self":[{"href":"https:\/\/eldigitaldeasturias.com\/magazine365\/wp-json\/wp\/v2\/posts\/78983","targetHints":{"allow":["GET"]}}],"collection":[{"href":"https:\/\/eldigitaldeasturias.com\/magazine365\/wp-json\/wp\/v2\/posts"}],"about":[{"href":"https:\/\/eldigitaldeasturias.com\/magazine365\/wp-json\/wp\/v2\/types\/post"}],"author":[{"embeddable":true,"href":"https:\/\/eldigitaldeasturias.com\/magazine365\/wp-json\/wp\/v2\/users\/1"}],"replies":[{"embeddable":true,"href":"https:\/\/eldigitaldeasturias.com\/magazine365\/wp-json\/wp\/v2\/comments?post=78983"}],"version-history":[{"count":0,"href":"https:\/\/eldigitaldeasturias.com\/magazine365\/wp-json\/wp\/v2\/posts\/78983\/revisions"}],"wp:featuredmedia":[{"embeddable":true,"href":"https:\/\/eldigitaldeasturias.com\/magazine365\/wp-json\/wp\/v2\/media\/78984"}],"wp:attachment":[{"href":"https:\/\/eldigitaldeasturias.com\/magazine365\/wp-json\/wp\/v2\/media?parent=78983"}],"wp:term":[{"taxonomy":"category","embeddable":true,"href":"https:\/\/eldigitaldeasturias.com\/magazine365\/wp-json\/wp\/v2\/categories?post=78983"},{"taxonomy":"post_tag","embeddable":true,"href":"https:\/\/eldigitaldeasturias.com\/magazine365\/wp-json\/wp\/v2\/tags?post=78983"}],"curies":[{"name":"wp","href":"https:\/\/api.w.org\/{rel}","templated":true}]}}