{"id":78962,"date":"2016-06-13T14:22:32","date_gmt":"2016-06-13T12:22:32","guid":{"rendered":"http:\/\/eldigitaldeasturias.com\/magazine365\/?p=78962"},"modified":"2016-06-13T14:22:32","modified_gmt":"2016-06-13T12:22:32","slug":"la-diputacion-de-badajoz-asiste-a-las-ferias-ecuextre-en-badajoz-y-madbird-fair-en-madrid","status":"publish","type":"post","link":"https:\/\/eldigitaldeasturias.com\/magazine365\/la-diputacion-de-badajoz-asiste-a-las-ferias-ecuextre-en-badajoz-y-madbird-fair-en-madrid\/","title":{"rendered":"La Diputaci\u00f3n de Badajoz asiste a las ferias Ecuextre en Badajoz y MADbird Fair en Madrid"},"content":{"rendered":"<p>La Diputaci\u00f3n de Badajoz, a trav\u00e9s del Patronato Provincial de Turismo y Tauromaquia, ha participado este fin de semana en ferias relacionadas con el sector taurino y con la ornitolog\u00eda, en concreto en las ferias Ecuextre en Badajoz y MADbird Fair en Madrid.<\/p>\n<p>La Feria del Caballo y el Toro (Ecuextre), que ha tenido lugar en la Instituci\u00f3n Ferial de Badajoz (Ifeba), ha contado en esta edici\u00f3n con la exposici\u00f3n de Morante de la Puebla.<\/p>\n<p>Durante la misma, ocho alumnos de la Escuela de Tauromaquia de la Instituci\u00f3n Provincial han participado en un tentadero con reses de la ganader\u00eda de Jandilla, y otros 14 alumnos en una exhibici\u00f3n de toreo de sal\u00f3n.<\/p>\n<p>Adem\u00e1s, por el stand del Patronato de la Diputaci\u00f3n de Badajoz han pasado importantes figuras del mundo del toreo, como Andr\u00e9s Roca Rey, seg\u00fan ha informado la instituci\u00f3n provincial en nota de prensa.<\/p>\n<p>En el marco de esta feria, tambi\u00e9n ha tenido lugar la X Gala de la Federaci\u00f3n Taurina Extreme\u00f1a, presidida por el diputado del Patronato Provincial de Turismo y Tauromaquia de la Diputaci\u00f3n, Lorenzo Molina, y con la asistencia del presidente de la Federaci\u00f3n, Jos\u00e9 Antonio Ledesma, y del presidente de UFTAE, Jorge Fajardo.<\/p>\n<p>Durante este evento se entregaron los premios a los triunfadores del a\u00f1o 2015, resultando galardonados Gin\u00e9s Mar\u00edn, Juan Silva, Juanito y Tom\u00e1s Angulo, antiguos alumnos de la Escuela Taurina. Tambi\u00e9n se otorg\u00f3 un reconocimiento especial a Eugenio Garc\u00eda por su dedicaci\u00f3n a la Federaci\u00f3n.<\/p>\n<p>Asimismo, el Patronato tambi\u00e9n ha estado presente, con un stand, en MADbird Fair, una feria que se ha celebrado el pasado fin de semana en el Paseo del Prado de Madrid y cuyos objetivos han sido promover la observaci\u00f3n de la naturaleza en general y de las aves en particular.<\/p>\n<p>En esta cita, la Instituci\u00f3n Provincial ha promocionado la riqueza ornitol\u00f3gica de la provincia de Badajoz y ha aportado todo el material elaborado por el Patronato y por el \u00c1rea de Desarrollo Local, como gu\u00edas, rutas, mapas tur\u00edsticos y folletos de aves en espa\u00f1ol, ingl\u00e9s, italiano y portugu\u00e9s, p\u00f3sters de aves, fauna y turismo activo, adem\u00e1s de distinto material relacionado con la naturaleza.<\/p>\n","protected":false},"excerpt":{"rendered":"<p>La Diputaci\u00f3n de Badajoz, a trav\u00e9s del Patronato Provincial de Turismo y Tauromaquia, ha participado este fin de semana en ferias relacionadas con el sector taurino y con la ornitolog\u00eda, en concreto en las ferias Ecuextre en Badajoz y MADbird Fair en Madrid. La Feria del Caballo y el Toro (Ecuextre), que ha tenido lugar<\/p>\n","protected":false},"author":1,"featured_media":77926,"comment_status":"open","ping_status":"closed","sticky":false,"template":"","format":"standard","meta":{"footnotes":""},"categories":[224],"tags":[],"class_list":{"0":"post-78962","1":"post","2":"type-post","3":"status-publish","4":"format-standard","5":"has-post-thumbnail","7":"category-noticias-actualidad"},"aioseo_notices":[],"aioseo_head":"\n\t\t<!-- All in One SEO Pro 4.9.6.1 - aioseo.com -->\n\t<meta name=\"description\" content=\"La Diputaci\u00f3n de Badajoz, a trav\u00e9s del Patronato Provincial de Turismo y Tauromaquia, ha participado este fin de semana en ferias relacionadas con el sector taurino y con la ornitolog\u00eda, en concreto en las ferias Ecuextre en Badajoz y MADbird Fair en Madrid. La Feria del Caballo y el Toro (Ecuextre), que ha tenido lugar\" \/>\n\t<meta name=\"robots\" content=\"max-image-preview:large\" \/>\n\t<meta name=\"author\" content=\"admin\"\/>\n\t<meta name=\"google-site-verification\" content=\"UA-38556648-1\" \/>\n\t<meta name=\"keywords\" content=\"noticias y actualidad\" \/>\n\t<link rel=\"canonical\" href=\"https:\/\/eldigitaldeasturias.com\/magazine365\/la-diputacion-de-badajoz-asiste-a-las-ferias-ecuextre-en-badajoz-y-madbird-fair-en-madrid\/\" \/>\n\t<meta name=\"generator\" content=\"All in One SEO Pro (AIOSEO) 4.9.6.1\" \/>\n\t\t<meta property=\"og:locale\" content=\"es_ES\" \/>\n\t\t<meta property=\"og:site_name\" content=\"El Digital de Asturias \u2013 Revista de ocio, turismo y estilo de vida\" \/>\n\t\t<meta property=\"og:type\" content=\"article\" \/>\n\t\t<meta property=\"og:title\" content=\"La Diputaci\u00f3n de Badajoz asiste a las ferias Ecuextre en Badajoz y MADbird Fair en Madrid | El Digital de Asturias\" \/>\n\t\t<meta property=\"og:description\" content=\"La Diputaci\u00f3n de Badajoz, a trav\u00e9s del Patronato Provincial de Turismo y Tauromaquia, ha participado este fin de semana en ferias relacionadas con el sector taurino y con la ornitolog\u00eda, en concreto en las ferias Ecuextre en Badajoz y MADbird Fair en Madrid. La Feria del Caballo y el Toro (Ecuextre), que ha tenido lugar\" \/>\n\t\t<meta property=\"og:url\" content=\"https:\/\/eldigitaldeasturias.com\/magazine365\/la-diputacion-de-badajoz-asiste-a-las-ferias-ecuextre-en-badajoz-y-madbird-fair-en-madrid\/\" \/>\n\t\t<meta property=\"og:image\" content=\"https:\/\/eldigitaldeasturias.com\/magazine365\/wp-content\/uploads\/2016\/06\/m365.jpg\" \/>\n\t\t<meta property=\"og:image:secure_url\" content=\"https:\/\/eldigitaldeasturias.com\/magazine365\/wp-content\/uploads\/2016\/06\/m365.jpg\" \/>\n\t\t<meta property=\"og:image:width\" content=\"655\" \/>\n\t\t<meta property=\"og:image:height\" content=\"360\" \/>\n\t\t<meta property=\"article:published_time\" content=\"2016-06-13T12:22:32+00:00\" \/>\n\t\t<meta property=\"article:modified_time\" content=\"2016-06-13T12:22:32+00:00\" \/>\n\t\t<meta name=\"twitter:card\" content=\"summary_large_image\" \/>\n\t\t<meta name=\"twitter:title\" content=\"La Diputaci\u00f3n de Badajoz asiste a las ferias Ecuextre en Badajoz y MADbird Fair en Madrid | El Digital de Asturias\" \/>\n\t\t<meta name=\"twitter:description\" content=\"La Diputaci\u00f3n de Badajoz, a trav\u00e9s del Patronato Provincial de Turismo y Tauromaquia, ha participado este fin de semana en ferias relacionadas con el sector taurino y con la ornitolog\u00eda, en concreto en las ferias Ecuextre en Badajoz y MADbird Fair en Madrid. La Feria del Caballo y el Toro (Ecuextre), que ha tenido lugar\" \/>\n\t\t<meta name=\"twitter:image\" content=\"https:\/\/eldigitaldeasturias.com\/magazine365\/wp-content\/uploads\/2016\/06\/m365.jpg\" \/>\n\t\t<script type=\"application\/ld+json\" class=\"aioseo-schema\">\n\t\t\t{\"@context\":\"https:\\\/\\\/schema.org\",\"@graph\":[{\"@type\":\"Article\",\"@id\":\"https:\\\/\\\/eldigitaldeasturias.com\\\/magazine365\\\/la-diputacion-de-badajoz-asiste-a-las-ferias-ecuextre-en-badajoz-y-madbird-fair-en-madrid\\\/#article\",\"name\":\"La Diputaci\\u00f3n de Badajoz asiste a las ferias Ecuextre en Badajoz y MADbird Fair en Madrid | El Digital de Asturias\",\"headline\":\"La Diputaci\\u00f3n de Badajoz asiste a las ferias Ecuextre en Badajoz y MADbird Fair en Madrid\",\"author\":{\"@id\":\"https:\\\/\\\/eldigitaldeasturias.com\\\/magazine365\\\/author\\\/admin\\\/#author\"},\"publisher\":{\"@id\":\"https:\\\/\\\/eldigitaldeasturias.com\\\/magazine365\\\/#organization\"},\"image\":{\"@type\":\"ImageObject\",\"url\":\"https:\\\/\\\/eldigitaldeasturias.com\\\/magazine365\\\/wp-content\\\/uploads\\\/2016\\\/06\\\/m365.jpg\",\"width\":655,\"height\":360},\"datePublished\":\"2016-06-13T14:22:32+02:00\",\"dateModified\":\"2016-06-13T14:22:32+02:00\",\"inLanguage\":\"es-ES\",\"mainEntityOfPage\":{\"@id\":\"https:\\\/\\\/eldigitaldeasturias.com\\\/magazine365\\\/la-diputacion-de-badajoz-asiste-a-las-ferias-ecuextre-en-badajoz-y-madbird-fair-en-madrid\\\/#webpage\"},\"isPartOf\":{\"@id\":\"https:\\\/\\\/eldigitaldeasturias.com\\\/magazine365\\\/la-diputacion-de-badajoz-asiste-a-las-ferias-ecuextre-en-badajoz-y-madbird-fair-en-madrid\\\/#webpage\"},\"articleSection\":\"Noticias y Actualidad\"},{\"@type\":\"BreadcrumbList\",\"@id\":\"https:\\\/\\\/eldigitaldeasturias.com\\\/magazine365\\\/la-diputacion-de-badajoz-asiste-a-las-ferias-ecuextre-en-badajoz-y-madbird-fair-en-madrid\\\/#breadcrumblist\",\"itemListElement\":[{\"@type\":\"ListItem\",\"@id\":\"https:\\\/\\\/eldigitaldeasturias.com\\\/magazine365#listItem\",\"position\":1,\"name\":\"Home\",\"item\":\"https:\\\/\\\/eldigitaldeasturias.com\\\/magazine365\",\"nextItem\":{\"@type\":\"ListItem\",\"@id\":\"https:\\\/\\\/eldigitaldeasturias.com\\\/magazine365\\\/category\\\/noticias-actualidad\\\/#listItem\",\"name\":\"Noticias y Actualidad\"}},{\"@type\":\"ListItem\",\"@id\":\"https:\\\/\\\/eldigitaldeasturias.com\\\/magazine365\\\/category\\\/noticias-actualidad\\\/#listItem\",\"position\":2,\"name\":\"Noticias y Actualidad\",\"item\":\"https:\\\/\\\/eldigitaldeasturias.com\\\/magazine365\\\/category\\\/noticias-actualidad\\\/\",\"nextItem\":{\"@type\":\"ListItem\",\"@id\":\"https:\\\/\\\/eldigitaldeasturias.com\\\/magazine365\\\/la-diputacion-de-badajoz-asiste-a-las-ferias-ecuextre-en-badajoz-y-madbird-fair-en-madrid\\\/#listItem\",\"name\":\"La Diputaci\\u00f3n de Badajoz asiste a las ferias Ecuextre en Badajoz y MADbird Fair en Madrid\"},\"previousItem\":{\"@type\":\"ListItem\",\"@id\":\"https:\\\/\\\/eldigitaldeasturias.com\\\/magazine365#listItem\",\"name\":\"Home\"}},{\"@type\":\"ListItem\",\"@id\":\"https:\\\/\\\/eldigitaldeasturias.com\\\/magazine365\\\/la-diputacion-de-badajoz-asiste-a-las-ferias-ecuextre-en-badajoz-y-madbird-fair-en-madrid\\\/#listItem\",\"position\":3,\"name\":\"La Diputaci\\u00f3n de Badajoz asiste a las ferias Ecuextre en Badajoz y MADbird Fair en Madrid\",\"previousItem\":{\"@type\":\"ListItem\",\"@id\":\"https:\\\/\\\/eldigitaldeasturias.com\\\/magazine365\\\/category\\\/noticias-actualidad\\\/#listItem\",\"name\":\"Noticias y Actualidad\"}}]},{\"@type\":\"Organization\",\"@id\":\"https:\\\/\\\/eldigitaldeasturias.com\\\/magazine365\\\/#organization\",\"name\":\"El digital de Asturias\",\"description\":\"Revista de ocio, turismo y estilo de vida\",\"url\":\"https:\\\/\\\/eldigitaldeasturias.com\\\/magazine365\\\/\",\"logo\":{\"@type\":\"ImageObject\",\"url\":\"https:\\\/\\\/www.eldigitaldeasturias.com\\\/noticias\\\/wp-content\\\/uploads\\\/2020\\\/12\\\/EDA.jpg\",\"@id\":\"https:\\\/\\\/eldigitaldeasturias.com\\\/magazine365\\\/la-diputacion-de-badajoz-asiste-a-las-ferias-ecuextre-en-badajoz-y-madbird-fair-en-madrid\\\/#organizationLogo\"},\"image\":{\"@id\":\"https:\\\/\\\/eldigitaldeasturias.com\\\/magazine365\\\/la-diputacion-de-badajoz-asiste-a-las-ferias-ecuextre-en-badajoz-y-madbird-fair-en-madrid\\\/#organizationLogo\"}},{\"@type\":\"Person\",\"@id\":\"https:\\\/\\\/eldigitaldeasturias.com\\\/magazine365\\\/author\\\/admin\\\/#author\",\"url\":\"https:\\\/\\\/eldigitaldeasturias.com\\\/magazine365\\\/author\\\/admin\\\/\",\"name\":\"admin\",\"image\":{\"@type\":\"ImageObject\",\"@id\":\"https:\\\/\\\/eldigitaldeasturias.com\\\/magazine365\\\/la-diputacion-de-badajoz-asiste-a-las-ferias-ecuextre-en-badajoz-y-madbird-fair-en-madrid\\\/#authorImage\",\"url\":\"https:\\\/\\\/eldigitaldeasturias.com\\\/magazine365\\\/wp-content\\\/litespeed\\\/avatar\\\/e571bcf59a0edd6fa6838245a470f2fe.jpg?ver=1776969259\",\"width\":96,\"height\":96,\"caption\":\"admin\"}},{\"@type\":\"WebPage\",\"@id\":\"https:\\\/\\\/eldigitaldeasturias.com\\\/magazine365\\\/la-diputacion-de-badajoz-asiste-a-las-ferias-ecuextre-en-badajoz-y-madbird-fair-en-madrid\\\/#webpage\",\"url\":\"https:\\\/\\\/eldigitaldeasturias.com\\\/magazine365\\\/la-diputacion-de-badajoz-asiste-a-las-ferias-ecuextre-en-badajoz-y-madbird-fair-en-madrid\\\/\",\"name\":\"La Diputaci\\u00f3n de Badajoz asiste a las ferias Ecuextre en Badajoz y MADbird Fair en Madrid | El Digital de Asturias\",\"description\":\"La Diputaci\\u00f3n de Badajoz, a trav\\u00e9s del Patronato Provincial de Turismo y Tauromaquia, ha participado este fin de semana en ferias relacionadas con el sector taurino y con la ornitolog\\u00eda, en concreto en las ferias Ecuextre en Badajoz y MADbird Fair en Madrid. La Feria del Caballo y el Toro (Ecuextre), que ha tenido lugar\",\"inLanguage\":\"es-ES\",\"isPartOf\":{\"@id\":\"https:\\\/\\\/eldigitaldeasturias.com\\\/magazine365\\\/#website\"},\"breadcrumb\":{\"@id\":\"https:\\\/\\\/eldigitaldeasturias.com\\\/magazine365\\\/la-diputacion-de-badajoz-asiste-a-las-ferias-ecuextre-en-badajoz-y-madbird-fair-en-madrid\\\/#breadcrumblist\"},\"author\":{\"@id\":\"https:\\\/\\\/eldigitaldeasturias.com\\\/magazine365\\\/author\\\/admin\\\/#author\"},\"creator\":{\"@id\":\"https:\\\/\\\/eldigitaldeasturias.com\\\/magazine365\\\/author\\\/admin\\\/#author\"},\"image\":{\"@type\":\"ImageObject\",\"url\":\"https:\\\/\\\/eldigitaldeasturias.com\\\/magazine365\\\/wp-content\\\/uploads\\\/2016\\\/06\\\/m365.jpg\",\"@id\":\"https:\\\/\\\/eldigitaldeasturias.com\\\/magazine365\\\/la-diputacion-de-badajoz-asiste-a-las-ferias-ecuextre-en-badajoz-y-madbird-fair-en-madrid\\\/#mainImage\",\"width\":655,\"height\":360},\"primaryImageOfPage\":{\"@id\":\"https:\\\/\\\/eldigitaldeasturias.com\\\/magazine365\\\/la-diputacion-de-badajoz-asiste-a-las-ferias-ecuextre-en-badajoz-y-madbird-fair-en-madrid\\\/#mainImage\"},\"datePublished\":\"2016-06-13T14:22:32+02:00\",\"dateModified\":\"2016-06-13T14:22:32+02:00\"},{\"@type\":\"WebSite\",\"@id\":\"https:\\\/\\\/eldigitaldeasturias.com\\\/magazine365\\\/#website\",\"url\":\"https:\\\/\\\/eldigitaldeasturias.com\\\/magazine365\\\/\",\"name\":\"El Digital de Asturias\",\"description\":\"Revista de ocio, turismo y estilo de vida\",\"inLanguage\":\"es-ES\",\"publisher\":{\"@id\":\"https:\\\/\\\/eldigitaldeasturias.com\\\/magazine365\\\/#organization\"}}]}\n\t\t<\/script>\n\t\t<!-- All in One SEO Pro -->\r\n\t\t<title>La Diputaci\u00f3n de Badajoz asiste a las ferias Ecuextre en Badajoz y MADbird Fair en Madrid | El Digital de Asturias<\/title>\n\n","aioseo_head_json":{"title":"La Diputaci\u00f3n de Badajoz asiste a las ferias Ecuextre en Badajoz y MADbird Fair en Madrid | El Digital de Asturias","description":"La Diputaci\u00f3n de Badajoz, a trav\u00e9s del Patronato Provincial de Turismo y Tauromaquia, ha participado este fin de semana en ferias relacionadas con el sector taurino y con la ornitolog\u00eda, en concreto en las ferias Ecuextre en Badajoz y MADbird Fair en Madrid. La Feria del Caballo y el Toro (Ecuextre), que ha tenido lugar","canonical_url":"https:\/\/eldigitaldeasturias.com\/magazine365\/la-diputacion-de-badajoz-asiste-a-las-ferias-ecuextre-en-badajoz-y-madbird-fair-en-madrid\/","robots":"max-image-preview:large","keywords":"noticias y actualidad","webmasterTools":{"google-site-verification":"UA-38556648-1","miscellaneous":""},"schema":{"@context":"https:\/\/schema.org","@graph":[{"@type":"Article","@id":"https:\/\/eldigitaldeasturias.com\/magazine365\/la-diputacion-de-badajoz-asiste-a-las-ferias-ecuextre-en-badajoz-y-madbird-fair-en-madrid\/#article","name":"La Diputaci\u00f3n de Badajoz asiste a las ferias Ecuextre en Badajoz y MADbird Fair en Madrid | El Digital de Asturias","headline":"La Diputaci\u00f3n de Badajoz asiste a las ferias Ecuextre en Badajoz y MADbird Fair en Madrid","author":{"@id":"https:\/\/eldigitaldeasturias.com\/magazine365\/author\/admin\/#author"},"publisher":{"@id":"https:\/\/eldigitaldeasturias.com\/magazine365\/#organization"},"image":{"@type":"ImageObject","url":"https:\/\/eldigitaldeasturias.com\/magazine365\/wp-content\/uploads\/2016\/06\/m365.jpg","width":655,"height":360},"datePublished":"2016-06-13T14:22:32+02:00","dateModified":"2016-06-13T14:22:32+02:00","inLanguage":"es-ES","mainEntityOfPage":{"@id":"https:\/\/eldigitaldeasturias.com\/magazine365\/la-diputacion-de-badajoz-asiste-a-las-ferias-ecuextre-en-badajoz-y-madbird-fair-en-madrid\/#webpage"},"isPartOf":{"@id":"https:\/\/eldigitaldeasturias.com\/magazine365\/la-diputacion-de-badajoz-asiste-a-las-ferias-ecuextre-en-badajoz-y-madbird-fair-en-madrid\/#webpage"},"articleSection":"Noticias y Actualidad"},{"@type":"BreadcrumbList","@id":"https:\/\/eldigitaldeasturias.com\/magazine365\/la-diputacion-de-badajoz-asiste-a-las-ferias-ecuextre-en-badajoz-y-madbird-fair-en-madrid\/#breadcrumblist","itemListElement":[{"@type":"ListItem","@id":"https:\/\/eldigitaldeasturias.com\/magazine365#listItem","position":1,"name":"Home","item":"https:\/\/eldigitaldeasturias.com\/magazine365","nextItem":{"@type":"ListItem","@id":"https:\/\/eldigitaldeasturias.com\/magazine365\/category\/noticias-actualidad\/#listItem","name":"Noticias y Actualidad"}},{"@type":"ListItem","@id":"https:\/\/eldigitaldeasturias.com\/magazine365\/category\/noticias-actualidad\/#listItem","position":2,"name":"Noticias y Actualidad","item":"https:\/\/eldigitaldeasturias.com\/magazine365\/category\/noticias-actualidad\/","nextItem":{"@type":"ListItem","@id":"https:\/\/eldigitaldeasturias.com\/magazine365\/la-diputacion-de-badajoz-asiste-a-las-ferias-ecuextre-en-badajoz-y-madbird-fair-en-madrid\/#listItem","name":"La Diputaci\u00f3n de Badajoz asiste a las ferias Ecuextre en Badajoz y MADbird Fair en Madrid"},"previousItem":{"@type":"ListItem","@id":"https:\/\/eldigitaldeasturias.com\/magazine365#listItem","name":"Home"}},{"@type":"ListItem","@id":"https:\/\/eldigitaldeasturias.com\/magazine365\/la-diputacion-de-badajoz-asiste-a-las-ferias-ecuextre-en-badajoz-y-madbird-fair-en-madrid\/#listItem","position":3,"name":"La Diputaci\u00f3n de Badajoz asiste a las ferias Ecuextre en Badajoz y MADbird Fair en Madrid","previousItem":{"@type":"ListItem","@id":"https:\/\/eldigitaldeasturias.com\/magazine365\/category\/noticias-actualidad\/#listItem","name":"Noticias y Actualidad"}}]},{"@type":"Organization","@id":"https:\/\/eldigitaldeasturias.com\/magazine365\/#organization","name":"El digital de Asturias","description":"Revista de ocio, turismo y estilo de vida","url":"https:\/\/eldigitaldeasturias.com\/magazine365\/","logo":{"@type":"ImageObject","url":"https:\/\/www.eldigitaldeasturias.com\/noticias\/wp-content\/uploads\/2020\/12\/EDA.jpg","@id":"https:\/\/eldigitaldeasturias.com\/magazine365\/la-diputacion-de-badajoz-asiste-a-las-ferias-ecuextre-en-badajoz-y-madbird-fair-en-madrid\/#organizationLogo"},"image":{"@id":"https:\/\/eldigitaldeasturias.com\/magazine365\/la-diputacion-de-badajoz-asiste-a-las-ferias-ecuextre-en-badajoz-y-madbird-fair-en-madrid\/#organizationLogo"}},{"@type":"Person","@id":"https:\/\/eldigitaldeasturias.com\/magazine365\/author\/admin\/#author","url":"https:\/\/eldigitaldeasturias.com\/magazine365\/author\/admin\/","name":"admin","image":{"@type":"ImageObject","@id":"https:\/\/eldigitaldeasturias.com\/magazine365\/la-diputacion-de-badajoz-asiste-a-las-ferias-ecuextre-en-badajoz-y-madbird-fair-en-madrid\/#authorImage","url":"https:\/\/eldigitaldeasturias.com\/magazine365\/wp-content\/litespeed\/avatar\/e571bcf59a0edd6fa6838245a470f2fe.jpg?ver=1776969259","width":96,"height":96,"caption":"admin"}},{"@type":"WebPage","@id":"https:\/\/eldigitaldeasturias.com\/magazine365\/la-diputacion-de-badajoz-asiste-a-las-ferias-ecuextre-en-badajoz-y-madbird-fair-en-madrid\/#webpage","url":"https:\/\/eldigitaldeasturias.com\/magazine365\/la-diputacion-de-badajoz-asiste-a-las-ferias-ecuextre-en-badajoz-y-madbird-fair-en-madrid\/","name":"La Diputaci\u00f3n de Badajoz asiste a las ferias Ecuextre en Badajoz y MADbird Fair en Madrid | El Digital de Asturias","description":"La Diputaci\u00f3n de Badajoz, a trav\u00e9s del Patronato Provincial de Turismo y Tauromaquia, ha participado este fin de semana en ferias relacionadas con el sector taurino y con la ornitolog\u00eda, en concreto en las ferias Ecuextre en Badajoz y MADbird Fair en Madrid. La Feria del Caballo y el Toro (Ecuextre), que ha tenido lugar","inLanguage":"es-ES","isPartOf":{"@id":"https:\/\/eldigitaldeasturias.com\/magazine365\/#website"},"breadcrumb":{"@id":"https:\/\/eldigitaldeasturias.com\/magazine365\/la-diputacion-de-badajoz-asiste-a-las-ferias-ecuextre-en-badajoz-y-madbird-fair-en-madrid\/#breadcrumblist"},"author":{"@id":"https:\/\/eldigitaldeasturias.com\/magazine365\/author\/admin\/#author"},"creator":{"@id":"https:\/\/eldigitaldeasturias.com\/magazine365\/author\/admin\/#author"},"image":{"@type":"ImageObject","url":"https:\/\/eldigitaldeasturias.com\/magazine365\/wp-content\/uploads\/2016\/06\/m365.jpg","@id":"https:\/\/eldigitaldeasturias.com\/magazine365\/la-diputacion-de-badajoz-asiste-a-las-ferias-ecuextre-en-badajoz-y-madbird-fair-en-madrid\/#mainImage","width":655,"height":360},"primaryImageOfPage":{"@id":"https:\/\/eldigitaldeasturias.com\/magazine365\/la-diputacion-de-badajoz-asiste-a-las-ferias-ecuextre-en-badajoz-y-madbird-fair-en-madrid\/#mainImage"},"datePublished":"2016-06-13T14:22:32+02:00","dateModified":"2016-06-13T14:22:32+02:00"},{"@type":"WebSite","@id":"https:\/\/eldigitaldeasturias.com\/magazine365\/#website","url":"https:\/\/eldigitaldeasturias.com\/magazine365\/","name":"El Digital de Asturias","description":"Revista de ocio, turismo y estilo de vida","inLanguage":"es-ES","publisher":{"@id":"https:\/\/eldigitaldeasturias.com\/magazine365\/#organization"}}]},"og:locale":"es_ES","og:site_name":"El Digital de Asturias \u2013 Revista de ocio, turismo y estilo de vida","og:type":"article","og:title":"La Diputaci\u00f3n de Badajoz asiste a las ferias Ecuextre en Badajoz y MADbird Fair en Madrid | El Digital de Asturias","og:description":"La Diputaci\u00f3n de Badajoz, a trav\u00e9s del Patronato Provincial de Turismo y Tauromaquia, ha participado este fin de semana en ferias relacionadas con el sector taurino y con la ornitolog\u00eda, en concreto en las ferias Ecuextre en Badajoz y MADbird Fair en Madrid. La Feria del Caballo y el Toro (Ecuextre), que ha tenido lugar","og:url":"https:\/\/eldigitaldeasturias.com\/magazine365\/la-diputacion-de-badajoz-asiste-a-las-ferias-ecuextre-en-badajoz-y-madbird-fair-en-madrid\/","og:image":"https:\/\/eldigitaldeasturias.com\/magazine365\/wp-content\/uploads\/2016\/06\/m365.jpg","og:image:secure_url":"https:\/\/eldigitaldeasturias.com\/magazine365\/wp-content\/uploads\/2016\/06\/m365.jpg","og:image:width":655,"og:image:height":360,"article:published_time":"2016-06-13T12:22:32+00:00","article:modified_time":"2016-06-13T12:22:32+00:00","twitter:card":"summary_large_image","twitter:title":"La Diputaci\u00f3n de Badajoz asiste a las ferias Ecuextre en Badajoz y MADbird Fair en Madrid | El Digital de Asturias","twitter:description":"La Diputaci\u00f3n de Badajoz, a trav\u00e9s del Patronato Provincial de Turismo y Tauromaquia, ha participado este fin de semana en ferias relacionadas con el sector taurino y con la ornitolog\u00eda, en concreto en las ferias Ecuextre en Badajoz y MADbird Fair en Madrid. La Feria del Caballo y el Toro (Ecuextre), que ha tenido lugar","twitter:image":"https:\/\/eldigitaldeasturias.com\/magazine365\/wp-content\/uploads\/2016\/06\/m365.jpg"},"aioseo_meta_data":{"post_id":"78962","title":null,"description":null,"keywords":null,"keyphrases":null,"primary_term":null,"canonical_url":null,"og_title":null,"og_description":null,"og_object_type":"default","og_image_type":"default","og_image_url":null,"og_image_width":null,"og_image_height":null,"og_image_custom_url":null,"og_image_custom_fields":null,"og_video":null,"og_custom_url":null,"og_article_section":null,"og_article_tags":null,"twitter_use_og":false,"twitter_card":"default","twitter_image_type":"default","twitter_image_url":null,"twitter_image_custom_url":null,"twitter_image_custom_fields":null,"twitter_title":null,"twitter_description":null,"schema":{"blockGraphs":[],"customGraphs":[],"default":{"data":{"Article":[],"Course":[],"Dataset":[],"FAQPage":[],"Movie":[],"Person":[],"Product":[],"ProductReview":[],"Car":[],"Recipe":[],"Service":[],"SoftwareApplication":[],"WebPage":[]},"graphName":"","isEnabled":true},"graphs":[],"defaultGraph":"","defaultPostTypeGraph":""},"schema_type":null,"schema_type_options":null,"pillar_content":false,"robots_default":true,"robots_noindex":false,"robots_noarchive":false,"robots_nosnippet":false,"robots_nofollow":false,"robots_noimageindex":false,"robots_noodp":false,"robots_notranslate":false,"robots_max_snippet":null,"robots_max_videopreview":null,"robots_max_imagepreview":"large","priority":null,"frequency":null,"location":null,"local_seo":null,"seo_analyzer_scan_date":"2025-09-27 17:58:53","breadcrumb_settings":null,"limit_modified_date":false,"open_ai":null,"ai":null,"created":"2021-03-08 17:54:24","updated":"2025-09-27 17:58:53"},"aioseo_breadcrumb":"<div class=\"aioseo-breadcrumbs\"><span class=\"aioseo-breadcrumb\">\n\t<a href=\"https:\/\/eldigitaldeasturias.com\/magazine365\" title=\"Home\">Home<\/a>\n<\/span><span class=\"aioseo-breadcrumb-separator\">\u2013<\/span><span class=\"aioseo-breadcrumb\">\n\t<a href=\"https:\/\/eldigitaldeasturias.com\/magazine365\/category\/noticias-actualidad\/\" title=\"Noticias y Actualidad\">Noticias y Actualidad<\/a>\n<\/span><span class=\"aioseo-breadcrumb-separator\">\u2013<\/span><span class=\"aioseo-breadcrumb\">\n\t<a href=\"https:\/\/eldigitaldeasturias.com\/magazine365\/la-diputacion-de-badajoz-asiste-a-las-ferias-ecuextre-en-badajoz-y-madbird-fair-en-madrid\/\" title=\"La Diputaci\u00f3n de Badajoz asiste a las ferias Ecuextre en Badajoz y MADbird Fair en Madrid\">La Diputaci\u00f3n de Badajoz asiste a las ferias Ecuextre en Badajoz y MADbird Fair en Madrid<\/a>\n<\/span><\/div>","aioseo_breadcrumb_json":[{"label":"Home","link":"https:\/\/eldigitaldeasturias.com\/magazine365"},{"label":"Noticias y Actualidad","link":"https:\/\/eldigitaldeasturias.com\/magazine365\/category\/noticias-actualidad\/"},{"label":"La Diputaci\u00f3n de Badajoz asiste a las ferias Ecuextre en Badajoz y MADbird Fair en Madrid","link":"https:\/\/eldigitaldeasturias.com\/magazine365\/la-diputacion-de-badajoz-asiste-a-las-ferias-ecuextre-en-badajoz-y-madbird-fair-en-madrid\/"}],"_links":{"self":[{"href":"https:\/\/eldigitaldeasturias.com\/magazine365\/wp-json\/wp\/v2\/posts\/78962","targetHints":{"allow":["GET"]}}],"collection":[{"href":"https:\/\/eldigitaldeasturias.com\/magazine365\/wp-json\/wp\/v2\/posts"}],"about":[{"href":"https:\/\/eldigitaldeasturias.com\/magazine365\/wp-json\/wp\/v2\/types\/post"}],"author":[{"embeddable":true,"href":"https:\/\/eldigitaldeasturias.com\/magazine365\/wp-json\/wp\/v2\/users\/1"}],"replies":[{"embeddable":true,"href":"https:\/\/eldigitaldeasturias.com\/magazine365\/wp-json\/wp\/v2\/comments?post=78962"}],"version-history":[{"count":0,"href":"https:\/\/eldigitaldeasturias.com\/magazine365\/wp-json\/wp\/v2\/posts\/78962\/revisions"}],"wp:featuredmedia":[{"embeddable":true,"href":"https:\/\/eldigitaldeasturias.com\/magazine365\/wp-json\/wp\/v2\/media\/77926"}],"wp:attachment":[{"href":"https:\/\/eldigitaldeasturias.com\/magazine365\/wp-json\/wp\/v2\/media?parent=78962"}],"wp:term":[{"taxonomy":"category","embeddable":true,"href":"https:\/\/eldigitaldeasturias.com\/magazine365\/wp-json\/wp\/v2\/categories?post=78962"},{"taxonomy":"post_tag","embeddable":true,"href":"https:\/\/eldigitaldeasturias.com\/magazine365\/wp-json\/wp\/v2\/tags?post=78962"}],"curies":[{"name":"wp","href":"https:\/\/api.w.org\/{rel}","templated":true}]}}