{"id":78925,"date":"2016-06-13T14:00:19","date_gmt":"2016-06-13T12:00:19","guid":{"rendered":"http:\/\/eldigitaldeasturias.com\/magazine365\/?p=78925"},"modified":"2016-06-13T14:00:19","modified_gmt":"2016-06-13T12:00:19","slug":"nava-castro-realiza-el-primer-viaje-del-tren-do-vino-da-ribeira-sacra","status":"publish","type":"post","link":"https:\/\/eldigitaldeasturias.com\/magazine365\/nava-castro-realiza-el-primer-viaje-del-tren-do-vino-da-ribeira-sacra\/","title":{"rendered":"Nava Castro realiza el primer viaje del Tren do Vi\u00f1o da Ribeira Sacra"},"content":{"rendered":"<p><img fetchpriority=\"high\" decoding=\"async\" class=\"alignleft size-medium wp-image-78926\" src=\"https:\/\/eldigitaldeasturias.com\/magazine365\/wp-content\/uploads\/2016\/06\/fotonoticia_20160613115512_800-360x240.jpg\" alt=\"fotonoticia_20160613115512_800\" width=\"360\" height=\"240\" srcset=\"https:\/\/eldigitaldeasturias.com\/magazine365\/wp-content\/uploads\/2016\/06\/fotonoticia_20160613115512_800-360x240.jpg 360w, https:\/\/eldigitaldeasturias.com\/magazine365\/wp-content\/uploads\/2016\/06\/fotonoticia_20160613115512_800-650x433.jpg 650w, https:\/\/eldigitaldeasturias.com\/magazine365\/wp-content\/uploads\/2016\/06\/fotonoticia_20160613115512_800-768x512.jpg 768w, https:\/\/eldigitaldeasturias.com\/magazine365\/wp-content\/uploads\/2016\/06\/fotonoticia_20160613115512_800-150x100.jpg 150w, https:\/\/eldigitaldeasturias.com\/magazine365\/wp-content\/uploads\/2016\/06\/fotonoticia_20160613115512_800-450x300.jpg 450w, https:\/\/eldigitaldeasturias.com\/magazine365\/wp-content\/uploads\/2016\/06\/fotonoticia_20160613115512_800-101x66.jpg 101w, https:\/\/eldigitaldeasturias.com\/magazine365\/wp-content\/uploads\/2016\/06\/fotonoticia_20160613115512_800.jpg 800w\" sizes=\"(max-width: 360px) 100vw, 360px\" \/>La directora de Turismo de Galicia, Nava Castro, ha ensalzado el termalismo como un \u00absector clave\u00bb del turismo gallego y un \u00abreferente a nivel estatal\u00bb, ya que Galicia representa, ha precisado, el \u00ab20% de la oferta termal de Espa\u00f1a\u00bb y es la comunidad con \u00abm\u00e1s balnearios certificados con la Q de calidad tur\u00edstica\u00bb.<\/p>\n<p>En concreto, la directora ha realizado estas declaraciones en la apertura del Global Wellness Day, celebrado en Ourense, tal y como ha indicado la Xunta en un comunicado.<\/p>\n<p>Nava Castro ha relatado que la comunidad cuenta con 21 establecimientos termales que ponen a disposici\u00f3n del visitante 3.000 plazas, de las cuales un 67% son de cuatro o cinco estrellas, lo que demuestra, ha subrayado la directora, la calidad de la oferta gallega.<\/p>\n<p>Asimismo, ha recordado que Galicia cuenta con un plan termal para consolidar esta oferta diferencial de la comunidad y la imagen de Galicia como destino termal.<\/p>\n<p>De igual modo, Nava Castro ha explicado que la 16\u00aa edici\u00f3n de Termatalia, la principal feria internacional del turismo de salud, congregar\u00e1 este a\u00f1o en M\u00e9xico a profesionales del sector de m\u00e1s de 20 pa\u00edses, visibilizando as\u00ed, ha precisado, el potencial gallego y captando nuevos p\u00fablicos.<\/p>\n<p>Adem\u00e1s, en dicho evento ha participado el embajador del Global Wellness Day en Espa\u00f1a, C\u00e9sar Tejedor.<\/p>\n<p>TRENES TUR\u00cdSTICOS.<\/p>\n<p>Nava Castro tambi\u00e9n ha realizado este s\u00e1bado por la ma\u00f1ana el primer viaje del Tren do Vi\u00f1o da Ribeira Sacra, uno de los nueve itinerarios tem\u00e1ticos que este verano recorrer\u00e1n Galicia en el marco de la cuarta edici\u00f3n del programa de trenes tur\u00edsticos &#8216;Galicia a todo tren&#8217;, puesto en marcha por la Xunta, Renfe y la Diputaci\u00f3n de Ourense a trav\u00e9s del Inorde.<\/p>\n<p>En este viaje, la directora de Turismo de Galicia ha explicado que, en esta nueva edici\u00f3n, se incrementar\u00e1 la oferta global en 84 nuevas plazas gracias a los buenos resultados, ha se\u00f1alado, obtenidos en la edici\u00f3n anterior &#8211;en ella se obtuvo una ocupaci\u00f3n del 87%, superando los 2.200 pasajeros&#8211;.<\/p>\n<p>En concreto, en el itinerario que Nava Castro recorri\u00f3 este s\u00e1bado pro la ma\u00f1ana, el tren tur\u00edstico Aba Sacra parte de la estaci\u00f3n de tren de Ourense para realizar un recorrido tur\u00edstico por la Ribeira Sacra.<\/p>\n<p>CAVALEIROS DA PAZ DE R\u00cdO GRANDE DO SUL.<\/p>\n<p>Ya por la tarde, la directora de Turismo de Galicia ha recibido en la Praza do Obradoiro a los &#8216;Cavaleiros da Paz&#8217; de Porto Alegre, localidad del estado brasile\u00f1o de R\u00edo Grande do Sul, tras su peregrinaci\u00f3n a caballo por el Camino de Santiago desde Villafranca del Bierzo.<\/p>\n<p>La actividad de este grupo es muy seguida por los medios de su pa\u00eds y son protagonistas de la serie de televisi\u00f3n &#8216;Cavalgada dos Extremos&#8217;.<\/p>\n","protected":false},"excerpt":{"rendered":"<p>La directora de Turismo de Galicia, Nava Castro, ha ensalzado el termalismo como un \u00absector clave\u00bb del turismo gallego y un \u00abreferente a nivel estatal\u00bb, ya que Galicia representa, ha precisado, el \u00ab20% de la oferta termal de Espa\u00f1a\u00bb y es la comunidad con \u00abm\u00e1s balnearios certificados con la Q de calidad tur\u00edstica\u00bb. En concreto,<\/p>\n","protected":false},"author":1,"featured_media":78926,"comment_status":"open","ping_status":"closed","sticky":false,"template":"","format":"standard","meta":{"footnotes":""},"categories":[224],"tags":[],"class_list":{"0":"post-78925","1":"post","2":"type-post","3":"status-publish","4":"format-standard","5":"has-post-thumbnail","7":"category-noticias-actualidad"},"aioseo_notices":[],"aioseo_head":"\n\t\t<!-- All in One SEO Pro 4.9.6.1 - aioseo.com -->\n\t<meta name=\"description\" content=\"La directora de Turismo de Galicia, Nava Castro, ha ensalzado el termalismo como un &quot;sector clave&quot; del turismo gallego y un &quot;referente a nivel estatal&quot;, ya que Galicia representa, ha precisado, el &quot;20% de la oferta termal de Espa\u00f1a&quot; y es la comunidad con &quot;m\u00e1s balnearios certificados con la Q de calidad tur\u00edstica&quot;. En concreto,\" \/>\n\t<meta name=\"robots\" content=\"max-image-preview:large\" \/>\n\t<meta name=\"author\" content=\"admin\"\/>\n\t<meta name=\"google-site-verification\" content=\"UA-38556648-1\" \/>\n\t<meta name=\"keywords\" content=\"noticias y actualidad\" \/>\n\t<link rel=\"canonical\" href=\"https:\/\/eldigitaldeasturias.com\/magazine365\/nava-castro-realiza-el-primer-viaje-del-tren-do-vino-da-ribeira-sacra\/\" \/>\n\t<meta name=\"generator\" content=\"All in One SEO Pro (AIOSEO) 4.9.6.1\" \/>\n\t\t<meta property=\"og:locale\" content=\"es_ES\" \/>\n\t\t<meta property=\"og:site_name\" content=\"El Digital de Asturias \u2013 Revista de ocio, turismo y estilo de vida\" \/>\n\t\t<meta property=\"og:type\" content=\"article\" \/>\n\t\t<meta property=\"og:title\" content=\"Nava Castro realiza el primer viaje del Tren do Vi\u00f1o da Ribeira Sacra | El Digital de Asturias\" \/>\n\t\t<meta property=\"og:description\" content=\"La directora de Turismo de Galicia, Nava Castro, ha ensalzado el termalismo como un &quot;sector clave&quot; del turismo gallego y un &quot;referente a nivel estatal&quot;, ya que Galicia representa, ha precisado, el &quot;20% de la oferta termal de Espa\u00f1a&quot; y es la comunidad con &quot;m\u00e1s balnearios certificados con la Q de calidad tur\u00edstica&quot;. En concreto,\" \/>\n\t\t<meta property=\"og:url\" content=\"https:\/\/eldigitaldeasturias.com\/magazine365\/nava-castro-realiza-el-primer-viaje-del-tren-do-vino-da-ribeira-sacra\/\" \/>\n\t\t<meta property=\"og:image\" content=\"https:\/\/eldigitaldeasturias.com\/magazine365\/wp-content\/uploads\/2016\/06\/fotonoticia_20160613115512_800.jpg\" \/>\n\t\t<meta property=\"og:image:secure_url\" content=\"https:\/\/eldigitaldeasturias.com\/magazine365\/wp-content\/uploads\/2016\/06\/fotonoticia_20160613115512_800.jpg\" \/>\n\t\t<meta property=\"og:image:width\" content=\"800\" \/>\n\t\t<meta property=\"og:image:height\" content=\"533\" \/>\n\t\t<meta property=\"article:published_time\" content=\"2016-06-13T12:00:19+00:00\" \/>\n\t\t<meta property=\"article:modified_time\" content=\"2016-06-13T12:00:19+00:00\" \/>\n\t\t<meta name=\"twitter:card\" content=\"summary_large_image\" \/>\n\t\t<meta name=\"twitter:title\" content=\"Nava Castro realiza el primer viaje del Tren do Vi\u00f1o da Ribeira Sacra | El Digital de Asturias\" \/>\n\t\t<meta name=\"twitter:description\" content=\"La directora de Turismo de Galicia, Nava Castro, ha ensalzado el termalismo como un &quot;sector clave&quot; del turismo gallego y un &quot;referente a nivel estatal&quot;, ya que Galicia representa, ha precisado, el &quot;20% de la oferta termal de Espa\u00f1a&quot; y es la comunidad con &quot;m\u00e1s balnearios certificados con la Q de calidad tur\u00edstica&quot;. En concreto,\" \/>\n\t\t<meta name=\"twitter:image\" content=\"https:\/\/eldigitaldeasturias.com\/magazine365\/wp-content\/uploads\/2016\/06\/fotonoticia_20160613115512_800.jpg\" \/>\n\t\t<script type=\"application\/ld+json\" class=\"aioseo-schema\">\n\t\t\t{\"@context\":\"https:\\\/\\\/schema.org\",\"@graph\":[{\"@type\":\"Article\",\"@id\":\"https:\\\/\\\/eldigitaldeasturias.com\\\/magazine365\\\/nava-castro-realiza-el-primer-viaje-del-tren-do-vino-da-ribeira-sacra\\\/#article\",\"name\":\"Nava Castro realiza el primer viaje del Tren do Vi\\u00f1o da Ribeira Sacra | El Digital de Asturias\",\"headline\":\"Nava Castro realiza el primer viaje del Tren do Vi\\u00f1o da Ribeira Sacra\",\"author\":{\"@id\":\"https:\\\/\\\/eldigitaldeasturias.com\\\/magazine365\\\/author\\\/admin\\\/#author\"},\"publisher\":{\"@id\":\"https:\\\/\\\/eldigitaldeasturias.com\\\/magazine365\\\/#organization\"},\"image\":{\"@type\":\"ImageObject\",\"url\":\"https:\\\/\\\/eldigitaldeasturias.com\\\/magazine365\\\/wp-content\\\/uploads\\\/2016\\\/06\\\/fotonoticia_20160613115512_800.jpg\",\"width\":800,\"height\":533},\"datePublished\":\"2016-06-13T14:00:19+02:00\",\"dateModified\":\"2016-06-13T14:00:19+02:00\",\"inLanguage\":\"es-ES\",\"mainEntityOfPage\":{\"@id\":\"https:\\\/\\\/eldigitaldeasturias.com\\\/magazine365\\\/nava-castro-realiza-el-primer-viaje-del-tren-do-vino-da-ribeira-sacra\\\/#webpage\"},\"isPartOf\":{\"@id\":\"https:\\\/\\\/eldigitaldeasturias.com\\\/magazine365\\\/nava-castro-realiza-el-primer-viaje-del-tren-do-vino-da-ribeira-sacra\\\/#webpage\"},\"articleSection\":\"Noticias y Actualidad\"},{\"@type\":\"BreadcrumbList\",\"@id\":\"https:\\\/\\\/eldigitaldeasturias.com\\\/magazine365\\\/nava-castro-realiza-el-primer-viaje-del-tren-do-vino-da-ribeira-sacra\\\/#breadcrumblist\",\"itemListElement\":[{\"@type\":\"ListItem\",\"@id\":\"https:\\\/\\\/eldigitaldeasturias.com\\\/magazine365#listItem\",\"position\":1,\"name\":\"Home\",\"item\":\"https:\\\/\\\/eldigitaldeasturias.com\\\/magazine365\",\"nextItem\":{\"@type\":\"ListItem\",\"@id\":\"https:\\\/\\\/eldigitaldeasturias.com\\\/magazine365\\\/category\\\/noticias-actualidad\\\/#listItem\",\"name\":\"Noticias y Actualidad\"}},{\"@type\":\"ListItem\",\"@id\":\"https:\\\/\\\/eldigitaldeasturias.com\\\/magazine365\\\/category\\\/noticias-actualidad\\\/#listItem\",\"position\":2,\"name\":\"Noticias y Actualidad\",\"item\":\"https:\\\/\\\/eldigitaldeasturias.com\\\/magazine365\\\/category\\\/noticias-actualidad\\\/\",\"nextItem\":{\"@type\":\"ListItem\",\"@id\":\"https:\\\/\\\/eldigitaldeasturias.com\\\/magazine365\\\/nava-castro-realiza-el-primer-viaje-del-tren-do-vino-da-ribeira-sacra\\\/#listItem\",\"name\":\"Nava Castro realiza el primer viaje del Tren do Vi\\u00f1o da Ribeira Sacra\"},\"previousItem\":{\"@type\":\"ListItem\",\"@id\":\"https:\\\/\\\/eldigitaldeasturias.com\\\/magazine365#listItem\",\"name\":\"Home\"}},{\"@type\":\"ListItem\",\"@id\":\"https:\\\/\\\/eldigitaldeasturias.com\\\/magazine365\\\/nava-castro-realiza-el-primer-viaje-del-tren-do-vino-da-ribeira-sacra\\\/#listItem\",\"position\":3,\"name\":\"Nava Castro realiza el primer viaje del Tren do Vi\\u00f1o da Ribeira Sacra\",\"previousItem\":{\"@type\":\"ListItem\",\"@id\":\"https:\\\/\\\/eldigitaldeasturias.com\\\/magazine365\\\/category\\\/noticias-actualidad\\\/#listItem\",\"name\":\"Noticias y Actualidad\"}}]},{\"@type\":\"Organization\",\"@id\":\"https:\\\/\\\/eldigitaldeasturias.com\\\/magazine365\\\/#organization\",\"name\":\"El digital de Asturias\",\"description\":\"Revista de ocio, turismo y estilo de vida\",\"url\":\"https:\\\/\\\/eldigitaldeasturias.com\\\/magazine365\\\/\",\"logo\":{\"@type\":\"ImageObject\",\"url\":\"https:\\\/\\\/www.eldigitaldeasturias.com\\\/noticias\\\/wp-content\\\/uploads\\\/2020\\\/12\\\/EDA.jpg\",\"@id\":\"https:\\\/\\\/eldigitaldeasturias.com\\\/magazine365\\\/nava-castro-realiza-el-primer-viaje-del-tren-do-vino-da-ribeira-sacra\\\/#organizationLogo\"},\"image\":{\"@id\":\"https:\\\/\\\/eldigitaldeasturias.com\\\/magazine365\\\/nava-castro-realiza-el-primer-viaje-del-tren-do-vino-da-ribeira-sacra\\\/#organizationLogo\"}},{\"@type\":\"Person\",\"@id\":\"https:\\\/\\\/eldigitaldeasturias.com\\\/magazine365\\\/author\\\/admin\\\/#author\",\"url\":\"https:\\\/\\\/eldigitaldeasturias.com\\\/magazine365\\\/author\\\/admin\\\/\",\"name\":\"admin\",\"image\":{\"@type\":\"ImageObject\",\"@id\":\"https:\\\/\\\/eldigitaldeasturias.com\\\/magazine365\\\/nava-castro-realiza-el-primer-viaje-del-tren-do-vino-da-ribeira-sacra\\\/#authorImage\",\"url\":\"https:\\\/\\\/eldigitaldeasturias.com\\\/magazine365\\\/wp-content\\\/litespeed\\\/avatar\\\/e571bcf59a0edd6fa6838245a470f2fe.jpg?ver=1776969259\",\"width\":96,\"height\":96,\"caption\":\"admin\"}},{\"@type\":\"WebPage\",\"@id\":\"https:\\\/\\\/eldigitaldeasturias.com\\\/magazine365\\\/nava-castro-realiza-el-primer-viaje-del-tren-do-vino-da-ribeira-sacra\\\/#webpage\",\"url\":\"https:\\\/\\\/eldigitaldeasturias.com\\\/magazine365\\\/nava-castro-realiza-el-primer-viaje-del-tren-do-vino-da-ribeira-sacra\\\/\",\"name\":\"Nava Castro realiza el primer viaje del Tren do Vi\\u00f1o da Ribeira Sacra | El Digital de Asturias\",\"description\":\"La directora de Turismo de Galicia, Nava Castro, ha ensalzado el termalismo como un \\\"sector clave\\\" del turismo gallego y un \\\"referente a nivel estatal\\\", ya que Galicia representa, ha precisado, el \\\"20% de la oferta termal de Espa\\u00f1a\\\" y es la comunidad con \\\"m\\u00e1s balnearios certificados con la Q de calidad tur\\u00edstica\\\". En concreto,\",\"inLanguage\":\"es-ES\",\"isPartOf\":{\"@id\":\"https:\\\/\\\/eldigitaldeasturias.com\\\/magazine365\\\/#website\"},\"breadcrumb\":{\"@id\":\"https:\\\/\\\/eldigitaldeasturias.com\\\/magazine365\\\/nava-castro-realiza-el-primer-viaje-del-tren-do-vino-da-ribeira-sacra\\\/#breadcrumblist\"},\"author\":{\"@id\":\"https:\\\/\\\/eldigitaldeasturias.com\\\/magazine365\\\/author\\\/admin\\\/#author\"},\"creator\":{\"@id\":\"https:\\\/\\\/eldigitaldeasturias.com\\\/magazine365\\\/author\\\/admin\\\/#author\"},\"image\":{\"@type\":\"ImageObject\",\"url\":\"https:\\\/\\\/eldigitaldeasturias.com\\\/magazine365\\\/wp-content\\\/uploads\\\/2016\\\/06\\\/fotonoticia_20160613115512_800.jpg\",\"@id\":\"https:\\\/\\\/eldigitaldeasturias.com\\\/magazine365\\\/nava-castro-realiza-el-primer-viaje-del-tren-do-vino-da-ribeira-sacra\\\/#mainImage\",\"width\":800,\"height\":533},\"primaryImageOfPage\":{\"@id\":\"https:\\\/\\\/eldigitaldeasturias.com\\\/magazine365\\\/nava-castro-realiza-el-primer-viaje-del-tren-do-vino-da-ribeira-sacra\\\/#mainImage\"},\"datePublished\":\"2016-06-13T14:00:19+02:00\",\"dateModified\":\"2016-06-13T14:00:19+02:00\"},{\"@type\":\"WebSite\",\"@id\":\"https:\\\/\\\/eldigitaldeasturias.com\\\/magazine365\\\/#website\",\"url\":\"https:\\\/\\\/eldigitaldeasturias.com\\\/magazine365\\\/\",\"name\":\"El Digital de Asturias\",\"description\":\"Revista de ocio, turismo y estilo de vida\",\"inLanguage\":\"es-ES\",\"publisher\":{\"@id\":\"https:\\\/\\\/eldigitaldeasturias.com\\\/magazine365\\\/#organization\"}}]}\n\t\t<\/script>\n\t\t<!-- All in One SEO Pro -->\r\n\t\t<title>Nava Castro realiza el primer viaje del Tren do Vi\u00f1o da Ribeira Sacra | El Digital de Asturias<\/title>\n\n","aioseo_head_json":{"title":"Nava Castro realiza el primer viaje del Tren do Vi\u00f1o da Ribeira Sacra | El Digital de Asturias","description":"La directora de Turismo de Galicia, Nava Castro, ha ensalzado el termalismo como un \"sector clave\" del turismo gallego y un \"referente a nivel estatal\", ya que Galicia representa, ha precisado, el \"20% de la oferta termal de Espa\u00f1a\" y es la comunidad con \"m\u00e1s balnearios certificados con la Q de calidad tur\u00edstica\". En concreto,","canonical_url":"https:\/\/eldigitaldeasturias.com\/magazine365\/nava-castro-realiza-el-primer-viaje-del-tren-do-vino-da-ribeira-sacra\/","robots":"max-image-preview:large","keywords":"noticias y actualidad","webmasterTools":{"google-site-verification":"UA-38556648-1","miscellaneous":""},"schema":{"@context":"https:\/\/schema.org","@graph":[{"@type":"Article","@id":"https:\/\/eldigitaldeasturias.com\/magazine365\/nava-castro-realiza-el-primer-viaje-del-tren-do-vino-da-ribeira-sacra\/#article","name":"Nava Castro realiza el primer viaje del Tren do Vi\u00f1o da Ribeira Sacra | El Digital de Asturias","headline":"Nava Castro realiza el primer viaje del Tren do Vi\u00f1o da Ribeira Sacra","author":{"@id":"https:\/\/eldigitaldeasturias.com\/magazine365\/author\/admin\/#author"},"publisher":{"@id":"https:\/\/eldigitaldeasturias.com\/magazine365\/#organization"},"image":{"@type":"ImageObject","url":"https:\/\/eldigitaldeasturias.com\/magazine365\/wp-content\/uploads\/2016\/06\/fotonoticia_20160613115512_800.jpg","width":800,"height":533},"datePublished":"2016-06-13T14:00:19+02:00","dateModified":"2016-06-13T14:00:19+02:00","inLanguage":"es-ES","mainEntityOfPage":{"@id":"https:\/\/eldigitaldeasturias.com\/magazine365\/nava-castro-realiza-el-primer-viaje-del-tren-do-vino-da-ribeira-sacra\/#webpage"},"isPartOf":{"@id":"https:\/\/eldigitaldeasturias.com\/magazine365\/nava-castro-realiza-el-primer-viaje-del-tren-do-vino-da-ribeira-sacra\/#webpage"},"articleSection":"Noticias y Actualidad"},{"@type":"BreadcrumbList","@id":"https:\/\/eldigitaldeasturias.com\/magazine365\/nava-castro-realiza-el-primer-viaje-del-tren-do-vino-da-ribeira-sacra\/#breadcrumblist","itemListElement":[{"@type":"ListItem","@id":"https:\/\/eldigitaldeasturias.com\/magazine365#listItem","position":1,"name":"Home","item":"https:\/\/eldigitaldeasturias.com\/magazine365","nextItem":{"@type":"ListItem","@id":"https:\/\/eldigitaldeasturias.com\/magazine365\/category\/noticias-actualidad\/#listItem","name":"Noticias y Actualidad"}},{"@type":"ListItem","@id":"https:\/\/eldigitaldeasturias.com\/magazine365\/category\/noticias-actualidad\/#listItem","position":2,"name":"Noticias y Actualidad","item":"https:\/\/eldigitaldeasturias.com\/magazine365\/category\/noticias-actualidad\/","nextItem":{"@type":"ListItem","@id":"https:\/\/eldigitaldeasturias.com\/magazine365\/nava-castro-realiza-el-primer-viaje-del-tren-do-vino-da-ribeira-sacra\/#listItem","name":"Nava Castro realiza el primer viaje del Tren do Vi\u00f1o da Ribeira Sacra"},"previousItem":{"@type":"ListItem","@id":"https:\/\/eldigitaldeasturias.com\/magazine365#listItem","name":"Home"}},{"@type":"ListItem","@id":"https:\/\/eldigitaldeasturias.com\/magazine365\/nava-castro-realiza-el-primer-viaje-del-tren-do-vino-da-ribeira-sacra\/#listItem","position":3,"name":"Nava Castro realiza el primer viaje del Tren do Vi\u00f1o da Ribeira Sacra","previousItem":{"@type":"ListItem","@id":"https:\/\/eldigitaldeasturias.com\/magazine365\/category\/noticias-actualidad\/#listItem","name":"Noticias y Actualidad"}}]},{"@type":"Organization","@id":"https:\/\/eldigitaldeasturias.com\/magazine365\/#organization","name":"El digital de Asturias","description":"Revista de ocio, turismo y estilo de vida","url":"https:\/\/eldigitaldeasturias.com\/magazine365\/","logo":{"@type":"ImageObject","url":"https:\/\/www.eldigitaldeasturias.com\/noticias\/wp-content\/uploads\/2020\/12\/EDA.jpg","@id":"https:\/\/eldigitaldeasturias.com\/magazine365\/nava-castro-realiza-el-primer-viaje-del-tren-do-vino-da-ribeira-sacra\/#organizationLogo"},"image":{"@id":"https:\/\/eldigitaldeasturias.com\/magazine365\/nava-castro-realiza-el-primer-viaje-del-tren-do-vino-da-ribeira-sacra\/#organizationLogo"}},{"@type":"Person","@id":"https:\/\/eldigitaldeasturias.com\/magazine365\/author\/admin\/#author","url":"https:\/\/eldigitaldeasturias.com\/magazine365\/author\/admin\/","name":"admin","image":{"@type":"ImageObject","@id":"https:\/\/eldigitaldeasturias.com\/magazine365\/nava-castro-realiza-el-primer-viaje-del-tren-do-vino-da-ribeira-sacra\/#authorImage","url":"https:\/\/eldigitaldeasturias.com\/magazine365\/wp-content\/litespeed\/avatar\/e571bcf59a0edd6fa6838245a470f2fe.jpg?ver=1776969259","width":96,"height":96,"caption":"admin"}},{"@type":"WebPage","@id":"https:\/\/eldigitaldeasturias.com\/magazine365\/nava-castro-realiza-el-primer-viaje-del-tren-do-vino-da-ribeira-sacra\/#webpage","url":"https:\/\/eldigitaldeasturias.com\/magazine365\/nava-castro-realiza-el-primer-viaje-del-tren-do-vino-da-ribeira-sacra\/","name":"Nava Castro realiza el primer viaje del Tren do Vi\u00f1o da Ribeira Sacra | El Digital de Asturias","description":"La directora de Turismo de Galicia, Nava Castro, ha ensalzado el termalismo como un \"sector clave\" del turismo gallego y un \"referente a nivel estatal\", ya que Galicia representa, ha precisado, el \"20% de la oferta termal de Espa\u00f1a\" y es la comunidad con \"m\u00e1s balnearios certificados con la Q de calidad tur\u00edstica\". En concreto,","inLanguage":"es-ES","isPartOf":{"@id":"https:\/\/eldigitaldeasturias.com\/magazine365\/#website"},"breadcrumb":{"@id":"https:\/\/eldigitaldeasturias.com\/magazine365\/nava-castro-realiza-el-primer-viaje-del-tren-do-vino-da-ribeira-sacra\/#breadcrumblist"},"author":{"@id":"https:\/\/eldigitaldeasturias.com\/magazine365\/author\/admin\/#author"},"creator":{"@id":"https:\/\/eldigitaldeasturias.com\/magazine365\/author\/admin\/#author"},"image":{"@type":"ImageObject","url":"https:\/\/eldigitaldeasturias.com\/magazine365\/wp-content\/uploads\/2016\/06\/fotonoticia_20160613115512_800.jpg","@id":"https:\/\/eldigitaldeasturias.com\/magazine365\/nava-castro-realiza-el-primer-viaje-del-tren-do-vino-da-ribeira-sacra\/#mainImage","width":800,"height":533},"primaryImageOfPage":{"@id":"https:\/\/eldigitaldeasturias.com\/magazine365\/nava-castro-realiza-el-primer-viaje-del-tren-do-vino-da-ribeira-sacra\/#mainImage"},"datePublished":"2016-06-13T14:00:19+02:00","dateModified":"2016-06-13T14:00:19+02:00"},{"@type":"WebSite","@id":"https:\/\/eldigitaldeasturias.com\/magazine365\/#website","url":"https:\/\/eldigitaldeasturias.com\/magazine365\/","name":"El Digital de Asturias","description":"Revista de ocio, turismo y estilo de vida","inLanguage":"es-ES","publisher":{"@id":"https:\/\/eldigitaldeasturias.com\/magazine365\/#organization"}}]},"og:locale":"es_ES","og:site_name":"El Digital de Asturias \u2013 Revista de ocio, turismo y estilo de vida","og:type":"article","og:title":"Nava Castro realiza el primer viaje del Tren do Vi\u00f1o da Ribeira Sacra | El Digital de Asturias","og:description":"La directora de Turismo de Galicia, Nava Castro, ha ensalzado el termalismo como un &quot;sector clave&quot; del turismo gallego y un &quot;referente a nivel estatal&quot;, ya que Galicia representa, ha precisado, el &quot;20% de la oferta termal de Espa\u00f1a&quot; y es la comunidad con &quot;m\u00e1s balnearios certificados con la Q de calidad tur\u00edstica&quot;. En concreto,","og:url":"https:\/\/eldigitaldeasturias.com\/magazine365\/nava-castro-realiza-el-primer-viaje-del-tren-do-vino-da-ribeira-sacra\/","og:image":"https:\/\/eldigitaldeasturias.com\/magazine365\/wp-content\/uploads\/2016\/06\/fotonoticia_20160613115512_800.jpg","og:image:secure_url":"https:\/\/eldigitaldeasturias.com\/magazine365\/wp-content\/uploads\/2016\/06\/fotonoticia_20160613115512_800.jpg","og:image:width":800,"og:image:height":533,"article:published_time":"2016-06-13T12:00:19+00:00","article:modified_time":"2016-06-13T12:00:19+00:00","twitter:card":"summary_large_image","twitter:title":"Nava Castro realiza el primer viaje del Tren do Vi\u00f1o da Ribeira Sacra | El Digital de Asturias","twitter:description":"La directora de Turismo de Galicia, Nava Castro, ha ensalzado el termalismo como un &quot;sector clave&quot; del turismo gallego y un &quot;referente a nivel estatal&quot;, ya que Galicia representa, ha precisado, el &quot;20% de la oferta termal de Espa\u00f1a&quot; y es la comunidad con &quot;m\u00e1s balnearios certificados con la Q de calidad tur\u00edstica&quot;. En concreto,","twitter:image":"https:\/\/eldigitaldeasturias.com\/magazine365\/wp-content\/uploads\/2016\/06\/fotonoticia_20160613115512_800.jpg"},"aioseo_meta_data":{"post_id":"78925","title":null,"description":null,"keywords":null,"keyphrases":null,"primary_term":null,"canonical_url":null,"og_title":null,"og_description":null,"og_object_type":"default","og_image_type":"default","og_image_url":null,"og_image_width":null,"og_image_height":null,"og_image_custom_url":null,"og_image_custom_fields":null,"og_video":null,"og_custom_url":null,"og_article_section":null,"og_article_tags":null,"twitter_use_og":false,"twitter_card":"default","twitter_image_type":"default","twitter_image_url":null,"twitter_image_custom_url":null,"twitter_image_custom_fields":null,"twitter_title":null,"twitter_description":null,"schema":{"blockGraphs":[],"customGraphs":[],"default":{"data":{"Article":[],"Course":[],"Dataset":[],"FAQPage":[],"Movie":[],"Person":[],"Product":[],"ProductReview":[],"Car":[],"Recipe":[],"Service":[],"SoftwareApplication":[],"WebPage":[]},"graphName":"","isEnabled":true},"graphs":[],"defaultGraph":"","defaultPostTypeGraph":""},"schema_type":null,"schema_type_options":null,"pillar_content":false,"robots_default":true,"robots_noindex":false,"robots_noarchive":false,"robots_nosnippet":false,"robots_nofollow":false,"robots_noimageindex":false,"robots_noodp":false,"robots_notranslate":false,"robots_max_snippet":null,"robots_max_videopreview":null,"robots_max_imagepreview":"large","priority":null,"frequency":null,"location":null,"local_seo":null,"seo_analyzer_scan_date":"2025-09-27 17:52:57","breadcrumb_settings":null,"limit_modified_date":false,"open_ai":null,"ai":null,"created":"2021-03-08 17:55:28","updated":"2025-09-27 17:52:57"},"aioseo_breadcrumb":"<div class=\"aioseo-breadcrumbs\"><span class=\"aioseo-breadcrumb\">\n\t<a href=\"https:\/\/eldigitaldeasturias.com\/magazine365\" title=\"Home\">Home<\/a>\n<\/span><span class=\"aioseo-breadcrumb-separator\">\u2013<\/span><span class=\"aioseo-breadcrumb\">\n\t<a href=\"https:\/\/eldigitaldeasturias.com\/magazine365\/category\/noticias-actualidad\/\" title=\"Noticias y Actualidad\">Noticias y Actualidad<\/a>\n<\/span><span class=\"aioseo-breadcrumb-separator\">\u2013<\/span><span class=\"aioseo-breadcrumb\">\n\t<a href=\"https:\/\/eldigitaldeasturias.com\/magazine365\/nava-castro-realiza-el-primer-viaje-del-tren-do-vino-da-ribeira-sacra\/\" title=\"Nava Castro realiza el primer viaje del Tren do Vi\u00f1o da Ribeira Sacra\">Nava Castro realiza el primer viaje del Tren do Vi\u00f1o da Ribeira Sacra<\/a>\n<\/span><\/div>","aioseo_breadcrumb_json":[{"label":"Home","link":"https:\/\/eldigitaldeasturias.com\/magazine365"},{"label":"Noticias y Actualidad","link":"https:\/\/eldigitaldeasturias.com\/magazine365\/category\/noticias-actualidad\/"},{"label":"Nava Castro realiza el primer viaje del Tren do Vi\u00f1o da Ribeira Sacra","link":"https:\/\/eldigitaldeasturias.com\/magazine365\/nava-castro-realiza-el-primer-viaje-del-tren-do-vino-da-ribeira-sacra\/"}],"_links":{"self":[{"href":"https:\/\/eldigitaldeasturias.com\/magazine365\/wp-json\/wp\/v2\/posts\/78925","targetHints":{"allow":["GET"]}}],"collection":[{"href":"https:\/\/eldigitaldeasturias.com\/magazine365\/wp-json\/wp\/v2\/posts"}],"about":[{"href":"https:\/\/eldigitaldeasturias.com\/magazine365\/wp-json\/wp\/v2\/types\/post"}],"author":[{"embeddable":true,"href":"https:\/\/eldigitaldeasturias.com\/magazine365\/wp-json\/wp\/v2\/users\/1"}],"replies":[{"embeddable":true,"href":"https:\/\/eldigitaldeasturias.com\/magazine365\/wp-json\/wp\/v2\/comments?post=78925"}],"version-history":[{"count":0,"href":"https:\/\/eldigitaldeasturias.com\/magazine365\/wp-json\/wp\/v2\/posts\/78925\/revisions"}],"wp:featuredmedia":[{"embeddable":true,"href":"https:\/\/eldigitaldeasturias.com\/magazine365\/wp-json\/wp\/v2\/media\/78926"}],"wp:attachment":[{"href":"https:\/\/eldigitaldeasturias.com\/magazine365\/wp-json\/wp\/v2\/media?parent=78925"}],"wp:term":[{"taxonomy":"category","embeddable":true,"href":"https:\/\/eldigitaldeasturias.com\/magazine365\/wp-json\/wp\/v2\/categories?post=78925"},{"taxonomy":"post_tag","embeddable":true,"href":"https:\/\/eldigitaldeasturias.com\/magazine365\/wp-json\/wp\/v2\/tags?post=78925"}],"curies":[{"name":"wp","href":"https:\/\/api.w.org\/{rel}","templated":true}]}}