{"id":78914,"date":"2016-06-13T13:55:54","date_gmt":"2016-06-13T11:55:54","guid":{"rendered":"http:\/\/eldigitaldeasturias.com\/magazine365\/?p=78914"},"modified":"2016-06-13T13:55:54","modified_gmt":"2016-06-13T11:55:54","slug":"renfe-mantendra-su-sede-dentro-de-la-comunidad-de-madrid-segun-pastor","status":"publish","type":"post","link":"https:\/\/eldigitaldeasturias.com\/magazine365\/renfe-mantendra-su-sede-dentro-de-la-comunidad-de-madrid-segun-pastor\/","title":{"rendered":"Renfe mantendr\u00e1 su sede dentro de la Comunidad de Madrid, seg\u00fan Pastor"},"content":{"rendered":"<p><img fetchpriority=\"high\" decoding=\"async\" class=\"alignleft size-medium wp-image-78915\" src=\"https:\/\/eldigitaldeasturias.com\/magazine365\/wp-content\/uploads\/2016\/06\/fotonoticia_20160613111431_800-360x240.jpg\" alt=\"fotonoticia_20160613111431_800\" width=\"360\" height=\"240\" srcset=\"https:\/\/eldigitaldeasturias.com\/magazine365\/wp-content\/uploads\/2016\/06\/fotonoticia_20160613111431_800-360x240.jpg 360w, https:\/\/eldigitaldeasturias.com\/magazine365\/wp-content\/uploads\/2016\/06\/fotonoticia_20160613111431_800-650x433.jpg 650w, https:\/\/eldigitaldeasturias.com\/magazine365\/wp-content\/uploads\/2016\/06\/fotonoticia_20160613111431_800-768x512.jpg 768w, https:\/\/eldigitaldeasturias.com\/magazine365\/wp-content\/uploads\/2016\/06\/fotonoticia_20160613111431_800-150x100.jpg 150w, https:\/\/eldigitaldeasturias.com\/magazine365\/wp-content\/uploads\/2016\/06\/fotonoticia_20160613111431_800-450x300.jpg 450w, https:\/\/eldigitaldeasturias.com\/magazine365\/wp-content\/uploads\/2016\/06\/fotonoticia_20160613111431_800-101x66.jpg 101w, https:\/\/eldigitaldeasturias.com\/magazine365\/wp-content\/uploads\/2016\/06\/fotonoticia_20160613111431_800.jpg 800w\" sizes=\"(max-width: 360px) 100vw, 360px\" \/>Renfe seguir\u00e1 teniendo su sede \u00abdentro de la Comunidad de Madrid\u00bb, en caso de que la compa\u00f1\u00eda tenga que cambiar la ubicaci\u00f3n de sus oficinas centrales si finalmente no prospera la denominada Operaci\u00f3n Chamart\u00edn de la capital, seg\u00fan asegur\u00f3 la ministra de Fomento en funciones, Ana Pastor.<\/p>\n<p>\u00abRenfe est\u00e1 en unas instalaciones muy precarias y, si no se da una soluci\u00f3n, tendremos que buscar una ubicaci\u00f3n, desde luego dentro de la Comunidad de Madrid\u00bb, indic\u00f3 Pastor en declaraciones a la Cadena Cope que recoge Europa Press.<\/p>\n<p>La operadora ferroviaria tiene su sede en unos edificios ubicados en un terreno situado en la estaci\u00f3n de Chamart\u00edn, al Norte de la capital, una zona que se incluye entre los suelos que se incluir\u00edan en la operaci\u00f3n urban\u00edstica.<\/p>\n<p>Los planes de la compa\u00f1\u00eda ferroviaria siempre han pasado por trasladarse a un edificio de los que se construyeran en el marco del plan de ampliaci\u00f3n de la Castellana. As\u00ed, si este proyecto, al que el Ayuntamiento de Madrid se opone, finalmente no logra prosperar, Renfe deber\u00eda buscar otra ubicaci\u00f3n para su sede.<\/p>\n<p>Respecto al rechazo del Consistorio madrile\u00f1o al desarrollo de la actualmente denominada Operaci\u00f3n Castellana Norte, la ministra critic\u00f3 el hecho de que al \u00abcargarse\u00bb el proyecto, \u00abcon el voto incre\u00edble del PSOE\u00bb, est\u00e1n evitando que se generen unos 120.000 nuevos puestos de trabajo.<\/p>\n<p>\u00abEsta es la nueva pol\u00edtica, pero no hay nueva ni vieja pol\u00edtica, lo que hay son buenas o malas pol\u00edticas\u00bb, subray\u00f3 Pastor.<\/p>\n<p>La ministra en funciones considera que la Operaci\u00f3n Chamart\u00edn es el \u00abproyecto m\u00e1s importante para el futuro de Madrid para los pr\u00f3ximos veinte a\u00f1os\u00bb.<\/p>\n<p>Por lo que a su Departamento respecta, record\u00f3 la necesidad de \u00abtransformar la estaci\u00f3n de Chamart\u00edn\u00bb. Se trata de un recinto que, por su ubicaci\u00f3n a menos de 20 minutos del aeropuerto de Barajas, \u00abse va a convertir en el &#8216;hub&#8217; m\u00e1s importante de toda Espa\u00f1a, donde van a llegar todos los trenes del Norte que, adem\u00e1s, gracias al t\u00fanel que conectar\u00e1 con Atocha, podr\u00e1n continuar al Sur\u00bb.<\/p>\n<p>\u00abLo que le hemos pedido a la alcaldesa de Madrid (Manuela Carmena) es que todo eso hay que hacerlo, que urge y que tenemos que hacerlo con el proyecto que ya est\u00e1 sobre la mesa, que le cuesta cero euros a los madrile\u00f1os\u00bb, insisti\u00f3 la ministra. No obstante, Pastor considera que \u00abel Ayuntamiento de la capital est\u00e1 empecinado en sacarle dinero v\u00eda impuestos a los madrile\u00f1os.<\/p>\n","protected":false},"excerpt":{"rendered":"<p>Renfe seguir\u00e1 teniendo su sede \u00abdentro de la Comunidad de Madrid\u00bb, en caso de que la compa\u00f1\u00eda tenga que cambiar la ubicaci\u00f3n de sus oficinas centrales si finalmente no prospera la denominada Operaci\u00f3n Chamart\u00edn de la capital, seg\u00fan asegur\u00f3 la ministra de Fomento en funciones, Ana Pastor. \u00abRenfe est\u00e1 en unas instalaciones muy precarias y,<\/p>\n","protected":false},"author":1,"featured_media":78915,"comment_status":"open","ping_status":"closed","sticky":false,"template":"","format":"standard","meta":{"footnotes":""},"categories":[224],"tags":[],"class_list":{"0":"post-78914","1":"post","2":"type-post","3":"status-publish","4":"format-standard","5":"has-post-thumbnail","7":"category-noticias-actualidad"},"aioseo_notices":[],"aioseo_head":"\n\t\t<!-- All in One SEO Pro 4.9.6.1 - aioseo.com -->\n\t<meta name=\"description\" content=\"Renfe seguir\u00e1 teniendo su sede &quot;dentro de la Comunidad de Madrid&quot;, en caso de que la compa\u00f1\u00eda tenga que cambiar la ubicaci\u00f3n de sus oficinas centrales si finalmente no prospera la denominada Operaci\u00f3n Chamart\u00edn de la capital, seg\u00fan asegur\u00f3 la ministra de Fomento en funciones, Ana Pastor. &quot;Renfe est\u00e1 en unas instalaciones muy precarias y,\" \/>\n\t<meta name=\"robots\" content=\"max-image-preview:large\" \/>\n\t<meta name=\"author\" content=\"admin\"\/>\n\t<meta name=\"google-site-verification\" content=\"UA-38556648-1\" \/>\n\t<meta name=\"keywords\" content=\"noticias y actualidad\" \/>\n\t<link rel=\"canonical\" href=\"https:\/\/eldigitaldeasturias.com\/magazine365\/renfe-mantendra-su-sede-dentro-de-la-comunidad-de-madrid-segun-pastor\/\" \/>\n\t<meta name=\"generator\" content=\"All in One SEO Pro (AIOSEO) 4.9.6.1\" \/>\n\t\t<meta property=\"og:locale\" content=\"es_ES\" \/>\n\t\t<meta property=\"og:site_name\" content=\"El Digital de Asturias \u2013 Revista de ocio, turismo y estilo de vida\" \/>\n\t\t<meta property=\"og:type\" content=\"article\" \/>\n\t\t<meta property=\"og:title\" content=\"Renfe mantendr\u00e1 su sede dentro de la Comunidad de Madrid, seg\u00fan Pastor | El Digital de Asturias\" \/>\n\t\t<meta property=\"og:description\" content=\"Renfe seguir\u00e1 teniendo su sede &quot;dentro de la Comunidad de Madrid&quot;, en caso de que la compa\u00f1\u00eda tenga que cambiar la ubicaci\u00f3n de sus oficinas centrales si finalmente no prospera la denominada Operaci\u00f3n Chamart\u00edn de la capital, seg\u00fan asegur\u00f3 la ministra de Fomento en funciones, Ana Pastor. &quot;Renfe est\u00e1 en unas instalaciones muy precarias y,\" \/>\n\t\t<meta property=\"og:url\" content=\"https:\/\/eldigitaldeasturias.com\/magazine365\/renfe-mantendra-su-sede-dentro-de-la-comunidad-de-madrid-segun-pastor\/\" \/>\n\t\t<meta property=\"og:image\" content=\"https:\/\/eldigitaldeasturias.com\/magazine365\/wp-content\/uploads\/2016\/06\/fotonoticia_20160613111431_800.jpg\" \/>\n\t\t<meta property=\"og:image:secure_url\" content=\"https:\/\/eldigitaldeasturias.com\/magazine365\/wp-content\/uploads\/2016\/06\/fotonoticia_20160613111431_800.jpg\" \/>\n\t\t<meta property=\"og:image:width\" content=\"800\" \/>\n\t\t<meta property=\"og:image:height\" content=\"533\" \/>\n\t\t<meta property=\"article:published_time\" content=\"2016-06-13T11:55:54+00:00\" \/>\n\t\t<meta property=\"article:modified_time\" content=\"2016-06-13T11:55:54+00:00\" \/>\n\t\t<meta name=\"twitter:card\" content=\"summary_large_image\" \/>\n\t\t<meta name=\"twitter:title\" content=\"Renfe mantendr\u00e1 su sede dentro de la Comunidad de Madrid, seg\u00fan Pastor | El Digital de Asturias\" \/>\n\t\t<meta name=\"twitter:description\" content=\"Renfe seguir\u00e1 teniendo su sede &quot;dentro de la Comunidad de Madrid&quot;, en caso de que la compa\u00f1\u00eda tenga que cambiar la ubicaci\u00f3n de sus oficinas centrales si finalmente no prospera la denominada Operaci\u00f3n Chamart\u00edn de la capital, seg\u00fan asegur\u00f3 la ministra de Fomento en funciones, Ana Pastor. &quot;Renfe est\u00e1 en unas instalaciones muy precarias y,\" \/>\n\t\t<meta name=\"twitter:image\" content=\"https:\/\/eldigitaldeasturias.com\/magazine365\/wp-content\/uploads\/2016\/06\/fotonoticia_20160613111431_800.jpg\" \/>\n\t\t<script type=\"application\/ld+json\" class=\"aioseo-schema\">\n\t\t\t{\"@context\":\"https:\\\/\\\/schema.org\",\"@graph\":[{\"@type\":\"Article\",\"@id\":\"https:\\\/\\\/eldigitaldeasturias.com\\\/magazine365\\\/renfe-mantendra-su-sede-dentro-de-la-comunidad-de-madrid-segun-pastor\\\/#article\",\"name\":\"Renfe mantendr\\u00e1 su sede dentro de la Comunidad de Madrid, seg\\u00fan Pastor | El Digital de Asturias\",\"headline\":\"Renfe mantendr\\u00e1 su sede dentro de la Comunidad de Madrid, seg\\u00fan Pastor\",\"author\":{\"@id\":\"https:\\\/\\\/eldigitaldeasturias.com\\\/magazine365\\\/author\\\/admin\\\/#author\"},\"publisher\":{\"@id\":\"https:\\\/\\\/eldigitaldeasturias.com\\\/magazine365\\\/#organization\"},\"image\":{\"@type\":\"ImageObject\",\"url\":\"https:\\\/\\\/eldigitaldeasturias.com\\\/magazine365\\\/wp-content\\\/uploads\\\/2016\\\/06\\\/fotonoticia_20160613111431_800.jpg\",\"width\":800,\"height\":533},\"datePublished\":\"2016-06-13T13:55:54+02:00\",\"dateModified\":\"2016-06-13T13:55:54+02:00\",\"inLanguage\":\"es-ES\",\"mainEntityOfPage\":{\"@id\":\"https:\\\/\\\/eldigitaldeasturias.com\\\/magazine365\\\/renfe-mantendra-su-sede-dentro-de-la-comunidad-de-madrid-segun-pastor\\\/#webpage\"},\"isPartOf\":{\"@id\":\"https:\\\/\\\/eldigitaldeasturias.com\\\/magazine365\\\/renfe-mantendra-su-sede-dentro-de-la-comunidad-de-madrid-segun-pastor\\\/#webpage\"},\"articleSection\":\"Noticias y Actualidad\"},{\"@type\":\"BreadcrumbList\",\"@id\":\"https:\\\/\\\/eldigitaldeasturias.com\\\/magazine365\\\/renfe-mantendra-su-sede-dentro-de-la-comunidad-de-madrid-segun-pastor\\\/#breadcrumblist\",\"itemListElement\":[{\"@type\":\"ListItem\",\"@id\":\"https:\\\/\\\/eldigitaldeasturias.com\\\/magazine365#listItem\",\"position\":1,\"name\":\"Home\",\"item\":\"https:\\\/\\\/eldigitaldeasturias.com\\\/magazine365\",\"nextItem\":{\"@type\":\"ListItem\",\"@id\":\"https:\\\/\\\/eldigitaldeasturias.com\\\/magazine365\\\/category\\\/noticias-actualidad\\\/#listItem\",\"name\":\"Noticias y Actualidad\"}},{\"@type\":\"ListItem\",\"@id\":\"https:\\\/\\\/eldigitaldeasturias.com\\\/magazine365\\\/category\\\/noticias-actualidad\\\/#listItem\",\"position\":2,\"name\":\"Noticias y Actualidad\",\"item\":\"https:\\\/\\\/eldigitaldeasturias.com\\\/magazine365\\\/category\\\/noticias-actualidad\\\/\",\"nextItem\":{\"@type\":\"ListItem\",\"@id\":\"https:\\\/\\\/eldigitaldeasturias.com\\\/magazine365\\\/renfe-mantendra-su-sede-dentro-de-la-comunidad-de-madrid-segun-pastor\\\/#listItem\",\"name\":\"Renfe mantendr\\u00e1 su sede dentro de la Comunidad de Madrid, seg\\u00fan Pastor\"},\"previousItem\":{\"@type\":\"ListItem\",\"@id\":\"https:\\\/\\\/eldigitaldeasturias.com\\\/magazine365#listItem\",\"name\":\"Home\"}},{\"@type\":\"ListItem\",\"@id\":\"https:\\\/\\\/eldigitaldeasturias.com\\\/magazine365\\\/renfe-mantendra-su-sede-dentro-de-la-comunidad-de-madrid-segun-pastor\\\/#listItem\",\"position\":3,\"name\":\"Renfe mantendr\\u00e1 su sede dentro de la Comunidad de Madrid, seg\\u00fan Pastor\",\"previousItem\":{\"@type\":\"ListItem\",\"@id\":\"https:\\\/\\\/eldigitaldeasturias.com\\\/magazine365\\\/category\\\/noticias-actualidad\\\/#listItem\",\"name\":\"Noticias y Actualidad\"}}]},{\"@type\":\"Organization\",\"@id\":\"https:\\\/\\\/eldigitaldeasturias.com\\\/magazine365\\\/#organization\",\"name\":\"El digital de Asturias\",\"description\":\"Revista de ocio, turismo y estilo de vida\",\"url\":\"https:\\\/\\\/eldigitaldeasturias.com\\\/magazine365\\\/\",\"logo\":{\"@type\":\"ImageObject\",\"url\":\"https:\\\/\\\/www.eldigitaldeasturias.com\\\/noticias\\\/wp-content\\\/uploads\\\/2020\\\/12\\\/EDA.jpg\",\"@id\":\"https:\\\/\\\/eldigitaldeasturias.com\\\/magazine365\\\/renfe-mantendra-su-sede-dentro-de-la-comunidad-de-madrid-segun-pastor\\\/#organizationLogo\"},\"image\":{\"@id\":\"https:\\\/\\\/eldigitaldeasturias.com\\\/magazine365\\\/renfe-mantendra-su-sede-dentro-de-la-comunidad-de-madrid-segun-pastor\\\/#organizationLogo\"}},{\"@type\":\"Person\",\"@id\":\"https:\\\/\\\/eldigitaldeasturias.com\\\/magazine365\\\/author\\\/admin\\\/#author\",\"url\":\"https:\\\/\\\/eldigitaldeasturias.com\\\/magazine365\\\/author\\\/admin\\\/\",\"name\":\"admin\",\"image\":{\"@type\":\"ImageObject\",\"@id\":\"https:\\\/\\\/eldigitaldeasturias.com\\\/magazine365\\\/renfe-mantendra-su-sede-dentro-de-la-comunidad-de-madrid-segun-pastor\\\/#authorImage\",\"url\":\"https:\\\/\\\/eldigitaldeasturias.com\\\/magazine365\\\/wp-content\\\/litespeed\\\/avatar\\\/e571bcf59a0edd6fa6838245a470f2fe.jpg?ver=1776969259\",\"width\":96,\"height\":96,\"caption\":\"admin\"}},{\"@type\":\"WebPage\",\"@id\":\"https:\\\/\\\/eldigitaldeasturias.com\\\/magazine365\\\/renfe-mantendra-su-sede-dentro-de-la-comunidad-de-madrid-segun-pastor\\\/#webpage\",\"url\":\"https:\\\/\\\/eldigitaldeasturias.com\\\/magazine365\\\/renfe-mantendra-su-sede-dentro-de-la-comunidad-de-madrid-segun-pastor\\\/\",\"name\":\"Renfe mantendr\\u00e1 su sede dentro de la Comunidad de Madrid, seg\\u00fan Pastor | El Digital de Asturias\",\"description\":\"Renfe seguir\\u00e1 teniendo su sede \\\"dentro de la Comunidad de Madrid\\\", en caso de que la compa\\u00f1\\u00eda tenga que cambiar la ubicaci\\u00f3n de sus oficinas centrales si finalmente no prospera la denominada Operaci\\u00f3n Chamart\\u00edn de la capital, seg\\u00fan asegur\\u00f3 la ministra de Fomento en funciones, Ana Pastor. \\\"Renfe est\\u00e1 en unas instalaciones muy precarias y,\",\"inLanguage\":\"es-ES\",\"isPartOf\":{\"@id\":\"https:\\\/\\\/eldigitaldeasturias.com\\\/magazine365\\\/#website\"},\"breadcrumb\":{\"@id\":\"https:\\\/\\\/eldigitaldeasturias.com\\\/magazine365\\\/renfe-mantendra-su-sede-dentro-de-la-comunidad-de-madrid-segun-pastor\\\/#breadcrumblist\"},\"author\":{\"@id\":\"https:\\\/\\\/eldigitaldeasturias.com\\\/magazine365\\\/author\\\/admin\\\/#author\"},\"creator\":{\"@id\":\"https:\\\/\\\/eldigitaldeasturias.com\\\/magazine365\\\/author\\\/admin\\\/#author\"},\"image\":{\"@type\":\"ImageObject\",\"url\":\"https:\\\/\\\/eldigitaldeasturias.com\\\/magazine365\\\/wp-content\\\/uploads\\\/2016\\\/06\\\/fotonoticia_20160613111431_800.jpg\",\"@id\":\"https:\\\/\\\/eldigitaldeasturias.com\\\/magazine365\\\/renfe-mantendra-su-sede-dentro-de-la-comunidad-de-madrid-segun-pastor\\\/#mainImage\",\"width\":800,\"height\":533},\"primaryImageOfPage\":{\"@id\":\"https:\\\/\\\/eldigitaldeasturias.com\\\/magazine365\\\/renfe-mantendra-su-sede-dentro-de-la-comunidad-de-madrid-segun-pastor\\\/#mainImage\"},\"datePublished\":\"2016-06-13T13:55:54+02:00\",\"dateModified\":\"2016-06-13T13:55:54+02:00\"},{\"@type\":\"WebSite\",\"@id\":\"https:\\\/\\\/eldigitaldeasturias.com\\\/magazine365\\\/#website\",\"url\":\"https:\\\/\\\/eldigitaldeasturias.com\\\/magazine365\\\/\",\"name\":\"El Digital de Asturias\",\"description\":\"Revista de ocio, turismo y estilo de vida\",\"inLanguage\":\"es-ES\",\"publisher\":{\"@id\":\"https:\\\/\\\/eldigitaldeasturias.com\\\/magazine365\\\/#organization\"}}]}\n\t\t<\/script>\n\t\t<!-- All in One SEO Pro -->\r\n\t\t<title>Renfe mantendr\u00e1 su sede dentro de la Comunidad de Madrid, seg\u00fan Pastor | El Digital de Asturias<\/title>\n\n","aioseo_head_json":{"title":"Renfe mantendr\u00e1 su sede dentro de la Comunidad de Madrid, seg\u00fan Pastor | El Digital de Asturias","description":"Renfe seguir\u00e1 teniendo su sede \"dentro de la Comunidad de Madrid\", en caso de que la compa\u00f1\u00eda tenga que cambiar la ubicaci\u00f3n de sus oficinas centrales si finalmente no prospera la denominada Operaci\u00f3n Chamart\u00edn de la capital, seg\u00fan asegur\u00f3 la ministra de Fomento en funciones, Ana Pastor. \"Renfe est\u00e1 en unas instalaciones muy precarias y,","canonical_url":"https:\/\/eldigitaldeasturias.com\/magazine365\/renfe-mantendra-su-sede-dentro-de-la-comunidad-de-madrid-segun-pastor\/","robots":"max-image-preview:large","keywords":"noticias y actualidad","webmasterTools":{"google-site-verification":"UA-38556648-1","miscellaneous":""},"schema":{"@context":"https:\/\/schema.org","@graph":[{"@type":"Article","@id":"https:\/\/eldigitaldeasturias.com\/magazine365\/renfe-mantendra-su-sede-dentro-de-la-comunidad-de-madrid-segun-pastor\/#article","name":"Renfe mantendr\u00e1 su sede dentro de la Comunidad de Madrid, seg\u00fan Pastor | El Digital de Asturias","headline":"Renfe mantendr\u00e1 su sede dentro de la Comunidad de Madrid, seg\u00fan Pastor","author":{"@id":"https:\/\/eldigitaldeasturias.com\/magazine365\/author\/admin\/#author"},"publisher":{"@id":"https:\/\/eldigitaldeasturias.com\/magazine365\/#organization"},"image":{"@type":"ImageObject","url":"https:\/\/eldigitaldeasturias.com\/magazine365\/wp-content\/uploads\/2016\/06\/fotonoticia_20160613111431_800.jpg","width":800,"height":533},"datePublished":"2016-06-13T13:55:54+02:00","dateModified":"2016-06-13T13:55:54+02:00","inLanguage":"es-ES","mainEntityOfPage":{"@id":"https:\/\/eldigitaldeasturias.com\/magazine365\/renfe-mantendra-su-sede-dentro-de-la-comunidad-de-madrid-segun-pastor\/#webpage"},"isPartOf":{"@id":"https:\/\/eldigitaldeasturias.com\/magazine365\/renfe-mantendra-su-sede-dentro-de-la-comunidad-de-madrid-segun-pastor\/#webpage"},"articleSection":"Noticias y Actualidad"},{"@type":"BreadcrumbList","@id":"https:\/\/eldigitaldeasturias.com\/magazine365\/renfe-mantendra-su-sede-dentro-de-la-comunidad-de-madrid-segun-pastor\/#breadcrumblist","itemListElement":[{"@type":"ListItem","@id":"https:\/\/eldigitaldeasturias.com\/magazine365#listItem","position":1,"name":"Home","item":"https:\/\/eldigitaldeasturias.com\/magazine365","nextItem":{"@type":"ListItem","@id":"https:\/\/eldigitaldeasturias.com\/magazine365\/category\/noticias-actualidad\/#listItem","name":"Noticias y Actualidad"}},{"@type":"ListItem","@id":"https:\/\/eldigitaldeasturias.com\/magazine365\/category\/noticias-actualidad\/#listItem","position":2,"name":"Noticias y Actualidad","item":"https:\/\/eldigitaldeasturias.com\/magazine365\/category\/noticias-actualidad\/","nextItem":{"@type":"ListItem","@id":"https:\/\/eldigitaldeasturias.com\/magazine365\/renfe-mantendra-su-sede-dentro-de-la-comunidad-de-madrid-segun-pastor\/#listItem","name":"Renfe mantendr\u00e1 su sede dentro de la Comunidad de Madrid, seg\u00fan Pastor"},"previousItem":{"@type":"ListItem","@id":"https:\/\/eldigitaldeasturias.com\/magazine365#listItem","name":"Home"}},{"@type":"ListItem","@id":"https:\/\/eldigitaldeasturias.com\/magazine365\/renfe-mantendra-su-sede-dentro-de-la-comunidad-de-madrid-segun-pastor\/#listItem","position":3,"name":"Renfe mantendr\u00e1 su sede dentro de la Comunidad de Madrid, seg\u00fan Pastor","previousItem":{"@type":"ListItem","@id":"https:\/\/eldigitaldeasturias.com\/magazine365\/category\/noticias-actualidad\/#listItem","name":"Noticias y Actualidad"}}]},{"@type":"Organization","@id":"https:\/\/eldigitaldeasturias.com\/magazine365\/#organization","name":"El digital de Asturias","description":"Revista de ocio, turismo y estilo de vida","url":"https:\/\/eldigitaldeasturias.com\/magazine365\/","logo":{"@type":"ImageObject","url":"https:\/\/www.eldigitaldeasturias.com\/noticias\/wp-content\/uploads\/2020\/12\/EDA.jpg","@id":"https:\/\/eldigitaldeasturias.com\/magazine365\/renfe-mantendra-su-sede-dentro-de-la-comunidad-de-madrid-segun-pastor\/#organizationLogo"},"image":{"@id":"https:\/\/eldigitaldeasturias.com\/magazine365\/renfe-mantendra-su-sede-dentro-de-la-comunidad-de-madrid-segun-pastor\/#organizationLogo"}},{"@type":"Person","@id":"https:\/\/eldigitaldeasturias.com\/magazine365\/author\/admin\/#author","url":"https:\/\/eldigitaldeasturias.com\/magazine365\/author\/admin\/","name":"admin","image":{"@type":"ImageObject","@id":"https:\/\/eldigitaldeasturias.com\/magazine365\/renfe-mantendra-su-sede-dentro-de-la-comunidad-de-madrid-segun-pastor\/#authorImage","url":"https:\/\/eldigitaldeasturias.com\/magazine365\/wp-content\/litespeed\/avatar\/e571bcf59a0edd6fa6838245a470f2fe.jpg?ver=1776969259","width":96,"height":96,"caption":"admin"}},{"@type":"WebPage","@id":"https:\/\/eldigitaldeasturias.com\/magazine365\/renfe-mantendra-su-sede-dentro-de-la-comunidad-de-madrid-segun-pastor\/#webpage","url":"https:\/\/eldigitaldeasturias.com\/magazine365\/renfe-mantendra-su-sede-dentro-de-la-comunidad-de-madrid-segun-pastor\/","name":"Renfe mantendr\u00e1 su sede dentro de la Comunidad de Madrid, seg\u00fan Pastor | El Digital de Asturias","description":"Renfe seguir\u00e1 teniendo su sede \"dentro de la Comunidad de Madrid\", en caso de que la compa\u00f1\u00eda tenga que cambiar la ubicaci\u00f3n de sus oficinas centrales si finalmente no prospera la denominada Operaci\u00f3n Chamart\u00edn de la capital, seg\u00fan asegur\u00f3 la ministra de Fomento en funciones, Ana Pastor. \"Renfe est\u00e1 en unas instalaciones muy precarias y,","inLanguage":"es-ES","isPartOf":{"@id":"https:\/\/eldigitaldeasturias.com\/magazine365\/#website"},"breadcrumb":{"@id":"https:\/\/eldigitaldeasturias.com\/magazine365\/renfe-mantendra-su-sede-dentro-de-la-comunidad-de-madrid-segun-pastor\/#breadcrumblist"},"author":{"@id":"https:\/\/eldigitaldeasturias.com\/magazine365\/author\/admin\/#author"},"creator":{"@id":"https:\/\/eldigitaldeasturias.com\/magazine365\/author\/admin\/#author"},"image":{"@type":"ImageObject","url":"https:\/\/eldigitaldeasturias.com\/magazine365\/wp-content\/uploads\/2016\/06\/fotonoticia_20160613111431_800.jpg","@id":"https:\/\/eldigitaldeasturias.com\/magazine365\/renfe-mantendra-su-sede-dentro-de-la-comunidad-de-madrid-segun-pastor\/#mainImage","width":800,"height":533},"primaryImageOfPage":{"@id":"https:\/\/eldigitaldeasturias.com\/magazine365\/renfe-mantendra-su-sede-dentro-de-la-comunidad-de-madrid-segun-pastor\/#mainImage"},"datePublished":"2016-06-13T13:55:54+02:00","dateModified":"2016-06-13T13:55:54+02:00"},{"@type":"WebSite","@id":"https:\/\/eldigitaldeasturias.com\/magazine365\/#website","url":"https:\/\/eldigitaldeasturias.com\/magazine365\/","name":"El Digital de Asturias","description":"Revista de ocio, turismo y estilo de vida","inLanguage":"es-ES","publisher":{"@id":"https:\/\/eldigitaldeasturias.com\/magazine365\/#organization"}}]},"og:locale":"es_ES","og:site_name":"El Digital de Asturias \u2013 Revista de ocio, turismo y estilo de vida","og:type":"article","og:title":"Renfe mantendr\u00e1 su sede dentro de la Comunidad de Madrid, seg\u00fan Pastor | El Digital de Asturias","og:description":"Renfe seguir\u00e1 teniendo su sede &quot;dentro de la Comunidad de Madrid&quot;, en caso de que la compa\u00f1\u00eda tenga que cambiar la ubicaci\u00f3n de sus oficinas centrales si finalmente no prospera la denominada Operaci\u00f3n Chamart\u00edn de la capital, seg\u00fan asegur\u00f3 la ministra de Fomento en funciones, Ana Pastor. &quot;Renfe est\u00e1 en unas instalaciones muy precarias y,","og:url":"https:\/\/eldigitaldeasturias.com\/magazine365\/renfe-mantendra-su-sede-dentro-de-la-comunidad-de-madrid-segun-pastor\/","og:image":"https:\/\/eldigitaldeasturias.com\/magazine365\/wp-content\/uploads\/2016\/06\/fotonoticia_20160613111431_800.jpg","og:image:secure_url":"https:\/\/eldigitaldeasturias.com\/magazine365\/wp-content\/uploads\/2016\/06\/fotonoticia_20160613111431_800.jpg","og:image:width":800,"og:image:height":533,"article:published_time":"2016-06-13T11:55:54+00:00","article:modified_time":"2016-06-13T11:55:54+00:00","twitter:card":"summary_large_image","twitter:title":"Renfe mantendr\u00e1 su sede dentro de la Comunidad de Madrid, seg\u00fan Pastor | El Digital de Asturias","twitter:description":"Renfe seguir\u00e1 teniendo su sede &quot;dentro de la Comunidad de Madrid&quot;, en caso de que la compa\u00f1\u00eda tenga que cambiar la ubicaci\u00f3n de sus oficinas centrales si finalmente no prospera la denominada Operaci\u00f3n Chamart\u00edn de la capital, seg\u00fan asegur\u00f3 la ministra de Fomento en funciones, Ana Pastor. &quot;Renfe est\u00e1 en unas instalaciones muy precarias y,","twitter:image":"https:\/\/eldigitaldeasturias.com\/magazine365\/wp-content\/uploads\/2016\/06\/fotonoticia_20160613111431_800.jpg"},"aioseo_meta_data":{"post_id":"78914","title":null,"description":null,"keywords":null,"keyphrases":null,"primary_term":null,"canonical_url":null,"og_title":null,"og_description":null,"og_object_type":"default","og_image_type":"default","og_image_url":null,"og_image_width":null,"og_image_height":null,"og_image_custom_url":null,"og_image_custom_fields":null,"og_video":null,"og_custom_url":null,"og_article_section":null,"og_article_tags":null,"twitter_use_og":false,"twitter_card":"default","twitter_image_type":"default","twitter_image_url":null,"twitter_image_custom_url":null,"twitter_image_custom_fields":null,"twitter_title":null,"twitter_description":null,"schema":{"blockGraphs":[],"customGraphs":[],"default":{"data":{"Article":[],"Course":[],"Dataset":[],"FAQPage":[],"Movie":[],"Person":[],"Product":[],"ProductReview":[],"Car":[],"Recipe":[],"Service":[],"SoftwareApplication":[],"WebPage":[]},"graphName":"","isEnabled":true},"graphs":[]},"schema_type":null,"schema_type_options":null,"pillar_content":false,"robots_default":true,"robots_noindex":false,"robots_noarchive":false,"robots_nosnippet":false,"robots_nofollow":false,"robots_noimageindex":false,"robots_noodp":false,"robots_notranslate":false,"robots_max_snippet":null,"robots_max_videopreview":null,"robots_max_imagepreview":"large","priority":null,"frequency":null,"location":null,"local_seo":null,"seo_analyzer_scan_date":"2025-09-27 17:51:17","breadcrumb_settings":null,"limit_modified_date":false,"open_ai":null,"ai":null,"created":"2021-03-08 17:55:28","updated":"2025-09-27 17:51:17"},"aioseo_breadcrumb":"<div class=\"aioseo-breadcrumbs\"><span class=\"aioseo-breadcrumb\">\n\t<a href=\"https:\/\/eldigitaldeasturias.com\/magazine365\" title=\"Home\">Home<\/a>\n<\/span><span class=\"aioseo-breadcrumb-separator\">\u2013<\/span><span class=\"aioseo-breadcrumb\">\n\t<a href=\"https:\/\/eldigitaldeasturias.com\/magazine365\/category\/noticias-actualidad\/\" title=\"Noticias y Actualidad\">Noticias y Actualidad<\/a>\n<\/span><span class=\"aioseo-breadcrumb-separator\">\u2013<\/span><span class=\"aioseo-breadcrumb\">\n\t<a href=\"https:\/\/eldigitaldeasturias.com\/magazine365\/renfe-mantendra-su-sede-dentro-de-la-comunidad-de-madrid-segun-pastor\/\" title=\"Renfe mantendr\u00e1 su sede dentro de la Comunidad de Madrid, seg\u00fan Pastor\">Renfe mantendr\u00e1 su sede dentro de la Comunidad de Madrid, seg\u00fan Pastor<\/a>\n<\/span><\/div>","aioseo_breadcrumb_json":[{"label":"Home","link":"https:\/\/eldigitaldeasturias.com\/magazine365"},{"label":"Noticias y Actualidad","link":"https:\/\/eldigitaldeasturias.com\/magazine365\/category\/noticias-actualidad\/"},{"label":"Renfe mantendr\u00e1 su sede dentro de la Comunidad de Madrid, seg\u00fan Pastor","link":"https:\/\/eldigitaldeasturias.com\/magazine365\/renfe-mantendra-su-sede-dentro-de-la-comunidad-de-madrid-segun-pastor\/"}],"_links":{"self":[{"href":"https:\/\/eldigitaldeasturias.com\/magazine365\/wp-json\/wp\/v2\/posts\/78914","targetHints":{"allow":["GET"]}}],"collection":[{"href":"https:\/\/eldigitaldeasturias.com\/magazine365\/wp-json\/wp\/v2\/posts"}],"about":[{"href":"https:\/\/eldigitaldeasturias.com\/magazine365\/wp-json\/wp\/v2\/types\/post"}],"author":[{"embeddable":true,"href":"https:\/\/eldigitaldeasturias.com\/magazine365\/wp-json\/wp\/v2\/users\/1"}],"replies":[{"embeddable":true,"href":"https:\/\/eldigitaldeasturias.com\/magazine365\/wp-json\/wp\/v2\/comments?post=78914"}],"version-history":[{"count":0,"href":"https:\/\/eldigitaldeasturias.com\/magazine365\/wp-json\/wp\/v2\/posts\/78914\/revisions"}],"wp:featuredmedia":[{"embeddable":true,"href":"https:\/\/eldigitaldeasturias.com\/magazine365\/wp-json\/wp\/v2\/media\/78915"}],"wp:attachment":[{"href":"https:\/\/eldigitaldeasturias.com\/magazine365\/wp-json\/wp\/v2\/media?parent=78914"}],"wp:term":[{"taxonomy":"category","embeddable":true,"href":"https:\/\/eldigitaldeasturias.com\/magazine365\/wp-json\/wp\/v2\/categories?post=78914"},{"taxonomy":"post_tag","embeddable":true,"href":"https:\/\/eldigitaldeasturias.com\/magazine365\/wp-json\/wp\/v2\/tags?post=78914"}],"curies":[{"name":"wp","href":"https:\/\/api.w.org\/{rel}","templated":true}]}}