{"id":78902,"date":"2016-06-13T13:50:51","date_gmt":"2016-06-13T11:50:51","guid":{"rendered":"http:\/\/eldigitaldeasturias.com\/magazine365\/?p=78902"},"modified":"2016-06-13T13:50:51","modified_gmt":"2016-06-13T11:50:51","slug":"renfe-cifra-en-338-200-los-viajeros-afectados-por-los-dos-dias-de-huelga-de-maquinistas","status":"publish","type":"post","link":"https:\/\/eldigitaldeasturias.com\/magazine365\/renfe-cifra-en-338-200-los-viajeros-afectados-por-los-dos-dias-de-huelga-de-maquinistas\/","title":{"rendered":"Renfe cifra en 338.200 los viajeros afectados por los dos d\u00edas de huelga de maquinistas"},"content":{"rendered":"<p><img fetchpriority=\"high\" decoding=\"async\" class=\"alignleft size-medium wp-image-78903\" src=\"https:\/\/eldigitaldeasturias.com\/magazine365\/wp-content\/uploads\/2016\/06\/fotonoticia_20160613102955_800-200x300.jpg\" alt=\"fotonoticia_20160613102955_800\" width=\"200\" height=\"300\" srcset=\"https:\/\/eldigitaldeasturias.com\/magazine365\/wp-content\/uploads\/2016\/06\/fotonoticia_20160613102955_800-200x300.jpg 200w, https:\/\/eldigitaldeasturias.com\/magazine365\/wp-content\/uploads\/2016\/06\/fotonoticia_20160613102955_800-427x640.jpg 427w, https:\/\/eldigitaldeasturias.com\/magazine365\/wp-content\/uploads\/2016\/06\/fotonoticia_20160613102955_800-768x1152.jpg 768w, https:\/\/eldigitaldeasturias.com\/magazine365\/wp-content\/uploads\/2016\/06\/fotonoticia_20160613102955_800-150x225.jpg 150w, https:\/\/eldigitaldeasturias.com\/magazine365\/wp-content\/uploads\/2016\/06\/fotonoticia_20160613102955_800-450x675.jpg 450w, https:\/\/eldigitaldeasturias.com\/magazine365\/wp-content\/uploads\/2016\/06\/fotonoticia_20160613102955_800.jpg 800w\" sizes=\"(max-width: 200px) 100vw, 200px\" \/>Renfe calcula que 338.242 viajeros se han visto afectados por cancelaciones o retrasos de sus trenes en las dos primeras jornadas de huelga de las cuatro convocadas por el sindicato de maquinistas Semaf, la del viernes d\u00eda 10 y la de este domingo, lo que representa alrededor del 17% del total de dos millones de pasajeros que utilizaron el ferrocarril en estos dos d\u00edas.<\/p>\n<p>En concreto, 62.242 viajeros resultaron afectados por la cancelaci\u00f3n de sus trenes, un total de 287 en las dos jornadas, con lo que la compa\u00f1\u00eda ferroviaria tuvo que trasladarlos en autob\u00fas a su destino.<\/p>\n<p>Otros 276.000 pasajeros registraron distintos retrasos en sus trayectos ferroviarios durante los dos primeros d\u00edas de paro, seg\u00fan detallaron a Europa Press en fuentes de la compa\u00f1\u00eda ferroviaria.<\/p>\n<p>El n\u00famero de viajeros afectados deriva fundamentalmente del incumplimiento de algunos de los trayectos que estaban incluidos en los servicios m\u00ednimos que el Ministerio fij\u00f3 ante los paros, con el fin de compatibilizar el derecho a la huelga con el derecho a la movilidad de los ciudadanos.<\/p>\n<p>Si en la jornada del viernes los incumplimientos se registraron fundamentalmente en los servicios de Cercan\u00edas, en caso de este domingo tuvieron mayor impacto en los trenes de Larga Distancia, los m\u00e1s utilizados en el \u00faltimo d\u00eda de fin de semana.<\/p>\n<p>En concreto, los incumplimientos de m\u00ednimos se registraron en trenes de la l\u00ednea que une Madrid y Galicia, en las conexiones con Palencia y Santander y en el Corredor Mediterr\u00e1neo, y fundamentalmente en trenes con horario de tarde, seg\u00fan explicaron en fuentes de la operadora.<\/p>\n<p>Durante la ma\u00f1ana del domingo tambi\u00e9n se suspendieron una quincena de trenes de las Cercan\u00edas de Valencia y unos siete de las de Madrid.<\/p>\n<p>Los servicios m\u00ednimos fijados por Fomento establecen la circulaci\u00f3n del 72% de los trenes AVE y Larga Distancia, el 65% de los de Media Distancia (regionales) y el 50% de los Cercan\u00edas (el 75% en hora punta).<\/p>\n<p>A pesar de estos datos de incidencia, la segunda jornada de paros se desarroll\u00f3 con \u00abnormalidad y tranquilidad\u00bb, seg\u00fan coincidieron en se\u00f1alar tanto fuentes de Renfe como el sindicato de maquinistas, que no obstante discrepan sobre el grado de seguimiento de la huelga.<\/p>\n<p>SEGUIMIENTO<\/p>\n<p>As\u00ed, Semaf asegura que es del 100%, ya que \u00abhan secundado el paro todos los maquinistas que han podido hacer huelga, por no estar incluidos ni en carta de m\u00ednimos, ni de baja ni de vacaciones. Renfe lo cifra en un 6%, si bien la compa\u00f1\u00eda obtiene este porcentaje comparando el n\u00famero de maquinistas en huelga con el total del colectivo.<\/p>\n<p>Semaf rechaza que se est\u00e9n incumpliendo los servicios m\u00ednimos, al asegurar que los maquinistas est\u00e1n \u00abaceptando todas las cartas de servicios m\u00ednimos que est\u00e1n bien confeccionadas\u00bb, esto es, siempre que no les lleguen estando de baja, de descanso o en otro turno, seg\u00fan detallaron a Europa Press en fuentes del sindicato.<\/p>\n<p>La convocatoria de paros de este colectivo contempla otras dos jornadas de huelga, una para este martes, 14 de junio, y otra para el jueves d\u00eda 16. En el caso de Madrid, coincidir\u00e1n con los paros parciales previstos en el metro.<\/p>\n<p>MOTIVO DEL PARO<\/p>\n<p>Con estas huelgas, Semaf denuncia la demora que, seg\u00fan asegura, Renfe acumula a la hora de en poner en marcha distintas medidas acordadas con los sindicatos, como es el plan de empleo que habilita un sistema de salidas voluntarias de trabajadores de la empresa ligadas a nuevas incorporaciones. Tambi\u00e9n protestan por la situaci\u00f3n del negocio de mercanc\u00edas y por la disminuci\u00f3n de servicios de v\u00eda estrecha heredados de la extinta Feve.<\/p>\n<p>No obstante, fuentes de Renfe se\u00f1alan que el objetivo \u00faltimo de los maquinistas con la huelga es determinar el sistema por que el deben incorporarse a la compa\u00f1\u00eda los nuevos conductores, algo que, seg\u00fan aseguran, debe realizarse por concurso p\u00fablico por tratarse de una empresa estatal.<\/p>\n<p>La operadora asegura que el plan de empleo est\u00e1 ya en marcha, tiene un coste de 32 millones de euros y supondr\u00e1 que este a\u00f1o sea \u00abuno de los que m\u00e1s empleo\u00bb se genere en Renfe en toda su historia.<\/p>\n","protected":false},"excerpt":{"rendered":"<p>Renfe calcula que 338.242 viajeros se han visto afectados por cancelaciones o retrasos de sus trenes en las dos primeras jornadas de huelga de las cuatro convocadas por el sindicato de maquinistas Semaf, la del viernes d\u00eda 10 y la de este domingo, lo que representa alrededor del 17% del total de dos millones de<\/p>\n","protected":false},"author":1,"featured_media":78903,"comment_status":"open","ping_status":"closed","sticky":false,"template":"","format":"standard","meta":{"footnotes":""},"categories":[224],"tags":[],"class_list":{"0":"post-78902","1":"post","2":"type-post","3":"status-publish","4":"format-standard","5":"has-post-thumbnail","7":"category-noticias-actualidad"},"aioseo_notices":[],"aioseo_head":"\n\t\t<!-- All in One SEO Pro 4.9.6.1 - aioseo.com -->\n\t<meta name=\"description\" content=\"Renfe calcula que 338.242 viajeros se han visto afectados por cancelaciones o retrasos de sus trenes en las dos primeras jornadas de huelga de las cuatro convocadas por el sindicato de maquinistas Semaf, la del viernes d\u00eda 10 y la de este domingo, lo que representa alrededor del 17% del total de dos millones de\" \/>\n\t<meta name=\"robots\" content=\"max-image-preview:large\" \/>\n\t<meta name=\"author\" content=\"admin\"\/>\n\t<meta name=\"google-site-verification\" content=\"UA-38556648-1\" \/>\n\t<meta name=\"keywords\" content=\"noticias y actualidad\" \/>\n\t<link rel=\"canonical\" href=\"https:\/\/eldigitaldeasturias.com\/magazine365\/renfe-cifra-en-338-200-los-viajeros-afectados-por-los-dos-dias-de-huelga-de-maquinistas\/\" \/>\n\t<meta name=\"generator\" content=\"All in One SEO Pro (AIOSEO) 4.9.6.1\" \/>\n\t\t<meta property=\"og:locale\" content=\"es_ES\" \/>\n\t\t<meta property=\"og:site_name\" content=\"El Digital de Asturias \u2013 Revista de ocio, turismo y estilo de vida\" \/>\n\t\t<meta property=\"og:type\" content=\"article\" \/>\n\t\t<meta property=\"og:title\" content=\"Renfe cifra en 338.200 los viajeros afectados por los dos d\u00edas de huelga de maquinistas | El Digital de Asturias\" \/>\n\t\t<meta property=\"og:description\" content=\"Renfe calcula que 338.242 viajeros se han visto afectados por cancelaciones o retrasos de sus trenes en las dos primeras jornadas de huelga de las cuatro convocadas por el sindicato de maquinistas Semaf, la del viernes d\u00eda 10 y la de este domingo, lo que representa alrededor del 17% del total de dos millones de\" \/>\n\t\t<meta property=\"og:url\" content=\"https:\/\/eldigitaldeasturias.com\/magazine365\/renfe-cifra-en-338-200-los-viajeros-afectados-por-los-dos-dias-de-huelga-de-maquinistas\/\" \/>\n\t\t<meta property=\"og:image\" content=\"https:\/\/eldigitaldeasturias.com\/magazine365\/wp-content\/uploads\/2016\/06\/fotonoticia_20160613102955_800.jpg\" \/>\n\t\t<meta property=\"og:image:secure_url\" content=\"https:\/\/eldigitaldeasturias.com\/magazine365\/wp-content\/uploads\/2016\/06\/fotonoticia_20160613102955_800.jpg\" \/>\n\t\t<meta property=\"og:image:width\" content=\"800\" \/>\n\t\t<meta property=\"og:image:height\" content=\"1200\" \/>\n\t\t<meta property=\"article:published_time\" content=\"2016-06-13T11:50:51+00:00\" \/>\n\t\t<meta property=\"article:modified_time\" content=\"2016-06-13T11:50:51+00:00\" \/>\n\t\t<meta name=\"twitter:card\" content=\"summary_large_image\" \/>\n\t\t<meta name=\"twitter:title\" content=\"Renfe cifra en 338.200 los viajeros afectados por los dos d\u00edas de huelga de maquinistas | El Digital de Asturias\" \/>\n\t\t<meta name=\"twitter:description\" content=\"Renfe calcula que 338.242 viajeros se han visto afectados por cancelaciones o retrasos de sus trenes en las dos primeras jornadas de huelga de las cuatro convocadas por el sindicato de maquinistas Semaf, la del viernes d\u00eda 10 y la de este domingo, lo que representa alrededor del 17% del total de dos millones de\" \/>\n\t\t<meta name=\"twitter:image\" content=\"https:\/\/eldigitaldeasturias.com\/magazine365\/wp-content\/uploads\/2016\/06\/fotonoticia_20160613102955_800.jpg\" \/>\n\t\t<script type=\"application\/ld+json\" class=\"aioseo-schema\">\n\t\t\t{\"@context\":\"https:\\\/\\\/schema.org\",\"@graph\":[{\"@type\":\"Article\",\"@id\":\"https:\\\/\\\/eldigitaldeasturias.com\\\/magazine365\\\/renfe-cifra-en-338-200-los-viajeros-afectados-por-los-dos-dias-de-huelga-de-maquinistas\\\/#article\",\"name\":\"Renfe cifra en 338.200 los viajeros afectados por los dos d\\u00edas de huelga de maquinistas | El Digital de Asturias\",\"headline\":\"Renfe cifra en 338.200 los viajeros afectados por los dos d\\u00edas de huelga de maquinistas\",\"author\":{\"@id\":\"https:\\\/\\\/eldigitaldeasturias.com\\\/magazine365\\\/author\\\/admin\\\/#author\"},\"publisher\":{\"@id\":\"https:\\\/\\\/eldigitaldeasturias.com\\\/magazine365\\\/#organization\"},\"image\":{\"@type\":\"ImageObject\",\"url\":\"https:\\\/\\\/eldigitaldeasturias.com\\\/magazine365\\\/wp-content\\\/uploads\\\/2016\\\/06\\\/fotonoticia_20160613102955_800.jpg\",\"width\":800,\"height\":1200},\"datePublished\":\"2016-06-13T13:50:51+02:00\",\"dateModified\":\"2016-06-13T13:50:51+02:00\",\"inLanguage\":\"es-ES\",\"mainEntityOfPage\":{\"@id\":\"https:\\\/\\\/eldigitaldeasturias.com\\\/magazine365\\\/renfe-cifra-en-338-200-los-viajeros-afectados-por-los-dos-dias-de-huelga-de-maquinistas\\\/#webpage\"},\"isPartOf\":{\"@id\":\"https:\\\/\\\/eldigitaldeasturias.com\\\/magazine365\\\/renfe-cifra-en-338-200-los-viajeros-afectados-por-los-dos-dias-de-huelga-de-maquinistas\\\/#webpage\"},\"articleSection\":\"Noticias y Actualidad\"},{\"@type\":\"BreadcrumbList\",\"@id\":\"https:\\\/\\\/eldigitaldeasturias.com\\\/magazine365\\\/renfe-cifra-en-338-200-los-viajeros-afectados-por-los-dos-dias-de-huelga-de-maquinistas\\\/#breadcrumblist\",\"itemListElement\":[{\"@type\":\"ListItem\",\"@id\":\"https:\\\/\\\/eldigitaldeasturias.com\\\/magazine365#listItem\",\"position\":1,\"name\":\"Home\",\"item\":\"https:\\\/\\\/eldigitaldeasturias.com\\\/magazine365\",\"nextItem\":{\"@type\":\"ListItem\",\"@id\":\"https:\\\/\\\/eldigitaldeasturias.com\\\/magazine365\\\/category\\\/noticias-actualidad\\\/#listItem\",\"name\":\"Noticias y Actualidad\"}},{\"@type\":\"ListItem\",\"@id\":\"https:\\\/\\\/eldigitaldeasturias.com\\\/magazine365\\\/category\\\/noticias-actualidad\\\/#listItem\",\"position\":2,\"name\":\"Noticias y Actualidad\",\"item\":\"https:\\\/\\\/eldigitaldeasturias.com\\\/magazine365\\\/category\\\/noticias-actualidad\\\/\",\"nextItem\":{\"@type\":\"ListItem\",\"@id\":\"https:\\\/\\\/eldigitaldeasturias.com\\\/magazine365\\\/renfe-cifra-en-338-200-los-viajeros-afectados-por-los-dos-dias-de-huelga-de-maquinistas\\\/#listItem\",\"name\":\"Renfe cifra en 338.200 los viajeros afectados por los dos d\\u00edas de huelga de maquinistas\"},\"previousItem\":{\"@type\":\"ListItem\",\"@id\":\"https:\\\/\\\/eldigitaldeasturias.com\\\/magazine365#listItem\",\"name\":\"Home\"}},{\"@type\":\"ListItem\",\"@id\":\"https:\\\/\\\/eldigitaldeasturias.com\\\/magazine365\\\/renfe-cifra-en-338-200-los-viajeros-afectados-por-los-dos-dias-de-huelga-de-maquinistas\\\/#listItem\",\"position\":3,\"name\":\"Renfe cifra en 338.200 los viajeros afectados por los dos d\\u00edas de huelga de maquinistas\",\"previousItem\":{\"@type\":\"ListItem\",\"@id\":\"https:\\\/\\\/eldigitaldeasturias.com\\\/magazine365\\\/category\\\/noticias-actualidad\\\/#listItem\",\"name\":\"Noticias y Actualidad\"}}]},{\"@type\":\"Organization\",\"@id\":\"https:\\\/\\\/eldigitaldeasturias.com\\\/magazine365\\\/#organization\",\"name\":\"El digital de Asturias\",\"description\":\"Revista de ocio, turismo y estilo de vida\",\"url\":\"https:\\\/\\\/eldigitaldeasturias.com\\\/magazine365\\\/\",\"logo\":{\"@type\":\"ImageObject\",\"url\":\"https:\\\/\\\/www.eldigitaldeasturias.com\\\/noticias\\\/wp-content\\\/uploads\\\/2020\\\/12\\\/EDA.jpg\",\"@id\":\"https:\\\/\\\/eldigitaldeasturias.com\\\/magazine365\\\/renfe-cifra-en-338-200-los-viajeros-afectados-por-los-dos-dias-de-huelga-de-maquinistas\\\/#organizationLogo\"},\"image\":{\"@id\":\"https:\\\/\\\/eldigitaldeasturias.com\\\/magazine365\\\/renfe-cifra-en-338-200-los-viajeros-afectados-por-los-dos-dias-de-huelga-de-maquinistas\\\/#organizationLogo\"}},{\"@type\":\"Person\",\"@id\":\"https:\\\/\\\/eldigitaldeasturias.com\\\/magazine365\\\/author\\\/admin\\\/#author\",\"url\":\"https:\\\/\\\/eldigitaldeasturias.com\\\/magazine365\\\/author\\\/admin\\\/\",\"name\":\"admin\",\"image\":{\"@type\":\"ImageObject\",\"@id\":\"https:\\\/\\\/eldigitaldeasturias.com\\\/magazine365\\\/renfe-cifra-en-338-200-los-viajeros-afectados-por-los-dos-dias-de-huelga-de-maquinistas\\\/#authorImage\",\"url\":\"https:\\\/\\\/eldigitaldeasturias.com\\\/magazine365\\\/wp-content\\\/litespeed\\\/avatar\\\/e571bcf59a0edd6fa6838245a470f2fe.jpg?ver=1776969259\",\"width\":96,\"height\":96,\"caption\":\"admin\"}},{\"@type\":\"WebPage\",\"@id\":\"https:\\\/\\\/eldigitaldeasturias.com\\\/magazine365\\\/renfe-cifra-en-338-200-los-viajeros-afectados-por-los-dos-dias-de-huelga-de-maquinistas\\\/#webpage\",\"url\":\"https:\\\/\\\/eldigitaldeasturias.com\\\/magazine365\\\/renfe-cifra-en-338-200-los-viajeros-afectados-por-los-dos-dias-de-huelga-de-maquinistas\\\/\",\"name\":\"Renfe cifra en 338.200 los viajeros afectados por los dos d\\u00edas de huelga de maquinistas | El Digital de Asturias\",\"description\":\"Renfe calcula que 338.242 viajeros se han visto afectados por cancelaciones o retrasos de sus trenes en las dos primeras jornadas de huelga de las cuatro convocadas por el sindicato de maquinistas Semaf, la del viernes d\\u00eda 10 y la de este domingo, lo que representa alrededor del 17% del total de dos millones de\",\"inLanguage\":\"es-ES\",\"isPartOf\":{\"@id\":\"https:\\\/\\\/eldigitaldeasturias.com\\\/magazine365\\\/#website\"},\"breadcrumb\":{\"@id\":\"https:\\\/\\\/eldigitaldeasturias.com\\\/magazine365\\\/renfe-cifra-en-338-200-los-viajeros-afectados-por-los-dos-dias-de-huelga-de-maquinistas\\\/#breadcrumblist\"},\"author\":{\"@id\":\"https:\\\/\\\/eldigitaldeasturias.com\\\/magazine365\\\/author\\\/admin\\\/#author\"},\"creator\":{\"@id\":\"https:\\\/\\\/eldigitaldeasturias.com\\\/magazine365\\\/author\\\/admin\\\/#author\"},\"image\":{\"@type\":\"ImageObject\",\"url\":\"https:\\\/\\\/eldigitaldeasturias.com\\\/magazine365\\\/wp-content\\\/uploads\\\/2016\\\/06\\\/fotonoticia_20160613102955_800.jpg\",\"@id\":\"https:\\\/\\\/eldigitaldeasturias.com\\\/magazine365\\\/renfe-cifra-en-338-200-los-viajeros-afectados-por-los-dos-dias-de-huelga-de-maquinistas\\\/#mainImage\",\"width\":800,\"height\":1200},\"primaryImageOfPage\":{\"@id\":\"https:\\\/\\\/eldigitaldeasturias.com\\\/magazine365\\\/renfe-cifra-en-338-200-los-viajeros-afectados-por-los-dos-dias-de-huelga-de-maquinistas\\\/#mainImage\"},\"datePublished\":\"2016-06-13T13:50:51+02:00\",\"dateModified\":\"2016-06-13T13:50:51+02:00\"},{\"@type\":\"WebSite\",\"@id\":\"https:\\\/\\\/eldigitaldeasturias.com\\\/magazine365\\\/#website\",\"url\":\"https:\\\/\\\/eldigitaldeasturias.com\\\/magazine365\\\/\",\"name\":\"El Digital de Asturias\",\"description\":\"Revista de ocio, turismo y estilo de vida\",\"inLanguage\":\"es-ES\",\"publisher\":{\"@id\":\"https:\\\/\\\/eldigitaldeasturias.com\\\/magazine365\\\/#organization\"}}]}\n\t\t<\/script>\n\t\t<!-- All in One SEO Pro -->\r\n\t\t<title>Renfe cifra en 338.200 los viajeros afectados por los dos d\u00edas de huelga de maquinistas | El Digital de Asturias<\/title>\n\n","aioseo_head_json":{"title":"Renfe cifra en 338.200 los viajeros afectados por los dos d\u00edas de huelga de maquinistas | El Digital de Asturias","description":"Renfe calcula que 338.242 viajeros se han visto afectados por cancelaciones o retrasos de sus trenes en las dos primeras jornadas de huelga de las cuatro convocadas por el sindicato de maquinistas Semaf, la del viernes d\u00eda 10 y la de este domingo, lo que representa alrededor del 17% del total de dos millones de","canonical_url":"https:\/\/eldigitaldeasturias.com\/magazine365\/renfe-cifra-en-338-200-los-viajeros-afectados-por-los-dos-dias-de-huelga-de-maquinistas\/","robots":"max-image-preview:large","keywords":"noticias y actualidad","webmasterTools":{"google-site-verification":"UA-38556648-1","miscellaneous":""},"schema":{"@context":"https:\/\/schema.org","@graph":[{"@type":"Article","@id":"https:\/\/eldigitaldeasturias.com\/magazine365\/renfe-cifra-en-338-200-los-viajeros-afectados-por-los-dos-dias-de-huelga-de-maquinistas\/#article","name":"Renfe cifra en 338.200 los viajeros afectados por los dos d\u00edas de huelga de maquinistas | El Digital de Asturias","headline":"Renfe cifra en 338.200 los viajeros afectados por los dos d\u00edas de huelga de maquinistas","author":{"@id":"https:\/\/eldigitaldeasturias.com\/magazine365\/author\/admin\/#author"},"publisher":{"@id":"https:\/\/eldigitaldeasturias.com\/magazine365\/#organization"},"image":{"@type":"ImageObject","url":"https:\/\/eldigitaldeasturias.com\/magazine365\/wp-content\/uploads\/2016\/06\/fotonoticia_20160613102955_800.jpg","width":800,"height":1200},"datePublished":"2016-06-13T13:50:51+02:00","dateModified":"2016-06-13T13:50:51+02:00","inLanguage":"es-ES","mainEntityOfPage":{"@id":"https:\/\/eldigitaldeasturias.com\/magazine365\/renfe-cifra-en-338-200-los-viajeros-afectados-por-los-dos-dias-de-huelga-de-maquinistas\/#webpage"},"isPartOf":{"@id":"https:\/\/eldigitaldeasturias.com\/magazine365\/renfe-cifra-en-338-200-los-viajeros-afectados-por-los-dos-dias-de-huelga-de-maquinistas\/#webpage"},"articleSection":"Noticias y Actualidad"},{"@type":"BreadcrumbList","@id":"https:\/\/eldigitaldeasturias.com\/magazine365\/renfe-cifra-en-338-200-los-viajeros-afectados-por-los-dos-dias-de-huelga-de-maquinistas\/#breadcrumblist","itemListElement":[{"@type":"ListItem","@id":"https:\/\/eldigitaldeasturias.com\/magazine365#listItem","position":1,"name":"Home","item":"https:\/\/eldigitaldeasturias.com\/magazine365","nextItem":{"@type":"ListItem","@id":"https:\/\/eldigitaldeasturias.com\/magazine365\/category\/noticias-actualidad\/#listItem","name":"Noticias y Actualidad"}},{"@type":"ListItem","@id":"https:\/\/eldigitaldeasturias.com\/magazine365\/category\/noticias-actualidad\/#listItem","position":2,"name":"Noticias y Actualidad","item":"https:\/\/eldigitaldeasturias.com\/magazine365\/category\/noticias-actualidad\/","nextItem":{"@type":"ListItem","@id":"https:\/\/eldigitaldeasturias.com\/magazine365\/renfe-cifra-en-338-200-los-viajeros-afectados-por-los-dos-dias-de-huelga-de-maquinistas\/#listItem","name":"Renfe cifra en 338.200 los viajeros afectados por los dos d\u00edas de huelga de maquinistas"},"previousItem":{"@type":"ListItem","@id":"https:\/\/eldigitaldeasturias.com\/magazine365#listItem","name":"Home"}},{"@type":"ListItem","@id":"https:\/\/eldigitaldeasturias.com\/magazine365\/renfe-cifra-en-338-200-los-viajeros-afectados-por-los-dos-dias-de-huelga-de-maquinistas\/#listItem","position":3,"name":"Renfe cifra en 338.200 los viajeros afectados por los dos d\u00edas de huelga de maquinistas","previousItem":{"@type":"ListItem","@id":"https:\/\/eldigitaldeasturias.com\/magazine365\/category\/noticias-actualidad\/#listItem","name":"Noticias y Actualidad"}}]},{"@type":"Organization","@id":"https:\/\/eldigitaldeasturias.com\/magazine365\/#organization","name":"El digital de Asturias","description":"Revista de ocio, turismo y estilo de vida","url":"https:\/\/eldigitaldeasturias.com\/magazine365\/","logo":{"@type":"ImageObject","url":"https:\/\/www.eldigitaldeasturias.com\/noticias\/wp-content\/uploads\/2020\/12\/EDA.jpg","@id":"https:\/\/eldigitaldeasturias.com\/magazine365\/renfe-cifra-en-338-200-los-viajeros-afectados-por-los-dos-dias-de-huelga-de-maquinistas\/#organizationLogo"},"image":{"@id":"https:\/\/eldigitaldeasturias.com\/magazine365\/renfe-cifra-en-338-200-los-viajeros-afectados-por-los-dos-dias-de-huelga-de-maquinistas\/#organizationLogo"}},{"@type":"Person","@id":"https:\/\/eldigitaldeasturias.com\/magazine365\/author\/admin\/#author","url":"https:\/\/eldigitaldeasturias.com\/magazine365\/author\/admin\/","name":"admin","image":{"@type":"ImageObject","@id":"https:\/\/eldigitaldeasturias.com\/magazine365\/renfe-cifra-en-338-200-los-viajeros-afectados-por-los-dos-dias-de-huelga-de-maquinistas\/#authorImage","url":"https:\/\/eldigitaldeasturias.com\/magazine365\/wp-content\/litespeed\/avatar\/e571bcf59a0edd6fa6838245a470f2fe.jpg?ver=1776969259","width":96,"height":96,"caption":"admin"}},{"@type":"WebPage","@id":"https:\/\/eldigitaldeasturias.com\/magazine365\/renfe-cifra-en-338-200-los-viajeros-afectados-por-los-dos-dias-de-huelga-de-maquinistas\/#webpage","url":"https:\/\/eldigitaldeasturias.com\/magazine365\/renfe-cifra-en-338-200-los-viajeros-afectados-por-los-dos-dias-de-huelga-de-maquinistas\/","name":"Renfe cifra en 338.200 los viajeros afectados por los dos d\u00edas de huelga de maquinistas | El Digital de Asturias","description":"Renfe calcula que 338.242 viajeros se han visto afectados por cancelaciones o retrasos de sus trenes en las dos primeras jornadas de huelga de las cuatro convocadas por el sindicato de maquinistas Semaf, la del viernes d\u00eda 10 y la de este domingo, lo que representa alrededor del 17% del total de dos millones de","inLanguage":"es-ES","isPartOf":{"@id":"https:\/\/eldigitaldeasturias.com\/magazine365\/#website"},"breadcrumb":{"@id":"https:\/\/eldigitaldeasturias.com\/magazine365\/renfe-cifra-en-338-200-los-viajeros-afectados-por-los-dos-dias-de-huelga-de-maquinistas\/#breadcrumblist"},"author":{"@id":"https:\/\/eldigitaldeasturias.com\/magazine365\/author\/admin\/#author"},"creator":{"@id":"https:\/\/eldigitaldeasturias.com\/magazine365\/author\/admin\/#author"},"image":{"@type":"ImageObject","url":"https:\/\/eldigitaldeasturias.com\/magazine365\/wp-content\/uploads\/2016\/06\/fotonoticia_20160613102955_800.jpg","@id":"https:\/\/eldigitaldeasturias.com\/magazine365\/renfe-cifra-en-338-200-los-viajeros-afectados-por-los-dos-dias-de-huelga-de-maquinistas\/#mainImage","width":800,"height":1200},"primaryImageOfPage":{"@id":"https:\/\/eldigitaldeasturias.com\/magazine365\/renfe-cifra-en-338-200-los-viajeros-afectados-por-los-dos-dias-de-huelga-de-maquinistas\/#mainImage"},"datePublished":"2016-06-13T13:50:51+02:00","dateModified":"2016-06-13T13:50:51+02:00"},{"@type":"WebSite","@id":"https:\/\/eldigitaldeasturias.com\/magazine365\/#website","url":"https:\/\/eldigitaldeasturias.com\/magazine365\/","name":"El Digital de Asturias","description":"Revista de ocio, turismo y estilo de vida","inLanguage":"es-ES","publisher":{"@id":"https:\/\/eldigitaldeasturias.com\/magazine365\/#organization"}}]},"og:locale":"es_ES","og:site_name":"El Digital de Asturias \u2013 Revista de ocio, turismo y estilo de vida","og:type":"article","og:title":"Renfe cifra en 338.200 los viajeros afectados por los dos d\u00edas de huelga de maquinistas | El Digital de Asturias","og:description":"Renfe calcula que 338.242 viajeros se han visto afectados por cancelaciones o retrasos de sus trenes en las dos primeras jornadas de huelga de las cuatro convocadas por el sindicato de maquinistas Semaf, la del viernes d\u00eda 10 y la de este domingo, lo que representa alrededor del 17% del total de dos millones de","og:url":"https:\/\/eldigitaldeasturias.com\/magazine365\/renfe-cifra-en-338-200-los-viajeros-afectados-por-los-dos-dias-de-huelga-de-maquinistas\/","og:image":"https:\/\/eldigitaldeasturias.com\/magazine365\/wp-content\/uploads\/2016\/06\/fotonoticia_20160613102955_800.jpg","og:image:secure_url":"https:\/\/eldigitaldeasturias.com\/magazine365\/wp-content\/uploads\/2016\/06\/fotonoticia_20160613102955_800.jpg","og:image:width":800,"og:image:height":1200,"article:published_time":"2016-06-13T11:50:51+00:00","article:modified_time":"2016-06-13T11:50:51+00:00","twitter:card":"summary_large_image","twitter:title":"Renfe cifra en 338.200 los viajeros afectados por los dos d\u00edas de huelga de maquinistas | El Digital de Asturias","twitter:description":"Renfe calcula que 338.242 viajeros se han visto afectados por cancelaciones o retrasos de sus trenes en las dos primeras jornadas de huelga de las cuatro convocadas por el sindicato de maquinistas Semaf, la del viernes d\u00eda 10 y la de este domingo, lo que representa alrededor del 17% del total de dos millones de","twitter:image":"https:\/\/eldigitaldeasturias.com\/magazine365\/wp-content\/uploads\/2016\/06\/fotonoticia_20160613102955_800.jpg"},"aioseo_meta_data":{"post_id":"78902","title":null,"description":null,"keywords":null,"keyphrases":null,"primary_term":null,"canonical_url":null,"og_title":null,"og_description":null,"og_object_type":"default","og_image_type":"default","og_image_url":null,"og_image_width":null,"og_image_height":null,"og_image_custom_url":null,"og_image_custom_fields":null,"og_video":null,"og_custom_url":null,"og_article_section":null,"og_article_tags":null,"twitter_use_og":false,"twitter_card":"default","twitter_image_type":"default","twitter_image_url":null,"twitter_image_custom_url":null,"twitter_image_custom_fields":null,"twitter_title":null,"twitter_description":null,"schema":{"blockGraphs":[],"customGraphs":[],"default":{"data":{"Article":[],"Course":[],"Dataset":[],"FAQPage":[],"Movie":[],"Person":[],"Product":[],"ProductReview":[],"Car":[],"Recipe":[],"Service":[],"SoftwareApplication":[],"WebPage":[]},"graphName":"","isEnabled":true},"graphs":[],"defaultGraph":"","defaultPostTypeGraph":""},"schema_type":null,"schema_type_options":null,"pillar_content":false,"robots_default":true,"robots_noindex":false,"robots_noarchive":false,"robots_nosnippet":false,"robots_nofollow":false,"robots_noimageindex":false,"robots_noodp":false,"robots_notranslate":false,"robots_max_snippet":null,"robots_max_videopreview":null,"robots_max_imagepreview":"large","priority":null,"frequency":null,"location":null,"local_seo":null,"seo_analyzer_scan_date":"2025-09-27 17:49:39","breadcrumb_settings":null,"limit_modified_date":false,"open_ai":null,"ai":null,"created":"2021-03-08 17:55:28","updated":"2025-09-27 17:49:39"},"aioseo_breadcrumb":"<div class=\"aioseo-breadcrumbs\"><span class=\"aioseo-breadcrumb\">\n\t<a href=\"https:\/\/eldigitaldeasturias.com\/magazine365\" title=\"Home\">Home<\/a>\n<\/span><span class=\"aioseo-breadcrumb-separator\">\u2013<\/span><span class=\"aioseo-breadcrumb\">\n\t<a href=\"https:\/\/eldigitaldeasturias.com\/magazine365\/category\/noticias-actualidad\/\" title=\"Noticias y Actualidad\">Noticias y Actualidad<\/a>\n<\/span><span class=\"aioseo-breadcrumb-separator\">\u2013<\/span><span class=\"aioseo-breadcrumb\">\n\t<a href=\"https:\/\/eldigitaldeasturias.com\/magazine365\/renfe-cifra-en-338-200-los-viajeros-afectados-por-los-dos-dias-de-huelga-de-maquinistas\/\" title=\"Renfe cifra en 338.200 los viajeros afectados por los dos d\u00edas de huelga de maquinistas\">Renfe cifra en 338.200 los viajeros afectados por los dos d\u00edas de huelga de maquinistas<\/a>\n<\/span><\/div>","aioseo_breadcrumb_json":[{"label":"Home","link":"https:\/\/eldigitaldeasturias.com\/magazine365"},{"label":"Noticias y Actualidad","link":"https:\/\/eldigitaldeasturias.com\/magazine365\/category\/noticias-actualidad\/"},{"label":"Renfe cifra en 338.200 los viajeros afectados por los dos d\u00edas de huelga de maquinistas","link":"https:\/\/eldigitaldeasturias.com\/magazine365\/renfe-cifra-en-338-200-los-viajeros-afectados-por-los-dos-dias-de-huelga-de-maquinistas\/"}],"_links":{"self":[{"href":"https:\/\/eldigitaldeasturias.com\/magazine365\/wp-json\/wp\/v2\/posts\/78902","targetHints":{"allow":["GET"]}}],"collection":[{"href":"https:\/\/eldigitaldeasturias.com\/magazine365\/wp-json\/wp\/v2\/posts"}],"about":[{"href":"https:\/\/eldigitaldeasturias.com\/magazine365\/wp-json\/wp\/v2\/types\/post"}],"author":[{"embeddable":true,"href":"https:\/\/eldigitaldeasturias.com\/magazine365\/wp-json\/wp\/v2\/users\/1"}],"replies":[{"embeddable":true,"href":"https:\/\/eldigitaldeasturias.com\/magazine365\/wp-json\/wp\/v2\/comments?post=78902"}],"version-history":[{"count":0,"href":"https:\/\/eldigitaldeasturias.com\/magazine365\/wp-json\/wp\/v2\/posts\/78902\/revisions"}],"wp:featuredmedia":[{"embeddable":true,"href":"https:\/\/eldigitaldeasturias.com\/magazine365\/wp-json\/wp\/v2\/media\/78903"}],"wp:attachment":[{"href":"https:\/\/eldigitaldeasturias.com\/magazine365\/wp-json\/wp\/v2\/media?parent=78902"}],"wp:term":[{"taxonomy":"category","embeddable":true,"href":"https:\/\/eldigitaldeasturias.com\/magazine365\/wp-json\/wp\/v2\/categories?post=78902"},{"taxonomy":"post_tag","embeddable":true,"href":"https:\/\/eldigitaldeasturias.com\/magazine365\/wp-json\/wp\/v2\/tags?post=78902"}],"curies":[{"name":"wp","href":"https:\/\/api.w.org\/{rel}","templated":true}]}}