{"id":78892,"date":"2016-06-13T13:47:11","date_gmt":"2016-06-13T11:47:11","guid":{"rendered":"http:\/\/eldigitaldeasturias.com\/magazine365\/?p=78892"},"modified":"2016-06-13T13:47:11","modified_gmt":"2016-06-13T11:47:11","slug":"los-maquinistas-de-renfe-contemplan-convocar-mas-huelgas-si-no-logran-acuerdos-con-la-empresa","status":"publish","type":"post","link":"https:\/\/eldigitaldeasturias.com\/magazine365\/los-maquinistas-de-renfe-contemplan-convocar-mas-huelgas-si-no-logran-acuerdos-con-la-empresa\/","title":{"rendered":"Los maquinistas de Renfe contemplan convocar m\u00e1s huelgas si no logran acuerdos con la empresa"},"content":{"rendered":"<p><img fetchpriority=\"high\" decoding=\"async\" class=\"alignleft size-medium wp-image-78893\" src=\"https:\/\/eldigitaldeasturias.com\/magazine365\/wp-content\/uploads\/2016\/06\/fotonoticia_20160613102941_800-360x225.jpg\" alt=\"fotonoticia_20160613102941_800\" width=\"360\" height=\"225\" srcset=\"https:\/\/eldigitaldeasturias.com\/magazine365\/wp-content\/uploads\/2016\/06\/fotonoticia_20160613102941_800-360x225.jpg 360w, https:\/\/eldigitaldeasturias.com\/magazine365\/wp-content\/uploads\/2016\/06\/fotonoticia_20160613102941_800-650x406.jpg 650w, https:\/\/eldigitaldeasturias.com\/magazine365\/wp-content\/uploads\/2016\/06\/fotonoticia_20160613102941_800-768x480.jpg 768w, https:\/\/eldigitaldeasturias.com\/magazine365\/wp-content\/uploads\/2016\/06\/fotonoticia_20160613102941_800-150x94.jpg 150w, https:\/\/eldigitaldeasturias.com\/magazine365\/wp-content\/uploads\/2016\/06\/fotonoticia_20160613102941_800-450x281.jpg 450w, https:\/\/eldigitaldeasturias.com\/magazine365\/wp-content\/uploads\/2016\/06\/fotonoticia_20160613102941_800-279x173.jpg 279w, https:\/\/eldigitaldeasturias.com\/magazine365\/wp-content\/uploads\/2016\/06\/fotonoticia_20160613102941_800-160x100.jpg 160w, https:\/\/eldigitaldeasturias.com\/magazine365\/wp-content\/uploads\/2016\/06\/fotonoticia_20160613102941_800.jpg 800w\" sizes=\"(max-width: 360px) 100vw, 360px\" \/>El sindicato de maquinistas Semaf no descarta convocar nuevas jornadas de huelga en Renfe si la compa\u00f1\u00eda ferroviaria no les emplaza a nuevas reuniones y se logran acuerdos sobre sus reivindicaciones, seg\u00fan indicaron a Europa Press en fuentes de la organizaci\u00f3n.<\/p>\n<p>Los eventuales nuevos paros se fijar\u00edan m\u00e1s all\u00e1 de los dos a\u00fan previstos en la actual convocatoria, los programados para este martes, 14 de junio y para el jueves d\u00eda 16. Los maquinistas ya han secundado dos jornadas de huelga, la del pasado viernes 10 y la de este domingo.<\/p>\n<p>Fuentes de Semaf indican que desde el pasado jueves la compa\u00f1\u00eda ferroviaria no ha realizado ninguna llamada para reanudar la negociaci\u00f3n. De su lado, la operadora asegura que est\u00e1 continuamente abierta al di\u00e1logo.<\/p>\n<p>Con el actual calendario de cuatro d\u00edas de huelga, Semaf denuncia la demora que, seg\u00fan asegura, Renfe acumula a la hora de en poner en marcha distintas medidas acordadas con los sindicatos, como es el plan de empleo que habilita un sistema de salidas voluntarias de trabajadores de la empresa ligadas a nuevas incorporaciones. Tambi\u00e9n protestan por la situaci\u00f3n del negocio de mercanc\u00edas y por la disminuci\u00f3n de los servicios de v\u00eda estrecha heredados de la extinta Feve.<\/p>\n<p>No obstante, fuentes de Renfe se\u00f1alan que el objetivo \u00faltimo de los maquinistas con la huelga es determinar el sistema por que el deben incorporarse a la compa\u00f1\u00eda los nuevos conductores, algo que, seg\u00fan aseguran, debe realizarse por concurso p\u00fablico por tratarse de una empresa estatal.<\/p>\n<p>La operadora asegura que el plan de empleo est\u00e1 ya en marcha, tiene un coste de 32 millones de euros y supondr\u00e1 que este a\u00f1o sea \u00abuno de los que m\u00e1s empleo\u00bb se genere en Renfe en toda su historia.<\/p>\n<p>SEGUIMIENTO Y SERVICIOS M\u00cdNIMOS.<\/p>\n<p>La empresa y el sindicato de maquinistas tambi\u00e9n discrepan sobre el seguimiento de los dos primeros paros y sobre el grado de cumplimiento de los servicios ferroviarios m\u00ednimos decretados por el Ministerio de Fomento ante la convocatoria.<\/p>\n<p>En este caso, Renfe asegura que el incumplimiento de estos servicios esenciales ha provocado la suspensi\u00f3n de un total de 287 trenes en las jornadas del viernes y en la de este domingo, que han afectado a 62.242 viajeros, que tuvieron que ser trasbordados por autob\u00fas.<\/p>\n<p>De su lado, Semaf rechaza que se est\u00e9n incumpliendo los servicios m\u00ednimos, al asegurar que los maquinistas est\u00e1n \u00abaceptando todas las cartas de servicios m\u00ednimos que est\u00e1n bien confeccionadas\u00bb, esto es, aquellas que no lleguen estando de baja, de descanso o en otro turno, seg\u00fan detallaron a Europa Press en fuentes del sindicato.<\/p>\n<p>Respecto al grado de seguimiento de los paros, Semaf asegura que es del 100%, ya que \u00abhan secundado el paro todos los maquinistas que han podido hacer huelga, por no estar incluidos ni en carta de m\u00ednimos, ni de baja ni de vacaciones\u00bb. Renfe lo cifra en un 6%, si bien la compa\u00f1\u00eda obtiene este porcentaje comparando el n\u00famero de maquinistas en huelga con el total del colectivo.<\/p>\n","protected":false},"excerpt":{"rendered":"<p>El sindicato de maquinistas Semaf no descarta convocar nuevas jornadas de huelga en Renfe si la compa\u00f1\u00eda ferroviaria no les emplaza a nuevas reuniones y se logran acuerdos sobre sus reivindicaciones, seg\u00fan indicaron a Europa Press en fuentes de la organizaci\u00f3n. Los eventuales nuevos paros se fijar\u00edan m\u00e1s all\u00e1 de los dos a\u00fan previstos en<\/p>\n","protected":false},"author":1,"featured_media":78893,"comment_status":"open","ping_status":"closed","sticky":false,"template":"","format":"standard","meta":{"footnotes":""},"categories":[224],"tags":[],"class_list":{"0":"post-78892","1":"post","2":"type-post","3":"status-publish","4":"format-standard","5":"has-post-thumbnail","7":"category-noticias-actualidad"},"aioseo_notices":[],"aioseo_head":"\n\t\t<!-- All in One SEO Pro 4.9.6.1 - aioseo.com -->\n\t<meta name=\"description\" content=\"El sindicato de maquinistas Semaf no descarta convocar nuevas jornadas de huelga en Renfe si la compa\u00f1\u00eda ferroviaria no les emplaza a nuevas reuniones y se logran acuerdos sobre sus reivindicaciones, seg\u00fan indicaron a Europa Press en fuentes de la organizaci\u00f3n. Los eventuales nuevos paros se fijar\u00edan m\u00e1s all\u00e1 de los dos a\u00fan previstos en\" \/>\n\t<meta name=\"robots\" content=\"max-image-preview:large\" \/>\n\t<meta name=\"author\" content=\"admin\"\/>\n\t<meta name=\"google-site-verification\" content=\"UA-38556648-1\" \/>\n\t<meta name=\"keywords\" content=\"noticias y actualidad\" \/>\n\t<link rel=\"canonical\" href=\"https:\/\/eldigitaldeasturias.com\/magazine365\/los-maquinistas-de-renfe-contemplan-convocar-mas-huelgas-si-no-logran-acuerdos-con-la-empresa\/\" \/>\n\t<meta name=\"generator\" content=\"All in One SEO Pro (AIOSEO) 4.9.6.1\" \/>\n\t\t<meta property=\"og:locale\" content=\"es_ES\" \/>\n\t\t<meta property=\"og:site_name\" content=\"El Digital de Asturias \u2013 Revista de ocio, turismo y estilo de vida\" \/>\n\t\t<meta property=\"og:type\" content=\"article\" \/>\n\t\t<meta property=\"og:title\" content=\"Los maquinistas de Renfe contemplan convocar m\u00e1s huelgas si no logran acuerdos con la empresa | El Digital de Asturias\" \/>\n\t\t<meta property=\"og:description\" content=\"El sindicato de maquinistas Semaf no descarta convocar nuevas jornadas de huelga en Renfe si la compa\u00f1\u00eda ferroviaria no les emplaza a nuevas reuniones y se logran acuerdos sobre sus reivindicaciones, seg\u00fan indicaron a Europa Press en fuentes de la organizaci\u00f3n. Los eventuales nuevos paros se fijar\u00edan m\u00e1s all\u00e1 de los dos a\u00fan previstos en\" \/>\n\t\t<meta property=\"og:url\" content=\"https:\/\/eldigitaldeasturias.com\/magazine365\/los-maquinistas-de-renfe-contemplan-convocar-mas-huelgas-si-no-logran-acuerdos-con-la-empresa\/\" \/>\n\t\t<meta property=\"og:image\" content=\"https:\/\/eldigitaldeasturias.com\/magazine365\/wp-content\/uploads\/2016\/06\/fotonoticia_20160613102941_800.jpg\" \/>\n\t\t<meta property=\"og:image:secure_url\" content=\"https:\/\/eldigitaldeasturias.com\/magazine365\/wp-content\/uploads\/2016\/06\/fotonoticia_20160613102941_800.jpg\" \/>\n\t\t<meta property=\"og:image:width\" content=\"800\" \/>\n\t\t<meta property=\"og:image:height\" content=\"500\" \/>\n\t\t<meta property=\"article:published_time\" content=\"2016-06-13T11:47:11+00:00\" \/>\n\t\t<meta property=\"article:modified_time\" content=\"2016-06-13T11:47:11+00:00\" \/>\n\t\t<meta name=\"twitter:card\" content=\"summary_large_image\" \/>\n\t\t<meta name=\"twitter:title\" content=\"Los maquinistas de Renfe contemplan convocar m\u00e1s huelgas si no logran acuerdos con la empresa | El Digital de Asturias\" \/>\n\t\t<meta name=\"twitter:description\" content=\"El sindicato de maquinistas Semaf no descarta convocar nuevas jornadas de huelga en Renfe si la compa\u00f1\u00eda ferroviaria no les emplaza a nuevas reuniones y se logran acuerdos sobre sus reivindicaciones, seg\u00fan indicaron a Europa Press en fuentes de la organizaci\u00f3n. Los eventuales nuevos paros se fijar\u00edan m\u00e1s all\u00e1 de los dos a\u00fan previstos en\" \/>\n\t\t<meta name=\"twitter:image\" content=\"https:\/\/eldigitaldeasturias.com\/magazine365\/wp-content\/uploads\/2016\/06\/fotonoticia_20160613102941_800.jpg\" \/>\n\t\t<script type=\"application\/ld+json\" class=\"aioseo-schema\">\n\t\t\t{\"@context\":\"https:\\\/\\\/schema.org\",\"@graph\":[{\"@type\":\"Article\",\"@id\":\"https:\\\/\\\/eldigitaldeasturias.com\\\/magazine365\\\/los-maquinistas-de-renfe-contemplan-convocar-mas-huelgas-si-no-logran-acuerdos-con-la-empresa\\\/#article\",\"name\":\"Los maquinistas de Renfe contemplan convocar m\\u00e1s huelgas si no logran acuerdos con la empresa | El Digital de Asturias\",\"headline\":\"Los maquinistas de Renfe contemplan convocar m\\u00e1s huelgas si no logran acuerdos con la empresa\",\"author\":{\"@id\":\"https:\\\/\\\/eldigitaldeasturias.com\\\/magazine365\\\/author\\\/admin\\\/#author\"},\"publisher\":{\"@id\":\"https:\\\/\\\/eldigitaldeasturias.com\\\/magazine365\\\/#organization\"},\"image\":{\"@type\":\"ImageObject\",\"url\":\"https:\\\/\\\/eldigitaldeasturias.com\\\/magazine365\\\/wp-content\\\/uploads\\\/2016\\\/06\\\/fotonoticia_20160613102941_800.jpg\",\"width\":800,\"height\":500},\"datePublished\":\"2016-06-13T13:47:11+02:00\",\"dateModified\":\"2016-06-13T13:47:11+02:00\",\"inLanguage\":\"es-ES\",\"mainEntityOfPage\":{\"@id\":\"https:\\\/\\\/eldigitaldeasturias.com\\\/magazine365\\\/los-maquinistas-de-renfe-contemplan-convocar-mas-huelgas-si-no-logran-acuerdos-con-la-empresa\\\/#webpage\"},\"isPartOf\":{\"@id\":\"https:\\\/\\\/eldigitaldeasturias.com\\\/magazine365\\\/los-maquinistas-de-renfe-contemplan-convocar-mas-huelgas-si-no-logran-acuerdos-con-la-empresa\\\/#webpage\"},\"articleSection\":\"Noticias y Actualidad\"},{\"@type\":\"BreadcrumbList\",\"@id\":\"https:\\\/\\\/eldigitaldeasturias.com\\\/magazine365\\\/los-maquinistas-de-renfe-contemplan-convocar-mas-huelgas-si-no-logran-acuerdos-con-la-empresa\\\/#breadcrumblist\",\"itemListElement\":[{\"@type\":\"ListItem\",\"@id\":\"https:\\\/\\\/eldigitaldeasturias.com\\\/magazine365#listItem\",\"position\":1,\"name\":\"Home\",\"item\":\"https:\\\/\\\/eldigitaldeasturias.com\\\/magazine365\",\"nextItem\":{\"@type\":\"ListItem\",\"@id\":\"https:\\\/\\\/eldigitaldeasturias.com\\\/magazine365\\\/category\\\/noticias-actualidad\\\/#listItem\",\"name\":\"Noticias y Actualidad\"}},{\"@type\":\"ListItem\",\"@id\":\"https:\\\/\\\/eldigitaldeasturias.com\\\/magazine365\\\/category\\\/noticias-actualidad\\\/#listItem\",\"position\":2,\"name\":\"Noticias y Actualidad\",\"item\":\"https:\\\/\\\/eldigitaldeasturias.com\\\/magazine365\\\/category\\\/noticias-actualidad\\\/\",\"nextItem\":{\"@type\":\"ListItem\",\"@id\":\"https:\\\/\\\/eldigitaldeasturias.com\\\/magazine365\\\/los-maquinistas-de-renfe-contemplan-convocar-mas-huelgas-si-no-logran-acuerdos-con-la-empresa\\\/#listItem\",\"name\":\"Los maquinistas de Renfe contemplan convocar m\\u00e1s huelgas si no logran acuerdos con la empresa\"},\"previousItem\":{\"@type\":\"ListItem\",\"@id\":\"https:\\\/\\\/eldigitaldeasturias.com\\\/magazine365#listItem\",\"name\":\"Home\"}},{\"@type\":\"ListItem\",\"@id\":\"https:\\\/\\\/eldigitaldeasturias.com\\\/magazine365\\\/los-maquinistas-de-renfe-contemplan-convocar-mas-huelgas-si-no-logran-acuerdos-con-la-empresa\\\/#listItem\",\"position\":3,\"name\":\"Los maquinistas de Renfe contemplan convocar m\\u00e1s huelgas si no logran acuerdos con la empresa\",\"previousItem\":{\"@type\":\"ListItem\",\"@id\":\"https:\\\/\\\/eldigitaldeasturias.com\\\/magazine365\\\/category\\\/noticias-actualidad\\\/#listItem\",\"name\":\"Noticias y Actualidad\"}}]},{\"@type\":\"Organization\",\"@id\":\"https:\\\/\\\/eldigitaldeasturias.com\\\/magazine365\\\/#organization\",\"name\":\"El digital de Asturias\",\"description\":\"Revista de ocio, turismo y estilo de vida\",\"url\":\"https:\\\/\\\/eldigitaldeasturias.com\\\/magazine365\\\/\",\"logo\":{\"@type\":\"ImageObject\",\"url\":\"https:\\\/\\\/www.eldigitaldeasturias.com\\\/noticias\\\/wp-content\\\/uploads\\\/2020\\\/12\\\/EDA.jpg\",\"@id\":\"https:\\\/\\\/eldigitaldeasturias.com\\\/magazine365\\\/los-maquinistas-de-renfe-contemplan-convocar-mas-huelgas-si-no-logran-acuerdos-con-la-empresa\\\/#organizationLogo\"},\"image\":{\"@id\":\"https:\\\/\\\/eldigitaldeasturias.com\\\/magazine365\\\/los-maquinistas-de-renfe-contemplan-convocar-mas-huelgas-si-no-logran-acuerdos-con-la-empresa\\\/#organizationLogo\"}},{\"@type\":\"Person\",\"@id\":\"https:\\\/\\\/eldigitaldeasturias.com\\\/magazine365\\\/author\\\/admin\\\/#author\",\"url\":\"https:\\\/\\\/eldigitaldeasturias.com\\\/magazine365\\\/author\\\/admin\\\/\",\"name\":\"admin\",\"image\":{\"@type\":\"ImageObject\",\"@id\":\"https:\\\/\\\/eldigitaldeasturias.com\\\/magazine365\\\/los-maquinistas-de-renfe-contemplan-convocar-mas-huelgas-si-no-logran-acuerdos-con-la-empresa\\\/#authorImage\",\"url\":\"https:\\\/\\\/eldigitaldeasturias.com\\\/magazine365\\\/wp-content\\\/litespeed\\\/avatar\\\/e571bcf59a0edd6fa6838245a470f2fe.jpg?ver=1776969259\",\"width\":96,\"height\":96,\"caption\":\"admin\"}},{\"@type\":\"WebPage\",\"@id\":\"https:\\\/\\\/eldigitaldeasturias.com\\\/magazine365\\\/los-maquinistas-de-renfe-contemplan-convocar-mas-huelgas-si-no-logran-acuerdos-con-la-empresa\\\/#webpage\",\"url\":\"https:\\\/\\\/eldigitaldeasturias.com\\\/magazine365\\\/los-maquinistas-de-renfe-contemplan-convocar-mas-huelgas-si-no-logran-acuerdos-con-la-empresa\\\/\",\"name\":\"Los maquinistas de Renfe contemplan convocar m\\u00e1s huelgas si no logran acuerdos con la empresa | El Digital de Asturias\",\"description\":\"El sindicato de maquinistas Semaf no descarta convocar nuevas jornadas de huelga en Renfe si la compa\\u00f1\\u00eda ferroviaria no les emplaza a nuevas reuniones y se logran acuerdos sobre sus reivindicaciones, seg\\u00fan indicaron a Europa Press en fuentes de la organizaci\\u00f3n. Los eventuales nuevos paros se fijar\\u00edan m\\u00e1s all\\u00e1 de los dos a\\u00fan previstos en\",\"inLanguage\":\"es-ES\",\"isPartOf\":{\"@id\":\"https:\\\/\\\/eldigitaldeasturias.com\\\/magazine365\\\/#website\"},\"breadcrumb\":{\"@id\":\"https:\\\/\\\/eldigitaldeasturias.com\\\/magazine365\\\/los-maquinistas-de-renfe-contemplan-convocar-mas-huelgas-si-no-logran-acuerdos-con-la-empresa\\\/#breadcrumblist\"},\"author\":{\"@id\":\"https:\\\/\\\/eldigitaldeasturias.com\\\/magazine365\\\/author\\\/admin\\\/#author\"},\"creator\":{\"@id\":\"https:\\\/\\\/eldigitaldeasturias.com\\\/magazine365\\\/author\\\/admin\\\/#author\"},\"image\":{\"@type\":\"ImageObject\",\"url\":\"https:\\\/\\\/eldigitaldeasturias.com\\\/magazine365\\\/wp-content\\\/uploads\\\/2016\\\/06\\\/fotonoticia_20160613102941_800.jpg\",\"@id\":\"https:\\\/\\\/eldigitaldeasturias.com\\\/magazine365\\\/los-maquinistas-de-renfe-contemplan-convocar-mas-huelgas-si-no-logran-acuerdos-con-la-empresa\\\/#mainImage\",\"width\":800,\"height\":500},\"primaryImageOfPage\":{\"@id\":\"https:\\\/\\\/eldigitaldeasturias.com\\\/magazine365\\\/los-maquinistas-de-renfe-contemplan-convocar-mas-huelgas-si-no-logran-acuerdos-con-la-empresa\\\/#mainImage\"},\"datePublished\":\"2016-06-13T13:47:11+02:00\",\"dateModified\":\"2016-06-13T13:47:11+02:00\"},{\"@type\":\"WebSite\",\"@id\":\"https:\\\/\\\/eldigitaldeasturias.com\\\/magazine365\\\/#website\",\"url\":\"https:\\\/\\\/eldigitaldeasturias.com\\\/magazine365\\\/\",\"name\":\"El Digital de Asturias\",\"description\":\"Revista de ocio, turismo y estilo de vida\",\"inLanguage\":\"es-ES\",\"publisher\":{\"@id\":\"https:\\\/\\\/eldigitaldeasturias.com\\\/magazine365\\\/#organization\"}}]}\n\t\t<\/script>\n\t\t<!-- All in One SEO Pro -->\r\n\t\t<title>Los maquinistas de Renfe contemplan convocar m\u00e1s huelgas si no logran acuerdos con la empresa | El Digital de Asturias<\/title>\n\n","aioseo_head_json":{"title":"Los maquinistas de Renfe contemplan convocar m\u00e1s huelgas si no logran acuerdos con la empresa | El Digital de Asturias","description":"El sindicato de maquinistas Semaf no descarta convocar nuevas jornadas de huelga en Renfe si la compa\u00f1\u00eda ferroviaria no les emplaza a nuevas reuniones y se logran acuerdos sobre sus reivindicaciones, seg\u00fan indicaron a Europa Press en fuentes de la organizaci\u00f3n. Los eventuales nuevos paros se fijar\u00edan m\u00e1s all\u00e1 de los dos a\u00fan previstos en","canonical_url":"https:\/\/eldigitaldeasturias.com\/magazine365\/los-maquinistas-de-renfe-contemplan-convocar-mas-huelgas-si-no-logran-acuerdos-con-la-empresa\/","robots":"max-image-preview:large","keywords":"noticias y actualidad","webmasterTools":{"google-site-verification":"UA-38556648-1","miscellaneous":""},"schema":{"@context":"https:\/\/schema.org","@graph":[{"@type":"Article","@id":"https:\/\/eldigitaldeasturias.com\/magazine365\/los-maquinistas-de-renfe-contemplan-convocar-mas-huelgas-si-no-logran-acuerdos-con-la-empresa\/#article","name":"Los maquinistas de Renfe contemplan convocar m\u00e1s huelgas si no logran acuerdos con la empresa | El Digital de Asturias","headline":"Los maquinistas de Renfe contemplan convocar m\u00e1s huelgas si no logran acuerdos con la empresa","author":{"@id":"https:\/\/eldigitaldeasturias.com\/magazine365\/author\/admin\/#author"},"publisher":{"@id":"https:\/\/eldigitaldeasturias.com\/magazine365\/#organization"},"image":{"@type":"ImageObject","url":"https:\/\/eldigitaldeasturias.com\/magazine365\/wp-content\/uploads\/2016\/06\/fotonoticia_20160613102941_800.jpg","width":800,"height":500},"datePublished":"2016-06-13T13:47:11+02:00","dateModified":"2016-06-13T13:47:11+02:00","inLanguage":"es-ES","mainEntityOfPage":{"@id":"https:\/\/eldigitaldeasturias.com\/magazine365\/los-maquinistas-de-renfe-contemplan-convocar-mas-huelgas-si-no-logran-acuerdos-con-la-empresa\/#webpage"},"isPartOf":{"@id":"https:\/\/eldigitaldeasturias.com\/magazine365\/los-maquinistas-de-renfe-contemplan-convocar-mas-huelgas-si-no-logran-acuerdos-con-la-empresa\/#webpage"},"articleSection":"Noticias y Actualidad"},{"@type":"BreadcrumbList","@id":"https:\/\/eldigitaldeasturias.com\/magazine365\/los-maquinistas-de-renfe-contemplan-convocar-mas-huelgas-si-no-logran-acuerdos-con-la-empresa\/#breadcrumblist","itemListElement":[{"@type":"ListItem","@id":"https:\/\/eldigitaldeasturias.com\/magazine365#listItem","position":1,"name":"Home","item":"https:\/\/eldigitaldeasturias.com\/magazine365","nextItem":{"@type":"ListItem","@id":"https:\/\/eldigitaldeasturias.com\/magazine365\/category\/noticias-actualidad\/#listItem","name":"Noticias y Actualidad"}},{"@type":"ListItem","@id":"https:\/\/eldigitaldeasturias.com\/magazine365\/category\/noticias-actualidad\/#listItem","position":2,"name":"Noticias y Actualidad","item":"https:\/\/eldigitaldeasturias.com\/magazine365\/category\/noticias-actualidad\/","nextItem":{"@type":"ListItem","@id":"https:\/\/eldigitaldeasturias.com\/magazine365\/los-maquinistas-de-renfe-contemplan-convocar-mas-huelgas-si-no-logran-acuerdos-con-la-empresa\/#listItem","name":"Los maquinistas de Renfe contemplan convocar m\u00e1s huelgas si no logran acuerdos con la empresa"},"previousItem":{"@type":"ListItem","@id":"https:\/\/eldigitaldeasturias.com\/magazine365#listItem","name":"Home"}},{"@type":"ListItem","@id":"https:\/\/eldigitaldeasturias.com\/magazine365\/los-maquinistas-de-renfe-contemplan-convocar-mas-huelgas-si-no-logran-acuerdos-con-la-empresa\/#listItem","position":3,"name":"Los maquinistas de Renfe contemplan convocar m\u00e1s huelgas si no logran acuerdos con la empresa","previousItem":{"@type":"ListItem","@id":"https:\/\/eldigitaldeasturias.com\/magazine365\/category\/noticias-actualidad\/#listItem","name":"Noticias y Actualidad"}}]},{"@type":"Organization","@id":"https:\/\/eldigitaldeasturias.com\/magazine365\/#organization","name":"El digital de Asturias","description":"Revista de ocio, turismo y estilo de vida","url":"https:\/\/eldigitaldeasturias.com\/magazine365\/","logo":{"@type":"ImageObject","url":"https:\/\/www.eldigitaldeasturias.com\/noticias\/wp-content\/uploads\/2020\/12\/EDA.jpg","@id":"https:\/\/eldigitaldeasturias.com\/magazine365\/los-maquinistas-de-renfe-contemplan-convocar-mas-huelgas-si-no-logran-acuerdos-con-la-empresa\/#organizationLogo"},"image":{"@id":"https:\/\/eldigitaldeasturias.com\/magazine365\/los-maquinistas-de-renfe-contemplan-convocar-mas-huelgas-si-no-logran-acuerdos-con-la-empresa\/#organizationLogo"}},{"@type":"Person","@id":"https:\/\/eldigitaldeasturias.com\/magazine365\/author\/admin\/#author","url":"https:\/\/eldigitaldeasturias.com\/magazine365\/author\/admin\/","name":"admin","image":{"@type":"ImageObject","@id":"https:\/\/eldigitaldeasturias.com\/magazine365\/los-maquinistas-de-renfe-contemplan-convocar-mas-huelgas-si-no-logran-acuerdos-con-la-empresa\/#authorImage","url":"https:\/\/eldigitaldeasturias.com\/magazine365\/wp-content\/litespeed\/avatar\/e571bcf59a0edd6fa6838245a470f2fe.jpg?ver=1776969259","width":96,"height":96,"caption":"admin"}},{"@type":"WebPage","@id":"https:\/\/eldigitaldeasturias.com\/magazine365\/los-maquinistas-de-renfe-contemplan-convocar-mas-huelgas-si-no-logran-acuerdos-con-la-empresa\/#webpage","url":"https:\/\/eldigitaldeasturias.com\/magazine365\/los-maquinistas-de-renfe-contemplan-convocar-mas-huelgas-si-no-logran-acuerdos-con-la-empresa\/","name":"Los maquinistas de Renfe contemplan convocar m\u00e1s huelgas si no logran acuerdos con la empresa | El Digital de Asturias","description":"El sindicato de maquinistas Semaf no descarta convocar nuevas jornadas de huelga en Renfe si la compa\u00f1\u00eda ferroviaria no les emplaza a nuevas reuniones y se logran acuerdos sobre sus reivindicaciones, seg\u00fan indicaron a Europa Press en fuentes de la organizaci\u00f3n. Los eventuales nuevos paros se fijar\u00edan m\u00e1s all\u00e1 de los dos a\u00fan previstos en","inLanguage":"es-ES","isPartOf":{"@id":"https:\/\/eldigitaldeasturias.com\/magazine365\/#website"},"breadcrumb":{"@id":"https:\/\/eldigitaldeasturias.com\/magazine365\/los-maquinistas-de-renfe-contemplan-convocar-mas-huelgas-si-no-logran-acuerdos-con-la-empresa\/#breadcrumblist"},"author":{"@id":"https:\/\/eldigitaldeasturias.com\/magazine365\/author\/admin\/#author"},"creator":{"@id":"https:\/\/eldigitaldeasturias.com\/magazine365\/author\/admin\/#author"},"image":{"@type":"ImageObject","url":"https:\/\/eldigitaldeasturias.com\/magazine365\/wp-content\/uploads\/2016\/06\/fotonoticia_20160613102941_800.jpg","@id":"https:\/\/eldigitaldeasturias.com\/magazine365\/los-maquinistas-de-renfe-contemplan-convocar-mas-huelgas-si-no-logran-acuerdos-con-la-empresa\/#mainImage","width":800,"height":500},"primaryImageOfPage":{"@id":"https:\/\/eldigitaldeasturias.com\/magazine365\/los-maquinistas-de-renfe-contemplan-convocar-mas-huelgas-si-no-logran-acuerdos-con-la-empresa\/#mainImage"},"datePublished":"2016-06-13T13:47:11+02:00","dateModified":"2016-06-13T13:47:11+02:00"},{"@type":"WebSite","@id":"https:\/\/eldigitaldeasturias.com\/magazine365\/#website","url":"https:\/\/eldigitaldeasturias.com\/magazine365\/","name":"El Digital de Asturias","description":"Revista de ocio, turismo y estilo de vida","inLanguage":"es-ES","publisher":{"@id":"https:\/\/eldigitaldeasturias.com\/magazine365\/#organization"}}]},"og:locale":"es_ES","og:site_name":"El Digital de Asturias \u2013 Revista de ocio, turismo y estilo de vida","og:type":"article","og:title":"Los maquinistas de Renfe contemplan convocar m\u00e1s huelgas si no logran acuerdos con la empresa | El Digital de Asturias","og:description":"El sindicato de maquinistas Semaf no descarta convocar nuevas jornadas de huelga en Renfe si la compa\u00f1\u00eda ferroviaria no les emplaza a nuevas reuniones y se logran acuerdos sobre sus reivindicaciones, seg\u00fan indicaron a Europa Press en fuentes de la organizaci\u00f3n. Los eventuales nuevos paros se fijar\u00edan m\u00e1s all\u00e1 de los dos a\u00fan previstos en","og:url":"https:\/\/eldigitaldeasturias.com\/magazine365\/los-maquinistas-de-renfe-contemplan-convocar-mas-huelgas-si-no-logran-acuerdos-con-la-empresa\/","og:image":"https:\/\/eldigitaldeasturias.com\/magazine365\/wp-content\/uploads\/2016\/06\/fotonoticia_20160613102941_800.jpg","og:image:secure_url":"https:\/\/eldigitaldeasturias.com\/magazine365\/wp-content\/uploads\/2016\/06\/fotonoticia_20160613102941_800.jpg","og:image:width":800,"og:image:height":500,"article:published_time":"2016-06-13T11:47:11+00:00","article:modified_time":"2016-06-13T11:47:11+00:00","twitter:card":"summary_large_image","twitter:title":"Los maquinistas de Renfe contemplan convocar m\u00e1s huelgas si no logran acuerdos con la empresa | El Digital de Asturias","twitter:description":"El sindicato de maquinistas Semaf no descarta convocar nuevas jornadas de huelga en Renfe si la compa\u00f1\u00eda ferroviaria no les emplaza a nuevas reuniones y se logran acuerdos sobre sus reivindicaciones, seg\u00fan indicaron a Europa Press en fuentes de la organizaci\u00f3n. Los eventuales nuevos paros se fijar\u00edan m\u00e1s all\u00e1 de los dos a\u00fan previstos en","twitter:image":"https:\/\/eldigitaldeasturias.com\/magazine365\/wp-content\/uploads\/2016\/06\/fotonoticia_20160613102941_800.jpg"},"aioseo_meta_data":{"post_id":"78892","title":null,"description":null,"keywords":null,"keyphrases":null,"primary_term":null,"canonical_url":null,"og_title":null,"og_description":null,"og_object_type":"default","og_image_type":"default","og_image_url":null,"og_image_width":null,"og_image_height":null,"og_image_custom_url":null,"og_image_custom_fields":null,"og_video":null,"og_custom_url":null,"og_article_section":null,"og_article_tags":null,"twitter_use_og":false,"twitter_card":"default","twitter_image_type":"default","twitter_image_url":null,"twitter_image_custom_url":null,"twitter_image_custom_fields":null,"twitter_title":null,"twitter_description":null,"schema":{"blockGraphs":[],"customGraphs":[],"default":{"data":{"Article":[],"Course":[],"Dataset":[],"FAQPage":[],"Movie":[],"Person":[],"Product":[],"ProductReview":[],"Car":[],"Recipe":[],"Service":[],"SoftwareApplication":[],"WebPage":[]},"graphName":"","isEnabled":true},"graphs":[]},"schema_type":null,"schema_type_options":null,"pillar_content":false,"robots_default":true,"robots_noindex":false,"robots_noarchive":false,"robots_nosnippet":false,"robots_nofollow":false,"robots_noimageindex":false,"robots_noodp":false,"robots_notranslate":false,"robots_max_snippet":null,"robots_max_videopreview":null,"robots_max_imagepreview":"large","priority":null,"frequency":null,"location":null,"local_seo":null,"seo_analyzer_scan_date":"2025-09-27 17:49:35","breadcrumb_settings":null,"limit_modified_date":false,"open_ai":null,"ai":null,"created":"2021-03-08 17:55:28","updated":"2025-09-27 17:49:35"},"aioseo_breadcrumb":"<div class=\"aioseo-breadcrumbs\"><span class=\"aioseo-breadcrumb\">\n\t<a href=\"https:\/\/eldigitaldeasturias.com\/magazine365\" title=\"Home\">Home<\/a>\n<\/span><span class=\"aioseo-breadcrumb-separator\">\u2013<\/span><span class=\"aioseo-breadcrumb\">\n\t<a href=\"https:\/\/eldigitaldeasturias.com\/magazine365\/category\/noticias-actualidad\/\" title=\"Noticias y Actualidad\">Noticias y Actualidad<\/a>\n<\/span><span class=\"aioseo-breadcrumb-separator\">\u2013<\/span><span class=\"aioseo-breadcrumb\">\n\t<a href=\"https:\/\/eldigitaldeasturias.com\/magazine365\/los-maquinistas-de-renfe-contemplan-convocar-mas-huelgas-si-no-logran-acuerdos-con-la-empresa\/\" title=\"Los maquinistas de Renfe contemplan convocar m\u00e1s huelgas si no logran acuerdos con la empresa\">Los maquinistas de Renfe contemplan convocar m\u00e1s huelgas si no logran acuerdos con la empresa<\/a>\n<\/span><\/div>","aioseo_breadcrumb_json":[{"label":"Home","link":"https:\/\/eldigitaldeasturias.com\/magazine365"},{"label":"Noticias y Actualidad","link":"https:\/\/eldigitaldeasturias.com\/magazine365\/category\/noticias-actualidad\/"},{"label":"Los maquinistas de Renfe contemplan convocar m\u00e1s huelgas si no logran acuerdos con la empresa","link":"https:\/\/eldigitaldeasturias.com\/magazine365\/los-maquinistas-de-renfe-contemplan-convocar-mas-huelgas-si-no-logran-acuerdos-con-la-empresa\/"}],"_links":{"self":[{"href":"https:\/\/eldigitaldeasturias.com\/magazine365\/wp-json\/wp\/v2\/posts\/78892","targetHints":{"allow":["GET"]}}],"collection":[{"href":"https:\/\/eldigitaldeasturias.com\/magazine365\/wp-json\/wp\/v2\/posts"}],"about":[{"href":"https:\/\/eldigitaldeasturias.com\/magazine365\/wp-json\/wp\/v2\/types\/post"}],"author":[{"embeddable":true,"href":"https:\/\/eldigitaldeasturias.com\/magazine365\/wp-json\/wp\/v2\/users\/1"}],"replies":[{"embeddable":true,"href":"https:\/\/eldigitaldeasturias.com\/magazine365\/wp-json\/wp\/v2\/comments?post=78892"}],"version-history":[{"count":0,"href":"https:\/\/eldigitaldeasturias.com\/magazine365\/wp-json\/wp\/v2\/posts\/78892\/revisions"}],"wp:featuredmedia":[{"embeddable":true,"href":"https:\/\/eldigitaldeasturias.com\/magazine365\/wp-json\/wp\/v2\/media\/78893"}],"wp:attachment":[{"href":"https:\/\/eldigitaldeasturias.com\/magazine365\/wp-json\/wp\/v2\/media?parent=78892"}],"wp:term":[{"taxonomy":"category","embeddable":true,"href":"https:\/\/eldigitaldeasturias.com\/magazine365\/wp-json\/wp\/v2\/categories?post=78892"},{"taxonomy":"post_tag","embeddable":true,"href":"https:\/\/eldigitaldeasturias.com\/magazine365\/wp-json\/wp\/v2\/tags?post=78892"}],"curies":[{"name":"wp","href":"https:\/\/api.w.org\/{rel}","templated":true}]}}