{"id":78878,"date":"2016-06-13T13:42:22","date_gmt":"2016-06-13T11:42:22","guid":{"rendered":"http:\/\/eldigitaldeasturias.com\/magazine365\/?p=78878"},"modified":"2016-06-13T13:42:22","modified_gmt":"2016-06-13T11:42:22","slug":"unos-30-operadores-turisticos-conocen-la-oferta-gallega-en-la-semana-verde-de-silleda","status":"publish","type":"post","link":"https:\/\/eldigitaldeasturias.com\/magazine365\/unos-30-operadores-turisticos-conocen-la-oferta-gallega-en-la-semana-verde-de-silleda\/","title":{"rendered":"Unos 30 operadores tur\u00edsticos conocen la oferta gallega en la Semana Verde de Silleda"},"content":{"rendered":"<p><img fetchpriority=\"high\" decoding=\"async\" class=\"alignleft size-medium wp-image-78879\" src=\"https:\/\/eldigitaldeasturias.com\/magazine365\/wp-content\/uploads\/2016\/06\/fotonoticia_20160613101557_800-360x260.jpg\" alt=\"fotonoticia_20160613101557_800\" width=\"360\" height=\"260\" srcset=\"https:\/\/eldigitaldeasturias.com\/magazine365\/wp-content\/uploads\/2016\/06\/fotonoticia_20160613101557_800-360x260.jpg 360w, https:\/\/eldigitaldeasturias.com\/magazine365\/wp-content\/uploads\/2016\/06\/fotonoticia_20160613101557_800-650x470.jpg 650w, https:\/\/eldigitaldeasturias.com\/magazine365\/wp-content\/uploads\/2016\/06\/fotonoticia_20160613101557_800-768x555.jpg 768w, https:\/\/eldigitaldeasturias.com\/magazine365\/wp-content\/uploads\/2016\/06\/fotonoticia_20160613101557_800-150x108.jpg 150w, https:\/\/eldigitaldeasturias.com\/magazine365\/wp-content\/uploads\/2016\/06\/fotonoticia_20160613101557_800-450x325.jpg 450w, https:\/\/eldigitaldeasturias.com\/magazine365\/wp-content\/uploads\/2016\/06\/fotonoticia_20160613101557_800.jpg 800w\" sizes=\"(max-width: 360px) 100vw, 360px\" \/>La 39\u00aa Feira Internacional Abanca Semana Verde de Silleda (Pontevedra) ha acogido la Feira de Festas de Interese Tur\u00edstico (Festur) y el Sal\u00f3n Tur\u00edstico de Galicia (Turexpo), a trav\u00e9s de los que 30 operadores de 10 pa\u00edses han podido conocer la oferta tur\u00edstica gallega.<\/p>\n<p>De este modo, seg\u00fan ha explicado la Xunta en un comunicado, durante este fin de semana, los asistentes han conocido los principales atractivos de la Comunidad gallega, como el Camino de Santiago y sus peculiaridades naturales, culturales y gastron\u00f3micas, as\u00ed como la singularidad de las fiestas populares.<\/p>\n<p>En esta l\u00ednea, tambi\u00e9n se han promocionado los nuevos productos puestos en marcha por Turismo de Galicia para desestacionalizar la demanda tur\u00edstica, como la Ruta da Lamprea, el nuevo itinerario de los cruceros costeros por las r\u00edas gallegas, as\u00ed como otras iniciativas como el Outono gastron\u00f3mico, las Xornadas de Portas Abertas das Rutas do Vi\u00f1o y los Trens Tur\u00edsticos.<\/p>\n<p>Asimismo, Turexpo se ha convertido en una plataforma de negocio y comercializaci\u00f3n internacional de Galicia. En este contexto, se han mostrado los servicios y productos gallegos a los asistentes al evento mediante la beca de contrataci\u00f3n tur\u00edstica. Adem\u00e1s, los turoperadores han mantenido cerca de 1.280 reuniones de trabajo con unas 80 empresas gallegas y han realizado varios viajes por la Comunidad.<\/p>\n<p>Los asistentes tambi\u00e9n han conocido la oferta de Festur y han recibido el nuevo folleto de fiestas de inter\u00e9s tur\u00edstico, en el que se recogen los principales datos de las celebraciones gallegas con este reconocimiento a nivel auton\u00f3mico, estatal e internacional.<\/p>\n","protected":false},"excerpt":{"rendered":"<p>La 39\u00aa Feira Internacional Abanca Semana Verde de Silleda (Pontevedra) ha acogido la Feira de Festas de Interese Tur\u00edstico (Festur) y el Sal\u00f3n Tur\u00edstico de Galicia (Turexpo), a trav\u00e9s de los que 30 operadores de 10 pa\u00edses han podido conocer la oferta tur\u00edstica gallega. De este modo, seg\u00fan ha explicado la Xunta en un comunicado,<\/p>\n","protected":false},"author":1,"featured_media":78879,"comment_status":"open","ping_status":"closed","sticky":false,"template":"","format":"standard","meta":{"footnotes":""},"categories":[224],"tags":[],"class_list":{"0":"post-78878","1":"post","2":"type-post","3":"status-publish","4":"format-standard","5":"has-post-thumbnail","7":"category-noticias-actualidad"},"aioseo_notices":[],"aioseo_head":"\n\t\t<!-- All in One SEO Pro 4.9.6.1 - aioseo.com -->\n\t<meta name=\"description\" content=\"La 39\u00aa Feira Internacional Abanca Semana Verde de Silleda (Pontevedra) ha acogido la Feira de Festas de Interese Tur\u00edstico (Festur) y el Sal\u00f3n Tur\u00edstico de Galicia (Turexpo), a trav\u00e9s de los que 30 operadores de 10 pa\u00edses han podido conocer la oferta tur\u00edstica gallega. De este modo, seg\u00fan ha explicado la Xunta en un comunicado,\" \/>\n\t<meta name=\"robots\" content=\"max-image-preview:large\" \/>\n\t<meta name=\"author\" content=\"admin\"\/>\n\t<meta name=\"google-site-verification\" content=\"UA-38556648-1\" \/>\n\t<meta name=\"keywords\" content=\"noticias y actualidad\" \/>\n\t<link rel=\"canonical\" href=\"https:\/\/eldigitaldeasturias.com\/magazine365\/unos-30-operadores-turisticos-conocen-la-oferta-gallega-en-la-semana-verde-de-silleda\/\" \/>\n\t<meta name=\"generator\" content=\"All in One SEO Pro (AIOSEO) 4.9.6.1\" \/>\n\t\t<meta property=\"og:locale\" content=\"es_ES\" \/>\n\t\t<meta property=\"og:site_name\" content=\"El Digital de Asturias \u2013 Revista de ocio, turismo y estilo de vida\" \/>\n\t\t<meta property=\"og:type\" content=\"article\" \/>\n\t\t<meta property=\"og:title\" content=\"Unos 30 operadores tur\u00edsticos conocen la oferta gallega en la Semana Verde de Silleda | El Digital de Asturias\" \/>\n\t\t<meta property=\"og:description\" content=\"La 39\u00aa Feira Internacional Abanca Semana Verde de Silleda (Pontevedra) ha acogido la Feira de Festas de Interese Tur\u00edstico (Festur) y el Sal\u00f3n Tur\u00edstico de Galicia (Turexpo), a trav\u00e9s de los que 30 operadores de 10 pa\u00edses han podido conocer la oferta tur\u00edstica gallega. De este modo, seg\u00fan ha explicado la Xunta en un comunicado,\" \/>\n\t\t<meta property=\"og:url\" content=\"https:\/\/eldigitaldeasturias.com\/magazine365\/unos-30-operadores-turisticos-conocen-la-oferta-gallega-en-la-semana-verde-de-silleda\/\" \/>\n\t\t<meta property=\"og:image\" content=\"https:\/\/eldigitaldeasturias.com\/magazine365\/wp-content\/uploads\/2016\/06\/fotonoticia_20160613101557_800.jpg\" \/>\n\t\t<meta property=\"og:image:secure_url\" content=\"https:\/\/eldigitaldeasturias.com\/magazine365\/wp-content\/uploads\/2016\/06\/fotonoticia_20160613101557_800.jpg\" \/>\n\t\t<meta property=\"og:image:width\" content=\"800\" \/>\n\t\t<meta property=\"og:image:height\" content=\"578\" \/>\n\t\t<meta property=\"article:published_time\" content=\"2016-06-13T11:42:22+00:00\" \/>\n\t\t<meta property=\"article:modified_time\" content=\"2016-06-13T11:42:22+00:00\" \/>\n\t\t<meta name=\"twitter:card\" content=\"summary_large_image\" \/>\n\t\t<meta name=\"twitter:title\" content=\"Unos 30 operadores tur\u00edsticos conocen la oferta gallega en la Semana Verde de Silleda | El Digital de Asturias\" \/>\n\t\t<meta name=\"twitter:description\" content=\"La 39\u00aa Feira Internacional Abanca Semana Verde de Silleda (Pontevedra) ha acogido la Feira de Festas de Interese Tur\u00edstico (Festur) y el Sal\u00f3n Tur\u00edstico de Galicia (Turexpo), a trav\u00e9s de los que 30 operadores de 10 pa\u00edses han podido conocer la oferta tur\u00edstica gallega. De este modo, seg\u00fan ha explicado la Xunta en un comunicado,\" \/>\n\t\t<meta name=\"twitter:image\" content=\"https:\/\/eldigitaldeasturias.com\/magazine365\/wp-content\/uploads\/2016\/06\/fotonoticia_20160613101557_800.jpg\" \/>\n\t\t<script type=\"application\/ld+json\" class=\"aioseo-schema\">\n\t\t\t{\"@context\":\"https:\\\/\\\/schema.org\",\"@graph\":[{\"@type\":\"Article\",\"@id\":\"https:\\\/\\\/eldigitaldeasturias.com\\\/magazine365\\\/unos-30-operadores-turisticos-conocen-la-oferta-gallega-en-la-semana-verde-de-silleda\\\/#article\",\"name\":\"Unos 30 operadores tur\\u00edsticos conocen la oferta gallega en la Semana Verde de Silleda | El Digital de Asturias\",\"headline\":\"Unos 30 operadores tur\\u00edsticos conocen la oferta gallega en la Semana Verde de Silleda\",\"author\":{\"@id\":\"https:\\\/\\\/eldigitaldeasturias.com\\\/magazine365\\\/author\\\/admin\\\/#author\"},\"publisher\":{\"@id\":\"https:\\\/\\\/eldigitaldeasturias.com\\\/magazine365\\\/#organization\"},\"image\":{\"@type\":\"ImageObject\",\"url\":\"https:\\\/\\\/eldigitaldeasturias.com\\\/magazine365\\\/wp-content\\\/uploads\\\/2016\\\/06\\\/fotonoticia_20160613101557_800.jpg\",\"width\":800,\"height\":578},\"datePublished\":\"2016-06-13T13:42:22+02:00\",\"dateModified\":\"2016-06-13T13:42:22+02:00\",\"inLanguage\":\"es-ES\",\"mainEntityOfPage\":{\"@id\":\"https:\\\/\\\/eldigitaldeasturias.com\\\/magazine365\\\/unos-30-operadores-turisticos-conocen-la-oferta-gallega-en-la-semana-verde-de-silleda\\\/#webpage\"},\"isPartOf\":{\"@id\":\"https:\\\/\\\/eldigitaldeasturias.com\\\/magazine365\\\/unos-30-operadores-turisticos-conocen-la-oferta-gallega-en-la-semana-verde-de-silleda\\\/#webpage\"},\"articleSection\":\"Noticias y Actualidad\"},{\"@type\":\"BreadcrumbList\",\"@id\":\"https:\\\/\\\/eldigitaldeasturias.com\\\/magazine365\\\/unos-30-operadores-turisticos-conocen-la-oferta-gallega-en-la-semana-verde-de-silleda\\\/#breadcrumblist\",\"itemListElement\":[{\"@type\":\"ListItem\",\"@id\":\"https:\\\/\\\/eldigitaldeasturias.com\\\/magazine365#listItem\",\"position\":1,\"name\":\"Home\",\"item\":\"https:\\\/\\\/eldigitaldeasturias.com\\\/magazine365\",\"nextItem\":{\"@type\":\"ListItem\",\"@id\":\"https:\\\/\\\/eldigitaldeasturias.com\\\/magazine365\\\/category\\\/noticias-actualidad\\\/#listItem\",\"name\":\"Noticias y Actualidad\"}},{\"@type\":\"ListItem\",\"@id\":\"https:\\\/\\\/eldigitaldeasturias.com\\\/magazine365\\\/category\\\/noticias-actualidad\\\/#listItem\",\"position\":2,\"name\":\"Noticias y Actualidad\",\"item\":\"https:\\\/\\\/eldigitaldeasturias.com\\\/magazine365\\\/category\\\/noticias-actualidad\\\/\",\"nextItem\":{\"@type\":\"ListItem\",\"@id\":\"https:\\\/\\\/eldigitaldeasturias.com\\\/magazine365\\\/unos-30-operadores-turisticos-conocen-la-oferta-gallega-en-la-semana-verde-de-silleda\\\/#listItem\",\"name\":\"Unos 30 operadores tur\\u00edsticos conocen la oferta gallega en la Semana Verde de Silleda\"},\"previousItem\":{\"@type\":\"ListItem\",\"@id\":\"https:\\\/\\\/eldigitaldeasturias.com\\\/magazine365#listItem\",\"name\":\"Home\"}},{\"@type\":\"ListItem\",\"@id\":\"https:\\\/\\\/eldigitaldeasturias.com\\\/magazine365\\\/unos-30-operadores-turisticos-conocen-la-oferta-gallega-en-la-semana-verde-de-silleda\\\/#listItem\",\"position\":3,\"name\":\"Unos 30 operadores tur\\u00edsticos conocen la oferta gallega en la Semana Verde de Silleda\",\"previousItem\":{\"@type\":\"ListItem\",\"@id\":\"https:\\\/\\\/eldigitaldeasturias.com\\\/magazine365\\\/category\\\/noticias-actualidad\\\/#listItem\",\"name\":\"Noticias y Actualidad\"}}]},{\"@type\":\"Organization\",\"@id\":\"https:\\\/\\\/eldigitaldeasturias.com\\\/magazine365\\\/#organization\",\"name\":\"El digital de Asturias\",\"description\":\"Revista de ocio, turismo y estilo de vida\",\"url\":\"https:\\\/\\\/eldigitaldeasturias.com\\\/magazine365\\\/\",\"logo\":{\"@type\":\"ImageObject\",\"url\":\"https:\\\/\\\/www.eldigitaldeasturias.com\\\/noticias\\\/wp-content\\\/uploads\\\/2020\\\/12\\\/EDA.jpg\",\"@id\":\"https:\\\/\\\/eldigitaldeasturias.com\\\/magazine365\\\/unos-30-operadores-turisticos-conocen-la-oferta-gallega-en-la-semana-verde-de-silleda\\\/#organizationLogo\"},\"image\":{\"@id\":\"https:\\\/\\\/eldigitaldeasturias.com\\\/magazine365\\\/unos-30-operadores-turisticos-conocen-la-oferta-gallega-en-la-semana-verde-de-silleda\\\/#organizationLogo\"}},{\"@type\":\"Person\",\"@id\":\"https:\\\/\\\/eldigitaldeasturias.com\\\/magazine365\\\/author\\\/admin\\\/#author\",\"url\":\"https:\\\/\\\/eldigitaldeasturias.com\\\/magazine365\\\/author\\\/admin\\\/\",\"name\":\"admin\",\"image\":{\"@type\":\"ImageObject\",\"@id\":\"https:\\\/\\\/eldigitaldeasturias.com\\\/magazine365\\\/unos-30-operadores-turisticos-conocen-la-oferta-gallega-en-la-semana-verde-de-silleda\\\/#authorImage\",\"url\":\"https:\\\/\\\/eldigitaldeasturias.com\\\/magazine365\\\/wp-content\\\/litespeed\\\/avatar\\\/e571bcf59a0edd6fa6838245a470f2fe.jpg?ver=1776969259\",\"width\":96,\"height\":96,\"caption\":\"admin\"}},{\"@type\":\"WebPage\",\"@id\":\"https:\\\/\\\/eldigitaldeasturias.com\\\/magazine365\\\/unos-30-operadores-turisticos-conocen-la-oferta-gallega-en-la-semana-verde-de-silleda\\\/#webpage\",\"url\":\"https:\\\/\\\/eldigitaldeasturias.com\\\/magazine365\\\/unos-30-operadores-turisticos-conocen-la-oferta-gallega-en-la-semana-verde-de-silleda\\\/\",\"name\":\"Unos 30 operadores tur\\u00edsticos conocen la oferta gallega en la Semana Verde de Silleda | El Digital de Asturias\",\"description\":\"La 39\\u00aa Feira Internacional Abanca Semana Verde de Silleda (Pontevedra) ha acogido la Feira de Festas de Interese Tur\\u00edstico (Festur) y el Sal\\u00f3n Tur\\u00edstico de Galicia (Turexpo), a trav\\u00e9s de los que 30 operadores de 10 pa\\u00edses han podido conocer la oferta tur\\u00edstica gallega. De este modo, seg\\u00fan ha explicado la Xunta en un comunicado,\",\"inLanguage\":\"es-ES\",\"isPartOf\":{\"@id\":\"https:\\\/\\\/eldigitaldeasturias.com\\\/magazine365\\\/#website\"},\"breadcrumb\":{\"@id\":\"https:\\\/\\\/eldigitaldeasturias.com\\\/magazine365\\\/unos-30-operadores-turisticos-conocen-la-oferta-gallega-en-la-semana-verde-de-silleda\\\/#breadcrumblist\"},\"author\":{\"@id\":\"https:\\\/\\\/eldigitaldeasturias.com\\\/magazine365\\\/author\\\/admin\\\/#author\"},\"creator\":{\"@id\":\"https:\\\/\\\/eldigitaldeasturias.com\\\/magazine365\\\/author\\\/admin\\\/#author\"},\"image\":{\"@type\":\"ImageObject\",\"url\":\"https:\\\/\\\/eldigitaldeasturias.com\\\/magazine365\\\/wp-content\\\/uploads\\\/2016\\\/06\\\/fotonoticia_20160613101557_800.jpg\",\"@id\":\"https:\\\/\\\/eldigitaldeasturias.com\\\/magazine365\\\/unos-30-operadores-turisticos-conocen-la-oferta-gallega-en-la-semana-verde-de-silleda\\\/#mainImage\",\"width\":800,\"height\":578},\"primaryImageOfPage\":{\"@id\":\"https:\\\/\\\/eldigitaldeasturias.com\\\/magazine365\\\/unos-30-operadores-turisticos-conocen-la-oferta-gallega-en-la-semana-verde-de-silleda\\\/#mainImage\"},\"datePublished\":\"2016-06-13T13:42:22+02:00\",\"dateModified\":\"2016-06-13T13:42:22+02:00\"},{\"@type\":\"WebSite\",\"@id\":\"https:\\\/\\\/eldigitaldeasturias.com\\\/magazine365\\\/#website\",\"url\":\"https:\\\/\\\/eldigitaldeasturias.com\\\/magazine365\\\/\",\"name\":\"El Digital de Asturias\",\"description\":\"Revista de ocio, turismo y estilo de vida\",\"inLanguage\":\"es-ES\",\"publisher\":{\"@id\":\"https:\\\/\\\/eldigitaldeasturias.com\\\/magazine365\\\/#organization\"}}]}\n\t\t<\/script>\n\t\t<!-- All in One SEO Pro -->\r\n\t\t<title>Unos 30 operadores tur\u00edsticos conocen la oferta gallega en la Semana Verde de Silleda | El Digital de Asturias<\/title>\n\n","aioseo_head_json":{"title":"Unos 30 operadores tur\u00edsticos conocen la oferta gallega en la Semana Verde de Silleda | El Digital de Asturias","description":"La 39\u00aa Feira Internacional Abanca Semana Verde de Silleda (Pontevedra) ha acogido la Feira de Festas de Interese Tur\u00edstico (Festur) y el Sal\u00f3n Tur\u00edstico de Galicia (Turexpo), a trav\u00e9s de los que 30 operadores de 10 pa\u00edses han podido conocer la oferta tur\u00edstica gallega. De este modo, seg\u00fan ha explicado la Xunta en un comunicado,","canonical_url":"https:\/\/eldigitaldeasturias.com\/magazine365\/unos-30-operadores-turisticos-conocen-la-oferta-gallega-en-la-semana-verde-de-silleda\/","robots":"max-image-preview:large","keywords":"noticias y actualidad","webmasterTools":{"google-site-verification":"UA-38556648-1","miscellaneous":""},"schema":{"@context":"https:\/\/schema.org","@graph":[{"@type":"Article","@id":"https:\/\/eldigitaldeasturias.com\/magazine365\/unos-30-operadores-turisticos-conocen-la-oferta-gallega-en-la-semana-verde-de-silleda\/#article","name":"Unos 30 operadores tur\u00edsticos conocen la oferta gallega en la Semana Verde de Silleda | El Digital de Asturias","headline":"Unos 30 operadores tur\u00edsticos conocen la oferta gallega en la Semana Verde de Silleda","author":{"@id":"https:\/\/eldigitaldeasturias.com\/magazine365\/author\/admin\/#author"},"publisher":{"@id":"https:\/\/eldigitaldeasturias.com\/magazine365\/#organization"},"image":{"@type":"ImageObject","url":"https:\/\/eldigitaldeasturias.com\/magazine365\/wp-content\/uploads\/2016\/06\/fotonoticia_20160613101557_800.jpg","width":800,"height":578},"datePublished":"2016-06-13T13:42:22+02:00","dateModified":"2016-06-13T13:42:22+02:00","inLanguage":"es-ES","mainEntityOfPage":{"@id":"https:\/\/eldigitaldeasturias.com\/magazine365\/unos-30-operadores-turisticos-conocen-la-oferta-gallega-en-la-semana-verde-de-silleda\/#webpage"},"isPartOf":{"@id":"https:\/\/eldigitaldeasturias.com\/magazine365\/unos-30-operadores-turisticos-conocen-la-oferta-gallega-en-la-semana-verde-de-silleda\/#webpage"},"articleSection":"Noticias y Actualidad"},{"@type":"BreadcrumbList","@id":"https:\/\/eldigitaldeasturias.com\/magazine365\/unos-30-operadores-turisticos-conocen-la-oferta-gallega-en-la-semana-verde-de-silleda\/#breadcrumblist","itemListElement":[{"@type":"ListItem","@id":"https:\/\/eldigitaldeasturias.com\/magazine365#listItem","position":1,"name":"Home","item":"https:\/\/eldigitaldeasturias.com\/magazine365","nextItem":{"@type":"ListItem","@id":"https:\/\/eldigitaldeasturias.com\/magazine365\/category\/noticias-actualidad\/#listItem","name":"Noticias y Actualidad"}},{"@type":"ListItem","@id":"https:\/\/eldigitaldeasturias.com\/magazine365\/category\/noticias-actualidad\/#listItem","position":2,"name":"Noticias y Actualidad","item":"https:\/\/eldigitaldeasturias.com\/magazine365\/category\/noticias-actualidad\/","nextItem":{"@type":"ListItem","@id":"https:\/\/eldigitaldeasturias.com\/magazine365\/unos-30-operadores-turisticos-conocen-la-oferta-gallega-en-la-semana-verde-de-silleda\/#listItem","name":"Unos 30 operadores tur\u00edsticos conocen la oferta gallega en la Semana Verde de Silleda"},"previousItem":{"@type":"ListItem","@id":"https:\/\/eldigitaldeasturias.com\/magazine365#listItem","name":"Home"}},{"@type":"ListItem","@id":"https:\/\/eldigitaldeasturias.com\/magazine365\/unos-30-operadores-turisticos-conocen-la-oferta-gallega-en-la-semana-verde-de-silleda\/#listItem","position":3,"name":"Unos 30 operadores tur\u00edsticos conocen la oferta gallega en la Semana Verde de Silleda","previousItem":{"@type":"ListItem","@id":"https:\/\/eldigitaldeasturias.com\/magazine365\/category\/noticias-actualidad\/#listItem","name":"Noticias y Actualidad"}}]},{"@type":"Organization","@id":"https:\/\/eldigitaldeasturias.com\/magazine365\/#organization","name":"El digital de Asturias","description":"Revista de ocio, turismo y estilo de vida","url":"https:\/\/eldigitaldeasturias.com\/magazine365\/","logo":{"@type":"ImageObject","url":"https:\/\/www.eldigitaldeasturias.com\/noticias\/wp-content\/uploads\/2020\/12\/EDA.jpg","@id":"https:\/\/eldigitaldeasturias.com\/magazine365\/unos-30-operadores-turisticos-conocen-la-oferta-gallega-en-la-semana-verde-de-silleda\/#organizationLogo"},"image":{"@id":"https:\/\/eldigitaldeasturias.com\/magazine365\/unos-30-operadores-turisticos-conocen-la-oferta-gallega-en-la-semana-verde-de-silleda\/#organizationLogo"}},{"@type":"Person","@id":"https:\/\/eldigitaldeasturias.com\/magazine365\/author\/admin\/#author","url":"https:\/\/eldigitaldeasturias.com\/magazine365\/author\/admin\/","name":"admin","image":{"@type":"ImageObject","@id":"https:\/\/eldigitaldeasturias.com\/magazine365\/unos-30-operadores-turisticos-conocen-la-oferta-gallega-en-la-semana-verde-de-silleda\/#authorImage","url":"https:\/\/eldigitaldeasturias.com\/magazine365\/wp-content\/litespeed\/avatar\/e571bcf59a0edd6fa6838245a470f2fe.jpg?ver=1776969259","width":96,"height":96,"caption":"admin"}},{"@type":"WebPage","@id":"https:\/\/eldigitaldeasturias.com\/magazine365\/unos-30-operadores-turisticos-conocen-la-oferta-gallega-en-la-semana-verde-de-silleda\/#webpage","url":"https:\/\/eldigitaldeasturias.com\/magazine365\/unos-30-operadores-turisticos-conocen-la-oferta-gallega-en-la-semana-verde-de-silleda\/","name":"Unos 30 operadores tur\u00edsticos conocen la oferta gallega en la Semana Verde de Silleda | El Digital de Asturias","description":"La 39\u00aa Feira Internacional Abanca Semana Verde de Silleda (Pontevedra) ha acogido la Feira de Festas de Interese Tur\u00edstico (Festur) y el Sal\u00f3n Tur\u00edstico de Galicia (Turexpo), a trav\u00e9s de los que 30 operadores de 10 pa\u00edses han podido conocer la oferta tur\u00edstica gallega. De este modo, seg\u00fan ha explicado la Xunta en un comunicado,","inLanguage":"es-ES","isPartOf":{"@id":"https:\/\/eldigitaldeasturias.com\/magazine365\/#website"},"breadcrumb":{"@id":"https:\/\/eldigitaldeasturias.com\/magazine365\/unos-30-operadores-turisticos-conocen-la-oferta-gallega-en-la-semana-verde-de-silleda\/#breadcrumblist"},"author":{"@id":"https:\/\/eldigitaldeasturias.com\/magazine365\/author\/admin\/#author"},"creator":{"@id":"https:\/\/eldigitaldeasturias.com\/magazine365\/author\/admin\/#author"},"image":{"@type":"ImageObject","url":"https:\/\/eldigitaldeasturias.com\/magazine365\/wp-content\/uploads\/2016\/06\/fotonoticia_20160613101557_800.jpg","@id":"https:\/\/eldigitaldeasturias.com\/magazine365\/unos-30-operadores-turisticos-conocen-la-oferta-gallega-en-la-semana-verde-de-silleda\/#mainImage","width":800,"height":578},"primaryImageOfPage":{"@id":"https:\/\/eldigitaldeasturias.com\/magazine365\/unos-30-operadores-turisticos-conocen-la-oferta-gallega-en-la-semana-verde-de-silleda\/#mainImage"},"datePublished":"2016-06-13T13:42:22+02:00","dateModified":"2016-06-13T13:42:22+02:00"},{"@type":"WebSite","@id":"https:\/\/eldigitaldeasturias.com\/magazine365\/#website","url":"https:\/\/eldigitaldeasturias.com\/magazine365\/","name":"El Digital de Asturias","description":"Revista de ocio, turismo y estilo de vida","inLanguage":"es-ES","publisher":{"@id":"https:\/\/eldigitaldeasturias.com\/magazine365\/#organization"}}]},"og:locale":"es_ES","og:site_name":"El Digital de Asturias \u2013 Revista de ocio, turismo y estilo de vida","og:type":"article","og:title":"Unos 30 operadores tur\u00edsticos conocen la oferta gallega en la Semana Verde de Silleda | El Digital de Asturias","og:description":"La 39\u00aa Feira Internacional Abanca Semana Verde de Silleda (Pontevedra) ha acogido la Feira de Festas de Interese Tur\u00edstico (Festur) y el Sal\u00f3n Tur\u00edstico de Galicia (Turexpo), a trav\u00e9s de los que 30 operadores de 10 pa\u00edses han podido conocer la oferta tur\u00edstica gallega. De este modo, seg\u00fan ha explicado la Xunta en un comunicado,","og:url":"https:\/\/eldigitaldeasturias.com\/magazine365\/unos-30-operadores-turisticos-conocen-la-oferta-gallega-en-la-semana-verde-de-silleda\/","og:image":"https:\/\/eldigitaldeasturias.com\/magazine365\/wp-content\/uploads\/2016\/06\/fotonoticia_20160613101557_800.jpg","og:image:secure_url":"https:\/\/eldigitaldeasturias.com\/magazine365\/wp-content\/uploads\/2016\/06\/fotonoticia_20160613101557_800.jpg","og:image:width":800,"og:image:height":578,"article:published_time":"2016-06-13T11:42:22+00:00","article:modified_time":"2016-06-13T11:42:22+00:00","twitter:card":"summary_large_image","twitter:title":"Unos 30 operadores tur\u00edsticos conocen la oferta gallega en la Semana Verde de Silleda | El Digital de Asturias","twitter:description":"La 39\u00aa Feira Internacional Abanca Semana Verde de Silleda (Pontevedra) ha acogido la Feira de Festas de Interese Tur\u00edstico (Festur) y el Sal\u00f3n Tur\u00edstico de Galicia (Turexpo), a trav\u00e9s de los que 30 operadores de 10 pa\u00edses han podido conocer la oferta tur\u00edstica gallega. De este modo, seg\u00fan ha explicado la Xunta en un comunicado,","twitter:image":"https:\/\/eldigitaldeasturias.com\/magazine365\/wp-content\/uploads\/2016\/06\/fotonoticia_20160613101557_800.jpg"},"aioseo_meta_data":{"post_id":"78878","title":null,"description":null,"keywords":null,"keyphrases":null,"primary_term":null,"canonical_url":null,"og_title":null,"og_description":null,"og_object_type":"default","og_image_type":"default","og_image_url":null,"og_image_width":null,"og_image_height":null,"og_image_custom_url":null,"og_image_custom_fields":null,"og_video":null,"og_custom_url":null,"og_article_section":null,"og_article_tags":null,"twitter_use_og":false,"twitter_card":"default","twitter_image_type":"default","twitter_image_url":null,"twitter_image_custom_url":null,"twitter_image_custom_fields":null,"twitter_title":null,"twitter_description":null,"schema":{"blockGraphs":[],"customGraphs":[],"default":{"data":{"Article":[],"Course":[],"Dataset":[],"FAQPage":[],"Movie":[],"Person":[],"Product":[],"ProductReview":[],"Car":[],"Recipe":[],"Service":[],"SoftwareApplication":[],"WebPage":[]},"graphName":"","isEnabled":true},"graphs":[]},"schema_type":null,"schema_type_options":null,"pillar_content":false,"robots_default":true,"robots_noindex":false,"robots_noarchive":false,"robots_nosnippet":false,"robots_nofollow":false,"robots_noimageindex":false,"robots_noodp":false,"robots_notranslate":false,"robots_max_snippet":null,"robots_max_videopreview":null,"robots_max_imagepreview":"large","priority":null,"frequency":null,"location":null,"local_seo":null,"seo_analyzer_scan_date":"2025-09-27 17:47:43","breadcrumb_settings":null,"limit_modified_date":false,"open_ai":null,"ai":null,"created":"2021-03-08 17:55:28","updated":"2025-09-27 17:47:43"},"aioseo_breadcrumb":"<div class=\"aioseo-breadcrumbs\"><span class=\"aioseo-breadcrumb\">\n\t<a href=\"https:\/\/eldigitaldeasturias.com\/magazine365\" title=\"Home\">Home<\/a>\n<\/span><span class=\"aioseo-breadcrumb-separator\">\u2013<\/span><span class=\"aioseo-breadcrumb\">\n\t<a href=\"https:\/\/eldigitaldeasturias.com\/magazine365\/category\/noticias-actualidad\/\" title=\"Noticias y Actualidad\">Noticias y Actualidad<\/a>\n<\/span><span class=\"aioseo-breadcrumb-separator\">\u2013<\/span><span class=\"aioseo-breadcrumb\">\n\t<a href=\"https:\/\/eldigitaldeasturias.com\/magazine365\/unos-30-operadores-turisticos-conocen-la-oferta-gallega-en-la-semana-verde-de-silleda\/\" title=\"Unos 30 operadores tur\u00edsticos conocen la oferta gallega en la Semana Verde de Silleda\">Unos 30 operadores tur\u00edsticos conocen la oferta gallega en la Semana Verde de Silleda<\/a>\n<\/span><\/div>","aioseo_breadcrumb_json":[{"label":"Home","link":"https:\/\/eldigitaldeasturias.com\/magazine365"},{"label":"Noticias y Actualidad","link":"https:\/\/eldigitaldeasturias.com\/magazine365\/category\/noticias-actualidad\/"},{"label":"Unos 30 operadores tur\u00edsticos conocen la oferta gallega en la Semana Verde de Silleda","link":"https:\/\/eldigitaldeasturias.com\/magazine365\/unos-30-operadores-turisticos-conocen-la-oferta-gallega-en-la-semana-verde-de-silleda\/"}],"_links":{"self":[{"href":"https:\/\/eldigitaldeasturias.com\/magazine365\/wp-json\/wp\/v2\/posts\/78878","targetHints":{"allow":["GET"]}}],"collection":[{"href":"https:\/\/eldigitaldeasturias.com\/magazine365\/wp-json\/wp\/v2\/posts"}],"about":[{"href":"https:\/\/eldigitaldeasturias.com\/magazine365\/wp-json\/wp\/v2\/types\/post"}],"author":[{"embeddable":true,"href":"https:\/\/eldigitaldeasturias.com\/magazine365\/wp-json\/wp\/v2\/users\/1"}],"replies":[{"embeddable":true,"href":"https:\/\/eldigitaldeasturias.com\/magazine365\/wp-json\/wp\/v2\/comments?post=78878"}],"version-history":[{"count":0,"href":"https:\/\/eldigitaldeasturias.com\/magazine365\/wp-json\/wp\/v2\/posts\/78878\/revisions"}],"wp:featuredmedia":[{"embeddable":true,"href":"https:\/\/eldigitaldeasturias.com\/magazine365\/wp-json\/wp\/v2\/media\/78879"}],"wp:attachment":[{"href":"https:\/\/eldigitaldeasturias.com\/magazine365\/wp-json\/wp\/v2\/media?parent=78878"}],"wp:term":[{"taxonomy":"category","embeddable":true,"href":"https:\/\/eldigitaldeasturias.com\/magazine365\/wp-json\/wp\/v2\/categories?post=78878"},{"taxonomy":"post_tag","embeddable":true,"href":"https:\/\/eldigitaldeasturias.com\/magazine365\/wp-json\/wp\/v2\/tags?post=78878"}],"curies":[{"name":"wp","href":"https:\/\/api.w.org\/{rel}","templated":true}]}}