{"id":78873,"date":"2016-06-13T13:39:24","date_gmt":"2016-06-13T11:39:24","guid":{"rendered":"http:\/\/eldigitaldeasturias.com\/magazine365\/?p=78873"},"modified":"2016-06-13T13:39:24","modified_gmt":"2016-06-13T11:39:24","slug":"los-sindicatos-en-metro-de-madrid-inician-hoy-una-serie-de-paros-parciales","status":"publish","type":"post","link":"https:\/\/eldigitaldeasturias.com\/magazine365\/los-sindicatos-en-metro-de-madrid-inician-hoy-una-serie-de-paros-parciales\/","title":{"rendered":"Los sindicatos en Metro de Madrid inician hoy una serie de paros parciales"},"content":{"rendered":"<p><img fetchpriority=\"high\" decoding=\"async\" class=\"alignleft size-medium wp-image-78874\" src=\"https:\/\/eldigitaldeasturias.com\/magazine365\/wp-content\/uploads\/2016\/06\/fotonoticia_20160613101500_800-360x239.jpg\" alt=\"fotonoticia_20160613101500_800\" width=\"360\" height=\"239\" srcset=\"https:\/\/eldigitaldeasturias.com\/magazine365\/wp-content\/uploads\/2016\/06\/fotonoticia_20160613101500_800-360x239.jpg 360w, https:\/\/eldigitaldeasturias.com\/magazine365\/wp-content\/uploads\/2016\/06\/fotonoticia_20160613101500_800-650x431.jpg 650w, https:\/\/eldigitaldeasturias.com\/magazine365\/wp-content\/uploads\/2016\/06\/fotonoticia_20160613101500_800-768x509.jpg 768w, https:\/\/eldigitaldeasturias.com\/magazine365\/wp-content\/uploads\/2016\/06\/fotonoticia_20160613101500_800-150x99.jpg 150w, https:\/\/eldigitaldeasturias.com\/magazine365\/wp-content\/uploads\/2016\/06\/fotonoticia_20160613101500_800-450x298.jpg 450w, https:\/\/eldigitaldeasturias.com\/magazine365\/wp-content\/uploads\/2016\/06\/fotonoticia_20160613101500_800-121x79.jpg 121w, https:\/\/eldigitaldeasturias.com\/magazine365\/wp-content\/uploads\/2016\/06\/fotonoticia_20160613101500_800-101x66.jpg 101w, https:\/\/eldigitaldeasturias.com\/magazine365\/wp-content\/uploads\/2016\/06\/fotonoticia_20160613101500_800.jpg 800w\" sizes=\"(max-width: 360px) 100vw, 360px\" \/>Los sindicatos en Metro de Madrid convocan cinco jornadas de paros parciales a partir de este lunes en protesta por la actitud de la empresa en la negociaci\u00f3n del nuevo convenio colectivo, para los cuales hay uno servicios m\u00ednimos fijados entre el 51 y el 65 por ciento de los trenes que circulan habitualmente en el suburbano.<\/p>\n<p>Los paros combinan las convocatorias de paros del Sindicato del Colectivo de Maquinistas de Metro (SCMM) y de las centrales UGT, CC OO, Sindicato de T\u00e9cnicos (STMM), Sindicato Libre (SLMM) y Solidaridad Obrera (SO).<\/p>\n<p>La primera jornada de paros arranca este lunes de 6.05 horas a 9 horas con unos servicios m\u00ednimos fijados del 64 por ciento, al igual que ocurrir\u00e1 el mi\u00e9rcoles, donde se repite el mismo horario y los servicios m\u00ednimos fijados.<\/p>\n<p>El martes hay fijados paros de 6.05 horas a 8.40 horas, de 13.20 a 16.25 horas y de 17.30 a 19.55 horas unido a paros para el colectivo de maquinistas de 14 a 17 horas. Las tres franjas de paros parciales se repetir\u00e1n tambi\u00e9n el jueves.<\/p>\n<p>En el caso de los paros del martes de 6.05 a 8.40 horas, los m\u00ednimos son del 65 por ciento. En la franja de 13.20 a 16.25 horas ser\u00e1n del 58 por ciento y para la tarde, de 17.30 a 19.55 horas, se fijan los m\u00ednimos en el 54 por ciento.<\/p>\n<p>El viernes, los paros convocados ser\u00e1n de 18.30 a 21 horas para el colectivo de maquinistas y se han establecido unos m\u00ednimos del 51 por ciento.<\/p>\n<p>Los paros combinan las convocatorias de paros del Sindicato del Colectivo de Maquinistas de Metro (SCMM) y de las centrales UGT, CC OO, Sindicato de T\u00e9cnicos (STMM), Sindicato Libre (SLMM) y Solidaridad Obrera (SO).<\/p>\n<p>Estos paros se convocan en v\u00edsperas del cierre de 25 estaciones de la L\u00ednea 1 de Metro por obras de mantenimiento. Para este caso, se ha dise\u00f1ado un servicio alternativo de autobuses que desplegar\u00e1 la EMT.<\/p>\n<p>En declaraciones a Europa Press, el responsable de la secci\u00f3n sindical de CCOO, Juan Carlos de la Cruz, afirm\u00f3 que estas movilizaciones se convocan por la actitud de la direcci\u00f3n de Metro, que a su juicio empeoran las condiciones laborales de la plantilla.<\/p>\n<p>Por su parte, el secretario general del Sindicato de Maquinistas, Ricardo Andr\u00e9s, indic\u00f3 que si la empresa no estaba capacitada para llevar las negociaciones, \u00e9stas deber\u00edan ser asumidas por el Ejecutivo regional.<\/p>\n<p>Mientras, Metro de Madrid lamenta los inconvenientes que estos paros puedan generar a los usuarios que viajan durante estos tramos horarios.<\/p>\n<p>M\u00c1S PAROS LA SEMANA QUE VIENE<\/p>\n<p>Esta es la primera tanda de una serie de paros convocados por los sindicatos que se repetir\u00e1n tambi\u00e9n la semana que viene.<\/p>\n<p>As\u00ed, el d\u00eda 20 se programan paros para el colectivo de maquinistas de 6.30 a 9 horas, que se repetir\u00e1n el d\u00eda 21 de 14.15 a 16.15 horas. Por otra parte, el d\u00eda 22 est\u00e1n previstos paros para todos los colectivos de 85 minutos al inicio de jornada.<\/p>\n<p>El d\u00eda 23 habr\u00e1 paros para todos los colectivos de tres horas en los tres turnos. De 6 a 9 horas, de 19 a 22 horas y ya en la madrugada del 4 al 7 del d\u00eda siguiente. El 23 tambi\u00e9n se convoca una manifestaci\u00f3n por los sindicatos que terminar\u00e1 en la Puerta del Sol. Finalmente, el 24 de junio habr\u00e1 paros por la tarde para todos los trabajadores de 18 a 22 horas.<\/p>\n","protected":false},"excerpt":{"rendered":"<p>Los sindicatos en Metro de Madrid convocan cinco jornadas de paros parciales a partir de este lunes en protesta por la actitud de la empresa en la negociaci\u00f3n del nuevo convenio colectivo, para los cuales hay uno servicios m\u00ednimos fijados entre el 51 y el 65 por ciento de los trenes que circulan habitualmente en<\/p>\n","protected":false},"author":1,"featured_media":78874,"comment_status":"open","ping_status":"closed","sticky":false,"template":"","format":"standard","meta":{"footnotes":""},"categories":[224],"tags":[],"class_list":{"0":"post-78873","1":"post","2":"type-post","3":"status-publish","4":"format-standard","5":"has-post-thumbnail","7":"category-noticias-actualidad"},"aioseo_notices":[],"aioseo_head":"\n\t\t<!-- All in One SEO Pro 4.9.6.1 - aioseo.com -->\n\t<meta name=\"description\" content=\"Los sindicatos en Metro de Madrid convocan cinco jornadas de paros parciales a partir de este lunes en protesta por la actitud de la empresa en la negociaci\u00f3n del nuevo convenio colectivo, para los cuales hay uno servicios m\u00ednimos fijados entre el 51 y el 65 por ciento de los trenes que circulan habitualmente en\" \/>\n\t<meta name=\"robots\" content=\"max-image-preview:large\" \/>\n\t<meta name=\"author\" content=\"admin\"\/>\n\t<meta name=\"google-site-verification\" content=\"UA-38556648-1\" \/>\n\t<meta name=\"keywords\" content=\"noticias y actualidad\" \/>\n\t<link rel=\"canonical\" href=\"https:\/\/eldigitaldeasturias.com\/magazine365\/los-sindicatos-en-metro-de-madrid-inician-hoy-una-serie-de-paros-parciales\/\" \/>\n\t<meta name=\"generator\" content=\"All in One SEO Pro (AIOSEO) 4.9.6.1\" \/>\n\t\t<meta property=\"og:locale\" content=\"es_ES\" \/>\n\t\t<meta property=\"og:site_name\" content=\"El Digital de Asturias \u2013 Revista de ocio, turismo y estilo de vida\" \/>\n\t\t<meta property=\"og:type\" content=\"article\" \/>\n\t\t<meta property=\"og:title\" content=\"Los sindicatos en Metro de Madrid inician hoy una serie de paros parciales | El Digital de Asturias\" \/>\n\t\t<meta property=\"og:description\" content=\"Los sindicatos en Metro de Madrid convocan cinco jornadas de paros parciales a partir de este lunes en protesta por la actitud de la empresa en la negociaci\u00f3n del nuevo convenio colectivo, para los cuales hay uno servicios m\u00ednimos fijados entre el 51 y el 65 por ciento de los trenes que circulan habitualmente en\" \/>\n\t\t<meta property=\"og:url\" content=\"https:\/\/eldigitaldeasturias.com\/magazine365\/los-sindicatos-en-metro-de-madrid-inician-hoy-una-serie-de-paros-parciales\/\" \/>\n\t\t<meta property=\"og:image\" content=\"https:\/\/eldigitaldeasturias.com\/magazine365\/wp-content\/uploads\/2016\/06\/fotonoticia_20160613101500_800.jpg\" \/>\n\t\t<meta property=\"og:image:secure_url\" content=\"https:\/\/eldigitaldeasturias.com\/magazine365\/wp-content\/uploads\/2016\/06\/fotonoticia_20160613101500_800.jpg\" \/>\n\t\t<meta property=\"og:image:width\" content=\"800\" \/>\n\t\t<meta property=\"og:image:height\" content=\"530\" \/>\n\t\t<meta property=\"article:published_time\" content=\"2016-06-13T11:39:24+00:00\" \/>\n\t\t<meta property=\"article:modified_time\" content=\"2016-06-13T11:39:24+00:00\" \/>\n\t\t<meta name=\"twitter:card\" content=\"summary_large_image\" \/>\n\t\t<meta name=\"twitter:title\" content=\"Los sindicatos en Metro de Madrid inician hoy una serie de paros parciales | El Digital de Asturias\" \/>\n\t\t<meta name=\"twitter:description\" content=\"Los sindicatos en Metro de Madrid convocan cinco jornadas de paros parciales a partir de este lunes en protesta por la actitud de la empresa en la negociaci\u00f3n del nuevo convenio colectivo, para los cuales hay uno servicios m\u00ednimos fijados entre el 51 y el 65 por ciento de los trenes que circulan habitualmente en\" \/>\n\t\t<meta name=\"twitter:image\" content=\"https:\/\/eldigitaldeasturias.com\/magazine365\/wp-content\/uploads\/2016\/06\/fotonoticia_20160613101500_800.jpg\" \/>\n\t\t<script type=\"application\/ld+json\" class=\"aioseo-schema\">\n\t\t\t{\"@context\":\"https:\\\/\\\/schema.org\",\"@graph\":[{\"@type\":\"Article\",\"@id\":\"https:\\\/\\\/eldigitaldeasturias.com\\\/magazine365\\\/los-sindicatos-en-metro-de-madrid-inician-hoy-una-serie-de-paros-parciales\\\/#article\",\"name\":\"Los sindicatos en Metro de Madrid inician hoy una serie de paros parciales | El Digital de Asturias\",\"headline\":\"Los sindicatos en Metro de Madrid inician hoy una serie de paros parciales\",\"author\":{\"@id\":\"https:\\\/\\\/eldigitaldeasturias.com\\\/magazine365\\\/author\\\/admin\\\/#author\"},\"publisher\":{\"@id\":\"https:\\\/\\\/eldigitaldeasturias.com\\\/magazine365\\\/#organization\"},\"image\":{\"@type\":\"ImageObject\",\"url\":\"https:\\\/\\\/eldigitaldeasturias.com\\\/magazine365\\\/wp-content\\\/uploads\\\/2016\\\/06\\\/fotonoticia_20160613101500_800.jpg\",\"width\":800,\"height\":530},\"datePublished\":\"2016-06-13T13:39:24+02:00\",\"dateModified\":\"2016-06-13T13:39:24+02:00\",\"inLanguage\":\"es-ES\",\"mainEntityOfPage\":{\"@id\":\"https:\\\/\\\/eldigitaldeasturias.com\\\/magazine365\\\/los-sindicatos-en-metro-de-madrid-inician-hoy-una-serie-de-paros-parciales\\\/#webpage\"},\"isPartOf\":{\"@id\":\"https:\\\/\\\/eldigitaldeasturias.com\\\/magazine365\\\/los-sindicatos-en-metro-de-madrid-inician-hoy-una-serie-de-paros-parciales\\\/#webpage\"},\"articleSection\":\"Noticias y Actualidad\"},{\"@type\":\"BreadcrumbList\",\"@id\":\"https:\\\/\\\/eldigitaldeasturias.com\\\/magazine365\\\/los-sindicatos-en-metro-de-madrid-inician-hoy-una-serie-de-paros-parciales\\\/#breadcrumblist\",\"itemListElement\":[{\"@type\":\"ListItem\",\"@id\":\"https:\\\/\\\/eldigitaldeasturias.com\\\/magazine365#listItem\",\"position\":1,\"name\":\"Home\",\"item\":\"https:\\\/\\\/eldigitaldeasturias.com\\\/magazine365\",\"nextItem\":{\"@type\":\"ListItem\",\"@id\":\"https:\\\/\\\/eldigitaldeasturias.com\\\/magazine365\\\/category\\\/noticias-actualidad\\\/#listItem\",\"name\":\"Noticias y Actualidad\"}},{\"@type\":\"ListItem\",\"@id\":\"https:\\\/\\\/eldigitaldeasturias.com\\\/magazine365\\\/category\\\/noticias-actualidad\\\/#listItem\",\"position\":2,\"name\":\"Noticias y Actualidad\",\"item\":\"https:\\\/\\\/eldigitaldeasturias.com\\\/magazine365\\\/category\\\/noticias-actualidad\\\/\",\"nextItem\":{\"@type\":\"ListItem\",\"@id\":\"https:\\\/\\\/eldigitaldeasturias.com\\\/magazine365\\\/los-sindicatos-en-metro-de-madrid-inician-hoy-una-serie-de-paros-parciales\\\/#listItem\",\"name\":\"Los sindicatos en Metro de Madrid inician hoy una serie de paros parciales\"},\"previousItem\":{\"@type\":\"ListItem\",\"@id\":\"https:\\\/\\\/eldigitaldeasturias.com\\\/magazine365#listItem\",\"name\":\"Home\"}},{\"@type\":\"ListItem\",\"@id\":\"https:\\\/\\\/eldigitaldeasturias.com\\\/magazine365\\\/los-sindicatos-en-metro-de-madrid-inician-hoy-una-serie-de-paros-parciales\\\/#listItem\",\"position\":3,\"name\":\"Los sindicatos en Metro de Madrid inician hoy una serie de paros parciales\",\"previousItem\":{\"@type\":\"ListItem\",\"@id\":\"https:\\\/\\\/eldigitaldeasturias.com\\\/magazine365\\\/category\\\/noticias-actualidad\\\/#listItem\",\"name\":\"Noticias y Actualidad\"}}]},{\"@type\":\"Organization\",\"@id\":\"https:\\\/\\\/eldigitaldeasturias.com\\\/magazine365\\\/#organization\",\"name\":\"El digital de Asturias\",\"description\":\"Revista de ocio, turismo y estilo de vida\",\"url\":\"https:\\\/\\\/eldigitaldeasturias.com\\\/magazine365\\\/\",\"logo\":{\"@type\":\"ImageObject\",\"url\":\"https:\\\/\\\/www.eldigitaldeasturias.com\\\/noticias\\\/wp-content\\\/uploads\\\/2020\\\/12\\\/EDA.jpg\",\"@id\":\"https:\\\/\\\/eldigitaldeasturias.com\\\/magazine365\\\/los-sindicatos-en-metro-de-madrid-inician-hoy-una-serie-de-paros-parciales\\\/#organizationLogo\"},\"image\":{\"@id\":\"https:\\\/\\\/eldigitaldeasturias.com\\\/magazine365\\\/los-sindicatos-en-metro-de-madrid-inician-hoy-una-serie-de-paros-parciales\\\/#organizationLogo\"}},{\"@type\":\"Person\",\"@id\":\"https:\\\/\\\/eldigitaldeasturias.com\\\/magazine365\\\/author\\\/admin\\\/#author\",\"url\":\"https:\\\/\\\/eldigitaldeasturias.com\\\/magazine365\\\/author\\\/admin\\\/\",\"name\":\"admin\",\"image\":{\"@type\":\"ImageObject\",\"@id\":\"https:\\\/\\\/eldigitaldeasturias.com\\\/magazine365\\\/los-sindicatos-en-metro-de-madrid-inician-hoy-una-serie-de-paros-parciales\\\/#authorImage\",\"url\":\"https:\\\/\\\/eldigitaldeasturias.com\\\/magazine365\\\/wp-content\\\/litespeed\\\/avatar\\\/e571bcf59a0edd6fa6838245a470f2fe.jpg?ver=1776969259\",\"width\":96,\"height\":96,\"caption\":\"admin\"}},{\"@type\":\"WebPage\",\"@id\":\"https:\\\/\\\/eldigitaldeasturias.com\\\/magazine365\\\/los-sindicatos-en-metro-de-madrid-inician-hoy-una-serie-de-paros-parciales\\\/#webpage\",\"url\":\"https:\\\/\\\/eldigitaldeasturias.com\\\/magazine365\\\/los-sindicatos-en-metro-de-madrid-inician-hoy-una-serie-de-paros-parciales\\\/\",\"name\":\"Los sindicatos en Metro de Madrid inician hoy una serie de paros parciales | El Digital de Asturias\",\"description\":\"Los sindicatos en Metro de Madrid convocan cinco jornadas de paros parciales a partir de este lunes en protesta por la actitud de la empresa en la negociaci\\u00f3n del nuevo convenio colectivo, para los cuales hay uno servicios m\\u00ednimos fijados entre el 51 y el 65 por ciento de los trenes que circulan habitualmente en\",\"inLanguage\":\"es-ES\",\"isPartOf\":{\"@id\":\"https:\\\/\\\/eldigitaldeasturias.com\\\/magazine365\\\/#website\"},\"breadcrumb\":{\"@id\":\"https:\\\/\\\/eldigitaldeasturias.com\\\/magazine365\\\/los-sindicatos-en-metro-de-madrid-inician-hoy-una-serie-de-paros-parciales\\\/#breadcrumblist\"},\"author\":{\"@id\":\"https:\\\/\\\/eldigitaldeasturias.com\\\/magazine365\\\/author\\\/admin\\\/#author\"},\"creator\":{\"@id\":\"https:\\\/\\\/eldigitaldeasturias.com\\\/magazine365\\\/author\\\/admin\\\/#author\"},\"image\":{\"@type\":\"ImageObject\",\"url\":\"https:\\\/\\\/eldigitaldeasturias.com\\\/magazine365\\\/wp-content\\\/uploads\\\/2016\\\/06\\\/fotonoticia_20160613101500_800.jpg\",\"@id\":\"https:\\\/\\\/eldigitaldeasturias.com\\\/magazine365\\\/los-sindicatos-en-metro-de-madrid-inician-hoy-una-serie-de-paros-parciales\\\/#mainImage\",\"width\":800,\"height\":530},\"primaryImageOfPage\":{\"@id\":\"https:\\\/\\\/eldigitaldeasturias.com\\\/magazine365\\\/los-sindicatos-en-metro-de-madrid-inician-hoy-una-serie-de-paros-parciales\\\/#mainImage\"},\"datePublished\":\"2016-06-13T13:39:24+02:00\",\"dateModified\":\"2016-06-13T13:39:24+02:00\"},{\"@type\":\"WebSite\",\"@id\":\"https:\\\/\\\/eldigitaldeasturias.com\\\/magazine365\\\/#website\",\"url\":\"https:\\\/\\\/eldigitaldeasturias.com\\\/magazine365\\\/\",\"name\":\"El Digital de Asturias\",\"description\":\"Revista de ocio, turismo y estilo de vida\",\"inLanguage\":\"es-ES\",\"publisher\":{\"@id\":\"https:\\\/\\\/eldigitaldeasturias.com\\\/magazine365\\\/#organization\"}}]}\n\t\t<\/script>\n\t\t<!-- All in One SEO Pro -->\r\n\t\t<title>Los sindicatos en Metro de Madrid inician hoy una serie de paros parciales | El Digital de Asturias<\/title>\n\n","aioseo_head_json":{"title":"Los sindicatos en Metro de Madrid inician hoy una serie de paros parciales | El Digital de Asturias","description":"Los sindicatos en Metro de Madrid convocan cinco jornadas de paros parciales a partir de este lunes en protesta por la actitud de la empresa en la negociaci\u00f3n del nuevo convenio colectivo, para los cuales hay uno servicios m\u00ednimos fijados entre el 51 y el 65 por ciento de los trenes que circulan habitualmente en","canonical_url":"https:\/\/eldigitaldeasturias.com\/magazine365\/los-sindicatos-en-metro-de-madrid-inician-hoy-una-serie-de-paros-parciales\/","robots":"max-image-preview:large","keywords":"noticias y actualidad","webmasterTools":{"google-site-verification":"UA-38556648-1","miscellaneous":""},"schema":{"@context":"https:\/\/schema.org","@graph":[{"@type":"Article","@id":"https:\/\/eldigitaldeasturias.com\/magazine365\/los-sindicatos-en-metro-de-madrid-inician-hoy-una-serie-de-paros-parciales\/#article","name":"Los sindicatos en Metro de Madrid inician hoy una serie de paros parciales | El Digital de Asturias","headline":"Los sindicatos en Metro de Madrid inician hoy una serie de paros parciales","author":{"@id":"https:\/\/eldigitaldeasturias.com\/magazine365\/author\/admin\/#author"},"publisher":{"@id":"https:\/\/eldigitaldeasturias.com\/magazine365\/#organization"},"image":{"@type":"ImageObject","url":"https:\/\/eldigitaldeasturias.com\/magazine365\/wp-content\/uploads\/2016\/06\/fotonoticia_20160613101500_800.jpg","width":800,"height":530},"datePublished":"2016-06-13T13:39:24+02:00","dateModified":"2016-06-13T13:39:24+02:00","inLanguage":"es-ES","mainEntityOfPage":{"@id":"https:\/\/eldigitaldeasturias.com\/magazine365\/los-sindicatos-en-metro-de-madrid-inician-hoy-una-serie-de-paros-parciales\/#webpage"},"isPartOf":{"@id":"https:\/\/eldigitaldeasturias.com\/magazine365\/los-sindicatos-en-metro-de-madrid-inician-hoy-una-serie-de-paros-parciales\/#webpage"},"articleSection":"Noticias y Actualidad"},{"@type":"BreadcrumbList","@id":"https:\/\/eldigitaldeasturias.com\/magazine365\/los-sindicatos-en-metro-de-madrid-inician-hoy-una-serie-de-paros-parciales\/#breadcrumblist","itemListElement":[{"@type":"ListItem","@id":"https:\/\/eldigitaldeasturias.com\/magazine365#listItem","position":1,"name":"Home","item":"https:\/\/eldigitaldeasturias.com\/magazine365","nextItem":{"@type":"ListItem","@id":"https:\/\/eldigitaldeasturias.com\/magazine365\/category\/noticias-actualidad\/#listItem","name":"Noticias y Actualidad"}},{"@type":"ListItem","@id":"https:\/\/eldigitaldeasturias.com\/magazine365\/category\/noticias-actualidad\/#listItem","position":2,"name":"Noticias y Actualidad","item":"https:\/\/eldigitaldeasturias.com\/magazine365\/category\/noticias-actualidad\/","nextItem":{"@type":"ListItem","@id":"https:\/\/eldigitaldeasturias.com\/magazine365\/los-sindicatos-en-metro-de-madrid-inician-hoy-una-serie-de-paros-parciales\/#listItem","name":"Los sindicatos en Metro de Madrid inician hoy una serie de paros parciales"},"previousItem":{"@type":"ListItem","@id":"https:\/\/eldigitaldeasturias.com\/magazine365#listItem","name":"Home"}},{"@type":"ListItem","@id":"https:\/\/eldigitaldeasturias.com\/magazine365\/los-sindicatos-en-metro-de-madrid-inician-hoy-una-serie-de-paros-parciales\/#listItem","position":3,"name":"Los sindicatos en Metro de Madrid inician hoy una serie de paros parciales","previousItem":{"@type":"ListItem","@id":"https:\/\/eldigitaldeasturias.com\/magazine365\/category\/noticias-actualidad\/#listItem","name":"Noticias y Actualidad"}}]},{"@type":"Organization","@id":"https:\/\/eldigitaldeasturias.com\/magazine365\/#organization","name":"El digital de Asturias","description":"Revista de ocio, turismo y estilo de vida","url":"https:\/\/eldigitaldeasturias.com\/magazine365\/","logo":{"@type":"ImageObject","url":"https:\/\/www.eldigitaldeasturias.com\/noticias\/wp-content\/uploads\/2020\/12\/EDA.jpg","@id":"https:\/\/eldigitaldeasturias.com\/magazine365\/los-sindicatos-en-metro-de-madrid-inician-hoy-una-serie-de-paros-parciales\/#organizationLogo"},"image":{"@id":"https:\/\/eldigitaldeasturias.com\/magazine365\/los-sindicatos-en-metro-de-madrid-inician-hoy-una-serie-de-paros-parciales\/#organizationLogo"}},{"@type":"Person","@id":"https:\/\/eldigitaldeasturias.com\/magazine365\/author\/admin\/#author","url":"https:\/\/eldigitaldeasturias.com\/magazine365\/author\/admin\/","name":"admin","image":{"@type":"ImageObject","@id":"https:\/\/eldigitaldeasturias.com\/magazine365\/los-sindicatos-en-metro-de-madrid-inician-hoy-una-serie-de-paros-parciales\/#authorImage","url":"https:\/\/eldigitaldeasturias.com\/magazine365\/wp-content\/litespeed\/avatar\/e571bcf59a0edd6fa6838245a470f2fe.jpg?ver=1776969259","width":96,"height":96,"caption":"admin"}},{"@type":"WebPage","@id":"https:\/\/eldigitaldeasturias.com\/magazine365\/los-sindicatos-en-metro-de-madrid-inician-hoy-una-serie-de-paros-parciales\/#webpage","url":"https:\/\/eldigitaldeasturias.com\/magazine365\/los-sindicatos-en-metro-de-madrid-inician-hoy-una-serie-de-paros-parciales\/","name":"Los sindicatos en Metro de Madrid inician hoy una serie de paros parciales | El Digital de Asturias","description":"Los sindicatos en Metro de Madrid convocan cinco jornadas de paros parciales a partir de este lunes en protesta por la actitud de la empresa en la negociaci\u00f3n del nuevo convenio colectivo, para los cuales hay uno servicios m\u00ednimos fijados entre el 51 y el 65 por ciento de los trenes que circulan habitualmente en","inLanguage":"es-ES","isPartOf":{"@id":"https:\/\/eldigitaldeasturias.com\/magazine365\/#website"},"breadcrumb":{"@id":"https:\/\/eldigitaldeasturias.com\/magazine365\/los-sindicatos-en-metro-de-madrid-inician-hoy-una-serie-de-paros-parciales\/#breadcrumblist"},"author":{"@id":"https:\/\/eldigitaldeasturias.com\/magazine365\/author\/admin\/#author"},"creator":{"@id":"https:\/\/eldigitaldeasturias.com\/magazine365\/author\/admin\/#author"},"image":{"@type":"ImageObject","url":"https:\/\/eldigitaldeasturias.com\/magazine365\/wp-content\/uploads\/2016\/06\/fotonoticia_20160613101500_800.jpg","@id":"https:\/\/eldigitaldeasturias.com\/magazine365\/los-sindicatos-en-metro-de-madrid-inician-hoy-una-serie-de-paros-parciales\/#mainImage","width":800,"height":530},"primaryImageOfPage":{"@id":"https:\/\/eldigitaldeasturias.com\/magazine365\/los-sindicatos-en-metro-de-madrid-inician-hoy-una-serie-de-paros-parciales\/#mainImage"},"datePublished":"2016-06-13T13:39:24+02:00","dateModified":"2016-06-13T13:39:24+02:00"},{"@type":"WebSite","@id":"https:\/\/eldigitaldeasturias.com\/magazine365\/#website","url":"https:\/\/eldigitaldeasturias.com\/magazine365\/","name":"El Digital de Asturias","description":"Revista de ocio, turismo y estilo de vida","inLanguage":"es-ES","publisher":{"@id":"https:\/\/eldigitaldeasturias.com\/magazine365\/#organization"}}]},"og:locale":"es_ES","og:site_name":"El Digital de Asturias \u2013 Revista de ocio, turismo y estilo de vida","og:type":"article","og:title":"Los sindicatos en Metro de Madrid inician hoy una serie de paros parciales | El Digital de Asturias","og:description":"Los sindicatos en Metro de Madrid convocan cinco jornadas de paros parciales a partir de este lunes en protesta por la actitud de la empresa en la negociaci\u00f3n del nuevo convenio colectivo, para los cuales hay uno servicios m\u00ednimos fijados entre el 51 y el 65 por ciento de los trenes que circulan habitualmente en","og:url":"https:\/\/eldigitaldeasturias.com\/magazine365\/los-sindicatos-en-metro-de-madrid-inician-hoy-una-serie-de-paros-parciales\/","og:image":"https:\/\/eldigitaldeasturias.com\/magazine365\/wp-content\/uploads\/2016\/06\/fotonoticia_20160613101500_800.jpg","og:image:secure_url":"https:\/\/eldigitaldeasturias.com\/magazine365\/wp-content\/uploads\/2016\/06\/fotonoticia_20160613101500_800.jpg","og:image:width":800,"og:image:height":530,"article:published_time":"2016-06-13T11:39:24+00:00","article:modified_time":"2016-06-13T11:39:24+00:00","twitter:card":"summary_large_image","twitter:title":"Los sindicatos en Metro de Madrid inician hoy una serie de paros parciales | El Digital de Asturias","twitter:description":"Los sindicatos en Metro de Madrid convocan cinco jornadas de paros parciales a partir de este lunes en protesta por la actitud de la empresa en la negociaci\u00f3n del nuevo convenio colectivo, para los cuales hay uno servicios m\u00ednimos fijados entre el 51 y el 65 por ciento de los trenes que circulan habitualmente en","twitter:image":"https:\/\/eldigitaldeasturias.com\/magazine365\/wp-content\/uploads\/2016\/06\/fotonoticia_20160613101500_800.jpg"},"aioseo_meta_data":{"post_id":"78873","title":null,"description":null,"keywords":null,"keyphrases":null,"primary_term":null,"canonical_url":null,"og_title":null,"og_description":null,"og_object_type":"default","og_image_type":"default","og_image_url":null,"og_image_width":null,"og_image_height":null,"og_image_custom_url":null,"og_image_custom_fields":null,"og_video":null,"og_custom_url":null,"og_article_section":null,"og_article_tags":null,"twitter_use_og":false,"twitter_card":"default","twitter_image_type":"default","twitter_image_url":null,"twitter_image_custom_url":null,"twitter_image_custom_fields":null,"twitter_title":null,"twitter_description":null,"schema":{"blockGraphs":[],"customGraphs":[],"default":{"data":{"Article":[],"Course":[],"Dataset":[],"FAQPage":[],"Movie":[],"Person":[],"Product":[],"ProductReview":[],"Car":[],"Recipe":[],"Service":[],"SoftwareApplication":[],"WebPage":[]},"graphName":"","isEnabled":true},"graphs":[],"defaultGraph":"","defaultPostTypeGraph":""},"schema_type":null,"schema_type_options":null,"pillar_content":false,"robots_default":true,"robots_noindex":false,"robots_noarchive":false,"robots_nosnippet":false,"robots_nofollow":false,"robots_noimageindex":false,"robots_noodp":false,"robots_notranslate":false,"robots_max_snippet":null,"robots_max_videopreview":null,"robots_max_imagepreview":"large","priority":null,"frequency":null,"location":null,"local_seo":null,"seo_analyzer_scan_date":"2025-09-27 17:45:34","breadcrumb_settings":null,"limit_modified_date":false,"open_ai":null,"ai":null,"created":"2021-03-08 17:55:28","updated":"2025-09-27 17:45:34"},"aioseo_breadcrumb":"<div class=\"aioseo-breadcrumbs\"><span class=\"aioseo-breadcrumb\">\n\t<a href=\"https:\/\/eldigitaldeasturias.com\/magazine365\" title=\"Home\">Home<\/a>\n<\/span><span class=\"aioseo-breadcrumb-separator\">\u2013<\/span><span class=\"aioseo-breadcrumb\">\n\t<a href=\"https:\/\/eldigitaldeasturias.com\/magazine365\/category\/noticias-actualidad\/\" title=\"Noticias y Actualidad\">Noticias y Actualidad<\/a>\n<\/span><span class=\"aioseo-breadcrumb-separator\">\u2013<\/span><span class=\"aioseo-breadcrumb\">\n\t<a href=\"https:\/\/eldigitaldeasturias.com\/magazine365\/los-sindicatos-en-metro-de-madrid-inician-hoy-una-serie-de-paros-parciales\/\" title=\"Los sindicatos en Metro de Madrid inician hoy una serie de paros parciales\">Los sindicatos en Metro de Madrid inician hoy una serie de paros parciales<\/a>\n<\/span><\/div>","aioseo_breadcrumb_json":[{"label":"Home","link":"https:\/\/eldigitaldeasturias.com\/magazine365"},{"label":"Noticias y Actualidad","link":"https:\/\/eldigitaldeasturias.com\/magazine365\/category\/noticias-actualidad\/"},{"label":"Los sindicatos en Metro de Madrid inician hoy una serie de paros parciales","link":"https:\/\/eldigitaldeasturias.com\/magazine365\/los-sindicatos-en-metro-de-madrid-inician-hoy-una-serie-de-paros-parciales\/"}],"_links":{"self":[{"href":"https:\/\/eldigitaldeasturias.com\/magazine365\/wp-json\/wp\/v2\/posts\/78873","targetHints":{"allow":["GET"]}}],"collection":[{"href":"https:\/\/eldigitaldeasturias.com\/magazine365\/wp-json\/wp\/v2\/posts"}],"about":[{"href":"https:\/\/eldigitaldeasturias.com\/magazine365\/wp-json\/wp\/v2\/types\/post"}],"author":[{"embeddable":true,"href":"https:\/\/eldigitaldeasturias.com\/magazine365\/wp-json\/wp\/v2\/users\/1"}],"replies":[{"embeddable":true,"href":"https:\/\/eldigitaldeasturias.com\/magazine365\/wp-json\/wp\/v2\/comments?post=78873"}],"version-history":[{"count":0,"href":"https:\/\/eldigitaldeasturias.com\/magazine365\/wp-json\/wp\/v2\/posts\/78873\/revisions"}],"wp:featuredmedia":[{"embeddable":true,"href":"https:\/\/eldigitaldeasturias.com\/magazine365\/wp-json\/wp\/v2\/media\/78874"}],"wp:attachment":[{"href":"https:\/\/eldigitaldeasturias.com\/magazine365\/wp-json\/wp\/v2\/media?parent=78873"}],"wp:term":[{"taxonomy":"category","embeddable":true,"href":"https:\/\/eldigitaldeasturias.com\/magazine365\/wp-json\/wp\/v2\/categories?post=78873"},{"taxonomy":"post_tag","embeddable":true,"href":"https:\/\/eldigitaldeasturias.com\/magazine365\/wp-json\/wp\/v2\/tags?post=78873"}],"curies":[{"name":"wp","href":"https:\/\/api.w.org\/{rel}","templated":true}]}}