{"id":78870,"date":"2016-06-13T13:38:21","date_gmt":"2016-06-13T11:38:21","guid":{"rendered":"http:\/\/eldigitaldeasturias.com\/magazine365\/?p=78870"},"modified":"2016-06-13T13:38:21","modified_gmt":"2016-06-13T11:38:21","slug":"los-usuarios-de-avion-crecen-en-abril-de-2016","status":"publish","type":"post","link":"https:\/\/eldigitaldeasturias.com\/magazine365\/los-usuarios-de-avion-crecen-en-abril-de-2016\/","title":{"rendered":"Los usuarios de avi\u00f3n crecen en abril de 2016"},"content":{"rendered":"<p><img fetchpriority=\"high\" decoding=\"async\" class=\"alignleft size-medium wp-image-78871\" src=\"https:\/\/eldigitaldeasturias.com\/magazine365\/wp-content\/uploads\/2016\/06\/fotonoticia_20160613093621_800-360x240.jpg\" alt=\"fotonoticia_20160613093621_800\" width=\"360\" height=\"240\" srcset=\"https:\/\/eldigitaldeasturias.com\/magazine365\/wp-content\/uploads\/2016\/06\/fotonoticia_20160613093621_800-360x240.jpg 360w, https:\/\/eldigitaldeasturias.com\/magazine365\/wp-content\/uploads\/2016\/06\/fotonoticia_20160613093621_800-650x433.jpg 650w, https:\/\/eldigitaldeasturias.com\/magazine365\/wp-content\/uploads\/2016\/06\/fotonoticia_20160613093621_800-768x512.jpg 768w, https:\/\/eldigitaldeasturias.com\/magazine365\/wp-content\/uploads\/2016\/06\/fotonoticia_20160613093621_800-150x100.jpg 150w, https:\/\/eldigitaldeasturias.com\/magazine365\/wp-content\/uploads\/2016\/06\/fotonoticia_20160613093621_800-450x300.jpg 450w, https:\/\/eldigitaldeasturias.com\/magazine365\/wp-content\/uploads\/2016\/06\/fotonoticia_20160613093621_800-101x66.jpg 101w, https:\/\/eldigitaldeasturias.com\/magazine365\/wp-content\/uploads\/2016\/06\/fotonoticia_20160613093621_800.jpg 800w\" sizes=\"(max-width: 360px) 100vw, 360px\" \/>El n\u00famero de viajeros que opt\u00f3 por viajar en avi\u00f3n para desplazarse por el interior del pa\u00eds aument\u00f3 un 4,1% en abril en relaci\u00f3n al mismo mes de 2015, mientras que los que eligieron los trenes AVE crecieron un 0,8%, seg\u00fan datos provisionales del Instituto Nacional de Estad\u00edstica (INE).<\/p>\n<p>En concreto, m\u00e1s de 2,7 millones de usuarios utilizaron el transporte a\u00e9reo en el cuarto mes del a\u00f1o, mientras que los que escogieron el tren de Larga Distancia para sus desplazamientos, fueron casi 2,6 millones. Dentro de este segmento, los viajeros que utilizaron el AVE superaron los 1,7 millones de usuarios.<\/p>\n<p>El transporte ferroviario fue utilizado por m\u00e1s de 51,4 millones de viajeros, un 6,8% m\u00e1s que en abril de 2015, de los cuales 46,3 millones corresponden a usuarios de Cercan\u00edas (+7,8%); 2,6 millones a Media Distancia (-0,6%), y los 2,6 millones restantes a Larga Distancia (-3,4%). El transporte mar\u00edtimo descendi\u00f3 un 6%.<\/p>\n<p>Por su parte, el transporte por autob\u00fas fue utilizado por 56,7 millones de viajeros en abril, cifra un 5,6% superior a la del mismo mes de 2015. Este crecimiento se explica por el repunte experimentado en autobuses de Cercan\u00edas (+9%), mientras que los de media y larga distancia se redujeron 1,1% y un 10%, respectivamente.<\/p>\n<p>En conjunto, m\u00e1s de 111,5 millones de viajeros utilizaron el transporte interurbano en abril, lo que supone un incremento del 6% respecto al mismo mes de 2015.<\/p>\n<p>El n\u00famero de viajeros que utilizaron el transporte p\u00fablico en marzo fue de 410,2 millones, un 6,8% m\u00e1s que en el mismo mes del a\u00f1o pasado. El transporte urbano subi\u00f3 un 6%, al igual que el interurbano, con un incremento de los usuarios del metro del 7,4%.<\/p>\n<p>M\u00e1s de 49,2 millones de usuarios utilizaron el transporte especial y discrecional en abril, un incremento del 12,4% en tasa anual. El n\u00famero de pasajeros del transporte especial repunta un 14,1%, hasta 33,1 millones de usuarios. Dentro de \u00e9ste el escolar aumenta un 18,1% y el laboral un 1,9%.<\/p>\n","protected":false},"excerpt":{"rendered":"<p>El n\u00famero de viajeros que opt\u00f3 por viajar en avi\u00f3n para desplazarse por el interior del pa\u00eds aument\u00f3 un 4,1% en abril en relaci\u00f3n al mismo mes de 2015, mientras que los que eligieron los trenes AVE crecieron un 0,8%, seg\u00fan datos provisionales del Instituto Nacional de Estad\u00edstica (INE). En concreto, m\u00e1s de 2,7 millones<\/p>\n","protected":false},"author":1,"featured_media":78871,"comment_status":"open","ping_status":"closed","sticky":false,"template":"","format":"standard","meta":{"footnotes":""},"categories":[224],"tags":[],"class_list":{"0":"post-78870","1":"post","2":"type-post","3":"status-publish","4":"format-standard","5":"has-post-thumbnail","7":"category-noticias-actualidad"},"aioseo_notices":[],"aioseo_head":"\n\t\t<!-- All in One SEO Pro 4.9.6.1 - aioseo.com -->\n\t<meta name=\"description\" content=\"El n\u00famero de viajeros que opt\u00f3 por viajar en avi\u00f3n para desplazarse por el interior del pa\u00eds aument\u00f3 un 4,1% en abril en relaci\u00f3n al mismo mes de 2015, mientras que los que eligieron los trenes AVE crecieron un 0,8%, seg\u00fan datos provisionales del Instituto Nacional de Estad\u00edstica (INE). En concreto, m\u00e1s de 2,7 millones\" \/>\n\t<meta name=\"robots\" content=\"max-image-preview:large\" \/>\n\t<meta name=\"author\" content=\"admin\"\/>\n\t<meta name=\"google-site-verification\" content=\"UA-38556648-1\" \/>\n\t<meta name=\"keywords\" content=\"noticias y actualidad\" \/>\n\t<link rel=\"canonical\" href=\"https:\/\/eldigitaldeasturias.com\/magazine365\/los-usuarios-de-avion-crecen-en-abril-de-2016\/\" \/>\n\t<meta name=\"generator\" content=\"All in One SEO Pro (AIOSEO) 4.9.6.1\" \/>\n\t\t<meta property=\"og:locale\" content=\"es_ES\" \/>\n\t\t<meta property=\"og:site_name\" content=\"El Digital de Asturias \u2013 Revista de ocio, turismo y estilo de vida\" \/>\n\t\t<meta property=\"og:type\" content=\"article\" \/>\n\t\t<meta property=\"og:title\" content=\"Los usuarios de avi\u00f3n crecen en abril de 2016 | El Digital de Asturias\" \/>\n\t\t<meta property=\"og:description\" content=\"El n\u00famero de viajeros que opt\u00f3 por viajar en avi\u00f3n para desplazarse por el interior del pa\u00eds aument\u00f3 un 4,1% en abril en relaci\u00f3n al mismo mes de 2015, mientras que los que eligieron los trenes AVE crecieron un 0,8%, seg\u00fan datos provisionales del Instituto Nacional de Estad\u00edstica (INE). En concreto, m\u00e1s de 2,7 millones\" \/>\n\t\t<meta property=\"og:url\" content=\"https:\/\/eldigitaldeasturias.com\/magazine365\/los-usuarios-de-avion-crecen-en-abril-de-2016\/\" \/>\n\t\t<meta property=\"og:image\" content=\"https:\/\/eldigitaldeasturias.com\/magazine365\/wp-content\/uploads\/2016\/06\/fotonoticia_20160613093621_800.jpg\" \/>\n\t\t<meta property=\"og:image:secure_url\" content=\"https:\/\/eldigitaldeasturias.com\/magazine365\/wp-content\/uploads\/2016\/06\/fotonoticia_20160613093621_800.jpg\" \/>\n\t\t<meta property=\"og:image:width\" content=\"800\" \/>\n\t\t<meta property=\"og:image:height\" content=\"533\" \/>\n\t\t<meta property=\"article:published_time\" content=\"2016-06-13T11:38:21+00:00\" \/>\n\t\t<meta property=\"article:modified_time\" content=\"2016-06-13T11:38:21+00:00\" \/>\n\t\t<meta name=\"twitter:card\" content=\"summary_large_image\" \/>\n\t\t<meta name=\"twitter:title\" content=\"Los usuarios de avi\u00f3n crecen en abril de 2016 | El Digital de Asturias\" \/>\n\t\t<meta name=\"twitter:description\" content=\"El n\u00famero de viajeros que opt\u00f3 por viajar en avi\u00f3n para desplazarse por el interior del pa\u00eds aument\u00f3 un 4,1% en abril en relaci\u00f3n al mismo mes de 2015, mientras que los que eligieron los trenes AVE crecieron un 0,8%, seg\u00fan datos provisionales del Instituto Nacional de Estad\u00edstica (INE). En concreto, m\u00e1s de 2,7 millones\" \/>\n\t\t<meta name=\"twitter:image\" content=\"https:\/\/eldigitaldeasturias.com\/magazine365\/wp-content\/uploads\/2016\/06\/fotonoticia_20160613093621_800.jpg\" \/>\n\t\t<script type=\"application\/ld+json\" class=\"aioseo-schema\">\n\t\t\t{\"@context\":\"https:\\\/\\\/schema.org\",\"@graph\":[{\"@type\":\"Article\",\"@id\":\"https:\\\/\\\/eldigitaldeasturias.com\\\/magazine365\\\/los-usuarios-de-avion-crecen-en-abril-de-2016\\\/#article\",\"name\":\"Los usuarios de avi\\u00f3n crecen en abril de 2016 | El Digital de Asturias\",\"headline\":\"Los usuarios de avi\\u00f3n crecen en abril de 2016\",\"author\":{\"@id\":\"https:\\\/\\\/eldigitaldeasturias.com\\\/magazine365\\\/author\\\/admin\\\/#author\"},\"publisher\":{\"@id\":\"https:\\\/\\\/eldigitaldeasturias.com\\\/magazine365\\\/#organization\"},\"image\":{\"@type\":\"ImageObject\",\"url\":\"https:\\\/\\\/eldigitaldeasturias.com\\\/magazine365\\\/wp-content\\\/uploads\\\/2016\\\/06\\\/fotonoticia_20160613093621_800.jpg\",\"width\":800,\"height\":533},\"datePublished\":\"2016-06-13T13:38:21+02:00\",\"dateModified\":\"2016-06-13T13:38:21+02:00\",\"inLanguage\":\"es-ES\",\"mainEntityOfPage\":{\"@id\":\"https:\\\/\\\/eldigitaldeasturias.com\\\/magazine365\\\/los-usuarios-de-avion-crecen-en-abril-de-2016\\\/#webpage\"},\"isPartOf\":{\"@id\":\"https:\\\/\\\/eldigitaldeasturias.com\\\/magazine365\\\/los-usuarios-de-avion-crecen-en-abril-de-2016\\\/#webpage\"},\"articleSection\":\"Noticias y Actualidad\"},{\"@type\":\"BreadcrumbList\",\"@id\":\"https:\\\/\\\/eldigitaldeasturias.com\\\/magazine365\\\/los-usuarios-de-avion-crecen-en-abril-de-2016\\\/#breadcrumblist\",\"itemListElement\":[{\"@type\":\"ListItem\",\"@id\":\"https:\\\/\\\/eldigitaldeasturias.com\\\/magazine365#listItem\",\"position\":1,\"name\":\"Home\",\"item\":\"https:\\\/\\\/eldigitaldeasturias.com\\\/magazine365\",\"nextItem\":{\"@type\":\"ListItem\",\"@id\":\"https:\\\/\\\/eldigitaldeasturias.com\\\/magazine365\\\/category\\\/noticias-actualidad\\\/#listItem\",\"name\":\"Noticias y Actualidad\"}},{\"@type\":\"ListItem\",\"@id\":\"https:\\\/\\\/eldigitaldeasturias.com\\\/magazine365\\\/category\\\/noticias-actualidad\\\/#listItem\",\"position\":2,\"name\":\"Noticias y Actualidad\",\"item\":\"https:\\\/\\\/eldigitaldeasturias.com\\\/magazine365\\\/category\\\/noticias-actualidad\\\/\",\"nextItem\":{\"@type\":\"ListItem\",\"@id\":\"https:\\\/\\\/eldigitaldeasturias.com\\\/magazine365\\\/los-usuarios-de-avion-crecen-en-abril-de-2016\\\/#listItem\",\"name\":\"Los usuarios de avi\\u00f3n crecen en abril de 2016\"},\"previousItem\":{\"@type\":\"ListItem\",\"@id\":\"https:\\\/\\\/eldigitaldeasturias.com\\\/magazine365#listItem\",\"name\":\"Home\"}},{\"@type\":\"ListItem\",\"@id\":\"https:\\\/\\\/eldigitaldeasturias.com\\\/magazine365\\\/los-usuarios-de-avion-crecen-en-abril-de-2016\\\/#listItem\",\"position\":3,\"name\":\"Los usuarios de avi\\u00f3n crecen en abril de 2016\",\"previousItem\":{\"@type\":\"ListItem\",\"@id\":\"https:\\\/\\\/eldigitaldeasturias.com\\\/magazine365\\\/category\\\/noticias-actualidad\\\/#listItem\",\"name\":\"Noticias y Actualidad\"}}]},{\"@type\":\"Organization\",\"@id\":\"https:\\\/\\\/eldigitaldeasturias.com\\\/magazine365\\\/#organization\",\"name\":\"El digital de Asturias\",\"description\":\"Revista de ocio, turismo y estilo de vida\",\"url\":\"https:\\\/\\\/eldigitaldeasturias.com\\\/magazine365\\\/\",\"logo\":{\"@type\":\"ImageObject\",\"url\":\"https:\\\/\\\/www.eldigitaldeasturias.com\\\/noticias\\\/wp-content\\\/uploads\\\/2020\\\/12\\\/EDA.jpg\",\"@id\":\"https:\\\/\\\/eldigitaldeasturias.com\\\/magazine365\\\/los-usuarios-de-avion-crecen-en-abril-de-2016\\\/#organizationLogo\"},\"image\":{\"@id\":\"https:\\\/\\\/eldigitaldeasturias.com\\\/magazine365\\\/los-usuarios-de-avion-crecen-en-abril-de-2016\\\/#organizationLogo\"}},{\"@type\":\"Person\",\"@id\":\"https:\\\/\\\/eldigitaldeasturias.com\\\/magazine365\\\/author\\\/admin\\\/#author\",\"url\":\"https:\\\/\\\/eldigitaldeasturias.com\\\/magazine365\\\/author\\\/admin\\\/\",\"name\":\"admin\",\"image\":{\"@type\":\"ImageObject\",\"@id\":\"https:\\\/\\\/eldigitaldeasturias.com\\\/magazine365\\\/los-usuarios-de-avion-crecen-en-abril-de-2016\\\/#authorImage\",\"url\":\"https:\\\/\\\/eldigitaldeasturias.com\\\/magazine365\\\/wp-content\\\/litespeed\\\/avatar\\\/e571bcf59a0edd6fa6838245a470f2fe.jpg?ver=1776969259\",\"width\":96,\"height\":96,\"caption\":\"admin\"}},{\"@type\":\"WebPage\",\"@id\":\"https:\\\/\\\/eldigitaldeasturias.com\\\/magazine365\\\/los-usuarios-de-avion-crecen-en-abril-de-2016\\\/#webpage\",\"url\":\"https:\\\/\\\/eldigitaldeasturias.com\\\/magazine365\\\/los-usuarios-de-avion-crecen-en-abril-de-2016\\\/\",\"name\":\"Los usuarios de avi\\u00f3n crecen en abril de 2016 | El Digital de Asturias\",\"description\":\"El n\\u00famero de viajeros que opt\\u00f3 por viajar en avi\\u00f3n para desplazarse por el interior del pa\\u00eds aument\\u00f3 un 4,1% en abril en relaci\\u00f3n al mismo mes de 2015, mientras que los que eligieron los trenes AVE crecieron un 0,8%, seg\\u00fan datos provisionales del Instituto Nacional de Estad\\u00edstica (INE). En concreto, m\\u00e1s de 2,7 millones\",\"inLanguage\":\"es-ES\",\"isPartOf\":{\"@id\":\"https:\\\/\\\/eldigitaldeasturias.com\\\/magazine365\\\/#website\"},\"breadcrumb\":{\"@id\":\"https:\\\/\\\/eldigitaldeasturias.com\\\/magazine365\\\/los-usuarios-de-avion-crecen-en-abril-de-2016\\\/#breadcrumblist\"},\"author\":{\"@id\":\"https:\\\/\\\/eldigitaldeasturias.com\\\/magazine365\\\/author\\\/admin\\\/#author\"},\"creator\":{\"@id\":\"https:\\\/\\\/eldigitaldeasturias.com\\\/magazine365\\\/author\\\/admin\\\/#author\"},\"image\":{\"@type\":\"ImageObject\",\"url\":\"https:\\\/\\\/eldigitaldeasturias.com\\\/magazine365\\\/wp-content\\\/uploads\\\/2016\\\/06\\\/fotonoticia_20160613093621_800.jpg\",\"@id\":\"https:\\\/\\\/eldigitaldeasturias.com\\\/magazine365\\\/los-usuarios-de-avion-crecen-en-abril-de-2016\\\/#mainImage\",\"width\":800,\"height\":533},\"primaryImageOfPage\":{\"@id\":\"https:\\\/\\\/eldigitaldeasturias.com\\\/magazine365\\\/los-usuarios-de-avion-crecen-en-abril-de-2016\\\/#mainImage\"},\"datePublished\":\"2016-06-13T13:38:21+02:00\",\"dateModified\":\"2016-06-13T13:38:21+02:00\"},{\"@type\":\"WebSite\",\"@id\":\"https:\\\/\\\/eldigitaldeasturias.com\\\/magazine365\\\/#website\",\"url\":\"https:\\\/\\\/eldigitaldeasturias.com\\\/magazine365\\\/\",\"name\":\"El Digital de Asturias\",\"description\":\"Revista de ocio, turismo y estilo de vida\",\"inLanguage\":\"es-ES\",\"publisher\":{\"@id\":\"https:\\\/\\\/eldigitaldeasturias.com\\\/magazine365\\\/#organization\"}}]}\n\t\t<\/script>\n\t\t<!-- All in One SEO Pro -->\r\n\t\t<title>Los usuarios de avi\u00f3n crecen en abril de 2016 | El Digital de Asturias<\/title>\n\n","aioseo_head_json":{"title":"Los usuarios de avi\u00f3n crecen en abril de 2016 | El Digital de Asturias","description":"El n\u00famero de viajeros que opt\u00f3 por viajar en avi\u00f3n para desplazarse por el interior del pa\u00eds aument\u00f3 un 4,1% en abril en relaci\u00f3n al mismo mes de 2015, mientras que los que eligieron los trenes AVE crecieron un 0,8%, seg\u00fan datos provisionales del Instituto Nacional de Estad\u00edstica (INE). En concreto, m\u00e1s de 2,7 millones","canonical_url":"https:\/\/eldigitaldeasturias.com\/magazine365\/los-usuarios-de-avion-crecen-en-abril-de-2016\/","robots":"max-image-preview:large","keywords":"noticias y actualidad","webmasterTools":{"google-site-verification":"UA-38556648-1","miscellaneous":""},"schema":{"@context":"https:\/\/schema.org","@graph":[{"@type":"Article","@id":"https:\/\/eldigitaldeasturias.com\/magazine365\/los-usuarios-de-avion-crecen-en-abril-de-2016\/#article","name":"Los usuarios de avi\u00f3n crecen en abril de 2016 | El Digital de Asturias","headline":"Los usuarios de avi\u00f3n crecen en abril de 2016","author":{"@id":"https:\/\/eldigitaldeasturias.com\/magazine365\/author\/admin\/#author"},"publisher":{"@id":"https:\/\/eldigitaldeasturias.com\/magazine365\/#organization"},"image":{"@type":"ImageObject","url":"https:\/\/eldigitaldeasturias.com\/magazine365\/wp-content\/uploads\/2016\/06\/fotonoticia_20160613093621_800.jpg","width":800,"height":533},"datePublished":"2016-06-13T13:38:21+02:00","dateModified":"2016-06-13T13:38:21+02:00","inLanguage":"es-ES","mainEntityOfPage":{"@id":"https:\/\/eldigitaldeasturias.com\/magazine365\/los-usuarios-de-avion-crecen-en-abril-de-2016\/#webpage"},"isPartOf":{"@id":"https:\/\/eldigitaldeasturias.com\/magazine365\/los-usuarios-de-avion-crecen-en-abril-de-2016\/#webpage"},"articleSection":"Noticias y Actualidad"},{"@type":"BreadcrumbList","@id":"https:\/\/eldigitaldeasturias.com\/magazine365\/los-usuarios-de-avion-crecen-en-abril-de-2016\/#breadcrumblist","itemListElement":[{"@type":"ListItem","@id":"https:\/\/eldigitaldeasturias.com\/magazine365#listItem","position":1,"name":"Home","item":"https:\/\/eldigitaldeasturias.com\/magazine365","nextItem":{"@type":"ListItem","@id":"https:\/\/eldigitaldeasturias.com\/magazine365\/category\/noticias-actualidad\/#listItem","name":"Noticias y Actualidad"}},{"@type":"ListItem","@id":"https:\/\/eldigitaldeasturias.com\/magazine365\/category\/noticias-actualidad\/#listItem","position":2,"name":"Noticias y Actualidad","item":"https:\/\/eldigitaldeasturias.com\/magazine365\/category\/noticias-actualidad\/","nextItem":{"@type":"ListItem","@id":"https:\/\/eldigitaldeasturias.com\/magazine365\/los-usuarios-de-avion-crecen-en-abril-de-2016\/#listItem","name":"Los usuarios de avi\u00f3n crecen en abril de 2016"},"previousItem":{"@type":"ListItem","@id":"https:\/\/eldigitaldeasturias.com\/magazine365#listItem","name":"Home"}},{"@type":"ListItem","@id":"https:\/\/eldigitaldeasturias.com\/magazine365\/los-usuarios-de-avion-crecen-en-abril-de-2016\/#listItem","position":3,"name":"Los usuarios de avi\u00f3n crecen en abril de 2016","previousItem":{"@type":"ListItem","@id":"https:\/\/eldigitaldeasturias.com\/magazine365\/category\/noticias-actualidad\/#listItem","name":"Noticias y Actualidad"}}]},{"@type":"Organization","@id":"https:\/\/eldigitaldeasturias.com\/magazine365\/#organization","name":"El digital de Asturias","description":"Revista de ocio, turismo y estilo de vida","url":"https:\/\/eldigitaldeasturias.com\/magazine365\/","logo":{"@type":"ImageObject","url":"https:\/\/www.eldigitaldeasturias.com\/noticias\/wp-content\/uploads\/2020\/12\/EDA.jpg","@id":"https:\/\/eldigitaldeasturias.com\/magazine365\/los-usuarios-de-avion-crecen-en-abril-de-2016\/#organizationLogo"},"image":{"@id":"https:\/\/eldigitaldeasturias.com\/magazine365\/los-usuarios-de-avion-crecen-en-abril-de-2016\/#organizationLogo"}},{"@type":"Person","@id":"https:\/\/eldigitaldeasturias.com\/magazine365\/author\/admin\/#author","url":"https:\/\/eldigitaldeasturias.com\/magazine365\/author\/admin\/","name":"admin","image":{"@type":"ImageObject","@id":"https:\/\/eldigitaldeasturias.com\/magazine365\/los-usuarios-de-avion-crecen-en-abril-de-2016\/#authorImage","url":"https:\/\/eldigitaldeasturias.com\/magazine365\/wp-content\/litespeed\/avatar\/e571bcf59a0edd6fa6838245a470f2fe.jpg?ver=1776969259","width":96,"height":96,"caption":"admin"}},{"@type":"WebPage","@id":"https:\/\/eldigitaldeasturias.com\/magazine365\/los-usuarios-de-avion-crecen-en-abril-de-2016\/#webpage","url":"https:\/\/eldigitaldeasturias.com\/magazine365\/los-usuarios-de-avion-crecen-en-abril-de-2016\/","name":"Los usuarios de avi\u00f3n crecen en abril de 2016 | El Digital de Asturias","description":"El n\u00famero de viajeros que opt\u00f3 por viajar en avi\u00f3n para desplazarse por el interior del pa\u00eds aument\u00f3 un 4,1% en abril en relaci\u00f3n al mismo mes de 2015, mientras que los que eligieron los trenes AVE crecieron un 0,8%, seg\u00fan datos provisionales del Instituto Nacional de Estad\u00edstica (INE). En concreto, m\u00e1s de 2,7 millones","inLanguage":"es-ES","isPartOf":{"@id":"https:\/\/eldigitaldeasturias.com\/magazine365\/#website"},"breadcrumb":{"@id":"https:\/\/eldigitaldeasturias.com\/magazine365\/los-usuarios-de-avion-crecen-en-abril-de-2016\/#breadcrumblist"},"author":{"@id":"https:\/\/eldigitaldeasturias.com\/magazine365\/author\/admin\/#author"},"creator":{"@id":"https:\/\/eldigitaldeasturias.com\/magazine365\/author\/admin\/#author"},"image":{"@type":"ImageObject","url":"https:\/\/eldigitaldeasturias.com\/magazine365\/wp-content\/uploads\/2016\/06\/fotonoticia_20160613093621_800.jpg","@id":"https:\/\/eldigitaldeasturias.com\/magazine365\/los-usuarios-de-avion-crecen-en-abril-de-2016\/#mainImage","width":800,"height":533},"primaryImageOfPage":{"@id":"https:\/\/eldigitaldeasturias.com\/magazine365\/los-usuarios-de-avion-crecen-en-abril-de-2016\/#mainImage"},"datePublished":"2016-06-13T13:38:21+02:00","dateModified":"2016-06-13T13:38:21+02:00"},{"@type":"WebSite","@id":"https:\/\/eldigitaldeasturias.com\/magazine365\/#website","url":"https:\/\/eldigitaldeasturias.com\/magazine365\/","name":"El Digital de Asturias","description":"Revista de ocio, turismo y estilo de vida","inLanguage":"es-ES","publisher":{"@id":"https:\/\/eldigitaldeasturias.com\/magazine365\/#organization"}}]},"og:locale":"es_ES","og:site_name":"El Digital de Asturias \u2013 Revista de ocio, turismo y estilo de vida","og:type":"article","og:title":"Los usuarios de avi\u00f3n crecen en abril de 2016 | El Digital de Asturias","og:description":"El n\u00famero de viajeros que opt\u00f3 por viajar en avi\u00f3n para desplazarse por el interior del pa\u00eds aument\u00f3 un 4,1% en abril en relaci\u00f3n al mismo mes de 2015, mientras que los que eligieron los trenes AVE crecieron un 0,8%, seg\u00fan datos provisionales del Instituto Nacional de Estad\u00edstica (INE). En concreto, m\u00e1s de 2,7 millones","og:url":"https:\/\/eldigitaldeasturias.com\/magazine365\/los-usuarios-de-avion-crecen-en-abril-de-2016\/","og:image":"https:\/\/eldigitaldeasturias.com\/magazine365\/wp-content\/uploads\/2016\/06\/fotonoticia_20160613093621_800.jpg","og:image:secure_url":"https:\/\/eldigitaldeasturias.com\/magazine365\/wp-content\/uploads\/2016\/06\/fotonoticia_20160613093621_800.jpg","og:image:width":800,"og:image:height":533,"article:published_time":"2016-06-13T11:38:21+00:00","article:modified_time":"2016-06-13T11:38:21+00:00","twitter:card":"summary_large_image","twitter:title":"Los usuarios de avi\u00f3n crecen en abril de 2016 | El Digital de Asturias","twitter:description":"El n\u00famero de viajeros que opt\u00f3 por viajar en avi\u00f3n para desplazarse por el interior del pa\u00eds aument\u00f3 un 4,1% en abril en relaci\u00f3n al mismo mes de 2015, mientras que los que eligieron los trenes AVE crecieron un 0,8%, seg\u00fan datos provisionales del Instituto Nacional de Estad\u00edstica (INE). En concreto, m\u00e1s de 2,7 millones","twitter:image":"https:\/\/eldigitaldeasturias.com\/magazine365\/wp-content\/uploads\/2016\/06\/fotonoticia_20160613093621_800.jpg"},"aioseo_meta_data":{"post_id":"78870","title":null,"description":null,"keywords":null,"keyphrases":null,"primary_term":null,"canonical_url":null,"og_title":null,"og_description":null,"og_object_type":"default","og_image_type":"default","og_image_url":null,"og_image_width":null,"og_image_height":null,"og_image_custom_url":null,"og_image_custom_fields":null,"og_video":null,"og_custom_url":null,"og_article_section":null,"og_article_tags":null,"twitter_use_og":false,"twitter_card":"default","twitter_image_type":"default","twitter_image_url":null,"twitter_image_custom_url":null,"twitter_image_custom_fields":null,"twitter_title":null,"twitter_description":null,"schema":{"blockGraphs":[],"customGraphs":[],"default":{"data":{"Article":[],"Course":[],"Dataset":[],"FAQPage":[],"Movie":[],"Person":[],"Product":[],"ProductReview":[],"Car":[],"Recipe":[],"Service":[],"SoftwareApplication":[],"WebPage":[]},"graphName":"","isEnabled":true},"graphs":[],"defaultGraph":"","defaultPostTypeGraph":""},"schema_type":null,"schema_type_options":null,"pillar_content":false,"robots_default":true,"robots_noindex":false,"robots_noarchive":false,"robots_nosnippet":false,"robots_nofollow":false,"robots_noimageindex":false,"robots_noodp":false,"robots_notranslate":false,"robots_max_snippet":null,"robots_max_videopreview":null,"robots_max_imagepreview":"large","priority":null,"frequency":null,"location":null,"local_seo":null,"seo_analyzer_scan_date":"2025-09-27 17:45:33","breadcrumb_settings":null,"limit_modified_date":false,"open_ai":null,"ai":null,"created":"2021-03-08 17:55:28","updated":"2025-09-27 17:45:33"},"aioseo_breadcrumb":"<div class=\"aioseo-breadcrumbs\"><span class=\"aioseo-breadcrumb\">\n\t<a href=\"https:\/\/eldigitaldeasturias.com\/magazine365\" title=\"Home\">Home<\/a>\n<\/span><span class=\"aioseo-breadcrumb-separator\">\u2013<\/span><span class=\"aioseo-breadcrumb\">\n\t<a href=\"https:\/\/eldigitaldeasturias.com\/magazine365\/category\/noticias-actualidad\/\" title=\"Noticias y Actualidad\">Noticias y Actualidad<\/a>\n<\/span><span class=\"aioseo-breadcrumb-separator\">\u2013<\/span><span class=\"aioseo-breadcrumb\">\n\t<a href=\"https:\/\/eldigitaldeasturias.com\/magazine365\/los-usuarios-de-avion-crecen-en-abril-de-2016\/\" title=\"Los usuarios de avi\u00f3n crecen en abril de 2016\">Los usuarios de avi\u00f3n crecen en abril de 2016<\/a>\n<\/span><\/div>","aioseo_breadcrumb_json":[{"label":"Home","link":"https:\/\/eldigitaldeasturias.com\/magazine365"},{"label":"Noticias y Actualidad","link":"https:\/\/eldigitaldeasturias.com\/magazine365\/category\/noticias-actualidad\/"},{"label":"Los usuarios de avi\u00f3n crecen en abril de 2016","link":"https:\/\/eldigitaldeasturias.com\/magazine365\/los-usuarios-de-avion-crecen-en-abril-de-2016\/"}],"_links":{"self":[{"href":"https:\/\/eldigitaldeasturias.com\/magazine365\/wp-json\/wp\/v2\/posts\/78870","targetHints":{"allow":["GET"]}}],"collection":[{"href":"https:\/\/eldigitaldeasturias.com\/magazine365\/wp-json\/wp\/v2\/posts"}],"about":[{"href":"https:\/\/eldigitaldeasturias.com\/magazine365\/wp-json\/wp\/v2\/types\/post"}],"author":[{"embeddable":true,"href":"https:\/\/eldigitaldeasturias.com\/magazine365\/wp-json\/wp\/v2\/users\/1"}],"replies":[{"embeddable":true,"href":"https:\/\/eldigitaldeasturias.com\/magazine365\/wp-json\/wp\/v2\/comments?post=78870"}],"version-history":[{"count":0,"href":"https:\/\/eldigitaldeasturias.com\/magazine365\/wp-json\/wp\/v2\/posts\/78870\/revisions"}],"wp:featuredmedia":[{"embeddable":true,"href":"https:\/\/eldigitaldeasturias.com\/magazine365\/wp-json\/wp\/v2\/media\/78871"}],"wp:attachment":[{"href":"https:\/\/eldigitaldeasturias.com\/magazine365\/wp-json\/wp\/v2\/media?parent=78870"}],"wp:term":[{"taxonomy":"category","embeddable":true,"href":"https:\/\/eldigitaldeasturias.com\/magazine365\/wp-json\/wp\/v2\/categories?post=78870"},{"taxonomy":"post_tag","embeddable":true,"href":"https:\/\/eldigitaldeasturias.com\/magazine365\/wp-json\/wp\/v2\/tags?post=78870"}],"curies":[{"name":"wp","href":"https:\/\/api.w.org\/{rel}","templated":true}]}}